{"id":65812,"date":"2022-12-28T19:01:25","date_gmt":"2022-12-28T17:01:25","guid":{"rendered":"https:\/\/blog.cofb.cat\/?p=65812"},"modified":"2023-10-09T10:49:13","modified_gmt":"2023-10-09T10:49:13","slug":"la-visibilitzacio-de-lendometriosi-arriba-a-les-tertulies-dactualitat-del-cofb","status":"publish","type":"post","link":"https:\/\/www.cofb.org\/ca\/2022\/12\/28\/la-visibilitzacio-de-lendometriosi-arriba-a-les-tertulies-dactualitat-del-cofb\/","title":{"rendered":"La visibilitzaci\u00f3 de l&#8217;endometriosi arriba a les tert\u00falies d&#8217;actualitat del COFB"},"content":{"rendered":"\n<p>El passat 14 de desembre, el <strong>Col\u00b7legi de Farmac\u00e8utics de Barcelona (COFB)<\/strong> va organitzar la tert\u00falia d\u2019actualitat <strong>\u201cEndometriosi: ajudem a visibilitzar una malaltia silenciosa\u201d<\/strong>, a c\u00e0rrec del Cap del Servei de Ginecologia de l&#8217;Hospital Cl\u00ednic de Barcelona, <strong>Francisco Carmona<\/strong>, i de la metgessa especialista en Cirurgia General, Cirurgia Ortop\u00e8dica i Traumatologia, promotora i coordinadora del Projecte PAME (Projecte d&#8217;Atenci\u00f3 Multidisciplinar de l&#8217;Endometriosi), <strong>Consuelo Garc\u00eda Blanque. <\/strong>Una activitat que va moderar la secret\u00e0ria de la Junta de Govern del COFB i responsable de la Comissi\u00f3 Delegada de Formaci\u00f3, <strong>Aina Surroca.<\/strong><\/p>\n\n\n\n<figure class=\"wp-block-image size-full\"><a href=\"https:\/\/www.cofb.org\/wp-content\/uploads\/2023\/10\/COFB_ENDOMETRIOSI_14122022_4-1-1024x512-1.jpg\" target=\"_blank\" rel=\"noopener\"><img fetchpriority=\"high\" decoding=\"async\" width=\"1024\" height=\"512\" src=\"https:\/\/www.cofb.org\/wp-content\/uploads\/2023\/10\/COFB_ENDOMETRIOSI_14122022_4-1-1024x512-1.jpg\" alt=\"\" class=\"wp-image-68973\" title=\"El Cap del Servei de Ginecologia de l'Hospital Cl\u00ednic, Francisco Carmona, durant la seva presentaci\u00f3. \" srcset=\"https:\/\/www.cofb.org\/wp-content\/uploads\/2023\/10\/COFB_ENDOMETRIOSI_14122022_4-1-1024x512-1.jpg 1024w, https:\/\/www.cofb.org\/wp-content\/uploads\/2023\/10\/COFB_ENDOMETRIOSI_14122022_4-1-1024x512-1-300x150.jpg 300w, https:\/\/www.cofb.org\/wp-content\/uploads\/2023\/10\/COFB_ENDOMETRIOSI_14122022_4-1-1024x512-1-768x384.jpg 768w, https:\/\/www.cofb.org\/wp-content\/uploads\/2023\/10\/COFB_ENDOMETRIOSI_14122022_4-1-1024x512-1-18x9.jpg 18w\" sizes=\"(max-width: 1024px) 100vw, 1024px\" \/><\/a><figcaption class=\"wp-element-caption\">Els dos ponents i la moderadora en un moment de la tert\u00falia d&#8217;actualitat sobre l&#8217;endometriosi.<\/figcaption><\/figure>\n\n\n\n<p>Tal com va indicar en la seva introducci\u00f3 la secret\u00e0ria del COFB, els <strong>objectius <\/strong>de la tert\u00falia van ser <strong>donar a con\u00e8ixer l\u2019endometriosi<\/strong> i explicar als farmac\u00e8utics i farmac\u00e8utiques <strong>com poden ajudar a visibilitzar i informar sobre aquesta malaltia<\/strong>, tan estesa com desconeguda.<\/p>\n\n\n\n<h2 class=\"wp-block-heading\"><strong>L&#8217;endometriosi: qu\u00e8 \u00e9s i quina \u00e9s la seva simptomatologia<\/strong><\/h2>\n\n\n\n<p>En la seva intervenci\u00f3, el doctor <strong>Francisco Carmona<\/strong> va definir <strong>qu\u00e8 \u00e9s l\u2019endometriosi<\/strong>: \u201c<strong>una malaltia cr\u00f2nica, estrogen depenent, en la qual el teixit endometri apareix fora de la cavitat uterina<\/strong>, produint una reacci\u00f3 inflamat\u00f2ria, amb tend\u00e8ncia a la recidiva\u201d. Segons va detallar \u201cl\u2019<strong>endometriosi \u00e9s una malaltia molt freq\u00fcent<\/strong>,<strong> no \u00e9s una malaltia rara<\/strong>, i afecta les dones en edat reproductiva\u201d. Tamb\u00e9, va compartir amb els assistents alguns dels s\u00edmptomes t\u00edpics com el <strong>dolor<\/strong> (dismenorrea,&nbsp;dispar\u00e8unia, dolor premenstrual, dolor pelvi\u00e0 dif\u00fas o cr\u00f2nic), la <strong>infertilitat<\/strong> (30-40% pateixen esterilitat) i les <strong>hemorr\u00e0gies anormals<\/strong>, tot i que pot haver-hi altres s\u00edmptomes com fatiga o alteracions urin\u00e0ries, entre d\u2019altres.<\/p>\n\n\n\n<figure class=\"wp-block-image size-large\"><a href=\"https:\/\/blog.cofb.cat\/wp-content\/uploads\/2022\/12\/COFB_ENDOMETRIOSI_14122022_5_edited.jpg\" target=\"_blank\" rel=\"noopener\"><img decoding=\"async\" src=\"https:\/\/blog.cofb.cat\/wp-content\/uploads\/2022\/12\/COFB_ENDOMETRIOSI_14122022_5_edited-1024x513.jpg\" alt=\"El Cap del Servei de Ginecologia de l'Hospital Cl\u00ednic, Francisco Carmona, durant la seva presentaci\u00f3. \" class=\"wp-image-65848\" title=\"El Cap del Servei de Ginecologia de l'Hospital Cl\u00ednic, Francisco Carmona, durant la seva presentaci\u00f3. \"\/><\/a><figcaption class=\"wp-element-caption\">El Dr. Francisco Carmona, durant la seva presentaci\u00f3. <\/figcaption><\/figure>\n\n\n\n<p>El Cap del Servei de Ginecologia de l\u2019Hospital Cl\u00ednic va posar especial rellev\u00e0ncia en el <strong>temps que transcorre des de l\u2019inici de la simptomatologia fins que la persona \u00e9s diagnosticada i comen\u00e7a a rebre tractament<\/strong>, \u201caquest per\u00edode <strong>pot ser de 6 a 10 anys<\/strong> i almenys <strong>pot comportar fins a tres visites m\u00e8diques pr\u00e8vies<\/strong>\u201d. I va afegir que \u201cel retard en el diagn\u00f2stic pot fer que afegeixi altres s\u00edmptomes\u201d.<\/p>\n\n\n\n<h2 class=\"wp-block-heading\"><strong>La realitat d&#8217;una pacient amb endometriosi<\/strong><\/h2>\n\n\n\n<p>Per la seva banda, la metgessa especialista en Cirurgia General, Ortop\u00e8dica i Traumatologia, <strong>Consuelo Garc\u00eda<\/strong> <strong>Blanque<\/strong>, va exposar el seu cas com a <strong>mare d\u2019una pacient amb endometriosi<\/strong>. La Dra. Garc\u00eda va compartir amb els assistents el cas de la seva filla que, despr\u00e9s de <strong>24 anys amb s\u00edmptomes i visites m\u00e8diques <\/strong>a ambulatoris, CAPS, ginec\u00f2legs i a urg\u00e8ncies d\u2019hospitals, l\u2019any 2020 li van <strong>diagnosticar endometriosi profunda<\/strong> (multiorg\u00e0nica).<\/p>\n\n\n\n<figure class=\"wp-block-image size-large\"><a href=\"https:\/\/blog.cofb.cat\/wp-content\/uploads\/2022\/12\/COFB_ENDOMETRIOSI_141220_6_edited.jpg\" target=\"_blank\" rel=\"noopener\"><img decoding=\"async\" src=\"https:\/\/blog.cofb.cat\/wp-content\/uploads\/2022\/12\/COFB_ENDOMETRIOSI_141220_6_edited-1024x512.jpg\" alt=\"La secret\u00e0ria del COFB presentant a la Dra. Consuelo Garc\u00eda Blanque.\" class=\"wp-image-65850\" title=\"La secret\u00e0ria del COFB presentant a la Dra. Consuelo Garc\u00eda Blanque.\"\/><\/a><figcaption class=\"wp-element-caption\">La secret\u00e0ria del COFB presentant a la promotora i coordinadora del Projecte PAME, Consuelo Garc\u00eda Blanque. <\/figcaption><\/figure>\n\n\n\n<p>La doctora Garc\u00eda Blanque va comentar que en l\u2019actualitat la seva filla pateix \u201c<strong>dolor cr\u00f2nic invalidant<\/strong>, <strong>no rep cap prestaci\u00f3 econ\u00f2mica<\/strong>, el <strong>Sistema Nacional de Salut no li reconeix cap discapacitat ni invalidesa<\/strong>, <strong>dep\u00e8n de fer rehabilitaci\u00f3<\/strong>, de seguir una <strong>dieta<\/strong> i fer <strong>psicoter\u00e0pia personalitzada<\/strong>, <strong>no pot exercir com a professora<\/strong> i t\u00e9 <strong>limitacions funcionals<\/strong> quan est\u00e0 asseguda, dempeus, quan va amb transport p\u00fablic, entre altres circumst\u00e0ncies\u201d.<\/p>\n\n\n\n<h2 class=\"wp-block-heading\"><strong>Qu\u00e8 es pot fer des de la farm\u00e0cia comunit\u00e0ria?<\/strong><\/h2>\n\n\n\n<p>Des del punt de vista de la Dra. Garcia Blanque, \u201c<strong>la farm\u00e0cia comunit\u00e0ria \u00e9s el lloc on fem el primer pas quan tenim un problema, la farm\u00e0cia ens acull<\/strong>, i des d\u2019all\u00e0 es pot oferir informaci\u00f3 d\u2019especialistes en ginecologia i establir una vigil\u00e0ncia\u201d. En aquest sentit, la doctora va assegurar que \u201cd\u2019aquesta manera la persona se sentir\u00e0 acompanyada i no se sentir\u00e0 sola\u201d.<\/p>\n\n\n\n<p>Aix\u00ed doncs, \u201cdes de la farm\u00e0cia <strong>es pot preguntar, informar sense crear alarmes<\/strong>, no es pot diagnosticar per\u00f2 s\u00ed <strong>recomanar un especialista<\/strong> i <strong>fer un seguiment de la medicaci\u00f3<\/strong>, ja que des de la farm\u00e0cia es poden detectar efectes secundaris\u201d, va detallar la metgessa.<\/p>\n\n\n<div class=\"destacat-blog\">\n\n\n<h2 class=\"wp-block-heading\"><strong>Projecte PAME<\/strong><\/h2>\n\n\n\n<p>El Dr. Carmona i la Dra. Garc\u00eda Blanque s\u00f3n uns dels impulsors del <strong>Projecte PAME<\/strong> (<strong>Projecte Multidisciplinar d\u2019Avaluaci\u00f3 de l\u2019Endometriosi<\/strong>), es va crear l&#8217;any 2020 per donar a con\u00e8ixer aquesta malaltia i informar, formar, investigar, fer difusi\u00f3, obtenir recursos i fer vigil\u00e0ncia.<\/p>\n\n\n\n<p>Francisco Carmona va explicar que es tracta d\u2019un projecte format per \u201c<strong>persones de disciplines diferents<\/strong>, no nom\u00e9s per metges, sin\u00f3 tamb\u00e9 per farmac\u00e8utics, professors, periodistes\u201d i va afegir que \u201c<strong>hem d\u2019implicar a la societat si volem que el diagn\u00f2stic es faci preco\u00e7ment<\/strong>\u201d. <\/p>\n\n\n\n<p>Per la seva part, Consuelo Garc\u00eda Blanque va insitir en la import\u00e0ncia de l&#8217;atenci\u00f3 multidisciplin\u00e0ria, tenint en compte les diverses simptomatologies que es poden presentar, i va aprofitar per recordar la necessitat de <strong>donar veu a les dones afectades per aquesta malaltia <\/strong>i tamb\u00e9 a les <strong>persones convivents<\/strong>. <\/p> <\/div>\n","protected":false},"excerpt":{"rendered":"<p>El passat 14 de desembre, el Col\u00b7legi de Farmac\u00e8utics de Barcelona (COFB) va organitzar la tert\u00falia d\u2019actualitat \u201cEndometriosi: ajudem a visibilitzar una malaltia silenciosa\u201d, a c\u00e0rrec del Cap del Servei de Ginecologia de l&#8217;Hospital Cl\u00ednic de Barcelona, Francisco Carmona, i de la metgessa especialista en Cirurgia General, Cirurgia Ortop\u00e8dica i [&hellip;]<\/p>\n","protected":false},"author":1,"featured_media":67788,"comment_status":"open","ping_status":"open","sticky":false,"template":"","format":"standard","meta":{"_uag_custom_page_level_css":"","site-sidebar-layout":"default","site-content-layout":"","ast-site-content-layout":"default","site-content-style":"default","site-sidebar-style":"default","ast-global-header-display":"","ast-banner-title-visibility":"","ast-main-header-display":"","ast-hfb-above-header-display":"","ast-hfb-below-header-display":"","ast-hfb-mobile-header-display":"","site-post-title":"","ast-breadcrumbs-content":"","ast-featured-img":"disabled","footer-sml-layout":"","theme-transparent-header-meta":"","adv-header-id-meta":"","stick-header-meta":"","header-above-stick-meta":"","header-main-stick-meta":"","header-below-stick-meta":"","astra-migrate-meta-layouts":"default","ast-page-background-enabled":"default","ast-page-background-meta":{"desktop":{"background-color":"var(--ast-global-color-4)","background-image":"","background-repeat":"repeat","background-position":"center center","background-size":"auto","background-attachment":"scroll","background-type":"","background-media":"","overlay-type":"","overlay-color":"","overlay-opacity":"","overlay-gradient":""},"tablet":{"background-color":"","background-image":"","background-repeat":"repeat","background-position":"center center","background-size":"auto","background-attachment":"scroll","background-type":"","background-media":"","overlay-type":"","overlay-color":"","overlay-opacity":"","overlay-gradient":""},"mobile":{"background-color":"","background-image":"","background-repeat":"repeat","background-position":"center center","background-size":"auto","background-attachment":"scroll","background-type":"","background-media":"","overlay-type":"","overlay-color":"","overlay-opacity":"","overlay-gradient":""}},"ast-content-background-meta":{"desktop":{"background-color":"var(--ast-global-color-5)","background-image":"","background-repeat":"repeat","background-position":"center center","background-size":"auto","background-attachment":"scroll","background-type":"","background-media":"","overlay-type":"","overlay-color":"","overlay-opacity":"","overlay-gradient":""},"tablet":{"background-color":"var(--ast-global-color-5)","background-image":"","background-repeat":"repeat","background-position":"center center","background-size":"auto","background-attachment":"scroll","background-type":"","background-media":"","overlay-type":"","overlay-color":"","overlay-opacity":"","overlay-gradient":""},"mobile":{"background-color":"var(--ast-global-color-5)","background-image":"","background-repeat":"repeat","background-position":"center center","background-size":"auto","background-attachment":"scroll","background-type":"","background-media":"","overlay-type":"","overlay-color":"","overlay-opacity":"","overlay-gradient":""}},"footnotes":""},"categories":[23,57],"tags":[1050,64,18,19,1051,542,53,68,69,1052,1053,44,1054,1055,1056,140],"class_list":["post-65812","post","type-post","status-publish","format-standard","has-post-thumbnail","hentry","category-destacats","category-mon-collegial","tag-aina-surroca","tag-atencio-farmaceutica","tag-cofb","tag-collegi-de-farmaceutics-de-barcelona","tag-consuelo-garcia-blanque","tag-endometriosi","tag-farmaceutics","tag-farmacia","tag-farmacia-comunitaria","tag-francisco-carmona","tag-grupo-pame","tag-malaltia","tag-pame","tag-projecte-datencio-multidisciplinar-de-lendometriosi","tag-secretaria-de-la-junta-de-govern-del-cofb","tag-tertulia-dactualitat"],"yoast_head":"<!-- This site is optimized with the Yoast SEO plugin v22.4 - https:\/\/yoast.com\/wordpress\/plugins\/seo\/ -->\n<title>La visibilitzaci\u00f3 de l&#039;endometriosi arriba a les tert\u00falies d&#039;actualitat del COFB - Col\u00b7legi de Farmac\u00e8utics de Barcelona<\/title>\n<meta name=\"description\" content=\"El passat 14 de desembre, el COFB va organitzar la tert\u00falia d\u2019actualitat \u201cEndometriosi: ajudem a visibilitzar una malaltia silenciosa.\" \/>\n<meta name=\"robots\" content=\"index, follow, max-snippet:-1, max-image-preview:large, max-video-preview:-1\" \/>\n<link rel=\"canonical\" href=\"https:\/\/novaorg.cofb.net\/2022\/12\/28\/la-visibilitzacio-de-lendometriosi-arriba-a-les-tertulies-dactualitat-del-cofb\/\" \/>\n<meta property=\"og:locale\" content=\"ca_ES\" \/>\n<meta property=\"og:type\" content=\"article\" \/>\n<meta property=\"og:title\" content=\"La visibilitzaci\u00f3 de l&#039;endometriosi arriba a les tert\u00falies d&#039;actualitat del COFB - Col\u00b7legi de Farmac\u00e8utics de Barcelona\" \/>\n<meta property=\"og:description\" content=\"El passat 14 de desembre, el COFB va organitzar la tert\u00falia d\u2019actualitat \u201cEndometriosi: ajudem a visibilitzar una malaltia silenciosa.\" \/>\n<meta property=\"og:url\" content=\"https:\/\/novaorg.cofb.net\/2022\/12\/28\/la-visibilitzacio-de-lendometriosi-arriba-a-les-tertulies-dactualitat-del-cofb\/\" \/>\n<meta property=\"og:site_name\" content=\"Col\u00b7legi de Farmac\u00e8utics de Barcelona\" \/>\n<meta property=\"article:publisher\" content=\"https:\/\/www.facebook.com\/farmaceuticsbcn\/\" \/>\n<meta property=\"article:published_time\" content=\"2022-12-28T17:01:25+00:00\" \/>\n<meta property=\"article:modified_time\" content=\"2023-10-09T10:49:13+00:00\" \/>\n<meta property=\"og:image\" content=\"https:\/\/novaorg.cofb.net\/wp-content\/uploads\/2023\/07\/COFB_ENDOMETRIOSI_14122022_4-1-1024x512-1.jpg\" \/>\n\t<meta property=\"og:image:width\" content=\"1024\" \/>\n\t<meta property=\"og:image:height\" content=\"512\" \/>\n\t<meta property=\"og:image:type\" content=\"image\/jpeg\" \/>\n<meta name=\"author\" content=\"wpAdminCofbOrg\" \/>\n<meta name=\"twitter:card\" content=\"summary_large_image\" \/>\n<meta name=\"twitter:creator\" content=\"@farmaceuticsbcn\" \/>\n<meta name=\"twitter:site\" content=\"@farmaceuticsbcn\" \/>\n<meta name=\"twitter:label1\" content=\"Escrit per\" \/>\n\t<meta name=\"twitter:data1\" content=\"wpAdminCofbOrg\" \/>\n\t<meta name=\"twitter:label2\" content=\"Temps estimat de lectura\" \/>\n\t<meta name=\"twitter:data2\" content=\"4 minuts\" \/>\n<script type=\"application\/ld+json\" class=\"yoast-schema-graph\">{\"@context\":\"https:\/\/schema.org\",\"@graph\":[{\"@type\":\"Article\",\"@id\":\"https:\/\/novaorg.cofb.net\/2022\/12\/28\/la-visibilitzacio-de-lendometriosi-arriba-a-les-tertulies-dactualitat-del-cofb\/#article\",\"isPartOf\":{\"@id\":\"https:\/\/novaorg.cofb.net\/2022\/12\/28\/la-visibilitzacio-de-lendometriosi-arriba-a-les-tertulies-dactualitat-del-cofb\/\"},\"author\":{\"name\":\"wpAdminCofbOrg\",\"@id\":\"https:\/\/www.cofb.org\/#\/schema\/person\/22ed7eea88da74b0fa4d3154ad87ffcb\"},\"headline\":\"La visibilitzaci\u00f3 de l&#8217;endometriosi arriba a les tert\u00falies d&#8217;actualitat del COFB\",\"datePublished\":\"2022-12-28T17:01:25+00:00\",\"dateModified\":\"2023-10-09T10:49:13+00:00\",\"mainEntityOfPage\":{\"@id\":\"https:\/\/novaorg.cofb.net\/2022\/12\/28\/la-visibilitzacio-de-lendometriosi-arriba-a-les-tertulies-dactualitat-del-cofb\/\"},\"wordCount\":852,\"commentCount\":0,\"publisher\":{\"@id\":\"https:\/\/www.cofb.org\/#organization\"},\"image\":{\"@id\":\"https:\/\/novaorg.cofb.net\/2022\/12\/28\/la-visibilitzacio-de-lendometriosi-arriba-a-les-tertulies-dactualitat-del-cofb\/#primaryimage\"},\"thumbnailUrl\":\"https:\/\/www.cofb.org\/wp-content\/uploads\/2023\/07\/COFB_ENDOMETRIOSI_14122022_4-1-1024x512-1.jpg\",\"keywords\":[\"Aina Surroca\",\"Atenci\u00f3 farmac\u00e8utica\",\"COFB\",\"Col\u00b7legi de Farmac\u00e8utics de Barcelona\",\"Consuelo Garc\u00eda Blanque\",\"endometriosi\",\"farmac\u00e8utics\",\"Farm\u00e0cia\",\"farm\u00e0cia comunit\u00e0ria\",\"Francisco Carmona\",\"Grupo PAME\",\"malaltia\",\"PAME\",\"Projecte d&#039;Atenci\u00f3 Multidisciplinar de l&#039;Endometriosi\",\"secret\u00e0ria de la Junta de Govern del COFB\",\"tert\u00falia d'actualitat\"],\"articleSection\":[\"Destacats\",\"M\u00f3n col\u00b7legial\"],\"inLanguage\":\"ca\",\"potentialAction\":[{\"@type\":\"CommentAction\",\"name\":\"Comment\",\"target\":[\"https:\/\/novaorg.cofb.net\/2022\/12\/28\/la-visibilitzacio-de-lendometriosi-arriba-a-les-tertulies-dactualitat-del-cofb\/#respond\"]}]},{\"@type\":\"WebPage\",\"@id\":\"https:\/\/novaorg.cofb.net\/2022\/12\/28\/la-visibilitzacio-de-lendometriosi-arriba-a-les-tertulies-dactualitat-del-cofb\/\",\"url\":\"https:\/\/novaorg.cofb.net\/2022\/12\/28\/la-visibilitzacio-de-lendometriosi-arriba-a-les-tertulies-dactualitat-del-cofb\/\",\"name\":\"La visibilitzaci\u00f3 de l'endometriosi arriba a les tert\u00falies d'actualitat del COFB - Col\u00b7legi de Farmac\u00e8utics de Barcelona\",\"isPartOf\":{\"@id\":\"https:\/\/www.cofb.org\/#website\"},\"primaryImageOfPage\":{\"@id\":\"https:\/\/novaorg.cofb.net\/2022\/12\/28\/la-visibilitzacio-de-lendometriosi-arriba-a-les-tertulies-dactualitat-del-cofb\/#primaryimage\"},\"image\":{\"@id\":\"https:\/\/novaorg.cofb.net\/2022\/12\/28\/la-visibilitzacio-de-lendometriosi-arriba-a-les-tertulies-dactualitat-del-cofb\/#primaryimage\"},\"thumbnailUrl\":\"https:\/\/www.cofb.org\/wp-content\/uploads\/2023\/07\/COFB_ENDOMETRIOSI_14122022_4-1-1024x512-1.jpg\",\"datePublished\":\"2022-12-28T17:01:25+00:00\",\"dateModified\":\"2023-10-09T10:49:13+00:00\",\"description\":\"El passat 14 de desembre, el COFB va organitzar la tert\u00falia d\u2019actualitat \u201cEndometriosi: ajudem a visibilitzar una malaltia silenciosa.\",\"breadcrumb\":{\"@id\":\"https:\/\/novaorg.cofb.net\/2022\/12\/28\/la-visibilitzacio-de-lendometriosi-arriba-a-les-tertulies-dactualitat-del-cofb\/#breadcrumb\"},\"inLanguage\":\"ca\",\"potentialAction\":[{\"@type\":\"ReadAction\",\"target\":[\"https:\/\/novaorg.cofb.net\/2022\/12\/28\/la-visibilitzacio-de-lendometriosi-arriba-a-les-tertulies-dactualitat-del-cofb\/\"]}]},{\"@type\":\"ImageObject\",\"inLanguage\":\"ca\",\"@id\":\"https:\/\/novaorg.cofb.net\/2022\/12\/28\/la-visibilitzacio-de-lendometriosi-arriba-a-les-tertulies-dactualitat-del-cofb\/#primaryimage\",\"url\":\"https:\/\/www.cofb.org\/wp-content\/uploads\/2023\/07\/COFB_ENDOMETRIOSI_14122022_4-1-1024x512-1.jpg\",\"contentUrl\":\"https:\/\/www.cofb.org\/wp-content\/uploads\/2023\/07\/COFB_ENDOMETRIOSI_14122022_4-1-1024x512-1.jpg\",\"width\":1024,\"height\":512},{\"@type\":\"BreadcrumbList\",\"@id\":\"https:\/\/novaorg.cofb.net\/2022\/12\/28\/la-visibilitzacio-de-lendometriosi-arriba-a-les-tertulies-dactualitat-del-cofb\/#breadcrumb\",\"itemListElement\":[{\"@type\":\"ListItem\",\"position\":1,\"name\":\"Inici\",\"item\":\"https:\/\/novaorg.cofb.net\/\"},{\"@type\":\"ListItem\",\"position\":2,\"name\":\"La visibilitzaci\u00f3 de l&#8217;endometriosi arriba a les tert\u00falies d&#8217;actualitat del COFB\"}]},{\"@type\":\"WebSite\",\"@id\":\"https:\/\/www.cofb.org\/#website\",\"url\":\"https:\/\/www.cofb.org\/\",\"name\":\"Col\u00b7legi de Farmac\u00e8utics de Barcelona\",\"description\":\"\",\"publisher\":{\"@id\":\"https:\/\/www.cofb.org\/#organization\"},\"potentialAction\":[{\"@type\":\"SearchAction\",\"target\":{\"@type\":\"EntryPoint\",\"urlTemplate\":\"https:\/\/www.cofb.org\/?s={search_term_string}\"},\"query-input\":\"required name=search_term_string\"}],\"inLanguage\":\"ca\"},{\"@type\":\"Organization\",\"@id\":\"https:\/\/www.cofb.org\/#organization\",\"name\":\"Col\u00b7legi de Farmac\u00e8utics de Barcelona\",\"url\":\"https:\/\/www.cofb.org\/\",\"logo\":{\"@type\":\"ImageObject\",\"inLanguage\":\"ca\",\"@id\":\"https:\/\/www.cofb.org\/#\/schema\/logo\/image\/\",\"url\":\"https:\/\/www.cofb.org\/wp-content\/uploads\/2023\/11\/cropped-Logotip-COFB.png\",\"contentUrl\":\"https:\/\/www.cofb.org\/wp-content\/uploads\/2023\/11\/cropped-Logotip-COFB.png\",\"width\":500,\"height\":105,\"caption\":\"Col\u00b7legi de Farmac\u00e8utics de Barcelona\"},\"image\":{\"@id\":\"https:\/\/www.cofb.org\/#\/schema\/logo\/image\/\"},\"sameAs\":[\"https:\/\/www.facebook.com\/farmaceuticsbcn\/\",\"https:\/\/twitter.com\/farmaceuticsbcn\",\"https:\/\/www.instagram.com\/farmaceuticsbcn\/\",\"https:\/\/www.linkedin.com\/company\/farmaceuticsbcn\/\"]},{\"@type\":\"Person\",\"@id\":\"https:\/\/www.cofb.org\/#\/schema\/person\/22ed7eea88da74b0fa4d3154ad87ffcb\",\"name\":\"wpAdminCofbOrg\",\"image\":{\"@type\":\"ImageObject\",\"inLanguage\":\"ca\",\"@id\":\"https:\/\/www.cofb.org\/#\/schema\/person\/image\/\",\"url\":\"https:\/\/secure.gravatar.com\/avatar\/1721b20b3b8ca882c3b56ec6c978c594fff670e40c0718e9190eaeeb76aae7d8?s=96&d=mm&r=g\",\"contentUrl\":\"https:\/\/secure.gravatar.com\/avatar\/1721b20b3b8ca882c3b56ec6c978c594fff670e40c0718e9190eaeeb76aae7d8?s=96&d=mm&r=g\",\"caption\":\"wpAdminCofbOrg\"},\"sameAs\":[\"http:\/\/192.168.64.122\/wordpress\"],\"url\":\"https:\/\/www.cofb.org\/ca\/author\/wpadmincofborg\/\"}]}<\/script>\n<!-- \/ Yoast SEO plugin. -->","yoast_head_json":{"title":"La visibilitzaci\u00f3 de l'endometriosi arriba a les tert\u00falies d'actualitat del COFB - Col\u00b7legi de Farmac\u00e8utics de Barcelona","description":"El passat 14 de desembre, el COFB va organitzar la tert\u00falia d\u2019actualitat \u201cEndometriosi: ajudem a visibilitzar una malaltia silenciosa.","robots":{"index":"index","follow":"follow","max-snippet":"max-snippet:-1","max-image-preview":"max-image-preview:large","max-video-preview":"max-video-preview:-1"},"canonical":"https:\/\/novaorg.cofb.net\/2022\/12\/28\/la-visibilitzacio-de-lendometriosi-arriba-a-les-tertulies-dactualitat-del-cofb\/","og_locale":"ca_ES","og_type":"article","og_title":"La visibilitzaci\u00f3 de l'endometriosi arriba a les tert\u00falies d'actualitat del COFB - Col\u00b7legi de Farmac\u00e8utics de Barcelona","og_description":"El passat 14 de desembre, el COFB va organitzar la tert\u00falia d\u2019actualitat \u201cEndometriosi: ajudem a visibilitzar una malaltia silenciosa.","og_url":"https:\/\/novaorg.cofb.net\/2022\/12\/28\/la-visibilitzacio-de-lendometriosi-arriba-a-les-tertulies-dactualitat-del-cofb\/","og_site_name":"Col\u00b7legi de Farmac\u00e8utics de Barcelona","article_publisher":"https:\/\/www.facebook.com\/farmaceuticsbcn\/","article_published_time":"2022-12-28T17:01:25+00:00","article_modified_time":"2023-10-09T10:49:13+00:00","og_image":[{"width":1024,"height":512,"url":"https:\/\/novaorg.cofb.net\/wp-content\/uploads\/2023\/07\/COFB_ENDOMETRIOSI_14122022_4-1-1024x512-1.jpg","type":"image\/jpeg"}],"author":"wpAdminCofbOrg","twitter_card":"summary_large_image","twitter_creator":"@farmaceuticsbcn","twitter_site":"@farmaceuticsbcn","twitter_misc":{"Escrit per":"wpAdminCofbOrg","Temps estimat de lectura":"4 minuts"},"schema":{"@context":"https:\/\/schema.org","@graph":[{"@type":"Article","@id":"https:\/\/novaorg.cofb.net\/2022\/12\/28\/la-visibilitzacio-de-lendometriosi-arriba-a-les-tertulies-dactualitat-del-cofb\/#article","isPartOf":{"@id":"https:\/\/novaorg.cofb.net\/2022\/12\/28\/la-visibilitzacio-de-lendometriosi-arriba-a-les-tertulies-dactualitat-del-cofb\/"},"author":{"name":"wpAdminCofbOrg","@id":"https:\/\/www.cofb.org\/#\/schema\/person\/22ed7eea88da74b0fa4d3154ad87ffcb"},"headline":"La visibilitzaci\u00f3 de l&#8217;endometriosi arriba a les tert\u00falies d&#8217;actualitat del COFB","datePublished":"2022-12-28T17:01:25+00:00","dateModified":"2023-10-09T10:49:13+00:00","mainEntityOfPage":{"@id":"https:\/\/novaorg.cofb.net\/2022\/12\/28\/la-visibilitzacio-de-lendometriosi-arriba-a-les-tertulies-dactualitat-del-cofb\/"},"wordCount":852,"commentCount":0,"publisher":{"@id":"https:\/\/www.cofb.org\/#organization"},"image":{"@id":"https:\/\/novaorg.cofb.net\/2022\/12\/28\/la-visibilitzacio-de-lendometriosi-arriba-a-les-tertulies-dactualitat-del-cofb\/#primaryimage"},"thumbnailUrl":"https:\/\/www.cofb.org\/wp-content\/uploads\/2023\/07\/COFB_ENDOMETRIOSI_14122022_4-1-1024x512-1.jpg","keywords":["Aina Surroca","Atenci\u00f3 farmac\u00e8utica","COFB","Col\u00b7legi de Farmac\u00e8utics de Barcelona","Consuelo Garc\u00eda Blanque","endometriosi","farmac\u00e8utics","Farm\u00e0cia","farm\u00e0cia comunit\u00e0ria","Francisco Carmona","Grupo PAME","malaltia","PAME","Projecte d&#039;Atenci\u00f3 Multidisciplinar de l&#039;Endometriosi","secret\u00e0ria de la Junta de Govern del COFB","tert\u00falia d'actualitat"],"articleSection":["Destacats","M\u00f3n col\u00b7legial"],"inLanguage":"ca","potentialAction":[{"@type":"CommentAction","name":"Comment","target":["https:\/\/novaorg.cofb.net\/2022\/12\/28\/la-visibilitzacio-de-lendometriosi-arriba-a-les-tertulies-dactualitat-del-cofb\/#respond"]}]},{"@type":"WebPage","@id":"https:\/\/novaorg.cofb.net\/2022\/12\/28\/la-visibilitzacio-de-lendometriosi-arriba-a-les-tertulies-dactualitat-del-cofb\/","url":"https:\/\/novaorg.cofb.net\/2022\/12\/28\/la-visibilitzacio-de-lendometriosi-arriba-a-les-tertulies-dactualitat-del-cofb\/","name":"La visibilitzaci\u00f3 de l'endometriosi arriba a les tert\u00falies d'actualitat del COFB - Col\u00b7legi de Farmac\u00e8utics de Barcelona","isPartOf":{"@id":"https:\/\/www.cofb.org\/#website"},"primaryImageOfPage":{"@id":"https:\/\/novaorg.cofb.net\/2022\/12\/28\/la-visibilitzacio-de-lendometriosi-arriba-a-les-tertulies-dactualitat-del-cofb\/#primaryimage"},"image":{"@id":"https:\/\/novaorg.cofb.net\/2022\/12\/28\/la-visibilitzacio-de-lendometriosi-arriba-a-les-tertulies-dactualitat-del-cofb\/#primaryimage"},"thumbnailUrl":"https:\/\/www.cofb.org\/wp-content\/uploads\/2023\/07\/COFB_ENDOMETRIOSI_14122022_4-1-1024x512-1.jpg","datePublished":"2022-12-28T17:01:25+00:00","dateModified":"2023-10-09T10:49:13+00:00","description":"El passat 14 de desembre, el COFB va organitzar la tert\u00falia d\u2019actualitat \u201cEndometriosi: ajudem a visibilitzar una malaltia silenciosa.","breadcrumb":{"@id":"https:\/\/novaorg.cofb.net\/2022\/12\/28\/la-visibilitzacio-de-lendometriosi-arriba-a-les-tertulies-dactualitat-del-cofb\/#breadcrumb"},"inLanguage":"ca","potentialAction":[{"@type":"ReadAction","target":["https:\/\/novaorg.cofb.net\/2022\/12\/28\/la-visibilitzacio-de-lendometriosi-arriba-a-les-tertulies-dactualitat-del-cofb\/"]}]},{"@type":"ImageObject","inLanguage":"ca","@id":"https:\/\/novaorg.cofb.net\/2022\/12\/28\/la-visibilitzacio-de-lendometriosi-arriba-a-les-tertulies-dactualitat-del-cofb\/#primaryimage","url":"https:\/\/www.cofb.org\/wp-content\/uploads\/2023\/07\/COFB_ENDOMETRIOSI_14122022_4-1-1024x512-1.jpg","contentUrl":"https:\/\/www.cofb.org\/wp-content\/uploads\/2023\/07\/COFB_ENDOMETRIOSI_14122022_4-1-1024x512-1.jpg","width":1024,"height":512},{"@type":"BreadcrumbList","@id":"https:\/\/novaorg.cofb.net\/2022\/12\/28\/la-visibilitzacio-de-lendometriosi-arriba-a-les-tertulies-dactualitat-del-cofb\/#breadcrumb","itemListElement":[{"@type":"ListItem","position":1,"name":"Inici","item":"https:\/\/novaorg.cofb.net\/"},{"@type":"ListItem","position":2,"name":"La visibilitzaci\u00f3 de l&#8217;endometriosi arriba a les tert\u00falies d&#8217;actualitat del COFB"}]},{"@type":"WebSite","@id":"https:\/\/www.cofb.org\/#website","url":"https:\/\/www.cofb.org\/","name":"Col\u00b7legi de Farmac\u00e8utics de Barcelona","description":"","publisher":{"@id":"https:\/\/www.cofb.org\/#organization"},"potentialAction":[{"@type":"SearchAction","target":{"@type":"EntryPoint","urlTemplate":"https:\/\/www.cofb.org\/?s={search_term_string}"},"query-input":"required name=search_term_string"}],"inLanguage":"ca"},{"@type":"Organization","@id":"https:\/\/www.cofb.org\/#organization","name":"Col\u00b7legi de Farmac\u00e8utics de Barcelona","url":"https:\/\/www.cofb.org\/","logo":{"@type":"ImageObject","inLanguage":"ca","@id":"https:\/\/www.cofb.org\/#\/schema\/logo\/image\/","url":"https:\/\/www.cofb.org\/wp-content\/uploads\/2023\/11\/cropped-Logotip-COFB.png","contentUrl":"https:\/\/www.cofb.org\/wp-content\/uploads\/2023\/11\/cropped-Logotip-COFB.png","width":500,"height":105,"caption":"Col\u00b7legi de Farmac\u00e8utics de Barcelona"},"image":{"@id":"https:\/\/www.cofb.org\/#\/schema\/logo\/image\/"},"sameAs":["https:\/\/www.facebook.com\/farmaceuticsbcn\/","https:\/\/twitter.com\/farmaceuticsbcn","https:\/\/www.instagram.com\/farmaceuticsbcn\/","https:\/\/www.linkedin.com\/company\/farmaceuticsbcn\/"]},{"@type":"Person","@id":"https:\/\/www.cofb.org\/#\/schema\/person\/22ed7eea88da74b0fa4d3154ad87ffcb","name":"wpAdminCofbOrg","image":{"@type":"ImageObject","inLanguage":"ca","@id":"https:\/\/www.cofb.org\/#\/schema\/person\/image\/","url":"https:\/\/secure.gravatar.com\/avatar\/1721b20b3b8ca882c3b56ec6c978c594fff670e40c0718e9190eaeeb76aae7d8?s=96&d=mm&r=g","contentUrl":"https:\/\/secure.gravatar.com\/avatar\/1721b20b3b8ca882c3b56ec6c978c594fff670e40c0718e9190eaeeb76aae7d8?s=96&d=mm&r=g","caption":"wpAdminCofbOrg"},"sameAs":["http:\/\/192.168.64.122\/wordpress"],"url":"https:\/\/www.cofb.org\/ca\/author\/wpadmincofborg\/"}]}},"uagb_featured_image_src":{"full":["https:\/\/www.cofb.org\/wp-content\/uploads\/2023\/07\/COFB_ENDOMETRIOSI_14122022_4-1-1024x512-1.jpg",1024,512,false],"thumbnail":["https:\/\/www.cofb.org\/wp-content\/uploads\/2023\/07\/COFB_ENDOMETRIOSI_14122022_4-1-1024x512-1-150x150.jpg",150,150,true],"medium":["https:\/\/www.cofb.org\/wp-content\/uploads\/2023\/07\/COFB_ENDOMETRIOSI_14122022_4-1-1024x512-1-300x150.jpg",300,150,true],"medium_large":["https:\/\/www.cofb.org\/wp-content\/uploads\/2023\/07\/COFB_ENDOMETRIOSI_14122022_4-1-1024x512-1-768x384.jpg",768,384,true],"large":["https:\/\/www.cofb.org\/wp-content\/uploads\/2023\/07\/COFB_ENDOMETRIOSI_14122022_4-1-1024x512-1.jpg",1024,512,false],"1536x1536":["https:\/\/www.cofb.org\/wp-content\/uploads\/2023\/07\/COFB_ENDOMETRIOSI_14122022_4-1-1024x512-1.jpg",1024,512,false],"2048x2048":["https:\/\/www.cofb.org\/wp-content\/uploads\/2023\/07\/COFB_ENDOMETRIOSI_14122022_4-1-1024x512-1.jpg",1024,512,false],"trp-custom-language-flag":["https:\/\/www.cofb.org\/wp-content\/uploads\/2023\/07\/COFB_ENDOMETRIOSI_14122022_4-1-1024x512-1.jpg",18,9,false]},"uagb_author_info":{"display_name":"wpAdminCofbOrg","author_link":"https:\/\/www.cofb.org\/ca\/author\/wpadmincofborg\/"},"uagb_comment_info":0,"uagb_excerpt":"El passat 14 de desembre, el Col\u00b7legi de Farmac\u00e8utics de Barcelona (COFB) va organitzar la tert\u00falia d\u2019actualitat \u201cEndometriosi: ajudem a visibilitzar una malaltia silenciosa\u201d, a c\u00e0rrec del Cap del Servei de Ginecologia de l&#8217;Hospital Cl\u00ednic de Barcelona, Francisco Carmona, i de la metgessa especialista en Cirurgia General, Cirurgia Ortop\u00e8dica i [&hellip;]","_links":{"self":[{"href":"https:\/\/www.cofb.org\/ca\/wp-json\/wp\/v2\/posts\/65812","targetHints":{"allow":["GET"]}}],"collection":[{"href":"https:\/\/www.cofb.org\/ca\/wp-json\/wp\/v2\/posts"}],"about":[{"href":"https:\/\/www.cofb.org\/ca\/wp-json\/wp\/v2\/types\/post"}],"author":[{"embeddable":true,"href":"https:\/\/www.cofb.org\/ca\/wp-json\/wp\/v2\/users\/1"}],"replies":[{"embeddable":true,"href":"https:\/\/www.cofb.org\/ca\/wp-json\/wp\/v2\/comments?post=65812"}],"version-history":[{"count":4,"href":"https:\/\/www.cofb.org\/ca\/wp-json\/wp\/v2\/posts\/65812\/revisions"}],"predecessor-version":[{"id":68974,"href":"https:\/\/www.cofb.org\/ca\/wp-json\/wp\/v2\/posts\/65812\/revisions\/68974"}],"wp:featuredmedia":[{"embeddable":true,"href":"https:\/\/www.cofb.org\/ca\/wp-json\/wp\/v2\/media\/67788"}],"wp:attachment":[{"href":"https:\/\/www.cofb.org\/ca\/wp-json\/wp\/v2\/media?parent=65812"}],"wp:term":[{"taxonomy":"category","embeddable":true,"href":"https:\/\/www.cofb.org\/ca\/wp-json\/wp\/v2\/categories?post=65812"},{"taxonomy":"post_tag","embeddable":true,"href":"https:\/\/www.cofb.org\/ca\/wp-json\/wp\/v2\/tags?post=65812"}],"curies":[{"name":"wp","href":"https:\/\/api.w.org\/{rel}","templated":true}]}}