{"id":65621,"date":"2022-12-22T14:57:00","date_gmt":"2022-12-22T12:57:00","guid":{"rendered":"https:\/\/blog.cofb.cat\/?p=65621"},"modified":"2023-10-09T12:53:45","modified_gmt":"2023-10-09T12:53:45","slug":"torna-la-festa-infantil-del-cofb-amb-magia-musica-i-la-illusio-dels-mes-petits","status":"publish","type":"post","link":"https:\/\/www.cofb.org\/ca\/2022\/12\/22\/torna-la-festa-infantil-del-cofb-amb-magia-musica-i-la-illusio-dels-mes-petits\/","title":{"rendered":"Torna la Festa Infantil del COFB amb m\u00e0gia, m\u00fasica i la il\u00b7lusi\u00f3 dels m\u00e9s petits"},"content":{"rendered":"\n<p>El <strong>Col\u00b7legi de Farmac\u00e8utics de Barcelona (COFB) <\/strong>va celebrar la tradicional <strong>Festa Infantil<\/strong>, el passat 20 de desembre. Despr\u00e9s de dos anys sense poder organitzar la festa infantil per la pand\u00e8mia de la COVID-19, enguany es va tornar a realitzar a la Sala d\u2019actes del COFB amb un espectacle de <strong>m\u00e0gia, molta m\u00fasica i xocolata per berenar<\/strong>.<\/p>\n\n\n\n<figure class=\"wp-block-image size-large\"><a href=\"https:\/\/blog.cofb.cat\/wp-content\/uploads\/2022\/12\/COFB_FESTA-INFANTIL_20122022_1-1.jpg\" target=\"_blank\" rel=\"noopener\"><img decoding=\"async\" src=\"https:\/\/blog.cofb.cat\/wp-content\/uploads\/2022\/12\/COFB_FESTA-INFANTIL_20122022_1-1-1024x513.jpg\" alt=\"\" class=\"wp-image-65695\"\/><\/a><\/figure>\n\n\n\n<p>Els nens i nenes van gaudir d\u2019una <strong>xocolatada <\/strong>abans de l\u2019actuaci\u00f3 de <strong>Pablo Superstar<\/strong>. El mag i music\u00f2leg va oferir l\u2019espectacle <strong>\u2018El poder m\u00e0gic de la m\u00fasica\u2019<\/strong>, en qu\u00e8 va combinar m\u00e0gia i m\u00fasica, a trav\u00e9s d\u2019un clariphone i elements m\u00e0gics amb cartes, monedes, pomes, entre altres objectes.<\/p>\n\n\n\n<div class=\"wp-block-columns is-layout-flex wp-container-core-columns-is-layout-28f84493 wp-block-columns-is-layout-flex\">\n<div class=\"wp-block-column is-layout-flow wp-block-column-is-layout-flow\">\n<figure class=\"wp-block-image size-large\"><a href=\"https:\/\/blog.cofb.cat\/wp-content\/uploads\/2022\/12\/COFB_FESTA-INFANTIL_20122022_2.jpg\" target=\"_blank\" rel=\"noopener\"><img decoding=\"async\" src=\"https:\/\/blog.cofb.cat\/wp-content\/uploads\/2022\/12\/COFB_FESTA-INFANTIL_20122022_2-1024x683.jpg\" alt=\"\" class=\"wp-image-65726\"\/><\/a><\/figure>\n\n\n\n<figure class=\"wp-block-image size-full\"><a href=\"https:\/\/blog.cofb.cat\/wp-content\/uploads\/2022\/12\/COFB_FESTA-INFANTIL_20122022_4.jpg\" target=\"_blank\" rel=\"noopener\"><img decoding=\"async\" src=\"https:\/\/blog.cofb.cat\/wp-content\/uploads\/2022\/12\/COFB_FESTA-INFANTIL_20122022_4.jpg\" alt=\"\" class=\"wp-image-65725\"\/><\/a><\/figure>\n\n\n\n<figure class=\"wp-block-image size-large\"><a href=\"https:\/\/blog.cofb.cat\/wp-content\/uploads\/2022\/12\/COFB_FESTA-INFANTIL_20122022_9.jpg\" target=\"_blank\" rel=\"noopener\"><img decoding=\"async\" src=\"https:\/\/blog.cofb.cat\/wp-content\/uploads\/2022\/12\/COFB_FESTA-INFANTIL_20122022_9-1024x683.jpg\" alt=\"\" class=\"wp-image-65708\"\/><\/a><\/figure>\n\n\n\n<figure class=\"wp-block-image size-large\"><a href=\"https:\/\/blog.cofb.cat\/wp-content\/uploads\/2022\/12\/COFB_FESTA-INFANTIL_20122022_11.jpg\" target=\"_blank\" rel=\"noopener\"><img decoding=\"async\" src=\"https:\/\/blog.cofb.cat\/wp-content\/uploads\/2022\/12\/COFB_FESTA-INFANTIL_20122022_11-1024x683.jpg\" alt=\"\" class=\"wp-image-65710\"\/><\/a><\/figure>\n<\/div>\n\n\n\n<div class=\"wp-block-column is-layout-flow wp-block-column-is-layout-flow\">\n<figure class=\"wp-block-image size-large\"><a href=\"https:\/\/blog.cofb.cat\/wp-content\/uploads\/2022\/12\/COFB_FESTA-INFANTIL_20122022_3-1.jpg\" target=\"_blank\" rel=\"noopener\"><img decoding=\"async\" src=\"https:\/\/blog.cofb.cat\/wp-content\/uploads\/2022\/12\/COFB_FESTA-INFANTIL_20122022_3-1-1024x683.jpg\" alt=\"\" class=\"wp-image-65727\"\/><\/a><\/figure>\n\n\n\n<figure class=\"wp-block-image size-large\"><a href=\"https:\/\/blog.cofb.cat\/wp-content\/uploads\/2022\/12\/COFB_FESTA-INFANTIL_20122022_8.jpg\" target=\"_blank\" rel=\"noopener\"><img decoding=\"async\" src=\"https:\/\/blog.cofb.cat\/wp-content\/uploads\/2022\/12\/COFB_FESTA-INFANTIL_20122022_8-1024x683.jpg\" alt=\"\" class=\"wp-image-65707\"\/><\/a><\/figure>\n\n\n\n<figure class=\"wp-block-image size-large\"><a href=\"https:\/\/blog.cofb.cat\/wp-content\/uploads\/2022\/12\/COFB_FESTA-INFANTIL_20122022_10.jpg\" target=\"_blank\" rel=\"noopener\"><img decoding=\"async\" src=\"https:\/\/blog.cofb.cat\/wp-content\/uploads\/2022\/12\/COFB_FESTA-INFANTIL_20122022_10-1024x683.jpg\" alt=\"\" class=\"wp-image-65709\"\/><\/a><\/figure>\n\n\n\n<figure class=\"wp-block-image size-large\"><a href=\"https:\/\/blog.cofb.cat\/wp-content\/uploads\/2022\/12\/COFB_FESTA-INFANTIL_20122022_12.jpg\" target=\"_blank\" rel=\"noopener\"><img decoding=\"async\" src=\"https:\/\/blog.cofb.cat\/wp-content\/uploads\/2022\/12\/COFB_FESTA-INFANTIL_20122022_12-1024x683.jpg\" alt=\"\" class=\"wp-image-65711\"\/><\/a><\/figure>\n<\/div>\n<\/div>\n\n\n<div class=\"destacat-blog\">\n\n\n<h2 class=\"wp-block-heading\"><strong>XIV Concurs de Dibuix Infantil<\/strong> <\/h2>\n\n\n\n<p>En acabar, es va lliurar un obsequi a cada participant del <strong>XIV Concurs de Dibuix Infantil, <\/strong>adre\u00e7at a nens i nenes de 4 a 11 anys.<strong> <\/strong>El <strong>lema <\/strong>del concurs creatiu d&#8217;enguany era: <strong>\u2018Dibuixa la teva nadala\u2019.<\/strong><\/p>\n\n\n\n<figure class=\"wp-block-gallery has-nested-images columns-default is-cropped wp-block-gallery-1 is-layout-flex wp-block-gallery-is-layout-flex\">\n<figure class=\"wp-block-image size-large\"><a href=\"https:\/\/blog.cofb.cat\/wp-content\/uploads\/2022\/12\/COFB_FESTA-INFANTIL_20122022_7-683x1024.jpg\"><img decoding=\"async\" data-id=\"65701\" src=\"https:\/\/blog.cofb.cat\/wp-content\/uploads\/2022\/12\/COFB_FESTA-INFANTIL_20122022_7-683x1024.jpg\" alt=\"\" class=\"wp-image-65701\"\/><\/a><\/figure>\n\n\n\n<figure class=\"wp-block-image size-large\"><a href=\"https:\/\/blog.cofb.cat\/wp-content\/uploads\/2022\/12\/COFB_FESTA-INFANTIL_20122022_6-683x1024.jpg\"><img decoding=\"async\" data-id=\"65700\" src=\"https:\/\/blog.cofb.cat\/wp-content\/uploads\/2022\/12\/COFB_FESTA-INFANTIL_20122022_6-683x1024.jpg\" alt=\"\" class=\"wp-image-65700\"\/><\/a><\/figure>\n\n\n\n<figure class=\"wp-block-image size-large\"><a href=\"https:\/\/blog.cofb.cat\/wp-content\/uploads\/2022\/12\/COFB_FESTA-INFANTIL_20122022_5-1024x683.jpg\"><img decoding=\"async\" data-id=\"65699\" src=\"https:\/\/blog.cofb.cat\/wp-content\/uploads\/2022\/12\/COFB_FESTA-INFANTIL_20122022_5-1024x683.jpg\" alt=\"\" class=\"wp-image-65699\"\/><\/a><\/figure>\n<\/figure>\n\n\n\n<p><strong>Els participants del XIV Concurs de Dibuix Infantil<\/strong> van ser: Aroa Alvarez, Valeria Castro, Halia Ranz i Berta Solans.<\/p>\n\n\n\n<figure class=\"wp-block-gallery aligncenter has-nested-images columns-3 wp-block-gallery-2 is-layout-flex wp-block-gallery-is-layout-flex\">\n\n<figure class=\"wp-block-image size-medium\"><img decoding=\"async\" data-id=\"65652\" src=\"https:\/\/blog.cofb.cat\/wp-content\/uploads\/2022\/12\/COFB_CONCURS-DIBUIX-INFANTIL_20122022_4-1-225x300.jpg\" alt=\"Dibuix: Aroa Alvarez\" class=\"wp-image-65652\"\/><figcaption class=\"wp-element-caption\">Dibuix: Aroa Alvarez<\/figcaption><\/figure>\n\n\n<figure class=\"wp-block-image size-medium\"><img decoding=\"async\" data-id=\"65653\" src=\"https:\/\/blog.cofb.cat\/wp-content\/uploads\/2022\/12\/COFB_CONCURS-DIBUIX-INFANTIL_20122022_2-213x300.jpg\" alt=\"\" class=\"wp-image-65653\"\/><figcaption class=\"wp-element-caption\">Dibuix: Valeria Castro<\/figcaption><\/figure>\n\n\n<figure class=\"wp-block-image size-medium\"><img decoding=\"async\" data-id=\"65650\" src=\"https:\/\/blog.cofb.cat\/wp-content\/uploads\/2022\/12\/COFB_CONCURS-DIBUIX-INFANTIL_20122022_1-182x300.jpg\" alt=\"\" class=\"wp-image-65650\"\/><figcaption class=\"wp-element-caption\">Dibuix: Halia Ranz<\/figcaption><\/figure>\n\n\n<figure class=\"wp-block-image size-medium\"><img decoding=\"async\" data-id=\"65654\" src=\"https:\/\/blog.cofb.cat\/wp-content\/uploads\/2022\/12\/COFB_CONCURS-DIBUIX-INFANTIL_20122022_3-300x212.jpg\" alt=\"\" class=\"wp-image-65654\"\/><figcaption class=\"wp-element-caption\">Dibuix: Berta Solans<\/figcaption><\/figure>\n\n<\/figure><\/div>\n\n\n\n<div class=\"wp-block-columns is-layout-flex wp-container-core-columns-is-layout-28f84493 wp-block-columns-is-layout-flex\">\n<div class=\"wp-block-column is-layout-flow wp-block-column-is-layout-flow\"><\/div>\n\n\n\n<div class=\"wp-block-column is-layout-flow wp-block-column-is-layout-flow\"><\/div>\n\n\n\n<div class=\"wp-block-column is-layout-flow wp-block-column-is-layout-flow\">\n<p class=\"has-text-align-right\"><strong>Amb la col\u00b7laboraci\u00f3 de:<\/strong><\/p>\n\n\n\n<p> <figure class=\"wp-block-image alignright size-medium\"><img decoding=\"async\" class=\"wp-image-65664\" src=\"https:\/\/blog.cofb.cat\/wp-content\/uploads\/2022\/12\/Collaboradors-Festa-Infantil-2022-300x181.jpg\" alt=\"\"><\/figure> <\/p>\n<\/div>\n<\/div>\n","protected":false},"excerpt":{"rendered":"<p>El Col\u00b7legi de Farmac\u00e8utics de Barcelona (COFB) va celebrar la tradicional Festa Infantil, el passat 20 de desembre. Despr\u00e9s de dos anys sense poder organitzar la festa infantil per la pand\u00e8mia de la COVID-19, enguany es va tornar a realitzar a la Sala d\u2019actes del COFB amb un espectacle de [&hellip;]<\/p>\n","protected":false},"author":1,"featured_media":67802,"comment_status":"open","ping_status":"open","sticky":false,"template":"","format":"standard","meta":{"_uag_custom_page_level_css":"","site-sidebar-layout":"default","site-content-layout":"","ast-site-content-layout":"default","site-content-style":"default","site-sidebar-style":"default","ast-global-header-display":"","ast-banner-title-visibility":"","ast-main-header-display":"","ast-hfb-above-header-display":"","ast-hfb-below-header-display":"","ast-hfb-mobile-header-display":"","site-post-title":"","ast-breadcrumbs-content":"","ast-featured-img":"disabled","footer-sml-layout":"","theme-transparent-header-meta":"","adv-header-id-meta":"","stick-header-meta":"","header-above-stick-meta":"","header-main-stick-meta":"","header-below-stick-meta":"","astra-migrate-meta-layouts":"default","ast-page-background-enabled":"default","ast-page-background-meta":{"desktop":{"background-color":"var(--ast-global-color-4)","background-image":"","background-repeat":"repeat","background-position":"center center","background-size":"auto","background-attachment":"scroll","background-type":"","background-media":"","overlay-type":"","overlay-color":"","overlay-opacity":"","overlay-gradient":""},"tablet":{"background-color":"","background-image":"","background-repeat":"repeat","background-position":"center center","background-size":"auto","background-attachment":"scroll","background-type":"","background-media":"","overlay-type":"","overlay-color":"","overlay-opacity":"","overlay-gradient":""},"mobile":{"background-color":"","background-image":"","background-repeat":"repeat","background-position":"center center","background-size":"auto","background-attachment":"scroll","background-type":"","background-media":"","overlay-type":"","overlay-color":"","overlay-opacity":"","overlay-gradient":""}},"ast-content-background-meta":{"desktop":{"background-color":"var(--ast-global-color-5)","background-image":"","background-repeat":"repeat","background-position":"center center","background-size":"auto","background-attachment":"scroll","background-type":"","background-media":"","overlay-type":"","overlay-color":"","overlay-opacity":"","overlay-gradient":""},"tablet":{"background-color":"var(--ast-global-color-5)","background-image":"","background-repeat":"repeat","background-position":"center center","background-size":"auto","background-attachment":"scroll","background-type":"","background-media":"","overlay-type":"","overlay-color":"","overlay-opacity":"","overlay-gradient":""},"mobile":{"background-color":"var(--ast-global-color-5)","background-image":"","background-repeat":"repeat","background-position":"center center","background-size":"auto","background-attachment":"scroll","background-type":"","background-media":"","overlay-type":"","overlay-color":"","overlay-opacity":"","overlay-gradient":""}},"footnotes":""},"categories":[23,57],"tags":[18,19,1030,991,994,995,1031,1032,1033,996,1034,359,1035,1036],"class_list":["post-65621","post","type-post","status-publish","format-standard","has-post-thumbnail","hentry","category-destacats","category-mon-collegial","tag-cofb","tag-collegi-de-farmaceutics-de-barcelona","tag-concurs-de-dibuix","tag-concurs-de-dibuix-infantil-del-collegi-de-farmaceutics-de-barcelona-cofb","tag-festa-infantil","tag-festa-infantil-del-collegi-de-farmaceutics-de-barcelona","tag-lliurament","tag-magia","tag-musica","tag-nadal","tag-pablo-superstar","tag-premis","tag-xiv-concurs-de-dibuix-infantil","tag-xocolatada"],"yoast_head":"<!-- This site is optimized with the Yoast SEO plugin v22.4 - https:\/\/yoast.com\/wordpress\/plugins\/seo\/ -->\n<title>Torna la Festa Infantil del COFB amb m\u00e0gia, m\u00fasica i la il\u00b7lusi\u00f3 dels m\u00e9s petits - Col\u00b7legi de Farmac\u00e8utics de Barcelona<\/title>\n<meta name=\"description\" content=\"El Col\u00b7legi de Farmac\u00e8utics de Barcelona (COFB) va celebrar la tradicional Festa Infantil, el passat 20 de desembre.\" \/>\n<meta name=\"robots\" content=\"index, follow, max-snippet:-1, max-image-preview:large, max-video-preview:-1\" \/>\n<link rel=\"canonical\" href=\"https:\/\/novaorg.cofb.net\/2022\/12\/22\/torna-la-festa-infantil-del-cofb-amb-magia-musica-i-la-illusio-dels-mes-petits\/\" \/>\n<meta property=\"og:locale\" content=\"ca_ES\" \/>\n<meta property=\"og:type\" content=\"article\" \/>\n<meta property=\"og:title\" content=\"Torna la Festa Infantil del COFB amb m\u00e0gia, m\u00fasica i la il\u00b7lusi\u00f3 dels m\u00e9s petits - Col\u00b7legi de Farmac\u00e8utics de Barcelona\" \/>\n<meta property=\"og:description\" content=\"El Col\u00b7legi de Farmac\u00e8utics de Barcelona (COFB) va celebrar la tradicional Festa Infantil, el passat 20 de desembre.\" \/>\n<meta property=\"og:url\" content=\"https:\/\/novaorg.cofb.net\/2022\/12\/22\/torna-la-festa-infantil-del-cofb-amb-magia-musica-i-la-illusio-dels-mes-petits\/\" \/>\n<meta property=\"og:site_name\" content=\"Col\u00b7legi de Farmac\u00e8utics de Barcelona\" \/>\n<meta property=\"article:publisher\" content=\"https:\/\/www.facebook.com\/farmaceuticsbcn\/\" \/>\n<meta property=\"article:published_time\" content=\"2022-12-22T12:57:00+00:00\" \/>\n<meta property=\"article:modified_time\" content=\"2023-10-09T12:53:45+00:00\" \/>\n<meta property=\"og:image\" content=\"https:\/\/novaorg.cofb.net\/wp-content\/uploads\/2023\/07\/COFB_FESTA-INFANTIL_20122022_1-1-1024x513-1.jpg\" \/>\n\t<meta property=\"og:image:width\" content=\"1024\" \/>\n\t<meta property=\"og:image:height\" content=\"513\" \/>\n\t<meta property=\"og:image:type\" content=\"image\/jpeg\" \/>\n<meta name=\"author\" content=\"wpAdminCofbOrg\" \/>\n<meta name=\"twitter:card\" content=\"summary_large_image\" \/>\n<meta name=\"twitter:creator\" content=\"@farmaceuticsbcn\" \/>\n<meta name=\"twitter:site\" content=\"@farmaceuticsbcn\" \/>\n<meta name=\"twitter:label1\" content=\"Escrit per\" \/>\n\t<meta name=\"twitter:data1\" content=\"wpAdminCofbOrg\" \/>\n\t<meta name=\"twitter:label2\" content=\"Temps estimat de lectura\" \/>\n\t<meta name=\"twitter:data2\" content=\"5 minuts\" \/>\n<script type=\"application\/ld+json\" class=\"yoast-schema-graph\">{\"@context\":\"https:\/\/schema.org\",\"@graph\":[{\"@type\":\"Article\",\"@id\":\"https:\/\/novaorg.cofb.net\/2022\/12\/22\/torna-la-festa-infantil-del-cofb-amb-magia-musica-i-la-illusio-dels-mes-petits\/#article\",\"isPartOf\":{\"@id\":\"https:\/\/novaorg.cofb.net\/2022\/12\/22\/torna-la-festa-infantil-del-cofb-amb-magia-musica-i-la-illusio-dels-mes-petits\/\"},\"author\":{\"name\":\"wpAdminCofbOrg\",\"@id\":\"https:\/\/www.cofb.org\/#\/schema\/person\/22ed7eea88da74b0fa4d3154ad87ffcb\"},\"headline\":\"Torna la Festa Infantil del COFB amb m\u00e0gia, m\u00fasica i la il\u00b7lusi\u00f3 dels m\u00e9s petits\",\"datePublished\":\"2022-12-22T12:57:00+00:00\",\"dateModified\":\"2023-10-09T12:53:45+00:00\",\"mainEntityOfPage\":{\"@id\":\"https:\/\/novaorg.cofb.net\/2022\/12\/22\/torna-la-festa-infantil-del-cofb-amb-magia-musica-i-la-illusio-dels-mes-petits\/\"},\"wordCount\":219,\"commentCount\":0,\"publisher\":{\"@id\":\"https:\/\/www.cofb.org\/#organization\"},\"image\":{\"@id\":\"https:\/\/novaorg.cofb.net\/2022\/12\/22\/torna-la-festa-infantil-del-cofb-amb-magia-musica-i-la-illusio-dels-mes-petits\/#primaryimage\"},\"thumbnailUrl\":\"https:\/\/www.cofb.org\/wp-content\/uploads\/2023\/07\/COFB_FESTA-INFANTIL_20122022_1-1-1024x513-1.jpg\",\"keywords\":[\"COFB\",\"Col\u00b7legi de Farmac\u00e8utics de Barcelona\",\"concurs de dibuix\",\"Concurs de Dibuix Infantil del Col\u00b7legi de Farmac\u00e8utics de Barcelona (COFB)\",\"festa infantil\",\"Festa Infantil del Col\u00b7legi de Farmac\u00e8utics de Barcelona\",\"lliurament\",\"m\u00e0gia\",\"m\u00fasica\",\"Nadal\",\"Pablo Superstar\",\"Premis\",\"XIV Concurs de Dibuix Infantil\",\"xocolatada\"],\"articleSection\":[\"Destacats\",\"M\u00f3n col\u00b7legial\"],\"inLanguage\":\"ca\",\"potentialAction\":[{\"@type\":\"CommentAction\",\"name\":\"Comment\",\"target\":[\"https:\/\/novaorg.cofb.net\/2022\/12\/22\/torna-la-festa-infantil-del-cofb-amb-magia-musica-i-la-illusio-dels-mes-petits\/#respond\"]}]},{\"@type\":\"WebPage\",\"@id\":\"https:\/\/novaorg.cofb.net\/2022\/12\/22\/torna-la-festa-infantil-del-cofb-amb-magia-musica-i-la-illusio-dels-mes-petits\/\",\"url\":\"https:\/\/novaorg.cofb.net\/2022\/12\/22\/torna-la-festa-infantil-del-cofb-amb-magia-musica-i-la-illusio-dels-mes-petits\/\",\"name\":\"Torna la Festa Infantil del COFB amb m\u00e0gia, m\u00fasica i la il\u00b7lusi\u00f3 dels m\u00e9s petits - Col\u00b7legi de Farmac\u00e8utics de Barcelona\",\"isPartOf\":{\"@id\":\"https:\/\/www.cofb.org\/#website\"},\"primaryImageOfPage\":{\"@id\":\"https:\/\/novaorg.cofb.net\/2022\/12\/22\/torna-la-festa-infantil-del-cofb-amb-magia-musica-i-la-illusio-dels-mes-petits\/#primaryimage\"},\"image\":{\"@id\":\"https:\/\/novaorg.cofb.net\/2022\/12\/22\/torna-la-festa-infantil-del-cofb-amb-magia-musica-i-la-illusio-dels-mes-petits\/#primaryimage\"},\"thumbnailUrl\":\"https:\/\/www.cofb.org\/wp-content\/uploads\/2023\/07\/COFB_FESTA-INFANTIL_20122022_1-1-1024x513-1.jpg\",\"datePublished\":\"2022-12-22T12:57:00+00:00\",\"dateModified\":\"2023-10-09T12:53:45+00:00\",\"description\":\"El Col\u00b7legi de Farmac\u00e8utics de Barcelona (COFB) va celebrar la tradicional Festa Infantil, el passat 20 de desembre.\",\"breadcrumb\":{\"@id\":\"https:\/\/novaorg.cofb.net\/2022\/12\/22\/torna-la-festa-infantil-del-cofb-amb-magia-musica-i-la-illusio-dels-mes-petits\/#breadcrumb\"},\"inLanguage\":\"ca\",\"potentialAction\":[{\"@type\":\"ReadAction\",\"target\":[\"https:\/\/novaorg.cofb.net\/2022\/12\/22\/torna-la-festa-infantil-del-cofb-amb-magia-musica-i-la-illusio-dels-mes-petits\/\"]}]},{\"@type\":\"ImageObject\",\"inLanguage\":\"ca\",\"@id\":\"https:\/\/novaorg.cofb.net\/2022\/12\/22\/torna-la-festa-infantil-del-cofb-amb-magia-musica-i-la-illusio-dels-mes-petits\/#primaryimage\",\"url\":\"https:\/\/www.cofb.org\/wp-content\/uploads\/2023\/07\/COFB_FESTA-INFANTIL_20122022_1-1-1024x513-1.jpg\",\"contentUrl\":\"https:\/\/www.cofb.org\/wp-content\/uploads\/2023\/07\/COFB_FESTA-INFANTIL_20122022_1-1-1024x513-1.jpg\",\"width\":1024,\"height\":513},{\"@type\":\"BreadcrumbList\",\"@id\":\"https:\/\/novaorg.cofb.net\/2022\/12\/22\/torna-la-festa-infantil-del-cofb-amb-magia-musica-i-la-illusio-dels-mes-petits\/#breadcrumb\",\"itemListElement\":[{\"@type\":\"ListItem\",\"position\":1,\"name\":\"Inici\",\"item\":\"https:\/\/novaorg.cofb.net\/\"},{\"@type\":\"ListItem\",\"position\":2,\"name\":\"Torna la Festa Infantil del COFB amb m\u00e0gia, m\u00fasica i la il\u00b7lusi\u00f3 dels m\u00e9s petits\"}]},{\"@type\":\"WebSite\",\"@id\":\"https:\/\/www.cofb.org\/#website\",\"url\":\"https:\/\/www.cofb.org\/\",\"name\":\"Col\u00b7legi de Farmac\u00e8utics de Barcelona\",\"description\":\"\",\"publisher\":{\"@id\":\"https:\/\/www.cofb.org\/#organization\"},\"potentialAction\":[{\"@type\":\"SearchAction\",\"target\":{\"@type\":\"EntryPoint\",\"urlTemplate\":\"https:\/\/www.cofb.org\/?s={search_term_string}\"},\"query-input\":\"required name=search_term_string\"}],\"inLanguage\":\"ca\"},{\"@type\":\"Organization\",\"@id\":\"https:\/\/www.cofb.org\/#organization\",\"name\":\"Col\u00b7legi de Farmac\u00e8utics de Barcelona\",\"url\":\"https:\/\/www.cofb.org\/\",\"logo\":{\"@type\":\"ImageObject\",\"inLanguage\":\"ca\",\"@id\":\"https:\/\/www.cofb.org\/#\/schema\/logo\/image\/\",\"url\":\"https:\/\/www.cofb.org\/wp-content\/uploads\/2023\/11\/cropped-Logotip-COFB.png\",\"contentUrl\":\"https:\/\/www.cofb.org\/wp-content\/uploads\/2023\/11\/cropped-Logotip-COFB.png\",\"width\":500,\"height\":105,\"caption\":\"Col\u00b7legi de Farmac\u00e8utics de Barcelona\"},\"image\":{\"@id\":\"https:\/\/www.cofb.org\/#\/schema\/logo\/image\/\"},\"sameAs\":[\"https:\/\/www.facebook.com\/farmaceuticsbcn\/\",\"https:\/\/twitter.com\/farmaceuticsbcn\",\"https:\/\/www.instagram.com\/farmaceuticsbcn\/\",\"https:\/\/www.linkedin.com\/company\/farmaceuticsbcn\/\"]},{\"@type\":\"Person\",\"@id\":\"https:\/\/www.cofb.org\/#\/schema\/person\/22ed7eea88da74b0fa4d3154ad87ffcb\",\"name\":\"wpAdminCofbOrg\",\"image\":{\"@type\":\"ImageObject\",\"inLanguage\":\"ca\",\"@id\":\"https:\/\/www.cofb.org\/#\/schema\/person\/image\/\",\"url\":\"https:\/\/secure.gravatar.com\/avatar\/1721b20b3b8ca882c3b56ec6c978c594fff670e40c0718e9190eaeeb76aae7d8?s=96&d=mm&r=g\",\"contentUrl\":\"https:\/\/secure.gravatar.com\/avatar\/1721b20b3b8ca882c3b56ec6c978c594fff670e40c0718e9190eaeeb76aae7d8?s=96&d=mm&r=g\",\"caption\":\"wpAdminCofbOrg\"},\"sameAs\":[\"http:\/\/192.168.64.122\/wordpress\"],\"url\":\"https:\/\/www.cofb.org\/ca\/author\/wpadmincofborg\/\"}]}<\/script>\n<!-- \/ Yoast SEO plugin. -->","yoast_head_json":{"title":"Torna la Festa Infantil del COFB amb m\u00e0gia, m\u00fasica i la il\u00b7lusi\u00f3 dels m\u00e9s petits - Col\u00b7legi de Farmac\u00e8utics de Barcelona","description":"El Col\u00b7legi de Farmac\u00e8utics de Barcelona (COFB) va celebrar la tradicional Festa Infantil, el passat 20 de desembre.","robots":{"index":"index","follow":"follow","max-snippet":"max-snippet:-1","max-image-preview":"max-image-preview:large","max-video-preview":"max-video-preview:-1"},"canonical":"https:\/\/novaorg.cofb.net\/2022\/12\/22\/torna-la-festa-infantil-del-cofb-amb-magia-musica-i-la-illusio-dels-mes-petits\/","og_locale":"ca_ES","og_type":"article","og_title":"Torna la Festa Infantil del COFB amb m\u00e0gia, m\u00fasica i la il\u00b7lusi\u00f3 dels m\u00e9s petits - Col\u00b7legi de Farmac\u00e8utics de Barcelona","og_description":"El Col\u00b7legi de Farmac\u00e8utics de Barcelona (COFB) va celebrar la tradicional Festa Infantil, el passat 20 de desembre.","og_url":"https:\/\/novaorg.cofb.net\/2022\/12\/22\/torna-la-festa-infantil-del-cofb-amb-magia-musica-i-la-illusio-dels-mes-petits\/","og_site_name":"Col\u00b7legi de Farmac\u00e8utics de Barcelona","article_publisher":"https:\/\/www.facebook.com\/farmaceuticsbcn\/","article_published_time":"2022-12-22T12:57:00+00:00","article_modified_time":"2023-10-09T12:53:45+00:00","og_image":[{"width":1024,"height":513,"url":"https:\/\/novaorg.cofb.net\/wp-content\/uploads\/2023\/07\/COFB_FESTA-INFANTIL_20122022_1-1-1024x513-1.jpg","type":"image\/jpeg"}],"author":"wpAdminCofbOrg","twitter_card":"summary_large_image","twitter_creator":"@farmaceuticsbcn","twitter_site":"@farmaceuticsbcn","twitter_misc":{"Escrit per":"wpAdminCofbOrg","Temps estimat de lectura":"5 minuts"},"schema":{"@context":"https:\/\/schema.org","@graph":[{"@type":"Article","@id":"https:\/\/novaorg.cofb.net\/2022\/12\/22\/torna-la-festa-infantil-del-cofb-amb-magia-musica-i-la-illusio-dels-mes-petits\/#article","isPartOf":{"@id":"https:\/\/novaorg.cofb.net\/2022\/12\/22\/torna-la-festa-infantil-del-cofb-amb-magia-musica-i-la-illusio-dels-mes-petits\/"},"author":{"name":"wpAdminCofbOrg","@id":"https:\/\/www.cofb.org\/#\/schema\/person\/22ed7eea88da74b0fa4d3154ad87ffcb"},"headline":"Torna la Festa Infantil del COFB amb m\u00e0gia, m\u00fasica i la il\u00b7lusi\u00f3 dels m\u00e9s petits","datePublished":"2022-12-22T12:57:00+00:00","dateModified":"2023-10-09T12:53:45+00:00","mainEntityOfPage":{"@id":"https:\/\/novaorg.cofb.net\/2022\/12\/22\/torna-la-festa-infantil-del-cofb-amb-magia-musica-i-la-illusio-dels-mes-petits\/"},"wordCount":219,"commentCount":0,"publisher":{"@id":"https:\/\/www.cofb.org\/#organization"},"image":{"@id":"https:\/\/novaorg.cofb.net\/2022\/12\/22\/torna-la-festa-infantil-del-cofb-amb-magia-musica-i-la-illusio-dels-mes-petits\/#primaryimage"},"thumbnailUrl":"https:\/\/www.cofb.org\/wp-content\/uploads\/2023\/07\/COFB_FESTA-INFANTIL_20122022_1-1-1024x513-1.jpg","keywords":["COFB","Col\u00b7legi de Farmac\u00e8utics de Barcelona","concurs de dibuix","Concurs de Dibuix Infantil del Col\u00b7legi de Farmac\u00e8utics de Barcelona (COFB)","festa infantil","Festa Infantil del Col\u00b7legi de Farmac\u00e8utics de Barcelona","lliurament","m\u00e0gia","m\u00fasica","Nadal","Pablo Superstar","Premis","XIV Concurs de Dibuix Infantil","xocolatada"],"articleSection":["Destacats","M\u00f3n col\u00b7legial"],"inLanguage":"ca","potentialAction":[{"@type":"CommentAction","name":"Comment","target":["https:\/\/novaorg.cofb.net\/2022\/12\/22\/torna-la-festa-infantil-del-cofb-amb-magia-musica-i-la-illusio-dels-mes-petits\/#respond"]}]},{"@type":"WebPage","@id":"https:\/\/novaorg.cofb.net\/2022\/12\/22\/torna-la-festa-infantil-del-cofb-amb-magia-musica-i-la-illusio-dels-mes-petits\/","url":"https:\/\/novaorg.cofb.net\/2022\/12\/22\/torna-la-festa-infantil-del-cofb-amb-magia-musica-i-la-illusio-dels-mes-petits\/","name":"Torna la Festa Infantil del COFB amb m\u00e0gia, m\u00fasica i la il\u00b7lusi\u00f3 dels m\u00e9s petits - Col\u00b7legi de Farmac\u00e8utics de Barcelona","isPartOf":{"@id":"https:\/\/www.cofb.org\/#website"},"primaryImageOfPage":{"@id":"https:\/\/novaorg.cofb.net\/2022\/12\/22\/torna-la-festa-infantil-del-cofb-amb-magia-musica-i-la-illusio-dels-mes-petits\/#primaryimage"},"image":{"@id":"https:\/\/novaorg.cofb.net\/2022\/12\/22\/torna-la-festa-infantil-del-cofb-amb-magia-musica-i-la-illusio-dels-mes-petits\/#primaryimage"},"thumbnailUrl":"https:\/\/www.cofb.org\/wp-content\/uploads\/2023\/07\/COFB_FESTA-INFANTIL_20122022_1-1-1024x513-1.jpg","datePublished":"2022-12-22T12:57:00+00:00","dateModified":"2023-10-09T12:53:45+00:00","description":"El Col\u00b7legi de Farmac\u00e8utics de Barcelona (COFB) va celebrar la tradicional Festa Infantil, el passat 20 de desembre.","breadcrumb":{"@id":"https:\/\/novaorg.cofb.net\/2022\/12\/22\/torna-la-festa-infantil-del-cofb-amb-magia-musica-i-la-illusio-dels-mes-petits\/#breadcrumb"},"inLanguage":"ca","potentialAction":[{"@type":"ReadAction","target":["https:\/\/novaorg.cofb.net\/2022\/12\/22\/torna-la-festa-infantil-del-cofb-amb-magia-musica-i-la-illusio-dels-mes-petits\/"]}]},{"@type":"ImageObject","inLanguage":"ca","@id":"https:\/\/novaorg.cofb.net\/2022\/12\/22\/torna-la-festa-infantil-del-cofb-amb-magia-musica-i-la-illusio-dels-mes-petits\/#primaryimage","url":"https:\/\/www.cofb.org\/wp-content\/uploads\/2023\/07\/COFB_FESTA-INFANTIL_20122022_1-1-1024x513-1.jpg","contentUrl":"https:\/\/www.cofb.org\/wp-content\/uploads\/2023\/07\/COFB_FESTA-INFANTIL_20122022_1-1-1024x513-1.jpg","width":1024,"height":513},{"@type":"BreadcrumbList","@id":"https:\/\/novaorg.cofb.net\/2022\/12\/22\/torna-la-festa-infantil-del-cofb-amb-magia-musica-i-la-illusio-dels-mes-petits\/#breadcrumb","itemListElement":[{"@type":"ListItem","position":1,"name":"Inici","item":"https:\/\/novaorg.cofb.net\/"},{"@type":"ListItem","position":2,"name":"Torna la Festa Infantil del COFB amb m\u00e0gia, m\u00fasica i la il\u00b7lusi\u00f3 dels m\u00e9s petits"}]},{"@type":"WebSite","@id":"https:\/\/www.cofb.org\/#website","url":"https:\/\/www.cofb.org\/","name":"Col\u00b7legi de Farmac\u00e8utics de Barcelona","description":"","publisher":{"@id":"https:\/\/www.cofb.org\/#organization"},"potentialAction":[{"@type":"SearchAction","target":{"@type":"EntryPoint","urlTemplate":"https:\/\/www.cofb.org\/?s={search_term_string}"},"query-input":"required name=search_term_string"}],"inLanguage":"ca"},{"@type":"Organization","@id":"https:\/\/www.cofb.org\/#organization","name":"Col\u00b7legi de Farmac\u00e8utics de Barcelona","url":"https:\/\/www.cofb.org\/","logo":{"@type":"ImageObject","inLanguage":"ca","@id":"https:\/\/www.cofb.org\/#\/schema\/logo\/image\/","url":"https:\/\/www.cofb.org\/wp-content\/uploads\/2023\/11\/cropped-Logotip-COFB.png","contentUrl":"https:\/\/www.cofb.org\/wp-content\/uploads\/2023\/11\/cropped-Logotip-COFB.png","width":500,"height":105,"caption":"Col\u00b7legi de Farmac\u00e8utics de Barcelona"},"image":{"@id":"https:\/\/www.cofb.org\/#\/schema\/logo\/image\/"},"sameAs":["https:\/\/www.facebook.com\/farmaceuticsbcn\/","https:\/\/twitter.com\/farmaceuticsbcn","https:\/\/www.instagram.com\/farmaceuticsbcn\/","https:\/\/www.linkedin.com\/company\/farmaceuticsbcn\/"]},{"@type":"Person","@id":"https:\/\/www.cofb.org\/#\/schema\/person\/22ed7eea88da74b0fa4d3154ad87ffcb","name":"wpAdminCofbOrg","image":{"@type":"ImageObject","inLanguage":"ca","@id":"https:\/\/www.cofb.org\/#\/schema\/person\/image\/","url":"https:\/\/secure.gravatar.com\/avatar\/1721b20b3b8ca882c3b56ec6c978c594fff670e40c0718e9190eaeeb76aae7d8?s=96&d=mm&r=g","contentUrl":"https:\/\/secure.gravatar.com\/avatar\/1721b20b3b8ca882c3b56ec6c978c594fff670e40c0718e9190eaeeb76aae7d8?s=96&d=mm&r=g","caption":"wpAdminCofbOrg"},"sameAs":["http:\/\/192.168.64.122\/wordpress"],"url":"https:\/\/www.cofb.org\/ca\/author\/wpadmincofborg\/"}]}},"uagb_featured_image_src":{"full":["https:\/\/www.cofb.org\/wp-content\/uploads\/2023\/07\/COFB_FESTA-INFANTIL_20122022_1-1-1024x513-1.jpg",1024,513,false],"thumbnail":["https:\/\/www.cofb.org\/wp-content\/uploads\/2023\/07\/COFB_FESTA-INFANTIL_20122022_1-1-1024x513-1-150x150.jpg",150,150,true],"medium":["https:\/\/www.cofb.org\/wp-content\/uploads\/2023\/07\/COFB_FESTA-INFANTIL_20122022_1-1-1024x513-1-300x150.jpg",300,150,true],"medium_large":["https:\/\/www.cofb.org\/wp-content\/uploads\/2023\/07\/COFB_FESTA-INFANTIL_20122022_1-1-1024x513-1-768x385.jpg",768,385,true],"large":["https:\/\/www.cofb.org\/wp-content\/uploads\/2023\/07\/COFB_FESTA-INFANTIL_20122022_1-1-1024x513-1.jpg",1024,513,false],"1536x1536":["https:\/\/www.cofb.org\/wp-content\/uploads\/2023\/07\/COFB_FESTA-INFANTIL_20122022_1-1-1024x513-1.jpg",1024,513,false],"2048x2048":["https:\/\/www.cofb.org\/wp-content\/uploads\/2023\/07\/COFB_FESTA-INFANTIL_20122022_1-1-1024x513-1.jpg",1024,513,false],"trp-custom-language-flag":["https:\/\/www.cofb.org\/wp-content\/uploads\/2023\/07\/COFB_FESTA-INFANTIL_20122022_1-1-1024x513-1.jpg",18,9,false]},"uagb_author_info":{"display_name":"wpAdminCofbOrg","author_link":"https:\/\/www.cofb.org\/ca\/author\/wpadmincofborg\/"},"uagb_comment_info":0,"uagb_excerpt":"El Col\u00b7legi de Farmac\u00e8utics de Barcelona (COFB) va celebrar la tradicional Festa Infantil, el passat 20 de desembre. Despr\u00e9s de dos anys sense poder organitzar la festa infantil per la pand\u00e8mia de la COVID-19, enguany es va tornar a realitzar a la Sala d\u2019actes del COFB amb un espectacle de [&hellip;]","_links":{"self":[{"href":"https:\/\/www.cofb.org\/ca\/wp-json\/wp\/v2\/posts\/65621","targetHints":{"allow":["GET"]}}],"collection":[{"href":"https:\/\/www.cofb.org\/ca\/wp-json\/wp\/v2\/posts"}],"about":[{"href":"https:\/\/www.cofb.org\/ca\/wp-json\/wp\/v2\/types\/post"}],"author":[{"embeddable":true,"href":"https:\/\/www.cofb.org\/ca\/wp-json\/wp\/v2\/users\/1"}],"replies":[{"embeddable":true,"href":"https:\/\/www.cofb.org\/ca\/wp-json\/wp\/v2\/comments?post=65621"}],"version-history":[{"count":3,"href":"https:\/\/www.cofb.org\/ca\/wp-json\/wp\/v2\/posts\/65621\/revisions"}],"predecessor-version":[{"id":68978,"href":"https:\/\/www.cofb.org\/ca\/wp-json\/wp\/v2\/posts\/65621\/revisions\/68978"}],"wp:featuredmedia":[{"embeddable":true,"href":"https:\/\/www.cofb.org\/ca\/wp-json\/wp\/v2\/media\/67802"}],"wp:attachment":[{"href":"https:\/\/www.cofb.org\/ca\/wp-json\/wp\/v2\/media?parent=65621"}],"wp:term":[{"taxonomy":"category","embeddable":true,"href":"https:\/\/www.cofb.org\/ca\/wp-json\/wp\/v2\/categories?post=65621"},{"taxonomy":"post_tag","embeddable":true,"href":"https:\/\/www.cofb.org\/ca\/wp-json\/wp\/v2\/tags?post=65621"}],"curies":[{"name":"wp","href":"https:\/\/api.w.org\/{rel}","templated":true}]}}