{"id":64909,"date":"2022-12-12T18:47:55","date_gmt":"2022-12-12T16:47:55","guid":{"rendered":"https:\/\/blog.cofb.cat\/?p=64909"},"modified":"2023-10-09T13:05:56","modified_gmt":"2023-10-09T13:05:56","slug":"dermofarmacia-i-oncologia-actuacions-des-de-la-farmacia-comunitaria","status":"publish","type":"post","link":"https:\/\/www.cofb.org\/ca\/2022\/12\/12\/dermofarmacia-i-oncologia-actuacions-des-de-la-farmacia-comunitaria\/","title":{"rendered":"Dermofarm\u00e0cia i oncologia. Actuacions des de la farm\u00e0cia comunit\u00e0ria"},"content":{"rendered":"\n<p>El passat 23 de novembre, el <strong>Col\u00b7legi de Farmac\u00e8utics de Barcelona (COFB)<\/strong> va realitzar una nova formaci\u00f3 sobre \u201c<strong>La dermofarm\u00e0cia i l\u2019oncologia<\/strong>\u201d, amb la col\u00b7laboraci\u00f3 de <a href=\"https:\/\/www.laroche-posay.es\/\" target=\"_blank\" rel=\"noreferrer noopener\"><strong>La Roche-Posay<\/strong><\/a>. La jornada va ser moderada per la vocal de Dermofarm\u00e0cia i Productes Sanitaris del COFB, <strong>Marta Alcalde <\/strong>i va donar a con\u00e8ixer quines s\u00f3n les <strong>cures dermocosm\u00e8tiques<\/strong> i les<strong> recomanacions d\u2019actuaci\u00f3<\/strong>, saber quin \u00e9s l\u2019<strong>impacte psicol\u00f2gic <\/strong>que genera el <strong>diagn\u00f2stic del c\u00e0ncer<\/strong> i quines <strong>habilitats comunicatives<\/strong> es recomanen seguir en l\u2019<strong>atenci\u00f3 dermofarmac\u00e8utica<\/strong>. Alhora, la jornada va comptar amb un <strong>taller pr\u00e0ctic de maquillatge terap\u00e8utic<\/strong> corrector, un <strong>cas pr\u00e0ctic real<\/strong> i un <strong>di\u00e0leg entre professionals<\/strong> de diferents \u00e0mbits. <\/p>\n\n\n\n<figure class=\"wp-block-image size-full\"><a href=\"https:\/\/www.cofb.org\/wp-content\/uploads\/2023\/10\/COFB_DERMOFARMACIA-I-ONCOLOGIA_23112022_9-1024x512-1.jpg\" target=\"_blank\" rel=\"noopener\"><img fetchpriority=\"high\" decoding=\"async\" width=\"1024\" height=\"512\" src=\"https:\/\/www.cofb.org\/wp-content\/uploads\/2023\/10\/COFB_DERMOFARMACIA-I-ONCOLOGIA_23112022_9-1024x512-1.jpg\" alt=\"\" class=\"wp-image-68983\" title=\"El dermat\u00f2leg, Oriol Corral, en un moment de la seva exposici\u00f3.\" srcset=\"https:\/\/www.cofb.org\/wp-content\/uploads\/2023\/10\/COFB_DERMOFARMACIA-I-ONCOLOGIA_23112022_9-1024x512-1.jpg 1024w, https:\/\/www.cofb.org\/wp-content\/uploads\/2023\/10\/COFB_DERMOFARMACIA-I-ONCOLOGIA_23112022_9-1024x512-1-300x150.jpg 300w, https:\/\/www.cofb.org\/wp-content\/uploads\/2023\/10\/COFB_DERMOFARMACIA-I-ONCOLOGIA_23112022_9-1024x512-1-768x384.jpg 768w, https:\/\/www.cofb.org\/wp-content\/uploads\/2023\/10\/COFB_DERMOFARMACIA-I-ONCOLOGIA_23112022_9-1024x512-1-18x9.jpg 18w\" sizes=\"(max-width: 1024px) 100vw, 1024px\" \/><\/a><figcaption class=\"wp-element-caption\">La vocal de Dermofarm\u00e0cia i productes Sanitaris del COFB, Marta Alcalde, va moderar jornada. <\/figcaption><\/figure>\n\n\n\n<p>Un dels <strong>objectius<\/strong> principals de l\u2019activitat formativa, segons <strong>Alcalde<\/strong>, va ser que \u201c<strong>el farmac\u00e8utic estigui cada cop m\u00e9s format <\/strong>en aquest sentit, ja que <strong>s\u00f3n ter\u00e0pies que majorit\u00e0riament es realitzen en l&#8217;\u00e0mbit hospitalari<\/strong> i <strong>el seu funcionament no \u00e9s gaire conegut per la farm\u00e0cia comunit\u00e0ria<\/strong>\u201d. Des d\u2019aquest \u00e0mbit la vocal va destacar que \u201cun punt important en aquest tipus de pacient \u00e9s l\u2019abordatge i l\u2019acompanyament emocional\u201d.<\/p>\n\n\n\n<h2 class=\"wp-block-heading\"><strong>Dades actuals sobre el c\u00e0ncer<\/strong><\/h2>\n\n\n\n<p>El dermat\u00f2leg a la cl\u00ednica iDermic i a l&#8217;Hospital Universitari M\u00fatua de Terrassa, el <strong>Dr. Oriol Corral<\/strong>, va iniciar la formaci\u00f3 explicant qu\u00e8 \u00e9s el c\u00e0ncer i fent un rep\u00e0s de les <strong>dades actuals del c\u00e0ncer<\/strong> en l\u2019\u00e0mbit estatal. Segons l\u2019<strong><a href=\"https:\/\/seom.org\/images\/LAS_CIFRAS_DEL_CANCER_EN_ESPANA_2022.pdf\">informe<\/a><\/strong> de 2022 publicat per <strong>la Sociedad Espa\u00f1ola de Oncolog\u00eda M\u00e9dica (SEOM)<\/strong> s\u2019estima que <strong>es diagnosticaran 280.100 casos anuals<\/strong> i que la <strong>incid\u00e8ncia augmentar\u00e0 <\/strong>els pr\u00f2xims anys, sent els <strong>c\u00e0ncers m\u00e9s diagnosticats<\/strong>: el de c\u00f2lon i recte, mama, pulm\u00f3, pr\u00f2stata i el de bufeta urin\u00e0ria. Pel que fa a l\u2019augment de la incid\u00e8ncia de casos, segons l\u2019informe de la SEOM, \u00e9s degut a l\u2019augment poblacional, a l\u2019envelliment de la poblaci\u00f3, l\u2019exposici\u00f3 dels factors de risc i en alguns tipus de c\u00e0ncer per l\u2019augment de la detecci\u00f3 preco\u00e7.<\/p>\n\n\n\n<figure class=\"wp-block-image size-full\"><a href=\"https:\/\/blog.cofb.cat\/wp-content\/uploads\/2022\/11\/COFB_DERMOFARMACIA-I-ONCOLOGIA_23112022_11.jpg\" target=\"_blank\" rel=\"noopener\"><img decoding=\"async\" src=\"https:\/\/blog.cofb.cat\/wp-content\/uploads\/2022\/11\/COFB_DERMOFARMACIA-I-ONCOLOGIA_23112022_11.jpg\" alt=\"El dermat\u00f2leg, Oriol Corral, en un moment de la seva exposici\u00f3.\" class=\"wp-image-64948\" title=\"El dermat\u00f2leg, Oriol Corral, en un moment de la seva exposici\u00f3.\"\/><\/a><figcaption class=\"wp-element-caption\">El dermat\u00f2leg, Oriol Corral, en un moment de la seva exposici\u00f3.<\/figcaption><\/figure>\n\n\n\n<p>El doctor Corral va detallar les diferents <strong>ter\u00e0pies actuals que hi ha per tractar el c\u00e0ncer<\/strong> i els efectes que produeixen en la pell, ter\u00e0pies com: <strong>la cirurgia, la radioter\u00e0pia, la quimioter\u00e0pia, l\u2019hormonoter\u00e0pia, les ter\u00e0pies dirigides i la immunoter\u00e0pia<\/strong>. Molts d\u2019aquests tractaments poden generar <strong>efectes adversos sobre la pell<\/strong> i que la imatge es vegi afectada.<\/p>\n\n\n\n<h2 class=\"wp-block-heading\"><strong>L&#8217;impacte psicol\u00f2gic en les persones amb c\u00e0ncer<\/strong><\/h2>\n\n\n\n<p><strong>El c\u00e0ncer<\/strong>, en molts casos, <strong>genera un impacte psicol\u00f2gic<\/strong> tant en el pacient diagnosticat com en el seu entorn, familiars i persones cuidadores.<strong> <\/strong>La psicoonc\u00f2loga especialista en ansietat i estr\u00e8s i responsable del Servei de Psicooncologia de l\u2019Hospital MD Anderson C\u00e0ncer Center de Madrid, <strong>Marta de la Fuente<\/strong>, va fer un rep\u00e0s de les fases de l\u2019<strong>impacte psicol\u00f2gic <\/strong>en el <strong>pacient diagnosticat de c\u00e0ncer<\/strong>. Tamb\u00e9 va explicar <strong>qu\u00e8 fer i com gestionar l\u2019afectaci\u00f3 emocional del pacient amb c\u00e0ncer que acut a la farm\u00e0cia<\/strong> i va oferir <strong>petites pautes per dirigir-se als pacients oncol\u00f2gics amb empatia<\/strong>.<\/p>\n\n\n\n<figure class=\"wp-block-image size-large\"><a href=\"https:\/\/blog.cofb.cat\/wp-content\/uploads\/2022\/11\/COFB_DERMOFARMACIA-I-ONCOLOGIA_23112022_4-scaled.jpg\" target=\"_blank\" rel=\"noopener\"><img decoding=\"async\" src=\"https:\/\/blog.cofb.cat\/wp-content\/uploads\/2022\/11\/COFB_DERMOFARMACIA-I-ONCOLOGIA_23112022_4-1024x576.jpg\" alt=\"La psic\u00f2loga sanit\u00e0ria, Marta de la Fuente, durant la seva intervenci\u00f3.\" class=\"wp-image-64953\" title=\"La psic\u00f2loga sanit\u00e0ria, Marta de la Fuente, durant la seva intervenci\u00f3.\"\/><\/a><figcaption class=\"wp-element-caption\">La psic\u00f2loga sanit\u00e0ria, Marta de la Fuente, durant la seva intervenci\u00f3.<\/figcaption><\/figure>\n\n\n\n<h2 class=\"wp-block-heading\"><strong>Cures dermocosm\u00e8tiques com a complement terap\u00e8utic<\/strong><\/h2>\n\n\n\n<p>Pel que fa a les <strong>cures dermocosm\u00e8tiques<\/strong> en el pacient oncol\u00f2gic, el diplomat en tecnologia cardiopulmonar i responsable del Departament d\u2019Oncologia de La Roche Posay, <strong>Jes\u00fas P\u00e9rez Fierro<\/strong>, va exposar el perqu\u00e8 s\u00f3n importants les cures, quins ingredients cosm\u00e8tics s\u2019aconsella utilitzar i quines s\u00f3n les recomanacions d\u2019actuaci\u00f3 en dermocosm\u00e8tica. &#8220;<strong>La higiene, la hidrataci\u00f3, la cicatritzaci\u00f3 i la protecci\u00f3 solar<\/strong> s\u00f3n algunes de les<strong> cures dermocosm\u00e8tiques <\/strong>que es poden oferir com a complement terap\u00e8utic&#8221;, va detallar el professional. Durant la formaci\u00f3, P\u00e9rez Fierro va remarcar <strong>la import\u00e0ncia de tenir diversos productes, testats en pacients oncol\u00f2gics, per poder donar un bon consell<\/strong>, pel que fa a la cura de la pell, en cada situaci\u00f3. <\/p>\n\n\n\n<figure class=\"wp-block-image size-large\"><a href=\"https:\/\/blog.cofb.cat\/wp-content\/uploads\/2022\/11\/COFB_DERMOFARMACIA-I-ONCOLOGIA_23112022_2.jpg\" target=\"_blank\" rel=\"noopener\"><img decoding=\"async\" src=\"https:\/\/blog.cofb.cat\/wp-content\/uploads\/2022\/11\/COFB_DERMOFARMACIA-I-ONCOLOGIA_23112022_2-1024x546.jpg\" alt=\"Jes\u00fas P\u00e9rez Fierro en la seva exposici\u00f3 sobre les cures dermocosm\u00e8tiques i el pacient oncol\u00f2gic.\" class=\"wp-image-64950\" title=\"Jes\u00fas P\u00e9rez Fierro en la seva exposici\u00f3 sobre les cures dermocosm\u00e8tiques i el pacient oncol\u00f2gic.\"\/><\/a><figcaption class=\"wp-element-caption\">Jes\u00fas P\u00e9rez Fierro en la seva exposici\u00f3 sobre les cures dermocosm\u00e8tiques i el pacient oncol\u00f2gic.<\/figcaption><\/figure>\n\n\n\n<p>Durant la jornada de formaci\u00f3, es va realitzar un <strong>taller pr\u00e0ctic de maquillatge terap\u00e8utic<\/strong> amb la maquilladora professional especialitzada en maquillatge terap\u00e8utic corrector en pacient oncol\u00f2gic i col\u00b7laboradora del Departament d\u2019Oncologia dels Laboratorios La Roche-Posay, <strong>Bego\u00f1a G\u00f3mez<\/strong>. La professional <strong>va assessorar sobre quins tipus de maquillatge, models i caracter\u00edstiques t\u00e8cniques s\u00f3n recomanables <\/strong>per a les persones amb c\u00e0ncer.<\/p>\n\n\n\n<figure class=\"wp-block-image size-large\"><a href=\"https:\/\/blog.cofb.cat\/wp-content\/uploads\/2022\/12\/COFB_DERMOFARMACIA-I-ONCOLOGIA_23112022_8-scaled.jpg\" target=\"_blank\" rel=\"noopener\"><img decoding=\"async\" src=\"https:\/\/blog.cofb.cat\/wp-content\/uploads\/2022\/12\/COFB_DERMOFARMACIA-I-ONCOLOGIA_23112022_8-1024x576.jpg\" alt=\"La maquilladora professional, Bego\u00f1a G\u00f3mez, impartint el taller pr\u00e0ctic de maquillatge terap\u00e8utic.\" class=\"wp-image-65467\" title=\"La maquilladora professional, Bego\u00f1a G\u00f3mez, impartint el taller pr\u00e0ctic de maquillatge terap\u00e8utic.\"\/><\/a><figcaption class=\"wp-element-caption\">La maquilladora professional, Bego\u00f1a G\u00f3mez, impartint el taller pr\u00e0ctic de maquillatge terap\u00e8utic.<\/figcaption><\/figure>\n\n\n<div class=\"destacat-blog\">\n\n\n<h2 class=\"wp-block-heading\"><strong>El pacient oncol\u00f2gic a l\u2019oficina de farm\u00e0cia<\/strong> <\/h2>\n\n\n\n<p>Actualment, cada vegada hi ha m\u00e9s <strong>pacients amb malalties oncol\u00f2giques<\/strong> que arriben a la <strong>farm\u00e0cia <\/strong>demanant<strong> consell<\/strong> per algun problema a la pell en relaci\u00f3 amb els <strong>tractaments<\/strong>. El llicenciat en farm\u00e0cia i responsable del Departament d\u2019oncologia de La Roche-Posay, <strong>David Gardu\u00f1o<\/strong>, en la seva pon\u00e8ncia, va parlar a grans trets del funcionament de&nbsp;cada un dels tractaments, per tal que el farmac\u00e8utic comunitari pugui tenir identificats sobre quins<strong> efectes secundaris<\/strong> ha d\u2019informar el pacient, en funci\u00f3 de quin sigui el<strong> tipus de ter\u00e0pia<\/strong> que rebi.<\/p>\n\n\n\n<figure class=\"wp-block-image size-large\"><a href=\"https:\/\/blog.cofb.cat\/wp-content\/uploads\/2022\/11\/COFB_DERMOFARMACIA-I-ONCOLOGIA_23112022_6-1.jpg\" target=\"_blank\" rel=\"noopener\"><img decoding=\"async\" src=\"https:\/\/blog.cofb.cat\/wp-content\/uploads\/2022\/11\/COFB_DERMOFARMACIA-I-ONCOLOGIA_23112022_6-1-1024x667.jpg\" alt=\"David Gardu\u00f1o en la seva intervenci\u00f3 sobre com l\u2019atenci\u00f3 del pacient oncol\u00f2gic pot millorar el model d\u2019atenci\u00f3 farmac\u00e8utica. \" class=\"wp-image-64954\" title=\" David Gardu\u00f1o en la seva intervenci\u00f3 sobre com l\u2019atenci\u00f3 del pacient oncol\u00f2gic pot millorar el model d\u2019atenci\u00f3 farmac\u00e8utica. \"\/><\/a><figcaption class=\"wp-element-caption\"> David Gardu\u00f1o en la seva intervenci\u00f3 sobre com l\u2019atenci\u00f3 del pacient oncol\u00f2gic pot millorar el model d\u2019atenci\u00f3 farmac\u00e8utica. <\/figcaption><\/figure>\n\n\n\n<p><strong>Gardu\u00f1o <\/strong>va recalcar el fet que l\u2019<strong>atenci\u00f3 del pacient oncol\u00f2gic pot millorar<\/strong> el model d\u2019atenci\u00f3 farmac\u00e8utica, fent de la farm\u00e0cia comunit\u00e0ria:<\/p>\n\n\n\n<ul class=\"wp-block-list\">\n<li>Un espai d\u2019atenci\u00f3.<\/li>\n\n\n\n<li>De seguiment del pacient oncol\u00f2gic.<\/li>\n\n\n\n<li>De comunicaci\u00f3.<\/li>\n\n\n\n<li>De creaci\u00f3 del servei\/categoria de cures especials.<\/li>\n<\/ul>\n\n\n\n<p>Per il\u00b7lustrar el rol del farmac\u00e8utic comunitari en el consell i atenci\u00f3 en el pacient oncol\u00f2gic la farmac\u00e8utica, <strong>S\u00edlvia Jim\u00e9nez<\/strong>, va exposar un cas pr\u00e0ctic real.<\/p>\n\n\n\n<figure class=\"wp-block-image size-large\"><a href=\"https:\/\/blog.cofb.cat\/wp-content\/uploads\/2022\/11\/COFB_DERMOFARMACIA-I-ONCOLOGIA_23112022_5.jpg\" target=\"_blank\" rel=\"noopener\"><img decoding=\"async\" src=\"https:\/\/blog.cofb.cat\/wp-content\/uploads\/2022\/11\/COFB_DERMOFARMACIA-I-ONCOLOGIA_23112022_5-1024x593.jpg\" alt=\"La farmac\u00e8utica, S\u00edlvia Jim\u00e9nez, comentant un cas pr\u00e0ctic. \" class=\"wp-image-64957\" title=\"La farmac\u00e8utica, S\u00edlvia Jim\u00e9nez, comentant un cas pr\u00e0ctic. \"\/><\/a><figcaption class=\"wp-element-caption\">La farmac\u00e8utica, S\u00edlvia Jim\u00e9nez, comentant un cas pr\u00e0ctic. <\/figcaption><\/figure><\/div>\n\n\n\n<p>Va tancar la jornada un <strong>di\u00e0leg entre els professionals en dermofarm\u00e0cia. A Marta Alcalde, David Gardu\u00f1o<\/strong> i <strong>Jes\u00fas P\u00e9rez Fierro<\/strong>, s&#8217;hi va afegir la farmac\u00e8utica comunit\u00e0ria especialista en dermofarm\u00e0cia, <strong>Gemma Rub\u00eds<\/strong>.<\/p>\n\n\n\n<figure class=\"wp-block-image size-large\"><a href=\"https:\/\/blog.cofb.cat\/wp-content\/uploads\/2022\/12\/COFB_DERMOFARMACIA-I-ONCOLOGIA_23112022_7_ok-scaled.jpg\" target=\"_blank\" rel=\"noopener\"><img decoding=\"async\" src=\"https:\/\/blog.cofb.cat\/wp-content\/uploads\/2022\/12\/COFB_DERMOFARMACIA-I-ONCOLOGIA_23112022_7_ok-1024x513.jpg\" alt=\"\" class=\"wp-image-65471\" title=\"Di\u00e0leg entre els professionals Marta Alcalde,\u00a0David Gardu\u00f1o, Gemma Rub\u00eds i Jes\u00fas P\u00e9rez Fierro.\"\/><\/a><figcaption class=\"wp-element-caption\">Di\u00e0leg entre els professionals Marta Alcalde,&nbsp;David Gardu\u00f1o, Gemma Rub\u00eds i Jes\u00fas P\u00e9rez Fierro.<\/figcaption><\/figure>\n\n\n\n<p>En la taula rodona es van abordar alguns dels<strong> mites i creences m\u00e9s estesos envers el c\u00e0ncer<\/strong>. <strong>Alcalde <\/strong>va destacar que &#8220;<strong>el di\u00e0leg entre els diferents professionals ha de servir per avaluar l\u2019evid\u00e8ncia cient\u00edfica que hi ha darrere de cada un d\u2019ells<\/strong> i <strong>donar eines al farmac\u00e8utic per tal d\u2019informar correctament al pacient<\/strong>, evitant que per manca de coneixement es generin falses expectatives o b\u00e9 es prenguin actituds que puguin ser perilloses per al pacient&#8221;.<\/p>\n\n\n\n<p><\/p>\n\n\n\n<p class=\"has-text-align-right\"><strong>Amb la col\u00b7laboraci\u00f3 de:<\/strong><\/p>\n\n\n\n<figure class=\"wp-block-image alignright size-thumbnail\"><a href=\"https:\/\/www.laroche-posay.es\/\" target=\"_blank\" rel=\"noopener\"><img decoding=\"async\" src=\"https:\/\/blog.cofb.cat\/wp-content\/uploads\/2022\/12\/LA-ROCHE-POSAY-logo-2022_transparent-150x39.png\" alt=\"\" class=\"wp-image-65453\"\/><\/a><\/figure>\n","protected":false},"excerpt":{"rendered":"<p>El passat 23 de novembre, el Col\u00b7legi de Farmac\u00e8utics de Barcelona (COFB) va realitzar una nova formaci\u00f3 sobre \u201cLa dermofarm\u00e0cia i l\u2019oncologia\u201d, amb la col\u00b7laboraci\u00f3 de La Roche-Posay. La jornada va ser moderada per la vocal de Dermofarm\u00e0cia i Productes Sanitaris del COFB, Marta Alcalde i va donar a con\u00e8ixer [&hellip;]<\/p>\n","protected":false},"author":1,"featured_media":67819,"comment_status":"open","ping_status":"open","sticky":false,"template":"","format":"standard","meta":{"_uag_custom_page_level_css":"","site-sidebar-layout":"default","site-content-layout":"","ast-site-content-layout":"default","site-content-style":"default","site-sidebar-style":"default","ast-global-header-display":"","ast-banner-title-visibility":"","ast-main-header-display":"","ast-hfb-above-header-display":"","ast-hfb-below-header-display":"","ast-hfb-mobile-header-display":"","site-post-title":"","ast-breadcrumbs-content":"","ast-featured-img":"disabled","footer-sml-layout":"","theme-transparent-header-meta":"","adv-header-id-meta":"","stick-header-meta":"","header-above-stick-meta":"","header-main-stick-meta":"","header-below-stick-meta":"","astra-migrate-meta-layouts":"default","ast-page-background-enabled":"default","ast-page-background-meta":{"desktop":{"background-color":"var(--ast-global-color-4)","background-image":"","background-repeat":"repeat","background-position":"center center","background-size":"auto","background-attachment":"scroll","background-type":"","background-media":"","overlay-type":"","overlay-color":"","overlay-opacity":"","overlay-gradient":""},"tablet":{"background-color":"","background-image":"","background-repeat":"repeat","background-position":"center center","background-size":"auto","background-attachment":"scroll","background-type":"","background-media":"","overlay-type":"","overlay-color":"","overlay-opacity":"","overlay-gradient":""},"mobile":{"background-color":"","background-image":"","background-repeat":"repeat","background-position":"center center","background-size":"auto","background-attachment":"scroll","background-type":"","background-media":"","overlay-type":"","overlay-color":"","overlay-opacity":"","overlay-gradient":""}},"ast-content-background-meta":{"desktop":{"background-color":"var(--ast-global-color-5)","background-image":"","background-repeat":"repeat","background-position":"center center","background-size":"auto","background-attachment":"scroll","background-type":"","background-media":"","overlay-type":"","overlay-color":"","overlay-opacity":"","overlay-gradient":""},"tablet":{"background-color":"var(--ast-global-color-5)","background-image":"","background-repeat":"repeat","background-position":"center center","background-size":"auto","background-attachment":"scroll","background-type":"","background-media":"","overlay-type":"","overlay-color":"","overlay-opacity":"","overlay-gradient":""},"mobile":{"background-color":"var(--ast-global-color-5)","background-image":"","background-repeat":"repeat","background-position":"center center","background-size":"auto","background-attachment":"scroll","background-type":"","background-media":"","overlay-type":"","overlay-color":"","overlay-opacity":"","overlay-gradient":""}},"footnotes":""},"categories":[23,57],"tags":[978,723,957,753,739,979,18,19,443,81,68,69,70,980,981,76,724,982,983],"class_list":["post-64909","post","type-post","status-publish","format-standard","has-post-thumbnail","hentry","category-destacats","category-mon-collegial","tag-atencio-farmaceutica-comunitaria-al-pacient-amb-cancer","tag-cancer","tag-cancer-de-colon","tag-cancer-de-mama","tag-cancer-de-pell","tag-cancer-de-pulmo","tag-cofb","tag-collegi-de-farmaceutics-de-barcelona","tag-dermocosmetica","tag-dermofarmacia","tag-farmacia","tag-farmacia-comunitaria","tag-formacio","tag-impacte-psicologic","tag-maquillatge-oncologic","tag-oficina-de-farmacia","tag-oncologia","tag-pacient-amb-cancer","tag-pacient-oncologic"],"yoast_head":"<!-- This site is optimized with the Yoast SEO plugin v22.4 - https:\/\/yoast.com\/wordpress\/plugins\/seo\/ -->\n<title>Dermofarm\u00e0cia i oncologia. Actuacions des de la farm\u00e0cia comunit\u00e0ria - Col\u00b7legi de Farmac\u00e8utics de Barcelona<\/title>\n<meta name=\"description\" content=\"El COFB va realitzar una nova formaci\u00f3 sobre \u201cLa dermofarm\u00e0cia i l\u2019oncologia\u201d, amb la col\u00b7laboraci\u00f3 de La Roche Posay.\" \/>\n<meta name=\"robots\" content=\"index, follow, max-snippet:-1, max-image-preview:large, max-video-preview:-1\" \/>\n<link rel=\"canonical\" href=\"https:\/\/novaorg.cofb.net\/2022\/12\/12\/dermofarmacia-i-oncologia-actuacions-des-de-la-farmacia-comunitaria\/\" \/>\n<meta property=\"og:locale\" content=\"ca_ES\" \/>\n<meta property=\"og:type\" content=\"article\" \/>\n<meta property=\"og:title\" content=\"Dermofarm\u00e0cia i oncologia. Actuacions des de la farm\u00e0cia comunit\u00e0ria - Col\u00b7legi de Farmac\u00e8utics de Barcelona\" \/>\n<meta property=\"og:description\" content=\"El COFB va realitzar una nova formaci\u00f3 sobre \u201cLa dermofarm\u00e0cia i l\u2019oncologia\u201d, amb la col\u00b7laboraci\u00f3 de La Roche Posay.\" \/>\n<meta property=\"og:url\" content=\"https:\/\/novaorg.cofb.net\/2022\/12\/12\/dermofarmacia-i-oncologia-actuacions-des-de-la-farmacia-comunitaria\/\" \/>\n<meta property=\"og:site_name\" content=\"Col\u00b7legi de Farmac\u00e8utics de Barcelona\" \/>\n<meta property=\"article:publisher\" content=\"https:\/\/www.facebook.com\/farmaceuticsbcn\/\" \/>\n<meta property=\"article:published_time\" content=\"2022-12-12T16:47:55+00:00\" \/>\n<meta property=\"article:modified_time\" content=\"2023-10-09T13:05:56+00:00\" \/>\n<meta property=\"og:image\" content=\"https:\/\/novaorg.cofb.net\/wp-content\/uploads\/2023\/07\/COFB_DERMOFARMACIA-I-ONCOLOGIA_23112022_9-1024x512-1.jpg\" \/>\n\t<meta property=\"og:image:width\" content=\"1024\" \/>\n\t<meta property=\"og:image:height\" content=\"512\" \/>\n\t<meta property=\"og:image:type\" content=\"image\/jpeg\" \/>\n<meta name=\"author\" content=\"wpAdminCofbOrg\" \/>\n<meta name=\"twitter:card\" content=\"summary_large_image\" \/>\n<meta name=\"twitter:creator\" content=\"@farmaceuticsbcn\" \/>\n<meta name=\"twitter:site\" content=\"@farmaceuticsbcn\" \/>\n<meta name=\"twitter:label1\" content=\"Escrit per\" \/>\n\t<meta name=\"twitter:data1\" content=\"wpAdminCofbOrg\" \/>\n\t<meta name=\"twitter:label2\" content=\"Temps estimat de lectura\" \/>\n\t<meta name=\"twitter:data2\" content=\"7 minuts\" \/>\n<script type=\"application\/ld+json\" class=\"yoast-schema-graph\">{\"@context\":\"https:\/\/schema.org\",\"@graph\":[{\"@type\":\"Article\",\"@id\":\"https:\/\/novaorg.cofb.net\/2022\/12\/12\/dermofarmacia-i-oncologia-actuacions-des-de-la-farmacia-comunitaria\/#article\",\"isPartOf\":{\"@id\":\"https:\/\/novaorg.cofb.net\/2022\/12\/12\/dermofarmacia-i-oncologia-actuacions-des-de-la-farmacia-comunitaria\/\"},\"author\":{\"name\":\"wpAdminCofbOrg\",\"@id\":\"https:\/\/www.cofb.org\/#\/schema\/person\/22ed7eea88da74b0fa4d3154ad87ffcb\"},\"headline\":\"Dermofarm\u00e0cia i oncologia. Actuacions des de la farm\u00e0cia comunit\u00e0ria\",\"datePublished\":\"2022-12-12T16:47:55+00:00\",\"dateModified\":\"2023-10-09T13:05:56+00:00\",\"mainEntityOfPage\":{\"@id\":\"https:\/\/novaorg.cofb.net\/2022\/12\/12\/dermofarmacia-i-oncologia-actuacions-des-de-la-farmacia-comunitaria\/\"},\"wordCount\":1213,\"commentCount\":0,\"publisher\":{\"@id\":\"https:\/\/www.cofb.org\/#organization\"},\"image\":{\"@id\":\"https:\/\/novaorg.cofb.net\/2022\/12\/12\/dermofarmacia-i-oncologia-actuacions-des-de-la-farmacia-comunitaria\/#primaryimage\"},\"thumbnailUrl\":\"https:\/\/www.cofb.org\/wp-content\/uploads\/2023\/07\/COFB_DERMOFARMACIA-I-ONCOLOGIA_23112022_9-1024x512-1.jpg\",\"keywords\":[\"atencio farmaceutica comunitaria al pacient amb cancer\",\"c\u00e0ncer\",\"c\u00e0ncer de c\u00f2lon\",\"c\u00e0ncer de mama\",\"c\u00e0ncer de pell\",\"c\u00e0ncer de pulm\u00f3\",\"COFB\",\"Col\u00b7legi de Farmac\u00e8utics de Barcelona\",\"dermocosm\u00e8tica\",\"Dermofarm\u00e0cia\",\"Farm\u00e0cia\",\"farm\u00e0cia comunit\u00e0ria\",\"Formaci\u00f3\",\"impacte psicol\u00f2gic\",\"maquillatge oncol\u00f2gic\",\"Oficina de farm\u00e0cia\",\"oncologia\",\"pacient amb c\u00e0ncer\",\"pacient oncol\u00f2gic\"],\"articleSection\":[\"Destacats\",\"M\u00f3n col\u00b7legial\"],\"inLanguage\":\"ca\",\"potentialAction\":[{\"@type\":\"CommentAction\",\"name\":\"Comment\",\"target\":[\"https:\/\/novaorg.cofb.net\/2022\/12\/12\/dermofarmacia-i-oncologia-actuacions-des-de-la-farmacia-comunitaria\/#respond\"]}]},{\"@type\":\"WebPage\",\"@id\":\"https:\/\/novaorg.cofb.net\/2022\/12\/12\/dermofarmacia-i-oncologia-actuacions-des-de-la-farmacia-comunitaria\/\",\"url\":\"https:\/\/novaorg.cofb.net\/2022\/12\/12\/dermofarmacia-i-oncologia-actuacions-des-de-la-farmacia-comunitaria\/\",\"name\":\"Dermofarm\u00e0cia i oncologia. Actuacions des de la farm\u00e0cia comunit\u00e0ria - Col\u00b7legi de Farmac\u00e8utics de Barcelona\",\"isPartOf\":{\"@id\":\"https:\/\/www.cofb.org\/#website\"},\"primaryImageOfPage\":{\"@id\":\"https:\/\/novaorg.cofb.net\/2022\/12\/12\/dermofarmacia-i-oncologia-actuacions-des-de-la-farmacia-comunitaria\/#primaryimage\"},\"image\":{\"@id\":\"https:\/\/novaorg.cofb.net\/2022\/12\/12\/dermofarmacia-i-oncologia-actuacions-des-de-la-farmacia-comunitaria\/#primaryimage\"},\"thumbnailUrl\":\"https:\/\/www.cofb.org\/wp-content\/uploads\/2023\/07\/COFB_DERMOFARMACIA-I-ONCOLOGIA_23112022_9-1024x512-1.jpg\",\"datePublished\":\"2022-12-12T16:47:55+00:00\",\"dateModified\":\"2023-10-09T13:05:56+00:00\",\"description\":\"El COFB va realitzar una nova formaci\u00f3 sobre \u201cLa dermofarm\u00e0cia i l\u2019oncologia\u201d, amb la col\u00b7laboraci\u00f3 de La Roche Posay.\",\"breadcrumb\":{\"@id\":\"https:\/\/novaorg.cofb.net\/2022\/12\/12\/dermofarmacia-i-oncologia-actuacions-des-de-la-farmacia-comunitaria\/#breadcrumb\"},\"inLanguage\":\"ca\",\"potentialAction\":[{\"@type\":\"ReadAction\",\"target\":[\"https:\/\/novaorg.cofb.net\/2022\/12\/12\/dermofarmacia-i-oncologia-actuacions-des-de-la-farmacia-comunitaria\/\"]}]},{\"@type\":\"ImageObject\",\"inLanguage\":\"ca\",\"@id\":\"https:\/\/novaorg.cofb.net\/2022\/12\/12\/dermofarmacia-i-oncologia-actuacions-des-de-la-farmacia-comunitaria\/#primaryimage\",\"url\":\"https:\/\/www.cofb.org\/wp-content\/uploads\/2023\/07\/COFB_DERMOFARMACIA-I-ONCOLOGIA_23112022_9-1024x512-1.jpg\",\"contentUrl\":\"https:\/\/www.cofb.org\/wp-content\/uploads\/2023\/07\/COFB_DERMOFARMACIA-I-ONCOLOGIA_23112022_9-1024x512-1.jpg\",\"width\":1024,\"height\":512},{\"@type\":\"BreadcrumbList\",\"@id\":\"https:\/\/novaorg.cofb.net\/2022\/12\/12\/dermofarmacia-i-oncologia-actuacions-des-de-la-farmacia-comunitaria\/#breadcrumb\",\"itemListElement\":[{\"@type\":\"ListItem\",\"position\":1,\"name\":\"Inici\",\"item\":\"https:\/\/novaorg.cofb.net\/\"},{\"@type\":\"ListItem\",\"position\":2,\"name\":\"Dermofarm\u00e0cia i oncologia. Actuacions des de la farm\u00e0cia comunit\u00e0ria\"}]},{\"@type\":\"WebSite\",\"@id\":\"https:\/\/www.cofb.org\/#website\",\"url\":\"https:\/\/www.cofb.org\/\",\"name\":\"Col\u00b7legi de Farmac\u00e8utics de Barcelona\",\"description\":\"\",\"publisher\":{\"@id\":\"https:\/\/www.cofb.org\/#organization\"},\"potentialAction\":[{\"@type\":\"SearchAction\",\"target\":{\"@type\":\"EntryPoint\",\"urlTemplate\":\"https:\/\/www.cofb.org\/?s={search_term_string}\"},\"query-input\":\"required name=search_term_string\"}],\"inLanguage\":\"ca\"},{\"@type\":\"Organization\",\"@id\":\"https:\/\/www.cofb.org\/#organization\",\"name\":\"Col\u00b7legi de Farmac\u00e8utics de Barcelona\",\"url\":\"https:\/\/www.cofb.org\/\",\"logo\":{\"@type\":\"ImageObject\",\"inLanguage\":\"ca\",\"@id\":\"https:\/\/www.cofb.org\/#\/schema\/logo\/image\/\",\"url\":\"https:\/\/www.cofb.org\/wp-content\/uploads\/2023\/11\/cropped-Logotip-COFB.png\",\"contentUrl\":\"https:\/\/www.cofb.org\/wp-content\/uploads\/2023\/11\/cropped-Logotip-COFB.png\",\"width\":500,\"height\":105,\"caption\":\"Col\u00b7legi de Farmac\u00e8utics de Barcelona\"},\"image\":{\"@id\":\"https:\/\/www.cofb.org\/#\/schema\/logo\/image\/\"},\"sameAs\":[\"https:\/\/www.facebook.com\/farmaceuticsbcn\/\",\"https:\/\/twitter.com\/farmaceuticsbcn\",\"https:\/\/www.instagram.com\/farmaceuticsbcn\/\",\"https:\/\/www.linkedin.com\/company\/farmaceuticsbcn\/\"]},{\"@type\":\"Person\",\"@id\":\"https:\/\/www.cofb.org\/#\/schema\/person\/22ed7eea88da74b0fa4d3154ad87ffcb\",\"name\":\"wpAdminCofbOrg\",\"image\":{\"@type\":\"ImageObject\",\"inLanguage\":\"ca\",\"@id\":\"https:\/\/www.cofb.org\/#\/schema\/person\/image\/\",\"url\":\"https:\/\/secure.gravatar.com\/avatar\/1721b20b3b8ca882c3b56ec6c978c594fff670e40c0718e9190eaeeb76aae7d8?s=96&d=mm&r=g\",\"contentUrl\":\"https:\/\/secure.gravatar.com\/avatar\/1721b20b3b8ca882c3b56ec6c978c594fff670e40c0718e9190eaeeb76aae7d8?s=96&d=mm&r=g\",\"caption\":\"wpAdminCofbOrg\"},\"sameAs\":[\"http:\/\/192.168.64.122\/wordpress\"],\"url\":\"https:\/\/www.cofb.org\/ca\/author\/wpadmincofborg\/\"}]}<\/script>\n<!-- \/ Yoast SEO plugin. -->","yoast_head_json":{"title":"Dermofarm\u00e0cia i oncologia. Actuacions des de la farm\u00e0cia comunit\u00e0ria - Col\u00b7legi de Farmac\u00e8utics de Barcelona","description":"El COFB va realitzar una nova formaci\u00f3 sobre \u201cLa dermofarm\u00e0cia i l\u2019oncologia\u201d, amb la col\u00b7laboraci\u00f3 de La Roche Posay.","robots":{"index":"index","follow":"follow","max-snippet":"max-snippet:-1","max-image-preview":"max-image-preview:large","max-video-preview":"max-video-preview:-1"},"canonical":"https:\/\/novaorg.cofb.net\/2022\/12\/12\/dermofarmacia-i-oncologia-actuacions-des-de-la-farmacia-comunitaria\/","og_locale":"ca_ES","og_type":"article","og_title":"Dermofarm\u00e0cia i oncologia. Actuacions des de la farm\u00e0cia comunit\u00e0ria - Col\u00b7legi de Farmac\u00e8utics de Barcelona","og_description":"El COFB va realitzar una nova formaci\u00f3 sobre \u201cLa dermofarm\u00e0cia i l\u2019oncologia\u201d, amb la col\u00b7laboraci\u00f3 de La Roche Posay.","og_url":"https:\/\/novaorg.cofb.net\/2022\/12\/12\/dermofarmacia-i-oncologia-actuacions-des-de-la-farmacia-comunitaria\/","og_site_name":"Col\u00b7legi de Farmac\u00e8utics de Barcelona","article_publisher":"https:\/\/www.facebook.com\/farmaceuticsbcn\/","article_published_time":"2022-12-12T16:47:55+00:00","article_modified_time":"2023-10-09T13:05:56+00:00","og_image":[{"width":1024,"height":512,"url":"https:\/\/novaorg.cofb.net\/wp-content\/uploads\/2023\/07\/COFB_DERMOFARMACIA-I-ONCOLOGIA_23112022_9-1024x512-1.jpg","type":"image\/jpeg"}],"author":"wpAdminCofbOrg","twitter_card":"summary_large_image","twitter_creator":"@farmaceuticsbcn","twitter_site":"@farmaceuticsbcn","twitter_misc":{"Escrit per":"wpAdminCofbOrg","Temps estimat de lectura":"7 minuts"},"schema":{"@context":"https:\/\/schema.org","@graph":[{"@type":"Article","@id":"https:\/\/novaorg.cofb.net\/2022\/12\/12\/dermofarmacia-i-oncologia-actuacions-des-de-la-farmacia-comunitaria\/#article","isPartOf":{"@id":"https:\/\/novaorg.cofb.net\/2022\/12\/12\/dermofarmacia-i-oncologia-actuacions-des-de-la-farmacia-comunitaria\/"},"author":{"name":"wpAdminCofbOrg","@id":"https:\/\/www.cofb.org\/#\/schema\/person\/22ed7eea88da74b0fa4d3154ad87ffcb"},"headline":"Dermofarm\u00e0cia i oncologia. Actuacions des de la farm\u00e0cia comunit\u00e0ria","datePublished":"2022-12-12T16:47:55+00:00","dateModified":"2023-10-09T13:05:56+00:00","mainEntityOfPage":{"@id":"https:\/\/novaorg.cofb.net\/2022\/12\/12\/dermofarmacia-i-oncologia-actuacions-des-de-la-farmacia-comunitaria\/"},"wordCount":1213,"commentCount":0,"publisher":{"@id":"https:\/\/www.cofb.org\/#organization"},"image":{"@id":"https:\/\/novaorg.cofb.net\/2022\/12\/12\/dermofarmacia-i-oncologia-actuacions-des-de-la-farmacia-comunitaria\/#primaryimage"},"thumbnailUrl":"https:\/\/www.cofb.org\/wp-content\/uploads\/2023\/07\/COFB_DERMOFARMACIA-I-ONCOLOGIA_23112022_9-1024x512-1.jpg","keywords":["atencio farmaceutica comunitaria al pacient amb cancer","c\u00e0ncer","c\u00e0ncer de c\u00f2lon","c\u00e0ncer de mama","c\u00e0ncer de pell","c\u00e0ncer de pulm\u00f3","COFB","Col\u00b7legi de Farmac\u00e8utics de Barcelona","dermocosm\u00e8tica","Dermofarm\u00e0cia","Farm\u00e0cia","farm\u00e0cia comunit\u00e0ria","Formaci\u00f3","impacte psicol\u00f2gic","maquillatge oncol\u00f2gic","Oficina de farm\u00e0cia","oncologia","pacient amb c\u00e0ncer","pacient oncol\u00f2gic"],"articleSection":["Destacats","M\u00f3n col\u00b7legial"],"inLanguage":"ca","potentialAction":[{"@type":"CommentAction","name":"Comment","target":["https:\/\/novaorg.cofb.net\/2022\/12\/12\/dermofarmacia-i-oncologia-actuacions-des-de-la-farmacia-comunitaria\/#respond"]}]},{"@type":"WebPage","@id":"https:\/\/novaorg.cofb.net\/2022\/12\/12\/dermofarmacia-i-oncologia-actuacions-des-de-la-farmacia-comunitaria\/","url":"https:\/\/novaorg.cofb.net\/2022\/12\/12\/dermofarmacia-i-oncologia-actuacions-des-de-la-farmacia-comunitaria\/","name":"Dermofarm\u00e0cia i oncologia. Actuacions des de la farm\u00e0cia comunit\u00e0ria - Col\u00b7legi de Farmac\u00e8utics de Barcelona","isPartOf":{"@id":"https:\/\/www.cofb.org\/#website"},"primaryImageOfPage":{"@id":"https:\/\/novaorg.cofb.net\/2022\/12\/12\/dermofarmacia-i-oncologia-actuacions-des-de-la-farmacia-comunitaria\/#primaryimage"},"image":{"@id":"https:\/\/novaorg.cofb.net\/2022\/12\/12\/dermofarmacia-i-oncologia-actuacions-des-de-la-farmacia-comunitaria\/#primaryimage"},"thumbnailUrl":"https:\/\/www.cofb.org\/wp-content\/uploads\/2023\/07\/COFB_DERMOFARMACIA-I-ONCOLOGIA_23112022_9-1024x512-1.jpg","datePublished":"2022-12-12T16:47:55+00:00","dateModified":"2023-10-09T13:05:56+00:00","description":"El COFB va realitzar una nova formaci\u00f3 sobre \u201cLa dermofarm\u00e0cia i l\u2019oncologia\u201d, amb la col\u00b7laboraci\u00f3 de La Roche Posay.","breadcrumb":{"@id":"https:\/\/novaorg.cofb.net\/2022\/12\/12\/dermofarmacia-i-oncologia-actuacions-des-de-la-farmacia-comunitaria\/#breadcrumb"},"inLanguage":"ca","potentialAction":[{"@type":"ReadAction","target":["https:\/\/novaorg.cofb.net\/2022\/12\/12\/dermofarmacia-i-oncologia-actuacions-des-de-la-farmacia-comunitaria\/"]}]},{"@type":"ImageObject","inLanguage":"ca","@id":"https:\/\/novaorg.cofb.net\/2022\/12\/12\/dermofarmacia-i-oncologia-actuacions-des-de-la-farmacia-comunitaria\/#primaryimage","url":"https:\/\/www.cofb.org\/wp-content\/uploads\/2023\/07\/COFB_DERMOFARMACIA-I-ONCOLOGIA_23112022_9-1024x512-1.jpg","contentUrl":"https:\/\/www.cofb.org\/wp-content\/uploads\/2023\/07\/COFB_DERMOFARMACIA-I-ONCOLOGIA_23112022_9-1024x512-1.jpg","width":1024,"height":512},{"@type":"BreadcrumbList","@id":"https:\/\/novaorg.cofb.net\/2022\/12\/12\/dermofarmacia-i-oncologia-actuacions-des-de-la-farmacia-comunitaria\/#breadcrumb","itemListElement":[{"@type":"ListItem","position":1,"name":"Inici","item":"https:\/\/novaorg.cofb.net\/"},{"@type":"ListItem","position":2,"name":"Dermofarm\u00e0cia i oncologia. Actuacions des de la farm\u00e0cia comunit\u00e0ria"}]},{"@type":"WebSite","@id":"https:\/\/www.cofb.org\/#website","url":"https:\/\/www.cofb.org\/","name":"Col\u00b7legi de Farmac\u00e8utics de Barcelona","description":"","publisher":{"@id":"https:\/\/www.cofb.org\/#organization"},"potentialAction":[{"@type":"SearchAction","target":{"@type":"EntryPoint","urlTemplate":"https:\/\/www.cofb.org\/?s={search_term_string}"},"query-input":"required name=search_term_string"}],"inLanguage":"ca"},{"@type":"Organization","@id":"https:\/\/www.cofb.org\/#organization","name":"Col\u00b7legi de Farmac\u00e8utics de Barcelona","url":"https:\/\/www.cofb.org\/","logo":{"@type":"ImageObject","inLanguage":"ca","@id":"https:\/\/www.cofb.org\/#\/schema\/logo\/image\/","url":"https:\/\/www.cofb.org\/wp-content\/uploads\/2023\/11\/cropped-Logotip-COFB.png","contentUrl":"https:\/\/www.cofb.org\/wp-content\/uploads\/2023\/11\/cropped-Logotip-COFB.png","width":500,"height":105,"caption":"Col\u00b7legi de Farmac\u00e8utics de Barcelona"},"image":{"@id":"https:\/\/www.cofb.org\/#\/schema\/logo\/image\/"},"sameAs":["https:\/\/www.facebook.com\/farmaceuticsbcn\/","https:\/\/twitter.com\/farmaceuticsbcn","https:\/\/www.instagram.com\/farmaceuticsbcn\/","https:\/\/www.linkedin.com\/company\/farmaceuticsbcn\/"]},{"@type":"Person","@id":"https:\/\/www.cofb.org\/#\/schema\/person\/22ed7eea88da74b0fa4d3154ad87ffcb","name":"wpAdminCofbOrg","image":{"@type":"ImageObject","inLanguage":"ca","@id":"https:\/\/www.cofb.org\/#\/schema\/person\/image\/","url":"https:\/\/secure.gravatar.com\/avatar\/1721b20b3b8ca882c3b56ec6c978c594fff670e40c0718e9190eaeeb76aae7d8?s=96&d=mm&r=g","contentUrl":"https:\/\/secure.gravatar.com\/avatar\/1721b20b3b8ca882c3b56ec6c978c594fff670e40c0718e9190eaeeb76aae7d8?s=96&d=mm&r=g","caption":"wpAdminCofbOrg"},"sameAs":["http:\/\/192.168.64.122\/wordpress"],"url":"https:\/\/www.cofb.org\/ca\/author\/wpadmincofborg\/"}]}},"uagb_featured_image_src":{"full":["https:\/\/www.cofb.org\/wp-content\/uploads\/2023\/07\/COFB_DERMOFARMACIA-I-ONCOLOGIA_23112022_9-1024x512-1.jpg",1024,512,false],"thumbnail":["https:\/\/www.cofb.org\/wp-content\/uploads\/2023\/07\/COFB_DERMOFARMACIA-I-ONCOLOGIA_23112022_9-1024x512-1-150x150.jpg",150,150,true],"medium":["https:\/\/www.cofb.org\/wp-content\/uploads\/2023\/07\/COFB_DERMOFARMACIA-I-ONCOLOGIA_23112022_9-1024x512-1-300x150.jpg",300,150,true],"medium_large":["https:\/\/www.cofb.org\/wp-content\/uploads\/2023\/07\/COFB_DERMOFARMACIA-I-ONCOLOGIA_23112022_9-1024x512-1-768x384.jpg",768,384,true],"large":["https:\/\/www.cofb.org\/wp-content\/uploads\/2023\/07\/COFB_DERMOFARMACIA-I-ONCOLOGIA_23112022_9-1024x512-1.jpg",1024,512,false],"1536x1536":["https:\/\/www.cofb.org\/wp-content\/uploads\/2023\/07\/COFB_DERMOFARMACIA-I-ONCOLOGIA_23112022_9-1024x512-1.jpg",1024,512,false],"2048x2048":["https:\/\/www.cofb.org\/wp-content\/uploads\/2023\/07\/COFB_DERMOFARMACIA-I-ONCOLOGIA_23112022_9-1024x512-1.jpg",1024,512,false],"trp-custom-language-flag":["https:\/\/www.cofb.org\/wp-content\/uploads\/2023\/07\/COFB_DERMOFARMACIA-I-ONCOLOGIA_23112022_9-1024x512-1.jpg",18,9,false]},"uagb_author_info":{"display_name":"wpAdminCofbOrg","author_link":"https:\/\/www.cofb.org\/ca\/author\/wpadmincofborg\/"},"uagb_comment_info":0,"uagb_excerpt":"El passat 23 de novembre, el Col\u00b7legi de Farmac\u00e8utics de Barcelona (COFB) va realitzar una nova formaci\u00f3 sobre \u201cLa dermofarm\u00e0cia i l\u2019oncologia\u201d, amb la col\u00b7laboraci\u00f3 de La Roche-Posay. La jornada va ser moderada per la vocal de Dermofarm\u00e0cia i Productes Sanitaris del COFB, Marta Alcalde i va donar a con\u00e8ixer [&hellip;]","_links":{"self":[{"href":"https:\/\/www.cofb.org\/ca\/wp-json\/wp\/v2\/posts\/64909","targetHints":{"allow":["GET"]}}],"collection":[{"href":"https:\/\/www.cofb.org\/ca\/wp-json\/wp\/v2\/posts"}],"about":[{"href":"https:\/\/www.cofb.org\/ca\/wp-json\/wp\/v2\/types\/post"}],"author":[{"embeddable":true,"href":"https:\/\/www.cofb.org\/ca\/wp-json\/wp\/v2\/users\/1"}],"replies":[{"embeddable":true,"href":"https:\/\/www.cofb.org\/ca\/wp-json\/wp\/v2\/comments?post=64909"}],"version-history":[{"count":3,"href":"https:\/\/www.cofb.org\/ca\/wp-json\/wp\/v2\/posts\/64909\/revisions"}],"predecessor-version":[{"id":68984,"href":"https:\/\/www.cofb.org\/ca\/wp-json\/wp\/v2\/posts\/64909\/revisions\/68984"}],"wp:featuredmedia":[{"embeddable":true,"href":"https:\/\/www.cofb.org\/ca\/wp-json\/wp\/v2\/media\/67819"}],"wp:attachment":[{"href":"https:\/\/www.cofb.org\/ca\/wp-json\/wp\/v2\/media?parent=64909"}],"wp:term":[{"taxonomy":"category","embeddable":true,"href":"https:\/\/www.cofb.org\/ca\/wp-json\/wp\/v2\/categories?post=64909"},{"taxonomy":"post_tag","embeddable":true,"href":"https:\/\/www.cofb.org\/ca\/wp-json\/wp\/v2\/tags?post=64909"}],"curies":[{"name":"wp","href":"https:\/\/api.w.org\/{rel}","templated":true}]}}