{"id":64872,"date":"2022-12-01T19:36:40","date_gmt":"2022-12-01T17:36:40","guid":{"rendered":"https:\/\/blog.cofb.cat\/?p=64872"},"modified":"2023-10-09T13:09:41","modified_gmt":"2023-10-09T13:09:41","slug":"cancer-de-prostata-i-el-seu-impacte-en-la-sexualitat-nova-tertulia-dactualitat-al-cofb","status":"publish","type":"post","link":"https:\/\/www.cofb.org\/ca\/2022\/12\/01\/cancer-de-prostata-i-el-seu-impacte-en-la-sexualitat-nova-tertulia-dactualitat-al-cofb\/","title":{"rendered":"C\u00e0ncer de pr\u00f2stata i el seu impacte en la sexualitat. Nova tert\u00falia d&#8217;actualitat al COFB"},"content":{"rendered":"\n<p>El passat dijous 17 de novembre, el <strong>Col\u00b7legi de Farmac\u00e8utics de Barcelona (COFB)<\/strong> va organitzar la tert\u00falia d\u2019actualitat \u201c<strong>C\u00e0ncer de pr\u00f2stata i el seu impacte en la sexualitat<\/strong>\u201d dirigida als <strong>farmac\u00e8utics<\/strong>. Una jornada organitzada amb el patrocini de laboratoris <strong><a href=\"https:\/\/www.janssen.com\/spain\/\">Janssen<\/a><\/strong> i amb la col\u00b7laboraci\u00f3 de la<strong> <a href=\"https:\/\/www.oncolliga.cat\/\">Fundaci\u00f3 Oncolliga<\/a><\/strong>. El tresorer del COFB, <strong>Miquel Recasens<\/strong>, va ser l\u2019encarregat de moderar la tert\u00falia, que va comptar amb la participaci\u00f3 del consultor en Urologia del Servei d\u2019Urologia i Trasplantament Renal de l\u2019Hospital Cl\u00ednic, el <strong>Dr. Juan Manuel Corral<\/strong>; de la psic\u00f2loga cl\u00ednica, oncosex\u00f2loga i col\u00b7laboradora de la Fundaci\u00f3 Oncolliga, la <strong>Mati Segura<\/strong>; i de la presidenta d\u2019Oncolliga, la <strong>M. Assumpci\u00f3 Vil\u00e0<\/strong>.<\/p>\n\n\n\n<figure class=\"wp-block-image size-large\"><a href=\"https:\/\/blog.cofb.cat\/wp-content\/uploads\/2022\/12\/COFB_PROSTATA_112022_9.jpg\" target=\"_blank\" rel=\"noopener\"><img decoding=\"async\" src=\"https:\/\/blog.cofb.cat\/wp-content\/uploads\/2022\/12\/COFB_PROSTATA_112022_9-1024x537.jpg\" alt=\"\" class=\"wp-image-65185\" title=\"D'esquerra a dreta: el Dr. Juan Manuel Corral, consultor en Urologia del Servei d\u2019Urologia i Trasplantament Renal de l\u2019Hospital Cl\u00ednic; Miquel Recasens, tresorer del COFB; i M. Assumpci\u00f3 Vil\u00e0, presidenta de la Fundaci\u00f3 Oncolliga.\"\/><\/a><figcaption class=\"wp-element-caption\"> D&#8217;esquerra a dreta: el Dr. Juan Manuel Corral, consultor en Urologia del Servei d\u2019Urologia i Trasplantament Renal de l\u2019Hospital Cl\u00ednic; Miquel Recasens, tresorer del COFB; i M. Assumpci\u00f3 Vil\u00e0, presidenta de la Fundaci\u00f3 Oncolliga. <\/figcaption><\/figure>\n\n\n\n<p>El <strong>Col\u00b7legi de Farmac\u00e8utics de Barcelona (COFB)<\/strong> <strong>col\u00b7labora <\/strong>peri\u00f2dicament amb <strong>associacions i entitats amb comprom\u00eds social<\/strong> com amb la Fundaci\u00f3 Oncolliga. Miquel Recasens va remarcar &#8220;la import\u00e0ncia de <strong>donar a con\u00e8ixer als farmac\u00e8utics aquestes informacions<\/strong>, com la vigil\u00e0ncia activa, entorn de la sexualitat i el c\u00e0ncer de pr\u00f2stata, per poder-ho comentar amb els pacients que van a la farm\u00e0cia amb problemes d\u2019aquest tipus&#8221;.<\/p>\n\n\n\n<h2 class=\"wp-block-heading\"><strong>El c\u00e0ncer de pr\u00f2stata \u00e9s el m\u00e9s freq\u00fcent en homes<\/strong><\/h2>\n\n\n\n<p>El <strong>c\u00e0ncer de pr\u00f2stata <\/strong>\u00e9s el c\u00e0ncer <strong>m\u00e9s freq\u00fcent en homes<\/strong>, per sobre del c\u00e0ncer de pulm\u00f3, tot i que la mortalitat \u00e9s menor. Segons va explicar el Dr.Corral, gr\u00e0cies a les noves t\u00e8cniques de diagn\u00f2stic i pseudocribatge, la gran <strong>majoria de diagn\u00f2stics de c\u00e0ncer de pr\u00f2stata<\/strong> &#8220;es detecten en una <strong>fase localitzada<\/strong>, la qual cosa permet oferir tractaments amb intenci\u00f3 curativa com la vigil\u00e0ncia activa, la radioter\u00e0pia o la cirurgia&#8221;.<\/p>\n\n\n\n<figure class=\"wp-block-image size-full\"><a href=\"https:\/\/blog.cofb.cat\/wp-content\/uploads\/2022\/12\/COFB_PROSTATA_112022_7.jpg\" target=\"_blank\" rel=\"noopener\"><img decoding=\"async\" src=\"https:\/\/blog.cofb.cat\/wp-content\/uploads\/2022\/12\/COFB_PROSTATA_112022_7.jpg\" alt=\"El consultor en Urologia del Servei d\u2019Urologia i Trasplantament Renal de l\u2019Hospital Cl\u00ednic, el Dr. Juan Manuel Corral, en un moment de la seva pon\u00e8ncia.  \" class=\"wp-image-65183\" title=\"El consultor en Urologia del Servei d\u2019Urologia i Trasplantament Renal de l\u2019Hospital Cl\u00ednic, el Dr. Juan Manuel Corral, en un moment de la seva pon\u00e8ncia.  \"\/><\/a><figcaption class=\"wp-element-caption\"> El consultor en Urologia del Servei d\u2019Urologia i Trasplantament Renal de l\u2019Hospital Cl\u00ednic, el Dr. Juan Manuel Corral, en un moment de la seva pon\u00e8ncia.  <\/figcaption><\/figure>\n\n\n\n<p>L&#8217;ur\u00f2leg va assenyalar que la <strong>sexualitat \u00e9s un aspecte que preocupa a l\u2019home amb c\u00e0ncer de pr\u00f2stata<\/strong> i va afegir que \u201c<strong>no nom\u00e9s afecta en l\u2019home sin\u00f3 tamb\u00e9 en la seva parella<\/strong>\u201d. Tamb\u00e9 va posar en relleu el<strong> moment en qu\u00e8 a una persona li comuniquen el diagn\u00f2stic d\u2019un c\u00e0ncer<\/strong>: a part del doctor que li comunicar\u00e0 la informaci\u00f3, el Dr. Corral va comentar que tamb\u00e9 s\u2019<strong>implica al farmac\u00e8utic<\/strong> &#8220;perqu\u00e8 l\u2019home<strong> acudir\u00e0 a la farm\u00e0cia en diferents moments del proc\u00e9s oncol\u00f2gic<\/strong>&#8220;. &nbsp;<\/p>\n\n\n\n<p>Tamb\u00e9 va recalcar durant la seva intervenci\u00f3 com <strong>la sexualitat es pot veure afectada, sobretot en els pacients en una fase avan\u00e7ada<\/strong>, degut als tractaments de quimioter\u00e0pia o d\u2019hormonoter\u00e0pia, aix\u00ed com durant la fase de diagn\u00f2stic.&nbsp;<\/p>\n\n\n\n<h2 class=\"wp-block-heading\"><strong><strong>\u00c9s possible gaudir de la sexualitat amb el c\u00e0ncer de pr\u00f2stata?<\/strong><\/strong><\/h2>\n\n\n\n<p>En aquest sentit, ja en la seva presentaci\u00f3, la psic\u00f2loga cl\u00ednica i oncosex\u00f2loga, la <strong>Mati Segura<\/strong>, va comentar que molt sovint la <strong>sexualitat amb el c\u00e0ncer \u00e9s un tema tab\u00fa<\/strong>, &#8220;no nom\u00e9s pel pacient sin\u00f3 moltes vegades pel professional que no consulta sobre la sexualitat&#8221;.<\/p>\n\n\n\n<p>Segura va explicar que <strong>els problemes sexuals depenen del tipus de c\u00e0ncer de pr\u00f2stata<\/strong>. Alguns <strong>tractaments<\/strong> de c\u00e0ncer de pr\u00f2stata <strong>afecten la testosterona<\/strong>, l\u2019hormona que produeix l\u2019impuls sexual; per\u00f2 tot i aquesta manca, la psic\u00f2loga cl\u00ednica va&nbsp;assegurar que &#8220;<strong>es pot treballar la sexualitat<\/strong> d\u2019una altra manera:<strong> a trav\u00e9s del desig<\/strong>, ent\u00e8s com una resposta innata per\u00f2 tamb\u00e9 cognitiva, ja que procedeix dels nostres pensaments, de l\u2019estat emocional i especialment de les nostres creences\u201d. <\/p>\n\n\n\n<figure class=\"wp-block-image size-full\"><a href=\"https:\/\/blog.cofb.cat\/wp-content\/uploads\/2022\/12\/COFB_PROSTATA_112022_8.jpg\" target=\"_blank\" rel=\"noopener\"><img decoding=\"async\" src=\"https:\/\/blog.cofb.cat\/wp-content\/uploads\/2022\/12\/COFB_PROSTATA_112022_8.jpg\" alt=\"L'oncosex\u00f2loga i col\u00b7laboradora d\u2019Oncolliga, la Mati Segura, durant la seva intervenci\u00f3.\" class=\"wp-image-65184\" title=\"Presentaci\u00f3 de l'oncosex\u00f2loga i col\u00b7laboradora d\u2019Oncolliga, la Mati Segura.\"\/><\/a><figcaption class=\"wp-element-caption\">L&#8217;oncosex\u00f2loga i col\u00b7laboradora d\u2019Oncolliga, la Mati Segura, durant la seva intervenci\u00f3.<\/figcaption><\/figure>\n\n\n\n<p>L\u2019oncosex\u00f2loga va fer \u00e8mfasi en la <strong>import\u00e0ncia de diferenciar entre l\u2019orgasme i l\u2019ejaculaci\u00f3<\/strong>, ja que, tot i no poder ejacular a causa de la intervenci\u00f3, s\u00ed que es pot tenir un orgasme per la \u201cdesc\u00e0rrega involunt\u00e0ria de la tensi\u00f3 muscular\u201d i, per tant, es pot gaudir de la sexualitat, perqu\u00e8<strong> \u201cla manca d\u2019erecci\u00f3 no impedeix la sexualitat\u201d<\/strong>.<\/p>\n\n\n\n<p><\/p>\n\n\n\n<h2 class=\"wp-block-heading\"><strong><strong>Campanya de difusi\u00f3 a les farm\u00e0cies<\/strong><\/strong><\/h2>\n\n\n\n<p>En el marc de la tert\u00falia d&#8217;actualitat, la presidenta de la Fundaci\u00f3 Oncolliga, M. Assumpci\u00f3 Vil\u00e0, va presentar la <strong>campanya de difusi\u00f3<\/strong> del c\u00e0ncer de pr\u00f2stata que es dur\u00e0 a terme a les <strong>farm\u00e0cies comunit\u00e0ries<\/strong> fins a finals de desembre; enguany sota el lema principal \u201c<strong>Gaudir de la sexualitat amb el c\u00e0ncer de pr\u00f2stata \u00e9s possible<\/strong>\u201d. El lema fa refer\u00e8ncia al fet que<strong> tot i els efectes secundaris a causa dels tractaments d\u2019aquesta malaltia, es pot gaudir de la sexualitat<\/strong>. En cas de tenir qualsevol consulta, <strong>es recomana visitar l\u2019ur\u00f2leg, terapeuta sexual o de parella o consultar al farmac\u00e8utic<\/strong>.<\/p>\n\n\n\n<div class=\"wp-block-columns is-layout-flex wp-container-core-columns-is-layout-28f84493 wp-block-columns-is-layout-flex\">\n<div class=\"wp-block-column is-layout-flow wp-block-column-is-layout-flow\">\n<figure class=\"wp-block-image aligncenter size-full\"><a href=\"https:\/\/blog.cofb.cat\/wp-content\/uploads\/2022\/12\/COFB_PROSTATA_112022_6.pdf\" target=\"_blank\" rel=\"noopener\"><img decoding=\"async\" src=\"https:\/\/blog.cofb.cat\/wp-content\/uploads\/2022\/11\/COFB_PROSTATA_112022_4.jpg\" alt=\"Cartell de la campanya de difusi\u00f3 del c\u00e0ncer de pr\u00f2stata.\" class=\"wp-image-65051\" title=\"Cartell de la campanya de difusi\u00f3 del c\u00e0ncer de pr\u00f2stata.\"\/><\/a><figcaption class=\"wp-element-caption\">Cartell de la campanya de difusi\u00f3 del c\u00e0ncer de pr\u00f2stata.<\/figcaption><\/figure>\n<\/div>\n\n\n\n<div class=\"wp-block-column is-layout-flow wp-block-column-is-layout-flow\">\n<figure class=\"wp-block-image aligncenter size-full is-resized\"><a href=\"https:\/\/blog.cofb.cat\/wp-content\/uploads\/2022\/12\/COFB_PROSTATA_112022_7-1.pdf\" target=\"_blank\" rel=\"noopener\"><img fetchpriority=\"high\" decoding=\"async\" src=\"https:\/\/blog.cofb.cat\/wp-content\/uploads\/2022\/11\/COFB_PROSTATA_112022_5.jpg\" alt=\"Flyer de la campanya de difusi\u00f3 del c\u00e0ncer de pr\u00f2stata.\" class=\"wp-image-65052\" style=\"width:190px;height:387px\" width=\"190\" height=\"387\" title=\"Flyer de la campanya de difusi\u00f3 del c\u00e0ncer de pr\u00f2stata.\"\/><\/a><figcaption class=\"wp-element-caption\">Flyer de la campanya de difusi\u00f3 del c\u00e0ncer de pr\u00f2stata.<\/figcaption><\/figure>\n<\/div>\n<\/div>\n\n\n\n<p>La campanya tamb\u00e9 se centra un any m\u00e9s, a la <strong>prevenci\u00f3 del c\u00e0ncer de pr\u00f2stata<\/strong> i, en concret, en la import\u00e0ncia d\u2019adoptar <strong>h\u00e0bits de vida saludables<\/strong>, tal com recull el <strong><a href=\"https:\/\/canalsalut.gencat.cat\/ca\/salut-a-z\/c\/cancer\/prevencio\/codi-europeu-contra-el-cancer\/\" target=\"_blank\" rel=\"noreferrer noopener\">Codi Europeu contra el c\u00e0ncer<\/a><\/strong>, que aconsella mantenir un pes adequat, evitar el consum d\u2019alcohol, fer activitat f\u00edsica di\u00e0ria, alimentar-se de forma saludable, entre altres recomanacions. &nbsp;<\/p>\n\n\n\n<figure class=\"wp-block-image size-full\"><a href=\"https:\/\/blog.cofb.cat\/wp-content\/uploads\/2022\/12\/COFB_PROSTATA_112022_6.jpg\" target=\"_blank\" rel=\"noopener\"><img decoding=\"async\" src=\"https:\/\/blog.cofb.cat\/wp-content\/uploads\/2022\/12\/COFB_PROSTATA_112022_6.jpg\" alt=\"La presidenta de la Fundaci\u00f3 Oncolliga, M. Assumpci\u00f3 Vil\u00e0, explicant la campanya de difusi\u00f3 a les farm\u00e0cies.\" class=\"wp-image-65182\" title=\"La presidenta de la Fundaci\u00f3 Oncolliga, M. Assumpci\u00f3 Vil\u00e0, explicant la campanya de difusi\u00f3 a les farm\u00e0cies.\"\/><\/a><figcaption class=\"wp-element-caption\">La presidenta de la Fundaci\u00f3 Oncolliga, M. Assumpci\u00f3 Vil\u00e0, presentant la campanya de difusi\u00f3 a les farm\u00e0cies.<\/figcaption><\/figure>\n\n\n\n<p>Vil\u00e0 tamb\u00e9 va explicar quina \u00e9s la <strong>missi\u00f3 de la Fundaci\u00f3 Oncolliga<\/strong>: oferir <strong>atenci\u00f3 psicosocial a persones amb c\u00e0ncer i els seus familiars<\/strong> durant tot el proc\u00e9s de la malaltia, de <strong>forma gratu\u00efta<\/strong>. Entre els <strong>serveis<\/strong> que s\u2019ofereixen des de l\u2019entitat com el <strong>suport psicol\u00f2gic, el suport social o el Servei d\u2019Atenci\u00f3 de Domicili (SAD)<\/strong>, entre altres, tamb\u00e9 es presten<strong> ajudes de farm\u00e0cia <\/strong>tenint en compte la situaci\u00f3 econ\u00f2mica del pacient.<\/p>\n\n\n\n<div class=\"wp-block-columns is-layout-flex wp-container-core-columns-is-layout-28f84493 wp-block-columns-is-layout-flex\">\n<div class=\"wp-block-column is-layout-flow wp-block-column-is-layout-flow\"><\/div>\n\n\n\n<div class=\"wp-block-column is-layout-flow wp-block-column-is-layout-flow\"><\/div>\n\n\n\n<div class=\"wp-block-column is-layout-flow wp-block-column-is-layout-flow\">\n<p class=\"has-text-align-right\"><strong>Amb la col\u00b7laboraci\u00f3 de:<\/strong><\/p>\n\n\n\n<div class=\"wp-block-uagb-image uagb-block-df549ec8 wp-block-uagb-image--layout-default wp-block-uagb-image--effect-static wp-block-uagb-image--align-none\"><figure class=\"wp-block-uagb-image__figure\"><img loading=\"lazy\" decoding=\"async\" srcset=\"https:\/\/www.cofb.org\/wp-content\/uploads\/2023\/10\/Logo-Oncolliga_1-1024x244.png \" sizes=\"auto, (max-width: 480px) 150px\" src=\"https:\/\/www.cofb.org\/wp-content\/uploads\/2023\/10\/Logo-Oncolliga_1-1024x244.png\" alt=\"\" class=\"uag-image-68987\" width=\"1525\" height=\"363\" title=\"\" loading=\"lazy\"\/><\/figure><\/div>\n\n\n\n<p class=\"has-text-align-right\"><strong>Amb el patrocini de:<\/strong><\/p>\n\n\n\n<div class=\"wp-block-uagb-image uagb-block-bc64ad54 wp-block-uagb-image--layout-default wp-block-uagb-image--effect-static wp-block-uagb-image--align-none\"><figure class=\"wp-block-uagb-image__figure\"><img loading=\"lazy\" decoding=\"async\" srcset=\"https:\/\/www.cofb.org\/wp-content\/uploads\/2023\/10\/janssen-1024x576.png \" sizes=\"auto, (max-width: 480px) 150px\" src=\"https:\/\/www.cofb.org\/wp-content\/uploads\/2023\/10\/janssen-1024x576.png\" alt=\"\" class=\"uag-image-68989\" width=\"1280\" height=\"720\" title=\"\" loading=\"lazy\"\/><\/figure><\/div>\n<\/div>\n<\/div>\n","protected":false},"excerpt":{"rendered":"<p>El Col\u00b7legi de Farmac\u00e8utics de Barcelona (COFB) va organitzar la tert\u00falia d\u2019actualitat \u201cC\u00e0ncer de pr\u00f2stata i el seu impacte en la sexualitat\u201d dirigida als farmac\u00e8utics. <\/p>\n","protected":false},"author":1,"featured_media":67821,"comment_status":"open","ping_status":"open","sticky":false,"template":"","format":"standard","meta":{"_uag_custom_page_level_css":"","site-sidebar-layout":"default","site-content-layout":"","ast-site-content-layout":"default","site-content-style":"default","site-sidebar-style":"default","ast-global-header-display":"","ast-banner-title-visibility":"","ast-main-header-display":"","ast-hfb-above-header-display":"","ast-hfb-below-header-display":"","ast-hfb-mobile-header-display":"","site-post-title":"","ast-breadcrumbs-content":"","ast-featured-img":"disabled","footer-sml-layout":"","theme-transparent-header-meta":"","adv-header-id-meta":"","stick-header-meta":"","header-above-stick-meta":"","header-main-stick-meta":"","header-below-stick-meta":"","astra-migrate-meta-layouts":"default","ast-page-background-enabled":"default","ast-page-background-meta":{"desktop":{"background-color":"var(--ast-global-color-4)","background-image":"","background-repeat":"repeat","background-position":"center center","background-size":"auto","background-attachment":"scroll","background-type":"","background-media":"","overlay-type":"","overlay-color":"","overlay-opacity":"","overlay-gradient":""},"tablet":{"background-color":"","background-image":"","background-repeat":"repeat","background-position":"center center","background-size":"auto","background-attachment":"scroll","background-type":"","background-media":"","overlay-type":"","overlay-color":"","overlay-opacity":"","overlay-gradient":""},"mobile":{"background-color":"","background-image":"","background-repeat":"repeat","background-position":"center center","background-size":"auto","background-attachment":"scroll","background-type":"","background-media":"","overlay-type":"","overlay-color":"","overlay-opacity":"","overlay-gradient":""}},"ast-content-background-meta":{"desktop":{"background-color":"var(--ast-global-color-5)","background-image":"","background-repeat":"repeat","background-position":"center center","background-size":"auto","background-attachment":"scroll","background-type":"","background-media":"","overlay-type":"","overlay-color":"","overlay-opacity":"","overlay-gradient":""},"tablet":{"background-color":"var(--ast-global-color-5)","background-image":"","background-repeat":"repeat","background-position":"center center","background-size":"auto","background-attachment":"scroll","background-type":"","background-media":"","overlay-type":"","overlay-color":"","overlay-opacity":"","overlay-gradient":""},"mobile":{"background-color":"var(--ast-global-color-5)","background-image":"","background-repeat":"repeat","background-position":"center center","background-size":"auto","background-attachment":"scroll","background-type":"","background-media":"","overlay-type":"","overlay-color":"","overlay-opacity":"","overlay-gradient":""}},"footnotes":""},"categories":[23,57],"tags":[723,975,18,19,68,69,976,264,977,139],"class_list":["post-64872","post","type-post","status-publish","format-standard","has-post-thumbnail","hentry","category-destacats","category-mon-collegial","tag-cancer","tag-cancer-de-prostata","tag-cofb","tag-collegi-de-farmaceutics-de-barcelona","tag-farmacia","tag-farmacia-comunitaria","tag-janssen","tag-prevencio","tag-sexualitat","tag-tertulia-actualitat"],"yoast_head":"<!-- This site is optimized with the Yoast SEO plugin v22.4 - https:\/\/yoast.com\/wordpress\/plugins\/seo\/ -->\n<title>C\u00e0ncer de pr\u00f2stata i el seu impacte en la sexualitat. Nova tert\u00falia d&#039;actualitat al COFB - Col\u00b7legi de Farmac\u00e8utics de Barcelona<\/title>\n<meta name=\"description\" content=\"El COFB va organitzar la tert\u00falia d\u2019actualitat \u201cC\u00e0ncer de pr\u00f2stata i el seu impacte en la sexualitat\u201d dirigida als farmac\u00e8utics\" \/>\n<meta name=\"robots\" content=\"index, follow, max-snippet:-1, max-image-preview:large, max-video-preview:-1\" \/>\n<link rel=\"canonical\" href=\"https:\/\/novaorg.cofb.net\/2022\/12\/01\/cancer-de-prostata-i-el-seu-impacte-en-la-sexualitat-nova-tertulia-dactualitat-al-cofb\/\" \/>\n<meta property=\"og:locale\" content=\"ca_ES\" \/>\n<meta property=\"og:type\" content=\"article\" \/>\n<meta property=\"og:title\" content=\"C\u00e0ncer de pr\u00f2stata i el seu impacte en la sexualitat. Nova tert\u00falia d&#039;actualitat al COFB - Col\u00b7legi de Farmac\u00e8utics de Barcelona\" \/>\n<meta property=\"og:description\" content=\"El COFB va organitzar la tert\u00falia d\u2019actualitat \u201cC\u00e0ncer de pr\u00f2stata i el seu impacte en la sexualitat\u201d dirigida als farmac\u00e8utics\" \/>\n<meta property=\"og:url\" content=\"https:\/\/novaorg.cofb.net\/2022\/12\/01\/cancer-de-prostata-i-el-seu-impacte-en-la-sexualitat-nova-tertulia-dactualitat-al-cofb\/\" \/>\n<meta property=\"og:site_name\" content=\"Col\u00b7legi de Farmac\u00e8utics de Barcelona\" \/>\n<meta property=\"article:publisher\" content=\"https:\/\/www.facebook.com\/farmaceuticsbcn\/\" \/>\n<meta property=\"article:published_time\" content=\"2022-12-01T17:36:40+00:00\" \/>\n<meta property=\"article:modified_time\" content=\"2023-10-09T13:09:41+00:00\" \/>\n<meta property=\"og:image\" content=\"https:\/\/novaorg.cofb.net\/wp-content\/uploads\/2023\/07\/COFB_PROSTATA_112022_9-1024x537-1.jpg\" \/>\n\t<meta property=\"og:image:width\" content=\"1024\" \/>\n\t<meta property=\"og:image:height\" content=\"537\" \/>\n\t<meta property=\"og:image:type\" content=\"image\/jpeg\" \/>\n<meta name=\"author\" content=\"wpAdminCofbOrg\" \/>\n<meta name=\"twitter:card\" content=\"summary_large_image\" \/>\n<meta name=\"twitter:creator\" content=\"@farmaceuticsbcn\" \/>\n<meta name=\"twitter:site\" content=\"@farmaceuticsbcn\" \/>\n<meta name=\"twitter:label1\" content=\"Escrit per\" \/>\n\t<meta name=\"twitter:data1\" content=\"wpAdminCofbOrg\" \/>\n\t<meta name=\"twitter:label2\" content=\"Temps estimat de lectura\" \/>\n\t<meta name=\"twitter:data2\" content=\"6 minuts\" \/>\n<script type=\"application\/ld+json\" class=\"yoast-schema-graph\">{\"@context\":\"https:\/\/schema.org\",\"@graph\":[{\"@type\":\"Article\",\"@id\":\"https:\/\/novaorg.cofb.net\/2022\/12\/01\/cancer-de-prostata-i-el-seu-impacte-en-la-sexualitat-nova-tertulia-dactualitat-al-cofb\/#article\",\"isPartOf\":{\"@id\":\"https:\/\/novaorg.cofb.net\/2022\/12\/01\/cancer-de-prostata-i-el-seu-impacte-en-la-sexualitat-nova-tertulia-dactualitat-al-cofb\/\"},\"author\":{\"name\":\"wpAdminCofbOrg\",\"@id\":\"https:\/\/www.cofb.org\/#\/schema\/person\/22ed7eea88da74b0fa4d3154ad87ffcb\"},\"headline\":\"C\u00e0ncer de pr\u00f2stata i el seu impacte en la sexualitat. Nova tert\u00falia d&#8217;actualitat al COFB\",\"datePublished\":\"2022-12-01T17:36:40+00:00\",\"dateModified\":\"2023-10-09T13:09:41+00:00\",\"mainEntityOfPage\":{\"@id\":\"https:\/\/novaorg.cofb.net\/2022\/12\/01\/cancer-de-prostata-i-el-seu-impacte-en-la-sexualitat-nova-tertulia-dactualitat-al-cofb\/\"},\"wordCount\":1074,\"commentCount\":0,\"publisher\":{\"@id\":\"https:\/\/www.cofb.org\/#organization\"},\"image\":{\"@id\":\"https:\/\/novaorg.cofb.net\/2022\/12\/01\/cancer-de-prostata-i-el-seu-impacte-en-la-sexualitat-nova-tertulia-dactualitat-al-cofb\/#primaryimage\"},\"thumbnailUrl\":\"https:\/\/www.cofb.org\/wp-content\/uploads\/2023\/07\/COFB_PROSTATA_112022_9-1024x537-1.jpg\",\"keywords\":[\"c\u00e0ncer\",\"c\u00e0ncer de pr\u00f2stata\",\"COFB\",\"Col\u00b7legi de Farmac\u00e8utics de Barcelona\",\"Farm\u00e0cia\",\"farm\u00e0cia comunit\u00e0ria\",\"Janssen\",\"prevenci\u00f3\",\"sexualitat\",\"tert\u00falia actualitat\"],\"articleSection\":[\"Destacats\",\"M\u00f3n col\u00b7legial\"],\"inLanguage\":\"ca\",\"potentialAction\":[{\"@type\":\"CommentAction\",\"name\":\"Comment\",\"target\":[\"https:\/\/novaorg.cofb.net\/2022\/12\/01\/cancer-de-prostata-i-el-seu-impacte-en-la-sexualitat-nova-tertulia-dactualitat-al-cofb\/#respond\"]}]},{\"@type\":\"WebPage\",\"@id\":\"https:\/\/novaorg.cofb.net\/2022\/12\/01\/cancer-de-prostata-i-el-seu-impacte-en-la-sexualitat-nova-tertulia-dactualitat-al-cofb\/\",\"url\":\"https:\/\/novaorg.cofb.net\/2022\/12\/01\/cancer-de-prostata-i-el-seu-impacte-en-la-sexualitat-nova-tertulia-dactualitat-al-cofb\/\",\"name\":\"C\u00e0ncer de pr\u00f2stata i el seu impacte en la sexualitat. Nova tert\u00falia d'actualitat al COFB - Col\u00b7legi de Farmac\u00e8utics de Barcelona\",\"isPartOf\":{\"@id\":\"https:\/\/www.cofb.org\/#website\"},\"primaryImageOfPage\":{\"@id\":\"https:\/\/novaorg.cofb.net\/2022\/12\/01\/cancer-de-prostata-i-el-seu-impacte-en-la-sexualitat-nova-tertulia-dactualitat-al-cofb\/#primaryimage\"},\"image\":{\"@id\":\"https:\/\/novaorg.cofb.net\/2022\/12\/01\/cancer-de-prostata-i-el-seu-impacte-en-la-sexualitat-nova-tertulia-dactualitat-al-cofb\/#primaryimage\"},\"thumbnailUrl\":\"https:\/\/www.cofb.org\/wp-content\/uploads\/2023\/07\/COFB_PROSTATA_112022_9-1024x537-1.jpg\",\"datePublished\":\"2022-12-01T17:36:40+00:00\",\"dateModified\":\"2023-10-09T13:09:41+00:00\",\"description\":\"El COFB va organitzar la tert\u00falia d\u2019actualitat \u201cC\u00e0ncer de pr\u00f2stata i el seu impacte en la sexualitat\u201d dirigida als farmac\u00e8utics\",\"breadcrumb\":{\"@id\":\"https:\/\/novaorg.cofb.net\/2022\/12\/01\/cancer-de-prostata-i-el-seu-impacte-en-la-sexualitat-nova-tertulia-dactualitat-al-cofb\/#breadcrumb\"},\"inLanguage\":\"ca\",\"potentialAction\":[{\"@type\":\"ReadAction\",\"target\":[\"https:\/\/novaorg.cofb.net\/2022\/12\/01\/cancer-de-prostata-i-el-seu-impacte-en-la-sexualitat-nova-tertulia-dactualitat-al-cofb\/\"]}]},{\"@type\":\"ImageObject\",\"inLanguage\":\"ca\",\"@id\":\"https:\/\/novaorg.cofb.net\/2022\/12\/01\/cancer-de-prostata-i-el-seu-impacte-en-la-sexualitat-nova-tertulia-dactualitat-al-cofb\/#primaryimage\",\"url\":\"https:\/\/www.cofb.org\/wp-content\/uploads\/2023\/07\/COFB_PROSTATA_112022_9-1024x537-1.jpg\",\"contentUrl\":\"https:\/\/www.cofb.org\/wp-content\/uploads\/2023\/07\/COFB_PROSTATA_112022_9-1024x537-1.jpg\",\"width\":1024,\"height\":537},{\"@type\":\"BreadcrumbList\",\"@id\":\"https:\/\/novaorg.cofb.net\/2022\/12\/01\/cancer-de-prostata-i-el-seu-impacte-en-la-sexualitat-nova-tertulia-dactualitat-al-cofb\/#breadcrumb\",\"itemListElement\":[{\"@type\":\"ListItem\",\"position\":1,\"name\":\"Inici\",\"item\":\"https:\/\/novaorg.cofb.net\/\"},{\"@type\":\"ListItem\",\"position\":2,\"name\":\"C\u00e0ncer de pr\u00f2stata i el seu impacte en la sexualitat. Nova tert\u00falia d&#8217;actualitat al COFB\"}]},{\"@type\":\"WebSite\",\"@id\":\"https:\/\/www.cofb.org\/#website\",\"url\":\"https:\/\/www.cofb.org\/\",\"name\":\"Col\u00b7legi de Farmac\u00e8utics de Barcelona\",\"description\":\"\",\"publisher\":{\"@id\":\"https:\/\/www.cofb.org\/#organization\"},\"potentialAction\":[{\"@type\":\"SearchAction\",\"target\":{\"@type\":\"EntryPoint\",\"urlTemplate\":\"https:\/\/www.cofb.org\/?s={search_term_string}\"},\"query-input\":\"required name=search_term_string\"}],\"inLanguage\":\"ca\"},{\"@type\":\"Organization\",\"@id\":\"https:\/\/www.cofb.org\/#organization\",\"name\":\"Col\u00b7legi de Farmac\u00e8utics de Barcelona\",\"url\":\"https:\/\/www.cofb.org\/\",\"logo\":{\"@type\":\"ImageObject\",\"inLanguage\":\"ca\",\"@id\":\"https:\/\/www.cofb.org\/#\/schema\/logo\/image\/\",\"url\":\"https:\/\/www.cofb.org\/wp-content\/uploads\/2023\/11\/cropped-Logotip-COFB.png\",\"contentUrl\":\"https:\/\/www.cofb.org\/wp-content\/uploads\/2023\/11\/cropped-Logotip-COFB.png\",\"width\":500,\"height\":105,\"caption\":\"Col\u00b7legi de Farmac\u00e8utics de Barcelona\"},\"image\":{\"@id\":\"https:\/\/www.cofb.org\/#\/schema\/logo\/image\/\"},\"sameAs\":[\"https:\/\/www.facebook.com\/farmaceuticsbcn\/\",\"https:\/\/twitter.com\/farmaceuticsbcn\",\"https:\/\/www.instagram.com\/farmaceuticsbcn\/\",\"https:\/\/www.linkedin.com\/company\/farmaceuticsbcn\/\"]},{\"@type\":\"Person\",\"@id\":\"https:\/\/www.cofb.org\/#\/schema\/person\/22ed7eea88da74b0fa4d3154ad87ffcb\",\"name\":\"wpAdminCofbOrg\",\"image\":{\"@type\":\"ImageObject\",\"inLanguage\":\"ca\",\"@id\":\"https:\/\/www.cofb.org\/#\/schema\/person\/image\/\",\"url\":\"https:\/\/secure.gravatar.com\/avatar\/1721b20b3b8ca882c3b56ec6c978c594fff670e40c0718e9190eaeeb76aae7d8?s=96&d=mm&r=g\",\"contentUrl\":\"https:\/\/secure.gravatar.com\/avatar\/1721b20b3b8ca882c3b56ec6c978c594fff670e40c0718e9190eaeeb76aae7d8?s=96&d=mm&r=g\",\"caption\":\"wpAdminCofbOrg\"},\"sameAs\":[\"http:\/\/192.168.64.122\/wordpress\"],\"url\":\"https:\/\/www.cofb.org\/ca\/author\/wpadmincofborg\/\"}]}<\/script>\n<!-- \/ Yoast SEO plugin. -->","yoast_head_json":{"title":"C\u00e0ncer de pr\u00f2stata i el seu impacte en la sexualitat. Nova tert\u00falia d'actualitat al COFB - Col\u00b7legi de Farmac\u00e8utics de Barcelona","description":"El COFB va organitzar la tert\u00falia d\u2019actualitat \u201cC\u00e0ncer de pr\u00f2stata i el seu impacte en la sexualitat\u201d dirigida als farmac\u00e8utics","robots":{"index":"index","follow":"follow","max-snippet":"max-snippet:-1","max-image-preview":"max-image-preview:large","max-video-preview":"max-video-preview:-1"},"canonical":"https:\/\/novaorg.cofb.net\/2022\/12\/01\/cancer-de-prostata-i-el-seu-impacte-en-la-sexualitat-nova-tertulia-dactualitat-al-cofb\/","og_locale":"ca_ES","og_type":"article","og_title":"C\u00e0ncer de pr\u00f2stata i el seu impacte en la sexualitat. Nova tert\u00falia d'actualitat al COFB - Col\u00b7legi de Farmac\u00e8utics de Barcelona","og_description":"El COFB va organitzar la tert\u00falia d\u2019actualitat \u201cC\u00e0ncer de pr\u00f2stata i el seu impacte en la sexualitat\u201d dirigida als farmac\u00e8utics","og_url":"https:\/\/novaorg.cofb.net\/2022\/12\/01\/cancer-de-prostata-i-el-seu-impacte-en-la-sexualitat-nova-tertulia-dactualitat-al-cofb\/","og_site_name":"Col\u00b7legi de Farmac\u00e8utics de Barcelona","article_publisher":"https:\/\/www.facebook.com\/farmaceuticsbcn\/","article_published_time":"2022-12-01T17:36:40+00:00","article_modified_time":"2023-10-09T13:09:41+00:00","og_image":[{"width":1024,"height":537,"url":"https:\/\/novaorg.cofb.net\/wp-content\/uploads\/2023\/07\/COFB_PROSTATA_112022_9-1024x537-1.jpg","type":"image\/jpeg"}],"author":"wpAdminCofbOrg","twitter_card":"summary_large_image","twitter_creator":"@farmaceuticsbcn","twitter_site":"@farmaceuticsbcn","twitter_misc":{"Escrit per":"wpAdminCofbOrg","Temps estimat de lectura":"6 minuts"},"schema":{"@context":"https:\/\/schema.org","@graph":[{"@type":"Article","@id":"https:\/\/novaorg.cofb.net\/2022\/12\/01\/cancer-de-prostata-i-el-seu-impacte-en-la-sexualitat-nova-tertulia-dactualitat-al-cofb\/#article","isPartOf":{"@id":"https:\/\/novaorg.cofb.net\/2022\/12\/01\/cancer-de-prostata-i-el-seu-impacte-en-la-sexualitat-nova-tertulia-dactualitat-al-cofb\/"},"author":{"name":"wpAdminCofbOrg","@id":"https:\/\/www.cofb.org\/#\/schema\/person\/22ed7eea88da74b0fa4d3154ad87ffcb"},"headline":"C\u00e0ncer de pr\u00f2stata i el seu impacte en la sexualitat. Nova tert\u00falia d&#8217;actualitat al COFB","datePublished":"2022-12-01T17:36:40+00:00","dateModified":"2023-10-09T13:09:41+00:00","mainEntityOfPage":{"@id":"https:\/\/novaorg.cofb.net\/2022\/12\/01\/cancer-de-prostata-i-el-seu-impacte-en-la-sexualitat-nova-tertulia-dactualitat-al-cofb\/"},"wordCount":1074,"commentCount":0,"publisher":{"@id":"https:\/\/www.cofb.org\/#organization"},"image":{"@id":"https:\/\/novaorg.cofb.net\/2022\/12\/01\/cancer-de-prostata-i-el-seu-impacte-en-la-sexualitat-nova-tertulia-dactualitat-al-cofb\/#primaryimage"},"thumbnailUrl":"https:\/\/www.cofb.org\/wp-content\/uploads\/2023\/07\/COFB_PROSTATA_112022_9-1024x537-1.jpg","keywords":["c\u00e0ncer","c\u00e0ncer de pr\u00f2stata","COFB","Col\u00b7legi de Farmac\u00e8utics de Barcelona","Farm\u00e0cia","farm\u00e0cia comunit\u00e0ria","Janssen","prevenci\u00f3","sexualitat","tert\u00falia actualitat"],"articleSection":["Destacats","M\u00f3n col\u00b7legial"],"inLanguage":"ca","potentialAction":[{"@type":"CommentAction","name":"Comment","target":["https:\/\/novaorg.cofb.net\/2022\/12\/01\/cancer-de-prostata-i-el-seu-impacte-en-la-sexualitat-nova-tertulia-dactualitat-al-cofb\/#respond"]}]},{"@type":"WebPage","@id":"https:\/\/novaorg.cofb.net\/2022\/12\/01\/cancer-de-prostata-i-el-seu-impacte-en-la-sexualitat-nova-tertulia-dactualitat-al-cofb\/","url":"https:\/\/novaorg.cofb.net\/2022\/12\/01\/cancer-de-prostata-i-el-seu-impacte-en-la-sexualitat-nova-tertulia-dactualitat-al-cofb\/","name":"C\u00e0ncer de pr\u00f2stata i el seu impacte en la sexualitat. Nova tert\u00falia d'actualitat al COFB - Col\u00b7legi de Farmac\u00e8utics de Barcelona","isPartOf":{"@id":"https:\/\/www.cofb.org\/#website"},"primaryImageOfPage":{"@id":"https:\/\/novaorg.cofb.net\/2022\/12\/01\/cancer-de-prostata-i-el-seu-impacte-en-la-sexualitat-nova-tertulia-dactualitat-al-cofb\/#primaryimage"},"image":{"@id":"https:\/\/novaorg.cofb.net\/2022\/12\/01\/cancer-de-prostata-i-el-seu-impacte-en-la-sexualitat-nova-tertulia-dactualitat-al-cofb\/#primaryimage"},"thumbnailUrl":"https:\/\/www.cofb.org\/wp-content\/uploads\/2023\/07\/COFB_PROSTATA_112022_9-1024x537-1.jpg","datePublished":"2022-12-01T17:36:40+00:00","dateModified":"2023-10-09T13:09:41+00:00","description":"El COFB va organitzar la tert\u00falia d\u2019actualitat \u201cC\u00e0ncer de pr\u00f2stata i el seu impacte en la sexualitat\u201d dirigida als farmac\u00e8utics","breadcrumb":{"@id":"https:\/\/novaorg.cofb.net\/2022\/12\/01\/cancer-de-prostata-i-el-seu-impacte-en-la-sexualitat-nova-tertulia-dactualitat-al-cofb\/#breadcrumb"},"inLanguage":"ca","potentialAction":[{"@type":"ReadAction","target":["https:\/\/novaorg.cofb.net\/2022\/12\/01\/cancer-de-prostata-i-el-seu-impacte-en-la-sexualitat-nova-tertulia-dactualitat-al-cofb\/"]}]},{"@type":"ImageObject","inLanguage":"ca","@id":"https:\/\/novaorg.cofb.net\/2022\/12\/01\/cancer-de-prostata-i-el-seu-impacte-en-la-sexualitat-nova-tertulia-dactualitat-al-cofb\/#primaryimage","url":"https:\/\/www.cofb.org\/wp-content\/uploads\/2023\/07\/COFB_PROSTATA_112022_9-1024x537-1.jpg","contentUrl":"https:\/\/www.cofb.org\/wp-content\/uploads\/2023\/07\/COFB_PROSTATA_112022_9-1024x537-1.jpg","width":1024,"height":537},{"@type":"BreadcrumbList","@id":"https:\/\/novaorg.cofb.net\/2022\/12\/01\/cancer-de-prostata-i-el-seu-impacte-en-la-sexualitat-nova-tertulia-dactualitat-al-cofb\/#breadcrumb","itemListElement":[{"@type":"ListItem","position":1,"name":"Inici","item":"https:\/\/novaorg.cofb.net\/"},{"@type":"ListItem","position":2,"name":"C\u00e0ncer de pr\u00f2stata i el seu impacte en la sexualitat. Nova tert\u00falia d&#8217;actualitat al COFB"}]},{"@type":"WebSite","@id":"https:\/\/www.cofb.org\/#website","url":"https:\/\/www.cofb.org\/","name":"Col\u00b7legi de Farmac\u00e8utics de Barcelona","description":"","publisher":{"@id":"https:\/\/www.cofb.org\/#organization"},"potentialAction":[{"@type":"SearchAction","target":{"@type":"EntryPoint","urlTemplate":"https:\/\/www.cofb.org\/?s={search_term_string}"},"query-input":"required name=search_term_string"}],"inLanguage":"ca"},{"@type":"Organization","@id":"https:\/\/www.cofb.org\/#organization","name":"Col\u00b7legi de Farmac\u00e8utics de Barcelona","url":"https:\/\/www.cofb.org\/","logo":{"@type":"ImageObject","inLanguage":"ca","@id":"https:\/\/www.cofb.org\/#\/schema\/logo\/image\/","url":"https:\/\/www.cofb.org\/wp-content\/uploads\/2023\/11\/cropped-Logotip-COFB.png","contentUrl":"https:\/\/www.cofb.org\/wp-content\/uploads\/2023\/11\/cropped-Logotip-COFB.png","width":500,"height":105,"caption":"Col\u00b7legi de Farmac\u00e8utics de Barcelona"},"image":{"@id":"https:\/\/www.cofb.org\/#\/schema\/logo\/image\/"},"sameAs":["https:\/\/www.facebook.com\/farmaceuticsbcn\/","https:\/\/twitter.com\/farmaceuticsbcn","https:\/\/www.instagram.com\/farmaceuticsbcn\/","https:\/\/www.linkedin.com\/company\/farmaceuticsbcn\/"]},{"@type":"Person","@id":"https:\/\/www.cofb.org\/#\/schema\/person\/22ed7eea88da74b0fa4d3154ad87ffcb","name":"wpAdminCofbOrg","image":{"@type":"ImageObject","inLanguage":"ca","@id":"https:\/\/www.cofb.org\/#\/schema\/person\/image\/","url":"https:\/\/secure.gravatar.com\/avatar\/1721b20b3b8ca882c3b56ec6c978c594fff670e40c0718e9190eaeeb76aae7d8?s=96&d=mm&r=g","contentUrl":"https:\/\/secure.gravatar.com\/avatar\/1721b20b3b8ca882c3b56ec6c978c594fff670e40c0718e9190eaeeb76aae7d8?s=96&d=mm&r=g","caption":"wpAdminCofbOrg"},"sameAs":["http:\/\/192.168.64.122\/wordpress"],"url":"https:\/\/www.cofb.org\/ca\/author\/wpadmincofborg\/"}]}},"uagb_featured_image_src":{"full":["https:\/\/www.cofb.org\/wp-content\/uploads\/2023\/07\/COFB_PROSTATA_112022_9-1024x537-1.jpg",1024,537,false],"thumbnail":["https:\/\/www.cofb.org\/wp-content\/uploads\/2023\/07\/COFB_PROSTATA_112022_9-1024x537-1-150x150.jpg",150,150,true],"medium":["https:\/\/www.cofb.org\/wp-content\/uploads\/2023\/07\/COFB_PROSTATA_112022_9-1024x537-1-300x157.jpg",300,157,true],"medium_large":["https:\/\/www.cofb.org\/wp-content\/uploads\/2023\/07\/COFB_PROSTATA_112022_9-1024x537-1-768x403.jpg",768,403,true],"large":["https:\/\/www.cofb.org\/wp-content\/uploads\/2023\/07\/COFB_PROSTATA_112022_9-1024x537-1.jpg",1024,537,false],"1536x1536":["https:\/\/www.cofb.org\/wp-content\/uploads\/2023\/07\/COFB_PROSTATA_112022_9-1024x537-1.jpg",1024,537,false],"2048x2048":["https:\/\/www.cofb.org\/wp-content\/uploads\/2023\/07\/COFB_PROSTATA_112022_9-1024x537-1.jpg",1024,537,false],"trp-custom-language-flag":["https:\/\/www.cofb.org\/wp-content\/uploads\/2023\/07\/COFB_PROSTATA_112022_9-1024x537-1.jpg",18,9,false]},"uagb_author_info":{"display_name":"wpAdminCofbOrg","author_link":"https:\/\/www.cofb.org\/ca\/author\/wpadmincofborg\/"},"uagb_comment_info":0,"uagb_excerpt":"El Col\u00b7legi de Farmac\u00e8utics de Barcelona (COFB) va organitzar la tert\u00falia d\u2019actualitat \u201cC\u00e0ncer de pr\u00f2stata i el seu impacte en la sexualitat\u201d dirigida als farmac\u00e8utics.","_links":{"self":[{"href":"https:\/\/www.cofb.org\/ca\/wp-json\/wp\/v2\/posts\/64872","targetHints":{"allow":["GET"]}}],"collection":[{"href":"https:\/\/www.cofb.org\/ca\/wp-json\/wp\/v2\/posts"}],"about":[{"href":"https:\/\/www.cofb.org\/ca\/wp-json\/wp\/v2\/types\/post"}],"author":[{"embeddable":true,"href":"https:\/\/www.cofb.org\/ca\/wp-json\/wp\/v2\/users\/1"}],"replies":[{"embeddable":true,"href":"https:\/\/www.cofb.org\/ca\/wp-json\/wp\/v2\/comments?post=64872"}],"version-history":[{"count":5,"href":"https:\/\/www.cofb.org\/ca\/wp-json\/wp\/v2\/posts\/64872\/revisions"}],"predecessor-version":[{"id":68990,"href":"https:\/\/www.cofb.org\/ca\/wp-json\/wp\/v2\/posts\/64872\/revisions\/68990"}],"wp:featuredmedia":[{"embeddable":true,"href":"https:\/\/www.cofb.org\/ca\/wp-json\/wp\/v2\/media\/67821"}],"wp:attachment":[{"href":"https:\/\/www.cofb.org\/ca\/wp-json\/wp\/v2\/media?parent=64872"}],"wp:term":[{"taxonomy":"category","embeddable":true,"href":"https:\/\/www.cofb.org\/ca\/wp-json\/wp\/v2\/categories?post=64872"},{"taxonomy":"post_tag","embeddable":true,"href":"https:\/\/www.cofb.org\/ca\/wp-json\/wp\/v2\/tags?post=64872"}],"curies":[{"name":"wp","href":"https:\/\/api.w.org\/{rel}","templated":true}]}}