{"id":64837,"date":"2022-11-29T15:10:51","date_gmt":"2022-11-29T13:10:51","guid":{"rendered":"https:\/\/blog.cofb.cat\/?p=64837"},"modified":"2023-10-09T13:14:45","modified_gmt":"2023-10-09T13:14:45","slug":"deteccio-i-resolucio-de-la-grip-el-refredat-i-la-covid-des-de-la-farmacia-comunitaria","status":"publish","type":"post","link":"https:\/\/www.cofb.org\/ca\/2022\/11\/29\/deteccio-i-resolucio-de-la-grip-el-refredat-i-la-covid-des-de-la-farmacia-comunitaria\/","title":{"rendered":"Detecci\u00f3 i resoluci\u00f3 de la grip, el refredat i la COVID des de la farm\u00e0cia comunit\u00e0ria"},"content":{"rendered":"\n<p>El passat 8 de novembre, el <strong>Col\u00b7legi de Farmac\u00e8utics de Barcelona (COFB)<\/strong> va organitzar la confer\u00e8ncia <strong>\u201cGrip, refredat i COVID: detecci\u00f3 i resoluci\u00f3 en la farm\u00e0cia comunit\u00e0ria\u201d<\/strong>, amb el patrocini de<a href=\"https:\/\/vicks.es\/es-es\" target=\"_blank\" rel=\"noreferrer noopener\"><strong> Vicks<\/strong>.<\/a> El vocal d\u2019Oficina de Farm\u00e0cia del COFB, <strong>Guillermo Bagaria<\/strong>, va ser l\u2019encarregat de <strong>moderar<\/strong> la <strong>sessi\u00f3<\/strong> en format <strong>webinar<\/strong>. Una formaci\u00f3 que va impartir la farmac\u00e8utica comunit\u00e0ria i vocal de la Junta de Govern del COFB, <strong>Laura Gom\u00e0<\/strong>; i el farmac\u00e8utic comunitari i vocal d\u2019Investigaci\u00f3 i Doc\u00e8ncia del COF de Toledo, <strong>Guillermo Estrada<\/strong>.<\/p>\n\n\n\n<figure class=\"wp-block-image size-large\"><a href=\"https:\/\/blog.cofb.cat\/wp-content\/uploads\/2022\/11\/COFB_GripCovidRefredat_20221108_0.png\" target=\"_blank\" rel=\"noopener\"><img decoding=\"async\" src=\"https:\/\/blog.cofb.cat\/wp-content\/uploads\/2022\/11\/COFB_GripCovidRefredat_20221108_0-1024x576.png\" alt=\"El vocal d\u2019Oficina de Farm\u00e0cia del COFB, Guillermo Bagaria (a baix a l'esquerra), va moderar la sessi\u00f3.\" class=\"wp-image-65027\" title=\"  El vocal d\u2019Oficina de Farm\u00e0cia del COFB, Guillermo Bagaria (a baix a l'esquerra), va moderar la sessi\u00f3.\"\/><\/a><figcaption class=\"wp-element-caption\"> El vocal d\u2019Oficina de Farm\u00e0cia del COFB, Guillermo Bagaria (a baix a l&#8217;esquerra), va moderar la sessi\u00f3.<\/figcaption><\/figure>\n\n\n\n<p>Els <strong>objectius principals<\/strong> de la confer\u00e8ncia eren oferir informaci\u00f3 detallada al farmac\u00e8utic perqu\u00e8 pugui <strong>distingir les diferents malalties respirat\u00f2ries del tracte superior<\/strong>, que molt sovint, tenen <strong>s\u00edmptomes en com\u00fa<\/strong> i es poden confondre. Aix\u00ed doncs, en la confer\u00e8ncia es van diferenciar els s\u00edmptomes de la <strong>grip, el refredat i la COVID<\/strong>; es va explicar el <strong>protocol de derivaci\u00f3<\/strong>; i es van detallar els <strong>tractaments farmacol\u00f2gics i fitoterap\u00e8utics<\/strong> que es poden aconsellar des de l\u2019<strong>oficina de farm\u00e0cia<\/strong>.<\/p>\n\n\n\n<h2 class=\"wp-block-heading\"><strong>Tractaments farmacol\u00f2gics, fitoterap\u00e8utics i no farmacol\u00f2gics<\/strong><\/h2>\n\n\n\n<p>Guillermo Estrada va iniciar la seva presentaci\u00f3 recalcant la <strong>import\u00e0ncia de qu\u00e8 el farmac\u00e8utic cada vegada sigui m\u00e9s part\u00edcip en la resoluci\u00f3 de les infeccions<\/strong> <strong>respirat\u00f2ries<\/strong>, ja que s\u00f3n el principal motiu d\u2019<strong>absentisme laboral i escolar <\/strong>(entre un 10% i un 17% de les baixes laborals a Espanya s\u00f3n conseq\u00fc\u00e8ncia de la grip estacional). Per aquesta ra\u00f3, el farmac\u00e8utic comentava que \u201cdes de la farm\u00e0cia, pel fet de <strong>no poder dispensar antibi\u00f2tics<\/strong>, l\u2019\u00fanic que podem fer \u00e9s <strong>alleujar la simptomatologia\u201d<\/strong>.<\/p>\n\n\n\n<p><strong>Estrada<\/strong> tamb\u00e9 va assegurar que es pot <strong>mitigar el potencial de la grip<\/strong> i que \u201cara tenim una gran oportunitat, si llencem una bona campanya de vacunaci\u00f3 i si som efectius. &#8220;All\u00e0 a les farm\u00e0cies tenim una gran responsabilitat, no nom\u00e9s per vacunar-se com a sanitaris sin\u00f3 per conscienciar a les persones de risc que passen per les farm\u00e0cies\u201d, va assenyalar.<\/p>\n\n\n\n<figure class=\"wp-block-image size-large\"><a href=\"https:\/\/blog.cofb.cat\/wp-content\/uploads\/2022\/11\/COFB_FitoterapiaInsuficienciaVenosa_20221020_3.png\" target=\"_blank\" rel=\"noopener\"><img decoding=\"async\" src=\"https:\/\/blog.cofb.cat\/wp-content\/uploads\/2022\/11\/COFB_FitoterapiaInsuficienciaVenosa_20221020_3-1024x576.png\" alt=\"Guillermo Estrada, farmac\u00e8utic comunitari i vocal d\u2019Investigaci\u00f3 i Doc\u00e8ncia del COF de Toledo, en un moment de la seva presentaci\u00f3. \" class=\"wp-image-64720\" title=\" Guillermo Estrada, farmac\u00e8utic comunitari i vocal d\u2019Investigaci\u00f3 i Doc\u00e8ncia del COF de Toledo, en un moment de la seva presentaci\u00f3. \"\/><\/a><figcaption class=\"wp-element-caption\"> Guillermo Estrada, farmac\u00e8utic comunitari i vocal d\u2019Investigaci\u00f3 i Doc\u00e8ncia del COF de Toledo, en un moment de la seva presentaci\u00f3. <\/figcaption><\/figure>\n\n\n\n<p>El farmac\u00e8utic va repassar els <strong>tractaments<\/strong> per tractar aquestes malalties respirat\u00f2ries, tractaments <strong>farmacol\u00f2gics<\/strong> com els analg\u00e8sics, anest\u00e8sics, mucol\u00edtics, descongestius, antihistam\u00ednics, entre d\u2019altres; i els <strong>fitoterap\u00e8utics<\/strong> com l\u2019<em>echinaccea purpurea<\/em>, <em>salix cortex<\/em>, la c\u00e0mfora o el mentol, entre d\u2019altres.<\/p>\n\n\n\n<p>Per altra banda, pel que fa als <strong>tractaments no farmacol\u00f2gics<\/strong>, Estrada va comentar que la <strong>qualitat del son<\/strong> tamb\u00e9 juga un paper important en el <strong>contagi, el patiment i la recuperaci\u00f3 de les malalties respirat\u00f2ries<\/strong>. En aquest sentit, tamb\u00e9 va fer menci\u00f3 <strong>de mesures com el descans, la bona hidrataci\u00f3, les rentades nasals amb solucions salines, entre d\u2019altres<\/strong>.<\/p>\n\n\n\n<p>Estrada tamb\u00e9 va explicar alguns dels falsos <strong>mites, <\/strong>entorn les malalties respirat\u00f2ries, com el fet que la vacuna de la grip debilita el sistema immune o que les PCR i els ant\u00edgens no detecten la SARS CoV2.<\/p>\n\n\n<div class=\"destacat-blog\">\n\n\n<h2 class=\"wp-block-heading\"><strong>Difer\u00e8ncies simptomatol\u00f2giques de la grip, el refredat i la COVID<\/strong><\/h2>\n\n\n\n<p><strong>Les malalties respirat\u00f2ries del tracte superior<\/strong> en algunes ocasions comparteixen simptomatologia, per\u00f2 hi ha alguns aspectes diferenciadors. <strong>Guillermo Estrada<\/strong> va repassar les particularitats de cadascuna:<\/p>\n\n\n\n<p>Els <strong>refredats<\/strong> estan produ\u00efts pel <strong>Rinovirus 40%, Coronavirus 20%, VRS 5%<\/strong>. Normalment, el per\u00edode d\u2019<strong>incubaci\u00f3 \u00e9s curt<\/strong>, d\u20191-3 dies, i dura menys de 14 dies. Els <strong>s\u00edmptomes apareixen de forma gradual <\/strong>i els m\u00e9s freq\u00fcents s\u00f3n: el mal de coll, la rinorrea, la tos, esternuts i el malestar general. <strong>No acostumen a provocar febre ni s\u00edmptomes greus<\/strong> i es resolen per si mateixos.<\/p>\n\n\n\n<p>Pel que fa a la <strong>grip<\/strong>, es tracta d\u2019una<strong> infecci\u00f3 viral<\/strong>, que moltes vegades<strong> es confon amb el refredat<\/strong>. En aquest cas, el per\u00edode d\u2019<strong>incubaci\u00f3 \u00e9s 1-2 dies<\/strong>, pot allargar-se entre 7 i 14 dies. <strong>La grip sol ser estacional<\/strong>, a difer\u00e8ncia dels refredats. Un altre fet diferencial amb els refredats \u00e9s que<strong> els s\u00edmptomes apareixen de forma sobtada<\/strong> i <strong>s\u00f3n m\u00e9s severs<\/strong>. La simptomatologia principal de la grip \u00e9s la febre, el mal de cap, el dolor muscular, el cansament, la tos o el dolor abdominal.<\/p>\n\n\n\n<figure class=\"wp-block-image size-full\"><a href=\"https:\/\/blog.cofb.cat\/wp-content\/uploads\/2022\/11\/COFB_GripCovidRefredat_20221108_4.jpg\" target=\"_blank\" rel=\"noopener\"><img decoding=\"async\" src=\"https:\/\/blog.cofb.cat\/wp-content\/uploads\/2022\/11\/COFB_GripCovidRefredat_20221108_4.jpg\" alt=\"\" class=\"wp-image-65080\"\/><\/a><\/figure>\n\n\n\n<p>Les <strong>al\u00b7l\u00e8rgies<\/strong> tamb\u00e9 <strong>es poden confondre amb el refredat<\/strong>, per\u00f2 els principals elements diferenciadors s\u00f3n si hi ha hagut <strong>exposici\u00f3 amb algun element al\u00b7lergen<\/strong> i que <strong>no hi ha per\u00edode d\u2019incubaci\u00f3<\/strong>. La simptomatologia \u00e9s espec\u00edfica; principalment l\u2019al\u00b7l\u00e8rgia produeix picors, esternuts, tos i treball respiratori.<\/p>\n\n\n\n<p>Finalment, la <strong>COVID<\/strong> tamb\u00e9 <strong>\u00e9s viral<\/strong>, t\u00e9 un<strong> per\u00edode d\u2019incubaci\u00f3 de 2-14 dies<\/strong> (segons la variant) i pot durar entre 7 i 25 dies. La COVID pot provocar mal de coll, cefalea, rinorrea, tos seca, cansament, malestar general, febrer, p\u00e8rdua del gust i l\u2019olfacte i treball respiratori.<\/p><\/div>\n\n\n\n<h2 class=\"wp-block-heading\"><strong>Incid\u00e8ncia de la grip i experi\u00e8ncies de protocols d&#8217;actuaci\u00f3<\/strong><\/h2>\n\n\n\n<p>La vocal de la Junta de Govern del COFB, <strong>Laura Gom\u00e0<\/strong>, va exposar l\u2019experi\u00e8ncia sobre la incid\u00e8ncia de la grip a les farm\u00e0cies que formen part de <strong>la xarxa de Farm\u00e0cies Sentinella (FS) de Catalunya<\/strong> que duen a terme una tasca de farmacovigil\u00e0ncia, tamb\u00e9 s\u00f3n observatori de medicaments d\u2019ab\u00fas i vigil\u00e0ncia de Salut P\u00fablica (trastorns del son i <strong>vigil\u00e0ncia sindr\u00f2mica de la grip<\/strong>). Les xifres extretes de les farm\u00e0cies sentinella mostren com la <strong>incid\u00e8ncia de la grip<\/strong> va disminuir amb <strong>l\u2019augment de contagis de COVID<\/strong>, els anys 2020-2021 i 2021-2022. Gom\u00e0 va comentar que la <strong>temporada de grip 2022-2023<\/strong> \u201cs\u2019ha comen\u00e7at com en temporades anteriors a la COVID-19, per\u00f2 estem ja pujant per sobre d\u2019altres anys, caldr\u00e0 veure com es va evolucionant\u201d.<\/p>\n\n\n\n<figure class=\"wp-block-image size-full\"><a href=\"https:\/\/www.cofb.org\/wp-content\/uploads\/2023\/10\/COFB_GripCovidRefredat_20221108_3.png\" target=\"_blank\" rel=\"noopener\"><img fetchpriority=\"high\" decoding=\"async\" width=\"460\" height=\"258\" src=\"https:\/\/www.cofb.org\/wp-content\/uploads\/2023\/10\/COFB_GripCovidRefredat_20221108_3.png\" alt=\"\" class=\"wp-image-68991\" title=\" Guillermo Estrada, farmac\u00e8utic comunitari i vocal d\u2019Investigaci\u00f3 i Doc\u00e8ncia del COF de Toledo, en un moment de la seva presentaci\u00f3. \" srcset=\"https:\/\/www.cofb.org\/wp-content\/uploads\/2023\/10\/COFB_GripCovidRefredat_20221108_3.png 460w, https:\/\/www.cofb.org\/wp-content\/uploads\/2023\/10\/COFB_GripCovidRefredat_20221108_3-300x168.png 300w, https:\/\/www.cofb.org\/wp-content\/uploads\/2023\/10\/COFB_GripCovidRefredat_20221108_3-18x10.png 18w\" sizes=\"(max-width: 460px) 100vw, 460px\" \/><\/a><figcaption class=\"wp-element-caption\">  La vocal de la Junta de Govern del COFB, Laura Gom\u00e0, durant la presentaci\u00f3. <\/figcaption><\/figure>\n\n\n\n<p>Finalment, <strong>Gom\u00e0<\/strong> va explicar dues <strong>experi\u00e8ncies de protocols d\u2019actuaci\u00f3<\/strong>: el <strong>protocol de derivaci\u00f3 COVID19<\/strong>, el<strong> JoDIC<\/strong>, que consistia a derivar, informar i conscienciar a la poblaci\u00f3 des de la farm\u00e0cia comunit\u00e0ria per tallar la cadena de transmissi\u00f3 de la COVID-19; i el <strong>protocol de detecci\u00f3 i derivaci\u00f3 COVID persistent, <\/strong>que segons comentava Gom\u00e0 \u201c\u00e9s un projecte que est\u00e0 en estudi i que estan pendents de veure la viabilitat per continuar-lo\u201d.<\/p>\n\n\n\n<div class=\"wp-block-columns is-layout-flex wp-container-core-columns-is-layout-28f84493 wp-block-columns-is-layout-flex\">\n<div class=\"wp-block-column is-layout-flow wp-block-column-is-layout-flow\"><\/div>\n\n\n\n<div class=\"wp-block-column is-layout-flow wp-block-column-is-layout-flow\"><\/div>\n\n\n\n<div class=\"wp-block-column is-layout-flow wp-block-column-is-layout-flow\">\n<p class=\"has-text-align-right\"><strong>Amb el patrocini de:<\/strong><\/p>\n\n\n\n<p> <figure class=\"wp-block-image alignright size-thumbnail\"><a rel=\"noopener\" href=\"https:\/\/vicks.es\/es-es\" target=\"_blank\"><img decoding=\"async\" class=\"wp-image-64839\" src=\"https:\/\/blog.cofb.cat\/wp-content\/uploads\/2022\/11\/VICKS_logo_transparent-150x150.png\" alt=\"\"><\/a><\/figure> <\/p>\n<\/div>\n<\/div>\n","protected":false},"excerpt":{"rendered":"<p>El passat 8 de novembre, el Col\u00b7legi de Farmac\u00e8utics de Barcelona (COFB) va organitzar la confer\u00e8ncia \u201cGrip, refredat i COVID: detecci\u00f3 i resoluci\u00f3 en la farm\u00e0cia comunit\u00e0ria\u201d, amb el patrocini de Vicks. El vocal d\u2019Oficina de Farm\u00e0cia del COFB, Guillermo Bagaria, va ser l\u2019encarregat de moderar la sessi\u00f3 en format [&hellip;]<\/p>\n","protected":false},"author":1,"featured_media":67827,"comment_status":"open","ping_status":"open","sticky":false,"template":"","format":"standard","meta":{"_uag_custom_page_level_css":"","site-sidebar-layout":"default","site-content-layout":"","ast-site-content-layout":"default","site-content-style":"default","site-sidebar-style":"default","ast-global-header-display":"","ast-banner-title-visibility":"","ast-main-header-display":"","ast-hfb-above-header-display":"","ast-hfb-below-header-display":"","ast-hfb-mobile-header-display":"","site-post-title":"","ast-breadcrumbs-content":"","ast-featured-img":"disabled","footer-sml-layout":"","theme-transparent-header-meta":"","adv-header-id-meta":"","stick-header-meta":"","header-above-stick-meta":"","header-main-stick-meta":"","header-below-stick-meta":"","astra-migrate-meta-layouts":"default","ast-page-background-enabled":"default","ast-page-background-meta":{"desktop":{"background-color":"var(--ast-global-color-4)","background-image":"","background-repeat":"repeat","background-position":"center center","background-size":"auto","background-attachment":"scroll","background-type":"","background-media":"","overlay-type":"","overlay-color":"","overlay-opacity":"","overlay-gradient":""},"tablet":{"background-color":"","background-image":"","background-repeat":"repeat","background-position":"center center","background-size":"auto","background-attachment":"scroll","background-type":"","background-media":"","overlay-type":"","overlay-color":"","overlay-opacity":"","overlay-gradient":""},"mobile":{"background-color":"","background-image":"","background-repeat":"repeat","background-position":"center center","background-size":"auto","background-attachment":"scroll","background-type":"","background-media":"","overlay-type":"","overlay-color":"","overlay-opacity":"","overlay-gradient":""}},"ast-content-background-meta":{"desktop":{"background-color":"var(--ast-global-color-5)","background-image":"","background-repeat":"repeat","background-position":"center center","background-size":"auto","background-attachment":"scroll","background-type":"","background-media":"","overlay-type":"","overlay-color":"","overlay-opacity":"","overlay-gradient":""},"tablet":{"background-color":"var(--ast-global-color-5)","background-image":"","background-repeat":"repeat","background-position":"center center","background-size":"auto","background-attachment":"scroll","background-type":"","background-media":"","overlay-type":"","overlay-color":"","overlay-opacity":"","overlay-gradient":""},"mobile":{"background-color":"var(--ast-global-color-5)","background-image":"","background-repeat":"repeat","background-position":"center center","background-size":"auto","background-attachment":"scroll","background-type":"","background-media":"","overlay-type":"","overlay-color":"","overlay-opacity":"","overlay-gradient":""}},"footnotes":""},"categories":[23,57],"tags":[64,18,19,520,963,53,68,69,964,965,226,76,966,78,967,337],"class_list":["post-64837","post","type-post","status-publish","format-standard","has-post-thumbnail","hentry","category-destacats","category-mon-collegial","tag-atencio-farmaceutica","tag-cofb","tag-collegi-de-farmaceutics-de-barcelona","tag-conferencia","tag-covid19","tag-farmaceutics","tag-farmacia","tag-farmacia-comunitaria","tag-grip","tag-grip-i-refredat","tag-malalties-respiratories","tag-oficina-de-farmacia","tag-refredat","tag-tractament-farmacologic","tag-tractament-fitoterapeutic","tag-webinar"],"yoast_head":"<!-- This site is optimized with the Yoast SEO plugin v22.4 - https:\/\/yoast.com\/wordpress\/plugins\/seo\/ -->\n<title>Detecci\u00f3 i resoluci\u00f3 de la grip, el refredat i la COVID des de la farm\u00e0cia comunit\u00e0ria - Col\u00b7legi de Farmac\u00e8utics de Barcelona<\/title>\n<meta name=\"description\" content=\"El passat 8 de novembre, el COFB va organitzar la confer\u00e8ncia \u201cGrip, refredat i COVID: detecci\u00f3 i resoluci\u00f3 en la farm\u00e0cia comunit\u00e0ria\u201d, amb el patrocini de Laboratorios Vicks.\" \/>\n<meta name=\"robots\" content=\"index, follow, max-snippet:-1, max-image-preview:large, max-video-preview:-1\" \/>\n<link rel=\"canonical\" href=\"https:\/\/novaorg.cofb.net\/2022\/11\/29\/deteccio-i-resolucio-de-la-grip-el-refredat-i-la-covid-des-de-la-farmacia-comunitaria\/\" \/>\n<meta property=\"og:locale\" content=\"ca_ES\" \/>\n<meta property=\"og:type\" content=\"article\" \/>\n<meta property=\"og:title\" content=\"Detecci\u00f3 i resoluci\u00f3 de la grip, el refredat i la COVID des de la farm\u00e0cia comunit\u00e0ria - Col\u00b7legi de Farmac\u00e8utics de Barcelona\" \/>\n<meta property=\"og:description\" content=\"El passat 8 de novembre, el COFB va organitzar la confer\u00e8ncia \u201cGrip, refredat i COVID: detecci\u00f3 i resoluci\u00f3 en la farm\u00e0cia comunit\u00e0ria\u201d, amb el patrocini de Laboratorios Vicks.\" \/>\n<meta property=\"og:url\" content=\"https:\/\/novaorg.cofb.net\/2022\/11\/29\/deteccio-i-resolucio-de-la-grip-el-refredat-i-la-covid-des-de-la-farmacia-comunitaria\/\" \/>\n<meta property=\"og:site_name\" content=\"Col\u00b7legi de Farmac\u00e8utics de Barcelona\" \/>\n<meta property=\"article:publisher\" content=\"https:\/\/www.facebook.com\/farmaceuticsbcn\/\" \/>\n<meta property=\"article:published_time\" content=\"2022-11-29T13:10:51+00:00\" \/>\n<meta property=\"article:modified_time\" content=\"2023-10-09T13:14:45+00:00\" \/>\n<meta property=\"og:image\" content=\"https:\/\/novaorg.cofb.net\/wp-content\/uploads\/2023\/07\/COFB_GripCovidRefredat_20221108_0-1024x576-1.png\" \/>\n\t<meta property=\"og:image:width\" content=\"1024\" \/>\n\t<meta property=\"og:image:height\" content=\"576\" \/>\n\t<meta property=\"og:image:type\" content=\"image\/png\" \/>\n<meta name=\"author\" content=\"wpAdminCofbOrg\" \/>\n<meta name=\"twitter:card\" content=\"summary_large_image\" \/>\n<meta name=\"twitter:creator\" content=\"@farmaceuticsbcn\" \/>\n<meta name=\"twitter:site\" content=\"@farmaceuticsbcn\" \/>\n<meta name=\"twitter:label1\" content=\"Escrit per\" \/>\n\t<meta name=\"twitter:data1\" content=\"wpAdminCofbOrg\" \/>\n\t<meta name=\"twitter:label2\" content=\"Temps estimat de lectura\" \/>\n\t<meta name=\"twitter:data2\" content=\"6 minuts\" \/>\n<script type=\"application\/ld+json\" class=\"yoast-schema-graph\">{\"@context\":\"https:\/\/schema.org\",\"@graph\":[{\"@type\":\"Article\",\"@id\":\"https:\/\/novaorg.cofb.net\/2022\/11\/29\/deteccio-i-resolucio-de-la-grip-el-refredat-i-la-covid-des-de-la-farmacia-comunitaria\/#article\",\"isPartOf\":{\"@id\":\"https:\/\/novaorg.cofb.net\/2022\/11\/29\/deteccio-i-resolucio-de-la-grip-el-refredat-i-la-covid-des-de-la-farmacia-comunitaria\/\"},\"author\":{\"name\":\"wpAdminCofbOrg\",\"@id\":\"https:\/\/www.cofb.org\/#\/schema\/person\/22ed7eea88da74b0fa4d3154ad87ffcb\"},\"headline\":\"Detecci\u00f3 i resoluci\u00f3 de la grip, el refredat i la COVID des de la farm\u00e0cia comunit\u00e0ria\",\"datePublished\":\"2022-11-29T13:10:51+00:00\",\"dateModified\":\"2023-10-09T13:14:45+00:00\",\"mainEntityOfPage\":{\"@id\":\"https:\/\/novaorg.cofb.net\/2022\/11\/29\/deteccio-i-resolucio-de-la-grip-el-refredat-i-la-covid-des-de-la-farmacia-comunitaria\/\"},\"wordCount\":1103,\"commentCount\":0,\"publisher\":{\"@id\":\"https:\/\/www.cofb.org\/#organization\"},\"image\":{\"@id\":\"https:\/\/novaorg.cofb.net\/2022\/11\/29\/deteccio-i-resolucio-de-la-grip-el-refredat-i-la-covid-des-de-la-farmacia-comunitaria\/#primaryimage\"},\"thumbnailUrl\":\"https:\/\/www.cofb.org\/wp-content\/uploads\/2023\/07\/COFB_GripCovidRefredat_20221108_0-1024x576-1.png\",\"keywords\":[\"Atenci\u00f3 farmac\u00e8utica\",\"COFB\",\"Col\u00b7legi de Farmac\u00e8utics de Barcelona\",\"confer\u00e8ncia\",\"COVID19\",\"farmac\u00e8utics\",\"Farm\u00e0cia\",\"farm\u00e0cia comunit\u00e0ria\",\"Grip\",\"grip i refredat\",\"malalties respirat\u00f2ries\",\"Oficina de farm\u00e0cia\",\"refredat\",\"tractament farmacol\u00f2gic\",\"tractament fitoterap\u00e8utic\",\"webinar\"],\"articleSection\":[\"Destacats\",\"M\u00f3n col\u00b7legial\"],\"inLanguage\":\"ca\",\"potentialAction\":[{\"@type\":\"CommentAction\",\"name\":\"Comment\",\"target\":[\"https:\/\/novaorg.cofb.net\/2022\/11\/29\/deteccio-i-resolucio-de-la-grip-el-refredat-i-la-covid-des-de-la-farmacia-comunitaria\/#respond\"]}]},{\"@type\":\"WebPage\",\"@id\":\"https:\/\/novaorg.cofb.net\/2022\/11\/29\/deteccio-i-resolucio-de-la-grip-el-refredat-i-la-covid-des-de-la-farmacia-comunitaria\/\",\"url\":\"https:\/\/novaorg.cofb.net\/2022\/11\/29\/deteccio-i-resolucio-de-la-grip-el-refredat-i-la-covid-des-de-la-farmacia-comunitaria\/\",\"name\":\"Detecci\u00f3 i resoluci\u00f3 de la grip, el refredat i la COVID des de la farm\u00e0cia comunit\u00e0ria - Col\u00b7legi de Farmac\u00e8utics de Barcelona\",\"isPartOf\":{\"@id\":\"https:\/\/www.cofb.org\/#website\"},\"primaryImageOfPage\":{\"@id\":\"https:\/\/novaorg.cofb.net\/2022\/11\/29\/deteccio-i-resolucio-de-la-grip-el-refredat-i-la-covid-des-de-la-farmacia-comunitaria\/#primaryimage\"},\"image\":{\"@id\":\"https:\/\/novaorg.cofb.net\/2022\/11\/29\/deteccio-i-resolucio-de-la-grip-el-refredat-i-la-covid-des-de-la-farmacia-comunitaria\/#primaryimage\"},\"thumbnailUrl\":\"https:\/\/www.cofb.org\/wp-content\/uploads\/2023\/07\/COFB_GripCovidRefredat_20221108_0-1024x576-1.png\",\"datePublished\":\"2022-11-29T13:10:51+00:00\",\"dateModified\":\"2023-10-09T13:14:45+00:00\",\"description\":\"El passat 8 de novembre, el COFB va organitzar la confer\u00e8ncia \u201cGrip, refredat i COVID: detecci\u00f3 i resoluci\u00f3 en la farm\u00e0cia comunit\u00e0ria\u201d, amb el patrocini de Laboratorios Vicks.\",\"breadcrumb\":{\"@id\":\"https:\/\/novaorg.cofb.net\/2022\/11\/29\/deteccio-i-resolucio-de-la-grip-el-refredat-i-la-covid-des-de-la-farmacia-comunitaria\/#breadcrumb\"},\"inLanguage\":\"ca\",\"potentialAction\":[{\"@type\":\"ReadAction\",\"target\":[\"https:\/\/novaorg.cofb.net\/2022\/11\/29\/deteccio-i-resolucio-de-la-grip-el-refredat-i-la-covid-des-de-la-farmacia-comunitaria\/\"]}]},{\"@type\":\"ImageObject\",\"inLanguage\":\"ca\",\"@id\":\"https:\/\/novaorg.cofb.net\/2022\/11\/29\/deteccio-i-resolucio-de-la-grip-el-refredat-i-la-covid-des-de-la-farmacia-comunitaria\/#primaryimage\",\"url\":\"https:\/\/www.cofb.org\/wp-content\/uploads\/2023\/07\/COFB_GripCovidRefredat_20221108_0-1024x576-1.png\",\"contentUrl\":\"https:\/\/www.cofb.org\/wp-content\/uploads\/2023\/07\/COFB_GripCovidRefredat_20221108_0-1024x576-1.png\",\"width\":1024,\"height\":576},{\"@type\":\"BreadcrumbList\",\"@id\":\"https:\/\/novaorg.cofb.net\/2022\/11\/29\/deteccio-i-resolucio-de-la-grip-el-refredat-i-la-covid-des-de-la-farmacia-comunitaria\/#breadcrumb\",\"itemListElement\":[{\"@type\":\"ListItem\",\"position\":1,\"name\":\"Inici\",\"item\":\"https:\/\/novaorg.cofb.net\/\"},{\"@type\":\"ListItem\",\"position\":2,\"name\":\"Detecci\u00f3 i resoluci\u00f3 de la grip, el refredat i la COVID des de la farm\u00e0cia comunit\u00e0ria\"}]},{\"@type\":\"WebSite\",\"@id\":\"https:\/\/www.cofb.org\/#website\",\"url\":\"https:\/\/www.cofb.org\/\",\"name\":\"Col\u00b7legi de Farmac\u00e8utics de Barcelona\",\"description\":\"\",\"publisher\":{\"@id\":\"https:\/\/www.cofb.org\/#organization\"},\"potentialAction\":[{\"@type\":\"SearchAction\",\"target\":{\"@type\":\"EntryPoint\",\"urlTemplate\":\"https:\/\/www.cofb.org\/?s={search_term_string}\"},\"query-input\":\"required name=search_term_string\"}],\"inLanguage\":\"ca\"},{\"@type\":\"Organization\",\"@id\":\"https:\/\/www.cofb.org\/#organization\",\"name\":\"Col\u00b7legi de Farmac\u00e8utics de Barcelona\",\"url\":\"https:\/\/www.cofb.org\/\",\"logo\":{\"@type\":\"ImageObject\",\"inLanguage\":\"ca\",\"@id\":\"https:\/\/www.cofb.org\/#\/schema\/logo\/image\/\",\"url\":\"https:\/\/www.cofb.org\/wp-content\/uploads\/2023\/11\/cropped-Logotip-COFB.png\",\"contentUrl\":\"https:\/\/www.cofb.org\/wp-content\/uploads\/2023\/11\/cropped-Logotip-COFB.png\",\"width\":500,\"height\":105,\"caption\":\"Col\u00b7legi de Farmac\u00e8utics de Barcelona\"},\"image\":{\"@id\":\"https:\/\/www.cofb.org\/#\/schema\/logo\/image\/\"},\"sameAs\":[\"https:\/\/www.facebook.com\/farmaceuticsbcn\/\",\"https:\/\/twitter.com\/farmaceuticsbcn\",\"https:\/\/www.instagram.com\/farmaceuticsbcn\/\",\"https:\/\/www.linkedin.com\/company\/farmaceuticsbcn\/\"]},{\"@type\":\"Person\",\"@id\":\"https:\/\/www.cofb.org\/#\/schema\/person\/22ed7eea88da74b0fa4d3154ad87ffcb\",\"name\":\"wpAdminCofbOrg\",\"image\":{\"@type\":\"ImageObject\",\"inLanguage\":\"ca\",\"@id\":\"https:\/\/www.cofb.org\/#\/schema\/person\/image\/\",\"url\":\"https:\/\/secure.gravatar.com\/avatar\/1721b20b3b8ca882c3b56ec6c978c594fff670e40c0718e9190eaeeb76aae7d8?s=96&d=mm&r=g\",\"contentUrl\":\"https:\/\/secure.gravatar.com\/avatar\/1721b20b3b8ca882c3b56ec6c978c594fff670e40c0718e9190eaeeb76aae7d8?s=96&d=mm&r=g\",\"caption\":\"wpAdminCofbOrg\"},\"sameAs\":[\"http:\/\/192.168.64.122\/wordpress\"],\"url\":\"https:\/\/www.cofb.org\/ca\/author\/wpadmincofborg\/\"}]}<\/script>\n<!-- \/ Yoast SEO plugin. -->","yoast_head_json":{"title":"Detecci\u00f3 i resoluci\u00f3 de la grip, el refredat i la COVID des de la farm\u00e0cia comunit\u00e0ria - Col\u00b7legi de Farmac\u00e8utics de Barcelona","description":"El passat 8 de novembre, el COFB va organitzar la confer\u00e8ncia \u201cGrip, refredat i COVID: detecci\u00f3 i resoluci\u00f3 en la farm\u00e0cia comunit\u00e0ria\u201d, amb el patrocini de Laboratorios Vicks.","robots":{"index":"index","follow":"follow","max-snippet":"max-snippet:-1","max-image-preview":"max-image-preview:large","max-video-preview":"max-video-preview:-1"},"canonical":"https:\/\/novaorg.cofb.net\/2022\/11\/29\/deteccio-i-resolucio-de-la-grip-el-refredat-i-la-covid-des-de-la-farmacia-comunitaria\/","og_locale":"ca_ES","og_type":"article","og_title":"Detecci\u00f3 i resoluci\u00f3 de la grip, el refredat i la COVID des de la farm\u00e0cia comunit\u00e0ria - Col\u00b7legi de Farmac\u00e8utics de Barcelona","og_description":"El passat 8 de novembre, el COFB va organitzar la confer\u00e8ncia \u201cGrip, refredat i COVID: detecci\u00f3 i resoluci\u00f3 en la farm\u00e0cia comunit\u00e0ria\u201d, amb el patrocini de Laboratorios Vicks.","og_url":"https:\/\/novaorg.cofb.net\/2022\/11\/29\/deteccio-i-resolucio-de-la-grip-el-refredat-i-la-covid-des-de-la-farmacia-comunitaria\/","og_site_name":"Col\u00b7legi de Farmac\u00e8utics de Barcelona","article_publisher":"https:\/\/www.facebook.com\/farmaceuticsbcn\/","article_published_time":"2022-11-29T13:10:51+00:00","article_modified_time":"2023-10-09T13:14:45+00:00","og_image":[{"width":1024,"height":576,"url":"https:\/\/novaorg.cofb.net\/wp-content\/uploads\/2023\/07\/COFB_GripCovidRefredat_20221108_0-1024x576-1.png","type":"image\/png"}],"author":"wpAdminCofbOrg","twitter_card":"summary_large_image","twitter_creator":"@farmaceuticsbcn","twitter_site":"@farmaceuticsbcn","twitter_misc":{"Escrit per":"wpAdminCofbOrg","Temps estimat de lectura":"6 minuts"},"schema":{"@context":"https:\/\/schema.org","@graph":[{"@type":"Article","@id":"https:\/\/novaorg.cofb.net\/2022\/11\/29\/deteccio-i-resolucio-de-la-grip-el-refredat-i-la-covid-des-de-la-farmacia-comunitaria\/#article","isPartOf":{"@id":"https:\/\/novaorg.cofb.net\/2022\/11\/29\/deteccio-i-resolucio-de-la-grip-el-refredat-i-la-covid-des-de-la-farmacia-comunitaria\/"},"author":{"name":"wpAdminCofbOrg","@id":"https:\/\/www.cofb.org\/#\/schema\/person\/22ed7eea88da74b0fa4d3154ad87ffcb"},"headline":"Detecci\u00f3 i resoluci\u00f3 de la grip, el refredat i la COVID des de la farm\u00e0cia comunit\u00e0ria","datePublished":"2022-11-29T13:10:51+00:00","dateModified":"2023-10-09T13:14:45+00:00","mainEntityOfPage":{"@id":"https:\/\/novaorg.cofb.net\/2022\/11\/29\/deteccio-i-resolucio-de-la-grip-el-refredat-i-la-covid-des-de-la-farmacia-comunitaria\/"},"wordCount":1103,"commentCount":0,"publisher":{"@id":"https:\/\/www.cofb.org\/#organization"},"image":{"@id":"https:\/\/novaorg.cofb.net\/2022\/11\/29\/deteccio-i-resolucio-de-la-grip-el-refredat-i-la-covid-des-de-la-farmacia-comunitaria\/#primaryimage"},"thumbnailUrl":"https:\/\/www.cofb.org\/wp-content\/uploads\/2023\/07\/COFB_GripCovidRefredat_20221108_0-1024x576-1.png","keywords":["Atenci\u00f3 farmac\u00e8utica","COFB","Col\u00b7legi de Farmac\u00e8utics de Barcelona","confer\u00e8ncia","COVID19","farmac\u00e8utics","Farm\u00e0cia","farm\u00e0cia comunit\u00e0ria","Grip","grip i refredat","malalties respirat\u00f2ries","Oficina de farm\u00e0cia","refredat","tractament farmacol\u00f2gic","tractament fitoterap\u00e8utic","webinar"],"articleSection":["Destacats","M\u00f3n col\u00b7legial"],"inLanguage":"ca","potentialAction":[{"@type":"CommentAction","name":"Comment","target":["https:\/\/novaorg.cofb.net\/2022\/11\/29\/deteccio-i-resolucio-de-la-grip-el-refredat-i-la-covid-des-de-la-farmacia-comunitaria\/#respond"]}]},{"@type":"WebPage","@id":"https:\/\/novaorg.cofb.net\/2022\/11\/29\/deteccio-i-resolucio-de-la-grip-el-refredat-i-la-covid-des-de-la-farmacia-comunitaria\/","url":"https:\/\/novaorg.cofb.net\/2022\/11\/29\/deteccio-i-resolucio-de-la-grip-el-refredat-i-la-covid-des-de-la-farmacia-comunitaria\/","name":"Detecci\u00f3 i resoluci\u00f3 de la grip, el refredat i la COVID des de la farm\u00e0cia comunit\u00e0ria - Col\u00b7legi de Farmac\u00e8utics de Barcelona","isPartOf":{"@id":"https:\/\/www.cofb.org\/#website"},"primaryImageOfPage":{"@id":"https:\/\/novaorg.cofb.net\/2022\/11\/29\/deteccio-i-resolucio-de-la-grip-el-refredat-i-la-covid-des-de-la-farmacia-comunitaria\/#primaryimage"},"image":{"@id":"https:\/\/novaorg.cofb.net\/2022\/11\/29\/deteccio-i-resolucio-de-la-grip-el-refredat-i-la-covid-des-de-la-farmacia-comunitaria\/#primaryimage"},"thumbnailUrl":"https:\/\/www.cofb.org\/wp-content\/uploads\/2023\/07\/COFB_GripCovidRefredat_20221108_0-1024x576-1.png","datePublished":"2022-11-29T13:10:51+00:00","dateModified":"2023-10-09T13:14:45+00:00","description":"El passat 8 de novembre, el COFB va organitzar la confer\u00e8ncia \u201cGrip, refredat i COVID: detecci\u00f3 i resoluci\u00f3 en la farm\u00e0cia comunit\u00e0ria\u201d, amb el patrocini de Laboratorios Vicks.","breadcrumb":{"@id":"https:\/\/novaorg.cofb.net\/2022\/11\/29\/deteccio-i-resolucio-de-la-grip-el-refredat-i-la-covid-des-de-la-farmacia-comunitaria\/#breadcrumb"},"inLanguage":"ca","potentialAction":[{"@type":"ReadAction","target":["https:\/\/novaorg.cofb.net\/2022\/11\/29\/deteccio-i-resolucio-de-la-grip-el-refredat-i-la-covid-des-de-la-farmacia-comunitaria\/"]}]},{"@type":"ImageObject","inLanguage":"ca","@id":"https:\/\/novaorg.cofb.net\/2022\/11\/29\/deteccio-i-resolucio-de-la-grip-el-refredat-i-la-covid-des-de-la-farmacia-comunitaria\/#primaryimage","url":"https:\/\/www.cofb.org\/wp-content\/uploads\/2023\/07\/COFB_GripCovidRefredat_20221108_0-1024x576-1.png","contentUrl":"https:\/\/www.cofb.org\/wp-content\/uploads\/2023\/07\/COFB_GripCovidRefredat_20221108_0-1024x576-1.png","width":1024,"height":576},{"@type":"BreadcrumbList","@id":"https:\/\/novaorg.cofb.net\/2022\/11\/29\/deteccio-i-resolucio-de-la-grip-el-refredat-i-la-covid-des-de-la-farmacia-comunitaria\/#breadcrumb","itemListElement":[{"@type":"ListItem","position":1,"name":"Inici","item":"https:\/\/novaorg.cofb.net\/"},{"@type":"ListItem","position":2,"name":"Detecci\u00f3 i resoluci\u00f3 de la grip, el refredat i la COVID des de la farm\u00e0cia comunit\u00e0ria"}]},{"@type":"WebSite","@id":"https:\/\/www.cofb.org\/#website","url":"https:\/\/www.cofb.org\/","name":"Col\u00b7legi de Farmac\u00e8utics de Barcelona","description":"","publisher":{"@id":"https:\/\/www.cofb.org\/#organization"},"potentialAction":[{"@type":"SearchAction","target":{"@type":"EntryPoint","urlTemplate":"https:\/\/www.cofb.org\/?s={search_term_string}"},"query-input":"required name=search_term_string"}],"inLanguage":"ca"},{"@type":"Organization","@id":"https:\/\/www.cofb.org\/#organization","name":"Col\u00b7legi de Farmac\u00e8utics de Barcelona","url":"https:\/\/www.cofb.org\/","logo":{"@type":"ImageObject","inLanguage":"ca","@id":"https:\/\/www.cofb.org\/#\/schema\/logo\/image\/","url":"https:\/\/www.cofb.org\/wp-content\/uploads\/2023\/11\/cropped-Logotip-COFB.png","contentUrl":"https:\/\/www.cofb.org\/wp-content\/uploads\/2023\/11\/cropped-Logotip-COFB.png","width":500,"height":105,"caption":"Col\u00b7legi de Farmac\u00e8utics de Barcelona"},"image":{"@id":"https:\/\/www.cofb.org\/#\/schema\/logo\/image\/"},"sameAs":["https:\/\/www.facebook.com\/farmaceuticsbcn\/","https:\/\/twitter.com\/farmaceuticsbcn","https:\/\/www.instagram.com\/farmaceuticsbcn\/","https:\/\/www.linkedin.com\/company\/farmaceuticsbcn\/"]},{"@type":"Person","@id":"https:\/\/www.cofb.org\/#\/schema\/person\/22ed7eea88da74b0fa4d3154ad87ffcb","name":"wpAdminCofbOrg","image":{"@type":"ImageObject","inLanguage":"ca","@id":"https:\/\/www.cofb.org\/#\/schema\/person\/image\/","url":"https:\/\/secure.gravatar.com\/avatar\/1721b20b3b8ca882c3b56ec6c978c594fff670e40c0718e9190eaeeb76aae7d8?s=96&d=mm&r=g","contentUrl":"https:\/\/secure.gravatar.com\/avatar\/1721b20b3b8ca882c3b56ec6c978c594fff670e40c0718e9190eaeeb76aae7d8?s=96&d=mm&r=g","caption":"wpAdminCofbOrg"},"sameAs":["http:\/\/192.168.64.122\/wordpress"],"url":"https:\/\/www.cofb.org\/ca\/author\/wpadmincofborg\/"}]}},"uagb_featured_image_src":{"full":["https:\/\/www.cofb.org\/wp-content\/uploads\/2023\/07\/COFB_GripCovidRefredat_20221108_0-1024x576-1.png",1024,576,false],"thumbnail":["https:\/\/www.cofb.org\/wp-content\/uploads\/2023\/07\/COFB_GripCovidRefredat_20221108_0-1024x576-1-150x150.png",150,150,true],"medium":["https:\/\/www.cofb.org\/wp-content\/uploads\/2023\/07\/COFB_GripCovidRefredat_20221108_0-1024x576-1-300x169.png",300,169,true],"medium_large":["https:\/\/www.cofb.org\/wp-content\/uploads\/2023\/07\/COFB_GripCovidRefredat_20221108_0-1024x576-1-768x432.png",768,432,true],"large":["https:\/\/www.cofb.org\/wp-content\/uploads\/2023\/07\/COFB_GripCovidRefredat_20221108_0-1024x576-1.png",1024,576,false],"1536x1536":["https:\/\/www.cofb.org\/wp-content\/uploads\/2023\/07\/COFB_GripCovidRefredat_20221108_0-1024x576-1.png",1024,576,false],"2048x2048":["https:\/\/www.cofb.org\/wp-content\/uploads\/2023\/07\/COFB_GripCovidRefredat_20221108_0-1024x576-1.png",1024,576,false],"trp-custom-language-flag":["https:\/\/www.cofb.org\/wp-content\/uploads\/2023\/07\/COFB_GripCovidRefredat_20221108_0-1024x576-1.png",18,10,false]},"uagb_author_info":{"display_name":"wpAdminCofbOrg","author_link":"https:\/\/www.cofb.org\/ca\/author\/wpadmincofborg\/"},"uagb_comment_info":0,"uagb_excerpt":"El passat 8 de novembre, el Col\u00b7legi de Farmac\u00e8utics de Barcelona (COFB) va organitzar la confer\u00e8ncia \u201cGrip, refredat i COVID: detecci\u00f3 i resoluci\u00f3 en la farm\u00e0cia comunit\u00e0ria\u201d, amb el patrocini de Vicks. El vocal d\u2019Oficina de Farm\u00e0cia del COFB, Guillermo Bagaria, va ser l\u2019encarregat de moderar la sessi\u00f3 en format [&hellip;]","_links":{"self":[{"href":"https:\/\/www.cofb.org\/ca\/wp-json\/wp\/v2\/posts\/64837","targetHints":{"allow":["GET"]}}],"collection":[{"href":"https:\/\/www.cofb.org\/ca\/wp-json\/wp\/v2\/posts"}],"about":[{"href":"https:\/\/www.cofb.org\/ca\/wp-json\/wp\/v2\/types\/post"}],"author":[{"embeddable":true,"href":"https:\/\/www.cofb.org\/ca\/wp-json\/wp\/v2\/users\/1"}],"replies":[{"embeddable":true,"href":"https:\/\/www.cofb.org\/ca\/wp-json\/wp\/v2\/comments?post=64837"}],"version-history":[{"count":5,"href":"https:\/\/www.cofb.org\/ca\/wp-json\/wp\/v2\/posts\/64837\/revisions"}],"predecessor-version":[{"id":68994,"href":"https:\/\/www.cofb.org\/ca\/wp-json\/wp\/v2\/posts\/64837\/revisions\/68994"}],"wp:featuredmedia":[{"embeddable":true,"href":"https:\/\/www.cofb.org\/ca\/wp-json\/wp\/v2\/media\/67827"}],"wp:attachment":[{"href":"https:\/\/www.cofb.org\/ca\/wp-json\/wp\/v2\/media?parent=64837"}],"wp:term":[{"taxonomy":"category","embeddable":true,"href":"https:\/\/www.cofb.org\/ca\/wp-json\/wp\/v2\/categories?post=64837"},{"taxonomy":"post_tag","embeddable":true,"href":"https:\/\/www.cofb.org\/ca\/wp-json\/wp\/v2\/tags?post=64837"}],"curies":[{"name":"wp","href":"https:\/\/api.w.org\/{rel}","templated":true}]}}