{"id":64583,"date":"2022-09-29T18:07:57","date_gmt":"2022-09-29T16:07:57","guid":{"rendered":"https:\/\/blog.cofb.cat\/?p=64583"},"modified":"2023-09-21T08:58:09","modified_gmt":"2023-09-21T08:58:09","slug":"els-farmaceutics-de-barcelona-collaboren-amb-la-nova-targeta-cuidadora-impulsada-per-lajuntament-de-barcelona","status":"publish","type":"post","link":"https:\/\/www.cofb.org\/ca\/2022\/09\/29\/els-farmaceutics-de-barcelona-collaboren-amb-la-nova-targeta-cuidadora-impulsada-per-lajuntament-de-barcelona\/","title":{"rendered":"Els farmac\u00e8utics de Barcelona col\u00b7laboren amb la nova Targeta Cuidadora impulsada per l&#8217;Ajuntament de Barcelona"},"content":{"rendered":"\n<p>L\u2019Ajuntament de Barcelona ja ha lliurat les 1.000 primeres unitats de la nova<strong> Targeta Cuidadora<\/strong>, una mesura pionera que t\u00e9 com a objectiu principal <strong>acompanyar les persones que cuiden a la ciutat, tot oferint-los nous recursos i serveis per facilitar i recon\u00e8ixer la seva tasca<\/strong>. De manera general, la Targeta Cuidadora servir\u00e0 per accedir a recursos personalitzats adre\u00e7ats a persones cuidadores, posant en valor la seva tasca imprescindible i sovint poc valorada, tot acompanyant-les i facilitant la seva activitat cuidadora, aix\u00ed com contribuint al seu benestar.<\/p>\n\n\n\n<figure class=\"wp-block-image size-large\"><img decoding=\"async\" src=\"https:\/\/blog.cofb.cat\/wp-content\/uploads\/2022\/09\/FcIToC_XEAEWbXL-1024x684.jpeg\" alt=\"\" class=\"wp-image-64586\"\/><\/figure>\n\n\n\n<p>Aquesta iniciativa municipal pionera vol <strong>combatre la invisibilitat&nbsp; social de les tasques de cura, les dificultats que les persones cuidadores afronten en la seva vida quotidiana i la manca d\u2019informaci\u00f3, formaci\u00f3 i suport que pateixen, aix\u00ed com reduir el risc d\u2019a\u00efllament de les persones que cuiden<\/strong>. En resum, es tracta d\u2019una mesura in\u00e8dita fins ara amb un potencial de creixement notable i que vol aprofundir en la transformaci\u00f3 de Barcelona per fer una ciutat m\u00e9s adaptada i permeable a les necessitats de les persones cuidadores.<\/p>\n\n\n\n<h2 class=\"wp-block-heading\"><strong>La participaci\u00f3 de les farm\u00e0cies de la ciutat de Barcelona<\/strong><\/h2>\n\n\n\n<p>Els <strong>farmac\u00e8utics c<\/strong>omunitaris oferiran als espais Viles Ve\u00efnes diferents sessions adre\u00e7ades a persones cuidadores on s\u2019abordaran 3 grans tem\u00e0tiques: <strong>el bon \u00fas dels medicaments, qu\u00e8 cal saber sobre el dolor i qu\u00e8 cal saber sobre l\u2019insomni<\/strong>. <\/p>\n\n\n\n<p><\/p>\n\n\n\n<figure class=\"wp-block-image size-large\"><img decoding=\"async\" src=\"https:\/\/blog.cofb.cat\/wp-content\/uploads\/2022\/09\/COFB_TargetaCuidadora_29092022_2-1024x512.jpg\" alt=\"\" class=\"wp-image-64587\"\/><figcaption class=\"wp-element-caption\">Presentaci\u00f3 de la Targeta Cuidadora celebrada el passat 8 de setembre a l&#8217;Ajuntament de Barcelona, amb la participaci\u00f3 de Miquel Recasens, tresorer i responsable. de la comissi\u00f3 de Comprom\u00eds Social del COFB (3r abaix a l&#8217;esquerra) i Cristina Rodr\u00edguez, responsable del Dept. de Formaci\u00f3 i Desenvolupament Professional del COFB (2a abaix a l&#8217;esquerra).<\/figcaption><\/figure>\n\n\n\n<p>Aix\u00ed mateix, tamb\u00e9 est\u00e0 previst que, <strong>properament, les farm\u00e0cies ofereixin, d\u2019una banda, el Sistema Personalitzat de Dosificaci\u00f3 a persones de La Marina i Trinitat Vella<\/strong> amb un alt grau de sobrec\u00e0rrega; i, d\u2019altra banda, <strong>un servei de revisi\u00f3 de farmacioles<\/strong>. Les persones cuidadores que es benefici\u00efn d\u2019aquests dos darrers serveis ho faran si compleixen uns criteris establerts pr\u00e8viament per gaudir-ne de manera gratu\u00efta.<\/p>\n\n\n<div class=\"destacat-blog\">\n\n\n<h2 class=\"wp-block-heading\"><strong>Com aconseguir i qu\u00e8 ofereix la Targeta Cuidadora?<\/strong><\/h2>\n\n\n\n<p>La Targeta Cuidadora \u00e9s&nbsp;<strong>gratu\u00efta<\/strong>&nbsp;i es pot sol\u00b7licitar des del 29 de setembre al web&nbsp;<a href=\"http:\/\/www.barcelona.cat\/ciutatcuidadora\">barcelona.cat\/ciutatcuidadora<\/a>&nbsp;o presencialment, tant a l\u2019<strong>Espai Barcelona Cuida<\/strong>&nbsp;(c. Viladomat, 127) com a qualsevol de les&nbsp;<strong>oficines de Vila Ve\u00efna<\/strong>. A m\u00e9s, s\u2019ha habilitat el&nbsp;<strong>tel\u00e8fon 934 132 121<\/strong>&nbsp;per resoldre dubtes sobre la sol\u00b7licitud i l\u2019obtenci\u00f3 de la targeta. <\/p>\n\n\n\n<figure class=\"wp-block-embed is-type-video is-provider-vimeo wp-block-embed-vimeo wp-embed-aspect-16-9 wp-has-aspect-ratio\"><div class=\"wp-block-embed__wrapper\">\n<div class=\"ast-oembed-container \" style=\"height: 100%;\"><iframe title=\"4. Qu\u00e8 ofereix la targeta cuidadora?\" src=\"https:\/\/player.vimeo.com\/video\/754209875?dnt=1&amp;app_id=122963\" width=\"500\" height=\"281\" frameborder=\"0\" allow=\"autoplay; fullscreen; picture-in-picture; clipboard-write\"><\/iframe><\/div>\n<\/div><\/figure>\n\n\n\n<p>Les <strong>avantatges i serveis que ofereix la Targeta Cuidadora<\/strong> es poden consultar en aquest <a href=\"https:\/\/www.barcelona.cat\/ciutatcuidadora\/ca\/espai-barcelona-cuida\/targetacuidadora\" target=\"_blank\" rel=\"noreferrer noopener\"><strong>enlla\u00e7<\/strong><\/a>. <\/p> <\/div>\n","protected":false},"excerpt":{"rendered":"<p>L\u2019Ajuntament de Barcelona ja ha lliurat les 1.000 primeres unitats de la nova Targeta Cuidadora, una mesura pionera que t\u00e9 com a objectiu principal acompanyar les persones que cuiden a la ciutat, tot oferint-los nous recursos i serveis per facilitar i recon\u00e8ixer la seva tasca. De manera general, la Targeta [&hellip;]<\/p>\n","protected":false},"author":1,"featured_media":67850,"comment_status":"open","ping_status":"open","sticky":false,"template":"","format":"standard","meta":{"_uag_custom_page_level_css":"","site-sidebar-layout":"default","site-content-layout":"","ast-site-content-layout":"default","site-content-style":"default","site-sidebar-style":"default","ast-global-header-display":"","ast-banner-title-visibility":"","ast-main-header-display":"","ast-hfb-above-header-display":"","ast-hfb-below-header-display":"","ast-hfb-mobile-header-display":"","site-post-title":"","ast-breadcrumbs-content":"","ast-featured-img":"disabled","footer-sml-layout":"","theme-transparent-header-meta":"","adv-header-id-meta":"","stick-header-meta":"","header-above-stick-meta":"","header-main-stick-meta":"","header-below-stick-meta":"","astra-migrate-meta-layouts":"default","ast-page-background-enabled":"default","ast-page-background-meta":{"desktop":{"background-color":"var(--ast-global-color-4)","background-image":"","background-repeat":"repeat","background-position":"center center","background-size":"auto","background-attachment":"scroll","background-type":"","background-media":"","overlay-type":"","overlay-color":"","overlay-opacity":"","overlay-gradient":""},"tablet":{"background-color":"","background-image":"","background-repeat":"repeat","background-position":"center center","background-size":"auto","background-attachment":"scroll","background-type":"","background-media":"","overlay-type":"","overlay-color":"","overlay-opacity":"","overlay-gradient":""},"mobile":{"background-color":"","background-image":"","background-repeat":"repeat","background-position":"center center","background-size":"auto","background-attachment":"scroll","background-type":"","background-media":"","overlay-type":"","overlay-color":"","overlay-opacity":"","overlay-gradient":""}},"ast-content-background-meta":{"desktop":{"background-color":"var(--ast-global-color-5)","background-image":"","background-repeat":"repeat","background-position":"center center","background-size":"auto","background-attachment":"scroll","background-type":"","background-media":"","overlay-type":"","overlay-color":"","overlay-opacity":"","overlay-gradient":""},"tablet":{"background-color":"var(--ast-global-color-5)","background-image":"","background-repeat":"repeat","background-position":"center center","background-size":"auto","background-attachment":"scroll","background-type":"","background-media":"","overlay-type":"","overlay-color":"","overlay-opacity":"","overlay-gradient":""},"mobile":{"background-color":"var(--ast-global-color-5)","background-image":"","background-repeat":"repeat","background-position":"center center","background-size":"auto","background-attachment":"scroll","background-type":"","background-media":"","overlay-type":"","overlay-color":"","overlay-opacity":"","overlay-gradient":""}},"footnotes":""},"categories":[23,57],"tags":[64,18,19,920,921,69,922,70,76,923,455,924,925,926,927],"class_list":["post-64583","post","type-post","status-publish","format-standard","has-post-thumbnail","hentry","category-destacats","category-mon-collegial","tag-atencio-farmaceutica","tag-cofb","tag-collegi-de-farmaceutics-de-barcelona","tag-cuidador","tag-cuidadora","tag-farmacia-comunitaria","tag-farmaciola","tag-formacio","tag-oficina-de-farmacia","tag-pesbum","tag-responsabilitat-social","tag-responsabilitat-social-corporativa","tag-sensibilitzacio","tag-sistema-personalitzat-de-dosificacio","tag-targeta-cuidadora"],"yoast_head":"<!-- This site is optimized with the Yoast SEO plugin v22.4 - https:\/\/yoast.com\/wordpress\/plugins\/seo\/ -->\n<title>Els farmac\u00e8utics de Barcelona col\u00b7laboren amb la nova Targeta Cuidadora impulsada per l&#039;Ajuntament de Barcelona - Col\u00b7legi de Farmac\u00e8utics de Barcelona<\/title>\n<meta name=\"description\" content=\"L\u2019Ajuntament de Barcelona ha creat la nova Targeta Cuidadora, una mesura pionera que t\u00e9 com a objectiu principal acompanyar les persones que cuiden a la ciutat, tot oferint-los nous recursos i serveis per facilitar i recon\u00e8ixer la seva tasca.\" \/>\n<meta name=\"robots\" content=\"index, follow, max-snippet:-1, max-image-preview:large, max-video-preview:-1\" \/>\n<link rel=\"canonical\" href=\"https:\/\/novaorg.cofb.net\/2022\/09\/29\/els-farmaceutics-de-barcelona-collaboren-amb-la-nova-targeta-cuidadora-impulsada-per-lajuntament-de-barcelona\/\" \/>\n<meta property=\"og:locale\" content=\"ca_ES\" \/>\n<meta property=\"og:type\" content=\"article\" \/>\n<meta property=\"og:title\" content=\"Els farmac\u00e8utics de Barcelona col\u00b7laboren amb la nova Targeta Cuidadora impulsada per l&#039;Ajuntament de Barcelona - Col\u00b7legi de Farmac\u00e8utics de Barcelona\" \/>\n<meta property=\"og:description\" content=\"L\u2019Ajuntament de Barcelona ha creat la nova Targeta Cuidadora, una mesura pionera que t\u00e9 com a objectiu principal acompanyar les persones que cuiden a la ciutat, tot oferint-los nous recursos i serveis per facilitar i recon\u00e8ixer la seva tasca.\" \/>\n<meta property=\"og:url\" content=\"https:\/\/novaorg.cofb.net\/2022\/09\/29\/els-farmaceutics-de-barcelona-collaboren-amb-la-nova-targeta-cuidadora-impulsada-per-lajuntament-de-barcelona\/\" \/>\n<meta property=\"og:site_name\" content=\"Col\u00b7legi de Farmac\u00e8utics de Barcelona\" \/>\n<meta property=\"article:publisher\" content=\"https:\/\/www.facebook.com\/farmaceuticsbcn\/\" \/>\n<meta property=\"article:published_time\" content=\"2022-09-29T16:07:57+00:00\" \/>\n<meta property=\"article:modified_time\" content=\"2023-09-21T08:58:09+00:00\" \/>\n<meta property=\"og:image\" content=\"https:\/\/novaorg.cofb.net\/wp-content\/uploads\/2023\/07\/FcIToC_XEAEWbXL-1024x684-1.jpeg\" \/>\n\t<meta property=\"og:image:width\" content=\"1024\" \/>\n\t<meta property=\"og:image:height\" content=\"684\" \/>\n\t<meta property=\"og:image:type\" content=\"image\/jpeg\" \/>\n<meta name=\"author\" content=\"wpAdminCofbOrg\" \/>\n<meta name=\"twitter:card\" content=\"summary_large_image\" \/>\n<meta name=\"twitter:creator\" content=\"@farmaceuticsbcn\" \/>\n<meta name=\"twitter:site\" content=\"@farmaceuticsbcn\" \/>\n<meta name=\"twitter:label1\" content=\"Escrit per\" \/>\n\t<meta name=\"twitter:data1\" content=\"wpAdminCofbOrg\" \/>\n\t<meta name=\"twitter:label2\" content=\"Temps estimat de lectura\" \/>\n\t<meta name=\"twitter:data2\" content=\"3 minuts\" \/>\n<script type=\"application\/ld+json\" class=\"yoast-schema-graph\">{\"@context\":\"https:\/\/schema.org\",\"@graph\":[{\"@type\":\"Article\",\"@id\":\"https:\/\/novaorg.cofb.net\/2022\/09\/29\/els-farmaceutics-de-barcelona-collaboren-amb-la-nova-targeta-cuidadora-impulsada-per-lajuntament-de-barcelona\/#article\",\"isPartOf\":{\"@id\":\"https:\/\/novaorg.cofb.net\/2022\/09\/29\/els-farmaceutics-de-barcelona-collaboren-amb-la-nova-targeta-cuidadora-impulsada-per-lajuntament-de-barcelona\/\"},\"author\":{\"name\":\"wpAdminCofbOrg\",\"@id\":\"https:\/\/www.cofb.org\/#\/schema\/person\/22ed7eea88da74b0fa4d3154ad87ffcb\"},\"headline\":\"Els farmac\u00e8utics de Barcelona col\u00b7laboren amb la nova Targeta Cuidadora impulsada per l&#8217;Ajuntament de Barcelona\",\"datePublished\":\"2022-09-29T16:07:57+00:00\",\"dateModified\":\"2023-09-21T08:58:09+00:00\",\"mainEntityOfPage\":{\"@id\":\"https:\/\/novaorg.cofb.net\/2022\/09\/29\/els-farmaceutics-de-barcelona-collaboren-amb-la-nova-targeta-cuidadora-impulsada-per-lajuntament-de-barcelona\/\"},\"wordCount\":474,\"commentCount\":0,\"publisher\":{\"@id\":\"https:\/\/www.cofb.org\/#organization\"},\"image\":{\"@id\":\"https:\/\/novaorg.cofb.net\/2022\/09\/29\/els-farmaceutics-de-barcelona-collaboren-amb-la-nova-targeta-cuidadora-impulsada-per-lajuntament-de-barcelona\/#primaryimage\"},\"thumbnailUrl\":\"https:\/\/www.cofb.org\/wp-content\/uploads\/2023\/07\/FcIToC_XEAEWbXL-1024x684-1.jpeg\",\"keywords\":[\"Atenci\u00f3 farmac\u00e8utica\",\"COFB\",\"Col\u00b7legi de Farmac\u00e8utics de Barcelona\",\"cuidador\",\"cuidadora\",\"farm\u00e0cia comunit\u00e0ria\",\"Farmaciola\",\"Formaci\u00f3\",\"Oficina de farm\u00e0cia\",\"pesbum\",\"responsabilitat social\",\"Responsabilitat Social Corporativa\",\"sensibilitzaci\u00f3\",\"sistema personalitzat de dosificaci\u00f3\",\"targeta cuidadora\"],\"articleSection\":[\"Destacats\",\"M\u00f3n col\u00b7legial\"],\"inLanguage\":\"ca\",\"potentialAction\":[{\"@type\":\"CommentAction\",\"name\":\"Comment\",\"target\":[\"https:\/\/novaorg.cofb.net\/2022\/09\/29\/els-farmaceutics-de-barcelona-collaboren-amb-la-nova-targeta-cuidadora-impulsada-per-lajuntament-de-barcelona\/#respond\"]}]},{\"@type\":\"WebPage\",\"@id\":\"https:\/\/novaorg.cofb.net\/2022\/09\/29\/els-farmaceutics-de-barcelona-collaboren-amb-la-nova-targeta-cuidadora-impulsada-per-lajuntament-de-barcelona\/\",\"url\":\"https:\/\/novaorg.cofb.net\/2022\/09\/29\/els-farmaceutics-de-barcelona-collaboren-amb-la-nova-targeta-cuidadora-impulsada-per-lajuntament-de-barcelona\/\",\"name\":\"Els farmac\u00e8utics de Barcelona col\u00b7laboren amb la nova Targeta Cuidadora impulsada per l'Ajuntament de Barcelona - Col\u00b7legi de Farmac\u00e8utics de Barcelona\",\"isPartOf\":{\"@id\":\"https:\/\/www.cofb.org\/#website\"},\"primaryImageOfPage\":{\"@id\":\"https:\/\/novaorg.cofb.net\/2022\/09\/29\/els-farmaceutics-de-barcelona-collaboren-amb-la-nova-targeta-cuidadora-impulsada-per-lajuntament-de-barcelona\/#primaryimage\"},\"image\":{\"@id\":\"https:\/\/novaorg.cofb.net\/2022\/09\/29\/els-farmaceutics-de-barcelona-collaboren-amb-la-nova-targeta-cuidadora-impulsada-per-lajuntament-de-barcelona\/#primaryimage\"},\"thumbnailUrl\":\"https:\/\/www.cofb.org\/wp-content\/uploads\/2023\/07\/FcIToC_XEAEWbXL-1024x684-1.jpeg\",\"datePublished\":\"2022-09-29T16:07:57+00:00\",\"dateModified\":\"2023-09-21T08:58:09+00:00\",\"description\":\"L\u2019Ajuntament de Barcelona ha creat la nova Targeta Cuidadora, una mesura pionera que t\u00e9 com a objectiu principal acompanyar les persones que cuiden a la ciutat, tot oferint-los nous recursos i serveis per facilitar i recon\u00e8ixer la seva tasca.\",\"breadcrumb\":{\"@id\":\"https:\/\/novaorg.cofb.net\/2022\/09\/29\/els-farmaceutics-de-barcelona-collaboren-amb-la-nova-targeta-cuidadora-impulsada-per-lajuntament-de-barcelona\/#breadcrumb\"},\"inLanguage\":\"ca\",\"potentialAction\":[{\"@type\":\"ReadAction\",\"target\":[\"https:\/\/novaorg.cofb.net\/2022\/09\/29\/els-farmaceutics-de-barcelona-collaboren-amb-la-nova-targeta-cuidadora-impulsada-per-lajuntament-de-barcelona\/\"]}]},{\"@type\":\"ImageObject\",\"inLanguage\":\"ca\",\"@id\":\"https:\/\/novaorg.cofb.net\/2022\/09\/29\/els-farmaceutics-de-barcelona-collaboren-amb-la-nova-targeta-cuidadora-impulsada-per-lajuntament-de-barcelona\/#primaryimage\",\"url\":\"https:\/\/www.cofb.org\/wp-content\/uploads\/2023\/07\/FcIToC_XEAEWbXL-1024x684-1.jpeg\",\"contentUrl\":\"https:\/\/www.cofb.org\/wp-content\/uploads\/2023\/07\/FcIToC_XEAEWbXL-1024x684-1.jpeg\",\"width\":1024,\"height\":684},{\"@type\":\"BreadcrumbList\",\"@id\":\"https:\/\/novaorg.cofb.net\/2022\/09\/29\/els-farmaceutics-de-barcelona-collaboren-amb-la-nova-targeta-cuidadora-impulsada-per-lajuntament-de-barcelona\/#breadcrumb\",\"itemListElement\":[{\"@type\":\"ListItem\",\"position\":1,\"name\":\"Inici\",\"item\":\"https:\/\/novaorg.cofb.net\/\"},{\"@type\":\"ListItem\",\"position\":2,\"name\":\"Els farmac\u00e8utics de Barcelona col\u00b7laboren amb la nova Targeta Cuidadora impulsada per l&#8217;Ajuntament de Barcelona\"}]},{\"@type\":\"WebSite\",\"@id\":\"https:\/\/www.cofb.org\/#website\",\"url\":\"https:\/\/www.cofb.org\/\",\"name\":\"Col\u00b7legi de Farmac\u00e8utics de Barcelona\",\"description\":\"\",\"publisher\":{\"@id\":\"https:\/\/www.cofb.org\/#organization\"},\"potentialAction\":[{\"@type\":\"SearchAction\",\"target\":{\"@type\":\"EntryPoint\",\"urlTemplate\":\"https:\/\/www.cofb.org\/?s={search_term_string}\"},\"query-input\":\"required name=search_term_string\"}],\"inLanguage\":\"ca\"},{\"@type\":\"Organization\",\"@id\":\"https:\/\/www.cofb.org\/#organization\",\"name\":\"Col\u00b7legi de Farmac\u00e8utics de Barcelona\",\"url\":\"https:\/\/www.cofb.org\/\",\"logo\":{\"@type\":\"ImageObject\",\"inLanguage\":\"ca\",\"@id\":\"https:\/\/www.cofb.org\/#\/schema\/logo\/image\/\",\"url\":\"https:\/\/www.cofb.org\/wp-content\/uploads\/2023\/11\/cropped-Logotip-COFB.png\",\"contentUrl\":\"https:\/\/www.cofb.org\/wp-content\/uploads\/2023\/11\/cropped-Logotip-COFB.png\",\"width\":500,\"height\":105,\"caption\":\"Col\u00b7legi de Farmac\u00e8utics de Barcelona\"},\"image\":{\"@id\":\"https:\/\/www.cofb.org\/#\/schema\/logo\/image\/\"},\"sameAs\":[\"https:\/\/www.facebook.com\/farmaceuticsbcn\/\",\"https:\/\/twitter.com\/farmaceuticsbcn\",\"https:\/\/www.instagram.com\/farmaceuticsbcn\/\",\"https:\/\/www.linkedin.com\/company\/farmaceuticsbcn\/\"]},{\"@type\":\"Person\",\"@id\":\"https:\/\/www.cofb.org\/#\/schema\/person\/22ed7eea88da74b0fa4d3154ad87ffcb\",\"name\":\"wpAdminCofbOrg\",\"image\":{\"@type\":\"ImageObject\",\"inLanguage\":\"ca\",\"@id\":\"https:\/\/www.cofb.org\/#\/schema\/person\/image\/\",\"url\":\"https:\/\/secure.gravatar.com\/avatar\/1721b20b3b8ca882c3b56ec6c978c594fff670e40c0718e9190eaeeb76aae7d8?s=96&d=mm&r=g\",\"contentUrl\":\"https:\/\/secure.gravatar.com\/avatar\/1721b20b3b8ca882c3b56ec6c978c594fff670e40c0718e9190eaeeb76aae7d8?s=96&d=mm&r=g\",\"caption\":\"wpAdminCofbOrg\"},\"sameAs\":[\"http:\/\/192.168.64.122\/wordpress\"],\"url\":\"https:\/\/www.cofb.org\/ca\/author\/wpadmincofborg\/\"}]}<\/script>\n<!-- \/ Yoast SEO plugin. -->","yoast_head_json":{"title":"Els farmac\u00e8utics de Barcelona col\u00b7laboren amb la nova Targeta Cuidadora impulsada per l'Ajuntament de Barcelona - Col\u00b7legi de Farmac\u00e8utics de Barcelona","description":"L\u2019Ajuntament de Barcelona ha creat la nova Targeta Cuidadora, una mesura pionera que t\u00e9 com a objectiu principal acompanyar les persones que cuiden a la ciutat, tot oferint-los nous recursos i serveis per facilitar i recon\u00e8ixer la seva tasca.","robots":{"index":"index","follow":"follow","max-snippet":"max-snippet:-1","max-image-preview":"max-image-preview:large","max-video-preview":"max-video-preview:-1"},"canonical":"https:\/\/novaorg.cofb.net\/2022\/09\/29\/els-farmaceutics-de-barcelona-collaboren-amb-la-nova-targeta-cuidadora-impulsada-per-lajuntament-de-barcelona\/","og_locale":"ca_ES","og_type":"article","og_title":"Els farmac\u00e8utics de Barcelona col\u00b7laboren amb la nova Targeta Cuidadora impulsada per l'Ajuntament de Barcelona - Col\u00b7legi de Farmac\u00e8utics de Barcelona","og_description":"L\u2019Ajuntament de Barcelona ha creat la nova Targeta Cuidadora, una mesura pionera que t\u00e9 com a objectiu principal acompanyar les persones que cuiden a la ciutat, tot oferint-los nous recursos i serveis per facilitar i recon\u00e8ixer la seva tasca.","og_url":"https:\/\/novaorg.cofb.net\/2022\/09\/29\/els-farmaceutics-de-barcelona-collaboren-amb-la-nova-targeta-cuidadora-impulsada-per-lajuntament-de-barcelona\/","og_site_name":"Col\u00b7legi de Farmac\u00e8utics de Barcelona","article_publisher":"https:\/\/www.facebook.com\/farmaceuticsbcn\/","article_published_time":"2022-09-29T16:07:57+00:00","article_modified_time":"2023-09-21T08:58:09+00:00","og_image":[{"width":1024,"height":684,"url":"https:\/\/novaorg.cofb.net\/wp-content\/uploads\/2023\/07\/FcIToC_XEAEWbXL-1024x684-1.jpeg","type":"image\/jpeg"}],"author":"wpAdminCofbOrg","twitter_card":"summary_large_image","twitter_creator":"@farmaceuticsbcn","twitter_site":"@farmaceuticsbcn","twitter_misc":{"Escrit per":"wpAdminCofbOrg","Temps estimat de lectura":"3 minuts"},"schema":{"@context":"https:\/\/schema.org","@graph":[{"@type":"Article","@id":"https:\/\/novaorg.cofb.net\/2022\/09\/29\/els-farmaceutics-de-barcelona-collaboren-amb-la-nova-targeta-cuidadora-impulsada-per-lajuntament-de-barcelona\/#article","isPartOf":{"@id":"https:\/\/novaorg.cofb.net\/2022\/09\/29\/els-farmaceutics-de-barcelona-collaboren-amb-la-nova-targeta-cuidadora-impulsada-per-lajuntament-de-barcelona\/"},"author":{"name":"wpAdminCofbOrg","@id":"https:\/\/www.cofb.org\/#\/schema\/person\/22ed7eea88da74b0fa4d3154ad87ffcb"},"headline":"Els farmac\u00e8utics de Barcelona col\u00b7laboren amb la nova Targeta Cuidadora impulsada per l&#8217;Ajuntament de Barcelona","datePublished":"2022-09-29T16:07:57+00:00","dateModified":"2023-09-21T08:58:09+00:00","mainEntityOfPage":{"@id":"https:\/\/novaorg.cofb.net\/2022\/09\/29\/els-farmaceutics-de-barcelona-collaboren-amb-la-nova-targeta-cuidadora-impulsada-per-lajuntament-de-barcelona\/"},"wordCount":474,"commentCount":0,"publisher":{"@id":"https:\/\/www.cofb.org\/#organization"},"image":{"@id":"https:\/\/novaorg.cofb.net\/2022\/09\/29\/els-farmaceutics-de-barcelona-collaboren-amb-la-nova-targeta-cuidadora-impulsada-per-lajuntament-de-barcelona\/#primaryimage"},"thumbnailUrl":"https:\/\/www.cofb.org\/wp-content\/uploads\/2023\/07\/FcIToC_XEAEWbXL-1024x684-1.jpeg","keywords":["Atenci\u00f3 farmac\u00e8utica","COFB","Col\u00b7legi de Farmac\u00e8utics de Barcelona","cuidador","cuidadora","farm\u00e0cia comunit\u00e0ria","Farmaciola","Formaci\u00f3","Oficina de farm\u00e0cia","pesbum","responsabilitat social","Responsabilitat Social Corporativa","sensibilitzaci\u00f3","sistema personalitzat de dosificaci\u00f3","targeta cuidadora"],"articleSection":["Destacats","M\u00f3n col\u00b7legial"],"inLanguage":"ca","potentialAction":[{"@type":"CommentAction","name":"Comment","target":["https:\/\/novaorg.cofb.net\/2022\/09\/29\/els-farmaceutics-de-barcelona-collaboren-amb-la-nova-targeta-cuidadora-impulsada-per-lajuntament-de-barcelona\/#respond"]}]},{"@type":"WebPage","@id":"https:\/\/novaorg.cofb.net\/2022\/09\/29\/els-farmaceutics-de-barcelona-collaboren-amb-la-nova-targeta-cuidadora-impulsada-per-lajuntament-de-barcelona\/","url":"https:\/\/novaorg.cofb.net\/2022\/09\/29\/els-farmaceutics-de-barcelona-collaboren-amb-la-nova-targeta-cuidadora-impulsada-per-lajuntament-de-barcelona\/","name":"Els farmac\u00e8utics de Barcelona col\u00b7laboren amb la nova Targeta Cuidadora impulsada per l'Ajuntament de Barcelona - Col\u00b7legi de Farmac\u00e8utics de Barcelona","isPartOf":{"@id":"https:\/\/www.cofb.org\/#website"},"primaryImageOfPage":{"@id":"https:\/\/novaorg.cofb.net\/2022\/09\/29\/els-farmaceutics-de-barcelona-collaboren-amb-la-nova-targeta-cuidadora-impulsada-per-lajuntament-de-barcelona\/#primaryimage"},"image":{"@id":"https:\/\/novaorg.cofb.net\/2022\/09\/29\/els-farmaceutics-de-barcelona-collaboren-amb-la-nova-targeta-cuidadora-impulsada-per-lajuntament-de-barcelona\/#primaryimage"},"thumbnailUrl":"https:\/\/www.cofb.org\/wp-content\/uploads\/2023\/07\/FcIToC_XEAEWbXL-1024x684-1.jpeg","datePublished":"2022-09-29T16:07:57+00:00","dateModified":"2023-09-21T08:58:09+00:00","description":"L\u2019Ajuntament de Barcelona ha creat la nova Targeta Cuidadora, una mesura pionera que t\u00e9 com a objectiu principal acompanyar les persones que cuiden a la ciutat, tot oferint-los nous recursos i serveis per facilitar i recon\u00e8ixer la seva tasca.","breadcrumb":{"@id":"https:\/\/novaorg.cofb.net\/2022\/09\/29\/els-farmaceutics-de-barcelona-collaboren-amb-la-nova-targeta-cuidadora-impulsada-per-lajuntament-de-barcelona\/#breadcrumb"},"inLanguage":"ca","potentialAction":[{"@type":"ReadAction","target":["https:\/\/novaorg.cofb.net\/2022\/09\/29\/els-farmaceutics-de-barcelona-collaboren-amb-la-nova-targeta-cuidadora-impulsada-per-lajuntament-de-barcelona\/"]}]},{"@type":"ImageObject","inLanguage":"ca","@id":"https:\/\/novaorg.cofb.net\/2022\/09\/29\/els-farmaceutics-de-barcelona-collaboren-amb-la-nova-targeta-cuidadora-impulsada-per-lajuntament-de-barcelona\/#primaryimage","url":"https:\/\/www.cofb.org\/wp-content\/uploads\/2023\/07\/FcIToC_XEAEWbXL-1024x684-1.jpeg","contentUrl":"https:\/\/www.cofb.org\/wp-content\/uploads\/2023\/07\/FcIToC_XEAEWbXL-1024x684-1.jpeg","width":1024,"height":684},{"@type":"BreadcrumbList","@id":"https:\/\/novaorg.cofb.net\/2022\/09\/29\/els-farmaceutics-de-barcelona-collaboren-amb-la-nova-targeta-cuidadora-impulsada-per-lajuntament-de-barcelona\/#breadcrumb","itemListElement":[{"@type":"ListItem","position":1,"name":"Inici","item":"https:\/\/novaorg.cofb.net\/"},{"@type":"ListItem","position":2,"name":"Els farmac\u00e8utics de Barcelona col\u00b7laboren amb la nova Targeta Cuidadora impulsada per l&#8217;Ajuntament de Barcelona"}]},{"@type":"WebSite","@id":"https:\/\/www.cofb.org\/#website","url":"https:\/\/www.cofb.org\/","name":"Col\u00b7legi de Farmac\u00e8utics de Barcelona","description":"","publisher":{"@id":"https:\/\/www.cofb.org\/#organization"},"potentialAction":[{"@type":"SearchAction","target":{"@type":"EntryPoint","urlTemplate":"https:\/\/www.cofb.org\/?s={search_term_string}"},"query-input":"required name=search_term_string"}],"inLanguage":"ca"},{"@type":"Organization","@id":"https:\/\/www.cofb.org\/#organization","name":"Col\u00b7legi de Farmac\u00e8utics de Barcelona","url":"https:\/\/www.cofb.org\/","logo":{"@type":"ImageObject","inLanguage":"ca","@id":"https:\/\/www.cofb.org\/#\/schema\/logo\/image\/","url":"https:\/\/www.cofb.org\/wp-content\/uploads\/2023\/11\/cropped-Logotip-COFB.png","contentUrl":"https:\/\/www.cofb.org\/wp-content\/uploads\/2023\/11\/cropped-Logotip-COFB.png","width":500,"height":105,"caption":"Col\u00b7legi de Farmac\u00e8utics de Barcelona"},"image":{"@id":"https:\/\/www.cofb.org\/#\/schema\/logo\/image\/"},"sameAs":["https:\/\/www.facebook.com\/farmaceuticsbcn\/","https:\/\/twitter.com\/farmaceuticsbcn","https:\/\/www.instagram.com\/farmaceuticsbcn\/","https:\/\/www.linkedin.com\/company\/farmaceuticsbcn\/"]},{"@type":"Person","@id":"https:\/\/www.cofb.org\/#\/schema\/person\/22ed7eea88da74b0fa4d3154ad87ffcb","name":"wpAdminCofbOrg","image":{"@type":"ImageObject","inLanguage":"ca","@id":"https:\/\/www.cofb.org\/#\/schema\/person\/image\/","url":"https:\/\/secure.gravatar.com\/avatar\/1721b20b3b8ca882c3b56ec6c978c594fff670e40c0718e9190eaeeb76aae7d8?s=96&d=mm&r=g","contentUrl":"https:\/\/secure.gravatar.com\/avatar\/1721b20b3b8ca882c3b56ec6c978c594fff670e40c0718e9190eaeeb76aae7d8?s=96&d=mm&r=g","caption":"wpAdminCofbOrg"},"sameAs":["http:\/\/192.168.64.122\/wordpress"],"url":"https:\/\/www.cofb.org\/ca\/author\/wpadmincofborg\/"}]}},"uagb_featured_image_src":{"full":["https:\/\/www.cofb.org\/wp-content\/uploads\/2023\/07\/FcIToC_XEAEWbXL-1024x684-1.jpeg",1024,684,false],"thumbnail":["https:\/\/www.cofb.org\/wp-content\/uploads\/2023\/07\/FcIToC_XEAEWbXL-1024x684-1-150x150.jpeg",150,150,true],"medium":["https:\/\/www.cofb.org\/wp-content\/uploads\/2023\/07\/FcIToC_XEAEWbXL-1024x684-1-300x200.jpeg",300,200,true],"medium_large":["https:\/\/www.cofb.org\/wp-content\/uploads\/2023\/07\/FcIToC_XEAEWbXL-1024x684-1-768x513.jpeg",768,513,true],"large":["https:\/\/www.cofb.org\/wp-content\/uploads\/2023\/07\/FcIToC_XEAEWbXL-1024x684-1.jpeg",1024,684,false],"1536x1536":["https:\/\/www.cofb.org\/wp-content\/uploads\/2023\/07\/FcIToC_XEAEWbXL-1024x684-1.jpeg",1024,684,false],"2048x2048":["https:\/\/www.cofb.org\/wp-content\/uploads\/2023\/07\/FcIToC_XEAEWbXL-1024x684-1.jpeg",1024,684,false],"trp-custom-language-flag":["https:\/\/www.cofb.org\/wp-content\/uploads\/2023\/07\/FcIToC_XEAEWbXL-1024x684-1.jpeg",18,12,false]},"uagb_author_info":{"display_name":"wpAdminCofbOrg","author_link":"https:\/\/www.cofb.org\/ca\/author\/wpadmincofborg\/"},"uagb_comment_info":0,"uagb_excerpt":"L\u2019Ajuntament de Barcelona ja ha lliurat les 1.000 primeres unitats de la nova Targeta Cuidadora, una mesura pionera que t\u00e9 com a objectiu principal acompanyar les persones que cuiden a la ciutat, tot oferint-los nous recursos i serveis per facilitar i recon\u00e8ixer la seva tasca. De manera general, la Targeta [&hellip;]","_links":{"self":[{"href":"https:\/\/www.cofb.org\/ca\/wp-json\/wp\/v2\/posts\/64583","targetHints":{"allow":["GET"]}}],"collection":[{"href":"https:\/\/www.cofb.org\/ca\/wp-json\/wp\/v2\/posts"}],"about":[{"href":"https:\/\/www.cofb.org\/ca\/wp-json\/wp\/v2\/types\/post"}],"author":[{"embeddable":true,"href":"https:\/\/www.cofb.org\/ca\/wp-json\/wp\/v2\/users\/1"}],"replies":[{"embeddable":true,"href":"https:\/\/www.cofb.org\/ca\/wp-json\/wp\/v2\/comments?post=64583"}],"version-history":[{"count":2,"href":"https:\/\/www.cofb.org\/ca\/wp-json\/wp\/v2\/posts\/64583\/revisions"}],"predecessor-version":[{"id":68710,"href":"https:\/\/www.cofb.org\/ca\/wp-json\/wp\/v2\/posts\/64583\/revisions\/68710"}],"wp:featuredmedia":[{"embeddable":true,"href":"https:\/\/www.cofb.org\/ca\/wp-json\/wp\/v2\/media\/67850"}],"wp:attachment":[{"href":"https:\/\/www.cofb.org\/ca\/wp-json\/wp\/v2\/media?parent=64583"}],"wp:term":[{"taxonomy":"category","embeddable":true,"href":"https:\/\/www.cofb.org\/ca\/wp-json\/wp\/v2\/categories?post=64583"},{"taxonomy":"post_tag","embeddable":true,"href":"https:\/\/www.cofb.org\/ca\/wp-json\/wp\/v2\/tags?post=64583"}],"curies":[{"name":"wp","href":"https:\/\/api.w.org\/{rel}","templated":true}]}}