{"id":64550,"date":"2022-09-23T14:53:52","date_gmt":"2022-09-23T12:53:52","guid":{"rendered":"https:\/\/blog.cofb.cat\/?p=64550"},"modified":"2023-09-21T08:58:56","modified_gmt":"2023-09-21T08:58:56","slug":"farmaceutics-i-farmaceutiques-de-barcelona-celebren-el-seu-dia-mundial-posant-en-valor-la-seva-tasca-des-de-tots-els-ambits-de-la-professio-per-contribuir-a-un-mon-mes-saludable","status":"publish","type":"post","link":"https:\/\/www.cofb.org\/ca\/2022\/09\/23\/farmaceutics-i-farmaceutiques-de-barcelona-celebren-el-seu-dia-mundial-posant-en-valor-la-seva-tasca-des-de-tots-els-ambits-de-la-professio-per-contribuir-a-un-mon-mes-saludable\/","title":{"rendered":"Els farmac\u00e8utics i farmac\u00e8utiques de Barcelona celebrem el Dia Mundial del Farmac\u00e8utic posant en valor la nostra contribuci\u00f3 a un m\u00f3n m\u00e9s saludable"},"content":{"rendered":"\n<p><strong>\u201cLa Farm\u00e0cia, unida per un m\u00f3n m\u00e9s saludable\u201d<\/strong>&nbsp;\u00e9s el lema escollit per la Federaci\u00f3 Internacional Farmac\u00e8utica (FIP) per celebrar el&nbsp;<strong>Dia Mundial del Farmac\u00e8utic el proper 25 de setembre.<\/strong>&nbsp;El&nbsp;<strong>Col\u00b7legi de Farmac\u00e8utics de Barcelona (COFB) s\u2019adhereix a la commemoraci\u00f3 d\u2019aquest dia,<\/strong>&nbsp;posant en valor la tasca que es duu a terme des de tots els \u00e0mbits d\u2019exercici de la professi\u00f3, que treballen dia a dia per la&nbsp;<strong>promoci\u00f3 de la salut i la prevenci\u00f3 de la malaltia. &nbsp;<\/strong><\/p>\n\n\n\n<figure class=\"wp-block-image aligncenter size-large wp-image-56761\"><img decoding=\"async\" src=\"https:\/\/blog.cofb.cat\/wp-content\/uploads\/2022\/09\/2.-TW-DM-Farmaceutic-1024x576.png\" alt=\"\" class=\"wp-image-64553\"\/><\/figure>\n\n\n\n<p>En aquest sentit, el COFB ha elaborat&nbsp;<strong>diferents peces per tal que els farmac\u00e8utics\/ques de Barcelona puguin participar activament en el seu Dia<\/strong>, compartint, a trav\u00e9s de xarxes socials, un missatge com\u00fa alineat amb el lema d\u2019enguany:&nbsp;<strong>\u201cTots units pel pacient\u201d.<\/strong>&nbsp;Alhora, el Consejo General de Colegios Oficiales de Farmac\u00e9uticos (CGCOF), entre altres materials, ha realitzat un&nbsp;<a href=\"https:\/\/www.youtube.com\/watch?v=lVwj7Iou_Ag\" target=\"_blank\" rel=\"noreferrer noopener\">v\u00eddeo&nbsp;<\/a>destacant el comprom\u00eds dels professionals farmac\u00e8utics amb la salut dels pacients.&nbsp; &nbsp;<\/p>\n\n\n\n<h2 class=\"wp-block-heading\"><strong><strong>Des de tots els \u00e0mbits d\u2019exercici, units pel pacient<\/strong><\/strong><\/h2>\n\n\n\n<p id=\"yui_patched_v3_11_0_1_1663936076099_364\">Durant el 2022, tots els \u00e0mbits de la professi\u00f3 han continuat desenvolupant una important tasca en benefici del pacient. A tall d\u2019exemple, l\u2019\u00e0mbit d\u2019<strong>An\u00e0lisis Cl\u00edniques<\/strong>&nbsp;ha continuat sent cabdal en la detecci\u00f3, pron\u00f2stic i seguiment de les principals malalties (COVID-19, verola del mico) que constitueixen, encara avui, una emerg\u00e8ncia de salut p\u00fablica, sense perdre l\u2019oportunitat per orientar-se cap a un model de diagn\u00f2stic m\u00e9s personalitzat vinculat al r\u00e0pid desenvolupament de les \u00e0rees de coneixement entorn la biologia molecular. Per la seva banda, els farmac\u00e8utics\/ques d\u2019<strong>Atenci\u00f3 Prim\u00e0ria&nbsp;<\/strong>han contribu\u00eft a la normalitzaci\u00f3 de l\u2019activitat d\u2019aquesta \u00e0rea despr\u00e9s de m\u00e9s de dos anys de pand\u00e8mia. Un dels aspectes on han posat el focus \u00e9s en fomentar el rol cl\u00ednic del farmac\u00e8utic com a suport als professionals assistencials en la revisi\u00f3 i actualitzaci\u00f3 dels plans terap\u00e8utics, especialment dels pacients cr\u00f2nics polimedicats.<\/p>\n\n\n\n<p>Tamb\u00e9 ha estat fonamental la tasca de la<strong>&nbsp;Distribuci\u00f3,<\/strong>&nbsp;que ha col\u00b7laborat en projectes i campanyes de salut, conjuntament amb els col\u00b7legis i l&#8217;Administraci\u00f3. Destaquen, especialment, el subministrament del medicament Paxlovid per a la COVID-19, els programes de detecci\u00f3 de c\u00e0ncer de c\u00f2lon i recte i c\u00e8rvix, aix\u00ed com la distribuci\u00f3 dels Medicaments Hospitalaris de Dispensaci\u00f3 Ambulat\u00f2ria (MHDA). Pel que fa a la&nbsp;<strong>Farm\u00e0cia Comunit\u00e0ria,&nbsp;<\/strong>va comen\u00e7ar l\u2019any refor\u00e7ant encara m\u00e9s el seu paper clau en la gesti\u00f3 de la pand\u00e8mia, realitzant cribratges mitjan\u00e7ant tests d\u2019ant\u00edgens a la comunitat educativa i notificant els casos positius. Per\u00f2 m\u00e9s enll\u00e0 de la COVID-19, els farmac\u00e8utics comunitaris han continuat participant en els cribratges ja esmentats en l\u2019\u00e0mbit de la Distribuci\u00f3, entre altres; realitzant campanyes sanit\u00e0ries per conscienciar sobre la import\u00e0ncia de protegir-se del sol adequadament; facilitant el seguiment de la salut de l\u2019usuari amb eines digitals com Farmaserveis; i apropant la medicaci\u00f3 als pacients, amb projectes com la interoperabilitat europea.<\/p>\n\n\n<div class=\"destacat-blog\">\n\n\n<h2 class=\"wp-block-heading\"><strong><strong>La Farm\u00e0cia a la prov\u00edncia de Barcelona, en xifres<\/strong><\/strong><\/h2>\n\n\n\n<p id=\"yui_patched_v3_11_0_1_1663936076099_371\">Segons dades de 2021, la prov\u00edncia de Barcelona compta amb&nbsp;<strong>9.182 farmac\u00e8utics\/ques col\u00b7legiats&nbsp;<\/strong>en els diferents \u00e0mbits d\u2019actuaci\u00f3. D\u2019aquests, el&nbsp;<strong>74,1% s\u00f3n dones,<\/strong>&nbsp;un reflex de la feminitzaci\u00f3 de la professi\u00f3.<\/p>\n\n\n\n<p id=\"yui_patched_v3_11_0_1_1663936076099_374\">La&nbsp;<strong>farm\u00e0cia comunit\u00e0ria,&nbsp;<\/strong>amb<strong>&nbsp;7.274 col\u00b7legiats,<\/strong>&nbsp;\u00e9s la vocalia m\u00e9s nombrosa, seguida&nbsp;<strong>d\u2019Ortop\u00e8dia (574 col\u00b7legiats) i Alimentaci\u00f3 i Nutrici\u00f3 (460 col\u00b7legiats).<\/strong> <\/p>\n\n\n\n<p id=\"yui_patched_v3_11_0_1_1663936076099_374\">Pel que fa a la distribuci\u00f3 al territori, actualment a la prov\u00edncia de Barcelona hi ha un total de<strong>&nbsp;2.357 farm\u00e0cies<\/strong>&nbsp;que integren una&nbsp;<strong>xarxa amb una elevada capil\u00b7laritat i accessibilitat.<\/strong>&nbsp;D\u2019aquestes,&nbsp;<strong>1.027 es troben a la capital i 1.330 a la resta de la prov\u00edncia.<\/strong><\/p>\n\n\n\n<p><\/p><\/div>\n\n\n\n<p>Des de l\u2019\u00e0rea de&nbsp;<strong>Salut P\u00fablica<\/strong>, s\u2019han continuat desenvolupant tasques en els \u00e0mbits de la promoci\u00f3 de la salut, la protecci\u00f3 i la vigil\u00e0ncia, participant tant en el disseny de programes, com en la seva execuci\u00f3 i avaluaci\u00f3,&nbsp; sempre amb la finalitat de vetllar i millorar la salut de les persones. Quant a la&nbsp;<strong>Farm\u00e0cia Hospital\u00e0ria,<\/strong>&nbsp;durant el 2022 destaca la gesti\u00f3 dels recursos del medicament, coneixement dels nous tractaments vers la COVID-19, aix\u00ed com de les conseq\u00fc\u00e8ncies d&#8217;aquesta patologia, i l&#8217;aparici\u00f3 de la verola del mico i el seu abordatge preventiu i de tractament.<\/p>\n","protected":false},"excerpt":{"rendered":"<p>\u201cLa Farm\u00e0cia, unida per un m\u00f3n m\u00e9s saludable\u201d&nbsp;\u00e9s el lema escollit per la Federaci\u00f3 Internacional Farmac\u00e8utica (FIP) per celebrar el&nbsp;Dia Mundial del Farmac\u00e8utic el proper 25 de setembre.&nbsp;El&nbsp;Col\u00b7legi de Farmac\u00e8utics de Barcelona (COFB) s\u2019adhereix a la commemoraci\u00f3 d\u2019aquest dia,&nbsp;posant en valor la tasca que es duu a terme des de [&hellip;]<\/p>\n","protected":false},"author":1,"featured_media":67854,"comment_status":"open","ping_status":"open","sticky":false,"template":"","format":"standard","meta":{"_uag_custom_page_level_css":"","site-sidebar-layout":"default","site-content-layout":"","ast-site-content-layout":"default","site-content-style":"default","site-sidebar-style":"default","ast-global-header-display":"","ast-banner-title-visibility":"","ast-main-header-display":"","ast-hfb-above-header-display":"","ast-hfb-below-header-display":"","ast-hfb-mobile-header-display":"","site-post-title":"","ast-breadcrumbs-content":"","ast-featured-img":"disabled","footer-sml-layout":"","theme-transparent-header-meta":"","adv-header-id-meta":"","stick-header-meta":"","header-above-stick-meta":"","header-main-stick-meta":"","header-below-stick-meta":"","astra-migrate-meta-layouts":"default","ast-page-background-enabled":"default","ast-page-background-meta":{"desktop":{"background-color":"var(--ast-global-color-4)","background-image":"","background-repeat":"repeat","background-position":"center center","background-size":"auto","background-attachment":"scroll","background-type":"","background-media":"","overlay-type":"","overlay-color":"","overlay-opacity":"","overlay-gradient":""},"tablet":{"background-color":"","background-image":"","background-repeat":"repeat","background-position":"center center","background-size":"auto","background-attachment":"scroll","background-type":"","background-media":"","overlay-type":"","overlay-color":"","overlay-opacity":"","overlay-gradient":""},"mobile":{"background-color":"","background-image":"","background-repeat":"repeat","background-position":"center center","background-size":"auto","background-attachment":"scroll","background-type":"","background-media":"","overlay-type":"","overlay-color":"","overlay-opacity":"","overlay-gradient":""}},"ast-content-background-meta":{"desktop":{"background-color":"var(--ast-global-color-5)","background-image":"","background-repeat":"repeat","background-position":"center center","background-size":"auto","background-attachment":"scroll","background-type":"","background-media":"","overlay-type":"","overlay-color":"","overlay-opacity":"","overlay-gradient":""},"tablet":{"background-color":"var(--ast-global-color-5)","background-image":"","background-repeat":"repeat","background-position":"center center","background-size":"auto","background-attachment":"scroll","background-type":"","background-media":"","overlay-type":"","overlay-color":"","overlay-opacity":"","overlay-gradient":""},"mobile":{"background-color":"var(--ast-global-color-5)","background-image":"","background-repeat":"repeat","background-position":"center center","background-size":"auto","background-attachment":"scroll","background-type":"","background-media":"","overlay-type":"","overlay-color":"","overlay-opacity":"","overlay-gradient":""}},"footnotes":""},"categories":[23,57],"tags":[16,86,240,19,916,917,53,24,918,480,919,103,290,316,318,96],"class_list":["post-64550","post","type-post","status-publish","format-standard","has-post-thumbnail","hentry","category-destacats","category-mon-collegial","tag-alimentacio-i-nutricio","tag-analisis-cliniques","tag-cgcof","tag-collegi-de-farmaceutics-de-barcelona","tag-dia-mundial-del-farmaceutic","tag-distribucio-farmaceutica","tag-farmaceutics","tag-farmaceutics-comunitaris","tag-farmaceutics-danalisis-cliniques","tag-farmacia-hospitalaria","tag-fip","tag-ortopedia","tag-pacient","tag-prevencio-de-la-malaltia","tag-promocio-de-la-salut","tag-salut-publica"],"yoast_head":"<!-- This site is optimized with the Yoast SEO plugin v22.4 - https:\/\/yoast.com\/wordpress\/plugins\/seo\/ -->\n<title>Els farmac\u00e8utics i farmac\u00e8utiques de Barcelona celebrem el Dia Mundial del Farmac\u00e8utic posant en valor la nostra contribuci\u00f3 a un m\u00f3n m\u00e9s saludable - Col\u00b7legi de Farmac\u00e8utics de Barcelona<\/title>\n<meta name=\"description\" content=\"\u00a0\u201cLa Farm\u00e0cia, unida per un m\u00f3n m\u00e9s saludable\u201d\u00a0\u00e9s el lema escollit per la Federaci\u00f3 Internacional Farmac\u00e8utica (FIP) per celebrar el\u00a0Dia Mundial del Farmac\u00e8utic el proper 25 de setembre.\" \/>\n<meta name=\"robots\" content=\"index, follow, max-snippet:-1, max-image-preview:large, max-video-preview:-1\" \/>\n<link rel=\"canonical\" href=\"https:\/\/novaorg.cofb.net\/2022\/09\/23\/farmaceutics-i-farmaceutiques-de-barcelona-celebren-el-seu-dia-mundial-posant-en-valor-la-seva-tasca-des-de-tots-els-ambits-de-la-professio-per-contribuir-a-un-mon-mes-saludable\/\" \/>\n<meta property=\"og:locale\" content=\"ca_ES\" \/>\n<meta property=\"og:type\" content=\"article\" \/>\n<meta property=\"og:title\" content=\"Els farmac\u00e8utics i farmac\u00e8utiques de Barcelona celebrem el Dia Mundial del Farmac\u00e8utic posant en valor la nostra contribuci\u00f3 a un m\u00f3n m\u00e9s saludable - Col\u00b7legi de Farmac\u00e8utics de Barcelona\" \/>\n<meta property=\"og:description\" content=\"\u00a0\u201cLa Farm\u00e0cia, unida per un m\u00f3n m\u00e9s saludable\u201d\u00a0\u00e9s el lema escollit per la Federaci\u00f3 Internacional Farmac\u00e8utica (FIP) per celebrar el\u00a0Dia Mundial del Farmac\u00e8utic el proper 25 de setembre.\" \/>\n<meta property=\"og:url\" content=\"https:\/\/novaorg.cofb.net\/2022\/09\/23\/farmaceutics-i-farmaceutiques-de-barcelona-celebren-el-seu-dia-mundial-posant-en-valor-la-seva-tasca-des-de-tots-els-ambits-de-la-professio-per-contribuir-a-un-mon-mes-saludable\/\" \/>\n<meta property=\"og:site_name\" content=\"Col\u00b7legi de Farmac\u00e8utics de Barcelona\" \/>\n<meta property=\"article:publisher\" content=\"https:\/\/www.facebook.com\/farmaceuticsbcn\/\" \/>\n<meta property=\"article:published_time\" content=\"2022-09-23T12:53:52+00:00\" \/>\n<meta property=\"article:modified_time\" content=\"2023-09-21T08:58:56+00:00\" \/>\n<meta property=\"og:image\" content=\"https:\/\/novaorg.cofb.net\/wp-content\/uploads\/2023\/07\/2.-TW-DM-Farmaceutic-1024x576-1.png\" \/>\n\t<meta property=\"og:image:width\" content=\"1024\" \/>\n\t<meta property=\"og:image:height\" content=\"576\" \/>\n\t<meta property=\"og:image:type\" content=\"image\/png\" \/>\n<meta name=\"author\" content=\"wpAdminCofbOrg\" \/>\n<meta name=\"twitter:card\" content=\"summary_large_image\" \/>\n<meta name=\"twitter:creator\" content=\"@farmaceuticsbcn\" \/>\n<meta name=\"twitter:site\" content=\"@farmaceuticsbcn\" \/>\n<meta name=\"twitter:label1\" content=\"Escrit per\" \/>\n\t<meta name=\"twitter:data1\" content=\"wpAdminCofbOrg\" \/>\n\t<meta name=\"twitter:label2\" content=\"Temps estimat de lectura\" \/>\n\t<meta name=\"twitter:data2\" content=\"4 minuts\" \/>\n<script type=\"application\/ld+json\" class=\"yoast-schema-graph\">{\"@context\":\"https:\/\/schema.org\",\"@graph\":[{\"@type\":\"Article\",\"@id\":\"https:\/\/novaorg.cofb.net\/2022\/09\/23\/farmaceutics-i-farmaceutiques-de-barcelona-celebren-el-seu-dia-mundial-posant-en-valor-la-seva-tasca-des-de-tots-els-ambits-de-la-professio-per-contribuir-a-un-mon-mes-saludable\/#article\",\"isPartOf\":{\"@id\":\"https:\/\/novaorg.cofb.net\/2022\/09\/23\/farmaceutics-i-farmaceutiques-de-barcelona-celebren-el-seu-dia-mundial-posant-en-valor-la-seva-tasca-des-de-tots-els-ambits-de-la-professio-per-contribuir-a-un-mon-mes-saludable\/\"},\"author\":{\"name\":\"wpAdminCofbOrg\",\"@id\":\"https:\/\/www.cofb.org\/#\/schema\/person\/22ed7eea88da74b0fa4d3154ad87ffcb\"},\"headline\":\"Els farmac\u00e8utics i farmac\u00e8utiques de Barcelona celebrem el Dia Mundial del Farmac\u00e8utic posant en valor la nostra contribuci\u00f3 a un m\u00f3n m\u00e9s saludable\",\"datePublished\":\"2022-09-23T12:53:52+00:00\",\"dateModified\":\"2023-09-21T08:58:56+00:00\",\"mainEntityOfPage\":{\"@id\":\"https:\/\/novaorg.cofb.net\/2022\/09\/23\/farmaceutics-i-farmaceutiques-de-barcelona-celebren-el-seu-dia-mundial-posant-en-valor-la-seva-tasca-des-de-tots-els-ambits-de-la-professio-per-contribuir-a-un-mon-mes-saludable\/\"},\"wordCount\":807,\"commentCount\":0,\"publisher\":{\"@id\":\"https:\/\/www.cofb.org\/#organization\"},\"image\":{\"@id\":\"https:\/\/novaorg.cofb.net\/2022\/09\/23\/farmaceutics-i-farmaceutiques-de-barcelona-celebren-el-seu-dia-mundial-posant-en-valor-la-seva-tasca-des-de-tots-els-ambits-de-la-professio-per-contribuir-a-un-mon-mes-saludable\/#primaryimage\"},\"thumbnailUrl\":\"https:\/\/www.cofb.org\/wp-content\/uploads\/2023\/07\/2.-TW-DM-Farmaceutic-1024x576-1.png\",\"keywords\":[\"Alimentaci\u00f3 i nutrici\u00f3\",\"an\u00e0lisis cl\u00edniques\",\"CGCOF\",\"Col\u00b7legi de Farmac\u00e8utics de Barcelona\",\"Dia Mundial del Farmac\u00e8utic\",\"Distribuci\u00f3 farmac\u00e8utica\",\"farmac\u00e8utics\",\"farmac\u00e8utics comunitaris\",\"farmac\u00e8utics d'an\u00e0lisis cl\u00edniques\",\"farm\u00e0cia hospital\u00e0ria\",\"FIP\",\"Ortop\u00e8dia\",\"pacient\",\"prevenci\u00f3 de la malaltia\",\"promoci\u00f3 de la salut\",\"Salut p\u00fablica\"],\"articleSection\":[\"Destacats\",\"M\u00f3n col\u00b7legial\"],\"inLanguage\":\"ca\",\"potentialAction\":[{\"@type\":\"CommentAction\",\"name\":\"Comment\",\"target\":[\"https:\/\/novaorg.cofb.net\/2022\/09\/23\/farmaceutics-i-farmaceutiques-de-barcelona-celebren-el-seu-dia-mundial-posant-en-valor-la-seva-tasca-des-de-tots-els-ambits-de-la-professio-per-contribuir-a-un-mon-mes-saludable\/#respond\"]}]},{\"@type\":\"WebPage\",\"@id\":\"https:\/\/novaorg.cofb.net\/2022\/09\/23\/farmaceutics-i-farmaceutiques-de-barcelona-celebren-el-seu-dia-mundial-posant-en-valor-la-seva-tasca-des-de-tots-els-ambits-de-la-professio-per-contribuir-a-un-mon-mes-saludable\/\",\"url\":\"https:\/\/novaorg.cofb.net\/2022\/09\/23\/farmaceutics-i-farmaceutiques-de-barcelona-celebren-el-seu-dia-mundial-posant-en-valor-la-seva-tasca-des-de-tots-els-ambits-de-la-professio-per-contribuir-a-un-mon-mes-saludable\/\",\"name\":\"Els farmac\u00e8utics i farmac\u00e8utiques de Barcelona celebrem el Dia Mundial del Farmac\u00e8utic posant en valor la nostra contribuci\u00f3 a un m\u00f3n m\u00e9s saludable - Col\u00b7legi de Farmac\u00e8utics de Barcelona\",\"isPartOf\":{\"@id\":\"https:\/\/www.cofb.org\/#website\"},\"primaryImageOfPage\":{\"@id\":\"https:\/\/novaorg.cofb.net\/2022\/09\/23\/farmaceutics-i-farmaceutiques-de-barcelona-celebren-el-seu-dia-mundial-posant-en-valor-la-seva-tasca-des-de-tots-els-ambits-de-la-professio-per-contribuir-a-un-mon-mes-saludable\/#primaryimage\"},\"image\":{\"@id\":\"https:\/\/novaorg.cofb.net\/2022\/09\/23\/farmaceutics-i-farmaceutiques-de-barcelona-celebren-el-seu-dia-mundial-posant-en-valor-la-seva-tasca-des-de-tots-els-ambits-de-la-professio-per-contribuir-a-un-mon-mes-saludable\/#primaryimage\"},\"thumbnailUrl\":\"https:\/\/www.cofb.org\/wp-content\/uploads\/2023\/07\/2.-TW-DM-Farmaceutic-1024x576-1.png\",\"datePublished\":\"2022-09-23T12:53:52+00:00\",\"dateModified\":\"2023-09-21T08:58:56+00:00\",\"description\":\"\u00a0\u201cLa Farm\u00e0cia, unida per un m\u00f3n m\u00e9s saludable\u201d\u00a0\u00e9s el lema escollit per la Federaci\u00f3 Internacional Farmac\u00e8utica (FIP) per celebrar el\u00a0Dia Mundial del Farmac\u00e8utic el proper 25 de setembre.\",\"breadcrumb\":{\"@id\":\"https:\/\/novaorg.cofb.net\/2022\/09\/23\/farmaceutics-i-farmaceutiques-de-barcelona-celebren-el-seu-dia-mundial-posant-en-valor-la-seva-tasca-des-de-tots-els-ambits-de-la-professio-per-contribuir-a-un-mon-mes-saludable\/#breadcrumb\"},\"inLanguage\":\"ca\",\"potentialAction\":[{\"@type\":\"ReadAction\",\"target\":[\"https:\/\/novaorg.cofb.net\/2022\/09\/23\/farmaceutics-i-farmaceutiques-de-barcelona-celebren-el-seu-dia-mundial-posant-en-valor-la-seva-tasca-des-de-tots-els-ambits-de-la-professio-per-contribuir-a-un-mon-mes-saludable\/\"]}]},{\"@type\":\"ImageObject\",\"inLanguage\":\"ca\",\"@id\":\"https:\/\/novaorg.cofb.net\/2022\/09\/23\/farmaceutics-i-farmaceutiques-de-barcelona-celebren-el-seu-dia-mundial-posant-en-valor-la-seva-tasca-des-de-tots-els-ambits-de-la-professio-per-contribuir-a-un-mon-mes-saludable\/#primaryimage\",\"url\":\"https:\/\/www.cofb.org\/wp-content\/uploads\/2023\/07\/2.-TW-DM-Farmaceutic-1024x576-1.png\",\"contentUrl\":\"https:\/\/www.cofb.org\/wp-content\/uploads\/2023\/07\/2.-TW-DM-Farmaceutic-1024x576-1.png\",\"width\":1024,\"height\":576},{\"@type\":\"BreadcrumbList\",\"@id\":\"https:\/\/novaorg.cofb.net\/2022\/09\/23\/farmaceutics-i-farmaceutiques-de-barcelona-celebren-el-seu-dia-mundial-posant-en-valor-la-seva-tasca-des-de-tots-els-ambits-de-la-professio-per-contribuir-a-un-mon-mes-saludable\/#breadcrumb\",\"itemListElement\":[{\"@type\":\"ListItem\",\"position\":1,\"name\":\"Inici\",\"item\":\"https:\/\/novaorg.cofb.net\/\"},{\"@type\":\"ListItem\",\"position\":2,\"name\":\"Els farmac\u00e8utics i farmac\u00e8utiques de Barcelona celebrem el Dia Mundial del Farmac\u00e8utic posant en valor la nostra contribuci\u00f3 a un m\u00f3n m\u00e9s saludable\"}]},{\"@type\":\"WebSite\",\"@id\":\"https:\/\/www.cofb.org\/#website\",\"url\":\"https:\/\/www.cofb.org\/\",\"name\":\"Col\u00b7legi de Farmac\u00e8utics de Barcelona\",\"description\":\"\",\"publisher\":{\"@id\":\"https:\/\/www.cofb.org\/#organization\"},\"potentialAction\":[{\"@type\":\"SearchAction\",\"target\":{\"@type\":\"EntryPoint\",\"urlTemplate\":\"https:\/\/www.cofb.org\/?s={search_term_string}\"},\"query-input\":\"required name=search_term_string\"}],\"inLanguage\":\"ca\"},{\"@type\":\"Organization\",\"@id\":\"https:\/\/www.cofb.org\/#organization\",\"name\":\"Col\u00b7legi de Farmac\u00e8utics de Barcelona\",\"url\":\"https:\/\/www.cofb.org\/\",\"logo\":{\"@type\":\"ImageObject\",\"inLanguage\":\"ca\",\"@id\":\"https:\/\/www.cofb.org\/#\/schema\/logo\/image\/\",\"url\":\"https:\/\/www.cofb.org\/wp-content\/uploads\/2023\/11\/cropped-Logotip-COFB.png\",\"contentUrl\":\"https:\/\/www.cofb.org\/wp-content\/uploads\/2023\/11\/cropped-Logotip-COFB.png\",\"width\":500,\"height\":105,\"caption\":\"Col\u00b7legi de Farmac\u00e8utics de Barcelona\"},\"image\":{\"@id\":\"https:\/\/www.cofb.org\/#\/schema\/logo\/image\/\"},\"sameAs\":[\"https:\/\/www.facebook.com\/farmaceuticsbcn\/\",\"https:\/\/twitter.com\/farmaceuticsbcn\",\"https:\/\/www.instagram.com\/farmaceuticsbcn\/\",\"https:\/\/www.linkedin.com\/company\/farmaceuticsbcn\/\"]},{\"@type\":\"Person\",\"@id\":\"https:\/\/www.cofb.org\/#\/schema\/person\/22ed7eea88da74b0fa4d3154ad87ffcb\",\"name\":\"wpAdminCofbOrg\",\"image\":{\"@type\":\"ImageObject\",\"inLanguage\":\"ca\",\"@id\":\"https:\/\/www.cofb.org\/#\/schema\/person\/image\/\",\"url\":\"https:\/\/secure.gravatar.com\/avatar\/1721b20b3b8ca882c3b56ec6c978c594fff670e40c0718e9190eaeeb76aae7d8?s=96&d=mm&r=g\",\"contentUrl\":\"https:\/\/secure.gravatar.com\/avatar\/1721b20b3b8ca882c3b56ec6c978c594fff670e40c0718e9190eaeeb76aae7d8?s=96&d=mm&r=g\",\"caption\":\"wpAdminCofbOrg\"},\"sameAs\":[\"http:\/\/192.168.64.122\/wordpress\"],\"url\":\"https:\/\/www.cofb.org\/ca\/author\/wpadmincofborg\/\"}]}<\/script>\n<!-- \/ Yoast SEO plugin. -->","yoast_head_json":{"title":"Els farmac\u00e8utics i farmac\u00e8utiques de Barcelona celebrem el Dia Mundial del Farmac\u00e8utic posant en valor la nostra contribuci\u00f3 a un m\u00f3n m\u00e9s saludable - Col\u00b7legi de Farmac\u00e8utics de Barcelona","description":"\u00a0\u201cLa Farm\u00e0cia, unida per un m\u00f3n m\u00e9s saludable\u201d\u00a0\u00e9s el lema escollit per la Federaci\u00f3 Internacional Farmac\u00e8utica (FIP) per celebrar el\u00a0Dia Mundial del Farmac\u00e8utic el proper 25 de setembre.","robots":{"index":"index","follow":"follow","max-snippet":"max-snippet:-1","max-image-preview":"max-image-preview:large","max-video-preview":"max-video-preview:-1"},"canonical":"https:\/\/novaorg.cofb.net\/2022\/09\/23\/farmaceutics-i-farmaceutiques-de-barcelona-celebren-el-seu-dia-mundial-posant-en-valor-la-seva-tasca-des-de-tots-els-ambits-de-la-professio-per-contribuir-a-un-mon-mes-saludable\/","og_locale":"ca_ES","og_type":"article","og_title":"Els farmac\u00e8utics i farmac\u00e8utiques de Barcelona celebrem el Dia Mundial del Farmac\u00e8utic posant en valor la nostra contribuci\u00f3 a un m\u00f3n m\u00e9s saludable - Col\u00b7legi de Farmac\u00e8utics de Barcelona","og_description":"\u00a0\u201cLa Farm\u00e0cia, unida per un m\u00f3n m\u00e9s saludable\u201d\u00a0\u00e9s el lema escollit per la Federaci\u00f3 Internacional Farmac\u00e8utica (FIP) per celebrar el\u00a0Dia Mundial del Farmac\u00e8utic el proper 25 de setembre.","og_url":"https:\/\/novaorg.cofb.net\/2022\/09\/23\/farmaceutics-i-farmaceutiques-de-barcelona-celebren-el-seu-dia-mundial-posant-en-valor-la-seva-tasca-des-de-tots-els-ambits-de-la-professio-per-contribuir-a-un-mon-mes-saludable\/","og_site_name":"Col\u00b7legi de Farmac\u00e8utics de Barcelona","article_publisher":"https:\/\/www.facebook.com\/farmaceuticsbcn\/","article_published_time":"2022-09-23T12:53:52+00:00","article_modified_time":"2023-09-21T08:58:56+00:00","og_image":[{"width":1024,"height":576,"url":"https:\/\/novaorg.cofb.net\/wp-content\/uploads\/2023\/07\/2.-TW-DM-Farmaceutic-1024x576-1.png","type":"image\/png"}],"author":"wpAdminCofbOrg","twitter_card":"summary_large_image","twitter_creator":"@farmaceuticsbcn","twitter_site":"@farmaceuticsbcn","twitter_misc":{"Escrit per":"wpAdminCofbOrg","Temps estimat de lectura":"4 minuts"},"schema":{"@context":"https:\/\/schema.org","@graph":[{"@type":"Article","@id":"https:\/\/novaorg.cofb.net\/2022\/09\/23\/farmaceutics-i-farmaceutiques-de-barcelona-celebren-el-seu-dia-mundial-posant-en-valor-la-seva-tasca-des-de-tots-els-ambits-de-la-professio-per-contribuir-a-un-mon-mes-saludable\/#article","isPartOf":{"@id":"https:\/\/novaorg.cofb.net\/2022\/09\/23\/farmaceutics-i-farmaceutiques-de-barcelona-celebren-el-seu-dia-mundial-posant-en-valor-la-seva-tasca-des-de-tots-els-ambits-de-la-professio-per-contribuir-a-un-mon-mes-saludable\/"},"author":{"name":"wpAdminCofbOrg","@id":"https:\/\/www.cofb.org\/#\/schema\/person\/22ed7eea88da74b0fa4d3154ad87ffcb"},"headline":"Els farmac\u00e8utics i farmac\u00e8utiques de Barcelona celebrem el Dia Mundial del Farmac\u00e8utic posant en valor la nostra contribuci\u00f3 a un m\u00f3n m\u00e9s saludable","datePublished":"2022-09-23T12:53:52+00:00","dateModified":"2023-09-21T08:58:56+00:00","mainEntityOfPage":{"@id":"https:\/\/novaorg.cofb.net\/2022\/09\/23\/farmaceutics-i-farmaceutiques-de-barcelona-celebren-el-seu-dia-mundial-posant-en-valor-la-seva-tasca-des-de-tots-els-ambits-de-la-professio-per-contribuir-a-un-mon-mes-saludable\/"},"wordCount":807,"commentCount":0,"publisher":{"@id":"https:\/\/www.cofb.org\/#organization"},"image":{"@id":"https:\/\/novaorg.cofb.net\/2022\/09\/23\/farmaceutics-i-farmaceutiques-de-barcelona-celebren-el-seu-dia-mundial-posant-en-valor-la-seva-tasca-des-de-tots-els-ambits-de-la-professio-per-contribuir-a-un-mon-mes-saludable\/#primaryimage"},"thumbnailUrl":"https:\/\/www.cofb.org\/wp-content\/uploads\/2023\/07\/2.-TW-DM-Farmaceutic-1024x576-1.png","keywords":["Alimentaci\u00f3 i nutrici\u00f3","an\u00e0lisis cl\u00edniques","CGCOF","Col\u00b7legi de Farmac\u00e8utics de Barcelona","Dia Mundial del Farmac\u00e8utic","Distribuci\u00f3 farmac\u00e8utica","farmac\u00e8utics","farmac\u00e8utics comunitaris","farmac\u00e8utics d'an\u00e0lisis cl\u00edniques","farm\u00e0cia hospital\u00e0ria","FIP","Ortop\u00e8dia","pacient","prevenci\u00f3 de la malaltia","promoci\u00f3 de la salut","Salut p\u00fablica"],"articleSection":["Destacats","M\u00f3n col\u00b7legial"],"inLanguage":"ca","potentialAction":[{"@type":"CommentAction","name":"Comment","target":["https:\/\/novaorg.cofb.net\/2022\/09\/23\/farmaceutics-i-farmaceutiques-de-barcelona-celebren-el-seu-dia-mundial-posant-en-valor-la-seva-tasca-des-de-tots-els-ambits-de-la-professio-per-contribuir-a-un-mon-mes-saludable\/#respond"]}]},{"@type":"WebPage","@id":"https:\/\/novaorg.cofb.net\/2022\/09\/23\/farmaceutics-i-farmaceutiques-de-barcelona-celebren-el-seu-dia-mundial-posant-en-valor-la-seva-tasca-des-de-tots-els-ambits-de-la-professio-per-contribuir-a-un-mon-mes-saludable\/","url":"https:\/\/novaorg.cofb.net\/2022\/09\/23\/farmaceutics-i-farmaceutiques-de-barcelona-celebren-el-seu-dia-mundial-posant-en-valor-la-seva-tasca-des-de-tots-els-ambits-de-la-professio-per-contribuir-a-un-mon-mes-saludable\/","name":"Els farmac\u00e8utics i farmac\u00e8utiques de Barcelona celebrem el Dia Mundial del Farmac\u00e8utic posant en valor la nostra contribuci\u00f3 a un m\u00f3n m\u00e9s saludable - Col\u00b7legi de Farmac\u00e8utics de Barcelona","isPartOf":{"@id":"https:\/\/www.cofb.org\/#website"},"primaryImageOfPage":{"@id":"https:\/\/novaorg.cofb.net\/2022\/09\/23\/farmaceutics-i-farmaceutiques-de-barcelona-celebren-el-seu-dia-mundial-posant-en-valor-la-seva-tasca-des-de-tots-els-ambits-de-la-professio-per-contribuir-a-un-mon-mes-saludable\/#primaryimage"},"image":{"@id":"https:\/\/novaorg.cofb.net\/2022\/09\/23\/farmaceutics-i-farmaceutiques-de-barcelona-celebren-el-seu-dia-mundial-posant-en-valor-la-seva-tasca-des-de-tots-els-ambits-de-la-professio-per-contribuir-a-un-mon-mes-saludable\/#primaryimage"},"thumbnailUrl":"https:\/\/www.cofb.org\/wp-content\/uploads\/2023\/07\/2.-TW-DM-Farmaceutic-1024x576-1.png","datePublished":"2022-09-23T12:53:52+00:00","dateModified":"2023-09-21T08:58:56+00:00","description":"\u00a0\u201cLa Farm\u00e0cia, unida per un m\u00f3n m\u00e9s saludable\u201d\u00a0\u00e9s el lema escollit per la Federaci\u00f3 Internacional Farmac\u00e8utica (FIP) per celebrar el\u00a0Dia Mundial del Farmac\u00e8utic el proper 25 de setembre.","breadcrumb":{"@id":"https:\/\/novaorg.cofb.net\/2022\/09\/23\/farmaceutics-i-farmaceutiques-de-barcelona-celebren-el-seu-dia-mundial-posant-en-valor-la-seva-tasca-des-de-tots-els-ambits-de-la-professio-per-contribuir-a-un-mon-mes-saludable\/#breadcrumb"},"inLanguage":"ca","potentialAction":[{"@type":"ReadAction","target":["https:\/\/novaorg.cofb.net\/2022\/09\/23\/farmaceutics-i-farmaceutiques-de-barcelona-celebren-el-seu-dia-mundial-posant-en-valor-la-seva-tasca-des-de-tots-els-ambits-de-la-professio-per-contribuir-a-un-mon-mes-saludable\/"]}]},{"@type":"ImageObject","inLanguage":"ca","@id":"https:\/\/novaorg.cofb.net\/2022\/09\/23\/farmaceutics-i-farmaceutiques-de-barcelona-celebren-el-seu-dia-mundial-posant-en-valor-la-seva-tasca-des-de-tots-els-ambits-de-la-professio-per-contribuir-a-un-mon-mes-saludable\/#primaryimage","url":"https:\/\/www.cofb.org\/wp-content\/uploads\/2023\/07\/2.-TW-DM-Farmaceutic-1024x576-1.png","contentUrl":"https:\/\/www.cofb.org\/wp-content\/uploads\/2023\/07\/2.-TW-DM-Farmaceutic-1024x576-1.png","width":1024,"height":576},{"@type":"BreadcrumbList","@id":"https:\/\/novaorg.cofb.net\/2022\/09\/23\/farmaceutics-i-farmaceutiques-de-barcelona-celebren-el-seu-dia-mundial-posant-en-valor-la-seva-tasca-des-de-tots-els-ambits-de-la-professio-per-contribuir-a-un-mon-mes-saludable\/#breadcrumb","itemListElement":[{"@type":"ListItem","position":1,"name":"Inici","item":"https:\/\/novaorg.cofb.net\/"},{"@type":"ListItem","position":2,"name":"Els farmac\u00e8utics i farmac\u00e8utiques de Barcelona celebrem el Dia Mundial del Farmac\u00e8utic posant en valor la nostra contribuci\u00f3 a un m\u00f3n m\u00e9s saludable"}]},{"@type":"WebSite","@id":"https:\/\/www.cofb.org\/#website","url":"https:\/\/www.cofb.org\/","name":"Col\u00b7legi de Farmac\u00e8utics de Barcelona","description":"","publisher":{"@id":"https:\/\/www.cofb.org\/#organization"},"potentialAction":[{"@type":"SearchAction","target":{"@type":"EntryPoint","urlTemplate":"https:\/\/www.cofb.org\/?s={search_term_string}"},"query-input":"required name=search_term_string"}],"inLanguage":"ca"},{"@type":"Organization","@id":"https:\/\/www.cofb.org\/#organization","name":"Col\u00b7legi de Farmac\u00e8utics de Barcelona","url":"https:\/\/www.cofb.org\/","logo":{"@type":"ImageObject","inLanguage":"ca","@id":"https:\/\/www.cofb.org\/#\/schema\/logo\/image\/","url":"https:\/\/www.cofb.org\/wp-content\/uploads\/2023\/11\/cropped-Logotip-COFB.png","contentUrl":"https:\/\/www.cofb.org\/wp-content\/uploads\/2023\/11\/cropped-Logotip-COFB.png","width":500,"height":105,"caption":"Col\u00b7legi de Farmac\u00e8utics de Barcelona"},"image":{"@id":"https:\/\/www.cofb.org\/#\/schema\/logo\/image\/"},"sameAs":["https:\/\/www.facebook.com\/farmaceuticsbcn\/","https:\/\/twitter.com\/farmaceuticsbcn","https:\/\/www.instagram.com\/farmaceuticsbcn\/","https:\/\/www.linkedin.com\/company\/farmaceuticsbcn\/"]},{"@type":"Person","@id":"https:\/\/www.cofb.org\/#\/schema\/person\/22ed7eea88da74b0fa4d3154ad87ffcb","name":"wpAdminCofbOrg","image":{"@type":"ImageObject","inLanguage":"ca","@id":"https:\/\/www.cofb.org\/#\/schema\/person\/image\/","url":"https:\/\/secure.gravatar.com\/avatar\/1721b20b3b8ca882c3b56ec6c978c594fff670e40c0718e9190eaeeb76aae7d8?s=96&d=mm&r=g","contentUrl":"https:\/\/secure.gravatar.com\/avatar\/1721b20b3b8ca882c3b56ec6c978c594fff670e40c0718e9190eaeeb76aae7d8?s=96&d=mm&r=g","caption":"wpAdminCofbOrg"},"sameAs":["http:\/\/192.168.64.122\/wordpress"],"url":"https:\/\/www.cofb.org\/ca\/author\/wpadmincofborg\/"}]}},"uagb_featured_image_src":{"full":["https:\/\/www.cofb.org\/wp-content\/uploads\/2023\/07\/2.-TW-DM-Farmaceutic-1024x576-1.png",1024,576,false],"thumbnail":["https:\/\/www.cofb.org\/wp-content\/uploads\/2023\/07\/2.-TW-DM-Farmaceutic-1024x576-1-150x150.png",150,150,true],"medium":["https:\/\/www.cofb.org\/wp-content\/uploads\/2023\/07\/2.-TW-DM-Farmaceutic-1024x576-1-300x169.png",300,169,true],"medium_large":["https:\/\/www.cofb.org\/wp-content\/uploads\/2023\/07\/2.-TW-DM-Farmaceutic-1024x576-1-768x432.png",768,432,true],"large":["https:\/\/www.cofb.org\/wp-content\/uploads\/2023\/07\/2.-TW-DM-Farmaceutic-1024x576-1.png",1024,576,false],"1536x1536":["https:\/\/www.cofb.org\/wp-content\/uploads\/2023\/07\/2.-TW-DM-Farmaceutic-1024x576-1.png",1024,576,false],"2048x2048":["https:\/\/www.cofb.org\/wp-content\/uploads\/2023\/07\/2.-TW-DM-Farmaceutic-1024x576-1.png",1024,576,false],"trp-custom-language-flag":["https:\/\/www.cofb.org\/wp-content\/uploads\/2023\/07\/2.-TW-DM-Farmaceutic-1024x576-1.png",18,10,false]},"uagb_author_info":{"display_name":"wpAdminCofbOrg","author_link":"https:\/\/www.cofb.org\/ca\/author\/wpadmincofborg\/"},"uagb_comment_info":0,"uagb_excerpt":"\u201cLa Farm\u00e0cia, unida per un m\u00f3n m\u00e9s saludable\u201d&nbsp;\u00e9s el lema escollit per la Federaci\u00f3 Internacional Farmac\u00e8utica (FIP) per celebrar el&nbsp;Dia Mundial del Farmac\u00e8utic el proper 25 de setembre.&nbsp;El&nbsp;Col\u00b7legi de Farmac\u00e8utics de Barcelona (COFB) s\u2019adhereix a la commemoraci\u00f3 d\u2019aquest dia,&nbsp;posant en valor la tasca que es duu a terme des de [&hellip;]","_links":{"self":[{"href":"https:\/\/www.cofb.org\/ca\/wp-json\/wp\/v2\/posts\/64550","targetHints":{"allow":["GET"]}}],"collection":[{"href":"https:\/\/www.cofb.org\/ca\/wp-json\/wp\/v2\/posts"}],"about":[{"href":"https:\/\/www.cofb.org\/ca\/wp-json\/wp\/v2\/types\/post"}],"author":[{"embeddable":true,"href":"https:\/\/www.cofb.org\/ca\/wp-json\/wp\/v2\/users\/1"}],"replies":[{"embeddable":true,"href":"https:\/\/www.cofb.org\/ca\/wp-json\/wp\/v2\/comments?post=64550"}],"version-history":[{"count":2,"href":"https:\/\/www.cofb.org\/ca\/wp-json\/wp\/v2\/posts\/64550\/revisions"}],"predecessor-version":[{"id":68711,"href":"https:\/\/www.cofb.org\/ca\/wp-json\/wp\/v2\/posts\/64550\/revisions\/68711"}],"wp:featuredmedia":[{"embeddable":true,"href":"https:\/\/www.cofb.org\/ca\/wp-json\/wp\/v2\/media\/67854"}],"wp:attachment":[{"href":"https:\/\/www.cofb.org\/ca\/wp-json\/wp\/v2\/media?parent=64550"}],"wp:term":[{"taxonomy":"category","embeddable":true,"href":"https:\/\/www.cofb.org\/ca\/wp-json\/wp\/v2\/categories?post=64550"},{"taxonomy":"post_tag","embeddable":true,"href":"https:\/\/www.cofb.org\/ca\/wp-json\/wp\/v2\/tags?post=64550"}],"curies":[{"name":"wp","href":"https:\/\/api.w.org\/{rel}","templated":true}]}}