{"id":64127,"date":"2022-07-20T12:46:37","date_gmt":"2022-07-20T10:46:37","guid":{"rendered":"https:\/\/blog.cofb.cat\/?p=64127"},"modified":"2023-09-21T09:01:42","modified_gmt":"2023-09-21T09:01:42","slug":"les-claus-de-la-presencia-a-tiktok-des-de-lexperiencia-dun-farmaceutic-nova-conferencia-al-cofb","status":"publish","type":"post","link":"https:\/\/www.cofb.org\/ca\/2022\/07\/20\/les-claus-de-la-presencia-a-tiktok-des-de-lexperiencia-dun-farmaceutic-nova-conferencia-al-cofb\/","title":{"rendered":"Les claus de la pres\u00e8ncia a TikTok, des de l&#8217;experi\u00e8ncia d&#8217;un farmac\u00e8utic. Nova confer\u00e8ncia al COFB"},"content":{"rendered":"\n<p>Aquest juliol el <strong>Col\u00b7legi de Farmac\u00e8utics de Barcelona<\/strong> ha acollit la confer\u00e8ncia <strong>&#8220;5 claus per ser a TikTok i 5 errors a evitar&#8221;<\/strong>. La confer\u00e8ncia va anar a c\u00e0rrec d&#8217;<strong>\u00c1lvaro Fern\u00e1ndez<\/strong>, farmac\u00e8utic titular a la farm\u00e0cia madrilenya Segovia 34 d&#8217;Alcal\u00e0 d&#8217;Henares i autor del llibre &#8220;Nadie nace sabiendo&#8221;, conegut a les xarxes socials com <a href=\"https:\/\/www.tiktok.com\/@farmaceuticofernandez?lang=es\" target=\"_blank\" rel=\"noreferrer noopener\">@farmaceuticofernandez<\/a>. <strong>Juan Carlos Serra<\/strong>, director del M\u00e0ster de Gesti\u00f3 de l&#8217;Oficina de Farm\u00e0cia (MGOF) del COFB, va moderar la sessi\u00f3.<\/p>\n\n\n\n<figure class=\"wp-block-image size-large\"><img decoding=\"async\" src=\"https:\/\/blog.cofb.cat\/wp-content\/uploads\/2022\/07\/COFB_TikTok_5072022-1-1024x512.jpg\" alt=\" \u00c1lvaro Fern\u00e1ndez, farmac\u00e8utic i expert en xarxes socials i Juan Carlos Serra, director del M\u00e0ster en Gesti\u00f3 de l'Oficina de Farm\u00e0cia (MGOF) del COFB, a l'inici de la sessi\u00f3.\" class=\"wp-image-64199\" title=\" \u00c1lvaro Fern\u00e1ndez, farmac\u00e8utic i expert en xarxes socials i Juan Carlos Serra, director del M\u00e0ster en Gesti\u00f3 de l'Oficina de Farm\u00e0cia (MGOF) del COFB, a l'inici de la sessi\u00f3.\"\/><figcaption class=\"wp-element-caption\"> \u00c1lvaro Fern\u00e1ndez, farmac\u00e8utic i expert en xarxes socials i Juan Carlos Serra, director del M\u00e0ster de Gesti\u00f3 de l&#8217;Oficina de Farm\u00e0cia (MGOF) del COFB, a l&#8217;inici de la sessi\u00f3.<\/figcaption><\/figure>\n\n\n\n<p>Els <strong>objectius <\/strong>d&#8217;aquesta confer\u00e8ncia van <strong>ser analitzar els pros i els contres d&#8217;estar present a les xarxes socials, i en especial a TikTok<\/strong>, la plataforma de difusi\u00f3 de v\u00eddeos que m\u00e9s creixement est\u00e0 experimentant en l&#8217;actualitat. Durant la sessi\u00f3 tamb\u00e9 es va presentar la <strong>nova edici\u00f3 del M\u00e0ster de Gesti\u00f3 de l&#8217;Oficina de Farm\u00e0cia (MGOF) <\/strong>que, un any m\u00e9s, s&#8217;oferir\u00e0 en <strong>format h\u00edbrid<\/strong> -presencial i virtual-.<strong> <\/strong><\/p>\n\n\n\n<h2 class=\"wp-block-heading\"><strong>\u00c9s estrictament necessari estar a les xarxes socials? L&#8217;experi\u00e8ncia amb TikTok<\/strong><\/h2>\n\n\n\n<p>Les xarxes socials s&#8217;han convertit en eines fonamentals per a la gent jove, per\u00f2 \u00e9s estrictament necessari ser-hi per poder arribar a aquest p\u00fablic? <strong>Fern\u00e1ndez <\/strong>va iniciar la confer\u00e8ncia explicant que &#8220;<strong>no \u00e9s estrictament necessari estar a les xarxes socials, per\u00f2 si ho \u00e9s la digitalitzaci\u00f3<\/strong>&#8220;. Les xarxes socials s\u00f3n una part de la digitalitzaci\u00f3, encara que molt potent. A tall d&#8217;exemple va assenyalar que &#8220;trigar\u00edem <strong>180 milions de segons<\/strong>, <strong>3 milions de minuts<\/strong>, <strong>50.000 hores<\/strong>, <strong>6.250 dies laborables <\/strong>o, el que seria el mateix, <strong>25 anys<\/strong>, en <strong>explicar a la farm\u00e0cia a 6 milions de persones la difer\u00e8ncia entre el paracetamol i l&#8217;ibuprof\u00e8n<\/strong>. Gr\u00e0cies a xarxes socials com TikTok, aquesta informaci\u00f3 es pot viralitzar de manera quasi immediata&#8221;. <\/p>\n\n\n\n<p>A aquest poder de difusi\u00f3, <strong>Fern\u00e1ndez <\/strong>va afegir altres avantatges com &#8220;la <strong>immediatesa<\/strong> a l&#8217;hora d&#8217;accedir al teu p\u00fablic, la <strong>confian\u00e7a per avan\u00e7at<\/strong> deguda al fet que el client ja ens coneix, la <strong>capacitat per arribar a un <em>target<\/em> m\u00e9s jove<\/strong> i que  seran els clients &#8220;del dem\u00e0&#8221;, i <strong>lluitar contra la desinformaci\u00f3<\/strong>&#8220;. En aquest sentit, &#8220;<strong>estar a les xarxes socials demana estar constantment al dia i informat&#8221;<\/strong>, va afirmar el farmac\u00e8utic.<\/p>\n\n\n\n<figure class=\"wp-block-image size-large\"><img decoding=\"async\" src=\"https:\/\/blog.cofb.cat\/wp-content\/uploads\/2022\/07\/COFB_TikTok_5072022_2-1024x512.jpg\" alt=\"\u00c1lvaro Fern\u00e1ndez, en un moment de la xerrada sobre la seva experi\u00e8ncia a TikTok. \" class=\"wp-image-64256\" title=\"\u00c1lvaro Fern\u00e1ndez, en un moment de la xerrada sobre la seva experi\u00e8ncia a TikTok. \"\/><figcaption class=\"wp-element-caption\">  \u00c1lvaro Fern\u00e1ndez, en un moment de la xerrada sobre la seva experi\u00e8ncia a TikTok. <\/figcaption><\/figure>\n\n\n\n<p><mark style=\"background-color:rgba(0, 0, 0, 0)\" class=\"has-inline-color has-black-color\">Per evitar errors dins d&#8217;aquesta o de qualsevol xarxa social, <strong>Fern\u00e1ndez <\/strong>va indicar que <strong>&#8220;cal saber com ser\u00e0 el teu perfil<\/strong> i amb quina finalitat l&#8217;utilitzar\u00e0s:<strong> s&#8217;ha de tenir una estrat\u00e8gia definida<\/strong> i s&#8217;ha de <strong>mantenir un perfil professional adaptat al teu objectiu i adaptant tamb\u00e9 el missatge&#8221;.<\/strong> Va exposar que &#8220;en tot cas s&#8217;ha de <strong>tenir un concepte clar de qu\u00e8 s\u00f3n i com funcionen les xarxes socials<\/strong> i s<strong>&#8216;ha de tenir molt clar que hi ha determinats temes que s\u00f3n sensibles i que mai agradar\u00e0s a tothom<\/strong>. Els <em>haters<\/em> s\u00f3n <em>haters<\/em>, i has de saber manegar aquestes situacions amb ells&#8221;. <\/mark><\/p>\n\n\n\n<p><mark style=\"background-color:rgba(0, 0, 0, 0)\" class=\"has-inline-color has-black-color\">Pel que fa a la seva dedicaci\u00f3 a les xarxes, el farmac\u00e8utic va compartir que <mark style=\"background-color:rgba(0, 0, 0, 0)\" class=\"has-inline-color has-black-color\"><strong>&#8220;\u00e9s molt important marcar-se uns temps&#8221;<\/strong><\/mark>, ja que <strong>&#8220;hi ha tot un esfor\u00e7 i moltes hores dedicades als processos de creaci\u00f3 de contingut i d&#8217;interacci\u00f3 amb els seguidors&#8221;. <\/strong>  <\/mark><\/p>\n\n\n<div class=\"destacat-blog\">\n\n\n<h2 class=\"wp-block-heading\"><strong>Nova edici\u00f3 del M\u00e0ster de Gesti\u00f3 de l&#8217;Oficina de Farm\u00e0cia &#8211; MGOF  <\/strong> <\/h2>\n\n\n\n<p>A l&#8217;inici de la confer\u00e8ncia,<strong> Juan Carlos Serra<\/strong>, director del MGOF, va presentar la <strong>XVIII edici\u00f3 del M\u00e0ster de Gesti\u00f3 de l&#8217;Oficina de Farm\u00e0cia<\/strong>. Va recordar que el <strong>MGOF<\/strong> ofereix un ampli coneixement de les <strong>diferents \u00e0rees funcionals<\/strong> i <strong>processos de negoci <\/strong>de la farm\u00e0cia, i dona les eines per desenvolupar <strong>habilitats directives<\/strong> i poder <strong>liderar l\u2019equip de col\u00b7laboradors<\/strong>. <\/p>\n\n\n\n<figure class=\"wp-block-image size-large\"><img decoding=\"async\" src=\"https:\/\/blog.cofb.cat\/wp-content\/uploads\/2022\/07\/COFB_TikTok_5072022_3-1024x512.jpg\" alt=\"\" class=\"wp-image-64255\"\/><\/figure>\n\n\n\n<p>Estructurat en <strong>tres m\u00f2duls <\/strong>(<strong>finances i fiscalitat, gesti\u00f3 de persones, i m\u00e0rqueting)<\/strong>, i impartit per reconeguts professionals dels diferents \u00e0mbits, la seva<strong>&nbsp;metodologia es planteja novament en format h\u00edbrid &#8211;<\/strong>presencial i virtual-, adaptant-se a les necessitats i prefer\u00e8ncies dels alumnes.&nbsp;D&#8217;aquesta manera, al MGOF<strong> es podran inscriure alumnes d\u2019altres comunitats que no es puguin despla\u00e7ar al COFB<\/strong>, ja que podran seguir virtualment la major part de les classes, si aix\u00ed ho desitgen.  <\/p>\n\n\n\n<p>Inici octubre 2022. <strong>Informaci\u00f3 i inscripcions <a href=\"https:\/\/www.cofb.org\/ca\/web\/guest\/que-oferim\/farmaceutics\/serveis\/formacio-i-projectes\/activitats?p_p_id=webportletLlistatActivitats_WAR_webportletLlistatActivitats_INSTANCE_RuQd0cQLInOb&amp;p_p_lifecycle=0&amp;p_p_state=normal&amp;p_p_mode=view&amp;p_p_col_id=column-3&amp;p_p_col_count=1&amp;_webportletLlistatActivitats_WAR_webportletLlistatActivitats_INSTANCE_RuQd0cQLInOb_strutsAction=%2Fview%2Fdetall&amp;_webportletLlistatActivitats_WAR_webportletLlistatActivitats_INSTANCE_RuQd0cQLInOb_id=3643\" target=\"_blank\" rel=\"noreferrer noopener\">aqu\u00ed<\/a><\/strong>.<\/p>\n\n\n\n<p><\/p><\/div>\n","protected":false},"excerpt":{"rendered":"<p>Aquest juliol el Col\u00b7legi de Farmac\u00e8utics de Barcelona ha acollit la confer\u00e8ncia &#8220;5 claus per ser a TikTok i 5 errors a evitar&#8221;. La confer\u00e8ncia va anar a c\u00e0rrec d&#8217;\u00c1lvaro Fern\u00e1ndez, farmac\u00e8utic titular a la farm\u00e0cia madrilenya Segovia 34 d&#8217;Alcal\u00e0 d&#8217;Henares i autor del llibre &#8220;Nadie nace sabiendo&#8221;, conegut a [&hellip;]<\/p>\n","protected":false},"author":1,"featured_media":67868,"comment_status":"open","ping_status":"open","sticky":false,"template":"","format":"standard","meta":{"_uag_custom_page_level_css":"","site-sidebar-layout":"default","site-content-layout":"","ast-site-content-layout":"default","site-content-style":"default","site-sidebar-style":"default","ast-global-header-display":"","ast-banner-title-visibility":"","ast-main-header-display":"","ast-hfb-above-header-display":"","ast-hfb-below-header-display":"","ast-hfb-mobile-header-display":"","site-post-title":"","ast-breadcrumbs-content":"","ast-featured-img":"disabled","footer-sml-layout":"","theme-transparent-header-meta":"","adv-header-id-meta":"","stick-header-meta":"","header-above-stick-meta":"","header-main-stick-meta":"","header-below-stick-meta":"","astra-migrate-meta-layouts":"default","ast-page-background-enabled":"default","ast-page-background-meta":{"desktop":{"background-color":"var(--ast-global-color-4)","background-image":"","background-repeat":"repeat","background-position":"center center","background-size":"auto","background-attachment":"scroll","background-type":"","background-media":"","overlay-type":"","overlay-color":"","overlay-opacity":"","overlay-gradient":""},"tablet":{"background-color":"","background-image":"","background-repeat":"repeat","background-position":"center center","background-size":"auto","background-attachment":"scroll","background-type":"","background-media":"","overlay-type":"","overlay-color":"","overlay-opacity":"","overlay-gradient":""},"mobile":{"background-color":"","background-image":"","background-repeat":"repeat","background-position":"center center","background-size":"auto","background-attachment":"scroll","background-type":"","background-media":"","overlay-type":"","overlay-color":"","overlay-opacity":"","overlay-gradient":""}},"ast-content-background-meta":{"desktop":{"background-color":"var(--ast-global-color-5)","background-image":"","background-repeat":"repeat","background-position":"center center","background-size":"auto","background-attachment":"scroll","background-type":"","background-media":"","overlay-type":"","overlay-color":"","overlay-opacity":"","overlay-gradient":""},"tablet":{"background-color":"var(--ast-global-color-5)","background-image":"","background-repeat":"repeat","background-position":"center center","background-size":"auto","background-attachment":"scroll","background-type":"","background-media":"","overlay-type":"","overlay-color":"","overlay-opacity":"","overlay-gradient":""},"mobile":{"background-color":"var(--ast-global-color-5)","background-image":"","background-repeat":"repeat","background-position":"center center","background-size":"auto","background-attachment":"scroll","background-type":"","background-media":"","overlay-type":"","overlay-color":"","overlay-opacity":"","overlay-gradient":""}},"footnotes":""},"categories":[23,57],"tags":[867,18,19,868,869,870,871,112,701,872,53,68,873,70,874,768,875,770,876,877,878,879,880,881,882],"class_list":["post-64127","post","type-post","status-publish","format-standard","has-post-thumbnail","hentry","category-destacats","category-mon-collegial","tag-botiga-online","tag-cofb","tag-collegi-de-farmaceutics-de-barcelona","tag-contingut","tag-creacio","tag-desinformacio","tag-difusio","tag-digitalitzacio","tag-estrategia","tag-estrategia-digital","tag-farmaceutics","tag-farmacia","tag-fiscalitat-i-fincances","tag-formacio","tag-format-hibrid","tag-gestio-de-persones","tag-lideratge","tag-marqueting","tag-master-de-gestio-de-loficina-de-farmacia","tag-mgof","tag-online","tag-tiktok","tag-viralitat","tag-xarxes-socials","tag-xxss"],"yoast_head":"<!-- This site is optimized with the Yoast SEO plugin v22.4 - https:\/\/yoast.com\/wordpress\/plugins\/seo\/ -->\n<title>Les claus de la pres\u00e8ncia a TikTok, des de l&#039;experi\u00e8ncia d&#039;un farmac\u00e8utic. Nova confer\u00e8ncia al COFB - Col\u00b7legi de Farmac\u00e8utics de Barcelona<\/title>\n<meta name=\"description\" content=\"El passat 5 de juliol el Col\u00b7legi de Farmac\u00e8utics de Barcelona va acollir la confer\u00e8ncia &quot;5 claus per ser a TikTok i 5 errors a evitar&quot;.\" \/>\n<meta name=\"robots\" content=\"index, follow, max-snippet:-1, max-image-preview:large, max-video-preview:-1\" \/>\n<link rel=\"canonical\" href=\"https:\/\/novaorg.cofb.net\/2022\/07\/20\/les-claus-de-la-presencia-a-tiktok-des-de-lexperiencia-dun-farmaceutic-nova-conferencia-al-cofb\/\" \/>\n<meta property=\"og:locale\" content=\"ca_ES\" \/>\n<meta property=\"og:type\" content=\"article\" \/>\n<meta property=\"og:title\" content=\"Les claus de la pres\u00e8ncia a TikTok, des de l&#039;experi\u00e8ncia d&#039;un farmac\u00e8utic. Nova confer\u00e8ncia al COFB - Col\u00b7legi de Farmac\u00e8utics de Barcelona\" \/>\n<meta property=\"og:description\" content=\"El passat 5 de juliol el Col\u00b7legi de Farmac\u00e8utics de Barcelona va acollir la confer\u00e8ncia &quot;5 claus per ser a TikTok i 5 errors a evitar&quot;.\" \/>\n<meta property=\"og:url\" content=\"https:\/\/novaorg.cofb.net\/2022\/07\/20\/les-claus-de-la-presencia-a-tiktok-des-de-lexperiencia-dun-farmaceutic-nova-conferencia-al-cofb\/\" \/>\n<meta property=\"og:site_name\" content=\"Col\u00b7legi de Farmac\u00e8utics de Barcelona\" \/>\n<meta property=\"article:publisher\" content=\"https:\/\/www.facebook.com\/farmaceuticsbcn\/\" \/>\n<meta property=\"article:published_time\" content=\"2022-07-20T10:46:37+00:00\" \/>\n<meta property=\"article:modified_time\" content=\"2023-09-21T09:01:42+00:00\" \/>\n<meta property=\"og:image\" content=\"https:\/\/novaorg.cofb.net\/wp-content\/uploads\/2023\/07\/COFB_TikTok_5072022-1-1024x512-1.jpg\" \/>\n\t<meta property=\"og:image:width\" content=\"1024\" \/>\n\t<meta property=\"og:image:height\" content=\"512\" \/>\n\t<meta property=\"og:image:type\" content=\"image\/jpeg\" \/>\n<meta name=\"author\" content=\"wpAdminCofbOrg\" \/>\n<meta name=\"twitter:card\" content=\"summary_large_image\" \/>\n<meta name=\"twitter:creator\" content=\"@farmaceuticsbcn\" \/>\n<meta name=\"twitter:site\" content=\"@farmaceuticsbcn\" \/>\n<meta name=\"twitter:label1\" content=\"Escrit per\" \/>\n\t<meta name=\"twitter:data1\" content=\"wpAdminCofbOrg\" \/>\n\t<meta name=\"twitter:label2\" content=\"Temps estimat de lectura\" \/>\n\t<meta name=\"twitter:data2\" content=\"4 minuts\" \/>\n<script type=\"application\/ld+json\" class=\"yoast-schema-graph\">{\"@context\":\"https:\/\/schema.org\",\"@graph\":[{\"@type\":\"Article\",\"@id\":\"https:\/\/novaorg.cofb.net\/2022\/07\/20\/les-claus-de-la-presencia-a-tiktok-des-de-lexperiencia-dun-farmaceutic-nova-conferencia-al-cofb\/#article\",\"isPartOf\":{\"@id\":\"https:\/\/novaorg.cofb.net\/2022\/07\/20\/les-claus-de-la-presencia-a-tiktok-des-de-lexperiencia-dun-farmaceutic-nova-conferencia-al-cofb\/\"},\"author\":{\"name\":\"wpAdminCofbOrg\",\"@id\":\"https:\/\/www.cofb.org\/#\/schema\/person\/22ed7eea88da74b0fa4d3154ad87ffcb\"},\"headline\":\"Les claus de la pres\u00e8ncia a TikTok, des de l&#8217;experi\u00e8ncia d&#8217;un farmac\u00e8utic. Nova confer\u00e8ncia al COFB\",\"datePublished\":\"2022-07-20T10:46:37+00:00\",\"dateModified\":\"2023-09-21T09:01:42+00:00\",\"mainEntityOfPage\":{\"@id\":\"https:\/\/novaorg.cofb.net\/2022\/07\/20\/les-claus-de-la-presencia-a-tiktok-des-de-lexperiencia-dun-farmaceutic-nova-conferencia-al-cofb\/\"},\"wordCount\":783,\"commentCount\":0,\"publisher\":{\"@id\":\"https:\/\/www.cofb.org\/#organization\"},\"image\":{\"@id\":\"https:\/\/novaorg.cofb.net\/2022\/07\/20\/les-claus-de-la-presencia-a-tiktok-des-de-lexperiencia-dun-farmaceutic-nova-conferencia-al-cofb\/#primaryimage\"},\"thumbnailUrl\":\"https:\/\/www.cofb.org\/wp-content\/uploads\/2023\/07\/COFB_TikTok_5072022-1-1024x512-1.jpg\",\"keywords\":[\"botiga online\",\"COFB\",\"Col\u00b7legi de Farmac\u00e8utics de Barcelona\",\"contingut\",\"creaci\u00f3\",\"desinformaci\u00f3\",\"difusi\u00f3\",\"Digitalitzaci\u00f3\",\"Estrat\u00e8gia\",\"estrat\u00e8gia digital\",\"farmac\u00e8utics\",\"Farm\u00e0cia\",\"fiscalitat i fincances\",\"Formaci\u00f3\",\"format h\u00edbrid\",\"gesti\u00f3 de persones\",\"lideratge\",\"m\u00e0rqueting\",\"master de gestio de l'oficina de farmacia\",\"MGOF\",\"Online\",\"TikTok\",\"viralitat\",\"xarxes socials\",\"XXSS\"],\"articleSection\":[\"Destacats\",\"M\u00f3n col\u00b7legial\"],\"inLanguage\":\"ca\",\"potentialAction\":[{\"@type\":\"CommentAction\",\"name\":\"Comment\",\"target\":[\"https:\/\/novaorg.cofb.net\/2022\/07\/20\/les-claus-de-la-presencia-a-tiktok-des-de-lexperiencia-dun-farmaceutic-nova-conferencia-al-cofb\/#respond\"]}]},{\"@type\":\"WebPage\",\"@id\":\"https:\/\/novaorg.cofb.net\/2022\/07\/20\/les-claus-de-la-presencia-a-tiktok-des-de-lexperiencia-dun-farmaceutic-nova-conferencia-al-cofb\/\",\"url\":\"https:\/\/novaorg.cofb.net\/2022\/07\/20\/les-claus-de-la-presencia-a-tiktok-des-de-lexperiencia-dun-farmaceutic-nova-conferencia-al-cofb\/\",\"name\":\"Les claus de la pres\u00e8ncia a TikTok, des de l'experi\u00e8ncia d'un farmac\u00e8utic. Nova confer\u00e8ncia al COFB - Col\u00b7legi de Farmac\u00e8utics de Barcelona\",\"isPartOf\":{\"@id\":\"https:\/\/www.cofb.org\/#website\"},\"primaryImageOfPage\":{\"@id\":\"https:\/\/novaorg.cofb.net\/2022\/07\/20\/les-claus-de-la-presencia-a-tiktok-des-de-lexperiencia-dun-farmaceutic-nova-conferencia-al-cofb\/#primaryimage\"},\"image\":{\"@id\":\"https:\/\/novaorg.cofb.net\/2022\/07\/20\/les-claus-de-la-presencia-a-tiktok-des-de-lexperiencia-dun-farmaceutic-nova-conferencia-al-cofb\/#primaryimage\"},\"thumbnailUrl\":\"https:\/\/www.cofb.org\/wp-content\/uploads\/2023\/07\/COFB_TikTok_5072022-1-1024x512-1.jpg\",\"datePublished\":\"2022-07-20T10:46:37+00:00\",\"dateModified\":\"2023-09-21T09:01:42+00:00\",\"description\":\"El passat 5 de juliol el Col\u00b7legi de Farmac\u00e8utics de Barcelona va acollir la confer\u00e8ncia \\\"5 claus per ser a TikTok i 5 errors a evitar\\\".\",\"breadcrumb\":{\"@id\":\"https:\/\/novaorg.cofb.net\/2022\/07\/20\/les-claus-de-la-presencia-a-tiktok-des-de-lexperiencia-dun-farmaceutic-nova-conferencia-al-cofb\/#breadcrumb\"},\"inLanguage\":\"ca\",\"potentialAction\":[{\"@type\":\"ReadAction\",\"target\":[\"https:\/\/novaorg.cofb.net\/2022\/07\/20\/les-claus-de-la-presencia-a-tiktok-des-de-lexperiencia-dun-farmaceutic-nova-conferencia-al-cofb\/\"]}]},{\"@type\":\"ImageObject\",\"inLanguage\":\"ca\",\"@id\":\"https:\/\/novaorg.cofb.net\/2022\/07\/20\/les-claus-de-la-presencia-a-tiktok-des-de-lexperiencia-dun-farmaceutic-nova-conferencia-al-cofb\/#primaryimage\",\"url\":\"https:\/\/www.cofb.org\/wp-content\/uploads\/2023\/07\/COFB_TikTok_5072022-1-1024x512-1.jpg\",\"contentUrl\":\"https:\/\/www.cofb.org\/wp-content\/uploads\/2023\/07\/COFB_TikTok_5072022-1-1024x512-1.jpg\",\"width\":1024,\"height\":512},{\"@type\":\"BreadcrumbList\",\"@id\":\"https:\/\/novaorg.cofb.net\/2022\/07\/20\/les-claus-de-la-presencia-a-tiktok-des-de-lexperiencia-dun-farmaceutic-nova-conferencia-al-cofb\/#breadcrumb\",\"itemListElement\":[{\"@type\":\"ListItem\",\"position\":1,\"name\":\"Inici\",\"item\":\"https:\/\/novaorg.cofb.net\/\"},{\"@type\":\"ListItem\",\"position\":2,\"name\":\"Les claus de la pres\u00e8ncia a TikTok, des de l&#8217;experi\u00e8ncia d&#8217;un farmac\u00e8utic. Nova confer\u00e8ncia al COFB\"}]},{\"@type\":\"WebSite\",\"@id\":\"https:\/\/www.cofb.org\/#website\",\"url\":\"https:\/\/www.cofb.org\/\",\"name\":\"Col\u00b7legi de Farmac\u00e8utics de Barcelona\",\"description\":\"\",\"publisher\":{\"@id\":\"https:\/\/www.cofb.org\/#organization\"},\"potentialAction\":[{\"@type\":\"SearchAction\",\"target\":{\"@type\":\"EntryPoint\",\"urlTemplate\":\"https:\/\/www.cofb.org\/?s={search_term_string}\"},\"query-input\":\"required name=search_term_string\"}],\"inLanguage\":\"ca\"},{\"@type\":\"Organization\",\"@id\":\"https:\/\/www.cofb.org\/#organization\",\"name\":\"Col\u00b7legi de Farmac\u00e8utics de Barcelona\",\"url\":\"https:\/\/www.cofb.org\/\",\"logo\":{\"@type\":\"ImageObject\",\"inLanguage\":\"ca\",\"@id\":\"https:\/\/www.cofb.org\/#\/schema\/logo\/image\/\",\"url\":\"https:\/\/www.cofb.org\/wp-content\/uploads\/2023\/11\/cropped-Logotip-COFB.png\",\"contentUrl\":\"https:\/\/www.cofb.org\/wp-content\/uploads\/2023\/11\/cropped-Logotip-COFB.png\",\"width\":500,\"height\":105,\"caption\":\"Col\u00b7legi de Farmac\u00e8utics de Barcelona\"},\"image\":{\"@id\":\"https:\/\/www.cofb.org\/#\/schema\/logo\/image\/\"},\"sameAs\":[\"https:\/\/www.facebook.com\/farmaceuticsbcn\/\",\"https:\/\/twitter.com\/farmaceuticsbcn\",\"https:\/\/www.instagram.com\/farmaceuticsbcn\/\",\"https:\/\/www.linkedin.com\/company\/farmaceuticsbcn\/\"]},{\"@type\":\"Person\",\"@id\":\"https:\/\/www.cofb.org\/#\/schema\/person\/22ed7eea88da74b0fa4d3154ad87ffcb\",\"name\":\"wpAdminCofbOrg\",\"image\":{\"@type\":\"ImageObject\",\"inLanguage\":\"ca\",\"@id\":\"https:\/\/www.cofb.org\/#\/schema\/person\/image\/\",\"url\":\"https:\/\/secure.gravatar.com\/avatar\/1721b20b3b8ca882c3b56ec6c978c594fff670e40c0718e9190eaeeb76aae7d8?s=96&d=mm&r=g\",\"contentUrl\":\"https:\/\/secure.gravatar.com\/avatar\/1721b20b3b8ca882c3b56ec6c978c594fff670e40c0718e9190eaeeb76aae7d8?s=96&d=mm&r=g\",\"caption\":\"wpAdminCofbOrg\"},\"sameAs\":[\"http:\/\/192.168.64.122\/wordpress\"],\"url\":\"https:\/\/www.cofb.org\/ca\/author\/wpadmincofborg\/\"}]}<\/script>\n<!-- \/ Yoast SEO plugin. -->","yoast_head_json":{"title":"Les claus de la pres\u00e8ncia a TikTok, des de l'experi\u00e8ncia d'un farmac\u00e8utic. Nova confer\u00e8ncia al COFB - Col\u00b7legi de Farmac\u00e8utics de Barcelona","description":"El passat 5 de juliol el Col\u00b7legi de Farmac\u00e8utics de Barcelona va acollir la confer\u00e8ncia \"5 claus per ser a TikTok i 5 errors a evitar\".","robots":{"index":"index","follow":"follow","max-snippet":"max-snippet:-1","max-image-preview":"max-image-preview:large","max-video-preview":"max-video-preview:-1"},"canonical":"https:\/\/novaorg.cofb.net\/2022\/07\/20\/les-claus-de-la-presencia-a-tiktok-des-de-lexperiencia-dun-farmaceutic-nova-conferencia-al-cofb\/","og_locale":"ca_ES","og_type":"article","og_title":"Les claus de la pres\u00e8ncia a TikTok, des de l'experi\u00e8ncia d'un farmac\u00e8utic. Nova confer\u00e8ncia al COFB - Col\u00b7legi de Farmac\u00e8utics de Barcelona","og_description":"El passat 5 de juliol el Col\u00b7legi de Farmac\u00e8utics de Barcelona va acollir la confer\u00e8ncia \"5 claus per ser a TikTok i 5 errors a evitar\".","og_url":"https:\/\/novaorg.cofb.net\/2022\/07\/20\/les-claus-de-la-presencia-a-tiktok-des-de-lexperiencia-dun-farmaceutic-nova-conferencia-al-cofb\/","og_site_name":"Col\u00b7legi de Farmac\u00e8utics de Barcelona","article_publisher":"https:\/\/www.facebook.com\/farmaceuticsbcn\/","article_published_time":"2022-07-20T10:46:37+00:00","article_modified_time":"2023-09-21T09:01:42+00:00","og_image":[{"width":1024,"height":512,"url":"https:\/\/novaorg.cofb.net\/wp-content\/uploads\/2023\/07\/COFB_TikTok_5072022-1-1024x512-1.jpg","type":"image\/jpeg"}],"author":"wpAdminCofbOrg","twitter_card":"summary_large_image","twitter_creator":"@farmaceuticsbcn","twitter_site":"@farmaceuticsbcn","twitter_misc":{"Escrit per":"wpAdminCofbOrg","Temps estimat de lectura":"4 minuts"},"schema":{"@context":"https:\/\/schema.org","@graph":[{"@type":"Article","@id":"https:\/\/novaorg.cofb.net\/2022\/07\/20\/les-claus-de-la-presencia-a-tiktok-des-de-lexperiencia-dun-farmaceutic-nova-conferencia-al-cofb\/#article","isPartOf":{"@id":"https:\/\/novaorg.cofb.net\/2022\/07\/20\/les-claus-de-la-presencia-a-tiktok-des-de-lexperiencia-dun-farmaceutic-nova-conferencia-al-cofb\/"},"author":{"name":"wpAdminCofbOrg","@id":"https:\/\/www.cofb.org\/#\/schema\/person\/22ed7eea88da74b0fa4d3154ad87ffcb"},"headline":"Les claus de la pres\u00e8ncia a TikTok, des de l&#8217;experi\u00e8ncia d&#8217;un farmac\u00e8utic. Nova confer\u00e8ncia al COFB","datePublished":"2022-07-20T10:46:37+00:00","dateModified":"2023-09-21T09:01:42+00:00","mainEntityOfPage":{"@id":"https:\/\/novaorg.cofb.net\/2022\/07\/20\/les-claus-de-la-presencia-a-tiktok-des-de-lexperiencia-dun-farmaceutic-nova-conferencia-al-cofb\/"},"wordCount":783,"commentCount":0,"publisher":{"@id":"https:\/\/www.cofb.org\/#organization"},"image":{"@id":"https:\/\/novaorg.cofb.net\/2022\/07\/20\/les-claus-de-la-presencia-a-tiktok-des-de-lexperiencia-dun-farmaceutic-nova-conferencia-al-cofb\/#primaryimage"},"thumbnailUrl":"https:\/\/www.cofb.org\/wp-content\/uploads\/2023\/07\/COFB_TikTok_5072022-1-1024x512-1.jpg","keywords":["botiga online","COFB","Col\u00b7legi de Farmac\u00e8utics de Barcelona","contingut","creaci\u00f3","desinformaci\u00f3","difusi\u00f3","Digitalitzaci\u00f3","Estrat\u00e8gia","estrat\u00e8gia digital","farmac\u00e8utics","Farm\u00e0cia","fiscalitat i fincances","Formaci\u00f3","format h\u00edbrid","gesti\u00f3 de persones","lideratge","m\u00e0rqueting","master de gestio de l'oficina de farmacia","MGOF","Online","TikTok","viralitat","xarxes socials","XXSS"],"articleSection":["Destacats","M\u00f3n col\u00b7legial"],"inLanguage":"ca","potentialAction":[{"@type":"CommentAction","name":"Comment","target":["https:\/\/novaorg.cofb.net\/2022\/07\/20\/les-claus-de-la-presencia-a-tiktok-des-de-lexperiencia-dun-farmaceutic-nova-conferencia-al-cofb\/#respond"]}]},{"@type":"WebPage","@id":"https:\/\/novaorg.cofb.net\/2022\/07\/20\/les-claus-de-la-presencia-a-tiktok-des-de-lexperiencia-dun-farmaceutic-nova-conferencia-al-cofb\/","url":"https:\/\/novaorg.cofb.net\/2022\/07\/20\/les-claus-de-la-presencia-a-tiktok-des-de-lexperiencia-dun-farmaceutic-nova-conferencia-al-cofb\/","name":"Les claus de la pres\u00e8ncia a TikTok, des de l'experi\u00e8ncia d'un farmac\u00e8utic. Nova confer\u00e8ncia al COFB - Col\u00b7legi de Farmac\u00e8utics de Barcelona","isPartOf":{"@id":"https:\/\/www.cofb.org\/#website"},"primaryImageOfPage":{"@id":"https:\/\/novaorg.cofb.net\/2022\/07\/20\/les-claus-de-la-presencia-a-tiktok-des-de-lexperiencia-dun-farmaceutic-nova-conferencia-al-cofb\/#primaryimage"},"image":{"@id":"https:\/\/novaorg.cofb.net\/2022\/07\/20\/les-claus-de-la-presencia-a-tiktok-des-de-lexperiencia-dun-farmaceutic-nova-conferencia-al-cofb\/#primaryimage"},"thumbnailUrl":"https:\/\/www.cofb.org\/wp-content\/uploads\/2023\/07\/COFB_TikTok_5072022-1-1024x512-1.jpg","datePublished":"2022-07-20T10:46:37+00:00","dateModified":"2023-09-21T09:01:42+00:00","description":"El passat 5 de juliol el Col\u00b7legi de Farmac\u00e8utics de Barcelona va acollir la confer\u00e8ncia \"5 claus per ser a TikTok i 5 errors a evitar\".","breadcrumb":{"@id":"https:\/\/novaorg.cofb.net\/2022\/07\/20\/les-claus-de-la-presencia-a-tiktok-des-de-lexperiencia-dun-farmaceutic-nova-conferencia-al-cofb\/#breadcrumb"},"inLanguage":"ca","potentialAction":[{"@type":"ReadAction","target":["https:\/\/novaorg.cofb.net\/2022\/07\/20\/les-claus-de-la-presencia-a-tiktok-des-de-lexperiencia-dun-farmaceutic-nova-conferencia-al-cofb\/"]}]},{"@type":"ImageObject","inLanguage":"ca","@id":"https:\/\/novaorg.cofb.net\/2022\/07\/20\/les-claus-de-la-presencia-a-tiktok-des-de-lexperiencia-dun-farmaceutic-nova-conferencia-al-cofb\/#primaryimage","url":"https:\/\/www.cofb.org\/wp-content\/uploads\/2023\/07\/COFB_TikTok_5072022-1-1024x512-1.jpg","contentUrl":"https:\/\/www.cofb.org\/wp-content\/uploads\/2023\/07\/COFB_TikTok_5072022-1-1024x512-1.jpg","width":1024,"height":512},{"@type":"BreadcrumbList","@id":"https:\/\/novaorg.cofb.net\/2022\/07\/20\/les-claus-de-la-presencia-a-tiktok-des-de-lexperiencia-dun-farmaceutic-nova-conferencia-al-cofb\/#breadcrumb","itemListElement":[{"@type":"ListItem","position":1,"name":"Inici","item":"https:\/\/novaorg.cofb.net\/"},{"@type":"ListItem","position":2,"name":"Les claus de la pres\u00e8ncia a TikTok, des de l&#8217;experi\u00e8ncia d&#8217;un farmac\u00e8utic. Nova confer\u00e8ncia al COFB"}]},{"@type":"WebSite","@id":"https:\/\/www.cofb.org\/#website","url":"https:\/\/www.cofb.org\/","name":"Col\u00b7legi de Farmac\u00e8utics de Barcelona","description":"","publisher":{"@id":"https:\/\/www.cofb.org\/#organization"},"potentialAction":[{"@type":"SearchAction","target":{"@type":"EntryPoint","urlTemplate":"https:\/\/www.cofb.org\/?s={search_term_string}"},"query-input":"required name=search_term_string"}],"inLanguage":"ca"},{"@type":"Organization","@id":"https:\/\/www.cofb.org\/#organization","name":"Col\u00b7legi de Farmac\u00e8utics de Barcelona","url":"https:\/\/www.cofb.org\/","logo":{"@type":"ImageObject","inLanguage":"ca","@id":"https:\/\/www.cofb.org\/#\/schema\/logo\/image\/","url":"https:\/\/www.cofb.org\/wp-content\/uploads\/2023\/11\/cropped-Logotip-COFB.png","contentUrl":"https:\/\/www.cofb.org\/wp-content\/uploads\/2023\/11\/cropped-Logotip-COFB.png","width":500,"height":105,"caption":"Col\u00b7legi de Farmac\u00e8utics de Barcelona"},"image":{"@id":"https:\/\/www.cofb.org\/#\/schema\/logo\/image\/"},"sameAs":["https:\/\/www.facebook.com\/farmaceuticsbcn\/","https:\/\/twitter.com\/farmaceuticsbcn","https:\/\/www.instagram.com\/farmaceuticsbcn\/","https:\/\/www.linkedin.com\/company\/farmaceuticsbcn\/"]},{"@type":"Person","@id":"https:\/\/www.cofb.org\/#\/schema\/person\/22ed7eea88da74b0fa4d3154ad87ffcb","name":"wpAdminCofbOrg","image":{"@type":"ImageObject","inLanguage":"ca","@id":"https:\/\/www.cofb.org\/#\/schema\/person\/image\/","url":"https:\/\/secure.gravatar.com\/avatar\/1721b20b3b8ca882c3b56ec6c978c594fff670e40c0718e9190eaeeb76aae7d8?s=96&d=mm&r=g","contentUrl":"https:\/\/secure.gravatar.com\/avatar\/1721b20b3b8ca882c3b56ec6c978c594fff670e40c0718e9190eaeeb76aae7d8?s=96&d=mm&r=g","caption":"wpAdminCofbOrg"},"sameAs":["http:\/\/192.168.64.122\/wordpress"],"url":"https:\/\/www.cofb.org\/ca\/author\/wpadmincofborg\/"}]}},"uagb_featured_image_src":{"full":["https:\/\/www.cofb.org\/wp-content\/uploads\/2023\/07\/COFB_TikTok_5072022-1-1024x512-1.jpg",1024,512,false],"thumbnail":["https:\/\/www.cofb.org\/wp-content\/uploads\/2023\/07\/COFB_TikTok_5072022-1-1024x512-1-150x150.jpg",150,150,true],"medium":["https:\/\/www.cofb.org\/wp-content\/uploads\/2023\/07\/COFB_TikTok_5072022-1-1024x512-1-300x150.jpg",300,150,true],"medium_large":["https:\/\/www.cofb.org\/wp-content\/uploads\/2023\/07\/COFB_TikTok_5072022-1-1024x512-1-768x384.jpg",768,384,true],"large":["https:\/\/www.cofb.org\/wp-content\/uploads\/2023\/07\/COFB_TikTok_5072022-1-1024x512-1.jpg",1024,512,false],"1536x1536":["https:\/\/www.cofb.org\/wp-content\/uploads\/2023\/07\/COFB_TikTok_5072022-1-1024x512-1.jpg",1024,512,false],"2048x2048":["https:\/\/www.cofb.org\/wp-content\/uploads\/2023\/07\/COFB_TikTok_5072022-1-1024x512-1.jpg",1024,512,false],"trp-custom-language-flag":["https:\/\/www.cofb.org\/wp-content\/uploads\/2023\/07\/COFB_TikTok_5072022-1-1024x512-1.jpg",18,9,false]},"uagb_author_info":{"display_name":"wpAdminCofbOrg","author_link":"https:\/\/www.cofb.org\/ca\/author\/wpadmincofborg\/"},"uagb_comment_info":0,"uagb_excerpt":"Aquest juliol el Col\u00b7legi de Farmac\u00e8utics de Barcelona ha acollit la confer\u00e8ncia &#8220;5 claus per ser a TikTok i 5 errors a evitar&#8221;. La confer\u00e8ncia va anar a c\u00e0rrec d&#8217;\u00c1lvaro Fern\u00e1ndez, farmac\u00e8utic titular a la farm\u00e0cia madrilenya Segovia 34 d&#8217;Alcal\u00e0 d&#8217;Henares i autor del llibre &#8220;Nadie nace sabiendo&#8221;, conegut a [&hellip;]","_links":{"self":[{"href":"https:\/\/www.cofb.org\/ca\/wp-json\/wp\/v2\/posts\/64127","targetHints":{"allow":["GET"]}}],"collection":[{"href":"https:\/\/www.cofb.org\/ca\/wp-json\/wp\/v2\/posts"}],"about":[{"href":"https:\/\/www.cofb.org\/ca\/wp-json\/wp\/v2\/types\/post"}],"author":[{"embeddable":true,"href":"https:\/\/www.cofb.org\/ca\/wp-json\/wp\/v2\/users\/1"}],"replies":[{"embeddable":true,"href":"https:\/\/www.cofb.org\/ca\/wp-json\/wp\/v2\/comments?post=64127"}],"version-history":[{"count":2,"href":"https:\/\/www.cofb.org\/ca\/wp-json\/wp\/v2\/posts\/64127\/revisions"}],"predecessor-version":[{"id":68715,"href":"https:\/\/www.cofb.org\/ca\/wp-json\/wp\/v2\/posts\/64127\/revisions\/68715"}],"wp:featuredmedia":[{"embeddable":true,"href":"https:\/\/www.cofb.org\/ca\/wp-json\/wp\/v2\/media\/67868"}],"wp:attachment":[{"href":"https:\/\/www.cofb.org\/ca\/wp-json\/wp\/v2\/media?parent=64127"}],"wp:term":[{"taxonomy":"category","embeddable":true,"href":"https:\/\/www.cofb.org\/ca\/wp-json\/wp\/v2\/categories?post=64127"},{"taxonomy":"post_tag","embeddable":true,"href":"https:\/\/www.cofb.org\/ca\/wp-json\/wp\/v2\/tags?post=64127"}],"curies":[{"name":"wp","href":"https:\/\/api.w.org\/{rel}","templated":true}]}}