{"id":64080,"date":"2022-07-12T13:46:00","date_gmt":"2022-07-12T11:46:00","guid":{"rendered":"https:\/\/blog.cofb.cat\/?p=64080"},"modified":"2023-10-09T14:20:11","modified_gmt":"2023-10-09T14:20:11","slug":"com-seran-els-farmacs-del-futur-nova-tertulia-dactualitat-al-cofb","status":"publish","type":"post","link":"https:\/\/www.cofb.org\/ca\/2022\/07\/12\/com-seran-els-farmacs-del-futur-nova-tertulia-dactualitat-al-cofb\/","title":{"rendered":"Com seran els f\u00e0rmacs del futur? Nova tert\u00falia d&#8217;actualitat al COFB"},"content":{"rendered":"\n<p>El passat <strong>16 de juny<\/strong> el <strong>Col\u00b7legi de Farmac\u00e8utics de Barcelona<\/strong> va acollir una nova <strong>edici\u00f3 de les tert\u00falies d&#8217;actualitat sota el t\u00edtol &#8220;Com seran els f\u00e0rmacs del futur?&#8221;<\/strong>. La confer\u00e8ncia va anar a c\u00e0rrec de <strong>Rafael Maldonado<\/strong>, investigador i catedr\u00e0tic del Departament de Ci\u00e8ncies Experimentals i de la Salut de la Universitat Pompeu Fabra. <strong>Aina Surroca<\/strong>, secret\u00e0ria de la Junta de Govern del COFB i responsable de la Comissi\u00f3 Delegada de Formaci\u00f3, va moderar la sessi\u00f3.<\/p>\n\n\n\n<figure class=\"wp-block-image size-large\"><img decoding=\"async\" src=\"https:\/\/blog.cofb.cat\/wp-content\/uploads\/2022\/07\/COFB_FarmacsFutur_16062022_0-1024x512.jpg\" alt=\" Rafael Maldonado, investigador i catedr\u00e0tic del Departament de Ci\u00e8ncies Experimentals i de la Salut de la Universitat Pompeu Fabra, i Aina Surroca, secret\u00e0ria de la Junta de Govern del COFB i responsable de la Comissi\u00f3 Delegada de Formaci\u00f3, a l'inici de la sessi\u00f3.\" class=\"wp-image-64176\" title=\" Rafael Maldonado, investigador i catedr\u00e0tic del Departament de Ci\u00e8ncies Experimentals i de la Salut de la Universitat Pompeu Fabra, i Aina Surroca, secret\u00e0ria de la Junta de Govern del COFB i responsable de la Comissi\u00f3 Delegada de Formaci\u00f3, a l'inici de la sessi\u00f3.\"\/><figcaption class=\"wp-element-caption\"> Rafael Maldonado, investigador i catedr\u00e0tic del Departament de Ci\u00e8ncies Experimentals i de la Salut de la Universitat Pompeu Fabra, i Aina Surroca, secret\u00e0ria de la Junta de Govern del COFB i responsable de la Comissi\u00f3 Delegada de Formaci\u00f3, a l&#8217;inici de la sessi\u00f3.<\/figcaption><\/figure>\n\n\n\n<p>L&#8217;<strong>objectiu <\/strong>d&#8217;aquesta tert\u00falia va ser con\u00e8ixer m\u00e9s sobre l&#8217;<strong>evoluci\u00f3<\/strong> i <strong>funcionament<\/strong> de nous <strong>f\u00e0rmacs biol\u00f2gics<\/strong> com els <strong>anticossos monoclonals<\/strong> o les <strong>ter\u00e0pies basades en ARN.<\/strong> <br><\/p>\n\n\n\n<h2 class=\"wp-block-heading\"><strong>Quins avantatges ofereixen els f\u00e0rmacs biol\u00f2gics?<\/strong><\/h2>\n\n\n\n<p>Per comen\u00e7ar, Maldonado va resumir les tend\u00e8ncies dels medicaments del futur en tres idees clau: m\u00e9s <strong>precisos<\/strong>, m\u00e9s <strong>efica\u00e7os<\/strong> i amb <strong>menys efectes secundaris<\/strong>. I segons el seu criteri &#8220;aquest futur ja ha comen\u00e7at&#8221; destacant que &#8220;actualment s&#8217;est\u00e0 avan\u00e7ant cap a uns f\u00e0rmacs totalment diferents del que hem vist i hem tingut fins ara&#8221;. Respecte al que tothom coneix com a f\u00e0rmacs tradicionals, que ens han perm\u00e8s tractar durant anys una gran quantitat de malalties, l&#8217;investigador va assenyalar que &#8220;ara han arribat per quedar-se, i amb unes enormes perspectives de futur, <strong>f\u00e0rmacs biol\u00f2gics<\/strong> com els <strong>anticossos monoclonals o els portadors d&#8217;ARN<\/strong>&#8221; <\/p>\n\n\n\n<figure class=\"wp-block-image size-full\"><img decoding=\"async\" src=\"https:\/\/blog.cofb.cat\/wp-content\/uploads\/2022\/07\/COFB_FarmacsFutur_16062022_2.jpg.png\" alt=\"El Dr. Rafael Maldonado en un moment de la seva intervenci\u00f3 a la Tert\u00falia d'Actualitat: &quot;Com seran els f\u00e0rmacs del futur?&quot;.\" class=\"wp-image-64112\" title=\"El Dr. Rafael Maldonado en un moment de la seva intervenci\u00f3 a la Tert\u00falia d'Actualitat: &quot;Com seran els f\u00e0rmacs del futur?&quot;.\"\/><figcaption class=\"wp-element-caption\">El Dr. Rafael Maldonado en un moment de la seva intervenci\u00f3 a la Tert\u00falia d&#8217;Actualitat: &#8220;Com seran els f\u00e0rmacs del futur?&#8221;.<\/figcaption><\/figure>\n\n\n\n<p>Amb relaci\u00f3 als <strong>beneficis<\/strong> i <strong>avantatges<\/strong> dels<strong> anticossos monoclonals<\/strong>, va explicar que &#8220;s\u00f3n uns f\u00e0rmacs que <strong>no tenen metab\u00f2lits t\u00f2xics<\/strong>, tenen una <strong>farmacocin\u00e8tica ideal per a la prevenci\u00f3 de malalties cr\u00f2niques<\/strong>, <strong>no hi ha toxicitat fora de la diana<\/strong>, i la <strong>tolerabilitat general acostuma a ser bona<\/strong>&#8220;. <\/p>\n\n\n\n<p>En quant als <strong>avantatges <\/strong>de la<strong> ter\u00e0pia ARN<\/strong> s\u00f3n &#8220;la <strong>major selecci\u00f3 de dianes no susceptibles als efectes farmacol\u00f2gics<\/strong>, la <strong>producci\u00f3 r\u00e0pida<\/strong> del f\u00e0rmac, l&#8217;<strong>efecte a llarg termini<\/strong>, la <strong>utilitat per malalties poc comunes<\/strong> i el <strong>nul risc de genotoxicitat<\/strong>&#8220;. Malgrat la seva gran pres\u00e8ncia actual <strong>arran l&#8217;emerg\u00e8ncia sanit\u00e0ria de la COVID-19<\/strong>, va aclarir que <strong>&#8220;el descobriment d&#8217;aquest tipus de ter\u00e0pia no \u00e9s novetat. El descobriment de l&#8217;ARN missatger remunta a l&#8217;any 1960 i el primer f\u00e0rmac<\/strong> basat en ARN va ser aprovat l&#8217;any <strong>1998<\/strong>&#8220;.<br><\/p>\n\n\n\n<h2 class=\"wp-block-heading\"><strong>Els f\u00e0rmacs biol\u00f2gics fora de la farm\u00e0cia hospital\u00e0ria<\/strong><\/h2>\n\n\n\n<p><strong>Maldonado<\/strong> va compartir que &#8220;personalment <strong>no veig viable que el circuit d&#8217;aquests f\u00e0rmacs nom\u00e9s es dugui a terme a trav\u00e9s de la farm\u00e0cia hospital\u00e0ria<\/strong>, ja que aquesta t\u00e9 un gran volum de feina&#8221;. Per tant, <strong>&#8220;en algun moment s&#8217;haur\u00e0 de donar protagonisme a la farm\u00e0cia no hospital\u00e0ria. Independentment de qui porti el control, aquests f\u00e0rmacs han d&#8217;arribar al conjunt de la poblaci\u00f3&#8221;<\/strong>. En la seva opini\u00f3 <strong>&#8220;la farm\u00e0cia comunit\u00e0ria est\u00e0 perfectament capacitada per realitzar aquest control, propiciant, a m\u00e9s, que aquests f\u00e0rmacs siguin m\u00e9s accessibles pels ciutadans&#8221;.<\/strong>  <\/p>\n\n\n<div class=\"destacat-blog\">\n\n\n<h3 class=\"wp-block-heading\"><strong>Els f\u00e0rmacs biol\u00f2gics al mercat actual<\/strong><\/h3>\n\n\n\n<p><strong>Descobrir i desenvolupar f\u00e0rmacs<\/strong> vol dir seguir <strong>processos llargs<\/strong>. Normalment, transcorren de <strong>deu a quinze anys<\/strong> entre que comen\u00e7a la <strong>investigaci\u00f3 <\/strong>i el <strong>llan\u00e7ament al mercat<\/strong> del medicament, m\u00e9s els sis i vuit anys que passen entre els assaigs cl\u00ednics de fase I i el llan\u00e7ament.<\/p>\n\n\n\n<div class=\"wp-block-uagb-image uagb-block-fb83d145 wp-block-uagb-image--layout-default wp-block-uagb-image--effect-static wp-block-uagb-image--align-none\"><figure class=\"wp-block-uagb-image__figure\"><img loading=\"lazy\" decoding=\"async\" srcset=\"https:\/\/www.cofb.org\/wp-content\/uploads\/2023\/10\/COFB_FarmacsFutur_16062022_3-1024x682-1.jpg \" sizes=\"auto, (max-width: 480px) 150px\" src=\"https:\/\/www.cofb.org\/wp-content\/uploads\/2023\/10\/COFB_FarmacsFutur_16062022_3-1024x682-1.jpg\" alt=\"\" class=\"uag-image-69007\" width=\"1024\" height=\"682\" title=\"\" loading=\"lazy\"\/><\/figure><\/div>\n\n\n\n<p>El<strong> Dr. Maldonado<\/strong> va indicar que dels <strong>10 f\u00e0rmacs m\u00e9s venuts <\/strong>en tot el m\u00f3n durant l&#8217;any <strong>2021<\/strong>,<strong> 6 s\u00f3n f\u00e0rmacs biol\u00f2gics<\/strong>. Comirnaty i Spikevax basats en ARNm, i Humira, Keytruda, Stelara i Opdivo anticossos monoclonals.<\/p> <\/div>\n\n\n\n<p><\/p>\n","protected":false},"excerpt":{"rendered":"<p>El passat 16 de juny el Col\u00b7legi de Farmac\u00e8utics de Barcelona va acollir una nova edici\u00f3 de les tert\u00falies d&#8217;actualitat sota el t\u00edtol &#8220;Com seran els f\u00e0rmacs del futur?&#8221;. La confer\u00e8ncia va anar a c\u00e0rrec de Rafael Maldonado, investigador i catedr\u00e0tic del Departament de Ci\u00e8ncies Experimentals i de la Salut [&hellip;]<\/p>\n","protected":false},"author":1,"featured_media":67872,"comment_status":"open","ping_status":"open","sticky":false,"template":"","format":"standard","meta":{"_uag_custom_page_level_css":"","site-sidebar-layout":"default","site-content-layout":"","ast-site-content-layout":"default","site-content-style":"default","site-sidebar-style":"default","ast-global-header-display":"","ast-banner-title-visibility":"","ast-main-header-display":"","ast-hfb-above-header-display":"","ast-hfb-below-header-display":"","ast-hfb-mobile-header-display":"","site-post-title":"","ast-breadcrumbs-content":"","ast-featured-img":"disabled","footer-sml-layout":"","theme-transparent-header-meta":"","adv-header-id-meta":"","stick-header-meta":"","header-above-stick-meta":"","header-main-stick-meta":"","header-below-stick-meta":"","astra-migrate-meta-layouts":"default","ast-page-background-enabled":"default","ast-page-background-meta":{"desktop":{"background-color":"var(--ast-global-color-4)","background-image":"","background-repeat":"repeat","background-position":"center center","background-size":"auto","background-attachment":"scroll","background-type":"","background-media":"","overlay-type":"","overlay-color":"","overlay-opacity":"","overlay-gradient":""},"tablet":{"background-color":"","background-image":"","background-repeat":"repeat","background-position":"center center","background-size":"auto","background-attachment":"scroll","background-type":"","background-media":"","overlay-type":"","overlay-color":"","overlay-opacity":"","overlay-gradient":""},"mobile":{"background-color":"","background-image":"","background-repeat":"repeat","background-position":"center center","background-size":"auto","background-attachment":"scroll","background-type":"","background-media":"","overlay-type":"","overlay-color":"","overlay-opacity":"","overlay-gradient":""}},"ast-content-background-meta":{"desktop":{"background-color":"var(--ast-global-color-5)","background-image":"","background-repeat":"repeat","background-position":"center center","background-size":"auto","background-attachment":"scroll","background-type":"","background-media":"","overlay-type":"","overlay-color":"","overlay-opacity":"","overlay-gradient":""},"tablet":{"background-color":"var(--ast-global-color-5)","background-image":"","background-repeat":"repeat","background-position":"center center","background-size":"auto","background-attachment":"scroll","background-type":"","background-media":"","overlay-type":"","overlay-color":"","overlay-opacity":"","overlay-gradient":""},"mobile":{"background-color":"var(--ast-global-color-5)","background-image":"","background-repeat":"repeat","background-position":"center center","background-size":"auto","background-attachment":"scroll","background-type":"","background-media":"","overlay-type":"","overlay-color":"","overlay-opacity":"","overlay-gradient":""}},"footnotes":""},"categories":[23,57],"tags":[847,848,849,850,18,851,69,480,54,713,852,70,853,44,147,854,855,856,857,752,140],"class_list":["post-64080","post","type-post","status-publish","format-standard","has-post-thumbnail","hentry","category-destacats","category-mon-collegial","tag-anticossos-monoclonals","tag-arn","tag-arnm","tag-beneficis","tag-cofb","tag-evolucio","tag-farmacia-comunitaria","tag-farmacia-hospitalaria","tag-farmacs","tag-farmacs-biologics","tag-farmacs-del-futur","tag-formacio","tag-futur","tag-malaltia","tag-medicament","tag-mercat","tag-sessio","tag-sistema-nervios-central","tag-snc","tag-terapia","tag-tertulia-dactualitat"],"yoast_head":"<!-- This site is optimized with the Yoast SEO plugin v22.4 - https:\/\/yoast.com\/wordpress\/plugins\/seo\/ -->\n<title>Com seran els f\u00e0rmacs del futur? Nova tert\u00falia d&#039;actualitat al COFB - Col\u00b7legi de Farmac\u00e8utics de Barcelona<\/title>\n<meta name=\"description\" content=\"El passat 16 de juny el Col\u00b7legi de Farmac\u00e8utics de Barcelona va acollir una nova edici\u00f3 de les tert\u00falies d&#039;actualitat sota el t\u00edtol &quot;Com seran els f\u00e0rmacs del futur&quot;.\" \/>\n<meta name=\"robots\" content=\"index, follow, max-snippet:-1, max-image-preview:large, max-video-preview:-1\" \/>\n<link rel=\"canonical\" href=\"https:\/\/novaorg.cofb.net\/2022\/07\/12\/com-seran-els-farmacs-del-futur-nova-tertulia-dactualitat-al-cofb\/\" \/>\n<meta property=\"og:locale\" content=\"ca_ES\" \/>\n<meta property=\"og:type\" content=\"article\" \/>\n<meta property=\"og:title\" content=\"Com seran els f\u00e0rmacs del futur? Nova tert\u00falia d&#039;actualitat al COFB - Col\u00b7legi de Farmac\u00e8utics de Barcelona\" \/>\n<meta property=\"og:description\" content=\"El passat 16 de juny el Col\u00b7legi de Farmac\u00e8utics de Barcelona va acollir una nova edici\u00f3 de les tert\u00falies d&#039;actualitat sota el t\u00edtol &quot;Com seran els f\u00e0rmacs del futur&quot;.\" \/>\n<meta property=\"og:url\" content=\"https:\/\/novaorg.cofb.net\/2022\/07\/12\/com-seran-els-farmacs-del-futur-nova-tertulia-dactualitat-al-cofb\/\" \/>\n<meta property=\"og:site_name\" content=\"Col\u00b7legi de Farmac\u00e8utics de Barcelona\" \/>\n<meta property=\"article:publisher\" content=\"https:\/\/www.facebook.com\/farmaceuticsbcn\/\" \/>\n<meta property=\"article:published_time\" content=\"2022-07-12T11:46:00+00:00\" \/>\n<meta property=\"article:modified_time\" content=\"2023-10-09T14:20:11+00:00\" \/>\n<meta property=\"og:image\" content=\"https:\/\/novaorg.cofb.net\/wp-content\/uploads\/2023\/07\/COFB_FarmacsFutur_16062022_0-1024x512-1.jpg\" \/>\n\t<meta property=\"og:image:width\" content=\"1024\" \/>\n\t<meta property=\"og:image:height\" content=\"512\" \/>\n\t<meta property=\"og:image:type\" content=\"image\/jpeg\" \/>\n<meta name=\"author\" content=\"wpAdminCofbOrg\" \/>\n<meta name=\"twitter:card\" content=\"summary_large_image\" \/>\n<meta name=\"twitter:creator\" content=\"@farmaceuticsbcn\" \/>\n<meta name=\"twitter:site\" content=\"@farmaceuticsbcn\" \/>\n<meta name=\"twitter:label1\" content=\"Escrit per\" \/>\n\t<meta name=\"twitter:data1\" content=\"wpAdminCofbOrg\" \/>\n\t<meta name=\"twitter:label2\" content=\"Temps estimat de lectura\" \/>\n\t<meta name=\"twitter:data2\" content=\"4 minuts\" \/>\n<script type=\"application\/ld+json\" class=\"yoast-schema-graph\">{\"@context\":\"https:\/\/schema.org\",\"@graph\":[{\"@type\":\"Article\",\"@id\":\"https:\/\/novaorg.cofb.net\/2022\/07\/12\/com-seran-els-farmacs-del-futur-nova-tertulia-dactualitat-al-cofb\/#article\",\"isPartOf\":{\"@id\":\"https:\/\/novaorg.cofb.net\/2022\/07\/12\/com-seran-els-farmacs-del-futur-nova-tertulia-dactualitat-al-cofb\/\"},\"author\":{\"name\":\"wpAdminCofbOrg\",\"@id\":\"https:\/\/www.cofb.org\/#\/schema\/person\/22ed7eea88da74b0fa4d3154ad87ffcb\"},\"headline\":\"Com seran els f\u00e0rmacs del futur? Nova tert\u00falia d&#8217;actualitat al COFB\",\"datePublished\":\"2022-07-12T11:46:00+00:00\",\"dateModified\":\"2023-10-09T14:20:11+00:00\",\"mainEntityOfPage\":{\"@id\":\"https:\/\/novaorg.cofb.net\/2022\/07\/12\/com-seran-els-farmacs-del-futur-nova-tertulia-dactualitat-al-cofb\/\"},\"wordCount\":697,\"commentCount\":0,\"publisher\":{\"@id\":\"https:\/\/www.cofb.org\/#organization\"},\"image\":{\"@id\":\"https:\/\/novaorg.cofb.net\/2022\/07\/12\/com-seran-els-farmacs-del-futur-nova-tertulia-dactualitat-al-cofb\/#primaryimage\"},\"thumbnailUrl\":\"https:\/\/www.cofb.org\/wp-content\/uploads\/2023\/07\/COFB_FarmacsFutur_16062022_0-1024x512-1.jpg\",\"keywords\":[\"anticossos monoclonals\",\"ARN\",\"arnM\",\"beneficis\",\"COFB\",\"evoluci\u00f3\",\"farm\u00e0cia comunit\u00e0ria\",\"farm\u00e0cia hospital\u00e0ria\",\"f\u00e0rmacs\",\"f\u00e0rmacs biol\u00f2gics\",\"f\u00e0rmacs del futur\",\"Formaci\u00f3\",\"futur\",\"malaltia\",\"Medicament\",\"mercat\",\"sessi\u00f3\",\"Sistema Nervi\u00f3s Central\",\"SNC\",\"ter\u00e0pia\",\"tert\u00falia d'actualitat\"],\"articleSection\":[\"Destacats\",\"M\u00f3n col\u00b7legial\"],\"inLanguage\":\"ca\",\"potentialAction\":[{\"@type\":\"CommentAction\",\"name\":\"Comment\",\"target\":[\"https:\/\/novaorg.cofb.net\/2022\/07\/12\/com-seran-els-farmacs-del-futur-nova-tertulia-dactualitat-al-cofb\/#respond\"]}]},{\"@type\":\"WebPage\",\"@id\":\"https:\/\/novaorg.cofb.net\/2022\/07\/12\/com-seran-els-farmacs-del-futur-nova-tertulia-dactualitat-al-cofb\/\",\"url\":\"https:\/\/novaorg.cofb.net\/2022\/07\/12\/com-seran-els-farmacs-del-futur-nova-tertulia-dactualitat-al-cofb\/\",\"name\":\"Com seran els f\u00e0rmacs del futur? Nova tert\u00falia d'actualitat al COFB - Col\u00b7legi de Farmac\u00e8utics de Barcelona\",\"isPartOf\":{\"@id\":\"https:\/\/www.cofb.org\/#website\"},\"primaryImageOfPage\":{\"@id\":\"https:\/\/novaorg.cofb.net\/2022\/07\/12\/com-seran-els-farmacs-del-futur-nova-tertulia-dactualitat-al-cofb\/#primaryimage\"},\"image\":{\"@id\":\"https:\/\/novaorg.cofb.net\/2022\/07\/12\/com-seran-els-farmacs-del-futur-nova-tertulia-dactualitat-al-cofb\/#primaryimage\"},\"thumbnailUrl\":\"https:\/\/www.cofb.org\/wp-content\/uploads\/2023\/07\/COFB_FarmacsFutur_16062022_0-1024x512-1.jpg\",\"datePublished\":\"2022-07-12T11:46:00+00:00\",\"dateModified\":\"2023-10-09T14:20:11+00:00\",\"description\":\"El passat 16 de juny el Col\u00b7legi de Farmac\u00e8utics de Barcelona va acollir una nova edici\u00f3 de les tert\u00falies d'actualitat sota el t\u00edtol \\\"Com seran els f\u00e0rmacs del futur\\\".\",\"breadcrumb\":{\"@id\":\"https:\/\/novaorg.cofb.net\/2022\/07\/12\/com-seran-els-farmacs-del-futur-nova-tertulia-dactualitat-al-cofb\/#breadcrumb\"},\"inLanguage\":\"ca\",\"potentialAction\":[{\"@type\":\"ReadAction\",\"target\":[\"https:\/\/novaorg.cofb.net\/2022\/07\/12\/com-seran-els-farmacs-del-futur-nova-tertulia-dactualitat-al-cofb\/\"]}]},{\"@type\":\"ImageObject\",\"inLanguage\":\"ca\",\"@id\":\"https:\/\/novaorg.cofb.net\/2022\/07\/12\/com-seran-els-farmacs-del-futur-nova-tertulia-dactualitat-al-cofb\/#primaryimage\",\"url\":\"https:\/\/www.cofb.org\/wp-content\/uploads\/2023\/07\/COFB_FarmacsFutur_16062022_0-1024x512-1.jpg\",\"contentUrl\":\"https:\/\/www.cofb.org\/wp-content\/uploads\/2023\/07\/COFB_FarmacsFutur_16062022_0-1024x512-1.jpg\",\"width\":1024,\"height\":512},{\"@type\":\"BreadcrumbList\",\"@id\":\"https:\/\/novaorg.cofb.net\/2022\/07\/12\/com-seran-els-farmacs-del-futur-nova-tertulia-dactualitat-al-cofb\/#breadcrumb\",\"itemListElement\":[{\"@type\":\"ListItem\",\"position\":1,\"name\":\"Inici\",\"item\":\"https:\/\/novaorg.cofb.net\/\"},{\"@type\":\"ListItem\",\"position\":2,\"name\":\"Com seran els f\u00e0rmacs del futur? Nova tert\u00falia d&#8217;actualitat al COFB\"}]},{\"@type\":\"WebSite\",\"@id\":\"https:\/\/www.cofb.org\/#website\",\"url\":\"https:\/\/www.cofb.org\/\",\"name\":\"Col\u00b7legi de Farmac\u00e8utics de Barcelona\",\"description\":\"\",\"publisher\":{\"@id\":\"https:\/\/www.cofb.org\/#organization\"},\"potentialAction\":[{\"@type\":\"SearchAction\",\"target\":{\"@type\":\"EntryPoint\",\"urlTemplate\":\"https:\/\/www.cofb.org\/?s={search_term_string}\"},\"query-input\":\"required name=search_term_string\"}],\"inLanguage\":\"ca\"},{\"@type\":\"Organization\",\"@id\":\"https:\/\/www.cofb.org\/#organization\",\"name\":\"Col\u00b7legi de Farmac\u00e8utics de Barcelona\",\"url\":\"https:\/\/www.cofb.org\/\",\"logo\":{\"@type\":\"ImageObject\",\"inLanguage\":\"ca\",\"@id\":\"https:\/\/www.cofb.org\/#\/schema\/logo\/image\/\",\"url\":\"https:\/\/www.cofb.org\/wp-content\/uploads\/2023\/11\/cropped-Logotip-COFB.png\",\"contentUrl\":\"https:\/\/www.cofb.org\/wp-content\/uploads\/2023\/11\/cropped-Logotip-COFB.png\",\"width\":500,\"height\":105,\"caption\":\"Col\u00b7legi de Farmac\u00e8utics de Barcelona\"},\"image\":{\"@id\":\"https:\/\/www.cofb.org\/#\/schema\/logo\/image\/\"},\"sameAs\":[\"https:\/\/www.facebook.com\/farmaceuticsbcn\/\",\"https:\/\/twitter.com\/farmaceuticsbcn\",\"https:\/\/www.instagram.com\/farmaceuticsbcn\/\",\"https:\/\/www.linkedin.com\/company\/farmaceuticsbcn\/\"]},{\"@type\":\"Person\",\"@id\":\"https:\/\/www.cofb.org\/#\/schema\/person\/22ed7eea88da74b0fa4d3154ad87ffcb\",\"name\":\"wpAdminCofbOrg\",\"image\":{\"@type\":\"ImageObject\",\"inLanguage\":\"ca\",\"@id\":\"https:\/\/www.cofb.org\/#\/schema\/person\/image\/\",\"url\":\"https:\/\/secure.gravatar.com\/avatar\/1721b20b3b8ca882c3b56ec6c978c594fff670e40c0718e9190eaeeb76aae7d8?s=96&d=mm&r=g\",\"contentUrl\":\"https:\/\/secure.gravatar.com\/avatar\/1721b20b3b8ca882c3b56ec6c978c594fff670e40c0718e9190eaeeb76aae7d8?s=96&d=mm&r=g\",\"caption\":\"wpAdminCofbOrg\"},\"sameAs\":[\"http:\/\/192.168.64.122\/wordpress\"],\"url\":\"https:\/\/www.cofb.org\/ca\/author\/wpadmincofborg\/\"}]}<\/script>\n<!-- \/ Yoast SEO plugin. -->","yoast_head_json":{"title":"Com seran els f\u00e0rmacs del futur? Nova tert\u00falia d'actualitat al COFB - Col\u00b7legi de Farmac\u00e8utics de Barcelona","description":"El passat 16 de juny el Col\u00b7legi de Farmac\u00e8utics de Barcelona va acollir una nova edici\u00f3 de les tert\u00falies d'actualitat sota el t\u00edtol \"Com seran els f\u00e0rmacs del futur\".","robots":{"index":"index","follow":"follow","max-snippet":"max-snippet:-1","max-image-preview":"max-image-preview:large","max-video-preview":"max-video-preview:-1"},"canonical":"https:\/\/novaorg.cofb.net\/2022\/07\/12\/com-seran-els-farmacs-del-futur-nova-tertulia-dactualitat-al-cofb\/","og_locale":"ca_ES","og_type":"article","og_title":"Com seran els f\u00e0rmacs del futur? Nova tert\u00falia d'actualitat al COFB - Col\u00b7legi de Farmac\u00e8utics de Barcelona","og_description":"El passat 16 de juny el Col\u00b7legi de Farmac\u00e8utics de Barcelona va acollir una nova edici\u00f3 de les tert\u00falies d'actualitat sota el t\u00edtol \"Com seran els f\u00e0rmacs del futur\".","og_url":"https:\/\/novaorg.cofb.net\/2022\/07\/12\/com-seran-els-farmacs-del-futur-nova-tertulia-dactualitat-al-cofb\/","og_site_name":"Col\u00b7legi de Farmac\u00e8utics de Barcelona","article_publisher":"https:\/\/www.facebook.com\/farmaceuticsbcn\/","article_published_time":"2022-07-12T11:46:00+00:00","article_modified_time":"2023-10-09T14:20:11+00:00","og_image":[{"width":1024,"height":512,"url":"https:\/\/novaorg.cofb.net\/wp-content\/uploads\/2023\/07\/COFB_FarmacsFutur_16062022_0-1024x512-1.jpg","type":"image\/jpeg"}],"author":"wpAdminCofbOrg","twitter_card":"summary_large_image","twitter_creator":"@farmaceuticsbcn","twitter_site":"@farmaceuticsbcn","twitter_misc":{"Escrit per":"wpAdminCofbOrg","Temps estimat de lectura":"4 minuts"},"schema":{"@context":"https:\/\/schema.org","@graph":[{"@type":"Article","@id":"https:\/\/novaorg.cofb.net\/2022\/07\/12\/com-seran-els-farmacs-del-futur-nova-tertulia-dactualitat-al-cofb\/#article","isPartOf":{"@id":"https:\/\/novaorg.cofb.net\/2022\/07\/12\/com-seran-els-farmacs-del-futur-nova-tertulia-dactualitat-al-cofb\/"},"author":{"name":"wpAdminCofbOrg","@id":"https:\/\/www.cofb.org\/#\/schema\/person\/22ed7eea88da74b0fa4d3154ad87ffcb"},"headline":"Com seran els f\u00e0rmacs del futur? Nova tert\u00falia d&#8217;actualitat al COFB","datePublished":"2022-07-12T11:46:00+00:00","dateModified":"2023-10-09T14:20:11+00:00","mainEntityOfPage":{"@id":"https:\/\/novaorg.cofb.net\/2022\/07\/12\/com-seran-els-farmacs-del-futur-nova-tertulia-dactualitat-al-cofb\/"},"wordCount":697,"commentCount":0,"publisher":{"@id":"https:\/\/www.cofb.org\/#organization"},"image":{"@id":"https:\/\/novaorg.cofb.net\/2022\/07\/12\/com-seran-els-farmacs-del-futur-nova-tertulia-dactualitat-al-cofb\/#primaryimage"},"thumbnailUrl":"https:\/\/www.cofb.org\/wp-content\/uploads\/2023\/07\/COFB_FarmacsFutur_16062022_0-1024x512-1.jpg","keywords":["anticossos monoclonals","ARN","arnM","beneficis","COFB","evoluci\u00f3","farm\u00e0cia comunit\u00e0ria","farm\u00e0cia hospital\u00e0ria","f\u00e0rmacs","f\u00e0rmacs biol\u00f2gics","f\u00e0rmacs del futur","Formaci\u00f3","futur","malaltia","Medicament","mercat","sessi\u00f3","Sistema Nervi\u00f3s Central","SNC","ter\u00e0pia","tert\u00falia d'actualitat"],"articleSection":["Destacats","M\u00f3n col\u00b7legial"],"inLanguage":"ca","potentialAction":[{"@type":"CommentAction","name":"Comment","target":["https:\/\/novaorg.cofb.net\/2022\/07\/12\/com-seran-els-farmacs-del-futur-nova-tertulia-dactualitat-al-cofb\/#respond"]}]},{"@type":"WebPage","@id":"https:\/\/novaorg.cofb.net\/2022\/07\/12\/com-seran-els-farmacs-del-futur-nova-tertulia-dactualitat-al-cofb\/","url":"https:\/\/novaorg.cofb.net\/2022\/07\/12\/com-seran-els-farmacs-del-futur-nova-tertulia-dactualitat-al-cofb\/","name":"Com seran els f\u00e0rmacs del futur? Nova tert\u00falia d'actualitat al COFB - Col\u00b7legi de Farmac\u00e8utics de Barcelona","isPartOf":{"@id":"https:\/\/www.cofb.org\/#website"},"primaryImageOfPage":{"@id":"https:\/\/novaorg.cofb.net\/2022\/07\/12\/com-seran-els-farmacs-del-futur-nova-tertulia-dactualitat-al-cofb\/#primaryimage"},"image":{"@id":"https:\/\/novaorg.cofb.net\/2022\/07\/12\/com-seran-els-farmacs-del-futur-nova-tertulia-dactualitat-al-cofb\/#primaryimage"},"thumbnailUrl":"https:\/\/www.cofb.org\/wp-content\/uploads\/2023\/07\/COFB_FarmacsFutur_16062022_0-1024x512-1.jpg","datePublished":"2022-07-12T11:46:00+00:00","dateModified":"2023-10-09T14:20:11+00:00","description":"El passat 16 de juny el Col\u00b7legi de Farmac\u00e8utics de Barcelona va acollir una nova edici\u00f3 de les tert\u00falies d'actualitat sota el t\u00edtol \"Com seran els f\u00e0rmacs del futur\".","breadcrumb":{"@id":"https:\/\/novaorg.cofb.net\/2022\/07\/12\/com-seran-els-farmacs-del-futur-nova-tertulia-dactualitat-al-cofb\/#breadcrumb"},"inLanguage":"ca","potentialAction":[{"@type":"ReadAction","target":["https:\/\/novaorg.cofb.net\/2022\/07\/12\/com-seran-els-farmacs-del-futur-nova-tertulia-dactualitat-al-cofb\/"]}]},{"@type":"ImageObject","inLanguage":"ca","@id":"https:\/\/novaorg.cofb.net\/2022\/07\/12\/com-seran-els-farmacs-del-futur-nova-tertulia-dactualitat-al-cofb\/#primaryimage","url":"https:\/\/www.cofb.org\/wp-content\/uploads\/2023\/07\/COFB_FarmacsFutur_16062022_0-1024x512-1.jpg","contentUrl":"https:\/\/www.cofb.org\/wp-content\/uploads\/2023\/07\/COFB_FarmacsFutur_16062022_0-1024x512-1.jpg","width":1024,"height":512},{"@type":"BreadcrumbList","@id":"https:\/\/novaorg.cofb.net\/2022\/07\/12\/com-seran-els-farmacs-del-futur-nova-tertulia-dactualitat-al-cofb\/#breadcrumb","itemListElement":[{"@type":"ListItem","position":1,"name":"Inici","item":"https:\/\/novaorg.cofb.net\/"},{"@type":"ListItem","position":2,"name":"Com seran els f\u00e0rmacs del futur? Nova tert\u00falia d&#8217;actualitat al COFB"}]},{"@type":"WebSite","@id":"https:\/\/www.cofb.org\/#website","url":"https:\/\/www.cofb.org\/","name":"Col\u00b7legi de Farmac\u00e8utics de Barcelona","description":"","publisher":{"@id":"https:\/\/www.cofb.org\/#organization"},"potentialAction":[{"@type":"SearchAction","target":{"@type":"EntryPoint","urlTemplate":"https:\/\/www.cofb.org\/?s={search_term_string}"},"query-input":"required name=search_term_string"}],"inLanguage":"ca"},{"@type":"Organization","@id":"https:\/\/www.cofb.org\/#organization","name":"Col\u00b7legi de Farmac\u00e8utics de Barcelona","url":"https:\/\/www.cofb.org\/","logo":{"@type":"ImageObject","inLanguage":"ca","@id":"https:\/\/www.cofb.org\/#\/schema\/logo\/image\/","url":"https:\/\/www.cofb.org\/wp-content\/uploads\/2023\/11\/cropped-Logotip-COFB.png","contentUrl":"https:\/\/www.cofb.org\/wp-content\/uploads\/2023\/11\/cropped-Logotip-COFB.png","width":500,"height":105,"caption":"Col\u00b7legi de Farmac\u00e8utics de Barcelona"},"image":{"@id":"https:\/\/www.cofb.org\/#\/schema\/logo\/image\/"},"sameAs":["https:\/\/www.facebook.com\/farmaceuticsbcn\/","https:\/\/twitter.com\/farmaceuticsbcn","https:\/\/www.instagram.com\/farmaceuticsbcn\/","https:\/\/www.linkedin.com\/company\/farmaceuticsbcn\/"]},{"@type":"Person","@id":"https:\/\/www.cofb.org\/#\/schema\/person\/22ed7eea88da74b0fa4d3154ad87ffcb","name":"wpAdminCofbOrg","image":{"@type":"ImageObject","inLanguage":"ca","@id":"https:\/\/www.cofb.org\/#\/schema\/person\/image\/","url":"https:\/\/secure.gravatar.com\/avatar\/1721b20b3b8ca882c3b56ec6c978c594fff670e40c0718e9190eaeeb76aae7d8?s=96&d=mm&r=g","contentUrl":"https:\/\/secure.gravatar.com\/avatar\/1721b20b3b8ca882c3b56ec6c978c594fff670e40c0718e9190eaeeb76aae7d8?s=96&d=mm&r=g","caption":"wpAdminCofbOrg"},"sameAs":["http:\/\/192.168.64.122\/wordpress"],"url":"https:\/\/www.cofb.org\/ca\/author\/wpadmincofborg\/"}]}},"uagb_featured_image_src":{"full":["https:\/\/www.cofb.org\/wp-content\/uploads\/2023\/07\/COFB_FarmacsFutur_16062022_0-1024x512-1.jpg",1024,512,false],"thumbnail":["https:\/\/www.cofb.org\/wp-content\/uploads\/2023\/07\/COFB_FarmacsFutur_16062022_0-1024x512-1-150x150.jpg",150,150,true],"medium":["https:\/\/www.cofb.org\/wp-content\/uploads\/2023\/07\/COFB_FarmacsFutur_16062022_0-1024x512-1-300x150.jpg",300,150,true],"medium_large":["https:\/\/www.cofb.org\/wp-content\/uploads\/2023\/07\/COFB_FarmacsFutur_16062022_0-1024x512-1-768x384.jpg",768,384,true],"large":["https:\/\/www.cofb.org\/wp-content\/uploads\/2023\/07\/COFB_FarmacsFutur_16062022_0-1024x512-1.jpg",1024,512,false],"1536x1536":["https:\/\/www.cofb.org\/wp-content\/uploads\/2023\/07\/COFB_FarmacsFutur_16062022_0-1024x512-1.jpg",1024,512,false],"2048x2048":["https:\/\/www.cofb.org\/wp-content\/uploads\/2023\/07\/COFB_FarmacsFutur_16062022_0-1024x512-1.jpg",1024,512,false],"trp-custom-language-flag":["https:\/\/www.cofb.org\/wp-content\/uploads\/2023\/07\/COFB_FarmacsFutur_16062022_0-1024x512-1.jpg",18,9,false]},"uagb_author_info":{"display_name":"wpAdminCofbOrg","author_link":"https:\/\/www.cofb.org\/ca\/author\/wpadmincofborg\/"},"uagb_comment_info":0,"uagb_excerpt":"El passat 16 de juny el Col\u00b7legi de Farmac\u00e8utics de Barcelona va acollir una nova edici\u00f3 de les tert\u00falies d&#8217;actualitat sota el t\u00edtol &#8220;Com seran els f\u00e0rmacs del futur?&#8221;. La confer\u00e8ncia va anar a c\u00e0rrec de Rafael Maldonado, investigador i catedr\u00e0tic del Departament de Ci\u00e8ncies Experimentals i de la Salut [&hellip;]","_links":{"self":[{"href":"https:\/\/www.cofb.org\/ca\/wp-json\/wp\/v2\/posts\/64080","targetHints":{"allow":["GET"]}}],"collection":[{"href":"https:\/\/www.cofb.org\/ca\/wp-json\/wp\/v2\/posts"}],"about":[{"href":"https:\/\/www.cofb.org\/ca\/wp-json\/wp\/v2\/types\/post"}],"author":[{"embeddable":true,"href":"https:\/\/www.cofb.org\/ca\/wp-json\/wp\/v2\/users\/1"}],"replies":[{"embeddable":true,"href":"https:\/\/www.cofb.org\/ca\/wp-json\/wp\/v2\/comments?post=64080"}],"version-history":[{"count":3,"href":"https:\/\/www.cofb.org\/ca\/wp-json\/wp\/v2\/posts\/64080\/revisions"}],"predecessor-version":[{"id":69008,"href":"https:\/\/www.cofb.org\/ca\/wp-json\/wp\/v2\/posts\/64080\/revisions\/69008"}],"wp:featuredmedia":[{"embeddable":true,"href":"https:\/\/www.cofb.org\/ca\/wp-json\/wp\/v2\/media\/67872"}],"wp:attachment":[{"href":"https:\/\/www.cofb.org\/ca\/wp-json\/wp\/v2\/media?parent=64080"}],"wp:term":[{"taxonomy":"category","embeddable":true,"href":"https:\/\/www.cofb.org\/ca\/wp-json\/wp\/v2\/categories?post=64080"},{"taxonomy":"post_tag","embeddable":true,"href":"https:\/\/www.cofb.org\/ca\/wp-json\/wp\/v2\/tags?post=64080"}],"curies":[{"name":"wp","href":"https:\/\/api.w.org\/{rel}","templated":true}]}}