{"id":63981,"date":"2022-06-28T13:02:56","date_gmt":"2022-06-28T11:02:56","guid":{"rendered":"https:\/\/blog.cofb.cat\/?p=63981"},"modified":"2023-09-21T09:04:59","modified_gmt":"2023-09-21T09:04:59","slug":"el-collegi-de-farmaceutics-de-barcelona-valora-positivament-laprovacio-de-la-proposta-de-regulacio-de-lus-terapeutic-del-cannabis-i-celebra-que-shi-inclogui-la-farmacia-comu","status":"publish","type":"post","link":"https:\/\/www.cofb.org\/ca\/2022\/06\/28\/el-collegi-de-farmaceutics-de-barcelona-valora-positivament-laprovacio-de-la-proposta-de-regulacio-de-lus-terapeutic-del-cannabis-i-celebra-que-shi-inclogui-la-farmacia-comu\/","title":{"rendered":"El Col\u00b7legi de Farmac\u00e8utics de Barcelona valora positivament l\u2019aprovaci\u00f3 de la proposta de regulaci\u00f3 de l\u2019\u00fas terap\u00e8utic del c\u00e0nnabis i celebra que s\u2019hi inclogui la farm\u00e0cia comunit\u00e0ria"},"content":{"rendered":"\n<p>El <strong>Col\u00b7legi de Farmac\u00e8utics de Barcelona (COFB) valora positivament <\/strong>que la <strong>Comissi\u00f3 de Sanitat i Consum del Congr\u00e9s dels Diputats<\/strong> hagi <strong>aprovat l\u2019informe amb la proposta de conclusions i recomanacions sobre la regulaci\u00f3 de l\u2019\u00fas terap\u00e8utic del c\u00e0nnabis.<\/strong><\/p>\n\n\n\n<figure class=\"wp-block-image size-large\"><img decoding=\"async\" src=\"https:\/\/blog.cofb.cat\/wp-content\/uploads\/2022\/06\/COFB_Cannabis_2862022_TW-1024x512.jpg\" alt=\"\" class=\"wp-image-64007\"\/><\/figure>\n\n\n\n<p>Amb aquesta regulaci\u00f3, <strong>es dona resposta a una reivindicaci\u00f3 que ja s\u2019havia fet anteriorment des del COFB. <\/strong>El Col\u00b7legi havia constatat, a trav\u00e9s de la xarxa de farm\u00e0cies comunit\u00e0ries, que hi havia una <strong>demanda social creixent dels usos del c\u00e0nnabis medicinal,<\/strong> no sempre cobertes pel vadem\u00e8cum del nostre pa\u00eds tot i disposar d&#8217;evid\u00e8ncia cl\u00ednica, i <strong>advocava per donar respostes sanit\u00e0ries que garantissin la seguretat dels tractaments en aquest camp.<\/strong><\/p>\n\n\n\n<h2 class=\"wp-block-heading\"><strong>Situaci\u00f3 actual de l&#8217;\u00fas terap\u00e8utic del c\u00e0nnabis<\/strong><\/h2>\n\n\n\n<p>Els medicaments autoritzats a Espanya actualment s\u00f3n <strong>Sativex\u00ae<\/strong> (dronabinol i cannabidiol), indicat en espasticitat moderada o greu deguda a l\u2019esclerosi m\u00faltiple; i <strong>Epidyolex\u00ae<\/strong> (cannabidiol), indicat com a tractament&nbsp; complementari&nbsp; de&nbsp; crisis&nbsp; associades amb la s\u00edndrome&nbsp; de Lennox-Gastaut&nbsp; (SLG)&nbsp; o&nbsp; la&nbsp; s\u00edndrome de&nbsp; Dravet&nbsp; (SD)&nbsp; en&nbsp; combinaci\u00f3 amb clobazam,&nbsp; per a&nbsp; pacients&nbsp; a partir&nbsp; dels&nbsp; dos&nbsp; anys.<\/p>\n\n\n<div class=\"destacat-blog\">\n\n\n<h3 class=\"wp-block-heading\"><strong>El paper de les farm\u00e0cies comunit\u00e0ries<\/strong><\/h3>\n\n\n\n<p>En el marc d\u2019aquesta regulaci\u00f3, <strong>el COFB tamb\u00e9 celebra que, a banda de les farm\u00e0cies hospital\u00e0ries, es tingui en compte l\u2019alternativa de les farm\u00e0cies comunit\u00e0ries per a l\u2019elaboraci\u00f3 i dispensaci\u00f3 de f\u00f3rmules magistrals <\/strong>amb extractes o preparats estandarditzats de c\u00e0nnabis. El farmac\u00e8utic, a trav\u00e9s de la<strong> formulaci\u00f3 magistral<\/strong>, pot <strong>oferir opcions segures amb principis actius que comptin amb indicaci\u00f3 terap\u00e8utica aprovada i garantia farmac\u00e8utica davant casos que requereixin solucions individualitzades, <\/strong>sempre sota la corresponent <strong>prescripci\u00f3 m\u00e8dica.<\/strong> Gr\u00e0cies a la seva capil\u00b7laritat i proximitat, les farm\u00e0cies comunit\u00e0ries s\u00f3n la <strong>millor via per apropar aquest recurs terap\u00e8utic als pacients.<\/strong><\/p> <\/div>\n\n\n\n<p>Ara que ja s\u2019ha aprovat la proposta de regulaci\u00f3, <strong>l\u2019Ag\u00e8ncia Espanyola de Medicaments i Productes Sanitaris (AEMPS)<\/strong> disposa de <strong>sis mesos<\/strong> perqu\u00e8 les recomanacions de l\u2019informe tinguin cabuda en la normativa estatal i siguin viables, permetent la <strong>disponibilitat en el mercat farmac\u00e8utic d\u2019extractes o preparats estandarditzats del c\u00e0nnabis.<\/strong> El COFB espera que, un cop entri en vigor, <strong>es tradueixi en una major accessibilitat d&#8217;un recurs terap\u00e8utic amb un gran potencial, de tal forma que l&#8217;oferta a trav\u00e9s del canal del medicament s&#8217;ajusti a les necessitats dels pacients.<\/strong><\/p>\n","protected":false},"excerpt":{"rendered":"<p>El Col\u00b7legi de Farmac\u00e8utics de Barcelona (COFB) valora positivament que la Comissi\u00f3 de Sanitat i Consum del Congr\u00e9s dels Diputats hagi aprovat l\u2019informe amb la proposta de conclusions i recomanacions sobre la regulaci\u00f3 de l\u2019\u00fas terap\u00e8utic del c\u00e0nnabis. Amb aquesta regulaci\u00f3, es dona resposta a una reivindicaci\u00f3 que ja s\u2019havia [&hellip;]<\/p>\n","protected":false},"author":1,"featured_media":67882,"comment_status":"open","ping_status":"open","sticky":false,"template":"","format":"standard","meta":{"_uag_custom_page_level_css":"","site-sidebar-layout":"default","site-content-layout":"","ast-site-content-layout":"default","site-content-style":"default","site-sidebar-style":"default","ast-global-header-display":"","ast-banner-title-visibility":"","ast-main-header-display":"","ast-hfb-above-header-display":"","ast-hfb-below-header-display":"","ast-hfb-mobile-header-display":"","site-post-title":"","ast-breadcrumbs-content":"","ast-featured-img":"disabled","footer-sml-layout":"","theme-transparent-header-meta":"","adv-header-id-meta":"","stick-header-meta":"","header-above-stick-meta":"","header-main-stick-meta":"","header-below-stick-meta":"","astra-migrate-meta-layouts":"default","ast-page-background-enabled":"default","ast-page-background-meta":{"desktop":{"background-color":"var(--ast-global-color-4)","background-image":"","background-repeat":"repeat","background-position":"center center","background-size":"auto","background-attachment":"scroll","background-type":"","background-media":"","overlay-type":"","overlay-color":"","overlay-opacity":"","overlay-gradient":""},"tablet":{"background-color":"","background-image":"","background-repeat":"repeat","background-position":"center center","background-size":"auto","background-attachment":"scroll","background-type":"","background-media":"","overlay-type":"","overlay-color":"","overlay-opacity":"","overlay-gradient":""},"mobile":{"background-color":"","background-image":"","background-repeat":"repeat","background-position":"center center","background-size":"auto","background-attachment":"scroll","background-type":"","background-media":"","overlay-type":"","overlay-color":"","overlay-opacity":"","overlay-gradient":""}},"ast-content-background-meta":{"desktop":{"background-color":"var(--ast-global-color-5)","background-image":"","background-repeat":"repeat","background-position":"center center","background-size":"auto","background-attachment":"scroll","background-type":"","background-media":"","overlay-type":"","overlay-color":"","overlay-opacity":"","overlay-gradient":""},"tablet":{"background-color":"var(--ast-global-color-5)","background-image":"","background-repeat":"repeat","background-position":"center center","background-size":"auto","background-attachment":"scroll","background-type":"","background-media":"","overlay-type":"","overlay-color":"","overlay-opacity":"","overlay-gradient":""},"mobile":{"background-color":"var(--ast-global-color-5)","background-image":"","background-repeat":"repeat","background-position":"center center","background-size":"auto","background-attachment":"scroll","background-type":"","background-media":"","overlay-type":"","overlay-color":"","overlay-opacity":"","overlay-gradient":""}},"footnotes":""},"categories":[23,57],"tags":[398,817,393,18,818,819,820,403,821,69,822,650,45,750,59,823,824,63,825,396],"class_list":["post-63981","post","type-post","status-publish","format-standard","has-post-thumbnail","hentry","category-destacats","category-mon-collegial","tag-aemps","tag-agencia-espanyola-de-medicaments-i-productes-sanitaris","tag-cannabis","tag-cofb","tag-collegi-oficial-de-farmaceutics-de-barcelona","tag-comissio-de-sanitat","tag-congres-dels-diputats","tag-dispensacio","tag-epidyolex","tag-farmacia-comunitaria","tag-farmacies-hospitalaries","tag-formulacio-magistral","tag-medicaments","tag-mercat-farmaceutic","tag-pacients","tag-regulacio","tag-sativex","tag-tractament","tag-us-terapeutic","tag-us-terapeutic-del-cannabis"],"yoast_head":"<!-- This site is optimized with the Yoast SEO plugin v22.4 - https:\/\/yoast.com\/wordpress\/plugins\/seo\/ -->\n<title>El Col\u00b7legi de Farmac\u00e8utics de Barcelona valora positivament l\u2019aprovaci\u00f3 de la proposta de regulaci\u00f3 de l\u2019\u00fas terap\u00e8utic del c\u00e0nnabis i celebra que s\u2019hi inclogui la farm\u00e0cia comunit\u00e0ria - Col\u00b7legi de Farmac\u00e8utics de Barcelona<\/title>\n<meta name=\"description\" content=\"El COFB valora positivament l\u2019aprovaci\u00f3 de la proposta de regulaci\u00f3 de l\u2019\u00fas terap\u00e8utic del c\u00e0nnabis i celebra que s\u2019hi inclogui la farm\u00e0cia comunit\u00e0ria.\" \/>\n<meta name=\"robots\" content=\"index, follow, max-snippet:-1, max-image-preview:large, max-video-preview:-1\" \/>\n<link rel=\"canonical\" href=\"https:\/\/novaorg.cofb.net\/2022\/06\/28\/el-collegi-de-farmaceutics-de-barcelona-valora-positivament-laprovacio-de-la-proposta-de-regulacio-de-lus-terapeutic-del-cannabis-i-celebra-que-shi-inclogui-la-farmacia-comu\/\" \/>\n<meta property=\"og:locale\" content=\"ca_ES\" \/>\n<meta property=\"og:type\" content=\"article\" \/>\n<meta property=\"og:title\" content=\"El Col\u00b7legi de Farmac\u00e8utics de Barcelona valora positivament l\u2019aprovaci\u00f3 de la proposta de regulaci\u00f3 de l\u2019\u00fas terap\u00e8utic del c\u00e0nnabis i celebra que s\u2019hi inclogui la farm\u00e0cia comunit\u00e0ria - Col\u00b7legi de Farmac\u00e8utics de Barcelona\" \/>\n<meta property=\"og:description\" content=\"El COFB valora positivament l\u2019aprovaci\u00f3 de la proposta de regulaci\u00f3 de l\u2019\u00fas terap\u00e8utic del c\u00e0nnabis i celebra que s\u2019hi inclogui la farm\u00e0cia comunit\u00e0ria.\" \/>\n<meta property=\"og:url\" content=\"https:\/\/novaorg.cofb.net\/2022\/06\/28\/el-collegi-de-farmaceutics-de-barcelona-valora-positivament-laprovacio-de-la-proposta-de-regulacio-de-lus-terapeutic-del-cannabis-i-celebra-que-shi-inclogui-la-farmacia-comu\/\" \/>\n<meta property=\"og:site_name\" content=\"Col\u00b7legi de Farmac\u00e8utics de Barcelona\" \/>\n<meta property=\"article:publisher\" content=\"https:\/\/www.facebook.com\/farmaceuticsbcn\/\" \/>\n<meta property=\"article:published_time\" content=\"2022-06-28T11:02:56+00:00\" \/>\n<meta property=\"article:modified_time\" content=\"2023-09-21T09:04:59+00:00\" \/>\n<meta property=\"og:image\" content=\"https:\/\/novaorg.cofb.net\/wp-content\/uploads\/2023\/07\/COFB_Cannabis_2862022_TW-1024x512-1.jpg\" \/>\n\t<meta property=\"og:image:width\" content=\"1024\" \/>\n\t<meta property=\"og:image:height\" content=\"512\" \/>\n\t<meta property=\"og:image:type\" content=\"image\/jpeg\" \/>\n<meta name=\"author\" content=\"wpAdminCofbOrg\" \/>\n<meta name=\"twitter:card\" content=\"summary_large_image\" \/>\n<meta name=\"twitter:creator\" content=\"@farmaceuticsbcn\" \/>\n<meta name=\"twitter:site\" content=\"@farmaceuticsbcn\" \/>\n<meta name=\"twitter:label1\" content=\"Escrit per\" \/>\n\t<meta name=\"twitter:data1\" content=\"wpAdminCofbOrg\" \/>\n\t<meta name=\"twitter:label2\" content=\"Temps estimat de lectura\" \/>\n\t<meta name=\"twitter:data2\" content=\"2 minuts\" \/>\n<script type=\"application\/ld+json\" class=\"yoast-schema-graph\">{\"@context\":\"https:\/\/schema.org\",\"@graph\":[{\"@type\":\"Article\",\"@id\":\"https:\/\/novaorg.cofb.net\/2022\/06\/28\/el-collegi-de-farmaceutics-de-barcelona-valora-positivament-laprovacio-de-la-proposta-de-regulacio-de-lus-terapeutic-del-cannabis-i-celebra-que-shi-inclogui-la-farmacia-comu\/#article\",\"isPartOf\":{\"@id\":\"https:\/\/novaorg.cofb.net\/2022\/06\/28\/el-collegi-de-farmaceutics-de-barcelona-valora-positivament-laprovacio-de-la-proposta-de-regulacio-de-lus-terapeutic-del-cannabis-i-celebra-que-shi-inclogui-la-farmacia-comu\/\"},\"author\":{\"name\":\"wpAdminCofbOrg\",\"@id\":\"https:\/\/www.cofb.org\/#\/schema\/person\/22ed7eea88da74b0fa4d3154ad87ffcb\"},\"headline\":\"El Col\u00b7legi de Farmac\u00e8utics de Barcelona valora positivament l\u2019aprovaci\u00f3 de la proposta de regulaci\u00f3 de l\u2019\u00fas terap\u00e8utic del c\u00e0nnabis i celebra que s\u2019hi inclogui la farm\u00e0cia comunit\u00e0ria\",\"datePublished\":\"2022-06-28T11:02:56+00:00\",\"dateModified\":\"2023-09-21T09:04:59+00:00\",\"mainEntityOfPage\":{\"@id\":\"https:\/\/novaorg.cofb.net\/2022\/06\/28\/el-collegi-de-farmaceutics-de-barcelona-valora-positivament-laprovacio-de-la-proposta-de-regulacio-de-lus-terapeutic-del-cannabis-i-celebra-que-shi-inclogui-la-farmacia-comu\/\"},\"wordCount\":476,\"commentCount\":0,\"publisher\":{\"@id\":\"https:\/\/www.cofb.org\/#organization\"},\"image\":{\"@id\":\"https:\/\/novaorg.cofb.net\/2022\/06\/28\/el-collegi-de-farmaceutics-de-barcelona-valora-positivament-laprovacio-de-la-proposta-de-regulacio-de-lus-terapeutic-del-cannabis-i-celebra-que-shi-inclogui-la-farmacia-comu\/#primaryimage\"},\"thumbnailUrl\":\"https:\/\/www.cofb.org\/wp-content\/uploads\/2023\/07\/COFB_Cannabis_2862022_TW-1024x512-1.jpg\",\"keywords\":[\"AEMPS\",\"Ag\u00e8ncia Espanyola de Medicaments i Productes Sanitaris\",\"c\u00e0nnabis\",\"COFB\",\"Col\u00b7legi Oficial de Farmac\u00e8utics de Barcelona\",\"Comissi\u00f3 de Sanitat\",\"Congr\u00e9s dels Diputats\",\"dispensaci\u00f3\",\"Epidyolex\",\"farm\u00e0cia comunit\u00e0ria\",\"farm\u00e0cies hospital\u00e0ries\",\"Formulaci\u00f3 magistral\",\"medicaments\",\"mercat farmac\u00e8utic\",\"pacients\",\"regulaci\u00f3\",\"Sativex\",\"tractament\",\"\u00fas terap\u00e8utic\",\"\u00das terap\u00e8utic del c\u00e0nnabis\"],\"articleSection\":[\"Destacats\",\"M\u00f3n col\u00b7legial\"],\"inLanguage\":\"ca\",\"potentialAction\":[{\"@type\":\"CommentAction\",\"name\":\"Comment\",\"target\":[\"https:\/\/novaorg.cofb.net\/2022\/06\/28\/el-collegi-de-farmaceutics-de-barcelona-valora-positivament-laprovacio-de-la-proposta-de-regulacio-de-lus-terapeutic-del-cannabis-i-celebra-que-shi-inclogui-la-farmacia-comu\/#respond\"]}]},{\"@type\":\"WebPage\",\"@id\":\"https:\/\/novaorg.cofb.net\/2022\/06\/28\/el-collegi-de-farmaceutics-de-barcelona-valora-positivament-laprovacio-de-la-proposta-de-regulacio-de-lus-terapeutic-del-cannabis-i-celebra-que-shi-inclogui-la-farmacia-comu\/\",\"url\":\"https:\/\/novaorg.cofb.net\/2022\/06\/28\/el-collegi-de-farmaceutics-de-barcelona-valora-positivament-laprovacio-de-la-proposta-de-regulacio-de-lus-terapeutic-del-cannabis-i-celebra-que-shi-inclogui-la-farmacia-comu\/\",\"name\":\"El Col\u00b7legi de Farmac\u00e8utics de Barcelona valora positivament l\u2019aprovaci\u00f3 de la proposta de regulaci\u00f3 de l\u2019\u00fas terap\u00e8utic del c\u00e0nnabis i celebra que s\u2019hi inclogui la farm\u00e0cia comunit\u00e0ria - Col\u00b7legi de Farmac\u00e8utics de Barcelona\",\"isPartOf\":{\"@id\":\"https:\/\/www.cofb.org\/#website\"},\"primaryImageOfPage\":{\"@id\":\"https:\/\/novaorg.cofb.net\/2022\/06\/28\/el-collegi-de-farmaceutics-de-barcelona-valora-positivament-laprovacio-de-la-proposta-de-regulacio-de-lus-terapeutic-del-cannabis-i-celebra-que-shi-inclogui-la-farmacia-comu\/#primaryimage\"},\"image\":{\"@id\":\"https:\/\/novaorg.cofb.net\/2022\/06\/28\/el-collegi-de-farmaceutics-de-barcelona-valora-positivament-laprovacio-de-la-proposta-de-regulacio-de-lus-terapeutic-del-cannabis-i-celebra-que-shi-inclogui-la-farmacia-comu\/#primaryimage\"},\"thumbnailUrl\":\"https:\/\/www.cofb.org\/wp-content\/uploads\/2023\/07\/COFB_Cannabis_2862022_TW-1024x512-1.jpg\",\"datePublished\":\"2022-06-28T11:02:56+00:00\",\"dateModified\":\"2023-09-21T09:04:59+00:00\",\"description\":\"El COFB valora positivament l\u2019aprovaci\u00f3 de la proposta de regulaci\u00f3 de l\u2019\u00fas terap\u00e8utic del c\u00e0nnabis i celebra que s\u2019hi inclogui la farm\u00e0cia comunit\u00e0ria.\",\"breadcrumb\":{\"@id\":\"https:\/\/novaorg.cofb.net\/2022\/06\/28\/el-collegi-de-farmaceutics-de-barcelona-valora-positivament-laprovacio-de-la-proposta-de-regulacio-de-lus-terapeutic-del-cannabis-i-celebra-que-shi-inclogui-la-farmacia-comu\/#breadcrumb\"},\"inLanguage\":\"ca\",\"potentialAction\":[{\"@type\":\"ReadAction\",\"target\":[\"https:\/\/novaorg.cofb.net\/2022\/06\/28\/el-collegi-de-farmaceutics-de-barcelona-valora-positivament-laprovacio-de-la-proposta-de-regulacio-de-lus-terapeutic-del-cannabis-i-celebra-que-shi-inclogui-la-farmacia-comu\/\"]}]},{\"@type\":\"ImageObject\",\"inLanguage\":\"ca\",\"@id\":\"https:\/\/novaorg.cofb.net\/2022\/06\/28\/el-collegi-de-farmaceutics-de-barcelona-valora-positivament-laprovacio-de-la-proposta-de-regulacio-de-lus-terapeutic-del-cannabis-i-celebra-que-shi-inclogui-la-farmacia-comu\/#primaryimage\",\"url\":\"https:\/\/www.cofb.org\/wp-content\/uploads\/2023\/07\/COFB_Cannabis_2862022_TW-1024x512-1.jpg\",\"contentUrl\":\"https:\/\/www.cofb.org\/wp-content\/uploads\/2023\/07\/COFB_Cannabis_2862022_TW-1024x512-1.jpg\",\"width\":1024,\"height\":512},{\"@type\":\"BreadcrumbList\",\"@id\":\"https:\/\/novaorg.cofb.net\/2022\/06\/28\/el-collegi-de-farmaceutics-de-barcelona-valora-positivament-laprovacio-de-la-proposta-de-regulacio-de-lus-terapeutic-del-cannabis-i-celebra-que-shi-inclogui-la-farmacia-comu\/#breadcrumb\",\"itemListElement\":[{\"@type\":\"ListItem\",\"position\":1,\"name\":\"Inici\",\"item\":\"https:\/\/novaorg.cofb.net\/\"},{\"@type\":\"ListItem\",\"position\":2,\"name\":\"El Col\u00b7legi de Farmac\u00e8utics de Barcelona valora positivament l\u2019aprovaci\u00f3 de la proposta de regulaci\u00f3 de l\u2019\u00fas terap\u00e8utic del c\u00e0nnabis i celebra que s\u2019hi inclogui la farm\u00e0cia comunit\u00e0ria\"}]},{\"@type\":\"WebSite\",\"@id\":\"https:\/\/www.cofb.org\/#website\",\"url\":\"https:\/\/www.cofb.org\/\",\"name\":\"Col\u00b7legi de Farmac\u00e8utics de Barcelona\",\"description\":\"\",\"publisher\":{\"@id\":\"https:\/\/www.cofb.org\/#organization\"},\"potentialAction\":[{\"@type\":\"SearchAction\",\"target\":{\"@type\":\"EntryPoint\",\"urlTemplate\":\"https:\/\/www.cofb.org\/?s={search_term_string}\"},\"query-input\":\"required name=search_term_string\"}],\"inLanguage\":\"ca\"},{\"@type\":\"Organization\",\"@id\":\"https:\/\/www.cofb.org\/#organization\",\"name\":\"Col\u00b7legi de Farmac\u00e8utics de Barcelona\",\"url\":\"https:\/\/www.cofb.org\/\",\"logo\":{\"@type\":\"ImageObject\",\"inLanguage\":\"ca\",\"@id\":\"https:\/\/www.cofb.org\/#\/schema\/logo\/image\/\",\"url\":\"https:\/\/www.cofb.org\/wp-content\/uploads\/2023\/11\/cropped-Logotip-COFB.png\",\"contentUrl\":\"https:\/\/www.cofb.org\/wp-content\/uploads\/2023\/11\/cropped-Logotip-COFB.png\",\"width\":500,\"height\":105,\"caption\":\"Col\u00b7legi de Farmac\u00e8utics de Barcelona\"},\"image\":{\"@id\":\"https:\/\/www.cofb.org\/#\/schema\/logo\/image\/\"},\"sameAs\":[\"https:\/\/www.facebook.com\/farmaceuticsbcn\/\",\"https:\/\/twitter.com\/farmaceuticsbcn\",\"https:\/\/www.instagram.com\/farmaceuticsbcn\/\",\"https:\/\/www.linkedin.com\/company\/farmaceuticsbcn\/\"]},{\"@type\":\"Person\",\"@id\":\"https:\/\/www.cofb.org\/#\/schema\/person\/22ed7eea88da74b0fa4d3154ad87ffcb\",\"name\":\"wpAdminCofbOrg\",\"image\":{\"@type\":\"ImageObject\",\"inLanguage\":\"ca\",\"@id\":\"https:\/\/www.cofb.org\/#\/schema\/person\/image\/\",\"url\":\"https:\/\/secure.gravatar.com\/avatar\/1721b20b3b8ca882c3b56ec6c978c594fff670e40c0718e9190eaeeb76aae7d8?s=96&d=mm&r=g\",\"contentUrl\":\"https:\/\/secure.gravatar.com\/avatar\/1721b20b3b8ca882c3b56ec6c978c594fff670e40c0718e9190eaeeb76aae7d8?s=96&d=mm&r=g\",\"caption\":\"wpAdminCofbOrg\"},\"sameAs\":[\"http:\/\/192.168.64.122\/wordpress\"],\"url\":\"https:\/\/www.cofb.org\/ca\/author\/wpadmincofborg\/\"}]}<\/script>\n<!-- \/ Yoast SEO plugin. -->","yoast_head_json":{"title":"El Col\u00b7legi de Farmac\u00e8utics de Barcelona valora positivament l\u2019aprovaci\u00f3 de la proposta de regulaci\u00f3 de l\u2019\u00fas terap\u00e8utic del c\u00e0nnabis i celebra que s\u2019hi inclogui la farm\u00e0cia comunit\u00e0ria - Col\u00b7legi de Farmac\u00e8utics de Barcelona","description":"El COFB valora positivament l\u2019aprovaci\u00f3 de la proposta de regulaci\u00f3 de l\u2019\u00fas terap\u00e8utic del c\u00e0nnabis i celebra que s\u2019hi inclogui la farm\u00e0cia comunit\u00e0ria.","robots":{"index":"index","follow":"follow","max-snippet":"max-snippet:-1","max-image-preview":"max-image-preview:large","max-video-preview":"max-video-preview:-1"},"canonical":"https:\/\/novaorg.cofb.net\/2022\/06\/28\/el-collegi-de-farmaceutics-de-barcelona-valora-positivament-laprovacio-de-la-proposta-de-regulacio-de-lus-terapeutic-del-cannabis-i-celebra-que-shi-inclogui-la-farmacia-comu\/","og_locale":"ca_ES","og_type":"article","og_title":"El Col\u00b7legi de Farmac\u00e8utics de Barcelona valora positivament l\u2019aprovaci\u00f3 de la proposta de regulaci\u00f3 de l\u2019\u00fas terap\u00e8utic del c\u00e0nnabis i celebra que s\u2019hi inclogui la farm\u00e0cia comunit\u00e0ria - Col\u00b7legi de Farmac\u00e8utics de Barcelona","og_description":"El COFB valora positivament l\u2019aprovaci\u00f3 de la proposta de regulaci\u00f3 de l\u2019\u00fas terap\u00e8utic del c\u00e0nnabis i celebra que s\u2019hi inclogui la farm\u00e0cia comunit\u00e0ria.","og_url":"https:\/\/novaorg.cofb.net\/2022\/06\/28\/el-collegi-de-farmaceutics-de-barcelona-valora-positivament-laprovacio-de-la-proposta-de-regulacio-de-lus-terapeutic-del-cannabis-i-celebra-que-shi-inclogui-la-farmacia-comu\/","og_site_name":"Col\u00b7legi de Farmac\u00e8utics de Barcelona","article_publisher":"https:\/\/www.facebook.com\/farmaceuticsbcn\/","article_published_time":"2022-06-28T11:02:56+00:00","article_modified_time":"2023-09-21T09:04:59+00:00","og_image":[{"width":1024,"height":512,"url":"https:\/\/novaorg.cofb.net\/wp-content\/uploads\/2023\/07\/COFB_Cannabis_2862022_TW-1024x512-1.jpg","type":"image\/jpeg"}],"author":"wpAdminCofbOrg","twitter_card":"summary_large_image","twitter_creator":"@farmaceuticsbcn","twitter_site":"@farmaceuticsbcn","twitter_misc":{"Escrit per":"wpAdminCofbOrg","Temps estimat de lectura":"2 minuts"},"schema":{"@context":"https:\/\/schema.org","@graph":[{"@type":"Article","@id":"https:\/\/novaorg.cofb.net\/2022\/06\/28\/el-collegi-de-farmaceutics-de-barcelona-valora-positivament-laprovacio-de-la-proposta-de-regulacio-de-lus-terapeutic-del-cannabis-i-celebra-que-shi-inclogui-la-farmacia-comu\/#article","isPartOf":{"@id":"https:\/\/novaorg.cofb.net\/2022\/06\/28\/el-collegi-de-farmaceutics-de-barcelona-valora-positivament-laprovacio-de-la-proposta-de-regulacio-de-lus-terapeutic-del-cannabis-i-celebra-que-shi-inclogui-la-farmacia-comu\/"},"author":{"name":"wpAdminCofbOrg","@id":"https:\/\/www.cofb.org\/#\/schema\/person\/22ed7eea88da74b0fa4d3154ad87ffcb"},"headline":"El Col\u00b7legi de Farmac\u00e8utics de Barcelona valora positivament l\u2019aprovaci\u00f3 de la proposta de regulaci\u00f3 de l\u2019\u00fas terap\u00e8utic del c\u00e0nnabis i celebra que s\u2019hi inclogui la farm\u00e0cia comunit\u00e0ria","datePublished":"2022-06-28T11:02:56+00:00","dateModified":"2023-09-21T09:04:59+00:00","mainEntityOfPage":{"@id":"https:\/\/novaorg.cofb.net\/2022\/06\/28\/el-collegi-de-farmaceutics-de-barcelona-valora-positivament-laprovacio-de-la-proposta-de-regulacio-de-lus-terapeutic-del-cannabis-i-celebra-que-shi-inclogui-la-farmacia-comu\/"},"wordCount":476,"commentCount":0,"publisher":{"@id":"https:\/\/www.cofb.org\/#organization"},"image":{"@id":"https:\/\/novaorg.cofb.net\/2022\/06\/28\/el-collegi-de-farmaceutics-de-barcelona-valora-positivament-laprovacio-de-la-proposta-de-regulacio-de-lus-terapeutic-del-cannabis-i-celebra-que-shi-inclogui-la-farmacia-comu\/#primaryimage"},"thumbnailUrl":"https:\/\/www.cofb.org\/wp-content\/uploads\/2023\/07\/COFB_Cannabis_2862022_TW-1024x512-1.jpg","keywords":["AEMPS","Ag\u00e8ncia Espanyola de Medicaments i Productes Sanitaris","c\u00e0nnabis","COFB","Col\u00b7legi Oficial de Farmac\u00e8utics de Barcelona","Comissi\u00f3 de Sanitat","Congr\u00e9s dels Diputats","dispensaci\u00f3","Epidyolex","farm\u00e0cia comunit\u00e0ria","farm\u00e0cies hospital\u00e0ries","Formulaci\u00f3 magistral","medicaments","mercat farmac\u00e8utic","pacients","regulaci\u00f3","Sativex","tractament","\u00fas terap\u00e8utic","\u00das terap\u00e8utic del c\u00e0nnabis"],"articleSection":["Destacats","M\u00f3n col\u00b7legial"],"inLanguage":"ca","potentialAction":[{"@type":"CommentAction","name":"Comment","target":["https:\/\/novaorg.cofb.net\/2022\/06\/28\/el-collegi-de-farmaceutics-de-barcelona-valora-positivament-laprovacio-de-la-proposta-de-regulacio-de-lus-terapeutic-del-cannabis-i-celebra-que-shi-inclogui-la-farmacia-comu\/#respond"]}]},{"@type":"WebPage","@id":"https:\/\/novaorg.cofb.net\/2022\/06\/28\/el-collegi-de-farmaceutics-de-barcelona-valora-positivament-laprovacio-de-la-proposta-de-regulacio-de-lus-terapeutic-del-cannabis-i-celebra-que-shi-inclogui-la-farmacia-comu\/","url":"https:\/\/novaorg.cofb.net\/2022\/06\/28\/el-collegi-de-farmaceutics-de-barcelona-valora-positivament-laprovacio-de-la-proposta-de-regulacio-de-lus-terapeutic-del-cannabis-i-celebra-que-shi-inclogui-la-farmacia-comu\/","name":"El Col\u00b7legi de Farmac\u00e8utics de Barcelona valora positivament l\u2019aprovaci\u00f3 de la proposta de regulaci\u00f3 de l\u2019\u00fas terap\u00e8utic del c\u00e0nnabis i celebra que s\u2019hi inclogui la farm\u00e0cia comunit\u00e0ria - Col\u00b7legi de Farmac\u00e8utics de Barcelona","isPartOf":{"@id":"https:\/\/www.cofb.org\/#website"},"primaryImageOfPage":{"@id":"https:\/\/novaorg.cofb.net\/2022\/06\/28\/el-collegi-de-farmaceutics-de-barcelona-valora-positivament-laprovacio-de-la-proposta-de-regulacio-de-lus-terapeutic-del-cannabis-i-celebra-que-shi-inclogui-la-farmacia-comu\/#primaryimage"},"image":{"@id":"https:\/\/novaorg.cofb.net\/2022\/06\/28\/el-collegi-de-farmaceutics-de-barcelona-valora-positivament-laprovacio-de-la-proposta-de-regulacio-de-lus-terapeutic-del-cannabis-i-celebra-que-shi-inclogui-la-farmacia-comu\/#primaryimage"},"thumbnailUrl":"https:\/\/www.cofb.org\/wp-content\/uploads\/2023\/07\/COFB_Cannabis_2862022_TW-1024x512-1.jpg","datePublished":"2022-06-28T11:02:56+00:00","dateModified":"2023-09-21T09:04:59+00:00","description":"El COFB valora positivament l\u2019aprovaci\u00f3 de la proposta de regulaci\u00f3 de l\u2019\u00fas terap\u00e8utic del c\u00e0nnabis i celebra que s\u2019hi inclogui la farm\u00e0cia comunit\u00e0ria.","breadcrumb":{"@id":"https:\/\/novaorg.cofb.net\/2022\/06\/28\/el-collegi-de-farmaceutics-de-barcelona-valora-positivament-laprovacio-de-la-proposta-de-regulacio-de-lus-terapeutic-del-cannabis-i-celebra-que-shi-inclogui-la-farmacia-comu\/#breadcrumb"},"inLanguage":"ca","potentialAction":[{"@type":"ReadAction","target":["https:\/\/novaorg.cofb.net\/2022\/06\/28\/el-collegi-de-farmaceutics-de-barcelona-valora-positivament-laprovacio-de-la-proposta-de-regulacio-de-lus-terapeutic-del-cannabis-i-celebra-que-shi-inclogui-la-farmacia-comu\/"]}]},{"@type":"ImageObject","inLanguage":"ca","@id":"https:\/\/novaorg.cofb.net\/2022\/06\/28\/el-collegi-de-farmaceutics-de-barcelona-valora-positivament-laprovacio-de-la-proposta-de-regulacio-de-lus-terapeutic-del-cannabis-i-celebra-que-shi-inclogui-la-farmacia-comu\/#primaryimage","url":"https:\/\/www.cofb.org\/wp-content\/uploads\/2023\/07\/COFB_Cannabis_2862022_TW-1024x512-1.jpg","contentUrl":"https:\/\/www.cofb.org\/wp-content\/uploads\/2023\/07\/COFB_Cannabis_2862022_TW-1024x512-1.jpg","width":1024,"height":512},{"@type":"BreadcrumbList","@id":"https:\/\/novaorg.cofb.net\/2022\/06\/28\/el-collegi-de-farmaceutics-de-barcelona-valora-positivament-laprovacio-de-la-proposta-de-regulacio-de-lus-terapeutic-del-cannabis-i-celebra-que-shi-inclogui-la-farmacia-comu\/#breadcrumb","itemListElement":[{"@type":"ListItem","position":1,"name":"Inici","item":"https:\/\/novaorg.cofb.net\/"},{"@type":"ListItem","position":2,"name":"El Col\u00b7legi de Farmac\u00e8utics de Barcelona valora positivament l\u2019aprovaci\u00f3 de la proposta de regulaci\u00f3 de l\u2019\u00fas terap\u00e8utic del c\u00e0nnabis i celebra que s\u2019hi inclogui la farm\u00e0cia comunit\u00e0ria"}]},{"@type":"WebSite","@id":"https:\/\/www.cofb.org\/#website","url":"https:\/\/www.cofb.org\/","name":"Col\u00b7legi de Farmac\u00e8utics de Barcelona","description":"","publisher":{"@id":"https:\/\/www.cofb.org\/#organization"},"potentialAction":[{"@type":"SearchAction","target":{"@type":"EntryPoint","urlTemplate":"https:\/\/www.cofb.org\/?s={search_term_string}"},"query-input":"required name=search_term_string"}],"inLanguage":"ca"},{"@type":"Organization","@id":"https:\/\/www.cofb.org\/#organization","name":"Col\u00b7legi de Farmac\u00e8utics de Barcelona","url":"https:\/\/www.cofb.org\/","logo":{"@type":"ImageObject","inLanguage":"ca","@id":"https:\/\/www.cofb.org\/#\/schema\/logo\/image\/","url":"https:\/\/www.cofb.org\/wp-content\/uploads\/2023\/11\/cropped-Logotip-COFB.png","contentUrl":"https:\/\/www.cofb.org\/wp-content\/uploads\/2023\/11\/cropped-Logotip-COFB.png","width":500,"height":105,"caption":"Col\u00b7legi de Farmac\u00e8utics de Barcelona"},"image":{"@id":"https:\/\/www.cofb.org\/#\/schema\/logo\/image\/"},"sameAs":["https:\/\/www.facebook.com\/farmaceuticsbcn\/","https:\/\/twitter.com\/farmaceuticsbcn","https:\/\/www.instagram.com\/farmaceuticsbcn\/","https:\/\/www.linkedin.com\/company\/farmaceuticsbcn\/"]},{"@type":"Person","@id":"https:\/\/www.cofb.org\/#\/schema\/person\/22ed7eea88da74b0fa4d3154ad87ffcb","name":"wpAdminCofbOrg","image":{"@type":"ImageObject","inLanguage":"ca","@id":"https:\/\/www.cofb.org\/#\/schema\/person\/image\/","url":"https:\/\/secure.gravatar.com\/avatar\/1721b20b3b8ca882c3b56ec6c978c594fff670e40c0718e9190eaeeb76aae7d8?s=96&d=mm&r=g","contentUrl":"https:\/\/secure.gravatar.com\/avatar\/1721b20b3b8ca882c3b56ec6c978c594fff670e40c0718e9190eaeeb76aae7d8?s=96&d=mm&r=g","caption":"wpAdminCofbOrg"},"sameAs":["http:\/\/192.168.64.122\/wordpress"],"url":"https:\/\/www.cofb.org\/ca\/author\/wpadmincofborg\/"}]}},"uagb_featured_image_src":{"full":["https:\/\/www.cofb.org\/wp-content\/uploads\/2023\/07\/COFB_Cannabis_2862022_TW-1024x512-1.jpg",1024,512,false],"thumbnail":["https:\/\/www.cofb.org\/wp-content\/uploads\/2023\/07\/COFB_Cannabis_2862022_TW-1024x512-1-150x150.jpg",150,150,true],"medium":["https:\/\/www.cofb.org\/wp-content\/uploads\/2023\/07\/COFB_Cannabis_2862022_TW-1024x512-1-300x150.jpg",300,150,true],"medium_large":["https:\/\/www.cofb.org\/wp-content\/uploads\/2023\/07\/COFB_Cannabis_2862022_TW-1024x512-1-768x384.jpg",768,384,true],"large":["https:\/\/www.cofb.org\/wp-content\/uploads\/2023\/07\/COFB_Cannabis_2862022_TW-1024x512-1.jpg",1024,512,false],"1536x1536":["https:\/\/www.cofb.org\/wp-content\/uploads\/2023\/07\/COFB_Cannabis_2862022_TW-1024x512-1.jpg",1024,512,false],"2048x2048":["https:\/\/www.cofb.org\/wp-content\/uploads\/2023\/07\/COFB_Cannabis_2862022_TW-1024x512-1.jpg",1024,512,false],"trp-custom-language-flag":["https:\/\/www.cofb.org\/wp-content\/uploads\/2023\/07\/COFB_Cannabis_2862022_TW-1024x512-1.jpg",18,9,false]},"uagb_author_info":{"display_name":"wpAdminCofbOrg","author_link":"https:\/\/www.cofb.org\/ca\/author\/wpadmincofborg\/"},"uagb_comment_info":0,"uagb_excerpt":"El Col\u00b7legi de Farmac\u00e8utics de Barcelona (COFB) valora positivament que la Comissi\u00f3 de Sanitat i Consum del Congr\u00e9s dels Diputats hagi aprovat l\u2019informe amb la proposta de conclusions i recomanacions sobre la regulaci\u00f3 de l\u2019\u00fas terap\u00e8utic del c\u00e0nnabis. Amb aquesta regulaci\u00f3, es dona resposta a una reivindicaci\u00f3 que ja s\u2019havia [&hellip;]","_links":{"self":[{"href":"https:\/\/www.cofb.org\/ca\/wp-json\/wp\/v2\/posts\/63981","targetHints":{"allow":["GET"]}}],"collection":[{"href":"https:\/\/www.cofb.org\/ca\/wp-json\/wp\/v2\/posts"}],"about":[{"href":"https:\/\/www.cofb.org\/ca\/wp-json\/wp\/v2\/types\/post"}],"author":[{"embeddable":true,"href":"https:\/\/www.cofb.org\/ca\/wp-json\/wp\/v2\/users\/1"}],"replies":[{"embeddable":true,"href":"https:\/\/www.cofb.org\/ca\/wp-json\/wp\/v2\/comments?post=63981"}],"version-history":[{"count":2,"href":"https:\/\/www.cofb.org\/ca\/wp-json\/wp\/v2\/posts\/63981\/revisions"}],"predecessor-version":[{"id":68721,"href":"https:\/\/www.cofb.org\/ca\/wp-json\/wp\/v2\/posts\/63981\/revisions\/68721"}],"wp:featuredmedia":[{"embeddable":true,"href":"https:\/\/www.cofb.org\/ca\/wp-json\/wp\/v2\/media\/67882"}],"wp:attachment":[{"href":"https:\/\/www.cofb.org\/ca\/wp-json\/wp\/v2\/media?parent=63981"}],"wp:term":[{"taxonomy":"category","embeddable":true,"href":"https:\/\/www.cofb.org\/ca\/wp-json\/wp\/v2\/categories?post=63981"},{"taxonomy":"post_tag","embeddable":true,"href":"https:\/\/www.cofb.org\/ca\/wp-json\/wp\/v2\/tags?post=63981"}],"curies":[{"name":"wp","href":"https:\/\/api.w.org\/{rel}","templated":true}]}}