{"id":63911,"date":"2022-06-27T17:58:24","date_gmt":"2022-06-27T15:58:24","guid":{"rendered":"https:\/\/blog.cofb.cat\/?p=63911"},"modified":"2024-07-04T15:51:41","modified_gmt":"2024-07-04T15:51:41","slug":"maig-la-campanya-atencio-pell-2022-i-la-nova-borsa-de-treball-del-cofb-temes-mes-destacats-als-mitjans","status":"publish","type":"post","link":"https:\/\/www.cofb.org\/ca\/2022\/06\/27\/maig-la-campanya-atencio-pell-2022-i-la-nova-borsa-de-treball-del-cofb-temes-mes-destacats-als-mitjans\/","title":{"rendered":"Maig: La campanya &#8216;Atenci\u00f3 Pell 2022&#8217; i la nova borsa de treball del COFB, temes m\u00e9s destacats als mitjans"},"content":{"rendered":"\n<h2 class=\"wp-block-heading\"><br><strong>Campanya &#8220;Atenci\u00f3 Pell 2022&#8221;<\/strong><\/h2>\n\n\n\n<p>El passat 24 de maig va tenir lloc la <strong>roda de premsa<\/strong> on es va presentar la <strong>campanya &#8220;Atenci\u00f3 Pell 2022<\/strong>&#8220;, amb la participaci\u00f3 de <strong>Marta Alcalde<\/strong>, vocal de Dermofarm\u00e0cia i Productes Sanitaris del COFB, i <strong>Josep Malvehy<\/strong>, coordinador del grup de melanoma a l\u2019Hospital Cl\u00ednic de Barcelona.  En el marc d&#8217;aquesta iniciativa, que porta per lema <strong>&#8220;La teva pell \u00e9s \u00fanica, la teva protecci\u00f3 solar tamb\u00e9&#8221;<\/strong>,  les <strong>farm\u00e0cies de la prov\u00edncia de Barcelona <\/strong>fomenten una correcta <strong>protecci\u00f3 solar entre la poblaci\u00f3<\/strong> i, com a <strong>novetat<\/strong>, aquest any es compta amb la col\u00b7laboraci\u00f3 de diferents <strong>associacions de pacients.  <\/strong><\/p>\n\n\n\n<p>Tant mitjans generalistes com especialitzats es van fer ress\u00f2 d&#8217;aquesta campanya: <a href=\"https:\/\/www.alacarta.cat\/noticiesenxarxa\/capitol\/noticies_en_xarxa_25052022\" target=\"_blank\" rel=\"noreferrer noopener\">La Xarxa<\/a> (minut 17:24), <a href=\"https:\/\/play.cadenaser.com\/audio\/ser_cataluna_hoyporhoycatalunya_20220525_065000_070000\/\" target=\"_blank\" rel=\"noreferrer noopener\">Cadena Ser<\/a>, <a href=\"https:\/\/www.rtve.es\/play\/audios\/serveis-informatius-radio-4\/protegir-sol-estiu\/6547251\/\" target=\"_blank\" rel=\"noreferrer noopener\">R\u00e0dio 4<\/a>, <a href=\"https:\/\/www.cope.es\/emisoras\/cataluna\/barcelona-provincia\/barcelona\/noticias\/collegi-farmaceutics-barcelona-impulsa-campana-antencio-pell-2022-teva-pell-unica-20220524_2100635\" target=\"_blank\" rel=\"noreferrer noopener\">Cope<\/a>, <a href=\"https:\/\/www.europapress.es\/catalunya\/noticia-400-farmacias-barcelona-participan-campana-correcta-proteccion-solar-20220524185233.html\" target=\"_blank\" rel=\"noreferrer noopener\">Europa Press,<\/a> <a href=\"http:\/\/www.gentedigital.es\/catalunya\/noticia\/3391593\/unas-400-farmacias-de-barcelona-participan-en-una-campana-para-una-correcta-proteccion-solar\/\" target=\"_blank\" rel=\"noreferrer noopener\">Gente Digital<\/a>, <a href=\"https:\/\/www.republica.com\/ciencia-y-tecnologia\/protegerse-del-sol-y-educar-a-los-mas-pequenos-claves-contra-melanomas-20220524-19111441975\/\" target=\"_blank\" rel=\"noreferrer noopener\">Rep\u00fablica<\/a>, <a href=\"https:\/\/www.imfarmacias.es\/noticia\/28640\/el-cof-de-barcelonay-el-hospital-clinic-ponen-en-marcha-la-campana.html\" target=\"_blank\" rel=\"noreferrer noopener\">imFarmacias<\/a>, <a href=\"https:\/\/www.elfarmaceutico.es\/tendencias\/esta-pasando\/noticias\/farmaceuticos-as-provincia-barcelona-fomentaran-adecuada-proteccion-solar-pacientes-patologias-dermatologicas_151127_102.html\" target=\"_blank\" rel=\"noreferrer noopener\">El Farmac\u00e9utico<\/a>, <a href=\"https:\/\/revistafarmanatur.com\/home-izq\/campana-atenciopell2022-piel-unica-proteccion-solar-tambien\/\" target=\"_blank\" rel=\"noreferrer noopener\">Farmanatur <\/a>i <a href=\"https:\/\/www.phmk.es\/farmacia\/mas-de-500-farmaceuticos-de-la-provincia-de-barcelona-fomentaran-una-proteccion-solar-correcta-entre-la-poblacion\" target=\"_blank\" rel=\"noreferrer noopener\">Pharma Market<\/a>. A banda, <a href=\"https:\/\/www.diariomedico.com\/farmacia\/comunitaria\/autocuidado\/estos-son-los-consejos-de-fotoproteccion-para-pacientes-dermatologicos.html\" target=\"_blank\" rel=\"noreferrer noopener\">Diario M\u00e9dico<\/a> va publicar una pe\u00e7a amb declaracions de la vocal de Dermofarm\u00e0cia del COFB, on es va centrar en els consells de protecci\u00f3 solar que han de seguir els pacients amb patologies dermatol\u00f2giques. <\/p>\n\n\n\n<figure class=\"wp-block-image size-full\"><img decoding=\"async\" src=\"https:\/\/blog.cofb.cat\/wp-content\/uploads\/2022\/06\/COFB_RecullMitjansMaig_1-3-edited.png\" alt=\"\" class=\"wp-image-63971\"\/><\/figure>\n\n\n\n<h2 class=\"wp-block-heading\"><strong>Nova borsa de treball del COFB <\/strong><\/h2>\n\n\n\n<p>A principis de maig, el COFB va enviar una nota de premsa per informar que la <strong>borsa de treball del Col\u00b7legi<\/strong> s&#8217;havia <strong>renovat<\/strong>, oferint la <strong>possibilitat que farmac\u00e8utics\/es no col\u00b7legiats a la prov\u00edncia de Barcelona poguessin accedir-hi, <\/strong>pr\u00e8via validaci\u00f3 de la seva titulaci\u00f3. <\/p>\n\n\n\n<p>La premsa especialitzada va recollir \u00e0mpliament aquesta not\u00edcia,  que es valora positivament per als&nbsp;farmac\u00e8utics candidats i per a les&nbsp;empreses&nbsp;usu\u00e0ries de la borsa de treball -tant&nbsp;oficines de farm\u00e0cia&nbsp;com&nbsp;organitzacions d\u2019una altra tipologia-, ja que&nbsp;es dota al portal de m\u00e9s qualitat i es compta amb una oferta de candidats m\u00e9s \u00e0mplia i renovada. Els mitjans que ho van recollir van ser els seg\u00fcents: <a href=\"https:\/\/www.imfarmacias.es\/noticia\/28341\/la-bolsa-de-trabajo-del-cofb-abre-sus-ofertas-a-farmaceuticosas-de-c.html\" target=\"_blank\" rel=\"noreferrer noopener\">imFarmacias<\/a>, <a href=\"https:\/\/www.diariofarma.com\/2022\/05\/03\/la-bolsa-de-trabajo-del-cofb-se-renueva\" target=\"_blank\" rel=\"noreferrer noopener\">Diariofarma<\/a>, <a href=\"https:\/\/revistaacofar.com\/actualidad\/noticias\/la-bolsa-de-trabajo-del-cofb-se-renueva-podran-inscribirse-farmaceuticos-de-cualquier-provincia-espanola\/\" target=\"_blank\" rel=\"noreferrer noopener\">Revista Acofar<\/a>, <a href=\"https:\/\/www.farmaventas.es\/noticias-del-sector\/12836-la-bolsa-de-trabajo-del-cofb-se-renueva-facilitando-que-farmaceuticos-as-de-cualquier-provincia-espanola-puedan-inscribirse-en-las-ofertas-disponibles.html\" target=\"_blank\" rel=\"noreferrer noopener\">Farmaventas<\/a>, <a href=\"https:\/\/www.elfarmaceutico.es\/tendencias\/esta-pasando\/noticias\/bolsa-trabajo-cofb-se-renueva_151042_102.html\" target=\"_blank\" rel=\"noreferrer noopener\">El Farmac\u00e9utico<\/a>, <a href=\"https:\/\/www.phmk.es\/farmacia\/la-bolsa-de-trabajo-del-cofb-se-renueva-y-permite-la-inscripcion-de-farmaceuticos-de-cualquier-region-de-espana\" target=\"_blank\" rel=\"noreferrer noopener\">Pharma Market<\/a> i <a href=\"https:\/\/revistafarmanatur.com\/noticias\/la-bolsa-trabajo-del-cofb-se-renueva-facilitando-farmaceutics-cualquier-provincia-espanola-puedan-inscribirse\/\" target=\"_blank\" rel=\"noreferrer noopener\">Farmanatur<\/a>. <\/p>\n\n\n\n<figure class=\"wp-block-image size-full\"><img decoding=\"async\" src=\"https:\/\/blog.cofb.cat\/wp-content\/uploads\/2022\/06\/COFB_RecullMitjansMaig_2-2.png\" alt=\"\" class=\"wp-image-63966\"\/><\/figure>\n\n\n\n<h2 class=\"wp-block-heading\"><strong>Mollet, ciutat cardioprotegida<\/strong><\/h2>\n\n\n\n<p><strong>Mollet ha incorporat desfibril\u00b7ladors port\u00e0tils a totes les farm\u00e0cies de la ciutat<\/strong> i, d&#8217;aquesta manera, es converteix en la cinquena ciutat de Catalunya amb les farm\u00e0cies cardioprotegides. Es tracta d\u2019una iniciativa impulsada per l\u2019Ajuntament de Mollet, la&nbsp;Fundaci\u00f3 Barcelona Salut i el Col\u00b7legi de Farmac\u00e8utics de Barcelona, amb la col\u00b7laboraci\u00f3 de&nbsp;Merck. <\/p>\n\n\n\n<p><strong>Guillermo Bagar\u00eda<\/strong>, vocal d&#8217;Oficina de Farm\u00e0cia del COFB, va participar en la roda de premsa on es va presentar la iniciativa i va mostrar la seva<strong> satisfacci\u00f3 pel fet que totes les farm\u00e0cies de la ciutat haguessin decidit formar part d&#8217;aquest projecte col\u00b7laborador i integratiu. <\/strong>Es van fer ress\u00f2 <a href=\"https:\/\/www.sommollet.cat\/noticia\/81051\/mollet-incorpora-desfibrilladors-portatils-a-totes-les-farmacies-de-la-ciutat\" target=\"_blank\" rel=\"noreferrer noopener\">Som Mollet<\/a>, <a href=\"https:\/\/molletviu.com\/2022\/05\/11\/les-farmacies-de-mollet-incorporen-desfibrilladors-portatils-de-darrera-generacio\/\" target=\"_blank\" rel=\"noreferrer noopener\">Mollet Viu<\/a> i <a href=\"https:\/\/www.elperiodico.cat\/ca\/mollet-del-valles\/20220512\/mollet-valls-cinquena-ciutat-catalunya-13647261\" target=\"_blank\" rel=\"noreferrer noopener\">El Peri\u00f3dico<\/a>. <\/p>\n\n\n\n<figure class=\"wp-block-image size-full\"><img decoding=\"async\" src=\"https:\/\/blog.cofb.cat\/wp-content\/uploads\/2022\/06\/COFB_RecullMitjansMaig_3.png\" alt=\"\" class=\"wp-image-63954\"\/><\/figure>\n\n\n\n<h2 class=\"wp-block-heading\"><strong>El COFB com a font d\u2019informaci\u00f3<\/strong><\/h2>\n\n\n\n<h3 class=\"wp-block-heading\"><strong>Propietats i riscos de l&#8217;\u00e0loe vera<\/strong><\/h3>\n\n\n\n<p><a href=\"https:\/\/www.rac1.cat\/societat\/20220526\/4112057243079\/aloe-vera-gel-propietats-riscos-salut-planta-medicinal-laxant-pell-com-aplicar-consells.html\" target=\"_blank\" rel=\"noreferrer noopener\">RAC1<\/a> va publicar a la seva web una pe\u00e7a sobre <strong>propietats i riscos de l&#8217;\u00e0loe vera,<\/strong> que va comptar amb la participaci\u00f3 del vocal de Plantes medicinals del COFB, <strong>Josep Allu\u00e9<\/strong>. Entre altres q\u00fcestions, Allu\u00e9 va incidir en la <strong>import\u00e0ncia de diferenciar molt b\u00e9&nbsp;quina part de la planta&nbsp;s\u2019utilitza en cada cas<\/strong>, va detallar <strong>com aplicar-la correctament a la pell<\/strong> i va destacar <strong>altres usos que t\u00e9,<\/strong> com per exemple, com a <strong>efecte laxant. <\/strong><\/p>\n\n\n\n<p>A partir de la informaci\u00f3 d&#8217;aquesta pe\u00e7a, <a href=\"https:\/\/www.lavanguardia.com\/natural\/plantas\/20220529\/8301995\/propiedades-riesgos-aloe-vera-asi-tienes-utilizar-sea-eficaz-seguro-pmv.html\" target=\"_blank\" rel=\"noreferrer noopener\">La Vanguardia<\/a> tamb\u00e9 va publicar un contingut a la seva web i <a href=\"https:\/\/www.cope.es\/emisoras\/cataluna\/barcelona-provincia\/barcelona\/la-linterna-cope-catalunya-i-andorra\/noticias\/linterna-cope-catalunya-andorra-maig-2022-20220530_2113031\" target=\"_blank\" rel=\"noreferrer noopener\">Cope <\/a>va realitzar una entrevista al vocal de Plantes medicinals del COFB (a partir del minut 49:20).  <\/p>\n\n\n\n<h3 class=\"wp-block-heading\"><strong>Interpretaci\u00f3 del resultat positiu d&#8217;un test d&#8217;ant\u00edgens<\/strong><\/h3>\n\n\n\n<p><strong>&#8220;\u00c9s cert que si la l\u00ednia d\u2019un test d\u2019ant\u00edgens positiu est\u00e0 poc definida hi ha poca c\u00e0rrega viral?&#8221;.<\/strong> Aquesta \u00e9s la pregunta que va plantejar <a href=\"https:\/\/www.rac1.cat\/societat\/20220504\/4111690059153\/test-antigens-positiu-definida-poca-carrega-viral.html\" target=\"_blank\" rel=\"noreferrer noopener\">RAC1<\/a> per publicar una pe\u00e7a a la seva web, en la qual va incloure <strong>informaci\u00f3 proporcionada pel COFB. <\/strong>Des del Col\u00b7legi, es va traslladar que <strong>no s&#8217;havia trobat cap font fiable que afirm\u00e9s que la intensitat del color d\u2019un test d\u2019ant\u00edgens d\u2019autodiagn\u00f2stic positiu estigu\u00e9s relacionada amb la c\u00e0rrega viral.<\/strong> En tot cas, es va incidir en qu\u00e8 el test s&#8217;interpreta com a positiu al marge de la intensitat de la l\u00ednia T, per tant, cal actuar de la mateixa manera tant si la l\u00ednia \u00e9s borrosa com si est\u00e0 ben marcada.&nbsp;<\/p>\n\n\n\n<figure class=\"wp-block-image size-full\"><img decoding=\"async\" src=\"https:\/\/blog.cofb.cat\/wp-content\/uploads\/2022\/06\/COFB_RecullMitjansMaig_4-3-edited.png\" alt=\"\" class=\"wp-image-63969\"\/><\/figure>\n\n\n\n<h3 class=\"wp-block-heading\"><strong>Dispensaci\u00f3 de Paxlovid a trav\u00e9s de les farm\u00e0cies comunit\u00e0ries<\/strong><\/h3>\n\n\n\n<p><a href=\"https:\/\/www.diariomedico.com\/farmacia\/comunitaria\/politica\/como-se-esta-dispensando-paxlovid-en-las-farmacias.html\" target=\"_blank\" rel=\"noreferrer noopener\">Correo Farmac\u00e9utico<\/a> va publicar una not\u00edcia on va fer seguiment de com s&#8217;estava dispensant el Paxlovid a trav\u00e9s de les farm\u00e0cies. En el cas de <strong>Catalunya<\/strong>, el <strong>circuit es va activar el 4 d&#8217;abril<\/strong> i, des de llavors, s&#8217;han realitzat <strong>116 dispensacions<\/strong>. <\/p>\n\n\n\n<h3 class=\"wp-block-heading\"><strong>Consell farmac\u00e8utic davant la cefalea<\/strong><\/h3>\n\n\n\n<p>En el marc d&#8217;un especial sobre autocura, Correo Farmac\u00e9utico va publicar a l&#8217;edici\u00f3 en paper un article titulat <strong>&#8220;Cefalea: con\u00e8ixer els desencadenants i no automedicar-se prevenen la seva aparici\u00f3&#8221;<\/strong>. La pe\u00e7a va comptar amb i<strong>nformaci\u00f3 extreta de la web de salut del COFB, farmaceuticonline.com,<\/strong> on es va detallar, entre altres aspectes, quins factors poden desencadenar la migranya i quins consells es poden donar des de la farm\u00e0cia per combatre-la. <\/p>\n\n\n\n<figure class=\"wp-block-image size-full\"><img decoding=\"async\" src=\"https:\/\/blog.cofb.cat\/wp-content\/uploads\/2022\/06\/COFB_RecullMitjansMaig_5-edited.png\" alt=\"\" class=\"wp-image-63957\"\/><\/figure>\n\n\n\n<h2 class=\"wp-block-heading\"><strong>Mencions al COFB<\/strong><\/h2>\n\n\n\n<h3 class=\"wp-block-heading\"><strong>Desnutrici\u00f3 en persones adultes:  com abordar-la des de la farm\u00e0cia comunit\u00e0ria <\/strong><\/h3>\n\n\n\n<p><a href=\"https:\/\/www.elfarmaceutico.es\/tendencias\/te-interesa\/desnutricion-adulto-mayor-farmacia-comunitaria_151071_102.html\" target=\"_blank\" rel=\"noreferrer noopener\">El Farmac\u00e9utico <\/a>va recollir una <strong>publicaci\u00f3 del grup d&#8217;Envelliment Saludable de la Vocalia d&#8217;Alimentaci\u00f3 i Nutrici\u00f3 del COFB, <\/strong>que estava centrat en la <strong>desnutrici\u00f3 en persones adultes i el seu abordatge des de la farm\u00e0cia comunit\u00e0ria. <\/strong>Al llarg del monogr\u00e0fic, es detallen diferents aspectes, com la magnitud del problema, causes, conseq\u00fc\u00e8ncies i el paper de la farm\u00e0cia. <\/p>\n\n\n\n<h3 class=\"wp-block-heading\"><strong>Vitamines i complements: quan, com i per qu\u00e8<\/strong><\/h3>\n\n\n\n<p>Gaireb\u00e9 <strong>700 farmac\u00e8utics <\/strong>van participar en el <strong>webinar d&#8217;\u00c0gora Sanit\u00e0ria,<\/strong> el portal de formaci\u00f3 online dels Col\u00b7legis de Farmac\u00e8utics de Barcelona i Madrid, sobre <strong>vitamines i complements<\/strong>. L&#8217;activitat formativa va comptar amb el patrocini de GSK i va tenir una \u00e0mplia repercussi\u00f3 en la premsa especialitzada: <a href=\"https:\/\/www.redaccionmedica.com\/secciones\/industria\/gsk-incluye-en-su-web-formacion-en-nutricion-gratuita-para-farmaceuticos-5318\" target=\"_blank\" rel=\"noreferrer noopener\">Redacci\u00f3n M\u00e9dica<\/a>, <a href=\"https:\/\/www.diariofarma.com\/2022\/05\/24\/vitaminas-como-cuando-y-por-que\" target=\"_blank\" rel=\"noreferrer noopener\">Diariofarma<\/a>, <a href=\"https:\/\/www.consalud.es\/ecsalud\/nacional\/gsk-colabora-en-vitaminas-como-cuando-por-que-nueva-formacion-gratuita-farmaceuticos_115103_102.html\" target=\"_blank\" rel=\"noreferrer noopener\">ConSalud<\/a>, <a href=\"https:\/\/www.anisalud.com\/actualidad\/notas-de-prensa-anis\/8815-%E2%80%9Cvitaminas-c%C3%B3mo%2C-cu%C3%A1ndo-y-por-qu%C3%A9%E2%80%9D%2C-nueva-formaci%C3%B3n-online-gratuita-ya-disponible-para-farmac%C3%A9uticos\" target=\"_blank\" rel=\"noreferrer noopener\">Anisalud<\/a>, <a href=\"https:\/\/www.pmfarma.es\/noticias\/34167-vitaminas-como-cuando-y-por-que-nueva-formacion-online-gratuita-ya-disponible-para-farmaceuticos.html\" target=\"_blank\" rel=\"noreferrer noopener\">PMFarma <\/a>i <a href=\"https:\/\/www.imfarmacias.es\/noticia\/28619\/formacion-gratuitasobre-la-dispensacion-de-vitaminas.html\" target=\"_blank\" rel=\"noreferrer noopener\">imFarmacias<\/a>. <\/p>\n\n\n\n<p><\/p>\n","protected":false},"excerpt":{"rendered":"<p>Campanya &#8220;Atenci\u00f3 Pell 2022&#8221; El passat 24 de maig va tenir lloc la roda de premsa on es va presentar la campanya &#8220;Atenci\u00f3 Pell 2022&#8220;, amb la participaci\u00f3 de Marta Alcalde, vocal de Dermofarm\u00e0cia i Productes Sanitaris del COFB, i Josep Malvehy, coordinador del grup de melanoma a l\u2019Hospital Cl\u00ednic [&hellip;]<\/p>\n","protected":false},"author":1,"featured_media":78718,"comment_status":"open","ping_status":"open","sticky":false,"template":"","format":"standard","meta":{"_uag_custom_page_level_css":"","site-sidebar-layout":"default","site-content-layout":"","ast-site-content-layout":"default","site-content-style":"default","site-sidebar-style":"default","ast-global-header-display":"","ast-banner-title-visibility":"","ast-main-header-display":"","ast-hfb-above-header-display":"","ast-hfb-below-header-display":"","ast-hfb-mobile-header-display":"","site-post-title":"","ast-breadcrumbs-content":"","ast-featured-img":"disabled","footer-sml-layout":"","theme-transparent-header-meta":"","adv-header-id-meta":"","stick-header-meta":"","header-above-stick-meta":"","header-main-stick-meta":"","header-below-stick-meta":"","astra-migrate-meta-layouts":"set","ast-page-background-enabled":"default","ast-page-background-meta":{"desktop":{"background-color":"var(--ast-global-color-4)","background-image":"","background-repeat":"repeat","background-position":"center center","background-size":"auto","background-attachment":"scroll","background-type":"","background-media":"","overlay-type":"","overlay-color":"","overlay-opacity":"","overlay-gradient":""},"tablet":{"background-color":"","background-image":"","background-repeat":"repeat","background-position":"center center","background-size":"auto","background-attachment":"scroll","background-type":"","background-media":"","overlay-type":"","overlay-color":"","overlay-opacity":"","overlay-gradient":""},"mobile":{"background-color":"","background-image":"","background-repeat":"repeat","background-position":"center center","background-size":"auto","background-attachment":"scroll","background-type":"","background-media":"","overlay-type":"","overlay-color":"","overlay-opacity":"","overlay-gradient":""}},"ast-content-background-meta":{"desktop":{"background-color":"var(--ast-global-color-5)","background-image":"","background-repeat":"repeat","background-position":"center center","background-size":"auto","background-attachment":"scroll","background-type":"","background-media":"","overlay-type":"","overlay-color":"","overlay-opacity":"","overlay-gradient":""},"tablet":{"background-color":"var(--ast-global-color-5)","background-image":"","background-repeat":"repeat","background-position":"center center","background-size":"auto","background-attachment":"scroll","background-type":"","background-media":"","overlay-type":"","overlay-color":"","overlay-opacity":"","overlay-gradient":""},"mobile":{"background-color":"var(--ast-global-color-5)","background-image":"","background-repeat":"repeat","background-position":"center center","background-size":"auto","background-attachment":"scroll","background-type":"","background-media":"","overlay-type":"","overlay-color":"","overlay-opacity":"","overlay-gradient":""}},"footnotes":""},"categories":[23,32],"tags":[792,793,392,794,795,18,19,796,797,479,53,25,70,459,31,798,799,800,725,492,801],"class_list":["post-63911","post","type-post","status-publish","format-standard","has-post-thumbnail","hentry","category-destacats","category-noticies-farmacia","tag-agora-sanitaria-4","tag-aloe-vera","tag-atencio-pell","tag-borsa-treball","tag-cefalea","tag-cofb","tag-collegi-de-farmaceutics-de-barcelona","tag-complements","tag-desfibrilladors","tag-desnutricio","tag-farmaceutics","tag-farmacies","tag-formacio","tag-mitjans","tag-mitjans-de-comunicacio","tag-mollet","tag-nota-de-premsa","tag-paxlovid","tag-proteccio-solar","tag-tests-antigens","tag-vitamines"],"yoast_head":"<!-- This site is optimized with the Yoast SEO plugin v22.4 - https:\/\/yoast.com\/wordpress\/plugins\/seo\/ -->\n<title>Maig: La campanya &#039;Atenci\u00f3 Pell 2022&#039; i la nova borsa de treball del COFB, temes m\u00e9s destacats als mitjans - Col\u00b7legi de Farmac\u00e8utics de Barcelona<\/title>\n<meta name=\"description\" content=\"Durant el mes de maig, els temes m\u00e9s destacats als mitjans han estat la campanya &#039;Atenci\u00f3 Pell 2022&#039; i la nova borsa de treball del COFB\" \/>\n<meta name=\"robots\" content=\"index, follow, max-snippet:-1, max-image-preview:large, max-video-preview:-1\" \/>\n<link rel=\"canonical\" href=\"https:\/\/www.cofb.org\/ca\/2022\/06\/27\/maig-la-campanya-atencio-pell-2022-i-la-nova-borsa-de-treball-del-cofb-temes-mes-destacats-als-mitjans\/\" \/>\n<meta property=\"og:locale\" content=\"ca_ES\" \/>\n<meta property=\"og:type\" content=\"article\" \/>\n<meta property=\"og:title\" content=\"Maig: La campanya &#039;Atenci\u00f3 Pell 2022&#039; i la nova borsa de treball del COFB, temes m\u00e9s destacats als mitjans - Col\u00b7legi de Farmac\u00e8utics de Barcelona\" \/>\n<meta property=\"og:description\" content=\"Durant el mes de maig, els temes m\u00e9s destacats als mitjans han estat la campanya &#039;Atenci\u00f3 Pell 2022&#039; i la nova borsa de treball del COFB\" \/>\n<meta property=\"og:url\" content=\"https:\/\/www.cofb.org\/ca\/2022\/06\/27\/maig-la-campanya-atencio-pell-2022-i-la-nova-borsa-de-treball-del-cofb-temes-mes-destacats-als-mitjans\/\" \/>\n<meta property=\"og:site_name\" content=\"Col\u00b7legi de Farmac\u00e8utics de Barcelona\" \/>\n<meta property=\"article:publisher\" content=\"https:\/\/www.facebook.com\/farmaceuticsbcn\/\" \/>\n<meta property=\"article:published_time\" content=\"2022-06-27T15:58:24+00:00\" \/>\n<meta property=\"article:modified_time\" content=\"2024-07-04T15:51:41+00:00\" \/>\n<meta property=\"og:image\" content=\"https:\/\/www.cofb.org\/wp-content\/uploads\/2022\/06\/Maig-2022.jpg\" \/>\n\t<meta property=\"og:image:width\" content=\"1170\" \/>\n\t<meta property=\"og:image:height\" content=\"580\" \/>\n\t<meta property=\"og:image:type\" content=\"image\/jpeg\" \/>\n<meta name=\"author\" content=\"wpAdminCofbOrg\" \/>\n<meta name=\"twitter:card\" content=\"summary_large_image\" \/>\n<meta name=\"twitter:creator\" content=\"@farmaceuticsbcn\" \/>\n<meta name=\"twitter:site\" content=\"@farmaceuticsbcn\" \/>\n<meta name=\"twitter:label1\" content=\"Escrit per\" \/>\n\t<meta name=\"twitter:data1\" content=\"wpAdminCofbOrg\" \/>\n\t<meta name=\"twitter:label2\" content=\"Temps estimat de lectura\" \/>\n\t<meta name=\"twitter:data2\" content=\"7 minuts\" \/>\n<script type=\"application\/ld+json\" class=\"yoast-schema-graph\">{\"@context\":\"https:\/\/schema.org\",\"@graph\":[{\"@type\":\"Article\",\"@id\":\"https:\/\/www.cofb.org\/2022\/06\/27\/maig-la-campanya-atencio-pell-2022-i-la-nova-borsa-de-treball-del-cofb-temes-mes-destacats-als-mitjans\/#article\",\"isPartOf\":{\"@id\":\"https:\/\/www.cofb.org\/2022\/06\/27\/maig-la-campanya-atencio-pell-2022-i-la-nova-borsa-de-treball-del-cofb-temes-mes-destacats-als-mitjans\/\"},\"author\":{\"name\":\"wpAdminCofbOrg\",\"@id\":\"https:\/\/www.cofb.org\/#\/schema\/person\/22ed7eea88da74b0fa4d3154ad87ffcb\"},\"headline\":\"Maig: La campanya &#8216;Atenci\u00f3 Pell 2022&#8217; i la nova borsa de treball del COFB, temes m\u00e9s destacats als mitjans\",\"datePublished\":\"2022-06-27T15:58:24+00:00\",\"dateModified\":\"2024-07-04T15:51:41+00:00\",\"mainEntityOfPage\":{\"@id\":\"https:\/\/www.cofb.org\/2022\/06\/27\/maig-la-campanya-atencio-pell-2022-i-la-nova-borsa-de-treball-del-cofb-temes-mes-destacats-als-mitjans\/\"},\"wordCount\":1049,\"commentCount\":0,\"publisher\":{\"@id\":\"https:\/\/www.cofb.org\/#organization\"},\"image\":{\"@id\":\"https:\/\/www.cofb.org\/2022\/06\/27\/maig-la-campanya-atencio-pell-2022-i-la-nova-borsa-de-treball-del-cofb-temes-mes-destacats-als-mitjans\/#primaryimage\"},\"thumbnailUrl\":\"https:\/\/www.cofb.org\/wp-content\/uploads\/2022\/06\/Maig-2022.jpg\",\"keywords\":[\"\u00e0gora sanit\u00e0ria\",\"\u00e0loe vera\",\"Atenci\u00f3 Pell\",\"borsa treball\",\"cefalea\",\"COFB\",\"Col\u00b7legi de Farmac\u00e8utics de Barcelona\",\"complements\",\"desfibril\u00b7ladors\",\"desnutrici\u00f3\",\"farmac\u00e8utics\",\"farm\u00e0cies\",\"Formaci\u00f3\",\"Mitjans\",\"mitjans de comunicaci\u00f3\",\"mollet\",\"nota de premsa\",\"paxlovid\",\"protecci\u00f3 solar\",\"tests ant\u00edgens\",\"vitamines\"],\"articleSection\":[\"Destacats\",\"Not\u00edcies farm\u00e0cia\"],\"inLanguage\":\"ca\",\"potentialAction\":[{\"@type\":\"CommentAction\",\"name\":\"Comment\",\"target\":[\"https:\/\/www.cofb.org\/2022\/06\/27\/maig-la-campanya-atencio-pell-2022-i-la-nova-borsa-de-treball-del-cofb-temes-mes-destacats-als-mitjans\/#respond\"]}]},{\"@type\":\"WebPage\",\"@id\":\"https:\/\/www.cofb.org\/2022\/06\/27\/maig-la-campanya-atencio-pell-2022-i-la-nova-borsa-de-treball-del-cofb-temes-mes-destacats-als-mitjans\/\",\"url\":\"https:\/\/www.cofb.org\/2022\/06\/27\/maig-la-campanya-atencio-pell-2022-i-la-nova-borsa-de-treball-del-cofb-temes-mes-destacats-als-mitjans\/\",\"name\":\"Maig: La campanya 'Atenci\u00f3 Pell 2022' i la nova borsa de treball del COFB, temes m\u00e9s destacats als mitjans - Col\u00b7legi de Farmac\u00e8utics de Barcelona\",\"isPartOf\":{\"@id\":\"https:\/\/www.cofb.org\/#website\"},\"primaryImageOfPage\":{\"@id\":\"https:\/\/www.cofb.org\/2022\/06\/27\/maig-la-campanya-atencio-pell-2022-i-la-nova-borsa-de-treball-del-cofb-temes-mes-destacats-als-mitjans\/#primaryimage\"},\"image\":{\"@id\":\"https:\/\/www.cofb.org\/2022\/06\/27\/maig-la-campanya-atencio-pell-2022-i-la-nova-borsa-de-treball-del-cofb-temes-mes-destacats-als-mitjans\/#primaryimage\"},\"thumbnailUrl\":\"https:\/\/www.cofb.org\/wp-content\/uploads\/2022\/06\/Maig-2022.jpg\",\"datePublished\":\"2022-06-27T15:58:24+00:00\",\"dateModified\":\"2024-07-04T15:51:41+00:00\",\"description\":\"Durant el mes de maig, els temes m\u00e9s destacats als mitjans han estat la campanya 'Atenci\u00f3 Pell 2022' i la nova borsa de treball del COFB\",\"breadcrumb\":{\"@id\":\"https:\/\/www.cofb.org\/2022\/06\/27\/maig-la-campanya-atencio-pell-2022-i-la-nova-borsa-de-treball-del-cofb-temes-mes-destacats-als-mitjans\/#breadcrumb\"},\"inLanguage\":\"ca\",\"potentialAction\":[{\"@type\":\"ReadAction\",\"target\":[\"https:\/\/www.cofb.org\/2022\/06\/27\/maig-la-campanya-atencio-pell-2022-i-la-nova-borsa-de-treball-del-cofb-temes-mes-destacats-als-mitjans\/\"]}]},{\"@type\":\"ImageObject\",\"inLanguage\":\"ca\",\"@id\":\"https:\/\/www.cofb.org\/2022\/06\/27\/maig-la-campanya-atencio-pell-2022-i-la-nova-borsa-de-treball-del-cofb-temes-mes-destacats-als-mitjans\/#primaryimage\",\"url\":\"https:\/\/www.cofb.org\/wp-content\/uploads\/2022\/06\/Maig-2022.jpg\",\"contentUrl\":\"https:\/\/www.cofb.org\/wp-content\/uploads\/2022\/06\/Maig-2022.jpg\",\"width\":1170,\"height\":580},{\"@type\":\"BreadcrumbList\",\"@id\":\"https:\/\/www.cofb.org\/2022\/06\/27\/maig-la-campanya-atencio-pell-2022-i-la-nova-borsa-de-treball-del-cofb-temes-mes-destacats-als-mitjans\/#breadcrumb\",\"itemListElement\":[{\"@type\":\"ListItem\",\"position\":1,\"name\":\"Inici\",\"item\":\"https:\/\/novaorg.cofb.net\/\"},{\"@type\":\"ListItem\",\"position\":2,\"name\":\"Maig: La campanya &#8216;Atenci\u00f3 Pell 2022&#8217; i la nova borsa de treball del COFB, temes m\u00e9s destacats als mitjans\"}]},{\"@type\":\"WebSite\",\"@id\":\"https:\/\/www.cofb.org\/#website\",\"url\":\"https:\/\/www.cofb.org\/\",\"name\":\"Col\u00b7legi de Farmac\u00e8utics de Barcelona\",\"description\":\"\",\"publisher\":{\"@id\":\"https:\/\/www.cofb.org\/#organization\"},\"potentialAction\":[{\"@type\":\"SearchAction\",\"target\":{\"@type\":\"EntryPoint\",\"urlTemplate\":\"https:\/\/www.cofb.org\/?s={search_term_string}\"},\"query-input\":\"required name=search_term_string\"}],\"inLanguage\":\"ca\"},{\"@type\":\"Organization\",\"@id\":\"https:\/\/www.cofb.org\/#organization\",\"name\":\"Col\u00b7legi de Farmac\u00e8utics de Barcelona\",\"url\":\"https:\/\/www.cofb.org\/\",\"logo\":{\"@type\":\"ImageObject\",\"inLanguage\":\"ca\",\"@id\":\"https:\/\/www.cofb.org\/#\/schema\/logo\/image\/\",\"url\":\"https:\/\/www.cofb.org\/wp-content\/uploads\/2023\/11\/cropped-Logotip-COFB.png\",\"contentUrl\":\"https:\/\/www.cofb.org\/wp-content\/uploads\/2023\/11\/cropped-Logotip-COFB.png\",\"width\":500,\"height\":105,\"caption\":\"Col\u00b7legi de Farmac\u00e8utics de Barcelona\"},\"image\":{\"@id\":\"https:\/\/www.cofb.org\/#\/schema\/logo\/image\/\"},\"sameAs\":[\"https:\/\/www.facebook.com\/farmaceuticsbcn\/\",\"https:\/\/twitter.com\/farmaceuticsbcn\",\"https:\/\/www.instagram.com\/farmaceuticsbcn\/\",\"https:\/\/www.linkedin.com\/company\/farmaceuticsbcn\/\"]},{\"@type\":\"Person\",\"@id\":\"https:\/\/www.cofb.org\/#\/schema\/person\/22ed7eea88da74b0fa4d3154ad87ffcb\",\"name\":\"wpAdminCofbOrg\",\"image\":{\"@type\":\"ImageObject\",\"inLanguage\":\"ca\",\"@id\":\"https:\/\/www.cofb.org\/#\/schema\/person\/image\/\",\"url\":\"https:\/\/secure.gravatar.com\/avatar\/1721b20b3b8ca882c3b56ec6c978c594fff670e40c0718e9190eaeeb76aae7d8?s=96&d=mm&r=g\",\"contentUrl\":\"https:\/\/secure.gravatar.com\/avatar\/1721b20b3b8ca882c3b56ec6c978c594fff670e40c0718e9190eaeeb76aae7d8?s=96&d=mm&r=g\",\"caption\":\"wpAdminCofbOrg\"},\"sameAs\":[\"http:\/\/192.168.64.122\/wordpress\"],\"url\":\"https:\/\/www.cofb.org\/ca\/author\/wpadmincofborg\/\"}]}<\/script>\n<!-- \/ Yoast SEO plugin. -->","yoast_head_json":{"title":"Maig: La campanya 'Atenci\u00f3 Pell 2022' i la nova borsa de treball del COFB, temes m\u00e9s destacats als mitjans - Col\u00b7legi de Farmac\u00e8utics de Barcelona","description":"Durant el mes de maig, els temes m\u00e9s destacats als mitjans han estat la campanya 'Atenci\u00f3 Pell 2022' i la nova borsa de treball del COFB","robots":{"index":"index","follow":"follow","max-snippet":"max-snippet:-1","max-image-preview":"max-image-preview:large","max-video-preview":"max-video-preview:-1"},"canonical":"https:\/\/www.cofb.org\/ca\/2022\/06\/27\/maig-la-campanya-atencio-pell-2022-i-la-nova-borsa-de-treball-del-cofb-temes-mes-destacats-als-mitjans\/","og_locale":"ca_ES","og_type":"article","og_title":"Maig: La campanya 'Atenci\u00f3 Pell 2022' i la nova borsa de treball del COFB, temes m\u00e9s destacats als mitjans - Col\u00b7legi de Farmac\u00e8utics de Barcelona","og_description":"Durant el mes de maig, els temes m\u00e9s destacats als mitjans han estat la campanya 'Atenci\u00f3 Pell 2022' i la nova borsa de treball del COFB","og_url":"https:\/\/www.cofb.org\/ca\/2022\/06\/27\/maig-la-campanya-atencio-pell-2022-i-la-nova-borsa-de-treball-del-cofb-temes-mes-destacats-als-mitjans\/","og_site_name":"Col\u00b7legi de Farmac\u00e8utics de Barcelona","article_publisher":"https:\/\/www.facebook.com\/farmaceuticsbcn\/","article_published_time":"2022-06-27T15:58:24+00:00","article_modified_time":"2024-07-04T15:51:41+00:00","og_image":[{"width":1170,"height":580,"url":"https:\/\/www.cofb.org\/wp-content\/uploads\/2022\/06\/Maig-2022.jpg","type":"image\/jpeg"}],"author":"wpAdminCofbOrg","twitter_card":"summary_large_image","twitter_creator":"@farmaceuticsbcn","twitter_site":"@farmaceuticsbcn","twitter_misc":{"Escrit per":"wpAdminCofbOrg","Temps estimat de lectura":"7 minuts"},"schema":{"@context":"https:\/\/schema.org","@graph":[{"@type":"Article","@id":"https:\/\/www.cofb.org\/2022\/06\/27\/maig-la-campanya-atencio-pell-2022-i-la-nova-borsa-de-treball-del-cofb-temes-mes-destacats-als-mitjans\/#article","isPartOf":{"@id":"https:\/\/www.cofb.org\/2022\/06\/27\/maig-la-campanya-atencio-pell-2022-i-la-nova-borsa-de-treball-del-cofb-temes-mes-destacats-als-mitjans\/"},"author":{"name":"wpAdminCofbOrg","@id":"https:\/\/www.cofb.org\/#\/schema\/person\/22ed7eea88da74b0fa4d3154ad87ffcb"},"headline":"Maig: La campanya &#8216;Atenci\u00f3 Pell 2022&#8217; i la nova borsa de treball del COFB, temes m\u00e9s destacats als mitjans","datePublished":"2022-06-27T15:58:24+00:00","dateModified":"2024-07-04T15:51:41+00:00","mainEntityOfPage":{"@id":"https:\/\/www.cofb.org\/2022\/06\/27\/maig-la-campanya-atencio-pell-2022-i-la-nova-borsa-de-treball-del-cofb-temes-mes-destacats-als-mitjans\/"},"wordCount":1049,"commentCount":0,"publisher":{"@id":"https:\/\/www.cofb.org\/#organization"},"image":{"@id":"https:\/\/www.cofb.org\/2022\/06\/27\/maig-la-campanya-atencio-pell-2022-i-la-nova-borsa-de-treball-del-cofb-temes-mes-destacats-als-mitjans\/#primaryimage"},"thumbnailUrl":"https:\/\/www.cofb.org\/wp-content\/uploads\/2022\/06\/Maig-2022.jpg","keywords":["\u00e0gora sanit\u00e0ria","\u00e0loe vera","Atenci\u00f3 Pell","borsa treball","cefalea","COFB","Col\u00b7legi de Farmac\u00e8utics de Barcelona","complements","desfibril\u00b7ladors","desnutrici\u00f3","farmac\u00e8utics","farm\u00e0cies","Formaci\u00f3","Mitjans","mitjans de comunicaci\u00f3","mollet","nota de premsa","paxlovid","protecci\u00f3 solar","tests ant\u00edgens","vitamines"],"articleSection":["Destacats","Not\u00edcies farm\u00e0cia"],"inLanguage":"ca","potentialAction":[{"@type":"CommentAction","name":"Comment","target":["https:\/\/www.cofb.org\/2022\/06\/27\/maig-la-campanya-atencio-pell-2022-i-la-nova-borsa-de-treball-del-cofb-temes-mes-destacats-als-mitjans\/#respond"]}]},{"@type":"WebPage","@id":"https:\/\/www.cofb.org\/2022\/06\/27\/maig-la-campanya-atencio-pell-2022-i-la-nova-borsa-de-treball-del-cofb-temes-mes-destacats-als-mitjans\/","url":"https:\/\/www.cofb.org\/2022\/06\/27\/maig-la-campanya-atencio-pell-2022-i-la-nova-borsa-de-treball-del-cofb-temes-mes-destacats-als-mitjans\/","name":"Maig: La campanya 'Atenci\u00f3 Pell 2022' i la nova borsa de treball del COFB, temes m\u00e9s destacats als mitjans - Col\u00b7legi de Farmac\u00e8utics de Barcelona","isPartOf":{"@id":"https:\/\/www.cofb.org\/#website"},"primaryImageOfPage":{"@id":"https:\/\/www.cofb.org\/2022\/06\/27\/maig-la-campanya-atencio-pell-2022-i-la-nova-borsa-de-treball-del-cofb-temes-mes-destacats-als-mitjans\/#primaryimage"},"image":{"@id":"https:\/\/www.cofb.org\/2022\/06\/27\/maig-la-campanya-atencio-pell-2022-i-la-nova-borsa-de-treball-del-cofb-temes-mes-destacats-als-mitjans\/#primaryimage"},"thumbnailUrl":"https:\/\/www.cofb.org\/wp-content\/uploads\/2022\/06\/Maig-2022.jpg","datePublished":"2022-06-27T15:58:24+00:00","dateModified":"2024-07-04T15:51:41+00:00","description":"Durant el mes de maig, els temes m\u00e9s destacats als mitjans han estat la campanya 'Atenci\u00f3 Pell 2022' i la nova borsa de treball del COFB","breadcrumb":{"@id":"https:\/\/www.cofb.org\/2022\/06\/27\/maig-la-campanya-atencio-pell-2022-i-la-nova-borsa-de-treball-del-cofb-temes-mes-destacats-als-mitjans\/#breadcrumb"},"inLanguage":"ca","potentialAction":[{"@type":"ReadAction","target":["https:\/\/www.cofb.org\/2022\/06\/27\/maig-la-campanya-atencio-pell-2022-i-la-nova-borsa-de-treball-del-cofb-temes-mes-destacats-als-mitjans\/"]}]},{"@type":"ImageObject","inLanguage":"ca","@id":"https:\/\/www.cofb.org\/2022\/06\/27\/maig-la-campanya-atencio-pell-2022-i-la-nova-borsa-de-treball-del-cofb-temes-mes-destacats-als-mitjans\/#primaryimage","url":"https:\/\/www.cofb.org\/wp-content\/uploads\/2022\/06\/Maig-2022.jpg","contentUrl":"https:\/\/www.cofb.org\/wp-content\/uploads\/2022\/06\/Maig-2022.jpg","width":1170,"height":580},{"@type":"BreadcrumbList","@id":"https:\/\/www.cofb.org\/2022\/06\/27\/maig-la-campanya-atencio-pell-2022-i-la-nova-borsa-de-treball-del-cofb-temes-mes-destacats-als-mitjans\/#breadcrumb","itemListElement":[{"@type":"ListItem","position":1,"name":"Inici","item":"https:\/\/novaorg.cofb.net\/"},{"@type":"ListItem","position":2,"name":"Maig: La campanya &#8216;Atenci\u00f3 Pell 2022&#8217; i la nova borsa de treball del COFB, temes m\u00e9s destacats als mitjans"}]},{"@type":"WebSite","@id":"https:\/\/www.cofb.org\/#website","url":"https:\/\/www.cofb.org\/","name":"Col\u00b7legi de Farmac\u00e8utics de Barcelona","description":"","publisher":{"@id":"https:\/\/www.cofb.org\/#organization"},"potentialAction":[{"@type":"SearchAction","target":{"@type":"EntryPoint","urlTemplate":"https:\/\/www.cofb.org\/?s={search_term_string}"},"query-input":"required name=search_term_string"}],"inLanguage":"ca"},{"@type":"Organization","@id":"https:\/\/www.cofb.org\/#organization","name":"Col\u00b7legi de Farmac\u00e8utics de Barcelona","url":"https:\/\/www.cofb.org\/","logo":{"@type":"ImageObject","inLanguage":"ca","@id":"https:\/\/www.cofb.org\/#\/schema\/logo\/image\/","url":"https:\/\/www.cofb.org\/wp-content\/uploads\/2023\/11\/cropped-Logotip-COFB.png","contentUrl":"https:\/\/www.cofb.org\/wp-content\/uploads\/2023\/11\/cropped-Logotip-COFB.png","width":500,"height":105,"caption":"Col\u00b7legi de Farmac\u00e8utics de Barcelona"},"image":{"@id":"https:\/\/www.cofb.org\/#\/schema\/logo\/image\/"},"sameAs":["https:\/\/www.facebook.com\/farmaceuticsbcn\/","https:\/\/twitter.com\/farmaceuticsbcn","https:\/\/www.instagram.com\/farmaceuticsbcn\/","https:\/\/www.linkedin.com\/company\/farmaceuticsbcn\/"]},{"@type":"Person","@id":"https:\/\/www.cofb.org\/#\/schema\/person\/22ed7eea88da74b0fa4d3154ad87ffcb","name":"wpAdminCofbOrg","image":{"@type":"ImageObject","inLanguage":"ca","@id":"https:\/\/www.cofb.org\/#\/schema\/person\/image\/","url":"https:\/\/secure.gravatar.com\/avatar\/1721b20b3b8ca882c3b56ec6c978c594fff670e40c0718e9190eaeeb76aae7d8?s=96&d=mm&r=g","contentUrl":"https:\/\/secure.gravatar.com\/avatar\/1721b20b3b8ca882c3b56ec6c978c594fff670e40c0718e9190eaeeb76aae7d8?s=96&d=mm&r=g","caption":"wpAdminCofbOrg"},"sameAs":["http:\/\/192.168.64.122\/wordpress"],"url":"https:\/\/www.cofb.org\/ca\/author\/wpadmincofborg\/"}]}},"uagb_featured_image_src":{"full":["https:\/\/www.cofb.org\/wp-content\/uploads\/2022\/06\/Maig-2022.jpg",1170,580,false],"thumbnail":["https:\/\/www.cofb.org\/wp-content\/uploads\/2022\/06\/Maig-2022-150x150.jpg",150,150,true],"medium":["https:\/\/www.cofb.org\/wp-content\/uploads\/2022\/06\/Maig-2022-300x149.jpg",300,149,true],"medium_large":["https:\/\/www.cofb.org\/wp-content\/uploads\/2022\/06\/Maig-2022-768x381.jpg",768,381,true],"large":["https:\/\/www.cofb.org\/wp-content\/uploads\/2022\/06\/Maig-2022-1024x508.jpg",1024,508,true],"1536x1536":["https:\/\/www.cofb.org\/wp-content\/uploads\/2022\/06\/Maig-2022.jpg",1170,580,false],"2048x2048":["https:\/\/www.cofb.org\/wp-content\/uploads\/2022\/06\/Maig-2022.jpg",1170,580,false],"trp-custom-language-flag":["https:\/\/www.cofb.org\/wp-content\/uploads\/2022\/06\/Maig-2022-18x9.jpg",18,9,true]},"uagb_author_info":{"display_name":"wpAdminCofbOrg","author_link":"https:\/\/www.cofb.org\/ca\/author\/wpadmincofborg\/"},"uagb_comment_info":0,"uagb_excerpt":"Campanya &#8220;Atenci\u00f3 Pell 2022&#8221; El passat 24 de maig va tenir lloc la roda de premsa on es va presentar la campanya &#8220;Atenci\u00f3 Pell 2022&#8220;, amb la participaci\u00f3 de Marta Alcalde, vocal de Dermofarm\u00e0cia i Productes Sanitaris del COFB, i Josep Malvehy, coordinador del grup de melanoma a l\u2019Hospital Cl\u00ednic [&hellip;]","_links":{"self":[{"href":"https:\/\/www.cofb.org\/ca\/wp-json\/wp\/v2\/posts\/63911","targetHints":{"allow":["GET"]}}],"collection":[{"href":"https:\/\/www.cofb.org\/ca\/wp-json\/wp\/v2\/posts"}],"about":[{"href":"https:\/\/www.cofb.org\/ca\/wp-json\/wp\/v2\/types\/post"}],"author":[{"embeddable":true,"href":"https:\/\/www.cofb.org\/ca\/wp-json\/wp\/v2\/users\/1"}],"replies":[{"embeddable":true,"href":"https:\/\/www.cofb.org\/ca\/wp-json\/wp\/v2\/comments?post=63911"}],"version-history":[{"count":2,"href":"https:\/\/www.cofb.org\/ca\/wp-json\/wp\/v2\/posts\/63911\/revisions"}],"predecessor-version":[{"id":78719,"href":"https:\/\/www.cofb.org\/ca\/wp-json\/wp\/v2\/posts\/63911\/revisions\/78719"}],"wp:featuredmedia":[{"embeddable":true,"href":"https:\/\/www.cofb.org\/ca\/wp-json\/wp\/v2\/media\/78718"}],"wp:attachment":[{"href":"https:\/\/www.cofb.org\/ca\/wp-json\/wp\/v2\/media?parent=63911"}],"wp:term":[{"taxonomy":"category","embeddable":true,"href":"https:\/\/www.cofb.org\/ca\/wp-json\/wp\/v2\/categories?post=63911"},{"taxonomy":"post_tag","embeddable":true,"href":"https:\/\/www.cofb.org\/ca\/wp-json\/wp\/v2\/tags?post=63911"}],"curies":[{"name":"wp","href":"https:\/\/api.w.org\/{rel}","templated":true}]}}