{"id":63575,"date":"2022-05-26T11:02:03","date_gmt":"2022-05-26T09:02:03","guid":{"rendered":"https:\/\/blog.cofb.cat\/?p=63575"},"modified":"2023-09-21T09:11:58","modified_gmt":"2023-09-21T09:11:58","slug":"circular-farmaceutica-ja-disponible-ledicio-del-primer-quadrimestre-de-2022","status":"publish","type":"post","link":"https:\/\/www.cofb.org\/ca\/2022\/05\/26\/circular-farmaceutica-ja-disponible-ledicio-del-primer-quadrimestre-de-2022\/","title":{"rendered":"Circular farmac\u00e8utica: Ja disponible l&#8217;edici\u00f3 del primer quadrimestre de 2022"},"content":{"rendered":"\n<p>Ja es pot accedir a un&nbsp;<a href=\"https:\/\/www.cofb.org\/documents\/10136\/1070698\/Circular80-1_OK_v2.pdf\/a083cc06-445e-4264-bd3a-e5a9f623e2e6\" target=\"_blank\" rel=\"noreferrer noopener\"><strong>nou n\u00famero<\/strong><\/a>&nbsp;de la<strong>&nbsp;<a href=\"https:\/\/www.cofb.org\/colegi\/publicacions\/circular-farmaceutica\" target=\"_blank\" rel=\"noreferrer noopener\">Circular Farmac\u00e8utica<\/a><\/strong>, la publicaci\u00f3 cient\u00edfica&nbsp;que edita el<strong>&nbsp;Col\u00b7legi de Farmac\u00e8utics de Barcelona<\/strong>&nbsp;i que recull articles elaborats per professionals sanitaris de reconegut prestigi per a donar a con\u00e8ixer les&nbsp;<strong>novetats terap\u00e8utiques<\/strong>, aix\u00ed com continguts relacionats amb l\u2019atenci\u00f3&nbsp;<strong>farmac\u00e8utica i la salut p\u00fablica.&nbsp;<\/strong><\/p>\n\n\n\n<p>En aquesta nova edici\u00f3 <strong>destaquem<\/strong> els seg\u00fcents temes:<\/p>\n\n\n\n<ul class=\"wp-block-list\">\n<li><strong>An\u00e0lisis Cl\u00edniques: <\/strong>Proves diagn\u00f2stiques: conceptes b\u00e0sics per a una adequada interpretaci\u00f3.<\/li>\n\n\n\n<li><strong>Alimentaci\u00f3 i Nutrici\u00f3:<\/strong> Pautes d&#8217;alimentaci\u00f3 per a esportistes.<\/li>\n\n\n\n<li><strong>Responsabilitat Social:<\/strong> Les viol\u00e8ncies masclistes vers les dones grans: una aproximaci\u00f3 feminista i interseccional.<\/li>\n<\/ul>\n\n\n<div class=\"destacat-blog\">\n\n\n<p>Aquest \u00e9s el contingut del <a href=\"https:\/\/www.cofb.org\/documents\/10136\/1070698\/Circular80-1_OK_v2.pdf\/a083cc06-445e-4264-bd3a-e5a9f623e2e6\" target=\"_blank\" rel=\"noreferrer noopener\">Vol. 80\/N\u00fam.1. Primer Quadrimestre 2022:<\/a><\/p>\n\n\n\n<figure class=\"wp-block-image size-full\"><a href=\"https:\/\/www.cofb.org\/documents\/10136\/1070698\/Circular80-1_OK_v2.pdf\/a083cc06-445e-4264-bd3a-e5a9f623e2e6\" target=\"_blank\" rel=\"noopener\"><img decoding=\"async\" src=\"https:\/\/blog.cofb.cat\/wp-content\/uploads\/2022\/05\/circular-1.jpg\" alt=\"\" class=\"wp-image-63577\"\/><\/a><\/figure>\n\n\n\n<div class=\"inherit-container-width wp-block-group is-layout-constrained wp-block-group-is-layout-constrained\"><\/div>\n\n\n\n<ul class=\"wp-block-list\">\n\n<li><strong>Editorial:<\/strong>&nbsp;Maria Rosa Ballester<\/li>\n\n\n<li><strong>Farmacoterap\u00e8utica:<\/strong> Antibi\u00f2tics B-lact\u00e0mics amb inhibidors de B-lactamases emergents<\/li>\n\n\n<li><strong>Casos cl\u00ednics:<\/strong>&nbsp;Fibril\u00b7laci\u00f3 Auricular Secund\u00e0ria a Ibrutinib: A prop\u00f2sit d&#8217;un cas<\/li>\n\n\n<li><strong>Salut P\u00fablica: &nbsp;<\/strong>La gesti\u00f3 de la pand\u00e8mia de COVID-19 en els centres penitenciaris de Catalunya entre els dos estats d&#8217;alarma&nbsp;<\/li>\n\n\n<li><strong>An\u00e0lisis Cl\u00edniques:<\/strong>&nbsp;Proves diagn\u00f2stiques: conceptes b\u00e0sics per a una adequada interpretaci\u00f3<\/li>\n\n\n<li><strong>Alimentaci\u00f3 i Nutrici\u00f3:<\/strong><br>\u00b7 L&#8217;atenci\u00f3 farmac\u00e8utica i el consell alimentari a les persones grans. Les fruites i les verdures<br>\u00b7 Pautes d&#8217;alimentaci\u00f3 per a esportistes<\/li>\n\n\n<li><strong>Dermofarm\u00e0cia i Productes Sanitaris:<\/strong>&nbsp;Higiene \u00edntima femenina<\/li>\n\n\n<li><strong>Plantes Medicinals:<\/strong>&nbsp;Sabal (Serenoa Repens (W. Bartram) Small), un suport per a la salut de la pr\u00f2stata<\/li>\n\n\n<li><strong>Responsabilitat Social:<\/strong> Les viol\u00e8ncies masclistes vers les dones grans: una aproximaci\u00f3 feminista i interseccional<\/li>\n\n\n<li><strong>Farmac\u00e8utics innovadors<\/strong><\/li>\n\n<\/ul> <\/div>\n\n\n\n<figure class=\"wp-block-image size-large\"><img decoding=\"async\" src=\"https:\/\/blog.cofb.cat\/wp-content\/uploads\/2022\/03\/BLOG-CIRCULAR_publica_680x453_V2-1024x682.jpg\" alt=\"\" class=\"wp-image-61430\"\/><\/figure>\n\n\n<div class=\"destacat-blog\">\n\n\n<p><a href=\"https:\/\/www.cofb.org\/colegi\/publicacions\/circular-farmaceutica\" target=\"_blank\" rel=\"noreferrer noopener\"><strong>Veure n\u00fameros anteriors de Circular Farmac\u00e8utica<\/strong><\/a>&nbsp;(via cofb.org \u2013 en format PDF)<\/p> <\/div>\n","protected":false},"excerpt":{"rendered":"<p>Ja es pot accedir a un&nbsp;nou n\u00famero&nbsp;de la&nbsp;Circular Farmac\u00e8utica, la publicaci\u00f3 cient\u00edfica&nbsp;que edita el&nbsp;Col\u00b7legi de Farmac\u00e8utics de Barcelona&nbsp;i que recull articles elaborats per professionals sanitaris de reconegut prestigi per a donar a con\u00e8ixer les&nbsp;novetats terap\u00e8utiques, aix\u00ed com continguts relacionats amb l\u2019atenci\u00f3&nbsp;farmac\u00e8utica i la salut p\u00fablica.&nbsp; En aquesta nova edici\u00f3 destaquem [&hellip;]<\/p>\n","protected":false},"author":1,"featured_media":67904,"comment_status":"open","ping_status":"open","sticky":false,"template":"","format":"standard","meta":{"_uag_custom_page_level_css":"","site-sidebar-layout":"default","site-content-layout":"","ast-site-content-layout":"default","site-content-style":"default","site-sidebar-style":"default","ast-global-header-display":"","ast-banner-title-visibility":"","ast-main-header-display":"","ast-hfb-above-header-display":"","ast-hfb-below-header-display":"","ast-hfb-mobile-header-display":"","site-post-title":"","ast-breadcrumbs-content":"","ast-featured-img":"disabled","footer-sml-layout":"","theme-transparent-header-meta":"","adv-header-id-meta":"","stick-header-meta":"","header-above-stick-meta":"","header-main-stick-meta":"","header-below-stick-meta":"","astra-migrate-meta-layouts":"default","ast-page-background-enabled":"default","ast-page-background-meta":{"desktop":{"background-color":"var(--ast-global-color-4)","background-image":"","background-repeat":"repeat","background-position":"center center","background-size":"auto","background-attachment":"scroll","background-type":"","background-media":"","overlay-type":"","overlay-color":"","overlay-opacity":"","overlay-gradient":""},"tablet":{"background-color":"","background-image":"","background-repeat":"repeat","background-position":"center center","background-size":"auto","background-attachment":"scroll","background-type":"","background-media":"","overlay-type":"","overlay-color":"","overlay-opacity":"","overlay-gradient":""},"mobile":{"background-color":"","background-image":"","background-repeat":"repeat","background-position":"center center","background-size":"auto","background-attachment":"scroll","background-type":"","background-media":"","overlay-type":"","overlay-color":"","overlay-opacity":"","overlay-gradient":""}},"ast-content-background-meta":{"desktop":{"background-color":"var(--ast-global-color-5)","background-image":"","background-repeat":"repeat","background-position":"center center","background-size":"auto","background-attachment":"scroll","background-type":"","background-media":"","overlay-type":"","overlay-color":"","overlay-opacity":"","overlay-gradient":""},"tablet":{"background-color":"var(--ast-global-color-5)","background-image":"","background-repeat":"repeat","background-position":"center center","background-size":"auto","background-attachment":"scroll","background-type":"","background-media":"","overlay-type":"","overlay-color":"","overlay-opacity":"","overlay-gradient":""},"mobile":{"background-color":"var(--ast-global-color-5)","background-image":"","background-repeat":"repeat","background-position":"center center","background-size":"auto","background-attachment":"scroll","background-type":"","background-media":"","overlay-type":"","overlay-color":"","overlay-opacity":"","overlay-gradient":""}},"footnotes":""},"categories":[23,57],"tags":[36,86,269,64,89,18,19,90,81,50,736,737,738,46,471,94,237,455,117,96],"class_list":["post-63575","post","type-post","status-publish","format-standard","has-post-thumbnail","hentry","category-destacats","category-mon-collegial","tag-alimentacio","tag-analisis-cliniques","tag-antibiotics","tag-atencio-farmaceutica","tag-circular-farmaceutica","tag-cofb","tag-collegi-de-farmaceutics-de-barcelona","tag-covid-19","tag-dermofarmacia","tag-diagnostic","tag-farmacoterapeutica","tag-gestio","tag-higiene","tag-nutricio","tag-pandemia","tag-plantes-medicinals","tag-productes-sanitaris","tag-responsabilitat-social","tag-salut","tag-salut-publica"],"yoast_head":"<!-- This site is optimized with the Yoast SEO plugin v22.4 - https:\/\/yoast.com\/wordpress\/plugins\/seo\/ -->\n<title>Circular farmac\u00e8utica: Ja disponible l&#039;edici\u00f3 del primer quadrimestre de 2022 - Col\u00b7legi de Farmac\u00e8utics de Barcelona<\/title>\n<meta name=\"description\" content=\"Ja es pot accedir a un\u00a0nou n\u00famero\u00a0de la\u00a0Circular Farmac\u00e8utica, la publicaci\u00f3 cient\u00edfica\u00a0que edita el\u00a0Col\u00b7legi de Farmac\u00e8utics de Barcelona.\" \/>\n<meta name=\"robots\" content=\"index, follow, max-snippet:-1, max-image-preview:large, max-video-preview:-1\" \/>\n<link rel=\"canonical\" href=\"https:\/\/novaorg.cofb.net\/2022\/05\/26\/circular-farmaceutica-ja-disponible-ledicio-del-primer-quadrimestre-de-2022\/\" \/>\n<meta property=\"og:locale\" content=\"ca_ES\" \/>\n<meta property=\"og:type\" content=\"article\" \/>\n<meta property=\"og:title\" content=\"Circular farmac\u00e8utica: Ja disponible l&#039;edici\u00f3 del primer quadrimestre de 2022 - Col\u00b7legi de Farmac\u00e8utics de Barcelona\" \/>\n<meta property=\"og:description\" content=\"Ja es pot accedir a un\u00a0nou n\u00famero\u00a0de la\u00a0Circular Farmac\u00e8utica, la publicaci\u00f3 cient\u00edfica\u00a0que edita el\u00a0Col\u00b7legi de Farmac\u00e8utics de Barcelona.\" \/>\n<meta property=\"og:url\" content=\"https:\/\/novaorg.cofb.net\/2022\/05\/26\/circular-farmaceutica-ja-disponible-ledicio-del-primer-quadrimestre-de-2022\/\" \/>\n<meta property=\"og:site_name\" content=\"Col\u00b7legi de Farmac\u00e8utics de Barcelona\" \/>\n<meta property=\"article:publisher\" content=\"https:\/\/www.facebook.com\/farmaceuticsbcn\/\" \/>\n<meta property=\"article:published_time\" content=\"2022-05-26T09:02:03+00:00\" \/>\n<meta property=\"article:modified_time\" content=\"2023-09-21T09:11:58+00:00\" \/>\n<meta property=\"og:image\" content=\"https:\/\/novaorg.cofb.net\/wp-content\/uploads\/2023\/07\/circular-1.jpg\" \/>\n\t<meta property=\"og:image:width\" content=\"626\" \/>\n\t<meta property=\"og:image:height\" content=\"885\" \/>\n\t<meta property=\"og:image:type\" content=\"image\/jpeg\" \/>\n<meta name=\"author\" content=\"wpAdminCofbOrg\" \/>\n<meta name=\"twitter:card\" content=\"summary_large_image\" \/>\n<meta name=\"twitter:creator\" content=\"@farmaceuticsbcn\" \/>\n<meta name=\"twitter:site\" content=\"@farmaceuticsbcn\" \/>\n<meta name=\"twitter:label1\" content=\"Escrit per\" \/>\n\t<meta name=\"twitter:data1\" content=\"wpAdminCofbOrg\" \/>\n\t<meta name=\"twitter:label2\" content=\"Temps estimat de lectura\" \/>\n\t<meta name=\"twitter:data2\" content=\"2 minuts\" \/>\n<script type=\"application\/ld+json\" class=\"yoast-schema-graph\">{\"@context\":\"https:\/\/schema.org\",\"@graph\":[{\"@type\":\"Article\",\"@id\":\"https:\/\/novaorg.cofb.net\/2022\/05\/26\/circular-farmaceutica-ja-disponible-ledicio-del-primer-quadrimestre-de-2022\/#article\",\"isPartOf\":{\"@id\":\"https:\/\/novaorg.cofb.net\/2022\/05\/26\/circular-farmaceutica-ja-disponible-ledicio-del-primer-quadrimestre-de-2022\/\"},\"author\":{\"name\":\"wpAdminCofbOrg\",\"@id\":\"https:\/\/www.cofb.org\/#\/schema\/person\/22ed7eea88da74b0fa4d3154ad87ffcb\"},\"headline\":\"Circular farmac\u00e8utica: Ja disponible l&#8217;edici\u00f3 del primer quadrimestre de 2022\",\"datePublished\":\"2022-05-26T09:02:03+00:00\",\"dateModified\":\"2023-09-21T09:11:58+00:00\",\"mainEntityOfPage\":{\"@id\":\"https:\/\/novaorg.cofb.net\/2022\/05\/26\/circular-farmaceutica-ja-disponible-ledicio-del-primer-quadrimestre-de-2022\/\"},\"wordCount\":302,\"commentCount\":0,\"publisher\":{\"@id\":\"https:\/\/www.cofb.org\/#organization\"},\"image\":{\"@id\":\"https:\/\/novaorg.cofb.net\/2022\/05\/26\/circular-farmaceutica-ja-disponible-ledicio-del-primer-quadrimestre-de-2022\/#primaryimage\"},\"thumbnailUrl\":\"https:\/\/www.cofb.org\/wp-content\/uploads\/2023\/07\/circular-1.jpg\",\"keywords\":[\"alimentaci\u00f3\",\"an\u00e0lisis cl\u00edniques\",\"antibi\u00f2tics\",\"Atenci\u00f3 farmac\u00e8utica\",\"Circular Farmac\u00e8utica\",\"COFB\",\"Col\u00b7legi de Farmac\u00e8utics de Barcelona\",\"COVID-19\",\"Dermofarm\u00e0cia\",\"diagn\u00f2stic\",\"farmacoterap\u00e8utica\",\"gesti\u00f3\",\"higiene\",\"Nutrici\u00f3\",\"pand\u00e8mia\",\"Plantes Medicinals\",\"productes sanitaris\",\"responsabilitat social\",\"salut\",\"Salut p\u00fablica\"],\"articleSection\":[\"Destacats\",\"M\u00f3n col\u00b7legial\"],\"inLanguage\":\"ca\",\"potentialAction\":[{\"@type\":\"CommentAction\",\"name\":\"Comment\",\"target\":[\"https:\/\/novaorg.cofb.net\/2022\/05\/26\/circular-farmaceutica-ja-disponible-ledicio-del-primer-quadrimestre-de-2022\/#respond\"]}]},{\"@type\":\"WebPage\",\"@id\":\"https:\/\/novaorg.cofb.net\/2022\/05\/26\/circular-farmaceutica-ja-disponible-ledicio-del-primer-quadrimestre-de-2022\/\",\"url\":\"https:\/\/novaorg.cofb.net\/2022\/05\/26\/circular-farmaceutica-ja-disponible-ledicio-del-primer-quadrimestre-de-2022\/\",\"name\":\"Circular farmac\u00e8utica: Ja disponible l'edici\u00f3 del primer quadrimestre de 2022 - Col\u00b7legi de Farmac\u00e8utics de Barcelona\",\"isPartOf\":{\"@id\":\"https:\/\/www.cofb.org\/#website\"},\"primaryImageOfPage\":{\"@id\":\"https:\/\/novaorg.cofb.net\/2022\/05\/26\/circular-farmaceutica-ja-disponible-ledicio-del-primer-quadrimestre-de-2022\/#primaryimage\"},\"image\":{\"@id\":\"https:\/\/novaorg.cofb.net\/2022\/05\/26\/circular-farmaceutica-ja-disponible-ledicio-del-primer-quadrimestre-de-2022\/#primaryimage\"},\"thumbnailUrl\":\"https:\/\/www.cofb.org\/wp-content\/uploads\/2023\/07\/circular-1.jpg\",\"datePublished\":\"2022-05-26T09:02:03+00:00\",\"dateModified\":\"2023-09-21T09:11:58+00:00\",\"description\":\"Ja es pot accedir a un\u00a0nou n\u00famero\u00a0de la\u00a0Circular Farmac\u00e8utica, la publicaci\u00f3 cient\u00edfica\u00a0que edita el\u00a0Col\u00b7legi de Farmac\u00e8utics de Barcelona.\",\"breadcrumb\":{\"@id\":\"https:\/\/novaorg.cofb.net\/2022\/05\/26\/circular-farmaceutica-ja-disponible-ledicio-del-primer-quadrimestre-de-2022\/#breadcrumb\"},\"inLanguage\":\"ca\",\"potentialAction\":[{\"@type\":\"ReadAction\",\"target\":[\"https:\/\/novaorg.cofb.net\/2022\/05\/26\/circular-farmaceutica-ja-disponible-ledicio-del-primer-quadrimestre-de-2022\/\"]}]},{\"@type\":\"ImageObject\",\"inLanguage\":\"ca\",\"@id\":\"https:\/\/novaorg.cofb.net\/2022\/05\/26\/circular-farmaceutica-ja-disponible-ledicio-del-primer-quadrimestre-de-2022\/#primaryimage\",\"url\":\"https:\/\/www.cofb.org\/wp-content\/uploads\/2023\/07\/circular-1.jpg\",\"contentUrl\":\"https:\/\/www.cofb.org\/wp-content\/uploads\/2023\/07\/circular-1.jpg\",\"width\":626,\"height\":885},{\"@type\":\"BreadcrumbList\",\"@id\":\"https:\/\/novaorg.cofb.net\/2022\/05\/26\/circular-farmaceutica-ja-disponible-ledicio-del-primer-quadrimestre-de-2022\/#breadcrumb\",\"itemListElement\":[{\"@type\":\"ListItem\",\"position\":1,\"name\":\"Inici\",\"item\":\"https:\/\/novaorg.cofb.net\/\"},{\"@type\":\"ListItem\",\"position\":2,\"name\":\"Circular farmac\u00e8utica: Ja disponible l&#8217;edici\u00f3 del primer quadrimestre de 2022\"}]},{\"@type\":\"WebSite\",\"@id\":\"https:\/\/www.cofb.org\/#website\",\"url\":\"https:\/\/www.cofb.org\/\",\"name\":\"Col\u00b7legi de Farmac\u00e8utics de Barcelona\",\"description\":\"\",\"publisher\":{\"@id\":\"https:\/\/www.cofb.org\/#organization\"},\"potentialAction\":[{\"@type\":\"SearchAction\",\"target\":{\"@type\":\"EntryPoint\",\"urlTemplate\":\"https:\/\/www.cofb.org\/?s={search_term_string}\"},\"query-input\":\"required name=search_term_string\"}],\"inLanguage\":\"ca\"},{\"@type\":\"Organization\",\"@id\":\"https:\/\/www.cofb.org\/#organization\",\"name\":\"Col\u00b7legi de Farmac\u00e8utics de Barcelona\",\"url\":\"https:\/\/www.cofb.org\/\",\"logo\":{\"@type\":\"ImageObject\",\"inLanguage\":\"ca\",\"@id\":\"https:\/\/www.cofb.org\/#\/schema\/logo\/image\/\",\"url\":\"https:\/\/www.cofb.org\/wp-content\/uploads\/2023\/11\/cropped-Logotip-COFB.png\",\"contentUrl\":\"https:\/\/www.cofb.org\/wp-content\/uploads\/2023\/11\/cropped-Logotip-COFB.png\",\"width\":500,\"height\":105,\"caption\":\"Col\u00b7legi de Farmac\u00e8utics de Barcelona\"},\"image\":{\"@id\":\"https:\/\/www.cofb.org\/#\/schema\/logo\/image\/\"},\"sameAs\":[\"https:\/\/www.facebook.com\/farmaceuticsbcn\/\",\"https:\/\/twitter.com\/farmaceuticsbcn\",\"https:\/\/www.instagram.com\/farmaceuticsbcn\/\",\"https:\/\/www.linkedin.com\/company\/farmaceuticsbcn\/\"]},{\"@type\":\"Person\",\"@id\":\"https:\/\/www.cofb.org\/#\/schema\/person\/22ed7eea88da74b0fa4d3154ad87ffcb\",\"name\":\"wpAdminCofbOrg\",\"image\":{\"@type\":\"ImageObject\",\"inLanguage\":\"ca\",\"@id\":\"https:\/\/www.cofb.org\/#\/schema\/person\/image\/\",\"url\":\"https:\/\/secure.gravatar.com\/avatar\/1721b20b3b8ca882c3b56ec6c978c594fff670e40c0718e9190eaeeb76aae7d8?s=96&d=mm&r=g\",\"contentUrl\":\"https:\/\/secure.gravatar.com\/avatar\/1721b20b3b8ca882c3b56ec6c978c594fff670e40c0718e9190eaeeb76aae7d8?s=96&d=mm&r=g\",\"caption\":\"wpAdminCofbOrg\"},\"sameAs\":[\"http:\/\/192.168.64.122\/wordpress\"],\"url\":\"https:\/\/www.cofb.org\/ca\/author\/wpadmincofborg\/\"}]}<\/script>\n<!-- \/ Yoast SEO plugin. -->","yoast_head_json":{"title":"Circular farmac\u00e8utica: Ja disponible l'edici\u00f3 del primer quadrimestre de 2022 - Col\u00b7legi de Farmac\u00e8utics de Barcelona","description":"Ja es pot accedir a un\u00a0nou n\u00famero\u00a0de la\u00a0Circular Farmac\u00e8utica, la publicaci\u00f3 cient\u00edfica\u00a0que edita el\u00a0Col\u00b7legi de Farmac\u00e8utics de Barcelona.","robots":{"index":"index","follow":"follow","max-snippet":"max-snippet:-1","max-image-preview":"max-image-preview:large","max-video-preview":"max-video-preview:-1"},"canonical":"https:\/\/novaorg.cofb.net\/2022\/05\/26\/circular-farmaceutica-ja-disponible-ledicio-del-primer-quadrimestre-de-2022\/","og_locale":"ca_ES","og_type":"article","og_title":"Circular farmac\u00e8utica: Ja disponible l'edici\u00f3 del primer quadrimestre de 2022 - Col\u00b7legi de Farmac\u00e8utics de Barcelona","og_description":"Ja es pot accedir a un\u00a0nou n\u00famero\u00a0de la\u00a0Circular Farmac\u00e8utica, la publicaci\u00f3 cient\u00edfica\u00a0que edita el\u00a0Col\u00b7legi de Farmac\u00e8utics de Barcelona.","og_url":"https:\/\/novaorg.cofb.net\/2022\/05\/26\/circular-farmaceutica-ja-disponible-ledicio-del-primer-quadrimestre-de-2022\/","og_site_name":"Col\u00b7legi de Farmac\u00e8utics de Barcelona","article_publisher":"https:\/\/www.facebook.com\/farmaceuticsbcn\/","article_published_time":"2022-05-26T09:02:03+00:00","article_modified_time":"2023-09-21T09:11:58+00:00","og_image":[{"width":626,"height":885,"url":"https:\/\/novaorg.cofb.net\/wp-content\/uploads\/2023\/07\/circular-1.jpg","type":"image\/jpeg"}],"author":"wpAdminCofbOrg","twitter_card":"summary_large_image","twitter_creator":"@farmaceuticsbcn","twitter_site":"@farmaceuticsbcn","twitter_misc":{"Escrit per":"wpAdminCofbOrg","Temps estimat de lectura":"2 minuts"},"schema":{"@context":"https:\/\/schema.org","@graph":[{"@type":"Article","@id":"https:\/\/novaorg.cofb.net\/2022\/05\/26\/circular-farmaceutica-ja-disponible-ledicio-del-primer-quadrimestre-de-2022\/#article","isPartOf":{"@id":"https:\/\/novaorg.cofb.net\/2022\/05\/26\/circular-farmaceutica-ja-disponible-ledicio-del-primer-quadrimestre-de-2022\/"},"author":{"name":"wpAdminCofbOrg","@id":"https:\/\/www.cofb.org\/#\/schema\/person\/22ed7eea88da74b0fa4d3154ad87ffcb"},"headline":"Circular farmac\u00e8utica: Ja disponible l&#8217;edici\u00f3 del primer quadrimestre de 2022","datePublished":"2022-05-26T09:02:03+00:00","dateModified":"2023-09-21T09:11:58+00:00","mainEntityOfPage":{"@id":"https:\/\/novaorg.cofb.net\/2022\/05\/26\/circular-farmaceutica-ja-disponible-ledicio-del-primer-quadrimestre-de-2022\/"},"wordCount":302,"commentCount":0,"publisher":{"@id":"https:\/\/www.cofb.org\/#organization"},"image":{"@id":"https:\/\/novaorg.cofb.net\/2022\/05\/26\/circular-farmaceutica-ja-disponible-ledicio-del-primer-quadrimestre-de-2022\/#primaryimage"},"thumbnailUrl":"https:\/\/www.cofb.org\/wp-content\/uploads\/2023\/07\/circular-1.jpg","keywords":["alimentaci\u00f3","an\u00e0lisis cl\u00edniques","antibi\u00f2tics","Atenci\u00f3 farmac\u00e8utica","Circular Farmac\u00e8utica","COFB","Col\u00b7legi de Farmac\u00e8utics de Barcelona","COVID-19","Dermofarm\u00e0cia","diagn\u00f2stic","farmacoterap\u00e8utica","gesti\u00f3","higiene","Nutrici\u00f3","pand\u00e8mia","Plantes Medicinals","productes sanitaris","responsabilitat social","salut","Salut p\u00fablica"],"articleSection":["Destacats","M\u00f3n col\u00b7legial"],"inLanguage":"ca","potentialAction":[{"@type":"CommentAction","name":"Comment","target":["https:\/\/novaorg.cofb.net\/2022\/05\/26\/circular-farmaceutica-ja-disponible-ledicio-del-primer-quadrimestre-de-2022\/#respond"]}]},{"@type":"WebPage","@id":"https:\/\/novaorg.cofb.net\/2022\/05\/26\/circular-farmaceutica-ja-disponible-ledicio-del-primer-quadrimestre-de-2022\/","url":"https:\/\/novaorg.cofb.net\/2022\/05\/26\/circular-farmaceutica-ja-disponible-ledicio-del-primer-quadrimestre-de-2022\/","name":"Circular farmac\u00e8utica: Ja disponible l'edici\u00f3 del primer quadrimestre de 2022 - Col\u00b7legi de Farmac\u00e8utics de Barcelona","isPartOf":{"@id":"https:\/\/www.cofb.org\/#website"},"primaryImageOfPage":{"@id":"https:\/\/novaorg.cofb.net\/2022\/05\/26\/circular-farmaceutica-ja-disponible-ledicio-del-primer-quadrimestre-de-2022\/#primaryimage"},"image":{"@id":"https:\/\/novaorg.cofb.net\/2022\/05\/26\/circular-farmaceutica-ja-disponible-ledicio-del-primer-quadrimestre-de-2022\/#primaryimage"},"thumbnailUrl":"https:\/\/www.cofb.org\/wp-content\/uploads\/2023\/07\/circular-1.jpg","datePublished":"2022-05-26T09:02:03+00:00","dateModified":"2023-09-21T09:11:58+00:00","description":"Ja es pot accedir a un\u00a0nou n\u00famero\u00a0de la\u00a0Circular Farmac\u00e8utica, la publicaci\u00f3 cient\u00edfica\u00a0que edita el\u00a0Col\u00b7legi de Farmac\u00e8utics de Barcelona.","breadcrumb":{"@id":"https:\/\/novaorg.cofb.net\/2022\/05\/26\/circular-farmaceutica-ja-disponible-ledicio-del-primer-quadrimestre-de-2022\/#breadcrumb"},"inLanguage":"ca","potentialAction":[{"@type":"ReadAction","target":["https:\/\/novaorg.cofb.net\/2022\/05\/26\/circular-farmaceutica-ja-disponible-ledicio-del-primer-quadrimestre-de-2022\/"]}]},{"@type":"ImageObject","inLanguage":"ca","@id":"https:\/\/novaorg.cofb.net\/2022\/05\/26\/circular-farmaceutica-ja-disponible-ledicio-del-primer-quadrimestre-de-2022\/#primaryimage","url":"https:\/\/www.cofb.org\/wp-content\/uploads\/2023\/07\/circular-1.jpg","contentUrl":"https:\/\/www.cofb.org\/wp-content\/uploads\/2023\/07\/circular-1.jpg","width":626,"height":885},{"@type":"BreadcrumbList","@id":"https:\/\/novaorg.cofb.net\/2022\/05\/26\/circular-farmaceutica-ja-disponible-ledicio-del-primer-quadrimestre-de-2022\/#breadcrumb","itemListElement":[{"@type":"ListItem","position":1,"name":"Inici","item":"https:\/\/novaorg.cofb.net\/"},{"@type":"ListItem","position":2,"name":"Circular farmac\u00e8utica: Ja disponible l&#8217;edici\u00f3 del primer quadrimestre de 2022"}]},{"@type":"WebSite","@id":"https:\/\/www.cofb.org\/#website","url":"https:\/\/www.cofb.org\/","name":"Col\u00b7legi de Farmac\u00e8utics de Barcelona","description":"","publisher":{"@id":"https:\/\/www.cofb.org\/#organization"},"potentialAction":[{"@type":"SearchAction","target":{"@type":"EntryPoint","urlTemplate":"https:\/\/www.cofb.org\/?s={search_term_string}"},"query-input":"required name=search_term_string"}],"inLanguage":"ca"},{"@type":"Organization","@id":"https:\/\/www.cofb.org\/#organization","name":"Col\u00b7legi de Farmac\u00e8utics de Barcelona","url":"https:\/\/www.cofb.org\/","logo":{"@type":"ImageObject","inLanguage":"ca","@id":"https:\/\/www.cofb.org\/#\/schema\/logo\/image\/","url":"https:\/\/www.cofb.org\/wp-content\/uploads\/2023\/11\/cropped-Logotip-COFB.png","contentUrl":"https:\/\/www.cofb.org\/wp-content\/uploads\/2023\/11\/cropped-Logotip-COFB.png","width":500,"height":105,"caption":"Col\u00b7legi de Farmac\u00e8utics de Barcelona"},"image":{"@id":"https:\/\/www.cofb.org\/#\/schema\/logo\/image\/"},"sameAs":["https:\/\/www.facebook.com\/farmaceuticsbcn\/","https:\/\/twitter.com\/farmaceuticsbcn","https:\/\/www.instagram.com\/farmaceuticsbcn\/","https:\/\/www.linkedin.com\/company\/farmaceuticsbcn\/"]},{"@type":"Person","@id":"https:\/\/www.cofb.org\/#\/schema\/person\/22ed7eea88da74b0fa4d3154ad87ffcb","name":"wpAdminCofbOrg","image":{"@type":"ImageObject","inLanguage":"ca","@id":"https:\/\/www.cofb.org\/#\/schema\/person\/image\/","url":"https:\/\/secure.gravatar.com\/avatar\/1721b20b3b8ca882c3b56ec6c978c594fff670e40c0718e9190eaeeb76aae7d8?s=96&d=mm&r=g","contentUrl":"https:\/\/secure.gravatar.com\/avatar\/1721b20b3b8ca882c3b56ec6c978c594fff670e40c0718e9190eaeeb76aae7d8?s=96&d=mm&r=g","caption":"wpAdminCofbOrg"},"sameAs":["http:\/\/192.168.64.122\/wordpress"],"url":"https:\/\/www.cofb.org\/ca\/author\/wpadmincofborg\/"}]}},"uagb_featured_image_src":{"full":["https:\/\/www.cofb.org\/wp-content\/uploads\/2023\/07\/circular-1.jpg",626,885,false],"thumbnail":["https:\/\/www.cofb.org\/wp-content\/uploads\/2023\/07\/circular-1-150x150.jpg",150,150,true],"medium":["https:\/\/www.cofb.org\/wp-content\/uploads\/2023\/07\/circular-1-212x300.jpg",212,300,true],"medium_large":["https:\/\/www.cofb.org\/wp-content\/uploads\/2023\/07\/circular-1.jpg",626,885,false],"large":["https:\/\/www.cofb.org\/wp-content\/uploads\/2023\/07\/circular-1.jpg",626,885,false],"1536x1536":["https:\/\/www.cofb.org\/wp-content\/uploads\/2023\/07\/circular-1.jpg",626,885,false],"2048x2048":["https:\/\/www.cofb.org\/wp-content\/uploads\/2023\/07\/circular-1.jpg",626,885,false],"trp-custom-language-flag":["https:\/\/www.cofb.org\/wp-content\/uploads\/2023\/07\/circular-1.jpg",8,12,false]},"uagb_author_info":{"display_name":"wpAdminCofbOrg","author_link":"https:\/\/www.cofb.org\/ca\/author\/wpadmincofborg\/"},"uagb_comment_info":0,"uagb_excerpt":"Ja es pot accedir a un&nbsp;nou n\u00famero&nbsp;de la&nbsp;Circular Farmac\u00e8utica, la publicaci\u00f3 cient\u00edfica&nbsp;que edita el&nbsp;Col\u00b7legi de Farmac\u00e8utics de Barcelona&nbsp;i que recull articles elaborats per professionals sanitaris de reconegut prestigi per a donar a con\u00e8ixer les&nbsp;novetats terap\u00e8utiques, aix\u00ed com continguts relacionats amb l\u2019atenci\u00f3&nbsp;farmac\u00e8utica i la salut p\u00fablica.&nbsp; En aquesta nova edici\u00f3 destaquem [&hellip;]","_links":{"self":[{"href":"https:\/\/www.cofb.org\/ca\/wp-json\/wp\/v2\/posts\/63575","targetHints":{"allow":["GET"]}}],"collection":[{"href":"https:\/\/www.cofb.org\/ca\/wp-json\/wp\/v2\/posts"}],"about":[{"href":"https:\/\/www.cofb.org\/ca\/wp-json\/wp\/v2\/types\/post"}],"author":[{"embeddable":true,"href":"https:\/\/www.cofb.org\/ca\/wp-json\/wp\/v2\/users\/1"}],"replies":[{"embeddable":true,"href":"https:\/\/www.cofb.org\/ca\/wp-json\/wp\/v2\/comments?post=63575"}],"version-history":[{"count":2,"href":"https:\/\/www.cofb.org\/ca\/wp-json\/wp\/v2\/posts\/63575\/revisions"}],"predecessor-version":[{"id":68731,"href":"https:\/\/www.cofb.org\/ca\/wp-json\/wp\/v2\/posts\/63575\/revisions\/68731"}],"wp:featuredmedia":[{"embeddable":true,"href":"https:\/\/www.cofb.org\/ca\/wp-json\/wp\/v2\/media\/67904"}],"wp:attachment":[{"href":"https:\/\/www.cofb.org\/ca\/wp-json\/wp\/v2\/media?parent=63575"}],"wp:term":[{"taxonomy":"category","embeddable":true,"href":"https:\/\/www.cofb.org\/ca\/wp-json\/wp\/v2\/categories?post=63575"},{"taxonomy":"post_tag","embeddable":true,"href":"https:\/\/www.cofb.org\/ca\/wp-json\/wp\/v2\/tags?post=63575"}],"curies":[{"name":"wp","href":"https:\/\/api.w.org\/{rel}","templated":true}]}}