{"id":63541,"date":"2022-06-08T18:12:26","date_gmt":"2022-06-08T16:12:26","guid":{"rendered":"https:\/\/blog.cofb.cat\/?p=63541"},"modified":"2023-09-21T09:10:25","modified_gmt":"2023-09-21T09:10:25","slug":"point-of-care-testing-poct-a-loficina-de-farmacia-que-hem-de-saber-i-quin-es-el-seu-abast","status":"publish","type":"post","link":"https:\/\/www.cofb.org\/ca\/2022\/06\/08\/point-of-care-testing-poct-a-loficina-de-farmacia-que-hem-de-saber-i-quin-es-el-seu-abast\/","title":{"rendered":"Point of care testing (POCT) a l&#8217;oficina de farm\u00e0cia. Qu\u00e8 hem de saber i quin \u00e9s el seu abast?"},"content":{"rendered":"\n<p>Del 12 al 24 de maig es va celebrar al <strong>Col\u00b7legi de Farmac\u00e8utics de Barcelona<\/strong> el curs <strong>&#8220;Point of care testing (POCT) en la f\u00e0rmacia&#8221;<\/strong>, patrocinat per <a href=\"https:\/\/www.roche.es\/\" target=\"_blank\" rel=\"noreferrer noopener\">Roche<\/a>. L&#8217;activitat formativa va constar de quatre sessions en modalitat h\u00edbrida, combinant  teoria i pr\u00e0ctica.<strong> Xavier Tejedor<\/strong>, vocal d&#8217;An\u00e0lisis Cl\u00edniques del COFB i  facultatiu especialista d&#8217;\u00c0nalisis Cl\u00edniques al Laboratori Cl\u00ednic Metropolitana Nord-Hospital Universitari Germans Trias i Pujol, va ser l&#8217;encarregat de coordinar aquestes sessions. <\/p>\n\n\n\n<figure class=\"wp-block-image size-full\"><img decoding=\"async\" src=\"https:\/\/blog.cofb.cat\/wp-content\/uploads\/2022\/06\/COFB_PointofCare_24052022_1.jpg\" alt=\"Xavier Tejedor, vocal d'An\u00e0lisis Cl\u00edniques del COFB, presentant la formaci\u00f3.\" class=\"wp-image-63720\" title=\"Xavier Tejedor, vocal d'An\u00e0lisis Cl\u00edniques del COFB, presentant la formaci\u00f3.\"\/><figcaption class=\"wp-element-caption\">Xavier Tejedor, vocal d&#8217;An\u00e0lisis Cl\u00edniques del COFB, presentant la formaci\u00f3.<\/figcaption><\/figure>\n\n\n\n<p>Els <strong>objectius <\/strong>de la formaci\u00f3 van ser revisar <strong>conceptes b\u00e0sics<\/strong> entorn de la validesa d&#8217;aquestes proves diagn\u00f2stiques, aprofundir en el coneixement sobre les diferents<strong> especificacions t\u00e8cniques<\/strong> declarades en cada tipus de test, proporcionar<strong> eines pr\u00e0ctiques per optimitzar el rendiment dels dispositius utilitzats<\/strong>, i adquirir un coneixement \u00f2ptim de les <strong>limitacions d&#8217;aquest tipus de proves<\/strong> per tal de millorar la <strong>interpretaci\u00f3 <\/strong>final dels resultats. <\/p>\n\n\n\n<h2 class=\"wp-block-heading\"><strong>Abast i finalitat del Point of Care Testing<\/strong><\/h2>\n\n\n\n<p>Entenem el <strong>Point Of Care Testing (POCT) <\/strong>com a les proves de laboratori en el lloc d&#8217;assist\u00e8ncia del pacient amb la finalitat d&#8217;obtenir la informaci\u00f3 necess\u00e0ria per a la seva atenci\u00f3 immediata. En aquest sentit, <strong>Tejedor<\/strong> va precisar que <strong>&#8220;abasten totes les proves que es realitzen a un pacient en el lloc on es proporciona l&#8217;atenci\u00f3 o el tractament&#8221;<\/strong>. Aquesta atenci\u00f3 al pacient duta a terme&nbsp;tradicionalment pel seu metge de cap\u00e7alera &#8220;s&#8217;ha est\u00e8s a<strong> qualsevol entorn sanitari<\/strong>, com per exemple a l&#8217;<strong>oficina de farm\u00e0cia<\/strong> o en entorns d&#8217;atenci\u00f3 prim\u00e0ria o diferents serveis hospitalaris com l&#8217;UCI o quir\u00f2fans&#8221;, va indicar el vocal d&#8217;An\u00e0lisis Cl\u00edniques del COFB. Aix\u00f2 fa que &#8220;els <strong>resultats estiguin disponibles amb relativa agilitat<\/strong>, de manera que es puguin <strong>prendre decisions cl\u00edniques r\u00e0pidament<\/strong>&#8220;. Finalment,<strong> Tejedor<\/strong> va recordar que &#8220;<strong>totes<\/strong> <strong>les proves que es fan a la farm\u00e0cia comunit\u00e0ria es consideren POCT<\/strong> i poden servir b\u00e9 pel <strong>cribratge<\/strong> o b\u00e9 pel <strong>seguiment farmacoterap\u00e8utic<\/strong> de determinades patologies&#8221;. <\/p>\n\n\n<div class=\"destacat-blog\">\n\n\n<h3 class=\"wp-block-heading\"><strong>Les proves a la farm\u00e0cia comunit\u00e0ria i la millora de la salut poblacional<\/strong><\/h3>\n\n\n\n<p>La<strong> farm\u00e0cia comunit\u00e0ria<\/strong> t\u00e9 un paper essencial, dins l&#8217;assist\u00e8ncia sanit\u00e0ria, en la prevenci\u00f3, per\u00f2 tamb\u00e9 en el seguiment de diverses patologies com ara les que suposen un elevat risc de malaltia cardiovascular. En aquest context, el desplegament d&#8217;un <strong>servei basat en la determinaci\u00f3 r\u00e0pida de proves b\u00e0siques en fluids corporals<\/strong>, garantint la <strong>validesa dels resultats<\/strong> i la seva <strong>correcta interpretaci\u00f3<\/strong>, contribueix decididament a la millora de la salut poblacional.<\/p> <\/div>\n\n\n\n<h2 class=\"wp-block-heading\"><strong>Objectius i continguts de la formaci\u00f3<\/strong><\/h2>\n\n\n\n<p><strong>Xavier Tejedor<\/strong> va assenyalar que el principal prop\u00f2sit del curs era &#8220;oferir a tots els que ens dediquem a l&#8217;\u00e0mbit d&#8217;oficina de farm\u00e0cia unes eines d&#8217;utilitat per valorar en qualsevol moment el rendiment dels nostres instruments i tamb\u00e9 poder-ne fer una interpretaci\u00f3 \u00fatil pels pacients, algun d&#8217;ells cr\u00f2nics&#8221;. <\/p>\n\n\n\n<p>La primera sessi\u00f3 va anar a c\u00e0rrec de <strong>Josep Maria Dom\u00e8nech<\/strong>, catedr\u00e0tic en Estad\u00edstica Aplicada al Laboratori d&#8217;Estad\u00edstica Aplicada de la UAB. En aquesta sessi\u00f3, Dom\u00e8nech va parlar sobre la <strong>validesa d&#8217;una prova diagn\u00f2stica des del vessant estad\u00edstica, la seva exactitud diagn\u00f2stica, i el seu poder predictiu.<\/strong><\/p>\n\n\n\n<figure class=\"wp-block-image size-full\"><img decoding=\"async\" src=\"https:\/\/blog.cofb.cat\/wp-content\/uploads\/2022\/06\/COFB_PointofCare_24052022_2.png\" alt=\"Josep Maria Dom\u00e8nech, catedr\u00e0tic en Estad\u00edstica Aplicada a la UAB,  durant la seva intervenci\u00f3.\" class=\"wp-image-63722\" title=\"Josep Maria Dom\u00e8nech, catedr\u00e0tic en Estad\u00edstica Aplicada a la UAB,  durant la seva intervenci\u00f3.\"\/><figcaption class=\"wp-element-caption\">Josep Maria Dom\u00e8nech, catedr\u00e0tic en Estad\u00edstica Aplicada a la UAB,  durant la seva intervenci\u00f3.<\/figcaption><\/figure>\n\n\n\n<p>La segona sessi\u00f3 va comen\u00e7ar amb la intervenci\u00f3 de <strong>Xavier Tejedor<\/strong> que, a m\u00e9s de vocal del COFB, desenvolupa la seva tasca com a facultatiu especialista d&#8217;\u00c0nalisis Cl\u00edniques al Laboratori Cl\u00ednic Metropolitana Nord-Hospital Universitari Germans Trias i Pujol. <strong>Tejedor<\/strong> va centrar la seva intervenci\u00f3 en les<strong> proves d&#8217;autotest<\/strong> (test VIH, test d&#8217;embar\u00e0s, test SARS-CoV2, test faringoamigdalitis estreptoc\u00f2ccia i tires multiparam\u00e8triques d&#8217;orina).  Tot seguit, <strong>Marta \u00c1lvarez<\/strong>, facultativa especialista en Bioqu\u00edmica Cl\u00ednica i adjunta al servei d&#8217;An\u00e0lisis Cl\u00edniques i Bioqu\u00edmica de l&#8217;Hospital Universitari Germans Trias i Pujol, va centrar la seva exposici\u00f3 en els diferents <strong>dispositius d&#8217;autocontrol<\/strong>, el seu rendiment i limitacions, aix\u00ed com la <strong>interpretaci\u00f3 dels seus resultats<\/strong>.<\/p>\n\n\n\n<figure class=\"wp-block-image size-full\"><img decoding=\"async\" src=\"https:\/\/blog.cofb.cat\/wp-content\/uploads\/2022\/06\/COFB_PointofCare_24052022_3.jpg\" alt=\"Marta \u00c1lvarez, facultativa especialista en Bioqu\u00edmica Cl\u00ednica, durant la segona sessi\u00f3 del curs.\" class=\"wp-image-63723\" title=\"Marta \u00c1lvarez, facultativa especialista en Bioqu\u00edmica Cl\u00ednica, durant la segona sessi\u00f3 del curs.\"\/><figcaption class=\"wp-element-caption\">Marta \u00c1lvarez, facultativa especialista en Bioqu\u00edmica Cl\u00ednica, durant la segona sessi\u00f3 del curs.<\/figcaption><\/figure>\n\n\n\n<p>La tercera sessi\u00f3 compartida per <strong>Susana Malumbres<\/strong>, facultativa especialista en Bioqu\u00edmica Cl\u00ednica al Laboratori Cl\u00ednic Metropolitana Nord-Hospital Universitari Germans Trias i Pujol, i <strong>Joan Olivan<\/strong>, consultor <em>patient care<\/em> de Roche, va girar al voltant de les <strong>proves de bioqu\u00edmica b\u00e0sica en dispositius multiparam\u00e8trics i els aspectes pr\u00e0ctics en l&#8217;\u00fas d&#8217;aquests dispositius. <\/strong><\/p>\n\n\n\n<figure class=\"wp-block-image size-large\"><img decoding=\"async\" src=\"https:\/\/blog.cofb.cat\/wp-content\/uploads\/2022\/06\/COFB_PointofCare_24052022_4-1024x580.jpg\" alt=\"Joan Olivan, consultor patient care de Roche, i Susana Malumbres,  especialista en Bioqu\u00edmica Cl\u00ednica al Laboratori Cl\u00ednic Metropolitana Nord-Hospital Universitari Germans Trias i Pujol, van compartir la tercera sessi\u00f3 del curs de POCT. \" class=\"wp-image-63718\" title=\"Joan Olivan, consultor patient care de Roche, i Susana Malumbres, especialista en Bioqu\u00edmica Cl\u00ednica al Laboratori Cl\u00ednic Metropolitana Nord-Hospital Universitari Germans Trias i Pujol, van compartir la tercera sessi\u00f3 del curs de POCT. \"\/><figcaption class=\"wp-element-caption\">Joan Olivan, consultor patient care de Roche, i Susana Malumbres,  especialista en Bioqu\u00edmica Cl\u00ednica al Laboratori Cl\u00ednic Metropolitana Nord-Hospital Universitari Germans Trias i Pujol, van compartir la tercera sessi\u00f3 del curs de POCT. <\/figcaption><\/figure>\n\n\n\n<p>La darrera jornada del curs va anar a c\u00e0rrec de <strong>Raquel Garc\u00eda<\/strong>, t\u00e8cnica superior de l&#8217;\u00c0rea d&#8217;in vitro del Departament de Productes Sanitaris de l&#8217;AEMPS, i <strong>Margarita Mart\u00edn<\/strong>, cap d&#8217;\u00c0rea de Designaci\u00f3 i Supervisi\u00f3 d&#8217;Organisme notificat de l&#8217;AEMPS. Centrada en el <strong>marc legal i regulador actual<\/strong> <strong>de les proves d&#8217;autodiagn\u00f2stic, les ponents van detallar el paper de l&#8217;AEMPS en el control del compliment dels requisits exigits als diferents tests. Tamb\u00e9 van fer un rep\u00e0s d<\/strong>e les proves d\u2019autodiagn\u00f2stic que actualment poden ser dispensades a l\u2019oficina de farm\u00e0cia sense prescripci\u00f3 m\u00e8dica, aix\u00ed com la seva visi\u00f3 sobre el futur d&#8217;aquestes proves.<\/p>\n\n\n\n<p class=\"has-text-align-right\"><strong>Amb el patrocini de:<\/strong><\/p>\n\n\n\n<figure class=\"wp-block-image alignright size-full is-resized\"><a href=\"https:\/\/www.roche.es\/\" target=\"_blank\" rel=\"noopener\"><img decoding=\"async\" src=\"https:\/\/blog.cofb.cat\/wp-content\/uploads\/2022\/05\/Roche_Logo_fons-transparent_2022.png\" alt=\"\" class=\"wp-image-63545\" style=\"width:129px;height:67px\" width=\"129\" height=\"67\"\/><\/a><\/figure>\n","protected":false},"excerpt":{"rendered":"<p>Del 12 al 24 de maig es va celebrar al Col\u00b7legi de Farmac\u00e8utics de Barcelona el curs &#8220;Point of care testing (POCT) en la f\u00e0rmacia&#8221;, patrocinat per Roche. L&#8217;activitat formativa va constar de quatre sessions en modalitat h\u00edbrida, combinant teoria i pr\u00e0ctica. Xavier Tejedor, vocal d&#8217;An\u00e0lisis Cl\u00edniques del COFB i [&hellip;]<\/p>\n","protected":false},"author":1,"featured_media":67898,"comment_status":"open","ping_status":"open","sticky":false,"template":"","format":"standard","meta":{"_uag_custom_page_level_css":"","site-sidebar-layout":"default","site-content-layout":"","ast-site-content-layout":"default","site-content-style":"default","site-sidebar-style":"default","ast-global-header-display":"","ast-banner-title-visibility":"","ast-main-header-display":"","ast-hfb-above-header-display":"","ast-hfb-below-header-display":"","ast-hfb-mobile-header-display":"","site-post-title":"","ast-breadcrumbs-content":"","ast-featured-img":"disabled","footer-sml-layout":"","theme-transparent-header-meta":"","adv-header-id-meta":"","stick-header-meta":"","header-above-stick-meta":"","header-main-stick-meta":"","header-below-stick-meta":"","astra-migrate-meta-layouts":"default","ast-page-background-enabled":"default","ast-page-background-meta":{"desktop":{"background-color":"var(--ast-global-color-4)","background-image":"","background-repeat":"repeat","background-position":"center center","background-size":"auto","background-attachment":"scroll","background-type":"","background-media":"","overlay-type":"","overlay-color":"","overlay-opacity":"","overlay-gradient":""},"tablet":{"background-color":"","background-image":"","background-repeat":"repeat","background-position":"center center","background-size":"auto","background-attachment":"scroll","background-type":"","background-media":"","overlay-type":"","overlay-color":"","overlay-opacity":"","overlay-gradient":""},"mobile":{"background-color":"","background-image":"","background-repeat":"repeat","background-position":"center center","background-size":"auto","background-attachment":"scroll","background-type":"","background-media":"","overlay-type":"","overlay-color":"","overlay-opacity":"","overlay-gradient":""}},"ast-content-background-meta":{"desktop":{"background-color":"var(--ast-global-color-5)","background-image":"","background-repeat":"repeat","background-position":"center center","background-size":"auto","background-attachment":"scroll","background-type":"","background-media":"","overlay-type":"","overlay-color":"","overlay-opacity":"","overlay-gradient":""},"tablet":{"background-color":"var(--ast-global-color-5)","background-image":"","background-repeat":"repeat","background-position":"center center","background-size":"auto","background-attachment":"scroll","background-type":"","background-media":"","overlay-type":"","overlay-color":"","overlay-opacity":"","overlay-gradient":""},"mobile":{"background-color":"var(--ast-global-color-5)","background-image":"","background-repeat":"repeat","background-position":"center center","background-size":"auto","background-attachment":"scroll","background-type":"","background-media":"","overlay-type":"","overlay-color":"","overlay-opacity":"","overlay-gradient":""}},"footnotes":""},"categories":[23,57],"tags":[64,18,19,728,68,113,69,70,729,730,731,732,733,734,735],"class_list":["post-63541","post","type-post","status-publish","format-standard","has-post-thumbnail","hentry","category-destacats","category-mon-collegial","tag-atencio-farmaceutica","tag-cofb","tag-collegi-de-farmaceutics-de-barcelona","tag-cribratge","tag-farmacia","tag-farmacia-assistencial","tag-farmacia-comunitaria","tag-formacio","tag-poct","tag-point-of-care","tag-point-of-care-testing","tag-prova-diagnostica","tag-proves-de-deteccio","tag-serveis-professionals-farmaceutics-assistencials","tag-tests-autodiagnostic"],"yoast_head":"<!-- This site is optimized with the Yoast SEO plugin v22.4 - https:\/\/yoast.com\/wordpress\/plugins\/seo\/ -->\n<title>Point of care testing (POCT) a l&#039;oficina de farm\u00e0cia. Qu\u00e8 hem de saber i quin \u00e9s el seu abast? - Col\u00b7legi de Farmac\u00e8utics de Barcelona<\/title>\n<meta name=\"description\" content=\"El passat 12 de maig va donar inici al Col\u00b7legi de Farmac\u00e8utics de Barcelona el curs de &quot;Point of care testing (POCT) en la f\u00e0rmacia&quot;.\" \/>\n<meta name=\"robots\" content=\"index, follow, max-snippet:-1, max-image-preview:large, max-video-preview:-1\" \/>\n<link rel=\"canonical\" href=\"https:\/\/novaorg.cofb.net\/2022\/06\/08\/point-of-care-testing-poct-a-loficina-de-farmacia-que-hem-de-saber-i-quin-es-el-seu-abast\/\" \/>\n<meta property=\"og:locale\" content=\"ca_ES\" \/>\n<meta property=\"og:type\" content=\"article\" \/>\n<meta property=\"og:title\" content=\"Point of care testing (POCT) a l&#039;oficina de farm\u00e0cia. Qu\u00e8 hem de saber i quin \u00e9s el seu abast? - Col\u00b7legi de Farmac\u00e8utics de Barcelona\" \/>\n<meta property=\"og:description\" content=\"El passat 12 de maig va donar inici al Col\u00b7legi de Farmac\u00e8utics de Barcelona el curs de &quot;Point of care testing (POCT) en la f\u00e0rmacia&quot;.\" \/>\n<meta property=\"og:url\" content=\"https:\/\/novaorg.cofb.net\/2022\/06\/08\/point-of-care-testing-poct-a-loficina-de-farmacia-que-hem-de-saber-i-quin-es-el-seu-abast\/\" \/>\n<meta property=\"og:site_name\" content=\"Col\u00b7legi de Farmac\u00e8utics de Barcelona\" \/>\n<meta property=\"article:publisher\" content=\"https:\/\/www.facebook.com\/farmaceuticsbcn\/\" \/>\n<meta property=\"article:published_time\" content=\"2022-06-08T16:12:26+00:00\" \/>\n<meta property=\"article:modified_time\" content=\"2023-09-21T09:10:25+00:00\" \/>\n<meta property=\"og:image\" content=\"https:\/\/novaorg.cofb.net\/wp-content\/uploads\/2023\/07\/COFB_PointofCare_24052022_1.jpg\" \/>\n\t<meta property=\"og:image:width\" content=\"1024\" \/>\n\t<meta property=\"og:image:height\" content=\"576\" \/>\n\t<meta property=\"og:image:type\" content=\"image\/jpeg\" \/>\n<meta name=\"author\" content=\"wpAdminCofbOrg\" \/>\n<meta name=\"twitter:card\" content=\"summary_large_image\" \/>\n<meta name=\"twitter:creator\" content=\"@farmaceuticsbcn\" \/>\n<meta name=\"twitter:site\" content=\"@farmaceuticsbcn\" \/>\n<meta name=\"twitter:label1\" content=\"Escrit per\" \/>\n\t<meta name=\"twitter:data1\" content=\"wpAdminCofbOrg\" \/>\n\t<meta name=\"twitter:label2\" content=\"Temps estimat de lectura\" \/>\n\t<meta name=\"twitter:data2\" content=\"5 minuts\" \/>\n<script type=\"application\/ld+json\" class=\"yoast-schema-graph\">{\"@context\":\"https:\/\/schema.org\",\"@graph\":[{\"@type\":\"Article\",\"@id\":\"https:\/\/novaorg.cofb.net\/2022\/06\/08\/point-of-care-testing-poct-a-loficina-de-farmacia-que-hem-de-saber-i-quin-es-el-seu-abast\/#article\",\"isPartOf\":{\"@id\":\"https:\/\/novaorg.cofb.net\/2022\/06\/08\/point-of-care-testing-poct-a-loficina-de-farmacia-que-hem-de-saber-i-quin-es-el-seu-abast\/\"},\"author\":{\"name\":\"wpAdminCofbOrg\",\"@id\":\"https:\/\/www.cofb.org\/#\/schema\/person\/22ed7eea88da74b0fa4d3154ad87ffcb\"},\"headline\":\"Point of care testing (POCT) a l&#8217;oficina de farm\u00e0cia. Qu\u00e8 hem de saber i quin \u00e9s el seu abast?\",\"datePublished\":\"2022-06-08T16:12:26+00:00\",\"dateModified\":\"2023-09-21T09:10:25+00:00\",\"mainEntityOfPage\":{\"@id\":\"https:\/\/novaorg.cofb.net\/2022\/06\/08\/point-of-care-testing-poct-a-loficina-de-farmacia-que-hem-de-saber-i-quin-es-el-seu-abast\/\"},\"wordCount\":962,\"commentCount\":0,\"publisher\":{\"@id\":\"https:\/\/www.cofb.org\/#organization\"},\"image\":{\"@id\":\"https:\/\/novaorg.cofb.net\/2022\/06\/08\/point-of-care-testing-poct-a-loficina-de-farmacia-que-hem-de-saber-i-quin-es-el-seu-abast\/#primaryimage\"},\"thumbnailUrl\":\"https:\/\/www.cofb.org\/wp-content\/uploads\/2023\/07\/COFB_PointofCare_24052022_1.jpg\",\"keywords\":[\"Atenci\u00f3 farmac\u00e8utica\",\"COFB\",\"Col\u00b7legi de Farmac\u00e8utics de Barcelona\",\"cribratge\",\"Farm\u00e0cia\",\"farm\u00e0cia assistencial\",\"farm\u00e0cia comunit\u00e0ria\",\"Formaci\u00f3\",\"POCT\",\"Point of Care\",\"Point of Care Testing\",\"prova diagn\u00f2stica\",\"proves de detecci\u00f3\",\"Serveis Professionals Farmac\u00e8utics Assistencials\",\"tests autodiagn\u00f2stic\"],\"articleSection\":[\"Destacats\",\"M\u00f3n col\u00b7legial\"],\"inLanguage\":\"ca\",\"potentialAction\":[{\"@type\":\"CommentAction\",\"name\":\"Comment\",\"target\":[\"https:\/\/novaorg.cofb.net\/2022\/06\/08\/point-of-care-testing-poct-a-loficina-de-farmacia-que-hem-de-saber-i-quin-es-el-seu-abast\/#respond\"]}]},{\"@type\":\"WebPage\",\"@id\":\"https:\/\/novaorg.cofb.net\/2022\/06\/08\/point-of-care-testing-poct-a-loficina-de-farmacia-que-hem-de-saber-i-quin-es-el-seu-abast\/\",\"url\":\"https:\/\/novaorg.cofb.net\/2022\/06\/08\/point-of-care-testing-poct-a-loficina-de-farmacia-que-hem-de-saber-i-quin-es-el-seu-abast\/\",\"name\":\"Point of care testing (POCT) a l'oficina de farm\u00e0cia. Qu\u00e8 hem de saber i quin \u00e9s el seu abast? - Col\u00b7legi de Farmac\u00e8utics de Barcelona\",\"isPartOf\":{\"@id\":\"https:\/\/www.cofb.org\/#website\"},\"primaryImageOfPage\":{\"@id\":\"https:\/\/novaorg.cofb.net\/2022\/06\/08\/point-of-care-testing-poct-a-loficina-de-farmacia-que-hem-de-saber-i-quin-es-el-seu-abast\/#primaryimage\"},\"image\":{\"@id\":\"https:\/\/novaorg.cofb.net\/2022\/06\/08\/point-of-care-testing-poct-a-loficina-de-farmacia-que-hem-de-saber-i-quin-es-el-seu-abast\/#primaryimage\"},\"thumbnailUrl\":\"https:\/\/www.cofb.org\/wp-content\/uploads\/2023\/07\/COFB_PointofCare_24052022_1.jpg\",\"datePublished\":\"2022-06-08T16:12:26+00:00\",\"dateModified\":\"2023-09-21T09:10:25+00:00\",\"description\":\"El passat 12 de maig va donar inici al Col\u00b7legi de Farmac\u00e8utics de Barcelona el curs de \\\"Point of care testing (POCT) en la f\u00e0rmacia\\\".\",\"breadcrumb\":{\"@id\":\"https:\/\/novaorg.cofb.net\/2022\/06\/08\/point-of-care-testing-poct-a-loficina-de-farmacia-que-hem-de-saber-i-quin-es-el-seu-abast\/#breadcrumb\"},\"inLanguage\":\"ca\",\"potentialAction\":[{\"@type\":\"ReadAction\",\"target\":[\"https:\/\/novaorg.cofb.net\/2022\/06\/08\/point-of-care-testing-poct-a-loficina-de-farmacia-que-hem-de-saber-i-quin-es-el-seu-abast\/\"]}]},{\"@type\":\"ImageObject\",\"inLanguage\":\"ca\",\"@id\":\"https:\/\/novaorg.cofb.net\/2022\/06\/08\/point-of-care-testing-poct-a-loficina-de-farmacia-que-hem-de-saber-i-quin-es-el-seu-abast\/#primaryimage\",\"url\":\"https:\/\/www.cofb.org\/wp-content\/uploads\/2023\/07\/COFB_PointofCare_24052022_1.jpg\",\"contentUrl\":\"https:\/\/www.cofb.org\/wp-content\/uploads\/2023\/07\/COFB_PointofCare_24052022_1.jpg\",\"width\":1024,\"height\":576},{\"@type\":\"BreadcrumbList\",\"@id\":\"https:\/\/novaorg.cofb.net\/2022\/06\/08\/point-of-care-testing-poct-a-loficina-de-farmacia-que-hem-de-saber-i-quin-es-el-seu-abast\/#breadcrumb\",\"itemListElement\":[{\"@type\":\"ListItem\",\"position\":1,\"name\":\"Inici\",\"item\":\"https:\/\/novaorg.cofb.net\/\"},{\"@type\":\"ListItem\",\"position\":2,\"name\":\"Point of care testing (POCT) a l&#8217;oficina de farm\u00e0cia. Qu\u00e8 hem de saber i quin \u00e9s el seu abast?\"}]},{\"@type\":\"WebSite\",\"@id\":\"https:\/\/www.cofb.org\/#website\",\"url\":\"https:\/\/www.cofb.org\/\",\"name\":\"Col\u00b7legi de Farmac\u00e8utics de Barcelona\",\"description\":\"\",\"publisher\":{\"@id\":\"https:\/\/www.cofb.org\/#organization\"},\"potentialAction\":[{\"@type\":\"SearchAction\",\"target\":{\"@type\":\"EntryPoint\",\"urlTemplate\":\"https:\/\/www.cofb.org\/?s={search_term_string}\"},\"query-input\":\"required name=search_term_string\"}],\"inLanguage\":\"ca\"},{\"@type\":\"Organization\",\"@id\":\"https:\/\/www.cofb.org\/#organization\",\"name\":\"Col\u00b7legi de Farmac\u00e8utics de Barcelona\",\"url\":\"https:\/\/www.cofb.org\/\",\"logo\":{\"@type\":\"ImageObject\",\"inLanguage\":\"ca\",\"@id\":\"https:\/\/www.cofb.org\/#\/schema\/logo\/image\/\",\"url\":\"https:\/\/www.cofb.org\/wp-content\/uploads\/2023\/11\/cropped-Logotip-COFB.png\",\"contentUrl\":\"https:\/\/www.cofb.org\/wp-content\/uploads\/2023\/11\/cropped-Logotip-COFB.png\",\"width\":500,\"height\":105,\"caption\":\"Col\u00b7legi de Farmac\u00e8utics de Barcelona\"},\"image\":{\"@id\":\"https:\/\/www.cofb.org\/#\/schema\/logo\/image\/\"},\"sameAs\":[\"https:\/\/www.facebook.com\/farmaceuticsbcn\/\",\"https:\/\/twitter.com\/farmaceuticsbcn\",\"https:\/\/www.instagram.com\/farmaceuticsbcn\/\",\"https:\/\/www.linkedin.com\/company\/farmaceuticsbcn\/\"]},{\"@type\":\"Person\",\"@id\":\"https:\/\/www.cofb.org\/#\/schema\/person\/22ed7eea88da74b0fa4d3154ad87ffcb\",\"name\":\"wpAdminCofbOrg\",\"image\":{\"@type\":\"ImageObject\",\"inLanguage\":\"ca\",\"@id\":\"https:\/\/www.cofb.org\/#\/schema\/person\/image\/\",\"url\":\"https:\/\/secure.gravatar.com\/avatar\/1721b20b3b8ca882c3b56ec6c978c594fff670e40c0718e9190eaeeb76aae7d8?s=96&d=mm&r=g\",\"contentUrl\":\"https:\/\/secure.gravatar.com\/avatar\/1721b20b3b8ca882c3b56ec6c978c594fff670e40c0718e9190eaeeb76aae7d8?s=96&d=mm&r=g\",\"caption\":\"wpAdminCofbOrg\"},\"sameAs\":[\"http:\/\/192.168.64.122\/wordpress\"],\"url\":\"https:\/\/www.cofb.org\/ca\/author\/wpadmincofborg\/\"}]}<\/script>\n<!-- \/ Yoast SEO plugin. -->","yoast_head_json":{"title":"Point of care testing (POCT) a l'oficina de farm\u00e0cia. Qu\u00e8 hem de saber i quin \u00e9s el seu abast? - Col\u00b7legi de Farmac\u00e8utics de Barcelona","description":"El passat 12 de maig va donar inici al Col\u00b7legi de Farmac\u00e8utics de Barcelona el curs de \"Point of care testing (POCT) en la f\u00e0rmacia\".","robots":{"index":"index","follow":"follow","max-snippet":"max-snippet:-1","max-image-preview":"max-image-preview:large","max-video-preview":"max-video-preview:-1"},"canonical":"https:\/\/novaorg.cofb.net\/2022\/06\/08\/point-of-care-testing-poct-a-loficina-de-farmacia-que-hem-de-saber-i-quin-es-el-seu-abast\/","og_locale":"ca_ES","og_type":"article","og_title":"Point of care testing (POCT) a l'oficina de farm\u00e0cia. Qu\u00e8 hem de saber i quin \u00e9s el seu abast? - Col\u00b7legi de Farmac\u00e8utics de Barcelona","og_description":"El passat 12 de maig va donar inici al Col\u00b7legi de Farmac\u00e8utics de Barcelona el curs de \"Point of care testing (POCT) en la f\u00e0rmacia\".","og_url":"https:\/\/novaorg.cofb.net\/2022\/06\/08\/point-of-care-testing-poct-a-loficina-de-farmacia-que-hem-de-saber-i-quin-es-el-seu-abast\/","og_site_name":"Col\u00b7legi de Farmac\u00e8utics de Barcelona","article_publisher":"https:\/\/www.facebook.com\/farmaceuticsbcn\/","article_published_time":"2022-06-08T16:12:26+00:00","article_modified_time":"2023-09-21T09:10:25+00:00","og_image":[{"width":1024,"height":576,"url":"https:\/\/novaorg.cofb.net\/wp-content\/uploads\/2023\/07\/COFB_PointofCare_24052022_1.jpg","type":"image\/jpeg"}],"author":"wpAdminCofbOrg","twitter_card":"summary_large_image","twitter_creator":"@farmaceuticsbcn","twitter_site":"@farmaceuticsbcn","twitter_misc":{"Escrit per":"wpAdminCofbOrg","Temps estimat de lectura":"5 minuts"},"schema":{"@context":"https:\/\/schema.org","@graph":[{"@type":"Article","@id":"https:\/\/novaorg.cofb.net\/2022\/06\/08\/point-of-care-testing-poct-a-loficina-de-farmacia-que-hem-de-saber-i-quin-es-el-seu-abast\/#article","isPartOf":{"@id":"https:\/\/novaorg.cofb.net\/2022\/06\/08\/point-of-care-testing-poct-a-loficina-de-farmacia-que-hem-de-saber-i-quin-es-el-seu-abast\/"},"author":{"name":"wpAdminCofbOrg","@id":"https:\/\/www.cofb.org\/#\/schema\/person\/22ed7eea88da74b0fa4d3154ad87ffcb"},"headline":"Point of care testing (POCT) a l&#8217;oficina de farm\u00e0cia. Qu\u00e8 hem de saber i quin \u00e9s el seu abast?","datePublished":"2022-06-08T16:12:26+00:00","dateModified":"2023-09-21T09:10:25+00:00","mainEntityOfPage":{"@id":"https:\/\/novaorg.cofb.net\/2022\/06\/08\/point-of-care-testing-poct-a-loficina-de-farmacia-que-hem-de-saber-i-quin-es-el-seu-abast\/"},"wordCount":962,"commentCount":0,"publisher":{"@id":"https:\/\/www.cofb.org\/#organization"},"image":{"@id":"https:\/\/novaorg.cofb.net\/2022\/06\/08\/point-of-care-testing-poct-a-loficina-de-farmacia-que-hem-de-saber-i-quin-es-el-seu-abast\/#primaryimage"},"thumbnailUrl":"https:\/\/www.cofb.org\/wp-content\/uploads\/2023\/07\/COFB_PointofCare_24052022_1.jpg","keywords":["Atenci\u00f3 farmac\u00e8utica","COFB","Col\u00b7legi de Farmac\u00e8utics de Barcelona","cribratge","Farm\u00e0cia","farm\u00e0cia assistencial","farm\u00e0cia comunit\u00e0ria","Formaci\u00f3","POCT","Point of Care","Point of Care Testing","prova diagn\u00f2stica","proves de detecci\u00f3","Serveis Professionals Farmac\u00e8utics Assistencials","tests autodiagn\u00f2stic"],"articleSection":["Destacats","M\u00f3n col\u00b7legial"],"inLanguage":"ca","potentialAction":[{"@type":"CommentAction","name":"Comment","target":["https:\/\/novaorg.cofb.net\/2022\/06\/08\/point-of-care-testing-poct-a-loficina-de-farmacia-que-hem-de-saber-i-quin-es-el-seu-abast\/#respond"]}]},{"@type":"WebPage","@id":"https:\/\/novaorg.cofb.net\/2022\/06\/08\/point-of-care-testing-poct-a-loficina-de-farmacia-que-hem-de-saber-i-quin-es-el-seu-abast\/","url":"https:\/\/novaorg.cofb.net\/2022\/06\/08\/point-of-care-testing-poct-a-loficina-de-farmacia-que-hem-de-saber-i-quin-es-el-seu-abast\/","name":"Point of care testing (POCT) a l'oficina de farm\u00e0cia. Qu\u00e8 hem de saber i quin \u00e9s el seu abast? - Col\u00b7legi de Farmac\u00e8utics de Barcelona","isPartOf":{"@id":"https:\/\/www.cofb.org\/#website"},"primaryImageOfPage":{"@id":"https:\/\/novaorg.cofb.net\/2022\/06\/08\/point-of-care-testing-poct-a-loficina-de-farmacia-que-hem-de-saber-i-quin-es-el-seu-abast\/#primaryimage"},"image":{"@id":"https:\/\/novaorg.cofb.net\/2022\/06\/08\/point-of-care-testing-poct-a-loficina-de-farmacia-que-hem-de-saber-i-quin-es-el-seu-abast\/#primaryimage"},"thumbnailUrl":"https:\/\/www.cofb.org\/wp-content\/uploads\/2023\/07\/COFB_PointofCare_24052022_1.jpg","datePublished":"2022-06-08T16:12:26+00:00","dateModified":"2023-09-21T09:10:25+00:00","description":"El passat 12 de maig va donar inici al Col\u00b7legi de Farmac\u00e8utics de Barcelona el curs de \"Point of care testing (POCT) en la f\u00e0rmacia\".","breadcrumb":{"@id":"https:\/\/novaorg.cofb.net\/2022\/06\/08\/point-of-care-testing-poct-a-loficina-de-farmacia-que-hem-de-saber-i-quin-es-el-seu-abast\/#breadcrumb"},"inLanguage":"ca","potentialAction":[{"@type":"ReadAction","target":["https:\/\/novaorg.cofb.net\/2022\/06\/08\/point-of-care-testing-poct-a-loficina-de-farmacia-que-hem-de-saber-i-quin-es-el-seu-abast\/"]}]},{"@type":"ImageObject","inLanguage":"ca","@id":"https:\/\/novaorg.cofb.net\/2022\/06\/08\/point-of-care-testing-poct-a-loficina-de-farmacia-que-hem-de-saber-i-quin-es-el-seu-abast\/#primaryimage","url":"https:\/\/www.cofb.org\/wp-content\/uploads\/2023\/07\/COFB_PointofCare_24052022_1.jpg","contentUrl":"https:\/\/www.cofb.org\/wp-content\/uploads\/2023\/07\/COFB_PointofCare_24052022_1.jpg","width":1024,"height":576},{"@type":"BreadcrumbList","@id":"https:\/\/novaorg.cofb.net\/2022\/06\/08\/point-of-care-testing-poct-a-loficina-de-farmacia-que-hem-de-saber-i-quin-es-el-seu-abast\/#breadcrumb","itemListElement":[{"@type":"ListItem","position":1,"name":"Inici","item":"https:\/\/novaorg.cofb.net\/"},{"@type":"ListItem","position":2,"name":"Point of care testing (POCT) a l&#8217;oficina de farm\u00e0cia. Qu\u00e8 hem de saber i quin \u00e9s el seu abast?"}]},{"@type":"WebSite","@id":"https:\/\/www.cofb.org\/#website","url":"https:\/\/www.cofb.org\/","name":"Col\u00b7legi de Farmac\u00e8utics de Barcelona","description":"","publisher":{"@id":"https:\/\/www.cofb.org\/#organization"},"potentialAction":[{"@type":"SearchAction","target":{"@type":"EntryPoint","urlTemplate":"https:\/\/www.cofb.org\/?s={search_term_string}"},"query-input":"required name=search_term_string"}],"inLanguage":"ca"},{"@type":"Organization","@id":"https:\/\/www.cofb.org\/#organization","name":"Col\u00b7legi de Farmac\u00e8utics de Barcelona","url":"https:\/\/www.cofb.org\/","logo":{"@type":"ImageObject","inLanguage":"ca","@id":"https:\/\/www.cofb.org\/#\/schema\/logo\/image\/","url":"https:\/\/www.cofb.org\/wp-content\/uploads\/2023\/11\/cropped-Logotip-COFB.png","contentUrl":"https:\/\/www.cofb.org\/wp-content\/uploads\/2023\/11\/cropped-Logotip-COFB.png","width":500,"height":105,"caption":"Col\u00b7legi de Farmac\u00e8utics de Barcelona"},"image":{"@id":"https:\/\/www.cofb.org\/#\/schema\/logo\/image\/"},"sameAs":["https:\/\/www.facebook.com\/farmaceuticsbcn\/","https:\/\/twitter.com\/farmaceuticsbcn","https:\/\/www.instagram.com\/farmaceuticsbcn\/","https:\/\/www.linkedin.com\/company\/farmaceuticsbcn\/"]},{"@type":"Person","@id":"https:\/\/www.cofb.org\/#\/schema\/person\/22ed7eea88da74b0fa4d3154ad87ffcb","name":"wpAdminCofbOrg","image":{"@type":"ImageObject","inLanguage":"ca","@id":"https:\/\/www.cofb.org\/#\/schema\/person\/image\/","url":"https:\/\/secure.gravatar.com\/avatar\/1721b20b3b8ca882c3b56ec6c978c594fff670e40c0718e9190eaeeb76aae7d8?s=96&d=mm&r=g","contentUrl":"https:\/\/secure.gravatar.com\/avatar\/1721b20b3b8ca882c3b56ec6c978c594fff670e40c0718e9190eaeeb76aae7d8?s=96&d=mm&r=g","caption":"wpAdminCofbOrg"},"sameAs":["http:\/\/192.168.64.122\/wordpress"],"url":"https:\/\/www.cofb.org\/ca\/author\/wpadmincofborg\/"}]}},"uagb_featured_image_src":{"full":["https:\/\/www.cofb.org\/wp-content\/uploads\/2023\/07\/COFB_PointofCare_24052022_1.jpg",1024,576,false],"thumbnail":["https:\/\/www.cofb.org\/wp-content\/uploads\/2023\/07\/COFB_PointofCare_24052022_1-150x150.jpg",150,150,true],"medium":["https:\/\/www.cofb.org\/wp-content\/uploads\/2023\/07\/COFB_PointofCare_24052022_1-300x169.jpg",300,169,true],"medium_large":["https:\/\/www.cofb.org\/wp-content\/uploads\/2023\/07\/COFB_PointofCare_24052022_1-768x432.jpg",768,432,true],"large":["https:\/\/www.cofb.org\/wp-content\/uploads\/2023\/07\/COFB_PointofCare_24052022_1.jpg",1024,576,false],"1536x1536":["https:\/\/www.cofb.org\/wp-content\/uploads\/2023\/07\/COFB_PointofCare_24052022_1.jpg",1024,576,false],"2048x2048":["https:\/\/www.cofb.org\/wp-content\/uploads\/2023\/07\/COFB_PointofCare_24052022_1.jpg",1024,576,false],"trp-custom-language-flag":["https:\/\/www.cofb.org\/wp-content\/uploads\/2023\/07\/COFB_PointofCare_24052022_1.jpg",18,10,false]},"uagb_author_info":{"display_name":"wpAdminCofbOrg","author_link":"https:\/\/www.cofb.org\/ca\/author\/wpadmincofborg\/"},"uagb_comment_info":0,"uagb_excerpt":"Del 12 al 24 de maig es va celebrar al Col\u00b7legi de Farmac\u00e8utics de Barcelona el curs &#8220;Point of care testing (POCT) en la f\u00e0rmacia&#8221;, patrocinat per Roche. L&#8217;activitat formativa va constar de quatre sessions en modalitat h\u00edbrida, combinant teoria i pr\u00e0ctica. Xavier Tejedor, vocal d&#8217;An\u00e0lisis Cl\u00edniques del COFB i [&hellip;]","_links":{"self":[{"href":"https:\/\/www.cofb.org\/ca\/wp-json\/wp\/v2\/posts\/63541","targetHints":{"allow":["GET"]}}],"collection":[{"href":"https:\/\/www.cofb.org\/ca\/wp-json\/wp\/v2\/posts"}],"about":[{"href":"https:\/\/www.cofb.org\/ca\/wp-json\/wp\/v2\/types\/post"}],"author":[{"embeddable":true,"href":"https:\/\/www.cofb.org\/ca\/wp-json\/wp\/v2\/users\/1"}],"replies":[{"embeddable":true,"href":"https:\/\/www.cofb.org\/ca\/wp-json\/wp\/v2\/comments?post=63541"}],"version-history":[{"count":2,"href":"https:\/\/www.cofb.org\/ca\/wp-json\/wp\/v2\/posts\/63541\/revisions"}],"predecessor-version":[{"id":68728,"href":"https:\/\/www.cofb.org\/ca\/wp-json\/wp\/v2\/posts\/63541\/revisions\/68728"}],"wp:featuredmedia":[{"embeddable":true,"href":"https:\/\/www.cofb.org\/ca\/wp-json\/wp\/v2\/media\/67898"}],"wp:attachment":[{"href":"https:\/\/www.cofb.org\/ca\/wp-json\/wp\/v2\/media?parent=63541"}],"wp:term":[{"taxonomy":"category","embeddable":true,"href":"https:\/\/www.cofb.org\/ca\/wp-json\/wp\/v2\/categories?post=63541"},{"taxonomy":"post_tag","embeddable":true,"href":"https:\/\/www.cofb.org\/ca\/wp-json\/wp\/v2\/tags?post=63541"}],"curies":[{"name":"wp","href":"https:\/\/api.w.org\/{rel}","templated":true}]}}