{"id":63460,"date":"2022-05-13T12:11:39","date_gmt":"2022-05-13T10:11:39","guid":{"rendered":"https:\/\/blog.cofb.cat\/?p=63460"},"modified":"2023-10-10T07:14:47","modified_gmt":"2023-10-10T07:14:47","slug":"mes-de-600-farmaceutics-inscrits-en-la-sessio-formativa-de-la-campanya-atenciopell-2022","status":"publish","type":"post","link":"https:\/\/www.cofb.org\/ca\/2022\/05\/13\/mes-de-600-farmaceutics-inscrits-en-la-sessio-formativa-de-la-campanya-atenciopell-2022\/","title":{"rendered":"M\u00e9s de 600 farmac\u00e8utics\u00a0inscrits en\u00a0la sessi\u00f3 formativa de la campanya #Atenci\u00f3Pell 2022"},"content":{"rendered":"\n<p><strong>M\u00e9s de 600 farmac\u00e8utics<\/strong>&nbsp;inscrits en&nbsp;<strong>la sessi\u00f3 formativa de la nova edici\u00f3 de la campanya #Atenci\u00f3Pell<\/strong>, tant presencialment com en l\u00ednia, celebrada el passat 5 de maig al COFB.&nbsp; Presentada i moderada per&nbsp;<strong>Marta Alcalde<\/strong>, vocal de Dermofarm\u00e0cia i Productes Sanitaris del COFB, la formaci\u00f3 va comptar tamb\u00e9 amb la participaci\u00f3 de <strong>Paqui Moreno,&nbsp;<\/strong>farmac\u00e8utica comunit\u00e0ria, membre del grup de treball de Dermatologia de SEFAC, i d&#8217;<strong>Alejandra Sandoval,&nbsp;<\/strong>dermat\u00f2loga a la Unitat de Fotobiologia i Unitat de Melanoma de l&#8217;Hospital Cl\u00ednic de Barcelona. <\/p>\n\n\n\n<figure class=\"wp-block-image\" id=\"block-7fdad666-4dee-425c-be99-827ffd5f8fca\"><img decoding=\"async\" src=\"https:\/\/blog.cofb.cat\/wp-content\/uploads\/2022\/05\/COFB_FormacioAtencioPell2022_050522_3_edited-1024x609.jpg\" alt=\"D'esquerra a dreta: Marta Alcalde, vocal de Dermofarm\u00e0cia i Productes Sanitaris del COFB, Alejandra Sandoval,\u00a0dermat\u00f2loga a l'Hospital Cl\u00ednic de Barcelona i Paqui Moreno,\u00a0farmac\u00e8utica comunit\u00e0ria.\" title=\"D'esquerra a dreta: Marta Alcalde, vocal de Dermofarm\u00e0cia i Productes Sanitaris del COFB, Alejandra Sandoval,\u00a0dermat\u00f2loga a l'Hospital Cl\u00ednic de Barcelona i Paqui Moreno,\u00a0farmac\u00e8utica comunit\u00e0ria.\"\/><figcaption class=\"wp-element-caption\">D&#8217;esquerra a dreta: Marta Alcalde, vocal de Dermofarm\u00e0cia i Productes Sanitaris del COFB, Alejandra Sandoval,&nbsp;dermat\u00f2loga a l&#8217;Hospital Cl\u00ednic de Barcelona i Paqui Moreno,&nbsp;farmac\u00e8utica comunit\u00e0ria.<\/figcaption><\/figure>\n\n\n\n<p><\/p>\n\n\n\n<h2 class=\"wp-block-heading\"><strong>Bons h\u00e0bits de protecci\u00f3 solar per a tothom<\/strong><\/h2>\n\n\n\n<p>Alcalde va introduir la sessi\u00f3 anunciant que &#8220;la idea principal de la campanya <strong>#Atenci\u00f3Pell 2022<\/strong> \u00e9s fer <strong>educaci\u00f3 sanit\u00e0ria a la poblaci\u00f3 amb l\u2019objectiu que adquireixin uns bons h\u00e0bits de protecci\u00f3 solar<\/strong>&#8220;. A partir del lema d&#8217;aquest any <strong>\u201cLa teva pell \u00e9s \u00fanica. La teva protecci\u00f3 solar tamb\u00e9\u201d<\/strong>, va explicar que &#8220;el que hem volgut fer \u00e9s, <strong>no nom\u00e9s centrar-nos en la poblaci\u00f3 en general<\/strong>, sin\u00f3 intentar donar des de l\u2019oficina de farm\u00e0cia un<strong> missatge molt m\u00e9s espec\u00edfic cap a aquelles persones que, per la seva patologia o la situaci\u00f3 especial<\/strong> que estiguin vivint, tenen unes <strong>necessitats m\u00e9s grans perqu\u00e8 la seva pell \u00e9s m\u00e9s vulnerable a les radiacions<\/strong>&#8220;. <\/p>\n\n\n\n<figure class=\"wp-block-image\" id=\"block-6f3741f6-a414-4116-bc1b-a6e000a8ef0b\"><img decoding=\"async\" src=\"https:\/\/blog.cofb.cat\/wp-content\/uploads\/2022\/05\/COFB_FormacioAtencioPell2022_050522_2_edited-1024x575.jpg\" alt=\" Marta Alcalde, vocal de Dermofarm\u00e0cia i Productes Sanitaris del COFB, exposant els objectius de la campanya #Atenci\u00f3Pell 2022 \" title=\" Marta Alcalde, vocal de Dermofarm\u00e0cia i Productes Sanitaris del COFB, exposant els objectius de la campanya #Atenci\u00f3Pell 2022 \"\/><figcaption class=\"wp-element-caption\"> Marta Alcalde, vocal de Dermofarm\u00e0cia i Productes Sanitaris del COFB, exposant els objectius de la campanya #Atenci\u00f3Pell 2022 <\/figcaption><\/figure>\n\n\n\n<p>En conseq\u00fcencia &#8220;necessiten un consell diferent de l\u2019habitual&#8221;, va indicar. En tot cas, va reiterar que &#8220;aix\u00f2 no vol dir que deixem de voler protegir a tothom&#8221;. La vocal de Dermofarm\u00e0cia va recordar que aquesta campanya, iniciada el 2016, vol &#8220;continuar posant de manifest <strong>el rol assistencial del farmac\u00e8utic amb un consell molt m\u00e9s personalitzat que refor\u00e7a el nostre paper<\/strong>&#8220;.   Finalment, Alcalde va informar dels<strong> recursos que el Col\u00b7legi posar\u00e0 a disposici\u00f3 dels farmac\u00e8utics participants, <\/strong>per tal d&#8217;ajudar-los a<strong> desenvolupar la campanya, aix\u00ed com les accions de comunicaci\u00f3 previstes en diversos mitjans i suports.<\/strong> <\/p>\n\n\n\n<h2 class=\"wp-block-heading\"><strong>Impulsant la col\u00b7laboraci\u00f3 amb les associacions de pacients<\/strong><\/h2>\n\n\n\n<p>La vocal de Dermofarm\u00e0cia va destacar com a novetat per a aquesta edici\u00f3, la valuosa <strong>col\u00b7laboraci\u00f3 d&#8217;associacions de<\/strong> <strong>pacients<\/strong>. S&#8217;hi han incorporat <strong><a href=\"https:\/\/www.accionpsoriasis.org\/\" target=\"_blank\" rel=\"noreferrer noopener\">Acci\u00f3 Psoriasi<\/a><\/strong>, <strong><a href=\"https:\/\/asociacionafectadosdermatitisatopica.com\/\" target=\"_blank\" rel=\"noreferrer noopener\">Asociaci\u00f3n de Afectados por la Dermatitis At\u00f3pica<\/a><\/strong>, <a href=\"https:\/\/www.contraelcancer.es\/es\/sobre-nosotros\/donde-estamos\/sede-barcelona\" target=\"_blank\" rel=\"noreferrer noopener\"><strong>Associaci\u00f3 contra el C\u00e0ncer a Barcelona<\/strong><\/a>,<strong><a href=\"https:\/\/www.urticariacronica.org\/\" target=\"_blank\" rel=\"noreferrer noopener\"> Asociaci\u00f3n de Afectados de Urticaria Cr\u00f3nica<\/a><\/strong>, <strong><a href=\"https:\/\/www.oncolliga.cat\/\" target=\"_blank\" rel=\"noreferrer noopener\">Fundaci\u00f3 Oncolliga<\/a><\/strong> i <strong><a href=\"https:\/\/www.enfermedades-raras.org\/\" target=\"_blank\" rel=\"noreferrer noopener\">Federaci\u00f3n Espa\u00f1ola de Enfermedades Raras (FEDER)<\/a><\/strong>. Moltes d&#8217;elles van estar presents a l&#8217;acte. <\/p>\n\n\n\n<figure class=\"wp-block-image\" id=\"block-9a3cd6c4-3939-44a3-ba6f-bd2fdc1c69b5\"><img decoding=\"async\" src=\"https:\/\/blog.cofb.cat\/wp-content\/uploads\/2022\/05\/COFB_FormacioAtencioPell2022_050522_1-1024x547.jpg\" alt=\"Moltes de les associacions de pacients col\u00b7laboradores a la campanya #Atenci\u00f3Pell 2022 van voler ser-hi presents a la sessi\u00f3 formativa.\" title=\"Moltes de les associacions de pacients col\u00b7laboradores a la campanya #Atenci\u00f3Pell 2022 van voler ser-hi presents a la sessi\u00f3 formativa.\"\/><figcaption class=\"wp-element-caption\">Moltes de les associacions de pacients col\u00b7laboradores a la campanya #Atenci\u00f3Pell 2022 van voler ser-hi presents a la sessi\u00f3 formativa.<\/figcaption><\/figure>\n\n\n\n<p id=\"block-44a13961-a08c-4255-89af-a41bb8a0576e\">Alcalde va recordar que &#8220;aquestes <strong>persones amb patologies espec\u00edfiques tenen unes associacions darrere a les quals tamb\u00e9 volem donar visibilitat amb aquesta campanya<\/strong>&#8220;. Va posar en relleu que &#8220;s\u00f3n <strong>molt importants punts de trobada com aquests per empoderar-les i donar-les a con\u00e8ixer<\/strong> entre pacients i farmac\u00e8utics&#8221;.  <\/p>\n\n\n\n<p><\/p>\n\n\n<div class=\"destacat-blog\">\n\n\n<h2 class=\"wp-block-heading\"><strong>Com participar a #Atenci\u00f3Pell 2022?<\/strong><\/h2>\n\n\n\n<p>La <strong>campanya #Atenci\u00f3Pell 2022<\/strong>, organitzada conjuntament amb l&#8217;<strong><a href=\"https:\/\/www.clinicbarcelona.org\/\" target=\"_blank\" rel=\"noreferrer noopener\">Hospital Cl\u00ednic de Barcelona<\/a><\/strong>, i patrocinada per <strong><a href=\"https:\/\/www.laroche-posay.es\/\" target=\"_blank\" rel=\"noreferrer noopener\">La Roche Posay<\/a><\/strong> i <strong><a href=\"https:\/\/www.stada.es\/\" target=\"_blank\" rel=\"noreferrer noopener\">Stada<\/a><\/strong>, comen\u00e7ar\u00e0 el pr\u00f2xim <strong>23 de maig<\/strong> amb motiu del Dia Mundial del Melanoma.<strong> Centenars de farm\u00e0cies<\/strong> ja s&#8217;han adherit a aquesta nova edici\u00f3 del projecte.<strong> <\/strong><\/p>\n\n\n\n<figure class=\"wp-block-image size-large\"><img decoding=\"async\" src=\"https:\/\/blog.cofb.cat\/wp-content\/uploads\/2022\/05\/COFB_FormacioAtencioPell2022_050522_6_edited-1-1024x567.jpg\" alt=\"\" class=\"wp-image-63469\"\/><\/figure>\n\n\n\n<p>Aquest nombre d&#8217;oficines de farm\u00e0cia adherides continua creixent i <strong>encara \u00e9s possible formar part d&#8217;#Atenci\u00f3Pell 2022<\/strong> <strong>realitzant la formaci\u00f3 espec\u00edfica<\/strong> a la web de col\u00b7legiats del COFB, accessible des d&#8217;aquest <a href=\"https:\/\/farmaceutics.cofb.net\/group\/guest\/ultims-comunicats\/-\/asset_publisher\/H4sC0W15BZtR\/content\/t-has-perdut-la-campanya-tens-una-2a-oportunitat-video-disponible-atenciopell-comunicat-207-2022\/maximized?_101_INSTANCE_H4sC0W15BZtR_redirect=\/group\/guest\/activitat-de-l-oficina\" target=\"_blank\" rel=\"noreferrer noopener\"><strong>enlla\u00e7<\/strong><\/a> [exclusiu col\u00b7legiats].<\/p> <\/div>\n\n\n\n<div class=\"wp-block-columns is-layout-flex wp-container-core-columns-is-layout-28f84493 wp-block-columns-is-layout-flex\">\n<div class=\"wp-block-column is-layout-flow wp-block-column-is-layout-flow\"><\/div>\n\n\n\n<div class=\"wp-block-column is-layout-flow wp-block-column-is-layout-flow\"><\/div>\n\n\n\n<div class=\"wp-block-column is-layout-flow wp-block-column-is-layout-flow\">\n<p class=\"has-text-align-right\"><strong>Activitat organitzada conjuntament amb:<\/strong><\/p>\n\n\n\n<div class=\"wp-block-uagb-image uagb-block-b4ae4d51 wp-block-uagb-image--layout-default wp-block-uagb-image--effect-static wp-block-uagb-image--align-none\"><figure class=\"wp-block-uagb-image__figure\"><img loading=\"lazy\" decoding=\"async\" srcset=\"https:\/\/www.cofb.org\/wp-content\/uploads\/2023\/10\/clinic-300x134.jpg \" sizes=\"auto, (max-width: 480px) 150px\" src=\"https:\/\/www.cofb.org\/wp-content\/uploads\/2023\/10\/clinic-300x134.jpg\" alt=\"\" class=\"uag-image-69041\" width=\"300\" height=\"134\" title=\"\" loading=\"lazy\"\/><\/figure><\/div>\n\n\n\n<p class=\"has-text-align-right\"><strong>Amb el patrocini de:<\/strong><\/p>\n\n\n\n<div class=\"wp-block-columns is-layout-flex wp-container-core-columns-is-layout-28f84493 wp-block-columns-is-layout-flex\">\n<div class=\"wp-block-column is-layout-flow wp-block-column-is-layout-flow\">\n<figure class=\"wp-block-image alignright size-medium is-resized\"><a href=\"https:\/\/www.laroche-posay.es\/\" target=\"_blank\" rel=\"noopener\"><img decoding=\"async\" src=\"https:\/\/blog.cofb.cat\/wp-content\/uploads\/2022\/05\/La-Roche-Posay-logo-2022_transparent-300x77.png\" alt=\"\" class=\"wp-image-63484\" style=\"width:200px\" width=\"200\"\/><\/a><\/figure>\n<\/div>\n\n\n\n<div class=\"wp-block-column is-layout-flow wp-block-column-is-layout-flow\">\n<figure class=\"wp-block-image alignright size-medium is-resized\"><a href=\"https:\/\/www.stada.es\/\" target=\"_blank\" rel=\"noopener\"><img decoding=\"async\" src=\"https:\/\/blog.cofb.cat\/wp-content\/uploads\/2022\/05\/Stada_logo-2022_transparent-300x185.png\" alt=\"\" class=\"wp-image-63485\" style=\"width:146px;height:90px\" width=\"146\" height=\"90\"\/><\/a><\/figure>\n<\/div>\n<\/div>\n\n\n\n<p class=\"has-text-align-right\"> <strong>Associacions de Pacients col\u00b7laboradores:<\/strong> <\/p>\n\n\n\n<figure class=\"wp-block-image alignright size-full\"><img decoding=\"async\" src=\"https:\/\/blog.cofb.cat\/wp-content\/uploads\/2022\/05\/Logos-Associacions-de-Pacients-Atencio-Pell-2022.jpg\" alt=\"\" class=\"wp-image-63489\"\/><\/figure>\n<\/div>\n<\/div>\n","protected":false},"excerpt":{"rendered":"<p>M\u00e9s de 600 farmac\u00e8utics&nbsp;inscrits en&nbsp;la sessi\u00f3 formativa de la nova edici\u00f3 de la campanya #Atenci\u00f3Pell, tant presencialment com en l\u00ednia, celebrada el passat 5 de maig al COFB.&nbsp; Presentada i moderada per&nbsp;Marta Alcalde, vocal de Dermofarm\u00e0cia i Productes Sanitaris del COFB, la formaci\u00f3 va comptar tamb\u00e9 amb la participaci\u00f3 de [&hellip;]<\/p>\n","protected":false},"author":1,"featured_media":67912,"comment_status":"open","ping_status":"open","sticky":false,"template":"","format":"standard","meta":{"_uag_custom_page_level_css":"","site-sidebar-layout":"default","site-content-layout":"","ast-site-content-layout":"default","site-content-style":"default","site-sidebar-style":"default","ast-global-header-display":"","ast-banner-title-visibility":"","ast-main-header-display":"","ast-hfb-above-header-display":"","ast-hfb-below-header-display":"","ast-hfb-mobile-header-display":"","site-post-title":"","ast-breadcrumbs-content":"","ast-featured-img":"disabled","footer-sml-layout":"","theme-transparent-header-meta":"","adv-header-id-meta":"","stick-header-meta":"","header-above-stick-meta":"","header-main-stick-meta":"","header-below-stick-meta":"","astra-migrate-meta-layouts":"default","ast-page-background-enabled":"default","ast-page-background-meta":{"desktop":{"background-color":"var(--ast-global-color-4)","background-image":"","background-repeat":"repeat","background-position":"center center","background-size":"auto","background-attachment":"scroll","background-type":"","background-media":"","overlay-type":"","overlay-color":"","overlay-opacity":"","overlay-gradient":""},"tablet":{"background-color":"","background-image":"","background-repeat":"repeat","background-position":"center center","background-size":"auto","background-attachment":"scroll","background-type":"","background-media":"","overlay-type":"","overlay-color":"","overlay-opacity":"","overlay-gradient":""},"mobile":{"background-color":"","background-image":"","background-repeat":"repeat","background-position":"center center","background-size":"auto","background-attachment":"scroll","background-type":"","background-media":"","overlay-type":"","overlay-color":"","overlay-opacity":"","overlay-gradient":""}},"ast-content-background-meta":{"desktop":{"background-color":"var(--ast-global-color-5)","background-image":"","background-repeat":"repeat","background-position":"center center","background-size":"auto","background-attachment":"scroll","background-type":"","background-media":"","overlay-type":"","overlay-color":"","overlay-opacity":"","overlay-gradient":""},"tablet":{"background-color":"var(--ast-global-color-5)","background-image":"","background-repeat":"repeat","background-position":"center center","background-size":"auto","background-attachment":"scroll","background-type":"","background-media":"","overlay-type":"","overlay-color":"","overlay-opacity":"","overlay-gradient":""},"mobile":{"background-color":"var(--ast-global-color-5)","background-image":"","background-repeat":"repeat","background-position":"center center","background-size":"auto","background-attachment":"scroll","background-type":"","background-media":"","overlay-type":"","overlay-color":"","overlay-opacity":"","overlay-gradient":""}},"footnotes":""},"categories":[23,57],"tags":[719,720,721,64,392,722,723,18,19,213,81,69,444,516,76,724,725,231,726,727],"class_list":["post-63460","post","type-post","status-publish","format-standard","has-post-thumbnail","hentry","category-destacats","category-mon-collegial","tag-atenciopell-2","tag-atenciopell2022","tag-associacions-de-pacients","tag-atencio-farmaceutica","tag-atencio-pell","tag-atencio-pell-2022","tag-cancer","tag-cofb","tag-collegi-de-farmaceutics-de-barcelona","tag-dermatitis-atopica","tag-dermofarmacia","tag-farmacia-comunitaria","tag-fotoproteccio","tag-melanoma","tag-oficina-de-farmacia","tag-oncologia","tag-proteccio-solar","tag-psoriasi","tag-urticaria","tag-vocalia-de-dermofarmacia-i-productes-sanitaris"],"yoast_head":"<!-- This site is optimized with the Yoast SEO plugin v22.4 - https:\/\/yoast.com\/wordpress\/plugins\/seo\/ -->\n<title>M\u00e9s de 600 farmac\u00e8utics\u00a0inscrits en\u00a0la sessi\u00f3 formativa de la campanya #Atenci\u00f3Pell 2022 - Col\u00b7legi de Farmac\u00e8utics de Barcelona<\/title>\n<meta name=\"description\" content=\"M\u00e9s de 600 farmac\u00e8utics\u00a0inscrits en\u00a0la sessi\u00f3 formativa de la nova edici\u00f3 de la campanya #Atenci\u00f3Pell, tant presencialment com via online, celebrada el passat 5 de maig al COFB.\" \/>\n<meta name=\"robots\" content=\"index, follow, max-snippet:-1, max-image-preview:large, max-video-preview:-1\" \/>\n<link rel=\"canonical\" href=\"https:\/\/novaorg.cofb.net\/2022\/05\/13\/mes-de-600-farmaceutics-inscrits-en-la-sessio-formativa-de-la-campanya-atenciopell-2022\/\" \/>\n<meta property=\"og:locale\" content=\"ca_ES\" \/>\n<meta property=\"og:type\" content=\"article\" \/>\n<meta property=\"og:title\" content=\"M\u00e9s de 600 farmac\u00e8utics\u00a0inscrits en\u00a0la sessi\u00f3 formativa de la campanya #Atenci\u00f3Pell 2022 - Col\u00b7legi de Farmac\u00e8utics de Barcelona\" \/>\n<meta property=\"og:description\" content=\"M\u00e9s de 600 farmac\u00e8utics\u00a0inscrits en\u00a0la sessi\u00f3 formativa de la nova edici\u00f3 de la campanya #Atenci\u00f3Pell, tant presencialment com via online, celebrada el passat 5 de maig al COFB.\" \/>\n<meta property=\"og:url\" content=\"https:\/\/novaorg.cofb.net\/2022\/05\/13\/mes-de-600-farmaceutics-inscrits-en-la-sessio-formativa-de-la-campanya-atenciopell-2022\/\" \/>\n<meta property=\"og:site_name\" content=\"Col\u00b7legi de Farmac\u00e8utics de Barcelona\" \/>\n<meta property=\"article:publisher\" content=\"https:\/\/www.facebook.com\/farmaceuticsbcn\/\" \/>\n<meta property=\"article:published_time\" content=\"2022-05-13T10:11:39+00:00\" \/>\n<meta property=\"article:modified_time\" content=\"2023-10-10T07:14:47+00:00\" \/>\n<meta property=\"og:image\" content=\"https:\/\/novaorg.cofb.net\/wp-content\/uploads\/2023\/07\/COFB_FormacioAtencioPell2022_050522_3_edited-1024x609-1.jpg\" \/>\n\t<meta property=\"og:image:width\" content=\"1024\" \/>\n\t<meta property=\"og:image:height\" content=\"609\" \/>\n\t<meta property=\"og:image:type\" content=\"image\/jpeg\" \/>\n<meta name=\"author\" content=\"wpAdminCofbOrg\" \/>\n<meta name=\"twitter:card\" content=\"summary_large_image\" \/>\n<meta name=\"twitter:creator\" content=\"@farmaceuticsbcn\" \/>\n<meta name=\"twitter:site\" content=\"@farmaceuticsbcn\" \/>\n<meta name=\"twitter:label1\" content=\"Escrit per\" \/>\n\t<meta name=\"twitter:data1\" content=\"wpAdminCofbOrg\" \/>\n\t<meta name=\"twitter:label2\" content=\"Temps estimat de lectura\" \/>\n\t<meta name=\"twitter:data2\" content=\"5 minuts\" \/>\n<script type=\"application\/ld+json\" class=\"yoast-schema-graph\">{\"@context\":\"https:\/\/schema.org\",\"@graph\":[{\"@type\":\"Article\",\"@id\":\"https:\/\/novaorg.cofb.net\/2022\/05\/13\/mes-de-600-farmaceutics-inscrits-en-la-sessio-formativa-de-la-campanya-atenciopell-2022\/#article\",\"isPartOf\":{\"@id\":\"https:\/\/novaorg.cofb.net\/2022\/05\/13\/mes-de-600-farmaceutics-inscrits-en-la-sessio-formativa-de-la-campanya-atenciopell-2022\/\"},\"author\":{\"name\":\"wpAdminCofbOrg\",\"@id\":\"https:\/\/www.cofb.org\/#\/schema\/person\/22ed7eea88da74b0fa4d3154ad87ffcb\"},\"headline\":\"M\u00e9s de 600 farmac\u00e8utics\u00a0inscrits en\u00a0la sessi\u00f3 formativa de la campanya #Atenci\u00f3Pell 2022\",\"datePublished\":\"2022-05-13T10:11:39+00:00\",\"dateModified\":\"2023-10-10T07:14:47+00:00\",\"mainEntityOfPage\":{\"@id\":\"https:\/\/novaorg.cofb.net\/2022\/05\/13\/mes-de-600-farmaceutics-inscrits-en-la-sessio-formativa-de-la-campanya-atenciopell-2022\/\"},\"wordCount\":658,\"commentCount\":0,\"publisher\":{\"@id\":\"https:\/\/www.cofb.org\/#organization\"},\"image\":{\"@id\":\"https:\/\/novaorg.cofb.net\/2022\/05\/13\/mes-de-600-farmaceutics-inscrits-en-la-sessio-formativa-de-la-campanya-atenciopell-2022\/#primaryimage\"},\"thumbnailUrl\":\"https:\/\/www.cofb.org\/wp-content\/uploads\/2023\/07\/COFB_FormacioAtencioPell2022_050522_3_edited-1024x609-1.jpg\",\"keywords\":[\"#Atenci\u00f3Pell\",\"#Atenci\u00f3Pell2022\",\"associacions de pacients\",\"Atenci\u00f3 farmac\u00e8utica\",\"Atenci\u00f3 Pell\",\"Atenci\u00f3 Pell 2022\",\"c\u00e0ncer\",\"COFB\",\"Col\u00b7legi de Farmac\u00e8utics de Barcelona\",\"dermatitis at\u00f2pica\",\"Dermofarm\u00e0cia\",\"farm\u00e0cia comunit\u00e0ria\",\"fotoprotecci\u00f3\",\"melanoma\",\"Oficina de farm\u00e0cia\",\"oncologia\",\"protecci\u00f3 solar\",\"psoriasi\",\"Urtic\u00e0ria\",\"Vocalia de Dermofarm\u00e0cia i Productes Sanitaris\"],\"articleSection\":[\"Destacats\",\"M\u00f3n col\u00b7legial\"],\"inLanguage\":\"ca\",\"potentialAction\":[{\"@type\":\"CommentAction\",\"name\":\"Comment\",\"target\":[\"https:\/\/novaorg.cofb.net\/2022\/05\/13\/mes-de-600-farmaceutics-inscrits-en-la-sessio-formativa-de-la-campanya-atenciopell-2022\/#respond\"]}]},{\"@type\":\"WebPage\",\"@id\":\"https:\/\/novaorg.cofb.net\/2022\/05\/13\/mes-de-600-farmaceutics-inscrits-en-la-sessio-formativa-de-la-campanya-atenciopell-2022\/\",\"url\":\"https:\/\/novaorg.cofb.net\/2022\/05\/13\/mes-de-600-farmaceutics-inscrits-en-la-sessio-formativa-de-la-campanya-atenciopell-2022\/\",\"name\":\"M\u00e9s de 600 farmac\u00e8utics\u00a0inscrits en\u00a0la sessi\u00f3 formativa de la campanya #Atenci\u00f3Pell 2022 - Col\u00b7legi de Farmac\u00e8utics de Barcelona\",\"isPartOf\":{\"@id\":\"https:\/\/www.cofb.org\/#website\"},\"primaryImageOfPage\":{\"@id\":\"https:\/\/novaorg.cofb.net\/2022\/05\/13\/mes-de-600-farmaceutics-inscrits-en-la-sessio-formativa-de-la-campanya-atenciopell-2022\/#primaryimage\"},\"image\":{\"@id\":\"https:\/\/novaorg.cofb.net\/2022\/05\/13\/mes-de-600-farmaceutics-inscrits-en-la-sessio-formativa-de-la-campanya-atenciopell-2022\/#primaryimage\"},\"thumbnailUrl\":\"https:\/\/www.cofb.org\/wp-content\/uploads\/2023\/07\/COFB_FormacioAtencioPell2022_050522_3_edited-1024x609-1.jpg\",\"datePublished\":\"2022-05-13T10:11:39+00:00\",\"dateModified\":\"2023-10-10T07:14:47+00:00\",\"description\":\"M\u00e9s de 600 farmac\u00e8utics\u00a0inscrits en\u00a0la sessi\u00f3 formativa de la nova edici\u00f3 de la campanya #Atenci\u00f3Pell, tant presencialment com via online, celebrada el passat 5 de maig al COFB.\",\"breadcrumb\":{\"@id\":\"https:\/\/novaorg.cofb.net\/2022\/05\/13\/mes-de-600-farmaceutics-inscrits-en-la-sessio-formativa-de-la-campanya-atenciopell-2022\/#breadcrumb\"},\"inLanguage\":\"ca\",\"potentialAction\":[{\"@type\":\"ReadAction\",\"target\":[\"https:\/\/novaorg.cofb.net\/2022\/05\/13\/mes-de-600-farmaceutics-inscrits-en-la-sessio-formativa-de-la-campanya-atenciopell-2022\/\"]}]},{\"@type\":\"ImageObject\",\"inLanguage\":\"ca\",\"@id\":\"https:\/\/novaorg.cofb.net\/2022\/05\/13\/mes-de-600-farmaceutics-inscrits-en-la-sessio-formativa-de-la-campanya-atenciopell-2022\/#primaryimage\",\"url\":\"https:\/\/www.cofb.org\/wp-content\/uploads\/2023\/07\/COFB_FormacioAtencioPell2022_050522_3_edited-1024x609-1.jpg\",\"contentUrl\":\"https:\/\/www.cofb.org\/wp-content\/uploads\/2023\/07\/COFB_FormacioAtencioPell2022_050522_3_edited-1024x609-1.jpg\",\"width\":1024,\"height\":609},{\"@type\":\"BreadcrumbList\",\"@id\":\"https:\/\/novaorg.cofb.net\/2022\/05\/13\/mes-de-600-farmaceutics-inscrits-en-la-sessio-formativa-de-la-campanya-atenciopell-2022\/#breadcrumb\",\"itemListElement\":[{\"@type\":\"ListItem\",\"position\":1,\"name\":\"Inici\",\"item\":\"https:\/\/novaorg.cofb.net\/\"},{\"@type\":\"ListItem\",\"position\":2,\"name\":\"M\u00e9s de 600 farmac\u00e8utics\u00a0inscrits en\u00a0la sessi\u00f3 formativa de la campanya #Atenci\u00f3Pell 2022\"}]},{\"@type\":\"WebSite\",\"@id\":\"https:\/\/www.cofb.org\/#website\",\"url\":\"https:\/\/www.cofb.org\/\",\"name\":\"Col\u00b7legi de Farmac\u00e8utics de Barcelona\",\"description\":\"\",\"publisher\":{\"@id\":\"https:\/\/www.cofb.org\/#organization\"},\"potentialAction\":[{\"@type\":\"SearchAction\",\"target\":{\"@type\":\"EntryPoint\",\"urlTemplate\":\"https:\/\/www.cofb.org\/?s={search_term_string}\"},\"query-input\":\"required name=search_term_string\"}],\"inLanguage\":\"ca\"},{\"@type\":\"Organization\",\"@id\":\"https:\/\/www.cofb.org\/#organization\",\"name\":\"Col\u00b7legi de Farmac\u00e8utics de Barcelona\",\"url\":\"https:\/\/www.cofb.org\/\",\"logo\":{\"@type\":\"ImageObject\",\"inLanguage\":\"ca\",\"@id\":\"https:\/\/www.cofb.org\/#\/schema\/logo\/image\/\",\"url\":\"https:\/\/www.cofb.org\/wp-content\/uploads\/2023\/11\/cropped-Logotip-COFB.png\",\"contentUrl\":\"https:\/\/www.cofb.org\/wp-content\/uploads\/2023\/11\/cropped-Logotip-COFB.png\",\"width\":500,\"height\":105,\"caption\":\"Col\u00b7legi de Farmac\u00e8utics de Barcelona\"},\"image\":{\"@id\":\"https:\/\/www.cofb.org\/#\/schema\/logo\/image\/\"},\"sameAs\":[\"https:\/\/www.facebook.com\/farmaceuticsbcn\/\",\"https:\/\/twitter.com\/farmaceuticsbcn\",\"https:\/\/www.instagram.com\/farmaceuticsbcn\/\",\"https:\/\/www.linkedin.com\/company\/farmaceuticsbcn\/\"]},{\"@type\":\"Person\",\"@id\":\"https:\/\/www.cofb.org\/#\/schema\/person\/22ed7eea88da74b0fa4d3154ad87ffcb\",\"name\":\"wpAdminCofbOrg\",\"image\":{\"@type\":\"ImageObject\",\"inLanguage\":\"ca\",\"@id\":\"https:\/\/www.cofb.org\/#\/schema\/person\/image\/\",\"url\":\"https:\/\/secure.gravatar.com\/avatar\/1721b20b3b8ca882c3b56ec6c978c594fff670e40c0718e9190eaeeb76aae7d8?s=96&d=mm&r=g\",\"contentUrl\":\"https:\/\/secure.gravatar.com\/avatar\/1721b20b3b8ca882c3b56ec6c978c594fff670e40c0718e9190eaeeb76aae7d8?s=96&d=mm&r=g\",\"caption\":\"wpAdminCofbOrg\"},\"sameAs\":[\"http:\/\/192.168.64.122\/wordpress\"],\"url\":\"https:\/\/www.cofb.org\/ca\/author\/wpadmincofborg\/\"}]}<\/script>\n<!-- \/ Yoast SEO plugin. -->","yoast_head_json":{"title":"M\u00e9s de 600 farmac\u00e8utics\u00a0inscrits en\u00a0la sessi\u00f3 formativa de la campanya #Atenci\u00f3Pell 2022 - Col\u00b7legi de Farmac\u00e8utics de Barcelona","description":"M\u00e9s de 600 farmac\u00e8utics\u00a0inscrits en\u00a0la sessi\u00f3 formativa de la nova edici\u00f3 de la campanya #Atenci\u00f3Pell, tant presencialment com via online, celebrada el passat 5 de maig al COFB.","robots":{"index":"index","follow":"follow","max-snippet":"max-snippet:-1","max-image-preview":"max-image-preview:large","max-video-preview":"max-video-preview:-1"},"canonical":"https:\/\/novaorg.cofb.net\/2022\/05\/13\/mes-de-600-farmaceutics-inscrits-en-la-sessio-formativa-de-la-campanya-atenciopell-2022\/","og_locale":"ca_ES","og_type":"article","og_title":"M\u00e9s de 600 farmac\u00e8utics\u00a0inscrits en\u00a0la sessi\u00f3 formativa de la campanya #Atenci\u00f3Pell 2022 - Col\u00b7legi de Farmac\u00e8utics de Barcelona","og_description":"M\u00e9s de 600 farmac\u00e8utics\u00a0inscrits en\u00a0la sessi\u00f3 formativa de la nova edici\u00f3 de la campanya #Atenci\u00f3Pell, tant presencialment com via online, celebrada el passat 5 de maig al COFB.","og_url":"https:\/\/novaorg.cofb.net\/2022\/05\/13\/mes-de-600-farmaceutics-inscrits-en-la-sessio-formativa-de-la-campanya-atenciopell-2022\/","og_site_name":"Col\u00b7legi de Farmac\u00e8utics de Barcelona","article_publisher":"https:\/\/www.facebook.com\/farmaceuticsbcn\/","article_published_time":"2022-05-13T10:11:39+00:00","article_modified_time":"2023-10-10T07:14:47+00:00","og_image":[{"width":1024,"height":609,"url":"https:\/\/novaorg.cofb.net\/wp-content\/uploads\/2023\/07\/COFB_FormacioAtencioPell2022_050522_3_edited-1024x609-1.jpg","type":"image\/jpeg"}],"author":"wpAdminCofbOrg","twitter_card":"summary_large_image","twitter_creator":"@farmaceuticsbcn","twitter_site":"@farmaceuticsbcn","twitter_misc":{"Escrit per":"wpAdminCofbOrg","Temps estimat de lectura":"5 minuts"},"schema":{"@context":"https:\/\/schema.org","@graph":[{"@type":"Article","@id":"https:\/\/novaorg.cofb.net\/2022\/05\/13\/mes-de-600-farmaceutics-inscrits-en-la-sessio-formativa-de-la-campanya-atenciopell-2022\/#article","isPartOf":{"@id":"https:\/\/novaorg.cofb.net\/2022\/05\/13\/mes-de-600-farmaceutics-inscrits-en-la-sessio-formativa-de-la-campanya-atenciopell-2022\/"},"author":{"name":"wpAdminCofbOrg","@id":"https:\/\/www.cofb.org\/#\/schema\/person\/22ed7eea88da74b0fa4d3154ad87ffcb"},"headline":"M\u00e9s de 600 farmac\u00e8utics\u00a0inscrits en\u00a0la sessi\u00f3 formativa de la campanya #Atenci\u00f3Pell 2022","datePublished":"2022-05-13T10:11:39+00:00","dateModified":"2023-10-10T07:14:47+00:00","mainEntityOfPage":{"@id":"https:\/\/novaorg.cofb.net\/2022\/05\/13\/mes-de-600-farmaceutics-inscrits-en-la-sessio-formativa-de-la-campanya-atenciopell-2022\/"},"wordCount":658,"commentCount":0,"publisher":{"@id":"https:\/\/www.cofb.org\/#organization"},"image":{"@id":"https:\/\/novaorg.cofb.net\/2022\/05\/13\/mes-de-600-farmaceutics-inscrits-en-la-sessio-formativa-de-la-campanya-atenciopell-2022\/#primaryimage"},"thumbnailUrl":"https:\/\/www.cofb.org\/wp-content\/uploads\/2023\/07\/COFB_FormacioAtencioPell2022_050522_3_edited-1024x609-1.jpg","keywords":["#Atenci\u00f3Pell","#Atenci\u00f3Pell2022","associacions de pacients","Atenci\u00f3 farmac\u00e8utica","Atenci\u00f3 Pell","Atenci\u00f3 Pell 2022","c\u00e0ncer","COFB","Col\u00b7legi de Farmac\u00e8utics de Barcelona","dermatitis at\u00f2pica","Dermofarm\u00e0cia","farm\u00e0cia comunit\u00e0ria","fotoprotecci\u00f3","melanoma","Oficina de farm\u00e0cia","oncologia","protecci\u00f3 solar","psoriasi","Urtic\u00e0ria","Vocalia de Dermofarm\u00e0cia i Productes Sanitaris"],"articleSection":["Destacats","M\u00f3n col\u00b7legial"],"inLanguage":"ca","potentialAction":[{"@type":"CommentAction","name":"Comment","target":["https:\/\/novaorg.cofb.net\/2022\/05\/13\/mes-de-600-farmaceutics-inscrits-en-la-sessio-formativa-de-la-campanya-atenciopell-2022\/#respond"]}]},{"@type":"WebPage","@id":"https:\/\/novaorg.cofb.net\/2022\/05\/13\/mes-de-600-farmaceutics-inscrits-en-la-sessio-formativa-de-la-campanya-atenciopell-2022\/","url":"https:\/\/novaorg.cofb.net\/2022\/05\/13\/mes-de-600-farmaceutics-inscrits-en-la-sessio-formativa-de-la-campanya-atenciopell-2022\/","name":"M\u00e9s de 600 farmac\u00e8utics\u00a0inscrits en\u00a0la sessi\u00f3 formativa de la campanya #Atenci\u00f3Pell 2022 - Col\u00b7legi de Farmac\u00e8utics de Barcelona","isPartOf":{"@id":"https:\/\/www.cofb.org\/#website"},"primaryImageOfPage":{"@id":"https:\/\/novaorg.cofb.net\/2022\/05\/13\/mes-de-600-farmaceutics-inscrits-en-la-sessio-formativa-de-la-campanya-atenciopell-2022\/#primaryimage"},"image":{"@id":"https:\/\/novaorg.cofb.net\/2022\/05\/13\/mes-de-600-farmaceutics-inscrits-en-la-sessio-formativa-de-la-campanya-atenciopell-2022\/#primaryimage"},"thumbnailUrl":"https:\/\/www.cofb.org\/wp-content\/uploads\/2023\/07\/COFB_FormacioAtencioPell2022_050522_3_edited-1024x609-1.jpg","datePublished":"2022-05-13T10:11:39+00:00","dateModified":"2023-10-10T07:14:47+00:00","description":"M\u00e9s de 600 farmac\u00e8utics\u00a0inscrits en\u00a0la sessi\u00f3 formativa de la nova edici\u00f3 de la campanya #Atenci\u00f3Pell, tant presencialment com via online, celebrada el passat 5 de maig al COFB.","breadcrumb":{"@id":"https:\/\/novaorg.cofb.net\/2022\/05\/13\/mes-de-600-farmaceutics-inscrits-en-la-sessio-formativa-de-la-campanya-atenciopell-2022\/#breadcrumb"},"inLanguage":"ca","potentialAction":[{"@type":"ReadAction","target":["https:\/\/novaorg.cofb.net\/2022\/05\/13\/mes-de-600-farmaceutics-inscrits-en-la-sessio-formativa-de-la-campanya-atenciopell-2022\/"]}]},{"@type":"ImageObject","inLanguage":"ca","@id":"https:\/\/novaorg.cofb.net\/2022\/05\/13\/mes-de-600-farmaceutics-inscrits-en-la-sessio-formativa-de-la-campanya-atenciopell-2022\/#primaryimage","url":"https:\/\/www.cofb.org\/wp-content\/uploads\/2023\/07\/COFB_FormacioAtencioPell2022_050522_3_edited-1024x609-1.jpg","contentUrl":"https:\/\/www.cofb.org\/wp-content\/uploads\/2023\/07\/COFB_FormacioAtencioPell2022_050522_3_edited-1024x609-1.jpg","width":1024,"height":609},{"@type":"BreadcrumbList","@id":"https:\/\/novaorg.cofb.net\/2022\/05\/13\/mes-de-600-farmaceutics-inscrits-en-la-sessio-formativa-de-la-campanya-atenciopell-2022\/#breadcrumb","itemListElement":[{"@type":"ListItem","position":1,"name":"Inici","item":"https:\/\/novaorg.cofb.net\/"},{"@type":"ListItem","position":2,"name":"M\u00e9s de 600 farmac\u00e8utics\u00a0inscrits en\u00a0la sessi\u00f3 formativa de la campanya #Atenci\u00f3Pell 2022"}]},{"@type":"WebSite","@id":"https:\/\/www.cofb.org\/#website","url":"https:\/\/www.cofb.org\/","name":"Col\u00b7legi de Farmac\u00e8utics de Barcelona","description":"","publisher":{"@id":"https:\/\/www.cofb.org\/#organization"},"potentialAction":[{"@type":"SearchAction","target":{"@type":"EntryPoint","urlTemplate":"https:\/\/www.cofb.org\/?s={search_term_string}"},"query-input":"required name=search_term_string"}],"inLanguage":"ca"},{"@type":"Organization","@id":"https:\/\/www.cofb.org\/#organization","name":"Col\u00b7legi de Farmac\u00e8utics de Barcelona","url":"https:\/\/www.cofb.org\/","logo":{"@type":"ImageObject","inLanguage":"ca","@id":"https:\/\/www.cofb.org\/#\/schema\/logo\/image\/","url":"https:\/\/www.cofb.org\/wp-content\/uploads\/2023\/11\/cropped-Logotip-COFB.png","contentUrl":"https:\/\/www.cofb.org\/wp-content\/uploads\/2023\/11\/cropped-Logotip-COFB.png","width":500,"height":105,"caption":"Col\u00b7legi de Farmac\u00e8utics de Barcelona"},"image":{"@id":"https:\/\/www.cofb.org\/#\/schema\/logo\/image\/"},"sameAs":["https:\/\/www.facebook.com\/farmaceuticsbcn\/","https:\/\/twitter.com\/farmaceuticsbcn","https:\/\/www.instagram.com\/farmaceuticsbcn\/","https:\/\/www.linkedin.com\/company\/farmaceuticsbcn\/"]},{"@type":"Person","@id":"https:\/\/www.cofb.org\/#\/schema\/person\/22ed7eea88da74b0fa4d3154ad87ffcb","name":"wpAdminCofbOrg","image":{"@type":"ImageObject","inLanguage":"ca","@id":"https:\/\/www.cofb.org\/#\/schema\/person\/image\/","url":"https:\/\/secure.gravatar.com\/avatar\/1721b20b3b8ca882c3b56ec6c978c594fff670e40c0718e9190eaeeb76aae7d8?s=96&d=mm&r=g","contentUrl":"https:\/\/secure.gravatar.com\/avatar\/1721b20b3b8ca882c3b56ec6c978c594fff670e40c0718e9190eaeeb76aae7d8?s=96&d=mm&r=g","caption":"wpAdminCofbOrg"},"sameAs":["http:\/\/192.168.64.122\/wordpress"],"url":"https:\/\/www.cofb.org\/ca\/author\/wpadmincofborg\/"}]}},"uagb_featured_image_src":{"full":["https:\/\/www.cofb.org\/wp-content\/uploads\/2023\/07\/COFB_FormacioAtencioPell2022_050522_3_edited-1024x609-1.jpg",1024,609,false],"thumbnail":["https:\/\/www.cofb.org\/wp-content\/uploads\/2023\/07\/COFB_FormacioAtencioPell2022_050522_3_edited-1024x609-1-150x150.jpg",150,150,true],"medium":["https:\/\/www.cofb.org\/wp-content\/uploads\/2023\/07\/COFB_FormacioAtencioPell2022_050522_3_edited-1024x609-1-300x178.jpg",300,178,true],"medium_large":["https:\/\/www.cofb.org\/wp-content\/uploads\/2023\/07\/COFB_FormacioAtencioPell2022_050522_3_edited-1024x609-1-768x457.jpg",768,457,true],"large":["https:\/\/www.cofb.org\/wp-content\/uploads\/2023\/07\/COFB_FormacioAtencioPell2022_050522_3_edited-1024x609-1.jpg",1024,609,false],"1536x1536":["https:\/\/www.cofb.org\/wp-content\/uploads\/2023\/07\/COFB_FormacioAtencioPell2022_050522_3_edited-1024x609-1.jpg",1024,609,false],"2048x2048":["https:\/\/www.cofb.org\/wp-content\/uploads\/2023\/07\/COFB_FormacioAtencioPell2022_050522_3_edited-1024x609-1.jpg",1024,609,false],"trp-custom-language-flag":["https:\/\/www.cofb.org\/wp-content\/uploads\/2023\/07\/COFB_FormacioAtencioPell2022_050522_3_edited-1024x609-1.jpg",18,12,false]},"uagb_author_info":{"display_name":"wpAdminCofbOrg","author_link":"https:\/\/www.cofb.org\/ca\/author\/wpadmincofborg\/"},"uagb_comment_info":0,"uagb_excerpt":"M\u00e9s de 600 farmac\u00e8utics&nbsp;inscrits en&nbsp;la sessi\u00f3 formativa de la nova edici\u00f3 de la campanya #Atenci\u00f3Pell, tant presencialment com en l\u00ednia, celebrada el passat 5 de maig al COFB.&nbsp; Presentada i moderada per&nbsp;Marta Alcalde, vocal de Dermofarm\u00e0cia i Productes Sanitaris del COFB, la formaci\u00f3 va comptar tamb\u00e9 amb la participaci\u00f3 de [&hellip;]","_links":{"self":[{"href":"https:\/\/www.cofb.org\/ca\/wp-json\/wp\/v2\/posts\/63460","targetHints":{"allow":["GET"]}}],"collection":[{"href":"https:\/\/www.cofb.org\/ca\/wp-json\/wp\/v2\/posts"}],"about":[{"href":"https:\/\/www.cofb.org\/ca\/wp-json\/wp\/v2\/types\/post"}],"author":[{"embeddable":true,"href":"https:\/\/www.cofb.org\/ca\/wp-json\/wp\/v2\/users\/1"}],"replies":[{"embeddable":true,"href":"https:\/\/www.cofb.org\/ca\/wp-json\/wp\/v2\/comments?post=63460"}],"version-history":[{"count":4,"href":"https:\/\/www.cofb.org\/ca\/wp-json\/wp\/v2\/posts\/63460\/revisions"}],"predecessor-version":[{"id":69042,"href":"https:\/\/www.cofb.org\/ca\/wp-json\/wp\/v2\/posts\/63460\/revisions\/69042"}],"wp:featuredmedia":[{"embeddable":true,"href":"https:\/\/www.cofb.org\/ca\/wp-json\/wp\/v2\/media\/67912"}],"wp:attachment":[{"href":"https:\/\/www.cofb.org\/ca\/wp-json\/wp\/v2\/media?parent=63460"}],"wp:term":[{"taxonomy":"category","embeddable":true,"href":"https:\/\/www.cofb.org\/ca\/wp-json\/wp\/v2\/categories?post=63460"},{"taxonomy":"post_tag","embeddable":true,"href":"https:\/\/www.cofb.org\/ca\/wp-json\/wp\/v2\/tags?post=63460"}],"curies":[{"name":"wp","href":"https:\/\/api.w.org\/{rel}","templated":true}]}}