{"id":63299,"date":"2022-05-18T16:47:39","date_gmt":"2022-05-18T14:47:39","guid":{"rendered":"https:\/\/blog.cofb.cat\/?p=63299"},"modified":"2024-07-04T15:50:47","modified_gmt":"2024-07-04T15:50:47","slug":"abril-les-taules-dinfarma-sobre-us-terapeutic-del-cannabis-i-envelliment-saludable-i-el-cicle-formatiu-del-cofb-els-matins-proa-temes-mes-destacats-als-mitjans","status":"publish","type":"post","link":"https:\/\/www.cofb.org\/ca\/2022\/05\/18\/abril-les-taules-dinfarma-sobre-us-terapeutic-del-cannabis-i-envelliment-saludable-i-el-cicle-formatiu-del-cofb-els-matins-proa-temes-mes-destacats-als-mitjans\/","title":{"rendered":"Abril: Les taules d&#8217;Infarma sobre l&#8217;\u00fas terap\u00e8utic del c\u00e0nnabis i l&#8217;envelliment saludable, i el cicle formatiu del COFB &#8216;Els matins PROA&#8217;, temes m\u00e9s destacats als mitjans"},"content":{"rendered":"\n<p><\/p>\n\n\n\n<h2 class=\"wp-block-heading\"><strong>Infarma Madrid 2022<\/strong><\/h2>\n\n\n\n<h3 class=\"wp-block-heading\"><strong>L&#8217;\u00fas terap\u00e8utic del c\u00e0nnabis<\/strong><\/h3>\n\n\n\n<p>El passat 5 d&#8217;abril, des de l&#8217;organitzaci\u00f3 d&#8217;<strong>Infarma<\/strong> es va enviar una <a href=\"https:\/\/www.cofb.org\/ca\/web\/guest\/sala-de-premsa\/notes-premsa\/-\/asset_publisher\/GVZR6OjauRsN\/content\/us-terapeutic-del-cannabis-i-el-paper-de-la-formulacio-magistral-gran-debat-a-infarma-madrid-2022\/maximized?inheritRedirect=false&amp;redirect=https%3A%2F%2Fwww.cofb.org%2Fsala-prensa%2Fnotes-prensa%3Fp_p_id%3D101_INSTANCE_GVZR6OjauRsN%26p_p_lifecycle%3D0%26p_p_state%3Dnormal%26p_p_mode%3Dview%26p_p_col_id%3Dcolumn-3%26p_p_col_count%3D1%26_101_INSTANCE_GVZR6OjauRsN_advancedSearch%3Dfalse%26_101_INSTANCE_GVZR6OjauRsN_keywords%3D%26_101_INSTANCE_GVZR6OjauRsN_delta%3D5%26p_r_p_564233524_resetCur%3Dfalse%26_101_INSTANCE_GVZR6OjauRsN_cur%3D2%26_101_INSTANCE_GVZR6OjauRsN_andOperator%3Dtrue&amp;p_p_state=maximized\" target=\"_blank\" rel=\"noreferrer noopener\">nota de premsa<\/a> sobre una de les taules que va tenir lloc en el marc del Congr\u00e9s: &#8220;<strong>\u00das terap\u00e8utic del c\u00e0nnabis. Reivindicaci\u00f3 social vs. impacte de salut&#8221;<\/strong>. <strong>Guillermo Bagar\u00eda<\/strong>, vocal d&#8217;Oficina de Farm\u00e0cia i responsable d&#8217;Atenci\u00f3 Farmac\u00e8utica del COFB, va ser l&#8217;encarregat de moderar aquesta taula, on tamb\u00e9 hi va participar <strong>Josep Allu\u00e9<\/strong>, vocal de Plantes Medicinals del COFB. Diferents experts van coincidir en la <strong>necessitat d&#8217;avan\u00e7ar per facilitar recursos sanitaris i terap\u00e8utics amb evid\u00e8ncia cient\u00edfica<\/strong> a la poblaci\u00f3 que els pugui requerir, una conclusi\u00f3 que van recollir els seg\u00fcents mitjans: <a href=\"https:\/\/revistaacofar.com\/actualidad\/noticias\/uso-terapeutico-del-cannabis-y-el-papel-de-la-formulacion-magistral-a-debate-en-infarma\/\" target=\"_blank\" rel=\"noreferrer noopener\">Revista Acofar<\/a>, <a href=\"https:\/\/www.europapress.es\/nacional\/noticia-expertos-abordan-uso-terapeutico-cannabis-marco-infarma-madrid-20220405132948.html\" target=\"_blank\" rel=\"noreferrer noopener\">Europa Press<\/a>, <a href=\"https:\/\/cronicaglobal.elespanol.com\/vida\/expertos-abordan-uso-clinico-cannabis-bc-nprs_633750_102.html\" target=\"_blank\" rel=\"noreferrer noopener\">Cr\u00f3nica Global<\/a>, <a href=\"https:\/\/www.diario-economia.com\/nota\/34290\/infarma-madrid-2022-el-cannabis-medicinal-a-debate.html\" target=\"_blank\" rel=\"noreferrer noopener\">Diario Econom\u00eda<\/a>, <a href=\"https:\/\/www.diariosigloxxi.com\/texto-diario\/mostrar\/3543413\/infarma-madrid-2022-cannabis-medicinal-debate\" target=\"_blank\" rel=\"noreferrer noopener\">Siglo XXI<\/a>, i <a href=\"http:\/\/revistanegocios.es\/infarma-madrid-2022-el-cannabis-medicinal-a-debate\/\" target=\"_blank\" rel=\"noreferrer noopener\">Revista Negocios<\/a>. <\/p>\n\n\n\n<h3 class=\"wp-block-heading\"><strong>El paper de la nutrici\u00f3 en l&#8217;envelliment saludable<\/strong> <strong>i la mobilitat<\/strong><\/h3>\n\n\n\n<p class=\"destacat\">Una altra de les <a href=\"https:\/\/www.cofb.org\/ca\/sala-de-premsa\/notes-premsa\/-\/asset_publisher\/GVZR6OjauRsN\/content\/intervencio-farmaceutica-per-a-la-deteccio-i-prevencio-de-la-deterioracio-nutricional-i-funcional-en-persones-mes-grans-de-65-anys\/maximized?inheritRedirect=false&amp;redirect=https%3A%2F%2Fwww.cofb.org%2Fca%2Fsala-de-premsa%2Fnotes-premsa%3Fp_p_id%3D101_INSTANCE_GVZR6OjauRsN%26p_p_lifecycle%3D0%26p_p_state%3Dnormal%26p_p_mode%3Dview%26p_p_col_id%3Dcolumn-3%26p_p_col_count%3D1&amp;p_p_state=maximized\" target=\"_blank\" rel=\"noreferrer noopener\">notes de premsa<\/a> que Infarma va enviar va ser sobre la taula &#8220;<strong>Com la nutrici\u00f3 et pot ajudar en l&#8217;envelliment saludable i la mobilitat?<\/strong>&#8220;, en el marc de la qual es va presentar la II edici\u00f3 de la <strong>&#8220;Campanya per a la promoci\u00f3 de l&#8217;envelliment saludable&#8221;<\/strong> d&#8217;<strong>\u00c0gora Sanit\u00e0ria<\/strong>.  Els mitjans que es van fer ress\u00f2 d&#8217;aquesta sessi\u00f3, moderada per Anna Bach-Faig, vocal d&#8217;Alimentaci\u00f3 i Nutrici\u00f3 del COFB, van ser els seg\u00fcents: <a href=\"https:\/\/revistaacofar.com\/actualidad\/noticias\/el-farmaceutico-profesional-experto-en-la-deteccion-y-prevencion-del-deterioro-nutricional-y-funcional-en-los-mayores\/\" target=\"_blank\" rel=\"noreferrer noopener\">Revista Acofar<\/a>, <a href=\"https:\/\/www.diariofarma.com\/2022\/04\/12\/una-campana-para-prevenir-desde-la-intervencion-farmaceutica-el-deterioro-nutricional-en-mayores\" target=\"_blank\" rel=\"noreferrer noopener\">Diariofarma<\/a>, <a href=\"https:\/\/www.europapress.es\/nacional\/noticia-campana-fomenta-envejecimiento-saludable-farmacia-comunitaria-20220412111328.html\" target=\"_blank\" rel=\"noreferrer noopener\">Europa Press<\/a>,<a href=\"https:\/\/vozlibre.com\/inbox\/intervencion-farmaceutica-deteccion-prevencion-deterioro-nutricional-funcional-personas-mayores-65-anos-51549\/\" target=\"_blank\" rel=\"noreferrer noopener\"> La Voz Libre<\/a>, <a href=\"https:\/\/www.phmk.es\/i-d\/envejecer-con-salud-que-papel-juegan-los-profesionales-sanitarios\" target=\"_blank\" rel=\"noreferrer noopener\">Pharma Market<\/a>, <a href=\"https:\/\/www.imfarmacias.es\/noticia\/28100\/una-campana-farmaceutica-fomenta-el-envejecimiento-saludable.html\" target=\"_blank\" rel=\"noreferrer noopener\">imFarmacias<\/a>. <\/p>\n\n\n\n<figure class=\"wp-block-image size-large\"><img decoding=\"async\" src=\"https:\/\/blog.cofb.cat\/wp-content\/uploads\/2022\/05\/COFB-Europa-Press-imFarmacias-110522-1024x724.png\" alt=\"\" class=\"wp-image-63479\"\/><\/figure>\n\n\n\n<h2 class=\"wp-block-heading\"><strong>Cicle formatiu del COFB &#8220;Els matins PROA<\/strong>&#8220;<\/h2>\n\n\n\n<p>El passat 27 d&#8217;abril, des del Col\u00b7legi es va enviar una <a href=\"https:\/\/www.cofb.org\/sala-de-premsa\/notes-premsa\/-\/asset_publisher\/GVZR6OjauRsN\/content\/farmaceutics-es-de-l-ambit-hospitalari-es-formen-sobre-les-diferents-estrategies-a-seguir-per-optimitzar-l-us-d-antimicrobians\/maximized?inheritRedirect=false&amp;redirect=https%3A%2F%2Fwww.cofb.org%2Fsala-de-premsa%2Fnotes-premsa%3Fp_p_id%3D101_INSTANCE_GVZR6OjauRsN%26p_p_lifecycle%3D0%26p_p_state%3Dnormal%26p_p_mode%3Dview%26p_p_col_id%3Dcolumn-3%26p_p_col_count%3D1%26_101_INSTANCE_GVZR6OjauRsN_advancedSearch%3Dfalse%26_101_INSTANCE_GVZR6OjauRsN_keywords%3D%26_101_INSTANCE_GVZR6OjauRsN_delta%3D5%26p_r_p_564233524_resetCur%3Dfalse%26_101_INSTANCE_GVZR6OjauRsN_cur%3D1%26_101_INSTANCE_GVZR6OjauRsN_andOperator%3Dtrue&amp;p_p_state=maximized\" target=\"_blank\" rel=\"noreferrer noopener\">nota de premsa<\/a> sobre &#8220;<strong>Els matins PROA<\/strong>&#8220;, un cicle formatiu centrat en els <strong>Programes d&#8217;Optimitzaci\u00f3 d&#8217;Antimicrobians (PROA)<\/strong>, amb l&#8217;objectiu de donar m\u00e9s eines als farmac\u00e8utics\/es de l&#8217;\u00e0mbit hospitalari per familiaritzar-se amb aquests programes PROA, con\u00e8ixer les diferents estrat\u00e8gies per millorar l&#8217;administraci\u00f3 dels antimicrobians, fer un \u00fas correcte d&#8217;aquests en situacions especials, i con\u00e8ixer el maneig de les interaccions farmacol\u00f2giques amb altres medicaments concomitants.  La formaci\u00f3, que va comptar amb el patrocini de <strong>Menarini<\/strong>, va estar coordinada pel vocal d&#8217;Hospitals del COFB, <strong>David Conde, <\/strong>i la presidenta de la SCFC,<strong> Edurne Fern\u00e1ndez . <\/strong>Diferents mitjans de la premsa especialitzada van recollir la nota de premsa: <a href=\"https:\/\/www.diariofarma.com\/2022\/04\/27\/estrategias-para-optimizar-el-uso-de-antimicrobianos-en-farmacia-hospitalaria\">Diariofarma<\/a>, <a href=\"https:\/\/www.farmaventas.es\/noticias-del-sector\/12818-farmaceuticos-as-del-ambito-hospitalario-se-forman-sobre-las-diferentes-estrategias-a-seguir-para-optimizar-el-uso-de-antimicrobianos.html\">Farmaventas<\/a>, <a href=\"https:\/\/www.imfarmacias.es\/noticia\/28270\/farmaceuticos-de-barcelona-optimizan-el-uso-de-antimicrobianos.html\" target=\"_blank\" rel=\"noreferrer noopener\">imFarmacias<\/a>, <a href=\"https:\/\/www.pmfarma.es\/noticias\/33947-farmaceuticosas-del-ambito-hospitalario-se-forman-sobre-las-diferentes-estrategias-a-seguir-para-optimizar-el-uso-de-antimicrobianos.html\" target=\"_blank\" rel=\"noreferrer noopener\">PM Farma<\/a> i <a href=\"https:\/\/revistaacofar.com\/actualidad\/noticias\/farmaceuticos-hospitalarios-se-forman-para-optimizar-el-uso-de-antimicrobianos\/\" target=\"_blank\" rel=\"noreferrer noopener\">Revista Acofar<\/a>.<\/p>\n\n\n\n<figure class=\"wp-block-image size-large\"><img decoding=\"async\" src=\"https:\/\/blog.cofb.cat\/wp-content\/uploads\/2022\/05\/COFB-Diariofarma-farmaventas-11052022-1024x724.png\" alt=\"\" class=\"wp-image-63480\"\/><\/figure>\n\n\n\n<h2 class=\"wp-block-heading\"><strong>Abordatge del son i les seves implicacions en la salut<\/strong><\/h2>\n\n\n\n<p>El <strong>Col\u00b7legi de Farmac\u00e8utics de Barcelona<\/strong> i <strong>AdSalutem <\/strong>van impulsar el curs <strong>&#8220;Abordatge del son i les seves implicacions en la<\/strong> <strong>salut&#8221;<\/strong>, amb el patrocini de <strong>ResMed<\/strong>, tal com s&#8217;informava en la <a href=\"https:\/\/www.cofb.org\/sala-de-premsa\/notes-premsa\/-\/asset_publisher\/GVZR6OjauRsN\/content\/el-cof-de-barcelona-i-adsalutem-impulsen-el-curs-abordatge-del-son-i-les-seves-implicacions-en-la-salut-obert-a-farmaceutics-es-de-tota-espanya-en-mod\/maximized?inheritRedirect=false&amp;redirect=https%3A%2F%2Fwww.cofb.org%2Fsala-de-premsa%2Fnotes-premsa%3Fp_p_id%3D101_INSTANCE_GVZR6OjauRsN%26p_p_lifecycle%3D0%26p_p_state%3Dnormal%26p_p_mode%3Dview%26p_p_col_id%3Dcolumn-3%26p_p_col_count%3D1%26_101_INSTANCE_GVZR6OjauRsN_advancedSearch%3Dfalse%26_101_INSTANCE_GVZR6OjauRsN_keywords%3D%26_101_INSTANCE_GVZR6OjauRsN_delta%3D5%26p_r_p_564233524_resetCur%3Dfalse%26_101_INSTANCE_GVZR6OjauRsN_cur%3D2%26_101_INSTANCE_GVZR6OjauRsN_andOperator%3Dtrue&amp;p_p_state=maximized\" target=\"_blank\" rel=\"noreferrer noopener\">nota de premsa <\/a>enviada el 6 d&#8217;abril des del COFB. Van recollir-la <a href=\"https:\/\/www.diariofarma.com\/2022\/04\/06\/el-cof-de-barcelona-aborda-las-implicaciones-del-sueno-en-la-salud\" target=\"_blank\" rel=\"noreferrer noopener\">Diariofarma<\/a>, <a href=\"https:\/\/www.imfarmacias.es\/noticia\/28024\/abordaje-del-sueno-y-sus-implicaciones-en-la-salud-la-iniciativa-d.html\" target=\"_blank\" rel=\"noreferrer noopener\">imFarmacias<\/a>, <a href=\"https:\/\/revistaacofar.com\/actualidad\/noticias\/el-sueno-y-sus-implicaciones-en-la-salud-protagonistas-de-un-curso-organizado-por-el-cofb\/\" target=\"_blank\" rel=\"noreferrer noopener\">Revista Acofar<\/a>, <a href=\"https:\/\/www.pmfarma.es\/noticias\/33787-el-cof-de-barcelona-y-adsalutem-impulsan-el-curso-abordaje-del-sueno-y-sus-implicaciones-en-la-salud-en-modalidad-hibrida.html\" target=\"_blank\" rel=\"noreferrer noopener\">PMFarma<\/a> i <a href=\"https:\/\/www.phmk.es\/farmacia\/el-cof-de-barcelona-organiza-una-formacion-para-promover-desde-la-farmacia-habitos-de-sueno-y-estilos-de-vida-saludables\" target=\"_blank\" rel=\"noreferrer noopener\">Pharma Market<\/a>. La formaci\u00f3, que havia de comen\u00e7ar el 25 d&#8217;abril i tenia com a objectiu promoure des de la farm\u00e0cia <strong>h\u00e0bits de son i estils de vida saludables en diferents \u00e0mbits i grups de la poblaci\u00f3<\/strong>, finalment es va posposar per a m\u00e9s endavant.  <\/p>\n\n\n\n<figure class=\"wp-block-image size-large\"><img decoding=\"async\" src=\"https:\/\/blog.cofb.cat\/wp-content\/uploads\/2022\/05\/COFB-imFarmacias-PMfarma-110522-1024x724.png\" alt=\"\" class=\"wp-image-63481\"\/><\/figure>\n\n\n\n<h2 class=\"wp-block-heading\"><strong>El COFB com a font d&#8217;informaci\u00f3<\/strong> <\/h2>\n\n\n\n<h3 class=\"wp-block-heading\"><strong>La dispensaci\u00f3 de Paxlovid<\/strong> <strong>a trav\u00e9s de les farm\u00e0cies comunit\u00e0ries<\/strong><\/h3>\n\n\n\n<p><strong>Catalunya <\/strong>\u00e9s una de les comunitats aut\u00f2nomes que <strong>dispensa, a trav\u00e9s de les farm\u00e0cies comunit\u00e0ries, el medicament contra la COVID-19<\/strong> anomenat <strong>Paxlovid<\/strong>. Tal com es va informar des del COFB a <a href=\"https:\/\/www.diariomedico.com\/farmacia\/comunitaria\/politica\/las-farmacias-de-andalucia-dispensan-ya-paxlovid-en-receta-electronica.html\" target=\"_blank\" rel=\"noreferrer noopener\">Diario M\u00e9dico<\/a>, <strong>&#8220;aquest circuit continua posant en valor la tasca assistencial del farmac\u00e8utic comunitari i dels magatzems de distribuci\u00f3 en la cust\u00f2dia, distribuci\u00f3 i dispensaci\u00f3 de medicaci\u00f3,<\/strong> evidenciada ja en altres projectes duts a terme amb l&#8217;administraci\u00f3 sanit\u00e0ria catalana, aix\u00ed com la distribuci\u00f3 geogr\u00e0fica i la capil\u00b7laritat de la xarxa de farm\u00e0cies per facilitar l&#8217;acc\u00e9s dels medicaments a la poblaci\u00f3\u201d. D&#8217;aquesta novetat tamb\u00e9 es va fer ress\u00f2 El Mundo, a la seva versi\u00f3 en paper. <\/p>\n\n\n\n<h2 class=\"wp-block-heading\"><strong>Mencions al COFB<\/strong><\/h2>\n\n\n\n<h3 class=\"wp-block-heading\"><strong>Iniciatives per a un \u00fas racional dels medicaments<\/strong><\/h3>\n\n\n\n<p><a href=\"https:\/\/www.diariomedico.com\/farmacia\/politica\/la-receta-para-un-uso-racional-de-medicamentos.html\" target=\"_blank\" rel=\"noreferrer noopener\">Diario M\u00e9dico<\/a> va fer un reportatge sobre l<strong>&#8216;\u00fas racional dels medicaments<\/strong>, en el marc del qual va fer menci\u00f3 a <strong>diferents iniciatives<\/strong> impulsades pel CatSalut, conjuntament al Departament de Salut, el Consell de Col\u00b7legis de Farmac\u00e8utics de Catalunya (CCFC) i els col\u00b7legis farmac\u00e8utics provincials. Els projectes que es van destacar van ser els programes de <strong>dispensacions elevades, primeres dispensacions i educaci\u00f3 sanit\u00e0ria per al bon \u00fas dels medicaments (PESBUM).  <\/strong><\/p>\n\n\n\n<figure class=\"wp-block-image size-large\"><img decoding=\"async\" src=\"https:\/\/blog.cofb.cat\/wp-content\/uploads\/2022\/05\/COFB-Diario-Medico-El-Farmaceutico-110522-1024x724.png\" alt=\"\" class=\"wp-image-63482\"\/><\/figure>\n\n\n\n<h3 class=\"wp-block-heading\"><strong>Jornada SEFAC<\/strong> <strong>sobre SPD<\/strong><\/h3>\n\n\n\n<p>Durant la <strong>Jornada Nacional sobre SPD <\/strong>que va organitzar la <strong>Societat Espanyola de Farm\u00e0cia Cl\u00ednica, Familiar i Comunit\u00e0ria (SEFAC)<\/strong> a Madrid amb m\u00e9s de 150 assistents, es va posar en evid\u00e8ncia que els <strong>Sistemes Personalitzats de Dosificaci\u00f3 (SPD)<\/strong> poden jugar un paper essencial per millorar l&#8217;<strong>adher\u00e8ncia terap\u00e8utica<\/strong> de <strong>pacients cr\u00f2nics i polimedicats<\/strong>, tal com informava <a href=\"https:\/\/www.elfarmaceutico.es\/tendencias\/esta-pasando\/noticias\/sefac-150-asistentes-jornada-sobre-spd_150985_102.html\" target=\"_blank\" rel=\"noreferrer noopener\">El Farmac\u00e9utico<\/a>. <strong>Guillermo Bagar\u00eda<\/strong>,  vocal d&#8217;Oficina de Farm\u00e0cia i responsable de d&#8217;Atenci\u00f3 Farmac\u00e8utica del COFB, va participar en una sessi\u00f3, on va parlar sobre experi\u00e8ncies de col\u00b7laboraci\u00f3 amb l&#8217;Administraci\u00f3 en la implantaci\u00f3 del servei d&#8217;SPD.<\/p>\n","protected":false},"excerpt":{"rendered":"<p>Infarma Madrid 2022 L&#8217;\u00fas terap\u00e8utic del c\u00e0nnabis El passat 5 d&#8217;abril, des de l&#8217;organitzaci\u00f3 d&#8217;Infarma es va enviar una nota de premsa sobre una de les taules que va tenir lloc en el marc del Congr\u00e9s: &#8220;\u00das terap\u00e8utic del c\u00e0nnabis. Reivindicaci\u00f3 social vs. impacte de salut&#8221;. Guillermo Bagar\u00eda, vocal d&#8217;Oficina [&hellip;]<\/p>\n","protected":false},"author":1,"featured_media":78717,"comment_status":"open","ping_status":"open","sticky":false,"template":"","format":"standard","meta":{"_uag_custom_page_level_css":"","site-sidebar-layout":"default","site-content-layout":"","ast-site-content-layout":"default","site-content-style":"default","site-sidebar-style":"default","ast-global-header-display":"","ast-banner-title-visibility":"","ast-main-header-display":"","ast-hfb-above-header-display":"","ast-hfb-below-header-display":"","ast-hfb-mobile-header-display":"","site-post-title":"","ast-breadcrumbs-content":"","ast-featured-img":"disabled","footer-sml-layout":"","theme-transparent-header-meta":"","adv-header-id-meta":"","stick-header-meta":"","header-above-stick-meta":"","header-main-stick-meta":"","header-below-stick-meta":"","astra-migrate-meta-layouts":"set","ast-page-background-enabled":"default","ast-page-background-meta":{"desktop":{"background-color":"var(--ast-global-color-4)","background-image":"","background-repeat":"repeat","background-position":"center center","background-size":"auto","background-attachment":"scroll","background-type":"","background-media":"","overlay-type":"","overlay-color":"","overlay-opacity":"","overlay-gradient":""},"tablet":{"background-color":"","background-image":"","background-repeat":"repeat","background-position":"center center","background-size":"auto","background-attachment":"scroll","background-type":"","background-media":"","overlay-type":"","overlay-color":"","overlay-opacity":"","overlay-gradient":""},"mobile":{"background-color":"","background-image":"","background-repeat":"repeat","background-position":"center center","background-size":"auto","background-attachment":"scroll","background-type":"","background-media":"","overlay-type":"","overlay-color":"","overlay-opacity":"","overlay-gradient":""}},"ast-content-background-meta":{"desktop":{"background-color":"var(--ast-global-color-5)","background-image":"","background-repeat":"repeat","background-position":"center center","background-size":"auto","background-attachment":"scroll","background-type":"","background-media":"","overlay-type":"","overlay-color":"","overlay-opacity":"","overlay-gradient":""},"tablet":{"background-color":"var(--ast-global-color-5)","background-image":"","background-repeat":"repeat","background-position":"center center","background-size":"auto","background-attachment":"scroll","background-type":"","background-media":"","overlay-type":"","overlay-color":"","overlay-opacity":"","overlay-gradient":""},"mobile":{"background-color":"var(--ast-global-color-5)","background-image":"","background-repeat":"repeat","background-position":"center center","background-size":"auto","background-attachment":"scroll","background-type":"","background-media":"","overlay-type":"","overlay-color":"","overlay-opacity":"","overlay-gradient":""}},"footnotes":""},"categories":[23,32],"tags":[640,393,685,18,19,594,68,69,480,70,574,686,45,459,687,597,46,117,688],"class_list":["post-63299","post","type-post","status-publish","format-standard","has-post-thumbnail","hentry","category-destacats","category-noticies-farmacia","tag-abordatge-del-son","tag-cannabis","tag-cicles-formatius","tag-cofb","tag-collegi-de-farmaceutics-de-barcelona","tag-envelliment-saludable","tag-farmacia","tag-farmacia-comunitaria","tag-farmacia-hospitalaria","tag-formacio","tag-infarma-madrid-2022","tag-informacio","tag-medicaments","tag-mitjans","tag-mitjans-de-comuniacio","tag-notes-de-premsa","tag-nutricio","tag-salut","tag-us-racional"],"yoast_head":"<!-- This site is optimized with the Yoast SEO plugin v22.4 - https:\/\/yoast.com\/wordpress\/plugins\/seo\/ -->\n<title>Abril: Les taules d&#039;Infarma sobre l&#039;\u00fas terap\u00e8utic del c\u00e0nnabis i l&#039;envelliment saludable, i el cicle formatiu del COFB &#039;Els matins PROA&#039;, temes m\u00e9s destacats als mitjans - Col\u00b7legi de Farmac\u00e8utics de Barcelona<\/title>\n<meta name=\"description\" content=\"L&#039;\u00fas terap\u00e8utic del c\u00e0nnabis i envelliment saludable, i el cicle formatiu del COFB &#039;Els matins PROA&#039;, temes m\u00e9s destacats als mitjans.\" \/>\n<meta name=\"robots\" content=\"index, follow, max-snippet:-1, max-image-preview:large, max-video-preview:-1\" \/>\n<link rel=\"canonical\" href=\"https:\/\/www.cofb.org\/ca\/2022\/05\/18\/abril-les-taules-dinfarma-sobre-us-terapeutic-del-cannabis-i-envelliment-saludable-i-el-cicle-formatiu-del-cofb-els-matins-proa-temes-mes-destacats-als-mitjans\/\" \/>\n<meta property=\"og:locale\" content=\"ca_ES\" \/>\n<meta property=\"og:type\" content=\"article\" \/>\n<meta property=\"og:title\" content=\"Abril: Les taules d&#039;Infarma sobre l&#039;\u00fas terap\u00e8utic del c\u00e0nnabis i l&#039;envelliment saludable, i el cicle formatiu del COFB &#039;Els matins PROA&#039;, temes m\u00e9s destacats als mitjans - Col\u00b7legi de Farmac\u00e8utics de Barcelona\" \/>\n<meta property=\"og:description\" content=\"L&#039;\u00fas terap\u00e8utic del c\u00e0nnabis i envelliment saludable, i el cicle formatiu del COFB &#039;Els matins PROA&#039;, temes m\u00e9s destacats als mitjans.\" \/>\n<meta property=\"og:url\" content=\"https:\/\/www.cofb.org\/ca\/2022\/05\/18\/abril-les-taules-dinfarma-sobre-us-terapeutic-del-cannabis-i-envelliment-saludable-i-el-cicle-formatiu-del-cofb-els-matins-proa-temes-mes-destacats-als-mitjans\/\" \/>\n<meta property=\"og:site_name\" content=\"Col\u00b7legi de Farmac\u00e8utics de Barcelona\" \/>\n<meta property=\"article:publisher\" content=\"https:\/\/www.facebook.com\/farmaceuticsbcn\/\" \/>\n<meta property=\"article:published_time\" content=\"2022-05-18T14:47:39+00:00\" \/>\n<meta property=\"article:modified_time\" content=\"2024-07-04T15:50:47+00:00\" \/>\n<meta property=\"og:image\" content=\"https:\/\/www.cofb.org\/wp-content\/uploads\/2022\/05\/Abril-2022.jpg\" \/>\n\t<meta property=\"og:image:width\" content=\"1170\" \/>\n\t<meta property=\"og:image:height\" content=\"580\" \/>\n\t<meta property=\"og:image:type\" content=\"image\/jpeg\" \/>\n<meta name=\"author\" content=\"wpAdminCofbOrg\" \/>\n<meta name=\"twitter:card\" content=\"summary_large_image\" \/>\n<meta name=\"twitter:creator\" content=\"@farmaceuticsbcn\" \/>\n<meta name=\"twitter:site\" content=\"@farmaceuticsbcn\" \/>\n<meta name=\"twitter:label1\" content=\"Escrit per\" \/>\n\t<meta name=\"twitter:data1\" content=\"wpAdminCofbOrg\" \/>\n\t<meta name=\"twitter:label2\" content=\"Temps estimat de lectura\" \/>\n\t<meta name=\"twitter:data2\" content=\"6 minuts\" \/>\n<script type=\"application\/ld+json\" class=\"yoast-schema-graph\">{\"@context\":\"https:\/\/schema.org\",\"@graph\":[{\"@type\":\"Article\",\"@id\":\"https:\/\/www.cofb.org\/2022\/05\/18\/abril-les-taules-dinfarma-sobre-us-terapeutic-del-cannabis-i-envelliment-saludable-i-el-cicle-formatiu-del-cofb-els-matins-proa-temes-mes-destacats-als-mitjans\/#article\",\"isPartOf\":{\"@id\":\"https:\/\/www.cofb.org\/2022\/05\/18\/abril-les-taules-dinfarma-sobre-us-terapeutic-del-cannabis-i-envelliment-saludable-i-el-cicle-formatiu-del-cofb-els-matins-proa-temes-mes-destacats-als-mitjans\/\"},\"author\":{\"name\":\"wpAdminCofbOrg\",\"@id\":\"https:\/\/www.cofb.org\/#\/schema\/person\/22ed7eea88da74b0fa4d3154ad87ffcb\"},\"headline\":\"Abril: Les taules d&#8217;Infarma sobre l&#8217;\u00fas terap\u00e8utic del c\u00e0nnabis i l&#8217;envelliment saludable, i el cicle formatiu del COFB &#8216;Els matins PROA&#8217;, temes m\u00e9s destacats als mitjans\",\"datePublished\":\"2022-05-18T14:47:39+00:00\",\"dateModified\":\"2024-07-04T15:50:47+00:00\",\"mainEntityOfPage\":{\"@id\":\"https:\/\/www.cofb.org\/2022\/05\/18\/abril-les-taules-dinfarma-sobre-us-terapeutic-del-cannabis-i-envelliment-saludable-i-el-cicle-formatiu-del-cofb-els-matins-proa-temes-mes-destacats-als-mitjans\/\"},\"wordCount\":878,\"commentCount\":0,\"publisher\":{\"@id\":\"https:\/\/www.cofb.org\/#organization\"},\"image\":{\"@id\":\"https:\/\/www.cofb.org\/2022\/05\/18\/abril-les-taules-dinfarma-sobre-us-terapeutic-del-cannabis-i-envelliment-saludable-i-el-cicle-formatiu-del-cofb-els-matins-proa-temes-mes-destacats-als-mitjans\/#primaryimage\"},\"thumbnailUrl\":\"https:\/\/www.cofb.org\/wp-content\/uploads\/2022\/05\/Abril-2022.jpg\",\"keywords\":[\"abordatge del son\",\"c\u00e0nnabis\",\"cicles formatius\",\"COFB\",\"Col\u00b7legi de Farmac\u00e8utics de Barcelona\",\"envelliment saludable\",\"Farm\u00e0cia\",\"farm\u00e0cia comunit\u00e0ria\",\"farm\u00e0cia hospital\u00e0ria\",\"Formaci\u00f3\",\"Infarma Madrid 2022\",\"informaci\u00f3\",\"medicaments\",\"Mitjans\",\"mitjans de comuniaci\u00f3\",\"notes de premsa\",\"Nutrici\u00f3\",\"salut\",\"\u00fas racional\"],\"articleSection\":[\"Destacats\",\"Not\u00edcies farm\u00e0cia\"],\"inLanguage\":\"ca\",\"potentialAction\":[{\"@type\":\"CommentAction\",\"name\":\"Comment\",\"target\":[\"https:\/\/www.cofb.org\/2022\/05\/18\/abril-les-taules-dinfarma-sobre-us-terapeutic-del-cannabis-i-envelliment-saludable-i-el-cicle-formatiu-del-cofb-els-matins-proa-temes-mes-destacats-als-mitjans\/#respond\"]}]},{\"@type\":\"WebPage\",\"@id\":\"https:\/\/www.cofb.org\/2022\/05\/18\/abril-les-taules-dinfarma-sobre-us-terapeutic-del-cannabis-i-envelliment-saludable-i-el-cicle-formatiu-del-cofb-els-matins-proa-temes-mes-destacats-als-mitjans\/\",\"url\":\"https:\/\/www.cofb.org\/2022\/05\/18\/abril-les-taules-dinfarma-sobre-us-terapeutic-del-cannabis-i-envelliment-saludable-i-el-cicle-formatiu-del-cofb-els-matins-proa-temes-mes-destacats-als-mitjans\/\",\"name\":\"Abril: Les taules d'Infarma sobre l'\u00fas terap\u00e8utic del c\u00e0nnabis i l'envelliment saludable, i el cicle formatiu del COFB 'Els matins PROA', temes m\u00e9s destacats als mitjans - Col\u00b7legi de Farmac\u00e8utics de Barcelona\",\"isPartOf\":{\"@id\":\"https:\/\/www.cofb.org\/#website\"},\"primaryImageOfPage\":{\"@id\":\"https:\/\/www.cofb.org\/2022\/05\/18\/abril-les-taules-dinfarma-sobre-us-terapeutic-del-cannabis-i-envelliment-saludable-i-el-cicle-formatiu-del-cofb-els-matins-proa-temes-mes-destacats-als-mitjans\/#primaryimage\"},\"image\":{\"@id\":\"https:\/\/www.cofb.org\/2022\/05\/18\/abril-les-taules-dinfarma-sobre-us-terapeutic-del-cannabis-i-envelliment-saludable-i-el-cicle-formatiu-del-cofb-els-matins-proa-temes-mes-destacats-als-mitjans\/#primaryimage\"},\"thumbnailUrl\":\"https:\/\/www.cofb.org\/wp-content\/uploads\/2022\/05\/Abril-2022.jpg\",\"datePublished\":\"2022-05-18T14:47:39+00:00\",\"dateModified\":\"2024-07-04T15:50:47+00:00\",\"description\":\"L'\u00fas terap\u00e8utic del c\u00e0nnabis i envelliment saludable, i el cicle formatiu del COFB 'Els matins PROA', temes m\u00e9s destacats als mitjans.\",\"breadcrumb\":{\"@id\":\"https:\/\/www.cofb.org\/2022\/05\/18\/abril-les-taules-dinfarma-sobre-us-terapeutic-del-cannabis-i-envelliment-saludable-i-el-cicle-formatiu-del-cofb-els-matins-proa-temes-mes-destacats-als-mitjans\/#breadcrumb\"},\"inLanguage\":\"ca\",\"potentialAction\":[{\"@type\":\"ReadAction\",\"target\":[\"https:\/\/www.cofb.org\/2022\/05\/18\/abril-les-taules-dinfarma-sobre-us-terapeutic-del-cannabis-i-envelliment-saludable-i-el-cicle-formatiu-del-cofb-els-matins-proa-temes-mes-destacats-als-mitjans\/\"]}]},{\"@type\":\"ImageObject\",\"inLanguage\":\"ca\",\"@id\":\"https:\/\/www.cofb.org\/2022\/05\/18\/abril-les-taules-dinfarma-sobre-us-terapeutic-del-cannabis-i-envelliment-saludable-i-el-cicle-formatiu-del-cofb-els-matins-proa-temes-mes-destacats-als-mitjans\/#primaryimage\",\"url\":\"https:\/\/www.cofb.org\/wp-content\/uploads\/2022\/05\/Abril-2022.jpg\",\"contentUrl\":\"https:\/\/www.cofb.org\/wp-content\/uploads\/2022\/05\/Abril-2022.jpg\",\"width\":1170,\"height\":580},{\"@type\":\"BreadcrumbList\",\"@id\":\"https:\/\/www.cofb.org\/2022\/05\/18\/abril-les-taules-dinfarma-sobre-us-terapeutic-del-cannabis-i-envelliment-saludable-i-el-cicle-formatiu-del-cofb-els-matins-proa-temes-mes-destacats-als-mitjans\/#breadcrumb\",\"itemListElement\":[{\"@type\":\"ListItem\",\"position\":1,\"name\":\"Inici\",\"item\":\"https:\/\/novaorg.cofb.net\/\"},{\"@type\":\"ListItem\",\"position\":2,\"name\":\"Abril: Les taules d&#8217;Infarma sobre l&#8217;\u00fas terap\u00e8utic del c\u00e0nnabis i l&#8217;envelliment saludable, i el cicle formatiu del COFB &#8216;Els matins PROA&#8217;, temes m\u00e9s destacats als mitjans\"}]},{\"@type\":\"WebSite\",\"@id\":\"https:\/\/www.cofb.org\/#website\",\"url\":\"https:\/\/www.cofb.org\/\",\"name\":\"Col\u00b7legi de Farmac\u00e8utics de Barcelona\",\"description\":\"\",\"publisher\":{\"@id\":\"https:\/\/www.cofb.org\/#organization\"},\"potentialAction\":[{\"@type\":\"SearchAction\",\"target\":{\"@type\":\"EntryPoint\",\"urlTemplate\":\"https:\/\/www.cofb.org\/?s={search_term_string}\"},\"query-input\":\"required name=search_term_string\"}],\"inLanguage\":\"ca\"},{\"@type\":\"Organization\",\"@id\":\"https:\/\/www.cofb.org\/#organization\",\"name\":\"Col\u00b7legi de Farmac\u00e8utics de Barcelona\",\"url\":\"https:\/\/www.cofb.org\/\",\"logo\":{\"@type\":\"ImageObject\",\"inLanguage\":\"ca\",\"@id\":\"https:\/\/www.cofb.org\/#\/schema\/logo\/image\/\",\"url\":\"https:\/\/www.cofb.org\/wp-content\/uploads\/2023\/11\/cropped-Logotip-COFB.png\",\"contentUrl\":\"https:\/\/www.cofb.org\/wp-content\/uploads\/2023\/11\/cropped-Logotip-COFB.png\",\"width\":500,\"height\":105,\"caption\":\"Col\u00b7legi de Farmac\u00e8utics de Barcelona\"},\"image\":{\"@id\":\"https:\/\/www.cofb.org\/#\/schema\/logo\/image\/\"},\"sameAs\":[\"https:\/\/www.facebook.com\/farmaceuticsbcn\/\",\"https:\/\/twitter.com\/farmaceuticsbcn\",\"https:\/\/www.instagram.com\/farmaceuticsbcn\/\",\"https:\/\/www.linkedin.com\/company\/farmaceuticsbcn\/\"]},{\"@type\":\"Person\",\"@id\":\"https:\/\/www.cofb.org\/#\/schema\/person\/22ed7eea88da74b0fa4d3154ad87ffcb\",\"name\":\"wpAdminCofbOrg\",\"image\":{\"@type\":\"ImageObject\",\"inLanguage\":\"ca\",\"@id\":\"https:\/\/www.cofb.org\/#\/schema\/person\/image\/\",\"url\":\"https:\/\/secure.gravatar.com\/avatar\/1721b20b3b8ca882c3b56ec6c978c594fff670e40c0718e9190eaeeb76aae7d8?s=96&d=mm&r=g\",\"contentUrl\":\"https:\/\/secure.gravatar.com\/avatar\/1721b20b3b8ca882c3b56ec6c978c594fff670e40c0718e9190eaeeb76aae7d8?s=96&d=mm&r=g\",\"caption\":\"wpAdminCofbOrg\"},\"sameAs\":[\"http:\/\/192.168.64.122\/wordpress\"],\"url\":\"https:\/\/www.cofb.org\/ca\/author\/wpadmincofborg\/\"}]}<\/script>\n<!-- \/ Yoast SEO plugin. -->","yoast_head_json":{"title":"Abril: Les taules d'Infarma sobre l'\u00fas terap\u00e8utic del c\u00e0nnabis i l'envelliment saludable, i el cicle formatiu del COFB 'Els matins PROA', temes m\u00e9s destacats als mitjans - Col\u00b7legi de Farmac\u00e8utics de Barcelona","description":"L'\u00fas terap\u00e8utic del c\u00e0nnabis i envelliment saludable, i el cicle formatiu del COFB 'Els matins PROA', temes m\u00e9s destacats als mitjans.","robots":{"index":"index","follow":"follow","max-snippet":"max-snippet:-1","max-image-preview":"max-image-preview:large","max-video-preview":"max-video-preview:-1"},"canonical":"https:\/\/www.cofb.org\/ca\/2022\/05\/18\/abril-les-taules-dinfarma-sobre-us-terapeutic-del-cannabis-i-envelliment-saludable-i-el-cicle-formatiu-del-cofb-els-matins-proa-temes-mes-destacats-als-mitjans\/","og_locale":"ca_ES","og_type":"article","og_title":"Abril: Les taules d'Infarma sobre l'\u00fas terap\u00e8utic del c\u00e0nnabis i l'envelliment saludable, i el cicle formatiu del COFB 'Els matins PROA', temes m\u00e9s destacats als mitjans - Col\u00b7legi de Farmac\u00e8utics de Barcelona","og_description":"L'\u00fas terap\u00e8utic del c\u00e0nnabis i envelliment saludable, i el cicle formatiu del COFB 'Els matins PROA', temes m\u00e9s destacats als mitjans.","og_url":"https:\/\/www.cofb.org\/ca\/2022\/05\/18\/abril-les-taules-dinfarma-sobre-us-terapeutic-del-cannabis-i-envelliment-saludable-i-el-cicle-formatiu-del-cofb-els-matins-proa-temes-mes-destacats-als-mitjans\/","og_site_name":"Col\u00b7legi de Farmac\u00e8utics de Barcelona","article_publisher":"https:\/\/www.facebook.com\/farmaceuticsbcn\/","article_published_time":"2022-05-18T14:47:39+00:00","article_modified_time":"2024-07-04T15:50:47+00:00","og_image":[{"width":1170,"height":580,"url":"https:\/\/www.cofb.org\/wp-content\/uploads\/2022\/05\/Abril-2022.jpg","type":"image\/jpeg"}],"author":"wpAdminCofbOrg","twitter_card":"summary_large_image","twitter_creator":"@farmaceuticsbcn","twitter_site":"@farmaceuticsbcn","twitter_misc":{"Escrit per":"wpAdminCofbOrg","Temps estimat de lectura":"6 minuts"},"schema":{"@context":"https:\/\/schema.org","@graph":[{"@type":"Article","@id":"https:\/\/www.cofb.org\/2022\/05\/18\/abril-les-taules-dinfarma-sobre-us-terapeutic-del-cannabis-i-envelliment-saludable-i-el-cicle-formatiu-del-cofb-els-matins-proa-temes-mes-destacats-als-mitjans\/#article","isPartOf":{"@id":"https:\/\/www.cofb.org\/2022\/05\/18\/abril-les-taules-dinfarma-sobre-us-terapeutic-del-cannabis-i-envelliment-saludable-i-el-cicle-formatiu-del-cofb-els-matins-proa-temes-mes-destacats-als-mitjans\/"},"author":{"name":"wpAdminCofbOrg","@id":"https:\/\/www.cofb.org\/#\/schema\/person\/22ed7eea88da74b0fa4d3154ad87ffcb"},"headline":"Abril: Les taules d&#8217;Infarma sobre l&#8217;\u00fas terap\u00e8utic del c\u00e0nnabis i l&#8217;envelliment saludable, i el cicle formatiu del COFB &#8216;Els matins PROA&#8217;, temes m\u00e9s destacats als mitjans","datePublished":"2022-05-18T14:47:39+00:00","dateModified":"2024-07-04T15:50:47+00:00","mainEntityOfPage":{"@id":"https:\/\/www.cofb.org\/2022\/05\/18\/abril-les-taules-dinfarma-sobre-us-terapeutic-del-cannabis-i-envelliment-saludable-i-el-cicle-formatiu-del-cofb-els-matins-proa-temes-mes-destacats-als-mitjans\/"},"wordCount":878,"commentCount":0,"publisher":{"@id":"https:\/\/www.cofb.org\/#organization"},"image":{"@id":"https:\/\/www.cofb.org\/2022\/05\/18\/abril-les-taules-dinfarma-sobre-us-terapeutic-del-cannabis-i-envelliment-saludable-i-el-cicle-formatiu-del-cofb-els-matins-proa-temes-mes-destacats-als-mitjans\/#primaryimage"},"thumbnailUrl":"https:\/\/www.cofb.org\/wp-content\/uploads\/2022\/05\/Abril-2022.jpg","keywords":["abordatge del son","c\u00e0nnabis","cicles formatius","COFB","Col\u00b7legi de Farmac\u00e8utics de Barcelona","envelliment saludable","Farm\u00e0cia","farm\u00e0cia comunit\u00e0ria","farm\u00e0cia hospital\u00e0ria","Formaci\u00f3","Infarma Madrid 2022","informaci\u00f3","medicaments","Mitjans","mitjans de comuniaci\u00f3","notes de premsa","Nutrici\u00f3","salut","\u00fas racional"],"articleSection":["Destacats","Not\u00edcies farm\u00e0cia"],"inLanguage":"ca","potentialAction":[{"@type":"CommentAction","name":"Comment","target":["https:\/\/www.cofb.org\/2022\/05\/18\/abril-les-taules-dinfarma-sobre-us-terapeutic-del-cannabis-i-envelliment-saludable-i-el-cicle-formatiu-del-cofb-els-matins-proa-temes-mes-destacats-als-mitjans\/#respond"]}]},{"@type":"WebPage","@id":"https:\/\/www.cofb.org\/2022\/05\/18\/abril-les-taules-dinfarma-sobre-us-terapeutic-del-cannabis-i-envelliment-saludable-i-el-cicle-formatiu-del-cofb-els-matins-proa-temes-mes-destacats-als-mitjans\/","url":"https:\/\/www.cofb.org\/2022\/05\/18\/abril-les-taules-dinfarma-sobre-us-terapeutic-del-cannabis-i-envelliment-saludable-i-el-cicle-formatiu-del-cofb-els-matins-proa-temes-mes-destacats-als-mitjans\/","name":"Abril: Les taules d'Infarma sobre l'\u00fas terap\u00e8utic del c\u00e0nnabis i l'envelliment saludable, i el cicle formatiu del COFB 'Els matins PROA', temes m\u00e9s destacats als mitjans - Col\u00b7legi de Farmac\u00e8utics de Barcelona","isPartOf":{"@id":"https:\/\/www.cofb.org\/#website"},"primaryImageOfPage":{"@id":"https:\/\/www.cofb.org\/2022\/05\/18\/abril-les-taules-dinfarma-sobre-us-terapeutic-del-cannabis-i-envelliment-saludable-i-el-cicle-formatiu-del-cofb-els-matins-proa-temes-mes-destacats-als-mitjans\/#primaryimage"},"image":{"@id":"https:\/\/www.cofb.org\/2022\/05\/18\/abril-les-taules-dinfarma-sobre-us-terapeutic-del-cannabis-i-envelliment-saludable-i-el-cicle-formatiu-del-cofb-els-matins-proa-temes-mes-destacats-als-mitjans\/#primaryimage"},"thumbnailUrl":"https:\/\/www.cofb.org\/wp-content\/uploads\/2022\/05\/Abril-2022.jpg","datePublished":"2022-05-18T14:47:39+00:00","dateModified":"2024-07-04T15:50:47+00:00","description":"L'\u00fas terap\u00e8utic del c\u00e0nnabis i envelliment saludable, i el cicle formatiu del COFB 'Els matins PROA', temes m\u00e9s destacats als mitjans.","breadcrumb":{"@id":"https:\/\/www.cofb.org\/2022\/05\/18\/abril-les-taules-dinfarma-sobre-us-terapeutic-del-cannabis-i-envelliment-saludable-i-el-cicle-formatiu-del-cofb-els-matins-proa-temes-mes-destacats-als-mitjans\/#breadcrumb"},"inLanguage":"ca","potentialAction":[{"@type":"ReadAction","target":["https:\/\/www.cofb.org\/2022\/05\/18\/abril-les-taules-dinfarma-sobre-us-terapeutic-del-cannabis-i-envelliment-saludable-i-el-cicle-formatiu-del-cofb-els-matins-proa-temes-mes-destacats-als-mitjans\/"]}]},{"@type":"ImageObject","inLanguage":"ca","@id":"https:\/\/www.cofb.org\/2022\/05\/18\/abril-les-taules-dinfarma-sobre-us-terapeutic-del-cannabis-i-envelliment-saludable-i-el-cicle-formatiu-del-cofb-els-matins-proa-temes-mes-destacats-als-mitjans\/#primaryimage","url":"https:\/\/www.cofb.org\/wp-content\/uploads\/2022\/05\/Abril-2022.jpg","contentUrl":"https:\/\/www.cofb.org\/wp-content\/uploads\/2022\/05\/Abril-2022.jpg","width":1170,"height":580},{"@type":"BreadcrumbList","@id":"https:\/\/www.cofb.org\/2022\/05\/18\/abril-les-taules-dinfarma-sobre-us-terapeutic-del-cannabis-i-envelliment-saludable-i-el-cicle-formatiu-del-cofb-els-matins-proa-temes-mes-destacats-als-mitjans\/#breadcrumb","itemListElement":[{"@type":"ListItem","position":1,"name":"Inici","item":"https:\/\/novaorg.cofb.net\/"},{"@type":"ListItem","position":2,"name":"Abril: Les taules d&#8217;Infarma sobre l&#8217;\u00fas terap\u00e8utic del c\u00e0nnabis i l&#8217;envelliment saludable, i el cicle formatiu del COFB &#8216;Els matins PROA&#8217;, temes m\u00e9s destacats als mitjans"}]},{"@type":"WebSite","@id":"https:\/\/www.cofb.org\/#website","url":"https:\/\/www.cofb.org\/","name":"Col\u00b7legi de Farmac\u00e8utics de Barcelona","description":"","publisher":{"@id":"https:\/\/www.cofb.org\/#organization"},"potentialAction":[{"@type":"SearchAction","target":{"@type":"EntryPoint","urlTemplate":"https:\/\/www.cofb.org\/?s={search_term_string}"},"query-input":"required name=search_term_string"}],"inLanguage":"ca"},{"@type":"Organization","@id":"https:\/\/www.cofb.org\/#organization","name":"Col\u00b7legi de Farmac\u00e8utics de Barcelona","url":"https:\/\/www.cofb.org\/","logo":{"@type":"ImageObject","inLanguage":"ca","@id":"https:\/\/www.cofb.org\/#\/schema\/logo\/image\/","url":"https:\/\/www.cofb.org\/wp-content\/uploads\/2023\/11\/cropped-Logotip-COFB.png","contentUrl":"https:\/\/www.cofb.org\/wp-content\/uploads\/2023\/11\/cropped-Logotip-COFB.png","width":500,"height":105,"caption":"Col\u00b7legi de Farmac\u00e8utics de Barcelona"},"image":{"@id":"https:\/\/www.cofb.org\/#\/schema\/logo\/image\/"},"sameAs":["https:\/\/www.facebook.com\/farmaceuticsbcn\/","https:\/\/twitter.com\/farmaceuticsbcn","https:\/\/www.instagram.com\/farmaceuticsbcn\/","https:\/\/www.linkedin.com\/company\/farmaceuticsbcn\/"]},{"@type":"Person","@id":"https:\/\/www.cofb.org\/#\/schema\/person\/22ed7eea88da74b0fa4d3154ad87ffcb","name":"wpAdminCofbOrg","image":{"@type":"ImageObject","inLanguage":"ca","@id":"https:\/\/www.cofb.org\/#\/schema\/person\/image\/","url":"https:\/\/secure.gravatar.com\/avatar\/1721b20b3b8ca882c3b56ec6c978c594fff670e40c0718e9190eaeeb76aae7d8?s=96&d=mm&r=g","contentUrl":"https:\/\/secure.gravatar.com\/avatar\/1721b20b3b8ca882c3b56ec6c978c594fff670e40c0718e9190eaeeb76aae7d8?s=96&d=mm&r=g","caption":"wpAdminCofbOrg"},"sameAs":["http:\/\/192.168.64.122\/wordpress"],"url":"https:\/\/www.cofb.org\/ca\/author\/wpadmincofborg\/"}]}},"uagb_featured_image_src":{"full":["https:\/\/www.cofb.org\/wp-content\/uploads\/2022\/05\/Abril-2022.jpg",1170,580,false],"thumbnail":["https:\/\/www.cofb.org\/wp-content\/uploads\/2022\/05\/Abril-2022-150x150.jpg",150,150,true],"medium":["https:\/\/www.cofb.org\/wp-content\/uploads\/2022\/05\/Abril-2022-300x149.jpg",300,149,true],"medium_large":["https:\/\/www.cofb.org\/wp-content\/uploads\/2022\/05\/Abril-2022-768x381.jpg",768,381,true],"large":["https:\/\/www.cofb.org\/wp-content\/uploads\/2022\/05\/Abril-2022-1024x508.jpg",1024,508,true],"1536x1536":["https:\/\/www.cofb.org\/wp-content\/uploads\/2022\/05\/Abril-2022.jpg",1170,580,false],"2048x2048":["https:\/\/www.cofb.org\/wp-content\/uploads\/2022\/05\/Abril-2022.jpg",1170,580,false],"trp-custom-language-flag":["https:\/\/www.cofb.org\/wp-content\/uploads\/2022\/05\/Abril-2022-18x9.jpg",18,9,true]},"uagb_author_info":{"display_name":"wpAdminCofbOrg","author_link":"https:\/\/www.cofb.org\/ca\/author\/wpadmincofborg\/"},"uagb_comment_info":0,"uagb_excerpt":"Infarma Madrid 2022 L&#8217;\u00fas terap\u00e8utic del c\u00e0nnabis El passat 5 d&#8217;abril, des de l&#8217;organitzaci\u00f3 d&#8217;Infarma es va enviar una nota de premsa sobre una de les taules que va tenir lloc en el marc del Congr\u00e9s: &#8220;\u00das terap\u00e8utic del c\u00e0nnabis. Reivindicaci\u00f3 social vs. impacte de salut&#8221;. Guillermo Bagar\u00eda, vocal d&#8217;Oficina [&hellip;]","_links":{"self":[{"href":"https:\/\/www.cofb.org\/ca\/wp-json\/wp\/v2\/posts\/63299","targetHints":{"allow":["GET"]}}],"collection":[{"href":"https:\/\/www.cofb.org\/ca\/wp-json\/wp\/v2\/posts"}],"about":[{"href":"https:\/\/www.cofb.org\/ca\/wp-json\/wp\/v2\/types\/post"}],"author":[{"embeddable":true,"href":"https:\/\/www.cofb.org\/ca\/wp-json\/wp\/v2\/users\/1"}],"replies":[{"embeddable":true,"href":"https:\/\/www.cofb.org\/ca\/wp-json\/wp\/v2\/comments?post=63299"}],"version-history":[{"count":2,"href":"https:\/\/www.cofb.org\/ca\/wp-json\/wp\/v2\/posts\/63299\/revisions"}],"predecessor-version":[{"id":77734,"href":"https:\/\/www.cofb.org\/ca\/wp-json\/wp\/v2\/posts\/63299\/revisions\/77734"}],"wp:featuredmedia":[{"embeddable":true,"href":"https:\/\/www.cofb.org\/ca\/wp-json\/wp\/v2\/media\/78717"}],"wp:attachment":[{"href":"https:\/\/www.cofb.org\/ca\/wp-json\/wp\/v2\/media?parent=63299"}],"wp:term":[{"taxonomy":"category","embeddable":true,"href":"https:\/\/www.cofb.org\/ca\/wp-json\/wp\/v2\/categories?post=63299"},{"taxonomy":"post_tag","embeddable":true,"href":"https:\/\/www.cofb.org\/ca\/wp-json\/wp\/v2\/tags?post=63299"}],"curies":[{"name":"wp","href":"https:\/\/api.w.org\/{rel}","templated":true}]}}