{"id":63028,"date":"2022-04-29T12:18:15","date_gmt":"2022-04-29T10:18:15","guid":{"rendered":"https:\/\/blog.cofb.cat\/?p=63028"},"modified":"2023-10-05T08:10:27","modified_gmt":"2023-10-05T08:10:27","slug":"alzheimer-i-aducanumab-en-vam-parlar-de-les-seves-controversies-a-una-nova-tertulia-dactualitat-amb-la-dra-merce-boada-i-el-dr-albert-lleo","status":"publish","type":"post","link":"https:\/\/www.cofb.org\/ca\/2022\/04\/29\/alzheimer-i-aducanumab-en-vam-parlar-de-les-seves-controversies-a-una-nova-tertulia-dactualitat-amb-la-dra-merce-boada-i-el-dr-albert-lleo\/","title":{"rendered":"Alzheimer i aducanumab. En vam parlar de les seves controv\u00e8rsies a una nova tert\u00falia d&#8217;actualitat amb la Dra. Merc\u00e8 Boada i el Dr. Albert Lle\u00f3"},"content":{"rendered":"\n<p>El passat <strong>20 d&#8217;abril<\/strong> va tenir lloc al <strong>Col\u00b7legi de Farmac\u00e8utics de Barcelona (COFB)<\/strong> la <strong>tert\u00falia d&#8217;actualitat &#8220;Alzheimer i aducanumab. Controv\u00e8rsies&#8221;<\/strong>, a c\u00e0rrec de la<strong> Dra. Merc\u00e8 Boada<\/strong>, neur\u00f2loga, cofundadora i directora m\u00e8dica de la <strong><a href=\"http:\/\/www.fundacioace.org\/es\" target=\"_blank\" rel=\"noreferrer noopener\">Fundaci\u00f3 ACE<\/a><\/strong> i el <strong>Dr. Albert Lle\u00f3<\/strong>, director de la Unitat de Mem\u00f2ria del Servei de Neurologia de l&#8217;Hospital de Sant Pau i coordinador del programa Alzheimer de CIBERNED. <strong>Aina Surroca<\/strong>, secret\u00e0ria de la <strong>Junta de Govern del COFB<\/strong> i responsable de la <strong>Comissi\u00f3 Delegada de Formaci\u00f3 Continuada<\/strong>, va ser l&#8217;encarregada de <strong>moderar la sessi\u00f3<\/strong>.  <\/p>\n\n\n\n<figure class=\"wp-block-image size-large\"><img decoding=\"async\" src=\"https:\/\/blog.cofb.cat\/wp-content\/uploads\/2022\/04\/COFB_Alzheimer_21042022_2-1024x576.jpg\" alt=\"D'esquerra a dreta: La Dra. Merc\u00e8 Boada, el Dr. Lle\u00f3 i la secret\u00e0ria de la Junta de Govern del COFB, Aina Surroca. \" class=\"wp-image-63196\" title=\"D'esquerra a dreta: La Dra. Merc\u00e8 Boada, el Dr. Lle\u00f3 i la secret\u00e0ria de la Junta de Govern del COFB, Aina Surroca. \"\/><figcaption class=\"wp-element-caption\">D&#8217;esquerra a dreta: La Dra. Merc\u00e8 Boada, el Dr. Albert Lle\u00f3 i la secret\u00e0ria de la Junta de Govern del COFB, Aina Surroca. <\/figcaption><\/figure>\n\n\n\n<h2 class=\"wp-block-heading\"><strong>Alzheimer, aducanumab i altres f\u00e0rmacs<\/strong><\/h2>\n\n\n\n<h3 class=\"wp-block-heading\"><strong><span class=\"has-inline-color has-black-color\">Una nova era pel <strong>tractament de l&#8217;Alzheimer<\/strong> <\/span><\/strong><\/h3>\n\n\n\n<p>Segons va exposar el Dr. Lle\u00f3, &#8220;estem en un moment molt <strong>excitant de la hist\u00f2ria <\/strong>de la <strong>malaltia d&#8217;Alzheimer<\/strong> perqu\u00e8 realment hi ha hagut <strong>molts canvis<\/strong>. Cal posar en context on estem amb l&#8217;<strong>aducanumab<\/strong> i amb la <strong>resta de tractaments<\/strong>&#8220;. I va afegir: &#8220;Ens trobem en una era en qu\u00e8 sobretot hi ha <strong>f\u00e0rmacs biol\u00f2gics<\/strong> fonamentalment perqu\u00e8 en les estrat\u00e8gies pr\u00e8vies d&#8217;inhibici\u00f3 de vies productores d&#8217;amiloide i altres dianes no han mostrat resultats positius&#8221;. <\/p>\n\n\n\n<p>Aix\u00ed mateix, el Dr. Lle\u00f3 va apuntar que &#8220;a Europa, el 17 de desembre, l&#8217;<strong>Ag\u00e8ncia Europea del Medicament<\/strong> (EMA, per les seves sigles en angl\u00e8s) es va pronunciar i va dir que no aprovaria, que no autoritzaria l&#8217;\u00fas a Europa del f\u00e0rmac <strong>aducanumab<\/strong>&#8220;. <\/p>\n\n\n\n<figure class=\"wp-block-image size-large\"><img decoding=\"async\" src=\"https:\/\/blog.cofb.cat\/wp-content\/uploads\/2022\/04\/COFB_Alzheimer_21042022_3-1024x511.jpg\" alt=\"El Dr. Albert Lle\u00f3, durant la tert\u00falia d'actualitat. \" class=\"wp-image-63213\" title=\"El Dr. Albert Lle\u00f3, durant la tert\u00falia d'actualitat. \"\/><figcaption class=\"wp-element-caption\">El Dr. Albert Lle\u00f3, durant la tert\u00falia d&#8217;actualitat. <\/figcaption><\/figure>\n\n\n\n<p>En aquest sentit, segons va exposar el doctor &#8220;la companyia est\u00e0 preparant una<strong> apel\u00b7laci\u00f3<\/strong> i no hi ha una <strong>resoluci\u00f3 definitiva<\/strong>. Per\u00f2 la resoluci\u00f3 inicial va ser negativa i la companyia, arran d&#8217;aquesta situaci\u00f3, decideix iniciar -per recomanaci\u00f3 de la FDA i d&#8217;experts independents- un nou <strong>estudi confirmatori<\/strong> amb <strong>aducanumab<\/strong>, en<strong> fase 3b\/4<\/strong>, amb <strong>m\u00e9s de 1.500 pacients<\/strong> amb Alzheimer<strong> d&#8217;entre 60 i 85 anys<\/strong>, ja que sembla que els pacients m\u00e9s grans tenen major resposta que els pacients m\u00e9s joves&#8221;. <\/p>\n\n\n\n<p>A banda de l&#8217;<strong>aducanumab<\/strong>, el doctor va detallar que &#8220;hi ha <strong>altres f\u00e0rmacs<\/strong> que estan a la fase final, la fase 3. De fet, n&#8217;hi ha alguns que ja han tingut resultats positius en estudis previs com <strong>lecanemab<\/strong>, <strong>donanemab<\/strong> o <strong>gantenerumab<\/strong>. Alguns d&#8217;ells acabaran la fase 3 complerta a finals d&#8217;any. O sigui, entre finals d&#8217;aquest i a principis de l&#8217;any vinent tindrem not\u00edcies i ser\u00e0 molt important. I tots ells tenen dades que hi ha una certa <strong>senyal cl\u00ednica <\/strong>en les fases pr\u00e8vies&#8221;. <\/p>\n\n\n\n<p>Finalment, el <strong>Dr. Lle\u00f3<\/strong> va concloure que &#8220;el <strong>tractament de l&#8217;Alzheimer ha entrat en una nova era<\/strong> i que, malgrat la <strong>controv\u00e8rsia<\/strong>, s&#8217;ha aprovat el <strong>primer biol\u00f2gic per a l&#8217;Alzheimer<\/strong>. Hi ha altres <strong>biol\u00f2gics<\/strong> que estan a l&#8217;<strong>horitz\u00f3 <\/strong>i que \u00e9s q\u00fcesti\u00f3 de temps que aix\u00f2 arribi a Europa. Crec que ara disposem d&#8217;un temps d&#8217;or realment per <strong>preparar el terreny<\/strong> perqu\u00e8 estiguem preparats tant els hospitals com els diferents centres, tant en el diagn\u00f2stic com a l&#8217;hora d&#8217;adequar les infraestructures per preparar-nos per una <strong>nova era<\/strong> en la<strong> malaltia d&#8217;Alzheimer<\/strong>&#8220;.<\/p>\n\n\n\n<h3 class=\"wp-block-heading\"><strong><span class=\"has-inline-color has-black-color\">La proximitat del farmac\u00e8utic i el seu coneixement del malalt.<\/span><\/strong><\/h3>\n\n\n\n<p>La <strong>Dra. Boada<\/strong> durant la seva <strong>intervenci\u00f3<\/strong> va afirmar que la definici\u00f3 de<strong> malaltia d&#8217;Alzheimer<\/strong> ha canviat: &#8220;Deixem de parlar de <strong>dem\u00e8ncia tipus Alzheimer<\/strong>, que \u00e9s el que f\u00e8iem, per parlar de <strong>malaltia d&#8217;Alzheimer<\/strong>. Aquesta \u00faltima<strong> <\/strong>est\u00e0 focalitzada en buscar aquells <strong>marcadors biol\u00f2gics <\/strong>que indiquin que el cervell t\u00e9 la marca que la ci\u00e8ncia ha dit que  configurava aquesta malaltia. <\/p>\n\n\n\n<figure class=\"wp-block-image size-large\"><img decoding=\"async\" src=\"https:\/\/blog.cofb.cat\/wp-content\/uploads\/2022\/04\/COFB_Alzheimer_21042022_1-1024x630.png\" alt=\"La Dra. Merc\u00e8 Boada, en un moment de la seva intervenci\u00f3.\" class=\"wp-image-63210\" title=\"La Dra. Merc\u00e8 Boada, en un moment de la seva intervenci\u00f3.\"\/><figcaption class=\"wp-element-caption\">La Dra. Merc\u00e8 Boada, en un moment de la seva intervenci\u00f3.<\/figcaption><\/figure>\n\n\n\n<p>Respecte a la <strong>controv\u00e8rsia amb l&#8217;aducanumab<\/strong>, en una malaltia tan llarga com l&#8217;alzheimer, la directora m\u00e8dica de la Fundaci\u00f3 ACE va recordar que &#8220;<strong>en&nbsp;6&nbsp;mesos de tractament no podem veure res<\/strong>&#8220;. Malgrat aix\u00f2, &#8220;hem de fer passos petits, i si b\u00e9, el benefici cl\u00ednic que tenim per ara \u00e9s minso, <strong>ens va molt b\u00e9 per entendre la malaltia des d&#8217;un punt de vista biol\u00f2gic<\/strong>&#8220;.<\/p>\n\n\n\n<p>Pel que fa al <strong>paper dels farmac\u00e8utics<\/strong>, la Dra. Boada va explicar que aquests professionals sanitaris &#8220;ens poden ajudar, s\u00f3n els que coneixen m\u00e9s el malalt. La <strong>farm\u00e0cia<\/strong> \u00e9s extremadament<strong> propera<\/strong>&#8220;.<\/p>\n\n\n<div class=\"destacat-blog\">\n\n\n<p>Segons l&#8217;EMA, l&#8217;<strong>evid\u00e8ncia cient\u00edfica<\/strong> no demostra prou que l&#8217;<strong>aducanumab<\/strong> sigui efectiu per al tractament en adults en fases inicials de la<strong> malaltia d&#8217;Alzheimer<\/strong>. L&#8217;ag\u00e8ncia europea ha concl\u00f2s que, malgrat que el f\u00e0rmac ha demostrat reduir la pres\u00e8ncia d&#8217;amiloide al cervell, la investigaci\u00f3 actual no relaciona aquest fet amb una millora cl\u00ednica dels pacients.<\/p>\n\n\n\n<p>L&#8217;autoritzaci\u00f3 d&#8217;aducanumab als EUA est\u00e0 subjecta a un nou <strong>estudi postcomercialitzaci\u00f3 <\/strong>per demostrar-ne l&#8217;efic\u00e0cia cl\u00ednica. A Europa, s&#8217;ha decidit que no queda demostrat que els possibles beneficis superin els possibles riscos. De moment, la farmac\u00e8utica Biogen ha comunicat que demanar\u00e0 que reexaminin la sol\u00b7licitud a Europa.<\/p> <\/div>\n","protected":false},"excerpt":{"rendered":"<p>El passat 20 d&#8217;abril va tenir lloc al Col\u00b7legi de Farmac\u00e8utics de Barcelona (COFB) la tert\u00falia d&#8217;actualitat &#8220;Alzheimer i aducanumab. Controv\u00e8rsies&#8221;, a c\u00e0rrec de la Dra. Merc\u00e8 Boada, neur\u00f2loga, cofundadora i directora m\u00e8dica de la Fundaci\u00f3 ACE i el Dr. Albert Lle\u00f3, director de la Unitat de Mem\u00f2ria del Servei [&hellip;]<\/p>\n","protected":false},"author":1,"featured_media":67922,"comment_status":"open","ping_status":"open","sticky":false,"template":"","format":"standard","meta":{"_uag_custom_page_level_css":"","site-sidebar-layout":"default","site-content-layout":"","ast-site-content-layout":"default","site-content-style":"default","site-sidebar-style":"default","ast-global-header-display":"","ast-banner-title-visibility":"","ast-main-header-display":"","ast-hfb-above-header-display":"","ast-hfb-below-header-display":"","ast-hfb-mobile-header-display":"","site-post-title":"","ast-breadcrumbs-content":"","ast-featured-img":"disabled","footer-sml-layout":"","theme-transparent-header-meta":"","adv-header-id-meta":"","stick-header-meta":"","header-above-stick-meta":"","header-main-stick-meta":"","header-below-stick-meta":"","astra-migrate-meta-layouts":"default","ast-page-background-enabled":"default","ast-page-background-meta":{"desktop":{"background-color":"var(--ast-global-color-4)","background-image":"","background-repeat":"repeat","background-position":"center center","background-size":"auto","background-attachment":"scroll","background-type":"","background-media":"","overlay-type":"","overlay-color":"","overlay-opacity":"","overlay-gradient":""},"tablet":{"background-color":"","background-image":"","background-repeat":"repeat","background-position":"center center","background-size":"auto","background-attachment":"scroll","background-type":"","background-media":"","overlay-type":"","overlay-color":"","overlay-opacity":"","overlay-gradient":""},"mobile":{"background-color":"","background-image":"","background-repeat":"repeat","background-position":"center center","background-size":"auto","background-attachment":"scroll","background-type":"","background-media":"","overlay-type":"","overlay-color":"","overlay-opacity":"","overlay-gradient":""}},"ast-content-background-meta":{"desktop":{"background-color":"var(--ast-global-color-5)","background-image":"","background-repeat":"repeat","background-position":"center center","background-size":"auto","background-attachment":"scroll","background-type":"","background-media":"","overlay-type":"","overlay-color":"","overlay-opacity":"","overlay-gradient":""},"tablet":{"background-color":"var(--ast-global-color-5)","background-image":"","background-repeat":"repeat","background-position":"center center","background-size":"auto","background-attachment":"scroll","background-type":"","background-media":"","overlay-type":"","overlay-color":"","overlay-opacity":"","overlay-gradient":""},"mobile":{"background-color":"var(--ast-global-color-5)","background-image":"","background-repeat":"repeat","background-position":"center center","background-size":"auto","background-attachment":"scroll","background-type":"","background-media":"","overlay-type":"","overlay-color":"","overlay-opacity":"","overlay-gradient":""}},"footnotes":""},"categories":[23,57],"tags":[512,64,18,19,53,68,69,70,684,76,140,141],"class_list":["post-63028","post","type-post","status-publish","format-standard","has-post-thumbnail","hentry","category-destacats","category-mon-collegial","tag-alzheimer","tag-atencio-farmaceutica","tag-cofb","tag-collegi-de-farmaceutics-de-barcelona","tag-farmaceutics","tag-farmacia","tag-farmacia-comunitaria","tag-formacio","tag-memoria","tag-oficina-de-farmacia","tag-tertulia-dactualitat","tag-tertulies-dactualitat"],"yoast_head":"<!-- This site is optimized with the Yoast SEO plugin v22.4 - https:\/\/yoast.com\/wordpress\/plugins\/seo\/ -->\n<title>Alzheimer i aducanumab. En vam parlar de les seves controv\u00e8rsies a una nova tert\u00falia d&#039;actualitat amb la Dra. Merc\u00e8 Boada i el Dr. Albert Lle\u00f3 - Col\u00b7legi de Farmac\u00e8utics de Barcelona<\/title>\n<meta name=\"description\" content=\"El passat 20 d&#039;abril va tenir lloc al COFB la tert\u00falia d&#039;actualitat &quot;Alzheimer i aducanumab. Controv\u00e8rsies&quot;, a c\u00e0rrec de la Dra. Merc\u00e8 Boada, neur\u00f2loga, cofundadora i directora m\u00e8dica de la Fundaci\u00f3 ACE i Albert Lle\u00f3, director de la Unitat de Mem\u00f2ria del Servei de Neurologia de l&#039;Hospital de Sant Pau.\" \/>\n<meta name=\"robots\" content=\"index, follow, max-snippet:-1, max-image-preview:large, max-video-preview:-1\" \/>\n<link rel=\"canonical\" href=\"https:\/\/novaorg.cofb.net\/2022\/04\/29\/alzheimer-i-aducanumab-en-vam-parlar-de-les-seves-controversies-a-una-nova-tertulia-dactualitat-amb-la-dra-merce-boada-i-el-dr-albert-lleo\/\" \/>\n<meta property=\"og:locale\" content=\"ca_ES\" \/>\n<meta property=\"og:type\" content=\"article\" \/>\n<meta property=\"og:title\" content=\"Alzheimer i aducanumab. En vam parlar de les seves controv\u00e8rsies a una nova tert\u00falia d&#039;actualitat amb la Dra. Merc\u00e8 Boada i el Dr. Albert Lle\u00f3 - Col\u00b7legi de Farmac\u00e8utics de Barcelona\" \/>\n<meta property=\"og:description\" content=\"El passat 20 d&#039;abril va tenir lloc al COFB la tert\u00falia d&#039;actualitat &quot;Alzheimer i aducanumab. Controv\u00e8rsies&quot;, a c\u00e0rrec de la Dra. Merc\u00e8 Boada, neur\u00f2loga, cofundadora i directora m\u00e8dica de la Fundaci\u00f3 ACE i Albert Lle\u00f3, director de la Unitat de Mem\u00f2ria del Servei de Neurologia de l&#039;Hospital de Sant Pau.\" \/>\n<meta property=\"og:url\" content=\"https:\/\/novaorg.cofb.net\/2022\/04\/29\/alzheimer-i-aducanumab-en-vam-parlar-de-les-seves-controversies-a-una-nova-tertulia-dactualitat-amb-la-dra-merce-boada-i-el-dr-albert-lleo\/\" \/>\n<meta property=\"og:site_name\" content=\"Col\u00b7legi de Farmac\u00e8utics de Barcelona\" \/>\n<meta property=\"article:publisher\" content=\"https:\/\/www.facebook.com\/farmaceuticsbcn\/\" \/>\n<meta property=\"article:published_time\" content=\"2022-04-29T10:18:15+00:00\" \/>\n<meta property=\"article:modified_time\" content=\"2023-10-05T08:10:27+00:00\" \/>\n<meta property=\"og:image\" content=\"https:\/\/novaorg.cofb.net\/wp-content\/uploads\/2023\/07\/COFB_Alzheimer_21042022_2-1024x576-1.jpg\" \/>\n\t<meta property=\"og:image:width\" content=\"1024\" \/>\n\t<meta property=\"og:image:height\" content=\"576\" \/>\n\t<meta property=\"og:image:type\" content=\"image\/jpeg\" \/>\n<meta name=\"author\" content=\"wpAdminCofbOrg\" \/>\n<meta name=\"twitter:card\" content=\"summary_large_image\" \/>\n<meta name=\"twitter:creator\" content=\"@farmaceuticsbcn\" \/>\n<meta name=\"twitter:site\" content=\"@farmaceuticsbcn\" \/>\n<meta name=\"twitter:label1\" content=\"Escrit per\" \/>\n\t<meta name=\"twitter:data1\" content=\"wpAdminCofbOrg\" \/>\n\t<meta name=\"twitter:label2\" content=\"Temps estimat de lectura\" \/>\n\t<meta name=\"twitter:data2\" content=\"5 minuts\" \/>\n<script type=\"application\/ld+json\" class=\"yoast-schema-graph\">{\"@context\":\"https:\/\/schema.org\",\"@graph\":[{\"@type\":\"Article\",\"@id\":\"https:\/\/novaorg.cofb.net\/2022\/04\/29\/alzheimer-i-aducanumab-en-vam-parlar-de-les-seves-controversies-a-una-nova-tertulia-dactualitat-amb-la-dra-merce-boada-i-el-dr-albert-lleo\/#article\",\"isPartOf\":{\"@id\":\"https:\/\/novaorg.cofb.net\/2022\/04\/29\/alzheimer-i-aducanumab-en-vam-parlar-de-les-seves-controversies-a-una-nova-tertulia-dactualitat-amb-la-dra-merce-boada-i-el-dr-albert-lleo\/\"},\"author\":{\"name\":\"wpAdminCofbOrg\",\"@id\":\"https:\/\/www.cofb.org\/#\/schema\/person\/22ed7eea88da74b0fa4d3154ad87ffcb\"},\"headline\":\"Alzheimer i aducanumab. En vam parlar de les seves controv\u00e8rsies a una nova tert\u00falia d&#8217;actualitat amb la Dra. Merc\u00e8 Boada i el Dr. Albert Lle\u00f3\",\"datePublished\":\"2022-04-29T10:18:15+00:00\",\"dateModified\":\"2023-10-05T08:10:27+00:00\",\"mainEntityOfPage\":{\"@id\":\"https:\/\/novaorg.cofb.net\/2022\/04\/29\/alzheimer-i-aducanumab-en-vam-parlar-de-les-seves-controversies-a-una-nova-tertulia-dactualitat-amb-la-dra-merce-boada-i-el-dr-albert-lleo\/\"},\"wordCount\":907,\"commentCount\":0,\"publisher\":{\"@id\":\"https:\/\/www.cofb.org\/#organization\"},\"image\":{\"@id\":\"https:\/\/novaorg.cofb.net\/2022\/04\/29\/alzheimer-i-aducanumab-en-vam-parlar-de-les-seves-controversies-a-una-nova-tertulia-dactualitat-amb-la-dra-merce-boada-i-el-dr-albert-lleo\/#primaryimage\"},\"thumbnailUrl\":\"https:\/\/www.cofb.org\/wp-content\/uploads\/2023\/07\/COFB_Alzheimer_21042022_2-1024x576-1.jpg\",\"keywords\":[\"alzheimer\",\"Atenci\u00f3 farmac\u00e8utica\",\"COFB\",\"Col\u00b7legi de Farmac\u00e8utics de Barcelona\",\"farmac\u00e8utics\",\"Farm\u00e0cia\",\"farm\u00e0cia comunit\u00e0ria\",\"Formaci\u00f3\",\"Mem\u00f2ria\",\"Oficina de farm\u00e0cia\",\"tert\u00falia d'actualitat\",\"tert\u00falies d'actualitat\"],\"articleSection\":[\"Destacats\",\"M\u00f3n col\u00b7legial\"],\"inLanguage\":\"ca\",\"potentialAction\":[{\"@type\":\"CommentAction\",\"name\":\"Comment\",\"target\":[\"https:\/\/novaorg.cofb.net\/2022\/04\/29\/alzheimer-i-aducanumab-en-vam-parlar-de-les-seves-controversies-a-una-nova-tertulia-dactualitat-amb-la-dra-merce-boada-i-el-dr-albert-lleo\/#respond\"]}]},{\"@type\":\"WebPage\",\"@id\":\"https:\/\/novaorg.cofb.net\/2022\/04\/29\/alzheimer-i-aducanumab-en-vam-parlar-de-les-seves-controversies-a-una-nova-tertulia-dactualitat-amb-la-dra-merce-boada-i-el-dr-albert-lleo\/\",\"url\":\"https:\/\/novaorg.cofb.net\/2022\/04\/29\/alzheimer-i-aducanumab-en-vam-parlar-de-les-seves-controversies-a-una-nova-tertulia-dactualitat-amb-la-dra-merce-boada-i-el-dr-albert-lleo\/\",\"name\":\"Alzheimer i aducanumab. En vam parlar de les seves controv\u00e8rsies a una nova tert\u00falia d'actualitat amb la Dra. Merc\u00e8 Boada i el Dr. Albert Lle\u00f3 - Col\u00b7legi de Farmac\u00e8utics de Barcelona\",\"isPartOf\":{\"@id\":\"https:\/\/www.cofb.org\/#website\"},\"primaryImageOfPage\":{\"@id\":\"https:\/\/novaorg.cofb.net\/2022\/04\/29\/alzheimer-i-aducanumab-en-vam-parlar-de-les-seves-controversies-a-una-nova-tertulia-dactualitat-amb-la-dra-merce-boada-i-el-dr-albert-lleo\/#primaryimage\"},\"image\":{\"@id\":\"https:\/\/novaorg.cofb.net\/2022\/04\/29\/alzheimer-i-aducanumab-en-vam-parlar-de-les-seves-controversies-a-una-nova-tertulia-dactualitat-amb-la-dra-merce-boada-i-el-dr-albert-lleo\/#primaryimage\"},\"thumbnailUrl\":\"https:\/\/www.cofb.org\/wp-content\/uploads\/2023\/07\/COFB_Alzheimer_21042022_2-1024x576-1.jpg\",\"datePublished\":\"2022-04-29T10:18:15+00:00\",\"dateModified\":\"2023-10-05T08:10:27+00:00\",\"description\":\"El passat 20 d'abril va tenir lloc al COFB la tert\u00falia d'actualitat \\\"Alzheimer i aducanumab. Controv\u00e8rsies\\\", a c\u00e0rrec de la Dra. Merc\u00e8 Boada, neur\u00f2loga, cofundadora i directora m\u00e8dica de la Fundaci\u00f3 ACE i Albert Lle\u00f3, director de la Unitat de Mem\u00f2ria del Servei de Neurologia de l'Hospital de Sant Pau.\",\"breadcrumb\":{\"@id\":\"https:\/\/novaorg.cofb.net\/2022\/04\/29\/alzheimer-i-aducanumab-en-vam-parlar-de-les-seves-controversies-a-una-nova-tertulia-dactualitat-amb-la-dra-merce-boada-i-el-dr-albert-lleo\/#breadcrumb\"},\"inLanguage\":\"ca\",\"potentialAction\":[{\"@type\":\"ReadAction\",\"target\":[\"https:\/\/novaorg.cofb.net\/2022\/04\/29\/alzheimer-i-aducanumab-en-vam-parlar-de-les-seves-controversies-a-una-nova-tertulia-dactualitat-amb-la-dra-merce-boada-i-el-dr-albert-lleo\/\"]}]},{\"@type\":\"ImageObject\",\"inLanguage\":\"ca\",\"@id\":\"https:\/\/novaorg.cofb.net\/2022\/04\/29\/alzheimer-i-aducanumab-en-vam-parlar-de-les-seves-controversies-a-una-nova-tertulia-dactualitat-amb-la-dra-merce-boada-i-el-dr-albert-lleo\/#primaryimage\",\"url\":\"https:\/\/www.cofb.org\/wp-content\/uploads\/2023\/07\/COFB_Alzheimer_21042022_2-1024x576-1.jpg\",\"contentUrl\":\"https:\/\/www.cofb.org\/wp-content\/uploads\/2023\/07\/COFB_Alzheimer_21042022_2-1024x576-1.jpg\",\"width\":1024,\"height\":576},{\"@type\":\"BreadcrumbList\",\"@id\":\"https:\/\/novaorg.cofb.net\/2022\/04\/29\/alzheimer-i-aducanumab-en-vam-parlar-de-les-seves-controversies-a-una-nova-tertulia-dactualitat-amb-la-dra-merce-boada-i-el-dr-albert-lleo\/#breadcrumb\",\"itemListElement\":[{\"@type\":\"ListItem\",\"position\":1,\"name\":\"Inici\",\"item\":\"https:\/\/novaorg.cofb.net\/\"},{\"@type\":\"ListItem\",\"position\":2,\"name\":\"Alzheimer i aducanumab. En vam parlar de les seves controv\u00e8rsies a una nova tert\u00falia d&#8217;actualitat amb la Dra. Merc\u00e8 Boada i el Dr. Albert Lle\u00f3\"}]},{\"@type\":\"WebSite\",\"@id\":\"https:\/\/www.cofb.org\/#website\",\"url\":\"https:\/\/www.cofb.org\/\",\"name\":\"Col\u00b7legi de Farmac\u00e8utics de Barcelona\",\"description\":\"\",\"publisher\":{\"@id\":\"https:\/\/www.cofb.org\/#organization\"},\"potentialAction\":[{\"@type\":\"SearchAction\",\"target\":{\"@type\":\"EntryPoint\",\"urlTemplate\":\"https:\/\/www.cofb.org\/?s={search_term_string}\"},\"query-input\":\"required name=search_term_string\"}],\"inLanguage\":\"ca\"},{\"@type\":\"Organization\",\"@id\":\"https:\/\/www.cofb.org\/#organization\",\"name\":\"Col\u00b7legi de Farmac\u00e8utics de Barcelona\",\"url\":\"https:\/\/www.cofb.org\/\",\"logo\":{\"@type\":\"ImageObject\",\"inLanguage\":\"ca\",\"@id\":\"https:\/\/www.cofb.org\/#\/schema\/logo\/image\/\",\"url\":\"https:\/\/www.cofb.org\/wp-content\/uploads\/2023\/11\/cropped-Logotip-COFB.png\",\"contentUrl\":\"https:\/\/www.cofb.org\/wp-content\/uploads\/2023\/11\/cropped-Logotip-COFB.png\",\"width\":500,\"height\":105,\"caption\":\"Col\u00b7legi de Farmac\u00e8utics de Barcelona\"},\"image\":{\"@id\":\"https:\/\/www.cofb.org\/#\/schema\/logo\/image\/\"},\"sameAs\":[\"https:\/\/www.facebook.com\/farmaceuticsbcn\/\",\"https:\/\/twitter.com\/farmaceuticsbcn\",\"https:\/\/www.instagram.com\/farmaceuticsbcn\/\",\"https:\/\/www.linkedin.com\/company\/farmaceuticsbcn\/\"]},{\"@type\":\"Person\",\"@id\":\"https:\/\/www.cofb.org\/#\/schema\/person\/22ed7eea88da74b0fa4d3154ad87ffcb\",\"name\":\"wpAdminCofbOrg\",\"image\":{\"@type\":\"ImageObject\",\"inLanguage\":\"ca\",\"@id\":\"https:\/\/www.cofb.org\/#\/schema\/person\/image\/\",\"url\":\"https:\/\/secure.gravatar.com\/avatar\/1721b20b3b8ca882c3b56ec6c978c594fff670e40c0718e9190eaeeb76aae7d8?s=96&d=mm&r=g\",\"contentUrl\":\"https:\/\/secure.gravatar.com\/avatar\/1721b20b3b8ca882c3b56ec6c978c594fff670e40c0718e9190eaeeb76aae7d8?s=96&d=mm&r=g\",\"caption\":\"wpAdminCofbOrg\"},\"sameAs\":[\"http:\/\/192.168.64.122\/wordpress\"],\"url\":\"https:\/\/www.cofb.org\/ca\/author\/wpadmincofborg\/\"}]}<\/script>\n<!-- \/ Yoast SEO plugin. -->","yoast_head_json":{"title":"Alzheimer i aducanumab. En vam parlar de les seves controv\u00e8rsies a una nova tert\u00falia d'actualitat amb la Dra. Merc\u00e8 Boada i el Dr. Albert Lle\u00f3 - Col\u00b7legi de Farmac\u00e8utics de Barcelona","description":"El passat 20 d'abril va tenir lloc al COFB la tert\u00falia d'actualitat \"Alzheimer i aducanumab. Controv\u00e8rsies\", a c\u00e0rrec de la Dra. Merc\u00e8 Boada, neur\u00f2loga, cofundadora i directora m\u00e8dica de la Fundaci\u00f3 ACE i Albert Lle\u00f3, director de la Unitat de Mem\u00f2ria del Servei de Neurologia de l'Hospital de Sant Pau.","robots":{"index":"index","follow":"follow","max-snippet":"max-snippet:-1","max-image-preview":"max-image-preview:large","max-video-preview":"max-video-preview:-1"},"canonical":"https:\/\/novaorg.cofb.net\/2022\/04\/29\/alzheimer-i-aducanumab-en-vam-parlar-de-les-seves-controversies-a-una-nova-tertulia-dactualitat-amb-la-dra-merce-boada-i-el-dr-albert-lleo\/","og_locale":"ca_ES","og_type":"article","og_title":"Alzheimer i aducanumab. En vam parlar de les seves controv\u00e8rsies a una nova tert\u00falia d'actualitat amb la Dra. Merc\u00e8 Boada i el Dr. Albert Lle\u00f3 - Col\u00b7legi de Farmac\u00e8utics de Barcelona","og_description":"El passat 20 d'abril va tenir lloc al COFB la tert\u00falia d'actualitat \"Alzheimer i aducanumab. Controv\u00e8rsies\", a c\u00e0rrec de la Dra. Merc\u00e8 Boada, neur\u00f2loga, cofundadora i directora m\u00e8dica de la Fundaci\u00f3 ACE i Albert Lle\u00f3, director de la Unitat de Mem\u00f2ria del Servei de Neurologia de l'Hospital de Sant Pau.","og_url":"https:\/\/novaorg.cofb.net\/2022\/04\/29\/alzheimer-i-aducanumab-en-vam-parlar-de-les-seves-controversies-a-una-nova-tertulia-dactualitat-amb-la-dra-merce-boada-i-el-dr-albert-lleo\/","og_site_name":"Col\u00b7legi de Farmac\u00e8utics de Barcelona","article_publisher":"https:\/\/www.facebook.com\/farmaceuticsbcn\/","article_published_time":"2022-04-29T10:18:15+00:00","article_modified_time":"2023-10-05T08:10:27+00:00","og_image":[{"width":1024,"height":576,"url":"https:\/\/novaorg.cofb.net\/wp-content\/uploads\/2023\/07\/COFB_Alzheimer_21042022_2-1024x576-1.jpg","type":"image\/jpeg"}],"author":"wpAdminCofbOrg","twitter_card":"summary_large_image","twitter_creator":"@farmaceuticsbcn","twitter_site":"@farmaceuticsbcn","twitter_misc":{"Escrit per":"wpAdminCofbOrg","Temps estimat de lectura":"5 minuts"},"schema":{"@context":"https:\/\/schema.org","@graph":[{"@type":"Article","@id":"https:\/\/novaorg.cofb.net\/2022\/04\/29\/alzheimer-i-aducanumab-en-vam-parlar-de-les-seves-controversies-a-una-nova-tertulia-dactualitat-amb-la-dra-merce-boada-i-el-dr-albert-lleo\/#article","isPartOf":{"@id":"https:\/\/novaorg.cofb.net\/2022\/04\/29\/alzheimer-i-aducanumab-en-vam-parlar-de-les-seves-controversies-a-una-nova-tertulia-dactualitat-amb-la-dra-merce-boada-i-el-dr-albert-lleo\/"},"author":{"name":"wpAdminCofbOrg","@id":"https:\/\/www.cofb.org\/#\/schema\/person\/22ed7eea88da74b0fa4d3154ad87ffcb"},"headline":"Alzheimer i aducanumab. En vam parlar de les seves controv\u00e8rsies a una nova tert\u00falia d&#8217;actualitat amb la Dra. Merc\u00e8 Boada i el Dr. Albert Lle\u00f3","datePublished":"2022-04-29T10:18:15+00:00","dateModified":"2023-10-05T08:10:27+00:00","mainEntityOfPage":{"@id":"https:\/\/novaorg.cofb.net\/2022\/04\/29\/alzheimer-i-aducanumab-en-vam-parlar-de-les-seves-controversies-a-una-nova-tertulia-dactualitat-amb-la-dra-merce-boada-i-el-dr-albert-lleo\/"},"wordCount":907,"commentCount":0,"publisher":{"@id":"https:\/\/www.cofb.org\/#organization"},"image":{"@id":"https:\/\/novaorg.cofb.net\/2022\/04\/29\/alzheimer-i-aducanumab-en-vam-parlar-de-les-seves-controversies-a-una-nova-tertulia-dactualitat-amb-la-dra-merce-boada-i-el-dr-albert-lleo\/#primaryimage"},"thumbnailUrl":"https:\/\/www.cofb.org\/wp-content\/uploads\/2023\/07\/COFB_Alzheimer_21042022_2-1024x576-1.jpg","keywords":["alzheimer","Atenci\u00f3 farmac\u00e8utica","COFB","Col\u00b7legi de Farmac\u00e8utics de Barcelona","farmac\u00e8utics","Farm\u00e0cia","farm\u00e0cia comunit\u00e0ria","Formaci\u00f3","Mem\u00f2ria","Oficina de farm\u00e0cia","tert\u00falia d'actualitat","tert\u00falies d'actualitat"],"articleSection":["Destacats","M\u00f3n col\u00b7legial"],"inLanguage":"ca","potentialAction":[{"@type":"CommentAction","name":"Comment","target":["https:\/\/novaorg.cofb.net\/2022\/04\/29\/alzheimer-i-aducanumab-en-vam-parlar-de-les-seves-controversies-a-una-nova-tertulia-dactualitat-amb-la-dra-merce-boada-i-el-dr-albert-lleo\/#respond"]}]},{"@type":"WebPage","@id":"https:\/\/novaorg.cofb.net\/2022\/04\/29\/alzheimer-i-aducanumab-en-vam-parlar-de-les-seves-controversies-a-una-nova-tertulia-dactualitat-amb-la-dra-merce-boada-i-el-dr-albert-lleo\/","url":"https:\/\/novaorg.cofb.net\/2022\/04\/29\/alzheimer-i-aducanumab-en-vam-parlar-de-les-seves-controversies-a-una-nova-tertulia-dactualitat-amb-la-dra-merce-boada-i-el-dr-albert-lleo\/","name":"Alzheimer i aducanumab. En vam parlar de les seves controv\u00e8rsies a una nova tert\u00falia d'actualitat amb la Dra. Merc\u00e8 Boada i el Dr. Albert Lle\u00f3 - Col\u00b7legi de Farmac\u00e8utics de Barcelona","isPartOf":{"@id":"https:\/\/www.cofb.org\/#website"},"primaryImageOfPage":{"@id":"https:\/\/novaorg.cofb.net\/2022\/04\/29\/alzheimer-i-aducanumab-en-vam-parlar-de-les-seves-controversies-a-una-nova-tertulia-dactualitat-amb-la-dra-merce-boada-i-el-dr-albert-lleo\/#primaryimage"},"image":{"@id":"https:\/\/novaorg.cofb.net\/2022\/04\/29\/alzheimer-i-aducanumab-en-vam-parlar-de-les-seves-controversies-a-una-nova-tertulia-dactualitat-amb-la-dra-merce-boada-i-el-dr-albert-lleo\/#primaryimage"},"thumbnailUrl":"https:\/\/www.cofb.org\/wp-content\/uploads\/2023\/07\/COFB_Alzheimer_21042022_2-1024x576-1.jpg","datePublished":"2022-04-29T10:18:15+00:00","dateModified":"2023-10-05T08:10:27+00:00","description":"El passat 20 d'abril va tenir lloc al COFB la tert\u00falia d'actualitat \"Alzheimer i aducanumab. Controv\u00e8rsies\", a c\u00e0rrec de la Dra. Merc\u00e8 Boada, neur\u00f2loga, cofundadora i directora m\u00e8dica de la Fundaci\u00f3 ACE i Albert Lle\u00f3, director de la Unitat de Mem\u00f2ria del Servei de Neurologia de l'Hospital de Sant Pau.","breadcrumb":{"@id":"https:\/\/novaorg.cofb.net\/2022\/04\/29\/alzheimer-i-aducanumab-en-vam-parlar-de-les-seves-controversies-a-una-nova-tertulia-dactualitat-amb-la-dra-merce-boada-i-el-dr-albert-lleo\/#breadcrumb"},"inLanguage":"ca","potentialAction":[{"@type":"ReadAction","target":["https:\/\/novaorg.cofb.net\/2022\/04\/29\/alzheimer-i-aducanumab-en-vam-parlar-de-les-seves-controversies-a-una-nova-tertulia-dactualitat-amb-la-dra-merce-boada-i-el-dr-albert-lleo\/"]}]},{"@type":"ImageObject","inLanguage":"ca","@id":"https:\/\/novaorg.cofb.net\/2022\/04\/29\/alzheimer-i-aducanumab-en-vam-parlar-de-les-seves-controversies-a-una-nova-tertulia-dactualitat-amb-la-dra-merce-boada-i-el-dr-albert-lleo\/#primaryimage","url":"https:\/\/www.cofb.org\/wp-content\/uploads\/2023\/07\/COFB_Alzheimer_21042022_2-1024x576-1.jpg","contentUrl":"https:\/\/www.cofb.org\/wp-content\/uploads\/2023\/07\/COFB_Alzheimer_21042022_2-1024x576-1.jpg","width":1024,"height":576},{"@type":"BreadcrumbList","@id":"https:\/\/novaorg.cofb.net\/2022\/04\/29\/alzheimer-i-aducanumab-en-vam-parlar-de-les-seves-controversies-a-una-nova-tertulia-dactualitat-amb-la-dra-merce-boada-i-el-dr-albert-lleo\/#breadcrumb","itemListElement":[{"@type":"ListItem","position":1,"name":"Inici","item":"https:\/\/novaorg.cofb.net\/"},{"@type":"ListItem","position":2,"name":"Alzheimer i aducanumab. En vam parlar de les seves controv\u00e8rsies a una nova tert\u00falia d&#8217;actualitat amb la Dra. Merc\u00e8 Boada i el Dr. Albert Lle\u00f3"}]},{"@type":"WebSite","@id":"https:\/\/www.cofb.org\/#website","url":"https:\/\/www.cofb.org\/","name":"Col\u00b7legi de Farmac\u00e8utics de Barcelona","description":"","publisher":{"@id":"https:\/\/www.cofb.org\/#organization"},"potentialAction":[{"@type":"SearchAction","target":{"@type":"EntryPoint","urlTemplate":"https:\/\/www.cofb.org\/?s={search_term_string}"},"query-input":"required name=search_term_string"}],"inLanguage":"ca"},{"@type":"Organization","@id":"https:\/\/www.cofb.org\/#organization","name":"Col\u00b7legi de Farmac\u00e8utics de Barcelona","url":"https:\/\/www.cofb.org\/","logo":{"@type":"ImageObject","inLanguage":"ca","@id":"https:\/\/www.cofb.org\/#\/schema\/logo\/image\/","url":"https:\/\/www.cofb.org\/wp-content\/uploads\/2023\/11\/cropped-Logotip-COFB.png","contentUrl":"https:\/\/www.cofb.org\/wp-content\/uploads\/2023\/11\/cropped-Logotip-COFB.png","width":500,"height":105,"caption":"Col\u00b7legi de Farmac\u00e8utics de Barcelona"},"image":{"@id":"https:\/\/www.cofb.org\/#\/schema\/logo\/image\/"},"sameAs":["https:\/\/www.facebook.com\/farmaceuticsbcn\/","https:\/\/twitter.com\/farmaceuticsbcn","https:\/\/www.instagram.com\/farmaceuticsbcn\/","https:\/\/www.linkedin.com\/company\/farmaceuticsbcn\/"]},{"@type":"Person","@id":"https:\/\/www.cofb.org\/#\/schema\/person\/22ed7eea88da74b0fa4d3154ad87ffcb","name":"wpAdminCofbOrg","image":{"@type":"ImageObject","inLanguage":"ca","@id":"https:\/\/www.cofb.org\/#\/schema\/person\/image\/","url":"https:\/\/secure.gravatar.com\/avatar\/1721b20b3b8ca882c3b56ec6c978c594fff670e40c0718e9190eaeeb76aae7d8?s=96&d=mm&r=g","contentUrl":"https:\/\/secure.gravatar.com\/avatar\/1721b20b3b8ca882c3b56ec6c978c594fff670e40c0718e9190eaeeb76aae7d8?s=96&d=mm&r=g","caption":"wpAdminCofbOrg"},"sameAs":["http:\/\/192.168.64.122\/wordpress"],"url":"https:\/\/www.cofb.org\/ca\/author\/wpadmincofborg\/"}]}},"uagb_featured_image_src":{"full":["https:\/\/www.cofb.org\/wp-content\/uploads\/2023\/07\/COFB_Alzheimer_21042022_2-1024x576-1.jpg",1024,576,false],"thumbnail":["https:\/\/www.cofb.org\/wp-content\/uploads\/2023\/07\/COFB_Alzheimer_21042022_2-1024x576-1-150x150.jpg",150,150,true],"medium":["https:\/\/www.cofb.org\/wp-content\/uploads\/2023\/07\/COFB_Alzheimer_21042022_2-1024x576-1-300x169.jpg",300,169,true],"medium_large":["https:\/\/www.cofb.org\/wp-content\/uploads\/2023\/07\/COFB_Alzheimer_21042022_2-1024x576-1-768x432.jpg",768,432,true],"large":["https:\/\/www.cofb.org\/wp-content\/uploads\/2023\/07\/COFB_Alzheimer_21042022_2-1024x576-1.jpg",1024,576,false],"1536x1536":["https:\/\/www.cofb.org\/wp-content\/uploads\/2023\/07\/COFB_Alzheimer_21042022_2-1024x576-1.jpg",1024,576,false],"2048x2048":["https:\/\/www.cofb.org\/wp-content\/uploads\/2023\/07\/COFB_Alzheimer_21042022_2-1024x576-1.jpg",1024,576,false],"trp-custom-language-flag":["https:\/\/www.cofb.org\/wp-content\/uploads\/2023\/07\/COFB_Alzheimer_21042022_2-1024x576-1.jpg",18,10,false]},"uagb_author_info":{"display_name":"wpAdminCofbOrg","author_link":"https:\/\/www.cofb.org\/ca\/author\/wpadmincofborg\/"},"uagb_comment_info":0,"uagb_excerpt":"El passat 20 d&#8217;abril va tenir lloc al Col\u00b7legi de Farmac\u00e8utics de Barcelona (COFB) la tert\u00falia d&#8217;actualitat &#8220;Alzheimer i aducanumab. Controv\u00e8rsies&#8221;, a c\u00e0rrec de la Dra. Merc\u00e8 Boada, neur\u00f2loga, cofundadora i directora m\u00e8dica de la Fundaci\u00f3 ACE i el Dr. Albert Lle\u00f3, director de la Unitat de Mem\u00f2ria del Servei [&hellip;]","_links":{"self":[{"href":"https:\/\/www.cofb.org\/ca\/wp-json\/wp\/v2\/posts\/63028","targetHints":{"allow":["GET"]}}],"collection":[{"href":"https:\/\/www.cofb.org\/ca\/wp-json\/wp\/v2\/posts"}],"about":[{"href":"https:\/\/www.cofb.org\/ca\/wp-json\/wp\/v2\/types\/post"}],"author":[{"embeddable":true,"href":"https:\/\/www.cofb.org\/ca\/wp-json\/wp\/v2\/users\/1"}],"replies":[{"embeddable":true,"href":"https:\/\/www.cofb.org\/ca\/wp-json\/wp\/v2\/comments?post=63028"}],"version-history":[{"count":2,"href":"https:\/\/www.cofb.org\/ca\/wp-json\/wp\/v2\/posts\/63028\/revisions"}],"predecessor-version":[{"id":68737,"href":"https:\/\/www.cofb.org\/ca\/wp-json\/wp\/v2\/posts\/63028\/revisions\/68737"}],"wp:featuredmedia":[{"embeddable":true,"href":"https:\/\/www.cofb.org\/ca\/wp-json\/wp\/v2\/media\/67922"}],"wp:attachment":[{"href":"https:\/\/www.cofb.org\/ca\/wp-json\/wp\/v2\/media?parent=63028"}],"wp:term":[{"taxonomy":"category","embeddable":true,"href":"https:\/\/www.cofb.org\/ca\/wp-json\/wp\/v2\/categories?post=63028"},{"taxonomy":"post_tag","embeddable":true,"href":"https:\/\/www.cofb.org\/ca\/wp-json\/wp\/v2\/tags?post=63028"}],"curies":[{"name":"wp","href":"https:\/\/api.w.org\/{rel}","templated":true}]}}