{"id":6188,"date":"2014-04-16T10:28:10","date_gmt":"2014-04-16T09:28:10","guid":{"rendered":"http:\/\/blog.cofb.cat\/?p=6188"},"modified":"2014-04-16T10:28:10","modified_gmt":"2014-04-16T09:28:10","slug":"parlem-de-coordinacio-farmacies-i-equips-datencio-primaria","status":"publish","type":"post","link":"https:\/\/www.cofb.org\/ca\/2014\/04\/16\/parlem-de-coordinacio-farmacies-i-equips-datencio-primaria\/","title":{"rendered":"Parlem de coordinaci\u00f3: farm\u00e0cies i Equips d\u2019Atenci\u00f3 Prim\u00e0ria"},"content":{"rendered":"<p><a href=\"http:\/\/blog.cofb.cat\/wp-content\/uploads\/2014\/04\/IMG_2780-2-copia.jpg\"><img fetchpriority=\"high\" decoding=\"async\" class=\"alignright  wp-image-6193\" alt=\"IMG_2780-2 - copia\" src=\"http:\/\/blog.cofb.cat\/wp-content\/uploads\/2014\/04\/IMG_2780-2-copia.jpg\" width=\"588\" height=\"261\" \/><\/a><\/p>\n<p>La <b>coordinaci\u00f3 entre el farmac\u00e8utic d\u2019oficina de farm\u00e0cia i el d\u2019atenci\u00f3 prim\u00e0ria<\/b> i el <b>pla de formaci\u00f3 continuada de la Vocalia d\u2019Atenci\u00f3 Prim\u00e0ria<\/b> del Col\u00b7legi han estat algunes de les q\u00fcestions principals tractades a l\u2019\u00faltima reuni\u00f3 d\u2019aquesta Vocalia, celebrada el 28 de mar\u00e7. \u201cLa coordinaci\u00f3 entre oficines de farm\u00e0cia i Equips d\u2019Atenci\u00f3 Prim\u00e0ria a l\u2019hora de comunicar-se i treballar en projectes o temes comuns \u00e9s molt necess\u00e0ria\u201d, destaca Roser Vall\u00e8s, la vocal d\u2019Atenci\u00f3 Prim\u00e0ria del Col\u00b7legi. \u00c9s per aix\u00f2 que es vol potenciar que a cada territori el representant d\u2019oficina de farm\u00e0cia tingui el contacte directe del farmac\u00e8utic d\u2019atenci\u00f3 prim\u00e0ria en q\u00fcesti\u00f3 i a l\u2019inrev\u00e9s. Aix\u00f2 ara ser\u00e0 m\u00e9s f\u00e0cil gr\u00e0cies a la <span style=\"text-decoration: underline;\"><a href=\"http:\/\/blog.cofb.cat\/mes-presencia-dels-farmaceutics-al-territori-coordinadors-de-zona\/\">nova estructura de coordinadors i delegats dels farmac\u00e8utics d\u2019oficina de farm\u00e0cia a Barcelona ciutat i prov\u00edncia.<\/a><\/span><\/p>\n<p>Pel que fa al pla de formaci\u00f3 de la Vocalia, s\u2019han programat sessions sobre gesti\u00f3 del coneixement, estad\u00edstica i sobre acreditaci\u00f3 de la qualitat dels Equips d\u2019Atenci\u00f3 Prim\u00e0ria, entre d\u2019altres, per donar resposta a les necessitats formatives concretes del farmac\u00e8utic d\u2019atenci\u00f3 prim\u00e0ria. La programaci\u00f3 de la formaci\u00f3 es realitza conjuntament amb la Vocalia de Catalunya de la Sociedad Espa\u00f1ola de Farmac\u00e9uticos de Atenci\u00f3n Primaria (SEFAP).<\/p>\n<p>Dins de la reuni\u00f3 de la Vocalia es va incloure la sessi\u00f3 formativa \u201cTer\u00e0pia inhalada: \u00fas dels dispositius\u201d, a c\u00e0rrec de Jordi Oltra-Juste, assessor m\u00e8dic-cient\u00edfic del laboratori GlaxoSmithKline\u00a0(GSK). La reuni\u00f3 es va poder seguir online per videoconfer\u00e8ncia.<\/p>\n","protected":false},"excerpt":{"rendered":"<p>La coordinaci\u00f3 entre el farmac\u00e8utic d\u2019oficina de farm\u00e0cia i el d\u2019atenci\u00f3 prim\u00e0ria i el pla de formaci\u00f3 continuada de la Vocalia d\u2019Atenci\u00f3 Prim\u00e0ria del Col\u00b7legi han estat algunes de les q\u00fcestions principals tractades a l\u2019\u00faltima reuni\u00f3 d\u2019aquesta Vocalia, celebrada el 28 de mar\u00e7. \u201cLa coordinaci\u00f3 entre oficines de farm\u00e0cia i [&hellip;]<\/p>\n","protected":false},"author":1,"featured_media":6193,"comment_status":"open","ping_status":"open","sticky":false,"template":"","format":"standard","meta":{"_uag_custom_page_level_css":"","site-sidebar-layout":"default","site-content-layout":"","ast-site-content-layout":"default","site-content-style":"default","site-sidebar-style":"default","ast-global-header-display":"","ast-banner-title-visibility":"","ast-main-header-display":"","ast-hfb-above-header-display":"","ast-hfb-below-header-display":"","ast-hfb-mobile-header-display":"","site-post-title":"","ast-breadcrumbs-content":"","ast-featured-img":"disabled","footer-sml-layout":"","theme-transparent-header-meta":"","adv-header-id-meta":"","stick-header-meta":"","header-above-stick-meta":"","header-main-stick-meta":"","header-below-stick-meta":"","astra-migrate-meta-layouts":"default","ast-page-background-enabled":"default","ast-page-background-meta":{"desktop":{"background-color":"var(--ast-global-color-4)","background-image":"","background-repeat":"repeat","background-position":"center center","background-size":"auto","background-attachment":"scroll","background-type":"","background-media":"","overlay-type":"","overlay-color":"","overlay-opacity":"","overlay-gradient":""},"tablet":{"background-color":"","background-image":"","background-repeat":"repeat","background-position":"center center","background-size":"auto","background-attachment":"scroll","background-type":"","background-media":"","overlay-type":"","overlay-color":"","overlay-opacity":"","overlay-gradient":""},"mobile":{"background-color":"","background-image":"","background-repeat":"repeat","background-position":"center center","background-size":"auto","background-attachment":"scroll","background-type":"","background-media":"","overlay-type":"","overlay-color":"","overlay-opacity":"","overlay-gradient":""}},"ast-content-background-meta":{"desktop":{"background-color":"var(--ast-global-color-5)","background-image":"","background-repeat":"repeat","background-position":"center center","background-size":"auto","background-attachment":"scroll","background-type":"","background-media":"","overlay-type":"","overlay-color":"","overlay-opacity":"","overlay-gradient":""},"tablet":{"background-color":"var(--ast-global-color-5)","background-image":"","background-repeat":"repeat","background-position":"center center","background-size":"auto","background-attachment":"scroll","background-type":"","background-media":"","overlay-type":"","overlay-color":"","overlay-opacity":"","overlay-gradient":""},"mobile":{"background-color":"var(--ast-global-color-5)","background-image":"","background-repeat":"repeat","background-position":"center center","background-size":"auto","background-attachment":"scroll","background-type":"","background-media":"","overlay-type":"","overlay-color":"","overlay-opacity":"","overlay-gradient":""}},"footnotes":""},"categories":[57],"tags":[938,76],"class_list":["post-6188","post","type-post","status-publish","format-standard","has-post-thumbnail","hentry","category-mon-collegial","tag-atencio-primaria","tag-oficina-de-farmacia"],"yoast_head":"<!-- This site is optimized with the Yoast SEO plugin v22.4 - https:\/\/yoast.com\/wordpress\/plugins\/seo\/ -->\n<title>Parlem de coordinaci\u00f3: farm\u00e0cies i Equips d\u2019Atenci\u00f3 Prim\u00e0ria - Col\u00b7legi de Farmac\u00e8utics de Barcelona<\/title>\n<meta name=\"robots\" content=\"index, follow, max-snippet:-1, max-image-preview:large, max-video-preview:-1\" \/>\n<link rel=\"canonical\" href=\"https:\/\/novaorg.cofb.net\/2014\/04\/16\/parlem-de-coordinacio-farmacies-i-equips-datencio-primaria\/\" \/>\n<meta property=\"og:locale\" content=\"ca_ES\" \/>\n<meta property=\"og:type\" content=\"article\" \/>\n<meta property=\"og:title\" content=\"Parlem de coordinaci\u00f3: farm\u00e0cies i Equips d\u2019Atenci\u00f3 Prim\u00e0ria - Col\u00b7legi de Farmac\u00e8utics de Barcelona\" \/>\n<meta property=\"og:description\" content=\"La coordinaci\u00f3 entre el farmac\u00e8utic d\u2019oficina de farm\u00e0cia i el d\u2019atenci\u00f3 prim\u00e0ria i el pla de formaci\u00f3 continuada de la Vocalia d\u2019Atenci\u00f3 Prim\u00e0ria del Col\u00b7legi han estat algunes de les q\u00fcestions principals tractades a l\u2019\u00faltima reuni\u00f3 d\u2019aquesta Vocalia, celebrada el 28 de mar\u00e7. \u201cLa coordinaci\u00f3 entre oficines de farm\u00e0cia i [&hellip;]\" \/>\n<meta property=\"og:url\" content=\"https:\/\/novaorg.cofb.net\/2014\/04\/16\/parlem-de-coordinacio-farmacies-i-equips-datencio-primaria\/\" \/>\n<meta property=\"og:site_name\" content=\"Col\u00b7legi de Farmac\u00e8utics de Barcelona\" \/>\n<meta property=\"article:publisher\" content=\"https:\/\/www.facebook.com\/farmaceuticsbcn\/\" \/>\n<meta property=\"article:published_time\" content=\"2014-04-16T09:28:10+00:00\" \/>\n<meta name=\"author\" content=\"wpAdminCofbOrg\" \/>\n<meta name=\"twitter:card\" content=\"summary_large_image\" \/>\n<meta name=\"twitter:creator\" content=\"@farmaceuticsbcn\" \/>\n<meta name=\"twitter:site\" content=\"@farmaceuticsbcn\" \/>\n<meta name=\"twitter:label1\" content=\"Escrit per\" \/>\n\t<meta name=\"twitter:data1\" content=\"wpAdminCofbOrg\" \/>\n\t<meta name=\"twitter:label2\" content=\"Temps estimat de lectura\" \/>\n\t<meta name=\"twitter:data2\" content=\"1 minut\" \/>\n<script type=\"application\/ld+json\" class=\"yoast-schema-graph\">{\"@context\":\"https:\/\/schema.org\",\"@graph\":[{\"@type\":\"Article\",\"@id\":\"https:\/\/novaorg.cofb.net\/2014\/04\/16\/parlem-de-coordinacio-farmacies-i-equips-datencio-primaria\/#article\",\"isPartOf\":{\"@id\":\"https:\/\/novaorg.cofb.net\/2014\/04\/16\/parlem-de-coordinacio-farmacies-i-equips-datencio-primaria\/\"},\"author\":{\"name\":\"wpAdminCofbOrg\",\"@id\":\"https:\/\/www.cofb.org\/#\/schema\/person\/22ed7eea88da74b0fa4d3154ad87ffcb\"},\"headline\":\"Parlem de coordinaci\u00f3: farm\u00e0cies i Equips d\u2019Atenci\u00f3 Prim\u00e0ria\",\"datePublished\":\"2014-04-16T09:28:10+00:00\",\"dateModified\":\"2014-04-16T09:28:10+00:00\",\"mainEntityOfPage\":{\"@id\":\"https:\/\/novaorg.cofb.net\/2014\/04\/16\/parlem-de-coordinacio-farmacies-i-equips-datencio-primaria\/\"},\"wordCount\":293,\"commentCount\":0,\"publisher\":{\"@id\":\"https:\/\/www.cofb.org\/#organization\"},\"image\":{\"@id\":\"https:\/\/novaorg.cofb.net\/2014\/04\/16\/parlem-de-coordinacio-farmacies-i-equips-datencio-primaria\/#primaryimage\"},\"thumbnailUrl\":\"\",\"keywords\":[\"Atenci\u00f3 prim\u00e0ria\",\"Oficina de farm\u00e0cia\"],\"articleSection\":[\"M\u00f3n col\u00b7legial\"],\"inLanguage\":\"ca\",\"potentialAction\":[{\"@type\":\"CommentAction\",\"name\":\"Comment\",\"target\":[\"https:\/\/novaorg.cofb.net\/2014\/04\/16\/parlem-de-coordinacio-farmacies-i-equips-datencio-primaria\/#respond\"]}]},{\"@type\":\"WebPage\",\"@id\":\"https:\/\/novaorg.cofb.net\/2014\/04\/16\/parlem-de-coordinacio-farmacies-i-equips-datencio-primaria\/\",\"url\":\"https:\/\/novaorg.cofb.net\/2014\/04\/16\/parlem-de-coordinacio-farmacies-i-equips-datencio-primaria\/\",\"name\":\"Parlem de coordinaci\u00f3: farm\u00e0cies i Equips d\u2019Atenci\u00f3 Prim\u00e0ria - Col\u00b7legi de Farmac\u00e8utics de Barcelona\",\"isPartOf\":{\"@id\":\"https:\/\/www.cofb.org\/#website\"},\"primaryImageOfPage\":{\"@id\":\"https:\/\/novaorg.cofb.net\/2014\/04\/16\/parlem-de-coordinacio-farmacies-i-equips-datencio-primaria\/#primaryimage\"},\"image\":{\"@id\":\"https:\/\/novaorg.cofb.net\/2014\/04\/16\/parlem-de-coordinacio-farmacies-i-equips-datencio-primaria\/#primaryimage\"},\"thumbnailUrl\":\"\",\"datePublished\":\"2014-04-16T09:28:10+00:00\",\"dateModified\":\"2014-04-16T09:28:10+00:00\",\"breadcrumb\":{\"@id\":\"https:\/\/novaorg.cofb.net\/2014\/04\/16\/parlem-de-coordinacio-farmacies-i-equips-datencio-primaria\/#breadcrumb\"},\"inLanguage\":\"ca\",\"potentialAction\":[{\"@type\":\"ReadAction\",\"target\":[\"https:\/\/novaorg.cofb.net\/2014\/04\/16\/parlem-de-coordinacio-farmacies-i-equips-datencio-primaria\/\"]}]},{\"@type\":\"ImageObject\",\"inLanguage\":\"ca\",\"@id\":\"https:\/\/novaorg.cofb.net\/2014\/04\/16\/parlem-de-coordinacio-farmacies-i-equips-datencio-primaria\/#primaryimage\",\"url\":\"\",\"contentUrl\":\"\"},{\"@type\":\"BreadcrumbList\",\"@id\":\"https:\/\/novaorg.cofb.net\/2014\/04\/16\/parlem-de-coordinacio-farmacies-i-equips-datencio-primaria\/#breadcrumb\",\"itemListElement\":[{\"@type\":\"ListItem\",\"position\":1,\"name\":\"Inici\",\"item\":\"https:\/\/novaorg.cofb.net\/\"},{\"@type\":\"ListItem\",\"position\":2,\"name\":\"Parlem de coordinaci\u00f3: farm\u00e0cies i Equips d\u2019Atenci\u00f3 Prim\u00e0ria\"}]},{\"@type\":\"WebSite\",\"@id\":\"https:\/\/www.cofb.org\/#website\",\"url\":\"https:\/\/www.cofb.org\/\",\"name\":\"Col\u00b7legi de Farmac\u00e8utics de Barcelona\",\"description\":\"\",\"publisher\":{\"@id\":\"https:\/\/www.cofb.org\/#organization\"},\"potentialAction\":[{\"@type\":\"SearchAction\",\"target\":{\"@type\":\"EntryPoint\",\"urlTemplate\":\"https:\/\/www.cofb.org\/?s={search_term_string}\"},\"query-input\":\"required name=search_term_string\"}],\"inLanguage\":\"ca\"},{\"@type\":\"Organization\",\"@id\":\"https:\/\/www.cofb.org\/#organization\",\"name\":\"Col\u00b7legi de Farmac\u00e8utics de Barcelona\",\"url\":\"https:\/\/www.cofb.org\/\",\"logo\":{\"@type\":\"ImageObject\",\"inLanguage\":\"ca\",\"@id\":\"https:\/\/www.cofb.org\/#\/schema\/logo\/image\/\",\"url\":\"https:\/\/www.cofb.org\/wp-content\/uploads\/2023\/11\/cropped-Logotip-COFB.png\",\"contentUrl\":\"https:\/\/www.cofb.org\/wp-content\/uploads\/2023\/11\/cropped-Logotip-COFB.png\",\"width\":500,\"height\":105,\"caption\":\"Col\u00b7legi de Farmac\u00e8utics de Barcelona\"},\"image\":{\"@id\":\"https:\/\/www.cofb.org\/#\/schema\/logo\/image\/\"},\"sameAs\":[\"https:\/\/www.facebook.com\/farmaceuticsbcn\/\",\"https:\/\/twitter.com\/farmaceuticsbcn\",\"https:\/\/www.instagram.com\/farmaceuticsbcn\/\",\"https:\/\/www.linkedin.com\/company\/farmaceuticsbcn\/\"]},{\"@type\":\"Person\",\"@id\":\"https:\/\/www.cofb.org\/#\/schema\/person\/22ed7eea88da74b0fa4d3154ad87ffcb\",\"name\":\"wpAdminCofbOrg\",\"image\":{\"@type\":\"ImageObject\",\"inLanguage\":\"ca\",\"@id\":\"https:\/\/www.cofb.org\/#\/schema\/person\/image\/\",\"url\":\"https:\/\/secure.gravatar.com\/avatar\/1721b20b3b8ca882c3b56ec6c978c594fff670e40c0718e9190eaeeb76aae7d8?s=96&d=mm&r=g\",\"contentUrl\":\"https:\/\/secure.gravatar.com\/avatar\/1721b20b3b8ca882c3b56ec6c978c594fff670e40c0718e9190eaeeb76aae7d8?s=96&d=mm&r=g\",\"caption\":\"wpAdminCofbOrg\"},\"sameAs\":[\"http:\/\/192.168.64.122\/wordpress\"],\"url\":\"https:\/\/www.cofb.org\/ca\/author\/wpadmincofborg\/\"}]}<\/script>\n<!-- \/ Yoast SEO plugin. -->","yoast_head_json":{"title":"Parlem de coordinaci\u00f3: farm\u00e0cies i Equips d\u2019Atenci\u00f3 Prim\u00e0ria - Col\u00b7legi de Farmac\u00e8utics de Barcelona","robots":{"index":"index","follow":"follow","max-snippet":"max-snippet:-1","max-image-preview":"max-image-preview:large","max-video-preview":"max-video-preview:-1"},"canonical":"https:\/\/novaorg.cofb.net\/2014\/04\/16\/parlem-de-coordinacio-farmacies-i-equips-datencio-primaria\/","og_locale":"ca_ES","og_type":"article","og_title":"Parlem de coordinaci\u00f3: farm\u00e0cies i Equips d\u2019Atenci\u00f3 Prim\u00e0ria - Col\u00b7legi de Farmac\u00e8utics de Barcelona","og_description":"La coordinaci\u00f3 entre el farmac\u00e8utic d\u2019oficina de farm\u00e0cia i el d\u2019atenci\u00f3 prim\u00e0ria i el pla de formaci\u00f3 continuada de la Vocalia d\u2019Atenci\u00f3 Prim\u00e0ria del Col\u00b7legi han estat algunes de les q\u00fcestions principals tractades a l\u2019\u00faltima reuni\u00f3 d\u2019aquesta Vocalia, celebrada el 28 de mar\u00e7. \u201cLa coordinaci\u00f3 entre oficines de farm\u00e0cia i [&hellip;]","og_url":"https:\/\/novaorg.cofb.net\/2014\/04\/16\/parlem-de-coordinacio-farmacies-i-equips-datencio-primaria\/","og_site_name":"Col\u00b7legi de Farmac\u00e8utics de Barcelona","article_publisher":"https:\/\/www.facebook.com\/farmaceuticsbcn\/","article_published_time":"2014-04-16T09:28:10+00:00","author":"wpAdminCofbOrg","twitter_card":"summary_large_image","twitter_creator":"@farmaceuticsbcn","twitter_site":"@farmaceuticsbcn","twitter_misc":{"Escrit per":"wpAdminCofbOrg","Temps estimat de lectura":"1 minut"},"schema":{"@context":"https:\/\/schema.org","@graph":[{"@type":"Article","@id":"https:\/\/novaorg.cofb.net\/2014\/04\/16\/parlem-de-coordinacio-farmacies-i-equips-datencio-primaria\/#article","isPartOf":{"@id":"https:\/\/novaorg.cofb.net\/2014\/04\/16\/parlem-de-coordinacio-farmacies-i-equips-datencio-primaria\/"},"author":{"name":"wpAdminCofbOrg","@id":"https:\/\/www.cofb.org\/#\/schema\/person\/22ed7eea88da74b0fa4d3154ad87ffcb"},"headline":"Parlem de coordinaci\u00f3: farm\u00e0cies i Equips d\u2019Atenci\u00f3 Prim\u00e0ria","datePublished":"2014-04-16T09:28:10+00:00","dateModified":"2014-04-16T09:28:10+00:00","mainEntityOfPage":{"@id":"https:\/\/novaorg.cofb.net\/2014\/04\/16\/parlem-de-coordinacio-farmacies-i-equips-datencio-primaria\/"},"wordCount":293,"commentCount":0,"publisher":{"@id":"https:\/\/www.cofb.org\/#organization"},"image":{"@id":"https:\/\/novaorg.cofb.net\/2014\/04\/16\/parlem-de-coordinacio-farmacies-i-equips-datencio-primaria\/#primaryimage"},"thumbnailUrl":"","keywords":["Atenci\u00f3 prim\u00e0ria","Oficina de farm\u00e0cia"],"articleSection":["M\u00f3n col\u00b7legial"],"inLanguage":"ca","potentialAction":[{"@type":"CommentAction","name":"Comment","target":["https:\/\/novaorg.cofb.net\/2014\/04\/16\/parlem-de-coordinacio-farmacies-i-equips-datencio-primaria\/#respond"]}]},{"@type":"WebPage","@id":"https:\/\/novaorg.cofb.net\/2014\/04\/16\/parlem-de-coordinacio-farmacies-i-equips-datencio-primaria\/","url":"https:\/\/novaorg.cofb.net\/2014\/04\/16\/parlem-de-coordinacio-farmacies-i-equips-datencio-primaria\/","name":"Parlem de coordinaci\u00f3: farm\u00e0cies i Equips d\u2019Atenci\u00f3 Prim\u00e0ria - Col\u00b7legi de Farmac\u00e8utics de Barcelona","isPartOf":{"@id":"https:\/\/www.cofb.org\/#website"},"primaryImageOfPage":{"@id":"https:\/\/novaorg.cofb.net\/2014\/04\/16\/parlem-de-coordinacio-farmacies-i-equips-datencio-primaria\/#primaryimage"},"image":{"@id":"https:\/\/novaorg.cofb.net\/2014\/04\/16\/parlem-de-coordinacio-farmacies-i-equips-datencio-primaria\/#primaryimage"},"thumbnailUrl":"","datePublished":"2014-04-16T09:28:10+00:00","dateModified":"2014-04-16T09:28:10+00:00","breadcrumb":{"@id":"https:\/\/novaorg.cofb.net\/2014\/04\/16\/parlem-de-coordinacio-farmacies-i-equips-datencio-primaria\/#breadcrumb"},"inLanguage":"ca","potentialAction":[{"@type":"ReadAction","target":["https:\/\/novaorg.cofb.net\/2014\/04\/16\/parlem-de-coordinacio-farmacies-i-equips-datencio-primaria\/"]}]},{"@type":"ImageObject","inLanguage":"ca","@id":"https:\/\/novaorg.cofb.net\/2014\/04\/16\/parlem-de-coordinacio-farmacies-i-equips-datencio-primaria\/#primaryimage","url":"","contentUrl":""},{"@type":"BreadcrumbList","@id":"https:\/\/novaorg.cofb.net\/2014\/04\/16\/parlem-de-coordinacio-farmacies-i-equips-datencio-primaria\/#breadcrumb","itemListElement":[{"@type":"ListItem","position":1,"name":"Inici","item":"https:\/\/novaorg.cofb.net\/"},{"@type":"ListItem","position":2,"name":"Parlem de coordinaci\u00f3: farm\u00e0cies i Equips d\u2019Atenci\u00f3 Prim\u00e0ria"}]},{"@type":"WebSite","@id":"https:\/\/www.cofb.org\/#website","url":"https:\/\/www.cofb.org\/","name":"Col\u00b7legi de Farmac\u00e8utics de Barcelona","description":"","publisher":{"@id":"https:\/\/www.cofb.org\/#organization"},"potentialAction":[{"@type":"SearchAction","target":{"@type":"EntryPoint","urlTemplate":"https:\/\/www.cofb.org\/?s={search_term_string}"},"query-input":"required name=search_term_string"}],"inLanguage":"ca"},{"@type":"Organization","@id":"https:\/\/www.cofb.org\/#organization","name":"Col\u00b7legi de Farmac\u00e8utics de Barcelona","url":"https:\/\/www.cofb.org\/","logo":{"@type":"ImageObject","inLanguage":"ca","@id":"https:\/\/www.cofb.org\/#\/schema\/logo\/image\/","url":"https:\/\/www.cofb.org\/wp-content\/uploads\/2023\/11\/cropped-Logotip-COFB.png","contentUrl":"https:\/\/www.cofb.org\/wp-content\/uploads\/2023\/11\/cropped-Logotip-COFB.png","width":500,"height":105,"caption":"Col\u00b7legi de Farmac\u00e8utics de Barcelona"},"image":{"@id":"https:\/\/www.cofb.org\/#\/schema\/logo\/image\/"},"sameAs":["https:\/\/www.facebook.com\/farmaceuticsbcn\/","https:\/\/twitter.com\/farmaceuticsbcn","https:\/\/www.instagram.com\/farmaceuticsbcn\/","https:\/\/www.linkedin.com\/company\/farmaceuticsbcn\/"]},{"@type":"Person","@id":"https:\/\/www.cofb.org\/#\/schema\/person\/22ed7eea88da74b0fa4d3154ad87ffcb","name":"wpAdminCofbOrg","image":{"@type":"ImageObject","inLanguage":"ca","@id":"https:\/\/www.cofb.org\/#\/schema\/person\/image\/","url":"https:\/\/secure.gravatar.com\/avatar\/1721b20b3b8ca882c3b56ec6c978c594fff670e40c0718e9190eaeeb76aae7d8?s=96&d=mm&r=g","contentUrl":"https:\/\/secure.gravatar.com\/avatar\/1721b20b3b8ca882c3b56ec6c978c594fff670e40c0718e9190eaeeb76aae7d8?s=96&d=mm&r=g","caption":"wpAdminCofbOrg"},"sameAs":["http:\/\/192.168.64.122\/wordpress"],"url":"https:\/\/www.cofb.org\/ca\/author\/wpadmincofborg\/"}]}},"uagb_featured_image_src":{"full":false,"thumbnail":false,"medium":false,"medium_large":false,"large":false,"1536x1536":false,"2048x2048":false,"trp-custom-language-flag":false},"uagb_author_info":{"display_name":"wpAdminCofbOrg","author_link":"https:\/\/www.cofb.org\/ca\/author\/wpadmincofborg\/"},"uagb_comment_info":0,"uagb_excerpt":"La coordinaci\u00f3 entre el farmac\u00e8utic d\u2019oficina de farm\u00e0cia i el d\u2019atenci\u00f3 prim\u00e0ria i el pla de formaci\u00f3 continuada de la Vocalia d\u2019Atenci\u00f3 Prim\u00e0ria del Col\u00b7legi han estat algunes de les q\u00fcestions principals tractades a l\u2019\u00faltima reuni\u00f3 d\u2019aquesta Vocalia, celebrada el 28 de mar\u00e7. \u201cLa coordinaci\u00f3 entre oficines de farm\u00e0cia i [&hellip;]","_links":{"self":[{"href":"https:\/\/www.cofb.org\/ca\/wp-json\/wp\/v2\/posts\/6188","targetHints":{"allow":["GET"]}}],"collection":[{"href":"https:\/\/www.cofb.org\/ca\/wp-json\/wp\/v2\/posts"}],"about":[{"href":"https:\/\/www.cofb.org\/ca\/wp-json\/wp\/v2\/types\/post"}],"author":[{"embeddable":true,"href":"https:\/\/www.cofb.org\/ca\/wp-json\/wp\/v2\/users\/1"}],"replies":[{"embeddable":true,"href":"https:\/\/www.cofb.org\/ca\/wp-json\/wp\/v2\/comments?post=6188"}],"version-history":[{"count":0,"href":"https:\/\/www.cofb.org\/ca\/wp-json\/wp\/v2\/posts\/6188\/revisions"}],"wp:featuredmedia":[{"embeddable":true,"href":"https:\/\/www.cofb.org\/ca\/wp-json\/"}],"wp:attachment":[{"href":"https:\/\/www.cofb.org\/ca\/wp-json\/wp\/v2\/media?parent=6188"}],"wp:term":[{"taxonomy":"category","embeddable":true,"href":"https:\/\/www.cofb.org\/ca\/wp-json\/wp\/v2\/categories?post=6188"},{"taxonomy":"post_tag","embeddable":true,"href":"https:\/\/www.cofb.org\/ca\/wp-json\/wp\/v2\/tags?post=6188"}],"curies":[{"name":"wp","href":"https:\/\/api.w.org\/{rel}","templated":true}]}}