{"id":60708,"date":"2022-02-09T09:15:00","date_gmt":"2022-02-09T07:15:00","guid":{"rendered":"https:\/\/blog.cofb.cat\/?p=60708"},"modified":"2023-09-21T09:45:39","modified_gmt":"2023-09-21T09:45:39","slug":"noves-activitats-programades-per-la-seccio-de-fotografia-del-cofb","status":"publish","type":"post","link":"https:\/\/www.cofb.org\/ca\/2022\/02\/09\/noves-activitats-programades-per-la-seccio-de-fotografia-del-cofb\/","title":{"rendered":"Noves activitats programades per la secci\u00f3 de fotografia del COFB"},"content":{"rendered":"\n<p>Pr\u00f2ximament, tindran lloc dues activitats de la <strong>secci\u00f3 de fotografia<\/strong> del Col\u00b7legi de Farmac\u00e8utics de Barcelona (COFB). Les destaquem tot seguit:<\/p>\n\n\n\n<h2 class=\"wp-block-heading\"><strong>Confer\u00e8ncia: Inspiraci\u00f3 i t\u00e8cnica en la fotografia de viatges, a c\u00e0rrec d&#8217;Oriol Alamany<\/strong><\/h2>\n\n\n\n<p>En <strong>modalitat h\u00edbrida<\/strong>, el pr\u00f2xim <strong>9 de mar\u00e7<\/strong> s&#8217;impartir\u00e0 la <strong>confer\u00e8ncia<\/strong> <strong>&#8220;Inspiraci\u00f3 i t\u00e8cnica en la fotografia de viatges&#8221;<\/strong>, adre\u00e7ada a farmac\u00e8utics, familiars i amics aficionats a la fotografia. <strong>Oriol Alamany<\/strong>, fot\u00f2graf professional, ser\u00e0 l&#8217;encarregat d&#8217;impartir la confer\u00e8ncia. Els seus <strong>projectes fotogr\u00e0fics<\/strong> tracten sobre el patrimoni natural i cultural en zones remotes del planeta. Les seves fotografies i escrits han estat divulgats en multitud de revistes com: National Geographic, BBC Wildlife, GEO, Lonely Planet, etc.<\/p>\n\n\n\n<figure class=\"wp-block-image size-large\"><img decoding=\"async\" src=\"https:\/\/blog.cofb.cat\/wp-content\/uploads\/2022\/02\/Camera-1-1024x682.jpg\" alt=\"\" class=\"wp-image-60784\"\/><\/figure>\n\n\n\n<p>A m\u00e9s, Alamany ha publicat <strong>una dotzena de llibres<\/strong> com ara <strong>&#8220;Fotografia en tus viajes&#8221;<\/strong>, <strong>&#8220;Viajar con tu c\u00e1mara&#8221;<\/strong> o &#8220;Fotografiar la naturaleza&#8221;. Tamb\u00e9 ha participat en <strong>nombrosos programes de r\u00e0dio i televisi\u00f3<\/strong> i destaca la seva activitat docent. Actualment, organitza <strong>viatges fotogr\u00e0fics<\/strong> a diverses destinacions del m\u00f3n.<\/p>\n\n\n\n<h2 class=\"wp-block-heading\"><strong>Passejada fotogr\u00e0fica pel barri d&#8217;Horta<\/strong><\/h2>\n\n\n\n<p>Una altra de les<strong> activitats proposades<\/strong> per la secci\u00f3 de fotografia del COFB tindr\u00e0 lloc el pr\u00f2xim <strong>diumenge 13 de mar\u00e7<\/strong>. L&#8217;activitat, que \u00e9s gratu\u00efta, per\u00f2 requereix inscripci\u00f3 pr\u00e8via, girar\u00e0 al voltant de l'&#8221;<em><strong>street photo<\/strong><\/em>&#8220;. S&#8217;adre\u00e7a a tots aquells col\u00b7legiats que volen passar una bona estona fent fotos tant amb <strong>c\u00e0mera<\/strong> com amb <strong>m\u00f2bil<\/strong> i veure la ciutat de Barcelona amb uns altres ulls.<\/p>\n\n\n\n<h3 class=\"wp-block-heading\"><strong>Quin ser\u00e0 el recorregut?<\/strong><\/h3>\n\n\n\n<p>En aquesta nova passejada es descobrir\u00e0 l\u2019<strong>interessant passat del barri d&#8217;Horta de Barcelona<\/strong> (la caminada ser\u00e0 d&#8217;uns 4 km). El <strong>punt de trobada<\/strong> ser\u00e0 la <strong>sortida de la l\u00ednia 5 del metro<\/strong> (parada Vilapicina) a les 10 h. El recorregut comen\u00e7ar\u00e0 per les <strong>Torres d&#8217;Aigua<\/strong>, la primera la trobarem al carrer Cartell\u00e0. L\u2019aigua canalitzada procedent de la <strong>Mina de Can Travi<\/strong>, arribava a la Torre per vasos comunicants i despr\u00e9s es distribu\u00efa a les cases ve\u00efnes.<\/p>\n\n\n\n<figure class=\"wp-block-image size-full\"><img decoding=\"async\" src=\"https:\/\/blog.cofb.cat\/wp-content\/uploads\/2022\/02\/Passejada-fotografica.png\" alt=\"\" class=\"wp-image-60890\"\/><\/figure>\n\n\n\n<p>Posteriorment, el grup s&#8217;endinsar\u00e0 per carrerons i places des d&#8217;on es poden veure les masies que parlen del passat de pagesia, com <strong>Can Gras<\/strong> a la pla\u00e7a de les Santes Creus i <strong>Can Mariner<\/strong>, una de les m\u00e9s ben conservades, i tamb\u00e9 una segona torre d\u2019aigua al carrer d\u2019Horta. A continuaci\u00f3, s&#8217;arribar\u00e0 al <strong>carrer Campoamor<\/strong>, on destaquen un seguit de cases d\u2019estiueig modernistes, de fam\u00edlies benestants de Barcelona i l\u2019esgl\u00e9sia de Sant Joan d\u2019Horta. <\/p>\n\n\n\n<p>Al final d\u2019aquest carrer, ja tocant a la Ronda de Dalt, hi ha la Creu de Terme del municipi d\u2019Horta. De baixada es visitar\u00e0 el <strong>carrer Aiguafreda<\/strong>, on hi ha les cases de les bugaderes amb els safaretjos, que parlen de les dones que rentaven la roba a les fam\u00edlies benestants. La passejada acabar\u00e0 a la Pla\u00e7a Eivissa.<\/p>\n\n\n\n<h2 class=\"wp-block-heading\"><strong>Curs: Retrat fotogr\u00e0fic, a c\u00e0rrec del fot\u00f2graf Nacho Olano<\/strong><\/h2>\n\n\n\n<p>El pr\u00f2xim dissabte 26 de mar\u00e7, el fot\u00f2graf Nacho Olano impartir\u00e0 un curs intensiu al seu estudi titulat &#8220;Curs de retrat fotogr\u00e0fic&#8221; en modalitat presencial i un format eminentment <strong>pr\u00e0ctic<\/strong>. A la primera part del curs s&#8217;explicaran i es podran veure els diferents tipus d&#8217;il\u00b7luminaci\u00f3 i, a la tarda, durant la segona part, cada participant podr\u00e0 practicar el tipus de retrat i il\u00b7luminaci\u00f3 que desitgi. Es comptar\u00e0 amb una model per fer els retrats. Tamb\u00e9 s&#8217;explicar\u00e0 com aplicar les diferents t\u00e8cniques d&#8217;il\u00b7luminaci\u00f3 a casa o a un estudi casol\u00e0. <\/p>\n\n\n\n<p>Aix\u00ed doncs, l&#8217;objectiu del curs \u00e9s <strong>ensenyar la t\u00e8cnica b\u00e0sica <\/strong>que envolta el <strong>fascinant m\u00f3n del retrat<\/strong>, com a <strong>punt de partida<\/strong> per poder evolucionar i que ens ajudi a desenvolupar l&#8217;activitat fotogr\u00e0fica i, al mateix temps, passar una bona estona. Fer fotos <em>in situ<\/em> \u00e9s la millor manera de <strong>solucionar els dubtes<\/strong> i aprendre moltes coses noves, d&#8217;aqu\u00ed que el format del curs sigui totalment pr\u00e0ctic.<\/p>\n\n\n\n<figure class=\"wp-block-image size-large\"><img decoding=\"async\" src=\"https:\/\/blog.cofb.cat\/wp-content\/uploads\/2022\/02\/Estudi-de-fotografia-1024x683.jpg\" alt=\"\" class=\"wp-image-60786\"\/><\/figure>\n\n\n\n<h3 class=\"wp-block-heading\"><strong>Temes que s&#8217;abordaran al curs<\/strong><\/h3>\n\n\n\n<p>Durant el <strong>programa<\/strong> de la sessi\u00f3, s&#8217;abordaran els temes seg\u00fcents: tipus de retrats (autoretrats, infantil, oficial, grupal, reportatge, etc.); tipus d&#8217;enquadrament (general, americ\u00e0, pla curt, etc. i qu\u00e8 aporta cada un d&#8217;ells); tipus de lents (resultats que es poden obtenir segons la lent utilitzada); tipus de llum (com escollir-la i mesurar-la per donar un car\u00e0cter o altre al retrat); sistemes i esquemes d&#8217;il\u00b7luminaci\u00f3 d&#8217;estudi (com improvisar un estudi dom\u00e8stic) i, per \u00faltim, els models. <\/p>\n\n\n<div class=\"destacat-blog\">\n\n\n<h2 class=\"wp-block-heading\"><strong>M\u00e9s informaci\u00f3 i inscripcions<\/strong><\/h2>\n\n\n\n<p>Les inscripcions es poden fer a trav\u00e9s dels seg\u00fcents enlla\u00e7os:<\/p>\n\n\n\n<ul class=\"wp-block-list\">\n\n<li><strong>Confer\u00e8ncia: Inspiraci\u00f3 i t\u00e8cnica en la fotografia de viatges, a c\u00e0rrec d&#8217;Oriol Alamany<\/strong>. Accedeix <a href=\"https:\/\/www.cofb.org\/que-oferim\/farmaceutics\/serveis\/formacio-i-projectes\/activitats?p_p_id=webportletLlistatActivitats_WAR_webportletLlistatActivitats_INSTANCE_RuQd0cQLInOb&amp;p_p_lifecycle=0&amp;p_p_state=normal&amp;p_p_mode=view&amp;p_p_col_id=column-3&amp;p_p_col_count=1&amp;_webportletLlistatActivitats_WAR_webportletLlistatActivitats_INSTANCE_RuQd0cQLInOb_strutsAction=%2Fview%2Fdetall&amp;_webportletLlistatActivitats_WAR_webportletLlistatActivitats_INSTANCE_RuQd0cQLInOb_id=3540\" target=\"_blank\" rel=\"noreferrer noopener\">aqu\u00ed<\/a>.<\/li>\n\n\n<li><strong>Passejada fotogr\u00e0fica pel barri d&#8217;Horta.<\/strong> Accedeix <a href=\"https:\/\/www.cofb.org\/que-oferim\/farmaceutics\/serveis\/formacio-i-projectes\/activitats?p_p_id=webportletLlistatActivitats_WAR_webportletLlistatActivitats_INSTANCE_RuQd0cQLInOb&amp;p_p_lifecycle=0&amp;p_p_state=normal&amp;p_p_mode=view&amp;p_p_col_id=column-3&amp;p_p_col_count=1&amp;_webportletLlistatActivitats_WAR_webportletLlistatActivitats_INSTANCE_RuQd0cQLInOb_strutsAction=%2Fview%2Fdetall&amp;_webportletLlistatActivitats_WAR_webportletLlistatActivitats_INSTANCE_RuQd0cQLInOb_id=3559\" target=\"_blank\" rel=\"noreferrer noopener\">aqu\u00ed<\/a>.<\/li>\n\n\n<li><strong>Curs de retrat fotogr\u00e0fic, a c\u00e0rrec del fot\u00f2graf Nacho Olano<\/strong>. Accedeix <a href=\"https:\/\/www.cofb.org\/que-oferim\/farmaceutics\/serveis\/formacio-i-projectes\/activitats?p_p_id=webportletLlistatActivitats_WAR_webportletLlistatActivitats_INSTANCE_RuQd0cQLInOb&amp;p_p_lifecycle=0&amp;p_p_state=normal&amp;p_p_mode=view&amp;p_p_col_id=column-3&amp;p_p_col_count=1&amp;_webportletLlistatActivitats_WAR_webportletLlistatActivitats_INSTANCE_RuQd0cQLInOb_strutsAction=%2Fview%2Fdetall&amp;_webportletLlistatActivitats_WAR_webportletLlistatActivitats_INSTANCE_RuQd0cQLInOb_id=3546\" target=\"_blank\" rel=\"noreferrer noopener\">aqu\u00ed<\/a>.<\/li>\n\n<\/ul> <\/div>\n\n\n\n<p><strong>Altres publicacions d&#8217;inter\u00e8s:<\/strong><\/p>\n\n\n\n<ul class=\"wp-block-list\">\n<li><a href=\"https:\/\/blog.cofb.cat\/el-vi-concurs-de-fotografia-del-cofb-ja-te-guanyadors\/\" target=\"_blank\" rel=\"noreferrer noopener\">El VI Concurs de Fotografia del COFB ja t\u00e9 guanyadors (Novembre 2021)<\/a><\/li>\n<\/ul>\n","protected":false},"excerpt":{"rendered":"<p>Pr\u00f2ximament, tindran lloc dues activitats de la secci\u00f3 de fotografia del Col\u00b7legi de Farmac\u00e8utics de Barcelona (COFB). Les destaquem tot seguit: Confer\u00e8ncia: Inspiraci\u00f3 i t\u00e8cnica en la fotografia de viatges, a c\u00e0rrec d&#8217;Oriol Alamany En modalitat h\u00edbrida, el pr\u00f2xim 9 de mar\u00e7 s&#8217;impartir\u00e0 la confer\u00e8ncia &#8220;Inspiraci\u00f3 i t\u00e8cnica en la [&hellip;]<\/p>\n","protected":false},"author":1,"featured_media":67981,"comment_status":"open","ping_status":"open","sticky":false,"template":"","format":"standard","meta":{"_uag_custom_page_level_css":"","site-sidebar-layout":"default","site-content-layout":"","ast-site-content-layout":"default","site-content-style":"default","site-sidebar-style":"default","ast-global-header-display":"","ast-banner-title-visibility":"","ast-main-header-display":"","ast-hfb-above-header-display":"","ast-hfb-below-header-display":"","ast-hfb-mobile-header-display":"","site-post-title":"","ast-breadcrumbs-content":"","ast-featured-img":"disabled","footer-sml-layout":"","theme-transparent-header-meta":"","adv-header-id-meta":"","stick-header-meta":"","header-above-stick-meta":"","header-main-stick-meta":"","header-below-stick-meta":"","astra-migrate-meta-layouts":"default","ast-page-background-enabled":"default","ast-page-background-meta":{"desktop":{"background-color":"var(--ast-global-color-4)","background-image":"","background-repeat":"repeat","background-position":"center center","background-size":"auto","background-attachment":"scroll","background-type":"","background-media":"","overlay-type":"","overlay-color":"","overlay-opacity":"","overlay-gradient":""},"tablet":{"background-color":"","background-image":"","background-repeat":"repeat","background-position":"center center","background-size":"auto","background-attachment":"scroll","background-type":"","background-media":"","overlay-type":"","overlay-color":"","overlay-opacity":"","overlay-gradient":""},"mobile":{"background-color":"","background-image":"","background-repeat":"repeat","background-position":"center center","background-size":"auto","background-attachment":"scroll","background-type":"","background-media":"","overlay-type":"","overlay-color":"","overlay-opacity":"","overlay-gradient":""}},"ast-content-background-meta":{"desktop":{"background-color":"var(--ast-global-color-5)","background-image":"","background-repeat":"repeat","background-position":"center center","background-size":"auto","background-attachment":"scroll","background-type":"","background-media":"","overlay-type":"","overlay-color":"","overlay-opacity":"","overlay-gradient":""},"tablet":{"background-color":"var(--ast-global-color-5)","background-image":"","background-repeat":"repeat","background-position":"center center","background-size":"auto","background-attachment":"scroll","background-type":"","background-media":"","overlay-type":"","overlay-color":"","overlay-opacity":"","overlay-gradient":""},"mobile":{"background-color":"var(--ast-global-color-5)","background-image":"","background-repeat":"repeat","background-position":"center center","background-size":"auto","background-attachment":"scroll","background-type":"","background-media":"","overlay-type":"","overlay-color":"","overlay-opacity":"","overlay-gradient":""}},"footnotes":""},"categories":[535],"tags":[64,18,19,520,527,528,529,68,69,530,531,532,533,534,536,537],"class_list":["post-60708","post","type-post","status-publish","format-standard","has-post-thumbnail","hentry","category-seccio-de-fotografia-del-cofb","tag-atencio-farmaceutica","tag-cofb","tag-collegi-de-farmaceutics-de-barcelona","tag-conferencia","tag-curs","tag-curs-de-fotografia","tag-estudi-de-fotografia","tag-farmacia","tag-farmacia-comunitaria","tag-fotografia","tag-fotografies","tag-projectes-fotografics","tag-retrat-fotografic","tag-retrats","tag-seccio-de-fotografia-del-collegi-de-farmaceutics-de-barcelona","tag-viatges-fotografics"],"yoast_head":"<!-- This site is optimized with the Yoast SEO plugin v22.4 - https:\/\/yoast.com\/wordpress\/plugins\/seo\/ -->\n<title>Noves activitats programades per la secci\u00f3 de fotografia del COFB - Col\u00b7legi de Farmac\u00e8utics de Barcelona<\/title>\n<meta name=\"description\" content=\"Pr\u00f2ximament, tindran lloc dues activitats de la secci\u00f3 de fotografia del Col\u00b7legi de Farmac\u00e8utics de Barcelona (COFB).\" \/>\n<meta name=\"robots\" content=\"index, follow, max-snippet:-1, max-image-preview:large, max-video-preview:-1\" \/>\n<link rel=\"canonical\" href=\"https:\/\/novaorg.cofb.net\/2022\/02\/09\/noves-activitats-programades-per-la-seccio-de-fotografia-del-cofb\/\" \/>\n<meta property=\"og:locale\" content=\"ca_ES\" \/>\n<meta property=\"og:type\" content=\"article\" \/>\n<meta property=\"og:title\" content=\"Noves activitats programades per la secci\u00f3 de fotografia del COFB - Col\u00b7legi de Farmac\u00e8utics de Barcelona\" \/>\n<meta property=\"og:description\" content=\"Pr\u00f2ximament, tindran lloc dues activitats de la secci\u00f3 de fotografia del Col\u00b7legi de Farmac\u00e8utics de Barcelona (COFB).\" \/>\n<meta property=\"og:url\" content=\"https:\/\/novaorg.cofb.net\/2022\/02\/09\/noves-activitats-programades-per-la-seccio-de-fotografia-del-cofb\/\" \/>\n<meta property=\"og:site_name\" content=\"Col\u00b7legi de Farmac\u00e8utics de Barcelona\" \/>\n<meta property=\"article:publisher\" content=\"https:\/\/www.facebook.com\/farmaceuticsbcn\/\" \/>\n<meta property=\"article:published_time\" content=\"2022-02-09T07:15:00+00:00\" \/>\n<meta property=\"article:modified_time\" content=\"2023-09-21T09:45:39+00:00\" \/>\n<meta property=\"og:image\" content=\"https:\/\/novaorg.cofb.net\/wp-content\/uploads\/2023\/07\/Camera-1-1024x682-1.jpg\" \/>\n\t<meta property=\"og:image:width\" content=\"1024\" \/>\n\t<meta property=\"og:image:height\" content=\"682\" \/>\n\t<meta property=\"og:image:type\" content=\"image\/jpeg\" \/>\n<meta name=\"author\" content=\"wpAdminCofbOrg\" \/>\n<meta name=\"twitter:card\" content=\"summary_large_image\" \/>\n<meta name=\"twitter:creator\" content=\"@farmaceuticsbcn\" \/>\n<meta name=\"twitter:site\" content=\"@farmaceuticsbcn\" \/>\n<meta name=\"twitter:label1\" content=\"Escrit per\" \/>\n\t<meta name=\"twitter:data1\" content=\"wpAdminCofbOrg\" \/>\n\t<meta name=\"twitter:label2\" content=\"Temps estimat de lectura\" \/>\n\t<meta name=\"twitter:data2\" content=\"4 minuts\" \/>\n<script type=\"application\/ld+json\" class=\"yoast-schema-graph\">{\"@context\":\"https:\/\/schema.org\",\"@graph\":[{\"@type\":\"Article\",\"@id\":\"https:\/\/novaorg.cofb.net\/2022\/02\/09\/noves-activitats-programades-per-la-seccio-de-fotografia-del-cofb\/#article\",\"isPartOf\":{\"@id\":\"https:\/\/novaorg.cofb.net\/2022\/02\/09\/noves-activitats-programades-per-la-seccio-de-fotografia-del-cofb\/\"},\"author\":{\"name\":\"wpAdminCofbOrg\",\"@id\":\"https:\/\/www.cofb.org\/#\/schema\/person\/22ed7eea88da74b0fa4d3154ad87ffcb\"},\"headline\":\"Noves activitats programades per la secci\u00f3 de fotografia del COFB\",\"datePublished\":\"2022-02-09T07:15:00+00:00\",\"dateModified\":\"2023-09-21T09:45:39+00:00\",\"mainEntityOfPage\":{\"@id\":\"https:\/\/novaorg.cofb.net\/2022\/02\/09\/noves-activitats-programades-per-la-seccio-de-fotografia-del-cofb\/\"},\"wordCount\":858,\"commentCount\":0,\"publisher\":{\"@id\":\"https:\/\/www.cofb.org\/#organization\"},\"image\":{\"@id\":\"https:\/\/novaorg.cofb.net\/2022\/02\/09\/noves-activitats-programades-per-la-seccio-de-fotografia-del-cofb\/#primaryimage\"},\"thumbnailUrl\":\"https:\/\/www.cofb.org\/wp-content\/uploads\/2023\/07\/Camera-1-1024x682-1.jpg\",\"keywords\":[\"Atenci\u00f3 farmac\u00e8utica\",\"COFB\",\"Col\u00b7legi de Farmac\u00e8utics de Barcelona\",\"confer\u00e8ncia\",\"curs\",\"curs de fotografia\",\"estudi de fotografia\",\"Farm\u00e0cia\",\"farm\u00e0cia comunit\u00e0ria\",\"fotografia\",\"fotografies\",\"projectes fotogr\u00e0fics\",\"retrat fotogr\u00e0fic\",\"retrats\",\"Secci\u00f3 de Fotografia del Col\u00b7legi de Farmac\u00e8utics de Barcelona\",\"viatges fotogr\u00e0fics\"],\"articleSection\":[\"Secci\u00f3 de fotografia del COFB\"],\"inLanguage\":\"ca\",\"potentialAction\":[{\"@type\":\"CommentAction\",\"name\":\"Comment\",\"target\":[\"https:\/\/novaorg.cofb.net\/2022\/02\/09\/noves-activitats-programades-per-la-seccio-de-fotografia-del-cofb\/#respond\"]}]},{\"@type\":\"WebPage\",\"@id\":\"https:\/\/novaorg.cofb.net\/2022\/02\/09\/noves-activitats-programades-per-la-seccio-de-fotografia-del-cofb\/\",\"url\":\"https:\/\/novaorg.cofb.net\/2022\/02\/09\/noves-activitats-programades-per-la-seccio-de-fotografia-del-cofb\/\",\"name\":\"Noves activitats programades per la secci\u00f3 de fotografia del COFB - Col\u00b7legi de Farmac\u00e8utics de Barcelona\",\"isPartOf\":{\"@id\":\"https:\/\/www.cofb.org\/#website\"},\"primaryImageOfPage\":{\"@id\":\"https:\/\/novaorg.cofb.net\/2022\/02\/09\/noves-activitats-programades-per-la-seccio-de-fotografia-del-cofb\/#primaryimage\"},\"image\":{\"@id\":\"https:\/\/novaorg.cofb.net\/2022\/02\/09\/noves-activitats-programades-per-la-seccio-de-fotografia-del-cofb\/#primaryimage\"},\"thumbnailUrl\":\"https:\/\/www.cofb.org\/wp-content\/uploads\/2023\/07\/Camera-1-1024x682-1.jpg\",\"datePublished\":\"2022-02-09T07:15:00+00:00\",\"dateModified\":\"2023-09-21T09:45:39+00:00\",\"description\":\"Pr\u00f2ximament, tindran lloc dues activitats de la secci\u00f3 de fotografia del Col\u00b7legi de Farmac\u00e8utics de Barcelona (COFB).\",\"breadcrumb\":{\"@id\":\"https:\/\/novaorg.cofb.net\/2022\/02\/09\/noves-activitats-programades-per-la-seccio-de-fotografia-del-cofb\/#breadcrumb\"},\"inLanguage\":\"ca\",\"potentialAction\":[{\"@type\":\"ReadAction\",\"target\":[\"https:\/\/novaorg.cofb.net\/2022\/02\/09\/noves-activitats-programades-per-la-seccio-de-fotografia-del-cofb\/\"]}]},{\"@type\":\"ImageObject\",\"inLanguage\":\"ca\",\"@id\":\"https:\/\/novaorg.cofb.net\/2022\/02\/09\/noves-activitats-programades-per-la-seccio-de-fotografia-del-cofb\/#primaryimage\",\"url\":\"https:\/\/www.cofb.org\/wp-content\/uploads\/2023\/07\/Camera-1-1024x682-1.jpg\",\"contentUrl\":\"https:\/\/www.cofb.org\/wp-content\/uploads\/2023\/07\/Camera-1-1024x682-1.jpg\",\"width\":1024,\"height\":682},{\"@type\":\"BreadcrumbList\",\"@id\":\"https:\/\/novaorg.cofb.net\/2022\/02\/09\/noves-activitats-programades-per-la-seccio-de-fotografia-del-cofb\/#breadcrumb\",\"itemListElement\":[{\"@type\":\"ListItem\",\"position\":1,\"name\":\"Inici\",\"item\":\"https:\/\/novaorg.cofb.net\/\"},{\"@type\":\"ListItem\",\"position\":2,\"name\":\"Noves activitats programades per la secci\u00f3 de fotografia del COFB\"}]},{\"@type\":\"WebSite\",\"@id\":\"https:\/\/www.cofb.org\/#website\",\"url\":\"https:\/\/www.cofb.org\/\",\"name\":\"Col\u00b7legi de Farmac\u00e8utics de Barcelona\",\"description\":\"\",\"publisher\":{\"@id\":\"https:\/\/www.cofb.org\/#organization\"},\"potentialAction\":[{\"@type\":\"SearchAction\",\"target\":{\"@type\":\"EntryPoint\",\"urlTemplate\":\"https:\/\/www.cofb.org\/?s={search_term_string}\"},\"query-input\":\"required name=search_term_string\"}],\"inLanguage\":\"ca\"},{\"@type\":\"Organization\",\"@id\":\"https:\/\/www.cofb.org\/#organization\",\"name\":\"Col\u00b7legi de Farmac\u00e8utics de Barcelona\",\"url\":\"https:\/\/www.cofb.org\/\",\"logo\":{\"@type\":\"ImageObject\",\"inLanguage\":\"ca\",\"@id\":\"https:\/\/www.cofb.org\/#\/schema\/logo\/image\/\",\"url\":\"https:\/\/www.cofb.org\/wp-content\/uploads\/2023\/11\/cropped-Logotip-COFB.png\",\"contentUrl\":\"https:\/\/www.cofb.org\/wp-content\/uploads\/2023\/11\/cropped-Logotip-COFB.png\",\"width\":500,\"height\":105,\"caption\":\"Col\u00b7legi de Farmac\u00e8utics de Barcelona\"},\"image\":{\"@id\":\"https:\/\/www.cofb.org\/#\/schema\/logo\/image\/\"},\"sameAs\":[\"https:\/\/www.facebook.com\/farmaceuticsbcn\/\",\"https:\/\/twitter.com\/farmaceuticsbcn\",\"https:\/\/www.instagram.com\/farmaceuticsbcn\/\",\"https:\/\/www.linkedin.com\/company\/farmaceuticsbcn\/\"]},{\"@type\":\"Person\",\"@id\":\"https:\/\/www.cofb.org\/#\/schema\/person\/22ed7eea88da74b0fa4d3154ad87ffcb\",\"name\":\"wpAdminCofbOrg\",\"image\":{\"@type\":\"ImageObject\",\"inLanguage\":\"ca\",\"@id\":\"https:\/\/www.cofb.org\/#\/schema\/person\/image\/\",\"url\":\"https:\/\/secure.gravatar.com\/avatar\/1721b20b3b8ca882c3b56ec6c978c594fff670e40c0718e9190eaeeb76aae7d8?s=96&d=mm&r=g\",\"contentUrl\":\"https:\/\/secure.gravatar.com\/avatar\/1721b20b3b8ca882c3b56ec6c978c594fff670e40c0718e9190eaeeb76aae7d8?s=96&d=mm&r=g\",\"caption\":\"wpAdminCofbOrg\"},\"sameAs\":[\"http:\/\/192.168.64.122\/wordpress\"],\"url\":\"https:\/\/www.cofb.org\/ca\/author\/wpadmincofborg\/\"}]}<\/script>\n<!-- \/ Yoast SEO plugin. -->","yoast_head_json":{"title":"Noves activitats programades per la secci\u00f3 de fotografia del COFB - Col\u00b7legi de Farmac\u00e8utics de Barcelona","description":"Pr\u00f2ximament, tindran lloc dues activitats de la secci\u00f3 de fotografia del Col\u00b7legi de Farmac\u00e8utics de Barcelona (COFB).","robots":{"index":"index","follow":"follow","max-snippet":"max-snippet:-1","max-image-preview":"max-image-preview:large","max-video-preview":"max-video-preview:-1"},"canonical":"https:\/\/novaorg.cofb.net\/2022\/02\/09\/noves-activitats-programades-per-la-seccio-de-fotografia-del-cofb\/","og_locale":"ca_ES","og_type":"article","og_title":"Noves activitats programades per la secci\u00f3 de fotografia del COFB - Col\u00b7legi de Farmac\u00e8utics de Barcelona","og_description":"Pr\u00f2ximament, tindran lloc dues activitats de la secci\u00f3 de fotografia del Col\u00b7legi de Farmac\u00e8utics de Barcelona (COFB).","og_url":"https:\/\/novaorg.cofb.net\/2022\/02\/09\/noves-activitats-programades-per-la-seccio-de-fotografia-del-cofb\/","og_site_name":"Col\u00b7legi de Farmac\u00e8utics de Barcelona","article_publisher":"https:\/\/www.facebook.com\/farmaceuticsbcn\/","article_published_time":"2022-02-09T07:15:00+00:00","article_modified_time":"2023-09-21T09:45:39+00:00","og_image":[{"width":1024,"height":682,"url":"https:\/\/novaorg.cofb.net\/wp-content\/uploads\/2023\/07\/Camera-1-1024x682-1.jpg","type":"image\/jpeg"}],"author":"wpAdminCofbOrg","twitter_card":"summary_large_image","twitter_creator":"@farmaceuticsbcn","twitter_site":"@farmaceuticsbcn","twitter_misc":{"Escrit per":"wpAdminCofbOrg","Temps estimat de lectura":"4 minuts"},"schema":{"@context":"https:\/\/schema.org","@graph":[{"@type":"Article","@id":"https:\/\/novaorg.cofb.net\/2022\/02\/09\/noves-activitats-programades-per-la-seccio-de-fotografia-del-cofb\/#article","isPartOf":{"@id":"https:\/\/novaorg.cofb.net\/2022\/02\/09\/noves-activitats-programades-per-la-seccio-de-fotografia-del-cofb\/"},"author":{"name":"wpAdminCofbOrg","@id":"https:\/\/www.cofb.org\/#\/schema\/person\/22ed7eea88da74b0fa4d3154ad87ffcb"},"headline":"Noves activitats programades per la secci\u00f3 de fotografia del COFB","datePublished":"2022-02-09T07:15:00+00:00","dateModified":"2023-09-21T09:45:39+00:00","mainEntityOfPage":{"@id":"https:\/\/novaorg.cofb.net\/2022\/02\/09\/noves-activitats-programades-per-la-seccio-de-fotografia-del-cofb\/"},"wordCount":858,"commentCount":0,"publisher":{"@id":"https:\/\/www.cofb.org\/#organization"},"image":{"@id":"https:\/\/novaorg.cofb.net\/2022\/02\/09\/noves-activitats-programades-per-la-seccio-de-fotografia-del-cofb\/#primaryimage"},"thumbnailUrl":"https:\/\/www.cofb.org\/wp-content\/uploads\/2023\/07\/Camera-1-1024x682-1.jpg","keywords":["Atenci\u00f3 farmac\u00e8utica","COFB","Col\u00b7legi de Farmac\u00e8utics de Barcelona","confer\u00e8ncia","curs","curs de fotografia","estudi de fotografia","Farm\u00e0cia","farm\u00e0cia comunit\u00e0ria","fotografia","fotografies","projectes fotogr\u00e0fics","retrat fotogr\u00e0fic","retrats","Secci\u00f3 de Fotografia del Col\u00b7legi de Farmac\u00e8utics de Barcelona","viatges fotogr\u00e0fics"],"articleSection":["Secci\u00f3 de fotografia del COFB"],"inLanguage":"ca","potentialAction":[{"@type":"CommentAction","name":"Comment","target":["https:\/\/novaorg.cofb.net\/2022\/02\/09\/noves-activitats-programades-per-la-seccio-de-fotografia-del-cofb\/#respond"]}]},{"@type":"WebPage","@id":"https:\/\/novaorg.cofb.net\/2022\/02\/09\/noves-activitats-programades-per-la-seccio-de-fotografia-del-cofb\/","url":"https:\/\/novaorg.cofb.net\/2022\/02\/09\/noves-activitats-programades-per-la-seccio-de-fotografia-del-cofb\/","name":"Noves activitats programades per la secci\u00f3 de fotografia del COFB - Col\u00b7legi de Farmac\u00e8utics de Barcelona","isPartOf":{"@id":"https:\/\/www.cofb.org\/#website"},"primaryImageOfPage":{"@id":"https:\/\/novaorg.cofb.net\/2022\/02\/09\/noves-activitats-programades-per-la-seccio-de-fotografia-del-cofb\/#primaryimage"},"image":{"@id":"https:\/\/novaorg.cofb.net\/2022\/02\/09\/noves-activitats-programades-per-la-seccio-de-fotografia-del-cofb\/#primaryimage"},"thumbnailUrl":"https:\/\/www.cofb.org\/wp-content\/uploads\/2023\/07\/Camera-1-1024x682-1.jpg","datePublished":"2022-02-09T07:15:00+00:00","dateModified":"2023-09-21T09:45:39+00:00","description":"Pr\u00f2ximament, tindran lloc dues activitats de la secci\u00f3 de fotografia del Col\u00b7legi de Farmac\u00e8utics de Barcelona (COFB).","breadcrumb":{"@id":"https:\/\/novaorg.cofb.net\/2022\/02\/09\/noves-activitats-programades-per-la-seccio-de-fotografia-del-cofb\/#breadcrumb"},"inLanguage":"ca","potentialAction":[{"@type":"ReadAction","target":["https:\/\/novaorg.cofb.net\/2022\/02\/09\/noves-activitats-programades-per-la-seccio-de-fotografia-del-cofb\/"]}]},{"@type":"ImageObject","inLanguage":"ca","@id":"https:\/\/novaorg.cofb.net\/2022\/02\/09\/noves-activitats-programades-per-la-seccio-de-fotografia-del-cofb\/#primaryimage","url":"https:\/\/www.cofb.org\/wp-content\/uploads\/2023\/07\/Camera-1-1024x682-1.jpg","contentUrl":"https:\/\/www.cofb.org\/wp-content\/uploads\/2023\/07\/Camera-1-1024x682-1.jpg","width":1024,"height":682},{"@type":"BreadcrumbList","@id":"https:\/\/novaorg.cofb.net\/2022\/02\/09\/noves-activitats-programades-per-la-seccio-de-fotografia-del-cofb\/#breadcrumb","itemListElement":[{"@type":"ListItem","position":1,"name":"Inici","item":"https:\/\/novaorg.cofb.net\/"},{"@type":"ListItem","position":2,"name":"Noves activitats programades per la secci\u00f3 de fotografia del COFB"}]},{"@type":"WebSite","@id":"https:\/\/www.cofb.org\/#website","url":"https:\/\/www.cofb.org\/","name":"Col\u00b7legi de Farmac\u00e8utics de Barcelona","description":"","publisher":{"@id":"https:\/\/www.cofb.org\/#organization"},"potentialAction":[{"@type":"SearchAction","target":{"@type":"EntryPoint","urlTemplate":"https:\/\/www.cofb.org\/?s={search_term_string}"},"query-input":"required name=search_term_string"}],"inLanguage":"ca"},{"@type":"Organization","@id":"https:\/\/www.cofb.org\/#organization","name":"Col\u00b7legi de Farmac\u00e8utics de Barcelona","url":"https:\/\/www.cofb.org\/","logo":{"@type":"ImageObject","inLanguage":"ca","@id":"https:\/\/www.cofb.org\/#\/schema\/logo\/image\/","url":"https:\/\/www.cofb.org\/wp-content\/uploads\/2023\/11\/cropped-Logotip-COFB.png","contentUrl":"https:\/\/www.cofb.org\/wp-content\/uploads\/2023\/11\/cropped-Logotip-COFB.png","width":500,"height":105,"caption":"Col\u00b7legi de Farmac\u00e8utics de Barcelona"},"image":{"@id":"https:\/\/www.cofb.org\/#\/schema\/logo\/image\/"},"sameAs":["https:\/\/www.facebook.com\/farmaceuticsbcn\/","https:\/\/twitter.com\/farmaceuticsbcn","https:\/\/www.instagram.com\/farmaceuticsbcn\/","https:\/\/www.linkedin.com\/company\/farmaceuticsbcn\/"]},{"@type":"Person","@id":"https:\/\/www.cofb.org\/#\/schema\/person\/22ed7eea88da74b0fa4d3154ad87ffcb","name":"wpAdminCofbOrg","image":{"@type":"ImageObject","inLanguage":"ca","@id":"https:\/\/www.cofb.org\/#\/schema\/person\/image\/","url":"https:\/\/secure.gravatar.com\/avatar\/1721b20b3b8ca882c3b56ec6c978c594fff670e40c0718e9190eaeeb76aae7d8?s=96&d=mm&r=g","contentUrl":"https:\/\/secure.gravatar.com\/avatar\/1721b20b3b8ca882c3b56ec6c978c594fff670e40c0718e9190eaeeb76aae7d8?s=96&d=mm&r=g","caption":"wpAdminCofbOrg"},"sameAs":["http:\/\/192.168.64.122\/wordpress"],"url":"https:\/\/www.cofb.org\/ca\/author\/wpadmincofborg\/"}]}},"uagb_featured_image_src":{"full":["https:\/\/www.cofb.org\/wp-content\/uploads\/2023\/07\/Camera-1-1024x682-1.jpg",1024,682,false],"thumbnail":["https:\/\/www.cofb.org\/wp-content\/uploads\/2023\/07\/Camera-1-1024x682-1-150x150.jpg",150,150,true],"medium":["https:\/\/www.cofb.org\/wp-content\/uploads\/2023\/07\/Camera-1-1024x682-1-300x200.jpg",300,200,true],"medium_large":["https:\/\/www.cofb.org\/wp-content\/uploads\/2023\/07\/Camera-1-1024x682-1-768x512.jpg",768,512,true],"large":["https:\/\/www.cofb.org\/wp-content\/uploads\/2023\/07\/Camera-1-1024x682-1.jpg",1024,682,false],"1536x1536":["https:\/\/www.cofb.org\/wp-content\/uploads\/2023\/07\/Camera-1-1024x682-1.jpg",1024,682,false],"2048x2048":["https:\/\/www.cofb.org\/wp-content\/uploads\/2023\/07\/Camera-1-1024x682-1.jpg",1024,682,false],"trp-custom-language-flag":["https:\/\/www.cofb.org\/wp-content\/uploads\/2023\/07\/Camera-1-1024x682-1.jpg",18,12,false]},"uagb_author_info":{"display_name":"wpAdminCofbOrg","author_link":"https:\/\/www.cofb.org\/ca\/author\/wpadmincofborg\/"},"uagb_comment_info":0,"uagb_excerpt":"Pr\u00f2ximament, tindran lloc dues activitats de la secci\u00f3 de fotografia del Col\u00b7legi de Farmac\u00e8utics de Barcelona (COFB). Les destaquem tot seguit: Confer\u00e8ncia: Inspiraci\u00f3 i t\u00e8cnica en la fotografia de viatges, a c\u00e0rrec d&#8217;Oriol Alamany En modalitat h\u00edbrida, el pr\u00f2xim 9 de mar\u00e7 s&#8217;impartir\u00e0 la confer\u00e8ncia &#8220;Inspiraci\u00f3 i t\u00e8cnica en la [&hellip;]","_links":{"self":[{"href":"https:\/\/www.cofb.org\/ca\/wp-json\/wp\/v2\/posts\/60708","targetHints":{"allow":["GET"]}}],"collection":[{"href":"https:\/\/www.cofb.org\/ca\/wp-json\/wp\/v2\/posts"}],"about":[{"href":"https:\/\/www.cofb.org\/ca\/wp-json\/wp\/v2\/types\/post"}],"author":[{"embeddable":true,"href":"https:\/\/www.cofb.org\/ca\/wp-json\/wp\/v2\/users\/1"}],"replies":[{"embeddable":true,"href":"https:\/\/www.cofb.org\/ca\/wp-json\/wp\/v2\/comments?post=60708"}],"version-history":[{"count":2,"href":"https:\/\/www.cofb.org\/ca\/wp-json\/wp\/v2\/posts\/60708\/revisions"}],"predecessor-version":[{"id":68760,"href":"https:\/\/www.cofb.org\/ca\/wp-json\/wp\/v2\/posts\/60708\/revisions\/68760"}],"wp:featuredmedia":[{"embeddable":true,"href":"https:\/\/www.cofb.org\/ca\/wp-json\/wp\/v2\/media\/67981"}],"wp:attachment":[{"href":"https:\/\/www.cofb.org\/ca\/wp-json\/wp\/v2\/media?parent=60708"}],"wp:term":[{"taxonomy":"category","embeddable":true,"href":"https:\/\/www.cofb.org\/ca\/wp-json\/wp\/v2\/categories?post=60708"},{"taxonomy":"post_tag","embeddable":true,"href":"https:\/\/www.cofb.org\/ca\/wp-json\/wp\/v2\/tags?post=60708"}],"curies":[{"name":"wp","href":"https:\/\/api.w.org\/{rel}","templated":true}]}}