{"id":59765,"date":"2022-01-17T16:44:13","date_gmt":"2022-01-17T14:44:13","guid":{"rendered":"https:\/\/blog.cofb.cat\/?p=59765"},"modified":"2023-07-27T13:53:50","modified_gmt":"2023-07-27T13:53:50","slug":"cada-5-segons-una-farmacia-catalana-realitza-un-test-dantigens-supervisat-a-un-membre-de-la-comunitat-educativa","status":"publish","type":"post","link":"https:\/\/www.cofb.org\/ca\/2022\/01\/17\/cada-5-segons-una-farmacia-catalana-realitza-un-test-dantigens-supervisat-a-un-membre-de-la-comunitat-educativa\/","title":{"rendered":"Cada 5 segons, una farm\u00e0cia catalana realitza un test d\u2019ant\u00edgens supervisat a un membre de la comunitat educativa"},"content":{"rendered":"\n<p>Nom\u00e9s durant la primera setmana des de la represa del <strong>curs escolar el 2022<\/strong>, i despr\u00e9s que el darrer canvi de protocol incorpor\u00e9s tamb\u00e9 els alumnes d\u2019Educaci\u00f3 Prim\u00e0ria, les <a href=\"https:\/\/www.farmaceuticonline.com\/test-dantigens-rapid\/\" target=\"_blank\" rel=\"noreferrer noopener\"><strong>m\u00e9s de 1.600 farm\u00e0cies catalanes adherides al programa TAR<\/strong><\/a> <strong>han realitzat m\u00e9s de 123.500 tests d\u2019ant\u00edgens supervisats a un membre de l\u2019entorn de la comunitat educativa<\/strong>. Aix\u00f2 equivaldria a qu\u00e8, des del 10 gener, cada 5 segons, una farm\u00e0cia catalana ha supervisat un test d\u2019ant\u00edgens de l\u2019entorn escolar, gr\u00e0cies als quals els farmac\u00e8utics i farmac\u00e8utiques han detectat <strong>m\u00e9s de 6.400 positius (\u00edndex de positivitat del 5,2%)<\/strong> i han ajudat a tallar les cadenes de transmissi\u00f3.<\/p>\n\n\n\n<figure class=\"wp-block-image size-full\"><img decoding=\"async\" src=\"https:\/\/blog.cofb.cat\/wp-content\/uploads\/2022\/01\/Test-dantigens.png\" alt=\"\" class=\"wp-image-59780\"\/><\/figure>\n\n\n\n<p>Aquest fet \u00e9s una mostra m\u00e9s del <strong>comprom\u00eds absolut dels professionals farmac\u00e8utics amb el sistema sanitari i la salut de poblaci\u00f3.<\/strong> Com a <strong>agents de salut que formen part d\u2019aquest sistema<\/strong>, un cop m\u00e9s <strong>estan contribuint<\/strong> <strong>a ser part de la soluci\u00f3 en el control de la pand\u00e8mia<\/strong>.<\/p>\n\n\n\n<h2 class=\"wp-block-heading\"><strong>Col\u00b7lectius inclosos en el cribratge<\/strong><\/h2>\n\n\n\n<p>En el marc d\u2019aquest cribratge, finan\u00e7at pel Departament de Salut, poden realitzar-se un TAR a la farm\u00e0cia aquests 3 col\u00b7lectius:<\/p>\n\n\n\n<ol class=\"wp-block-list\">\n<li><strong>Alumnes d\u2019ESO, batxillerat, FP, educaci\u00f3 especial (a partir de 6 anys) i altres ensenyaments, immunitzats i asimptom\u00e0tics<\/strong>, que hagin estat contacte directe amb positius dins el seu grup de conviv\u00e8ncia estable (GCE) al centre educatiu o que hagin estat designats com a contactes estrets pels Serveis de vigil\u00e0ncia epidemiol\u00f2gica.<\/li>\n\n\n\n<li><strong>Alumnes de prim\u00e0ria, immunitzats i no immunitzats, asimptom\u00e0tics<\/strong>, que hagin estat contacte directe amb positius dins el seu grup de conviv\u00e8ncia estable (GCE) al centre educatiu o que hagin estat designats com a contactes estrets pels Serveis de vigil\u00e0ncia epidemiol\u00f2gica.<\/li>\n\n\n\n<li><strong>Professionals docents dels centres d\u2019educaci\u00f3 especial, educaci\u00f3 infantil i educaci\u00f3 prim\u00e0ria immunitzats<\/strong>, que siguin contactes estrets d\u2019un cas positiu, sempre que siguin asimptom\u00e0tics i formin part d\u2019un GCE o altres professionals que hagin estat designats com a contactes estrets pels Serveis de vigil\u00e0ncia epidemiol\u00f2gica.<\/li>\n<\/ol>\n\n\n\n<p>A causa d\u2019aquest alt grau de demanda, \u00e9s possible que durant aquesta primera setmana algunes farm\u00e0cies hagin esgotat el seu estoc, per\u00f2, en tot cas, est\u00e0 previst que el Departament de Salut proporcioni noves unitats durant el dia d&#8217;avui. Aix\u00ed mateix, \u00e9s important recordar que els usuaris <strong>disposen de 4 dies per poder fer la prova; que, mentrestant, poden anar a l&#8217;escola; i que cada farm\u00e0cia adapta l\u2019horari i la quantitat de TAR que pot assumir en funci\u00f3 de la seva capacitat. Les m\u00e9s de 1.600 farm\u00e0cies que hi participen es poden consultar a les webs dels 4 col\u00b7legis de farmac\u00e8utics catalans.<\/strong><\/p>\n\n\n\n<h2 class=\"wp-block-heading\"><strong>M\u00e9s 418.900 tests d\u2019ant\u00edgens supervisats i m\u00e9s de 22.200 positius detectats per les farm\u00e0cies<\/strong><\/h2>\n\n\n\n<p>A banda d\u2019aquest cribratge, les farm\u00e0cies tamb\u00e9 realitzen tests d\u2019ant\u00edgens supervisats, no finan\u00e7ats, adre\u00e7ats a la poblaci\u00f3 general. En total, comptant les dues modalitats de TAR, des del juliol la xarxa de farm\u00e0cies de Catalunya ha realitzat <strong>m\u00e9s de 418.900 tests d\u2019ant\u00edgens supervisats<\/strong> i ha detectat <strong>m\u00e9s de 22.200 positius<\/strong>.<\/p>\n\n\n\n<p>D\u2019aquests, <strong>240.200 s\u2019han fet en el marc de cribratges de salut p\u00fablica<\/strong>, amb 7.831 positius detectats, i <strong>178.700 s\u2019han realitzat a la poblaci\u00f3 general<\/strong>, amb 14.385 positius detectats.<\/p>\n\n\n\n<h2 class=\"wp-block-heading\"><strong>M\u00e9s de 102.700 auto tests positius fets al domicili notificats a les farm\u00e0cies<\/strong><\/h2>\n\n\n\n<p>D\u2019altra banda, el passat 3 de gener les farm\u00e0cies adherides al programa TAR van comen\u00e7ar a notificar positius dels auto tests realitzats a domicili. Ja s\u00f3n <strong>m\u00e9s de 102.700 els positius comunicats al Departament de Salut des de les farm\u00e0cies.<\/strong><\/p>\n\n\n\n<p><strong>Aix\u00f2 ha fet que totes aquestes notificacions hagin evitat trucades als Centres d\u2019Atenci\u00f3 Prim\u00e0ria i, per tant, un cop m\u00e9s la farm\u00e0cia catalana contribueix a la descongesti\u00f3 del sistema sanitari.<\/strong> Alhora, en el moment d\u2019atendre aquestes trucades, els farmac\u00e8utics realitzen una important <strong>tasca d\u2019educaci\u00f3 sanit\u00e0ria<\/strong>, explicant a la poblaci\u00f3 com i quan han de realitzar els tests, ajudant&#8211;los a interpretar els resultats adequadament, promovent l\u2019autoresponsabilitat i resolent altres q\u00fcestions relacionades amb la COVID-19.<\/p>\n\n\n\n<p>Al seu torn, tot aix\u00f2 s\u00b4afegeix a la feina del dia a dia de la farm\u00e0cia, en el marc d\u2019una 6a onada on els farmac\u00e8utics han de continuar centrant esfor\u00e7os en dispensar els medicaments i atendre als usuaris amb tots els serveis habituals i, al seu torn, han de gestionar els equips, que, com tots els sectors, tamb\u00e9 estan patint baixes. Per tot plegat, el <strong>tracte hum\u00e0 i emp<\/strong>\u00e0tic en l&#8217;atenci\u00f3 farmac\u00e8utica prestada \u00e9s <strong>reconegut i molt ben valorat <\/strong>per part dels pacients.<\/p>\n","protected":false},"excerpt":{"rendered":"<p>Nom\u00e9s durant la primera setmana des de la represa del curs escolar el 2022, i despr\u00e9s que el darrer canvi de protocol incorpor\u00e9s tamb\u00e9 els alumnes d\u2019Educaci\u00f3 Prim\u00e0ria, les m\u00e9s de 1.600 farm\u00e0cies catalanes adherides al programa TAR han realitzat m\u00e9s de 123.500 tests d\u2019ant\u00edgens supervisats a un membre de [&hellip;]<\/p>\n","protected":false},"author":1,"featured_media":68000,"comment_status":"open","ping_status":"open","sticky":false,"template":"","format":"standard","meta":{"_uag_custom_page_level_css":"","site-sidebar-layout":"default","site-content-layout":"","ast-site-content-layout":"default","site-content-style":"default","site-sidebar-style":"default","ast-global-header-display":"","ast-banner-title-visibility":"","ast-main-header-display":"","ast-hfb-above-header-display":"","ast-hfb-below-header-display":"","ast-hfb-mobile-header-display":"","site-post-title":"","ast-breadcrumbs-content":"","ast-featured-img":"disabled","footer-sml-layout":"","theme-transparent-header-meta":"","adv-header-id-meta":"","stick-header-meta":"","header-above-stick-meta":"","header-main-stick-meta":"","header-below-stick-meta":"","astra-migrate-meta-layouts":"default","ast-page-background-enabled":"default","ast-page-background-meta":{"desktop":{"background-color":"var(--ast-global-color-4)","background-image":"","background-repeat":"repeat","background-position":"center center","background-size":"auto","background-attachment":"scroll","background-type":"","background-media":"","overlay-type":"","overlay-color":"","overlay-opacity":"","overlay-gradient":""},"tablet":{"background-color":"","background-image":"","background-repeat":"repeat","background-position":"center center","background-size":"auto","background-attachment":"scroll","background-type":"","background-media":"","overlay-type":"","overlay-color":"","overlay-opacity":"","overlay-gradient":""},"mobile":{"background-color":"","background-image":"","background-repeat":"repeat","background-position":"center center","background-size":"auto","background-attachment":"scroll","background-type":"","background-media":"","overlay-type":"","overlay-color":"","overlay-opacity":"","overlay-gradient":""}},"ast-content-background-meta":{"desktop":{"background-color":"var(--ast-global-color-5)","background-image":"","background-repeat":"repeat","background-position":"center center","background-size":"auto","background-attachment":"scroll","background-type":"","background-media":"","overlay-type":"","overlay-color":"","overlay-opacity":"","overlay-gradient":""},"tablet":{"background-color":"var(--ast-global-color-5)","background-image":"","background-repeat":"repeat","background-position":"center center","background-size":"auto","background-attachment":"scroll","background-type":"","background-media":"","overlay-type":"","overlay-color":"","overlay-opacity":"","overlay-gradient":""},"mobile":{"background-color":"var(--ast-global-color-5)","background-image":"","background-repeat":"repeat","background-position":"center center","background-size":"auto","background-attachment":"scroll","background-type":"","background-media":"","overlay-type":"","overlay-color":"","overlay-opacity":"","overlay-gradient":""}},"footnotes":""},"categories":[23,57],"tags":[64,463,18,19,464,458,311,465,53,68,69,76,253,466],"class_list":["post-59765","post","type-post","status-publish","format-standard","has-post-thumbnail","hentry","category-destacats","category-mon-collegial","tag-atencio-farmaceutica","tag-cibratge","tag-cofb","tag-collegi-de-farmaceutics-de-barcelona","tag-comunitat-educativa","tag-cribratge-escolar","tag-departament-de-salut","tag-escoles","tag-farmaceutics","tag-farmacia","tag-farmacia-comunitaria","tag-oficina-de-farmacia","tag-sistema-sanitari","tag-test-dantigens-rapid"],"yoast_head":"<!-- This site is optimized with the Yoast SEO plugin v22.4 - https:\/\/yoast.com\/wordpress\/plugins\/seo\/ -->\n<title>Cada 5 segons, una farm\u00e0cia catalana realitza un test d\u2019ant\u00edgens supervisat a un membre de la comunitat educativa - Col\u00b7legi de Farmac\u00e8utics de Barcelona<\/title>\n<meta name=\"description\" content=\"Nom\u00e9s durant la primera setmana des de la represa del curs escolar el 2022, i despr\u00e9s que el darrer canvi de protocol incorpor\u00e9s tamb\u00e9 els alumnes d\u2019Educaci\u00f3 Prim\u00e0ria, les m\u00e9s de 1.600 farm\u00e0cies catalanes adherides al programa TAR han realitzat m\u00e9s de 123.500 tests d\u2019ant\u00edgens supervisats a un membre de l\u2019entorn de la comunitat educativa.\" \/>\n<meta name=\"robots\" content=\"index, follow, max-snippet:-1, max-image-preview:large, max-video-preview:-1\" \/>\n<link rel=\"canonical\" href=\"https:\/\/novaorg.cofb.net\/2022\/01\/17\/cada-5-segons-una-farmacia-catalana-realitza-un-test-dantigens-supervisat-a-un-membre-de-la-comunitat-educativa\/\" \/>\n<meta property=\"og:locale\" content=\"ca_ES\" \/>\n<meta property=\"og:type\" content=\"article\" \/>\n<meta property=\"og:title\" content=\"Cada 5 segons, una farm\u00e0cia catalana realitza un test d\u2019ant\u00edgens supervisat a un membre de la comunitat educativa - Col\u00b7legi de Farmac\u00e8utics de Barcelona\" \/>\n<meta property=\"og:description\" content=\"Nom\u00e9s durant la primera setmana des de la represa del curs escolar el 2022, i despr\u00e9s que el darrer canvi de protocol incorpor\u00e9s tamb\u00e9 els alumnes d\u2019Educaci\u00f3 Prim\u00e0ria, les m\u00e9s de 1.600 farm\u00e0cies catalanes adherides al programa TAR han realitzat m\u00e9s de 123.500 tests d\u2019ant\u00edgens supervisats a un membre de l\u2019entorn de la comunitat educativa.\" \/>\n<meta property=\"og:url\" content=\"https:\/\/novaorg.cofb.net\/2022\/01\/17\/cada-5-segons-una-farmacia-catalana-realitza-un-test-dantigens-supervisat-a-un-membre-de-la-comunitat-educativa\/\" \/>\n<meta property=\"og:site_name\" content=\"Col\u00b7legi de Farmac\u00e8utics de Barcelona\" \/>\n<meta property=\"article:publisher\" content=\"https:\/\/www.facebook.com\/farmaceuticsbcn\/\" \/>\n<meta property=\"article:published_time\" content=\"2022-01-17T14:44:13+00:00\" \/>\n<meta property=\"article:modified_time\" content=\"2023-07-27T13:53:50+00:00\" \/>\n<meta property=\"og:image\" content=\"https:\/\/novaorg.cofb.net\/wp-content\/uploads\/2023\/07\/Test-dantigens.png\" \/>\n\t<meta property=\"og:image:width\" content=\"744\" \/>\n\t<meta property=\"og:image:height\" content=\"482\" \/>\n\t<meta property=\"og:image:type\" content=\"image\/png\" \/>\n<meta name=\"author\" content=\"wpAdminCofbOrg\" \/>\n<meta name=\"twitter:card\" content=\"summary_large_image\" \/>\n<meta name=\"twitter:creator\" content=\"@farmaceuticsbcn\" \/>\n<meta name=\"twitter:site\" content=\"@farmaceuticsbcn\" \/>\n<meta name=\"twitter:label1\" content=\"Escrit per\" \/>\n\t<meta name=\"twitter:data1\" content=\"wpAdminCofbOrg\" \/>\n\t<meta name=\"twitter:label2\" content=\"Temps estimat de lectura\" \/>\n\t<meta name=\"twitter:data2\" content=\"4 minuts\" \/>\n<script type=\"application\/ld+json\" class=\"yoast-schema-graph\">{\"@context\":\"https:\/\/schema.org\",\"@graph\":[{\"@type\":\"Article\",\"@id\":\"https:\/\/novaorg.cofb.net\/2022\/01\/17\/cada-5-segons-una-farmacia-catalana-realitza-un-test-dantigens-supervisat-a-un-membre-de-la-comunitat-educativa\/#article\",\"isPartOf\":{\"@id\":\"https:\/\/novaorg.cofb.net\/2022\/01\/17\/cada-5-segons-una-farmacia-catalana-realitza-un-test-dantigens-supervisat-a-un-membre-de-la-comunitat-educativa\/\"},\"author\":{\"name\":\"wpAdminCofbOrg\",\"@id\":\"https:\/\/www.cofb.org\/#\/schema\/person\/22ed7eea88da74b0fa4d3154ad87ffcb\"},\"headline\":\"Cada 5 segons, una farm\u00e0cia catalana realitza un test d\u2019ant\u00edgens supervisat a un membre de la comunitat educativa\",\"datePublished\":\"2022-01-17T14:44:13+00:00\",\"dateModified\":\"2023-07-27T13:53:50+00:00\",\"mainEntityOfPage\":{\"@id\":\"https:\/\/novaorg.cofb.net\/2022\/01\/17\/cada-5-segons-una-farmacia-catalana-realitza-un-test-dantigens-supervisat-a-un-membre-de-la-comunitat-educativa\/\"},\"wordCount\":813,\"commentCount\":0,\"publisher\":{\"@id\":\"https:\/\/www.cofb.org\/#organization\"},\"image\":{\"@id\":\"https:\/\/novaorg.cofb.net\/2022\/01\/17\/cada-5-segons-una-farmacia-catalana-realitza-un-test-dantigens-supervisat-a-un-membre-de-la-comunitat-educativa\/#primaryimage\"},\"thumbnailUrl\":\"https:\/\/www.cofb.org\/wp-content\/uploads\/2023\/07\/Test-dantigens.png\",\"keywords\":[\"Atenci\u00f3 farmac\u00e8utica\",\"cibratge\",\"COFB\",\"Col\u00b7legi de Farmac\u00e8utics de Barcelona\",\"comunitat educativa\",\"cribratge escolar\",\"Departament de Salut\",\"escoles\",\"farmac\u00e8utics\",\"Farm\u00e0cia\",\"farm\u00e0cia comunit\u00e0ria\",\"Oficina de farm\u00e0cia\",\"sistema sanitari\",\"test d&#039;ant\u00edgens r\u00e0pid\"],\"articleSection\":[\"Destacats\",\"M\u00f3n col\u00b7legial\"],\"inLanguage\":\"ca\",\"potentialAction\":[{\"@type\":\"CommentAction\",\"name\":\"Comment\",\"target\":[\"https:\/\/novaorg.cofb.net\/2022\/01\/17\/cada-5-segons-una-farmacia-catalana-realitza-un-test-dantigens-supervisat-a-un-membre-de-la-comunitat-educativa\/#respond\"]}]},{\"@type\":\"WebPage\",\"@id\":\"https:\/\/novaorg.cofb.net\/2022\/01\/17\/cada-5-segons-una-farmacia-catalana-realitza-un-test-dantigens-supervisat-a-un-membre-de-la-comunitat-educativa\/\",\"url\":\"https:\/\/novaorg.cofb.net\/2022\/01\/17\/cada-5-segons-una-farmacia-catalana-realitza-un-test-dantigens-supervisat-a-un-membre-de-la-comunitat-educativa\/\",\"name\":\"Cada 5 segons, una farm\u00e0cia catalana realitza un test d\u2019ant\u00edgens supervisat a un membre de la comunitat educativa - Col\u00b7legi de Farmac\u00e8utics de Barcelona\",\"isPartOf\":{\"@id\":\"https:\/\/www.cofb.org\/#website\"},\"primaryImageOfPage\":{\"@id\":\"https:\/\/novaorg.cofb.net\/2022\/01\/17\/cada-5-segons-una-farmacia-catalana-realitza-un-test-dantigens-supervisat-a-un-membre-de-la-comunitat-educativa\/#primaryimage\"},\"image\":{\"@id\":\"https:\/\/novaorg.cofb.net\/2022\/01\/17\/cada-5-segons-una-farmacia-catalana-realitza-un-test-dantigens-supervisat-a-un-membre-de-la-comunitat-educativa\/#primaryimage\"},\"thumbnailUrl\":\"https:\/\/www.cofb.org\/wp-content\/uploads\/2023\/07\/Test-dantigens.png\",\"datePublished\":\"2022-01-17T14:44:13+00:00\",\"dateModified\":\"2023-07-27T13:53:50+00:00\",\"description\":\"Nom\u00e9s durant la primera setmana des de la represa del curs escolar el 2022, i despr\u00e9s que el darrer canvi de protocol incorpor\u00e9s tamb\u00e9 els alumnes d\u2019Educaci\u00f3 Prim\u00e0ria, les m\u00e9s de 1.600 farm\u00e0cies catalanes adherides al programa TAR han realitzat m\u00e9s de 123.500 tests d\u2019ant\u00edgens supervisats a un membre de l\u2019entorn de la comunitat educativa.\",\"breadcrumb\":{\"@id\":\"https:\/\/novaorg.cofb.net\/2022\/01\/17\/cada-5-segons-una-farmacia-catalana-realitza-un-test-dantigens-supervisat-a-un-membre-de-la-comunitat-educativa\/#breadcrumb\"},\"inLanguage\":\"ca\",\"potentialAction\":[{\"@type\":\"ReadAction\",\"target\":[\"https:\/\/novaorg.cofb.net\/2022\/01\/17\/cada-5-segons-una-farmacia-catalana-realitza-un-test-dantigens-supervisat-a-un-membre-de-la-comunitat-educativa\/\"]}]},{\"@type\":\"ImageObject\",\"inLanguage\":\"ca\",\"@id\":\"https:\/\/novaorg.cofb.net\/2022\/01\/17\/cada-5-segons-una-farmacia-catalana-realitza-un-test-dantigens-supervisat-a-un-membre-de-la-comunitat-educativa\/#primaryimage\",\"url\":\"https:\/\/www.cofb.org\/wp-content\/uploads\/2023\/07\/Test-dantigens.png\",\"contentUrl\":\"https:\/\/www.cofb.org\/wp-content\/uploads\/2023\/07\/Test-dantigens.png\",\"width\":744,\"height\":482},{\"@type\":\"BreadcrumbList\",\"@id\":\"https:\/\/novaorg.cofb.net\/2022\/01\/17\/cada-5-segons-una-farmacia-catalana-realitza-un-test-dantigens-supervisat-a-un-membre-de-la-comunitat-educativa\/#breadcrumb\",\"itemListElement\":[{\"@type\":\"ListItem\",\"position\":1,\"name\":\"Inici\",\"item\":\"https:\/\/novaorg.cofb.net\/\"},{\"@type\":\"ListItem\",\"position\":2,\"name\":\"Cada 5 segons, una farm\u00e0cia catalana realitza un test d\u2019ant\u00edgens supervisat a un membre de la comunitat educativa\"}]},{\"@type\":\"WebSite\",\"@id\":\"https:\/\/www.cofb.org\/#website\",\"url\":\"https:\/\/www.cofb.org\/\",\"name\":\"Col\u00b7legi de Farmac\u00e8utics de Barcelona\",\"description\":\"\",\"publisher\":{\"@id\":\"https:\/\/www.cofb.org\/#organization\"},\"potentialAction\":[{\"@type\":\"SearchAction\",\"target\":{\"@type\":\"EntryPoint\",\"urlTemplate\":\"https:\/\/www.cofb.org\/?s={search_term_string}\"},\"query-input\":\"required name=search_term_string\"}],\"inLanguage\":\"ca\"},{\"@type\":\"Organization\",\"@id\":\"https:\/\/www.cofb.org\/#organization\",\"name\":\"Col\u00b7legi de Farmac\u00e8utics de Barcelona\",\"url\":\"https:\/\/www.cofb.org\/\",\"logo\":{\"@type\":\"ImageObject\",\"inLanguage\":\"ca\",\"@id\":\"https:\/\/www.cofb.org\/#\/schema\/logo\/image\/\",\"url\":\"https:\/\/www.cofb.org\/wp-content\/uploads\/2023\/11\/cropped-Logotip-COFB.png\",\"contentUrl\":\"https:\/\/www.cofb.org\/wp-content\/uploads\/2023\/11\/cropped-Logotip-COFB.png\",\"width\":500,\"height\":105,\"caption\":\"Col\u00b7legi de Farmac\u00e8utics de Barcelona\"},\"image\":{\"@id\":\"https:\/\/www.cofb.org\/#\/schema\/logo\/image\/\"},\"sameAs\":[\"https:\/\/www.facebook.com\/farmaceuticsbcn\/\",\"https:\/\/twitter.com\/farmaceuticsbcn\",\"https:\/\/www.instagram.com\/farmaceuticsbcn\/\",\"https:\/\/www.linkedin.com\/company\/farmaceuticsbcn\/\"]},{\"@type\":\"Person\",\"@id\":\"https:\/\/www.cofb.org\/#\/schema\/person\/22ed7eea88da74b0fa4d3154ad87ffcb\",\"name\":\"wpAdminCofbOrg\",\"image\":{\"@type\":\"ImageObject\",\"inLanguage\":\"ca\",\"@id\":\"https:\/\/www.cofb.org\/#\/schema\/person\/image\/\",\"url\":\"https:\/\/secure.gravatar.com\/avatar\/1721b20b3b8ca882c3b56ec6c978c594fff670e40c0718e9190eaeeb76aae7d8?s=96&d=mm&r=g\",\"contentUrl\":\"https:\/\/secure.gravatar.com\/avatar\/1721b20b3b8ca882c3b56ec6c978c594fff670e40c0718e9190eaeeb76aae7d8?s=96&d=mm&r=g\",\"caption\":\"wpAdminCofbOrg\"},\"sameAs\":[\"http:\/\/192.168.64.122\/wordpress\"],\"url\":\"https:\/\/www.cofb.org\/ca\/author\/wpadmincofborg\/\"}]}<\/script>\n<!-- \/ Yoast SEO plugin. -->","yoast_head_json":{"title":"Cada 5 segons, una farm\u00e0cia catalana realitza un test d\u2019ant\u00edgens supervisat a un membre de la comunitat educativa - Col\u00b7legi de Farmac\u00e8utics de Barcelona","description":"Nom\u00e9s durant la primera setmana des de la represa del curs escolar el 2022, i despr\u00e9s que el darrer canvi de protocol incorpor\u00e9s tamb\u00e9 els alumnes d\u2019Educaci\u00f3 Prim\u00e0ria, les m\u00e9s de 1.600 farm\u00e0cies catalanes adherides al programa TAR han realitzat m\u00e9s de 123.500 tests d\u2019ant\u00edgens supervisats a un membre de l\u2019entorn de la comunitat educativa.","robots":{"index":"index","follow":"follow","max-snippet":"max-snippet:-1","max-image-preview":"max-image-preview:large","max-video-preview":"max-video-preview:-1"},"canonical":"https:\/\/novaorg.cofb.net\/2022\/01\/17\/cada-5-segons-una-farmacia-catalana-realitza-un-test-dantigens-supervisat-a-un-membre-de-la-comunitat-educativa\/","og_locale":"ca_ES","og_type":"article","og_title":"Cada 5 segons, una farm\u00e0cia catalana realitza un test d\u2019ant\u00edgens supervisat a un membre de la comunitat educativa - Col\u00b7legi de Farmac\u00e8utics de Barcelona","og_description":"Nom\u00e9s durant la primera setmana des de la represa del curs escolar el 2022, i despr\u00e9s que el darrer canvi de protocol incorpor\u00e9s tamb\u00e9 els alumnes d\u2019Educaci\u00f3 Prim\u00e0ria, les m\u00e9s de 1.600 farm\u00e0cies catalanes adherides al programa TAR han realitzat m\u00e9s de 123.500 tests d\u2019ant\u00edgens supervisats a un membre de l\u2019entorn de la comunitat educativa.","og_url":"https:\/\/novaorg.cofb.net\/2022\/01\/17\/cada-5-segons-una-farmacia-catalana-realitza-un-test-dantigens-supervisat-a-un-membre-de-la-comunitat-educativa\/","og_site_name":"Col\u00b7legi de Farmac\u00e8utics de Barcelona","article_publisher":"https:\/\/www.facebook.com\/farmaceuticsbcn\/","article_published_time":"2022-01-17T14:44:13+00:00","article_modified_time":"2023-07-27T13:53:50+00:00","og_image":[{"width":744,"height":482,"url":"https:\/\/novaorg.cofb.net\/wp-content\/uploads\/2023\/07\/Test-dantigens.png","type":"image\/png"}],"author":"wpAdminCofbOrg","twitter_card":"summary_large_image","twitter_creator":"@farmaceuticsbcn","twitter_site":"@farmaceuticsbcn","twitter_misc":{"Escrit per":"wpAdminCofbOrg","Temps estimat de lectura":"4 minuts"},"schema":{"@context":"https:\/\/schema.org","@graph":[{"@type":"Article","@id":"https:\/\/novaorg.cofb.net\/2022\/01\/17\/cada-5-segons-una-farmacia-catalana-realitza-un-test-dantigens-supervisat-a-un-membre-de-la-comunitat-educativa\/#article","isPartOf":{"@id":"https:\/\/novaorg.cofb.net\/2022\/01\/17\/cada-5-segons-una-farmacia-catalana-realitza-un-test-dantigens-supervisat-a-un-membre-de-la-comunitat-educativa\/"},"author":{"name":"wpAdminCofbOrg","@id":"https:\/\/www.cofb.org\/#\/schema\/person\/22ed7eea88da74b0fa4d3154ad87ffcb"},"headline":"Cada 5 segons, una farm\u00e0cia catalana realitza un test d\u2019ant\u00edgens supervisat a un membre de la comunitat educativa","datePublished":"2022-01-17T14:44:13+00:00","dateModified":"2023-07-27T13:53:50+00:00","mainEntityOfPage":{"@id":"https:\/\/novaorg.cofb.net\/2022\/01\/17\/cada-5-segons-una-farmacia-catalana-realitza-un-test-dantigens-supervisat-a-un-membre-de-la-comunitat-educativa\/"},"wordCount":813,"commentCount":0,"publisher":{"@id":"https:\/\/www.cofb.org\/#organization"},"image":{"@id":"https:\/\/novaorg.cofb.net\/2022\/01\/17\/cada-5-segons-una-farmacia-catalana-realitza-un-test-dantigens-supervisat-a-un-membre-de-la-comunitat-educativa\/#primaryimage"},"thumbnailUrl":"https:\/\/www.cofb.org\/wp-content\/uploads\/2023\/07\/Test-dantigens.png","keywords":["Atenci\u00f3 farmac\u00e8utica","cibratge","COFB","Col\u00b7legi de Farmac\u00e8utics de Barcelona","comunitat educativa","cribratge escolar","Departament de Salut","escoles","farmac\u00e8utics","Farm\u00e0cia","farm\u00e0cia comunit\u00e0ria","Oficina de farm\u00e0cia","sistema sanitari","test d&#039;ant\u00edgens r\u00e0pid"],"articleSection":["Destacats","M\u00f3n col\u00b7legial"],"inLanguage":"ca","potentialAction":[{"@type":"CommentAction","name":"Comment","target":["https:\/\/novaorg.cofb.net\/2022\/01\/17\/cada-5-segons-una-farmacia-catalana-realitza-un-test-dantigens-supervisat-a-un-membre-de-la-comunitat-educativa\/#respond"]}]},{"@type":"WebPage","@id":"https:\/\/novaorg.cofb.net\/2022\/01\/17\/cada-5-segons-una-farmacia-catalana-realitza-un-test-dantigens-supervisat-a-un-membre-de-la-comunitat-educativa\/","url":"https:\/\/novaorg.cofb.net\/2022\/01\/17\/cada-5-segons-una-farmacia-catalana-realitza-un-test-dantigens-supervisat-a-un-membre-de-la-comunitat-educativa\/","name":"Cada 5 segons, una farm\u00e0cia catalana realitza un test d\u2019ant\u00edgens supervisat a un membre de la comunitat educativa - Col\u00b7legi de Farmac\u00e8utics de Barcelona","isPartOf":{"@id":"https:\/\/www.cofb.org\/#website"},"primaryImageOfPage":{"@id":"https:\/\/novaorg.cofb.net\/2022\/01\/17\/cada-5-segons-una-farmacia-catalana-realitza-un-test-dantigens-supervisat-a-un-membre-de-la-comunitat-educativa\/#primaryimage"},"image":{"@id":"https:\/\/novaorg.cofb.net\/2022\/01\/17\/cada-5-segons-una-farmacia-catalana-realitza-un-test-dantigens-supervisat-a-un-membre-de-la-comunitat-educativa\/#primaryimage"},"thumbnailUrl":"https:\/\/www.cofb.org\/wp-content\/uploads\/2023\/07\/Test-dantigens.png","datePublished":"2022-01-17T14:44:13+00:00","dateModified":"2023-07-27T13:53:50+00:00","description":"Nom\u00e9s durant la primera setmana des de la represa del curs escolar el 2022, i despr\u00e9s que el darrer canvi de protocol incorpor\u00e9s tamb\u00e9 els alumnes d\u2019Educaci\u00f3 Prim\u00e0ria, les m\u00e9s de 1.600 farm\u00e0cies catalanes adherides al programa TAR han realitzat m\u00e9s de 123.500 tests d\u2019ant\u00edgens supervisats a un membre de l\u2019entorn de la comunitat educativa.","breadcrumb":{"@id":"https:\/\/novaorg.cofb.net\/2022\/01\/17\/cada-5-segons-una-farmacia-catalana-realitza-un-test-dantigens-supervisat-a-un-membre-de-la-comunitat-educativa\/#breadcrumb"},"inLanguage":"ca","potentialAction":[{"@type":"ReadAction","target":["https:\/\/novaorg.cofb.net\/2022\/01\/17\/cada-5-segons-una-farmacia-catalana-realitza-un-test-dantigens-supervisat-a-un-membre-de-la-comunitat-educativa\/"]}]},{"@type":"ImageObject","inLanguage":"ca","@id":"https:\/\/novaorg.cofb.net\/2022\/01\/17\/cada-5-segons-una-farmacia-catalana-realitza-un-test-dantigens-supervisat-a-un-membre-de-la-comunitat-educativa\/#primaryimage","url":"https:\/\/www.cofb.org\/wp-content\/uploads\/2023\/07\/Test-dantigens.png","contentUrl":"https:\/\/www.cofb.org\/wp-content\/uploads\/2023\/07\/Test-dantigens.png","width":744,"height":482},{"@type":"BreadcrumbList","@id":"https:\/\/novaorg.cofb.net\/2022\/01\/17\/cada-5-segons-una-farmacia-catalana-realitza-un-test-dantigens-supervisat-a-un-membre-de-la-comunitat-educativa\/#breadcrumb","itemListElement":[{"@type":"ListItem","position":1,"name":"Inici","item":"https:\/\/novaorg.cofb.net\/"},{"@type":"ListItem","position":2,"name":"Cada 5 segons, una farm\u00e0cia catalana realitza un test d\u2019ant\u00edgens supervisat a un membre de la comunitat educativa"}]},{"@type":"WebSite","@id":"https:\/\/www.cofb.org\/#website","url":"https:\/\/www.cofb.org\/","name":"Col\u00b7legi de Farmac\u00e8utics de Barcelona","description":"","publisher":{"@id":"https:\/\/www.cofb.org\/#organization"},"potentialAction":[{"@type":"SearchAction","target":{"@type":"EntryPoint","urlTemplate":"https:\/\/www.cofb.org\/?s={search_term_string}"},"query-input":"required name=search_term_string"}],"inLanguage":"ca"},{"@type":"Organization","@id":"https:\/\/www.cofb.org\/#organization","name":"Col\u00b7legi de Farmac\u00e8utics de Barcelona","url":"https:\/\/www.cofb.org\/","logo":{"@type":"ImageObject","inLanguage":"ca","@id":"https:\/\/www.cofb.org\/#\/schema\/logo\/image\/","url":"https:\/\/www.cofb.org\/wp-content\/uploads\/2023\/11\/cropped-Logotip-COFB.png","contentUrl":"https:\/\/www.cofb.org\/wp-content\/uploads\/2023\/11\/cropped-Logotip-COFB.png","width":500,"height":105,"caption":"Col\u00b7legi de Farmac\u00e8utics de Barcelona"},"image":{"@id":"https:\/\/www.cofb.org\/#\/schema\/logo\/image\/"},"sameAs":["https:\/\/www.facebook.com\/farmaceuticsbcn\/","https:\/\/twitter.com\/farmaceuticsbcn","https:\/\/www.instagram.com\/farmaceuticsbcn\/","https:\/\/www.linkedin.com\/company\/farmaceuticsbcn\/"]},{"@type":"Person","@id":"https:\/\/www.cofb.org\/#\/schema\/person\/22ed7eea88da74b0fa4d3154ad87ffcb","name":"wpAdminCofbOrg","image":{"@type":"ImageObject","inLanguage":"ca","@id":"https:\/\/www.cofb.org\/#\/schema\/person\/image\/","url":"https:\/\/secure.gravatar.com\/avatar\/1721b20b3b8ca882c3b56ec6c978c594fff670e40c0718e9190eaeeb76aae7d8?s=96&d=mm&r=g","contentUrl":"https:\/\/secure.gravatar.com\/avatar\/1721b20b3b8ca882c3b56ec6c978c594fff670e40c0718e9190eaeeb76aae7d8?s=96&d=mm&r=g","caption":"wpAdminCofbOrg"},"sameAs":["http:\/\/192.168.64.122\/wordpress"],"url":"https:\/\/www.cofb.org\/ca\/author\/wpadmincofborg\/"}]}},"uagb_featured_image_src":{"full":["https:\/\/www.cofb.org\/wp-content\/uploads\/2023\/07\/Test-dantigens.png",744,482,false],"thumbnail":["https:\/\/www.cofb.org\/wp-content\/uploads\/2023\/07\/Test-dantigens-150x150.png",150,150,true],"medium":["https:\/\/www.cofb.org\/wp-content\/uploads\/2023\/07\/Test-dantigens-300x194.png",300,194,true],"medium_large":["https:\/\/www.cofb.org\/wp-content\/uploads\/2023\/07\/Test-dantigens.png",744,482,false],"large":["https:\/\/www.cofb.org\/wp-content\/uploads\/2023\/07\/Test-dantigens.png",744,482,false],"1536x1536":["https:\/\/www.cofb.org\/wp-content\/uploads\/2023\/07\/Test-dantigens.png",744,482,false],"2048x2048":["https:\/\/www.cofb.org\/wp-content\/uploads\/2023\/07\/Test-dantigens.png",744,482,false],"trp-custom-language-flag":["https:\/\/www.cofb.org\/wp-content\/uploads\/2023\/07\/Test-dantigens.png",18,12,false]},"uagb_author_info":{"display_name":"wpAdminCofbOrg","author_link":"https:\/\/www.cofb.org\/ca\/author\/wpadmincofborg\/"},"uagb_comment_info":0,"uagb_excerpt":"Nom\u00e9s durant la primera setmana des de la represa del curs escolar el 2022, i despr\u00e9s que el darrer canvi de protocol incorpor\u00e9s tamb\u00e9 els alumnes d\u2019Educaci\u00f3 Prim\u00e0ria, les m\u00e9s de 1.600 farm\u00e0cies catalanes adherides al programa TAR han realitzat m\u00e9s de 123.500 tests d\u2019ant\u00edgens supervisats a un membre de [&hellip;]","_links":{"self":[{"href":"https:\/\/www.cofb.org\/ca\/wp-json\/wp\/v2\/posts\/59765","targetHints":{"allow":["GET"]}}],"collection":[{"href":"https:\/\/www.cofb.org\/ca\/wp-json\/wp\/v2\/posts"}],"about":[{"href":"https:\/\/www.cofb.org\/ca\/wp-json\/wp\/v2\/types\/post"}],"author":[{"embeddable":true,"href":"https:\/\/www.cofb.org\/ca\/wp-json\/wp\/v2\/users\/1"}],"replies":[{"embeddable":true,"href":"https:\/\/www.cofb.org\/ca\/wp-json\/wp\/v2\/comments?post=59765"}],"version-history":[{"count":1,"href":"https:\/\/www.cofb.org\/ca\/wp-json\/wp\/v2\/posts\/59765\/revisions"}],"predecessor-version":[{"id":68001,"href":"https:\/\/www.cofb.org\/ca\/wp-json\/wp\/v2\/posts\/59765\/revisions\/68001"}],"wp:featuredmedia":[{"embeddable":true,"href":"https:\/\/www.cofb.org\/ca\/wp-json\/wp\/v2\/media\/68000"}],"wp:attachment":[{"href":"https:\/\/www.cofb.org\/ca\/wp-json\/wp\/v2\/media?parent=59765"}],"wp:term":[{"taxonomy":"category","embeddable":true,"href":"https:\/\/www.cofb.org\/ca\/wp-json\/wp\/v2\/categories?post=59765"},{"taxonomy":"post_tag","embeddable":true,"href":"https:\/\/www.cofb.org\/ca\/wp-json\/wp\/v2\/tags?post=59765"}],"curies":[{"name":"wp","href":"https:\/\/api.w.org\/{rel}","templated":true}]}}