{"id":59630,"date":"2022-01-24T19:23:00","date_gmt":"2022-01-24T17:23:00","guid":{"rendered":"https:\/\/blog.cofb.cat\/?p=59630"},"modified":"2023-07-27T13:53:18","modified_gmt":"2023-07-27T13:53:18","slug":"desembre-laugment-de-la-demanda-de-tests-dantigens-a-les-farmacies-i-les-activitats-formatives-del-cofb-temes-mes-destacats-als-mitjans","status":"publish","type":"post","link":"https:\/\/www.cofb.org\/ca\/2022\/01\/24\/desembre-laugment-de-la-demanda-de-tests-dantigens-a-les-farmacies-i-les-activitats-formatives-del-cofb-temes-mes-destacats-als-mitjans\/","title":{"rendered":"Desembre: L&#8217;augment de la demanda de tests d&#8217;ant\u00edgens a les farm\u00e0cies i les activitats formatives del COFB, temes m\u00e9s destacats als mitjans"},"content":{"rendered":"\n<h2 class=\"wp-block-heading\"><strong>Gran augment de la demanda de tests d\u2019ant\u00edgens a les farm\u00e0cies, coincidint amb la sisena onada i les festes de Nadal<\/strong><\/h2>\n\n\n\n<h3 class=\"wp-block-heading has-black-color has-text-color\"><strong>Abans de Nadal<\/strong><\/h3>\n\n\n\n<p>Coincidint amb la <strong>sisena onada<\/strong> i la <strong>proximitat de les festes de Nadal<\/strong>, molts mitjans es van interessar per la disponibilitat de <strong>tests d&#8217;ant\u00edgens a les farm\u00e0cies<\/strong>, aix\u00ed com pel seu<strong> funcionament<\/strong>. Just despr\u00e9s del pont del desembre, La Vanguardia va publicar un reportatge amb <strong>intervencions de diferents experts<\/strong>, entre ells <strong>Xavier Tejedor<\/strong>, vocal d&#8217;An\u00e0lisi del COFB. El reportatge de La Vanguardia es titulava <a href=\"https:\/\/www.lavanguardia.com\/vida\/20211208\/7915193\/test-d-antigens-abans-dels-sopars-nadal-refieu-vos-nomes-dona-positiu.html\" target=\"_blank\" rel=\"noreferrer noopener\">&#8220;Test d\u2019ant\u00edgens abans dels sopars de Nadal: refieu-vos-en nom\u00e9s si dona positiu&#8221;<\/a> i tamb\u00e9 va ser publicat per <a href=\"https:\/\/www.rac1.cat\/societat\/20211210\/4103647124601\/test-antigens-sopars-nadal-empresa-positiu-covid-proves-pandemia.html?utm_source=twitter&amp;utm_medium=social&amp;utm_content=_societat\" target=\"_blank\" rel=\"noreferrer noopener\">RAC1<\/a>. Aix\u00ed mateix, <strong>Tejedor<\/strong> va fer declaracions en el marc d&#8217;un<strong> article<\/strong> a RAC1 titulat <a href=\"https:\/\/www.rac1.cat\/societat\/20211213\/4103697297624\/testos-antigens-covid-farmacies-nadal-contagis.html?utm_source=twitter&amp;utm_medium=social&amp;utm_content=rac1_societat\" target=\"_blank\" rel=\"noreferrer noopener\">&#8220;Es multiplica per quatre la venda de testos d\u2019ant\u00edgens a les portes de Nadal&#8221;<\/a>. Aquesta informaci\u00f3, amb declaracions de Tejedor es va emetre tamb\u00e9 al programa <a href=\"https:\/\/api.audioteca.rac1.cat\/embed\/829359e3-33f5-44c6-a214-4f7c9a57aa41\" target=\"_blank\" rel=\"noreferrer noopener\">&#8220;El M\u00f3n a RAC1&#8221;<\/a> del passat 13 de desembre.<\/p>\n\n\n\n<figure class=\"wp-block-image size-large\"><img decoding=\"async\" src=\"https:\/\/blog.cofb.cat\/wp-content\/uploads\/2022\/01\/LVRAC1-1-2-1024x636.png\" alt=\"\" class=\"wp-image-59810\"\/><\/figure>\n\n\n\n<p>D&#8217;altra banda, el <a href=\"https:\/\/www.diaridetarragona.com\/cat-es-mon\/La-venta-de-tests-en-farmacias-se-dispara-20211209-0051.html\" target=\"_blank\" rel=\"noreferrer noopener\">Diari de Tarragona<\/a> va referir-se al fet que des del COFB s&#8217;havia notat un <strong>increment molt notable de la demada de TAR<\/strong> durant la primera quinzena de mes. Qui tamb\u00e9 va confirmar-ho va ser el president del Col\u00b7legi de Farmac\u00e8utics de Barcelona (COFB) i el Consell de Col\u00b7legis Farmac\u00e8utics de Catalunya (CCFC), Jordi Casas, en declaracions a <strong><a href=\"https:\/\/www.ccma.cat\/tv3\/alacarta\/els-matins\/els-matins-13122021\/video\/6134179\/\" target=\"_blank\" rel=\"noreferrer noopener\">Els Matins de TV3<\/a><\/strong>. Casas tamb\u00e9 va explicar el <strong>circuit del cribratge escolar<\/strong> en qu\u00e8 participen les farm\u00e0cies.  <\/p>\n\n\n\n<figure class=\"wp-block-image size-large\"><img decoding=\"async\" src=\"https:\/\/blog.cofb.cat\/wp-content\/uploads\/2022\/01\/matins-1024x724.png\" alt=\"\" class=\"wp-image-59800\"\/><\/figure>\n\n\n\n<p>Al seu torn, <strong>Laura Gom\u00e0<\/strong>, vocal del Col\u00b7legi de Farmac\u00e8utics de Barcelona (COFB), va atendre una entrevista del programa &#8220;<a href=\"https:\/\/play.cadenaser.com\/audio\/370RD010000001820945\/\" target=\"_blank\" rel=\"noreferrer noopener\">El Balc\u00f3&#8221; de Cadena Ser<\/a>, on va parlar de l&#8217;<strong>augment de la demanda de TAR<\/strong>, aix\u00ed com de la import\u00e0ncia de seguir les <strong>mesures preventives <\/strong>per evitar contagis. Alhora, Gom\u00e0 va ser entrevistada pel mateix tema a <a href=\"https:\/\/www.rtve.es\/play\/audios\/de-boca-a-orella\/javier-perez-andujar-vacunacio-menors\/6246030\/\" target=\"_blank\" rel=\"noreferrer noopener\">R\u00e0dio 4<\/a> (a partir del minut 29), i diversos mitjans locals tamb\u00e9 van aprofitar per recollir testimonis de farmac\u00e8utics de diferents poblacions, com en el cas de <a href=\"https:\/\/radiosabadell.fm\/alacarta\/audio\/angel-rodriguez-farmaceutic-no-tenim-antigens-i-no-sabem-quan-arribaran\" target=\"_blank\" rel=\"noreferrer noopener\">R\u00e0dio Sabadell<\/a>. <a href=\"https:\/\/www.radiocalellatv.cat\/la-proximitat-de-nadal-dispara-la-demanada-de-test-dantigens\/\" target=\"_blank\" rel=\"noreferrer noopener\">R\u00e0dio Calella<\/a> i <a href=\"https:\/\/www.vallesvisio.cat\/es-disparen-les-vendes-de-test-dantigens-a-les-farmacies-del-baix-valles\/\" target=\"_blank\" rel=\"noreferrer noopener\">Vall\u00e8s Visi\u00f3<\/a>.<\/p>\n\n\n\n<p>El 14 de desembre l&#8217;<strong>Ag\u00e8ncia Catalana de Not\u00edcies (ACN)<\/strong> va publicar un <strong>teletip<\/strong> amb informaci\u00f3 proporcionada pel COFB, que van recollir els seg\u00fcents mitjans: <a href=\"https:\/\/www.elpuntavui.cat\/societat\/article\/14-salut\/2071504-la-proximitat-del-nadal-i-l-augment-de-la-incidencia-disparen-la-demanda-de-testos-d-antigens-a-les-farmacies.html\" target=\"_blank\" rel=\"noreferrer noopener\">El Punt Avui<\/a>, <a href=\"https:\/\/www.regio7.cat\/arreu-catalunya-espanya-mon\/2021\/12\/14\/nadal-i-l-elevada-incidencia-60637599.html\" target=\"_blank\" rel=\"noreferrer noopener\">Regi\u00f3 7<\/a>, <a href=\"https:\/\/www.vilaweb.cat\/noticies\/proximitat-nadal-augmenta-incidencia-dispara-demanda-proves-antigens-farmacies\/\" target=\"_blank\" rel=\"noreferrer noopener\">Vilaweb<\/a>, <a href=\"https:\/\/www.lamanyana.cat\/la-proximitat-del-nadal-i-laugment-de-la-incidencia-disparen-la-demanda-de-testos-dantigens-a-les-farmacies\/\" target=\"_blank\" rel=\"noreferrer noopener\">La Ma\u00f1ana<\/a>, i <a href=\"https:\/\/www.eixdiari.cat\/societat\/doc\/98522\/la-proximitat-del-nadal-i-laugment-de-la-incidencia-disparen-la-demanda-de-testos-dantigens-a-les-fa.html\" target=\"_blank\" rel=\"noreferrer noopener\">Eix Diari<\/a>. Al <strong>teletip <\/strong>es destacava que la demanda de TAR s&#8217;havia disparat coincidint amb la <strong>sisena onada<\/strong> i la <strong>proximitat de Nadal<\/strong>. A m\u00e9s, s&#8217;incorporaven declaracions del president del COFB i el CCFC a Els Matins de TV3, aix\u00ed com dades dels tests d\u2019ant\u00edgens supervisats des de les farm\u00e0cies (tant dels <strong>finan\u00e7ats<\/strong>, emmarcats en cribratges de salut p\u00fablica i dirigits a col\u00b7lectius espec\u00edfics com dels <strong>no finan\u00e7ats<\/strong>, dirigits a la poblaci\u00f3 general).<\/p>\n\n\n\n<figure class=\"wp-block-image size-large\"><img decoding=\"async\" src=\"https:\/\/blog.cofb.cat\/wp-content\/uploads\/2022\/01\/Copia-de-Plantilla-pantallazos-reculls-1024x724.png\" alt=\"\" class=\"wp-image-59818\"\/><\/figure>\n\n\n\n<p>El dia 17 de desembre, el programa <a href=\"https:\/\/www.ccma.cat\/tv3\/alacarta\/tot-es-mou\/quan-trigariem-a-infectar-nos-en-un-sopar-de-nadal-en-un-espai-tancat\/video\/6135084\/\" target=\"_blank\" rel=\"noreferrer noopener\">Tot es mou de TV3<\/a> (a partir del minut 8:48) va entrevistar la vicepresidenta del<strong> Col\u00b7legi de Farmac\u00e8utics de Barcelona (COFB)<\/strong>, <strong>N\u00faria Bosch<\/strong>, per parlar del funcionament dels <strong>tests d&#8217;ant\u00edgens<\/strong> i de <strong>com realitzar-los correctament<\/strong>, a m\u00e9s de l&#8217;<strong>augment de la demanda<\/strong>. Per la seva banda, <strong>Guillermo Bagar\u00eda<\/strong>, vocal d&#8217;Oficina de Farm\u00e0cia del COFB, va ser entrevistat a <a href=\"https:\/\/beteve.cat\/btv-noticies-migdia\/btv-noticies-migdia-1949\/\" target=\"_blank\" rel=\"noreferrer noopener\">Betev\u00e9<\/a> (a partir del minut 9:10) despr\u00e9s que la demanda de tests d&#8217;ant\u00edgens a les farm\u00e0cies es multipliqu\u00e9s per 20. Bagar\u00eda tamb\u00e9 va parlar-ne a l&#8217;<a href=\"https:\/\/lhdigital.cat\/web\/digital-h\/televisio\/veure-video\/-\/journal_content\/56_INSTANCE_ZrP3\/11023\/15041374\" target=\"_blank\" rel=\"noreferrer noopener\">Hospitalet Digital<\/a> i a <a href=\"https:\/\/mynmedia.mynews.es\/noticies\/intelligence\/?dre=INS202112223007&amp;tipus=adjunt&amp;idCarpeta=13819&amp;idArxiu=92628&amp;fromEmail=True&amp;idEnviament=171229\" target=\"_blank\" rel=\"noreferrer noopener\">R\u00e0dio Estel<\/a> (a partir del minut 8:15). Bagar\u00eda va destacar que, &#8220;per sobre dels tests, hem d&#8217;incidir en les <strong>recomanacions b\u00e0siques<\/strong>: mascareta, higiene, dist\u00e0ncia i ventilaci\u00f3&#8221;.<\/p>\n\n\n\n<figure class=\"wp-block-image size-large\"><img decoding=\"async\" src=\"https:\/\/blog.cofb.cat\/wp-content\/uploads\/2022\/01\/Copia-de-Plantilla-pantallazos-reculls-1024x724.jpg\" alt=\"\" class=\"wp-image-59797\"\/><\/figure>\n\n\n\n<p>D&#8217;altra banda, davant l&#8217;augment de la demanda de TAR a les farm\u00e0cies, N\u00faria Bosch, vicepresidenta del COFB, va ser entrevistada a <a href=\"https:\/\/www.ondacero.es\/emisoras\/catalunya\/audios-podcast\/noticies-migdia\/noticies-migdia-20122021_2021122061c0bc4b97e21a0001522d1b.html\" target=\"_blank\" rel=\"noreferrer noopener\">Onda Cero<\/a> (a partir del minut 12:38) i tamb\u00e9 va fer declaracions a El Peri\u00f3dico, en el marc d&#8217;un reportatge titulat &#8220;Sobreviure al Nadal de l&#8217;\u00f2micron&#8221; (versi\u00f3 paper). D&#8217;altra banda, <a href=\"https:\/\/www.ccma.cat\/catradio\/alacarta\/catalunya-al-dia\/catalunya-al-dia-24122021\/audio\/1120295\/\" target=\"_blank\" rel=\"noreferrer noopener\">Catalunya Informaci\u00f3<\/a> (a partir del minut 12:17) va emetre un reportatge amb declaracions de Jordi Casas, president del COFB. El president va apuntar que &#8220;\u00e9s dif\u00edcil, per\u00f2 l&#8217;Administraci\u00f3 hauria d&#8217;intentar regular el preu dels tests d&#8217;ant\u00edgens&#8221;.<\/p>\n\n\n\n<p>Sobre el <em><strong>boom<\/strong><\/em> dels <strong>tests d&#8217;ant\u00edgens<\/strong>, tamb\u00e9 van recollir informaci\u00f3 proporcionada pel COFB al voltant dels TAR supervisats a les farm\u00e0cies: <a href=\"https:\/\/www.diariomedico.com\/farmacia\/comunitaria\/las-farmacias-aumentan-sus-pedidos-ante-el-boom-por-los-test-de-antigenos.html\" target=\"_blank\" rel=\"noreferrer noopener\">Diario M\u00e9dico<\/a>, <a href=\"https:\/\/www.larazon.es\/cataluna\/20211220\/blc7ckx6x5ahdah4fztoefvzzi.html\" target=\"_blank\" rel=\"noreferrer noopener\">La Raz\u00f3n<\/a>, <a href=\"https:\/\/www.elpuntavui.cat\/societat\/article\/5-societat\/2074660-s-han-acabat-vagi-venint.html\" target=\"_blank\" rel=\"noreferrer noopener\">El Punt Avui<\/a> i el <a href=\"https:\/\/www.ara.cat\/societat\/celebrar-nadal-segur_1_4218327.html\" target=\"_blank\" rel=\"noreferrer noopener\">Diari Ara<\/a>. <\/p>\n\n\n\n<h3 class=\"wp-block-heading\"><strong>Despr\u00e9s de Nadal<\/strong><\/h3>\n\n\n\n<p>Despr\u00e9s de Nadal i Sant Esteve, <a href=\"https:\/\/www.rtve.es\/play\/videos\/linformatiu\/28122021\/6264830\/\" target=\"_blank\" rel=\"noreferrer noopener\">TVE Catalunya<\/a> (a partir del minut 4:14) i <a href=\"https:\/\/www.cope.es\/emisoras\/cataluna\/barcelona-provincia\/barcelona\/la-linterna-cope-catalunya-i-andorra\/noticias\/linterna-cope-catalunya-andorra-desembre-20211229_1703964\" target=\"_blank\" rel=\"noreferrer noopener\">Cope Catalunya<\/a> (a partir del minut 39:15) van entrevistar <strong>Guillermo Bagar\u00eda<\/strong>, vocal d&#8217;Oficina de Farm\u00e0cia del COFB, per parlar de la situaci\u00f3 dels tests d&#8217;ant\u00edgens a les farm\u00e0cies, en haver acabat unes de les principals festivitats de Nadal. <\/p>\n\n\n\n<p>Per la seva banda, <a href=\"https:\/\/radiosabadell.fm\/alacarta\/audio\/meritxell-blanchart-farmaceutica-estem-abastint-la-poblacio-amb-els-antigens\" target=\"_blank\" rel=\"noreferrer noopener\">R\u00e0dio Sabadell<\/a>, <a href=\"https:\/\/www.onamalgrat.cat\/news\/id\/onamalgrat_news_6746\" target=\"_blank\" rel=\"noreferrer noopener\">Ona Malgrat<\/a>, <a href=\"https:\/\/beteve.cat\/btv-noticies-migdia\/btv-noticies-migdia-1949\/\" target=\"_blank\" rel=\"noreferrer noopener\">Betev\u00e9 <\/a>i <a href=\"https:\/\/www.ccma.cat\/tv3\/alacarta\/planta-baixa\/planta-baixa-28122021\/video\/6136630\/\" target=\"_blank\" rel=\"noreferrer noopener\">TV3 <\/a>(a partir del minut 58:15) tamb\u00e9 van recollir declaracions de farmac\u00e8utiques de Barcelona sobre l&#8217;evoluci\u00f3 dels TAR despr\u00e9s de Nadal. <\/p>\n\n\n\n<figure class=\"wp-block-image size-large\"><img decoding=\"async\" src=\"https:\/\/blog.cofb.cat\/wp-content\/uploads\/2022\/01\/tve-1024x724.png\" alt=\"\" class=\"wp-image-59799\"\/><\/figure>\n\n\n\n<h2 class=\"wp-block-heading\"><strong>Tert\u00falia COVID-19 sobre vacunes amb la Dra. Magda Campins<\/strong><\/h2>\n\n\n\n<p>El passat 16 de desembre, la <strong>Dra. Magda Campins<\/strong> investigadora del <strong>grup de recerca<\/strong> d\u2019<strong>epidemiologia<\/strong> i <strong>Salut P\u00fablica <\/strong>del Vall d\u2019Hebron Institut de Recerca (VHIR) i presidenta del Comit\u00e8 Cient\u00edfic Assessor de la COVID-19, va participar en la primera Tert\u00falia COVID-19 organitzada pel COFB, on el tema central van ser les <strong>vacunes<\/strong>. <strong>Aina Surroca<\/strong>, secret\u00e0ria del COFB i responsable de la Comissi\u00f3 Delegada de Formaci\u00f3 va ser l&#8217;encarregada d&#8217;introduir i moderar la sessi\u00f3.  Despr\u00e9s de fer un&nbsp;<strong>rep\u00e0s<\/strong>&nbsp;de la&nbsp;<strong>situaci\u00f3 epidemiol\u00f2gica<\/strong>, la doctora va resoldre diverses preguntes que els col\u00b7legiats havien enviat pr\u00e8viament, classificades en <strong>quatre grans blocs<\/strong>:&nbsp;<strong>malaltia<\/strong>,&nbsp;<strong>epidemiologia<\/strong>,&nbsp;<strong>vacuna<\/strong>&nbsp;i&nbsp;<strong>restriccions<\/strong>.<\/p>\n\n\n\n<p>Des del Col\u00b7legi de Farmac\u00e8utics de Barcelona (COFB), es va enviar als <strong>mitjans de comunicaci\u00f3<\/strong> una nota de premsa recollint els <strong>aspectes m\u00e9s rellevants<\/strong> de la <strong>confer\u00e8ncia<\/strong>. Se&#8217;n van fer ress\u00f2: <a href=\"https:\/\/www.diariofarma.com\/2021\/12\/22\/las-vacunas-abren-el-ciclo-de-tertulias-sobre-el-covid-19-en-el-colegio-de-barcelona\" target=\"_blank\" rel=\"noreferrer noopener\">Diariofarma<\/a>, <a href=\"https:\/\/www.farmaventas.es\/noticias-del-sector\/12382-el-cof-de-barcelona-pone-en-marcha-el-ciclo-de-tertulias-covid-19-con-una-conferencia-sobre-vacunas-impartida-por-la-dra-magda-campins.html\" target=\"_blank\" rel=\"noreferrer noopener\">Farmaventas<\/a>, <a href=\"https:\/\/www.pmfarma.es\/noticias\/32945-el-cof-de-barcelona-pone-en-marcha-el-ciclo-de-tertulias-covid-19-con-una-conferencia-sobre-vacunas.html\" target=\"_blank\" rel=\"noreferrer noopener\">PmFarma<\/a> i <a href=\"https:\/\/www.imfarmacias.es\/noticia\/26635\/el-cof-de-barcelona-inaugura-el-ciclo-de-tertulias-covid19-con-una-co.html\" target=\"_blank\" rel=\"noreferrer noopener\">imFarmacias<\/a>.<\/p>\n\n\n\n<figure class=\"wp-block-image size-large\"><img decoding=\"async\" src=\"https:\/\/blog.cofb.cat\/wp-content\/uploads\/2022\/01\/diariofarmaimfarmacias-1024x724.png\" alt=\"\" class=\"wp-image-59796\"\/><\/figure>\n\n\n\n<h2 class=\"wp-block-heading\"><strong><em>Webinar<\/em> d&#8217;\u00c0gora Sanit\u00e0ria i Nestl\u00e9 Health Science sobre nous aven\u00e7os  en envelliment cel\u00b7lular<\/strong><\/h2>\n\n\n\n<p>Una altra de les activitats formatives del mes de desembre que va tenir ress\u00f2 a la premsa especialitzada va ser el webinar sobre <strong>nous aven\u00e7os en envelliment cel\u00b7lular,<\/strong> organitzat per <strong>\u00c0gora Sanit\u00e0ria i Nestl\u00e9 Health Science<\/strong>. La formaci\u00f3 va comptar amb les intervencions del <strong>Dr. Jos\u00e9 Vi\u00f1a<\/strong>, referent en la recerca sobre envelliment que ha treballat sota la direcci\u00f3 del Premi Nobel Hans Krebs, i la <strong>Dra. Maria Izquierdo<\/strong>, catedr\u00e0tica de nutrici\u00f3 la Facultat de Farm\u00e0cia i Ci\u00e8ncies de l&#8217;Alimentaci\u00f3. Van recollir la nota de premsa: <a href=\"https:\/\/revistafarmanatur.com\/home-drch\/mas-400-inscritos-webinar-agora-sanitaria-nestle-health-science-envejecimiento-celular-papel-la-farmacia\/\" target=\"_blank\" rel=\"noreferrer noopener\">Revista Farmanatur<\/a>, <a href=\"https:\/\/www.actasanitaria.com\/farmacia\/mas-400-inscritos-en-webinar-agora-sanitaria_2000152_102.html\" target=\"_blank\" rel=\"noreferrer noopener\">Acta Sanitaria<\/a>, <a href=\"https:\/\/www.imfarmacias.es\/noticia\/26602\/el-webinar-de-agora-sanitaria-y-nestle-health-science-sobre-nuevos-a.html\" target=\"_blank\" rel=\"noreferrer noopener\">imFarmacias<\/a>, <a href=\"https:\/\/www.farmaventas.es\/noticias-del-sector\/12376-mas-de-400-inscritos-en-el-webinar-de-agora-sanitaria-y-nestle-health-science-sobre-nuevos-avances-en-envejecimiento-celular-y-el-papel-de-la-oficina-de-farmacia.html\" target=\"_blank\" rel=\"noreferrer noopener\">Farmaventas<\/a>, <a href=\"https:\/\/revistaacofar.com\/actualidad\/noticias\/mas-de-400-inscritos-en-el-webinar-de-agora-sanitaria-y-nestle-sobre-el-envejecimiento-celular-y-el-papel-de-la-oficina-de-farmacia\/\" target=\"_blank\" rel=\"noreferrer noopener\">Revista Acofar<\/a> i <a href=\"https:\/\/www.pmfarma.es\/noticias\/32923-mas-de-400-inscritos-en-el-webinar-de-agora-sanitaria-y-nestle-health-science-.html\" target=\"_blank\" rel=\"noreferrer noopener\">PmFarma<\/a>. <\/p>\n\n\n\n<h2 class=\"wp-block-heading\"><strong>Entrevista a Aina Surroca, secret\u00e0ria del COFB<\/strong><\/h2>\n\n\n\n<p>La secret\u00e0ria del COFB, <strong>Aina Surroca<\/strong>, va ser entrevistada per la web de TEVA. Les seves <strong>declaracions<\/strong> van ser incloses en una <a href=\"https:\/\/tevafarmacia.es\/desde-la-farmacia\/que-dice-la-farmacia\/cambios-farmacia-paciente-pandemia\" target=\"_blank\" rel=\"noreferrer noopener\">pe\u00e7a<\/a> sobre els canvis en la farm\u00e0cia i el pacient durant la <strong>pand\u00e8mia de la COVID-19<\/strong>. Surroca va afirmar que, cada vegada m\u00e9s, &#8220;el pacient demandar\u00e0 disposar d&#8217;<strong>eines digitals<\/strong> perqu\u00e8 ens puguem relacionar amb ell&#8221;.  <\/p>\n\n\n\n<figure class=\"wp-block-image size-large\"><img decoding=\"async\" src=\"https:\/\/blog.cofb.cat\/wp-content\/uploads\/2022\/01\/acta-teva-1-1-1024x620.png\" alt=\"\" class=\"wp-image-59814\"\/><\/figure>\n\n\n\n<h2 class=\"wp-block-heading\"><strong>El COFB com a font d&#8217;informaci\u00f3<\/strong><\/h2>\n\n\n\n<h3 class=\"wp-block-heading\"><strong>Desabastiment<\/strong> <strong>de medicaments<\/strong><\/h3>\n\n\n\n<p><strong>Marta Roig,<\/strong> vocal del COFB, va fer declaracions en el marc d&#8217;un reportatge de <a href=\"https:\/\/www.diariomedico.com\/farmacia\/comunitaria\/profesion\/la-farmacia-preparada-para-sortear-posibles-desabastecimientos.html?check_logged_in=1\" target=\"_blank\" rel=\"noreferrer noopener\">Correo Farmac\u00e9utico<\/a> sobre el desabastiment d&#8217;alguns medicaments, que portava per t\u00edtol &#8220;La farmacia, preparada para sortear posibles desabastecimientos&#8221;.<\/p>\n\n\n\n<h3 class=\"wp-block-heading\"><strong>Consells davant els \u00e0pats de Nadal<\/strong><\/h3>\n\n\n\n<p>J<strong>osep Allu\u00e9<\/strong>, vocal de Plantes Medicinals i Homeopatia del COFB, va participar en un article d&#8217;<a href=\"https:\/\/apoteka.redaccionmedica.com\/como-quitarse-los-kilos-de-mas-tras-las-comidas-navidenas\/\" target=\"_blank\" rel=\"noreferrer noopener\">Apoteka<\/a>, que va recollir diferents consells davant els \u00e0pats de Nadal. <\/p>\n\n\n\n<figure class=\"wp-block-image size-large\"><img decoding=\"async\" src=\"https:\/\/blog.cofb.cat\/wp-content\/uploads\/2022\/01\/correo-1024x724.png\" alt=\"\" class=\"wp-image-59802\"\/><\/figure>\n\n\n\n<h2 class=\"wp-block-heading\"><strong>Mencions al COFB<\/strong><\/h2>\n\n\n\n<h3 class=\"wp-block-heading\"><strong>Dia Mundial del VIH<\/strong><\/h3>\n\n\n\n<p>Coincidint amb el <strong>Dia Mundial del VIH<\/strong>, l&#8217;<strong>1 de desembre<\/strong>, Actua Vall\u00e8s i el Col\u00b7legi de Farmac\u00e8utics de Barcelona van impulsar la campanya &#8220;El millor \u00e9s saber-ho. No ho deixis a l&#8217;atzar&#8221; per <strong>reduir l\u2019estigma cap al VIH<\/strong> i <strong>fomentar-ne les proves de detecci\u00f3<\/strong>. Se&#8217;n van fer ress\u00f2 mitjans com <a href=\"https:\/\/www.regio7.cat\/bages\/2021\/12\/01\/les-farmacies-bages-presenten-com-60208608.html?utm_source=twitter&amp;utm_medium=social&amp;utm_campaign=dogtrack\" target=\"_blank\" rel=\"noreferrer noopener\">Regi\u00f3 7<\/a>.<\/p>\n\n\n\n<p>D&#8217;altra banda, tamb\u00e9 durant el mes de desembre, el Diari de Sabadell va publicar un <a href=\"https:\/\/www.diaridesabadell.com\/2021\/12\/11\/en-justa-reciprocitat\/\" target=\"_blank\" rel=\"noreferrer noopener\">article<\/a> titulat &#8220;En justa reciprocitat&#8221; d&#8217;un periodista que agra\u00efa que en la nota de premsa del Dia Mundial del VIH es parl\u00e9s de \u201cla necessitat de revisi\u00f3 de la distribuci\u00f3 territorial de les farm\u00e0cies que ofereixen la prova r\u00e0pida del VIH in situ, establerta des del Departament de Salut l\u2019any 2009\u201d. Pr\u00e8viament, el periodista havia reclamat m\u00e9s accessibilitat per fer-se la prova. <\/p>\n\n\n\n<figure class=\"wp-block-image size-large\"><img decoding=\"async\" src=\"https:\/\/blog.cofb.cat\/wp-content\/uploads\/2022\/01\/regio7-farmaceutico--1024x612.png\" alt=\"\" class=\"wp-image-59812\"\/><\/figure>\n\n\n\n<h3 class=\"wp-block-heading\"><strong>Junta General Ordin\u00e0ria<\/strong><\/h3>\n\n\n\n<p>El passat 20 de desembre va tenir lloc la Junta General Ordin\u00e0ria del COFB, en qu\u00e8 van intervenir el president, <strong>Jordi Casas<\/strong>, la secret\u00e0ria, <strong>Aina Surroca<\/strong> i el tresorer, <strong>Miquel Recasens<\/strong>. El <strong>mitj\u00e0 especialitzat<\/strong> <a href=\"https:\/\/www.elfarmaceutico.es\/tendencias\/esta-pasando\/noticias\/junta-general-ordinaria-propuesta-presupuestos-2022-cofb_150665_102.html\" target=\"_blank\" rel=\"noreferrer noopener\">El Farmac\u00e9utico<\/a> va recollir la cr\u00f2nica de l&#8217;acte.<\/p>\n\n\n\n<h3 class=\"wp-block-heading\"><strong>1.000 n\u00fameros El Global<\/strong><\/h3>\n\n\n\n<p>El mitj\u00e0 El Global va arribar a la xifra dels <strong>1.000 n\u00fameros<\/strong> publicats. Per aix\u00f2, el president del Col\u00b7legi de Farmac\u00e8utics de Barcelona (COFB) i el Consell de Col\u00b7legis Farmac\u00e8utics de Catalunya (CCFC), Jordi Casas, va felicitar-lo, juntament amb altres personalitats del m\u00f3n sanitari. <\/p>\n","protected":false},"excerpt":{"rendered":"<p>Gran augment de la demanda de tests d\u2019ant\u00edgens a les farm\u00e0cies, coincidint amb la sisena onada i les festes de Nadal Abans de Nadal Coincidint amb la sisena onada i la proximitat de les festes de Nadal, molts mitjans es van interessar per la disponibilitat de tests d&#8217;ant\u00edgens a les [&hellip;]<\/p>\n","protected":false},"author":1,"featured_media":67998,"comment_status":"open","ping_status":"open","sticky":false,"template":"","format":"standard","meta":{"_uag_custom_page_level_css":"","site-sidebar-layout":"default","site-content-layout":"","ast-site-content-layout":"default","site-content-style":"default","site-sidebar-style":"default","ast-global-header-display":"","ast-banner-title-visibility":"","ast-main-header-display":"","ast-hfb-above-header-display":"","ast-hfb-below-header-display":"","ast-hfb-mobile-header-display":"","site-post-title":"","ast-breadcrumbs-content":"","ast-featured-img":"disabled","footer-sml-layout":"","theme-transparent-header-meta":"","adv-header-id-meta":"","stick-header-meta":"","header-above-stick-meta":"","header-main-stick-meta":"","header-below-stick-meta":"","astra-migrate-meta-layouts":"default","ast-page-background-enabled":"default","ast-page-background-meta":{"desktop":{"background-color":"var(--ast-global-color-4)","background-image":"","background-repeat":"repeat","background-position":"center center","background-size":"auto","background-attachment":"scroll","background-type":"","background-media":"","overlay-type":"","overlay-color":"","overlay-opacity":"","overlay-gradient":""},"tablet":{"background-color":"","background-image":"","background-repeat":"repeat","background-position":"center center","background-size":"auto","background-attachment":"scroll","background-type":"","background-media":"","overlay-type":"","overlay-color":"","overlay-opacity":"","overlay-gradient":""},"mobile":{"background-color":"","background-image":"","background-repeat":"repeat","background-position":"center center","background-size":"auto","background-attachment":"scroll","background-type":"","background-media":"","overlay-type":"","overlay-color":"","overlay-opacity":"","overlay-gradient":""}},"ast-content-background-meta":{"desktop":{"background-color":"var(--ast-global-color-5)","background-image":"","background-repeat":"repeat","background-position":"center center","background-size":"auto","background-attachment":"scroll","background-type":"","background-media":"","overlay-type":"","overlay-color":"","overlay-opacity":"","overlay-gradient":""},"tablet":{"background-color":"var(--ast-global-color-5)","background-image":"","background-repeat":"repeat","background-position":"center center","background-size":"auto","background-attachment":"scroll","background-type":"","background-media":"","overlay-type":"","overlay-color":"","overlay-opacity":"","overlay-gradient":""},"mobile":{"background-color":"var(--ast-global-color-5)","background-image":"","background-repeat":"repeat","background-position":"center center","background-size":"auto","background-attachment":"scroll","background-type":"","background-media":"","overlay-type":"","overlay-color":"","overlay-opacity":"","overlay-gradient":""}},"footnotes":""},"categories":[23,32],"tags":[18,19,458,53,68,70,459,31,76,460,461,462],"class_list":["post-59630","post","type-post","status-publish","format-standard","has-post-thumbnail","hentry","category-destacats","category-noticies-farmacia","tag-cofb","tag-collegi-de-farmaceutics-de-barcelona","tag-cribratge-escolar","tag-farmaceutics","tag-farmacia","tag-formacio","tag-mitjans","tag-mitjans-de-comunicacio","tag-oficina-de-farmacia","tag-recull-de-mitjans","tag-repercussions-als-mitjans","tag-tests"],"yoast_head":"<!-- This site is optimized with the Yoast SEO plugin v22.4 - https:\/\/yoast.com\/wordpress\/plugins\/seo\/ -->\n<title>Desembre: L&#039;augment de la demanda de tests d&#039;ant\u00edgens a les farm\u00e0cies i les activitats formatives del COFB, temes m\u00e9s destacats als mitjans - Col\u00b7legi de Farmac\u00e8utics de Barcelona<\/title>\n<meta name=\"description\" content=\"Desembre: L&#039;augment de la demanda de tests d&#039;ant\u00edgens a les farm\u00e0cies i les activitats formatives del COFB, temes m\u00e9s destacats als mitjans\" \/>\n<meta name=\"robots\" content=\"index, follow, max-snippet:-1, max-image-preview:large, max-video-preview:-1\" \/>\n<link rel=\"canonical\" href=\"https:\/\/novaorg.cofb.net\/2022\/01\/24\/desembre-laugment-de-la-demanda-de-tests-dantigens-a-les-farmacies-i-les-activitats-formatives-del-cofb-temes-mes-destacats-als-mitjans\/\" \/>\n<meta property=\"og:locale\" content=\"ca_ES\" \/>\n<meta property=\"og:type\" content=\"article\" \/>\n<meta property=\"og:title\" content=\"Desembre: L&#039;augment de la demanda de tests d&#039;ant\u00edgens a les farm\u00e0cies i les activitats formatives del COFB, temes m\u00e9s destacats als mitjans - Col\u00b7legi de Farmac\u00e8utics de Barcelona\" \/>\n<meta property=\"og:description\" content=\"Desembre: L&#039;augment de la demanda de tests d&#039;ant\u00edgens a les farm\u00e0cies i les activitats formatives del COFB, temes m\u00e9s destacats als mitjans\" \/>\n<meta property=\"og:url\" content=\"https:\/\/novaorg.cofb.net\/2022\/01\/24\/desembre-laugment-de-la-demanda-de-tests-dantigens-a-les-farmacies-i-les-activitats-formatives-del-cofb-temes-mes-destacats-als-mitjans\/\" \/>\n<meta property=\"og:site_name\" content=\"Col\u00b7legi de Farmac\u00e8utics de Barcelona\" \/>\n<meta property=\"article:publisher\" content=\"https:\/\/www.facebook.com\/farmaceuticsbcn\/\" \/>\n<meta property=\"article:published_time\" content=\"2022-01-24T17:23:00+00:00\" \/>\n<meta property=\"article:modified_time\" content=\"2023-07-27T13:53:18+00:00\" \/>\n<meta property=\"og:image\" content=\"https:\/\/novaorg.cofb.net\/wp-content\/uploads\/2023\/07\/LVRAC1-1-2-1024x636-1.png\" \/>\n\t<meta property=\"og:image:width\" content=\"1024\" \/>\n\t<meta property=\"og:image:height\" content=\"636\" \/>\n\t<meta property=\"og:image:type\" content=\"image\/png\" \/>\n<meta name=\"author\" content=\"wpAdminCofbOrg\" \/>\n<meta name=\"twitter:card\" content=\"summary_large_image\" \/>\n<meta name=\"twitter:creator\" content=\"@farmaceuticsbcn\" \/>\n<meta name=\"twitter:site\" content=\"@farmaceuticsbcn\" \/>\n<meta name=\"twitter:label1\" content=\"Escrit per\" \/>\n\t<meta name=\"twitter:data1\" content=\"wpAdminCofbOrg\" \/>\n\t<meta name=\"twitter:label2\" content=\"Temps estimat de lectura\" \/>\n\t<meta name=\"twitter:data2\" content=\"9 minuts\" \/>\n<script type=\"application\/ld+json\" class=\"yoast-schema-graph\">{\"@context\":\"https:\/\/schema.org\",\"@graph\":[{\"@type\":\"Article\",\"@id\":\"https:\/\/novaorg.cofb.net\/2022\/01\/24\/desembre-laugment-de-la-demanda-de-tests-dantigens-a-les-farmacies-i-les-activitats-formatives-del-cofb-temes-mes-destacats-als-mitjans\/#article\",\"isPartOf\":{\"@id\":\"https:\/\/novaorg.cofb.net\/2022\/01\/24\/desembre-laugment-de-la-demanda-de-tests-dantigens-a-les-farmacies-i-les-activitats-formatives-del-cofb-temes-mes-destacats-als-mitjans\/\"},\"author\":{\"name\":\"wpAdminCofbOrg\",\"@id\":\"https:\/\/www.cofb.org\/#\/schema\/person\/22ed7eea88da74b0fa4d3154ad87ffcb\"},\"headline\":\"Desembre: L&#8217;augment de la demanda de tests d&#8217;ant\u00edgens a les farm\u00e0cies i les activitats formatives del COFB, temes m\u00e9s destacats als mitjans\",\"datePublished\":\"2022-01-24T17:23:00+00:00\",\"dateModified\":\"2023-07-27T13:53:18+00:00\",\"mainEntityOfPage\":{\"@id\":\"https:\/\/novaorg.cofb.net\/2022\/01\/24\/desembre-laugment-de-la-demanda-de-tests-dantigens-a-les-farmacies-i-les-activitats-formatives-del-cofb-temes-mes-destacats-als-mitjans\/\"},\"wordCount\":1565,\"commentCount\":0,\"publisher\":{\"@id\":\"https:\/\/www.cofb.org\/#organization\"},\"image\":{\"@id\":\"https:\/\/novaorg.cofb.net\/2022\/01\/24\/desembre-laugment-de-la-demanda-de-tests-dantigens-a-les-farmacies-i-les-activitats-formatives-del-cofb-temes-mes-destacats-als-mitjans\/#primaryimage\"},\"thumbnailUrl\":\"https:\/\/www.cofb.org\/wp-content\/uploads\/2023\/07\/LVRAC1-1-2-1024x636-1.png\",\"keywords\":[\"COFB\",\"Col\u00b7legi de Farmac\u00e8utics de Barcelona\",\"cribratge escolar\",\"farmac\u00e8utics\",\"Farm\u00e0cia\",\"Formaci\u00f3\",\"Mitjans\",\"mitjans de comunicaci\u00f3\",\"Oficina de farm\u00e0cia\",\"recull de mitjans\",\"repercussions als mitjans\",\"tests\"],\"articleSection\":[\"Destacats\",\"Not\u00edcies farm\u00e0cia\"],\"inLanguage\":\"ca\",\"potentialAction\":[{\"@type\":\"CommentAction\",\"name\":\"Comment\",\"target\":[\"https:\/\/novaorg.cofb.net\/2022\/01\/24\/desembre-laugment-de-la-demanda-de-tests-dantigens-a-les-farmacies-i-les-activitats-formatives-del-cofb-temes-mes-destacats-als-mitjans\/#respond\"]}]},{\"@type\":\"WebPage\",\"@id\":\"https:\/\/novaorg.cofb.net\/2022\/01\/24\/desembre-laugment-de-la-demanda-de-tests-dantigens-a-les-farmacies-i-les-activitats-formatives-del-cofb-temes-mes-destacats-als-mitjans\/\",\"url\":\"https:\/\/novaorg.cofb.net\/2022\/01\/24\/desembre-laugment-de-la-demanda-de-tests-dantigens-a-les-farmacies-i-les-activitats-formatives-del-cofb-temes-mes-destacats-als-mitjans\/\",\"name\":\"Desembre: L'augment de la demanda de tests d'ant\u00edgens a les farm\u00e0cies i les activitats formatives del COFB, temes m\u00e9s destacats als mitjans - Col\u00b7legi de Farmac\u00e8utics de Barcelona\",\"isPartOf\":{\"@id\":\"https:\/\/www.cofb.org\/#website\"},\"primaryImageOfPage\":{\"@id\":\"https:\/\/novaorg.cofb.net\/2022\/01\/24\/desembre-laugment-de-la-demanda-de-tests-dantigens-a-les-farmacies-i-les-activitats-formatives-del-cofb-temes-mes-destacats-als-mitjans\/#primaryimage\"},\"image\":{\"@id\":\"https:\/\/novaorg.cofb.net\/2022\/01\/24\/desembre-laugment-de-la-demanda-de-tests-dantigens-a-les-farmacies-i-les-activitats-formatives-del-cofb-temes-mes-destacats-als-mitjans\/#primaryimage\"},\"thumbnailUrl\":\"https:\/\/www.cofb.org\/wp-content\/uploads\/2023\/07\/LVRAC1-1-2-1024x636-1.png\",\"datePublished\":\"2022-01-24T17:23:00+00:00\",\"dateModified\":\"2023-07-27T13:53:18+00:00\",\"description\":\"Desembre: L'augment de la demanda de tests d'ant\u00edgens a les farm\u00e0cies i les activitats formatives del COFB, temes m\u00e9s destacats als mitjans\",\"breadcrumb\":{\"@id\":\"https:\/\/novaorg.cofb.net\/2022\/01\/24\/desembre-laugment-de-la-demanda-de-tests-dantigens-a-les-farmacies-i-les-activitats-formatives-del-cofb-temes-mes-destacats-als-mitjans\/#breadcrumb\"},\"inLanguage\":\"ca\",\"potentialAction\":[{\"@type\":\"ReadAction\",\"target\":[\"https:\/\/novaorg.cofb.net\/2022\/01\/24\/desembre-laugment-de-la-demanda-de-tests-dantigens-a-les-farmacies-i-les-activitats-formatives-del-cofb-temes-mes-destacats-als-mitjans\/\"]}]},{\"@type\":\"ImageObject\",\"inLanguage\":\"ca\",\"@id\":\"https:\/\/novaorg.cofb.net\/2022\/01\/24\/desembre-laugment-de-la-demanda-de-tests-dantigens-a-les-farmacies-i-les-activitats-formatives-del-cofb-temes-mes-destacats-als-mitjans\/#primaryimage\",\"url\":\"https:\/\/www.cofb.org\/wp-content\/uploads\/2023\/07\/LVRAC1-1-2-1024x636-1.png\",\"contentUrl\":\"https:\/\/www.cofb.org\/wp-content\/uploads\/2023\/07\/LVRAC1-1-2-1024x636-1.png\",\"width\":1024,\"height\":636},{\"@type\":\"BreadcrumbList\",\"@id\":\"https:\/\/novaorg.cofb.net\/2022\/01\/24\/desembre-laugment-de-la-demanda-de-tests-dantigens-a-les-farmacies-i-les-activitats-formatives-del-cofb-temes-mes-destacats-als-mitjans\/#breadcrumb\",\"itemListElement\":[{\"@type\":\"ListItem\",\"position\":1,\"name\":\"Inici\",\"item\":\"https:\/\/novaorg.cofb.net\/\"},{\"@type\":\"ListItem\",\"position\":2,\"name\":\"Desembre: L&#8217;augment de la demanda de tests d&#8217;ant\u00edgens a les farm\u00e0cies i les activitats formatives del COFB, temes m\u00e9s destacats als mitjans\"}]},{\"@type\":\"WebSite\",\"@id\":\"https:\/\/www.cofb.org\/#website\",\"url\":\"https:\/\/www.cofb.org\/\",\"name\":\"Col\u00b7legi de Farmac\u00e8utics de Barcelona\",\"description\":\"\",\"publisher\":{\"@id\":\"https:\/\/www.cofb.org\/#organization\"},\"potentialAction\":[{\"@type\":\"SearchAction\",\"target\":{\"@type\":\"EntryPoint\",\"urlTemplate\":\"https:\/\/www.cofb.org\/?s={search_term_string}\"},\"query-input\":\"required name=search_term_string\"}],\"inLanguage\":\"ca\"},{\"@type\":\"Organization\",\"@id\":\"https:\/\/www.cofb.org\/#organization\",\"name\":\"Col\u00b7legi de Farmac\u00e8utics de Barcelona\",\"url\":\"https:\/\/www.cofb.org\/\",\"logo\":{\"@type\":\"ImageObject\",\"inLanguage\":\"ca\",\"@id\":\"https:\/\/www.cofb.org\/#\/schema\/logo\/image\/\",\"url\":\"https:\/\/www.cofb.org\/wp-content\/uploads\/2023\/11\/cropped-Logotip-COFB.png\",\"contentUrl\":\"https:\/\/www.cofb.org\/wp-content\/uploads\/2023\/11\/cropped-Logotip-COFB.png\",\"width\":500,\"height\":105,\"caption\":\"Col\u00b7legi de Farmac\u00e8utics de Barcelona\"},\"image\":{\"@id\":\"https:\/\/www.cofb.org\/#\/schema\/logo\/image\/\"},\"sameAs\":[\"https:\/\/www.facebook.com\/farmaceuticsbcn\/\",\"https:\/\/twitter.com\/farmaceuticsbcn\",\"https:\/\/www.instagram.com\/farmaceuticsbcn\/\",\"https:\/\/www.linkedin.com\/company\/farmaceuticsbcn\/\"]},{\"@type\":\"Person\",\"@id\":\"https:\/\/www.cofb.org\/#\/schema\/person\/22ed7eea88da74b0fa4d3154ad87ffcb\",\"name\":\"wpAdminCofbOrg\",\"image\":{\"@type\":\"ImageObject\",\"inLanguage\":\"ca\",\"@id\":\"https:\/\/www.cofb.org\/#\/schema\/person\/image\/\",\"url\":\"https:\/\/secure.gravatar.com\/avatar\/1721b20b3b8ca882c3b56ec6c978c594fff670e40c0718e9190eaeeb76aae7d8?s=96&d=mm&r=g\",\"contentUrl\":\"https:\/\/secure.gravatar.com\/avatar\/1721b20b3b8ca882c3b56ec6c978c594fff670e40c0718e9190eaeeb76aae7d8?s=96&d=mm&r=g\",\"caption\":\"wpAdminCofbOrg\"},\"sameAs\":[\"http:\/\/192.168.64.122\/wordpress\"],\"url\":\"https:\/\/www.cofb.org\/ca\/author\/wpadmincofborg\/\"}]}<\/script>\n<!-- \/ Yoast SEO plugin. -->","yoast_head_json":{"title":"Desembre: L'augment de la demanda de tests d'ant\u00edgens a les farm\u00e0cies i les activitats formatives del COFB, temes m\u00e9s destacats als mitjans - Col\u00b7legi de Farmac\u00e8utics de Barcelona","description":"Desembre: L'augment de la demanda de tests d'ant\u00edgens a les farm\u00e0cies i les activitats formatives del COFB, temes m\u00e9s destacats als mitjans","robots":{"index":"index","follow":"follow","max-snippet":"max-snippet:-1","max-image-preview":"max-image-preview:large","max-video-preview":"max-video-preview:-1"},"canonical":"https:\/\/novaorg.cofb.net\/2022\/01\/24\/desembre-laugment-de-la-demanda-de-tests-dantigens-a-les-farmacies-i-les-activitats-formatives-del-cofb-temes-mes-destacats-als-mitjans\/","og_locale":"ca_ES","og_type":"article","og_title":"Desembre: L'augment de la demanda de tests d'ant\u00edgens a les farm\u00e0cies i les activitats formatives del COFB, temes m\u00e9s destacats als mitjans - Col\u00b7legi de Farmac\u00e8utics de Barcelona","og_description":"Desembre: L'augment de la demanda de tests d'ant\u00edgens a les farm\u00e0cies i les activitats formatives del COFB, temes m\u00e9s destacats als mitjans","og_url":"https:\/\/novaorg.cofb.net\/2022\/01\/24\/desembre-laugment-de-la-demanda-de-tests-dantigens-a-les-farmacies-i-les-activitats-formatives-del-cofb-temes-mes-destacats-als-mitjans\/","og_site_name":"Col\u00b7legi de Farmac\u00e8utics de Barcelona","article_publisher":"https:\/\/www.facebook.com\/farmaceuticsbcn\/","article_published_time":"2022-01-24T17:23:00+00:00","article_modified_time":"2023-07-27T13:53:18+00:00","og_image":[{"width":1024,"height":636,"url":"https:\/\/novaorg.cofb.net\/wp-content\/uploads\/2023\/07\/LVRAC1-1-2-1024x636-1.png","type":"image\/png"}],"author":"wpAdminCofbOrg","twitter_card":"summary_large_image","twitter_creator":"@farmaceuticsbcn","twitter_site":"@farmaceuticsbcn","twitter_misc":{"Escrit per":"wpAdminCofbOrg","Temps estimat de lectura":"9 minuts"},"schema":{"@context":"https:\/\/schema.org","@graph":[{"@type":"Article","@id":"https:\/\/novaorg.cofb.net\/2022\/01\/24\/desembre-laugment-de-la-demanda-de-tests-dantigens-a-les-farmacies-i-les-activitats-formatives-del-cofb-temes-mes-destacats-als-mitjans\/#article","isPartOf":{"@id":"https:\/\/novaorg.cofb.net\/2022\/01\/24\/desembre-laugment-de-la-demanda-de-tests-dantigens-a-les-farmacies-i-les-activitats-formatives-del-cofb-temes-mes-destacats-als-mitjans\/"},"author":{"name":"wpAdminCofbOrg","@id":"https:\/\/www.cofb.org\/#\/schema\/person\/22ed7eea88da74b0fa4d3154ad87ffcb"},"headline":"Desembre: L&#8217;augment de la demanda de tests d&#8217;ant\u00edgens a les farm\u00e0cies i les activitats formatives del COFB, temes m\u00e9s destacats als mitjans","datePublished":"2022-01-24T17:23:00+00:00","dateModified":"2023-07-27T13:53:18+00:00","mainEntityOfPage":{"@id":"https:\/\/novaorg.cofb.net\/2022\/01\/24\/desembre-laugment-de-la-demanda-de-tests-dantigens-a-les-farmacies-i-les-activitats-formatives-del-cofb-temes-mes-destacats-als-mitjans\/"},"wordCount":1565,"commentCount":0,"publisher":{"@id":"https:\/\/www.cofb.org\/#organization"},"image":{"@id":"https:\/\/novaorg.cofb.net\/2022\/01\/24\/desembre-laugment-de-la-demanda-de-tests-dantigens-a-les-farmacies-i-les-activitats-formatives-del-cofb-temes-mes-destacats-als-mitjans\/#primaryimage"},"thumbnailUrl":"https:\/\/www.cofb.org\/wp-content\/uploads\/2023\/07\/LVRAC1-1-2-1024x636-1.png","keywords":["COFB","Col\u00b7legi de Farmac\u00e8utics de Barcelona","cribratge escolar","farmac\u00e8utics","Farm\u00e0cia","Formaci\u00f3","Mitjans","mitjans de comunicaci\u00f3","Oficina de farm\u00e0cia","recull de mitjans","repercussions als mitjans","tests"],"articleSection":["Destacats","Not\u00edcies farm\u00e0cia"],"inLanguage":"ca","potentialAction":[{"@type":"CommentAction","name":"Comment","target":["https:\/\/novaorg.cofb.net\/2022\/01\/24\/desembre-laugment-de-la-demanda-de-tests-dantigens-a-les-farmacies-i-les-activitats-formatives-del-cofb-temes-mes-destacats-als-mitjans\/#respond"]}]},{"@type":"WebPage","@id":"https:\/\/novaorg.cofb.net\/2022\/01\/24\/desembre-laugment-de-la-demanda-de-tests-dantigens-a-les-farmacies-i-les-activitats-formatives-del-cofb-temes-mes-destacats-als-mitjans\/","url":"https:\/\/novaorg.cofb.net\/2022\/01\/24\/desembre-laugment-de-la-demanda-de-tests-dantigens-a-les-farmacies-i-les-activitats-formatives-del-cofb-temes-mes-destacats-als-mitjans\/","name":"Desembre: L'augment de la demanda de tests d'ant\u00edgens a les farm\u00e0cies i les activitats formatives del COFB, temes m\u00e9s destacats als mitjans - Col\u00b7legi de Farmac\u00e8utics de Barcelona","isPartOf":{"@id":"https:\/\/www.cofb.org\/#website"},"primaryImageOfPage":{"@id":"https:\/\/novaorg.cofb.net\/2022\/01\/24\/desembre-laugment-de-la-demanda-de-tests-dantigens-a-les-farmacies-i-les-activitats-formatives-del-cofb-temes-mes-destacats-als-mitjans\/#primaryimage"},"image":{"@id":"https:\/\/novaorg.cofb.net\/2022\/01\/24\/desembre-laugment-de-la-demanda-de-tests-dantigens-a-les-farmacies-i-les-activitats-formatives-del-cofb-temes-mes-destacats-als-mitjans\/#primaryimage"},"thumbnailUrl":"https:\/\/www.cofb.org\/wp-content\/uploads\/2023\/07\/LVRAC1-1-2-1024x636-1.png","datePublished":"2022-01-24T17:23:00+00:00","dateModified":"2023-07-27T13:53:18+00:00","description":"Desembre: L'augment de la demanda de tests d'ant\u00edgens a les farm\u00e0cies i les activitats formatives del COFB, temes m\u00e9s destacats als mitjans","breadcrumb":{"@id":"https:\/\/novaorg.cofb.net\/2022\/01\/24\/desembre-laugment-de-la-demanda-de-tests-dantigens-a-les-farmacies-i-les-activitats-formatives-del-cofb-temes-mes-destacats-als-mitjans\/#breadcrumb"},"inLanguage":"ca","potentialAction":[{"@type":"ReadAction","target":["https:\/\/novaorg.cofb.net\/2022\/01\/24\/desembre-laugment-de-la-demanda-de-tests-dantigens-a-les-farmacies-i-les-activitats-formatives-del-cofb-temes-mes-destacats-als-mitjans\/"]}]},{"@type":"ImageObject","inLanguage":"ca","@id":"https:\/\/novaorg.cofb.net\/2022\/01\/24\/desembre-laugment-de-la-demanda-de-tests-dantigens-a-les-farmacies-i-les-activitats-formatives-del-cofb-temes-mes-destacats-als-mitjans\/#primaryimage","url":"https:\/\/www.cofb.org\/wp-content\/uploads\/2023\/07\/LVRAC1-1-2-1024x636-1.png","contentUrl":"https:\/\/www.cofb.org\/wp-content\/uploads\/2023\/07\/LVRAC1-1-2-1024x636-1.png","width":1024,"height":636},{"@type":"BreadcrumbList","@id":"https:\/\/novaorg.cofb.net\/2022\/01\/24\/desembre-laugment-de-la-demanda-de-tests-dantigens-a-les-farmacies-i-les-activitats-formatives-del-cofb-temes-mes-destacats-als-mitjans\/#breadcrumb","itemListElement":[{"@type":"ListItem","position":1,"name":"Inici","item":"https:\/\/novaorg.cofb.net\/"},{"@type":"ListItem","position":2,"name":"Desembre: L&#8217;augment de la demanda de tests d&#8217;ant\u00edgens a les farm\u00e0cies i les activitats formatives del COFB, temes m\u00e9s destacats als mitjans"}]},{"@type":"WebSite","@id":"https:\/\/www.cofb.org\/#website","url":"https:\/\/www.cofb.org\/","name":"Col\u00b7legi de Farmac\u00e8utics de Barcelona","description":"","publisher":{"@id":"https:\/\/www.cofb.org\/#organization"},"potentialAction":[{"@type":"SearchAction","target":{"@type":"EntryPoint","urlTemplate":"https:\/\/www.cofb.org\/?s={search_term_string}"},"query-input":"required name=search_term_string"}],"inLanguage":"ca"},{"@type":"Organization","@id":"https:\/\/www.cofb.org\/#organization","name":"Col\u00b7legi de Farmac\u00e8utics de Barcelona","url":"https:\/\/www.cofb.org\/","logo":{"@type":"ImageObject","inLanguage":"ca","@id":"https:\/\/www.cofb.org\/#\/schema\/logo\/image\/","url":"https:\/\/www.cofb.org\/wp-content\/uploads\/2023\/11\/cropped-Logotip-COFB.png","contentUrl":"https:\/\/www.cofb.org\/wp-content\/uploads\/2023\/11\/cropped-Logotip-COFB.png","width":500,"height":105,"caption":"Col\u00b7legi de Farmac\u00e8utics de Barcelona"},"image":{"@id":"https:\/\/www.cofb.org\/#\/schema\/logo\/image\/"},"sameAs":["https:\/\/www.facebook.com\/farmaceuticsbcn\/","https:\/\/twitter.com\/farmaceuticsbcn","https:\/\/www.instagram.com\/farmaceuticsbcn\/","https:\/\/www.linkedin.com\/company\/farmaceuticsbcn\/"]},{"@type":"Person","@id":"https:\/\/www.cofb.org\/#\/schema\/person\/22ed7eea88da74b0fa4d3154ad87ffcb","name":"wpAdminCofbOrg","image":{"@type":"ImageObject","inLanguage":"ca","@id":"https:\/\/www.cofb.org\/#\/schema\/person\/image\/","url":"https:\/\/secure.gravatar.com\/avatar\/1721b20b3b8ca882c3b56ec6c978c594fff670e40c0718e9190eaeeb76aae7d8?s=96&d=mm&r=g","contentUrl":"https:\/\/secure.gravatar.com\/avatar\/1721b20b3b8ca882c3b56ec6c978c594fff670e40c0718e9190eaeeb76aae7d8?s=96&d=mm&r=g","caption":"wpAdminCofbOrg"},"sameAs":["http:\/\/192.168.64.122\/wordpress"],"url":"https:\/\/www.cofb.org\/ca\/author\/wpadmincofborg\/"}]}},"uagb_featured_image_src":{"full":["https:\/\/www.cofb.org\/wp-content\/uploads\/2023\/07\/LVRAC1-1-2-1024x636-1.png",1024,636,false],"thumbnail":["https:\/\/www.cofb.org\/wp-content\/uploads\/2023\/07\/LVRAC1-1-2-1024x636-1-150x150.png",150,150,true],"medium":["https:\/\/www.cofb.org\/wp-content\/uploads\/2023\/07\/LVRAC1-1-2-1024x636-1-300x186.png",300,186,true],"medium_large":["https:\/\/www.cofb.org\/wp-content\/uploads\/2023\/07\/LVRAC1-1-2-1024x636-1-768x477.png",768,477,true],"large":["https:\/\/www.cofb.org\/wp-content\/uploads\/2023\/07\/LVRAC1-1-2-1024x636-1.png",1024,636,false],"1536x1536":["https:\/\/www.cofb.org\/wp-content\/uploads\/2023\/07\/LVRAC1-1-2-1024x636-1.png",1024,636,false],"2048x2048":["https:\/\/www.cofb.org\/wp-content\/uploads\/2023\/07\/LVRAC1-1-2-1024x636-1.png",1024,636,false],"trp-custom-language-flag":["https:\/\/www.cofb.org\/wp-content\/uploads\/2023\/07\/LVRAC1-1-2-1024x636-1.png",18,12,false]},"uagb_author_info":{"display_name":"wpAdminCofbOrg","author_link":"https:\/\/www.cofb.org\/ca\/author\/wpadmincofborg\/"},"uagb_comment_info":0,"uagb_excerpt":"Gran augment de la demanda de tests d\u2019ant\u00edgens a les farm\u00e0cies, coincidint amb la sisena onada i les festes de Nadal Abans de Nadal Coincidint amb la sisena onada i la proximitat de les festes de Nadal, molts mitjans es van interessar per la disponibilitat de tests d&#8217;ant\u00edgens a les [&hellip;]","_links":{"self":[{"href":"https:\/\/www.cofb.org\/ca\/wp-json\/wp\/v2\/posts\/59630","targetHints":{"allow":["GET"]}}],"collection":[{"href":"https:\/\/www.cofb.org\/ca\/wp-json\/wp\/v2\/posts"}],"about":[{"href":"https:\/\/www.cofb.org\/ca\/wp-json\/wp\/v2\/types\/post"}],"author":[{"embeddable":true,"href":"https:\/\/www.cofb.org\/ca\/wp-json\/wp\/v2\/users\/1"}],"replies":[{"embeddable":true,"href":"https:\/\/www.cofb.org\/ca\/wp-json\/wp\/v2\/comments?post=59630"}],"version-history":[{"count":1,"href":"https:\/\/www.cofb.org\/ca\/wp-json\/wp\/v2\/posts\/59630\/revisions"}],"predecessor-version":[{"id":67999,"href":"https:\/\/www.cofb.org\/ca\/wp-json\/wp\/v2\/posts\/59630\/revisions\/67999"}],"wp:featuredmedia":[{"embeddable":true,"href":"https:\/\/www.cofb.org\/ca\/wp-json\/wp\/v2\/media\/67998"}],"wp:attachment":[{"href":"https:\/\/www.cofb.org\/ca\/wp-json\/wp\/v2\/media?parent=59630"}],"wp:term":[{"taxonomy":"category","embeddable":true,"href":"https:\/\/www.cofb.org\/ca\/wp-json\/wp\/v2\/categories?post=59630"},{"taxonomy":"post_tag","embeddable":true,"href":"https:\/\/www.cofb.org\/ca\/wp-json\/wp\/v2\/tags?post=59630"}],"curies":[{"name":"wp","href":"https:\/\/api.w.org\/{rel}","templated":true}]}}