{"id":59182,"date":"2021-12-21T19:13:33","date_gmt":"2021-12-21T17:13:33","guid":{"rendered":"https:\/\/blog.cofb.cat\/?p=59182"},"modified":"2024-04-05T10:34:08","modified_gmt":"2024-04-05T10:34:08","slug":"junta-general-ordinaria-aprovada-per-unanimitat-la-proposta-de-pressupostos-per-al-2022","status":"publish","type":"post","link":"https:\/\/www.cofb.org\/ca\/2021\/12\/21\/junta-general-ordinaria-aprovada-per-unanimitat-la-proposta-de-pressupostos-per-al-2022\/","title":{"rendered":"Junta General Ordin\u00e0ria: Aprovada per unanimitat la proposta de pressupostos per al 2022"},"content":{"rendered":"\n<p>El passat dilluns <strong>20 de desembre<\/strong> va tenir lloc al <strong>Col\u00b7legi de Farmac\u00e8utics de Barcelona (COFB)<\/strong> la <strong>Junta General Ordin\u00e0ria<\/strong>, en qu\u00e8 <strong>es van aprovar per unanimitat els pressupostos per al 2022. <\/strong>La Junta, que tamb\u00e9 es va poder seguir via <em>Webinar<\/em>, va comptar amb la pres\u00e8ncia d&#8217;<strong>Aina Surroca<\/strong>, secret\u00e0ria del COFB; <strong>Miquel Recasens<\/strong>, tresorer del Col\u00b7legi, que va ser l&#8217;encarregat de presentar l&#8217;<strong>Informe de Tresoreria<\/strong>, i <strong>Jordi Casas<\/strong>, president del COFB, que va presentar l&#8217;<strong>Informe de Presid\u00e8ncia<\/strong>. Tant l&#8217;<strong>Informe de Presid\u00e8ncia<\/strong> com el de <strong>Tresoreria<\/strong> es troben disponibles a la <strong>intranet col\u00b7legial<\/strong>. <\/p>\n\n\n\n<figure class=\"wp-block-image size-large\"><img decoding=\"async\" src=\"https:\/\/blog.cofb.cat\/wp-content\/uploads\/2021\/12\/1-COFB_JGO_21_12_2021-1024x683.jpg\" alt=\"Un moment de la JGO del passat 21 de desembre. D'esquerra a dreta: Aina Surroca, secret\u00e0ria de la Junta de Govern del COFB; Jordi Casas, president, i Miquel Recasens, tresorer.\" class=\"wp-image-59417\" title=\"Un moment de la JGO del passat 21 de desembre. D'esquerra a dreta: Aina Surroca, secret\u00e0ria de la Junta de Govern del COFB; Jordi Casas, president, i Miquel Recasens, tresorer.\"\/><figcaption>Un moment de la JGO del passat 21 de desembre. D&#8217;esquerra a dreta: Aina Surroca, secret\u00e0ria de la Junta de Govern del COFB; Jordi Casas, president, i Miquel Recasens, tresorer.<\/figcaption><\/figure>\n\n\n\n<h2 class=\"wp-block-heading\"><strong>Informe de Tresoreria<\/strong><\/h2>\n\n\n\n<p><strong>Miquel Recasens<\/strong>, tresorer del COFB, va exposar la proposta de <strong>pressupostos per al 2022<\/strong>, que consta de <strong>cinc l\u00ednies de treball d&#8217;actuaci\u00f3 priorit\u00e0ria<\/strong>: 1) Solv\u00e8ncia, efici\u00e8ncia i sostenibilitat econ\u00f2mica del COFB; 2) <strong>Consolidaci\u00f3 professional<\/strong> en tots els \u00e0mbits d&#8217;exercici; 3) <strong>Promoci\u00f3 de la professi\u00f3 farmac\u00e8utica<\/strong> com a agents de salut; 4) <strong>Incorporaci\u00f3 de noves tecnologies<\/strong> i processos i 5) <strong>Connexi\u00f3, proximitat i transpar\u00e8ncia<\/strong> amb el col\u00b7lectiu col\u00b7legial. <\/p>\n\n\n\n<h3 class=\"wp-block-heading\"><strong>Solv\u00e8ncia, efici\u00e8ncia i sostenibilitat econ\u00f2mica<\/strong><\/h3>\n\n\n\n<p>Dins d&#8217;aquest primer bloc, el tresorer va apuntar que es treballa per a l&#8217;<strong>obtenci\u00f3 de m\u00e9s ingressos<\/strong>, a banda de quotes i serveis. I tamb\u00e9 que es continua amb l&#8217;<strong>optimitzaci\u00f3 de la despesa<\/strong>, digitalitzant expedients i documentaci\u00f3 comptable, que redueix el cost d&#8217;emmagatzematge. Aix\u00ed mateix, va destacar que, pel que fa a Farmaserveis, es passa a compartir la governan\u00e7a, el desenvolupament i la gesti\u00f3 amb els altres COF catalans, en el marc del CCFC. <\/p>\n\n\n\n<h3 class=\"wp-block-heading\"><strong>Consolidaci\u00f3 professional en tots els \u00e0mbits d&#8217;exercici<\/strong><\/h3>\n\n\n\n<p>En aquest punt, Recasens va fer refer\u00e8ncia al <strong>desplegament de m\u00e9s serveis assistencials<\/strong> a <strong>Farmaserveis<\/strong>; a continuar amb la renovaci\u00f3 d&#8217;aules i procediments per mantenir i <strong>impulsar la formaci\u00f3 continuada<\/strong> en modalitat <strong>h\u00edbrida<\/strong>; refor\u00e7ar els <strong>serveis de deontologia<\/strong> i <strong>inspecci\u00f3<\/strong>; recuperar el suport econ\u00f2mic a la promoci\u00f3 de la <strong>recerca cient\u00edfica<\/strong> i incorporar m\u00e9s capacitat de seguiment dels projectes professionals.  <\/p>\n\n\n\n<h3 class=\"wp-block-heading\"><strong>Promoci\u00f3 de la professi\u00f3 farmac\u00e8utica com a agents de salut<\/strong><\/h3>\n\n\n\n<p>Dins d&#8217;aquest \u00e0mbit, el tresorer va fer refer\u00e8ncia a l&#8217;augment de la capacitat de gesti\u00f3 de l&#8217;<strong>atenci\u00f3 farmac\u00e8utica<\/strong>, per afrontar els <strong>projectes fruits <\/strong>del conveni entre el <strong>CCFC<\/strong> i el <strong>CatSalut<\/strong>; el fet de potenciar la representaci\u00f3 institucional en els f\u00f2rums, associacions i consells del sistema sanitari i el refor\u00e7 als projectes d&#8217;interconnexi\u00f3 entre els diferents \u00e0mbits d&#8217;exercici farmac\u00e8utic. <\/p>\n\n\n\n<figure class=\"wp-block-image size-large\"><img decoding=\"async\" src=\"https:\/\/blog.cofb.cat\/wp-content\/uploads\/2021\/12\/2-COFB_JGO_21_12_2021-1024x637.jpg\" alt=\"\" class=\"wp-image-59418\"\/><figcaption>Miquel Recasens, tresorer del Col\u00b7legi de Farmac\u00e8utics de Barcelona durant la presentaci\u00f3 de l&#8217;Informe de Tresoreria.<\/figcaption><\/figure>\n\n\n\n<h3 class=\"wp-block-heading\"><strong>Incorporaci\u00f3 de noves tecnologies i processos<\/strong><\/h3>\n\n\n\n<p>El tresorer va fer refer\u00e8ncia a la <strong>implementaci\u00f3<\/strong> del <strong>Portal de Tr\u00e0mits<\/strong> per <strong>digitalitzar <\/strong>i <strong>simplificar la gesti\u00f3 administrativa<\/strong> entre els col\u00b7legiats, assessoria jur\u00eddica i deontologia. Tamb\u00e9 va fer refer\u00e8ncia a invertir en <strong>equipament tecnol\u00f2gic <\/strong>de les aules per ampliar formats i a ampliar la <strong>comunicaci\u00f3 corporativa<\/strong> de les nostres activitats a xarxes socials. <\/p>\n\n\n\n<h3 class=\"wp-block-heading\"><strong>Connexi\u00f3, proximitat i transpar\u00e8ncia amb el col\u00b7lectiu col\u00b7legial<\/strong><\/h3>\n\n\n\n<p>En aquest \u00faltim bloc, Recasens va explicar que es vol <strong>potenciar de la xarxa de coordinadors i delegats<\/strong>,  <strong>recuperar<\/strong> de la <strong>Diada del Farmac\u00e8utic<\/strong>, <strong>donar suport <\/strong>a les <strong>activitats de car\u00e0cter social de la corporaci\u00f3<\/strong> i al grup de <strong>col\u00b7legiats s\u00e8niors<\/strong>, <strong>desenvolupar activitats<\/strong> en el marc de la Comissi\u00f3 d&#8217;Igualtat de G\u00e8nere i actualitzar diferents espais de la seu col\u00b7legial.<\/p>\n\n\n\n<h2 class=\"wp-block-heading\"><strong>Seccions del pressupost de 2022<\/strong><\/h2>\n\n\n\n<p>Tot seguit, <strong>Recasens<\/strong> va presentar les <strong>4 seccions<\/strong> del <strong>pressupost de 2022<\/strong>: institucional (serveis generals, formaci\u00f3 continuada, projectes professionals i cartera de serveis); facturaci\u00f3 de receptes; Farmaserveis i partides compensades.<\/p>\n\n\n\n<p>Pel que fa als&nbsp;<strong>ingressos&nbsp;<\/strong>dels&nbsp;<strong>serveis generals<\/strong>, a l\u2019exercici <strong>2022<\/strong>&nbsp;<strong>no hi ha increments en cap quota<\/strong>. Quant a les&nbsp;<strong>despeses<\/strong>, tamb\u00e9 de la secci\u00f3 de serveis generals, el tresorer va destacar, entre altres, partides destinades a l\u2019impuls de les activitats socials de la corporaci\u00f3 dotant de m\u00e9s pressupost la Comissi\u00f3 de Comprom\u00eds Social (RSC), la nova d\u2019Igualtat de g\u00e8nere i el grup de col\u00b7legiats s\u00e8niors.<\/p>\n\n\n\n<p>Tamb\u00e9 va ressaltar que l&#8217;any 2022 es preveu la celebraci\u00f3 d&#8217;<strong>Infarma a Madrid<\/strong> i que les inversions seran destinades a c<strong>ontinuar la producci\u00f3 de cursos de formaci\u00f3 d&#8217;\u00c0gora<\/strong> i a la <strong>realitzaci\u00f3 de reformes a la seu col\u00b7legial<\/strong>. <\/p>\n\n\n\n<h2 class=\"wp-block-heading\"><strong>Informe de Presid\u00e8ncia<\/strong><\/h2>\n\n\n\n<p>En l\u2019<strong>Informe de Presid\u00e8ncia<\/strong>, Jordi Casas, president del COFB, va fer refer\u00e8ncia a l&#8217;actualitat relacionada amb la <strong>COVID-19<\/strong>. Va referir-se al <strong>Programa de Tests d&#8217;Ant\u00edgens R\u00e0pids (TAR)<\/strong> supervisats de COVID-19 en qu\u00e8 participen 1.058 farm\u00e0cies de la prov\u00edncia de Barcelona i que poden fer<strong> TAR supervisat fina\u00e7ats<\/strong> (dirigits a contactes estrets vacunats del col\u00b7lectiu educatiu a partir dels 12 anys) o <strong>TAR supervisat no finan\u00e7ats<\/strong> (a persones asimptom\u00e0tiques i que no siguin contactes estrets). En relaci\u00f3 amb les estrat\u00e8gies de detecci\u00f3, tamb\u00e9 va abordar la iniciativa <strong>JoDIC<\/strong>, en el marc de la qual 379 farm\u00e0cies de l&#8217;\u00e0mbit metropolit\u00e0 nord han fet m\u00e9s de 1.100 intervencions des del setembre de 2020 i fins avui dia. D&#8217;altra banda, Casas tamb\u00e9 va abordar la vacunaci\u00f3 contra la COVID-19, fent refer\u00e8ncia a la tercera dosi per als professionals sanitaris.<\/p>\n\n\n\n<figure class=\"wp-block-image size-large\"><img decoding=\"async\" src=\"https:\/\/blog.cofb.cat\/wp-content\/uploads\/2021\/12\/4-COFB_JGO_21_12_2021-1024x680.jpg\" alt=\"Jordi Casas, president del Col\u00b7legi de Farmac\u00e8utics de Barcelona, va desgranar l'Informe de  Presid\u00e8ncia.\" class=\"wp-image-59423\" title=\"Jordi Casas, president del Col\u00b7legi de Farmac\u00e8utics de Barcelona, va desgranar l'Informe de  Presid\u00e8ncia.\"\/><figcaption>Jordi Casas, president del Col\u00b7legi de Farmac\u00e8utics de Barcelona, va desgranar l&#8217;Informe de  Presid\u00e8ncia.<\/figcaption><\/figure>\n\n\n\n<p>Dins del segon bloc, sobre documents amb l&#8217;Administraci\u00f3, el president del Col\u00b7legi va apuntar com defineix el paper dels farmac\u00e8utics el <strong>Pla de Salut 2021-2025<\/strong>. En relaci\u00f3 amb la Guia sobre la venda a dist\u00e0ncia de medicaments, consensuada entre el Departament de Salut, el Consell de Col\u00b7legis Farmac\u00e8utics de Catalunya (CCFC) i la Federaci\u00f3 d\u2019Associacions de Farm\u00e0cies (FEFAC), el president del Col\u00b7legi va fer refer\u00e8ncia a la<strong> <a href=\"https:\/\/blog.cofb.cat\/es-presenta-la-guia-per-a-la-venda-a-distancia-a-traves-de-llocs-web-de-medicaments-sense-prescripcio-medica\/\" target=\"_blank\" rel=\"noreferrer noopener\">sessi\u00f3 de presentaci\u00f3<\/a><\/strong> que va tenir lloc al COFB el passat 26 de novembre. Finalment, va tancar el segon bloc abordant l&#8217;avantprojecte de modificaci\u00f3 de la llei general de Sanitat, el decret d&#8217;SPD i el Real decreto de Especialidades.<\/p>\n\n\n\n<p>Els serveis assistencials van ser el tema central del tercer bloc de l&#8217;<strong>Informe de Presid\u00e8ncia<\/strong>. Aix\u00ed, Casas va aprofundir en el circuit de lliurament de proximitat dels Medicaments Hospitalaris de Dispensaci\u00f3 Ambulat\u00f2ria (MHDA), que va posar-se en marxa el mes de mar\u00e7 del 2020 i que compta amb 1.967 farm\u00e0cies de Barcelona col\u00b7laboradores. Tamb\u00e9 va fer refer\u00e8ncia al cribratge de c\u00e0ncer de coll uter\u00ed i a la prova pilot del Prat de Llobregat, presentant alguns resultats d&#8217;aquesta. Tot seguit, va passar a parlar de <strong>Farmaserveis<\/strong>, la <strong>plataforma assistencial<\/strong> de la xarxa de farm\u00e0cies de Catalunya. Ja hi ha 613 farm\u00e0cies que l&#8217;han contractat i 401 que hi tenen una activitat habitual. Els m\u00f2duls disponibles actualment s\u00f3n el de pressi\u00f3 arterial i el de cessaci\u00f3 tab\u00e0quica. Pr\u00f2ximament, s&#8217;incorporar\u00e0 el del consell alimentari. L&#8217;\u00faltim dels projectes que va tractar Casas va ser Chagas, que t\u00e9 per objectiu facilitar l&#8217;acc\u00e9s a la prova r\u00e0pida a persones que provenen de zones end\u00e8miques.  <\/p>\n\n\n\n<p>Un altre de les q\u00fcestions abordades va ser l&#8217;\u00e0mbit de la <strong>tecnologia<\/strong>, concretament, es va parlar del <strong>SEVeM<\/strong>, de la <strong>recepta electr\u00f2nica privada, <\/strong>de <strong>FarmaHelp<\/strong> i de la posada en marxa del <strong>portal de tr\u00e0mits.<\/strong><\/p>\n\n\n\n<figure class=\"wp-block-image size-large\"><img decoding=\"async\" src=\"https:\/\/blog.cofb.cat\/wp-content\/uploads\/2021\/12\/3-COFB_JGO_21_12_2021-1024x628.jpg\" alt=\"Dins  l'Informe de Presid\u00e8ncia, Jordi Casas tamb\u00e9 va referir-se al bloc de Comunicaci\u00f3.\" class=\"wp-image-59419\" title=\"Dins  l'Informe de Presid\u00e8ncia, Jordi Casas tamb\u00e9 va referir-se al bloc de Comunicaci\u00f3.\"\/><figcaption>Dins  l&#8217;Informe de Presid\u00e8ncia, Jordi Casas tamb\u00e9 va referir-se al bloc de Comunicaci\u00f3.<\/figcaption><\/figure>\n\n\n\n<p>Per \u00faltim, pel que fa a l&#8217;actualitat col\u00b7legial, Casas va destacar la confer\u00e8ncia <strong>&#8220;Futur del sistema sanitari catal\u00e0: on som els farmac\u00e8utics?&#8221; <\/strong>a c\u00e0rrec del <strong>conseller de Salut<\/strong>, Josep Maria Argimon i que va emmarcar-se en la presentaci\u00f3 del <strong>programa de Formaci\u00f3 Continuada 2021-2022<\/strong>. Tamb\u00e9 va mencionar al guard\u00f3 que va rebre <strong>Farmaseveis<\/strong> en el marc dels premis <strong>&#8220;E-nnova Health&#8221;<\/strong> creats per distingir les <strong>millors iniciatives digitals en salut<\/strong>. D&#8217;altra banda, el COFB tamb\u00e9 va rebre una <strong>distinci\u00f3 honor\u00edfica<\/strong> per part del Col\u00b7legi de Farmac\u00e8utics de Madrid, per les iniciatives desenvolupades en farm\u00e0cia assistencial. Finalment, Casas va recordar, d&#8217;una banda, que Infarma Madrid 2022 tindr\u00e0 lloc del 22 al 24 de mar\u00e7 de 2022 i, de l&#8217;altra, que l&#8217;aula A del COFB esdevindr\u00e0 una aula h\u00edbrida i flexible.<\/p>\n\n\n\n<p><div class=\"destacat-blog\"><\/p>\n\n\n\n<h2 class=\"wp-block-heading\"><strong>Comunicaci\u00f3<\/strong><\/h2>\n\n\n\n<p>Dins d&#8217;aquest bloc, el president va fer refer\u00e8ncia als punts m\u00e9s rellevants de l&#8217;\u00e0rea de <strong>Comunicaci\u00f3<\/strong>. Va comen\u00e7ar destacant algunes de les intervencions als mitjans per part de portaveus del Col\u00b7legi, com les relacionades amb la <strong>dispensaci\u00f3 de tests d&#8217;ant\u00edgens des de les farm\u00e0cies<\/strong>, els <strong>cribratges al lleure d&#8217;estiu i a la comunitat educativa<\/strong> o la <strong>campanya de conscienciaci\u00f3<\/strong> sobre l&#8217;<strong>\u00fas dels antibi\u00f2tics<\/strong>. Tamb\u00e9 va fer refer\u00e8ncia a les repercussions als mitjans al voltant del <strong>Dia Mundial del Farmac\u00e8utic 2021<\/strong> o la inauguraci\u00f3 del  <strong>Programa de Formaci\u00f3 Continuada <\/strong>i dels <strong>M\u00e0sters del COFB<\/strong>. <\/p>\n\n\n\n<p>En relaci\u00f3 amb l&#8217;<strong>activitat digital<\/strong>, Casas va destacar el creixement d&#8217;un <strong>18,8%<\/strong> a la comunitat del Col\u00b7legi a les xarxes socials (Twitter, Facebook, Instagram i Linkedin), la creaci\u00f3 d&#8217;un compte del COFB a <strong>Instagram <\/strong>i a <strong>l&#8217;activitat de la web institucional del Col\u00b7legi<\/strong> (<a href=\"https:\/\/www.cofb.org\/\" target=\"_blank\" rel=\"noreferrer noopener\">www.cofb.org<\/a>), amb 1.264.000 p\u00e0gines visualitzades, 645.000 visites i 490.000 visitants. <\/p>\n\n\n\n<p><\/div><\/p>\n\n\n\n<p><\/p>\n\n\n\n<p><strong>Altres publicacions d&#8217;inter\u00e8s:<\/strong><\/p>\n\n\n\n<ul class=\"wp-block-list\"><li><a href=\"https:\/\/blog.cofb.cat\/jgo-aprovada-per-unanimitat-la-liquidacio-del-pressupost-de-2020\/\" target=\"_blank\" rel=\"noreferrer noopener\">Junta General Ordin\u00e0ria: Aprovada per unanimitat la liquidaci\u00f3 del pressupost de 2020 (Juny 2021)<\/a><\/li><li><a href=\"https:\/\/blog.cofb.cat\/junta-general-ordinaria-aprovada-per-unanimitat-la-proposta-de-pressupostos-per-al-2021\/\">Junta General Ordin\u00e0ria: Aprovada per unanimitat la proposta de pressupostos per al 2021 (Desembre 2020)<\/a><\/li><\/ul>\n\n\n\n<p><\/p>\n","protected":false},"excerpt":{"rendered":"<p>El passat dilluns 20 de desembre va tenir lloc al Col\u00b7legi de Farmac\u00e8utics de Barcelona (COFB) la Junta General Ordin\u00e0ria, en qu\u00e8 es van aprovar per unanimitat els pressupostos per al 2022. La Junta, que tamb\u00e9 es va poder seguir via Webinar, va comptar amb la pres\u00e8ncia d&#8217;Aina Surroca, secret\u00e0ria [&hellip;]<\/p>\n","protected":false},"author":1,"featured_media":78054,"comment_status":"open","ping_status":"open","sticky":false,"template":"","format":"standard","meta":{"_uag_custom_page_level_css":"","site-sidebar-layout":"default","site-content-layout":"","ast-site-content-layout":"default","site-content-style":"default","site-sidebar-style":"default","ast-global-header-display":"","ast-banner-title-visibility":"","ast-main-header-display":"","ast-hfb-above-header-display":"","ast-hfb-below-header-display":"","ast-hfb-mobile-header-display":"","site-post-title":"","ast-breadcrumbs-content":"","ast-featured-img":"disabled","footer-sml-layout":"","theme-transparent-header-meta":"","adv-header-id-meta":"","stick-header-meta":"","header-above-stick-meta":"","header-main-stick-meta":"","header-below-stick-meta":"","astra-migrate-meta-layouts":"set","ast-page-background-enabled":"default","ast-page-background-meta":{"desktop":{"background-color":"var(--ast-global-color-4)","background-image":"","background-repeat":"repeat","background-position":"center center","background-size":"auto","background-attachment":"scroll","background-type":"","background-media":"","overlay-type":"","overlay-color":"","overlay-opacity":"","overlay-gradient":""},"tablet":{"background-color":"","background-image":"","background-repeat":"repeat","background-position":"center center","background-size":"auto","background-attachment":"scroll","background-type":"","background-media":"","overlay-type":"","overlay-color":"","overlay-opacity":"","overlay-gradient":""},"mobile":{"background-color":"","background-image":"","background-repeat":"repeat","background-position":"center center","background-size":"auto","background-attachment":"scroll","background-type":"","background-media":"","overlay-type":"","overlay-color":"","overlay-opacity":"","overlay-gradient":""}},"ast-content-background-meta":{"desktop":{"background-color":"var(--ast-global-color-5)","background-image":"","background-repeat":"repeat","background-position":"center center","background-size":"auto","background-attachment":"scroll","background-type":"","background-media":"","overlay-type":"","overlay-color":"","overlay-opacity":"","overlay-gradient":""},"tablet":{"background-color":"var(--ast-global-color-5)","background-image":"","background-repeat":"repeat","background-position":"center center","background-size":"auto","background-attachment":"scroll","background-type":"","background-media":"","overlay-type":"","overlay-color":"","overlay-opacity":"","overlay-gradient":""},"mobile":{"background-color":"var(--ast-global-color-5)","background-image":"","background-repeat":"repeat","background-position":"center center","background-size":"auto","background-attachment":"scroll","background-type":"","background-media":"","overlay-type":"","overlay-color":"","overlay-opacity":"","overlay-gradient":""}},"footnotes":""},"categories":[23,57],"tags":[18,19,553,53,69,413,415,416,417,420,31,580,1026],"class_list":["post-59182","post","type-post","status-publish","format-standard","has-post-thumbnail","hentry","category-destacats","category-mon-collegial","tag-cofb","tag-collegi-de-farmaceutics-de-barcelona","tag-comunicacio","tag-farmaceutics","tag-farmacia-comunitaria","tag-informe-de-presidencia","tag-informe-de-tresoreria","tag-jgo","tag-junta-de-govern","tag-junta-general-ordinaria","tag-mitjans-de-comunicacio","tag-president","tag-pressupost"],"yoast_head":"<!-- This site is optimized with the Yoast SEO plugin v22.4 - https:\/\/yoast.com\/wordpress\/plugins\/seo\/ -->\n<title>Junta General Ordin\u00e0ria: Aprovada per unanimitat la proposta de pressupostos per al 2022 - Col\u00b7legi de Farmac\u00e8utics de Barcelona<\/title>\n<meta name=\"description\" content=\"El passat dilluns 20 de desembre va tenir lloc al Col\u00b7legi de Farmac\u00e8utics de Barcelona (COFB) la Junta General Ordin\u00e0ria en qu\u00e8 es van aprovar per unanimitat els pressupostos per al 2022.\" \/>\n<meta name=\"robots\" content=\"index, follow, max-snippet:-1, max-image-preview:large, max-video-preview:-1\" \/>\n<link rel=\"canonical\" href=\"https:\/\/novaorg.cofb.net\/2021\/12\/21\/junta-general-ordinaria-aprovada-per-unanimitat-la-proposta-de-pressupostos-per-al-2022\/\" \/>\n<meta property=\"og:locale\" content=\"ca_ES\" \/>\n<meta property=\"og:type\" content=\"article\" \/>\n<meta property=\"og:title\" content=\"Junta General Ordin\u00e0ria: Aprovada per unanimitat la proposta de pressupostos per al 2022 - Col\u00b7legi de Farmac\u00e8utics de Barcelona\" \/>\n<meta property=\"og:description\" content=\"El passat dilluns 20 de desembre va tenir lloc al Col\u00b7legi de Farmac\u00e8utics de Barcelona (COFB) la Junta General Ordin\u00e0ria en qu\u00e8 es van aprovar per unanimitat els pressupostos per al 2022.\" \/>\n<meta property=\"og:url\" content=\"https:\/\/novaorg.cofb.net\/2021\/12\/21\/junta-general-ordinaria-aprovada-per-unanimitat-la-proposta-de-pressupostos-per-al-2022\/\" \/>\n<meta property=\"og:site_name\" content=\"Col\u00b7legi de Farmac\u00e8utics de Barcelona\" \/>\n<meta property=\"article:publisher\" content=\"https:\/\/www.facebook.com\/farmaceuticsbcn\/\" \/>\n<meta property=\"article:published_time\" content=\"2021-12-21T17:13:33+00:00\" \/>\n<meta property=\"article:modified_time\" content=\"2024-04-05T10:34:08+00:00\" \/>\n<meta property=\"og:image\" content=\"https:\/\/novaorg.cofb.net\/wp-content\/uploads\/2024\/04\/1-COFB_JGO_21_12_2021-1024x683-1.jpeg\" \/>\n\t<meta property=\"og:image:width\" content=\"1024\" \/>\n\t<meta property=\"og:image:height\" content=\"683\" \/>\n\t<meta property=\"og:image:type\" content=\"image\/jpeg\" \/>\n<meta name=\"author\" content=\"wpAdminCofbOrg\" \/>\n<meta name=\"twitter:card\" content=\"summary_large_image\" \/>\n<meta name=\"twitter:creator\" content=\"@farmaceuticsbcn\" \/>\n<meta name=\"twitter:site\" content=\"@farmaceuticsbcn\" \/>\n<meta name=\"twitter:label1\" content=\"Escrit per\" \/>\n\t<meta name=\"twitter:data1\" content=\"wpAdminCofbOrg\" \/>\n\t<meta name=\"twitter:label2\" content=\"Temps estimat de lectura\" \/>\n\t<meta name=\"twitter:data2\" content=\"9 minuts\" \/>\n<script type=\"application\/ld+json\" class=\"yoast-schema-graph\">{\"@context\":\"https:\/\/schema.org\",\"@graph\":[{\"@type\":\"Article\",\"@id\":\"https:\/\/novaorg.cofb.net\/2021\/12\/21\/junta-general-ordinaria-aprovada-per-unanimitat-la-proposta-de-pressupostos-per-al-2022\/#article\",\"isPartOf\":{\"@id\":\"https:\/\/novaorg.cofb.net\/2021\/12\/21\/junta-general-ordinaria-aprovada-per-unanimitat-la-proposta-de-pressupostos-per-al-2022\/\"},\"author\":{\"name\":\"wpAdminCofbOrg\",\"@id\":\"https:\/\/www.cofb.org\/#\/schema\/person\/22ed7eea88da74b0fa4d3154ad87ffcb\"},\"headline\":\"Junta General Ordin\u00e0ria: Aprovada per unanimitat la proposta de pressupostos per al 2022\",\"datePublished\":\"2021-12-21T17:13:33+00:00\",\"dateModified\":\"2024-04-05T10:34:08+00:00\",\"mainEntityOfPage\":{\"@id\":\"https:\/\/novaorg.cofb.net\/2021\/12\/21\/junta-general-ordinaria-aprovada-per-unanimitat-la-proposta-de-pressupostos-per-al-2022\/\"},\"wordCount\":1635,\"commentCount\":0,\"publisher\":{\"@id\":\"https:\/\/www.cofb.org\/#organization\"},\"image\":{\"@id\":\"https:\/\/novaorg.cofb.net\/2021\/12\/21\/junta-general-ordinaria-aprovada-per-unanimitat-la-proposta-de-pressupostos-per-al-2022\/#primaryimage\"},\"thumbnailUrl\":\"https:\/\/www.cofb.org\/wp-content\/uploads\/2024\/04\/1-COFB_JGO_21_12_2021-1024x683-1.jpeg\",\"keywords\":[\"COFB\",\"Col\u00b7legi de Farmac\u00e8utics de Barcelona\",\"comunicaci\u00f3\",\"farmac\u00e8utics\",\"farm\u00e0cia comunit\u00e0ria\",\"informe de presid\u00e8ncia\",\"informe de tresoreria\",\"JGO\",\"Junta de Govern\",\"Junta General Ordin\u00e0ria\",\"mitjans de comunicaci\u00f3\",\"president\",\"pressupost\"],\"articleSection\":[\"Destacats\",\"M\u00f3n col\u00b7legial\"],\"inLanguage\":\"ca\",\"potentialAction\":[{\"@type\":\"CommentAction\",\"name\":\"Comment\",\"target\":[\"https:\/\/novaorg.cofb.net\/2021\/12\/21\/junta-general-ordinaria-aprovada-per-unanimitat-la-proposta-de-pressupostos-per-al-2022\/#respond\"]}]},{\"@type\":\"WebPage\",\"@id\":\"https:\/\/novaorg.cofb.net\/2021\/12\/21\/junta-general-ordinaria-aprovada-per-unanimitat-la-proposta-de-pressupostos-per-al-2022\/\",\"url\":\"https:\/\/novaorg.cofb.net\/2021\/12\/21\/junta-general-ordinaria-aprovada-per-unanimitat-la-proposta-de-pressupostos-per-al-2022\/\",\"name\":\"Junta General Ordin\u00e0ria: Aprovada per unanimitat la proposta de pressupostos per al 2022 - Col\u00b7legi de Farmac\u00e8utics de Barcelona\",\"isPartOf\":{\"@id\":\"https:\/\/www.cofb.org\/#website\"},\"primaryImageOfPage\":{\"@id\":\"https:\/\/novaorg.cofb.net\/2021\/12\/21\/junta-general-ordinaria-aprovada-per-unanimitat-la-proposta-de-pressupostos-per-al-2022\/#primaryimage\"},\"image\":{\"@id\":\"https:\/\/novaorg.cofb.net\/2021\/12\/21\/junta-general-ordinaria-aprovada-per-unanimitat-la-proposta-de-pressupostos-per-al-2022\/#primaryimage\"},\"thumbnailUrl\":\"https:\/\/www.cofb.org\/wp-content\/uploads\/2024\/04\/1-COFB_JGO_21_12_2021-1024x683-1.jpeg\",\"datePublished\":\"2021-12-21T17:13:33+00:00\",\"dateModified\":\"2024-04-05T10:34:08+00:00\",\"description\":\"El passat dilluns 20 de desembre va tenir lloc al Col\u00b7legi de Farmac\u00e8utics de Barcelona (COFB) la Junta General Ordin\u00e0ria en qu\u00e8 es van aprovar per unanimitat els pressupostos per al 2022.\",\"breadcrumb\":{\"@id\":\"https:\/\/novaorg.cofb.net\/2021\/12\/21\/junta-general-ordinaria-aprovada-per-unanimitat-la-proposta-de-pressupostos-per-al-2022\/#breadcrumb\"},\"inLanguage\":\"ca\",\"potentialAction\":[{\"@type\":\"ReadAction\",\"target\":[\"https:\/\/novaorg.cofb.net\/2021\/12\/21\/junta-general-ordinaria-aprovada-per-unanimitat-la-proposta-de-pressupostos-per-al-2022\/\"]}]},{\"@type\":\"ImageObject\",\"inLanguage\":\"ca\",\"@id\":\"https:\/\/novaorg.cofb.net\/2021\/12\/21\/junta-general-ordinaria-aprovada-per-unanimitat-la-proposta-de-pressupostos-per-al-2022\/#primaryimage\",\"url\":\"https:\/\/www.cofb.org\/wp-content\/uploads\/2024\/04\/1-COFB_JGO_21_12_2021-1024x683-1.jpeg\",\"contentUrl\":\"https:\/\/www.cofb.org\/wp-content\/uploads\/2024\/04\/1-COFB_JGO_21_12_2021-1024x683-1.jpeg\",\"width\":1024,\"height\":683},{\"@type\":\"BreadcrumbList\",\"@id\":\"https:\/\/novaorg.cofb.net\/2021\/12\/21\/junta-general-ordinaria-aprovada-per-unanimitat-la-proposta-de-pressupostos-per-al-2022\/#breadcrumb\",\"itemListElement\":[{\"@type\":\"ListItem\",\"position\":1,\"name\":\"Inici\",\"item\":\"https:\/\/novaorg.cofb.net\/\"},{\"@type\":\"ListItem\",\"position\":2,\"name\":\"Junta General Ordin\u00e0ria: Aprovada per unanimitat la proposta de pressupostos per al 2022\"}]},{\"@type\":\"WebSite\",\"@id\":\"https:\/\/www.cofb.org\/#website\",\"url\":\"https:\/\/www.cofb.org\/\",\"name\":\"Col\u00b7legi de Farmac\u00e8utics de Barcelona\",\"description\":\"\",\"publisher\":{\"@id\":\"https:\/\/www.cofb.org\/#organization\"},\"potentialAction\":[{\"@type\":\"SearchAction\",\"target\":{\"@type\":\"EntryPoint\",\"urlTemplate\":\"https:\/\/www.cofb.org\/?s={search_term_string}\"},\"query-input\":\"required name=search_term_string\"}],\"inLanguage\":\"ca\"},{\"@type\":\"Organization\",\"@id\":\"https:\/\/www.cofb.org\/#organization\",\"name\":\"Col\u00b7legi de Farmac\u00e8utics de Barcelona\",\"url\":\"https:\/\/www.cofb.org\/\",\"logo\":{\"@type\":\"ImageObject\",\"inLanguage\":\"ca\",\"@id\":\"https:\/\/www.cofb.org\/#\/schema\/logo\/image\/\",\"url\":\"https:\/\/www.cofb.org\/wp-content\/uploads\/2023\/11\/cropped-Logotip-COFB.png\",\"contentUrl\":\"https:\/\/www.cofb.org\/wp-content\/uploads\/2023\/11\/cropped-Logotip-COFB.png\",\"width\":500,\"height\":105,\"caption\":\"Col\u00b7legi de Farmac\u00e8utics de Barcelona\"},\"image\":{\"@id\":\"https:\/\/www.cofb.org\/#\/schema\/logo\/image\/\"},\"sameAs\":[\"https:\/\/www.facebook.com\/farmaceuticsbcn\/\",\"https:\/\/twitter.com\/farmaceuticsbcn\",\"https:\/\/www.instagram.com\/farmaceuticsbcn\/\",\"https:\/\/www.linkedin.com\/company\/farmaceuticsbcn\/\"]},{\"@type\":\"Person\",\"@id\":\"https:\/\/www.cofb.org\/#\/schema\/person\/22ed7eea88da74b0fa4d3154ad87ffcb\",\"name\":\"wpAdminCofbOrg\",\"image\":{\"@type\":\"ImageObject\",\"inLanguage\":\"ca\",\"@id\":\"https:\/\/www.cofb.org\/#\/schema\/person\/image\/\",\"url\":\"https:\/\/secure.gravatar.com\/avatar\/1721b20b3b8ca882c3b56ec6c978c594fff670e40c0718e9190eaeeb76aae7d8?s=96&d=mm&r=g\",\"contentUrl\":\"https:\/\/secure.gravatar.com\/avatar\/1721b20b3b8ca882c3b56ec6c978c594fff670e40c0718e9190eaeeb76aae7d8?s=96&d=mm&r=g\",\"caption\":\"wpAdminCofbOrg\"},\"sameAs\":[\"http:\/\/192.168.64.122\/wordpress\"],\"url\":\"https:\/\/www.cofb.org\/ca\/author\/wpadmincofborg\/\"}]}<\/script>\n<!-- \/ Yoast SEO plugin. -->","yoast_head_json":{"title":"Junta General Ordin\u00e0ria: Aprovada per unanimitat la proposta de pressupostos per al 2022 - Col\u00b7legi de Farmac\u00e8utics de Barcelona","description":"El passat dilluns 20 de desembre va tenir lloc al Col\u00b7legi de Farmac\u00e8utics de Barcelona (COFB) la Junta General Ordin\u00e0ria en qu\u00e8 es van aprovar per unanimitat els pressupostos per al 2022.","robots":{"index":"index","follow":"follow","max-snippet":"max-snippet:-1","max-image-preview":"max-image-preview:large","max-video-preview":"max-video-preview:-1"},"canonical":"https:\/\/novaorg.cofb.net\/2021\/12\/21\/junta-general-ordinaria-aprovada-per-unanimitat-la-proposta-de-pressupostos-per-al-2022\/","og_locale":"ca_ES","og_type":"article","og_title":"Junta General Ordin\u00e0ria: Aprovada per unanimitat la proposta de pressupostos per al 2022 - Col\u00b7legi de Farmac\u00e8utics de Barcelona","og_description":"El passat dilluns 20 de desembre va tenir lloc al Col\u00b7legi de Farmac\u00e8utics de Barcelona (COFB) la Junta General Ordin\u00e0ria en qu\u00e8 es van aprovar per unanimitat els pressupostos per al 2022.","og_url":"https:\/\/novaorg.cofb.net\/2021\/12\/21\/junta-general-ordinaria-aprovada-per-unanimitat-la-proposta-de-pressupostos-per-al-2022\/","og_site_name":"Col\u00b7legi de Farmac\u00e8utics de Barcelona","article_publisher":"https:\/\/www.facebook.com\/farmaceuticsbcn\/","article_published_time":"2021-12-21T17:13:33+00:00","article_modified_time":"2024-04-05T10:34:08+00:00","og_image":[{"width":1024,"height":683,"url":"https:\/\/novaorg.cofb.net\/wp-content\/uploads\/2024\/04\/1-COFB_JGO_21_12_2021-1024x683-1.jpeg","type":"image\/jpeg"}],"author":"wpAdminCofbOrg","twitter_card":"summary_large_image","twitter_creator":"@farmaceuticsbcn","twitter_site":"@farmaceuticsbcn","twitter_misc":{"Escrit per":"wpAdminCofbOrg","Temps estimat de lectura":"9 minuts"},"schema":{"@context":"https:\/\/schema.org","@graph":[{"@type":"Article","@id":"https:\/\/novaorg.cofb.net\/2021\/12\/21\/junta-general-ordinaria-aprovada-per-unanimitat-la-proposta-de-pressupostos-per-al-2022\/#article","isPartOf":{"@id":"https:\/\/novaorg.cofb.net\/2021\/12\/21\/junta-general-ordinaria-aprovada-per-unanimitat-la-proposta-de-pressupostos-per-al-2022\/"},"author":{"name":"wpAdminCofbOrg","@id":"https:\/\/www.cofb.org\/#\/schema\/person\/22ed7eea88da74b0fa4d3154ad87ffcb"},"headline":"Junta General Ordin\u00e0ria: Aprovada per unanimitat la proposta de pressupostos per al 2022","datePublished":"2021-12-21T17:13:33+00:00","dateModified":"2024-04-05T10:34:08+00:00","mainEntityOfPage":{"@id":"https:\/\/novaorg.cofb.net\/2021\/12\/21\/junta-general-ordinaria-aprovada-per-unanimitat-la-proposta-de-pressupostos-per-al-2022\/"},"wordCount":1635,"commentCount":0,"publisher":{"@id":"https:\/\/www.cofb.org\/#organization"},"image":{"@id":"https:\/\/novaorg.cofb.net\/2021\/12\/21\/junta-general-ordinaria-aprovada-per-unanimitat-la-proposta-de-pressupostos-per-al-2022\/#primaryimage"},"thumbnailUrl":"https:\/\/www.cofb.org\/wp-content\/uploads\/2024\/04\/1-COFB_JGO_21_12_2021-1024x683-1.jpeg","keywords":["COFB","Col\u00b7legi de Farmac\u00e8utics de Barcelona","comunicaci\u00f3","farmac\u00e8utics","farm\u00e0cia comunit\u00e0ria","informe de presid\u00e8ncia","informe de tresoreria","JGO","Junta de Govern","Junta General Ordin\u00e0ria","mitjans de comunicaci\u00f3","president","pressupost"],"articleSection":["Destacats","M\u00f3n col\u00b7legial"],"inLanguage":"ca","potentialAction":[{"@type":"CommentAction","name":"Comment","target":["https:\/\/novaorg.cofb.net\/2021\/12\/21\/junta-general-ordinaria-aprovada-per-unanimitat-la-proposta-de-pressupostos-per-al-2022\/#respond"]}]},{"@type":"WebPage","@id":"https:\/\/novaorg.cofb.net\/2021\/12\/21\/junta-general-ordinaria-aprovada-per-unanimitat-la-proposta-de-pressupostos-per-al-2022\/","url":"https:\/\/novaorg.cofb.net\/2021\/12\/21\/junta-general-ordinaria-aprovada-per-unanimitat-la-proposta-de-pressupostos-per-al-2022\/","name":"Junta General Ordin\u00e0ria: Aprovada per unanimitat la proposta de pressupostos per al 2022 - Col\u00b7legi de Farmac\u00e8utics de Barcelona","isPartOf":{"@id":"https:\/\/www.cofb.org\/#website"},"primaryImageOfPage":{"@id":"https:\/\/novaorg.cofb.net\/2021\/12\/21\/junta-general-ordinaria-aprovada-per-unanimitat-la-proposta-de-pressupostos-per-al-2022\/#primaryimage"},"image":{"@id":"https:\/\/novaorg.cofb.net\/2021\/12\/21\/junta-general-ordinaria-aprovada-per-unanimitat-la-proposta-de-pressupostos-per-al-2022\/#primaryimage"},"thumbnailUrl":"https:\/\/www.cofb.org\/wp-content\/uploads\/2024\/04\/1-COFB_JGO_21_12_2021-1024x683-1.jpeg","datePublished":"2021-12-21T17:13:33+00:00","dateModified":"2024-04-05T10:34:08+00:00","description":"El passat dilluns 20 de desembre va tenir lloc al Col\u00b7legi de Farmac\u00e8utics de Barcelona (COFB) la Junta General Ordin\u00e0ria en qu\u00e8 es van aprovar per unanimitat els pressupostos per al 2022.","breadcrumb":{"@id":"https:\/\/novaorg.cofb.net\/2021\/12\/21\/junta-general-ordinaria-aprovada-per-unanimitat-la-proposta-de-pressupostos-per-al-2022\/#breadcrumb"},"inLanguage":"ca","potentialAction":[{"@type":"ReadAction","target":["https:\/\/novaorg.cofb.net\/2021\/12\/21\/junta-general-ordinaria-aprovada-per-unanimitat-la-proposta-de-pressupostos-per-al-2022\/"]}]},{"@type":"ImageObject","inLanguage":"ca","@id":"https:\/\/novaorg.cofb.net\/2021\/12\/21\/junta-general-ordinaria-aprovada-per-unanimitat-la-proposta-de-pressupostos-per-al-2022\/#primaryimage","url":"https:\/\/www.cofb.org\/wp-content\/uploads\/2024\/04\/1-COFB_JGO_21_12_2021-1024x683-1.jpeg","contentUrl":"https:\/\/www.cofb.org\/wp-content\/uploads\/2024\/04\/1-COFB_JGO_21_12_2021-1024x683-1.jpeg","width":1024,"height":683},{"@type":"BreadcrumbList","@id":"https:\/\/novaorg.cofb.net\/2021\/12\/21\/junta-general-ordinaria-aprovada-per-unanimitat-la-proposta-de-pressupostos-per-al-2022\/#breadcrumb","itemListElement":[{"@type":"ListItem","position":1,"name":"Inici","item":"https:\/\/novaorg.cofb.net\/"},{"@type":"ListItem","position":2,"name":"Junta General Ordin\u00e0ria: Aprovada per unanimitat la proposta de pressupostos per al 2022"}]},{"@type":"WebSite","@id":"https:\/\/www.cofb.org\/#website","url":"https:\/\/www.cofb.org\/","name":"Col\u00b7legi de Farmac\u00e8utics de Barcelona","description":"","publisher":{"@id":"https:\/\/www.cofb.org\/#organization"},"potentialAction":[{"@type":"SearchAction","target":{"@type":"EntryPoint","urlTemplate":"https:\/\/www.cofb.org\/?s={search_term_string}"},"query-input":"required name=search_term_string"}],"inLanguage":"ca"},{"@type":"Organization","@id":"https:\/\/www.cofb.org\/#organization","name":"Col\u00b7legi de Farmac\u00e8utics de Barcelona","url":"https:\/\/www.cofb.org\/","logo":{"@type":"ImageObject","inLanguage":"ca","@id":"https:\/\/www.cofb.org\/#\/schema\/logo\/image\/","url":"https:\/\/www.cofb.org\/wp-content\/uploads\/2023\/11\/cropped-Logotip-COFB.png","contentUrl":"https:\/\/www.cofb.org\/wp-content\/uploads\/2023\/11\/cropped-Logotip-COFB.png","width":500,"height":105,"caption":"Col\u00b7legi de Farmac\u00e8utics de Barcelona"},"image":{"@id":"https:\/\/www.cofb.org\/#\/schema\/logo\/image\/"},"sameAs":["https:\/\/www.facebook.com\/farmaceuticsbcn\/","https:\/\/twitter.com\/farmaceuticsbcn","https:\/\/www.instagram.com\/farmaceuticsbcn\/","https:\/\/www.linkedin.com\/company\/farmaceuticsbcn\/"]},{"@type":"Person","@id":"https:\/\/www.cofb.org\/#\/schema\/person\/22ed7eea88da74b0fa4d3154ad87ffcb","name":"wpAdminCofbOrg","image":{"@type":"ImageObject","inLanguage":"ca","@id":"https:\/\/www.cofb.org\/#\/schema\/person\/image\/","url":"https:\/\/secure.gravatar.com\/avatar\/1721b20b3b8ca882c3b56ec6c978c594fff670e40c0718e9190eaeeb76aae7d8?s=96&d=mm&r=g","contentUrl":"https:\/\/secure.gravatar.com\/avatar\/1721b20b3b8ca882c3b56ec6c978c594fff670e40c0718e9190eaeeb76aae7d8?s=96&d=mm&r=g","caption":"wpAdminCofbOrg"},"sameAs":["http:\/\/192.168.64.122\/wordpress"],"url":"https:\/\/www.cofb.org\/ca\/author\/wpadmincofborg\/"}]}},"uagb_featured_image_src":{"full":["https:\/\/www.cofb.org\/wp-content\/uploads\/2024\/04\/1-COFB_JGO_21_12_2021-1024x683-1.jpeg",1024,683,false],"thumbnail":["https:\/\/www.cofb.org\/wp-content\/uploads\/2024\/04\/1-COFB_JGO_21_12_2021-1024x683-1-150x150.jpeg",150,150,true],"medium":["https:\/\/www.cofb.org\/wp-content\/uploads\/2024\/04\/1-COFB_JGO_21_12_2021-1024x683-1-300x200.jpeg",300,200,true],"medium_large":["https:\/\/www.cofb.org\/wp-content\/uploads\/2024\/04\/1-COFB_JGO_21_12_2021-1024x683-1-768x512.jpeg",768,512,true],"large":["https:\/\/www.cofb.org\/wp-content\/uploads\/2024\/04\/1-COFB_JGO_21_12_2021-1024x683-1.jpeg",1024,683,false],"1536x1536":["https:\/\/www.cofb.org\/wp-content\/uploads\/2024\/04\/1-COFB_JGO_21_12_2021-1024x683-1.jpeg",1024,683,false],"2048x2048":["https:\/\/www.cofb.org\/wp-content\/uploads\/2024\/04\/1-COFB_JGO_21_12_2021-1024x683-1.jpeg",1024,683,false],"trp-custom-language-flag":["https:\/\/www.cofb.org\/wp-content\/uploads\/2024\/04\/1-COFB_JGO_21_12_2021-1024x683-1-18x12.jpeg",18,12,true]},"uagb_author_info":{"display_name":"wpAdminCofbOrg","author_link":"https:\/\/www.cofb.org\/ca\/author\/wpadmincofborg\/"},"uagb_comment_info":0,"uagb_excerpt":"El passat dilluns 20 de desembre va tenir lloc al Col\u00b7legi de Farmac\u00e8utics de Barcelona (COFB) la Junta General Ordin\u00e0ria, en qu\u00e8 es van aprovar per unanimitat els pressupostos per al 2022. La Junta, que tamb\u00e9 es va poder seguir via Webinar, va comptar amb la pres\u00e8ncia d&#8217;Aina Surroca, secret\u00e0ria [&hellip;]","_links":{"self":[{"href":"https:\/\/www.cofb.org\/ca\/wp-json\/wp\/v2\/posts\/59182","targetHints":{"allow":["GET"]}}],"collection":[{"href":"https:\/\/www.cofb.org\/ca\/wp-json\/wp\/v2\/posts"}],"about":[{"href":"https:\/\/www.cofb.org\/ca\/wp-json\/wp\/v2\/types\/post"}],"author":[{"embeddable":true,"href":"https:\/\/www.cofb.org\/ca\/wp-json\/wp\/v2\/users\/1"}],"replies":[{"embeddable":true,"href":"https:\/\/www.cofb.org\/ca\/wp-json\/wp\/v2\/comments?post=59182"}],"version-history":[{"count":1,"href":"https:\/\/www.cofb.org\/ca\/wp-json\/wp\/v2\/posts\/59182\/revisions"}],"predecessor-version":[{"id":78055,"href":"https:\/\/www.cofb.org\/ca\/wp-json\/wp\/v2\/posts\/59182\/revisions\/78055"}],"wp:featuredmedia":[{"embeddable":true,"href":"https:\/\/www.cofb.org\/ca\/wp-json\/wp\/v2\/media\/78054"}],"wp:attachment":[{"href":"https:\/\/www.cofb.org\/ca\/wp-json\/wp\/v2\/media?parent=59182"}],"wp:term":[{"taxonomy":"category","embeddable":true,"href":"https:\/\/www.cofb.org\/ca\/wp-json\/wp\/v2\/categories?post=59182"},{"taxonomy":"post_tag","embeddable":true,"href":"https:\/\/www.cofb.org\/ca\/wp-json\/wp\/v2\/tags?post=59182"}],"curies":[{"name":"wp","href":"https:\/\/api.w.org\/{rel}","templated":true}]}}