{"id":59071,"date":"2021-12-27T13:59:32","date_gmt":"2021-12-27T11:59:32","guid":{"rendered":"https:\/\/blog.cofb.cat\/?p=59071"},"modified":"2021-12-27T13:59:32","modified_gmt":"2021-12-27T11:59:32","slug":"novembre-la-setmana-mundial-de-la-conscienciacio-sobre-lus-dantibiotics-i-el-model-de-lliurament-de-mhda-a-traves-de-les-farmacies-comunitaries-temes-mes-destacats-als-mitjans","status":"publish","type":"post","link":"https:\/\/www.cofb.org\/ca\/2021\/12\/27\/novembre-la-setmana-mundial-de-la-conscienciacio-sobre-lus-dantibiotics-i-el-model-de-lliurament-de-mhda-a-traves-de-les-farmacies-comunitaries-temes-mes-destacats-als-mitjans\/","title":{"rendered":"Novembre: La Setmana Mundial de la Conscienciaci\u00f3 sobre l\u2019\u00das d\u2019Antibi\u00f2tics i el model de lliurament de MHDA a trav\u00e9s de les farm\u00e0cies comunit\u00e0ries, temes m\u00e9s destacats als mitjans"},"content":{"rendered":"\n<h2 class=\"wp-block-heading\"><strong><strong>Setmana Mundial de la Conscienciaci\u00f3 sobre l\u2019\u00das d\u2019Antibi\u00f2tics<\/strong><\/strong><\/h2>\n\n\n\n<p>Coincidint amb la <strong>Setmana Mundial de la Conscienciaci\u00f3 de l&#8217;\u00das d&#8217;Antibi\u00f2tics<\/strong>, del 18 al 24 de novembre, el Col\u00b7legi de Farmac\u00e8utics de Barcelona (COFB) va enviar una <a href=\"https:\/\/www.cofb.org\/sala-de-premsa\/notes-premsa\/-\/asset_publisher\/GVZR6OjauRsN\/content\/farmaceutics-ques-de-barcelona-col-laboren-en-diferents-iniciatives-per-incidir-en-la-importancia-de-fer-un-us-racional-dels-antibiotics-i-evitar-l-ap\/maximized?inheritRedirect=false&amp;redirect=https%3A%2F%2Fwww.cofb.org%2Fsala-de-premsa%2Fnotes-premsa%3Fp_p_id%3D101_INSTANCE_GVZR6OjauRsN%26p_p_lifecycle%3D0%26p_p_state%3Dnormal%26p_p_mode%3Dview%26p_p_col_id%3Dcolumn-3%26p_p_col_count%3D1&amp;p_p_state=maximized\" target=\"_blank\" rel=\"noreferrer noopener\">nota de premsa<\/a> als mitjans de comunicaci\u00f3 en qu\u00e8 explicava les diferents iniciatives que comptaven amb la participaci\u00f3 dels farmac\u00e8utics per incidir en la <strong>import\u00e0ncia de fer un \u00fas racional dels antibi\u00f2tics<\/strong> i <strong>evitar l&#8217;aparici\u00f3 de resist\u00e8ncies<\/strong>. Una d&#8217;aquestes iniciatives consistia a compartir els <strong>diferents missatges <\/strong>recollits al <a href=\"https:\/\/www.youtube.com\/watch?v=9uM6kh2Bzbg\" target=\"_blank\" rel=\"noreferrer noopener\">v\u00eddeo<\/a> elaborat en el marc del projecte SAFE (<strong>Superbug Awareness for Education<\/strong>), un <strong>projecte internacional <\/strong>impulsat per eit Health, que es va posar en marxa el gener del 2020 per treballar en l&#8217;<strong>\u00e0mbit de la <\/strong>resist\u00e8ncia als antimicrobians. En la nota tamb\u00e9 s&#8217;explicava la <strong>participaci\u00f3 de la Farm\u00e0cia<\/strong> en l&#8217;<strong>estrat\u00e8gia PROA VINCat comunit\u00e0ria<\/strong>.<\/p>\n\n\n\n<div class=\"wp-block-image\"><figure class=\"aligncenter size-full\"><img decoding=\"async\" src=\"https:\/\/blog.cofb.cat\/wp-content\/uploads\/2021\/12\/bagaria-la-xarxa.png\" alt=\"\" class=\"wp-image-59599\"\/><\/figure><\/div>\n\n\n\n<p>Els <strong>mitjans<\/strong> que van publicar la <strong>nota de premsa<\/strong> van ser els seg\u00fcents: <a href=\"https:\/\/www.pmfarma.es\/noticias\/32681-farmaceuticosas-de-barcelona-colaboran-en-diferentes-iniciativas-para-incidir-en-la-importancia-de-hacer-un-uso-racional-de-los-antibiotico.html\" target=\"_blank\" rel=\"noreferrer noopener\">PmFarma<\/a>, <a href=\"https:\/\/www.diariofarma.com\/2021\/11\/19\/el-colegio-de-barcelona-participa-en-una-iniciativa-para-implicar-la-poblacion-en-el-uso-racional-de-antibioticos\" target=\"_blank\" rel=\"noreferrer noopener\">Diariofarma<\/a>, <a href=\"https:\/\/revistaacofar.com\/actualidad\/noticias\/los-farmaceuticos-de-barcelona-inciden-en-la-importancia-de-hacer-un-uso-racional-de-los-antibioticos\/\" target=\"_blank\" rel=\"noreferrer noopener\">Revista Acofar<\/a>, <a href=\"https:\/\/www.elfarmaceutico.es\/tendencias\/esta-pasando\/noticias\/farmaceuticos-barcelona-iniciativas-concienciacion-uso-racional-antibioticos_150545_102.html\" target=\"_blank\" rel=\"noreferrer noopener\">El Farmac\u00e9utico<\/a>, <a href=\"https:\/\/revistafarmanatur.com\/home-izq\/cofb-colabora-diferentes-iniciativas-incidir-la-importancia-uso-racional-los-antibioticos\/\" target=\"_blank\" rel=\"noreferrer noopener\">Revista Farmanatur<\/a> i <a href=\"https:\/\/www.imfarmacias.es\/noticia\/26203\/las-farmacias-de-barcelona-se-suman-a-la-lucha-contra-de-los-antibiot.html\" target=\"_blank\" rel=\"noreferrer noopener\">imFarmacias<\/a>. A m\u00e9s, amb motiu de la Setmana Mundial de la Conscienciaci\u00f3 de l&#8217;\u00das d&#8217;Antibi\u00f2tics, el programa <a href=\"https:\/\/www.alacarta.cat\/noticiesenxarxa\/capitol\/nex__cap_de_setmana_21112021\" target=\"_blank\" rel=\"noreferrer noopener\">Not\u00edcies en Xarxa<\/a> de La Xarxa (a partir del minut 10:50) va entrevistar el vocal d&#8217;Oficina de Farm\u00e0cia del COFB, <strong>Guillermo Bagar\u00eda<\/strong>. El vocal del Col\u00b7legi va destacar que &#8220;ens esfereeix la idea que [en un futur] no puguem tractar patologies que avui s\u00f3n banals perqu\u00e8 tenim antibi\u00f2tics i, per tant, ens preocupa molt que passem a una era post-antibi\u00f2tics&#8221;. <\/p>\n\n\n\n<p>Finalment, tamb\u00e9 en el marc de la <strong>Setmana Mundial de la Conscienciaci\u00f3 de l&#8217;\u00das d&#8217;Antibi\u00f2tics<\/strong>, la Ger\u00e8ncia Territorial Metropolitana Sud de l\u2019Institut Catal\u00e0 de la Salut, va llen\u00e7ar una <strong>campanya <\/strong>que t\u00e9 com a objectiu <strong>fomentar l\u2019\u00fas \u00f2ptim dels antibi\u00f2tics<\/strong> entre <strong>professionals de la salut <\/strong>i <strong>ciutadania<\/strong>. La campanya durar\u00e0 prop d\u2019un any i, per primera vegada, compta amb la <strong>implicaci\u00f3 de les farm\u00e0cies de l\u2019entorn territorial metropolit\u00e0 sud<\/strong>, que faran arribar els missatges a la poblaci\u00f3 amb l\u2019ajuda dels televisors de les oficines de farm\u00e0cia i de bosses per als usuaris. Se&#8217;n van fer ress\u00f2: <a href=\"https:\/\/www.eixdiari.cat\/societat\/doc\/98106\/latencio-primaria-del-penedes-i-garraf-llanca-una-gran-campanya-per-fomentar-lus-optim-dels-antibiot.html\" target=\"_blank\" rel=\"noreferrer noopener\">Eix Diari<\/a> i <a href=\"https:\/\/elfar.cat\/art\/38486\/campanya-per-fomentar-lus-optim-dels-antibiotics\" target=\"_blank\" rel=\"noreferrer noopener\">El Far<\/a>.<\/p>\n\n\n\n<figure class=\"wp-block-image size-large\"><img decoding=\"async\" src=\"https:\/\/blog.cofb.cat\/wp-content\/uploads\/2021\/12\/recull-mitjans-desembre-1024x724.jpg\" alt=\"\" class=\"wp-image-59587\"\/><\/figure>\n\n\n\n<h2 class=\"wp-block-heading\"><strong>Model de lliurament de MHDA a trav\u00e9s de les farm\u00e0cies comunit\u00e0ries<\/strong><\/h2>\n\n\n\n<p>Durant el mes de novembre, Diari M\u00e9dico va publicar un <strong><a href=\"https:\/\/www.diariomedico.com\/farmacia\/profesion\/del-hospital-la-farmacia-sin-colas-ni-tiempos-de-espera-para-el-paciente.html\" target=\"_blank\" rel=\"noreferrer noopener\">reportatge<\/a><\/strong> (tant en format paper com a la web) sobre <strong>dispensaci\u00f3 col\u00b7laborativa d&#8217;MHDA<\/strong>, titulat &#8220;De l&#8217;hospital a la farm\u00e0cia, sense cues ni temps d&#8217;espera per al pacient&#8221;. <\/p>\n\n\n\n<p>El reportatge va comptar amb declaracions dels farmac\u00e8utics comunitaris de Barcelona <strong>\u00d3scar Capel i David Folch<\/strong>, aix\u00ed com del farmac\u00e8utic hospitalari i director de l&#8217;\u00e0rea del medicament de l&#8217;Hospital del Mar, <strong>Santiago Grau. <\/strong>Tots ells van exposar com funciona la dispensaci\u00f3 d&#8217;MHDA des de les farm\u00e0cies comunit\u00e0ries, un proc\u00e9s que engloba la preparaci\u00f3  de l&#8217;enviament per part dels farmac\u00e8utics hospitalaris, l&#8217;arribada del medicament a la farm\u00e0cia comunit\u00e0ria a trav\u00e9s de la distribuci\u00f3 i, finalment, l&#8217;entrega al pacient. <\/p>\n\n\n\n<figure class=\"wp-block-image size-large\"><img decoding=\"async\" src=\"https:\/\/blog.cofb.cat\/wp-content\/uploads\/2021\/12\/recull-mitjans-desembre-1-1024x724.jpg\" alt=\"\" class=\"wp-image-59588\"\/><\/figure>\n\n\n\n<h2 class=\"wp-block-heading\"><strong>El COFB com a font d&#8217;informaci\u00f3<\/strong><\/h2>\n\n\n\n<h3 class=\"wp-block-heading\"><strong>\u00das terap\u00e8utic del c\u00e0nnabis<\/strong><\/h3>\n\n\n\n<p>El vocal d&#8217;Oficina de Farm\u00e0cia del COFB, <strong>Guillermo Bagar\u00eda<\/strong>, va fer declaracions en el marc d&#8217;un reportatge d&#8217;Onda Cero, concretament, del <a href=\"https:\/\/www.ondacero.es\/emisoras\/catalunya\/audios-podcast\/ciutat\/ciutat-17112021_20211117619501dc10944100019ae231.html\" target=\"_blank\" rel=\"noreferrer noopener\">programa La Ciutat<\/a>, sobre l&#8217;<strong>\u00fas terap\u00e8utic del c\u00e0nnabis<\/strong> (a partir del minut 14:00). Entre altres temes, va exposar que &#8220;els principis actius derivats del c\u00e0nnabis han demostrat ser \u00fatils per determinats tipus de persones per les quals la medicaci\u00f3 actual no \u00e9s suficient. Aix\u00f2 \u00e9s especialment rellevant en alguns tipus de dolor neurop\u00e0tic i en l&#8217;epilepsia refractaria. Combinar l&#8217;arsenal terap\u00e8utic habitual amb medicaments que tenen la seva base en <strong>principis actius del c\u00e0nnabis<\/strong> ha resultat efica\u00e7&#8221;. <\/p>\n\n\n\n<h3 class=\"wp-block-heading\"><strong>Qu\u00e8 podem  dipositar i qu\u00e8 no al punt SIGRE?<\/strong><\/h3>\n\n\n\n<p><strong>Miquel Recasens<\/strong>, farmac\u00e8uitc comunitari i tresorer del COFB va respondre unes preguntes del programa <a href=\"https:\/\/www.ccma.cat\/catradio\/alacarta\/la-nit-dels-ignorants\/on-van-a-parar-els-medicaments-caducats\/audio\/1116051\/?ext=SMA_TW_F4_CE24_\" target=\"_blank\" rel=\"noreferrer noopener\">La Nit dels Ignorants<\/a> de Catalunya R\u00e0dio, que feien refer\u00e8ncia al<strong> Punt Sigre<\/strong> de les farm\u00e0cies. Recasens va detallar qu\u00e8 podem dipositar-hi i qu\u00e8 no. Aix\u00ed mateix, es va donar resposta a la pregunta d&#8217;un oient del programa, &#8220;On van a parar els medicaments caducats?&#8221;.<\/p>\n\n\n\n<figure class=\"wp-block-image size-large\"><img decoding=\"async\" src=\"https:\/\/blog.cofb.cat\/wp-content\/uploads\/2021\/12\/recull-mitjans-desembre-2-1024x724.jpg\" alt=\"\" class=\"wp-image-59589\"\/><\/figure>\n\n\n\n<h2 class=\"wp-block-heading\"><strong>Mencions al COFB<\/strong><\/h2>\n\n\n\n<h3 class=\"wp-block-heading\"><strong>Premi a Farmaserveis<\/strong><\/h3>\n\n\n\n<p>Amb la finalitat de recon\u00e8ixer les iniciatives digitals en salut que aporten valor, contribueixen a la sostenibilitat del sistema i milloren la qualitat de vida del pacient, el passat mes de novembre es van celebrar els premis <strong>E-nnova Health<\/strong>, organitzats per <strong>Diario M\u00e9dico i Correo Farmac\u00e9utico<\/strong>.<\/p>\n\n\n\n<p>En el marc d&#8217;aquests premis, tal com va recollir <a href=\"https:\/\/www.diariomedico.com\/profesion\/reconocimiento-los-lideres-en-transformacion-digital-que-dibujaran-la-sanidad-del-manana.html\" target=\"_blank\" rel=\"noreferrer noopener\">Diario M\u00e9dico<\/a>, un dels projectes guardonats en la categoria de <strong>Transformaci\u00f3 Digital<\/strong> va ser <strong>Farmaserveis<\/strong>. Es tracta de la&nbsp;<strong>plataforma de registre assistencial de la xarxa de farm\u00e0cies de Catalunya<\/strong> del CCFC i dels 4 Col\u00b7legis de Farmac\u00e8utics catalans, que t\u00e9 l\u2019objectiu de transformar la relaci\u00f3 actual amb el pacient i connectar amb la seva salut digitalment. <\/p>\n\n\n\n<h3 class=\"wp-block-heading\"><strong>XII Congr\u00e9s Nacional d&#8217;Atenci\u00f3 Farmac\u00e8utica<\/strong><\/h3>\n\n\n\n<p>El passat 8 de novembre es va celebrar el XII Congr\u00e9s Nacional d&#8217;Atenci\u00f3 Farmac\u00e8utica a Saragossa. Aquest Congr\u00e9s va comptar amb la participaci\u00f3 de<strong> Jordi Casas,<\/strong> president del Consell de Col\u00b7legis Farmac\u00e8utics de Catalunya i del Col\u00b7legi de Farmac\u00e8utics de Barcelona, que va intervenir-hi aportant experi\u00e8ncies sobre el Conveni entre CatSalut i el Consell com a exemple de casos d&#8217;\u00e8xit amb l&#8217;Administraci\u00f3. El mitj\u00e0 especialitzat <a href=\"https:\/\/revistafarmanatur.com\/home-izq\/somos-mucho-mas-dispensadores-tenemos-ver-somos-imprescindibles-sistema-sanitario\/\" target=\"_blank\" rel=\"noreferrer noopener\">Farmanatur <\/a>va fer una cr\u00f2nica de l&#8217;acte.<\/p>\n\n\n\n<figure class=\"wp-block-image size-large\"><img decoding=\"async\" src=\"https:\/\/blog.cofb.cat\/wp-content\/uploads\/2021\/12\/recull-mitjans-desembre-3-1024x724.jpg\" alt=\"\" class=\"wp-image-59594\"\/><\/figure>\n\n\n\n<h3 class=\"wp-block-heading\"><strong>XIII F\u00f2rum d&#8217;Aprofarm<\/strong><\/h3>\n\n\n\n<p>El passat 19 de novembre es va celebrar a la seu del COFB el XIII F\u00f2rum de l&#8217;Associaci\u00f3 Professional de Farmac\u00e8utics Formuladors (Aprofarm), sobre la formulaci\u00f3 cosm\u00e8tica i el consell farmac\u00e8utic. <a href=\"https:\/\/revistaacofar.com\/actualidad\/actualidad-acofarma\/la-formulacion-cosmetica-un-modelo-rentable-para-la-farmacia\/\" target=\"_blank\" rel=\"noreferrer noopener\">Revista Acofar<\/a> va publicar un resum de la jornada, que va comptar amb la participaci\u00f3 del vocal d&#8217;Oficina de Farm\u00e0cia, <strong>Guillermo Bagar\u00eda<\/strong>. <\/p>\n\n\n\n<h3 class=\"wp-block-heading\"><strong>Dieta mediterr\u00e0nia i canvi clim\u00e0tic<\/strong><\/h3>\n\n\n\n<p>La vocal d&#8217;<strong>Alimentaci\u00f3 i Nutrici\u00f3 del COFB, Anna Bach-Faig,<\/strong> va participar al cicle <strong>#UPCDi\u00e0legs Agroalimentaris<\/strong>, on es va abordar qu\u00e8 podem fer per impulsar l&#8217;alimentaci\u00f3 sostenible a les ciutats del futur<a href=\"https:\/\/www.youtube.com\/watch?v=VZk3wiAmjJc\" target=\"_blank\" rel=\"noreferrer noopener\">.<\/a>  Amb motiu d&#8217;aquesta jornada, diferents mitjans es van fer ress\u00f2 de les declaracions de Bach-Faig: <a href=\"https:\/\/www.cope.es\/emisoras\/cataluna\/barcelona-provincia\/barcelona\/migdia-cope-catalunya-i-andorra\/noticias\/seguir-dieta-mediterrania-reduiria-fins-els-gasos-amb-efecte-dhivernacle-20211103_1596618\" target=\"_blank\" rel=\"noreferrer noopener\">Migdia a COPE Catalunya<\/a>, <a href=\"https:\/\/www.ccma.cat\/catradio\/alacarta\/el-suplement\/la-dieta-mediterrania-es-sostenible\/audio\/1116501\/\" target=\"_blank\" rel=\"noreferrer noopener\">Catalunya R\u00e0dio<\/a>, <a href=\"https:\/\/www.foravila.net\/foravilaverd\/retornar-a-la-dieta-mediterrania-pot-reduir-fins-a-un-72-els-gasos-amb-efecte-dhivernacle\/\" target=\"_blank\" rel=\"noreferrer noopener\">Fora Vila<\/a>, <a href=\"https:\/\/www.eixdiari.cat\/economia\/doc\/97880\/seguir-la-dieta-mediterrania-reduiria-fins-a-un-72-els-gasos-amb-efecte-dhivernacle.html\" target=\"_blank\" rel=\"noreferrer noopener\">Eix Diari<\/a>, <a href=\"https:\/\/sevilla.abc.es\/natural\/abci-dieta-mediterranea-contra-cambio-climatico-202111040139_noticia.html\" target=\"_blank\" rel=\"noreferrer noopener\">ABC de Sevilla<\/a>, <a href=\"https:\/\/www.elfarmaceutico.es\/tendencias\/entrevistas\/anna-bach-salud-individual-salud-planeta_150508_102.html\" target=\"_blank\" rel=\"noreferrer noopener\">El Farmac\u00e9utico<\/a>, <a href=\"https:\/\/www.laopiniondemurcia.es\/medio-ambiente\/2021\/11\/04\/seguir-dieta-mediterranea-reduciria-72-59153889.html\" target=\"_blank\" rel=\"noreferrer noopener\">La Opini\u00f3n de Murcia<\/a>, <a href=\"https:\/\/aqui.madrid\/la-dieta-mediterranea-contribuye-a-reducir-la-contaminacion\/\" target=\"_blank\" rel=\"noreferrer noopener\">Aqu\u00ed Madrid<\/a> y <a href=\"https:\/\/www.elconfidencial.com\/medioambiente\/soy-eco\/2021-11-08\/cambio-climatico-insectos-alimentacion-sostenible_3319431\/\" target=\"_blank\" rel=\"noreferrer noopener\">El Confidencial<\/a>.<\/p>\n\n\n\n<figure class=\"wp-block-image size-large\"><img decoding=\"async\" src=\"https:\/\/blog.cofb.cat\/wp-content\/uploads\/2021\/12\/recull-mitjans-desembre-4-1024x724.jpg\" alt=\"\" class=\"wp-image-59595\"\/><\/figure>\n\n\n\n<p><strong>Altres publicacions d&#8217;inter\u00e8s:<\/strong><\/p>\n\n\n\n<ul class=\"wp-block-list\"><li><a href=\"Octubre: La presentaci\u00f3 del Programa de Formaci\u00f3 Continuada amb el conseller de Salut, la inauguraci\u00f3 dels M\u00e0sters del COFB i el certificat COVID, temes m\u00e9s destacats als mitjans (Novembre 2021)\">Octubre: La presentaci\u00f3 del Programa de Formaci\u00f3 Continuada amb el conseller de Salut, la inauguraci\u00f3 dels M\u00e0sters del COFB i el certificat COVID, temes m\u00e9s destacats als mitjans (Novembre 2021)<\/a><\/li><li><a href=\"Setembre: El cribratge escolar des de les farm\u00e0cies i la il\u00b7luminaci\u00f3 de la Torre Gl\u00f2ries, amb motiu del Dia Mundial del Farmac\u00e8utic, temes m\u00e9s destacats als mitjans (Octubre 2021)\">Setembre: El cribratge escolar des de les farm\u00e0cies i la il\u00b7luminaci\u00f3 de la Torre Gl\u00f2ries, amb motiu del Dia Mundial del Farmac\u00e8utic, temes m\u00e9s destacats als mitjans (Octubre 2021)<\/a><\/li><li><a href=\"Els tests d\u2019ant\u00edgens a les farm\u00e0cies per detectar casos de COVID-19 i el paper dels farmac\u00e8utics en la seva supervisi\u00f3, tema m\u00e9s destacat als mitjans (Setembre 2021)\" target=\"_blank\" rel=\"noreferrer noopener\">Agost: Els tests d\u2019ant\u00edgens a les farm\u00e0cies per detectar casos de COVID-19 i el paper dels farmac\u00e8utics en la seva supervisi\u00f3, tema m\u00e9s destacat als mitjans (Setembre 2021)<\/a><\/li><\/ul>\n\n\n\n<p><\/p>\n","protected":false},"excerpt":{"rendered":"<p>Setmana Mundial de la Conscienciaci\u00f3 sobre l\u2019\u00das d\u2019Antibi\u00f2tics Coincidint amb la Setmana Mundial de la Conscienciaci\u00f3 de l&#8217;\u00das d&#8217;Antibi\u00f2tics, del 18 al 24 de novembre, el Col\u00b7legi de Farmac\u00e8utics de Barcelona (COFB) va enviar una nota de premsa als mitjans de comunicaci\u00f3 en qu\u00e8 explicava les diferents iniciatives que comptaven [&hellip;]<\/p>\n","protected":false},"author":1,"featured_media":59600,"comment_status":"open","ping_status":"open","sticky":false,"template":"","format":"standard","meta":{"_uag_custom_page_level_css":"","site-sidebar-layout":"default","site-content-layout":"","ast-site-content-layout":"default","site-content-style":"default","site-sidebar-style":"default","ast-global-header-display":"","ast-banner-title-visibility":"","ast-main-header-display":"","ast-hfb-above-header-display":"","ast-hfb-below-header-display":"","ast-hfb-mobile-header-display":"","site-post-title":"","ast-breadcrumbs-content":"","ast-featured-img":"disabled","footer-sml-layout":"","theme-transparent-header-meta":"","adv-header-id-meta":"","stick-header-meta":"","header-above-stick-meta":"","header-main-stick-meta":"","header-below-stick-meta":"","astra-migrate-meta-layouts":"default","ast-page-background-enabled":"default","ast-page-background-meta":{"desktop":{"background-color":"var(--ast-global-color-4)","background-image":"","background-repeat":"repeat","background-position":"center center","background-size":"auto","background-attachment":"scroll","background-type":"","background-media":"","overlay-type":"","overlay-color":"","overlay-opacity":"","overlay-gradient":""},"tablet":{"background-color":"","background-image":"","background-repeat":"repeat","background-position":"center center","background-size":"auto","background-attachment":"scroll","background-type":"","background-media":"","overlay-type":"","overlay-color":"","overlay-opacity":"","overlay-gradient":""},"mobile":{"background-color":"","background-image":"","background-repeat":"repeat","background-position":"center center","background-size":"auto","background-attachment":"scroll","background-type":"","background-media":"","overlay-type":"","overlay-color":"","overlay-opacity":"","overlay-gradient":""}},"ast-content-background-meta":{"desktop":{"background-color":"var(--ast-global-color-5)","background-image":"","background-repeat":"repeat","background-position":"center center","background-size":"auto","background-attachment":"scroll","background-type":"","background-media":"","overlay-type":"","overlay-color":"","overlay-opacity":"","overlay-gradient":""},"tablet":{"background-color":"var(--ast-global-color-5)","background-image":"","background-repeat":"repeat","background-position":"center center","background-size":"auto","background-attachment":"scroll","background-type":"","background-media":"","overlay-type":"","overlay-color":"","overlay-opacity":"","overlay-gradient":""},"mobile":{"background-color":"var(--ast-global-color-5)","background-image":"","background-repeat":"repeat","background-position":"center center","background-size":"auto","background-attachment":"scroll","background-type":"","background-media":"","overlay-type":"","overlay-color":"","overlay-opacity":"","overlay-gradient":""}},"footnotes":""},"categories":[23,32],"tags":[269,64,3797,18,19,469,90,4690,53,24,68,69,459,31,4691,460,557,34,4532],"class_list":["post-59071","post","type-post","status-publish","format-standard","has-post-thumbnail","hentry","category-destacats","category-noticies-farmacia","tag-antibiotics","tag-atencio-farmaceutica","tag-campanya-de-conscienciacio","tag-cofb","tag-collegi-de-farmaceutics-de-barcelona","tag-coronavirus","tag-covid-19","tag-estrategia-proa","tag-farmaceutics","tag-farmaceutics-comunitaris","tag-farmacia","tag-farmacia-comunitaria","tag-mitjans","tag-mitjans-de-comunicacio","tag-proa-vincat","tag-recull-de-mitjans","tag-repercussions","tag-resistencia-als-antibiotics","tag-resistencies"],"yoast_head":"<!-- This site is optimized with the Yoast SEO plugin v22.4 - https:\/\/yoast.com\/wordpress\/plugins\/seo\/ -->\n<title>Novembre: La Setmana Mundial de la Conscienciaci\u00f3 sobre l\u2019\u00das d\u2019Antibi\u00f2tics i el model de lliurament de MHDA a trav\u00e9s de les farm\u00e0cies comunit\u00e0ries, temes m\u00e9s destacats als mitjans - Col\u00b7legi de Farmac\u00e8utics de Barcelona<\/title>\n<meta name=\"robots\" content=\"index, follow, max-snippet:-1, max-image-preview:large, max-video-preview:-1\" \/>\n<link rel=\"canonical\" href=\"https:\/\/novaorg.cofb.net\/2021\/12\/27\/novembre-la-setmana-mundial-de-la-conscienciacio-sobre-lus-dantibiotics-i-el-model-de-lliurament-de-mhda-a-traves-de-les-farmacies-comunitaries-temes-mes-destacats-als-mitjans\/\" \/>\n<meta property=\"og:locale\" content=\"ca_ES\" \/>\n<meta property=\"og:type\" content=\"article\" \/>\n<meta property=\"og:title\" content=\"Novembre: La Setmana Mundial de la Conscienciaci\u00f3 sobre l\u2019\u00das d\u2019Antibi\u00f2tics i el model de lliurament de MHDA a trav\u00e9s de les farm\u00e0cies comunit\u00e0ries, temes m\u00e9s destacats als mitjans - Col\u00b7legi de Farmac\u00e8utics de Barcelona\" \/>\n<meta property=\"og:description\" content=\"Setmana Mundial de la Conscienciaci\u00f3 sobre l\u2019\u00das d\u2019Antibi\u00f2tics Coincidint amb la Setmana Mundial de la Conscienciaci\u00f3 de l&#8217;\u00das d&#8217;Antibi\u00f2tics, del 18 al 24 de novembre, el Col\u00b7legi de Farmac\u00e8utics de Barcelona (COFB) va enviar una nota de premsa als mitjans de comunicaci\u00f3 en qu\u00e8 explicava les diferents iniciatives que comptaven [&hellip;]\" \/>\n<meta property=\"og:url\" content=\"https:\/\/novaorg.cofb.net\/2021\/12\/27\/novembre-la-setmana-mundial-de-la-conscienciacio-sobre-lus-dantibiotics-i-el-model-de-lliurament-de-mhda-a-traves-de-les-farmacies-comunitaries-temes-mes-destacats-als-mitjans\/\" \/>\n<meta property=\"og:site_name\" content=\"Col\u00b7legi de Farmac\u00e8utics de Barcelona\" \/>\n<meta property=\"article:publisher\" content=\"https:\/\/www.facebook.com\/farmaceuticsbcn\/\" \/>\n<meta property=\"article:published_time\" content=\"2021-12-27T11:59:32+00:00\" \/>\n<meta name=\"author\" content=\"wpAdminCofbOrg\" \/>\n<meta name=\"twitter:card\" content=\"summary_large_image\" \/>\n<meta name=\"twitter:creator\" content=\"@farmaceuticsbcn\" \/>\n<meta name=\"twitter:site\" content=\"@farmaceuticsbcn\" \/>\n<meta name=\"twitter:label1\" content=\"Escrit per\" \/>\n\t<meta name=\"twitter:data1\" content=\"wpAdminCofbOrg\" \/>\n\t<meta name=\"twitter:label2\" content=\"Temps estimat de lectura\" \/>\n\t<meta name=\"twitter:data2\" content=\"6 minuts\" \/>\n<script type=\"application\/ld+json\" class=\"yoast-schema-graph\">{\"@context\":\"https:\/\/schema.org\",\"@graph\":[{\"@type\":\"Article\",\"@id\":\"https:\/\/novaorg.cofb.net\/2021\/12\/27\/novembre-la-setmana-mundial-de-la-conscienciacio-sobre-lus-dantibiotics-i-el-model-de-lliurament-de-mhda-a-traves-de-les-farmacies-comunitaries-temes-mes-destacats-als-mitjans\/#article\",\"isPartOf\":{\"@id\":\"https:\/\/novaorg.cofb.net\/2021\/12\/27\/novembre-la-setmana-mundial-de-la-conscienciacio-sobre-lus-dantibiotics-i-el-model-de-lliurament-de-mhda-a-traves-de-les-farmacies-comunitaries-temes-mes-destacats-als-mitjans\/\"},\"author\":{\"name\":\"wpAdminCofbOrg\",\"@id\":\"https:\/\/www.cofb.org\/#\/schema\/person\/22ed7eea88da74b0fa4d3154ad87ffcb\"},\"headline\":\"Novembre: La Setmana Mundial de la Conscienciaci\u00f3 sobre l\u2019\u00das d\u2019Antibi\u00f2tics i el model de lliurament de MHDA a trav\u00e9s de les farm\u00e0cies comunit\u00e0ries, temes m\u00e9s destacats als mitjans\",\"datePublished\":\"2021-12-27T11:59:32+00:00\",\"dateModified\":\"2021-12-27T11:59:32+00:00\",\"mainEntityOfPage\":{\"@id\":\"https:\/\/novaorg.cofb.net\/2021\/12\/27\/novembre-la-setmana-mundial-de-la-conscienciacio-sobre-lus-dantibiotics-i-el-model-de-lliurament-de-mhda-a-traves-de-les-farmacies-comunitaries-temes-mes-destacats-als-mitjans\/\"},\"wordCount\":1231,\"commentCount\":0,\"publisher\":{\"@id\":\"https:\/\/www.cofb.org\/#organization\"},\"image\":{\"@id\":\"https:\/\/novaorg.cofb.net\/2021\/12\/27\/novembre-la-setmana-mundial-de-la-conscienciacio-sobre-lus-dantibiotics-i-el-model-de-lliurament-de-mhda-a-traves-de-les-farmacies-comunitaries-temes-mes-destacats-als-mitjans\/#primaryimage\"},\"thumbnailUrl\":\"\",\"keywords\":[\"antibi\u00f2tics\",\"Atenci\u00f3 farmac\u00e8utica\",\"campanya de conscienciaci\u00f3\",\"COFB\",\"Col\u00b7legi de Farmac\u00e8utics de Barcelona\",\"coronavirus\",\"COVID-19\",\"estrat\u00e8gia PROA\",\"farmac\u00e8utics\",\"farmac\u00e8utics comunitaris\",\"Farm\u00e0cia\",\"farm\u00e0cia comunit\u00e0ria\",\"Mitjans\",\"mitjans de comunicaci\u00f3\",\"PROA VINCat\",\"recull de mitjans\",\"repercussions\",\"resist\u00e8ncia als antibi\u00f2tics\",\"resist\u00e8ncies\"],\"articleSection\":[\"Destacats\",\"Not\u00edcies farm\u00e0cia\"],\"inLanguage\":\"ca\",\"potentialAction\":[{\"@type\":\"CommentAction\",\"name\":\"Comment\",\"target\":[\"https:\/\/novaorg.cofb.net\/2021\/12\/27\/novembre-la-setmana-mundial-de-la-conscienciacio-sobre-lus-dantibiotics-i-el-model-de-lliurament-de-mhda-a-traves-de-les-farmacies-comunitaries-temes-mes-destacats-als-mitjans\/#respond\"]}]},{\"@type\":\"WebPage\",\"@id\":\"https:\/\/novaorg.cofb.net\/2021\/12\/27\/novembre-la-setmana-mundial-de-la-conscienciacio-sobre-lus-dantibiotics-i-el-model-de-lliurament-de-mhda-a-traves-de-les-farmacies-comunitaries-temes-mes-destacats-als-mitjans\/\",\"url\":\"https:\/\/novaorg.cofb.net\/2021\/12\/27\/novembre-la-setmana-mundial-de-la-conscienciacio-sobre-lus-dantibiotics-i-el-model-de-lliurament-de-mhda-a-traves-de-les-farmacies-comunitaries-temes-mes-destacats-als-mitjans\/\",\"name\":\"Novembre: La Setmana Mundial de la Conscienciaci\u00f3 sobre l\u2019\u00das d\u2019Antibi\u00f2tics i el model de lliurament de MHDA a trav\u00e9s de les farm\u00e0cies comunit\u00e0ries, temes m\u00e9s destacats als mitjans - Col\u00b7legi de Farmac\u00e8utics de Barcelona\",\"isPartOf\":{\"@id\":\"https:\/\/www.cofb.org\/#website\"},\"primaryImageOfPage\":{\"@id\":\"https:\/\/novaorg.cofb.net\/2021\/12\/27\/novembre-la-setmana-mundial-de-la-conscienciacio-sobre-lus-dantibiotics-i-el-model-de-lliurament-de-mhda-a-traves-de-les-farmacies-comunitaries-temes-mes-destacats-als-mitjans\/#primaryimage\"},\"image\":{\"@id\":\"https:\/\/novaorg.cofb.net\/2021\/12\/27\/novembre-la-setmana-mundial-de-la-conscienciacio-sobre-lus-dantibiotics-i-el-model-de-lliurament-de-mhda-a-traves-de-les-farmacies-comunitaries-temes-mes-destacats-als-mitjans\/#primaryimage\"},\"thumbnailUrl\":\"\",\"datePublished\":\"2021-12-27T11:59:32+00:00\",\"dateModified\":\"2021-12-27T11:59:32+00:00\",\"breadcrumb\":{\"@id\":\"https:\/\/novaorg.cofb.net\/2021\/12\/27\/novembre-la-setmana-mundial-de-la-conscienciacio-sobre-lus-dantibiotics-i-el-model-de-lliurament-de-mhda-a-traves-de-les-farmacies-comunitaries-temes-mes-destacats-als-mitjans\/#breadcrumb\"},\"inLanguage\":\"ca\",\"potentialAction\":[{\"@type\":\"ReadAction\",\"target\":[\"https:\/\/novaorg.cofb.net\/2021\/12\/27\/novembre-la-setmana-mundial-de-la-conscienciacio-sobre-lus-dantibiotics-i-el-model-de-lliurament-de-mhda-a-traves-de-les-farmacies-comunitaries-temes-mes-destacats-als-mitjans\/\"]}]},{\"@type\":\"ImageObject\",\"inLanguage\":\"ca\",\"@id\":\"https:\/\/novaorg.cofb.net\/2021\/12\/27\/novembre-la-setmana-mundial-de-la-conscienciacio-sobre-lus-dantibiotics-i-el-model-de-lliurament-de-mhda-a-traves-de-les-farmacies-comunitaries-temes-mes-destacats-als-mitjans\/#primaryimage\",\"url\":\"\",\"contentUrl\":\"\"},{\"@type\":\"BreadcrumbList\",\"@id\":\"https:\/\/novaorg.cofb.net\/2021\/12\/27\/novembre-la-setmana-mundial-de-la-conscienciacio-sobre-lus-dantibiotics-i-el-model-de-lliurament-de-mhda-a-traves-de-les-farmacies-comunitaries-temes-mes-destacats-als-mitjans\/#breadcrumb\",\"itemListElement\":[{\"@type\":\"ListItem\",\"position\":1,\"name\":\"Inici\",\"item\":\"https:\/\/novaorg.cofb.net\/\"},{\"@type\":\"ListItem\",\"position\":2,\"name\":\"Novembre: La Setmana Mundial de la Conscienciaci\u00f3 sobre l\u2019\u00das d\u2019Antibi\u00f2tics i el model de lliurament de MHDA a trav\u00e9s de les farm\u00e0cies comunit\u00e0ries, temes m\u00e9s destacats als mitjans\"}]},{\"@type\":\"WebSite\",\"@id\":\"https:\/\/www.cofb.org\/#website\",\"url\":\"https:\/\/www.cofb.org\/\",\"name\":\"Col\u00b7legi de Farmac\u00e8utics de Barcelona\",\"description\":\"\",\"publisher\":{\"@id\":\"https:\/\/www.cofb.org\/#organization\"},\"potentialAction\":[{\"@type\":\"SearchAction\",\"target\":{\"@type\":\"EntryPoint\",\"urlTemplate\":\"https:\/\/www.cofb.org\/?s={search_term_string}\"},\"query-input\":\"required name=search_term_string\"}],\"inLanguage\":\"ca\"},{\"@type\":\"Organization\",\"@id\":\"https:\/\/www.cofb.org\/#organization\",\"name\":\"Col\u00b7legi de Farmac\u00e8utics de Barcelona\",\"url\":\"https:\/\/www.cofb.org\/\",\"logo\":{\"@type\":\"ImageObject\",\"inLanguage\":\"ca\",\"@id\":\"https:\/\/www.cofb.org\/#\/schema\/logo\/image\/\",\"url\":\"https:\/\/www.cofb.org\/wp-content\/uploads\/2023\/11\/cropped-Logotip-COFB.png\",\"contentUrl\":\"https:\/\/www.cofb.org\/wp-content\/uploads\/2023\/11\/cropped-Logotip-COFB.png\",\"width\":500,\"height\":105,\"caption\":\"Col\u00b7legi de Farmac\u00e8utics de Barcelona\"},\"image\":{\"@id\":\"https:\/\/www.cofb.org\/#\/schema\/logo\/image\/\"},\"sameAs\":[\"https:\/\/www.facebook.com\/farmaceuticsbcn\/\",\"https:\/\/twitter.com\/farmaceuticsbcn\",\"https:\/\/www.instagram.com\/farmaceuticsbcn\/\",\"https:\/\/www.linkedin.com\/company\/farmaceuticsbcn\/\"]},{\"@type\":\"Person\",\"@id\":\"https:\/\/www.cofb.org\/#\/schema\/person\/22ed7eea88da74b0fa4d3154ad87ffcb\",\"name\":\"wpAdminCofbOrg\",\"image\":{\"@type\":\"ImageObject\",\"inLanguage\":\"ca\",\"@id\":\"https:\/\/www.cofb.org\/#\/schema\/person\/image\/\",\"url\":\"https:\/\/secure.gravatar.com\/avatar\/1721b20b3b8ca882c3b56ec6c978c594fff670e40c0718e9190eaeeb76aae7d8?s=96&d=mm&r=g\",\"contentUrl\":\"https:\/\/secure.gravatar.com\/avatar\/1721b20b3b8ca882c3b56ec6c978c594fff670e40c0718e9190eaeeb76aae7d8?s=96&d=mm&r=g\",\"caption\":\"wpAdminCofbOrg\"},\"sameAs\":[\"http:\/\/192.168.64.122\/wordpress\"],\"url\":\"https:\/\/www.cofb.org\/ca\/author\/wpadmincofborg\/\"}]}<\/script>\n<!-- \/ Yoast SEO plugin. -->","yoast_head_json":{"title":"Novembre: La Setmana Mundial de la Conscienciaci\u00f3 sobre l\u2019\u00das d\u2019Antibi\u00f2tics i el model de lliurament de MHDA a trav\u00e9s de les farm\u00e0cies comunit\u00e0ries, temes m\u00e9s destacats als mitjans - Col\u00b7legi de Farmac\u00e8utics de Barcelona","robots":{"index":"index","follow":"follow","max-snippet":"max-snippet:-1","max-image-preview":"max-image-preview:large","max-video-preview":"max-video-preview:-1"},"canonical":"https:\/\/novaorg.cofb.net\/2021\/12\/27\/novembre-la-setmana-mundial-de-la-conscienciacio-sobre-lus-dantibiotics-i-el-model-de-lliurament-de-mhda-a-traves-de-les-farmacies-comunitaries-temes-mes-destacats-als-mitjans\/","og_locale":"ca_ES","og_type":"article","og_title":"Novembre: La Setmana Mundial de la Conscienciaci\u00f3 sobre l\u2019\u00das d\u2019Antibi\u00f2tics i el model de lliurament de MHDA a trav\u00e9s de les farm\u00e0cies comunit\u00e0ries, temes m\u00e9s destacats als mitjans - Col\u00b7legi de Farmac\u00e8utics de Barcelona","og_description":"Setmana Mundial de la Conscienciaci\u00f3 sobre l\u2019\u00das d\u2019Antibi\u00f2tics Coincidint amb la Setmana Mundial de la Conscienciaci\u00f3 de l&#8217;\u00das d&#8217;Antibi\u00f2tics, del 18 al 24 de novembre, el Col\u00b7legi de Farmac\u00e8utics de Barcelona (COFB) va enviar una nota de premsa als mitjans de comunicaci\u00f3 en qu\u00e8 explicava les diferents iniciatives que comptaven [&hellip;]","og_url":"https:\/\/novaorg.cofb.net\/2021\/12\/27\/novembre-la-setmana-mundial-de-la-conscienciacio-sobre-lus-dantibiotics-i-el-model-de-lliurament-de-mhda-a-traves-de-les-farmacies-comunitaries-temes-mes-destacats-als-mitjans\/","og_site_name":"Col\u00b7legi de Farmac\u00e8utics de Barcelona","article_publisher":"https:\/\/www.facebook.com\/farmaceuticsbcn\/","article_published_time":"2021-12-27T11:59:32+00:00","author":"wpAdminCofbOrg","twitter_card":"summary_large_image","twitter_creator":"@farmaceuticsbcn","twitter_site":"@farmaceuticsbcn","twitter_misc":{"Escrit per":"wpAdminCofbOrg","Temps estimat de lectura":"6 minuts"},"schema":{"@context":"https:\/\/schema.org","@graph":[{"@type":"Article","@id":"https:\/\/novaorg.cofb.net\/2021\/12\/27\/novembre-la-setmana-mundial-de-la-conscienciacio-sobre-lus-dantibiotics-i-el-model-de-lliurament-de-mhda-a-traves-de-les-farmacies-comunitaries-temes-mes-destacats-als-mitjans\/#article","isPartOf":{"@id":"https:\/\/novaorg.cofb.net\/2021\/12\/27\/novembre-la-setmana-mundial-de-la-conscienciacio-sobre-lus-dantibiotics-i-el-model-de-lliurament-de-mhda-a-traves-de-les-farmacies-comunitaries-temes-mes-destacats-als-mitjans\/"},"author":{"name":"wpAdminCofbOrg","@id":"https:\/\/www.cofb.org\/#\/schema\/person\/22ed7eea88da74b0fa4d3154ad87ffcb"},"headline":"Novembre: La Setmana Mundial de la Conscienciaci\u00f3 sobre l\u2019\u00das d\u2019Antibi\u00f2tics i el model de lliurament de MHDA a trav\u00e9s de les farm\u00e0cies comunit\u00e0ries, temes m\u00e9s destacats als mitjans","datePublished":"2021-12-27T11:59:32+00:00","dateModified":"2021-12-27T11:59:32+00:00","mainEntityOfPage":{"@id":"https:\/\/novaorg.cofb.net\/2021\/12\/27\/novembre-la-setmana-mundial-de-la-conscienciacio-sobre-lus-dantibiotics-i-el-model-de-lliurament-de-mhda-a-traves-de-les-farmacies-comunitaries-temes-mes-destacats-als-mitjans\/"},"wordCount":1231,"commentCount":0,"publisher":{"@id":"https:\/\/www.cofb.org\/#organization"},"image":{"@id":"https:\/\/novaorg.cofb.net\/2021\/12\/27\/novembre-la-setmana-mundial-de-la-conscienciacio-sobre-lus-dantibiotics-i-el-model-de-lliurament-de-mhda-a-traves-de-les-farmacies-comunitaries-temes-mes-destacats-als-mitjans\/#primaryimage"},"thumbnailUrl":"","keywords":["antibi\u00f2tics","Atenci\u00f3 farmac\u00e8utica","campanya de conscienciaci\u00f3","COFB","Col\u00b7legi de Farmac\u00e8utics de Barcelona","coronavirus","COVID-19","estrat\u00e8gia PROA","farmac\u00e8utics","farmac\u00e8utics comunitaris","Farm\u00e0cia","farm\u00e0cia comunit\u00e0ria","Mitjans","mitjans de comunicaci\u00f3","PROA VINCat","recull de mitjans","repercussions","resist\u00e8ncia als antibi\u00f2tics","resist\u00e8ncies"],"articleSection":["Destacats","Not\u00edcies farm\u00e0cia"],"inLanguage":"ca","potentialAction":[{"@type":"CommentAction","name":"Comment","target":["https:\/\/novaorg.cofb.net\/2021\/12\/27\/novembre-la-setmana-mundial-de-la-conscienciacio-sobre-lus-dantibiotics-i-el-model-de-lliurament-de-mhda-a-traves-de-les-farmacies-comunitaries-temes-mes-destacats-als-mitjans\/#respond"]}]},{"@type":"WebPage","@id":"https:\/\/novaorg.cofb.net\/2021\/12\/27\/novembre-la-setmana-mundial-de-la-conscienciacio-sobre-lus-dantibiotics-i-el-model-de-lliurament-de-mhda-a-traves-de-les-farmacies-comunitaries-temes-mes-destacats-als-mitjans\/","url":"https:\/\/novaorg.cofb.net\/2021\/12\/27\/novembre-la-setmana-mundial-de-la-conscienciacio-sobre-lus-dantibiotics-i-el-model-de-lliurament-de-mhda-a-traves-de-les-farmacies-comunitaries-temes-mes-destacats-als-mitjans\/","name":"Novembre: La Setmana Mundial de la Conscienciaci\u00f3 sobre l\u2019\u00das d\u2019Antibi\u00f2tics i el model de lliurament de MHDA a trav\u00e9s de les farm\u00e0cies comunit\u00e0ries, temes m\u00e9s destacats als mitjans - Col\u00b7legi de Farmac\u00e8utics de Barcelona","isPartOf":{"@id":"https:\/\/www.cofb.org\/#website"},"primaryImageOfPage":{"@id":"https:\/\/novaorg.cofb.net\/2021\/12\/27\/novembre-la-setmana-mundial-de-la-conscienciacio-sobre-lus-dantibiotics-i-el-model-de-lliurament-de-mhda-a-traves-de-les-farmacies-comunitaries-temes-mes-destacats-als-mitjans\/#primaryimage"},"image":{"@id":"https:\/\/novaorg.cofb.net\/2021\/12\/27\/novembre-la-setmana-mundial-de-la-conscienciacio-sobre-lus-dantibiotics-i-el-model-de-lliurament-de-mhda-a-traves-de-les-farmacies-comunitaries-temes-mes-destacats-als-mitjans\/#primaryimage"},"thumbnailUrl":"","datePublished":"2021-12-27T11:59:32+00:00","dateModified":"2021-12-27T11:59:32+00:00","breadcrumb":{"@id":"https:\/\/novaorg.cofb.net\/2021\/12\/27\/novembre-la-setmana-mundial-de-la-conscienciacio-sobre-lus-dantibiotics-i-el-model-de-lliurament-de-mhda-a-traves-de-les-farmacies-comunitaries-temes-mes-destacats-als-mitjans\/#breadcrumb"},"inLanguage":"ca","potentialAction":[{"@type":"ReadAction","target":["https:\/\/novaorg.cofb.net\/2021\/12\/27\/novembre-la-setmana-mundial-de-la-conscienciacio-sobre-lus-dantibiotics-i-el-model-de-lliurament-de-mhda-a-traves-de-les-farmacies-comunitaries-temes-mes-destacats-als-mitjans\/"]}]},{"@type":"ImageObject","inLanguage":"ca","@id":"https:\/\/novaorg.cofb.net\/2021\/12\/27\/novembre-la-setmana-mundial-de-la-conscienciacio-sobre-lus-dantibiotics-i-el-model-de-lliurament-de-mhda-a-traves-de-les-farmacies-comunitaries-temes-mes-destacats-als-mitjans\/#primaryimage","url":"","contentUrl":""},{"@type":"BreadcrumbList","@id":"https:\/\/novaorg.cofb.net\/2021\/12\/27\/novembre-la-setmana-mundial-de-la-conscienciacio-sobre-lus-dantibiotics-i-el-model-de-lliurament-de-mhda-a-traves-de-les-farmacies-comunitaries-temes-mes-destacats-als-mitjans\/#breadcrumb","itemListElement":[{"@type":"ListItem","position":1,"name":"Inici","item":"https:\/\/novaorg.cofb.net\/"},{"@type":"ListItem","position":2,"name":"Novembre: La Setmana Mundial de la Conscienciaci\u00f3 sobre l\u2019\u00das d\u2019Antibi\u00f2tics i el model de lliurament de MHDA a trav\u00e9s de les farm\u00e0cies comunit\u00e0ries, temes m\u00e9s destacats als mitjans"}]},{"@type":"WebSite","@id":"https:\/\/www.cofb.org\/#website","url":"https:\/\/www.cofb.org\/","name":"Col\u00b7legi de Farmac\u00e8utics de Barcelona","description":"","publisher":{"@id":"https:\/\/www.cofb.org\/#organization"},"potentialAction":[{"@type":"SearchAction","target":{"@type":"EntryPoint","urlTemplate":"https:\/\/www.cofb.org\/?s={search_term_string}"},"query-input":"required name=search_term_string"}],"inLanguage":"ca"},{"@type":"Organization","@id":"https:\/\/www.cofb.org\/#organization","name":"Col\u00b7legi de Farmac\u00e8utics de Barcelona","url":"https:\/\/www.cofb.org\/","logo":{"@type":"ImageObject","inLanguage":"ca","@id":"https:\/\/www.cofb.org\/#\/schema\/logo\/image\/","url":"https:\/\/www.cofb.org\/wp-content\/uploads\/2023\/11\/cropped-Logotip-COFB.png","contentUrl":"https:\/\/www.cofb.org\/wp-content\/uploads\/2023\/11\/cropped-Logotip-COFB.png","width":500,"height":105,"caption":"Col\u00b7legi de Farmac\u00e8utics de Barcelona"},"image":{"@id":"https:\/\/www.cofb.org\/#\/schema\/logo\/image\/"},"sameAs":["https:\/\/www.facebook.com\/farmaceuticsbcn\/","https:\/\/twitter.com\/farmaceuticsbcn","https:\/\/www.instagram.com\/farmaceuticsbcn\/","https:\/\/www.linkedin.com\/company\/farmaceuticsbcn\/"]},{"@type":"Person","@id":"https:\/\/www.cofb.org\/#\/schema\/person\/22ed7eea88da74b0fa4d3154ad87ffcb","name":"wpAdminCofbOrg","image":{"@type":"ImageObject","inLanguage":"ca","@id":"https:\/\/www.cofb.org\/#\/schema\/person\/image\/","url":"https:\/\/secure.gravatar.com\/avatar\/1721b20b3b8ca882c3b56ec6c978c594fff670e40c0718e9190eaeeb76aae7d8?s=96&d=mm&r=g","contentUrl":"https:\/\/secure.gravatar.com\/avatar\/1721b20b3b8ca882c3b56ec6c978c594fff670e40c0718e9190eaeeb76aae7d8?s=96&d=mm&r=g","caption":"wpAdminCofbOrg"},"sameAs":["http:\/\/192.168.64.122\/wordpress"],"url":"https:\/\/www.cofb.org\/ca\/author\/wpadmincofborg\/"}]}},"uagb_featured_image_src":{"full":false,"thumbnail":false,"medium":false,"medium_large":false,"large":false,"1536x1536":false,"2048x2048":false,"trp-custom-language-flag":false},"uagb_author_info":{"display_name":"wpAdminCofbOrg","author_link":"https:\/\/www.cofb.org\/ca\/author\/wpadmincofborg\/"},"uagb_comment_info":0,"uagb_excerpt":"Setmana Mundial de la Conscienciaci\u00f3 sobre l\u2019\u00das d\u2019Antibi\u00f2tics Coincidint amb la Setmana Mundial de la Conscienciaci\u00f3 de l&#8217;\u00das d&#8217;Antibi\u00f2tics, del 18 al 24 de novembre, el Col\u00b7legi de Farmac\u00e8utics de Barcelona (COFB) va enviar una nota de premsa als mitjans de comunicaci\u00f3 en qu\u00e8 explicava les diferents iniciatives que comptaven [&hellip;]","_links":{"self":[{"href":"https:\/\/www.cofb.org\/ca\/wp-json\/wp\/v2\/posts\/59071","targetHints":{"allow":["GET"]}}],"collection":[{"href":"https:\/\/www.cofb.org\/ca\/wp-json\/wp\/v2\/posts"}],"about":[{"href":"https:\/\/www.cofb.org\/ca\/wp-json\/wp\/v2\/types\/post"}],"author":[{"embeddable":true,"href":"https:\/\/www.cofb.org\/ca\/wp-json\/wp\/v2\/users\/1"}],"replies":[{"embeddable":true,"href":"https:\/\/www.cofb.org\/ca\/wp-json\/wp\/v2\/comments?post=59071"}],"version-history":[{"count":0,"href":"https:\/\/www.cofb.org\/ca\/wp-json\/wp\/v2\/posts\/59071\/revisions"}],"wp:featuredmedia":[{"embeddable":true,"href":"https:\/\/www.cofb.org\/ca\/wp-json\/"}],"wp:attachment":[{"href":"https:\/\/www.cofb.org\/ca\/wp-json\/wp\/v2\/media?parent=59071"}],"wp:term":[{"taxonomy":"category","embeddable":true,"href":"https:\/\/www.cofb.org\/ca\/wp-json\/wp\/v2\/categories?post=59071"},{"taxonomy":"post_tag","embeddable":true,"href":"https:\/\/www.cofb.org\/ca\/wp-json\/wp\/v2\/tags?post=59071"}],"curies":[{"name":"wp","href":"https:\/\/api.w.org\/{rel}","templated":true}]}}