{"id":58313,"date":"2021-11-24T18:56:58","date_gmt":"2021-11-24T16:56:58","guid":{"rendered":"https:\/\/blog.cofb.cat\/?p=58313"},"modified":"2024-04-05T10:47:49","modified_gmt":"2024-04-05T10:47:49","slug":"counselling-com-podem-comunicar-nos-millor-amb-els-pacients","status":"publish","type":"post","link":"https:\/\/www.cofb.org\/ca\/2021\/11\/24\/counselling-com-podem-comunicar-nos-millor-amb-els-pacients\/","title":{"rendered":"Counselling: Com podem comunicar-nos millor amb els pacients?"},"content":{"rendered":"\n<p>Els passats <strong>16 i 17 de novembre<\/strong> va tenir lloc al <strong>Col\u00b7legi de Farmac\u00e8utics de Barcelona (COFB)<\/strong> la <strong>formaci\u00f3<\/strong> <strong>&#8220;<em>Counselling<\/em>, eines i estrat\u00e8gies de comunicaci\u00f3 amb els pacients&#8221;<\/strong>, patrocinada per <a href=\"https:\/\/www.msd.com\/\" target=\"_blank\" rel=\"noreferrer noopener\">MSD<\/a> i impartida per <strong>Jes\u00fas P\u00e9rez Viejo<\/strong>, llicenciat en Psicologia i expert en <strong>habilitats de comunicaci\u00f3<\/strong> i <em><strong>counselling<\/strong><\/em>. <\/p>\n\n\n\n<p>Els <strong>objectius<\/strong> del <strong>programa<\/strong> van ser els seg\u00fcents: <strong>adquirir habilitats motivadores senzilles<\/strong> i eficaces per plantejar <strong>canvis d&#8217;h\u00e0bits saludables<\/strong> i fomentar l&#8217;adher\u00e8ncia de l&#8217;usuari; <strong>saber gestionar objectius <\/strong>amb <strong>valor emocional<\/strong> per a les persones i <strong>dominar estrat\u00e8gies pr\u00e0ctiques<\/strong> aplicables a la <strong>feina di\u00e0ria del farmac\u00e8utic<\/strong>. <\/p>\n\n\n\n<figure class=\"wp-block-image size-large\"><img decoding=\"async\" src=\"https:\/\/blog.cofb.cat\/wp-content\/uploads\/2021\/11\/COFB-Counselling-16112021_1-1024x512.jpg\" alt=\"Els professionals de la salut necessiten tenir i poder entrenar habilitats i actituds que els ajudin a optimitzar el poder d\u2019influir en la promoci\u00f3 d\u2019h\u00e0bits saludables\" class=\"wp-image-58470\" title=\"Els professionals de la salut necessiten tenir i poder entrenar habilitats i actituds que els ajudin a optimitzar el poder d\u2019influir en la promoci\u00f3 d\u2019h\u00e0bits saludables\"\/><figcaption>Els professionals de la salut necessiten tenir i poder entrenar habilitats i actituds que els ajudin a optimitzar el poder d\u2019influir en la promoci\u00f3 d\u2019h\u00e0bits saludables.<\/figcaption><\/figure>\n\n\n\n<p>Tal com va explicar el ponent, <strong>Jes\u00fas P\u00e9rez Viejo<\/strong>, el <strong>prop\u00f2sit <\/strong>de la formaci\u00f3 consistia a &#8220;<strong>fer una an\u00e0lisi <\/strong>de la <strong>t\u00e8cnica del<em> counselling<\/em>, <\/strong>que \u00e9s una <strong>t\u00e8cnica de comunicaci\u00f3<\/strong> per aplicar en el <strong>context de relaci\u00f3 amb els pacients<\/strong>, dins dels <strong>diferents contextos <\/strong>en qu\u00e8 treballen els farmac\u00e8utics\/es&#8221;. I, d&#8217;altra banda, &#8220;reflexionar i aprendre sobre l&#8217;<strong>entrevista motivacional <\/strong>i <strong>com aplicar-la al canvi d&#8217;h\u00e0bits en el treball<\/strong> que realitzen&#8221;. <\/p>\n\n\n\n<p>Des del punt de vista de P\u00e9rez, una vegada cursada la formaci\u00f3, els <strong>farmac\u00e8utics<\/strong> s&#8217;enduen,  &#8220;<strong>consci\u00e8ncia<\/strong> de com funcionen les relacions  i la <strong>capacitat d&#8217;influ\u00e8ncia que tenen a l&#8217;hora de relacionar-se amb els pacients&#8221;. <\/strong>Aix\u00ed mateix, &#8220;volem que, al final, s&#8217;emportin <strong>habilitats concretes<\/strong> que els permetin seguir millorant aquest <strong>poder d&#8217;influ\u00e8ncia<\/strong> per continuar ajudant als pacients&#8221;. <\/p>\n\n\n\n<div class=\"box success\"><\/p>\n\n\n\n<h2 class=\"wp-block-heading\"><strong>Una bona comunicaci\u00f3, indispensable per promoure h\u00e0bits saludables<\/strong><\/h2>\n\n\n\n<p>Els <strong>professionals de la salut<\/strong> necessiten tenir i poder <strong>entrenar habilitats i actituds <\/strong>que els ajudin a <strong>optimitzar el poder d\u2019influir<\/strong> en la <strong>promoci\u00f3 d\u2019h\u00e0bits saludables<\/strong>. Per aix\u00f2, els punts que configuraven el <strong>programa<\/strong> de la <strong>formaci\u00f3 <\/strong>van ser els seg\u00fcents: <\/p>\n\n\n\n<p>-El <strong>nou rol del farmac\u00e8utic<\/strong>: informar o motivar?<br>-Qu\u00e8 \u00e9s l\u2019<strong>entrevista motivadora<\/strong> (EM) i com funciona?<br>&#8211;<strong>Autoregulaci\u00f3 emocional<\/strong>: clau essencial per motivar<br>-Construir <strong>confian\u00e7a en l\u2019interlocutor<\/strong>: l\u2019empatia i la validaci\u00f3<br>&#8211;<strong>Intervenci\u00f3 expr\u00e9s motivacional<\/strong>: com plantejar canvis i fer intervencions breus<\/p>\n\n\n\n<p><\/div>\n\n\n\n<h2 class=\"wp-block-heading\"><strong>La formaci\u00f3, molt ben valorada per part dels assistents<\/strong><\/h2>\n\n\n\n<p>Els <strong>assistents<\/strong> a les <strong>dues sessions<\/strong> de la formaci\u00f3 van <strong>valorar-ne molt positivament <\/strong>el seu contingut. Hem recollit les <strong>opinions de dos farmac\u00e8utics comunitaris<\/strong>: <strong>Joaquim Braun<\/strong> i <strong>N\u00faria Mel\u00e9ndez<\/strong>.<\/p>\n\n\n\n<p>En paraules de <strong>Joaquim<\/strong> <strong>Braun<\/strong>, el curs va ser &#8220;impactant&#8221; i &#8220;el professor, <strong>Jes\u00fas P\u00e9rez<\/strong>, va crear un <strong>\u00e0mbit de reflexi\u00f3<\/strong> que confirma la<strong> rellev\u00e0ncia de la comunicaci\u00f3<\/strong> tamb\u00e9 en el <strong>domini farmac\u00e8utic<\/strong>&#8220;. N\u00faria Mel\u00e9ndez hi coincideix: &#8220;Crec que el ponent va aconseguir <strong>captar l&#8217;atenci\u00f3 de tots els presents<\/strong> assolint l&#8217;objectiu de fer-nos recapacitar sobre el que deia. M&#8217;ha semblat un dels cursos m\u00e9s <strong>interessants <\/strong>i <strong>fruct\u00edfers <\/strong>que he fet&#8221;.<\/p>\n\n\n\n<h3 class=\"wp-block-heading\"><strong>Principals aprenentatges sobre <em>counselling<\/em><\/strong><\/h3>\n\n\n\n<p>Pel que fa als <strong>principals aprenentatges extrets<\/strong>, Braun destaca &#8220;la <strong>import\u00e0ncia<\/strong> de <strong>con\u00e8ixer el funcionament <\/strong>del nostre cervell: &#8220;En totes les accions de la nostra vida, cal estimular l\u2019activitat del c\u00f2rtex prefrontal i minimitzar l\u2019acci\u00f3 de l&#8217;am\u00edgdala cerebral. D&#8217;aquesta manera, podem <strong>ser m\u00e9s savis<\/strong> i <strong>viure m\u00e9s feli\u00e7os<\/strong>&#8220;. I tamb\u00e9 haver apr\u00e8s que &#8220;gr\u00e0cies al <em><strong>counselling<\/strong><\/em> i a l\u2019<strong>entrevista emociona<\/strong>l, sens dubte, <strong>millorem de manera significativa la qualitat de l\u2019atenci\u00f3 que donem als nostres pacients<\/strong>. L\u2019<strong>aplicabilitat <\/strong>d\u2019aquestes eines <strong>millora la comprensi\u00f3 de les seves necessitats<\/strong> i ambdues ens permeten acompanyar-los activament en la millora de la seva salut&#8221;.<\/p>\n\n\n\n<p>En relaci\u00f3 amb els <strong>aprenentatges extrets<\/strong>, Mel\u00e9ndez va tenir una opini\u00f3 molt semblant a la de Braun. &#8220;Amb aquest curs, he apr\u00e8s que, <strong>abans d&#8217;oferir la meva ajuda<\/strong>, he d&#8217;<strong>escoltar<\/strong>, <strong>validar<\/strong> i <strong>preguntar<\/strong> <strong>de manera m\u00e9s activa i eficient<\/strong>. Tamb\u00e9 que <strong>he de saber connectar<\/strong> i <strong>desconnectar<\/strong> <strong>en les relacions amb els altres<\/strong> tant en l&#8217;\u00e0mbit personal com en el professional. I que la comunicaci\u00f3 \u00e9s el m\u00e9s important en les relacions humanes en general&#8221;.<\/p>\n\n\n\n<p>A m\u00e9s, sobre el desenvolupament de la sessi\u00f3, <strong>N\u00faria Mel\u00e9ndez<\/strong> va ressaltar que &#8220;el ponent va saber plantejar les seves explicacions fent <strong>participar tothom <\/strong>de manera molt activa, aix\u00ed que <strong>processar la informaci\u00f3<\/strong> va ser molt f\u00e0cil i efectiu&#8221;.<\/p>\n\n\n\n<figure class=\"wp-block-image size-full\"><img decoding=\"async\" src=\"https:\/\/blog.cofb.cat\/wp-content\/uploads\/2021\/11\/COFB-Counselling-16112021_2.jpg\" alt=\"Jes\u00fas P\u00e9rez Viejo, llicenciat en Psicologia i expert en habilitats de comunicaci\u00f3 i counselling, en un moment de la primera sessi\u00f3.\" class=\"wp-image-58473\" title=\"Jes\u00fas P\u00e9rez Viejo, llicenciat en Psicologia i expert en habilitats de comunicaci\u00f3 i counselling, en un moment de la primera sessi\u00f3.\"\/><figcaption>Jes\u00fas P\u00e9rez Viejo, llicenciat en Psicologia i expert en habilitats de comunicaci\u00f3 i counselling, en un moment de la primera sessi\u00f3.<\/figcaption><\/figure>\n\n\n\n<h3 class=\"wp-block-heading\"><strong>Aplicabilitat a l&#8217;oficina de farm\u00e0cia<\/strong><\/h3>\n\n\n\n<p>Braun va exposar que, a l&#8217;<strong>oficina de farm\u00e0cia<\/strong>, &#8220;l&#8217;<strong>escala de la comunicaci\u00f3<\/strong> amb <strong>quatre graons<\/strong> (connectar, validar, preguntar i suggerir) ens dona un <strong>patr\u00f3 de relaci\u00f3<\/strong> <strong>molt avantatj\u00f3s<\/strong> amb els pacients&#8221;. I que &#8220;cal <strong>motivar<\/strong> i inspirar <strong>emocions<\/strong> en comptes d&#8217;alli\u00e7onar. Es tracta d&#8217;assistir i d&#8217;acompanyar als pacients, qui veritablement dirigeixen l&#8217;evoluci\u00f3 del seu estat&#8221;. D&#8217;altra banda, Mel\u00e9ndez va explicar &#8220;que tot el que apr\u00e8s ho podr\u00e9 aplicar en el meu dia a dia, tant a l&#8217;oficina de farm\u00e0cia com en qualsevol altre lloc. Hem d&#8217;<strong>aprendre a connectar<\/strong> <strong>de forma \u00fatil a la farm\u00e0cia<\/strong> i tamb\u00e9 a <strong>desconnectar de les nostres tasques professionals<\/strong> per connectar de nou amb la nostra vida privada. I tamb\u00e9 a la inversa, no podem ni emportar-nos els nostres afers personals a la farm\u00e0cia ni traslladar els problemes dels altres a la nostra fam\u00edlia.&#8221;. <\/p>\n\n\n\n<h3 class=\"wp-block-heading\"><strong>La rellev\u00e0ncia de les habilitats comunicatives <\/strong><\/h3>\n\n\n\n<p>En relaci\u00f3 amb la <strong>import\u00e0ncia de les habilitats comunicatives<\/strong>, Mel\u00e9ndez va explicar que &#8220;una de les principals <strong>tasques del farmac\u00e8utic<\/strong> en l&#8217;\u00e0mbit de l&#8217;<strong>oficina de farm\u00e0cia<\/strong> \u00e9s la d&#8217;<strong>aconseguir estimular l&#8217;adher\u00e8ncia als tractaments dels pacients<\/strong>. En aquest sentit, les <strong>estrat\u00e8gies de comunicaci\u00f3<\/strong> i les <strong>habilitats motivadores<\/strong> s\u00f3n claus&#8221;. <\/p>\n\n\n\n<p>Aix\u00ed mateix, va apuntar que &#8220;el fet que el farmac\u00e8utic <strong>assoleixi les habilitats motivadores adients<\/strong> \u00e9s <strong>b\u00e0sic per millorar la salut dels pacients<\/strong> mitjan\u00e7ant l&#8217;<strong>adher\u00e8ncia<\/strong> i el <strong>consell sobre h\u00e0bits saludables<\/strong>&#8220;. Segons Mel\u00e9ndez, davant la informaci\u00f3 -no sempre correcte que trobem a internet-,  &#8220;el farmac\u00e8utic ha de saber <strong>utilitzar els seus coneixements<\/strong> <strong>adquirint habilitats <\/strong>per <strong>convertir-se en el professional de refer\u00e8ncia<\/strong> per<strong> resoldre tots els dubtes<\/strong> que puguin haver-hi sobre l&#8217;<strong>\u00fas dels medicaments<\/strong>&#8220;.<\/p>\n\n\n\n<p>Braun va coincidir-hi: &#8220;Convertir-nos en avesats <strong>comunicadors<\/strong> \u00e9s una de les<strong> prioritats<\/strong> que ha d\u2019acompanyar la <strong>ineludible actualitzaci\u00f3 de coneixements<\/strong>. <strong>Prosperar<\/strong> <strong>constantment<\/strong> en les <strong>habilitats comunicatives <\/strong>ens fa, certament, <strong>professionals \u00f2ptims de la farm\u00e0cia<\/strong>&#8220;.<\/p>\n\n\n\n<p><\/p>\n\n\n\n<p class=\"has-text-align-right\"><strong>Amb el patrocini de:<\/strong><\/p>\n\n\n\n<div class=\"wp-block-image\"><figure class=\"alignright size-full is-resized\"><a href=\"https:\/\/www.msd.com\/\" target=\"_blank\" rel=\"noopener\"><img decoding=\"async\" src=\"https:\/\/blog.cofb.cat\/wp-content\/uploads\/2021\/11\/MSD.png\" alt=\"\" class=\"wp-image-58319\" width=\"217\" height=\"101\"\/><\/a><\/figure><\/div>\n\n\n\n<p><\/p>\n\n\n\n<p><\/p>\n\n\n\n<p><\/p>\n\n\n\n<p><strong>Altres publicacions d&#8217;inter\u00e8s:<\/strong><\/p>\n\n\n\n<ul class=\"wp-block-list\"><li><a href=\"https:\/\/blog.cofb.cat\/comunicacio-aspecte-clau-lambit-latencio-primaria\/\">La comunicaci\u00f3, un aspecte clau en l\u2019\u00e0mbit de l\u2019atenci\u00f3 prim\u00e0ria (Novembre 2018)<\/a><\/li><\/ul>\n","protected":false},"excerpt":{"rendered":"<p>Els passats 16 i 17 de novembre va tenir lloc al Col\u00b7legi de Farmac\u00e8utics de Barcelona (COFB) la formaci\u00f3 &#8220;Counselling, eines i estrat\u00e8gies de comunicaci\u00f3 amb els pacients&#8221;, patrocinada per MSD i impartida per Jes\u00fas P\u00e9rez Viejo, llicenciat en Psicologia i expert en habilitats de comunicaci\u00f3 i counselling. Els objectius [&hellip;]<\/p>\n","protected":false},"author":1,"featured_media":78093,"comment_status":"open","ping_status":"open","sticky":false,"template":"","format":"standard","meta":{"_uag_custom_page_level_css":"","site-sidebar-layout":"default","site-content-layout":"","ast-site-content-layout":"default","site-content-style":"default","site-sidebar-style":"default","ast-global-header-display":"","ast-banner-title-visibility":"","ast-main-header-display":"","ast-hfb-above-header-display":"","ast-hfb-below-header-display":"","ast-hfb-mobile-header-display":"","site-post-title":"","ast-breadcrumbs-content":"","ast-featured-img":"disabled","footer-sml-layout":"","theme-transparent-header-meta":"","adv-header-id-meta":"","stick-header-meta":"","header-above-stick-meta":"","header-main-stick-meta":"","header-below-stick-meta":"","astra-migrate-meta-layouts":"set","ast-page-background-enabled":"default","ast-page-background-meta":{"desktop":{"background-color":"var(--ast-global-color-4)","background-image":"","background-repeat":"repeat","background-position":"center center","background-size":"auto","background-attachment":"scroll","background-type":"","background-media":"","overlay-type":"","overlay-color":"","overlay-opacity":"","overlay-gradient":""},"tablet":{"background-color":"","background-image":"","background-repeat":"repeat","background-position":"center center","background-size":"auto","background-attachment":"scroll","background-type":"","background-media":"","overlay-type":"","overlay-color":"","overlay-opacity":"","overlay-gradient":""},"mobile":{"background-color":"","background-image":"","background-repeat":"repeat","background-position":"center center","background-size":"auto","background-attachment":"scroll","background-type":"","background-media":"","overlay-type":"","overlay-color":"","overlay-opacity":"","overlay-gradient":""}},"ast-content-background-meta":{"desktop":{"background-color":"var(--ast-global-color-5)","background-image":"","background-repeat":"repeat","background-position":"center center","background-size":"auto","background-attachment":"scroll","background-type":"","background-media":"","overlay-type":"","overlay-color":"","overlay-opacity":"","overlay-gradient":""},"tablet":{"background-color":"var(--ast-global-color-5)","background-image":"","background-repeat":"repeat","background-position":"center center","background-size":"auto","background-attachment":"scroll","background-type":"","background-media":"","overlay-type":"","overlay-color":"","overlay-opacity":"","overlay-gradient":""},"mobile":{"background-color":"var(--ast-global-color-5)","background-image":"","background-repeat":"repeat","background-position":"center center","background-size":"auto","background-attachment":"scroll","background-type":"","background-media":"","overlay-type":"","overlay-color":"","overlay-opacity":"","overlay-gradient":""}},"footnotes":""},"categories":[23,57],"tags":[16,64,2201,18,19,553,541,4673,4674,3325,4675,53,68,70,3327,4676,2970,40,4677,316,4678,318,2200,4679],"class_list":["post-58313","post","type-post","status-publish","format-standard","has-post-thumbnail","hentry","category-destacats","category-mon-collegial","tag-alimentacio-i-nutricio","tag-atencio-farmaceutica","tag-coaching","tag-cofb","tag-collegi-de-farmaceutics-de-barcelona","tag-comunicacio","tag-consells-de-salut","tag-counselling","tag-dubtes","tag-eines-comunicatives","tag-eines-de-comunicacio","tag-farmaceutics","tag-farmacia","tag-formacio","tag-habilitats-comunicatives","tag-habilitats-professionals","tag-habilitats-socials","tag-habits-saludables","tag-motivacio","tag-prevencio-de-la-malaltia","tag-professionals-de-referencia","tag-promocio-de-la-salut","tag-psicologia","tag-us-dels-medicaments"],"yoast_head":"<!-- This site is optimized with the Yoast SEO plugin v22.4 - https:\/\/yoast.com\/wordpress\/plugins\/seo\/ -->\n<title>Counselling: Com podem comunicar-nos millor amb els pacients? - Col\u00b7legi de Farmac\u00e8utics de Barcelona<\/title>\n<meta name=\"description\" content=\"El passats 16 i 17 de novembre va tenir lloc la formaci\u00f3 &quot;Counselling, eines i estrat\u00e8gies de comunicaci\u00f3 amb els pacients&quot;, patrocinada per MSD i impartida per Jes\u00fas P\u00e9rez Viejo.\" \/>\n<meta name=\"robots\" content=\"index, follow, max-snippet:-1, max-image-preview:large, max-video-preview:-1\" \/>\n<link rel=\"canonical\" href=\"https:\/\/novaorg.cofb.net\/2021\/11\/24\/counselling-com-podem-comunicar-nos-millor-amb-els-pacients\/\" \/>\n<meta property=\"og:locale\" content=\"ca_ES\" \/>\n<meta property=\"og:type\" content=\"article\" \/>\n<meta property=\"og:title\" content=\"Counselling: Com podem comunicar-nos millor amb els pacients? - Col\u00b7legi de Farmac\u00e8utics de Barcelona\" \/>\n<meta property=\"og:description\" content=\"El passats 16 i 17 de novembre va tenir lloc la formaci\u00f3 &quot;Counselling, eines i estrat\u00e8gies de comunicaci\u00f3 amb els pacients&quot;, patrocinada per MSD i impartida per Jes\u00fas P\u00e9rez Viejo.\" \/>\n<meta property=\"og:url\" content=\"https:\/\/novaorg.cofb.net\/2021\/11\/24\/counselling-com-podem-comunicar-nos-millor-amb-els-pacients\/\" \/>\n<meta property=\"og:site_name\" content=\"Col\u00b7legi de Farmac\u00e8utics de Barcelona\" \/>\n<meta property=\"article:publisher\" content=\"https:\/\/www.facebook.com\/farmaceuticsbcn\/\" \/>\n<meta property=\"article:published_time\" content=\"2021-11-24T16:56:58+00:00\" \/>\n<meta property=\"article:modified_time\" content=\"2024-04-05T10:47:49+00:00\" \/>\n<meta property=\"og:image\" content=\"https:\/\/novaorg.cofb.net\/wp-content\/uploads\/2024\/04\/COFB-Counselling-16112021_1-1024x512-1.jpeg\" \/>\n\t<meta property=\"og:image:width\" content=\"1024\" \/>\n\t<meta property=\"og:image:height\" content=\"512\" \/>\n\t<meta property=\"og:image:type\" content=\"image\/jpeg\" \/>\n<meta name=\"author\" content=\"wpAdminCofbOrg\" \/>\n<meta name=\"twitter:card\" content=\"summary_large_image\" \/>\n<meta name=\"twitter:creator\" content=\"@farmaceuticsbcn\" \/>\n<meta name=\"twitter:site\" content=\"@farmaceuticsbcn\" \/>\n<meta name=\"twitter:label1\" content=\"Escrit per\" \/>\n\t<meta name=\"twitter:data1\" content=\"wpAdminCofbOrg\" \/>\n\t<meta name=\"twitter:label2\" content=\"Temps estimat de lectura\" \/>\n\t<meta name=\"twitter:data2\" content=\"7 minuts\" \/>\n<script type=\"application\/ld+json\" class=\"yoast-schema-graph\">{\"@context\":\"https:\/\/schema.org\",\"@graph\":[{\"@type\":\"Article\",\"@id\":\"https:\/\/novaorg.cofb.net\/2021\/11\/24\/counselling-com-podem-comunicar-nos-millor-amb-els-pacients\/#article\",\"isPartOf\":{\"@id\":\"https:\/\/novaorg.cofb.net\/2021\/11\/24\/counselling-com-podem-comunicar-nos-millor-amb-els-pacients\/\"},\"author\":{\"name\":\"wpAdminCofbOrg\",\"@id\":\"https:\/\/www.cofb.org\/#\/schema\/person\/22ed7eea88da74b0fa4d3154ad87ffcb\"},\"headline\":\"Counselling: Com podem comunicar-nos millor amb els pacients?\",\"datePublished\":\"2021-11-24T16:56:58+00:00\",\"dateModified\":\"2024-04-05T10:47:49+00:00\",\"mainEntityOfPage\":{\"@id\":\"https:\/\/novaorg.cofb.net\/2021\/11\/24\/counselling-com-podem-comunicar-nos-millor-amb-els-pacients\/\"},\"wordCount\":1153,\"commentCount\":0,\"publisher\":{\"@id\":\"https:\/\/www.cofb.org\/#organization\"},\"image\":{\"@id\":\"https:\/\/novaorg.cofb.net\/2021\/11\/24\/counselling-com-podem-comunicar-nos-millor-amb-els-pacients\/#primaryimage\"},\"thumbnailUrl\":\"https:\/\/www.cofb.org\/wp-content\/uploads\/2024\/04\/COFB-Counselling-16112021_1-1024x512-1.jpeg\",\"keywords\":[\"Alimentaci\u00f3 i nutrici\u00f3\",\"Atenci\u00f3 farmac\u00e8utica\",\"coaching\",\"COFB\",\"Col\u00b7legi de Farmac\u00e8utics de Barcelona\",\"comunicaci\u00f3\",\"consells de salut\",\"counselling\",\"dubtes\",\"eines comunicatives\",\"eines de comunicaci\u00f3\",\"farmac\u00e8utics\",\"Farm\u00e0cia\",\"Formaci\u00f3\",\"habilitats comunicatives\",\"habilitats professionals\",\"habilitats socials\",\"h\u00e0bits saludables\",\"motivaci\u00f3\",\"prevenci\u00f3 de la malaltia\",\"professionals de refer\u00e8ncia\",\"promoci\u00f3 de la salut\",\"psicologia\",\"\u00fas dels medicaments\"],\"articleSection\":[\"Destacats\",\"M\u00f3n col\u00b7legial\"],\"inLanguage\":\"ca\",\"potentialAction\":[{\"@type\":\"CommentAction\",\"name\":\"Comment\",\"target\":[\"https:\/\/novaorg.cofb.net\/2021\/11\/24\/counselling-com-podem-comunicar-nos-millor-amb-els-pacients\/#respond\"]}]},{\"@type\":\"WebPage\",\"@id\":\"https:\/\/novaorg.cofb.net\/2021\/11\/24\/counselling-com-podem-comunicar-nos-millor-amb-els-pacients\/\",\"url\":\"https:\/\/novaorg.cofb.net\/2021\/11\/24\/counselling-com-podem-comunicar-nos-millor-amb-els-pacients\/\",\"name\":\"Counselling: Com podem comunicar-nos millor amb els pacients? - Col\u00b7legi de Farmac\u00e8utics de Barcelona\",\"isPartOf\":{\"@id\":\"https:\/\/www.cofb.org\/#website\"},\"primaryImageOfPage\":{\"@id\":\"https:\/\/novaorg.cofb.net\/2021\/11\/24\/counselling-com-podem-comunicar-nos-millor-amb-els-pacients\/#primaryimage\"},\"image\":{\"@id\":\"https:\/\/novaorg.cofb.net\/2021\/11\/24\/counselling-com-podem-comunicar-nos-millor-amb-els-pacients\/#primaryimage\"},\"thumbnailUrl\":\"https:\/\/www.cofb.org\/wp-content\/uploads\/2024\/04\/COFB-Counselling-16112021_1-1024x512-1.jpeg\",\"datePublished\":\"2021-11-24T16:56:58+00:00\",\"dateModified\":\"2024-04-05T10:47:49+00:00\",\"description\":\"El passats 16 i 17 de novembre va tenir lloc la formaci\u00f3 \\\"Counselling, eines i estrat\u00e8gies de comunicaci\u00f3 amb els pacients\\\", patrocinada per MSD i impartida per Jes\u00fas P\u00e9rez Viejo.\",\"breadcrumb\":{\"@id\":\"https:\/\/novaorg.cofb.net\/2021\/11\/24\/counselling-com-podem-comunicar-nos-millor-amb-els-pacients\/#breadcrumb\"},\"inLanguage\":\"ca\",\"potentialAction\":[{\"@type\":\"ReadAction\",\"target\":[\"https:\/\/novaorg.cofb.net\/2021\/11\/24\/counselling-com-podem-comunicar-nos-millor-amb-els-pacients\/\"]}]},{\"@type\":\"ImageObject\",\"inLanguage\":\"ca\",\"@id\":\"https:\/\/novaorg.cofb.net\/2021\/11\/24\/counselling-com-podem-comunicar-nos-millor-amb-els-pacients\/#primaryimage\",\"url\":\"https:\/\/www.cofb.org\/wp-content\/uploads\/2024\/04\/COFB-Counselling-16112021_1-1024x512-1.jpeg\",\"contentUrl\":\"https:\/\/www.cofb.org\/wp-content\/uploads\/2024\/04\/COFB-Counselling-16112021_1-1024x512-1.jpeg\",\"width\":1024,\"height\":512},{\"@type\":\"BreadcrumbList\",\"@id\":\"https:\/\/novaorg.cofb.net\/2021\/11\/24\/counselling-com-podem-comunicar-nos-millor-amb-els-pacients\/#breadcrumb\",\"itemListElement\":[{\"@type\":\"ListItem\",\"position\":1,\"name\":\"Inici\",\"item\":\"https:\/\/novaorg.cofb.net\/\"},{\"@type\":\"ListItem\",\"position\":2,\"name\":\"Counselling: Com podem comunicar-nos millor amb els pacients?\"}]},{\"@type\":\"WebSite\",\"@id\":\"https:\/\/www.cofb.org\/#website\",\"url\":\"https:\/\/www.cofb.org\/\",\"name\":\"Col\u00b7legi de Farmac\u00e8utics de Barcelona\",\"description\":\"\",\"publisher\":{\"@id\":\"https:\/\/www.cofb.org\/#organization\"},\"potentialAction\":[{\"@type\":\"SearchAction\",\"target\":{\"@type\":\"EntryPoint\",\"urlTemplate\":\"https:\/\/www.cofb.org\/?s={search_term_string}\"},\"query-input\":\"required name=search_term_string\"}],\"inLanguage\":\"ca\"},{\"@type\":\"Organization\",\"@id\":\"https:\/\/www.cofb.org\/#organization\",\"name\":\"Col\u00b7legi de Farmac\u00e8utics de Barcelona\",\"url\":\"https:\/\/www.cofb.org\/\",\"logo\":{\"@type\":\"ImageObject\",\"inLanguage\":\"ca\",\"@id\":\"https:\/\/www.cofb.org\/#\/schema\/logo\/image\/\",\"url\":\"https:\/\/www.cofb.org\/wp-content\/uploads\/2023\/11\/cropped-Logotip-COFB.png\",\"contentUrl\":\"https:\/\/www.cofb.org\/wp-content\/uploads\/2023\/11\/cropped-Logotip-COFB.png\",\"width\":500,\"height\":105,\"caption\":\"Col\u00b7legi de Farmac\u00e8utics de Barcelona\"},\"image\":{\"@id\":\"https:\/\/www.cofb.org\/#\/schema\/logo\/image\/\"},\"sameAs\":[\"https:\/\/www.facebook.com\/farmaceuticsbcn\/\",\"https:\/\/twitter.com\/farmaceuticsbcn\",\"https:\/\/www.instagram.com\/farmaceuticsbcn\/\",\"https:\/\/www.linkedin.com\/company\/farmaceuticsbcn\/\"]},{\"@type\":\"Person\",\"@id\":\"https:\/\/www.cofb.org\/#\/schema\/person\/22ed7eea88da74b0fa4d3154ad87ffcb\",\"name\":\"wpAdminCofbOrg\",\"image\":{\"@type\":\"ImageObject\",\"inLanguage\":\"ca\",\"@id\":\"https:\/\/www.cofb.org\/#\/schema\/person\/image\/\",\"url\":\"https:\/\/secure.gravatar.com\/avatar\/1721b20b3b8ca882c3b56ec6c978c594fff670e40c0718e9190eaeeb76aae7d8?s=96&d=mm&r=g\",\"contentUrl\":\"https:\/\/secure.gravatar.com\/avatar\/1721b20b3b8ca882c3b56ec6c978c594fff670e40c0718e9190eaeeb76aae7d8?s=96&d=mm&r=g\",\"caption\":\"wpAdminCofbOrg\"},\"sameAs\":[\"http:\/\/192.168.64.122\/wordpress\"],\"url\":\"https:\/\/www.cofb.org\/ca\/author\/wpadmincofborg\/\"}]}<\/script>\n<!-- \/ Yoast SEO plugin. -->","yoast_head_json":{"title":"Counselling: Com podem comunicar-nos millor amb els pacients? - Col\u00b7legi de Farmac\u00e8utics de Barcelona","description":"El passats 16 i 17 de novembre va tenir lloc la formaci\u00f3 \"Counselling, eines i estrat\u00e8gies de comunicaci\u00f3 amb els pacients\", patrocinada per MSD i impartida per Jes\u00fas P\u00e9rez Viejo.","robots":{"index":"index","follow":"follow","max-snippet":"max-snippet:-1","max-image-preview":"max-image-preview:large","max-video-preview":"max-video-preview:-1"},"canonical":"https:\/\/novaorg.cofb.net\/2021\/11\/24\/counselling-com-podem-comunicar-nos-millor-amb-els-pacients\/","og_locale":"ca_ES","og_type":"article","og_title":"Counselling: Com podem comunicar-nos millor amb els pacients? - Col\u00b7legi de Farmac\u00e8utics de Barcelona","og_description":"El passats 16 i 17 de novembre va tenir lloc la formaci\u00f3 \"Counselling, eines i estrat\u00e8gies de comunicaci\u00f3 amb els pacients\", patrocinada per MSD i impartida per Jes\u00fas P\u00e9rez Viejo.","og_url":"https:\/\/novaorg.cofb.net\/2021\/11\/24\/counselling-com-podem-comunicar-nos-millor-amb-els-pacients\/","og_site_name":"Col\u00b7legi de Farmac\u00e8utics de Barcelona","article_publisher":"https:\/\/www.facebook.com\/farmaceuticsbcn\/","article_published_time":"2021-11-24T16:56:58+00:00","article_modified_time":"2024-04-05T10:47:49+00:00","og_image":[{"width":1024,"height":512,"url":"https:\/\/novaorg.cofb.net\/wp-content\/uploads\/2024\/04\/COFB-Counselling-16112021_1-1024x512-1.jpeg","type":"image\/jpeg"}],"author":"wpAdminCofbOrg","twitter_card":"summary_large_image","twitter_creator":"@farmaceuticsbcn","twitter_site":"@farmaceuticsbcn","twitter_misc":{"Escrit per":"wpAdminCofbOrg","Temps estimat de lectura":"7 minuts"},"schema":{"@context":"https:\/\/schema.org","@graph":[{"@type":"Article","@id":"https:\/\/novaorg.cofb.net\/2021\/11\/24\/counselling-com-podem-comunicar-nos-millor-amb-els-pacients\/#article","isPartOf":{"@id":"https:\/\/novaorg.cofb.net\/2021\/11\/24\/counselling-com-podem-comunicar-nos-millor-amb-els-pacients\/"},"author":{"name":"wpAdminCofbOrg","@id":"https:\/\/www.cofb.org\/#\/schema\/person\/22ed7eea88da74b0fa4d3154ad87ffcb"},"headline":"Counselling: Com podem comunicar-nos millor amb els pacients?","datePublished":"2021-11-24T16:56:58+00:00","dateModified":"2024-04-05T10:47:49+00:00","mainEntityOfPage":{"@id":"https:\/\/novaorg.cofb.net\/2021\/11\/24\/counselling-com-podem-comunicar-nos-millor-amb-els-pacients\/"},"wordCount":1153,"commentCount":0,"publisher":{"@id":"https:\/\/www.cofb.org\/#organization"},"image":{"@id":"https:\/\/novaorg.cofb.net\/2021\/11\/24\/counselling-com-podem-comunicar-nos-millor-amb-els-pacients\/#primaryimage"},"thumbnailUrl":"https:\/\/www.cofb.org\/wp-content\/uploads\/2024\/04\/COFB-Counselling-16112021_1-1024x512-1.jpeg","keywords":["Alimentaci\u00f3 i nutrici\u00f3","Atenci\u00f3 farmac\u00e8utica","coaching","COFB","Col\u00b7legi de Farmac\u00e8utics de Barcelona","comunicaci\u00f3","consells de salut","counselling","dubtes","eines comunicatives","eines de comunicaci\u00f3","farmac\u00e8utics","Farm\u00e0cia","Formaci\u00f3","habilitats comunicatives","habilitats professionals","habilitats socials","h\u00e0bits saludables","motivaci\u00f3","prevenci\u00f3 de la malaltia","professionals de refer\u00e8ncia","promoci\u00f3 de la salut","psicologia","\u00fas dels medicaments"],"articleSection":["Destacats","M\u00f3n col\u00b7legial"],"inLanguage":"ca","potentialAction":[{"@type":"CommentAction","name":"Comment","target":["https:\/\/novaorg.cofb.net\/2021\/11\/24\/counselling-com-podem-comunicar-nos-millor-amb-els-pacients\/#respond"]}]},{"@type":"WebPage","@id":"https:\/\/novaorg.cofb.net\/2021\/11\/24\/counselling-com-podem-comunicar-nos-millor-amb-els-pacients\/","url":"https:\/\/novaorg.cofb.net\/2021\/11\/24\/counselling-com-podem-comunicar-nos-millor-amb-els-pacients\/","name":"Counselling: Com podem comunicar-nos millor amb els pacients? - Col\u00b7legi de Farmac\u00e8utics de Barcelona","isPartOf":{"@id":"https:\/\/www.cofb.org\/#website"},"primaryImageOfPage":{"@id":"https:\/\/novaorg.cofb.net\/2021\/11\/24\/counselling-com-podem-comunicar-nos-millor-amb-els-pacients\/#primaryimage"},"image":{"@id":"https:\/\/novaorg.cofb.net\/2021\/11\/24\/counselling-com-podem-comunicar-nos-millor-amb-els-pacients\/#primaryimage"},"thumbnailUrl":"https:\/\/www.cofb.org\/wp-content\/uploads\/2024\/04\/COFB-Counselling-16112021_1-1024x512-1.jpeg","datePublished":"2021-11-24T16:56:58+00:00","dateModified":"2024-04-05T10:47:49+00:00","description":"El passats 16 i 17 de novembre va tenir lloc la formaci\u00f3 \"Counselling, eines i estrat\u00e8gies de comunicaci\u00f3 amb els pacients\", patrocinada per MSD i impartida per Jes\u00fas P\u00e9rez Viejo.","breadcrumb":{"@id":"https:\/\/novaorg.cofb.net\/2021\/11\/24\/counselling-com-podem-comunicar-nos-millor-amb-els-pacients\/#breadcrumb"},"inLanguage":"ca","potentialAction":[{"@type":"ReadAction","target":["https:\/\/novaorg.cofb.net\/2021\/11\/24\/counselling-com-podem-comunicar-nos-millor-amb-els-pacients\/"]}]},{"@type":"ImageObject","inLanguage":"ca","@id":"https:\/\/novaorg.cofb.net\/2021\/11\/24\/counselling-com-podem-comunicar-nos-millor-amb-els-pacients\/#primaryimage","url":"https:\/\/www.cofb.org\/wp-content\/uploads\/2024\/04\/COFB-Counselling-16112021_1-1024x512-1.jpeg","contentUrl":"https:\/\/www.cofb.org\/wp-content\/uploads\/2024\/04\/COFB-Counselling-16112021_1-1024x512-1.jpeg","width":1024,"height":512},{"@type":"BreadcrumbList","@id":"https:\/\/novaorg.cofb.net\/2021\/11\/24\/counselling-com-podem-comunicar-nos-millor-amb-els-pacients\/#breadcrumb","itemListElement":[{"@type":"ListItem","position":1,"name":"Inici","item":"https:\/\/novaorg.cofb.net\/"},{"@type":"ListItem","position":2,"name":"Counselling: Com podem comunicar-nos millor amb els pacients?"}]},{"@type":"WebSite","@id":"https:\/\/www.cofb.org\/#website","url":"https:\/\/www.cofb.org\/","name":"Col\u00b7legi de Farmac\u00e8utics de Barcelona","description":"","publisher":{"@id":"https:\/\/www.cofb.org\/#organization"},"potentialAction":[{"@type":"SearchAction","target":{"@type":"EntryPoint","urlTemplate":"https:\/\/www.cofb.org\/?s={search_term_string}"},"query-input":"required name=search_term_string"}],"inLanguage":"ca"},{"@type":"Organization","@id":"https:\/\/www.cofb.org\/#organization","name":"Col\u00b7legi de Farmac\u00e8utics de Barcelona","url":"https:\/\/www.cofb.org\/","logo":{"@type":"ImageObject","inLanguage":"ca","@id":"https:\/\/www.cofb.org\/#\/schema\/logo\/image\/","url":"https:\/\/www.cofb.org\/wp-content\/uploads\/2023\/11\/cropped-Logotip-COFB.png","contentUrl":"https:\/\/www.cofb.org\/wp-content\/uploads\/2023\/11\/cropped-Logotip-COFB.png","width":500,"height":105,"caption":"Col\u00b7legi de Farmac\u00e8utics de Barcelona"},"image":{"@id":"https:\/\/www.cofb.org\/#\/schema\/logo\/image\/"},"sameAs":["https:\/\/www.facebook.com\/farmaceuticsbcn\/","https:\/\/twitter.com\/farmaceuticsbcn","https:\/\/www.instagram.com\/farmaceuticsbcn\/","https:\/\/www.linkedin.com\/company\/farmaceuticsbcn\/"]},{"@type":"Person","@id":"https:\/\/www.cofb.org\/#\/schema\/person\/22ed7eea88da74b0fa4d3154ad87ffcb","name":"wpAdminCofbOrg","image":{"@type":"ImageObject","inLanguage":"ca","@id":"https:\/\/www.cofb.org\/#\/schema\/person\/image\/","url":"https:\/\/secure.gravatar.com\/avatar\/1721b20b3b8ca882c3b56ec6c978c594fff670e40c0718e9190eaeeb76aae7d8?s=96&d=mm&r=g","contentUrl":"https:\/\/secure.gravatar.com\/avatar\/1721b20b3b8ca882c3b56ec6c978c594fff670e40c0718e9190eaeeb76aae7d8?s=96&d=mm&r=g","caption":"wpAdminCofbOrg"},"sameAs":["http:\/\/192.168.64.122\/wordpress"],"url":"https:\/\/www.cofb.org\/ca\/author\/wpadmincofborg\/"}]}},"uagb_featured_image_src":{"full":["https:\/\/www.cofb.org\/wp-content\/uploads\/2024\/04\/COFB-Counselling-16112021_1-1024x512-1.jpeg",1024,512,false],"thumbnail":["https:\/\/www.cofb.org\/wp-content\/uploads\/2024\/04\/COFB-Counselling-16112021_1-1024x512-1-150x150.jpeg",150,150,true],"medium":["https:\/\/www.cofb.org\/wp-content\/uploads\/2024\/04\/COFB-Counselling-16112021_1-1024x512-1-300x150.jpeg",300,150,true],"medium_large":["https:\/\/www.cofb.org\/wp-content\/uploads\/2024\/04\/COFB-Counselling-16112021_1-1024x512-1-768x384.jpeg",768,384,true],"large":["https:\/\/www.cofb.org\/wp-content\/uploads\/2024\/04\/COFB-Counselling-16112021_1-1024x512-1.jpeg",1024,512,false],"1536x1536":["https:\/\/www.cofb.org\/wp-content\/uploads\/2024\/04\/COFB-Counselling-16112021_1-1024x512-1.jpeg",1024,512,false],"2048x2048":["https:\/\/www.cofb.org\/wp-content\/uploads\/2024\/04\/COFB-Counselling-16112021_1-1024x512-1.jpeg",1024,512,false],"trp-custom-language-flag":["https:\/\/www.cofb.org\/wp-content\/uploads\/2024\/04\/COFB-Counselling-16112021_1-1024x512-1-18x9.jpeg",18,9,true]},"uagb_author_info":{"display_name":"wpAdminCofbOrg","author_link":"https:\/\/www.cofb.org\/ca\/author\/wpadmincofborg\/"},"uagb_comment_info":0,"uagb_excerpt":"Els passats 16 i 17 de novembre va tenir lloc al Col\u00b7legi de Farmac\u00e8utics de Barcelona (COFB) la formaci\u00f3 &#8220;Counselling, eines i estrat\u00e8gies de comunicaci\u00f3 amb els pacients&#8221;, patrocinada per MSD i impartida per Jes\u00fas P\u00e9rez Viejo, llicenciat en Psicologia i expert en habilitats de comunicaci\u00f3 i counselling. Els objectius [&hellip;]","_links":{"self":[{"href":"https:\/\/www.cofb.org\/ca\/wp-json\/wp\/v2\/posts\/58313","targetHints":{"allow":["GET"]}}],"collection":[{"href":"https:\/\/www.cofb.org\/ca\/wp-json\/wp\/v2\/posts"}],"about":[{"href":"https:\/\/www.cofb.org\/ca\/wp-json\/wp\/v2\/types\/post"}],"author":[{"embeddable":true,"href":"https:\/\/www.cofb.org\/ca\/wp-json\/wp\/v2\/users\/1"}],"replies":[{"embeddable":true,"href":"https:\/\/www.cofb.org\/ca\/wp-json\/wp\/v2\/comments?post=58313"}],"version-history":[{"count":1,"href":"https:\/\/www.cofb.org\/ca\/wp-json\/wp\/v2\/posts\/58313\/revisions"}],"predecessor-version":[{"id":78094,"href":"https:\/\/www.cofb.org\/ca\/wp-json\/wp\/v2\/posts\/58313\/revisions\/78094"}],"wp:featuredmedia":[{"embeddable":true,"href":"https:\/\/www.cofb.org\/ca\/wp-json\/wp\/v2\/media\/78093"}],"wp:attachment":[{"href":"https:\/\/www.cofb.org\/ca\/wp-json\/wp\/v2\/media?parent=58313"}],"wp:term":[{"taxonomy":"category","embeddable":true,"href":"https:\/\/www.cofb.org\/ca\/wp-json\/wp\/v2\/categories?post=58313"},{"taxonomy":"post_tag","embeddable":true,"href":"https:\/\/www.cofb.org\/ca\/wp-json\/wp\/v2\/tags?post=58313"}],"curies":[{"name":"wp","href":"https:\/\/api.w.org\/{rel}","templated":true}]}}