{"id":5793,"date":"2014-03-20T14:44:57","date_gmt":"2014-03-20T13:44:57","guid":{"rendered":"http:\/\/blog.cofb.cat\/?p=5793"},"modified":"2014-03-20T14:44:57","modified_gmt":"2014-03-20T13:44:57","slug":"que-ens-provoca-al%c2%b7lergia-alguns-consells","status":"publish","type":"post","link":"https:\/\/www.cofb.org\/ca\/2014\/03\/20\/que-ens-provoca-al%c2%b7lergia-alguns-consells\/","title":{"rendered":"Qu\u00e8 ens provoca al\u00b7l\u00e8rgia? Alguns consells"},"content":{"rendered":"<p><img fetchpriority=\"high\" decoding=\"async\" class=\"alignright size-full wp-image-5795\" title=\"sxc.hu\" alt=\"dandelion-1240013-m\" src=\"http:\/\/blog.cofb.cat\/wp-content\/uploads\/2014\/03\/dandelion-1240013-m.jpg\" width=\"300\" height=\"200\" \/>Quan una persona esternuda en plena primavera s\u2019acostuma a associar m\u00e9s aviat amb una al\u00b7l\u00e8rgia que no pas amb un constipat. No \u00e9s estrany, doncs, que aquesta reacci\u00f3 immunol\u00f2gica espec\u00edfica de l\u2019organisme cap a una subst\u00e0ncia normalment inofensiva sigui una de les paraules m\u00e9s pronunciades durant aquesta \u00e8poca de l\u2019any.<\/p>\n<p><strong>S\u00f3n diversos els factors que la provoquen, entre ells el pol\u00b7len, part\u00edcules de la pols, espores de les flors o dels fongs, determinats aliments, goma de l\u00e0tex, ver\u00ed d\u2019insectes i medicaments. D\u2019altra banda, tamb\u00e9 s\u00f3n variades les tipologies d\u2019al\u00b7l\u00e8rgies que existeixen.<\/strong><\/p>\n<p><strong>La m\u00e9s comuna \u00e9s la rinitis<\/strong>, una reacci\u00f3 al\u00b7l\u00e8rgica de les membranes de la mucosa nasal quan entren en contacte amb una o m\u00e9s subst\u00e0ncies al\u00b7lerg\u00f2genes. La pateixen entre el 5% i el 25% de la poblaci\u00f3 i els s\u00edmptomes acostumen a ser esternuts, secreci\u00f3 nasal aquosa (rinorrea), congesti\u00f3 nasal, picor als ulls i llagrimeig i picor al nas i a la gola.<\/p>\n<p><strong><span style=\"color: #888888;\">La farm\u00e0cia disposa actualment de molts principis actius per combatre les al\u00b7l\u00e8rgies i el paper del farmac\u00e8utic \u00e9s molt important a l\u2019hora de resoldre consultes dels afectats.<\/span><\/strong><\/p>\n<p>Les rinitis<strong> estacionals<\/strong> les tenen persones que s\u00f3n sensibles als p\u00f2l\u00b7lens de les plantes que depenen del vent per a la pol\u00b7linitzaci\u00f3, i a les espores de fongs i floridures. Quant a les rinitis<strong> cr\u00f2niques<\/strong>, generalment les causes s\u00f3n els \u00e0cars, p\u00e8ls i c\u00e8l\u00b7lules de descamaci\u00f3 dels animals dom\u00e8stics i espores de fongs.<\/p>\n<p>Per\u00f2, qu\u00e8 fa que no totes les persones siguin al\u00b7l\u00e8rgiques? Es pot tenir una certa tend\u00e8ncia, tot i que l&#8217;exposici\u00f3 als al\u00b7lerg\u00f2gens en un moment en qu\u00e8 les defenses del cos estan baixes, o durant l&#8217;embar\u00e0s, pot desenvolupar l\u2019al\u00b7l\u00e8rgia.<\/p>\n<p><strong>Per tal de detectar-la el m\u00e8tode m\u00e9s com\u00fa s\u00f3n els tests cutanis, i tot i que no t\u00e9 cura, s\u00ed es poden controlar els s\u00edmptomes <\/strong>i realitzar tractaments com banys salins, descongestius, antihistam\u00ednics, anticolin\u00e8rgics i corticoides. <strong>Alhora, tamb\u00e9 \u00e9s dif\u00edcil prevenir-la.<\/strong> Alguns <strong>consells<\/strong> que es poden tenir en compte s\u00f3n tancar finestres de cases i cotxes, evitar estar massa estona a l\u2019aire lliure en \u00e8poques de pol\u00b7linitzaci\u00f3 (sobretot a les hores de la posta de sol, que \u00e9s quan hi ha m\u00e9s pol\u00b7len en suspensi\u00f3) i no tenir a casa catifes, coixins de plomes ni mantes de llana, aix\u00ed com evitar tamb\u00e9 els ninos de peluix a l&#8217;hora de dormir en el cas dels nens.<\/p>\n<p><span style=\"color: #808080;\"><strong>M\u00e9s informaci\u00f3 al web de salut del Col\u00b7legi:\u00a0<span style=\"text-decoration: underline;\"><a href=\"http:\/\/www.farmaceuticonline.com\/\"><span style=\"color: #808080; text-decoration: underline;\">www.farmaceuticonline.com<\/span><\/a><\/span><\/strong><\/span><\/p>\n","protected":false},"excerpt":{"rendered":"<p>Quan una persona esternuda en plena primavera s\u2019acostuma a associar m\u00e9s aviat amb una al\u00b7l\u00e8rgia que no pas amb un constipat. No \u00e9s estrany, doncs, que aquesta reacci\u00f3 immunol\u00f2gica espec\u00edfica de l\u2019organisme cap a una subst\u00e0ncia normalment inofensiva sigui una de les paraules m\u00e9s pronunciades durant aquesta \u00e8poca de l\u2019any. [&hellip;]<\/p>\n","protected":false},"author":1,"featured_media":5795,"comment_status":"open","ping_status":"open","sticky":false,"template":"","format":"standard","meta":{"_uag_custom_page_level_css":"","site-sidebar-layout":"default","site-content-layout":"","ast-site-content-layout":"default","site-content-style":"default","site-sidebar-style":"default","ast-global-header-display":"","ast-banner-title-visibility":"","ast-main-header-display":"","ast-hfb-above-header-display":"","ast-hfb-below-header-display":"","ast-hfb-mobile-header-display":"","site-post-title":"","ast-breadcrumbs-content":"","ast-featured-img":"disabled","footer-sml-layout":"","theme-transparent-header-meta":"","adv-header-id-meta":"","stick-header-meta":"","header-above-stick-meta":"","header-main-stick-meta":"","header-below-stick-meta":"","astra-migrate-meta-layouts":"default","ast-page-background-enabled":"default","ast-page-background-meta":{"desktop":{"background-color":"var(--ast-global-color-4)","background-image":"","background-repeat":"repeat","background-position":"center center","background-size":"auto","background-attachment":"scroll","background-type":"","background-media":"","overlay-type":"","overlay-color":"","overlay-opacity":"","overlay-gradient":""},"tablet":{"background-color":"","background-image":"","background-repeat":"repeat","background-position":"center center","background-size":"auto","background-attachment":"scroll","background-type":"","background-media":"","overlay-type":"","overlay-color":"","overlay-opacity":"","overlay-gradient":""},"mobile":{"background-color":"","background-image":"","background-repeat":"repeat","background-position":"center center","background-size":"auto","background-attachment":"scroll","background-type":"","background-media":"","overlay-type":"","overlay-color":"","overlay-opacity":"","overlay-gradient":""}},"ast-content-background-meta":{"desktop":{"background-color":"var(--ast-global-color-5)","background-image":"","background-repeat":"repeat","background-position":"center center","background-size":"auto","background-attachment":"scroll","background-type":"","background-media":"","overlay-type":"","overlay-color":"","overlay-opacity":"","overlay-gradient":""},"tablet":{"background-color":"var(--ast-global-color-5)","background-image":"","background-repeat":"repeat","background-position":"center center","background-size":"auto","background-attachment":"scroll","background-type":"","background-media":"","overlay-type":"","overlay-color":"","overlay-opacity":"","overlay-gradient":""},"mobile":{"background-color":"var(--ast-global-color-5)","background-image":"","background-repeat":"repeat","background-position":"center center","background-size":"auto","background-attachment":"scroll","background-type":"","background-media":"","overlay-type":"","overlay-color":"","overlay-opacity":"","overlay-gradient":""}},"footnotes":""},"categories":[47],"tags":[],"class_list":["post-5793","post","type-post","status-publish","format-standard","has-post-thumbnail","hentry","category-recomanacions-del-farmaceutic"],"yoast_head":"<!-- This site is optimized with the Yoast SEO plugin v22.4 - https:\/\/yoast.com\/wordpress\/plugins\/seo\/ -->\n<title>Qu\u00e8 ens provoca al\u00b7l\u00e8rgia? Alguns consells - Col\u00b7legi de Farmac\u00e8utics de Barcelona<\/title>\n<meta name=\"robots\" content=\"index, follow, max-snippet:-1, max-image-preview:large, max-video-preview:-1\" \/>\n<link rel=\"canonical\" href=\"https:\/\/novaorg.cofb.net\/2014\/03\/20\/que-ens-provoca-al\u00b7lergia-alguns-consells\/\" \/>\n<meta property=\"og:locale\" content=\"ca_ES\" \/>\n<meta property=\"og:type\" content=\"article\" \/>\n<meta property=\"og:title\" content=\"Qu\u00e8 ens provoca al\u00b7l\u00e8rgia? Alguns consells - Col\u00b7legi de Farmac\u00e8utics de Barcelona\" \/>\n<meta property=\"og:description\" content=\"Quan una persona esternuda en plena primavera s\u2019acostuma a associar m\u00e9s aviat amb una al\u00b7l\u00e8rgia que no pas amb un constipat. No \u00e9s estrany, doncs, que aquesta reacci\u00f3 immunol\u00f2gica espec\u00edfica de l\u2019organisme cap a una subst\u00e0ncia normalment inofensiva sigui una de les paraules m\u00e9s pronunciades durant aquesta \u00e8poca de l\u2019any. [&hellip;]\" \/>\n<meta property=\"og:url\" content=\"https:\/\/novaorg.cofb.net\/2014\/03\/20\/que-ens-provoca-al\u00b7lergia-alguns-consells\/\" \/>\n<meta property=\"og:site_name\" content=\"Col\u00b7legi de Farmac\u00e8utics de Barcelona\" \/>\n<meta property=\"article:publisher\" content=\"https:\/\/www.facebook.com\/farmaceuticsbcn\/\" \/>\n<meta property=\"article:published_time\" content=\"2014-03-20T13:44:57+00:00\" \/>\n<meta name=\"author\" content=\"wpAdminCofbOrg\" \/>\n<meta name=\"twitter:card\" content=\"summary_large_image\" \/>\n<meta name=\"twitter:creator\" content=\"@farmaceuticsbcn\" \/>\n<meta name=\"twitter:site\" content=\"@farmaceuticsbcn\" \/>\n<meta name=\"twitter:label1\" content=\"Escrit per\" \/>\n\t<meta name=\"twitter:data1\" content=\"wpAdminCofbOrg\" \/>\n\t<meta name=\"twitter:label2\" content=\"Temps estimat de lectura\" \/>\n\t<meta name=\"twitter:data2\" content=\"2 minuts\" \/>\n<script type=\"application\/ld+json\" class=\"yoast-schema-graph\">{\"@context\":\"https:\/\/schema.org\",\"@graph\":[{\"@type\":\"Article\",\"@id\":\"https:\/\/novaorg.cofb.net\/2014\/03\/20\/que-ens-provoca-al%c2%b7lergia-alguns-consells\/#article\",\"isPartOf\":{\"@id\":\"https:\/\/novaorg.cofb.net\/2014\/03\/20\/que-ens-provoca-al%c2%b7lergia-alguns-consells\/\"},\"author\":{\"name\":\"wpAdminCofbOrg\",\"@id\":\"https:\/\/www.cofb.org\/#\/schema\/person\/22ed7eea88da74b0fa4d3154ad87ffcb\"},\"headline\":\"Qu\u00e8 ens provoca al\u00b7l\u00e8rgia? Alguns consells\",\"datePublished\":\"2014-03-20T13:44:57+00:00\",\"dateModified\":\"2014-03-20T13:44:57+00:00\",\"mainEntityOfPage\":{\"@id\":\"https:\/\/novaorg.cofb.net\/2014\/03\/20\/que-ens-provoca-al%c2%b7lergia-alguns-consells\/\"},\"wordCount\":474,\"commentCount\":0,\"publisher\":{\"@id\":\"https:\/\/www.cofb.org\/#organization\"},\"image\":{\"@id\":\"https:\/\/novaorg.cofb.net\/2014\/03\/20\/que-ens-provoca-al%c2%b7lergia-alguns-consells\/#primaryimage\"},\"thumbnailUrl\":\"\",\"articleSection\":[\"Recomanacions del farmac\u00e8utic\"],\"inLanguage\":\"ca\",\"potentialAction\":[{\"@type\":\"CommentAction\",\"name\":\"Comment\",\"target\":[\"https:\/\/novaorg.cofb.net\/2014\/03\/20\/que-ens-provoca-al%c2%b7lergia-alguns-consells\/#respond\"]}]},{\"@type\":\"WebPage\",\"@id\":\"https:\/\/novaorg.cofb.net\/2014\/03\/20\/que-ens-provoca-al%c2%b7lergia-alguns-consells\/\",\"url\":\"https:\/\/novaorg.cofb.net\/2014\/03\/20\/que-ens-provoca-al%c2%b7lergia-alguns-consells\/\",\"name\":\"Qu\u00e8 ens provoca al\u00b7l\u00e8rgia? Alguns consells - Col\u00b7legi de Farmac\u00e8utics de Barcelona\",\"isPartOf\":{\"@id\":\"https:\/\/www.cofb.org\/#website\"},\"primaryImageOfPage\":{\"@id\":\"https:\/\/novaorg.cofb.net\/2014\/03\/20\/que-ens-provoca-al%c2%b7lergia-alguns-consells\/#primaryimage\"},\"image\":{\"@id\":\"https:\/\/novaorg.cofb.net\/2014\/03\/20\/que-ens-provoca-al%c2%b7lergia-alguns-consells\/#primaryimage\"},\"thumbnailUrl\":\"\",\"datePublished\":\"2014-03-20T13:44:57+00:00\",\"dateModified\":\"2014-03-20T13:44:57+00:00\",\"breadcrumb\":{\"@id\":\"https:\/\/novaorg.cofb.net\/2014\/03\/20\/que-ens-provoca-al%c2%b7lergia-alguns-consells\/#breadcrumb\"},\"inLanguage\":\"ca\",\"potentialAction\":[{\"@type\":\"ReadAction\",\"target\":[\"https:\/\/novaorg.cofb.net\/2014\/03\/20\/que-ens-provoca-al%c2%b7lergia-alguns-consells\/\"]}]},{\"@type\":\"ImageObject\",\"inLanguage\":\"ca\",\"@id\":\"https:\/\/novaorg.cofb.net\/2014\/03\/20\/que-ens-provoca-al%c2%b7lergia-alguns-consells\/#primaryimage\",\"url\":\"\",\"contentUrl\":\"\"},{\"@type\":\"BreadcrumbList\",\"@id\":\"https:\/\/novaorg.cofb.net\/2014\/03\/20\/que-ens-provoca-al%c2%b7lergia-alguns-consells\/#breadcrumb\",\"itemListElement\":[{\"@type\":\"ListItem\",\"position\":1,\"name\":\"Inici\",\"item\":\"https:\/\/novaorg.cofb.net\/\"},{\"@type\":\"ListItem\",\"position\":2,\"name\":\"Qu\u00e8 ens provoca al\u00b7l\u00e8rgia? Alguns consells\"}]},{\"@type\":\"WebSite\",\"@id\":\"https:\/\/www.cofb.org\/#website\",\"url\":\"https:\/\/www.cofb.org\/\",\"name\":\"Col\u00b7legi de Farmac\u00e8utics de Barcelona\",\"description\":\"\",\"publisher\":{\"@id\":\"https:\/\/www.cofb.org\/#organization\"},\"potentialAction\":[{\"@type\":\"SearchAction\",\"target\":{\"@type\":\"EntryPoint\",\"urlTemplate\":\"https:\/\/www.cofb.org\/?s={search_term_string}\"},\"query-input\":\"required name=search_term_string\"}],\"inLanguage\":\"ca\"},{\"@type\":\"Organization\",\"@id\":\"https:\/\/www.cofb.org\/#organization\",\"name\":\"Col\u00b7legi de Farmac\u00e8utics de Barcelona\",\"url\":\"https:\/\/www.cofb.org\/\",\"logo\":{\"@type\":\"ImageObject\",\"inLanguage\":\"ca\",\"@id\":\"https:\/\/www.cofb.org\/#\/schema\/logo\/image\/\",\"url\":\"https:\/\/www.cofb.org\/wp-content\/uploads\/2023\/11\/cropped-Logotip-COFB.png\",\"contentUrl\":\"https:\/\/www.cofb.org\/wp-content\/uploads\/2023\/11\/cropped-Logotip-COFB.png\",\"width\":500,\"height\":105,\"caption\":\"Col\u00b7legi de Farmac\u00e8utics de Barcelona\"},\"image\":{\"@id\":\"https:\/\/www.cofb.org\/#\/schema\/logo\/image\/\"},\"sameAs\":[\"https:\/\/www.facebook.com\/farmaceuticsbcn\/\",\"https:\/\/twitter.com\/farmaceuticsbcn\",\"https:\/\/www.instagram.com\/farmaceuticsbcn\/\",\"https:\/\/www.linkedin.com\/company\/farmaceuticsbcn\/\"]},{\"@type\":\"Person\",\"@id\":\"https:\/\/www.cofb.org\/#\/schema\/person\/22ed7eea88da74b0fa4d3154ad87ffcb\",\"name\":\"wpAdminCofbOrg\",\"image\":{\"@type\":\"ImageObject\",\"inLanguage\":\"ca\",\"@id\":\"https:\/\/www.cofb.org\/#\/schema\/person\/image\/\",\"url\":\"https:\/\/secure.gravatar.com\/avatar\/1721b20b3b8ca882c3b56ec6c978c594fff670e40c0718e9190eaeeb76aae7d8?s=96&d=mm&r=g\",\"contentUrl\":\"https:\/\/secure.gravatar.com\/avatar\/1721b20b3b8ca882c3b56ec6c978c594fff670e40c0718e9190eaeeb76aae7d8?s=96&d=mm&r=g\",\"caption\":\"wpAdminCofbOrg\"},\"sameAs\":[\"http:\/\/192.168.64.122\/wordpress\"],\"url\":\"https:\/\/www.cofb.org\/ca\/author\/wpadmincofborg\/\"}]}<\/script>\n<!-- \/ Yoast SEO plugin. -->","yoast_head_json":{"title":"Qu\u00e8 ens provoca al\u00b7l\u00e8rgia? Alguns consells - Col\u00b7legi de Farmac\u00e8utics de Barcelona","robots":{"index":"index","follow":"follow","max-snippet":"max-snippet:-1","max-image-preview":"max-image-preview:large","max-video-preview":"max-video-preview:-1"},"canonical":"https:\/\/novaorg.cofb.net\/2014\/03\/20\/que-ens-provoca-al\u00b7lergia-alguns-consells\/","og_locale":"ca_ES","og_type":"article","og_title":"Qu\u00e8 ens provoca al\u00b7l\u00e8rgia? Alguns consells - Col\u00b7legi de Farmac\u00e8utics de Barcelona","og_description":"Quan una persona esternuda en plena primavera s\u2019acostuma a associar m\u00e9s aviat amb una al\u00b7l\u00e8rgia que no pas amb un constipat. No \u00e9s estrany, doncs, que aquesta reacci\u00f3 immunol\u00f2gica espec\u00edfica de l\u2019organisme cap a una subst\u00e0ncia normalment inofensiva sigui una de les paraules m\u00e9s pronunciades durant aquesta \u00e8poca de l\u2019any. [&hellip;]","og_url":"https:\/\/novaorg.cofb.net\/2014\/03\/20\/que-ens-provoca-al\u00b7lergia-alguns-consells\/","og_site_name":"Col\u00b7legi de Farmac\u00e8utics de Barcelona","article_publisher":"https:\/\/www.facebook.com\/farmaceuticsbcn\/","article_published_time":"2014-03-20T13:44:57+00:00","author":"wpAdminCofbOrg","twitter_card":"summary_large_image","twitter_creator":"@farmaceuticsbcn","twitter_site":"@farmaceuticsbcn","twitter_misc":{"Escrit per":"wpAdminCofbOrg","Temps estimat de lectura":"2 minuts"},"schema":{"@context":"https:\/\/schema.org","@graph":[{"@type":"Article","@id":"https:\/\/novaorg.cofb.net\/2014\/03\/20\/que-ens-provoca-al%c2%b7lergia-alguns-consells\/#article","isPartOf":{"@id":"https:\/\/novaorg.cofb.net\/2014\/03\/20\/que-ens-provoca-al%c2%b7lergia-alguns-consells\/"},"author":{"name":"wpAdminCofbOrg","@id":"https:\/\/www.cofb.org\/#\/schema\/person\/22ed7eea88da74b0fa4d3154ad87ffcb"},"headline":"Qu\u00e8 ens provoca al\u00b7l\u00e8rgia? Alguns consells","datePublished":"2014-03-20T13:44:57+00:00","dateModified":"2014-03-20T13:44:57+00:00","mainEntityOfPage":{"@id":"https:\/\/novaorg.cofb.net\/2014\/03\/20\/que-ens-provoca-al%c2%b7lergia-alguns-consells\/"},"wordCount":474,"commentCount":0,"publisher":{"@id":"https:\/\/www.cofb.org\/#organization"},"image":{"@id":"https:\/\/novaorg.cofb.net\/2014\/03\/20\/que-ens-provoca-al%c2%b7lergia-alguns-consells\/#primaryimage"},"thumbnailUrl":"","articleSection":["Recomanacions del farmac\u00e8utic"],"inLanguage":"ca","potentialAction":[{"@type":"CommentAction","name":"Comment","target":["https:\/\/novaorg.cofb.net\/2014\/03\/20\/que-ens-provoca-al%c2%b7lergia-alguns-consells\/#respond"]}]},{"@type":"WebPage","@id":"https:\/\/novaorg.cofb.net\/2014\/03\/20\/que-ens-provoca-al%c2%b7lergia-alguns-consells\/","url":"https:\/\/novaorg.cofb.net\/2014\/03\/20\/que-ens-provoca-al%c2%b7lergia-alguns-consells\/","name":"Qu\u00e8 ens provoca al\u00b7l\u00e8rgia? Alguns consells - Col\u00b7legi de Farmac\u00e8utics de Barcelona","isPartOf":{"@id":"https:\/\/www.cofb.org\/#website"},"primaryImageOfPage":{"@id":"https:\/\/novaorg.cofb.net\/2014\/03\/20\/que-ens-provoca-al%c2%b7lergia-alguns-consells\/#primaryimage"},"image":{"@id":"https:\/\/novaorg.cofb.net\/2014\/03\/20\/que-ens-provoca-al%c2%b7lergia-alguns-consells\/#primaryimage"},"thumbnailUrl":"","datePublished":"2014-03-20T13:44:57+00:00","dateModified":"2014-03-20T13:44:57+00:00","breadcrumb":{"@id":"https:\/\/novaorg.cofb.net\/2014\/03\/20\/que-ens-provoca-al%c2%b7lergia-alguns-consells\/#breadcrumb"},"inLanguage":"ca","potentialAction":[{"@type":"ReadAction","target":["https:\/\/novaorg.cofb.net\/2014\/03\/20\/que-ens-provoca-al%c2%b7lergia-alguns-consells\/"]}]},{"@type":"ImageObject","inLanguage":"ca","@id":"https:\/\/novaorg.cofb.net\/2014\/03\/20\/que-ens-provoca-al%c2%b7lergia-alguns-consells\/#primaryimage","url":"","contentUrl":""},{"@type":"BreadcrumbList","@id":"https:\/\/novaorg.cofb.net\/2014\/03\/20\/que-ens-provoca-al%c2%b7lergia-alguns-consells\/#breadcrumb","itemListElement":[{"@type":"ListItem","position":1,"name":"Inici","item":"https:\/\/novaorg.cofb.net\/"},{"@type":"ListItem","position":2,"name":"Qu\u00e8 ens provoca al\u00b7l\u00e8rgia? Alguns consells"}]},{"@type":"WebSite","@id":"https:\/\/www.cofb.org\/#website","url":"https:\/\/www.cofb.org\/","name":"Col\u00b7legi de Farmac\u00e8utics de Barcelona","description":"","publisher":{"@id":"https:\/\/www.cofb.org\/#organization"},"potentialAction":[{"@type":"SearchAction","target":{"@type":"EntryPoint","urlTemplate":"https:\/\/www.cofb.org\/?s={search_term_string}"},"query-input":"required name=search_term_string"}],"inLanguage":"ca"},{"@type":"Organization","@id":"https:\/\/www.cofb.org\/#organization","name":"Col\u00b7legi de Farmac\u00e8utics de Barcelona","url":"https:\/\/www.cofb.org\/","logo":{"@type":"ImageObject","inLanguage":"ca","@id":"https:\/\/www.cofb.org\/#\/schema\/logo\/image\/","url":"https:\/\/www.cofb.org\/wp-content\/uploads\/2023\/11\/cropped-Logotip-COFB.png","contentUrl":"https:\/\/www.cofb.org\/wp-content\/uploads\/2023\/11\/cropped-Logotip-COFB.png","width":500,"height":105,"caption":"Col\u00b7legi de Farmac\u00e8utics de Barcelona"},"image":{"@id":"https:\/\/www.cofb.org\/#\/schema\/logo\/image\/"},"sameAs":["https:\/\/www.facebook.com\/farmaceuticsbcn\/","https:\/\/twitter.com\/farmaceuticsbcn","https:\/\/www.instagram.com\/farmaceuticsbcn\/","https:\/\/www.linkedin.com\/company\/farmaceuticsbcn\/"]},{"@type":"Person","@id":"https:\/\/www.cofb.org\/#\/schema\/person\/22ed7eea88da74b0fa4d3154ad87ffcb","name":"wpAdminCofbOrg","image":{"@type":"ImageObject","inLanguage":"ca","@id":"https:\/\/www.cofb.org\/#\/schema\/person\/image\/","url":"https:\/\/secure.gravatar.com\/avatar\/1721b20b3b8ca882c3b56ec6c978c594fff670e40c0718e9190eaeeb76aae7d8?s=96&d=mm&r=g","contentUrl":"https:\/\/secure.gravatar.com\/avatar\/1721b20b3b8ca882c3b56ec6c978c594fff670e40c0718e9190eaeeb76aae7d8?s=96&d=mm&r=g","caption":"wpAdminCofbOrg"},"sameAs":["http:\/\/192.168.64.122\/wordpress"],"url":"https:\/\/www.cofb.org\/ca\/author\/wpadmincofborg\/"}]}},"uagb_featured_image_src":{"full":false,"thumbnail":false,"medium":false,"medium_large":false,"large":false,"1536x1536":false,"2048x2048":false,"trp-custom-language-flag":false},"uagb_author_info":{"display_name":"wpAdminCofbOrg","author_link":"https:\/\/www.cofb.org\/ca\/author\/wpadmincofborg\/"},"uagb_comment_info":0,"uagb_excerpt":"Quan una persona esternuda en plena primavera s\u2019acostuma a associar m\u00e9s aviat amb una al\u00b7l\u00e8rgia que no pas amb un constipat. No \u00e9s estrany, doncs, que aquesta reacci\u00f3 immunol\u00f2gica espec\u00edfica de l\u2019organisme cap a una subst\u00e0ncia normalment inofensiva sigui una de les paraules m\u00e9s pronunciades durant aquesta \u00e8poca de l\u2019any. [&hellip;]","_links":{"self":[{"href":"https:\/\/www.cofb.org\/ca\/wp-json\/wp\/v2\/posts\/5793","targetHints":{"allow":["GET"]}}],"collection":[{"href":"https:\/\/www.cofb.org\/ca\/wp-json\/wp\/v2\/posts"}],"about":[{"href":"https:\/\/www.cofb.org\/ca\/wp-json\/wp\/v2\/types\/post"}],"author":[{"embeddable":true,"href":"https:\/\/www.cofb.org\/ca\/wp-json\/wp\/v2\/users\/1"}],"replies":[{"embeddable":true,"href":"https:\/\/www.cofb.org\/ca\/wp-json\/wp\/v2\/comments?post=5793"}],"version-history":[{"count":0,"href":"https:\/\/www.cofb.org\/ca\/wp-json\/wp\/v2\/posts\/5793\/revisions"}],"wp:featuredmedia":[{"embeddable":true,"href":"https:\/\/www.cofb.org\/ca\/wp-json\/"}],"wp:attachment":[{"href":"https:\/\/www.cofb.org\/ca\/wp-json\/wp\/v2\/media?parent=5793"}],"wp:term":[{"taxonomy":"category","embeddable":true,"href":"https:\/\/www.cofb.org\/ca\/wp-json\/wp\/v2\/categories?post=5793"},{"taxonomy":"post_tag","embeddable":true,"href":"https:\/\/www.cofb.org\/ca\/wp-json\/wp\/v2\/tags?post=5793"}],"curies":[{"name":"wp","href":"https:\/\/api.w.org\/{rel}","templated":true}]}}