{"id":57399,"date":"2021-10-26T18:35:59","date_gmt":"2021-10-26T16:35:59","guid":{"rendered":"https:\/\/blog.cofb.cat\/?p=57399"},"modified":"2024-04-05T10:50:46","modified_gmt":"2024-04-05T10:50:46","slug":"el-cofb-i-la-universitat-de-barcelona-inauguren-la-vii-edicio-del-master-dortopedia-per-a-farmaceutics-que-simparteix-per-primera-vegada-en-modalitat-hibrida","status":"publish","type":"post","link":"https:\/\/www.cofb.org\/ca\/2021\/10\/26\/el-cofb-i-la-universitat-de-barcelona-inauguren-la-vii-edicio-del-master-dortopedia-per-a-farmaceutics-que-simparteix-per-primera-vegada-en-modalitat-hibrida\/","title":{"rendered":"El COFB i la Universitat de Barcelona inauguren la VII edici\u00f3 del M\u00e0ster d&#8217;Ortop\u00e8dia per a farmac\u00e8utics, que s&#8217;imparteix per primera vegada en modalitat h\u00edbrida"},"content":{"rendered":"\n<p>El passat <strong>25 d&#8217;octubre <\/strong>es va inaugurar la <strong>VII edici\u00f3 del M\u00e0ster d&#8217;Ortop\u00e8dia per a farmac\u00e8utics<\/strong>, que organitzen conjuntament el <strong>Col\u00b7legi de Farmac\u00e8utics de Barcelona (COFB)<\/strong> i la <strong>Universitat de Barcelona (UB)<\/strong>. La <strong>inauguraci\u00f3<\/strong> va anar a c\u00e0rrec de les codirectores del M\u00e0ster, Elena Palau, vocal d&#8217;Ortop\u00e8dia del COFB, i Raquel Mart\u00edn, professora agregada de la Facultat de Farm\u00e0cia i Ci\u00e8ncies de l&#8217;Alimentaci\u00f3 de la UB. Tamb\u00e9 va comptar amb la pres\u00e8ncia de les <strong>coordinadores del M\u00e0ster<\/strong>, <strong>Cristina Rodr\u00edguez<\/strong> i <strong>Empar Ser\u00e9s<\/strong>, del Departament de Formaci\u00f3 i Desenvolupament Professional del COFB.<\/p>\n\n\n\n<figure class=\"wp-block-image size-large\"><img decoding=\"async\" src=\"https:\/\/blog.cofb.cat\/wp-content\/uploads\/2021\/10\/1635146178618_edited-1024x512.jpg\" alt=\"D'esquerra a dreta: Raquel Mart\u00edn, professora agregada de la UB, i Elena Palau, vocal d'Ortop\u00e8dia del COFB, en un moment de la inauguraci\u00f3 del M\u00e0ster d'Ortop\u00e8dia.\" class=\"wp-image-57415\" title=\"D'esquerra a dreta: Raquel Mart\u00edn, professora agregada de la UB, i Elena Palau, vocal d'Ortop\u00e8dia del COFB, en un moment de la inauguraci\u00f3 del M\u00e0ster d'Ortop\u00e8dia.\"\/><figcaption><em>D&#8217;esquerra a dreta<\/em>: Raquel Mart\u00edn, professora agregada de la UB, i Elena Palau, vocal d&#8217;Ortop\u00e8dia del COFB, en un moment de la inauguraci\u00f3 del M\u00e0ster d&#8217;Ortop\u00e8dia.<\/figcaption><\/figure>\n\n\n\n<h2 class=\"wp-block-heading\"><strong>Modalitat h\u00edbrida per primer cop<\/strong><\/h2>\n\n\n\n<p>Per primera vegada, i per <strong>oferir m\u00e9s flexibilitat als farmac\u00e8utics que han decidit cursar-lo<\/strong>, s&#8217;ofereixen <strong>dos formats: presencial o h\u00edbrid<\/strong>. En totes dues modalitats les pr\u00e0ctiques s\u00f3n presencials, per\u00f2 la novetat \u00e9s que, amb la <strong>modalitat h\u00edbrida<\/strong>, l&#8217;alumne pot cursar <strong>la part te\u00f2rica del M\u00e0ster de manera virtual<\/strong>, amb el mateix <strong>enfocament participatiu<\/strong> i <strong>din\u00e0mic<\/strong> que si hagu\u00e9s vingut presencialment a la seu col\u00b7legial.<\/p>\n\n\n\n<h2 class=\"wp-block-heading\"><strong>\u201cL&#8217;objectiu \u00e9s habilitar els alumnes per exercir professionalment l&#8217;Ortop\u00e8dia\u201d<\/strong><\/h2>\n\n\n\n<p>Durant la <strong>inauguraci\u00f3<\/strong>, la vocal d&#8217;Ortop\u00e8dia del COFB, <strong>Elena Palau<\/strong> va explicar que <strong>\u201cl&#8217;objectiu del M\u00e0ster \u00e9s poder habilitar els alumnes per a exercir professionalment l&#8217;Ortop\u00e8dia<\/strong>, sigui fora de la farm\u00e0cia o a la secci\u00f3 d&#8217;Ortop\u00e8dia d&#8217;aquesta\u201d. Per aix\u00f2, \u201cel M\u00e0ster s&#8217;ha adaptat per a <strong>complir amb la normativa<\/strong> del <strong>Reial decret 437\/2002<\/strong>, pel qual s&#8217;estableixen els criteris per a la concessi\u00f3 de llic\u00e8ncies de funcionament als fabricants de productes sanitaris a mesura\u201d. En aquest sentit, \u201cs&#8217;abordaran totes les <strong>mat\u00e8ries que s\u00f3n necess\u00e0ries per complementar la llicenciatura sanit\u00e0ria de Farm\u00e0cia<\/strong> i poder exercir la <strong>professi\u00f3 d&#8217;Ortop\u00e8dia<\/strong>\u201d.<\/p>\n\n\n\n<h2 class=\"wp-block-heading\"><strong>Objectius principals del M\u00e0ster<\/strong><\/h2>\n\n\n\n<p>Palau tamb\u00e9 va destacar alguns dels <strong>objectius espec\u00edfics<\/strong> del M\u00e0ster: <strong>\u201campliar i actualitzar coneixements sobre anatomia, fisiologia, biomec\u00e0nica i fisiopatologia<\/strong> relacionats amb l&#8217;Ortop\u00e8dia, o <strong>adquirir els coneixements i les habilitats per elaborar, adaptar i dispensar productes ortop\u00e8dics\u201d<\/strong>.<\/p>\n\n\n\n<p>\u201cCom no podia ser d&#8217;una altra manera, \u00e9s un <strong>M\u00e0ster eminentment pr\u00e0ctic <\/strong>pel tipus de professi\u00f3 que \u00e9s l&#8217;Ortop\u00e8dia. El <strong>45% de les hores lectives s\u00f3n pr\u00e0ctiques<\/strong>, que es combinaran amb la <strong>visita a empreses del sector<\/strong>. Concretament, les pr\u00e0ctiques, es desenvoluparan en diferents ubicacions de la Universitat de Barcelona, com la <strong>Facultat de Farm\u00e0cia i Ci\u00e8ncies de l&#8217;Alimentaci\u00f3<\/strong>, l&#8217;<strong>Hospital Podol\u00f2gic<\/strong> i la <strong>Facultat de Medicina i Ci\u00e8ncies de la Salut<\/strong>, i diferents <strong>tallers d&#8217;Ortop\u00e8dia<\/strong>\u201d, va afegir la vocal d&#8217;Ortop\u00e8dia del COFB.<\/p>\n\n\n\n<figure class=\"wp-block-image size-large\"><img decoding=\"async\" src=\"https:\/\/blog.cofb.cat\/wp-content\/uploads\/2021\/10\/1635146178564_edited_ok-1024x519.jpg\" alt=\"El 45% de les hores lectives s\u00f3n pr\u00e0ctiques, que es combinaran amb la visita a empreses del sector\" class=\"wp-image-57421\"\/><figcaption>El 45% de les hores lectives del M\u00e0ster s\u00f3n pr\u00e0ctiques i es combinaran amb la visita a empreses del sector.<\/figcaption><\/figure>\n\n\n\n<h2 class=\"wp-block-heading\"><strong>Quins temes s&#8217;abordaran al M\u00e0ster d&#8217;Ortop\u00e8dia?<\/strong><\/h2>\n\n\n\n<p>Al seu torn, la professora agregada de la Facultat de Farm\u00e0cia i Ci\u00e8ncies de l&#8217;Alimentaci\u00f3 de la UB, <strong>Raquel Mart\u00edn<\/strong>, va detallar la planificaci\u00f3 del M\u00e0ster. Es divideix en <strong>3 m\u00f2duls<\/strong> i <strong>7 assignatures<\/strong> en total, amb continguts relacionats amb la <strong>introducci\u00f3 a l&#8217;Ortop\u00e8dia<\/strong>; les <strong>extremitats inferiors, superiors i el tronc<\/strong>; la <strong>prot\u00e8tica i les ajudes t\u00e8cniques<\/strong>; i la <strong>gesti\u00f3 de l&#8217;Ortop\u00e8dia<\/strong>.<\/p>\n\n\n\n<p>Aix\u00ed mateix, Mart\u00edn tamb\u00e9 va posar l&#8217;accent en el <strong>Treball de Fi de M\u00e0ster (TFM)<\/strong>, que consisteix a <strong>dissenyar un projecte per desenvolupar un centre d&#8217;Ortop\u00e8dia<\/strong>. Aix\u00ed doncs, a partir de <strong>tutories personalitzades<\/strong> i dels coneixements apresos als M\u00f2duls 1 i 2, els alumnes hauran de realitzar la mem\u00f2ria, la presentaci\u00f3 i la defensa p\u00fablica del treball. Tot plegat.<\/p>\n\n\n\n<h2 class=\"wp-block-heading\"><strong>El farmac\u00e8utic i t\u00e8cnic ortop\u00e8dic, clau per millorar la salut en diferents etapes vitals<\/strong><\/h2>\n\n\n\n<p>El M\u00e0ster d&#8217;Ortop\u00e8dia est\u00e0 dissenyat espec\u00edficament per a farmac\u00e8utics i impartit per professionals experts en la mat\u00e8ria (professors de la Facultat de Medicina, Farm\u00e0cia, Podologia i T\u00e8cnics Ortop\u00e8dics), que ajuden els estudiants a <strong>diferenciar-se professionalment<\/strong> en una \u00e0rea de grans oportunitats com \u00e9s l&#8217;Ortop\u00e8dia. El f<strong>armac\u00e8utic <\/strong>i <strong>t\u00e8cnic ortop\u00e8dic <\/strong>forma part d&#8217;un servei professional de salut i <strong>ajuda a millorar la qualitat de vida en totes les etapes de la vida i condicions de salut<\/strong> de les persones.<\/p>\n\n\n\n<p class=\"has-text-align-center\"><em>Podeu consultar <a href=\"https:\/\/farmaceutics.cofb.net\/documents\/10186\/8137487\/Cat%C3%A0leg+digital+MO+2021+2022+interactiu_R9_opto.pdf\/70036fb3-1fbb-4af5-850d-4d039e11ace8\">aqu\u00ed<\/a> el programa de la VII edici\u00f3 del M\u00e0ster d&#8217;Ortop\u00e8dia. <\/em><\/p>\n\n\n\n<p><strong>Altres publicacions d&#8217;inter\u00e8s:<\/strong><\/p>\n\n\n\n<ul class=\"wp-block-list\"><li><a href=\"https:\/\/blog.cofb.cat\/el-cof-de-barcelona-i-la-universitat-de-barcelona-presenten-la-vii-edicio-del-master-dortopedia-per-a-farmaceutics-que-oferira-per-primer-cop-una-modalitat-hibrida\/\">El COFB i la UB presenten la VII edici\u00f3 del M\u00e0ster d\u2019Ortop\u00e8dia per a farmac\u00e8utics, que oferir\u00e0 per primer cop una modalitat h\u00edbrida (Juny 2021)<\/a><\/li><li><a href=\"https:\/\/blog.cofb.cat\/collegi-universitat-barcelona-posen-marxa-vi-edicio-master-dortopedia-farmaceutics\/\">El Col\u00b7legi i la Universitat de Barcelona posen en marxa la VI edici\u00f3 del M\u00e0ster d\u2019ortop\u00e8dia per a farmac\u00e8utics (Setembre 2019)<\/a><\/li><\/ul>\n\n\n\n<p><\/p>\n","protected":false},"excerpt":{"rendered":"<p>El passat 25 d&#8217;octubre es va inaugurar la VII edici\u00f3 del M\u00e0ster d&#8217;Ortop\u00e8dia per a farmac\u00e8utics, que organitzen conjuntament el Col\u00b7legi de Farmac\u00e8utics de Barcelona (COFB) i la Universitat de Barcelona (UB). La inauguraci\u00f3 va anar a c\u00e0rrec de les codirectores del M\u00e0ster, Elena Palau, vocal d&#8217;Ortop\u00e8dia del COFB, i [&hellip;]<\/p>\n","protected":false},"author":1,"featured_media":78115,"comment_status":"open","ping_status":"open","sticky":false,"template":"","format":"standard","meta":{"_uag_custom_page_level_css":"","site-sidebar-layout":"default","site-content-layout":"","ast-site-content-layout":"default","site-content-style":"default","site-sidebar-style":"default","ast-global-header-display":"","ast-banner-title-visibility":"","ast-main-header-display":"","ast-hfb-above-header-display":"","ast-hfb-below-header-display":"","ast-hfb-mobile-header-display":"","site-post-title":"","ast-breadcrumbs-content":"","ast-featured-img":"disabled","footer-sml-layout":"","theme-transparent-header-meta":"","adv-header-id-meta":"","stick-header-meta":"","header-above-stick-meta":"","header-main-stick-meta":"","header-below-stick-meta":"","astra-migrate-meta-layouts":"set","ast-page-background-enabled":"default","ast-page-background-meta":{"desktop":{"background-color":"var(--ast-global-color-4)","background-image":"","background-repeat":"repeat","background-position":"center center","background-size":"auto","background-attachment":"scroll","background-type":"","background-media":"","overlay-type":"","overlay-color":"","overlay-opacity":"","overlay-gradient":""},"tablet":{"background-color":"","background-image":"","background-repeat":"repeat","background-position":"center center","background-size":"auto","background-attachment":"scroll","background-type":"","background-media":"","overlay-type":"","overlay-color":"","overlay-opacity":"","overlay-gradient":""},"mobile":{"background-color":"","background-image":"","background-repeat":"repeat","background-position":"center center","background-size":"auto","background-attachment":"scroll","background-type":"","background-media":"","overlay-type":"","overlay-color":"","overlay-opacity":"","overlay-gradient":""}},"ast-content-background-meta":{"desktop":{"background-color":"var(--ast-global-color-5)","background-image":"","background-repeat":"repeat","background-position":"center center","background-size":"auto","background-attachment":"scroll","background-type":"","background-media":"","overlay-type":"","overlay-color":"","overlay-opacity":"","overlay-gradient":""},"tablet":{"background-color":"var(--ast-global-color-5)","background-image":"","background-repeat":"repeat","background-position":"center center","background-size":"auto","background-attachment":"scroll","background-type":"","background-media":"","overlay-type":"","overlay-color":"","overlay-opacity":"","overlay-gradient":""},"mobile":{"background-color":"var(--ast-global-color-5)","background-image":"","background-repeat":"repeat","background-position":"center center","background-size":"auto","background-attachment":"scroll","background-type":"","background-media":"","overlay-type":"","overlay-color":"","overlay-opacity":"","overlay-gradient":""}},"footnotes":""},"categories":[23,57],"tags":[467,18,19,4655,53,68,69,70,546,2889,2223,103,302,637,4656,4657,3038,305],"class_list":["post-57399","post","type-post","status-publish","format-standard","has-post-thumbnail","hentry","category-destacats","category-mon-collegial","tag-activitats-formatives","tag-cofb","tag-collegi-de-farmaceutics-de-barcelona","tag-curs-2021-2022","tag-farmaceutics","tag-farmacia","tag-farmacia-comunitaria","tag-formacio","tag-inauguracio","tag-master","tag-master-dortopedia","tag-ortopedia","tag-productes-dortopedia","tag-programa-de-formacio-continuada","tag-protesica","tag-tecnics-ortopedics","tag-universitat-de-barcelona","tag-vocal-dortopedia"],"yoast_head":"<!-- This site is optimized with the Yoast SEO plugin v22.4 - https:\/\/yoast.com\/wordpress\/plugins\/seo\/ -->\n<title>El COFB i la Universitat de Barcelona inauguren la VII edici\u00f3 del M\u00e0ster d&#039;Ortop\u00e8dia per a farmac\u00e8utics, que s&#039;imparteix per primera vegada en modalitat h\u00edbrida - Col\u00b7legi de Farmac\u00e8utics de Barcelona<\/title>\n<meta name=\"description\" content=\"El passat 25 d&#039;octubre es va inaugurar la VII edici\u00f3 del M\u00e0ster d&#039;Ortop\u00e8dia per a farmac\u00e8utics, que organitzen conjuntament el COFB i la UB.\" \/>\n<meta name=\"robots\" content=\"index, follow, max-snippet:-1, max-image-preview:large, max-video-preview:-1\" \/>\n<link rel=\"canonical\" href=\"https:\/\/novaorg.cofb.net\/2021\/10\/26\/el-cofb-i-la-universitat-de-barcelona-inauguren-la-vii-edicio-del-master-dortopedia-per-a-farmaceutics-que-simparteix-per-primera-vegada-en-modalitat-hibrida\/\" \/>\n<meta property=\"og:locale\" content=\"ca_ES\" \/>\n<meta property=\"og:type\" content=\"article\" \/>\n<meta property=\"og:title\" content=\"El COFB i la Universitat de Barcelona inauguren la VII edici\u00f3 del M\u00e0ster d&#039;Ortop\u00e8dia per a farmac\u00e8utics, que s&#039;imparteix per primera vegada en modalitat h\u00edbrida - Col\u00b7legi de Farmac\u00e8utics de Barcelona\" \/>\n<meta property=\"og:description\" content=\"El passat 25 d&#039;octubre es va inaugurar la VII edici\u00f3 del M\u00e0ster d&#039;Ortop\u00e8dia per a farmac\u00e8utics, que organitzen conjuntament el COFB i la UB.\" \/>\n<meta property=\"og:url\" content=\"https:\/\/novaorg.cofb.net\/2021\/10\/26\/el-cofb-i-la-universitat-de-barcelona-inauguren-la-vii-edicio-del-master-dortopedia-per-a-farmaceutics-que-simparteix-per-primera-vegada-en-modalitat-hibrida\/\" \/>\n<meta property=\"og:site_name\" content=\"Col\u00b7legi de Farmac\u00e8utics de Barcelona\" \/>\n<meta property=\"article:publisher\" content=\"https:\/\/www.facebook.com\/farmaceuticsbcn\/\" \/>\n<meta property=\"article:published_time\" content=\"2021-10-26T16:35:59+00:00\" \/>\n<meta property=\"article:modified_time\" content=\"2024-04-05T10:50:46+00:00\" \/>\n<meta property=\"og:image\" content=\"https:\/\/novaorg.cofb.net\/wp-content\/uploads\/2024\/04\/1635146178618_edited-1024x512-1.jpeg\" \/>\n\t<meta property=\"og:image:width\" content=\"1024\" \/>\n\t<meta property=\"og:image:height\" content=\"512\" \/>\n\t<meta property=\"og:image:type\" content=\"image\/jpeg\" \/>\n<meta name=\"author\" content=\"wpAdminCofbOrg\" \/>\n<meta name=\"twitter:card\" content=\"summary_large_image\" \/>\n<meta name=\"twitter:creator\" content=\"@farmaceuticsbcn\" \/>\n<meta name=\"twitter:site\" content=\"@farmaceuticsbcn\" \/>\n<meta name=\"twitter:label1\" content=\"Escrit per\" \/>\n\t<meta name=\"twitter:data1\" content=\"wpAdminCofbOrg\" \/>\n\t<meta name=\"twitter:label2\" content=\"Temps estimat de lectura\" \/>\n\t<meta name=\"twitter:data2\" content=\"5 minuts\" \/>\n<script type=\"application\/ld+json\" class=\"yoast-schema-graph\">{\"@context\":\"https:\/\/schema.org\",\"@graph\":[{\"@type\":\"Article\",\"@id\":\"https:\/\/novaorg.cofb.net\/2021\/10\/26\/el-cofb-i-la-universitat-de-barcelona-inauguren-la-vii-edicio-del-master-dortopedia-per-a-farmaceutics-que-simparteix-per-primera-vegada-en-modalitat-hibrida\/#article\",\"isPartOf\":{\"@id\":\"https:\/\/novaorg.cofb.net\/2021\/10\/26\/el-cofb-i-la-universitat-de-barcelona-inauguren-la-vii-edicio-del-master-dortopedia-per-a-farmaceutics-que-simparteix-per-primera-vegada-en-modalitat-hibrida\/\"},\"author\":{\"name\":\"wpAdminCofbOrg\",\"@id\":\"https:\/\/www.cofb.org\/#\/schema\/person\/22ed7eea88da74b0fa4d3154ad87ffcb\"},\"headline\":\"El COFB i la Universitat de Barcelona inauguren la VII edici\u00f3 del M\u00e0ster d&#8217;Ortop\u00e8dia per a farmac\u00e8utics, que s&#8217;imparteix per primera vegada en modalitat h\u00edbrida\",\"datePublished\":\"2021-10-26T16:35:59+00:00\",\"dateModified\":\"2024-04-05T10:50:46+00:00\",\"mainEntityOfPage\":{\"@id\":\"https:\/\/novaorg.cofb.net\/2021\/10\/26\/el-cofb-i-la-universitat-de-barcelona-inauguren-la-vii-edicio-del-master-dortopedia-per-a-farmaceutics-que-simparteix-per-primera-vegada-en-modalitat-hibrida\/\"},\"wordCount\":885,\"commentCount\":0,\"publisher\":{\"@id\":\"https:\/\/www.cofb.org\/#organization\"},\"image\":{\"@id\":\"https:\/\/novaorg.cofb.net\/2021\/10\/26\/el-cofb-i-la-universitat-de-barcelona-inauguren-la-vii-edicio-del-master-dortopedia-per-a-farmaceutics-que-simparteix-per-primera-vegada-en-modalitat-hibrida\/#primaryimage\"},\"thumbnailUrl\":\"https:\/\/www.cofb.org\/wp-content\/uploads\/2024\/04\/1635146178618_edited-1024x512-1.jpeg\",\"keywords\":[\"activitats formatives\",\"COFB\",\"Col\u00b7legi de Farmac\u00e8utics de Barcelona\",\"curs 2021-2022\",\"farmac\u00e8utics\",\"Farm\u00e0cia\",\"farm\u00e0cia comunit\u00e0ria\",\"Formaci\u00f3\",\"inauguraci\u00f3\",\"m\u00e0ster\",\"M\u00e0ster d'Ortop\u00e8dia\",\"Ortop\u00e8dia\",\"productes d'ortop\u00e8dia\",\"programa de formaci\u00f3 continuada\",\"prot\u00e8sica\",\"t\u00e8cnics ortop\u00e8dics\",\"Universitat de Barcelona\",\"Vocal d'Ortop\u00e8dia\"],\"articleSection\":[\"Destacats\",\"M\u00f3n col\u00b7legial\"],\"inLanguage\":\"ca\",\"potentialAction\":[{\"@type\":\"CommentAction\",\"name\":\"Comment\",\"target\":[\"https:\/\/novaorg.cofb.net\/2021\/10\/26\/el-cofb-i-la-universitat-de-barcelona-inauguren-la-vii-edicio-del-master-dortopedia-per-a-farmaceutics-que-simparteix-per-primera-vegada-en-modalitat-hibrida\/#respond\"]}]},{\"@type\":\"WebPage\",\"@id\":\"https:\/\/novaorg.cofb.net\/2021\/10\/26\/el-cofb-i-la-universitat-de-barcelona-inauguren-la-vii-edicio-del-master-dortopedia-per-a-farmaceutics-que-simparteix-per-primera-vegada-en-modalitat-hibrida\/\",\"url\":\"https:\/\/novaorg.cofb.net\/2021\/10\/26\/el-cofb-i-la-universitat-de-barcelona-inauguren-la-vii-edicio-del-master-dortopedia-per-a-farmaceutics-que-simparteix-per-primera-vegada-en-modalitat-hibrida\/\",\"name\":\"El COFB i la Universitat de Barcelona inauguren la VII edici\u00f3 del M\u00e0ster d'Ortop\u00e8dia per a farmac\u00e8utics, que s'imparteix per primera vegada en modalitat h\u00edbrida - Col\u00b7legi de Farmac\u00e8utics de Barcelona\",\"isPartOf\":{\"@id\":\"https:\/\/www.cofb.org\/#website\"},\"primaryImageOfPage\":{\"@id\":\"https:\/\/novaorg.cofb.net\/2021\/10\/26\/el-cofb-i-la-universitat-de-barcelona-inauguren-la-vii-edicio-del-master-dortopedia-per-a-farmaceutics-que-simparteix-per-primera-vegada-en-modalitat-hibrida\/#primaryimage\"},\"image\":{\"@id\":\"https:\/\/novaorg.cofb.net\/2021\/10\/26\/el-cofb-i-la-universitat-de-barcelona-inauguren-la-vii-edicio-del-master-dortopedia-per-a-farmaceutics-que-simparteix-per-primera-vegada-en-modalitat-hibrida\/#primaryimage\"},\"thumbnailUrl\":\"https:\/\/www.cofb.org\/wp-content\/uploads\/2024\/04\/1635146178618_edited-1024x512-1.jpeg\",\"datePublished\":\"2021-10-26T16:35:59+00:00\",\"dateModified\":\"2024-04-05T10:50:46+00:00\",\"description\":\"El passat 25 d'octubre es va inaugurar la VII edici\u00f3 del M\u00e0ster d'Ortop\u00e8dia per a farmac\u00e8utics, que organitzen conjuntament el COFB i la UB.\",\"breadcrumb\":{\"@id\":\"https:\/\/novaorg.cofb.net\/2021\/10\/26\/el-cofb-i-la-universitat-de-barcelona-inauguren-la-vii-edicio-del-master-dortopedia-per-a-farmaceutics-que-simparteix-per-primera-vegada-en-modalitat-hibrida\/#breadcrumb\"},\"inLanguage\":\"ca\",\"potentialAction\":[{\"@type\":\"ReadAction\",\"target\":[\"https:\/\/novaorg.cofb.net\/2021\/10\/26\/el-cofb-i-la-universitat-de-barcelona-inauguren-la-vii-edicio-del-master-dortopedia-per-a-farmaceutics-que-simparteix-per-primera-vegada-en-modalitat-hibrida\/\"]}]},{\"@type\":\"ImageObject\",\"inLanguage\":\"ca\",\"@id\":\"https:\/\/novaorg.cofb.net\/2021\/10\/26\/el-cofb-i-la-universitat-de-barcelona-inauguren-la-vii-edicio-del-master-dortopedia-per-a-farmaceutics-que-simparteix-per-primera-vegada-en-modalitat-hibrida\/#primaryimage\",\"url\":\"https:\/\/www.cofb.org\/wp-content\/uploads\/2024\/04\/1635146178618_edited-1024x512-1.jpeg\",\"contentUrl\":\"https:\/\/www.cofb.org\/wp-content\/uploads\/2024\/04\/1635146178618_edited-1024x512-1.jpeg\",\"width\":1024,\"height\":512},{\"@type\":\"BreadcrumbList\",\"@id\":\"https:\/\/novaorg.cofb.net\/2021\/10\/26\/el-cofb-i-la-universitat-de-barcelona-inauguren-la-vii-edicio-del-master-dortopedia-per-a-farmaceutics-que-simparteix-per-primera-vegada-en-modalitat-hibrida\/#breadcrumb\",\"itemListElement\":[{\"@type\":\"ListItem\",\"position\":1,\"name\":\"Inici\",\"item\":\"https:\/\/novaorg.cofb.net\/\"},{\"@type\":\"ListItem\",\"position\":2,\"name\":\"El COFB i la Universitat de Barcelona inauguren la VII edici\u00f3 del M\u00e0ster d&#8217;Ortop\u00e8dia per a farmac\u00e8utics, que s&#8217;imparteix per primera vegada en modalitat h\u00edbrida\"}]},{\"@type\":\"WebSite\",\"@id\":\"https:\/\/www.cofb.org\/#website\",\"url\":\"https:\/\/www.cofb.org\/\",\"name\":\"Col\u00b7legi de Farmac\u00e8utics de Barcelona\",\"description\":\"\",\"publisher\":{\"@id\":\"https:\/\/www.cofb.org\/#organization\"},\"potentialAction\":[{\"@type\":\"SearchAction\",\"target\":{\"@type\":\"EntryPoint\",\"urlTemplate\":\"https:\/\/www.cofb.org\/?s={search_term_string}\"},\"query-input\":\"required name=search_term_string\"}],\"inLanguage\":\"ca\"},{\"@type\":\"Organization\",\"@id\":\"https:\/\/www.cofb.org\/#organization\",\"name\":\"Col\u00b7legi de Farmac\u00e8utics de Barcelona\",\"url\":\"https:\/\/www.cofb.org\/\",\"logo\":{\"@type\":\"ImageObject\",\"inLanguage\":\"ca\",\"@id\":\"https:\/\/www.cofb.org\/#\/schema\/logo\/image\/\",\"url\":\"https:\/\/www.cofb.org\/wp-content\/uploads\/2023\/11\/cropped-Logotip-COFB.png\",\"contentUrl\":\"https:\/\/www.cofb.org\/wp-content\/uploads\/2023\/11\/cropped-Logotip-COFB.png\",\"width\":500,\"height\":105,\"caption\":\"Col\u00b7legi de Farmac\u00e8utics de Barcelona\"},\"image\":{\"@id\":\"https:\/\/www.cofb.org\/#\/schema\/logo\/image\/\"},\"sameAs\":[\"https:\/\/www.facebook.com\/farmaceuticsbcn\/\",\"https:\/\/twitter.com\/farmaceuticsbcn\",\"https:\/\/www.instagram.com\/farmaceuticsbcn\/\",\"https:\/\/www.linkedin.com\/company\/farmaceuticsbcn\/\"]},{\"@type\":\"Person\",\"@id\":\"https:\/\/www.cofb.org\/#\/schema\/person\/22ed7eea88da74b0fa4d3154ad87ffcb\",\"name\":\"wpAdminCofbOrg\",\"image\":{\"@type\":\"ImageObject\",\"inLanguage\":\"ca\",\"@id\":\"https:\/\/www.cofb.org\/#\/schema\/person\/image\/\",\"url\":\"https:\/\/secure.gravatar.com\/avatar\/1721b20b3b8ca882c3b56ec6c978c594fff670e40c0718e9190eaeeb76aae7d8?s=96&d=mm&r=g\",\"contentUrl\":\"https:\/\/secure.gravatar.com\/avatar\/1721b20b3b8ca882c3b56ec6c978c594fff670e40c0718e9190eaeeb76aae7d8?s=96&d=mm&r=g\",\"caption\":\"wpAdminCofbOrg\"},\"sameAs\":[\"http:\/\/192.168.64.122\/wordpress\"],\"url\":\"https:\/\/www.cofb.org\/ca\/author\/wpadmincofborg\/\"}]}<\/script>\n<!-- \/ Yoast SEO plugin. -->","yoast_head_json":{"title":"El COFB i la Universitat de Barcelona inauguren la VII edici\u00f3 del M\u00e0ster d'Ortop\u00e8dia per a farmac\u00e8utics, que s'imparteix per primera vegada en modalitat h\u00edbrida - Col\u00b7legi de Farmac\u00e8utics de Barcelona","description":"El passat 25 d'octubre es va inaugurar la VII edici\u00f3 del M\u00e0ster d'Ortop\u00e8dia per a farmac\u00e8utics, que organitzen conjuntament el COFB i la UB.","robots":{"index":"index","follow":"follow","max-snippet":"max-snippet:-1","max-image-preview":"max-image-preview:large","max-video-preview":"max-video-preview:-1"},"canonical":"https:\/\/novaorg.cofb.net\/2021\/10\/26\/el-cofb-i-la-universitat-de-barcelona-inauguren-la-vii-edicio-del-master-dortopedia-per-a-farmaceutics-que-simparteix-per-primera-vegada-en-modalitat-hibrida\/","og_locale":"ca_ES","og_type":"article","og_title":"El COFB i la Universitat de Barcelona inauguren la VII edici\u00f3 del M\u00e0ster d'Ortop\u00e8dia per a farmac\u00e8utics, que s'imparteix per primera vegada en modalitat h\u00edbrida - Col\u00b7legi de Farmac\u00e8utics de Barcelona","og_description":"El passat 25 d'octubre es va inaugurar la VII edici\u00f3 del M\u00e0ster d'Ortop\u00e8dia per a farmac\u00e8utics, que organitzen conjuntament el COFB i la UB.","og_url":"https:\/\/novaorg.cofb.net\/2021\/10\/26\/el-cofb-i-la-universitat-de-barcelona-inauguren-la-vii-edicio-del-master-dortopedia-per-a-farmaceutics-que-simparteix-per-primera-vegada-en-modalitat-hibrida\/","og_site_name":"Col\u00b7legi de Farmac\u00e8utics de Barcelona","article_publisher":"https:\/\/www.facebook.com\/farmaceuticsbcn\/","article_published_time":"2021-10-26T16:35:59+00:00","article_modified_time":"2024-04-05T10:50:46+00:00","og_image":[{"width":1024,"height":512,"url":"https:\/\/novaorg.cofb.net\/wp-content\/uploads\/2024\/04\/1635146178618_edited-1024x512-1.jpeg","type":"image\/jpeg"}],"author":"wpAdminCofbOrg","twitter_card":"summary_large_image","twitter_creator":"@farmaceuticsbcn","twitter_site":"@farmaceuticsbcn","twitter_misc":{"Escrit per":"wpAdminCofbOrg","Temps estimat de lectura":"5 minuts"},"schema":{"@context":"https:\/\/schema.org","@graph":[{"@type":"Article","@id":"https:\/\/novaorg.cofb.net\/2021\/10\/26\/el-cofb-i-la-universitat-de-barcelona-inauguren-la-vii-edicio-del-master-dortopedia-per-a-farmaceutics-que-simparteix-per-primera-vegada-en-modalitat-hibrida\/#article","isPartOf":{"@id":"https:\/\/novaorg.cofb.net\/2021\/10\/26\/el-cofb-i-la-universitat-de-barcelona-inauguren-la-vii-edicio-del-master-dortopedia-per-a-farmaceutics-que-simparteix-per-primera-vegada-en-modalitat-hibrida\/"},"author":{"name":"wpAdminCofbOrg","@id":"https:\/\/www.cofb.org\/#\/schema\/person\/22ed7eea88da74b0fa4d3154ad87ffcb"},"headline":"El COFB i la Universitat de Barcelona inauguren la VII edici\u00f3 del M\u00e0ster d&#8217;Ortop\u00e8dia per a farmac\u00e8utics, que s&#8217;imparteix per primera vegada en modalitat h\u00edbrida","datePublished":"2021-10-26T16:35:59+00:00","dateModified":"2024-04-05T10:50:46+00:00","mainEntityOfPage":{"@id":"https:\/\/novaorg.cofb.net\/2021\/10\/26\/el-cofb-i-la-universitat-de-barcelona-inauguren-la-vii-edicio-del-master-dortopedia-per-a-farmaceutics-que-simparteix-per-primera-vegada-en-modalitat-hibrida\/"},"wordCount":885,"commentCount":0,"publisher":{"@id":"https:\/\/www.cofb.org\/#organization"},"image":{"@id":"https:\/\/novaorg.cofb.net\/2021\/10\/26\/el-cofb-i-la-universitat-de-barcelona-inauguren-la-vii-edicio-del-master-dortopedia-per-a-farmaceutics-que-simparteix-per-primera-vegada-en-modalitat-hibrida\/#primaryimage"},"thumbnailUrl":"https:\/\/www.cofb.org\/wp-content\/uploads\/2024\/04\/1635146178618_edited-1024x512-1.jpeg","keywords":["activitats formatives","COFB","Col\u00b7legi de Farmac\u00e8utics de Barcelona","curs 2021-2022","farmac\u00e8utics","Farm\u00e0cia","farm\u00e0cia comunit\u00e0ria","Formaci\u00f3","inauguraci\u00f3","m\u00e0ster","M\u00e0ster d'Ortop\u00e8dia","Ortop\u00e8dia","productes d'ortop\u00e8dia","programa de formaci\u00f3 continuada","prot\u00e8sica","t\u00e8cnics ortop\u00e8dics","Universitat de Barcelona","Vocal d'Ortop\u00e8dia"],"articleSection":["Destacats","M\u00f3n col\u00b7legial"],"inLanguage":"ca","potentialAction":[{"@type":"CommentAction","name":"Comment","target":["https:\/\/novaorg.cofb.net\/2021\/10\/26\/el-cofb-i-la-universitat-de-barcelona-inauguren-la-vii-edicio-del-master-dortopedia-per-a-farmaceutics-que-simparteix-per-primera-vegada-en-modalitat-hibrida\/#respond"]}]},{"@type":"WebPage","@id":"https:\/\/novaorg.cofb.net\/2021\/10\/26\/el-cofb-i-la-universitat-de-barcelona-inauguren-la-vii-edicio-del-master-dortopedia-per-a-farmaceutics-que-simparteix-per-primera-vegada-en-modalitat-hibrida\/","url":"https:\/\/novaorg.cofb.net\/2021\/10\/26\/el-cofb-i-la-universitat-de-barcelona-inauguren-la-vii-edicio-del-master-dortopedia-per-a-farmaceutics-que-simparteix-per-primera-vegada-en-modalitat-hibrida\/","name":"El COFB i la Universitat de Barcelona inauguren la VII edici\u00f3 del M\u00e0ster d'Ortop\u00e8dia per a farmac\u00e8utics, que s'imparteix per primera vegada en modalitat h\u00edbrida - Col\u00b7legi de Farmac\u00e8utics de Barcelona","isPartOf":{"@id":"https:\/\/www.cofb.org\/#website"},"primaryImageOfPage":{"@id":"https:\/\/novaorg.cofb.net\/2021\/10\/26\/el-cofb-i-la-universitat-de-barcelona-inauguren-la-vii-edicio-del-master-dortopedia-per-a-farmaceutics-que-simparteix-per-primera-vegada-en-modalitat-hibrida\/#primaryimage"},"image":{"@id":"https:\/\/novaorg.cofb.net\/2021\/10\/26\/el-cofb-i-la-universitat-de-barcelona-inauguren-la-vii-edicio-del-master-dortopedia-per-a-farmaceutics-que-simparteix-per-primera-vegada-en-modalitat-hibrida\/#primaryimage"},"thumbnailUrl":"https:\/\/www.cofb.org\/wp-content\/uploads\/2024\/04\/1635146178618_edited-1024x512-1.jpeg","datePublished":"2021-10-26T16:35:59+00:00","dateModified":"2024-04-05T10:50:46+00:00","description":"El passat 25 d'octubre es va inaugurar la VII edici\u00f3 del M\u00e0ster d'Ortop\u00e8dia per a farmac\u00e8utics, que organitzen conjuntament el COFB i la UB.","breadcrumb":{"@id":"https:\/\/novaorg.cofb.net\/2021\/10\/26\/el-cofb-i-la-universitat-de-barcelona-inauguren-la-vii-edicio-del-master-dortopedia-per-a-farmaceutics-que-simparteix-per-primera-vegada-en-modalitat-hibrida\/#breadcrumb"},"inLanguage":"ca","potentialAction":[{"@type":"ReadAction","target":["https:\/\/novaorg.cofb.net\/2021\/10\/26\/el-cofb-i-la-universitat-de-barcelona-inauguren-la-vii-edicio-del-master-dortopedia-per-a-farmaceutics-que-simparteix-per-primera-vegada-en-modalitat-hibrida\/"]}]},{"@type":"ImageObject","inLanguage":"ca","@id":"https:\/\/novaorg.cofb.net\/2021\/10\/26\/el-cofb-i-la-universitat-de-barcelona-inauguren-la-vii-edicio-del-master-dortopedia-per-a-farmaceutics-que-simparteix-per-primera-vegada-en-modalitat-hibrida\/#primaryimage","url":"https:\/\/www.cofb.org\/wp-content\/uploads\/2024\/04\/1635146178618_edited-1024x512-1.jpeg","contentUrl":"https:\/\/www.cofb.org\/wp-content\/uploads\/2024\/04\/1635146178618_edited-1024x512-1.jpeg","width":1024,"height":512},{"@type":"BreadcrumbList","@id":"https:\/\/novaorg.cofb.net\/2021\/10\/26\/el-cofb-i-la-universitat-de-barcelona-inauguren-la-vii-edicio-del-master-dortopedia-per-a-farmaceutics-que-simparteix-per-primera-vegada-en-modalitat-hibrida\/#breadcrumb","itemListElement":[{"@type":"ListItem","position":1,"name":"Inici","item":"https:\/\/novaorg.cofb.net\/"},{"@type":"ListItem","position":2,"name":"El COFB i la Universitat de Barcelona inauguren la VII edici\u00f3 del M\u00e0ster d&#8217;Ortop\u00e8dia per a farmac\u00e8utics, que s&#8217;imparteix per primera vegada en modalitat h\u00edbrida"}]},{"@type":"WebSite","@id":"https:\/\/www.cofb.org\/#website","url":"https:\/\/www.cofb.org\/","name":"Col\u00b7legi de Farmac\u00e8utics de Barcelona","description":"","publisher":{"@id":"https:\/\/www.cofb.org\/#organization"},"potentialAction":[{"@type":"SearchAction","target":{"@type":"EntryPoint","urlTemplate":"https:\/\/www.cofb.org\/?s={search_term_string}"},"query-input":"required name=search_term_string"}],"inLanguage":"ca"},{"@type":"Organization","@id":"https:\/\/www.cofb.org\/#organization","name":"Col\u00b7legi de Farmac\u00e8utics de Barcelona","url":"https:\/\/www.cofb.org\/","logo":{"@type":"ImageObject","inLanguage":"ca","@id":"https:\/\/www.cofb.org\/#\/schema\/logo\/image\/","url":"https:\/\/www.cofb.org\/wp-content\/uploads\/2023\/11\/cropped-Logotip-COFB.png","contentUrl":"https:\/\/www.cofb.org\/wp-content\/uploads\/2023\/11\/cropped-Logotip-COFB.png","width":500,"height":105,"caption":"Col\u00b7legi de Farmac\u00e8utics de Barcelona"},"image":{"@id":"https:\/\/www.cofb.org\/#\/schema\/logo\/image\/"},"sameAs":["https:\/\/www.facebook.com\/farmaceuticsbcn\/","https:\/\/twitter.com\/farmaceuticsbcn","https:\/\/www.instagram.com\/farmaceuticsbcn\/","https:\/\/www.linkedin.com\/company\/farmaceuticsbcn\/"]},{"@type":"Person","@id":"https:\/\/www.cofb.org\/#\/schema\/person\/22ed7eea88da74b0fa4d3154ad87ffcb","name":"wpAdminCofbOrg","image":{"@type":"ImageObject","inLanguage":"ca","@id":"https:\/\/www.cofb.org\/#\/schema\/person\/image\/","url":"https:\/\/secure.gravatar.com\/avatar\/1721b20b3b8ca882c3b56ec6c978c594fff670e40c0718e9190eaeeb76aae7d8?s=96&d=mm&r=g","contentUrl":"https:\/\/secure.gravatar.com\/avatar\/1721b20b3b8ca882c3b56ec6c978c594fff670e40c0718e9190eaeeb76aae7d8?s=96&d=mm&r=g","caption":"wpAdminCofbOrg"},"sameAs":["http:\/\/192.168.64.122\/wordpress"],"url":"https:\/\/www.cofb.org\/ca\/author\/wpadmincofborg\/"}]}},"uagb_featured_image_src":{"full":["https:\/\/www.cofb.org\/wp-content\/uploads\/2024\/04\/1635146178618_edited-1024x512-1.jpeg",1024,512,false],"thumbnail":["https:\/\/www.cofb.org\/wp-content\/uploads\/2024\/04\/1635146178618_edited-1024x512-1-150x150.jpeg",150,150,true],"medium":["https:\/\/www.cofb.org\/wp-content\/uploads\/2024\/04\/1635146178618_edited-1024x512-1-300x150.jpeg",300,150,true],"medium_large":["https:\/\/www.cofb.org\/wp-content\/uploads\/2024\/04\/1635146178618_edited-1024x512-1-768x384.jpeg",768,384,true],"large":["https:\/\/www.cofb.org\/wp-content\/uploads\/2024\/04\/1635146178618_edited-1024x512-1.jpeg",1024,512,false],"1536x1536":["https:\/\/www.cofb.org\/wp-content\/uploads\/2024\/04\/1635146178618_edited-1024x512-1.jpeg",1024,512,false],"2048x2048":["https:\/\/www.cofb.org\/wp-content\/uploads\/2024\/04\/1635146178618_edited-1024x512-1.jpeg",1024,512,false],"trp-custom-language-flag":["https:\/\/www.cofb.org\/wp-content\/uploads\/2024\/04\/1635146178618_edited-1024x512-1-18x9.jpeg",18,9,true]},"uagb_author_info":{"display_name":"wpAdminCofbOrg","author_link":"https:\/\/www.cofb.org\/ca\/author\/wpadmincofborg\/"},"uagb_comment_info":0,"uagb_excerpt":"El passat 25 d&#8217;octubre es va inaugurar la VII edici\u00f3 del M\u00e0ster d&#8217;Ortop\u00e8dia per a farmac\u00e8utics, que organitzen conjuntament el Col\u00b7legi de Farmac\u00e8utics de Barcelona (COFB) i la Universitat de Barcelona (UB). La inauguraci\u00f3 va anar a c\u00e0rrec de les codirectores del M\u00e0ster, Elena Palau, vocal d&#8217;Ortop\u00e8dia del COFB, i [&hellip;]","_links":{"self":[{"href":"https:\/\/www.cofb.org\/ca\/wp-json\/wp\/v2\/posts\/57399","targetHints":{"allow":["GET"]}}],"collection":[{"href":"https:\/\/www.cofb.org\/ca\/wp-json\/wp\/v2\/posts"}],"about":[{"href":"https:\/\/www.cofb.org\/ca\/wp-json\/wp\/v2\/types\/post"}],"author":[{"embeddable":true,"href":"https:\/\/www.cofb.org\/ca\/wp-json\/wp\/v2\/users\/1"}],"replies":[{"embeddable":true,"href":"https:\/\/www.cofb.org\/ca\/wp-json\/wp\/v2\/comments?post=57399"}],"version-history":[{"count":1,"href":"https:\/\/www.cofb.org\/ca\/wp-json\/wp\/v2\/posts\/57399\/revisions"}],"predecessor-version":[{"id":78116,"href":"https:\/\/www.cofb.org\/ca\/wp-json\/wp\/v2\/posts\/57399\/revisions\/78116"}],"wp:featuredmedia":[{"embeddable":true,"href":"https:\/\/www.cofb.org\/ca\/wp-json\/wp\/v2\/media\/78115"}],"wp:attachment":[{"href":"https:\/\/www.cofb.org\/ca\/wp-json\/wp\/v2\/media?parent=57399"}],"wp:term":[{"taxonomy":"category","embeddable":true,"href":"https:\/\/www.cofb.org\/ca\/wp-json\/wp\/v2\/categories?post=57399"},{"taxonomy":"post_tag","embeddable":true,"href":"https:\/\/www.cofb.org\/ca\/wp-json\/wp\/v2\/tags?post=57399"}],"curies":[{"name":"wp","href":"https:\/\/api.w.org\/{rel}","templated":true}]}}