{"id":57207,"date":"2021-10-20T16:46:44","date_gmt":"2021-10-20T14:46:44","guid":{"rendered":"https:\/\/blog.cofb.cat\/?p=57207"},"modified":"2024-04-05T10:51:17","modified_gmt":"2024-04-05T10:51:17","slug":"la-microbiota-oral-i-el-seu-paper-en-les-infeccions-de-lorella-i-la-gola-tema-central-duna-nova-formacio-al-cofb","status":"publish","type":"post","link":"https:\/\/www.cofb.org\/ca\/2021\/10\/20\/la-microbiota-oral-i-el-seu-paper-en-les-infeccions-de-lorella-i-la-gola-tema-central-duna-nova-formacio-al-cofb\/","title":{"rendered":"La microbiota oral i el seu paper en les infeccions de l&#8217;orella i la gola, tema central d&#8217;una nova formaci\u00f3 al COFB"},"content":{"rendered":"\n<p>El passat <strong>14 d&#8217;octubre<\/strong> va tenir lloc al <strong>Col\u00b7legi de Farmac\u00e8utics de Barcelona (COFB) <\/strong>la formaci\u00f3 <strong>&#8220;Microbiota oral: primera l\u00ednia de defensa davant les infeccions d&#8217;orella i de gola&#8221;<\/strong>, a c\u00e0rrec del <strong>Dr. F. Javier Hern\u00e1ndez Calv\u00edn<\/strong>, cap de la Unitat d&#8217;Otorrinolaringologia Pedi\u00e0trica a l&#8217;Hospital Universitari Quir\u00f3n-Salut Madrid, que va comptar amb el patrocini de <strong><a href=\"https:\/\/biotical.es\/es\/\" target=\"_blank\" rel=\"noreferrer noopener\">Biotical Health<\/a><\/strong>. La formaci\u00f3, adre\u00e7ada a <strong>farmac\u00e8utics comunitaris<\/strong>, va estar coordinada per <strong>Anna Bach-Faig<\/strong>, vocal d&#8217;Alimentaci\u00f3 i Nutrici\u00f3 del COFB.<\/p>\n\n\n\n<figure class=\"wp-block-image size-large\"><img decoding=\"async\" src=\"https:\/\/blog.cofb.cat\/wp-content\/uploads\/2021\/10\/Microbiota-39_copia-1024x466.png\" alt=\"El Dr. F. Javier Hern\u00e1ndez Calv\u00edn i la vocal d'Alimentaci\u00f3 i Nutrici\u00f3 del COFB, Anna Bach-Faig, durant la formaci\u00f3. \" class=\"wp-image-57325\" title=\"El Dr. F. Javier Hern\u00e1ndez Calv\u00edn i la vocal d'Alimentaci\u00f3 i Nutrici\u00f3 del COFB, Anna Bach-Faig, durant la formaci\u00f3.\"\/><figcaption>El Dr. F. Javier Hern\u00e1ndez Calv\u00edn i la vocal d&#8217;Alimentaci\u00f3 i Nutrici\u00f3 del COFB, Anna Bach-Faig, durant la formaci\u00f3. <\/figcaption><\/figure>\n\n\n\n<h1 class=\"wp-block-heading\"><strong>La import\u00e0ncia de la patologia de l&#8217;o\u00efda mitjana en la inf\u00e0ncia<\/strong><\/h1>\n\n\n\n<p>Segons va explicar el <strong>Dr. F. Javier Hern\u00e1ndez Calv\u00edn<\/strong>, la <strong>patologia de l&#8217;o\u00efda mitjana<\/strong> \u00e9s la <strong>segona malaltia m\u00e9s freq\u00fcent<\/strong> en la inf\u00e0ncia, nom\u00e9s per darrere de les <strong>infeccions del tracte respiratori superior (ITRS)<\/strong>. Entre un 50 i un 85% dels infants tenen un episodi d&#8217;<strong>otitis mitjana aguda (OMA)<\/strong> fins als tres anys. I un 30% dels infants menors de 5 anys tenen OMA recurrent.<\/p>\n\n\n\n<p>Es tracta, a m\u00e9s, d\u2019una malaltia amb una <strong>elevada morbiditat<\/strong>, ja que \u00e9s la <strong>causa m\u00e9s freq\u00fcent de prescripci\u00f3 antibi\u00f2tica<\/strong> en menors de quatre anys; la causa m\u00e9s freq\u00fcent de <strong>p\u00e8rdua auditiva <\/strong>en la <strong>inf\u00e0ncia<\/strong> (plasticitat neuronal) i la causa m\u00e9s freq\u00fcent d\u2019<strong>indicaci\u00f3 quir\u00fargica <\/strong>en la inf\u00e0ncia (tubs de drenatge transtimp\u00e0nics).<\/p>\n\n\n\n<p><\/p>\n\n\n\n<div class=\"box note\"><\/p>\n\n\n\n<h1 class=\"wp-block-heading\"><strong>Microbiota oral: implicacions en la salut ORL i paper dels probi\u00f2tics<\/strong><\/h1>\n\n\n\n<p><\/p>\n\n\n\n<p>La <strong>cavitat oral<\/strong> acull una de les <strong>comunitats de microorganismes<\/strong> m\u00e9s <strong>diverses<\/strong> i <strong>\u00faniques<\/strong> del cos hum\u00e0. S&#8217;han identificat <strong>m\u00e9s de 700 esp\u00e8cies bacterianes<\/strong> en aquesta zona i la <strong>composici\u00f3<\/strong> i la<strong> relaci\u00f3 <\/strong>que tenen amb la salut, no nom\u00e9s de la <strong>cavitat oral<\/strong>, s&#8217;ha convertit en un <strong>focus de recerca intensa<\/strong> en els <strong>\u00faltims anys<\/strong>. Tal com passa a l&#8217;<strong>intest\u00ed<\/strong>, l&#8217;<strong>equilibri entre els diferents tipus de bacteris<\/strong> es considera fonamental per garantir una <strong>funci\u00f3 fisiol\u00f2gica adequada<\/strong> i evitar possibles<strong> processos patol\u00f2gics<\/strong>.<\/p>\n\n\n\n<p>Tenint en compte que es tracta d&#8217;un <strong>camp en estudi<\/strong> i <strong>evoluci\u00f3 constant<\/strong>, durant la sessi\u00f3 es va fer un rep\u00e0s de la <strong>microbiota oral<\/strong>, les <strong>implicacions que t\u00e9 en la salut ORL<\/strong> i el <strong>paper dels probi\u00f2tics<\/strong> en les malalties relacionades amb les <strong>vies respirat\u00f2ries altes<\/strong>.<\/p>\n\n\n\n<p><\/div>\n\n\n\n<h1 class=\"wp-block-heading\"><strong>Impacte ambiental en el microbioma del tracte respiratori superior i l&#8217;orella mitjana<\/strong><\/h1>\n\n\n\n<p>Dins d&#8217;aquest bloc, el doctor va aprofundir en l&#8217;<strong>impacte<\/strong> que poden tenir en el <strong>microbioma del tracte respiratori superior<\/strong> i l&#8217;<strong>orella mitjana <\/strong>els <strong>antibi\u00f2tics<\/strong>, la <strong>lact\u00e0ncia materna<\/strong>, la <strong>vitamina D<\/strong> i el <strong>tabac<\/strong>. <\/p>\n\n\n\n<p>En relaci\u00f3 amb els <strong>antibi\u00f2tics<\/strong>, el cap de la Unitat d&#8217;Otorinolaringologia Pedi\u00e0trica a l&#8217;Hospital Universitari Quir\u00f3n-Salut Madrid, va referir-se a un estudi que mostrava que el <strong>tractament antibi\u00f2tic recent<\/strong> \u00e9s el factor inductor m\u00e9s robust de canvi de la microbiota de la nasofaringe. En el cas del <strong>tabac<\/strong>, va afirmar que els infants que viuen en un <strong>ambient tab\u00e0quic<\/strong> tenen un risc m\u00e9s elevat d&#8217;otitis mitjana aguda (OMA), per\u00f2 la seva relaci\u00f3 amb la microbiota de la nasofaringe o de l&#8217;orella mitjana no ha estat estudiada. <\/p>\n\n\n\n<figure class=\"wp-block-image size-large\"><img decoding=\"async\" src=\"https:\/\/blog.cofb.cat\/wp-content\/uploads\/2021\/10\/Microbiota-15-1024x452.png\" alt=\"El Dr. F. Javier Hern\u00e1ndez Calv\u00edn va abordar durant la seva intervenci\u00f3 l'administraci\u00f3 de probi\u00f2tics en la inf\u00e0ncia en relaci\u00f3 amb la patologia ORL.\" class=\"wp-image-57329\" title=\"El Dr. F. Javier Hern\u00e1ndez Calv\u00edn va abordar durant la seva intervenci\u00f3 l'administraci\u00f3 de probi\u00f2tics en la inf\u00e0ncia en relaci\u00f3 amb la patologia ORL.\"\/><figcaption>El Dr. F. Javier Hern\u00e1ndez Calv\u00edn va abordar durant la seva intervenci\u00f3 l&#8217;administraci\u00f3 de probi\u00f2tics en la inf\u00e0ncia en relaci\u00f3 amb la patologia ORL.<\/figcaption><\/figure>\n\n\n\n<h1 class=\"wp-block-heading\"><strong>Els probi\u00f2tics<\/strong><\/h1>\n\n\n\n<p>Segons, l&#8217;Organitzaci\u00f3 Mundial de la Salut (OMS), els <strong>probi\u00f2tics<\/strong> s\u00f3n <strong>microorganismes vius<\/strong> que, <strong>administrats en les quantitats adequades<\/strong>, confereixen un benefici per a la salut de l&#8217;hoste. <\/p>\n\n\n\n<p>Tal com va exposar el <strong>Dr. F. Javier Hern\u00e1ndez Calv\u00edn<\/strong>, hi ha <strong>3 grans grups de probi\u00f2tics<\/strong>: <strong>ferments l\u00e0ctics<\/strong>, <strong>bifidobacteris<\/strong> i <strong>llevats<\/strong>. Pel que fa a les <strong>caracter\u00edstiques d&#8217;un probi\u00f2tic oral ideal<\/strong>, el doctor va fer refer\u00e8ncia a:<\/p>\n\n\n\n<ul class=\"wp-block-list\"><li>L&#8217;<strong>especificitat<\/strong>: Capacitat de colonitzaci\u00f3 dels n\u00ednxols implicats en la patologia, reduir la capacitat d&#8217;invasi\u00f3 de la mucosa per agents pat\u00f2gens i antagonisme espec\u00edfic (in vitro\/in vivo) davant aquests pat\u00f2gens.<\/li><li>La <strong>seguretat<\/strong><\/li><li>L&#8217;<strong>estabilitat<\/strong>: Superviv\u00e8ncia de la soca i persist\u00e8ncia en el temps.<\/li><li>L&#8217;<strong>efic\u00e0cia demostrada<\/strong> en assajos controlats. <\/li><\/ul>\n\n\n\n<h1 class=\"wp-block-heading\"><strong>Probi\u00f2tics i infeccions de repetici\u00f3<\/strong><\/h1>\n\n\n\n<p>Finalment, el doctor va fer refer\u00e8ncia a l&#8217;<strong>administraci\u00f3 de probi\u00f2tics en la inf\u00e0ncia<\/strong> en relaci\u00f3 amb la <strong>patologia ORL<\/strong>. I va explicar que poden aconsellar-se en aquells pacients amb <strong>infeccions de repetici\u00f3 <\/strong>en el tracte respiratori superior com: otitis mitjana aguda, amigdalitis aguda i rinosinusitis aguda v\u00edrica\/bacteriana. Tamb\u00e9 en aquells que han tingut un acc\u00e9s preco\u00e7 a les <strong>llars d&#8217;infants<\/strong> o que pateixen alteracions en l<strong>&#8216;alimentaci\u00f3<\/strong>. <\/p>\n\n\n\n<figure class=\"wp-block-image size-large\"><img decoding=\"async\" src=\"https:\/\/blog.cofb.cat\/wp-content\/uploads\/2021\/10\/Microbiota_formacio-1-1024x726.jpg\" alt=\"Segons l'OMS, els probi\u00f2tics s\u00f3n microorganismes vius que, administrats en les quantitats adequades, confereixen un benefici per a la salut de l'hoste.\" class=\"wp-image-57336\" title=\"Segons l'OMS, els probi\u00f2tics s\u00f3n microorganismes vius que, administrats en les quantitats adequades, confereixen un benefici per a la salut de l'hoste.\"\/><figcaption>Segons l&#8217;OMS, els probi\u00f2tics s\u00f3n microorganismes vius que, administrats en les quantitats adequades, confereixen un benefici per a la salut de l&#8217;hoste.<\/figcaption><\/figure>\n\n\n\n<h1 class=\"wp-block-heading\"><strong>Conclusions<\/strong><\/h1>\n\n\n\n<p>Com a <strong>conclusions<\/strong> de la seva intervenci\u00f3, el doctor va exposar que encara queden <strong>q\u00fcestions clau<\/strong> per respondre sobre la <strong>din\u00e0mica del microbioma<\/strong> en la <strong>patog\u00e8nesi de l&#8217;otitis mitjana<\/strong> i que \u00e9s necess\u00e0ria una <strong>millora en l&#8217;obtenci\u00f3 de mostres<\/strong>. Tamb\u00e9 va destacar que fan falta <strong>nous estudis<\/strong> per entendre com els <strong>factors ambientals<\/strong> i <strong>gen\u00e8tics<\/strong> modifiquen el <strong>desenvolupament de la microbiota<\/strong> en l&#8217;<strong>esfera otorrinolaringol\u00f2gica<\/strong>. <\/p>\n\n\n\n<p class=\"has-text-align-right\"><strong>Amb el patrocini de:<\/strong><\/p>\n\n\n\n<div class=\"wp-block-image\"><figure class=\"alignright size-large is-resized\"><a href=\"https:\/\/biotical.es\/es\/\" target=\"_blank\" rel=\"noopener\"><img decoding=\"async\" src=\"https:\/\/blog.cofb.cat\/wp-content\/uploads\/2021\/10\/biotical-health-Logocolor-1024x565.png\" alt=\"\" class=\"wp-image-57344\" width=\"163\" height=\"90\"\/><\/a><\/figure><\/div>\n\n\n\n<p><\/p>\n\n\n\n<p><\/p>\n\n\n\n<p><\/p>\n\n\n\n<p><strong>Altres publicacions d&#8217;inter\u00e8s:<\/strong><\/p>\n\n\n\n<p><\/p>\n\n\n\n<ul class=\"wp-block-list\"><li><a href=\"https:\/\/blog.cofb.cat\/abordant-patologies-otorrinolaringologiques-orl-farmacia\/\">Abordant les patologies otorrinolaringol\u00f2giques (ORL) des de la farm\u00e0cia (Juliol 2019)<\/a><\/li><li><a href=\"https:\/\/blog.cofb.cat\/afecten-medicaments-microbiota-nova-edicio-tertulies-dactualitat\/\">Com afecten els medicaments a la microbiota? Nova edici\u00f3 de les tert\u00falies d\u2019actualitat (Maig 2019)<\/a><\/li><li><a href=\"https:\/\/blog.cofb.cat\/ciencia-i-evidencia-dels-probiotics-en-la-infancia\/\">Ci\u00e8ncia i evid\u00e8ncia dels probi\u00f2tics en la inf\u00e0ncia (Mar\u00e7 2018)<\/a><\/li><\/ul>\n\n\n\n<p><\/p>\n\n\n\n<p><\/p>\n\n\n\n<p><\/p>\n","protected":false},"excerpt":{"rendered":"<p>El passat 14 d&#8217;octubre va tenir lloc al Col\u00b7legi de Farmac\u00e8utics de Barcelona (COFB) la formaci\u00f3 &#8220;Microbiota oral: primera l\u00ednia de defensa davant les infeccions d&#8217;orella i de gola&#8221;, a c\u00e0rrec del Dr. F. Javier Hern\u00e1ndez Calv\u00edn, cap de la Unitat d&#8217;Otorrinolaringologia Pedi\u00e0trica a l&#8217;Hospital Universitari Quir\u00f3n-Salut Madrid, que va [&hellip;]<\/p>\n","protected":false},"author":1,"featured_media":78119,"comment_status":"open","ping_status":"open","sticky":false,"template":"","format":"standard","meta":{"_uag_custom_page_level_css":"","site-sidebar-layout":"default","site-content-layout":"","ast-site-content-layout":"default","site-content-style":"default","site-sidebar-style":"default","ast-global-header-display":"","ast-banner-title-visibility":"","ast-main-header-display":"","ast-hfb-above-header-display":"","ast-hfb-below-header-display":"","ast-hfb-mobile-header-display":"","site-post-title":"","ast-breadcrumbs-content":"","ast-featured-img":"disabled","footer-sml-layout":"","theme-transparent-header-meta":"","adv-header-id-meta":"","stick-header-meta":"","header-above-stick-meta":"","header-main-stick-meta":"","header-below-stick-meta":"","astra-migrate-meta-layouts":"set","ast-page-background-enabled":"default","ast-page-background-meta":{"desktop":{"background-color":"var(--ast-global-color-4)","background-image":"","background-repeat":"repeat","background-position":"center center","background-size":"auto","background-attachment":"scroll","background-type":"","background-media":"","overlay-type":"","overlay-color":"","overlay-opacity":"","overlay-gradient":""},"tablet":{"background-color":"","background-image":"","background-repeat":"repeat","background-position":"center center","background-size":"auto","background-attachment":"scroll","background-type":"","background-media":"","overlay-type":"","overlay-color":"","overlay-opacity":"","overlay-gradient":""},"mobile":{"background-color":"","background-image":"","background-repeat":"repeat","background-position":"center center","background-size":"auto","background-attachment":"scroll","background-type":"","background-media":"","overlay-type":"","overlay-color":"","overlay-opacity":"","overlay-gradient":""}},"ast-content-background-meta":{"desktop":{"background-color":"var(--ast-global-color-5)","background-image":"","background-repeat":"repeat","background-position":"center center","background-size":"auto","background-attachment":"scroll","background-type":"","background-media":"","overlay-type":"","overlay-color":"","overlay-opacity":"","overlay-gradient":""},"tablet":{"background-color":"var(--ast-global-color-5)","background-image":"","background-repeat":"repeat","background-position":"center center","background-size":"auto","background-attachment":"scroll","background-type":"","background-media":"","overlay-type":"","overlay-color":"","overlay-opacity":"","overlay-gradient":""},"mobile":{"background-color":"var(--ast-global-color-5)","background-image":"","background-repeat":"repeat","background-position":"center center","background-size":"auto","background-attachment":"scroll","background-type":"","background-media":"","overlay-type":"","overlay-color":"","overlay-opacity":"","overlay-gradient":""}},"footnotes":""},"categories":[23,57],"tags":[36,16,64,18,24,69,70,76,95,3892,117,510,388],"class_list":["post-57207","post","type-post","status-publish","format-standard","has-post-thumbnail","hentry","category-destacats","category-mon-collegial","tag-alimentacio","tag-alimentacio-i-nutricio","tag-atencio-farmaceutica","tag-cofb","tag-farmaceutics-comunitaris","tag-farmacia-comunitaria","tag-formacio","tag-oficina-de-farmacia","tag-probiotics","tag-probiotics-i-prebiotics","tag-salut","tag-sanitat","tag-vocalia-alimentacio-i-nutricio"],"yoast_head":"<!-- This site is optimized with the Yoast SEO plugin v22.4 - https:\/\/yoast.com\/wordpress\/plugins\/seo\/ -->\n<title>La microbiota oral i el seu paper en les infeccions de l&#039;orella i la gola, tema central d&#039;una nova formaci\u00f3 al COFB - Col\u00b7legi de Farmac\u00e8utics de Barcelona<\/title>\n<meta name=\"description\" content=\"El passat 14 d&#039;octubre va tenir lloc al COFB la formaci\u00f3 &quot;Microbiota oral: primera l\u00ednia de defensa davant les infeccions d&#039;orella i de gola&quot;, a c\u00e0rrec del Dr. F. Javier Hern\u00e1ndez Calv\u00edn.\" \/>\n<meta name=\"robots\" content=\"index, follow, max-snippet:-1, max-image-preview:large, max-video-preview:-1\" \/>\n<link rel=\"canonical\" href=\"https:\/\/novaorg.cofb.net\/2021\/10\/20\/la-microbiota-oral-i-el-seu-paper-en-les-infeccions-de-lorella-i-la-gola-tema-central-duna-nova-formacio-al-cofb\/\" \/>\n<meta property=\"og:locale\" content=\"ca_ES\" \/>\n<meta property=\"og:type\" content=\"article\" \/>\n<meta property=\"og:title\" content=\"La microbiota oral i el seu paper en les infeccions de l&#039;orella i la gola, tema central d&#039;una nova formaci\u00f3 al COFB - Col\u00b7legi de Farmac\u00e8utics de Barcelona\" \/>\n<meta property=\"og:description\" content=\"El passat 14 d&#039;octubre va tenir lloc al COFB la formaci\u00f3 &quot;Microbiota oral: primera l\u00ednia de defensa davant les infeccions d&#039;orella i de gola&quot;, a c\u00e0rrec del Dr. F. Javier Hern\u00e1ndez Calv\u00edn.\" \/>\n<meta property=\"og:url\" content=\"https:\/\/novaorg.cofb.net\/2021\/10\/20\/la-microbiota-oral-i-el-seu-paper-en-les-infeccions-de-lorella-i-la-gola-tema-central-duna-nova-formacio-al-cofb\/\" \/>\n<meta property=\"og:site_name\" content=\"Col\u00b7legi de Farmac\u00e8utics de Barcelona\" \/>\n<meta property=\"article:publisher\" content=\"https:\/\/www.facebook.com\/farmaceuticsbcn\/\" \/>\n<meta property=\"article:published_time\" content=\"2021-10-20T14:46:44+00:00\" \/>\n<meta property=\"article:modified_time\" content=\"2024-04-05T10:51:17+00:00\" \/>\n<meta property=\"og:image\" content=\"https:\/\/novaorg.cofb.net\/wp-content\/uploads\/2024\/04\/Microbiota-39_copia-1024x466-1.png\" \/>\n\t<meta property=\"og:image:width\" content=\"1024\" \/>\n\t<meta property=\"og:image:height\" content=\"466\" \/>\n\t<meta property=\"og:image:type\" content=\"image\/png\" \/>\n<meta name=\"author\" content=\"wpAdminCofbOrg\" \/>\n<meta name=\"twitter:card\" content=\"summary_large_image\" \/>\n<meta name=\"twitter:creator\" content=\"@farmaceuticsbcn\" \/>\n<meta name=\"twitter:site\" content=\"@farmaceuticsbcn\" \/>\n<meta name=\"twitter:label1\" content=\"Escrit per\" \/>\n\t<meta name=\"twitter:data1\" content=\"wpAdminCofbOrg\" \/>\n\t<meta name=\"twitter:label2\" content=\"Temps estimat de lectura\" \/>\n\t<meta name=\"twitter:data2\" content=\"6 minuts\" \/>\n<script type=\"application\/ld+json\" class=\"yoast-schema-graph\">{\"@context\":\"https:\/\/schema.org\",\"@graph\":[{\"@type\":\"Article\",\"@id\":\"https:\/\/novaorg.cofb.net\/2021\/10\/20\/la-microbiota-oral-i-el-seu-paper-en-les-infeccions-de-lorella-i-la-gola-tema-central-duna-nova-formacio-al-cofb\/#article\",\"isPartOf\":{\"@id\":\"https:\/\/novaorg.cofb.net\/2021\/10\/20\/la-microbiota-oral-i-el-seu-paper-en-les-infeccions-de-lorella-i-la-gola-tema-central-duna-nova-formacio-al-cofb\/\"},\"author\":{\"name\":\"wpAdminCofbOrg\",\"@id\":\"https:\/\/www.cofb.org\/#\/schema\/person\/22ed7eea88da74b0fa4d3154ad87ffcb\"},\"headline\":\"La microbiota oral i el seu paper en les infeccions de l&#8217;orella i la gola, tema central d&#8217;una nova formaci\u00f3 al COFB\",\"datePublished\":\"2021-10-20T14:46:44+00:00\",\"dateModified\":\"2024-04-05T10:51:17+00:00\",\"mainEntityOfPage\":{\"@id\":\"https:\/\/novaorg.cofb.net\/2021\/10\/20\/la-microbiota-oral-i-el-seu-paper-en-les-infeccions-de-lorella-i-la-gola-tema-central-duna-nova-formacio-al-cofb\/\"},\"wordCount\":989,\"commentCount\":0,\"publisher\":{\"@id\":\"https:\/\/www.cofb.org\/#organization\"},\"image\":{\"@id\":\"https:\/\/novaorg.cofb.net\/2021\/10\/20\/la-microbiota-oral-i-el-seu-paper-en-les-infeccions-de-lorella-i-la-gola-tema-central-duna-nova-formacio-al-cofb\/#primaryimage\"},\"thumbnailUrl\":\"https:\/\/www.cofb.org\/wp-content\/uploads\/2024\/04\/Microbiota-39_copia-1024x466-1.png\",\"keywords\":[\"alimentaci\u00f3\",\"Alimentaci\u00f3 i nutrici\u00f3\",\"Atenci\u00f3 farmac\u00e8utica\",\"COFB\",\"farmac\u00e8utics comunitaris\",\"farm\u00e0cia comunit\u00e0ria\",\"Formaci\u00f3\",\"Oficina de farm\u00e0cia\",\"probi\u00f2tics\",\"probi\u00f2tics i prebi\u00f2tics\",\"salut\",\"sanitat\",\"vocalia alimentaci\u00f3 i nutrici\u00f3\"],\"articleSection\":[\"Destacats\",\"M\u00f3n col\u00b7legial\"],\"inLanguage\":\"ca\",\"potentialAction\":[{\"@type\":\"CommentAction\",\"name\":\"Comment\",\"target\":[\"https:\/\/novaorg.cofb.net\/2021\/10\/20\/la-microbiota-oral-i-el-seu-paper-en-les-infeccions-de-lorella-i-la-gola-tema-central-duna-nova-formacio-al-cofb\/#respond\"]}]},{\"@type\":\"WebPage\",\"@id\":\"https:\/\/novaorg.cofb.net\/2021\/10\/20\/la-microbiota-oral-i-el-seu-paper-en-les-infeccions-de-lorella-i-la-gola-tema-central-duna-nova-formacio-al-cofb\/\",\"url\":\"https:\/\/novaorg.cofb.net\/2021\/10\/20\/la-microbiota-oral-i-el-seu-paper-en-les-infeccions-de-lorella-i-la-gola-tema-central-duna-nova-formacio-al-cofb\/\",\"name\":\"La microbiota oral i el seu paper en les infeccions de l'orella i la gola, tema central d'una nova formaci\u00f3 al COFB - Col\u00b7legi de Farmac\u00e8utics de Barcelona\",\"isPartOf\":{\"@id\":\"https:\/\/www.cofb.org\/#website\"},\"primaryImageOfPage\":{\"@id\":\"https:\/\/novaorg.cofb.net\/2021\/10\/20\/la-microbiota-oral-i-el-seu-paper-en-les-infeccions-de-lorella-i-la-gola-tema-central-duna-nova-formacio-al-cofb\/#primaryimage\"},\"image\":{\"@id\":\"https:\/\/novaorg.cofb.net\/2021\/10\/20\/la-microbiota-oral-i-el-seu-paper-en-les-infeccions-de-lorella-i-la-gola-tema-central-duna-nova-formacio-al-cofb\/#primaryimage\"},\"thumbnailUrl\":\"https:\/\/www.cofb.org\/wp-content\/uploads\/2024\/04\/Microbiota-39_copia-1024x466-1.png\",\"datePublished\":\"2021-10-20T14:46:44+00:00\",\"dateModified\":\"2024-04-05T10:51:17+00:00\",\"description\":\"El passat 14 d'octubre va tenir lloc al COFB la formaci\u00f3 \\\"Microbiota oral: primera l\u00ednia de defensa davant les infeccions d'orella i de gola\\\", a c\u00e0rrec del Dr. F. Javier Hern\u00e1ndez Calv\u00edn.\",\"breadcrumb\":{\"@id\":\"https:\/\/novaorg.cofb.net\/2021\/10\/20\/la-microbiota-oral-i-el-seu-paper-en-les-infeccions-de-lorella-i-la-gola-tema-central-duna-nova-formacio-al-cofb\/#breadcrumb\"},\"inLanguage\":\"ca\",\"potentialAction\":[{\"@type\":\"ReadAction\",\"target\":[\"https:\/\/novaorg.cofb.net\/2021\/10\/20\/la-microbiota-oral-i-el-seu-paper-en-les-infeccions-de-lorella-i-la-gola-tema-central-duna-nova-formacio-al-cofb\/\"]}]},{\"@type\":\"ImageObject\",\"inLanguage\":\"ca\",\"@id\":\"https:\/\/novaorg.cofb.net\/2021\/10\/20\/la-microbiota-oral-i-el-seu-paper-en-les-infeccions-de-lorella-i-la-gola-tema-central-duna-nova-formacio-al-cofb\/#primaryimage\",\"url\":\"https:\/\/www.cofb.org\/wp-content\/uploads\/2024\/04\/Microbiota-39_copia-1024x466-1.png\",\"contentUrl\":\"https:\/\/www.cofb.org\/wp-content\/uploads\/2024\/04\/Microbiota-39_copia-1024x466-1.png\",\"width\":1024,\"height\":466},{\"@type\":\"BreadcrumbList\",\"@id\":\"https:\/\/novaorg.cofb.net\/2021\/10\/20\/la-microbiota-oral-i-el-seu-paper-en-les-infeccions-de-lorella-i-la-gola-tema-central-duna-nova-formacio-al-cofb\/#breadcrumb\",\"itemListElement\":[{\"@type\":\"ListItem\",\"position\":1,\"name\":\"Inici\",\"item\":\"https:\/\/novaorg.cofb.net\/\"},{\"@type\":\"ListItem\",\"position\":2,\"name\":\"La microbiota oral i el seu paper en les infeccions de l&#8217;orella i la gola, tema central d&#8217;una nova formaci\u00f3 al COFB\"}]},{\"@type\":\"WebSite\",\"@id\":\"https:\/\/www.cofb.org\/#website\",\"url\":\"https:\/\/www.cofb.org\/\",\"name\":\"Col\u00b7legi de Farmac\u00e8utics de Barcelona\",\"description\":\"\",\"publisher\":{\"@id\":\"https:\/\/www.cofb.org\/#organization\"},\"potentialAction\":[{\"@type\":\"SearchAction\",\"target\":{\"@type\":\"EntryPoint\",\"urlTemplate\":\"https:\/\/www.cofb.org\/?s={search_term_string}\"},\"query-input\":\"required name=search_term_string\"}],\"inLanguage\":\"ca\"},{\"@type\":\"Organization\",\"@id\":\"https:\/\/www.cofb.org\/#organization\",\"name\":\"Col\u00b7legi de Farmac\u00e8utics de Barcelona\",\"url\":\"https:\/\/www.cofb.org\/\",\"logo\":{\"@type\":\"ImageObject\",\"inLanguage\":\"ca\",\"@id\":\"https:\/\/www.cofb.org\/#\/schema\/logo\/image\/\",\"url\":\"https:\/\/www.cofb.org\/wp-content\/uploads\/2023\/11\/cropped-Logotip-COFB.png\",\"contentUrl\":\"https:\/\/www.cofb.org\/wp-content\/uploads\/2023\/11\/cropped-Logotip-COFB.png\",\"width\":500,\"height\":105,\"caption\":\"Col\u00b7legi de Farmac\u00e8utics de Barcelona\"},\"image\":{\"@id\":\"https:\/\/www.cofb.org\/#\/schema\/logo\/image\/\"},\"sameAs\":[\"https:\/\/www.facebook.com\/farmaceuticsbcn\/\",\"https:\/\/twitter.com\/farmaceuticsbcn\",\"https:\/\/www.instagram.com\/farmaceuticsbcn\/\",\"https:\/\/www.linkedin.com\/company\/farmaceuticsbcn\/\"]},{\"@type\":\"Person\",\"@id\":\"https:\/\/www.cofb.org\/#\/schema\/person\/22ed7eea88da74b0fa4d3154ad87ffcb\",\"name\":\"wpAdminCofbOrg\",\"image\":{\"@type\":\"ImageObject\",\"inLanguage\":\"ca\",\"@id\":\"https:\/\/www.cofb.org\/#\/schema\/person\/image\/\",\"url\":\"https:\/\/secure.gravatar.com\/avatar\/1721b20b3b8ca882c3b56ec6c978c594fff670e40c0718e9190eaeeb76aae7d8?s=96&d=mm&r=g\",\"contentUrl\":\"https:\/\/secure.gravatar.com\/avatar\/1721b20b3b8ca882c3b56ec6c978c594fff670e40c0718e9190eaeeb76aae7d8?s=96&d=mm&r=g\",\"caption\":\"wpAdminCofbOrg\"},\"sameAs\":[\"http:\/\/192.168.64.122\/wordpress\"],\"url\":\"https:\/\/www.cofb.org\/ca\/author\/wpadmincofborg\/\"}]}<\/script>\n<!-- \/ Yoast SEO plugin. -->","yoast_head_json":{"title":"La microbiota oral i el seu paper en les infeccions de l'orella i la gola, tema central d'una nova formaci\u00f3 al COFB - Col\u00b7legi de Farmac\u00e8utics de Barcelona","description":"El passat 14 d'octubre va tenir lloc al COFB la formaci\u00f3 \"Microbiota oral: primera l\u00ednia de defensa davant les infeccions d'orella i de gola\", a c\u00e0rrec del Dr. F. Javier Hern\u00e1ndez Calv\u00edn.","robots":{"index":"index","follow":"follow","max-snippet":"max-snippet:-1","max-image-preview":"max-image-preview:large","max-video-preview":"max-video-preview:-1"},"canonical":"https:\/\/novaorg.cofb.net\/2021\/10\/20\/la-microbiota-oral-i-el-seu-paper-en-les-infeccions-de-lorella-i-la-gola-tema-central-duna-nova-formacio-al-cofb\/","og_locale":"ca_ES","og_type":"article","og_title":"La microbiota oral i el seu paper en les infeccions de l'orella i la gola, tema central d'una nova formaci\u00f3 al COFB - Col\u00b7legi de Farmac\u00e8utics de Barcelona","og_description":"El passat 14 d'octubre va tenir lloc al COFB la formaci\u00f3 \"Microbiota oral: primera l\u00ednia de defensa davant les infeccions d'orella i de gola\", a c\u00e0rrec del Dr. F. Javier Hern\u00e1ndez Calv\u00edn.","og_url":"https:\/\/novaorg.cofb.net\/2021\/10\/20\/la-microbiota-oral-i-el-seu-paper-en-les-infeccions-de-lorella-i-la-gola-tema-central-duna-nova-formacio-al-cofb\/","og_site_name":"Col\u00b7legi de Farmac\u00e8utics de Barcelona","article_publisher":"https:\/\/www.facebook.com\/farmaceuticsbcn\/","article_published_time":"2021-10-20T14:46:44+00:00","article_modified_time":"2024-04-05T10:51:17+00:00","og_image":[{"width":1024,"height":466,"url":"https:\/\/novaorg.cofb.net\/wp-content\/uploads\/2024\/04\/Microbiota-39_copia-1024x466-1.png","type":"image\/png"}],"author":"wpAdminCofbOrg","twitter_card":"summary_large_image","twitter_creator":"@farmaceuticsbcn","twitter_site":"@farmaceuticsbcn","twitter_misc":{"Escrit per":"wpAdminCofbOrg","Temps estimat de lectura":"6 minuts"},"schema":{"@context":"https:\/\/schema.org","@graph":[{"@type":"Article","@id":"https:\/\/novaorg.cofb.net\/2021\/10\/20\/la-microbiota-oral-i-el-seu-paper-en-les-infeccions-de-lorella-i-la-gola-tema-central-duna-nova-formacio-al-cofb\/#article","isPartOf":{"@id":"https:\/\/novaorg.cofb.net\/2021\/10\/20\/la-microbiota-oral-i-el-seu-paper-en-les-infeccions-de-lorella-i-la-gola-tema-central-duna-nova-formacio-al-cofb\/"},"author":{"name":"wpAdminCofbOrg","@id":"https:\/\/www.cofb.org\/#\/schema\/person\/22ed7eea88da74b0fa4d3154ad87ffcb"},"headline":"La microbiota oral i el seu paper en les infeccions de l&#8217;orella i la gola, tema central d&#8217;una nova formaci\u00f3 al COFB","datePublished":"2021-10-20T14:46:44+00:00","dateModified":"2024-04-05T10:51:17+00:00","mainEntityOfPage":{"@id":"https:\/\/novaorg.cofb.net\/2021\/10\/20\/la-microbiota-oral-i-el-seu-paper-en-les-infeccions-de-lorella-i-la-gola-tema-central-duna-nova-formacio-al-cofb\/"},"wordCount":989,"commentCount":0,"publisher":{"@id":"https:\/\/www.cofb.org\/#organization"},"image":{"@id":"https:\/\/novaorg.cofb.net\/2021\/10\/20\/la-microbiota-oral-i-el-seu-paper-en-les-infeccions-de-lorella-i-la-gola-tema-central-duna-nova-formacio-al-cofb\/#primaryimage"},"thumbnailUrl":"https:\/\/www.cofb.org\/wp-content\/uploads\/2024\/04\/Microbiota-39_copia-1024x466-1.png","keywords":["alimentaci\u00f3","Alimentaci\u00f3 i nutrici\u00f3","Atenci\u00f3 farmac\u00e8utica","COFB","farmac\u00e8utics comunitaris","farm\u00e0cia comunit\u00e0ria","Formaci\u00f3","Oficina de farm\u00e0cia","probi\u00f2tics","probi\u00f2tics i prebi\u00f2tics","salut","sanitat","vocalia alimentaci\u00f3 i nutrici\u00f3"],"articleSection":["Destacats","M\u00f3n col\u00b7legial"],"inLanguage":"ca","potentialAction":[{"@type":"CommentAction","name":"Comment","target":["https:\/\/novaorg.cofb.net\/2021\/10\/20\/la-microbiota-oral-i-el-seu-paper-en-les-infeccions-de-lorella-i-la-gola-tema-central-duna-nova-formacio-al-cofb\/#respond"]}]},{"@type":"WebPage","@id":"https:\/\/novaorg.cofb.net\/2021\/10\/20\/la-microbiota-oral-i-el-seu-paper-en-les-infeccions-de-lorella-i-la-gola-tema-central-duna-nova-formacio-al-cofb\/","url":"https:\/\/novaorg.cofb.net\/2021\/10\/20\/la-microbiota-oral-i-el-seu-paper-en-les-infeccions-de-lorella-i-la-gola-tema-central-duna-nova-formacio-al-cofb\/","name":"La microbiota oral i el seu paper en les infeccions de l'orella i la gola, tema central d'una nova formaci\u00f3 al COFB - Col\u00b7legi de Farmac\u00e8utics de Barcelona","isPartOf":{"@id":"https:\/\/www.cofb.org\/#website"},"primaryImageOfPage":{"@id":"https:\/\/novaorg.cofb.net\/2021\/10\/20\/la-microbiota-oral-i-el-seu-paper-en-les-infeccions-de-lorella-i-la-gola-tema-central-duna-nova-formacio-al-cofb\/#primaryimage"},"image":{"@id":"https:\/\/novaorg.cofb.net\/2021\/10\/20\/la-microbiota-oral-i-el-seu-paper-en-les-infeccions-de-lorella-i-la-gola-tema-central-duna-nova-formacio-al-cofb\/#primaryimage"},"thumbnailUrl":"https:\/\/www.cofb.org\/wp-content\/uploads\/2024\/04\/Microbiota-39_copia-1024x466-1.png","datePublished":"2021-10-20T14:46:44+00:00","dateModified":"2024-04-05T10:51:17+00:00","description":"El passat 14 d'octubre va tenir lloc al COFB la formaci\u00f3 \"Microbiota oral: primera l\u00ednia de defensa davant les infeccions d'orella i de gola\", a c\u00e0rrec del Dr. F. Javier Hern\u00e1ndez Calv\u00edn.","breadcrumb":{"@id":"https:\/\/novaorg.cofb.net\/2021\/10\/20\/la-microbiota-oral-i-el-seu-paper-en-les-infeccions-de-lorella-i-la-gola-tema-central-duna-nova-formacio-al-cofb\/#breadcrumb"},"inLanguage":"ca","potentialAction":[{"@type":"ReadAction","target":["https:\/\/novaorg.cofb.net\/2021\/10\/20\/la-microbiota-oral-i-el-seu-paper-en-les-infeccions-de-lorella-i-la-gola-tema-central-duna-nova-formacio-al-cofb\/"]}]},{"@type":"ImageObject","inLanguage":"ca","@id":"https:\/\/novaorg.cofb.net\/2021\/10\/20\/la-microbiota-oral-i-el-seu-paper-en-les-infeccions-de-lorella-i-la-gola-tema-central-duna-nova-formacio-al-cofb\/#primaryimage","url":"https:\/\/www.cofb.org\/wp-content\/uploads\/2024\/04\/Microbiota-39_copia-1024x466-1.png","contentUrl":"https:\/\/www.cofb.org\/wp-content\/uploads\/2024\/04\/Microbiota-39_copia-1024x466-1.png","width":1024,"height":466},{"@type":"BreadcrumbList","@id":"https:\/\/novaorg.cofb.net\/2021\/10\/20\/la-microbiota-oral-i-el-seu-paper-en-les-infeccions-de-lorella-i-la-gola-tema-central-duna-nova-formacio-al-cofb\/#breadcrumb","itemListElement":[{"@type":"ListItem","position":1,"name":"Inici","item":"https:\/\/novaorg.cofb.net\/"},{"@type":"ListItem","position":2,"name":"La microbiota oral i el seu paper en les infeccions de l&#8217;orella i la gola, tema central d&#8217;una nova formaci\u00f3 al COFB"}]},{"@type":"WebSite","@id":"https:\/\/www.cofb.org\/#website","url":"https:\/\/www.cofb.org\/","name":"Col\u00b7legi de Farmac\u00e8utics de Barcelona","description":"","publisher":{"@id":"https:\/\/www.cofb.org\/#organization"},"potentialAction":[{"@type":"SearchAction","target":{"@type":"EntryPoint","urlTemplate":"https:\/\/www.cofb.org\/?s={search_term_string}"},"query-input":"required name=search_term_string"}],"inLanguage":"ca"},{"@type":"Organization","@id":"https:\/\/www.cofb.org\/#organization","name":"Col\u00b7legi de Farmac\u00e8utics de Barcelona","url":"https:\/\/www.cofb.org\/","logo":{"@type":"ImageObject","inLanguage":"ca","@id":"https:\/\/www.cofb.org\/#\/schema\/logo\/image\/","url":"https:\/\/www.cofb.org\/wp-content\/uploads\/2023\/11\/cropped-Logotip-COFB.png","contentUrl":"https:\/\/www.cofb.org\/wp-content\/uploads\/2023\/11\/cropped-Logotip-COFB.png","width":500,"height":105,"caption":"Col\u00b7legi de Farmac\u00e8utics de Barcelona"},"image":{"@id":"https:\/\/www.cofb.org\/#\/schema\/logo\/image\/"},"sameAs":["https:\/\/www.facebook.com\/farmaceuticsbcn\/","https:\/\/twitter.com\/farmaceuticsbcn","https:\/\/www.instagram.com\/farmaceuticsbcn\/","https:\/\/www.linkedin.com\/company\/farmaceuticsbcn\/"]},{"@type":"Person","@id":"https:\/\/www.cofb.org\/#\/schema\/person\/22ed7eea88da74b0fa4d3154ad87ffcb","name":"wpAdminCofbOrg","image":{"@type":"ImageObject","inLanguage":"ca","@id":"https:\/\/www.cofb.org\/#\/schema\/person\/image\/","url":"https:\/\/secure.gravatar.com\/avatar\/1721b20b3b8ca882c3b56ec6c978c594fff670e40c0718e9190eaeeb76aae7d8?s=96&d=mm&r=g","contentUrl":"https:\/\/secure.gravatar.com\/avatar\/1721b20b3b8ca882c3b56ec6c978c594fff670e40c0718e9190eaeeb76aae7d8?s=96&d=mm&r=g","caption":"wpAdminCofbOrg"},"sameAs":["http:\/\/192.168.64.122\/wordpress"],"url":"https:\/\/www.cofb.org\/ca\/author\/wpadmincofborg\/"}]}},"uagb_featured_image_src":{"full":["https:\/\/www.cofb.org\/wp-content\/uploads\/2024\/04\/Microbiota-39_copia-1024x466-1.png",1024,466,false],"thumbnail":["https:\/\/www.cofb.org\/wp-content\/uploads\/2024\/04\/Microbiota-39_copia-1024x466-1-150x150.png",150,150,true],"medium":["https:\/\/www.cofb.org\/wp-content\/uploads\/2024\/04\/Microbiota-39_copia-1024x466-1-300x137.png",300,137,true],"medium_large":["https:\/\/www.cofb.org\/wp-content\/uploads\/2024\/04\/Microbiota-39_copia-1024x466-1-768x350.png",768,350,true],"large":["https:\/\/www.cofb.org\/wp-content\/uploads\/2024\/04\/Microbiota-39_copia-1024x466-1.png",1024,466,false],"1536x1536":["https:\/\/www.cofb.org\/wp-content\/uploads\/2024\/04\/Microbiota-39_copia-1024x466-1.png",1024,466,false],"2048x2048":["https:\/\/www.cofb.org\/wp-content\/uploads\/2024\/04\/Microbiota-39_copia-1024x466-1.png",1024,466,false],"trp-custom-language-flag":["https:\/\/www.cofb.org\/wp-content\/uploads\/2024\/04\/Microbiota-39_copia-1024x466-1-18x8.png",18,8,true]},"uagb_author_info":{"display_name":"wpAdminCofbOrg","author_link":"https:\/\/www.cofb.org\/ca\/author\/wpadmincofborg\/"},"uagb_comment_info":0,"uagb_excerpt":"El passat 14 d&#8217;octubre va tenir lloc al Col\u00b7legi de Farmac\u00e8utics de Barcelona (COFB) la formaci\u00f3 &#8220;Microbiota oral: primera l\u00ednia de defensa davant les infeccions d&#8217;orella i de gola&#8221;, a c\u00e0rrec del Dr. F. Javier Hern\u00e1ndez Calv\u00edn, cap de la Unitat d&#8217;Otorrinolaringologia Pedi\u00e0trica a l&#8217;Hospital Universitari Quir\u00f3n-Salut Madrid, que va [&hellip;]","_links":{"self":[{"href":"https:\/\/www.cofb.org\/ca\/wp-json\/wp\/v2\/posts\/57207","targetHints":{"allow":["GET"]}}],"collection":[{"href":"https:\/\/www.cofb.org\/ca\/wp-json\/wp\/v2\/posts"}],"about":[{"href":"https:\/\/www.cofb.org\/ca\/wp-json\/wp\/v2\/types\/post"}],"author":[{"embeddable":true,"href":"https:\/\/www.cofb.org\/ca\/wp-json\/wp\/v2\/users\/1"}],"replies":[{"embeddable":true,"href":"https:\/\/www.cofb.org\/ca\/wp-json\/wp\/v2\/comments?post=57207"}],"version-history":[{"count":1,"href":"https:\/\/www.cofb.org\/ca\/wp-json\/wp\/v2\/posts\/57207\/revisions"}],"predecessor-version":[{"id":78120,"href":"https:\/\/www.cofb.org\/ca\/wp-json\/wp\/v2\/posts\/57207\/revisions\/78120"}],"wp:featuredmedia":[{"embeddable":true,"href":"https:\/\/www.cofb.org\/ca\/wp-json\/wp\/v2\/media\/78119"}],"wp:attachment":[{"href":"https:\/\/www.cofb.org\/ca\/wp-json\/wp\/v2\/media?parent=57207"}],"wp:term":[{"taxonomy":"category","embeddable":true,"href":"https:\/\/www.cofb.org\/ca\/wp-json\/wp\/v2\/categories?post=57207"},{"taxonomy":"post_tag","embeddable":true,"href":"https:\/\/www.cofb.org\/ca\/wp-json\/wp\/v2\/tags?post=57207"}],"curies":[{"name":"wp","href":"https:\/\/api.w.org\/{rel}","templated":true}]}}