{"id":56853,"date":"2021-10-22T10:02:09","date_gmt":"2021-10-22T08:02:09","guid":{"rendered":"https:\/\/blog.cofb.cat\/?p=56853"},"modified":"2024-04-05T10:51:04","modified_gmt":"2024-04-05T10:51:04","slug":"setembre-el-cribratge-escolar-des-de-les-farmacies-i-la-illuminacio-de-la-torre-glories-amb-motiu-del-dia-mundial-del-farmaceutic-temes-mes-destacats-als-mitjans","status":"publish","type":"post","link":"https:\/\/www.cofb.org\/ca\/2021\/10\/22\/setembre-el-cribratge-escolar-des-de-les-farmacies-i-la-illuminacio-de-la-torre-glories-amb-motiu-del-dia-mundial-del-farmaceutic-temes-mes-destacats-als-mitjans\/","title":{"rendered":"Setembre: El cribratge escolar des de les farm\u00e0cies i la il\u00b7luminaci\u00f3 de la Torre Gl\u00f2ries, amb motiu del Dia Mundial del Farmac\u00e8utic, temes m\u00e9s destacats als mitjans"},"content":{"rendered":"<h1><\/h1>\n<h1><span style=\"color: #008080;\"><strong>Cribratge escolar: tests d&#8217;ant\u00edgens r\u00e0pids des de les farm\u00e0cies comunit\u00e0ries<\/strong><\/span><\/h1>\n<p>Coincidint amb l&#8217;<strong>inici del curs escolar<\/strong>, la setmana del <strong>13 de setembre<\/strong>\u00a0es va posar en marxa un <strong>nou cribratge adre\u00e7at a alumnat i professorat, impulsat pels Departaments de Salut i Educaci\u00f3,<\/strong>\u00a0en col\u00b7laboraci\u00f3 amb el <strong>Consell de Col\u00b7legis Farmac\u00e8utics de Catalunya.\u00a0<\/strong><\/p>\n<p>Diversos <strong>mitjans<\/strong> es van fer ress\u00f2 d&#8217;aquest <strong>nou cribratge,\u00a0<\/strong>que compta amb la participaci\u00f3 de\u00a0<strong>m\u00e9s de 1.400 farm\u00e0cies comunit\u00e0ries<\/strong>\u00a0catalanes\u00a0i, pr\u00e8viament a l&#8217;inici del <strong>curs escolar<\/strong>, ja es van comen\u00e7ar a referir en diversos articles al canvi de protocol respecte al curs passat davant casos de positius per COVID-19 als centres educatius. Els mitjans destacaven, entre altres aspectes, la <strong>incorporaci\u00f3 de les farm\u00e0cies<\/strong>, &#8220;amb una operativa que modul\u00e9s la pressi\u00f3 assistencial dels Centres d&#8217;Atenci\u00f3 Prim\u00e0ria&#8221;. Se&#8217;n van fer ress\u00f2: <a href=\"https:\/\/www.elperiodico.com\/es\/sociedad\/20210903\/catalunya-volvera-test-contactos-positivos-12041080\" target=\"_blank\" rel=\"noopener\">El Peri\u00f3dico<\/a>, 324.cat\u00a0<a href=\"https:\/\/www.ccma.cat\/324\/tornen-a-fer-proves-als-contactes-estrets-de-positius-despres-de-2-mesos-sense-ferne\/noticia\/3116254\/\" target=\"_blank\" rel=\"noopener\">(1)<\/a> i <a href=\"https:\/\/www.ccma.cat\/324\/guia-del-curs-escolar-20212022-tot-el-que-has-de-saber-del-retorn-a-les-aules\/noticia\/3116773\/\" target=\"_blank\" rel=\"noopener\">(2)<\/a>\u00a0<a href=\"https:\/\/www.ara.cat\/societat\/salut-recupera-rastreig-contactes-tambe-escoles_1_4104706.html\" target=\"_blank\" rel=\"noopener\">Diari Ara<\/a>, <a href=\"https:\/\/www.elnacional.cat\/ca\/salut\/salut-torna-tests-contactes-estrets-positius-covid-19_641774_102.html\" target=\"_blank\" rel=\"noopener\">El Nacional.cat<\/a>, <a href=\"https:\/\/www.elpuntavui.cat\/societat\/article\/14-salut\/2023512-salut-repren-els-tests-de-covid-19-als-contactes-d-un-positiu.html\" target=\"_blank\" rel=\"noopener\">El Punt Avui<\/a>,\u00a0 <a href=\"https:\/\/www.diarimes.com\/noticies\/actualitat\/catalunya\/2021\/09\/03\/salut_torna_fer_proves_als_contactes_estrets_poblacio_general_entorn_escolar_tant_si_estan_vacunats_com_si_no_110086_3029.html\" target=\"_blank\" rel=\"noopener\">Diari M\u00e9s<\/a>, <a href=\"https:\/\/www.diariomedico.com\/farmacia\/comunitaria\/politica\/las-farmacias-de-cataluna-haran-test-escolares-que-hayan-sido-contactos-estrechos-de-positivos.html\" target=\"_blank\" rel=\"noopener\">Diario M\u00e9dico<\/a>.<\/p>\n<p><img fetchpriority=\"high\" decoding=\"async\" class=\"aligncenter size-large wp-image-57346\" src=\"https:\/\/blog.cofb.cat\/wp-content\/uploads\/2021\/10\/Plantilles-recull-18-1024x724.png\" alt=\"\" width=\"620\" height=\"438\" \/><\/p>\n<p>Aquest \u00faltim mitj\u00e0, uns dies m\u00e9s tard, va publicar una altra <a href=\"https:\/\/www.diariomedico.com\/farmacia\/comunitaria\/politica\/las-farmacias-catalanas-preparadas-para-realizar-los-cribados-escolares.html\" target=\"_blank\" rel=\"noopener\">pe\u00e7a<\/a>, en qu\u00e8 inclo\u00efa declaracions de la vicepresidenta del COFB, N\u00faria Bosch. Bosch explicava que &#8220;des de l&#8217;inici de la pand\u00e8mia vam posar de manifest la <strong>import\u00e0ncia de comptar amb la xarxa de farm\u00e0cies<\/strong> i de la seva xarxa de <strong>distribuci\u00f3<\/strong>, ja que amb la seva professionalitat i proximitat es podia arribar a m\u00e9s llocs per fer cribratges&#8221;.<\/p>\n<h2><span style=\"color: #000000;\"><strong>Roda de premsa de Salut i Educaci\u00f3<\/strong><\/span><\/h2>\n<p>A finals de la primera setmana de curs, els mitjans es van tornar a referir al cribratge. <a href=\"https:\/\/www.ccma.cat\/catradio\/alacarta\/el-mati-de-catalunya-radio\/el-mati-de-catalunya-radio-de-8-a-9-h-17092021\/audio\/1110252\/\" target=\"_blank\" rel=\"noopener\">Catalunya R\u00e0dio<\/a> (a partir del minut 40:52) va destacar els <strong>3 circuits establerts per Salut i Educaci\u00f3 en cas de contagi a l&#8217;aula, un dels quals \u00e9s el que compta amb la participaci\u00f3 de les farm\u00e0cies.<\/strong> Tant el portal <a href=\"https:\/\/www.ccma.cat\/324\/salut-i-educacio-expectants-a-linici-del-curs-la-variant-delta-canvia-lescenari\/noticia\/3118599\/\" target=\"_blank\" rel=\"noopener\">324.cat<\/a>\u00a0com <a href=\"https:\/\/www.lavanguardia.com\/vida\/20210917\/7726921\/8-catalanes-menores-12-anos-esta-inmunizado.html\" target=\"_blank\" rel=\"noopener\">La Vanguardia<\/a>\u00a0i el <a href=\"https:\/\/www.ara.cat\/societat\/primera-setmana-curs-acaba-meitat-grups-confinats-l-any-passat_1_4118207.html\" target=\"_blank\" rel=\"noopener\">Diari Ara<\/a>, van recollir el m\u00e9s destacat de la roda de premsa conjunta de Salut i Educaci\u00f3, en qu\u00e8 es feia refer\u00e8ncia al cribratge.<\/p>\n<p><img decoding=\"async\" class=\"aligncenter size-large wp-image-57347\" src=\"https:\/\/blog.cofb.cat\/wp-content\/uploads\/2021\/10\/Plantilles-recull-19-1024x724.png\" alt=\"\" width=\"620\" height=\"438\" \/><\/p>\n<h2><span style=\"color: #000000;\"><strong>El cribratge, en xifres<\/strong><\/span><\/h2>\n<p>Per \u00faltim, a finals del mes de setembre, <a href=\"https:\/\/www.diariomedico.com\/farmacia\/comunitaria\/politica\/las-farmacias-de-murcia-supervisaran-los-test-covid-de-un-festival-de-musica.html\" target=\"_blank\" rel=\"noopener\">Diario M\u00e9dico<\/a> es va tornar a interessar pel <strong>cribratge escolar<\/strong> en termes de <strong>tests realitzats<\/strong> i <strong>positius detectats<\/strong>. La informaci\u00f3 proporcionada pel COFB en aquest sentit va ser la seg\u00fcent (amb data de 29\/09): des del 16 de setembre s&#8217;havien realitzat m\u00e9s de <strong>2.700<\/strong> <strong>tests supervisats<\/strong> a les farm\u00e0cies catalanes, dels quals<strong> 9<\/strong> havien estat <strong>positius.<\/strong><\/p>\n<h1><span style=\"color: #008080;\"><strong>Dia Mundial del Farmac\u00e8utic 2021: La Torre Gl\u00f2ries es torna a il\u00b7luminar de verd <\/strong><\/span><\/h1>\n<p>El passat <strong>22 de setembre,<\/strong> el <strong>COFB<\/strong> va enviar una <a href=\"https:\/\/www.cofb.org\/ca\/web\/guest\/sala-de-premsa\/notes-premsa\/-\/asset_publisher\/GVZR6OjauRsN\/content\/la-torre-glories-de-barcelona-es-torna-a-il-luminar-de-verd-la-nit-d-avui-22-de-setembre-amb-motiu-de-les-celebracions-del-dia-mundial-del-farmaceutic\/maximized?inheritRedirect=false&amp;redirect=https%3A%2F%2Fwww.cofb.org%2Fes%2Fsala-prensa%2Fnotes-prensa%3Fp_p_id%3D101_INSTANCE_GVZR6OjauRsN%26p_p_lifecycle%3D0%26p_p_state%3Dnormal%26p_p_mode%3Dview%26p_p_col_id%3Dcolumn-3%26p_p_col_count%3D1&amp;p_p_state=maximized\" target=\"_blank\" rel=\"noopener\">nota de premsa<\/a> amb motiu del <strong>Dia Mundial del Farmac\u00e8utic. <\/strong>En la nota es detallaven algunes de les accions impulsades des del COFB per commemorar aquest Dia Mundial, com la il\u00b7luminaci\u00f3 de verd de la\u00a0<strong>Torre Gl\u00f2ries de Barcelona<\/strong>.<strong>\u00a0<\/strong>Aquesta\u00a0<strong>iniciativa<\/strong>, impulsada a nivell estatal pel Consejo General de Colegios Farmac\u00e9uticos, es va repetir despr\u00e9s del\u00a0<strong>gran \u00e8xit de l\u2019any passat,<\/strong>\u00a0en qu\u00e8 prop de\u00a0<strong>100 edificis a tot l\u2019Estat\u00a0<\/strong>es van tenyir de\u00a0<strong>color verd per homenatjar el paper clau dels farmac\u00e8utics durant la pand\u00e8mia<\/strong>.<\/p>\n<p>Els mitjans que es van fer ress\u00f2 d&#8217;aquesta not\u00edcia van ser:\u00a0<a href=\"https:\/\/www.consalud.es\/actualidad-grafica\/mundial-farmaceutico-torre-glories-barcelona-ilumina-verde_102628_102.html\" target=\"_blank\" rel=\"noopener\">ConSalud<\/a>, <a href=\"https:\/\/www.elfarmaceutico.es\/tendencias\/esta-pasando\/noticias\/torre-glories-barcelona-iluminacion-verde-dia-mundial-farmaceutico_150343_102.html\" target=\"_blank\" rel=\"noopener\">El Farmac\u00e9utico<\/a>, <a href=\"https:\/\/www.farmaventas.es\/noticias-del-sector\/12060-la-torre-glories-de-barcelona-se-vuelve-a-iluminar-de-verde-la-noche-de-hoy-22-de-septiembre-con-motivo-de-las-celebraciones-del-dia-mundial-del-farmaceutico.html\" target=\"_blank\" rel=\"noopener\">Farmaventas<\/a>, <a href=\"https:\/\/www.imfarmacias.es\/noticia\/25393\/la-torre-glories-de-barcelona-se-vuelve-a-iluminar-de-verde-en-homena.html\" target=\"_blank\" rel=\"noopener\">ImFarmacias<\/a>, <a href=\"https:\/\/elglobal.es\/farmacia\/la-torre-glories-de-barcelona-inaugura-las-iluminaciones-por-el-dia-mundial-del-farmaceutico\/\" target=\"_blank\" rel=\"noopener\">El Global<\/a>, <a href=\"https:\/\/revistaacofar.com\/actualidad\/noticias\/la-torre-glories-de-barcelona-se-vuelve-a-iluminar-con-motivo-del-dia-mundial-del-farmaceutico\/\" target=\"_blank\" rel=\"noopener\">Acofar,<\/a>\u00a0<a href=\"http:\/\/www.pmfarma.es\/noticias\/32208-la-torre-glories-de-barcelona-se-vuelve-a-iluminar-de-verde-con-motivo-de-las-celebraciones-del-dia-mundial-del-farmaceutico.html\" target=\"_blank\" rel=\"noopener\">PM Farma<\/a>\u00a0i\u00a0<a href=\"https:\/\/www.metropoliabierta.com\/vivir-en-barcelona\/torre-glories-iluminada-verde-farmacia_44310_102.html\" target=\"_blank\" rel=\"noopener\">Metr\u00f3poli Abierta<\/a>.<\/p>\n<p><img decoding=\"async\" class=\"aligncenter size-large wp-image-57352\" src=\"https:\/\/blog.cofb.cat\/wp-content\/uploads\/2021\/10\/Plantilles-recull-20-1024x724.png\" alt=\"\" width=\"620\" height=\"438\" \/><\/p>\n<h1><strong><span style=\"color: #008080;\">Mencions al COFB <\/span><\/strong><\/h1>\n<h2><strong><span style=\"color: #000000;\">Jornades SEFAC: Amb la participaci\u00f3 de Jordi Casas, president del COFB, i Guillermo Bagar\u00eda, vocal d&#8217;Oficina de Farm\u00e0cia del COFB<\/span><\/strong><\/h2>\n<p>El passat <strong>30 de setembre,<\/strong>\u00a0va tenir lloc a Barcelona les Jornades SEFAC 2021 sota el lema &#8220;Farmac\u00e9uticos comunitarios: sanitarios, cl\u00ednicos y asistenciales&#8221;. La inauguraci\u00f3 va anar a c\u00e0rrec de <strong>Gemma Craywinkel<\/strong>, directora del CatSalut;\u00a0<strong>Vicente J. Biaxauli<\/strong>, president de SEFAC; <strong>Ignacio Jan\u00e9<\/strong>, president de SEFAC Catalunya; i\u00a0<strong>Jordi Casas<\/strong>, president del COFB. Aix\u00ed mateix,\u00a0<strong>Guillermo Bagar\u00eda<\/strong>, vocal d&#8217;Oficina de Farm\u00e0cia del COFB, va participar en la taula rodona &#8220;La farm\u00e0cia comunit\u00e0ria com a centre sanitari: debilitats, amenaces, fortaleses i oportunitats&#8221;.<\/p>\n<p>Els mitjans que van fer refer\u00e8ncia a les Jornades van ser\u00a0<a href=\"https:\/\/www.elfarmaceutico.es\/tendencias\/esta-pasando\/noticias\/sefac-debate-en-barcelona-sobre-debilidades-fortalezas-farmacia_150388_102.html\" target=\"_blank\" rel=\"noopener\">El Farmac\u00e9utico<\/a>,\u00a0<a href=\"https:\/\/www.imfarmacias.es\/noticia\/25527\/jornada-sefac-debilidades-oportunidades-y-fortalezas-de-las-farmacia.html\" target=\"_blank\" rel=\"noopener\">ImFarmacias<\/a>, <a href=\"https:\/\/www.pmfarma.es\/noticias\/32285-reforzar-la-labor-clinica-y-asistencial-con-una-actitud-proactiva-y-mejorar-la-formacion-digital-aspectos-esenciales-para-que-las-farmacias.html\" target=\"_blank\" rel=\"noopener\">PmFarma<\/a>, <a href=\"https:\/\/www.diariofarma.com\/2021\/10\/01\/sefac-centra-el-exito-del-futuro-de-las-farmacias-en-la-digitalizacion-y-la-labor-clinica-y-asistencial\" target=\"_blank\" rel=\"noopener\">Diariofarma<\/a> i\u00a0<a href=\"https:\/\/revistafarmanatur.com\/formacion\/reforzar-la-labor-asistencial-mejorar-la-formacion-digital-esencial-las-farmacias-encaren-futuro-exito\/\" target=\"_blank\" rel=\"noopener\">Farmanatur.<\/a><\/p>\n<p><img loading=\"lazy\" decoding=\"async\" class=\"aligncenter size-large wp-image-57353\" src=\"https:\/\/blog.cofb.cat\/wp-content\/uploads\/2021\/10\/Plantilles-recull-21-1024x724.png\" alt=\"\" width=\"620\" height=\"438\" \/><\/p>\n<h2><span style=\"color: #000000;\"><strong>Entrevista a Anna Font, coordinadora de les farm\u00e0cies del Vall\u00e8s Oriental<\/strong><\/span><\/h2>\n<p>El passat 10 de setembre el diari <strong>El 9 Nou<\/strong> va fer una entrevista a <strong>Anna Font<\/strong>, farmac\u00e8utica comunit\u00e0ria i coordinadora de les farm\u00e0cies del Vall\u00e8s Oriental. En l&#8217;entrevista, Font va fer refer\u00e8ncia a la tasca dels farmac\u00e8utics durant la pand\u00e8mia: &#8220;Hem tingut i continuem tenint un <strong>paper cabdal<\/strong>, per\u00f2 estem poc reconeguts. Hem fet moltes coses, i encara en podr\u00edem haver fet m\u00e9s&#8221;.<\/p>\n<p>La coordinadora del COFB al Vall\u00e8s Oriental tamb\u00e9 va destacar alguns projectes que s&#8217;han impulsat en col\u00b7laboraci\u00f3 amb el CatSalut, com <strong>Jo DIC!<\/strong>, en el marc del qual les farm\u00e0cies es converteixen en punt de derivaci\u00f3, informaci\u00f3 i conscienciaci\u00f3 sobre la COVID-19.<\/p>\n<h2><span style=\"color: #000000;\"><strong>Infeccions v\u00edriques de la pell<\/strong><\/span><\/h2>\n<p>El passat 29 de setembre,<strong> Laboratorios Vi\u00f1as<\/strong> va publicar una nota de premsa sobre el curs del COFB que patrocina, titulat &#8220;<strong>Infeccions v\u00edriques de la pell<\/strong>&#8220;. L&#8217;objectiu principal de la formaci\u00f3 \u00e9s donar a con\u00e8ixer les <strong>caracter\u00edstiques cl\u00edniques de les infeccions v\u00edriques<\/strong>, el seu <strong>tractament farmacol\u00f2gi<\/strong>c i les <strong>mesures higi\u00e8niques i diet\u00e8tiques<\/strong> que s&#8217;han de prendre per poder distingir els<strong> criteris de dispensaci\u00f3, seguiment <\/strong>i <strong>derivaci\u00f3 de cada cas<\/strong>.<\/p>\n<p>El curs, basat en <strong>casos pr\u00e0ctics<\/strong> per tal de facilitar la interacci\u00f3 entre ponents i assistents, se celebrar\u00e0 els propers <strong>18 i 20 d&#8217;octubre en format h\u00edbrid<\/strong> (presencial i <em>streaming<\/em>). Ho recullen mitjans especialitzats com <a href=\"https:\/\/revistafarmanatur.com\/home-drch\/infecciones-viricas-la-piel-primera-formacion-dermatologia-del-cofb-patrocinada-laboratorios-vinas\/\" target=\"_blank\" rel=\"noopener\">Farmanatur<\/a>, <a href=\"https:\/\/www.farmaventas.es\/noticias-del-sector\/12085-infecciones-viricas-de-la-piel-primera-formacion-en-dermatologia-del-cofb-patrocinada-por-laboratorios-vinas.html\" target=\"_blank\" rel=\"noopener\">Farmaventas<\/a> i <a href=\"https:\/\/www.imfarmacias.es\/noticia\/25492\/laboratorios-vinas-impulsa-la-formacion-dermatologica-con-el-patroc.html\" target=\"_blank\" rel=\"noopener\">ImFarmacias<\/a>.<\/p>\n<p><span style=\"color: #ff6600;\"><img loading=\"lazy\" decoding=\"async\" class=\"aligncenter size-large wp-image-57354\" src=\"https:\/\/blog.cofb.cat\/wp-content\/uploads\/2021\/10\/Plantilles-recull-22-1024x724.png\" alt=\"\" width=\"620\" height=\"438\" \/><\/span><\/p>\n<h2><span style=\"color: #000000;\"><strong>Tests d&#8217;autodiagn\u00f2stic per detectar infeccions de transmissi\u00f3 sexual<\/strong><\/span><\/h2>\n<p>El 29 de setembre es va publicar a <strong>Blog Dexeus Mujer<\/strong>, un espai d&#8217;informaci\u00f3 d&#8217;actualitat sobre temes de salut femenina, un article titulat\u00a0<a href=\"https:\/\/www.dexeus.com\/blog\/sexualidad-y-pareja\/test-de-autodiagnostico-de-infecciones-de-transmision-sexual\/\" target=\"_blank\" rel=\"noopener\">\u00bfSabes que existen test de autodiagn\u00f3stico de infecciones de transmisi\u00f3n sexual?<\/a>, en qu\u00e8 s&#8217;informava dels <strong>tests d&#8217;autodiagn\u00f2stic que serveixen per detectar infeccions de transmissi\u00f3 sexual<\/strong>. A trav\u00e9s d&#8217;informaci\u00f3 proporcionada per la Vocalia d&#8217;Oficina de Farm\u00e0cia del COFB, aprofundien en aspectes com quins tests d&#8217;autodiagn\u00f2stic es poden adquirir a les farm\u00e0cies, en quins casos est\u00e0 indicat fer-se aquestes proves o quant temps es pot trigar a obtenir els resultats.<\/p>\n<p><strong>Altres publicacions d&#8217;inter\u00e8s:<\/strong><\/p>\n<ul>\n<li><a href=\"https:\/\/blog.cofb.cat\/agost-els-tests-dantigens-a-les-farmacies-per-detectar-casos-de-covid-19-i-el-paper-dels-farmaceutics-en-la-seva-supervisio-tema-mes-destacat-als-mitjans\/\" target=\"_blank\" rel=\"noopener\">Agost: Els tests d\u2019ant\u00edgens a les farm\u00e0cies per detectar casos de COVID-19 i el paper dels farmac\u00e8utics en la seva supervisi\u00f3, tema m\u00e9s destacat als mitjans (Setembre 2021)<\/a><\/li>\n<li><a href=\"https:\/\/blog.cofb.cat\/juliol-tests-dantigens-recepta-farmacies-cribratge-als-professionals-participants-lleure-educatiu-destiu-temes-mes-destacats-als-mitjans\/\" target=\"_blank\" rel=\"noopener\">Juliol: Els tests d\u2019ant\u00edgens sense recepta a les farm\u00e0cies i el cribratge als professionals i participants del lleure educatiu d\u2019estiu, temes m\u00e9s destacats als mitjans (Agost 2021)<\/a><\/li>\n<li><a href=\"https:\/\/blog.cofb.cat\/juny-infarma-virtual-2021-lextensio-farmaserveis-catalunya-cloenda-xvi-edicio-mgof-temes-mes-destacats-als-mitjans\/\" target=\"_blank\" rel=\"noopener\">Juny: Infarma Virtual 2021, l\u2019extensi\u00f3 de Farmaserveis a tot Catalunya i la cloenda de la XVI edici\u00f3 del MGOF, temes m\u00e9s destacats als mitjans (Juliol 2021)<\/a><\/li>\n<\/ul>\n","protected":false},"excerpt":{"rendered":"<p>Cribratge escolar: tests d&#8217;ant\u00edgens r\u00e0pids des de les farm\u00e0cies comunit\u00e0ries Coincidint amb l&#8217;inici del curs escolar, la setmana del 13 de setembre\u00a0es va posar en marxa un nou cribratge adre\u00e7at a alumnat i professorat, impulsat pels Departaments de Salut i Educaci\u00f3,\u00a0en col\u00b7laboraci\u00f3 amb el Consell de Col\u00b7legis Farmac\u00e8utics de Catalunya.\u00a0 [&hellip;]<\/p>\n","protected":false},"author":1,"featured_media":78117,"comment_status":"open","ping_status":"open","sticky":false,"template":"","format":"standard","meta":{"_uag_custom_page_level_css":"","site-sidebar-layout":"default","site-content-layout":"","ast-site-content-layout":"default","site-content-style":"default","site-sidebar-style":"default","ast-global-header-display":"","ast-banner-title-visibility":"","ast-main-header-display":"","ast-hfb-above-header-display":"","ast-hfb-below-header-display":"","ast-hfb-mobile-header-display":"","site-post-title":"","ast-breadcrumbs-content":"","ast-featured-img":"disabled","footer-sml-layout":"","theme-transparent-header-meta":"","adv-header-id-meta":"","stick-header-meta":"","header-above-stick-meta":"","header-main-stick-meta":"","header-below-stick-meta":"","astra-migrate-meta-layouts":"set","ast-page-background-enabled":"default","ast-page-background-meta":{"desktop":{"background-color":"var(--ast-global-color-4)","background-image":"","background-repeat":"repeat","background-position":"center center","background-size":"auto","background-attachment":"scroll","background-type":"","background-media":"","overlay-type":"","overlay-color":"","overlay-opacity":"","overlay-gradient":""},"tablet":{"background-color":"","background-image":"","background-repeat":"repeat","background-position":"center center","background-size":"auto","background-attachment":"scroll","background-type":"","background-media":"","overlay-type":"","overlay-color":"","overlay-opacity":"","overlay-gradient":""},"mobile":{"background-color":"","background-image":"","background-repeat":"repeat","background-position":"center center","background-size":"auto","background-attachment":"scroll","background-type":"","background-media":"","overlay-type":"","overlay-color":"","overlay-opacity":"","overlay-gradient":""}},"ast-content-background-meta":{"desktop":{"background-color":"var(--ast-global-color-5)","background-image":"","background-repeat":"repeat","background-position":"center center","background-size":"auto","background-attachment":"scroll","background-type":"","background-media":"","overlay-type":"","overlay-color":"","overlay-opacity":"","overlay-gradient":""},"tablet":{"background-color":"var(--ast-global-color-5)","background-image":"","background-repeat":"repeat","background-position":"center center","background-size":"auto","background-attachment":"scroll","background-type":"","background-media":"","overlay-type":"","overlay-color":"","overlay-opacity":"","overlay-gradient":""},"mobile":{"background-color":"var(--ast-global-color-5)","background-image":"","background-repeat":"repeat","background-position":"center center","background-size":"auto","background-attachment":"scroll","background-type":"","background-media":"","overlay-type":"","overlay-color":"","overlay-opacity":"","overlay-gradient":""}},"footnotes":""},"categories":[23,32],"tags":[4644,18,19,3295,469,90,728,458,4618,916,3252,4645,2134,465,53,68,69,4633,4646,459,264,4647,4648,557,461,117,510,4649,4622,4498,4312],"class_list":["post-56853","post","type-post","status-publish","format-standard","has-post-thumbnail","hentry","category-destacats","category-noticies-farmacia","tag-alumnat","tag-cofb","tag-collegi-de-farmaceutics-de-barcelona","tag-contagi","tag-coronavirus","tag-covid-19","tag-cribratge","tag-cribratge-escolar","tag-deteccio","tag-dia-mundial-del-farmaceutic","tag-dmf","tag-dmf2021","tag-entrevista","tag-escoles","tag-farmaceutics","tag-farmacia","tag-farmacia-comunitaria","tag-illuminacio-torre-glories","tag-mestres","tag-mitjans","tag-prevencio","tag-primaria","tag-professorat","tag-repercussions","tag-repercussions-als-mitjans","tag-salut","tag-sanitat","tag-secundaria","tag-tar","tag-test-antigens","tag-torre-glories"],"yoast_head":"<!-- This site is optimized with the Yoast SEO plugin v22.4 - https:\/\/yoast.com\/wordpress\/plugins\/seo\/ -->\n<title>Setembre: El cribratge escolar des de les farm\u00e0cies i la il\u00b7luminaci\u00f3 de la Torre Gl\u00f2ries, amb motiu del Dia Mundial del Farmac\u00e8utic, temes m\u00e9s destacats als mitjans - Col\u00b7legi de Farmac\u00e8utics de Barcelona<\/title>\n<meta name=\"description\" content=\"Coincidint amb l&#039;inici del curs escolar, la setmana del 13 de setembre, es va posar en marxa un nou cribratge per part dels Departaments de Salut i Educaci\u00f3, que compta amb la participaci\u00f3 de m\u00e9s de 1.400 farm\u00e0cies comunit\u00e0ries catalanes.\" \/>\n<meta name=\"robots\" content=\"index, follow, max-snippet:-1, max-image-preview:large, max-video-preview:-1\" \/>\n<link rel=\"canonical\" href=\"https:\/\/novaorg.cofb.net\/2021\/10\/22\/setembre-el-cribratge-escolar-des-de-les-farmacies-i-la-illuminacio-de-la-torre-glories-amb-motiu-del-dia-mundial-del-farmaceutic-temes-mes-destacats-als-mitjans\/\" \/>\n<meta property=\"og:locale\" content=\"ca_ES\" \/>\n<meta property=\"og:type\" content=\"article\" \/>\n<meta property=\"og:title\" content=\"Setembre: El cribratge escolar des de les farm\u00e0cies i la il\u00b7luminaci\u00f3 de la Torre Gl\u00f2ries, amb motiu del Dia Mundial del Farmac\u00e8utic, temes m\u00e9s destacats als mitjans - Col\u00b7legi de Farmac\u00e8utics de Barcelona\" \/>\n<meta property=\"og:description\" content=\"Coincidint amb l&#039;inici del curs escolar, la setmana del 13 de setembre, es va posar en marxa un nou cribratge per part dels Departaments de Salut i Educaci\u00f3, que compta amb la participaci\u00f3 de m\u00e9s de 1.400 farm\u00e0cies comunit\u00e0ries catalanes.\" \/>\n<meta property=\"og:url\" content=\"https:\/\/novaorg.cofb.net\/2021\/10\/22\/setembre-el-cribratge-escolar-des-de-les-farmacies-i-la-illuminacio-de-la-torre-glories-amb-motiu-del-dia-mundial-del-farmaceutic-temes-mes-destacats-als-mitjans\/\" \/>\n<meta property=\"og:site_name\" content=\"Col\u00b7legi de Farmac\u00e8utics de Barcelona\" \/>\n<meta property=\"article:publisher\" content=\"https:\/\/www.facebook.com\/farmaceuticsbcn\/\" \/>\n<meta property=\"article:published_time\" content=\"2021-10-22T08:02:09+00:00\" \/>\n<meta property=\"article:modified_time\" content=\"2024-04-05T10:51:04+00:00\" \/>\n<meta property=\"og:image\" content=\"https:\/\/novaorg.cofb.net\/wp-content\/uploads\/2024\/04\/Plantilles-recull-18-1024x724-1.png\" \/>\n\t<meta property=\"og:image:width\" content=\"1024\" \/>\n\t<meta property=\"og:image:height\" content=\"724\" \/>\n\t<meta property=\"og:image:type\" content=\"image\/png\" \/>\n<meta name=\"author\" content=\"wpAdminCofbOrg\" \/>\n<meta name=\"twitter:card\" content=\"summary_large_image\" \/>\n<meta name=\"twitter:creator\" content=\"@farmaceuticsbcn\" \/>\n<meta name=\"twitter:site\" content=\"@farmaceuticsbcn\" \/>\n<meta name=\"twitter:label1\" content=\"Escrit per\" \/>\n\t<meta name=\"twitter:data1\" content=\"wpAdminCofbOrg\" \/>\n\t<meta name=\"twitter:label2\" content=\"Temps estimat de lectura\" \/>\n\t<meta name=\"twitter:data2\" content=\"7 minuts\" \/>\n<script type=\"application\/ld+json\" class=\"yoast-schema-graph\">{\"@context\":\"https:\/\/schema.org\",\"@graph\":[{\"@type\":\"Article\",\"@id\":\"https:\/\/novaorg.cofb.net\/2021\/10\/22\/setembre-el-cribratge-escolar-des-de-les-farmacies-i-la-illuminacio-de-la-torre-glories-amb-motiu-del-dia-mundial-del-farmaceutic-temes-mes-destacats-als-mitjans\/#article\",\"isPartOf\":{\"@id\":\"https:\/\/novaorg.cofb.net\/2021\/10\/22\/setembre-el-cribratge-escolar-des-de-les-farmacies-i-la-illuminacio-de-la-torre-glories-amb-motiu-del-dia-mundial-del-farmaceutic-temes-mes-destacats-als-mitjans\/\"},\"author\":{\"name\":\"wpAdminCofbOrg\",\"@id\":\"https:\/\/www.cofb.org\/#\/schema\/person\/22ed7eea88da74b0fa4d3154ad87ffcb\"},\"headline\":\"Setembre: El cribratge escolar des de les farm\u00e0cies i la il\u00b7luminaci\u00f3 de la Torre Gl\u00f2ries, amb motiu del Dia Mundial del Farmac\u00e8utic, temes m\u00e9s destacats als mitjans\",\"datePublished\":\"2021-10-22T08:02:09+00:00\",\"dateModified\":\"2024-04-05T10:51:04+00:00\",\"mainEntityOfPage\":{\"@id\":\"https:\/\/novaorg.cofb.net\/2021\/10\/22\/setembre-el-cribratge-escolar-des-de-les-farmacies-i-la-illuminacio-de-la-torre-glories-amb-motiu-del-dia-mundial-del-farmaceutic-temes-mes-destacats-als-mitjans\/\"},\"wordCount\":1191,\"commentCount\":0,\"publisher\":{\"@id\":\"https:\/\/www.cofb.org\/#organization\"},\"image\":{\"@id\":\"https:\/\/novaorg.cofb.net\/2021\/10\/22\/setembre-el-cribratge-escolar-des-de-les-farmacies-i-la-illuminacio-de-la-torre-glories-amb-motiu-del-dia-mundial-del-farmaceutic-temes-mes-destacats-als-mitjans\/#primaryimage\"},\"thumbnailUrl\":\"https:\/\/www.cofb.org\/wp-content\/uploads\/2024\/04\/Plantilles-recull-18-1024x724-1.png\",\"keywords\":[\"alumnat\",\"COFB\",\"Col\u00b7legi de Farmac\u00e8utics de Barcelona\",\"contagi\",\"coronavirus\",\"COVID-19\",\"cribratge\",\"cribratge escolar\",\"detecci\u00f3\",\"Dia Mundial del Farmac\u00e8utic\",\"DMF\",\"DMF2021\",\"entrevista\",\"escoles\",\"farmac\u00e8utics\",\"Farm\u00e0cia\",\"farm\u00e0cia comunit\u00e0ria\",\"il\u00b7luminaci\u00f3 Torre Gl\u00f2ries\",\"mestres\",\"Mitjans\",\"prevenci\u00f3\",\"prim\u00e0ria\",\"professorat\",\"repercussions\",\"repercussions als mitjans\",\"salut\",\"sanitat\",\"secund\u00e0ria\",\"TAR\",\"test ant\u00edgens\",\"Torre Gl\u00f2ries\"],\"articleSection\":[\"Destacats\",\"Not\u00edcies farm\u00e0cia\"],\"inLanguage\":\"ca\",\"potentialAction\":[{\"@type\":\"CommentAction\",\"name\":\"Comment\",\"target\":[\"https:\/\/novaorg.cofb.net\/2021\/10\/22\/setembre-el-cribratge-escolar-des-de-les-farmacies-i-la-illuminacio-de-la-torre-glories-amb-motiu-del-dia-mundial-del-farmaceutic-temes-mes-destacats-als-mitjans\/#respond\"]}]},{\"@type\":\"WebPage\",\"@id\":\"https:\/\/novaorg.cofb.net\/2021\/10\/22\/setembre-el-cribratge-escolar-des-de-les-farmacies-i-la-illuminacio-de-la-torre-glories-amb-motiu-del-dia-mundial-del-farmaceutic-temes-mes-destacats-als-mitjans\/\",\"url\":\"https:\/\/novaorg.cofb.net\/2021\/10\/22\/setembre-el-cribratge-escolar-des-de-les-farmacies-i-la-illuminacio-de-la-torre-glories-amb-motiu-del-dia-mundial-del-farmaceutic-temes-mes-destacats-als-mitjans\/\",\"name\":\"Setembre: El cribratge escolar des de les farm\u00e0cies i la il\u00b7luminaci\u00f3 de la Torre Gl\u00f2ries, amb motiu del Dia Mundial del Farmac\u00e8utic, temes m\u00e9s destacats als mitjans - Col\u00b7legi de Farmac\u00e8utics de Barcelona\",\"isPartOf\":{\"@id\":\"https:\/\/www.cofb.org\/#website\"},\"primaryImageOfPage\":{\"@id\":\"https:\/\/novaorg.cofb.net\/2021\/10\/22\/setembre-el-cribratge-escolar-des-de-les-farmacies-i-la-illuminacio-de-la-torre-glories-amb-motiu-del-dia-mundial-del-farmaceutic-temes-mes-destacats-als-mitjans\/#primaryimage\"},\"image\":{\"@id\":\"https:\/\/novaorg.cofb.net\/2021\/10\/22\/setembre-el-cribratge-escolar-des-de-les-farmacies-i-la-illuminacio-de-la-torre-glories-amb-motiu-del-dia-mundial-del-farmaceutic-temes-mes-destacats-als-mitjans\/#primaryimage\"},\"thumbnailUrl\":\"https:\/\/www.cofb.org\/wp-content\/uploads\/2024\/04\/Plantilles-recull-18-1024x724-1.png\",\"datePublished\":\"2021-10-22T08:02:09+00:00\",\"dateModified\":\"2024-04-05T10:51:04+00:00\",\"description\":\"Coincidint amb l'inici del curs escolar, la setmana del 13 de setembre, es va posar en marxa un nou cribratge per part dels Departaments de Salut i Educaci\u00f3, que compta amb la participaci\u00f3 de m\u00e9s de 1.400 farm\u00e0cies comunit\u00e0ries catalanes.\",\"breadcrumb\":{\"@id\":\"https:\/\/novaorg.cofb.net\/2021\/10\/22\/setembre-el-cribratge-escolar-des-de-les-farmacies-i-la-illuminacio-de-la-torre-glories-amb-motiu-del-dia-mundial-del-farmaceutic-temes-mes-destacats-als-mitjans\/#breadcrumb\"},\"inLanguage\":\"ca\",\"potentialAction\":[{\"@type\":\"ReadAction\",\"target\":[\"https:\/\/novaorg.cofb.net\/2021\/10\/22\/setembre-el-cribratge-escolar-des-de-les-farmacies-i-la-illuminacio-de-la-torre-glories-amb-motiu-del-dia-mundial-del-farmaceutic-temes-mes-destacats-als-mitjans\/\"]}]},{\"@type\":\"ImageObject\",\"inLanguage\":\"ca\",\"@id\":\"https:\/\/novaorg.cofb.net\/2021\/10\/22\/setembre-el-cribratge-escolar-des-de-les-farmacies-i-la-illuminacio-de-la-torre-glories-amb-motiu-del-dia-mundial-del-farmaceutic-temes-mes-destacats-als-mitjans\/#primaryimage\",\"url\":\"https:\/\/www.cofb.org\/wp-content\/uploads\/2024\/04\/Plantilles-recull-18-1024x724-1.png\",\"contentUrl\":\"https:\/\/www.cofb.org\/wp-content\/uploads\/2024\/04\/Plantilles-recull-18-1024x724-1.png\",\"width\":1024,\"height\":724},{\"@type\":\"BreadcrumbList\",\"@id\":\"https:\/\/novaorg.cofb.net\/2021\/10\/22\/setembre-el-cribratge-escolar-des-de-les-farmacies-i-la-illuminacio-de-la-torre-glories-amb-motiu-del-dia-mundial-del-farmaceutic-temes-mes-destacats-als-mitjans\/#breadcrumb\",\"itemListElement\":[{\"@type\":\"ListItem\",\"position\":1,\"name\":\"Inici\",\"item\":\"https:\/\/novaorg.cofb.net\/\"},{\"@type\":\"ListItem\",\"position\":2,\"name\":\"Setembre: El cribratge escolar des de les farm\u00e0cies i la il\u00b7luminaci\u00f3 de la Torre Gl\u00f2ries, amb motiu del Dia Mundial del Farmac\u00e8utic, temes m\u00e9s destacats als mitjans\"}]},{\"@type\":\"WebSite\",\"@id\":\"https:\/\/www.cofb.org\/#website\",\"url\":\"https:\/\/www.cofb.org\/\",\"name\":\"Col\u00b7legi de Farmac\u00e8utics de Barcelona\",\"description\":\"\",\"publisher\":{\"@id\":\"https:\/\/www.cofb.org\/#organization\"},\"potentialAction\":[{\"@type\":\"SearchAction\",\"target\":{\"@type\":\"EntryPoint\",\"urlTemplate\":\"https:\/\/www.cofb.org\/?s={search_term_string}\"},\"query-input\":\"required name=search_term_string\"}],\"inLanguage\":\"ca\"},{\"@type\":\"Organization\",\"@id\":\"https:\/\/www.cofb.org\/#organization\",\"name\":\"Col\u00b7legi de Farmac\u00e8utics de Barcelona\",\"url\":\"https:\/\/www.cofb.org\/\",\"logo\":{\"@type\":\"ImageObject\",\"inLanguage\":\"ca\",\"@id\":\"https:\/\/www.cofb.org\/#\/schema\/logo\/image\/\",\"url\":\"https:\/\/www.cofb.org\/wp-content\/uploads\/2023\/11\/cropped-Logotip-COFB.png\",\"contentUrl\":\"https:\/\/www.cofb.org\/wp-content\/uploads\/2023\/11\/cropped-Logotip-COFB.png\",\"width\":500,\"height\":105,\"caption\":\"Col\u00b7legi de Farmac\u00e8utics de Barcelona\"},\"image\":{\"@id\":\"https:\/\/www.cofb.org\/#\/schema\/logo\/image\/\"},\"sameAs\":[\"https:\/\/www.facebook.com\/farmaceuticsbcn\/\",\"https:\/\/twitter.com\/farmaceuticsbcn\",\"https:\/\/www.instagram.com\/farmaceuticsbcn\/\",\"https:\/\/www.linkedin.com\/company\/farmaceuticsbcn\/\"]},{\"@type\":\"Person\",\"@id\":\"https:\/\/www.cofb.org\/#\/schema\/person\/22ed7eea88da74b0fa4d3154ad87ffcb\",\"name\":\"wpAdminCofbOrg\",\"image\":{\"@type\":\"ImageObject\",\"inLanguage\":\"ca\",\"@id\":\"https:\/\/www.cofb.org\/#\/schema\/person\/image\/\",\"url\":\"https:\/\/secure.gravatar.com\/avatar\/1721b20b3b8ca882c3b56ec6c978c594fff670e40c0718e9190eaeeb76aae7d8?s=96&d=mm&r=g\",\"contentUrl\":\"https:\/\/secure.gravatar.com\/avatar\/1721b20b3b8ca882c3b56ec6c978c594fff670e40c0718e9190eaeeb76aae7d8?s=96&d=mm&r=g\",\"caption\":\"wpAdminCofbOrg\"},\"sameAs\":[\"http:\/\/192.168.64.122\/wordpress\"],\"url\":\"https:\/\/www.cofb.org\/ca\/author\/wpadmincofborg\/\"}]}<\/script>\n<!-- \/ Yoast SEO plugin. -->","yoast_head_json":{"title":"Setembre: El cribratge escolar des de les farm\u00e0cies i la il\u00b7luminaci\u00f3 de la Torre Gl\u00f2ries, amb motiu del Dia Mundial del Farmac\u00e8utic, temes m\u00e9s destacats als mitjans - Col\u00b7legi de Farmac\u00e8utics de Barcelona","description":"Coincidint amb l'inici del curs escolar, la setmana del 13 de setembre, es va posar en marxa un nou cribratge per part dels Departaments de Salut i Educaci\u00f3, que compta amb la participaci\u00f3 de m\u00e9s de 1.400 farm\u00e0cies comunit\u00e0ries catalanes.","robots":{"index":"index","follow":"follow","max-snippet":"max-snippet:-1","max-image-preview":"max-image-preview:large","max-video-preview":"max-video-preview:-1"},"canonical":"https:\/\/novaorg.cofb.net\/2021\/10\/22\/setembre-el-cribratge-escolar-des-de-les-farmacies-i-la-illuminacio-de-la-torre-glories-amb-motiu-del-dia-mundial-del-farmaceutic-temes-mes-destacats-als-mitjans\/","og_locale":"ca_ES","og_type":"article","og_title":"Setembre: El cribratge escolar des de les farm\u00e0cies i la il\u00b7luminaci\u00f3 de la Torre Gl\u00f2ries, amb motiu del Dia Mundial del Farmac\u00e8utic, temes m\u00e9s destacats als mitjans - Col\u00b7legi de Farmac\u00e8utics de Barcelona","og_description":"Coincidint amb l'inici del curs escolar, la setmana del 13 de setembre, es va posar en marxa un nou cribratge per part dels Departaments de Salut i Educaci\u00f3, que compta amb la participaci\u00f3 de m\u00e9s de 1.400 farm\u00e0cies comunit\u00e0ries catalanes.","og_url":"https:\/\/novaorg.cofb.net\/2021\/10\/22\/setembre-el-cribratge-escolar-des-de-les-farmacies-i-la-illuminacio-de-la-torre-glories-amb-motiu-del-dia-mundial-del-farmaceutic-temes-mes-destacats-als-mitjans\/","og_site_name":"Col\u00b7legi de Farmac\u00e8utics de Barcelona","article_publisher":"https:\/\/www.facebook.com\/farmaceuticsbcn\/","article_published_time":"2021-10-22T08:02:09+00:00","article_modified_time":"2024-04-05T10:51:04+00:00","og_image":[{"width":1024,"height":724,"url":"https:\/\/novaorg.cofb.net\/wp-content\/uploads\/2024\/04\/Plantilles-recull-18-1024x724-1.png","type":"image\/png"}],"author":"wpAdminCofbOrg","twitter_card":"summary_large_image","twitter_creator":"@farmaceuticsbcn","twitter_site":"@farmaceuticsbcn","twitter_misc":{"Escrit per":"wpAdminCofbOrg","Temps estimat de lectura":"7 minuts"},"schema":{"@context":"https:\/\/schema.org","@graph":[{"@type":"Article","@id":"https:\/\/novaorg.cofb.net\/2021\/10\/22\/setembre-el-cribratge-escolar-des-de-les-farmacies-i-la-illuminacio-de-la-torre-glories-amb-motiu-del-dia-mundial-del-farmaceutic-temes-mes-destacats-als-mitjans\/#article","isPartOf":{"@id":"https:\/\/novaorg.cofb.net\/2021\/10\/22\/setembre-el-cribratge-escolar-des-de-les-farmacies-i-la-illuminacio-de-la-torre-glories-amb-motiu-del-dia-mundial-del-farmaceutic-temes-mes-destacats-als-mitjans\/"},"author":{"name":"wpAdminCofbOrg","@id":"https:\/\/www.cofb.org\/#\/schema\/person\/22ed7eea88da74b0fa4d3154ad87ffcb"},"headline":"Setembre: El cribratge escolar des de les farm\u00e0cies i la il\u00b7luminaci\u00f3 de la Torre Gl\u00f2ries, amb motiu del Dia Mundial del Farmac\u00e8utic, temes m\u00e9s destacats als mitjans","datePublished":"2021-10-22T08:02:09+00:00","dateModified":"2024-04-05T10:51:04+00:00","mainEntityOfPage":{"@id":"https:\/\/novaorg.cofb.net\/2021\/10\/22\/setembre-el-cribratge-escolar-des-de-les-farmacies-i-la-illuminacio-de-la-torre-glories-amb-motiu-del-dia-mundial-del-farmaceutic-temes-mes-destacats-als-mitjans\/"},"wordCount":1191,"commentCount":0,"publisher":{"@id":"https:\/\/www.cofb.org\/#organization"},"image":{"@id":"https:\/\/novaorg.cofb.net\/2021\/10\/22\/setembre-el-cribratge-escolar-des-de-les-farmacies-i-la-illuminacio-de-la-torre-glories-amb-motiu-del-dia-mundial-del-farmaceutic-temes-mes-destacats-als-mitjans\/#primaryimage"},"thumbnailUrl":"https:\/\/www.cofb.org\/wp-content\/uploads\/2024\/04\/Plantilles-recull-18-1024x724-1.png","keywords":["alumnat","COFB","Col\u00b7legi de Farmac\u00e8utics de Barcelona","contagi","coronavirus","COVID-19","cribratge","cribratge escolar","detecci\u00f3","Dia Mundial del Farmac\u00e8utic","DMF","DMF2021","entrevista","escoles","farmac\u00e8utics","Farm\u00e0cia","farm\u00e0cia comunit\u00e0ria","il\u00b7luminaci\u00f3 Torre Gl\u00f2ries","mestres","Mitjans","prevenci\u00f3","prim\u00e0ria","professorat","repercussions","repercussions als mitjans","salut","sanitat","secund\u00e0ria","TAR","test ant\u00edgens","Torre Gl\u00f2ries"],"articleSection":["Destacats","Not\u00edcies farm\u00e0cia"],"inLanguage":"ca","potentialAction":[{"@type":"CommentAction","name":"Comment","target":["https:\/\/novaorg.cofb.net\/2021\/10\/22\/setembre-el-cribratge-escolar-des-de-les-farmacies-i-la-illuminacio-de-la-torre-glories-amb-motiu-del-dia-mundial-del-farmaceutic-temes-mes-destacats-als-mitjans\/#respond"]}]},{"@type":"WebPage","@id":"https:\/\/novaorg.cofb.net\/2021\/10\/22\/setembre-el-cribratge-escolar-des-de-les-farmacies-i-la-illuminacio-de-la-torre-glories-amb-motiu-del-dia-mundial-del-farmaceutic-temes-mes-destacats-als-mitjans\/","url":"https:\/\/novaorg.cofb.net\/2021\/10\/22\/setembre-el-cribratge-escolar-des-de-les-farmacies-i-la-illuminacio-de-la-torre-glories-amb-motiu-del-dia-mundial-del-farmaceutic-temes-mes-destacats-als-mitjans\/","name":"Setembre: El cribratge escolar des de les farm\u00e0cies i la il\u00b7luminaci\u00f3 de la Torre Gl\u00f2ries, amb motiu del Dia Mundial del Farmac\u00e8utic, temes m\u00e9s destacats als mitjans - Col\u00b7legi de Farmac\u00e8utics de Barcelona","isPartOf":{"@id":"https:\/\/www.cofb.org\/#website"},"primaryImageOfPage":{"@id":"https:\/\/novaorg.cofb.net\/2021\/10\/22\/setembre-el-cribratge-escolar-des-de-les-farmacies-i-la-illuminacio-de-la-torre-glories-amb-motiu-del-dia-mundial-del-farmaceutic-temes-mes-destacats-als-mitjans\/#primaryimage"},"image":{"@id":"https:\/\/novaorg.cofb.net\/2021\/10\/22\/setembre-el-cribratge-escolar-des-de-les-farmacies-i-la-illuminacio-de-la-torre-glories-amb-motiu-del-dia-mundial-del-farmaceutic-temes-mes-destacats-als-mitjans\/#primaryimage"},"thumbnailUrl":"https:\/\/www.cofb.org\/wp-content\/uploads\/2024\/04\/Plantilles-recull-18-1024x724-1.png","datePublished":"2021-10-22T08:02:09+00:00","dateModified":"2024-04-05T10:51:04+00:00","description":"Coincidint amb l'inici del curs escolar, la setmana del 13 de setembre, es va posar en marxa un nou cribratge per part dels Departaments de Salut i Educaci\u00f3, que compta amb la participaci\u00f3 de m\u00e9s de 1.400 farm\u00e0cies comunit\u00e0ries catalanes.","breadcrumb":{"@id":"https:\/\/novaorg.cofb.net\/2021\/10\/22\/setembre-el-cribratge-escolar-des-de-les-farmacies-i-la-illuminacio-de-la-torre-glories-amb-motiu-del-dia-mundial-del-farmaceutic-temes-mes-destacats-als-mitjans\/#breadcrumb"},"inLanguage":"ca","potentialAction":[{"@type":"ReadAction","target":["https:\/\/novaorg.cofb.net\/2021\/10\/22\/setembre-el-cribratge-escolar-des-de-les-farmacies-i-la-illuminacio-de-la-torre-glories-amb-motiu-del-dia-mundial-del-farmaceutic-temes-mes-destacats-als-mitjans\/"]}]},{"@type":"ImageObject","inLanguage":"ca","@id":"https:\/\/novaorg.cofb.net\/2021\/10\/22\/setembre-el-cribratge-escolar-des-de-les-farmacies-i-la-illuminacio-de-la-torre-glories-amb-motiu-del-dia-mundial-del-farmaceutic-temes-mes-destacats-als-mitjans\/#primaryimage","url":"https:\/\/www.cofb.org\/wp-content\/uploads\/2024\/04\/Plantilles-recull-18-1024x724-1.png","contentUrl":"https:\/\/www.cofb.org\/wp-content\/uploads\/2024\/04\/Plantilles-recull-18-1024x724-1.png","width":1024,"height":724},{"@type":"BreadcrumbList","@id":"https:\/\/novaorg.cofb.net\/2021\/10\/22\/setembre-el-cribratge-escolar-des-de-les-farmacies-i-la-illuminacio-de-la-torre-glories-amb-motiu-del-dia-mundial-del-farmaceutic-temes-mes-destacats-als-mitjans\/#breadcrumb","itemListElement":[{"@type":"ListItem","position":1,"name":"Inici","item":"https:\/\/novaorg.cofb.net\/"},{"@type":"ListItem","position":2,"name":"Setembre: El cribratge escolar des de les farm\u00e0cies i la il\u00b7luminaci\u00f3 de la Torre Gl\u00f2ries, amb motiu del Dia Mundial del Farmac\u00e8utic, temes m\u00e9s destacats als mitjans"}]},{"@type":"WebSite","@id":"https:\/\/www.cofb.org\/#website","url":"https:\/\/www.cofb.org\/","name":"Col\u00b7legi de Farmac\u00e8utics de Barcelona","description":"","publisher":{"@id":"https:\/\/www.cofb.org\/#organization"},"potentialAction":[{"@type":"SearchAction","target":{"@type":"EntryPoint","urlTemplate":"https:\/\/www.cofb.org\/?s={search_term_string}"},"query-input":"required name=search_term_string"}],"inLanguage":"ca"},{"@type":"Organization","@id":"https:\/\/www.cofb.org\/#organization","name":"Col\u00b7legi de Farmac\u00e8utics de Barcelona","url":"https:\/\/www.cofb.org\/","logo":{"@type":"ImageObject","inLanguage":"ca","@id":"https:\/\/www.cofb.org\/#\/schema\/logo\/image\/","url":"https:\/\/www.cofb.org\/wp-content\/uploads\/2023\/11\/cropped-Logotip-COFB.png","contentUrl":"https:\/\/www.cofb.org\/wp-content\/uploads\/2023\/11\/cropped-Logotip-COFB.png","width":500,"height":105,"caption":"Col\u00b7legi de Farmac\u00e8utics de Barcelona"},"image":{"@id":"https:\/\/www.cofb.org\/#\/schema\/logo\/image\/"},"sameAs":["https:\/\/www.facebook.com\/farmaceuticsbcn\/","https:\/\/twitter.com\/farmaceuticsbcn","https:\/\/www.instagram.com\/farmaceuticsbcn\/","https:\/\/www.linkedin.com\/company\/farmaceuticsbcn\/"]},{"@type":"Person","@id":"https:\/\/www.cofb.org\/#\/schema\/person\/22ed7eea88da74b0fa4d3154ad87ffcb","name":"wpAdminCofbOrg","image":{"@type":"ImageObject","inLanguage":"ca","@id":"https:\/\/www.cofb.org\/#\/schema\/person\/image\/","url":"https:\/\/secure.gravatar.com\/avatar\/1721b20b3b8ca882c3b56ec6c978c594fff670e40c0718e9190eaeeb76aae7d8?s=96&d=mm&r=g","contentUrl":"https:\/\/secure.gravatar.com\/avatar\/1721b20b3b8ca882c3b56ec6c978c594fff670e40c0718e9190eaeeb76aae7d8?s=96&d=mm&r=g","caption":"wpAdminCofbOrg"},"sameAs":["http:\/\/192.168.64.122\/wordpress"],"url":"https:\/\/www.cofb.org\/ca\/author\/wpadmincofborg\/"}]}},"uagb_featured_image_src":{"full":["https:\/\/www.cofb.org\/wp-content\/uploads\/2024\/04\/Plantilles-recull-18-1024x724-1.png",1024,724,false],"thumbnail":["https:\/\/www.cofb.org\/wp-content\/uploads\/2024\/04\/Plantilles-recull-18-1024x724-1-150x150.png",150,150,true],"medium":["https:\/\/www.cofb.org\/wp-content\/uploads\/2024\/04\/Plantilles-recull-18-1024x724-1-300x212.png",300,212,true],"medium_large":["https:\/\/www.cofb.org\/wp-content\/uploads\/2024\/04\/Plantilles-recull-18-1024x724-1-768x543.png",768,543,true],"large":["https:\/\/www.cofb.org\/wp-content\/uploads\/2024\/04\/Plantilles-recull-18-1024x724-1.png",1024,724,false],"1536x1536":["https:\/\/www.cofb.org\/wp-content\/uploads\/2024\/04\/Plantilles-recull-18-1024x724-1.png",1024,724,false],"2048x2048":["https:\/\/www.cofb.org\/wp-content\/uploads\/2024\/04\/Plantilles-recull-18-1024x724-1.png",1024,724,false],"trp-custom-language-flag":["https:\/\/www.cofb.org\/wp-content\/uploads\/2024\/04\/Plantilles-recull-18-1024x724-1-18x12.png",18,12,true]},"uagb_author_info":{"display_name":"wpAdminCofbOrg","author_link":"https:\/\/www.cofb.org\/ca\/author\/wpadmincofborg\/"},"uagb_comment_info":0,"uagb_excerpt":"Cribratge escolar: tests d&#8217;ant\u00edgens r\u00e0pids des de les farm\u00e0cies comunit\u00e0ries Coincidint amb l&#8217;inici del curs escolar, la setmana del 13 de setembre\u00a0es va posar en marxa un nou cribratge adre\u00e7at a alumnat i professorat, impulsat pels Departaments de Salut i Educaci\u00f3,\u00a0en col\u00b7laboraci\u00f3 amb el Consell de Col\u00b7legis Farmac\u00e8utics de Catalunya.\u00a0 [&hellip;]","_links":{"self":[{"href":"https:\/\/www.cofb.org\/ca\/wp-json\/wp\/v2\/posts\/56853","targetHints":{"allow":["GET"]}}],"collection":[{"href":"https:\/\/www.cofb.org\/ca\/wp-json\/wp\/v2\/posts"}],"about":[{"href":"https:\/\/www.cofb.org\/ca\/wp-json\/wp\/v2\/types\/post"}],"author":[{"embeddable":true,"href":"https:\/\/www.cofb.org\/ca\/wp-json\/wp\/v2\/users\/1"}],"replies":[{"embeddable":true,"href":"https:\/\/www.cofb.org\/ca\/wp-json\/wp\/v2\/comments?post=56853"}],"version-history":[{"count":1,"href":"https:\/\/www.cofb.org\/ca\/wp-json\/wp\/v2\/posts\/56853\/revisions"}],"predecessor-version":[{"id":78118,"href":"https:\/\/www.cofb.org\/ca\/wp-json\/wp\/v2\/posts\/56853\/revisions\/78118"}],"wp:featuredmedia":[{"embeddable":true,"href":"https:\/\/www.cofb.org\/ca\/wp-json\/wp\/v2\/media\/78117"}],"wp:attachment":[{"href":"https:\/\/www.cofb.org\/ca\/wp-json\/wp\/v2\/media?parent=56853"}],"wp:term":[{"taxonomy":"category","embeddable":true,"href":"https:\/\/www.cofb.org\/ca\/wp-json\/wp\/v2\/categories?post=56853"},{"taxonomy":"post_tag","embeddable":true,"href":"https:\/\/www.cofb.org\/ca\/wp-json\/wp\/v2\/tags?post=56853"}],"curies":[{"name":"wp","href":"https:\/\/api.w.org\/{rel}","templated":true}]}}