{"id":56296,"date":"2021-08-26T11:54:46","date_gmt":"2021-08-26T09:54:46","guid":{"rendered":"https:\/\/blog.cofb.cat\/?p=56296"},"modified":"2021-08-26T11:54:46","modified_gmt":"2021-08-26T09:54:46","slug":"juliol-tests-dantigens-recepta-farmacies-cribratge-als-professionals-participants-lleure-educatiu-destiu-temes-mes-destacats-als-mitjans","status":"publish","type":"post","link":"https:\/\/www.cofb.org\/ca\/2021\/08\/26\/juliol-tests-dantigens-recepta-farmacies-cribratge-als-professionals-participants-lleure-educatiu-destiu-temes-mes-destacats-als-mitjans\/","title":{"rendered":"Juliol: Els tests d&#8217;ant\u00edgens sense recepta a les farm\u00e0cies i el cribratge als professionals i participants del lleure educatiu d&#8217;estiu, temes m\u00e9s destacats als mitjans"},"content":{"rendered":"<h1><span style=\"color: #008080;\"><strong>Tests d&#8217;ant\u00edgens a les farm\u00e0cies<\/strong><\/span><\/h1>\n<p>Durant el mes de juliol els <strong>tests d&#8217;ant\u00edgens<\/strong> van tenir un gran protagonisme als <strong>mitjans de comunicaci\u00f3\u00a0<\/strong>i, pr\u00e8viament a la llum verda per part del Consell de Ministres, des del <strong>Consell de Col\u00b7legis Farmac\u00e8utics de Catalunya<\/strong>\u00a0es va continuar reclamant que es permet\u00e9s a les farm\u00e0cies la <strong>dispensaci\u00f3 de tests d&#8217;ant\u00edgens sense prescripci\u00f3 m\u00e8dica\u00a0<\/strong>per tal de contribuir a controlar la <strong>pand\u00e8mia<\/strong>.<\/p>\n<h3><span style=\"color: #000000;\"><strong>Es demana l&#8217;aprovaci\u00f3 de la dispensaci\u00f3 de test d&#8217;ant\u00edgens a les farm\u00e0cies sense recepta\u00a0<\/strong><\/span><\/h3>\n<p><strong>N\u00faria Bosch<\/strong>, vicepresidenta del Col\u00b7legi, va ser <a href=\"https:\/\/www.ccma.cat\/tv3\/alacarta\/els-matins\/el-collegi-de-farmaceutics-demana-laprovacio-del-decret-que-permeti-la-venda-de-tests-dantigens\/video\/6109286\/\" target=\"_blank\" rel=\"noopener\">entrevistada a Els Matins de TV3<\/a>. Les seves declaracions, on va recordar que &#8220;davant d&#8217;una <strong>escalada de casos<\/strong> \u00e9s incomprensible que no es puguin implementar tests r\u00e0pids de forma regulada i controlada des de les farm\u00e0cies&#8221;, tamb\u00e9 van ser incloses en un <a href=\"https:\/\/www.ccma.cat\/tv3\/alacarta\/telenoticies\/els-testos-dantigens-es-poden-comprar-a-les-farmacies-tot-i-que-cal-recepta\/video\/6109535\/\" target=\"_blank\" rel=\"noopener\">pe\u00e7a del TN<\/a>, a una not\u00edcia del\u00a0<a href=\"https:\/\/www.ccma.cat\/324\/les-farmacies-reclamen-que-es-desbloquegi-la-venda-de-tests-dantigens-sense-recepta\/noticia\/3108552\/\" target=\"_blank\" rel=\"noopener\">324.cat<\/a>\u00a0i al diari digital\u00a0<a href=\"https:\/\/elmon.cat\/societat\/el-fre-a-la-venda-de-tests-antigens-sense-recepta-a-les-farmacies-aixeca-la-protesta-dels-farmaceutics-275354\/\" target=\"_blank\" rel=\"noopener\">El M\u00f3n<\/a>.<\/p>\n<p>D&#8217;altra banda, <strong>Marta Roig<\/strong>, vocal del COFB i responsable de la Comissi\u00f3 de Deontologia, va ser entrevistada a <a href=\"https:\/\/play.cadenaser.com\/audio\/1625471045_799831\/\" target=\"_blank\" rel=\"noopener\">Cadena Ser<\/a>\u00a0sobre aquesta mateixa q\u00fcesti\u00f3, i tamb\u00e9 va parlar amb <a href=\"https:\/\/cronicaglobal.elespanol.com\/vida\/farmacias-reclaman-tramitacion-agil-vender-test-antigenos_506082_102.html\" target=\"_blank\" rel=\"noopener\">Cr\u00f3nica Global<\/a>.<\/p>\n<p><img fetchpriority=\"high\" decoding=\"async\" class=\"aligncenter size-full wp-image-56438\" src=\"https:\/\/blog.cofb.cat\/wp-content\/uploads\/2021\/08\/Captura-ii.png\" alt=\"\" width=\"870\" height=\"487\" \/><\/p>\n<p>En paral\u00b7lel a les diferents intervencions, des del CCFC es va enviar una <strong>nota de premsa<\/strong> que van recollir mitjans com\u00a0<a href=\"https:\/\/www.elpuntavui.cat\/societat\/article\/14-salut\/1996803-els-farmaceutics-catalans-reclamen-poder-dispensar-tests-d-antigens-sense-recepta-i-s-ofereixen-per-realitzar-los.html\" target=\"_blank\" rel=\"noopener\">El Punt Avui<\/a>, <a href=\"https:\/\/www.elnacional.cat\/ca\/salut\/farmaceutics-catalans-vendre-tests-antigens-sense-recepta_626834_102.html\" target=\"_blank\" rel=\"noopener\">El Nacional<\/a>,\u00a0<a href=\"https:\/\/www.social.cat\/noticia\/14796\/les-farmacies-reclamen-poder-dispensar-tests-dantigens-sense-recepta-i-sofereixen-per-real\" target=\"_blank\" rel=\"noopener\">Social<\/a>, <a href=\"https:\/\/www.diarimes.com\/noticies\/actualitat\/catalunya\/2021\/07\/07\/els_farmaceutics_catalans_reclamen_poder_dispensar_tests_antigens_sense_recepta_ofereixen_per_realitzar_los_107413_3029.html?\" target=\"_blank\" rel=\"noopener\">Diari M\u00e9s<\/a>, <a href=\"https:\/\/www.cope.es\/emisoras\/cataluna\/barcelona-provincia\/barcelona\/noticias\/farmaceuticos-catalanes-reiteran-reclamacion-poder-dispensar-test-20210707_1387294\" target=\"_blank\" rel=\"noopener\">Cope Catalunya<\/a>, <a href=\"https:\/\/elmon.cat\/societat\/els-farmaceutics-insisteixen-en-poder-vendre-tests-dantigens-lliurement-276379\/\" target=\"_blank\" rel=\"noopener\">El M\u00f3n<\/a>, <a href=\"https:\/\/www.vilaweb.cat\/noticies\/proves-antigens-sense-recepta-farmacies\/\" target=\"_blank\" rel=\"noopener\">Vilaweb<\/a>, <a href=\"http:\/\/gentedigital.es\/catalunya\/noticia\/3174784\/farmaceuticos-catalanes-reiteran-la-reclamacion-de-poder-dispensar-test\/\" target=\"_blank\" rel=\"noopener\">Gente Digital<\/a>, <a href=\"https:\/\/www.diaridegirona.cat\/catalunya\/2021\/07\/07\/els-farmaceutics-reclamen-dispensar-tests-54760365.html\" target=\"_blank\" rel=\"noopener\">Diari de Girona<\/a>, <a href=\"https:\/\/www.europapress.es\/catalunya\/noticia-farmaceuticos-catalanes-reiteran-reclamacion-poder-dispensar-test-20210707111445.html\" target=\"_blank\" rel=\"noopener\">Europa Press<\/a>,\u00a0<a href=\"https:\/\/www.diariofarma.com\/2021\/07\/07\/los-farmaceuticos-catalanes-reclaman-dispensar-test-de-antigenos-sin-receta-y-se-ofrecen-para-realizarlos\" target=\"_blank\" rel=\"noopener\">Diariofarma<\/a>, <a href=\"https:\/\/www.diaridetarragona.com\/cat-es-mon\/Los-farmaceuticos-catalanes-piden-poder-vender-test-de-antigenos-sin-receta-20210707-0032.html\" target=\"_blank\" rel=\"noopener\">Diari de Tarragona<\/a>, <a href=\"https:\/\/www.20minutos.es\/noticia\/4756429\/0\/farmaceuticos-catalanes-critican-que-aun-no-puedan-dispensar-test-sin-receta\/\" target=\"_blank\" rel=\"noopener\">20 minutos<\/a>, <a href=\"https:\/\/www.consalud.es\/profesionales\/farmacia\/farmaceuticos-catalanes-reclaman-dispensar-test-antigenos-receta_99346_102.html\" target=\"_blank\" rel=\"noopener\">Con Salud<\/a>, <a href=\"https:\/\/catalunyadiari.com\/actualitat\/farmacies-catalanes-reclamen-vendre-tests-antigens\" target=\"_blank\" rel=\"noopener\">Catalunya Diari<\/a>, <a href=\"https:\/\/www.catalunyapress.es\/texto-diario\/mostrar\/3040870\/farmacias-catalanas-quieren-ayudar-caps-haciendo-tests-antigenos-receta-jovenes\" target=\"_blank\" rel=\"noopener\">Catalunya Press<\/a>, <a href=\"https:\/\/revistafarmanatur.com\/noticias\/los-farmaceuticos-catalanes-reclaman-poder-dispensar-test-antigenos-sin-receta\/\" target=\"_blank\" rel=\"noopener\">Farmanatur<\/a>, Regi\u00f3 7 (versi\u00f3 paper), La Ma\u00f1ana (versi\u00f3 paper), El Segre (versi\u00f3 paper), <a href=\"https:\/\/www.imfarmacias.es\/noticia\/24659\/las-farmacias-catalanas-demandan-dispensar-urgentemente-test-de-antig.html\" target=\"_blank\" rel=\"noopener\">imFarmacias<\/a>, <a href=\"https:\/\/www.elperiodico.cat\/ca\/sanitat\/20210707\/tests-antigenos-farmacies-farmaceutics-recepta-11890344?utm_source=twitter-dogtrack&amp;utm_medium=social&amp;utm_campaign=elperiodico_cat\" target=\"_blank\" rel=\"noopener\">El Peri\u00f3dico<\/a>.<\/p>\n<p>Aix\u00ed mateix, altres <strong>intervencions<\/strong> destacades\u00a0van ser l&#8217;entrevista de la vicepresidenta del COFB, <strong>N\u00faria Bosch<\/strong>, al programa <a href=\"https:\/\/www.rtve.es\/play\/videos\/cafe-didees\/lourdes-ciuro-casals-colonies-jueves\/5979900\/?t=06m49s\" target=\"_blank\" rel=\"noopener\">Caf\u00e8 d&#8217;Idees de TVE<\/a> (a partir del minut 6:49) i les seves declaracions a <a href=\"https:\/\/beteve.cat\/societat\/farmacies-reclamen-vendre-tests-antigens-sense-recepta\/\" target=\"_blank\" rel=\"noopener\">Betev\u00e9<\/a>; l&#8217;entrevista a la secret\u00e0ria del Col\u00b7legi, <strong>Aina Surroca<\/strong>, a <a href=\"https:\/\/www.estelfitxers.com\/audio\/20210707-18_00ELMIRADORDELACTUALITAT.MP3\" target=\"_blank\" rel=\"noopener\">R\u00e0dio Estel<\/a> (a partir del minut 38) i, finalment, l&#8217;<a href=\"https:\/\/servers.radiosabadell.fm\/cdn\/ff\/4JSr7mM2VZsQZhd3WnezpUEK1brwfx12U7EKOrW16WQ\/1625733161\/public\/2021-07\/210708_elcafe_farmacies.mp3\" target=\"_blank\" rel=\"noopener\">entrevista de R\u00e0dio Sabadell<\/a> a <strong>Meritxell Blanchart<\/strong>, coordinadora de les farm\u00e0cies del Vall\u00e8s Occidental Est. Portaveus d&#8217;altres COF com <strong>Rosa N\u00faria Aleixandre<\/strong> (presidenta del COFGi) i <strong>Antoni Veciana<\/strong> (president del COFT) van fer declaracions a <a href=\"https:\/\/www.diariomedico.com\/farmacia\/comunitaria\/politica\/cataluna-las-farmacias-piden-dispensar-test-de-antigenos-sin-receta-y-se-ofrecen-para-registrar-los-resultados.html\" target=\"_blank\" rel=\"noopener\">Diario M\u00e9dico<\/a> i a <a href=\"https:\/\/lleidatv.alacarta.cat\/noticiesenxarxa\/capitol\/nex_estiu_07072021\/#1\" target=\"_blank\" rel=\"noopener\">La Xarxa<\/a> (a partir del minut 7:55), respectivament.<\/p>\n<p><img decoding=\"async\" class=\"aligncenter size-large wp-image-56439\" src=\"https:\/\/blog.cofb.cat\/wp-content\/uploads\/2021\/08\/Plantilles-recull-7-1024x724.png\" alt=\"\" width=\"620\" height=\"438\" \/><\/p>\n<h3><span style=\"color: #000000;\"><strong>Aprovaci\u00f3 per part del Consell de Ministres\u00a0<\/strong><\/span><\/h3>\n<p>Abans de l&#8217;<strong>aprovaci\u00f3 de la dispensaci\u00f3<\/strong> de tests d&#8217;ant\u00edgens d&#8217;autodiagn\u00f2stic des de les farm\u00e0cies sense recepta m\u00e8dica, diversos mitjans van voler comptar amb la valoraci\u00f3 per part de portaveus del COFB. El president del COFB, <strong>Jordi Casas<\/strong>, va ser entrevistat a\u00a0<a href=\"https:\/\/play.cadenaser.com\/audio\/1626765663_025051\/\" target=\"_blank\" rel=\"noopener\">Cadena Ser<\/a>; la vicepresidenta va fer declaracions a <a href=\"https:\/\/www.ccma.cat\/tv3\/alacarta\/telenoticies\/telenoticies-vespre-13072021\/video\/6110825\/\" target=\"_blank\" rel=\"noopener\">TV3<\/a> (a partir del minut 5), i tamb\u00e9 va ser entrevistada sobre el funcionament dels <strong>tests d&#8217;ant\u00edgens d&#8217;autodiagn\u00f2stic<\/strong> a <a href=\"https:\/\/www.ccma.cat\/catradio\/alacarta\/el-suplement\/nuria-bosch-shan-dinterpretar-be-els-testos-per-aixo-el-farmaceutic-es-essencial\/audio\/1107446\/\" target=\"_blank\" rel=\"noopener\">El Suplement de Catalunya R\u00e0dio<\/a>, que va generar una pe\u00e7a al\u00a0<a href=\"https:\/\/www.ccma.cat\/324\/els-farmaceutics-alerten-que-es-venen-per-internet-testos-dantigens-poc-fiables\/noticia\/3110703\/\" target=\"_blank\" rel=\"noopener\">324.cat<\/a>\u00a0i una altra a\u00a0<a href=\"https:\/\/www.naciodigital.cat\/noticia\/222587\/autodiagnosticarse-test-antigens-com-es-fa-de-que-serveix\" target=\"_blank\" rel=\"noopener\">Naci\u00f3 Digital.<\/a><\/p>\n<p><img decoding=\"async\" class=\"aligncenter size-large wp-image-56440\" src=\"https:\/\/blog.cofb.cat\/wp-content\/uploads\/2021\/08\/Plantilles-recull-8-1024x724.png\" alt=\"\" width=\"620\" height=\"438\" \/><\/p>\n<p>D&#8217;altra banda, <strong>Guillermo Bagar\u00eda<\/strong>, vocal d&#8217;Oficina de Farm\u00e0cia del COFB i responsable d&#8217;Atenci\u00f3 Farmac\u00e8utica, va fer declaracions a <a href=\"https:\/\/lhdigital.cat\/web\/digital-h\/noticia\/ciutat\/-\/journal_content\/56_INSTANCE_43Th\/11023\/15013484\" target=\"_blank\" rel=\"noopener\">L&#8217;Hospitalet Digital<\/a>;\u00a0<strong>Marta Roig<\/strong>, vocal del COFB i responsable de la Comissi\u00f3 de Deontologia, va atendre\u00a0<a href=\"https:\/\/www.ondacero.es\/emisoras\/catalunya\/audios-podcast\/ciutat\/les-farmacies-podrien-fer-testos-dantigens-partir-dilluns-vinent_2021071360ed948c42ba6c000148ce70.html\" target=\"_blank\" rel=\"noopener\">Onda Cero<\/a>;\u00a0<strong>Maria Perell\u00f3<\/strong>, responsable del Centre d&#8217;Informaci\u00f3 del Medicament del COFB, va parlar a <a href=\"https:\/\/www.rac1.cat\/societat\/20210714\/410521275580\/test-antigens-farmacia-comprar-quan-fer-lo-com-funciona-preu-resultat-covid.html\" target=\"_blank\" rel=\"noopener\">RAC1.cat<\/a>\u00a0de la <strong>fiabilitat<\/strong>, el <strong>funcionament<\/strong> i els <strong>preus<\/strong> dels <strong>tests d&#8217;ant\u00edgens d&#8217;autodiagn\u00f2stic;<\/strong> i\u00a0<strong>Estrella F\u00edguls<\/strong>, coordinadora de les farm\u00e0cies del Solson\u00e8s, el Bergued\u00e0 i el Bages, va atendre el mitj\u00e0 <a href=\"https:\/\/www.regio7.cat\/arreu-catalunya-espanya-mon\/2021\/07\/15\/les-farmacies-diuen-venda-reglada-55067252.html\" target=\"_blank\" rel=\"noopener\">Regi\u00f3 7<\/a>.<\/p>\n<p>TV3, a m\u00e9s, va fer un reportatge que portava per t\u00edtol <a href=\"https:\/\/www.ccma.cat\/tv3\/alacarta\/telenoticies\/les-farmacies-es-preparen-per-vendre-els-testos-dantigens-sense-recepta\/video\/6111563\/\" target=\"_blank\" rel=\"noopener\">&#8220;Les farm\u00e0cies es preparen per vendre tests d&#8217;ant\u00edgens sense recepta&#8221;<\/a>\u00a0i El Peri\u00f3dico va publicar com a tema del dia <a href=\"https:\/\/www.elperiodico.cat\/ca\/societat\/20210719\/farmacies-boom-test-antigens-coronavirus-11921952\" target=\"_blank\" rel=\"noopener\">&#8220;Els tests d\u2019ant\u00edgens arriben per fi a les farm\u00e0cies&#8221;<\/a>.<\/p>\n<p><img loading=\"lazy\" decoding=\"async\" class=\"aligncenter size-large wp-image-56441\" src=\"https:\/\/blog.cofb.cat\/wp-content\/uploads\/2021\/08\/Plantilles-recull-9-1024x724.png\" alt=\"\" width=\"620\" height=\"438\" \/><\/p>\n<h3><span style=\"color: #000000;\"><strong>Inici de la dispensaci\u00f3 dels tests d&#8217;ant\u00edgens sense prescripci\u00f3 m\u00e8dica<\/strong><\/span><\/h3>\n<p>Arran l&#8217;aprovaci\u00f3 per part del Consell de Ministres, diversos mitjans es van fer ress\u00f2 del primer dia en qu\u00e8 era possible <strong>dispensar tests d&#8217;ant\u00edgens sense recepta<\/strong>. En s\u00f3n exemples: <a href=\"https:\/\/www.ccma.cat\/tv3\/alacarta\/telenoticies\/telenoticies-migdia-20072021\/video\/6111784\/\" target=\"_blank\" rel=\"noopener\">TV3<\/a> (a partir del minut 6:27, amb declaracions de <strong>N\u00faria Bosch<\/strong>);\u00a0<a href=\"https:\/\/www.lavanguardia.com\/encatala\/20210721\/7613976\/prova-sense-recepta-i-per-fer-casa.html\" target=\"_blank\" rel=\"noopener\">La Vanguardia<\/a> (amb declaracions de <strong>N\u00faria Bosch<\/strong>);\u00a0<a href=\"https:\/\/www.ara.cat\/societat\/tests-rapids-recepta-farmacies-consell-ministres-aprovat_1_4060066.html\" target=\"_blank\" rel=\"noopener\">Diari Ara<\/a>\u00a0(amb declaracions de <strong>Marta Roig<\/strong>);\u00a0Betev\u00e9 <a href=\"https:\/\/beteve.cat\/societat\/test-antigens-farmacies-preu-com-funcionen\/\" target=\"_blank\" rel=\"noopener\">(1)<\/a> i <a href=\"https:\/\/beteve.cat\/societat\/farmacies-comencen-vendre-test-antigens-sense-recepta\/\" target=\"_blank\" rel=\"noopener\">(2)<\/a>\u00a0i <a href=\"https:\/\/www.naciodigital.cat\/noticia\/222722\/farmacies-previsio-alta-demanda-tests-antigens\" target=\"_blank\" rel=\"noopener\">Naci\u00f3 Digital<\/a> (amb declaracions de <strong>Marta Gento<\/strong>, vicetresorera del COFB);\u00a0<a href=\"https:\/\/www.rtve.es\/play\/audios\/programa\/govern-finalment-avalara-les-fiances-als-alts-carrecs-imputats-pel-tribunal-comptes-amb-licf\/6007563\/\" target=\"_blank\" rel=\"noopener\">R\u00e0dio 4<\/a> (a partir del minut 15:49, amb declaracions de <strong>Laura Gom\u00e0<\/strong>, vocal del COFB);\u00a0<a href=\"https:\/\/farmacosalud.com\/creer-que-un-resultado-negativo-en-antigenos-exime-de-seguir-con-las-medidas-anticovid-error-frecuente-asociado-a-los-test-rapidos\/\" target=\"_blank\" rel=\"noopener\">Farmacosalud<\/a>\u00a0(amb declaracions de <strong>N\u00faria Bosch<\/strong>).<\/p>\n<p><img loading=\"lazy\" decoding=\"async\" class=\"aligncenter size-large wp-image-56442\" src=\"https:\/\/blog.cofb.cat\/wp-content\/uploads\/2021\/08\/Plantilles-recull-10-1024x724.png\" alt=\"\" width=\"620\" height=\"438\" \/><\/p>\n<p>Altres mitjans que tamb\u00e9 van recollir la not\u00edcia van ser\u00a0<a href=\"https:\/\/www.rtve.es\/play\/videos\/el-vespre\/22072021\/6010941\/\" target=\"_blank\" rel=\"noopener\">TVE Catalunya<\/a> (a partir del minut 3:15),\u00a0<a href=\"https:\/\/www.diaridetarragona.com\/tarragona\/Los-autotest-sin-receta-llegan-a-las-farmacias-de-Tarragona-20210721-0029.html\" target=\"_blank\" rel=\"noopener\">Diari de Tarragona<\/a>,\u00a0<a href=\"https:\/\/www.eixdiari.cat\/societat\/doc\/96676\/les-farmacies-preveuen-una-demanda-alta-de-tests-a-partir-daquest-dijous-quan-entra-en-vigor-la-vend.html\" target=\"_blank\" rel=\"noopener\">Eix Diari<\/a>, <a href=\"https:\/\/www.lleida.com\/noticia_canal\/les-farmacies-preveuen-una-demanda-alta-de-tests-partir-daquest-dijous\" target=\"_blank\" rel=\"noopener\">Lleida.com<\/a>, <a href=\"https:\/\/laciutat.cat\/catalunya\/dema-ja-es-poden-comprar-tests-dantigens-sense-recepta-a-les-farmacies#\" target=\"_blank\" rel=\"noopener\">La Ciutat<\/a>, <a href=\"https:\/\/www.larepublica.cat\/minut-a-minut\/les-farmacies-preveuen-una-demanda-alta-de-tests-a-partir-daquest-dijous-quan-entra-en-vigor-la-venda-sense-recepta\/\" target=\"_blank\" rel=\"noopener\">La Rep\u00fablica<\/a>, <a href=\"http:\/\/www.gentedigital.es\/catalunya\/noticia\/3184316\/farmacias-catalanas-lamentan-que-haya-tardado-tanto-la-venta-de-test-sin-receta\/\" target=\"_blank\" rel=\"noopener\">Gente Digital<\/a>, <a href=\"https:\/\/www.efesalud.com\/test-autodiagnostico-coronavirus-farmacias-venta\/\" target=\"_blank\" rel=\"noopener\">Efe<\/a>, <a href=\"https:\/\/www.diarimes.com\/noticies\/tarragona\/2021\/07\/21\/allau_peticions_les_farmacies_tarragonines_per_obtenir_els_tests_antigens_108075_1091.html?\" target=\"_blank\" rel=\"noopener\">Diari M\u00e9s<\/a>, <a href=\"https:\/\/www.diariomedico.com\/farmacia\/politica\/aprobada-la-venta-sin-receta-de-auto-test-de-antigenos-en-las-farmacias.html\" target=\"_blank\" rel=\"noopener\">Segre<\/a>, <a href=\"https:\/\/elmon.cat\/societat\/el-consell-de-ministres-aprova-la-venda-de-test-dantigens-sense-recepta-282833\/\" target=\"_blank\" rel=\"noopener\">El M\u00f3n<\/a>, <a href=\"https:\/\/elmedicointeractivo.com\/los-test-de-antigenos-en-farmacia-pueden-comprarse-desde-hoy-sin-receta-medica\/\" target=\"_blank\" rel=\"noopener\">El M\u00e9dico Interactivo<\/a>, <a href=\"https:\/\/www.immedicohospitalario.es\/noticia\/24238\/test-asequibles-de-autodiagnostico-sin-receta-en-las-farmacias-nacionales.html\" target=\"_blank\" rel=\"noopener\">imHospitalario<\/a>, <a href=\"https:\/\/www.actasanitaria.com\/ratifica-antigenos-farmacias\/\" target=\"_blank\" rel=\"noopener\">Acta Sanitaria<\/a>,\u00a0<a href=\"https:\/\/www.diariofarma.com\/2021\/07\/21\/el-ccfc-pide-que-para-contextualizar-los-resultados-de-los-test-se-cuente-con-el-farmaceutico\" target=\"_blank\" rel=\"noopener\">Diariofarma<\/a>,\u00a0<a href=\"https:\/\/www.ccma.cat\/324\/test-dantigens-de-la-covid-quan-sha-de-fer-que-detecta-que-passa-si-es-negatiu\/noticia\/3111080\/\" target=\"_blank\" rel=\"noopener\">324.cat<\/a>, <a href=\"https:\/\/mataroaudiovisual.cat\/noticia\/salut\/les-farm-cies-ja-poden-vendre-tests-d-ant-gens-sense-recepta-m-dica\" target=\"_blank\" rel=\"noopener\">Matar\u00f3 Audiovisual<\/a>, <a href=\"https:\/\/elcargol.com\/societat\/7532-les-farmacies-ja-poden-dispensar-tests-d-antigens-d-autodiagnostic-sense-prescripcio-medica\" target=\"_blank\" rel=\"noopener\">El Cargol<\/a>, <a href=\"https:\/\/liniaxarxa.cat\/estils-de-vida\/preu-test-antigens-farmacia\/\" target=\"_blank\" rel=\"noopener\">L\u00ednia<\/a>, <a href=\"https:\/\/www.social.cat\/noticia\/14902\/les-farmacies-comencen-a-dispensar-test-dantigens-sense-recepta-aquest-dijous\" target=\"_blank\" rel=\"noopener\">Social.cat<\/a>, <a href=\"https:\/\/www.20minutos.es\/noticia\/4771371\/0\/farmacias-preven-demanda-alta-test-partir-jueves-cuando-entra-vigor-venta-sin-receta\/\" target=\"_blank\" rel=\"noopener\">20 minutos<\/a>\u00a0i\u00a0<a href=\"https:\/\/www.diaridegirona.cat\/comarques\/2021\/07\/22\/els-farmaceutics-creuen-les-proves-55303583.html\" target=\"_blank\" rel=\"noopener\">Diari de Girona<\/a>.<\/p>\n<p>Tamb\u00e9 va haver-hi mitjans que es van interessar per si l&#8217;<strong>elevada demanda<\/strong>\u00a0de tests d&#8217;ant\u00edgens de finals de juliol afectaria el\u00a0<strong>subministrament\u00a0<\/strong>d&#8217;aquests productes. La vicepresidenta del COFB va parlar-ne a\u00a0<a href=\"https:\/\/www.europapress.es\/catalunya\/noticia-farmacias-catalanas-confian-suministro-estable-test-antigenos-proximos-dias-20210723134840.html\" target=\"_blank\" rel=\"noopener\">Europa Press<\/a>.<\/p>\n<div class=\"custom-divider\"><\/div>\n<h1><strong><span style=\"color: #008080;\">Cribratge a les farm\u00e0cies per a professionals i participants del lleure educatiu d&#8217;estiu<\/span><\/strong><\/h1>\n<p>A mitjans del mes de juliol, el Departament de <strong>Salut<\/strong>, el Departament de <strong>Drets Socials<\/strong> i el <strong>Consell de Col\u00b7legis Farmac\u00e8utics de Catalunya\u00a0<\/strong>van posar en marxa un cribratge a les farm\u00e0cies, amb tests d&#8217;ant\u00edgens, adre\u00e7at als professionals i participants del lleure educatiu d&#8217;estiu.\u00a0La iniciativa compta amb la participaci\u00f3 de <strong>m\u00e9s de 1.300 farm\u00e0cies<\/strong> d&#8217;arreu del territori, i s&#8217;allargar\u00e0 fins que comenci el curs escolar al setembre.<\/p>\n<p>Pr\u00e8viament a la presentaci\u00f3 oficial, <a href=\"https:\/\/www.ccma.cat\/tv3\/alacarta\/telenoticies\/telenoticies-vespre-08072021\/video\/6110032\/\" target=\"_blank\" rel=\"noopener\">TV3<\/a> ja va fer-se ress\u00f2 dels preparatius de la posada en marxa del cribratge (a partir del minut 5:36). Tamb\u00e9 va parlar-ne <a href=\"https:\/\/www.ccma.cat\/catradio\/alacarta\/el-mati-de-catalunya-radio\/com-funcionaran-els-tests-dantigens-a-les-farmacies\/audio\/1106754\/\" target=\"_blank\" rel=\"noopener\">Catalunya R\u00e0dio<\/a>, que va entrevistar el president del COFB , <strong>Jordi Casas<\/strong>. El programa <a href=\"https:\/\/www.ccma.cat\/catradio\/alacarta\/catalunya-nit\/catalunya-nit-de-21-a-22-h-13072021\/audio\/1107093\/\" target=\"_blank\" rel=\"noopener\">Catalunya Nit<\/a> d&#8217;aquesta mateixa emissora va referir-se al cribratge del lleure (a partir del minut 24:06) el passat 13 de juliol.<\/p>\n<p><img loading=\"lazy\" decoding=\"async\" class=\"aligncenter size-large wp-image-56453\" src=\"https:\/\/blog.cofb.cat\/wp-content\/uploads\/2021\/08\/Plantilles-recull-17-1024x724.png\" alt=\"\" width=\"620\" height=\"438\" \/><\/p>\n<h3><span style=\"color: #000000;\"><strong>Presentaci\u00f3 en roda de premsa\u00a0<\/strong><\/span><\/h3>\n<p>Un dia m\u00e9s tard, el <a href=\"https:\/\/www.ccma.cat\/tv3\/alacarta\/telenoticies\/infants-de-10-a-15-anys-i-els-seus-monitors-de-lleure-podran-fer-se-autotests-a-les-farmacies-a-partir-de-la-setmana-vinent\/video\/6110944\/\" target=\"_blank\" rel=\"noopener\">Telenot\u00edcies de TV3<\/a>\u00a0es va fer ress\u00f2 de la <strong>presentaci\u00f3 del\u00a0 cribratge<\/strong>, en el marc d&#8217;una <strong>roda de premsa<\/strong> en qu\u00e8 va participar el president del COFB, <strong>Jordi Casas<\/strong>. Tamb\u00e9 van recollir-ho:\u00a0el\u00a0<a href=\"https:\/\/www.ccma.cat\/324\/salut-fara-cribratges-a-monitors-de-colonies-i-campaments-pel-repunt-de-la-pandemia\/noticia\/3109031\/\" target=\"_blank\" rel=\"noopener\">324.cat<\/a>, <a href=\"https:\/\/www.ccma.cat\/catradio\/alacarta\/catalunya-migdia\/catalunya-migdia-de-14-a-15-h-14072021\/audio\/1107145\/\" target=\"_blank\" rel=\"noopener\">Catalunya R\u00e0dio<\/a>\u00a0(a partir del minut 15:55), <a href=\"https:\/\/www.aldia.cat\/gent\/noticia-catalunya-oferira-tests-les-farmacies-monitors-nens-participin-activitats-lleure-educatiu-20210714152451.html\" target=\"_blank\" rel=\"noopener\">Europa Press<\/a>, <a href=\"https:\/\/www.rtve.es\/play\/videos\/linformatiu\/14072021\/5993184\/\" target=\"_blank\" rel=\"noopener\">TVE\u00a0<\/a>(a partir del minut 4:36),\u00a0<a href=\"https:\/\/elmon.cat\/societat\/lexplosio-de-contagis-obliga-a-muntar-un-cribratge-demergencia-en-el-lleure-destiu-279685\/\" target=\"_blank\" rel=\"noopener\">El M\u00f3n<\/a>, <a href=\"https:\/\/api.audioteca.rac1.cat\/embed\/8b91a8c1-3b6a-4ca3-947a-70cb5bd29f23\" target=\"_blank\" rel=\"noopener\">RAC 1\u00a0<\/a>(a partir del minut 8:06),\u00a0<a href=\"https:\/\/beteve.cat\/societat\/salut-anuncia-cribratges-tests-antigens-lleure-infantil-juvenil\/\" target=\"_blank\" rel=\"noopener\">Betev\u00e9<\/a>, El Punt Avui, <a href=\"https:\/\/www.diarimes.com\/noticies\/actualitat\/catalunya\/2021\/07\/14\/salut_obrira_dilluns_les_farmacies_cribratge_monitors_infants_15_anys_que_facin_activitats_del_lleure_107772_3029.html\" target=\"_blank\" rel=\"noopener\">Diari M\u00e9s<\/a>, La Vanguardia, <a href=\"https:\/\/terrassadigital.cat\/cribratge-per-a-monitors-i-participants-dels-casals-i-colonies-de-forma-gratuita-i-a-les-farmacies\/\" target=\"_blank\" rel=\"noopener\">Terrassa Digital<\/a>, <a href=\"https:\/\/www.ara.cat\/societat\/salut-vacunara-ara-fara-tests-antigens-monitors-casals-estiu_1_4053653.html\" target=\"_blank\" rel=\"noopener\">Diari Ara<\/a>, <a href=\"https:\/\/lhdigital.cat\/web\/digital-h\/noticia\/societat\/-\/journal_content\/56_INSTANCE_43Th\/11023\/15012753\" target=\"_blank\" rel=\"noopener\">L&#8217;Hospitalet Digital<\/a>, <a href=\"https:\/\/www.diariomedico.com\/farmacia\/politica\/las-farmacias-catalanas-haran-el-cribado-de-covid-19-en-el-ocio-educativo-infanto-juvenil-de-verano.html\" target=\"_blank\" rel=\"noopener\">Diario M\u00e9dico<\/a>, <a href=\"https:\/\/www.efe.com\/efe\/espana\/sociedad\/cataluna-ofrece-cribado-en-farmacias-y-vacunacion-prioritaria-a-los-monitores\/10004-4586076\" target=\"_blank\" rel=\"noopener\">Agencia EFE<\/a>.<\/p>\n<p><img loading=\"lazy\" decoding=\"async\" class=\"aligncenter size-full wp-image-56444\" src=\"https:\/\/blog.cofb.cat\/wp-content\/uploads\/2021\/08\/tv3-g.png\" alt=\"\" width=\"865\" height=\"484\" \/><\/p>\n<h3><span style=\"color: #000000;\"><strong>Inici del cribratge\u00a0<\/strong><\/span><\/h3>\n<p>El 19 de juliol va comen\u00e7ar el cribratge i diversos mitjans van fer el seguiment del primer dia. Entre ells, destaquen <a href=\"https:\/\/www.ccma.cat\/tv3\/alacarta\/telenoticies\/monitors-de-lleure-i-infants-ja-es-poden-fer-tests-dantigens-a-les-farmacies\/video\/6111699\/\" target=\"_blank\" rel=\"noopener\">TV3<\/a> (amb declaracions d&#8217;<strong>Aina Surroca<\/strong>, secret\u00e0ria del COFB, i <strong>Guillermo Bagar\u00eda<\/strong>, vocal d&#8217;Oficina de Farm\u00e0cia del COFB);\u00a0<a href=\"https:\/\/beteve.cat\/societat\/monitors-infants-casals-colonies-test-antigens-gratuit-farmacies\/\" target=\"_blank\" rel=\"noopener\">Betev\u00e9<\/a> (amb declaracions de <strong>N\u00faria Bosch<\/strong>, vicepresidenta del COFB);\u00a0<a href=\"https:\/\/www.rtve.es\/television\/20210719\/monitors-casals-estiu-test-antigens-farmacies\/2132744.shtml\" target=\"_blank\" rel=\"noopener\">TVE<\/a> (amb declaracions de <strong>Marta Roig<\/strong>, vocal del COFB);\u00a0<a href=\"https:\/\/www.eldiario.es\/sociedad\/farmacias-catalanas-inician-cribados-monitores-ocio-verano_1_8150947.html\" target=\"_blank\" rel=\"noopener\">Eldiario.es<\/a>,\u00a0<a href=\"https:\/\/www.20minutos.es\/noticia\/4769433\/0\/farmacias-catalanas-inician-los-cribados-covid-de-monitores-del-ocio-de-verano\/\" target=\"_blank\" rel=\"noopener\">20 minutos<\/a>, \u00a0<a href=\"https:\/\/www.cope.es\/actualidad\/sociedad\/noticias\/farmacias-catalanas-inician-cribados-monitores-del-ocio-verano-20210719_1409834\" target=\"_blank\" rel=\"noopener\">Cope<\/a> (amb declaracions de <strong>Guillermo Bagar\u00eda, <\/strong>vocal d&#8217;Oficina de Farm\u00e0cia del COFB). Tamb\u00e9 van recollir la not\u00edcia\u00a0<a href=\"https:\/\/www.ccma.cat\/324\/tests-dantigens-gratuits-per-a-infants-i-monitors-de-casals-i-colonies-com-fersels\/noticia\/3110721\/\" target=\"_blank\" rel=\"noopener\">3\/24<\/a>, <a href=\"https:\/\/www.rac1.cat\/info-rac1\/20210719\/410588569468\/cribratge-massiu-monitors-lleure-infants-covid-contagis-colonies.html?utm_source=twitter&amp;utm_medium=social&amp;utm_content=rac1_info-rac1\" target=\"_blank\" rel=\"noopener\">RAC1<\/a>, <a href=\"https:\/\/elmon.cat\/societat\/mapa-totes-les-farmacies-que-fan-tests-antigens-gratis-limitats-al-sector-del-lleure-educatiu-282251\/\" target=\"_blank\" rel=\"noopener\">El M\u00f3n<\/a>,\u00a0<a href=\"https:\/\/www.naciodigital.cat\/noticia\/222626\/on-cribratges-sector-lleure-estiu\" target=\"_blank\" rel=\"noopener\">Naci\u00f3 Digital<\/a>, <a href=\"https:\/\/www.lamanyana.cat\/tests-dautomostra-en-mes-de-70-farmacies-lleidatanes-per-infants-i-monitors-de-colonies-i-esplais\/\" target=\"_blank\" rel=\"noopener\">La Ma\u00f1ana<\/a>,\u00a0<a href=\"https:\/\/www.cugat.cat\/noticies\/societat\/154930\/_els-tests-d_antigens-als-casals-d_estiu-a-les-farmacies-s_haurien-d_haver-fet-abans_\/?utm_term=Autofeed&amp;utm_medium=Social&amp;utm_source=Twitter#Echobox=1626706104\" target=\"_blank\" rel=\"noopener\">Cugat.cat<\/a>, <a href=\"https:\/\/canalblau.alacarta.cat\/garraf-noticies\/noticia\/les-farmacies-ja-fan-el-test-dantigens-als-participants-de-les-activitats-de-lleure\" target=\"_blank\" rel=\"noopener\">Canal Blau<\/a> i <a href=\"https:\/\/elcargol.com\/societat\/7516-una-desena-de-farmacies-de-la-comarca-faran-tests-d-antigens-gratuits-als-monitors-i-infants-dels-casals-d-estiu-i-colonies\" target=\"_blank\" rel=\"noopener\">El Cargol<\/a>.<\/p>\n<p><img loading=\"lazy\" decoding=\"async\" class=\"aligncenter size-large wp-image-56445\" src=\"https:\/\/blog.cofb.cat\/wp-content\/uploads\/2021\/08\/m-roig-1024x577.png\" alt=\"\" width=\"620\" height=\"349\" \/><\/p>\n<div class=\"custom-divider\"><\/div>\n<h1><strong><span style=\"color: #008080;\">VII Edici\u00f3 del M\u00e0ster en Ortop\u00e8dia per a farmac\u00e8utics<\/span><\/strong><\/h1>\n<p>El <strong>COFB<\/strong> i la <strong>Universitat de Barcelona<\/strong> van presentar el passat mes de juliol la <strong>VII Edici\u00f3 del M\u00e0ster d&#8217;Ortop\u00e8dia per a farmac\u00e8utics<\/strong>, que comen\u00e7ar\u00e0 el pr\u00f2xim\u00a0<strong>25 d&#8217;octubre<\/strong> i capacitar\u00e0, un any m\u00e9s, al farmac\u00e8utic com a t\u00e8cnic <strong>responsable de productes d&#8217;ortop\u00e8dia<\/strong>. Tal com va explicar Elena Palau, vocal d&#8217;Ortop\u00e8dia del COFB, &#8220;la formaci\u00f3 ofereix seguretat a l&#8217;hora de poder atendre els pacients i les seves consultes, que no tan sols es troben relacionades amb l&#8217;\u00e0mbit del medicament&#8221;. Van recollir la <strong>nota de premsa<\/strong> enviada pel COFB els mitjans\u00a0<a href=\"https:\/\/www.elfarmaceutico.es\/tendencias\/esta-pasando\/noticias\/cof-barcelona-universitat-barcelona-presentan-vii-edicion-master-ortopedia-farmaceuticos_150131_102.html\" target=\"_blank\" rel=\"noopener\">El farmac\u00e9utico,\u00a0<\/a>\u00a0<a href=\"https:\/\/www.imfarmacias.es\/noticia\/24580\/novedades-en-la-vii-edicion-del-master-de-ortopedia-para-farmaceuti.html\" target=\"_blank\" rel=\"noopener\">ImFarmacias<\/a>, <a href=\"https:\/\/www.diariofarma.com\/2021\/07\/01\/el-cof-de-barcelona-y-la-universidad-presentan-la-vii-edicion-del-master-de-ortopedia-para-farmaceuticos\" target=\"_blank\" rel=\"noopener\">Diariofarma<\/a>, <a href=\"https:\/\/revistafarmanatur.com\/gestion-farmaceutica\/cof-barcelona-la-universitat-barcelona-presentan-la-vii-edicion-del-master-ortopedia-farmaceuticos\/\" target=\"_blank\" rel=\"noopener\">Farmanatur<\/a>, <a href=\"https:\/\/revistaacofar.com\/actualidad\/noticias\/la-ortopedia-una-oportunidad-de-crecimiento-profesional-para-los-farmaceuticos\/\" target=\"_blank\" rel=\"noopener\">Revista Acofar<\/a>, <a href=\"https:\/\/www.farmaventas.es\/noticias-del-sector\/11844-el-cof-de-barcelona-y-la-universitat-de-barcelona-presentan-la-vii-edicion-del-master-de-ortopedia-para-farmaceuticos-que-ofrecera-por-primera-vez-una-modalidad-hibrida.html\" target=\"_blank\" rel=\"noopener\">Farmaventas<\/a>\u00a0i\u00a0<a href=\"http:\/\/www.pmfarma.es\/noticias\/31667-el-cof-de-barcelona-y-la-universitat-de-barcelona-presentan-la-vii-edicion-del-master-de-ortopedia-para-farmaceuticos-que-ofrecera-por-prim.html\" target=\"_blank\" rel=\"noopener\">PM Farma<\/a>.<\/p>\n<p><img loading=\"lazy\" decoding=\"async\" class=\"aligncenter size-large wp-image-56446\" src=\"https:\/\/blog.cofb.cat\/wp-content\/uploads\/2021\/08\/Plantilles-recull-12-1024x724.png\" alt=\"\" width=\"620\" height=\"438\" \/><\/p>\n<div class=\"custom-divider\"><\/div>\n<h1><strong><span style=\"color: #008080;\">El rol del farmac\u00e8utic en l&#8217;atenci\u00f3 residencial\u00a0<\/span><\/strong><\/h1>\n<p><strong>Jordi Casas<\/strong>, president del COFB, i <strong>Joan Francesc Mir,<\/strong> de l&#8217;\u00e0rea de projectes i recerca del COFB, van publicar un article a <a href=\"https:\/\/www.auladelafarmacia.com\/rol-farmaceutico-provision-de-atencion-integrada-en-centros-residenciales-para-personas-mayores\/\" target=\"_blank\" rel=\"noopener\">Aula de la Farmacia<\/a> en relaci\u00f3 amb el <strong>rol farmac\u00e8utic en la provisi\u00f3 d&#8217;atenci\u00f3 integrada en centres residencials per gent gran.<\/strong> Al llarg de l&#8217;article, van fer un rep\u00e0s dels aspectes m\u00e9s destacats, com per exemple, el repte de l&#8217;envelliment, el paper de la farm\u00e0cia i el Manual d&#8217;Assist\u00e8ncia Farmac\u00e8utica en centres residencials.<\/p>\n<p><img loading=\"lazy\" decoding=\"async\" class=\"aligncenter size-large wp-image-56447\" src=\"https:\/\/blog.cofb.cat\/wp-content\/uploads\/2021\/08\/Plantilles-recull-13-1024x724.png\" alt=\"\" width=\"620\" height=\"438\" \/><\/p>\n<div class=\"custom-divider\"><\/div>\n<h1><strong><span style=\"color: #008080;\">El COFB com a font d&#8217;informaci\u00f3<\/span><\/strong><\/h1>\n<h3><span style=\"color: #000000;\"><strong>Protegir-se del sol adequadament<\/strong><\/span><\/h3>\n<p>La campanya &#8220;<strong>La pell, mira-te-la amb bons ulls<\/strong>&#8221; impulsada per farmac\u00e8utics i \u00f2ptics-optometristes va continuar tenint repercussions als mitjans de comunicaci\u00f3.<\/p>\n<p>La farmac\u00e8utica <strong>Marta Bol\u00f3s<\/strong> va remarcar la import\u00e0ncia de les cremes solars per protegir la pell en una pe\u00e7a de l&#8217;<a href=\"https:\/\/lhdigital.cat\/web\/digital-h\/televisio\/veure-video\/-\/journal_content\/56_INSTANCE_ZrP3\/11023\/15010294#.YOBV0m54ueE.whatsapp\" target=\"_blank\" rel=\"noopener\">Hospitalet Digital<\/a> (a partir del minut 4:45). En aquesta l\u00ednia, <a href=\"https:\/\/terrassadigital.cat\/una-campanya-recomana-protegir-ulls-i-pell-de-la-radiacio-solar\/\" target=\"_blank\" rel=\"noopener\">Terrassa Digital<\/a> tamb\u00e9 va elaborar una pe\u00e7a sobre<strong> els efectes perjudicials de la radiaci\u00f3 solar<\/strong>, on tamb\u00e9 es destacava la import\u00e0ncia de la campanya.<\/p>\n<p><img loading=\"lazy\" decoding=\"async\" class=\"aligncenter size-full wp-image-56448\" src=\"https:\/\/blog.cofb.cat\/wp-content\/uploads\/2021\/08\/Captura-m-b.png\" alt=\"\" width=\"732\" height=\"393\" \/><\/p>\n<h3><span style=\"color: #000000;\"><strong>Repel\u00b7lents de mosquits<\/strong><\/span><\/h3>\n<p>Com cada estiu, els mosquits s\u00f3n ben presents en el nostre entorn i cal escollir i utilitzar correctament els repel\u00b7lents de mosquits.\u00a0<b>Marta Alcalde<\/b>, vocal de Dermofarm\u00e0cia i Productes Sanitaris del COFB, va fer un rep\u00e0s a <a href=\"https:\/\/www.rac1.cat\/societat\/20210708\/410424487338\/errors-repellent-mosquits-farmacia-tipus-ultrasons-funciona-tigre.html\" target=\"_blank\" rel=\"noopener\">RAC 1.cat<\/a>\u00a0dels principals aspectes a tenir en compte en relaci\u00f3 amb aquest tema. D&#8217;altra banda, <a href=\"https:\/\/cuidateplus.marca.com\/belleza-y-piel\/cuidados-cuerpo\/2021\/07\/31\/pulseras-repelentes-mosquitos-consejos-precauciones-178968.html\" target=\"_blank\" rel=\"noopener\">Cu\u00eddate Plus<\/a>\u00a0va publicar una pe\u00e7a, tamb\u00e9 amb declaracions de Marta Alcalde, sobre consells d&#8217;\u00fas i precaucions en les polseres repel\u00b7lents de mosquits.<\/p>\n<p><img loading=\"lazy\" decoding=\"async\" class=\"aligncenter size-large wp-image-56449\" src=\"https:\/\/blog.cofb.cat\/wp-content\/uploads\/2021\/08\/Plantilles-recull-14-1024x724.png\" alt=\"\" width=\"620\" height=\"438\" \/><\/p>\n<h3><span style=\"color: #000000;\"><strong>L&#8217;alimentaci\u00f3 saludable a les farm\u00e0cies<\/strong><\/span><\/h3>\n<p>En el marc de la <strong>Setmana Farmac\u00e8utica de l&#8217;Alimentaci\u00f3<\/strong>, la vocal d&#8217;Alimentaci\u00f3 i Nutrici\u00f3 del COFB, <strong>Anna Bach-Faig,<\/strong> va participar en una jornada sobre &#8220;<strong>Noves tend\u00e8ncies en l&#8217;Alimentaci\u00f3<\/strong>&#8220;. Com recull <a href=\"https:\/\/vidasinsuperables.com\/la-alimentacion-saludable-se-abre-paso-desde-las-farmacias\/\" target=\"_blank\" rel=\"noopener\">Vidas Insuperables<\/a>, Bach-Faig va plantejar l&#8217;abordatge de l&#8217;alimentaci\u00f3 des de conceptes com la sostenibilitat i els indicadors ambientals.<\/p>\n<h3><span style=\"color: #000000;\"><strong>Valeriana: qu\u00e8 \u00e9s i com millora la salut?<\/strong><\/span><\/h3>\n<p>La valeriana \u00e9s una planta medicinal que pot ajudar a agafar el son i combatre els nervis. En va parlar el vocal de Plantes Medicinals i Homeopatia del COFB, <strong>Josep Allu\u00e9<\/strong>, en un<a href=\"https:\/\/apoteka.redaccionmedica.com\/valeriana-que-es-esta-planta-medicinal-y-como-mejora-la-salud\/\" target=\"_blank\" rel=\"noopener\"> article<\/a>\u00a0de Redacci\u00f3n M\u00e9dica sobre la<strong> valeriana<\/strong> i els seus usos.<\/p>\n<p><img loading=\"lazy\" decoding=\"async\" class=\"aligncenter size-large wp-image-56450\" src=\"https:\/\/blog.cofb.cat\/wp-content\/uploads\/2021\/08\/Plantilles-recull-15-1024x724.png\" alt=\"\" width=\"620\" height=\"438\" \/><\/p>\n<div class=\"custom-divider\"><\/div>\n<h1><span style=\"color: #008080;\"><strong>Mencions al COFB<\/strong><\/span><\/h1>\n<h3><span style=\"color: #000000;\"><strong>\u00c0gora Sanit\u00e0ria, formaci\u00f3 especialitzada durant l&#8217;estiu<\/strong><\/span><\/h3>\n<p>El <strong>portal de formaci\u00f3 online<\/strong> dels Col\u00b7legis Oficials de Farmac\u00e8utics de Madrid i Barcelona, \u00c0gora Sanit\u00e0ria, va llan\u00e7ar al juliol la campanya <strong>&#8220;Refrescar tu formaci\u00f3n tiene premio&#8221;. <\/strong>L&#8217;objectiu\u00a0 \u00e9s que l&#8217;estiu sigui un <strong>per\u00edode d&#8217;actualitzaci\u00f3 en l&#8217;atenci\u00f3 farmac\u00e8utica<\/strong>. Ho van recollir\u00a0<a href=\"https:\/\/www.farmaventas.es\/noticias-del-sector\/11879-agora-sanitaria-apuesta-este-verano-por-la-formacion-especializada-de-los-distintos-ambitos-de-la-atencion-farmaceutica.html\" target=\"_blank\" rel=\"noopener\">Farmaventas<\/a>, <a href=\"https:\/\/revistafarmanatur.com\/home-izq\/agora-sanitaria-apuesta-este-verano-la-formacion-especializada-los-distintos-ambitos-la-atencion-farmaceutica\/\" target=\"_blank\" rel=\"noopener\">Farmanatur<\/a>, <a href=\"http:\/\/www.pmfarma.es\/noticias\/31749-agora-sanitaria-apuesta-este-verano-por-la-formacion-especializada-de-los-distintos-ambitos-de-la-atencion-farmaceutica.html\" target=\"_blank\" rel=\"noopener\">PM Farma<\/a>\u00a0i <a href=\"https:\/\/revistaacofar.com\/actualidad\/noticias\/agora-sanitaria-apuesta-este-verano-por-la-formacion-especializada\/\" target=\"_blank\" rel=\"noopener\">Revista Acofar.<\/a><\/p>\n<h3><span style=\"color: #000000;\"><strong>Infarma 2022<\/strong><\/span><\/h3>\n<p>A mitjans de juliol <a href=\"https:\/\/www.imfarmacias.es\/noticia\/24830\/infarma-2022-empieza-a-calentar-motores.html\" target=\"_blank\" rel=\"noopener\">imFarmacias<\/a> va publicar les primeres dades sobre l&#8217;edici\u00f3 d&#8217;<strong>Infarma 2022<\/strong>, tot explicant que <strong>se celebrar\u00e0 a Madrid del 22 al 24 de mar\u00e7<\/strong>, convertint-se, una edici\u00f3 m\u00e9s, en el Congr\u00e9s i Sal\u00f3 de refer\u00e8ncia del sector farmac\u00e8utic.<\/p>\n<p><img loading=\"lazy\" decoding=\"async\" class=\"aligncenter size-large wp-image-56451\" src=\"https:\/\/blog.cofb.cat\/wp-content\/uploads\/2021\/08\/Plantilles-recull-16-1024x724.png\" alt=\"\" width=\"620\" height=\"438\" \/><\/p>\n<p><strong>Altres publicacions d&#8217;inter\u00e8s:<\/strong><\/p>\n<ul>\n<li><a href=\"https:\/\/blog.cofb.cat\/juny-infarma-virtual-2021-lextensio-farmaserveis-catalunya-cloenda-xvi-edicio-mgof-temes-mes-destacats-als-mitjans\/\" target=\"_blank\" rel=\"noopener\">Juny: Infarma Virtual 2021, l\u2019extensi\u00f3 de Farmaserveis a tot Catalunya i la cloenda de la XVI edici\u00f3 del MGOF, temes m\u00e9s destacats als mitjans (Juliol 2021)<\/a><\/li>\n<li><a href=\"https:\/\/blog.cofb.cat\/maig-campanya-pell-mira-bons-ulls-infarma-virtual-2021-tests-dantigens-farmacies-temes-mes-destacats-als-mitjans\/\" target=\"_blank\" rel=\"noopener\">Maig: La campanya \u201cLa pell, mira-te-la amb bons ulls\u201d, Infarma Virtual 2021 i els tests d\u2019ant\u00edgens a les farm\u00e0cies, temes m\u00e9s destacats als mitjans (Juny 2021)<\/a><\/li>\n<li><a href=\"https:\/\/blog.cofb.cat\/abril-tests-covid-19-farmacies-infarma-virtual-2021-temes-mes-destacats-als-mitjans\/\" target=\"_blank\" rel=\"noopener\">Abril: Els tests COVID-19 a les farm\u00e0cies i Infarma Virtual 2021, temes m\u00e9s destacats als mitjans (Maig 2021)<\/a><\/li>\n<\/ul>\n","protected":false},"excerpt":{"rendered":"<p>Tests d&#8217;ant\u00edgens a les farm\u00e0cies Durant el mes de juliol els tests d&#8217;ant\u00edgens van tenir un gran protagonisme als mitjans de comunicaci\u00f3\u00a0i, pr\u00e8viament a la llum verda per part del Consell de Ministres, des del Consell de Col\u00b7legis Farmac\u00e8utics de Catalunya\u00a0es va continuar reclamant que es permet\u00e9s a les farm\u00e0cies [&hellip;]<\/p>\n","protected":false},"author":1,"featured_media":56458,"comment_status":"open","ping_status":"open","sticky":false,"template":"","format":"standard","meta":{"_uag_custom_page_level_css":"","site-sidebar-layout":"default","site-content-layout":"","ast-site-content-layout":"default","site-content-style":"default","site-sidebar-style":"default","ast-global-header-display":"","ast-banner-title-visibility":"","ast-main-header-display":"","ast-hfb-above-header-display":"","ast-hfb-below-header-display":"","ast-hfb-mobile-header-display":"","site-post-title":"","ast-breadcrumbs-content":"","ast-featured-img":"disabled","footer-sml-layout":"","theme-transparent-header-meta":"","adv-header-id-meta":"","stick-header-meta":"","header-above-stick-meta":"","header-main-stick-meta":"","header-below-stick-meta":"","astra-migrate-meta-layouts":"default","ast-page-background-enabled":"default","ast-page-background-meta":{"desktop":{"background-color":"var(--ast-global-color-4)","background-image":"","background-repeat":"repeat","background-position":"center center","background-size":"auto","background-attachment":"scroll","background-type":"","background-media":"","overlay-type":"","overlay-color":"","overlay-opacity":"","overlay-gradient":""},"tablet":{"background-color":"","background-image":"","background-repeat":"repeat","background-position":"center center","background-size":"auto","background-attachment":"scroll","background-type":"","background-media":"","overlay-type":"","overlay-color":"","overlay-opacity":"","overlay-gradient":""},"mobile":{"background-color":"","background-image":"","background-repeat":"repeat","background-position":"center center","background-size":"auto","background-attachment":"scroll","background-type":"","background-media":"","overlay-type":"","overlay-color":"","overlay-opacity":"","overlay-gradient":""}},"ast-content-background-meta":{"desktop":{"background-color":"var(--ast-global-color-5)","background-image":"","background-repeat":"repeat","background-position":"center center","background-size":"auto","background-attachment":"scroll","background-type":"","background-media":"","overlay-type":"","overlay-color":"","overlay-opacity":"","overlay-gradient":""},"tablet":{"background-color":"var(--ast-global-color-5)","background-image":"","background-repeat":"repeat","background-position":"center center","background-size":"auto","background-attachment":"scroll","background-type":"","background-media":"","overlay-type":"","overlay-color":"","overlay-opacity":"","overlay-gradient":""},"mobile":{"background-color":"var(--ast-global-color-5)","background-image":"","background-repeat":"repeat","background-position":"center center","background-size":"auto","background-attachment":"scroll","background-type":"","background-media":"","overlay-type":"","overlay-color":"","overlay-opacity":"","overlay-gradient":""}},"footnotes":""},"categories":[23,32],"tags":[90,728,4614,2160,53,69,25,2859,3637,4458,459,4613,76,3468,4615,498],"class_list":["post-56296","post","type-post","status-publish","format-standard","has-post-thumbnail","hentry","category-destacats","category-noticies-farmacia","tag-covid-19","tag-cribratge","tag-deteccio-covid-19","tag-estiu","tag-farmaceutics","tag-farmacia-comunitaria","tag-farmacies","tag-joves","tag-juliol","tag-lleure","tag-mitjans","tag-monitors","tag-oficina-de-farmacia","tag-recull-mitjans","tag-tests-antigens-autodiagnostic","tag-tests-dantigens"],"yoast_head":"<!-- This site is optimized with the Yoast SEO plugin v22.4 - https:\/\/yoast.com\/wordpress\/plugins\/seo\/ -->\n<title>Juliol: Els tests d&#039;ant\u00edgens sense recepta a les farm\u00e0cies i el cribratge als professionals i participants del lleure educatiu d&#039;estiu, temes m\u00e9s destacats als mitjans - Col\u00b7legi de Farmac\u00e8utics de Barcelona<\/title>\n<meta name=\"robots\" content=\"index, follow, max-snippet:-1, max-image-preview:large, max-video-preview:-1\" \/>\n<link rel=\"canonical\" href=\"https:\/\/novaorg.cofb.net\/2021\/08\/26\/juliol-tests-dantigens-recepta-farmacies-cribratge-als-professionals-participants-lleure-educatiu-destiu-temes-mes-destacats-als-mitjans\/\" \/>\n<meta property=\"og:locale\" content=\"ca_ES\" \/>\n<meta property=\"og:type\" content=\"article\" \/>\n<meta property=\"og:title\" content=\"Juliol: Els tests d&#039;ant\u00edgens sense recepta a les farm\u00e0cies i el cribratge als professionals i participants del lleure educatiu d&#039;estiu, temes m\u00e9s destacats als mitjans - Col\u00b7legi de Farmac\u00e8utics de Barcelona\" \/>\n<meta property=\"og:description\" content=\"Tests d&#8217;ant\u00edgens a les farm\u00e0cies Durant el mes de juliol els tests d&#8217;ant\u00edgens van tenir un gran protagonisme als mitjans de comunicaci\u00f3\u00a0i, pr\u00e8viament a la llum verda per part del Consell de Ministres, des del Consell de Col\u00b7legis Farmac\u00e8utics de Catalunya\u00a0es va continuar reclamant que es permet\u00e9s a les farm\u00e0cies [&hellip;]\" \/>\n<meta property=\"og:url\" content=\"https:\/\/novaorg.cofb.net\/2021\/08\/26\/juliol-tests-dantigens-recepta-farmacies-cribratge-als-professionals-participants-lleure-educatiu-destiu-temes-mes-destacats-als-mitjans\/\" \/>\n<meta property=\"og:site_name\" content=\"Col\u00b7legi de Farmac\u00e8utics de Barcelona\" \/>\n<meta property=\"article:publisher\" content=\"https:\/\/www.facebook.com\/farmaceuticsbcn\/\" \/>\n<meta property=\"article:published_time\" content=\"2021-08-26T09:54:46+00:00\" \/>\n<meta name=\"author\" content=\"wpAdminCofbOrg\" \/>\n<meta name=\"twitter:card\" content=\"summary_large_image\" \/>\n<meta name=\"twitter:creator\" content=\"@farmaceuticsbcn\" \/>\n<meta name=\"twitter:site\" content=\"@farmaceuticsbcn\" \/>\n<meta name=\"twitter:label1\" content=\"Escrit per\" \/>\n\t<meta name=\"twitter:data1\" content=\"wpAdminCofbOrg\" \/>\n\t<meta name=\"twitter:label2\" content=\"Temps estimat de lectura\" \/>\n\t<meta name=\"twitter:data2\" content=\"9 minuts\" \/>\n<script type=\"application\/ld+json\" class=\"yoast-schema-graph\">{\"@context\":\"https:\/\/schema.org\",\"@graph\":[{\"@type\":\"Article\",\"@id\":\"https:\/\/novaorg.cofb.net\/2021\/08\/26\/juliol-tests-dantigens-recepta-farmacies-cribratge-als-professionals-participants-lleure-educatiu-destiu-temes-mes-destacats-als-mitjans\/#article\",\"isPartOf\":{\"@id\":\"https:\/\/novaorg.cofb.net\/2021\/08\/26\/juliol-tests-dantigens-recepta-farmacies-cribratge-als-professionals-participants-lleure-educatiu-destiu-temes-mes-destacats-als-mitjans\/\"},\"author\":{\"name\":\"wpAdminCofbOrg\",\"@id\":\"https:\/\/www.cofb.org\/#\/schema\/person\/22ed7eea88da74b0fa4d3154ad87ffcb\"},\"headline\":\"Juliol: Els tests d&#8217;ant\u00edgens sense recepta a les farm\u00e0cies i el cribratge als professionals i participants del lleure educatiu d&#8217;estiu, temes m\u00e9s destacats als mitjans\",\"datePublished\":\"2021-08-26T09:54:46+00:00\",\"dateModified\":\"2021-08-26T09:54:46+00:00\",\"mainEntityOfPage\":{\"@id\":\"https:\/\/novaorg.cofb.net\/2021\/08\/26\/juliol-tests-dantigens-recepta-farmacies-cribratge-als-professionals-participants-lleure-educatiu-destiu-temes-mes-destacats-als-mitjans\/\"},\"wordCount\":1939,\"commentCount\":0,\"publisher\":{\"@id\":\"https:\/\/www.cofb.org\/#organization\"},\"image\":{\"@id\":\"https:\/\/novaorg.cofb.net\/2021\/08\/26\/juliol-tests-dantigens-recepta-farmacies-cribratge-als-professionals-participants-lleure-educatiu-destiu-temes-mes-destacats-als-mitjans\/#primaryimage\"},\"thumbnailUrl\":\"\",\"keywords\":[\"COVID-19\",\"cribratge\",\"detecci\u00f3 COVID-19\",\"estiu\",\"farmac\u00e8utics\",\"farm\u00e0cia comunit\u00e0ria\",\"farm\u00e0cies\",\"joves\",\"juliol\",\"lleure\",\"Mitjans\",\"monitors\",\"Oficina de farm\u00e0cia\",\"recull mitjans\",\"tests ant\u00edgens autodiagn\u00f2stic\",\"Tests d'ant\u00edgens\"],\"articleSection\":[\"Destacats\",\"Not\u00edcies farm\u00e0cia\"],\"inLanguage\":\"ca\",\"potentialAction\":[{\"@type\":\"CommentAction\",\"name\":\"Comment\",\"target\":[\"https:\/\/novaorg.cofb.net\/2021\/08\/26\/juliol-tests-dantigens-recepta-farmacies-cribratge-als-professionals-participants-lleure-educatiu-destiu-temes-mes-destacats-als-mitjans\/#respond\"]}]},{\"@type\":\"WebPage\",\"@id\":\"https:\/\/novaorg.cofb.net\/2021\/08\/26\/juliol-tests-dantigens-recepta-farmacies-cribratge-als-professionals-participants-lleure-educatiu-destiu-temes-mes-destacats-als-mitjans\/\",\"url\":\"https:\/\/novaorg.cofb.net\/2021\/08\/26\/juliol-tests-dantigens-recepta-farmacies-cribratge-als-professionals-participants-lleure-educatiu-destiu-temes-mes-destacats-als-mitjans\/\",\"name\":\"Juliol: Els tests d'ant\u00edgens sense recepta a les farm\u00e0cies i el cribratge als professionals i participants del lleure educatiu d'estiu, temes m\u00e9s destacats als mitjans - Col\u00b7legi de Farmac\u00e8utics de Barcelona\",\"isPartOf\":{\"@id\":\"https:\/\/www.cofb.org\/#website\"},\"primaryImageOfPage\":{\"@id\":\"https:\/\/novaorg.cofb.net\/2021\/08\/26\/juliol-tests-dantigens-recepta-farmacies-cribratge-als-professionals-participants-lleure-educatiu-destiu-temes-mes-destacats-als-mitjans\/#primaryimage\"},\"image\":{\"@id\":\"https:\/\/novaorg.cofb.net\/2021\/08\/26\/juliol-tests-dantigens-recepta-farmacies-cribratge-als-professionals-participants-lleure-educatiu-destiu-temes-mes-destacats-als-mitjans\/#primaryimage\"},\"thumbnailUrl\":\"\",\"datePublished\":\"2021-08-26T09:54:46+00:00\",\"dateModified\":\"2021-08-26T09:54:46+00:00\",\"breadcrumb\":{\"@id\":\"https:\/\/novaorg.cofb.net\/2021\/08\/26\/juliol-tests-dantigens-recepta-farmacies-cribratge-als-professionals-participants-lleure-educatiu-destiu-temes-mes-destacats-als-mitjans\/#breadcrumb\"},\"inLanguage\":\"ca\",\"potentialAction\":[{\"@type\":\"ReadAction\",\"target\":[\"https:\/\/novaorg.cofb.net\/2021\/08\/26\/juliol-tests-dantigens-recepta-farmacies-cribratge-als-professionals-participants-lleure-educatiu-destiu-temes-mes-destacats-als-mitjans\/\"]}]},{\"@type\":\"ImageObject\",\"inLanguage\":\"ca\",\"@id\":\"https:\/\/novaorg.cofb.net\/2021\/08\/26\/juliol-tests-dantigens-recepta-farmacies-cribratge-als-professionals-participants-lleure-educatiu-destiu-temes-mes-destacats-als-mitjans\/#primaryimage\",\"url\":\"\",\"contentUrl\":\"\"},{\"@type\":\"BreadcrumbList\",\"@id\":\"https:\/\/novaorg.cofb.net\/2021\/08\/26\/juliol-tests-dantigens-recepta-farmacies-cribratge-als-professionals-participants-lleure-educatiu-destiu-temes-mes-destacats-als-mitjans\/#breadcrumb\",\"itemListElement\":[{\"@type\":\"ListItem\",\"position\":1,\"name\":\"Inici\",\"item\":\"https:\/\/novaorg.cofb.net\/\"},{\"@type\":\"ListItem\",\"position\":2,\"name\":\"Juliol: Els tests d&#8217;ant\u00edgens sense recepta a les farm\u00e0cies i el cribratge als professionals i participants del lleure educatiu d&#8217;estiu, temes m\u00e9s destacats als mitjans\"}]},{\"@type\":\"WebSite\",\"@id\":\"https:\/\/www.cofb.org\/#website\",\"url\":\"https:\/\/www.cofb.org\/\",\"name\":\"Col\u00b7legi de Farmac\u00e8utics de Barcelona\",\"description\":\"\",\"publisher\":{\"@id\":\"https:\/\/www.cofb.org\/#organization\"},\"potentialAction\":[{\"@type\":\"SearchAction\",\"target\":{\"@type\":\"EntryPoint\",\"urlTemplate\":\"https:\/\/www.cofb.org\/?s={search_term_string}\"},\"query-input\":\"required name=search_term_string\"}],\"inLanguage\":\"ca\"},{\"@type\":\"Organization\",\"@id\":\"https:\/\/www.cofb.org\/#organization\",\"name\":\"Col\u00b7legi de Farmac\u00e8utics de Barcelona\",\"url\":\"https:\/\/www.cofb.org\/\",\"logo\":{\"@type\":\"ImageObject\",\"inLanguage\":\"ca\",\"@id\":\"https:\/\/www.cofb.org\/#\/schema\/logo\/image\/\",\"url\":\"https:\/\/www.cofb.org\/wp-content\/uploads\/2023\/11\/cropped-Logotip-COFB.png\",\"contentUrl\":\"https:\/\/www.cofb.org\/wp-content\/uploads\/2023\/11\/cropped-Logotip-COFB.png\",\"width\":500,\"height\":105,\"caption\":\"Col\u00b7legi de Farmac\u00e8utics de Barcelona\"},\"image\":{\"@id\":\"https:\/\/www.cofb.org\/#\/schema\/logo\/image\/\"},\"sameAs\":[\"https:\/\/www.facebook.com\/farmaceuticsbcn\/\",\"https:\/\/twitter.com\/farmaceuticsbcn\",\"https:\/\/www.instagram.com\/farmaceuticsbcn\/\",\"https:\/\/www.linkedin.com\/company\/farmaceuticsbcn\/\"]},{\"@type\":\"Person\",\"@id\":\"https:\/\/www.cofb.org\/#\/schema\/person\/22ed7eea88da74b0fa4d3154ad87ffcb\",\"name\":\"wpAdminCofbOrg\",\"image\":{\"@type\":\"ImageObject\",\"inLanguage\":\"ca\",\"@id\":\"https:\/\/www.cofb.org\/#\/schema\/person\/image\/\",\"url\":\"https:\/\/secure.gravatar.com\/avatar\/1721b20b3b8ca882c3b56ec6c978c594fff670e40c0718e9190eaeeb76aae7d8?s=96&d=mm&r=g\",\"contentUrl\":\"https:\/\/secure.gravatar.com\/avatar\/1721b20b3b8ca882c3b56ec6c978c594fff670e40c0718e9190eaeeb76aae7d8?s=96&d=mm&r=g\",\"caption\":\"wpAdminCofbOrg\"},\"sameAs\":[\"http:\/\/192.168.64.122\/wordpress\"],\"url\":\"https:\/\/www.cofb.org\/ca\/author\/wpadmincofborg\/\"}]}<\/script>\n<!-- \/ Yoast SEO plugin. -->","yoast_head_json":{"title":"Juliol: Els tests d'ant\u00edgens sense recepta a les farm\u00e0cies i el cribratge als professionals i participants del lleure educatiu d'estiu, temes m\u00e9s destacats als mitjans - Col\u00b7legi de Farmac\u00e8utics de Barcelona","robots":{"index":"index","follow":"follow","max-snippet":"max-snippet:-1","max-image-preview":"max-image-preview:large","max-video-preview":"max-video-preview:-1"},"canonical":"https:\/\/novaorg.cofb.net\/2021\/08\/26\/juliol-tests-dantigens-recepta-farmacies-cribratge-als-professionals-participants-lleure-educatiu-destiu-temes-mes-destacats-als-mitjans\/","og_locale":"ca_ES","og_type":"article","og_title":"Juliol: Els tests d'ant\u00edgens sense recepta a les farm\u00e0cies i el cribratge als professionals i participants del lleure educatiu d'estiu, temes m\u00e9s destacats als mitjans - Col\u00b7legi de Farmac\u00e8utics de Barcelona","og_description":"Tests d&#8217;ant\u00edgens a les farm\u00e0cies Durant el mes de juliol els tests d&#8217;ant\u00edgens van tenir un gran protagonisme als mitjans de comunicaci\u00f3\u00a0i, pr\u00e8viament a la llum verda per part del Consell de Ministres, des del Consell de Col\u00b7legis Farmac\u00e8utics de Catalunya\u00a0es va continuar reclamant que es permet\u00e9s a les farm\u00e0cies [&hellip;]","og_url":"https:\/\/novaorg.cofb.net\/2021\/08\/26\/juliol-tests-dantigens-recepta-farmacies-cribratge-als-professionals-participants-lleure-educatiu-destiu-temes-mes-destacats-als-mitjans\/","og_site_name":"Col\u00b7legi de Farmac\u00e8utics de Barcelona","article_publisher":"https:\/\/www.facebook.com\/farmaceuticsbcn\/","article_published_time":"2021-08-26T09:54:46+00:00","author":"wpAdminCofbOrg","twitter_card":"summary_large_image","twitter_creator":"@farmaceuticsbcn","twitter_site":"@farmaceuticsbcn","twitter_misc":{"Escrit per":"wpAdminCofbOrg","Temps estimat de lectura":"9 minuts"},"schema":{"@context":"https:\/\/schema.org","@graph":[{"@type":"Article","@id":"https:\/\/novaorg.cofb.net\/2021\/08\/26\/juliol-tests-dantigens-recepta-farmacies-cribratge-als-professionals-participants-lleure-educatiu-destiu-temes-mes-destacats-als-mitjans\/#article","isPartOf":{"@id":"https:\/\/novaorg.cofb.net\/2021\/08\/26\/juliol-tests-dantigens-recepta-farmacies-cribratge-als-professionals-participants-lleure-educatiu-destiu-temes-mes-destacats-als-mitjans\/"},"author":{"name":"wpAdminCofbOrg","@id":"https:\/\/www.cofb.org\/#\/schema\/person\/22ed7eea88da74b0fa4d3154ad87ffcb"},"headline":"Juliol: Els tests d&#8217;ant\u00edgens sense recepta a les farm\u00e0cies i el cribratge als professionals i participants del lleure educatiu d&#8217;estiu, temes m\u00e9s destacats als mitjans","datePublished":"2021-08-26T09:54:46+00:00","dateModified":"2021-08-26T09:54:46+00:00","mainEntityOfPage":{"@id":"https:\/\/novaorg.cofb.net\/2021\/08\/26\/juliol-tests-dantigens-recepta-farmacies-cribratge-als-professionals-participants-lleure-educatiu-destiu-temes-mes-destacats-als-mitjans\/"},"wordCount":1939,"commentCount":0,"publisher":{"@id":"https:\/\/www.cofb.org\/#organization"},"image":{"@id":"https:\/\/novaorg.cofb.net\/2021\/08\/26\/juliol-tests-dantigens-recepta-farmacies-cribratge-als-professionals-participants-lleure-educatiu-destiu-temes-mes-destacats-als-mitjans\/#primaryimage"},"thumbnailUrl":"","keywords":["COVID-19","cribratge","detecci\u00f3 COVID-19","estiu","farmac\u00e8utics","farm\u00e0cia comunit\u00e0ria","farm\u00e0cies","joves","juliol","lleure","Mitjans","monitors","Oficina de farm\u00e0cia","recull mitjans","tests ant\u00edgens autodiagn\u00f2stic","Tests d'ant\u00edgens"],"articleSection":["Destacats","Not\u00edcies farm\u00e0cia"],"inLanguage":"ca","potentialAction":[{"@type":"CommentAction","name":"Comment","target":["https:\/\/novaorg.cofb.net\/2021\/08\/26\/juliol-tests-dantigens-recepta-farmacies-cribratge-als-professionals-participants-lleure-educatiu-destiu-temes-mes-destacats-als-mitjans\/#respond"]}]},{"@type":"WebPage","@id":"https:\/\/novaorg.cofb.net\/2021\/08\/26\/juliol-tests-dantigens-recepta-farmacies-cribratge-als-professionals-participants-lleure-educatiu-destiu-temes-mes-destacats-als-mitjans\/","url":"https:\/\/novaorg.cofb.net\/2021\/08\/26\/juliol-tests-dantigens-recepta-farmacies-cribratge-als-professionals-participants-lleure-educatiu-destiu-temes-mes-destacats-als-mitjans\/","name":"Juliol: Els tests d'ant\u00edgens sense recepta a les farm\u00e0cies i el cribratge als professionals i participants del lleure educatiu d'estiu, temes m\u00e9s destacats als mitjans - Col\u00b7legi de Farmac\u00e8utics de Barcelona","isPartOf":{"@id":"https:\/\/www.cofb.org\/#website"},"primaryImageOfPage":{"@id":"https:\/\/novaorg.cofb.net\/2021\/08\/26\/juliol-tests-dantigens-recepta-farmacies-cribratge-als-professionals-participants-lleure-educatiu-destiu-temes-mes-destacats-als-mitjans\/#primaryimage"},"image":{"@id":"https:\/\/novaorg.cofb.net\/2021\/08\/26\/juliol-tests-dantigens-recepta-farmacies-cribratge-als-professionals-participants-lleure-educatiu-destiu-temes-mes-destacats-als-mitjans\/#primaryimage"},"thumbnailUrl":"","datePublished":"2021-08-26T09:54:46+00:00","dateModified":"2021-08-26T09:54:46+00:00","breadcrumb":{"@id":"https:\/\/novaorg.cofb.net\/2021\/08\/26\/juliol-tests-dantigens-recepta-farmacies-cribratge-als-professionals-participants-lleure-educatiu-destiu-temes-mes-destacats-als-mitjans\/#breadcrumb"},"inLanguage":"ca","potentialAction":[{"@type":"ReadAction","target":["https:\/\/novaorg.cofb.net\/2021\/08\/26\/juliol-tests-dantigens-recepta-farmacies-cribratge-als-professionals-participants-lleure-educatiu-destiu-temes-mes-destacats-als-mitjans\/"]}]},{"@type":"ImageObject","inLanguage":"ca","@id":"https:\/\/novaorg.cofb.net\/2021\/08\/26\/juliol-tests-dantigens-recepta-farmacies-cribratge-als-professionals-participants-lleure-educatiu-destiu-temes-mes-destacats-als-mitjans\/#primaryimage","url":"","contentUrl":""},{"@type":"BreadcrumbList","@id":"https:\/\/novaorg.cofb.net\/2021\/08\/26\/juliol-tests-dantigens-recepta-farmacies-cribratge-als-professionals-participants-lleure-educatiu-destiu-temes-mes-destacats-als-mitjans\/#breadcrumb","itemListElement":[{"@type":"ListItem","position":1,"name":"Inici","item":"https:\/\/novaorg.cofb.net\/"},{"@type":"ListItem","position":2,"name":"Juliol: Els tests d&#8217;ant\u00edgens sense recepta a les farm\u00e0cies i el cribratge als professionals i participants del lleure educatiu d&#8217;estiu, temes m\u00e9s destacats als mitjans"}]},{"@type":"WebSite","@id":"https:\/\/www.cofb.org\/#website","url":"https:\/\/www.cofb.org\/","name":"Col\u00b7legi de Farmac\u00e8utics de Barcelona","description":"","publisher":{"@id":"https:\/\/www.cofb.org\/#organization"},"potentialAction":[{"@type":"SearchAction","target":{"@type":"EntryPoint","urlTemplate":"https:\/\/www.cofb.org\/?s={search_term_string}"},"query-input":"required name=search_term_string"}],"inLanguage":"ca"},{"@type":"Organization","@id":"https:\/\/www.cofb.org\/#organization","name":"Col\u00b7legi de Farmac\u00e8utics de Barcelona","url":"https:\/\/www.cofb.org\/","logo":{"@type":"ImageObject","inLanguage":"ca","@id":"https:\/\/www.cofb.org\/#\/schema\/logo\/image\/","url":"https:\/\/www.cofb.org\/wp-content\/uploads\/2023\/11\/cropped-Logotip-COFB.png","contentUrl":"https:\/\/www.cofb.org\/wp-content\/uploads\/2023\/11\/cropped-Logotip-COFB.png","width":500,"height":105,"caption":"Col\u00b7legi de Farmac\u00e8utics de Barcelona"},"image":{"@id":"https:\/\/www.cofb.org\/#\/schema\/logo\/image\/"},"sameAs":["https:\/\/www.facebook.com\/farmaceuticsbcn\/","https:\/\/twitter.com\/farmaceuticsbcn","https:\/\/www.instagram.com\/farmaceuticsbcn\/","https:\/\/www.linkedin.com\/company\/farmaceuticsbcn\/"]},{"@type":"Person","@id":"https:\/\/www.cofb.org\/#\/schema\/person\/22ed7eea88da74b0fa4d3154ad87ffcb","name":"wpAdminCofbOrg","image":{"@type":"ImageObject","inLanguage":"ca","@id":"https:\/\/www.cofb.org\/#\/schema\/person\/image\/","url":"https:\/\/secure.gravatar.com\/avatar\/1721b20b3b8ca882c3b56ec6c978c594fff670e40c0718e9190eaeeb76aae7d8?s=96&d=mm&r=g","contentUrl":"https:\/\/secure.gravatar.com\/avatar\/1721b20b3b8ca882c3b56ec6c978c594fff670e40c0718e9190eaeeb76aae7d8?s=96&d=mm&r=g","caption":"wpAdminCofbOrg"},"sameAs":["http:\/\/192.168.64.122\/wordpress"],"url":"https:\/\/www.cofb.org\/ca\/author\/wpadmincofborg\/"}]}},"uagb_featured_image_src":{"full":false,"thumbnail":false,"medium":false,"medium_large":false,"large":false,"1536x1536":false,"2048x2048":false,"trp-custom-language-flag":false},"uagb_author_info":{"display_name":"wpAdminCofbOrg","author_link":"https:\/\/www.cofb.org\/ca\/author\/wpadmincofborg\/"},"uagb_comment_info":0,"uagb_excerpt":"Tests d&#8217;ant\u00edgens a les farm\u00e0cies Durant el mes de juliol els tests d&#8217;ant\u00edgens van tenir un gran protagonisme als mitjans de comunicaci\u00f3\u00a0i, pr\u00e8viament a la llum verda per part del Consell de Ministres, des del Consell de Col\u00b7legis Farmac\u00e8utics de Catalunya\u00a0es va continuar reclamant que es permet\u00e9s a les farm\u00e0cies [&hellip;]","_links":{"self":[{"href":"https:\/\/www.cofb.org\/ca\/wp-json\/wp\/v2\/posts\/56296","targetHints":{"allow":["GET"]}}],"collection":[{"href":"https:\/\/www.cofb.org\/ca\/wp-json\/wp\/v2\/posts"}],"about":[{"href":"https:\/\/www.cofb.org\/ca\/wp-json\/wp\/v2\/types\/post"}],"author":[{"embeddable":true,"href":"https:\/\/www.cofb.org\/ca\/wp-json\/wp\/v2\/users\/1"}],"replies":[{"embeddable":true,"href":"https:\/\/www.cofb.org\/ca\/wp-json\/wp\/v2\/comments?post=56296"}],"version-history":[{"count":0,"href":"https:\/\/www.cofb.org\/ca\/wp-json\/wp\/v2\/posts\/56296\/revisions"}],"wp:featuredmedia":[{"embeddable":true,"href":"https:\/\/www.cofb.org\/ca\/wp-json\/"}],"wp:attachment":[{"href":"https:\/\/www.cofb.org\/ca\/wp-json\/wp\/v2\/media?parent=56296"}],"wp:term":[{"taxonomy":"category","embeddable":true,"href":"https:\/\/www.cofb.org\/ca\/wp-json\/wp\/v2\/categories?post=56296"},{"taxonomy":"post_tag","embeddable":true,"href":"https:\/\/www.cofb.org\/ca\/wp-json\/wp\/v2\/tags?post=56296"}],"curies":[{"name":"wp","href":"https:\/\/api.w.org\/{rel}","templated":true}]}}