{"id":5624,"date":"2014-03-14T10:49:47","date_gmt":"2014-03-14T09:49:47","guid":{"rendered":"http:\/\/blog.cofb.cat\/?p=5624"},"modified":"2014-03-14T10:49:47","modified_gmt":"2014-03-14T09:49:47","slug":"la-vocal-de-plantes-medicinals-i-homeopatia-col%c2%b7labora-amb-la-facultat-de-farmacia","status":"publish","type":"post","link":"https:\/\/www.cofb.org\/ca\/2014\/03\/14\/la-vocal-de-plantes-medicinals-i-homeopatia-col%c2%b7labora-amb-la-facultat-de-farmacia\/","title":{"rendered":"La Vocal de Plantes Medicinals i Homeopatia col\u00b7labora amb la Facultat de Farm\u00e0cia"},"content":{"rendered":"<figure id=\"attachment_5630\" aria-describedby=\"caption-attachment-5630\" style=\"width: 321px\" class=\"wp-caption alignright\"><a href=\"http:\/\/blog.cofb.cat\/wp-content\/uploads\/2014\/03\/IMG_9621.jpg\"><img fetchpriority=\"high\" decoding=\"async\" class=\" wp-image-5630\" alt=\"IMG_9621\" src=\"http:\/\/blog.cofb.cat\/wp-content\/uploads\/2014\/03\/IMG_9621.jpg\" width=\"321\" height=\"214\" \/><\/a><figcaption id=\"caption-attachment-5630\" class=\"wp-caption-text\">Lliurament del diploma a Maria Jos\u00e9 Alonso per part del GIBAF<\/figcaption><\/figure>\n<p><strong>Mar\u00eda Jos\u00e9 Alonso, <\/strong>vocal de Plantes Medicinals i Homeopatia del Col\u00b7legi de Farmac\u00e8utics de Barcelona<strong>, <\/strong>ha impartit al febrer un<strong> seminari sobre \u201cLes plantes medicinals al segle XXI\u201d a 120 estudiants de primer curs de Farm\u00e0cia<\/strong>, concretament dins l\u2019assignatura Bot\u00e0nica Farmac\u00e8utica. \u00c9s el tercer any consecutiu que la vocal del Col\u00b7legi realitza aquesta col\u00b7laboraci\u00f3, que representa una aproximaci\u00f3 al tema per als estudiants. Alhora, tamb\u00e9 assessora a estudiants en els Treballs de Fi de Grau.<\/p>\n<p><strong>\u201cEl seminari consisteix en una revisi\u00f3 del rellevant paper que tenen \u00a0les plantes medicinals \u00a0en el desenvolupament de la professi\u00f3, donat que cada vegada m\u00e9s persones opten per utilitzar la fitoter\u00e0pia<\/strong>:\u00a0 m\u00e9s d\u2019un ter\u00e7 de la poblaci\u00f3 general a Espanya i a Catalunya, i si ho traslladem als usuaris de les oficines de farm\u00e0cia, els darrers estudis demostren que \u00e9s superior al 70%\u201d, explica Maria Jos\u00e9 Alonso.<\/p>\n<p>Durant aquestes classes es revisen el posicionament de les plantes medicinals en el camp fitoter\u00e0pic (tant a l&#8217;oficina de farm\u00e0cia com a la ind\u00fastria ), i tamb\u00e9 en el de l&#8217;alimentaci\u00f3 i la cosm\u00e8tica (on cada vegada es m\u00e9s prevalent), tradicionalment lligats al desenvolupament de la professi\u00f3 farmac\u00e8utica. <strong>\u201cL&#8217;objectiu \u00e9s palpar la import\u00e0ncia d\u2019assolir un bon coneixement de la bot\u00e0nica farmac\u00e8utica, la fisiologia vegetal , la farmacogn\u00f2sia i la fitoter\u00e0pia , assignatures que s&#8217;imparteixen en el grau, per poder optar despr\u00e9s per aquestes sortides professionals<\/strong>\u201d, concreta.<\/p>\n<p>\u201cEls estudiants que han participat en el seminari s\u2019han mostrat molt interessats en el tema i hi ha hagut molta interacci\u00f3\u201d, afegeix la vocal. \u00a0Mostra d\u2019aix\u00f2 s\u00f3n les preguntes que es plantejaven, com ara quins riscos t\u00e9 l\u2019autoconsum sense el consell professional de la salut com \u00e9s el farmac\u00e8utic, que quedessin sorpresos per l\u2019aplicaci\u00f3 en el camp de l\u2019alimentaci\u00f3 i la cosm\u00e8tica, i fins i tot que demanessin informaci\u00f3 sobre els cursos de postgrau en qu\u00e8 poden especialitzar-se en fitoter\u00e0pia.<\/p>\n<p>Precisament <strong>Mar\u00eda Jos\u00e9 Alonso acaba de rebre un diploma de col\u00b7laboraci\u00f3 docent de la Universitat de Barcelona per la seva tasca<\/strong>, que van lliurar-li els membres del Grup d&#8217;Innovaci\u00f3 Docent en Bot\u00e0nica Aplicada a les Ci\u00e8ncies Farmac\u00e8utiques (GIBAF).<\/p>\n","protected":false},"excerpt":{"rendered":"<p>Mar\u00eda Jos\u00e9 Alonso, vocal de Plantes Medicinals i Homeopatia del Col\u00b7legi de Farmac\u00e8utics de Barcelona, ha impartit al febrer un seminari sobre \u201cLes plantes medicinals al segle XXI\u201d a 120 estudiants de primer curs de Farm\u00e0cia, concretament dins l\u2019assignatura Bot\u00e0nica Farmac\u00e8utica. \u00c9s el tercer any consecutiu que la vocal del [&hellip;]<\/p>\n","protected":false},"author":1,"featured_media":5630,"comment_status":"open","ping_status":"open","sticky":false,"template":"","format":"standard","meta":{"_uag_custom_page_level_css":"","site-sidebar-layout":"default","site-content-layout":"","ast-site-content-layout":"default","site-content-style":"default","site-sidebar-style":"default","ast-global-header-display":"","ast-banner-title-visibility":"","ast-main-header-display":"","ast-hfb-above-header-display":"","ast-hfb-below-header-display":"","ast-hfb-mobile-header-display":"","site-post-title":"","ast-breadcrumbs-content":"","ast-featured-img":"disabled","footer-sml-layout":"","theme-transparent-header-meta":"","adv-header-id-meta":"","stick-header-meta":"","header-above-stick-meta":"","header-main-stick-meta":"","header-below-stick-meta":"","astra-migrate-meta-layouts":"default","ast-page-background-enabled":"default","ast-page-background-meta":{"desktop":{"background-color":"var(--ast-global-color-4)","background-image":"","background-repeat":"repeat","background-position":"center center","background-size":"auto","background-attachment":"scroll","background-type":"","background-media":"","overlay-type":"","overlay-color":"","overlay-opacity":"","overlay-gradient":""},"tablet":{"background-color":"","background-image":"","background-repeat":"repeat","background-position":"center center","background-size":"auto","background-attachment":"scroll","background-type":"","background-media":"","overlay-type":"","overlay-color":"","overlay-opacity":"","overlay-gradient":""},"mobile":{"background-color":"","background-image":"","background-repeat":"repeat","background-position":"center center","background-size":"auto","background-attachment":"scroll","background-type":"","background-media":"","overlay-type":"","overlay-color":"","overlay-opacity":"","overlay-gradient":""}},"ast-content-background-meta":{"desktop":{"background-color":"var(--ast-global-color-5)","background-image":"","background-repeat":"repeat","background-position":"center center","background-size":"auto","background-attachment":"scroll","background-type":"","background-media":"","overlay-type":"","overlay-color":"","overlay-opacity":"","overlay-gradient":""},"tablet":{"background-color":"var(--ast-global-color-5)","background-image":"","background-repeat":"repeat","background-position":"center center","background-size":"auto","background-attachment":"scroll","background-type":"","background-media":"","overlay-type":"","overlay-color":"","overlay-opacity":"","overlay-gradient":""},"mobile":{"background-color":"var(--ast-global-color-5)","background-image":"","background-repeat":"repeat","background-position":"center center","background-size":"auto","background-attachment":"scroll","background-type":"","background-media":"","overlay-type":"","overlay-color":"","overlay-opacity":"","overlay-gradient":""}},"footnotes":""},"categories":[57],"tags":[94],"class_list":["post-5624","post","type-post","status-publish","format-standard","has-post-thumbnail","hentry","category-mon-collegial","tag-plantes-medicinals"],"yoast_head":"<!-- This site is optimized with the Yoast SEO plugin v22.4 - https:\/\/yoast.com\/wordpress\/plugins\/seo\/ -->\n<title>La Vocal de Plantes Medicinals i Homeopatia col\u00b7labora amb la Facultat de Farm\u00e0cia - Col\u00b7legi de Farmac\u00e8utics de Barcelona<\/title>\n<meta name=\"robots\" content=\"index, follow, max-snippet:-1, max-image-preview:large, max-video-preview:-1\" \/>\n<link rel=\"canonical\" href=\"https:\/\/novaorg.cofb.net\/2014\/03\/14\/la-vocal-de-plantes-medicinals-i-homeopatia-col\u00b7labora-amb-la-facultat-de-farmacia\/\" \/>\n<meta property=\"og:locale\" content=\"ca_ES\" \/>\n<meta property=\"og:type\" content=\"article\" \/>\n<meta property=\"og:title\" content=\"La Vocal de Plantes Medicinals i Homeopatia col\u00b7labora amb la Facultat de Farm\u00e0cia - Col\u00b7legi de Farmac\u00e8utics de Barcelona\" \/>\n<meta property=\"og:description\" content=\"Mar\u00eda Jos\u00e9 Alonso, vocal de Plantes Medicinals i Homeopatia del Col\u00b7legi de Farmac\u00e8utics de Barcelona, ha impartit al febrer un seminari sobre \u201cLes plantes medicinals al segle XXI\u201d a 120 estudiants de primer curs de Farm\u00e0cia, concretament dins l\u2019assignatura Bot\u00e0nica Farmac\u00e8utica. \u00c9s el tercer any consecutiu que la vocal del [&hellip;]\" \/>\n<meta property=\"og:url\" content=\"https:\/\/novaorg.cofb.net\/2014\/03\/14\/la-vocal-de-plantes-medicinals-i-homeopatia-col\u00b7labora-amb-la-facultat-de-farmacia\/\" \/>\n<meta property=\"og:site_name\" content=\"Col\u00b7legi de Farmac\u00e8utics de Barcelona\" \/>\n<meta property=\"article:publisher\" content=\"https:\/\/www.facebook.com\/farmaceuticsbcn\/\" \/>\n<meta property=\"article:published_time\" content=\"2014-03-14T09:49:47+00:00\" \/>\n<meta name=\"author\" content=\"wpAdminCofbOrg\" \/>\n<meta name=\"twitter:card\" content=\"summary_large_image\" \/>\n<meta name=\"twitter:creator\" content=\"@farmaceuticsbcn\" \/>\n<meta name=\"twitter:site\" content=\"@farmaceuticsbcn\" \/>\n<meta name=\"twitter:label1\" content=\"Escrit per\" \/>\n\t<meta name=\"twitter:data1\" content=\"wpAdminCofbOrg\" \/>\n\t<meta name=\"twitter:label2\" content=\"Temps estimat de lectura\" \/>\n\t<meta name=\"twitter:data2\" content=\"2 minuts\" \/>\n<script type=\"application\/ld+json\" class=\"yoast-schema-graph\">{\"@context\":\"https:\/\/schema.org\",\"@graph\":[{\"@type\":\"Article\",\"@id\":\"https:\/\/novaorg.cofb.net\/2014\/03\/14\/la-vocal-de-plantes-medicinals-i-homeopatia-col%c2%b7labora-amb-la-facultat-de-farmacia\/#article\",\"isPartOf\":{\"@id\":\"https:\/\/novaorg.cofb.net\/2014\/03\/14\/la-vocal-de-plantes-medicinals-i-homeopatia-col%c2%b7labora-amb-la-facultat-de-farmacia\/\"},\"author\":{\"name\":\"wpAdminCofbOrg\",\"@id\":\"https:\/\/www.cofb.org\/#\/schema\/person\/22ed7eea88da74b0fa4d3154ad87ffcb\"},\"headline\":\"La Vocal de Plantes Medicinals i Homeopatia col\u00b7labora amb la Facultat de Farm\u00e0cia\",\"datePublished\":\"2014-03-14T09:49:47+00:00\",\"dateModified\":\"2014-03-14T09:49:47+00:00\",\"mainEntityOfPage\":{\"@id\":\"https:\/\/novaorg.cofb.net\/2014\/03\/14\/la-vocal-de-plantes-medicinals-i-homeopatia-col%c2%b7labora-amb-la-facultat-de-farmacia\/\"},\"wordCount\":420,\"commentCount\":0,\"publisher\":{\"@id\":\"https:\/\/www.cofb.org\/#organization\"},\"image\":{\"@id\":\"https:\/\/novaorg.cofb.net\/2014\/03\/14\/la-vocal-de-plantes-medicinals-i-homeopatia-col%c2%b7labora-amb-la-facultat-de-farmacia\/#primaryimage\"},\"thumbnailUrl\":\"\",\"keywords\":[\"Plantes Medicinals\"],\"articleSection\":[\"M\u00f3n col\u00b7legial\"],\"inLanguage\":\"ca\",\"potentialAction\":[{\"@type\":\"CommentAction\",\"name\":\"Comment\",\"target\":[\"https:\/\/novaorg.cofb.net\/2014\/03\/14\/la-vocal-de-plantes-medicinals-i-homeopatia-col%c2%b7labora-amb-la-facultat-de-farmacia\/#respond\"]}]},{\"@type\":\"WebPage\",\"@id\":\"https:\/\/novaorg.cofb.net\/2014\/03\/14\/la-vocal-de-plantes-medicinals-i-homeopatia-col%c2%b7labora-amb-la-facultat-de-farmacia\/\",\"url\":\"https:\/\/novaorg.cofb.net\/2014\/03\/14\/la-vocal-de-plantes-medicinals-i-homeopatia-col%c2%b7labora-amb-la-facultat-de-farmacia\/\",\"name\":\"La Vocal de Plantes Medicinals i Homeopatia col\u00b7labora amb la Facultat de Farm\u00e0cia - Col\u00b7legi de Farmac\u00e8utics de Barcelona\",\"isPartOf\":{\"@id\":\"https:\/\/www.cofb.org\/#website\"},\"primaryImageOfPage\":{\"@id\":\"https:\/\/novaorg.cofb.net\/2014\/03\/14\/la-vocal-de-plantes-medicinals-i-homeopatia-col%c2%b7labora-amb-la-facultat-de-farmacia\/#primaryimage\"},\"image\":{\"@id\":\"https:\/\/novaorg.cofb.net\/2014\/03\/14\/la-vocal-de-plantes-medicinals-i-homeopatia-col%c2%b7labora-amb-la-facultat-de-farmacia\/#primaryimage\"},\"thumbnailUrl\":\"\",\"datePublished\":\"2014-03-14T09:49:47+00:00\",\"dateModified\":\"2014-03-14T09:49:47+00:00\",\"breadcrumb\":{\"@id\":\"https:\/\/novaorg.cofb.net\/2014\/03\/14\/la-vocal-de-plantes-medicinals-i-homeopatia-col%c2%b7labora-amb-la-facultat-de-farmacia\/#breadcrumb\"},\"inLanguage\":\"ca\",\"potentialAction\":[{\"@type\":\"ReadAction\",\"target\":[\"https:\/\/novaorg.cofb.net\/2014\/03\/14\/la-vocal-de-plantes-medicinals-i-homeopatia-col%c2%b7labora-amb-la-facultat-de-farmacia\/\"]}]},{\"@type\":\"ImageObject\",\"inLanguage\":\"ca\",\"@id\":\"https:\/\/novaorg.cofb.net\/2014\/03\/14\/la-vocal-de-plantes-medicinals-i-homeopatia-col%c2%b7labora-amb-la-facultat-de-farmacia\/#primaryimage\",\"url\":\"\",\"contentUrl\":\"\"},{\"@type\":\"BreadcrumbList\",\"@id\":\"https:\/\/novaorg.cofb.net\/2014\/03\/14\/la-vocal-de-plantes-medicinals-i-homeopatia-col%c2%b7labora-amb-la-facultat-de-farmacia\/#breadcrumb\",\"itemListElement\":[{\"@type\":\"ListItem\",\"position\":1,\"name\":\"Inici\",\"item\":\"https:\/\/novaorg.cofb.net\/\"},{\"@type\":\"ListItem\",\"position\":2,\"name\":\"La Vocal de Plantes Medicinals i Homeopatia col\u00b7labora amb la Facultat de Farm\u00e0cia\"}]},{\"@type\":\"WebSite\",\"@id\":\"https:\/\/www.cofb.org\/#website\",\"url\":\"https:\/\/www.cofb.org\/\",\"name\":\"Col\u00b7legi de Farmac\u00e8utics de Barcelona\",\"description\":\"\",\"publisher\":{\"@id\":\"https:\/\/www.cofb.org\/#organization\"},\"potentialAction\":[{\"@type\":\"SearchAction\",\"target\":{\"@type\":\"EntryPoint\",\"urlTemplate\":\"https:\/\/www.cofb.org\/?s={search_term_string}\"},\"query-input\":\"required name=search_term_string\"}],\"inLanguage\":\"ca\"},{\"@type\":\"Organization\",\"@id\":\"https:\/\/www.cofb.org\/#organization\",\"name\":\"Col\u00b7legi de Farmac\u00e8utics de Barcelona\",\"url\":\"https:\/\/www.cofb.org\/\",\"logo\":{\"@type\":\"ImageObject\",\"inLanguage\":\"ca\",\"@id\":\"https:\/\/www.cofb.org\/#\/schema\/logo\/image\/\",\"url\":\"https:\/\/www.cofb.org\/wp-content\/uploads\/2023\/11\/cropped-Logotip-COFB.png\",\"contentUrl\":\"https:\/\/www.cofb.org\/wp-content\/uploads\/2023\/11\/cropped-Logotip-COFB.png\",\"width\":500,\"height\":105,\"caption\":\"Col\u00b7legi de Farmac\u00e8utics de Barcelona\"},\"image\":{\"@id\":\"https:\/\/www.cofb.org\/#\/schema\/logo\/image\/\"},\"sameAs\":[\"https:\/\/www.facebook.com\/farmaceuticsbcn\/\",\"https:\/\/twitter.com\/farmaceuticsbcn\",\"https:\/\/www.instagram.com\/farmaceuticsbcn\/\",\"https:\/\/www.linkedin.com\/company\/farmaceuticsbcn\/\"]},{\"@type\":\"Person\",\"@id\":\"https:\/\/www.cofb.org\/#\/schema\/person\/22ed7eea88da74b0fa4d3154ad87ffcb\",\"name\":\"wpAdminCofbOrg\",\"image\":{\"@type\":\"ImageObject\",\"inLanguage\":\"ca\",\"@id\":\"https:\/\/www.cofb.org\/#\/schema\/person\/image\/\",\"url\":\"https:\/\/secure.gravatar.com\/avatar\/1721b20b3b8ca882c3b56ec6c978c594fff670e40c0718e9190eaeeb76aae7d8?s=96&d=mm&r=g\",\"contentUrl\":\"https:\/\/secure.gravatar.com\/avatar\/1721b20b3b8ca882c3b56ec6c978c594fff670e40c0718e9190eaeeb76aae7d8?s=96&d=mm&r=g\",\"caption\":\"wpAdminCofbOrg\"},\"sameAs\":[\"http:\/\/192.168.64.122\/wordpress\"],\"url\":\"https:\/\/www.cofb.org\/ca\/author\/wpadmincofborg\/\"}]}<\/script>\n<!-- \/ Yoast SEO plugin. -->","yoast_head_json":{"title":"La Vocal de Plantes Medicinals i Homeopatia col\u00b7labora amb la Facultat de Farm\u00e0cia - Col\u00b7legi de Farmac\u00e8utics de Barcelona","robots":{"index":"index","follow":"follow","max-snippet":"max-snippet:-1","max-image-preview":"max-image-preview:large","max-video-preview":"max-video-preview:-1"},"canonical":"https:\/\/novaorg.cofb.net\/2014\/03\/14\/la-vocal-de-plantes-medicinals-i-homeopatia-col\u00b7labora-amb-la-facultat-de-farmacia\/","og_locale":"ca_ES","og_type":"article","og_title":"La Vocal de Plantes Medicinals i Homeopatia col\u00b7labora amb la Facultat de Farm\u00e0cia - Col\u00b7legi de Farmac\u00e8utics de Barcelona","og_description":"Mar\u00eda Jos\u00e9 Alonso, vocal de Plantes Medicinals i Homeopatia del Col\u00b7legi de Farmac\u00e8utics de Barcelona, ha impartit al febrer un seminari sobre \u201cLes plantes medicinals al segle XXI\u201d a 120 estudiants de primer curs de Farm\u00e0cia, concretament dins l\u2019assignatura Bot\u00e0nica Farmac\u00e8utica. \u00c9s el tercer any consecutiu que la vocal del [&hellip;]","og_url":"https:\/\/novaorg.cofb.net\/2014\/03\/14\/la-vocal-de-plantes-medicinals-i-homeopatia-col\u00b7labora-amb-la-facultat-de-farmacia\/","og_site_name":"Col\u00b7legi de Farmac\u00e8utics de Barcelona","article_publisher":"https:\/\/www.facebook.com\/farmaceuticsbcn\/","article_published_time":"2014-03-14T09:49:47+00:00","author":"wpAdminCofbOrg","twitter_card":"summary_large_image","twitter_creator":"@farmaceuticsbcn","twitter_site":"@farmaceuticsbcn","twitter_misc":{"Escrit per":"wpAdminCofbOrg","Temps estimat de lectura":"2 minuts"},"schema":{"@context":"https:\/\/schema.org","@graph":[{"@type":"Article","@id":"https:\/\/novaorg.cofb.net\/2014\/03\/14\/la-vocal-de-plantes-medicinals-i-homeopatia-col%c2%b7labora-amb-la-facultat-de-farmacia\/#article","isPartOf":{"@id":"https:\/\/novaorg.cofb.net\/2014\/03\/14\/la-vocal-de-plantes-medicinals-i-homeopatia-col%c2%b7labora-amb-la-facultat-de-farmacia\/"},"author":{"name":"wpAdminCofbOrg","@id":"https:\/\/www.cofb.org\/#\/schema\/person\/22ed7eea88da74b0fa4d3154ad87ffcb"},"headline":"La Vocal de Plantes Medicinals i Homeopatia col\u00b7labora amb la Facultat de Farm\u00e0cia","datePublished":"2014-03-14T09:49:47+00:00","dateModified":"2014-03-14T09:49:47+00:00","mainEntityOfPage":{"@id":"https:\/\/novaorg.cofb.net\/2014\/03\/14\/la-vocal-de-plantes-medicinals-i-homeopatia-col%c2%b7labora-amb-la-facultat-de-farmacia\/"},"wordCount":420,"commentCount":0,"publisher":{"@id":"https:\/\/www.cofb.org\/#organization"},"image":{"@id":"https:\/\/novaorg.cofb.net\/2014\/03\/14\/la-vocal-de-plantes-medicinals-i-homeopatia-col%c2%b7labora-amb-la-facultat-de-farmacia\/#primaryimage"},"thumbnailUrl":"","keywords":["Plantes Medicinals"],"articleSection":["M\u00f3n col\u00b7legial"],"inLanguage":"ca","potentialAction":[{"@type":"CommentAction","name":"Comment","target":["https:\/\/novaorg.cofb.net\/2014\/03\/14\/la-vocal-de-plantes-medicinals-i-homeopatia-col%c2%b7labora-amb-la-facultat-de-farmacia\/#respond"]}]},{"@type":"WebPage","@id":"https:\/\/novaorg.cofb.net\/2014\/03\/14\/la-vocal-de-plantes-medicinals-i-homeopatia-col%c2%b7labora-amb-la-facultat-de-farmacia\/","url":"https:\/\/novaorg.cofb.net\/2014\/03\/14\/la-vocal-de-plantes-medicinals-i-homeopatia-col%c2%b7labora-amb-la-facultat-de-farmacia\/","name":"La Vocal de Plantes Medicinals i Homeopatia col\u00b7labora amb la Facultat de Farm\u00e0cia - Col\u00b7legi de Farmac\u00e8utics de Barcelona","isPartOf":{"@id":"https:\/\/www.cofb.org\/#website"},"primaryImageOfPage":{"@id":"https:\/\/novaorg.cofb.net\/2014\/03\/14\/la-vocal-de-plantes-medicinals-i-homeopatia-col%c2%b7labora-amb-la-facultat-de-farmacia\/#primaryimage"},"image":{"@id":"https:\/\/novaorg.cofb.net\/2014\/03\/14\/la-vocal-de-plantes-medicinals-i-homeopatia-col%c2%b7labora-amb-la-facultat-de-farmacia\/#primaryimage"},"thumbnailUrl":"","datePublished":"2014-03-14T09:49:47+00:00","dateModified":"2014-03-14T09:49:47+00:00","breadcrumb":{"@id":"https:\/\/novaorg.cofb.net\/2014\/03\/14\/la-vocal-de-plantes-medicinals-i-homeopatia-col%c2%b7labora-amb-la-facultat-de-farmacia\/#breadcrumb"},"inLanguage":"ca","potentialAction":[{"@type":"ReadAction","target":["https:\/\/novaorg.cofb.net\/2014\/03\/14\/la-vocal-de-plantes-medicinals-i-homeopatia-col%c2%b7labora-amb-la-facultat-de-farmacia\/"]}]},{"@type":"ImageObject","inLanguage":"ca","@id":"https:\/\/novaorg.cofb.net\/2014\/03\/14\/la-vocal-de-plantes-medicinals-i-homeopatia-col%c2%b7labora-amb-la-facultat-de-farmacia\/#primaryimage","url":"","contentUrl":""},{"@type":"BreadcrumbList","@id":"https:\/\/novaorg.cofb.net\/2014\/03\/14\/la-vocal-de-plantes-medicinals-i-homeopatia-col%c2%b7labora-amb-la-facultat-de-farmacia\/#breadcrumb","itemListElement":[{"@type":"ListItem","position":1,"name":"Inici","item":"https:\/\/novaorg.cofb.net\/"},{"@type":"ListItem","position":2,"name":"La Vocal de Plantes Medicinals i Homeopatia col\u00b7labora amb la Facultat de Farm\u00e0cia"}]},{"@type":"WebSite","@id":"https:\/\/www.cofb.org\/#website","url":"https:\/\/www.cofb.org\/","name":"Col\u00b7legi de Farmac\u00e8utics de Barcelona","description":"","publisher":{"@id":"https:\/\/www.cofb.org\/#organization"},"potentialAction":[{"@type":"SearchAction","target":{"@type":"EntryPoint","urlTemplate":"https:\/\/www.cofb.org\/?s={search_term_string}"},"query-input":"required name=search_term_string"}],"inLanguage":"ca"},{"@type":"Organization","@id":"https:\/\/www.cofb.org\/#organization","name":"Col\u00b7legi de Farmac\u00e8utics de Barcelona","url":"https:\/\/www.cofb.org\/","logo":{"@type":"ImageObject","inLanguage":"ca","@id":"https:\/\/www.cofb.org\/#\/schema\/logo\/image\/","url":"https:\/\/www.cofb.org\/wp-content\/uploads\/2023\/11\/cropped-Logotip-COFB.png","contentUrl":"https:\/\/www.cofb.org\/wp-content\/uploads\/2023\/11\/cropped-Logotip-COFB.png","width":500,"height":105,"caption":"Col\u00b7legi de Farmac\u00e8utics de Barcelona"},"image":{"@id":"https:\/\/www.cofb.org\/#\/schema\/logo\/image\/"},"sameAs":["https:\/\/www.facebook.com\/farmaceuticsbcn\/","https:\/\/twitter.com\/farmaceuticsbcn","https:\/\/www.instagram.com\/farmaceuticsbcn\/","https:\/\/www.linkedin.com\/company\/farmaceuticsbcn\/"]},{"@type":"Person","@id":"https:\/\/www.cofb.org\/#\/schema\/person\/22ed7eea88da74b0fa4d3154ad87ffcb","name":"wpAdminCofbOrg","image":{"@type":"ImageObject","inLanguage":"ca","@id":"https:\/\/www.cofb.org\/#\/schema\/person\/image\/","url":"https:\/\/secure.gravatar.com\/avatar\/1721b20b3b8ca882c3b56ec6c978c594fff670e40c0718e9190eaeeb76aae7d8?s=96&d=mm&r=g","contentUrl":"https:\/\/secure.gravatar.com\/avatar\/1721b20b3b8ca882c3b56ec6c978c594fff670e40c0718e9190eaeeb76aae7d8?s=96&d=mm&r=g","caption":"wpAdminCofbOrg"},"sameAs":["http:\/\/192.168.64.122\/wordpress"],"url":"https:\/\/www.cofb.org\/ca\/author\/wpadmincofborg\/"}]}},"uagb_featured_image_src":{"full":false,"thumbnail":false,"medium":false,"medium_large":false,"large":false,"1536x1536":false,"2048x2048":false,"trp-custom-language-flag":false},"uagb_author_info":{"display_name":"wpAdminCofbOrg","author_link":"https:\/\/www.cofb.org\/ca\/author\/wpadmincofborg\/"},"uagb_comment_info":0,"uagb_excerpt":"Mar\u00eda Jos\u00e9 Alonso, vocal de Plantes Medicinals i Homeopatia del Col\u00b7legi de Farmac\u00e8utics de Barcelona, ha impartit al febrer un seminari sobre \u201cLes plantes medicinals al segle XXI\u201d a 120 estudiants de primer curs de Farm\u00e0cia, concretament dins l\u2019assignatura Bot\u00e0nica Farmac\u00e8utica. \u00c9s el tercer any consecutiu que la vocal del [&hellip;]","_links":{"self":[{"href":"https:\/\/www.cofb.org\/ca\/wp-json\/wp\/v2\/posts\/5624","targetHints":{"allow":["GET"]}}],"collection":[{"href":"https:\/\/www.cofb.org\/ca\/wp-json\/wp\/v2\/posts"}],"about":[{"href":"https:\/\/www.cofb.org\/ca\/wp-json\/wp\/v2\/types\/post"}],"author":[{"embeddable":true,"href":"https:\/\/www.cofb.org\/ca\/wp-json\/wp\/v2\/users\/1"}],"replies":[{"embeddable":true,"href":"https:\/\/www.cofb.org\/ca\/wp-json\/wp\/v2\/comments?post=5624"}],"version-history":[{"count":0,"href":"https:\/\/www.cofb.org\/ca\/wp-json\/wp\/v2\/posts\/5624\/revisions"}],"wp:featuredmedia":[{"embeddable":true,"href":"https:\/\/www.cofb.org\/ca\/wp-json\/"}],"wp:attachment":[{"href":"https:\/\/www.cofb.org\/ca\/wp-json\/wp\/v2\/media?parent=5624"}],"wp:term":[{"taxonomy":"category","embeddable":true,"href":"https:\/\/www.cofb.org\/ca\/wp-json\/wp\/v2\/categories?post=5624"},{"taxonomy":"post_tag","embeddable":true,"href":"https:\/\/www.cofb.org\/ca\/wp-json\/wp\/v2\/tags?post=5624"}],"curies":[{"name":"wp","href":"https:\/\/api.w.org\/{rel}","templated":true}]}}