{"id":56140,"date":"2021-06-30T18:27:01","date_gmt":"2021-06-30T16:27:01","guid":{"rendered":"https:\/\/blog.cofb.cat\/?p=56140"},"modified":"2021-06-30T18:27:01","modified_gmt":"2021-06-30T16:27:01","slug":"el-cof-de-barcelona-i-la-universitat-de-barcelona-presenten-la-vii-edicio-del-master-dortopedia-per-a-farmaceutics-que-oferira-per-primer-cop-una-modalitat-hibrida","status":"publish","type":"post","link":"https:\/\/www.cofb.org\/ca\/2021\/06\/30\/el-cof-de-barcelona-i-la-universitat-de-barcelona-presenten-la-vii-edicio-del-master-dortopedia-per-a-farmaceutics-que-oferira-per-primer-cop-una-modalitat-hibrida\/","title":{"rendered":"El COF de Barcelona i la Universitat de Barcelona presenten la VII edici\u00f3 del M\u00e0ster d\u2019Ortop\u00e8dia per a farmac\u00e8utics, que oferir\u00e0 per primer cop una modalitat h\u00edbrida"},"content":{"rendered":"<p>El <strong>Col\u00b7legi de Farmac\u00e8utics de Barcelona<\/strong> (COFB) i la <strong>Universitat de Barcelona<\/strong> (UB) han presentat la <strong>VII edici\u00f3 del M\u00e0ster d\u2019Ortop\u00e8dia per a farmac\u00e8utics<\/strong>, que comen\u00e7ar\u00e0 el pr\u00f2xim 25 d\u2019octubre i capacitar\u00e0 novament al farmac\u00e8utic com a t\u00e8cnic responsable per a exercir l\u2019<strong>adaptaci\u00f3<\/strong> i la <strong>fabricaci\u00f3 a mida<\/strong> de productes d\u2019Ortop\u00e8dia.<\/p>\n<p>El <strong>M\u00e0ster<\/strong> \u2013les inscripcions del qual estan obertes a trav\u00e9s d\u2019aquest enlla\u00e7\u2013 est\u00e0 dissenyat espec\u00edficament per a farmac\u00e8utics i impartit per professionals experts en la mat\u00e8ria (professors de la Facultat de Medicina, Farm\u00e0cia, Podologia i T\u00e8cnics Ortop\u00e8dics) que ajuden als estudiants a diferenciar-se professionalment en una \u00e0rea de grans oportunitats com \u00e9s l\u2019Ortop\u00e8dia. El farmac\u00e8utic i t\u00e8cnic ortop\u00e8dic forma part d\u2019un <strong>servei professional de salut<\/strong> i ajuda a millorar la <strong>qualitat de vida en totes les etapes de la vida<\/strong> i condicions de salut de les persones.<\/p>\n<p><img fetchpriority=\"high\" decoding=\"async\" class=\"aligncenter size-large wp-image-56141\" src=\"https:\/\/blog.cofb.cat\/wp-content\/uploads\/2021\/06\/M\u00e0ster-dOrtop\u00e8dia-per-a-farmac\u00e8utics-VII-edici\u00f3-1024x578.jpg\" alt=\"\" width=\"620\" height=\"350\" \/><\/p>\n<h1><span style=\"color: #008080;\"><strong>La modalitat h\u00edbrida, principal novetat d\u2019aquesta edici\u00f3<\/strong><\/span><\/h1>\n<p>Per primera vegada, i per tal de donar m\u00e9s flexibilitat als farmac\u00e8utics\/ques que decideixin cursar-lo, s\u2019ofereixen dos formats: presencial o h\u00edbrid. En totes dues modalitats <strong>les pr\u00e0ctiques s\u00f3n presencials<\/strong>, per\u00f2 el que canvia \u00e9s que la modalitat h\u00edbrida ofereix la possibilitat de poder cursar la part te\u00f2rica del M\u00e0ster de manera virtual.<\/p>\n<p>\u00c9s a dir, els estudiants que decideixin cursar el M\u00e0ster a trav\u00e9s d\u2019aquesta modalitat, podran seguir les sessions te\u00f2riques a trav\u00e9s de l\u2019<strong>aula h\u00edbrida<\/strong> del COFB, que permet que els estudiants que estan connectats virtualment puguin interactuar i seguir les classes en les mateixes condicions que si haguessin vingut presencialment al Col\u00b7legi.<\/p>\n<div class=\"destacat-blog\">\n<h1><span style=\"color: #008080;\"><strong>Sessi\u00f3 informativa del M\u00e0ster d&#8217;Ortop\u00e8dia<\/strong><\/span><\/h1>\n<p>El passat <strong>14 de juny<\/strong> va tenir lloc la sessi\u00f3 informativa del M\u00e0ster d&#8217;Ortop\u00e8dia.\u00a0Una de les exalumnes del M\u00e0ster, la farmac\u00e8utica i t\u00e8cnica ortop\u00e8dica N\u00faria Barcel\u00f3, va intervenir durant la sessi\u00f3 informativa per explicar la seva experi\u00e8ncia despr\u00e9s d\u2019haver-lo cursat. En el marc de la confer\u00e8ncia que va impartir, titulada\u00a0<strong>\u201cL\u2019Ortop\u00e8dia, una aposta de qualitat assistencial\u201d<\/strong>, va destacar que cursar el M\u00e0ster suposa \u201cuna oportunitat de creixement professional per als farmac\u00e8utics. Som professionals sanitaris altament accessibles, el primer punt on acudeixen els pacients quan tenen un problema de salut. I, a m\u00e9s, els pacients que poden requerir productes d\u2019Ortop\u00e8dia s\u00f3n pacients que es veuen en el dia a dia de la farm\u00e0cia: poblaci\u00f3 envellida, persones que han patit algun accident, persones amb malalties degeneratives, entre altres. Sense deixar de banda que qualsevol persona, en algun moment de la seva vida, pot requerir un producte d\u2019Ortop\u00e8dia\u201d.<\/p>\n<figure id=\"attachment_56153\" aria-describedby=\"caption-attachment-56153\" style=\"width: 903px\" class=\"wp-caption aligncenter\"><img decoding=\"async\" class=\"wp-image-56153 size-full\" title=\"La farmac\u00e8utica i t\u00e8cnica ortop\u00e8dica N\u00faria Barcel\u00f3 en un moment de la seva intervenci\u00f3.\" src=\"https:\/\/blog.cofb.cat\/wp-content\/uploads\/2021\/06\/Sessi\u00f3-Informativa-M\u00e0ster-Ortop\u00e8dia-N\u00faria-Barcel\u00f3.jpg\" alt=\"La farmac\u00e8utica i t\u00e8cnica ortop\u00e8dica N\u00faria Barcel\u00f3 en un moment de la seva intervenci\u00f3.\" width=\"903\" height=\"461\" \/><figcaption id=\"caption-attachment-56153\" class=\"wp-caption-text\">La farmac\u00e8utica i t\u00e8cnica ortop\u00e8dica N\u00faria Barcel\u00f3 en un moment de la seva intervenci\u00f3.<\/figcaption><\/figure>\n<p><strong>Barcel\u00f3<\/strong> tamb\u00e9 va exposar que \u201cla <strong>formaci\u00f3 \u00e9s essencial per treballar la farm\u00e0cia com un espai de salut integral<\/strong>\u201d. Per tot plegat, va ressaltar que el <strong>M\u00e0ster d\u2019Ortop\u00e8dia del COFB i la UB<\/strong> \u201c\u00e9s un M\u00e0ster que ens capacita i un segell de qualitat, no \u00e9s nom\u00e9s un curs de formaci\u00f3. La <strong>part pr\u00e0ctica<\/strong> \u00e9s molt important i t\u00e9 molt pes en el M\u00e0ster, i les classes te\u00f2riques s\u00f3n necess\u00e0ries per entendre les solucions que li puguem donar a un pacient\u201d.<\/p>\n<h1><span style=\"color: #008080;\"><strong>Valoraci\u00f3 de les codirectores del M\u00e0ster d&#8217;Ortop\u00e8dia<\/strong><\/span><\/h1>\n<p>En la mateixa l\u00ednia, <strong>Elena Palau<\/strong>, vocal d\u2019Ortop\u00e8dia del COFB i codirectora del M\u00e0ster, va afirmar que \u201cal llarg de la hist\u00f2ria del M\u00e0ster s\u2019han format 227 farmac\u00e8utics -que han passat a tenir el t\u00edtol de t\u00e8cnic ortop\u00e8dic- i que la formaci\u00f3 ofereix seguretat a l\u2019hora de poder atendre els pacients i les seves consultes, que no nom\u00e9s estan relacionades amb l\u2019\u00e0mbit del medicament\u201d.<\/p>\n<figure id=\"attachment_56150\" aria-describedby=\"caption-attachment-56150\" style=\"width: 904px\" class=\"wp-caption aligncenter\"><img decoding=\"async\" class=\"wp-image-56150 size-full\" title=\"Elena Palau, vocal d\u2019Ortop\u00e8dia del COFB i codirectora del M\u00e0ster, durant la seva presentaci\u00f3.\" src=\"https:\/\/blog.cofb.cat\/wp-content\/uploads\/2021\/06\/Sessi\u00f3-Informativa-M\u00e0ster-Ortop\u00e8dia-Elena-Palau.jpg\" alt=\"Elena Palau, vocal d\u2019Ortop\u00e8dia del COFB i codirectora del M\u00e0ster, durant la seva presentaci\u00f3.\" width=\"904\" height=\"434\" \/><figcaption id=\"caption-attachment-56150\" class=\"wp-caption-text\">Elena Palau, vocal d\u2019Ortop\u00e8dia del COFB i codirectora del M\u00e0ster, durant la seva presentaci\u00f3.<\/figcaption><\/figure>\n<p>Finalment, <strong>Raquel Mart\u00edn<\/strong>, professora de la Facultat de Farm\u00e0cia de la UB i codirectora del M\u00e0ster, va remarcar que \u201ctot i que bona part de les pr\u00e0ctiques es realitzen a la Facultat de Farm\u00e0cia de la UB, tamb\u00e9 n\u2019hi haur\u00e0 a l\u2019Escola de Podologia i l\u2019Hospital Podol\u00f2gic, a la Facultat de Medicina i a diferents tallers d\u2019Ortop\u00e8dia; <strong>sense deixar de banda les visites a empreses del sector<\/strong>\u201d.<\/p>\n<figure id=\"attachment_56151\" aria-describedby=\"caption-attachment-56151\" style=\"width: 838px\" class=\"wp-caption aligncenter\"><img loading=\"lazy\" decoding=\"async\" class=\"wp-image-56151 size-full\" title=\"Un moment de la intervenci\u00f3 de Raquel Mart\u00edn, professora de la Facultat de Farm\u00e0cia de la UB i codirectora del M\u00e0ster.\" src=\"https:\/\/blog.cofb.cat\/wp-content\/uploads\/2021\/06\/Sessi\u00f3-Informativa-M\u00e0ster-Ortop\u00e8dia-Raquel-Mart\u00edn.jpg\" alt=\"Un moment de la intervenci\u00f3 de Raquel Mart\u00edn, professora de la Facultat de Farm\u00e0cia de la UB i codirectora del M\u00e0ster.\" width=\"838\" height=\"428\" \/><figcaption id=\"caption-attachment-56151\" class=\"wp-caption-text\">Un moment de la intervenci\u00f3 de Raquel Mart\u00edn, professora de la Facultat de Farm\u00e0cia de la UB i codirectora del M\u00e0ster.<\/figcaption><\/figure>\n<\/div>\n<h1><strong><span style=\"color: #008080;\">Alt percentatge de classes pr\u00e0ctiques<\/span><\/strong><\/h1>\n<p>El M\u00e0ster treballa <strong>continguts te\u00f2rics i pr\u00e0ctics<\/strong> que permeten dominar els coneixements anat\u00f2mics, fisiol\u00f2gics i patol\u00f2gics relacionats amb l\u2019Ortop\u00e8dia;<strong> dissenyar, elaborar i adaptar els aparells ortop\u00e8dics;<\/strong> obtenir la compet\u00e8ncia necess\u00e0ria per dispensar ortesis, pr\u00f2tesis i altres dispositius; assessorar el pacient en tot el proc\u00e9s (presa de mides, comprovaci\u00f3, adaptaci\u00f3 i seguiment); adquirir els coneixements necessaris per obtenir la llic\u00e8ncia de funcionament, tant si el centre est\u00e0 situat dins com fora de la farm\u00e0cia comunit\u00e0ria; <strong>comprendre i tenir esperit cr\u00edtic en relaci\u00f3 amb la literatura referida als productes d\u2019Ortop\u00e8dia<\/strong> i aplicar la legislaci\u00f3 sanit\u00e0ria que afecta el sector de l\u2019Ortop\u00e8dia.<\/p>\n<p>Les <strong>classes te\u00f2riques<\/strong> estan dinamitzades amb <strong>l\u2019\u00fas de mitjans inform\u00e0tics i audiovisuals<\/strong> que permeten visualitzar i comprendre els continguts i interaccionar amb el professorat, tant presencialment a l\u2019aula com en <em>webinar<\/em> en temps real.<\/p>\n<h2><strong><span style=\"color: #008080;\">Coneixements aplicables des del primer dia<\/span><\/strong><\/h2>\n<p>El M\u00e0ster, a difer\u00e8ncia d\u2019altres cursos online, t\u00e9 un <strong>45% de classes pr\u00e0ctiques<\/strong> respecte a la totalitat de les hores lectives. Un cop cursat i, despr\u00e9s d\u2019haver fet el treball final, el farmac\u00e8utic podr\u00e0 exercir amb seguretat i posar en pr\u00e0ctica, des del primer dia, tot el que ha apr\u00e8s. Aix\u00ed mateix, el <strong>treball de fi de M\u00e0ster<\/strong> que ha de presentar cada alumne, tutoritzat per professors experts, consisteix en un <strong>projecte per desenvolupar un centre d\u2019Ortop\u00e8dia<\/strong>.<\/p>\n<p>&nbsp;<\/p>\n<div class=\"box note\"><\/div>\n<h2><span style=\"color: #008080;\"><strong>\u201cCanvis en un futur proper: el cup\u00f3 identificatiu i l\u2019ePAO\u201d<\/strong><\/span><\/h2>\n<p>D\u2019altra banda, tamb\u00e9 en el marc de la sessi\u00f3 informativa, <strong>Elena Palau<\/strong>, vocal d\u2019Ortop\u00e8dia, va fer una presentaci\u00f3 titulada <strong>\u201cCanvis en un futur proper: el cup\u00f3 identificatiu i l\u2019ePAO\u201d<\/strong>. Palau va referir-se al context del cup\u00f3 identificatiu\u00a0 i a l\u2019Ordre Ministerial SCB\/45\/2019. Tamb\u00e9 va parlar del <strong>nou cat\u00e0leg de prestacions ortoprot\u00e8tiques (PAO)<\/strong> a c\u00e0rrec del Servei Catal\u00e0 de la Salut.<\/p>\n<\/div>\n<p><strong>Altres publicacions d&#8217;inter\u00e8s:<\/strong><\/p>\n<ul>\n<li><a href=\"https:\/\/blog.cofb.cat\/collegi-universitat-barcelona-posen-marxa-vi-edicio-master-dortopedia-farmaceutics\/\" target=\"_blank\" rel=\"noopener\">El Col\u00b7legi i la Universitat de Barcelona posen en marxa la VI edici\u00f3 del M\u00e0ster d\u2019ortop\u00e8dia per a farmac\u00e8utics (Setembre 2019)<\/a><\/li>\n<li><a href=\"https:\/\/blog.cofb.cat\/conferencia-del-master-dortopedia-lortopedia-una-aposta-professional\/\" target=\"_blank\" rel=\"noopener\">Com ser\u00e0 i qu\u00e8 aportar\u00e0 la VI edici\u00f3 del M\u00e0ster d\u2019Ortop\u00e8dia per a farmac\u00e8utics del COFB i la UB? (Juny 2019)<\/a><\/li>\n<\/ul>\n","protected":false},"excerpt":{"rendered":"<p>El Col\u00b7legi de Farmac\u00e8utics de Barcelona (COFB) i la Universitat de Barcelona (UB) han presentat la VII edici\u00f3 del M\u00e0ster d\u2019Ortop\u00e8dia per a farmac\u00e8utics, que comen\u00e7ar\u00e0 el pr\u00f2xim 25 d\u2019octubre i capacitar\u00e0 novament al farmac\u00e8utic com a t\u00e8cnic responsable per a exercir l\u2019adaptaci\u00f3 i la fabricaci\u00f3 a mida de productes [&hellip;]<\/p>\n","protected":false},"author":1,"featured_media":56141,"comment_status":"open","ping_status":"open","sticky":false,"template":"","format":"standard","meta":{"_uag_custom_page_level_css":"","site-sidebar-layout":"default","site-content-layout":"","ast-site-content-layout":"default","site-content-style":"default","site-sidebar-style":"default","ast-global-header-display":"","ast-banner-title-visibility":"","ast-main-header-display":"","ast-hfb-above-header-display":"","ast-hfb-below-header-display":"","ast-hfb-mobile-header-display":"","site-post-title":"","ast-breadcrumbs-content":"","ast-featured-img":"disabled","footer-sml-layout":"","theme-transparent-header-meta":"","adv-header-id-meta":"","stick-header-meta":"","header-above-stick-meta":"","header-main-stick-meta":"","header-below-stick-meta":"","astra-migrate-meta-layouts":"default","ast-page-background-enabled":"default","ast-page-background-meta":{"desktop":{"background-color":"var(--ast-global-color-4)","background-image":"","background-repeat":"repeat","background-position":"center center","background-size":"auto","background-attachment":"scroll","background-type":"","background-media":"","overlay-type":"","overlay-color":"","overlay-opacity":"","overlay-gradient":""},"tablet":{"background-color":"","background-image":"","background-repeat":"repeat","background-position":"center center","background-size":"auto","background-attachment":"scroll","background-type":"","background-media":"","overlay-type":"","overlay-color":"","overlay-opacity":"","overlay-gradient":""},"mobile":{"background-color":"","background-image":"","background-repeat":"repeat","background-position":"center center","background-size":"auto","background-attachment":"scroll","background-type":"","background-media":"","overlay-type":"","overlay-color":"","overlay-opacity":"","overlay-gradient":""}},"ast-content-background-meta":{"desktop":{"background-color":"var(--ast-global-color-5)","background-image":"","background-repeat":"repeat","background-position":"center center","background-size":"auto","background-attachment":"scroll","background-type":"","background-media":"","overlay-type":"","overlay-color":"","overlay-opacity":"","overlay-gradient":""},"tablet":{"background-color":"var(--ast-global-color-5)","background-image":"","background-repeat":"repeat","background-position":"center center","background-size":"auto","background-attachment":"scroll","background-type":"","background-media":"","overlay-type":"","overlay-color":"","overlay-opacity":"","overlay-gradient":""},"mobile":{"background-color":"var(--ast-global-color-5)","background-image":"","background-repeat":"repeat","background-position":"center center","background-size":"auto","background-attachment":"scroll","background-type":"","background-media":"","overlay-type":"","overlay-color":"","overlay-opacity":"","overlay-gradient":""}},"footnotes":""},"categories":[23,57],"tags":[18,19,469,90,3162,76,117,590],"class_list":["post-56140","post","type-post","status-publish","format-standard","has-post-thumbnail","hentry","category-destacats","category-mon-collegial","tag-cofb","tag-collegi-de-farmaceutics-de-barcelona","tag-coronavirus","tag-covid-19","tag-master-ortopedia","tag-oficina-de-farmacia","tag-salut","tag-vocalia-dortopedia"],"yoast_head":"<!-- This site is optimized with the Yoast SEO plugin v22.4 - https:\/\/yoast.com\/wordpress\/plugins\/seo\/ -->\n<title>El COF de Barcelona i la Universitat de Barcelona presenten la VII edici\u00f3 del M\u00e0ster d\u2019Ortop\u00e8dia per a farmac\u00e8utics, que oferir\u00e0 per primer cop una modalitat h\u00edbrida - Col\u00b7legi de Farmac\u00e8utics de Barcelona<\/title>\n<meta name=\"description\" content=\"El COFB i la Universitat de Barcelona (UB) han presentat la VII edici\u00f3 del M\u00e0ster d\u2019Ortop\u00e8dia per a farmac\u00e8utics, que comen\u00e7ar\u00e0 el pr\u00f2xim 25 d\u2019octubre i capacitar\u00e0 novament al farmac\u00e8utic com a t\u00e8cnic responsable per a exercir l\u2019adaptaci\u00f3 i la fabricaci\u00f3 a mida de productes d\u2019Ortop\u00e8dia.\" \/>\n<meta name=\"robots\" content=\"index, follow, max-snippet:-1, max-image-preview:large, max-video-preview:-1\" \/>\n<link rel=\"canonical\" href=\"https:\/\/novaorg.cofb.net\/2021\/06\/30\/el-cof-de-barcelona-i-la-universitat-de-barcelona-presenten-la-vii-edicio-del-master-dortopedia-per-a-farmaceutics-que-oferira-per-primer-cop-una-modalitat-hibrida\/\" \/>\n<meta property=\"og:locale\" content=\"ca_ES\" \/>\n<meta property=\"og:type\" content=\"article\" \/>\n<meta property=\"og:title\" content=\"El COF de Barcelona i la Universitat de Barcelona presenten la VII edici\u00f3 del M\u00e0ster d\u2019Ortop\u00e8dia per a farmac\u00e8utics, que oferir\u00e0 per primer cop una modalitat h\u00edbrida - Col\u00b7legi de Farmac\u00e8utics de Barcelona\" \/>\n<meta property=\"og:description\" content=\"El COFB i la Universitat de Barcelona (UB) han presentat la VII edici\u00f3 del M\u00e0ster d\u2019Ortop\u00e8dia per a farmac\u00e8utics, que comen\u00e7ar\u00e0 el pr\u00f2xim 25 d\u2019octubre i capacitar\u00e0 novament al farmac\u00e8utic com a t\u00e8cnic responsable per a exercir l\u2019adaptaci\u00f3 i la fabricaci\u00f3 a mida de productes d\u2019Ortop\u00e8dia.\" \/>\n<meta property=\"og:url\" content=\"https:\/\/novaorg.cofb.net\/2021\/06\/30\/el-cof-de-barcelona-i-la-universitat-de-barcelona-presenten-la-vii-edicio-del-master-dortopedia-per-a-farmaceutics-que-oferira-per-primer-cop-una-modalitat-hibrida\/\" \/>\n<meta property=\"og:site_name\" content=\"Col\u00b7legi de Farmac\u00e8utics de Barcelona\" \/>\n<meta property=\"article:publisher\" content=\"https:\/\/www.facebook.com\/farmaceuticsbcn\/\" \/>\n<meta property=\"article:published_time\" content=\"2021-06-30T16:27:01+00:00\" \/>\n<meta name=\"author\" content=\"wpAdminCofbOrg\" \/>\n<meta name=\"twitter:card\" content=\"summary_large_image\" \/>\n<meta name=\"twitter:creator\" content=\"@farmaceuticsbcn\" \/>\n<meta name=\"twitter:site\" content=\"@farmaceuticsbcn\" \/>\n<meta name=\"twitter:label1\" content=\"Escrit per\" \/>\n\t<meta name=\"twitter:data1\" content=\"wpAdminCofbOrg\" \/>\n\t<meta name=\"twitter:label2\" content=\"Temps estimat de lectura\" \/>\n\t<meta name=\"twitter:data2\" content=\"6 minuts\" \/>\n<script type=\"application\/ld+json\" class=\"yoast-schema-graph\">{\"@context\":\"https:\/\/schema.org\",\"@graph\":[{\"@type\":\"Article\",\"@id\":\"https:\/\/novaorg.cofb.net\/2021\/06\/30\/el-cof-de-barcelona-i-la-universitat-de-barcelona-presenten-la-vii-edicio-del-master-dortopedia-per-a-farmaceutics-que-oferira-per-primer-cop-una-modalitat-hibrida\/#article\",\"isPartOf\":{\"@id\":\"https:\/\/novaorg.cofb.net\/2021\/06\/30\/el-cof-de-barcelona-i-la-universitat-de-barcelona-presenten-la-vii-edicio-del-master-dortopedia-per-a-farmaceutics-que-oferira-per-primer-cop-una-modalitat-hibrida\/\"},\"author\":{\"name\":\"wpAdminCofbOrg\",\"@id\":\"https:\/\/www.cofb.org\/#\/schema\/person\/22ed7eea88da74b0fa4d3154ad87ffcb\"},\"headline\":\"El COF de Barcelona i la Universitat de Barcelona presenten la VII edici\u00f3 del M\u00e0ster d\u2019Ortop\u00e8dia per a farmac\u00e8utics, que oferir\u00e0 per primer cop una modalitat h\u00edbrida\",\"datePublished\":\"2021-06-30T16:27:01+00:00\",\"dateModified\":\"2021-06-30T16:27:01+00:00\",\"mainEntityOfPage\":{\"@id\":\"https:\/\/novaorg.cofb.net\/2021\/06\/30\/el-cof-de-barcelona-i-la-universitat-de-barcelona-presenten-la-vii-edicio-del-master-dortopedia-per-a-farmaceutics-que-oferira-per-primer-cop-una-modalitat-hibrida\/\"},\"wordCount\":1238,\"commentCount\":0,\"publisher\":{\"@id\":\"https:\/\/www.cofb.org\/#organization\"},\"image\":{\"@id\":\"https:\/\/novaorg.cofb.net\/2021\/06\/30\/el-cof-de-barcelona-i-la-universitat-de-barcelona-presenten-la-vii-edicio-del-master-dortopedia-per-a-farmaceutics-que-oferira-per-primer-cop-una-modalitat-hibrida\/#primaryimage\"},\"thumbnailUrl\":\"\",\"keywords\":[\"COFB\",\"Col\u00b7legi de Farmac\u00e8utics de Barcelona\",\"coronavirus\",\"COVID-19\",\"M\u00e0ster Ortop\u00e8dia\",\"Oficina de farm\u00e0cia\",\"salut\",\"vocalia d'Ortop\u00e8dia\"],\"articleSection\":[\"Destacats\",\"M\u00f3n col\u00b7legial\"],\"inLanguage\":\"ca\",\"potentialAction\":[{\"@type\":\"CommentAction\",\"name\":\"Comment\",\"target\":[\"https:\/\/novaorg.cofb.net\/2021\/06\/30\/el-cof-de-barcelona-i-la-universitat-de-barcelona-presenten-la-vii-edicio-del-master-dortopedia-per-a-farmaceutics-que-oferira-per-primer-cop-una-modalitat-hibrida\/#respond\"]}]},{\"@type\":\"WebPage\",\"@id\":\"https:\/\/novaorg.cofb.net\/2021\/06\/30\/el-cof-de-barcelona-i-la-universitat-de-barcelona-presenten-la-vii-edicio-del-master-dortopedia-per-a-farmaceutics-que-oferira-per-primer-cop-una-modalitat-hibrida\/\",\"url\":\"https:\/\/novaorg.cofb.net\/2021\/06\/30\/el-cof-de-barcelona-i-la-universitat-de-barcelona-presenten-la-vii-edicio-del-master-dortopedia-per-a-farmaceutics-que-oferira-per-primer-cop-una-modalitat-hibrida\/\",\"name\":\"El COF de Barcelona i la Universitat de Barcelona presenten la VII edici\u00f3 del M\u00e0ster d\u2019Ortop\u00e8dia per a farmac\u00e8utics, que oferir\u00e0 per primer cop una modalitat h\u00edbrida - Col\u00b7legi de Farmac\u00e8utics de Barcelona\",\"isPartOf\":{\"@id\":\"https:\/\/www.cofb.org\/#website\"},\"primaryImageOfPage\":{\"@id\":\"https:\/\/novaorg.cofb.net\/2021\/06\/30\/el-cof-de-barcelona-i-la-universitat-de-barcelona-presenten-la-vii-edicio-del-master-dortopedia-per-a-farmaceutics-que-oferira-per-primer-cop-una-modalitat-hibrida\/#primaryimage\"},\"image\":{\"@id\":\"https:\/\/novaorg.cofb.net\/2021\/06\/30\/el-cof-de-barcelona-i-la-universitat-de-barcelona-presenten-la-vii-edicio-del-master-dortopedia-per-a-farmaceutics-que-oferira-per-primer-cop-una-modalitat-hibrida\/#primaryimage\"},\"thumbnailUrl\":\"\",\"datePublished\":\"2021-06-30T16:27:01+00:00\",\"dateModified\":\"2021-06-30T16:27:01+00:00\",\"description\":\"El COFB i la Universitat de Barcelona (UB) han presentat la VII edici\u00f3 del M\u00e0ster d\u2019Ortop\u00e8dia per a farmac\u00e8utics, que comen\u00e7ar\u00e0 el pr\u00f2xim 25 d\u2019octubre i capacitar\u00e0 novament al farmac\u00e8utic com a t\u00e8cnic responsable per a exercir l\u2019adaptaci\u00f3 i la fabricaci\u00f3 a mida de productes d\u2019Ortop\u00e8dia.\",\"breadcrumb\":{\"@id\":\"https:\/\/novaorg.cofb.net\/2021\/06\/30\/el-cof-de-barcelona-i-la-universitat-de-barcelona-presenten-la-vii-edicio-del-master-dortopedia-per-a-farmaceutics-que-oferira-per-primer-cop-una-modalitat-hibrida\/#breadcrumb\"},\"inLanguage\":\"ca\",\"potentialAction\":[{\"@type\":\"ReadAction\",\"target\":[\"https:\/\/novaorg.cofb.net\/2021\/06\/30\/el-cof-de-barcelona-i-la-universitat-de-barcelona-presenten-la-vii-edicio-del-master-dortopedia-per-a-farmaceutics-que-oferira-per-primer-cop-una-modalitat-hibrida\/\"]}]},{\"@type\":\"ImageObject\",\"inLanguage\":\"ca\",\"@id\":\"https:\/\/novaorg.cofb.net\/2021\/06\/30\/el-cof-de-barcelona-i-la-universitat-de-barcelona-presenten-la-vii-edicio-del-master-dortopedia-per-a-farmaceutics-que-oferira-per-primer-cop-una-modalitat-hibrida\/#primaryimage\",\"url\":\"\",\"contentUrl\":\"\"},{\"@type\":\"BreadcrumbList\",\"@id\":\"https:\/\/novaorg.cofb.net\/2021\/06\/30\/el-cof-de-barcelona-i-la-universitat-de-barcelona-presenten-la-vii-edicio-del-master-dortopedia-per-a-farmaceutics-que-oferira-per-primer-cop-una-modalitat-hibrida\/#breadcrumb\",\"itemListElement\":[{\"@type\":\"ListItem\",\"position\":1,\"name\":\"Inici\",\"item\":\"https:\/\/novaorg.cofb.net\/\"},{\"@type\":\"ListItem\",\"position\":2,\"name\":\"El COF de Barcelona i la Universitat de Barcelona presenten la VII edici\u00f3 del M\u00e0ster d\u2019Ortop\u00e8dia per a farmac\u00e8utics, que oferir\u00e0 per primer cop una modalitat h\u00edbrida\"}]},{\"@type\":\"WebSite\",\"@id\":\"https:\/\/www.cofb.org\/#website\",\"url\":\"https:\/\/www.cofb.org\/\",\"name\":\"Col\u00b7legi de Farmac\u00e8utics de Barcelona\",\"description\":\"\",\"publisher\":{\"@id\":\"https:\/\/www.cofb.org\/#organization\"},\"potentialAction\":[{\"@type\":\"SearchAction\",\"target\":{\"@type\":\"EntryPoint\",\"urlTemplate\":\"https:\/\/www.cofb.org\/?s={search_term_string}\"},\"query-input\":\"required name=search_term_string\"}],\"inLanguage\":\"ca\"},{\"@type\":\"Organization\",\"@id\":\"https:\/\/www.cofb.org\/#organization\",\"name\":\"Col\u00b7legi de Farmac\u00e8utics de Barcelona\",\"url\":\"https:\/\/www.cofb.org\/\",\"logo\":{\"@type\":\"ImageObject\",\"inLanguage\":\"ca\",\"@id\":\"https:\/\/www.cofb.org\/#\/schema\/logo\/image\/\",\"url\":\"https:\/\/www.cofb.org\/wp-content\/uploads\/2023\/11\/cropped-Logotip-COFB.png\",\"contentUrl\":\"https:\/\/www.cofb.org\/wp-content\/uploads\/2023\/11\/cropped-Logotip-COFB.png\",\"width\":500,\"height\":105,\"caption\":\"Col\u00b7legi de Farmac\u00e8utics de Barcelona\"},\"image\":{\"@id\":\"https:\/\/www.cofb.org\/#\/schema\/logo\/image\/\"},\"sameAs\":[\"https:\/\/www.facebook.com\/farmaceuticsbcn\/\",\"https:\/\/twitter.com\/farmaceuticsbcn\",\"https:\/\/www.instagram.com\/farmaceuticsbcn\/\",\"https:\/\/www.linkedin.com\/company\/farmaceuticsbcn\/\"]},{\"@type\":\"Person\",\"@id\":\"https:\/\/www.cofb.org\/#\/schema\/person\/22ed7eea88da74b0fa4d3154ad87ffcb\",\"name\":\"wpAdminCofbOrg\",\"image\":{\"@type\":\"ImageObject\",\"inLanguage\":\"ca\",\"@id\":\"https:\/\/www.cofb.org\/#\/schema\/person\/image\/\",\"url\":\"https:\/\/secure.gravatar.com\/avatar\/1721b20b3b8ca882c3b56ec6c978c594fff670e40c0718e9190eaeeb76aae7d8?s=96&d=mm&r=g\",\"contentUrl\":\"https:\/\/secure.gravatar.com\/avatar\/1721b20b3b8ca882c3b56ec6c978c594fff670e40c0718e9190eaeeb76aae7d8?s=96&d=mm&r=g\",\"caption\":\"wpAdminCofbOrg\"},\"sameAs\":[\"http:\/\/192.168.64.122\/wordpress\"],\"url\":\"https:\/\/www.cofb.org\/ca\/author\/wpadmincofborg\/\"}]}<\/script>\n<!-- \/ Yoast SEO plugin. -->","yoast_head_json":{"title":"El COF de Barcelona i la Universitat de Barcelona presenten la VII edici\u00f3 del M\u00e0ster d\u2019Ortop\u00e8dia per a farmac\u00e8utics, que oferir\u00e0 per primer cop una modalitat h\u00edbrida - Col\u00b7legi de Farmac\u00e8utics de Barcelona","description":"El COFB i la Universitat de Barcelona (UB) han presentat la VII edici\u00f3 del M\u00e0ster d\u2019Ortop\u00e8dia per a farmac\u00e8utics, que comen\u00e7ar\u00e0 el pr\u00f2xim 25 d\u2019octubre i capacitar\u00e0 novament al farmac\u00e8utic com a t\u00e8cnic responsable per a exercir l\u2019adaptaci\u00f3 i la fabricaci\u00f3 a mida de productes d\u2019Ortop\u00e8dia.","robots":{"index":"index","follow":"follow","max-snippet":"max-snippet:-1","max-image-preview":"max-image-preview:large","max-video-preview":"max-video-preview:-1"},"canonical":"https:\/\/novaorg.cofb.net\/2021\/06\/30\/el-cof-de-barcelona-i-la-universitat-de-barcelona-presenten-la-vii-edicio-del-master-dortopedia-per-a-farmaceutics-que-oferira-per-primer-cop-una-modalitat-hibrida\/","og_locale":"ca_ES","og_type":"article","og_title":"El COF de Barcelona i la Universitat de Barcelona presenten la VII edici\u00f3 del M\u00e0ster d\u2019Ortop\u00e8dia per a farmac\u00e8utics, que oferir\u00e0 per primer cop una modalitat h\u00edbrida - Col\u00b7legi de Farmac\u00e8utics de Barcelona","og_description":"El COFB i la Universitat de Barcelona (UB) han presentat la VII edici\u00f3 del M\u00e0ster d\u2019Ortop\u00e8dia per a farmac\u00e8utics, que comen\u00e7ar\u00e0 el pr\u00f2xim 25 d\u2019octubre i capacitar\u00e0 novament al farmac\u00e8utic com a t\u00e8cnic responsable per a exercir l\u2019adaptaci\u00f3 i la fabricaci\u00f3 a mida de productes d\u2019Ortop\u00e8dia.","og_url":"https:\/\/novaorg.cofb.net\/2021\/06\/30\/el-cof-de-barcelona-i-la-universitat-de-barcelona-presenten-la-vii-edicio-del-master-dortopedia-per-a-farmaceutics-que-oferira-per-primer-cop-una-modalitat-hibrida\/","og_site_name":"Col\u00b7legi de Farmac\u00e8utics de Barcelona","article_publisher":"https:\/\/www.facebook.com\/farmaceuticsbcn\/","article_published_time":"2021-06-30T16:27:01+00:00","author":"wpAdminCofbOrg","twitter_card":"summary_large_image","twitter_creator":"@farmaceuticsbcn","twitter_site":"@farmaceuticsbcn","twitter_misc":{"Escrit per":"wpAdminCofbOrg","Temps estimat de lectura":"6 minuts"},"schema":{"@context":"https:\/\/schema.org","@graph":[{"@type":"Article","@id":"https:\/\/novaorg.cofb.net\/2021\/06\/30\/el-cof-de-barcelona-i-la-universitat-de-barcelona-presenten-la-vii-edicio-del-master-dortopedia-per-a-farmaceutics-que-oferira-per-primer-cop-una-modalitat-hibrida\/#article","isPartOf":{"@id":"https:\/\/novaorg.cofb.net\/2021\/06\/30\/el-cof-de-barcelona-i-la-universitat-de-barcelona-presenten-la-vii-edicio-del-master-dortopedia-per-a-farmaceutics-que-oferira-per-primer-cop-una-modalitat-hibrida\/"},"author":{"name":"wpAdminCofbOrg","@id":"https:\/\/www.cofb.org\/#\/schema\/person\/22ed7eea88da74b0fa4d3154ad87ffcb"},"headline":"El COF de Barcelona i la Universitat de Barcelona presenten la VII edici\u00f3 del M\u00e0ster d\u2019Ortop\u00e8dia per a farmac\u00e8utics, que oferir\u00e0 per primer cop una modalitat h\u00edbrida","datePublished":"2021-06-30T16:27:01+00:00","dateModified":"2021-06-30T16:27:01+00:00","mainEntityOfPage":{"@id":"https:\/\/novaorg.cofb.net\/2021\/06\/30\/el-cof-de-barcelona-i-la-universitat-de-barcelona-presenten-la-vii-edicio-del-master-dortopedia-per-a-farmaceutics-que-oferira-per-primer-cop-una-modalitat-hibrida\/"},"wordCount":1238,"commentCount":0,"publisher":{"@id":"https:\/\/www.cofb.org\/#organization"},"image":{"@id":"https:\/\/novaorg.cofb.net\/2021\/06\/30\/el-cof-de-barcelona-i-la-universitat-de-barcelona-presenten-la-vii-edicio-del-master-dortopedia-per-a-farmaceutics-que-oferira-per-primer-cop-una-modalitat-hibrida\/#primaryimage"},"thumbnailUrl":"","keywords":["COFB","Col\u00b7legi de Farmac\u00e8utics de Barcelona","coronavirus","COVID-19","M\u00e0ster Ortop\u00e8dia","Oficina de farm\u00e0cia","salut","vocalia d'Ortop\u00e8dia"],"articleSection":["Destacats","M\u00f3n col\u00b7legial"],"inLanguage":"ca","potentialAction":[{"@type":"CommentAction","name":"Comment","target":["https:\/\/novaorg.cofb.net\/2021\/06\/30\/el-cof-de-barcelona-i-la-universitat-de-barcelona-presenten-la-vii-edicio-del-master-dortopedia-per-a-farmaceutics-que-oferira-per-primer-cop-una-modalitat-hibrida\/#respond"]}]},{"@type":"WebPage","@id":"https:\/\/novaorg.cofb.net\/2021\/06\/30\/el-cof-de-barcelona-i-la-universitat-de-barcelona-presenten-la-vii-edicio-del-master-dortopedia-per-a-farmaceutics-que-oferira-per-primer-cop-una-modalitat-hibrida\/","url":"https:\/\/novaorg.cofb.net\/2021\/06\/30\/el-cof-de-barcelona-i-la-universitat-de-barcelona-presenten-la-vii-edicio-del-master-dortopedia-per-a-farmaceutics-que-oferira-per-primer-cop-una-modalitat-hibrida\/","name":"El COF de Barcelona i la Universitat de Barcelona presenten la VII edici\u00f3 del M\u00e0ster d\u2019Ortop\u00e8dia per a farmac\u00e8utics, que oferir\u00e0 per primer cop una modalitat h\u00edbrida - Col\u00b7legi de Farmac\u00e8utics de Barcelona","isPartOf":{"@id":"https:\/\/www.cofb.org\/#website"},"primaryImageOfPage":{"@id":"https:\/\/novaorg.cofb.net\/2021\/06\/30\/el-cof-de-barcelona-i-la-universitat-de-barcelona-presenten-la-vii-edicio-del-master-dortopedia-per-a-farmaceutics-que-oferira-per-primer-cop-una-modalitat-hibrida\/#primaryimage"},"image":{"@id":"https:\/\/novaorg.cofb.net\/2021\/06\/30\/el-cof-de-barcelona-i-la-universitat-de-barcelona-presenten-la-vii-edicio-del-master-dortopedia-per-a-farmaceutics-que-oferira-per-primer-cop-una-modalitat-hibrida\/#primaryimage"},"thumbnailUrl":"","datePublished":"2021-06-30T16:27:01+00:00","dateModified":"2021-06-30T16:27:01+00:00","description":"El COFB i la Universitat de Barcelona (UB) han presentat la VII edici\u00f3 del M\u00e0ster d\u2019Ortop\u00e8dia per a farmac\u00e8utics, que comen\u00e7ar\u00e0 el pr\u00f2xim 25 d\u2019octubre i capacitar\u00e0 novament al farmac\u00e8utic com a t\u00e8cnic responsable per a exercir l\u2019adaptaci\u00f3 i la fabricaci\u00f3 a mida de productes d\u2019Ortop\u00e8dia.","breadcrumb":{"@id":"https:\/\/novaorg.cofb.net\/2021\/06\/30\/el-cof-de-barcelona-i-la-universitat-de-barcelona-presenten-la-vii-edicio-del-master-dortopedia-per-a-farmaceutics-que-oferira-per-primer-cop-una-modalitat-hibrida\/#breadcrumb"},"inLanguage":"ca","potentialAction":[{"@type":"ReadAction","target":["https:\/\/novaorg.cofb.net\/2021\/06\/30\/el-cof-de-barcelona-i-la-universitat-de-barcelona-presenten-la-vii-edicio-del-master-dortopedia-per-a-farmaceutics-que-oferira-per-primer-cop-una-modalitat-hibrida\/"]}]},{"@type":"ImageObject","inLanguage":"ca","@id":"https:\/\/novaorg.cofb.net\/2021\/06\/30\/el-cof-de-barcelona-i-la-universitat-de-barcelona-presenten-la-vii-edicio-del-master-dortopedia-per-a-farmaceutics-que-oferira-per-primer-cop-una-modalitat-hibrida\/#primaryimage","url":"","contentUrl":""},{"@type":"BreadcrumbList","@id":"https:\/\/novaorg.cofb.net\/2021\/06\/30\/el-cof-de-barcelona-i-la-universitat-de-barcelona-presenten-la-vii-edicio-del-master-dortopedia-per-a-farmaceutics-que-oferira-per-primer-cop-una-modalitat-hibrida\/#breadcrumb","itemListElement":[{"@type":"ListItem","position":1,"name":"Inici","item":"https:\/\/novaorg.cofb.net\/"},{"@type":"ListItem","position":2,"name":"El COF de Barcelona i la Universitat de Barcelona presenten la VII edici\u00f3 del M\u00e0ster d\u2019Ortop\u00e8dia per a farmac\u00e8utics, que oferir\u00e0 per primer cop una modalitat h\u00edbrida"}]},{"@type":"WebSite","@id":"https:\/\/www.cofb.org\/#website","url":"https:\/\/www.cofb.org\/","name":"Col\u00b7legi de Farmac\u00e8utics de Barcelona","description":"","publisher":{"@id":"https:\/\/www.cofb.org\/#organization"},"potentialAction":[{"@type":"SearchAction","target":{"@type":"EntryPoint","urlTemplate":"https:\/\/www.cofb.org\/?s={search_term_string}"},"query-input":"required name=search_term_string"}],"inLanguage":"ca"},{"@type":"Organization","@id":"https:\/\/www.cofb.org\/#organization","name":"Col\u00b7legi de Farmac\u00e8utics de Barcelona","url":"https:\/\/www.cofb.org\/","logo":{"@type":"ImageObject","inLanguage":"ca","@id":"https:\/\/www.cofb.org\/#\/schema\/logo\/image\/","url":"https:\/\/www.cofb.org\/wp-content\/uploads\/2023\/11\/cropped-Logotip-COFB.png","contentUrl":"https:\/\/www.cofb.org\/wp-content\/uploads\/2023\/11\/cropped-Logotip-COFB.png","width":500,"height":105,"caption":"Col\u00b7legi de Farmac\u00e8utics de Barcelona"},"image":{"@id":"https:\/\/www.cofb.org\/#\/schema\/logo\/image\/"},"sameAs":["https:\/\/www.facebook.com\/farmaceuticsbcn\/","https:\/\/twitter.com\/farmaceuticsbcn","https:\/\/www.instagram.com\/farmaceuticsbcn\/","https:\/\/www.linkedin.com\/company\/farmaceuticsbcn\/"]},{"@type":"Person","@id":"https:\/\/www.cofb.org\/#\/schema\/person\/22ed7eea88da74b0fa4d3154ad87ffcb","name":"wpAdminCofbOrg","image":{"@type":"ImageObject","inLanguage":"ca","@id":"https:\/\/www.cofb.org\/#\/schema\/person\/image\/","url":"https:\/\/secure.gravatar.com\/avatar\/1721b20b3b8ca882c3b56ec6c978c594fff670e40c0718e9190eaeeb76aae7d8?s=96&d=mm&r=g","contentUrl":"https:\/\/secure.gravatar.com\/avatar\/1721b20b3b8ca882c3b56ec6c978c594fff670e40c0718e9190eaeeb76aae7d8?s=96&d=mm&r=g","caption":"wpAdminCofbOrg"},"sameAs":["http:\/\/192.168.64.122\/wordpress"],"url":"https:\/\/www.cofb.org\/ca\/author\/wpadmincofborg\/"}]}},"uagb_featured_image_src":{"full":false,"thumbnail":false,"medium":false,"medium_large":false,"large":false,"1536x1536":false,"2048x2048":false,"trp-custom-language-flag":false},"uagb_author_info":{"display_name":"wpAdminCofbOrg","author_link":"https:\/\/www.cofb.org\/ca\/author\/wpadmincofborg\/"},"uagb_comment_info":0,"uagb_excerpt":"El Col\u00b7legi de Farmac\u00e8utics de Barcelona (COFB) i la Universitat de Barcelona (UB) han presentat la VII edici\u00f3 del M\u00e0ster d\u2019Ortop\u00e8dia per a farmac\u00e8utics, que comen\u00e7ar\u00e0 el pr\u00f2xim 25 d\u2019octubre i capacitar\u00e0 novament al farmac\u00e8utic com a t\u00e8cnic responsable per a exercir l\u2019adaptaci\u00f3 i la fabricaci\u00f3 a mida de productes [&hellip;]","_links":{"self":[{"href":"https:\/\/www.cofb.org\/ca\/wp-json\/wp\/v2\/posts\/56140","targetHints":{"allow":["GET"]}}],"collection":[{"href":"https:\/\/www.cofb.org\/ca\/wp-json\/wp\/v2\/posts"}],"about":[{"href":"https:\/\/www.cofb.org\/ca\/wp-json\/wp\/v2\/types\/post"}],"author":[{"embeddable":true,"href":"https:\/\/www.cofb.org\/ca\/wp-json\/wp\/v2\/users\/1"}],"replies":[{"embeddable":true,"href":"https:\/\/www.cofb.org\/ca\/wp-json\/wp\/v2\/comments?post=56140"}],"version-history":[{"count":0,"href":"https:\/\/www.cofb.org\/ca\/wp-json\/wp\/v2\/posts\/56140\/revisions"}],"wp:featuredmedia":[{"embeddable":true,"href":"https:\/\/www.cofb.org\/ca\/wp-json\/"}],"wp:attachment":[{"href":"https:\/\/www.cofb.org\/ca\/wp-json\/wp\/v2\/media?parent=56140"}],"wp:term":[{"taxonomy":"category","embeddable":true,"href":"https:\/\/www.cofb.org\/ca\/wp-json\/wp\/v2\/categories?post=56140"},{"taxonomy":"post_tag","embeddable":true,"href":"https:\/\/www.cofb.org\/ca\/wp-json\/wp\/v2\/tags?post=56140"}],"curies":[{"name":"wp","href":"https:\/\/api.w.org\/{rel}","templated":true}]}}