{"id":55897,"date":"2021-06-10T16:42:13","date_gmt":"2021-06-10T14:42:13","guid":{"rendered":"https:\/\/blog.cofb.cat\/?p=55897"},"modified":"2021-06-10T16:42:13","modified_gmt":"2021-06-10T14:42:13","slug":"compte-enrere-perque-comenci-infarma-virtual-2021-15-17-juny-connectara-professionals-expositors","status":"publish","type":"post","link":"https:\/\/www.cofb.org\/ca\/2021\/06\/10\/compte-enrere-perque-comenci-infarma-virtual-2021-15-17-juny-connectara-professionals-expositors\/","title":{"rendered":"Compte enrere perqu\u00e8 comenci Infarma Virtual 2021: del 15 al 17 de juny connectar\u00e0 a professionals i expositors"},"content":{"rendered":"<div class=\"html\">\n<div class=\"prueba\"><strong>Compte enrere perqu\u00e8 comenci Infarma Virtual 2021<\/strong>. Els presidents dels col\u00b7legis oficials de farmac\u00e8utics de Madrid i Barcelona,\u00a0<strong>Luis Gonz\u00e1lez i Jordi Casas,<\/strong>\u00a0respectivament,\u00a0<strong>juntament amb el president d&#8217;Interalia, Jordi\u00a0Arqu\u00e9,\u00a0<\/strong>han donat avui a con\u00e8ixer en roda de premsa les\u00a0<strong>novetats de la nova edici\u00f3 virtual d&#8217;Infarma,<\/strong>\u00a0que tindr\u00e0 lloc la setmana que ve,<strong>\u00a0entre el 15 i el 17 de juny.<\/strong><\/div>\n<\/div>\n<div class=\"bottom-socials\">\n<div class=\"row\">\n<div class=\"span6\">\n<div class=\"text-left\">\n<p>L&#8217;edici\u00f3 virtual del Congr\u00e9s i Sal\u00f3 de la Farm\u00e0cia reunir\u00e0\u00a0<strong>m\u00e9s de 200 expositors<\/strong>, segons les previsions del Comit\u00e8 Organitzador. De moment, ja s&#8217;han registrat\u00a0<strong>m\u00e9s de 2.600 professionals,<\/strong>\u00a0que podran actualitzar els seus coneixements i preparar-se davant els canvis sociol\u00f2gics, tecnol\u00f2gics i cient\u00edfics que s&#8217;estan produint.<\/p>\n<figure id=\"attachment_55901\" aria-describedby=\"caption-attachment-55901\" style=\"width: 620px\" class=\"wp-caption aligncenter\"><img fetchpriority=\"high\" decoding=\"async\" class=\"wp-image-55901 size-large\" title=\"D'esquerra a dreta: Jordi Casas, president del COFB; Luis Gonz\u00e1lez, president del COFM i Jorge Arqu\u00e9, president d'Interalia. \" src=\"https:\/\/blog.cofb.cat\/wp-content\/uploads\/2021\/06\/Rueda-de-prensa-de-Infarma-Virtual-2021-1024x768.jpg\" alt=\"D'esquerra a dreta: Jordi Casas, president del COFB; Luis Gonz\u00e1lez, president del COFM i Jorge Arqu\u00e9, president d'Interalia. \" width=\"620\" height=\"465\" \/><figcaption id=\"caption-attachment-55901\" class=\"wp-caption-text\">D&#8217;esquerra a dreta: Jordi Casas, president del COFB; Luis Gonz\u00e1lez, president del COFM i Jorge Arqu\u00e9, president d&#8217;Interalia.<\/figcaption><\/figure>\n<h1><span style=\"color: #008080;\"><strong>Intervencions dels presidents del COFM, COFB i Interalia<\/strong><\/span><\/h1>\n<h2><span style=\"color: #800080;\"><strong>Luis Gonz\u00e1lez, president del COFM: \u201cInfarma ens brinda l&#8217;ocasi\u00f3 d&#8217;aprendre per a continuar evolucionant amb la finalitat de ser m\u00e9s \u00fatils, i de decidir quina farm\u00e0cia volem en el futur\u201d<\/strong><\/span><\/h2>\n<p>El president del Col\u00b7legi Oficial de Farmac\u00e8utics de Madrid,\u00a0<strong>Luis Gonz\u00e1lez<\/strong>, ha destacat que \u201csi en aquests moments s&#8217;ha pogut donar continu\u00eftat a\u00a0<strong>Infarma Virtual 2021<\/strong>, \u00e9s gr\u00e0cies al\u00a0<strong>suport i a la confian\u00e7a que ens traslladen els farmac\u00e8utics i els expositors en cada edici\u00f3<\/strong>\u201d.<\/p>\n<p>Gonz\u00e1lez tamb\u00e9 ha volgut destacar la sintonia i la col\u00b7laboraci\u00f3 amb el COF de Barcelona, juntament amb Interalia, a l&#8217;hora impulsar un esdeveniment de refer\u00e8ncia com Infarma Virtual 2021: \u201cInfarma, com sabeu, \u00e9s una\u00a0<strong>hist\u00f2ria d&#8217;\u00e8xit<\/strong>\u00a0que va n\u00e9ixer i s&#8217;ha desenvolupat a partir del 2012 gr\u00e0cies al\u00a0<strong>treball conjunt de dos grans Col\u00b7legis i d\u2019Interalia<\/strong>, que han sabut col\u00b7laborar i fer equip per organitzar la gran cita anual de la Farm\u00e0cia a Espanya\u201d. I, animant a tots els professionals farmac\u00e8utics a no perdre&#8217;s Infarma Virtual 2021, ha afegit: \u201cLa formaci\u00f3 \u00e9s una necessitat del nostre desenvolupament professional i Infarma ens ofereix l&#8217;ocasi\u00f3 d&#8217;aprendre per\u00a0<strong>continuar evolucionant amb l\u2019objectiu de ser m\u00e9s \u00fatils<\/strong>, i tamb\u00e9\u00a0<strong>ens brinda l&#8217;oportunitat\u00a0<\/strong>de decidir quina Farm\u00e0cia volem en el futur\u201d.<\/p>\n<h2><span style=\"color: #800080;\"><strong>Jordi Casas, president del COFB: \u201cTindrem l&#8217;oportunitat de tornar-nos a trobar, mantenir viu l&#8217;esperit d&#8217;Infarma i gaudir de la Farm\u00e0cia al costat de companys de professi\u00f3\u201d<\/strong><\/span><\/h2>\n<p>En la mateixa l\u00ednia,\u00a0<strong>Jordi Casas<\/strong>, president del Col\u00b7legi de Farmac\u00e8utics de Barcelona, ha posat el focus en el\u00a0<strong>programa cient\u00edfic<\/strong>, que compta amb\u00a0<strong>\u201cexperts de reconeguda traject\u00f2ria\u201d<\/strong>\u00a0i consta de\u00a0<strong>\u201csis pon\u00e8ncies que oferiran continguts de gran actualitat i d&#8217;utilitat per al dia a dia i el futur professional\u201d<\/strong>.<\/p>\n<p>Casas ha ressaltat tamb\u00e9 que per als farmac\u00e8utics \u00e9s important assistir a Infarma Virtual 2021 \u201cperqu\u00e8 permet\u00a0<strong>actualitzar coneixements, compartir experi\u00e8ncies i connectar amb altres professionals del sector<\/strong>\u201d. Aix\u00ed mateix, ha destacat que\u00a0<strong>\u201cdurant 3 dies, tindrem l&#8217;oportunitat de tornar-nos a trobar<\/strong>\u00a0\u2013en aquest cas, virtualment\u2013,\u00a0<strong>mantenir viu l&#8217;esperit que sempre ha caracteritzat Infarma\u00a0<\/strong>com a punt de trobada de refer\u00e8ncia del sector\u00a0<strong>i, sobretot, gaudir de la Farm\u00e0cia<\/strong>, al costat de companys de professi\u00f3\u201d.<\/p>\n<h2><span style=\"color: #800080;\"><strong>Jordi Arqu\u00e9, president Interalia: \u201cHem volgut que l&#8217;experi\u00e8ncia de tots els assistents sigui el m\u00e9s semblant possible a les edicions presencials d&#8217;Infarma\u201d<\/strong><\/span><\/h2>\n<p>Finalment,\u00a0<strong>Jordi Arqu\u00e9<\/strong>, president d\u2019Interalia, ha posat l&#8217;\u00e8mfasi en l&#8217;oferta comercial dels expositors, que tindran disponible els participants d\u2019Infarma virtual 2021. \u201cA Infarma Virtual 2021 hi haur\u00e0\u00a0<strong>m\u00e9s de 200 estands virtuals<\/strong>, i els assistents podran\u00a0<strong>navegar f\u00e0cilment<\/strong>\u00a0entre tota aquesta oferta comercial amb cercadors d&#8217;expositors, marques i productes\u201d, ha explicat el president d\u2019Interalia.<\/p>\n<p>I ha afegit: \u201cEn aquesta edici\u00f3 tamb\u00e9 hi haur\u00e0\u00a0<strong>m\u00e9s de 80 presentacions<\/strong>\u00a0comercials de les marques presents, consistents en uns v\u00eddeos accessibles durant tota la durada de l&#8217;esdeveniment\u201d. \u201cD&#8217;altra banda, tamb\u00e9 trobarem\u00a0<strong>eines de\u00a0<em>networking<\/em><\/strong>\u00a0que permetran que els assistents puguin connectar entre ells. Encara que sabem que una\u00a0<strong>trobada digital<\/strong>\u00a0no pot substituir el contacte personal d&#8217;un congr\u00e9s i un sal\u00f3 presencials,\u00a0<strong>hem volgut que l&#8217;experi\u00e8ncia de tots els assistents sigui la m\u00e9s semblant possible a les edicions presencials d\u2019Infarma<\/strong>\u201d, va concloure el president d\u2019Interalia.<\/p>\n<p><img decoding=\"async\" class=\"aligncenter size-large wp-image-55903\" src=\"https:\/\/blog.cofb.cat\/wp-content\/uploads\/2021\/06\/INFARMA-VIRTUAL-2021-1024x512.png\" alt=\"\" width=\"620\" height=\"310\" \/><\/p>\n<h1><span style=\"color: #008080;\"><strong>Un programa cient\u00edfic amb continguts de gran actualitat<\/strong><\/span><\/h1>\n<p>El\u00a0<strong>primer dia, el 15 de juny<\/strong>, es comen\u00e7ar\u00e0 amb una taula rodona on\u00a0<strong>s&#8217;analitzar\u00e0 l&#8217;aportaci\u00f3 i els serveis oferts per les farm\u00e0cies durant la pand\u00e8mia<\/strong>, com ha estat el cas de\u00a0<strong>l&#8217;atenci\u00f3 farmac\u00e8utica domicili\u00e0ria<\/strong>. A continuaci\u00f3, de la m\u00e0 de diferents ponents de l&#8217;\u00e0mbit sanitari, es partir\u00e0 de la\u00a0<strong>situaci\u00f3 actual marcada per la pand\u00e8mia<\/strong>\u00a0i es debatr\u00e0, entre altres aspectes,\u00a0<strong>quins serveis pot oferir i desenvolupar el farmac\u00e8utic comunitari en l&#8217;abordatge de la cronicitat<\/strong>.<\/p>\n<p>Durant la\u00a0<strong>segona jornada, el 16 de juny<\/strong>, es parlar\u00e0 de quines s\u00f3n les\u00a0<strong>caracter\u00edstiques del consumidor del canal farm\u00e0cia<\/strong>, com influeix cada generaci\u00f3 en l&#8217;\u00fas de les diferents xarxes socials, on consulta i on compra. A continuaci\u00f3, anant\u00a0<strong>m\u00e9s enll\u00e0 de la COVID-19<\/strong>, s&#8217;exposar\u00e0\u00a0<strong>quines ter\u00e0pies estan en desenvolupament i\/o quines s\u00f3n les l\u00ednies de recerca m\u00e9s importants actualment del nostre entorn.<\/strong><\/p>\n<p>Finalment, el\u00a0<strong>dijous 17 de juny<\/strong>, els temes centrals seran, d&#8217;una banda,\u00a0<strong>l&#8217;estr\u00e8s i la immunitat<\/strong>, que s&#8217;enfocar\u00e0 des del\u00a0<strong>punt de vista farmacol\u00f2gic<\/strong>\u00a0i dels possibles consells assistencials des de l&#8217;oficina de farm\u00e0cia. D&#8217;altra banda, les\u00a0<strong>noves plataformes de comer\u00e7 electr\u00f2nic i la seva repercussi\u00f3 en el sector farmac\u00e8utic.<\/strong><\/p>\n<p style=\"text-align: left;\">El Congr\u00e9s d\u2019Infarma Virtual 2021 compta amb el <strong>patrocini de CarbonellFarma, Essity i FarmaQuatrium com a patrocinadors or<\/strong>; i <strong>Bancofar, Cinfa, Cofares, Farmanager i Kern Pharma com a patrocinadors plata<\/strong>.<\/p>\n<p><strong>Altres publicacions d&#8217;inter\u00e8s:<\/strong><\/p>\n<div class=\"addthis_inline_share_toolbox\" data-url=\"https:\/\/www.cofb.org\/sala-de-premsa\/notes-premsa\/-\/asset_publisher\/GVZR6OjauRsN\/content\/compte-enrere-perque-comenci-infarma-virtual-2021-que-se-celebrara-del-15-al-17-de-juny\/maximized?inheritRedirect=false&amp;p_p_state=maximized\" data-title=\"Compte enrere perqu\u00e8 comenci Infarma Virtual 2021, que se celebrar\u00e0 del 15 al 17 de juny - Notes de premsa - Col\u00b7legi de Farmac\u00e8utics de Barcelona\">\n<div id=\"atstbx\" class=\"at-resp-share-element at-style-responsive addthis-smartlayers addthis-animated at4-show\" role=\"region\" aria-labelledby=\"at-2a1c907c-499e-4ed7-bc9e-18606b4407f6\">\n<ul>\n<li class=\"at-share-btn-elements\"><a href=\"https:\/\/blog.cofb.cat\/infarma-virtual-2021-abordara-la-resposta-professional-del-farmaceutic-durant-la-pandemia-aixi-com-la-necessitat-dadaptar-se-a-nous-rols-patologies-canals-i-perfils-dusuari\/\" target=\"_blank\" rel=\"noopener\">\u00a0Infarma Virtual 2021 abordar\u00e0 la resposta professional del farmac\u00e8utic durant la pand\u00e8mia, aix\u00ed com la necessitat d\u2019adaptar-se a nous rols, patologies, canals i perfils d\u2019usuari (Maig 2021)<\/a><\/li>\n<li><a href=\"https:\/\/blog.cofb.cat\/infarma-2021-posa-marxa-edicio-virtual-que-se-celebrara-15-17-juny\/\" target=\"_blank\" rel=\"noopener\">Infarma 2021 es posa en marxa amb una edici\u00f3 virtual que se celebrar\u00e0 del 15 al 17 de juny (Abril 2021)<\/a><\/li>\n<\/ul>\n<\/div>\n<\/div>\n<\/div>\n<\/div>\n<\/div>\n<\/div>\n","protected":false},"excerpt":{"rendered":"<p>Compte enrere perqu\u00e8 comenci Infarma Virtual 2021. Els presidents dels col\u00b7legis oficials de farmac\u00e8utics de Madrid i Barcelona,\u00a0Luis Gonz\u00e1lez i Jordi Casas,\u00a0respectivament,\u00a0juntament amb el president d&#8217;Interalia, Jordi\u00a0Arqu\u00e9,\u00a0han donat avui a con\u00e8ixer en roda de premsa les\u00a0novetats de la nova edici\u00f3 virtual d&#8217;Infarma,\u00a0que tindr\u00e0 lloc la setmana que ve,\u00a0entre el 15 [&hellip;]<\/p>\n","protected":false},"author":1,"featured_media":55901,"comment_status":"open","ping_status":"open","sticky":false,"template":"","format":"standard","meta":{"_uag_custom_page_level_css":"","site-sidebar-layout":"default","site-content-layout":"","ast-site-content-layout":"default","site-content-style":"default","site-sidebar-style":"default","ast-global-header-display":"","ast-banner-title-visibility":"","ast-main-header-display":"","ast-hfb-above-header-display":"","ast-hfb-below-header-display":"","ast-hfb-mobile-header-display":"","site-post-title":"","ast-breadcrumbs-content":"","ast-featured-img":"disabled","footer-sml-layout":"","theme-transparent-header-meta":"","adv-header-id-meta":"","stick-header-meta":"","header-above-stick-meta":"","header-main-stick-meta":"","header-below-stick-meta":"","astra-migrate-meta-layouts":"default","ast-page-background-enabled":"default","ast-page-background-meta":{"desktop":{"background-color":"var(--ast-global-color-4)","background-image":"","background-repeat":"repeat","background-position":"center center","background-size":"auto","background-attachment":"scroll","background-type":"","background-media":"","overlay-type":"","overlay-color":"","overlay-opacity":"","overlay-gradient":""},"tablet":{"background-color":"","background-image":"","background-repeat":"repeat","background-position":"center center","background-size":"auto","background-attachment":"scroll","background-type":"","background-media":"","overlay-type":"","overlay-color":"","overlay-opacity":"","overlay-gradient":""},"mobile":{"background-color":"","background-image":"","background-repeat":"repeat","background-position":"center center","background-size":"auto","background-attachment":"scroll","background-type":"","background-media":"","overlay-type":"","overlay-color":"","overlay-opacity":"","overlay-gradient":""}},"ast-content-background-meta":{"desktop":{"background-color":"var(--ast-global-color-5)","background-image":"","background-repeat":"repeat","background-position":"center center","background-size":"auto","background-attachment":"scroll","background-type":"","background-media":"","overlay-type":"","overlay-color":"","overlay-opacity":"","overlay-gradient":""},"tablet":{"background-color":"var(--ast-global-color-5)","background-image":"","background-repeat":"repeat","background-position":"center center","background-size":"auto","background-attachment":"scroll","background-type":"","background-media":"","overlay-type":"","overlay-color":"","overlay-opacity":"","overlay-gradient":""},"mobile":{"background-color":"var(--ast-global-color-5)","background-image":"","background-repeat":"repeat","background-position":"center center","background-size":"auto","background-attachment":"scroll","background-type":"","background-media":"","overlay-type":"","overlay-color":"","overlay-opacity":"","overlay-gradient":""}},"footnotes":""},"categories":[23,2165],"tags":[18,110,19,591,2429,502,111,4605,2214,53,68,69,28,4574,115,3274,93,76,907,509],"class_list":["post-55897","post","type-post","status-publish","format-standard","has-post-thumbnail","hentry","category-destacats","category-infarma","tag-cofb","tag-cofm","tag-collegi-de-farmaceutics-de-barcelona","tag-collegi-de-farmaceutics-de-madrid","tag-collegis-professionals","tag-coneixements","tag-congres","tag-estand","tag-expositors","tag-farmaceutics","tag-farmacia","tag-farmacia-comunitaria","tag-infarma","tag-infarma-virtual-2021","tag-interalia","tag-novetats","tag-novetats-terapeutiques","tag-oficina-de-farmacia","tag-professionals","tag-salo"],"yoast_head":"<!-- This site is optimized with the Yoast SEO plugin v22.4 - https:\/\/yoast.com\/wordpress\/plugins\/seo\/ -->\n<title>Compte enrere perqu\u00e8 comenci Infarma Virtual 2021: del 15 al 17 de juny connectar\u00e0 a professionals i expositors - Col\u00b7legi de Farmac\u00e8utics de Barcelona<\/title>\n<meta name=\"description\" content=\"Compte enrere perqu\u00e8 comenci Infarma Virtual 2021. Els presidents dels col\u00b7legis oficials de farmac\u00e8utics de Madrid i Barcelona,\u00a0Luis Gonz\u00e1lez i Jordi Casas,\u00a0respectivament,\u00a0juntament amb el president de\u00a0Interalia, Jordi\u00a0Arqu\u00e9,\u00a0han donat avui a con\u00e8ixer les\u00a0novetats de la nova edici\u00f3 virtual d&#039;Infarma.\" \/>\n<meta name=\"robots\" content=\"index, follow, max-snippet:-1, max-image-preview:large, max-video-preview:-1\" \/>\n<link rel=\"canonical\" href=\"https:\/\/www.cofb.org\/ca\/2021\/06\/10\/compte-enrere-perque-comenci-infarma-virtual-2021-15-17-juny-connectara-professionals-expositors\/\" \/>\n<meta property=\"og:locale\" content=\"ca_ES\" \/>\n<meta property=\"og:type\" content=\"article\" \/>\n<meta property=\"og:title\" content=\"Compte enrere perqu\u00e8 comenci Infarma Virtual 2021: del 15 al 17 de juny connectar\u00e0 a professionals i expositors - Col\u00b7legi de Farmac\u00e8utics de Barcelona\" \/>\n<meta property=\"og:description\" content=\"Compte enrere perqu\u00e8 comenci Infarma Virtual 2021. Els presidents dels col\u00b7legis oficials de farmac\u00e8utics de Madrid i Barcelona,\u00a0Luis Gonz\u00e1lez i Jordi Casas,\u00a0respectivament,\u00a0juntament amb el president de\u00a0Interalia, Jordi\u00a0Arqu\u00e9,\u00a0han donat avui a con\u00e8ixer les\u00a0novetats de la nova edici\u00f3 virtual d&#039;Infarma.\" \/>\n<meta property=\"og:url\" content=\"https:\/\/www.cofb.org\/ca\/2021\/06\/10\/compte-enrere-perque-comenci-infarma-virtual-2021-15-17-juny-connectara-professionals-expositors\/\" \/>\n<meta property=\"og:site_name\" content=\"Col\u00b7legi de Farmac\u00e8utics de Barcelona\" \/>\n<meta property=\"article:publisher\" content=\"https:\/\/www.facebook.com\/farmaceuticsbcn\/\" \/>\n<meta property=\"article:published_time\" content=\"2021-06-10T14:42:13+00:00\" \/>\n<meta name=\"author\" content=\"wpAdminCofbOrg\" \/>\n<meta name=\"twitter:card\" content=\"summary_large_image\" \/>\n<meta name=\"twitter:creator\" content=\"@farmaceuticsbcn\" \/>\n<meta name=\"twitter:site\" content=\"@farmaceuticsbcn\" \/>\n<meta name=\"twitter:label1\" content=\"Escrit per\" \/>\n\t<meta name=\"twitter:data1\" content=\"wpAdminCofbOrg\" \/>\n\t<meta name=\"twitter:label2\" content=\"Temps estimat de lectura\" \/>\n\t<meta name=\"twitter:data2\" content=\"5 minuts\" \/>\n<script type=\"application\/ld+json\" class=\"yoast-schema-graph\">{\"@context\":\"https:\/\/schema.org\",\"@graph\":[{\"@type\":\"Article\",\"@id\":\"https:\/\/www.cofb.org\/2021\/06\/10\/compte-enrere-perque-comenci-infarma-virtual-2021-15-17-juny-connectara-professionals-expositors\/#article\",\"isPartOf\":{\"@id\":\"https:\/\/www.cofb.org\/2021\/06\/10\/compte-enrere-perque-comenci-infarma-virtual-2021-15-17-juny-connectara-professionals-expositors\/\"},\"author\":{\"name\":\"wpAdminCofbOrg\",\"@id\":\"https:\/\/www.cofb.org\/#\/schema\/person\/22ed7eea88da74b0fa4d3154ad87ffcb\"},\"headline\":\"Compte enrere perqu\u00e8 comenci Infarma Virtual 2021: del 15 al 17 de juny connectar\u00e0 a professionals i expositors\",\"datePublished\":\"2021-06-10T14:42:13+00:00\",\"dateModified\":\"2021-06-10T14:42:13+00:00\",\"mainEntityOfPage\":{\"@id\":\"https:\/\/www.cofb.org\/2021\/06\/10\/compte-enrere-perque-comenci-infarma-virtual-2021-15-17-juny-connectara-professionals-expositors\/\"},\"wordCount\":1061,\"commentCount\":0,\"publisher\":{\"@id\":\"https:\/\/www.cofb.org\/#organization\"},\"image\":{\"@id\":\"https:\/\/www.cofb.org\/2021\/06\/10\/compte-enrere-perque-comenci-infarma-virtual-2021-15-17-juny-connectara-professionals-expositors\/#primaryimage\"},\"thumbnailUrl\":\"\",\"keywords\":[\"COFB\",\"COFM\",\"Col\u00b7legi de Farmac\u00e8utics de Barcelona\",\"Col\u00b7legi de Farmac\u00e8utics de Madrid\",\"col\u00b7legis professionals\",\"coneixements\",\"Congr\u00e8s\",\"estand\",\"expositors\",\"farmac\u00e8utics\",\"Farm\u00e0cia\",\"farm\u00e0cia comunit\u00e0ria\",\"Infarma\",\"Infarma Virtual 2021\",\"Interalia\",\"novetats\",\"novetats terap\u00e8utiques\",\"Oficina de farm\u00e0cia\",\"professionals\",\"Sal\u00f3\"],\"articleSection\":[\"Destacats\",\"Infarma\"],\"inLanguage\":\"ca\",\"potentialAction\":[{\"@type\":\"CommentAction\",\"name\":\"Comment\",\"target\":[\"https:\/\/www.cofb.org\/2021\/06\/10\/compte-enrere-perque-comenci-infarma-virtual-2021-15-17-juny-connectara-professionals-expositors\/#respond\"]}]},{\"@type\":\"WebPage\",\"@id\":\"https:\/\/www.cofb.org\/2021\/06\/10\/compte-enrere-perque-comenci-infarma-virtual-2021-15-17-juny-connectara-professionals-expositors\/\",\"url\":\"https:\/\/www.cofb.org\/2021\/06\/10\/compte-enrere-perque-comenci-infarma-virtual-2021-15-17-juny-connectara-professionals-expositors\/\",\"name\":\"Compte enrere perqu\u00e8 comenci Infarma Virtual 2021: del 15 al 17 de juny connectar\u00e0 a professionals i expositors - Col\u00b7legi de Farmac\u00e8utics de Barcelona\",\"isPartOf\":{\"@id\":\"https:\/\/www.cofb.org\/#website\"},\"primaryImageOfPage\":{\"@id\":\"https:\/\/www.cofb.org\/2021\/06\/10\/compte-enrere-perque-comenci-infarma-virtual-2021-15-17-juny-connectara-professionals-expositors\/#primaryimage\"},\"image\":{\"@id\":\"https:\/\/www.cofb.org\/2021\/06\/10\/compte-enrere-perque-comenci-infarma-virtual-2021-15-17-juny-connectara-professionals-expositors\/#primaryimage\"},\"thumbnailUrl\":\"\",\"datePublished\":\"2021-06-10T14:42:13+00:00\",\"dateModified\":\"2021-06-10T14:42:13+00:00\",\"description\":\"Compte enrere perqu\u00e8 comenci Infarma Virtual 2021. Els presidents dels col\u00b7legis oficials de farmac\u00e8utics de Madrid i Barcelona,\u00a0Luis Gonz\u00e1lez i Jordi Casas,\u00a0respectivament,\u00a0juntament amb el president de\u00a0Interalia, Jordi\u00a0Arqu\u00e9,\u00a0han donat avui a con\u00e8ixer les\u00a0novetats de la nova edici\u00f3 virtual d'Infarma.\",\"breadcrumb\":{\"@id\":\"https:\/\/www.cofb.org\/2021\/06\/10\/compte-enrere-perque-comenci-infarma-virtual-2021-15-17-juny-connectara-professionals-expositors\/#breadcrumb\"},\"inLanguage\":\"ca\",\"potentialAction\":[{\"@type\":\"ReadAction\",\"target\":[\"https:\/\/www.cofb.org\/2021\/06\/10\/compte-enrere-perque-comenci-infarma-virtual-2021-15-17-juny-connectara-professionals-expositors\/\"]}]},{\"@type\":\"ImageObject\",\"inLanguage\":\"ca\",\"@id\":\"https:\/\/www.cofb.org\/2021\/06\/10\/compte-enrere-perque-comenci-infarma-virtual-2021-15-17-juny-connectara-professionals-expositors\/#primaryimage\",\"url\":\"\",\"contentUrl\":\"\"},{\"@type\":\"BreadcrumbList\",\"@id\":\"https:\/\/www.cofb.org\/2021\/06\/10\/compte-enrere-perque-comenci-infarma-virtual-2021-15-17-juny-connectara-professionals-expositors\/#breadcrumb\",\"itemListElement\":[{\"@type\":\"ListItem\",\"position\":1,\"name\":\"Inici\",\"item\":\"https:\/\/novaorg.cofb.net\/\"},{\"@type\":\"ListItem\",\"position\":2,\"name\":\"Compte enrere perqu\u00e8 comenci Infarma Virtual 2021: del 15 al 17 de juny connectar\u00e0 a professionals i expositors\"}]},{\"@type\":\"WebSite\",\"@id\":\"https:\/\/www.cofb.org\/#website\",\"url\":\"https:\/\/www.cofb.org\/\",\"name\":\"Col\u00b7legi de Farmac\u00e8utics de Barcelona\",\"description\":\"\",\"publisher\":{\"@id\":\"https:\/\/www.cofb.org\/#organization\"},\"potentialAction\":[{\"@type\":\"SearchAction\",\"target\":{\"@type\":\"EntryPoint\",\"urlTemplate\":\"https:\/\/www.cofb.org\/?s={search_term_string}\"},\"query-input\":\"required name=search_term_string\"}],\"inLanguage\":\"ca\"},{\"@type\":\"Organization\",\"@id\":\"https:\/\/www.cofb.org\/#organization\",\"name\":\"Col\u00b7legi de Farmac\u00e8utics de Barcelona\",\"url\":\"https:\/\/www.cofb.org\/\",\"logo\":{\"@type\":\"ImageObject\",\"inLanguage\":\"ca\",\"@id\":\"https:\/\/www.cofb.org\/#\/schema\/logo\/image\/\",\"url\":\"https:\/\/www.cofb.org\/wp-content\/uploads\/2023\/11\/cropped-Logotip-COFB.png\",\"contentUrl\":\"https:\/\/www.cofb.org\/wp-content\/uploads\/2023\/11\/cropped-Logotip-COFB.png\",\"width\":500,\"height\":105,\"caption\":\"Col\u00b7legi de Farmac\u00e8utics de Barcelona\"},\"image\":{\"@id\":\"https:\/\/www.cofb.org\/#\/schema\/logo\/image\/\"},\"sameAs\":[\"https:\/\/www.facebook.com\/farmaceuticsbcn\/\",\"https:\/\/twitter.com\/farmaceuticsbcn\",\"https:\/\/www.instagram.com\/farmaceuticsbcn\/\",\"https:\/\/www.linkedin.com\/company\/farmaceuticsbcn\/\"]},{\"@type\":\"Person\",\"@id\":\"https:\/\/www.cofb.org\/#\/schema\/person\/22ed7eea88da74b0fa4d3154ad87ffcb\",\"name\":\"wpAdminCofbOrg\",\"image\":{\"@type\":\"ImageObject\",\"inLanguage\":\"ca\",\"@id\":\"https:\/\/www.cofb.org\/#\/schema\/person\/image\/\",\"url\":\"https:\/\/secure.gravatar.com\/avatar\/1721b20b3b8ca882c3b56ec6c978c594fff670e40c0718e9190eaeeb76aae7d8?s=96&d=mm&r=g\",\"contentUrl\":\"https:\/\/secure.gravatar.com\/avatar\/1721b20b3b8ca882c3b56ec6c978c594fff670e40c0718e9190eaeeb76aae7d8?s=96&d=mm&r=g\",\"caption\":\"wpAdminCofbOrg\"},\"sameAs\":[\"http:\/\/192.168.64.122\/wordpress\"],\"url\":\"https:\/\/www.cofb.org\/ca\/author\/wpadmincofborg\/\"}]}<\/script>\n<!-- \/ Yoast SEO plugin. -->","yoast_head_json":{"title":"Compte enrere perqu\u00e8 comenci Infarma Virtual 2021: del 15 al 17 de juny connectar\u00e0 a professionals i expositors - Col\u00b7legi de Farmac\u00e8utics de Barcelona","description":"Compte enrere perqu\u00e8 comenci Infarma Virtual 2021. Els presidents dels col\u00b7legis oficials de farmac\u00e8utics de Madrid i Barcelona,\u00a0Luis Gonz\u00e1lez i Jordi Casas,\u00a0respectivament,\u00a0juntament amb el president de\u00a0Interalia, Jordi\u00a0Arqu\u00e9,\u00a0han donat avui a con\u00e8ixer les\u00a0novetats de la nova edici\u00f3 virtual d'Infarma.","robots":{"index":"index","follow":"follow","max-snippet":"max-snippet:-1","max-image-preview":"max-image-preview:large","max-video-preview":"max-video-preview:-1"},"canonical":"https:\/\/www.cofb.org\/ca\/2021\/06\/10\/compte-enrere-perque-comenci-infarma-virtual-2021-15-17-juny-connectara-professionals-expositors\/","og_locale":"ca_ES","og_type":"article","og_title":"Compte enrere perqu\u00e8 comenci Infarma Virtual 2021: del 15 al 17 de juny connectar\u00e0 a professionals i expositors - Col\u00b7legi de Farmac\u00e8utics de Barcelona","og_description":"Compte enrere perqu\u00e8 comenci Infarma Virtual 2021. Els presidents dels col\u00b7legis oficials de farmac\u00e8utics de Madrid i Barcelona,\u00a0Luis Gonz\u00e1lez i Jordi Casas,\u00a0respectivament,\u00a0juntament amb el president de\u00a0Interalia, Jordi\u00a0Arqu\u00e9,\u00a0han donat avui a con\u00e8ixer les\u00a0novetats de la nova edici\u00f3 virtual d'Infarma.","og_url":"https:\/\/www.cofb.org\/ca\/2021\/06\/10\/compte-enrere-perque-comenci-infarma-virtual-2021-15-17-juny-connectara-professionals-expositors\/","og_site_name":"Col\u00b7legi de Farmac\u00e8utics de Barcelona","article_publisher":"https:\/\/www.facebook.com\/farmaceuticsbcn\/","article_published_time":"2021-06-10T14:42:13+00:00","author":"wpAdminCofbOrg","twitter_card":"summary_large_image","twitter_creator":"@farmaceuticsbcn","twitter_site":"@farmaceuticsbcn","twitter_misc":{"Escrit per":"wpAdminCofbOrg","Temps estimat de lectura":"5 minuts"},"schema":{"@context":"https:\/\/schema.org","@graph":[{"@type":"Article","@id":"https:\/\/www.cofb.org\/2021\/06\/10\/compte-enrere-perque-comenci-infarma-virtual-2021-15-17-juny-connectara-professionals-expositors\/#article","isPartOf":{"@id":"https:\/\/www.cofb.org\/2021\/06\/10\/compte-enrere-perque-comenci-infarma-virtual-2021-15-17-juny-connectara-professionals-expositors\/"},"author":{"name":"wpAdminCofbOrg","@id":"https:\/\/www.cofb.org\/#\/schema\/person\/22ed7eea88da74b0fa4d3154ad87ffcb"},"headline":"Compte enrere perqu\u00e8 comenci Infarma Virtual 2021: del 15 al 17 de juny connectar\u00e0 a professionals i expositors","datePublished":"2021-06-10T14:42:13+00:00","dateModified":"2021-06-10T14:42:13+00:00","mainEntityOfPage":{"@id":"https:\/\/www.cofb.org\/2021\/06\/10\/compte-enrere-perque-comenci-infarma-virtual-2021-15-17-juny-connectara-professionals-expositors\/"},"wordCount":1061,"commentCount":0,"publisher":{"@id":"https:\/\/www.cofb.org\/#organization"},"image":{"@id":"https:\/\/www.cofb.org\/2021\/06\/10\/compte-enrere-perque-comenci-infarma-virtual-2021-15-17-juny-connectara-professionals-expositors\/#primaryimage"},"thumbnailUrl":"","keywords":["COFB","COFM","Col\u00b7legi de Farmac\u00e8utics de Barcelona","Col\u00b7legi de Farmac\u00e8utics de Madrid","col\u00b7legis professionals","coneixements","Congr\u00e8s","estand","expositors","farmac\u00e8utics","Farm\u00e0cia","farm\u00e0cia comunit\u00e0ria","Infarma","Infarma Virtual 2021","Interalia","novetats","novetats terap\u00e8utiques","Oficina de farm\u00e0cia","professionals","Sal\u00f3"],"articleSection":["Destacats","Infarma"],"inLanguage":"ca","potentialAction":[{"@type":"CommentAction","name":"Comment","target":["https:\/\/www.cofb.org\/2021\/06\/10\/compte-enrere-perque-comenci-infarma-virtual-2021-15-17-juny-connectara-professionals-expositors\/#respond"]}]},{"@type":"WebPage","@id":"https:\/\/www.cofb.org\/2021\/06\/10\/compte-enrere-perque-comenci-infarma-virtual-2021-15-17-juny-connectara-professionals-expositors\/","url":"https:\/\/www.cofb.org\/2021\/06\/10\/compte-enrere-perque-comenci-infarma-virtual-2021-15-17-juny-connectara-professionals-expositors\/","name":"Compte enrere perqu\u00e8 comenci Infarma Virtual 2021: del 15 al 17 de juny connectar\u00e0 a professionals i expositors - Col\u00b7legi de Farmac\u00e8utics de Barcelona","isPartOf":{"@id":"https:\/\/www.cofb.org\/#website"},"primaryImageOfPage":{"@id":"https:\/\/www.cofb.org\/2021\/06\/10\/compte-enrere-perque-comenci-infarma-virtual-2021-15-17-juny-connectara-professionals-expositors\/#primaryimage"},"image":{"@id":"https:\/\/www.cofb.org\/2021\/06\/10\/compte-enrere-perque-comenci-infarma-virtual-2021-15-17-juny-connectara-professionals-expositors\/#primaryimage"},"thumbnailUrl":"","datePublished":"2021-06-10T14:42:13+00:00","dateModified":"2021-06-10T14:42:13+00:00","description":"Compte enrere perqu\u00e8 comenci Infarma Virtual 2021. Els presidents dels col\u00b7legis oficials de farmac\u00e8utics de Madrid i Barcelona,\u00a0Luis Gonz\u00e1lez i Jordi Casas,\u00a0respectivament,\u00a0juntament amb el president de\u00a0Interalia, Jordi\u00a0Arqu\u00e9,\u00a0han donat avui a con\u00e8ixer les\u00a0novetats de la nova edici\u00f3 virtual d'Infarma.","breadcrumb":{"@id":"https:\/\/www.cofb.org\/2021\/06\/10\/compte-enrere-perque-comenci-infarma-virtual-2021-15-17-juny-connectara-professionals-expositors\/#breadcrumb"},"inLanguage":"ca","potentialAction":[{"@type":"ReadAction","target":["https:\/\/www.cofb.org\/2021\/06\/10\/compte-enrere-perque-comenci-infarma-virtual-2021-15-17-juny-connectara-professionals-expositors\/"]}]},{"@type":"ImageObject","inLanguage":"ca","@id":"https:\/\/www.cofb.org\/2021\/06\/10\/compte-enrere-perque-comenci-infarma-virtual-2021-15-17-juny-connectara-professionals-expositors\/#primaryimage","url":"","contentUrl":""},{"@type":"BreadcrumbList","@id":"https:\/\/www.cofb.org\/2021\/06\/10\/compte-enrere-perque-comenci-infarma-virtual-2021-15-17-juny-connectara-professionals-expositors\/#breadcrumb","itemListElement":[{"@type":"ListItem","position":1,"name":"Inici","item":"https:\/\/novaorg.cofb.net\/"},{"@type":"ListItem","position":2,"name":"Compte enrere perqu\u00e8 comenci Infarma Virtual 2021: del 15 al 17 de juny connectar\u00e0 a professionals i expositors"}]},{"@type":"WebSite","@id":"https:\/\/www.cofb.org\/#website","url":"https:\/\/www.cofb.org\/","name":"Col\u00b7legi de Farmac\u00e8utics de Barcelona","description":"","publisher":{"@id":"https:\/\/www.cofb.org\/#organization"},"potentialAction":[{"@type":"SearchAction","target":{"@type":"EntryPoint","urlTemplate":"https:\/\/www.cofb.org\/?s={search_term_string}"},"query-input":"required name=search_term_string"}],"inLanguage":"ca"},{"@type":"Organization","@id":"https:\/\/www.cofb.org\/#organization","name":"Col\u00b7legi de Farmac\u00e8utics de Barcelona","url":"https:\/\/www.cofb.org\/","logo":{"@type":"ImageObject","inLanguage":"ca","@id":"https:\/\/www.cofb.org\/#\/schema\/logo\/image\/","url":"https:\/\/www.cofb.org\/wp-content\/uploads\/2023\/11\/cropped-Logotip-COFB.png","contentUrl":"https:\/\/www.cofb.org\/wp-content\/uploads\/2023\/11\/cropped-Logotip-COFB.png","width":500,"height":105,"caption":"Col\u00b7legi de Farmac\u00e8utics de Barcelona"},"image":{"@id":"https:\/\/www.cofb.org\/#\/schema\/logo\/image\/"},"sameAs":["https:\/\/www.facebook.com\/farmaceuticsbcn\/","https:\/\/twitter.com\/farmaceuticsbcn","https:\/\/www.instagram.com\/farmaceuticsbcn\/","https:\/\/www.linkedin.com\/company\/farmaceuticsbcn\/"]},{"@type":"Person","@id":"https:\/\/www.cofb.org\/#\/schema\/person\/22ed7eea88da74b0fa4d3154ad87ffcb","name":"wpAdminCofbOrg","image":{"@type":"ImageObject","inLanguage":"ca","@id":"https:\/\/www.cofb.org\/#\/schema\/person\/image\/","url":"https:\/\/secure.gravatar.com\/avatar\/1721b20b3b8ca882c3b56ec6c978c594fff670e40c0718e9190eaeeb76aae7d8?s=96&d=mm&r=g","contentUrl":"https:\/\/secure.gravatar.com\/avatar\/1721b20b3b8ca882c3b56ec6c978c594fff670e40c0718e9190eaeeb76aae7d8?s=96&d=mm&r=g","caption":"wpAdminCofbOrg"},"sameAs":["http:\/\/192.168.64.122\/wordpress"],"url":"https:\/\/www.cofb.org\/ca\/author\/wpadmincofborg\/"}]}},"uagb_featured_image_src":{"full":false,"thumbnail":false,"medium":false,"medium_large":false,"large":false,"1536x1536":false,"2048x2048":false,"trp-custom-language-flag":false},"uagb_author_info":{"display_name":"wpAdminCofbOrg","author_link":"https:\/\/www.cofb.org\/ca\/author\/wpadmincofborg\/"},"uagb_comment_info":0,"uagb_excerpt":"Compte enrere perqu\u00e8 comenci Infarma Virtual 2021. Els presidents dels col\u00b7legis oficials de farmac\u00e8utics de Madrid i Barcelona,\u00a0Luis Gonz\u00e1lez i Jordi Casas,\u00a0respectivament,\u00a0juntament amb el president d&#8217;Interalia, Jordi\u00a0Arqu\u00e9,\u00a0han donat avui a con\u00e8ixer en roda de premsa les\u00a0novetats de la nova edici\u00f3 virtual d&#8217;Infarma,\u00a0que tindr\u00e0 lloc la setmana que ve,\u00a0entre el 15 [&hellip;]","_links":{"self":[{"href":"https:\/\/www.cofb.org\/ca\/wp-json\/wp\/v2\/posts\/55897","targetHints":{"allow":["GET"]}}],"collection":[{"href":"https:\/\/www.cofb.org\/ca\/wp-json\/wp\/v2\/posts"}],"about":[{"href":"https:\/\/www.cofb.org\/ca\/wp-json\/wp\/v2\/types\/post"}],"author":[{"embeddable":true,"href":"https:\/\/www.cofb.org\/ca\/wp-json\/wp\/v2\/users\/1"}],"replies":[{"embeddable":true,"href":"https:\/\/www.cofb.org\/ca\/wp-json\/wp\/v2\/comments?post=55897"}],"version-history":[{"count":0,"href":"https:\/\/www.cofb.org\/ca\/wp-json\/wp\/v2\/posts\/55897\/revisions"}],"wp:featuredmedia":[{"embeddable":true,"href":"https:\/\/www.cofb.org\/ca\/wp-json\/"}],"wp:attachment":[{"href":"https:\/\/www.cofb.org\/ca\/wp-json\/wp\/v2\/media?parent=55897"}],"wp:term":[{"taxonomy":"category","embeddable":true,"href":"https:\/\/www.cofb.org\/ca\/wp-json\/wp\/v2\/categories?post=55897"},{"taxonomy":"post_tag","embeddable":true,"href":"https:\/\/www.cofb.org\/ca\/wp-json\/wp\/v2\/tags?post=55897"}],"curies":[{"name":"wp","href":"https:\/\/api.w.org\/{rel}","templated":true}]}}