{"id":55690,"date":"2021-06-02T17:56:48","date_gmt":"2021-06-02T15:56:48","guid":{"rendered":"https:\/\/blog.cofb.cat\/?p=55690"},"modified":"2021-06-02T17:56:48","modified_gmt":"2021-06-02T15:56:48","slug":"el-cof-de-barcelona-clausura-la-xvi-edicio-del-master-de-gestio-de-loficina-de-farmacia-i-anuncia-una-proxima-edicio-en-modalitat-hibrida","status":"publish","type":"post","link":"https:\/\/www.cofb.org\/ca\/2021\/06\/02\/el-cof-de-barcelona-clausura-la-xvi-edicio-del-master-de-gestio-de-loficina-de-farmacia-i-anuncia-una-proxima-edicio-en-modalitat-hibrida\/","title":{"rendered":"El COF de Barcelona clausura la XVI edici\u00f3 del M\u00e0ster de Gesti\u00f3 de l&#8217;Oficina de Farm\u00e0cia i anuncia una pr\u00f2xima edici\u00f3 en modalitat h\u00edbrida"},"content":{"rendered":"<p>El passat 2 de juny es va realitzar <strong>l&#8217;acte de clausura de la XVI edici\u00f3 del M\u00e0ster de Gesti\u00f3 de l&#8217;Oficina de Farm\u00e0cia (MGOF) del COFB<\/strong>, presidit pel seu president, Jordi Casas. Durant el seu transcurs, es va dirigir als alumnes que han finalitzat el programa enguany, recordant que\u00a0\u201cel nostre model d&#8217;oficina de farm\u00e0cia fa que haguem de trobar l&#8217;<strong>equilibri <\/strong>entre el <strong>vessant assistencial<\/strong> i el <strong>vessant empresarial o de gesti\u00f3<\/strong>. Per a aix\u00f2 \u00e9s important continuar formant-se en \u00e0rees com les novetats terap\u00e8utiques, assistencials i professionals, per\u00f2 tamb\u00e9 anar desenvolupant la part de m\u00e0rqueting o recursos humans\u201d.<\/p>\n<figure id=\"attachment_55692\" aria-describedby=\"caption-attachment-55692\" style=\"width: 620px\" class=\"wp-caption aligncenter\"><img fetchpriority=\"high\" decoding=\"async\" class=\"wp-image-55692 size-large\" title=\"Un moment de l'acte de clausura de la XVI edici\u00f3 del M\u00e0ster de Gesti\u00f3 de l'Oficina de Farm\u00e0cia, celebrat al COFB\" src=\"https:\/\/blog.cofb.cat\/wp-content\/uploads\/2021\/06\/Foto-Clausura-MGOF-red-1024x495.jpg\" alt=\"Un moment de l'acte de clausura de la XVI edici\u00f3 del M\u00e0ster de Gesti\u00f3 de l'Oficina de Farm\u00e0cia, celebrat al COFB\" width=\"620\" height=\"300\" \/><figcaption id=\"caption-attachment-55692\" class=\"wp-caption-text\">Un moment de l&#8217;acte de clausura de la XVI edici\u00f3 del M\u00e0ster de Gesti\u00f3 de l&#8217;Oficina de Farm\u00e0cia, celebrat al COFB<\/figcaption><\/figure>\n<p>L&#8217;acte de clausura tamb\u00e9 van comptar amb la pres\u00e8ncia d\u2019<strong>Aina Surroca<\/strong>, secret\u00e0ria del COFB i responsable de la Comissi\u00f3 Delegada de Formaci\u00f3 Continuada; <strong>Juan Carlos Serra<\/strong>, director del MGOF; i <strong>Cristina Rodr\u00edguez<\/strong> i <strong>M\u00f3nica Gallach<\/strong>, coordinadores del M\u00e0ster i membres del Departament de Formaci\u00f3 i Desenvolupament Professional del COFB.<\/p>\n<h1><strong>Modalitat h\u00edbrida per al curs 2021-2022<\/strong><\/h1>\n<p>Durant el curs <strong>2021-2022<\/strong>, en la que ser\u00e0 la XVII edici\u00f3 del M\u00e0ster, s&#8217;innovar\u00e0 en el <strong>format del MGOF<\/strong>. Per primera vegada, s&#8217;impartir\u00e0 amb <strong>metodologia h\u00edbrida -presencial i en l\u00ednia-,<\/strong> adaptant-se a les necessitats i prefer\u00e8ncies dels alumnes.<\/p>\n<p>Arran de la inauguraci\u00f3 d&#8217;una aula h\u00edbrida a la seu col\u00b7legial el mes de febrer passat, amb molt bona acollida, s&#8217;ha cregut convenient estendre aquesta modalitat al M\u00e0ster de Gesti\u00f3 de l&#8217;Oficina de Farm\u00e0cia. D&#8217;aquesta manera, en el MGOF <strong>es podran inscriure alumnes d&#8217;altres zones d&#8217;Espanya<\/strong>, ja que podran seguir virtualment la major part de les classes, si aix\u00ed ho desitgen. El motiu de mantenir la presencialitat en casos puntuals \u00e9s doble: d&#8217;una banda, hi ha continguts que es considera que \u00e9s m\u00e9s \u00f2ptim impartir-los presencialment i, de l\u2019altra, permetr\u00e0 fomentar el networking entre els alumnes. En tot cas, el repte \u00e9s que tant el format presencial com el <strong>virtual<\/strong> garanteixin la mateixa <strong>formaci\u00f3 te\u00f2rica, participativa i din\u00e0mica<\/strong>.<\/p>\n<p>Aquesta nova modalitat, els detalls de la qual es poden sol\u00b7licitar al <strong>Departament de Formaci\u00f3 del COFB<\/strong>, arriba despr\u00e9s que el M\u00e0ster de Gesti\u00f3 d&#8217;Oficina de Farm\u00e0cia del Col\u00b7legi de Farmac\u00e8utics de Barcelona s&#8217;hagi anat consolidant com un referent entre els professionals del sector per la seva elevada especialitzaci\u00f3.<\/p>\n<div class=\"destacat-blog\">\n<h1><strong>Qu\u00e8 opinen els alumnes d&#8217;aquesta edici\u00f3 del M\u00e0ster?<\/strong><\/h1>\n<p>La farmac\u00e8utica <strong>Maria Gol<\/strong> explica que gr\u00e0cies al M\u00e0ster \u201che pogut adquirir molts coneixements, sobretot de finances\u201d. Considera que \u00e9s important \u201ctenir estrat\u00e8gies i eines per poder implementar i treballar amb l&#8217;equip de la farm\u00e0cia, i que permetin, al seu torn, <strong>adaptar-se al m\u00f3n actual<\/strong>\u201d.\u00a0<strong>Pedro Vidal<\/strong>, farmac\u00e8utic amb una farm\u00e0cia a Palma, \u00e9s un altre dels alumnes que ha cursat el MGOF enguany. Ja s\u00f3n diversos els alumnes de fora de Catalunya que han cursat el M\u00e0ster al llarg de les diverses edicions celebrades.<\/p>\n<figure id=\"attachment_55694\" aria-describedby=\"caption-attachment-55694\" style=\"width: 895px\" class=\"wp-caption aligncenter\"><img decoding=\"async\" class=\"wp-image-55694 size-full\" title=\"Els alumnes han valorat molt positivament el M\u00e0ster, destacant les eines i coneixement que podran aplicar al dia a dia de l'oficina de farm\u00e0cia.\" src=\"https:\/\/blog.cofb.cat\/wp-content\/uploads\/2021\/06\/Alumnes-XVI-edici\u00f3-MGOF.jpg\" alt=\"Els alumnes han valorat molt positivament el M\u00e0ster, destacant les eines i coneixement que podran aplicar al dia a dia de l'oficina de farm\u00e0cia.\" width=\"895\" height=\"330\" \/><figcaption id=\"caption-attachment-55694\" class=\"wp-caption-text\">Els alumnes han valorat molt positivament el M\u00e0ster, destacant les eines i coneixement que podran aplicar al dia a dia de l&#8217;oficina de farm\u00e0cia.<\/figcaption><\/figure>\n<p>Vidal afirma que \u201cla valoraci\u00f3 global del M\u00e0ster \u00e9s <strong>molt positiva<\/strong>, ja que v\u00e9nen professionals de tota mena, sobretot titulars d&#8217;oficina de farm\u00e0cia, que expliquen la seva manera de veure la farm\u00e0cia, la seva gesti\u00f3 i <strong>pots aprendre molt d&#8217;ells. \u00c9s com envoltar-te dels millors titulars a l&#8217;aula<\/strong>\u201d. I afegeix que aquest m\u00e0ster \u00e9s idoni per a tots aquells farmac\u00e8utics que tenen clar que volen treballar en l&#8217;\u00e0mbit de la farm\u00e0cia comunit\u00e0ria: <strong>\u201cFins i tot sense ser titular d&#8217;oficina de farm\u00e0cia, li permetr\u00e0 tenir molts m\u00e9s coneixements sobre finances, m\u00e0rqueting i recursos humans, que al final fan que siguis un professional molt m\u00e9s ben valorat pel sector i que en sentis millor fent la teva feina\u201d.<\/strong><\/p>\n<\/div>\n<h1><strong>Els tres m\u00f2duls del M\u00e0ster de Gesti\u00f3 de l&#8217;Oficina de Farm\u00e0cia<\/strong><\/h1>\n<p>El <strong>MGOF<\/strong> -dirigit a titulars d&#8217;oficina de farm\u00e0cia o graduats en Farm\u00e0cia que ho seran a curt termini- consta de <strong>tres m\u00f2duls<\/strong> (Finances i Fiscalitat, Gesti\u00f3 de Persones i M\u00e0rqueting), a trav\u00e9s dels quals els alumnes poden adquirir totes les claus per una bona gesti\u00f3 de l&#8217;oficina de farm\u00e0cia, aix\u00ed com <strong>eines<\/strong> i <strong>recursos per innovar<\/strong>, en un moment de transici\u00f3 i canvis com el que estem vivint. Sens dubte, el M\u00e0ster proporciona una <strong>nova manera d&#8217;afrontar<\/strong> les <strong>decisions empresarials<\/strong>.<\/p>\n<p>Durant el programa, s&#8217;utilitzen exemples, exercicis, casos d&#8217;\u00e8xit, confer\u00e8ncies i altres recursos pr\u00e0ctics perqu\u00e8 l&#8217;aplicaci\u00f3 de coneixements adquirits sigui immediata. A m\u00e9s, al m\u00f2dul 3 els alumnes desenvolupen un <strong>pla de m\u00e0rqueting<\/strong> tutoritzat pel director del M\u00e0ster, que poden contextualitzar i aplicar a la seva pr\u00f2pia farm\u00e0cia.<\/p>\n<p><strong>Altres publicacions d\u2019inter\u00e8s:\u00a0<\/strong><\/p>\n<ul>\n<li><a href=\"https:\/\/blog.cofb.cat\/inauguracio-mgof-lequilibri-vessant-assistencial-gestio-clau-oficines-farmacia\/\" target=\"_blank\" rel=\"noopener\">Inauguraci\u00f3 del MGOF: \u201cL\u2019equilibri entre la vessant assistencial i la de gesti\u00f3 \u00e9s clau a les oficines de farm\u00e0cia\u201d (Novembre 2020)<\/a><\/li>\n<li><a href=\"https:\/\/blog.cofb.cat\/cloenda-de-la-xv-edicio-del-master-de-gestio-de-loficina-de-farmacia-mgof-quan-sha-necessitat-a-tots-els-professionals-en-el-sistema-sanitari-durant-la-covid-19-els-farmaceutics-han-est\/\" target=\"_blank\" rel=\"noopener\">Cloenda de la XV edici\u00f3 del M\u00e0ster de Gesti\u00f3 de l\u2019Oficina de Farm\u00e0cia (MGOF): \u201cQuan s\u2019ha necessitat a tots els professionals en el sistema sanitari durant la COVID-19, els farmac\u00e8utics han estat clau\u201d (Juliol 2020)<\/a><\/li>\n<\/ul>\n","protected":false},"excerpt":{"rendered":"<p>El passat 2 de juny es va realitzar l&#8217;acte de clausura de la XVI edici\u00f3 del M\u00e0ster de Gesti\u00f3 de l&#8217;Oficina de Farm\u00e0cia (MGOF) del COFB, presidit pel seu president, Jordi Casas. Durant el seu transcurs, es va dirigir als alumnes que han finalitzat el programa enguany, recordant que\u00a0\u201cel nostre [&hellip;]<\/p>\n","protected":false},"author":1,"featured_media":55692,"comment_status":"open","ping_status":"open","sticky":false,"template":"","format":"standard","meta":{"_uag_custom_page_level_css":"","site-sidebar-layout":"default","site-content-layout":"","ast-site-content-layout":"default","site-content-style":"default","site-sidebar-style":"default","ast-global-header-display":"","ast-banner-title-visibility":"","ast-main-header-display":"","ast-hfb-above-header-display":"","ast-hfb-below-header-display":"","ast-hfb-mobile-header-display":"","site-post-title":"","ast-breadcrumbs-content":"","ast-featured-img":"disabled","footer-sml-layout":"","theme-transparent-header-meta":"","adv-header-id-meta":"","stick-header-meta":"","header-above-stick-meta":"","header-main-stick-meta":"","header-below-stick-meta":"","astra-migrate-meta-layouts":"default","ast-page-background-enabled":"default","ast-page-background-meta":{"desktop":{"background-color":"var(--ast-global-color-4)","background-image":"","background-repeat":"repeat","background-position":"center center","background-size":"auto","background-attachment":"scroll","background-type":"","background-media":"","overlay-type":"","overlay-color":"","overlay-opacity":"","overlay-gradient":""},"tablet":{"background-color":"","background-image":"","background-repeat":"repeat","background-position":"center center","background-size":"auto","background-attachment":"scroll","background-type":"","background-media":"","overlay-type":"","overlay-color":"","overlay-opacity":"","overlay-gradient":""},"mobile":{"background-color":"","background-image":"","background-repeat":"repeat","background-position":"center center","background-size":"auto","background-attachment":"scroll","background-type":"","background-media":"","overlay-type":"","overlay-color":"","overlay-opacity":"","overlay-gradient":""}},"ast-content-background-meta":{"desktop":{"background-color":"var(--ast-global-color-5)","background-image":"","background-repeat":"repeat","background-position":"center center","background-size":"auto","background-attachment":"scroll","background-type":"","background-media":"","overlay-type":"","overlay-color":"","overlay-opacity":"","overlay-gradient":""},"tablet":{"background-color":"var(--ast-global-color-5)","background-image":"","background-repeat":"repeat","background-position":"center center","background-size":"auto","background-attachment":"scroll","background-type":"","background-media":"","overlay-type":"","overlay-color":"","overlay-opacity":"","overlay-gradient":""},"mobile":{"background-color":"var(--ast-global-color-5)","background-image":"","background-repeat":"repeat","background-position":"center center","background-size":"auto","background-attachment":"scroll","background-type":"","background-media":"","overlay-type":"","overlay-color":"","overlay-opacity":"","overlay-gradient":""}},"footnotes":""},"categories":[23,57],"tags":[764,4584,18,19,90,53,68,4585,2856,70,4586,4125,2415,768,770,3124,876,4587,76,253,4588],"class_list":["post-55690","post","type-post","status-publish","format-standard","has-post-thumbnail","hentry","category-destacats","category-mon-collegial","tag-cloenda","tag-cloenda-master","tag-cofb","tag-collegi-de-farmaceutics-de-barcelona","tag-covid-19","tag-farmaceutics","tag-farmacia","tag-farmacia-comunitariaa","tag-finances-i-fiscalitat","tag-formacio","tag-formacio-hibrida","tag-formacio-virtual","tag-forum-mgof","tag-gestio-de-persones","tag-marqueting","tag-marqueting-farmaceutic","tag-master-de-gestio-de-loficina-de-farmacia","tag-mgof-mgof","tag-oficina-de-farmacia","tag-sistema-sanitari","tag-xvi-edicio"],"yoast_head":"<!-- This site is optimized with the Yoast SEO plugin v22.4 - https:\/\/yoast.com\/wordpress\/plugins\/seo\/ -->\n<title>El COF de Barcelona clausura la XVI edici\u00f3 del M\u00e0ster de Gesti\u00f3 de l&#039;Oficina de Farm\u00e0cia i anuncia una pr\u00f2xima edici\u00f3 en modalitat h\u00edbrida - Col\u00b7legi de Farmac\u00e8utics de Barcelona<\/title>\n<meta name=\"description\" content=\"El passat 2 de juny es va realitzar l&#039;acte de clausura de la XVI edici\u00f3 del M\u00e0ster de Gesti\u00f3 de l&#039;Oficina de Farm\u00e0cia (MGOF) del COFB, presidit pel seu president, Jordi Casas.\" \/>\n<meta name=\"robots\" content=\"index, follow, max-snippet:-1, max-image-preview:large, max-video-preview:-1\" \/>\n<link rel=\"canonical\" href=\"https:\/\/novaorg.cofb.net\/2021\/06\/02\/el-cof-de-barcelona-clausura-la-xvi-edicio-del-master-de-gestio-de-loficina-de-farmacia-i-anuncia-una-proxima-edicio-en-modalitat-hibrida\/\" \/>\n<meta property=\"og:locale\" content=\"ca_ES\" \/>\n<meta property=\"og:type\" content=\"article\" \/>\n<meta property=\"og:title\" content=\"El COF de Barcelona clausura la XVI edici\u00f3 del M\u00e0ster de Gesti\u00f3 de l&#039;Oficina de Farm\u00e0cia i anuncia una pr\u00f2xima edici\u00f3 en modalitat h\u00edbrida - Col\u00b7legi de Farmac\u00e8utics de Barcelona\" \/>\n<meta property=\"og:description\" content=\"El passat 2 de juny es va realitzar l&#039;acte de clausura de la XVI edici\u00f3 del M\u00e0ster de Gesti\u00f3 de l&#039;Oficina de Farm\u00e0cia (MGOF) del COFB, presidit pel seu president, Jordi Casas.\" \/>\n<meta property=\"og:url\" content=\"https:\/\/novaorg.cofb.net\/2021\/06\/02\/el-cof-de-barcelona-clausura-la-xvi-edicio-del-master-de-gestio-de-loficina-de-farmacia-i-anuncia-una-proxima-edicio-en-modalitat-hibrida\/\" \/>\n<meta property=\"og:site_name\" content=\"Col\u00b7legi de Farmac\u00e8utics de Barcelona\" \/>\n<meta property=\"article:publisher\" content=\"https:\/\/www.facebook.com\/farmaceuticsbcn\/\" \/>\n<meta property=\"article:published_time\" content=\"2021-06-02T15:56:48+00:00\" \/>\n<meta name=\"author\" content=\"wpAdminCofbOrg\" \/>\n<meta name=\"twitter:card\" content=\"summary_large_image\" \/>\n<meta name=\"twitter:creator\" content=\"@farmaceuticsbcn\" \/>\n<meta name=\"twitter:site\" content=\"@farmaceuticsbcn\" \/>\n<meta name=\"twitter:label1\" content=\"Escrit per\" \/>\n\t<meta name=\"twitter:data1\" content=\"wpAdminCofbOrg\" \/>\n\t<meta name=\"twitter:label2\" content=\"Temps estimat de lectura\" \/>\n\t<meta name=\"twitter:data2\" content=\"5 minuts\" \/>\n<script type=\"application\/ld+json\" class=\"yoast-schema-graph\">{\"@context\":\"https:\/\/schema.org\",\"@graph\":[{\"@type\":\"Article\",\"@id\":\"https:\/\/novaorg.cofb.net\/2021\/06\/02\/el-cof-de-barcelona-clausura-la-xvi-edicio-del-master-de-gestio-de-loficina-de-farmacia-i-anuncia-una-proxima-edicio-en-modalitat-hibrida\/#article\",\"isPartOf\":{\"@id\":\"https:\/\/novaorg.cofb.net\/2021\/06\/02\/el-cof-de-barcelona-clausura-la-xvi-edicio-del-master-de-gestio-de-loficina-de-farmacia-i-anuncia-una-proxima-edicio-en-modalitat-hibrida\/\"},\"author\":{\"name\":\"wpAdminCofbOrg\",\"@id\":\"https:\/\/www.cofb.org\/#\/schema\/person\/22ed7eea88da74b0fa4d3154ad87ffcb\"},\"headline\":\"El COF de Barcelona clausura la XVI edici\u00f3 del M\u00e0ster de Gesti\u00f3 de l&#8217;Oficina de Farm\u00e0cia i anuncia una pr\u00f2xima edici\u00f3 en modalitat h\u00edbrida\",\"datePublished\":\"2021-06-02T15:56:48+00:00\",\"dateModified\":\"2021-06-02T15:56:48+00:00\",\"mainEntityOfPage\":{\"@id\":\"https:\/\/novaorg.cofb.net\/2021\/06\/02\/el-cof-de-barcelona-clausura-la-xvi-edicio-del-master-de-gestio-de-loficina-de-farmacia-i-anuncia-una-proxima-edicio-en-modalitat-hibrida\/\"},\"wordCount\":966,\"commentCount\":0,\"publisher\":{\"@id\":\"https:\/\/www.cofb.org\/#organization\"},\"image\":{\"@id\":\"https:\/\/novaorg.cofb.net\/2021\/06\/02\/el-cof-de-barcelona-clausura-la-xvi-edicio-del-master-de-gestio-de-loficina-de-farmacia-i-anuncia-una-proxima-edicio-en-modalitat-hibrida\/#primaryimage\"},\"thumbnailUrl\":\"\",\"keywords\":[\"cloenda\",\"cloenda m\u00e0ster\",\"COFB\",\"Col\u00b7legi de Farmac\u00e8utics de Barcelona\",\"COVID-19\",\"farmac\u00e8utics\",\"Farm\u00e0cia\",\"farm\u00e0cia comunit\u00e0riaa\",\"finances i fiscalitat\",\"Formaci\u00f3\",\"formaci\u00f3 h\u00edbrida\",\"formaci\u00f3 virtual\",\"F\u00f2rum MGOF\",\"gesti\u00f3 de persones\",\"m\u00e0rqueting\",\"m\u00e0rqueting farmac\u00e8utic\",\"master de gestio de l'oficina de farmacia\",\"MGOF MGOF\",\"Oficina de farm\u00e0cia\",\"sistema sanitari\",\"XVI Edici\u00f3\"],\"articleSection\":[\"Destacats\",\"M\u00f3n col\u00b7legial\"],\"inLanguage\":\"ca\",\"potentialAction\":[{\"@type\":\"CommentAction\",\"name\":\"Comment\",\"target\":[\"https:\/\/novaorg.cofb.net\/2021\/06\/02\/el-cof-de-barcelona-clausura-la-xvi-edicio-del-master-de-gestio-de-loficina-de-farmacia-i-anuncia-una-proxima-edicio-en-modalitat-hibrida\/#respond\"]}]},{\"@type\":\"WebPage\",\"@id\":\"https:\/\/novaorg.cofb.net\/2021\/06\/02\/el-cof-de-barcelona-clausura-la-xvi-edicio-del-master-de-gestio-de-loficina-de-farmacia-i-anuncia-una-proxima-edicio-en-modalitat-hibrida\/\",\"url\":\"https:\/\/novaorg.cofb.net\/2021\/06\/02\/el-cof-de-barcelona-clausura-la-xvi-edicio-del-master-de-gestio-de-loficina-de-farmacia-i-anuncia-una-proxima-edicio-en-modalitat-hibrida\/\",\"name\":\"El COF de Barcelona clausura la XVI edici\u00f3 del M\u00e0ster de Gesti\u00f3 de l'Oficina de Farm\u00e0cia i anuncia una pr\u00f2xima edici\u00f3 en modalitat h\u00edbrida - Col\u00b7legi de Farmac\u00e8utics de Barcelona\",\"isPartOf\":{\"@id\":\"https:\/\/www.cofb.org\/#website\"},\"primaryImageOfPage\":{\"@id\":\"https:\/\/novaorg.cofb.net\/2021\/06\/02\/el-cof-de-barcelona-clausura-la-xvi-edicio-del-master-de-gestio-de-loficina-de-farmacia-i-anuncia-una-proxima-edicio-en-modalitat-hibrida\/#primaryimage\"},\"image\":{\"@id\":\"https:\/\/novaorg.cofb.net\/2021\/06\/02\/el-cof-de-barcelona-clausura-la-xvi-edicio-del-master-de-gestio-de-loficina-de-farmacia-i-anuncia-una-proxima-edicio-en-modalitat-hibrida\/#primaryimage\"},\"thumbnailUrl\":\"\",\"datePublished\":\"2021-06-02T15:56:48+00:00\",\"dateModified\":\"2021-06-02T15:56:48+00:00\",\"description\":\"El passat 2 de juny es va realitzar l'acte de clausura de la XVI edici\u00f3 del M\u00e0ster de Gesti\u00f3 de l'Oficina de Farm\u00e0cia (MGOF) del COFB, presidit pel seu president, Jordi Casas.\",\"breadcrumb\":{\"@id\":\"https:\/\/novaorg.cofb.net\/2021\/06\/02\/el-cof-de-barcelona-clausura-la-xvi-edicio-del-master-de-gestio-de-loficina-de-farmacia-i-anuncia-una-proxima-edicio-en-modalitat-hibrida\/#breadcrumb\"},\"inLanguage\":\"ca\",\"potentialAction\":[{\"@type\":\"ReadAction\",\"target\":[\"https:\/\/novaorg.cofb.net\/2021\/06\/02\/el-cof-de-barcelona-clausura-la-xvi-edicio-del-master-de-gestio-de-loficina-de-farmacia-i-anuncia-una-proxima-edicio-en-modalitat-hibrida\/\"]}]},{\"@type\":\"ImageObject\",\"inLanguage\":\"ca\",\"@id\":\"https:\/\/novaorg.cofb.net\/2021\/06\/02\/el-cof-de-barcelona-clausura-la-xvi-edicio-del-master-de-gestio-de-loficina-de-farmacia-i-anuncia-una-proxima-edicio-en-modalitat-hibrida\/#primaryimage\",\"url\":\"\",\"contentUrl\":\"\"},{\"@type\":\"BreadcrumbList\",\"@id\":\"https:\/\/novaorg.cofb.net\/2021\/06\/02\/el-cof-de-barcelona-clausura-la-xvi-edicio-del-master-de-gestio-de-loficina-de-farmacia-i-anuncia-una-proxima-edicio-en-modalitat-hibrida\/#breadcrumb\",\"itemListElement\":[{\"@type\":\"ListItem\",\"position\":1,\"name\":\"Inici\",\"item\":\"https:\/\/novaorg.cofb.net\/\"},{\"@type\":\"ListItem\",\"position\":2,\"name\":\"El COF de Barcelona clausura la XVI edici\u00f3 del M\u00e0ster de Gesti\u00f3 de l&#8217;Oficina de Farm\u00e0cia i anuncia una pr\u00f2xima edici\u00f3 en modalitat h\u00edbrida\"}]},{\"@type\":\"WebSite\",\"@id\":\"https:\/\/www.cofb.org\/#website\",\"url\":\"https:\/\/www.cofb.org\/\",\"name\":\"Col\u00b7legi de Farmac\u00e8utics de Barcelona\",\"description\":\"\",\"publisher\":{\"@id\":\"https:\/\/www.cofb.org\/#organization\"},\"potentialAction\":[{\"@type\":\"SearchAction\",\"target\":{\"@type\":\"EntryPoint\",\"urlTemplate\":\"https:\/\/www.cofb.org\/?s={search_term_string}\"},\"query-input\":\"required name=search_term_string\"}],\"inLanguage\":\"ca\"},{\"@type\":\"Organization\",\"@id\":\"https:\/\/www.cofb.org\/#organization\",\"name\":\"Col\u00b7legi de Farmac\u00e8utics de Barcelona\",\"url\":\"https:\/\/www.cofb.org\/\",\"logo\":{\"@type\":\"ImageObject\",\"inLanguage\":\"ca\",\"@id\":\"https:\/\/www.cofb.org\/#\/schema\/logo\/image\/\",\"url\":\"https:\/\/www.cofb.org\/wp-content\/uploads\/2023\/11\/cropped-Logotip-COFB.png\",\"contentUrl\":\"https:\/\/www.cofb.org\/wp-content\/uploads\/2023\/11\/cropped-Logotip-COFB.png\",\"width\":500,\"height\":105,\"caption\":\"Col\u00b7legi de Farmac\u00e8utics de Barcelona\"},\"image\":{\"@id\":\"https:\/\/www.cofb.org\/#\/schema\/logo\/image\/\"},\"sameAs\":[\"https:\/\/www.facebook.com\/farmaceuticsbcn\/\",\"https:\/\/twitter.com\/farmaceuticsbcn\",\"https:\/\/www.instagram.com\/farmaceuticsbcn\/\",\"https:\/\/www.linkedin.com\/company\/farmaceuticsbcn\/\"]},{\"@type\":\"Person\",\"@id\":\"https:\/\/www.cofb.org\/#\/schema\/person\/22ed7eea88da74b0fa4d3154ad87ffcb\",\"name\":\"wpAdminCofbOrg\",\"image\":{\"@type\":\"ImageObject\",\"inLanguage\":\"ca\",\"@id\":\"https:\/\/www.cofb.org\/#\/schema\/person\/image\/\",\"url\":\"https:\/\/secure.gravatar.com\/avatar\/1721b20b3b8ca882c3b56ec6c978c594fff670e40c0718e9190eaeeb76aae7d8?s=96&d=mm&r=g\",\"contentUrl\":\"https:\/\/secure.gravatar.com\/avatar\/1721b20b3b8ca882c3b56ec6c978c594fff670e40c0718e9190eaeeb76aae7d8?s=96&d=mm&r=g\",\"caption\":\"wpAdminCofbOrg\"},\"sameAs\":[\"http:\/\/192.168.64.122\/wordpress\"],\"url\":\"https:\/\/www.cofb.org\/ca\/author\/wpadmincofborg\/\"}]}<\/script>\n<!-- \/ Yoast SEO plugin. -->","yoast_head_json":{"title":"El COF de Barcelona clausura la XVI edici\u00f3 del M\u00e0ster de Gesti\u00f3 de l'Oficina de Farm\u00e0cia i anuncia una pr\u00f2xima edici\u00f3 en modalitat h\u00edbrida - Col\u00b7legi de Farmac\u00e8utics de Barcelona","description":"El passat 2 de juny es va realitzar l'acte de clausura de la XVI edici\u00f3 del M\u00e0ster de Gesti\u00f3 de l'Oficina de Farm\u00e0cia (MGOF) del COFB, presidit pel seu president, Jordi Casas.","robots":{"index":"index","follow":"follow","max-snippet":"max-snippet:-1","max-image-preview":"max-image-preview:large","max-video-preview":"max-video-preview:-1"},"canonical":"https:\/\/novaorg.cofb.net\/2021\/06\/02\/el-cof-de-barcelona-clausura-la-xvi-edicio-del-master-de-gestio-de-loficina-de-farmacia-i-anuncia-una-proxima-edicio-en-modalitat-hibrida\/","og_locale":"ca_ES","og_type":"article","og_title":"El COF de Barcelona clausura la XVI edici\u00f3 del M\u00e0ster de Gesti\u00f3 de l'Oficina de Farm\u00e0cia i anuncia una pr\u00f2xima edici\u00f3 en modalitat h\u00edbrida - Col\u00b7legi de Farmac\u00e8utics de Barcelona","og_description":"El passat 2 de juny es va realitzar l'acte de clausura de la XVI edici\u00f3 del M\u00e0ster de Gesti\u00f3 de l'Oficina de Farm\u00e0cia (MGOF) del COFB, presidit pel seu president, Jordi Casas.","og_url":"https:\/\/novaorg.cofb.net\/2021\/06\/02\/el-cof-de-barcelona-clausura-la-xvi-edicio-del-master-de-gestio-de-loficina-de-farmacia-i-anuncia-una-proxima-edicio-en-modalitat-hibrida\/","og_site_name":"Col\u00b7legi de Farmac\u00e8utics de Barcelona","article_publisher":"https:\/\/www.facebook.com\/farmaceuticsbcn\/","article_published_time":"2021-06-02T15:56:48+00:00","author":"wpAdminCofbOrg","twitter_card":"summary_large_image","twitter_creator":"@farmaceuticsbcn","twitter_site":"@farmaceuticsbcn","twitter_misc":{"Escrit per":"wpAdminCofbOrg","Temps estimat de lectura":"5 minuts"},"schema":{"@context":"https:\/\/schema.org","@graph":[{"@type":"Article","@id":"https:\/\/novaorg.cofb.net\/2021\/06\/02\/el-cof-de-barcelona-clausura-la-xvi-edicio-del-master-de-gestio-de-loficina-de-farmacia-i-anuncia-una-proxima-edicio-en-modalitat-hibrida\/#article","isPartOf":{"@id":"https:\/\/novaorg.cofb.net\/2021\/06\/02\/el-cof-de-barcelona-clausura-la-xvi-edicio-del-master-de-gestio-de-loficina-de-farmacia-i-anuncia-una-proxima-edicio-en-modalitat-hibrida\/"},"author":{"name":"wpAdminCofbOrg","@id":"https:\/\/www.cofb.org\/#\/schema\/person\/22ed7eea88da74b0fa4d3154ad87ffcb"},"headline":"El COF de Barcelona clausura la XVI edici\u00f3 del M\u00e0ster de Gesti\u00f3 de l&#8217;Oficina de Farm\u00e0cia i anuncia una pr\u00f2xima edici\u00f3 en modalitat h\u00edbrida","datePublished":"2021-06-02T15:56:48+00:00","dateModified":"2021-06-02T15:56:48+00:00","mainEntityOfPage":{"@id":"https:\/\/novaorg.cofb.net\/2021\/06\/02\/el-cof-de-barcelona-clausura-la-xvi-edicio-del-master-de-gestio-de-loficina-de-farmacia-i-anuncia-una-proxima-edicio-en-modalitat-hibrida\/"},"wordCount":966,"commentCount":0,"publisher":{"@id":"https:\/\/www.cofb.org\/#organization"},"image":{"@id":"https:\/\/novaorg.cofb.net\/2021\/06\/02\/el-cof-de-barcelona-clausura-la-xvi-edicio-del-master-de-gestio-de-loficina-de-farmacia-i-anuncia-una-proxima-edicio-en-modalitat-hibrida\/#primaryimage"},"thumbnailUrl":"","keywords":["cloenda","cloenda m\u00e0ster","COFB","Col\u00b7legi de Farmac\u00e8utics de Barcelona","COVID-19","farmac\u00e8utics","Farm\u00e0cia","farm\u00e0cia comunit\u00e0riaa","finances i fiscalitat","Formaci\u00f3","formaci\u00f3 h\u00edbrida","formaci\u00f3 virtual","F\u00f2rum MGOF","gesti\u00f3 de persones","m\u00e0rqueting","m\u00e0rqueting farmac\u00e8utic","master de gestio de l'oficina de farmacia","MGOF MGOF","Oficina de farm\u00e0cia","sistema sanitari","XVI Edici\u00f3"],"articleSection":["Destacats","M\u00f3n col\u00b7legial"],"inLanguage":"ca","potentialAction":[{"@type":"CommentAction","name":"Comment","target":["https:\/\/novaorg.cofb.net\/2021\/06\/02\/el-cof-de-barcelona-clausura-la-xvi-edicio-del-master-de-gestio-de-loficina-de-farmacia-i-anuncia-una-proxima-edicio-en-modalitat-hibrida\/#respond"]}]},{"@type":"WebPage","@id":"https:\/\/novaorg.cofb.net\/2021\/06\/02\/el-cof-de-barcelona-clausura-la-xvi-edicio-del-master-de-gestio-de-loficina-de-farmacia-i-anuncia-una-proxima-edicio-en-modalitat-hibrida\/","url":"https:\/\/novaorg.cofb.net\/2021\/06\/02\/el-cof-de-barcelona-clausura-la-xvi-edicio-del-master-de-gestio-de-loficina-de-farmacia-i-anuncia-una-proxima-edicio-en-modalitat-hibrida\/","name":"El COF de Barcelona clausura la XVI edici\u00f3 del M\u00e0ster de Gesti\u00f3 de l'Oficina de Farm\u00e0cia i anuncia una pr\u00f2xima edici\u00f3 en modalitat h\u00edbrida - Col\u00b7legi de Farmac\u00e8utics de Barcelona","isPartOf":{"@id":"https:\/\/www.cofb.org\/#website"},"primaryImageOfPage":{"@id":"https:\/\/novaorg.cofb.net\/2021\/06\/02\/el-cof-de-barcelona-clausura-la-xvi-edicio-del-master-de-gestio-de-loficina-de-farmacia-i-anuncia-una-proxima-edicio-en-modalitat-hibrida\/#primaryimage"},"image":{"@id":"https:\/\/novaorg.cofb.net\/2021\/06\/02\/el-cof-de-barcelona-clausura-la-xvi-edicio-del-master-de-gestio-de-loficina-de-farmacia-i-anuncia-una-proxima-edicio-en-modalitat-hibrida\/#primaryimage"},"thumbnailUrl":"","datePublished":"2021-06-02T15:56:48+00:00","dateModified":"2021-06-02T15:56:48+00:00","description":"El passat 2 de juny es va realitzar l'acte de clausura de la XVI edici\u00f3 del M\u00e0ster de Gesti\u00f3 de l'Oficina de Farm\u00e0cia (MGOF) del COFB, presidit pel seu president, Jordi Casas.","breadcrumb":{"@id":"https:\/\/novaorg.cofb.net\/2021\/06\/02\/el-cof-de-barcelona-clausura-la-xvi-edicio-del-master-de-gestio-de-loficina-de-farmacia-i-anuncia-una-proxima-edicio-en-modalitat-hibrida\/#breadcrumb"},"inLanguage":"ca","potentialAction":[{"@type":"ReadAction","target":["https:\/\/novaorg.cofb.net\/2021\/06\/02\/el-cof-de-barcelona-clausura-la-xvi-edicio-del-master-de-gestio-de-loficina-de-farmacia-i-anuncia-una-proxima-edicio-en-modalitat-hibrida\/"]}]},{"@type":"ImageObject","inLanguage":"ca","@id":"https:\/\/novaorg.cofb.net\/2021\/06\/02\/el-cof-de-barcelona-clausura-la-xvi-edicio-del-master-de-gestio-de-loficina-de-farmacia-i-anuncia-una-proxima-edicio-en-modalitat-hibrida\/#primaryimage","url":"","contentUrl":""},{"@type":"BreadcrumbList","@id":"https:\/\/novaorg.cofb.net\/2021\/06\/02\/el-cof-de-barcelona-clausura-la-xvi-edicio-del-master-de-gestio-de-loficina-de-farmacia-i-anuncia-una-proxima-edicio-en-modalitat-hibrida\/#breadcrumb","itemListElement":[{"@type":"ListItem","position":1,"name":"Inici","item":"https:\/\/novaorg.cofb.net\/"},{"@type":"ListItem","position":2,"name":"El COF de Barcelona clausura la XVI edici\u00f3 del M\u00e0ster de Gesti\u00f3 de l&#8217;Oficina de Farm\u00e0cia i anuncia una pr\u00f2xima edici\u00f3 en modalitat h\u00edbrida"}]},{"@type":"WebSite","@id":"https:\/\/www.cofb.org\/#website","url":"https:\/\/www.cofb.org\/","name":"Col\u00b7legi de Farmac\u00e8utics de Barcelona","description":"","publisher":{"@id":"https:\/\/www.cofb.org\/#organization"},"potentialAction":[{"@type":"SearchAction","target":{"@type":"EntryPoint","urlTemplate":"https:\/\/www.cofb.org\/?s={search_term_string}"},"query-input":"required name=search_term_string"}],"inLanguage":"ca"},{"@type":"Organization","@id":"https:\/\/www.cofb.org\/#organization","name":"Col\u00b7legi de Farmac\u00e8utics de Barcelona","url":"https:\/\/www.cofb.org\/","logo":{"@type":"ImageObject","inLanguage":"ca","@id":"https:\/\/www.cofb.org\/#\/schema\/logo\/image\/","url":"https:\/\/www.cofb.org\/wp-content\/uploads\/2023\/11\/cropped-Logotip-COFB.png","contentUrl":"https:\/\/www.cofb.org\/wp-content\/uploads\/2023\/11\/cropped-Logotip-COFB.png","width":500,"height":105,"caption":"Col\u00b7legi de Farmac\u00e8utics de Barcelona"},"image":{"@id":"https:\/\/www.cofb.org\/#\/schema\/logo\/image\/"},"sameAs":["https:\/\/www.facebook.com\/farmaceuticsbcn\/","https:\/\/twitter.com\/farmaceuticsbcn","https:\/\/www.instagram.com\/farmaceuticsbcn\/","https:\/\/www.linkedin.com\/company\/farmaceuticsbcn\/"]},{"@type":"Person","@id":"https:\/\/www.cofb.org\/#\/schema\/person\/22ed7eea88da74b0fa4d3154ad87ffcb","name":"wpAdminCofbOrg","image":{"@type":"ImageObject","inLanguage":"ca","@id":"https:\/\/www.cofb.org\/#\/schema\/person\/image\/","url":"https:\/\/secure.gravatar.com\/avatar\/1721b20b3b8ca882c3b56ec6c978c594fff670e40c0718e9190eaeeb76aae7d8?s=96&d=mm&r=g","contentUrl":"https:\/\/secure.gravatar.com\/avatar\/1721b20b3b8ca882c3b56ec6c978c594fff670e40c0718e9190eaeeb76aae7d8?s=96&d=mm&r=g","caption":"wpAdminCofbOrg"},"sameAs":["http:\/\/192.168.64.122\/wordpress"],"url":"https:\/\/www.cofb.org\/ca\/author\/wpadmincofborg\/"}]}},"uagb_featured_image_src":{"full":false,"thumbnail":false,"medium":false,"medium_large":false,"large":false,"1536x1536":false,"2048x2048":false,"trp-custom-language-flag":false},"uagb_author_info":{"display_name":"wpAdminCofbOrg","author_link":"https:\/\/www.cofb.org\/ca\/author\/wpadmincofborg\/"},"uagb_comment_info":0,"uagb_excerpt":"El passat 2 de juny es va realitzar l&#8217;acte de clausura de la XVI edici\u00f3 del M\u00e0ster de Gesti\u00f3 de l&#8217;Oficina de Farm\u00e0cia (MGOF) del COFB, presidit pel seu president, Jordi Casas. Durant el seu transcurs, es va dirigir als alumnes que han finalitzat el programa enguany, recordant que\u00a0\u201cel nostre [&hellip;]","_links":{"self":[{"href":"https:\/\/www.cofb.org\/ca\/wp-json\/wp\/v2\/posts\/55690","targetHints":{"allow":["GET"]}}],"collection":[{"href":"https:\/\/www.cofb.org\/ca\/wp-json\/wp\/v2\/posts"}],"about":[{"href":"https:\/\/www.cofb.org\/ca\/wp-json\/wp\/v2\/types\/post"}],"author":[{"embeddable":true,"href":"https:\/\/www.cofb.org\/ca\/wp-json\/wp\/v2\/users\/1"}],"replies":[{"embeddable":true,"href":"https:\/\/www.cofb.org\/ca\/wp-json\/wp\/v2\/comments?post=55690"}],"version-history":[{"count":0,"href":"https:\/\/www.cofb.org\/ca\/wp-json\/wp\/v2\/posts\/55690\/revisions"}],"wp:featuredmedia":[{"embeddable":true,"href":"https:\/\/www.cofb.org\/ca\/wp-json\/"}],"wp:attachment":[{"href":"https:\/\/www.cofb.org\/ca\/wp-json\/wp\/v2\/media?parent=55690"}],"wp:term":[{"taxonomy":"category","embeddable":true,"href":"https:\/\/www.cofb.org\/ca\/wp-json\/wp\/v2\/categories?post=55690"},{"taxonomy":"post_tag","embeddable":true,"href":"https:\/\/www.cofb.org\/ca\/wp-json\/wp\/v2\/tags?post=55690"}],"curies":[{"name":"wp","href":"https:\/\/api.w.org\/{rel}","templated":true}]}}