{"id":54197,"date":"2021-02-16T12:05:06","date_gmt":"2021-02-16T10:05:06","guid":{"rendered":"https:\/\/blog.cofb.cat\/?p=54197"},"modified":"2021-02-16T12:05:06","modified_gmt":"2021-02-16T10:05:06","slug":"circular-farmaceutica-ja-disponible-ledicio-especial-de-beques-i-premis-2020","status":"publish","type":"post","link":"https:\/\/www.cofb.org\/ca\/2021\/02\/16\/circular-farmaceutica-ja-disponible-ledicio-especial-de-beques-i-premis-2020\/","title":{"rendered":"Circular farmac\u00e8utica: ja disponible l&#8217;edici\u00f3 especial de beques i premis 2020"},"content":{"rendered":"<p>Ja es pot accedir al nou n\u00famero de <strong>Circular Farmac\u00e8utica<\/strong>, la publicaci\u00f3 cient\u00edfica que edita el Col\u00b7legi. Aquesta nova edici\u00f3 est\u00e0 dedicada a\u00a0 l&#8217;<a href=\"https:\/\/www.cofb.org\/documents\/10136\/1070698\/Circular79-Especial.pdf\/c399f2d0-1e45-4eee-9f16-d30dc47b165e\">Especial Beques i Premis<\/a>\u00a0que atorga el COFB.<\/p>\n<div class=\"destacat-blog\">\n<p>Aquest \u00e9s el contingut del <a href=\"https:\/\/www.cofb.org\/documents\/10136\/1070698\/Circular79-Especial.pdf\/c399f2d0-1e45-4eee-9f16-d30dc47b165e\">Vol. 79. N\u00famero especial 2021 de beques i premis<\/a>:<\/p>\n<p><a href=\"https:\/\/www.cofb.org\/documents\/10136\/1070698\/Circular79-Especial.pdf\/c399f2d0-1e45-4eee-9f16-d30dc47b165e\"><img fetchpriority=\"high\" decoding=\"async\" class=\"aligncenter size-full wp-image-54198\" src=\"https:\/\/blog.cofb.cat\/wp-content\/uploads\/2021\/02\/Captura-1.png\" alt=\"\" width=\"629\" height=\"833\" \/><\/a><\/p>\n<p><strong>Editorial<\/strong>: M. Rosa Ballester<\/p>\n<p><strong>Beques col\u00b7legials:<\/strong><\/p>\n<p>La dieta mediterr\u00e0nia disminueix la possibilitat de comen\u00e7ar tractaments farmacol\u00f2gics cardiovasculars en poblaci\u00f3 adulta gran amb risc cardiovascular elevat.<\/p>\n<p><strong>Premis 2020:<\/strong><\/p>\n<ul>\n<li>S\u00edntesis d&#8217;una fam\u00edlia de catinones potencialment actives.<\/li>\n<li>Estudi del paper de la prote\u00efna GQ a la mitof\u00e0gia.<\/li>\n<li>Optimitzaci\u00f3 de la resist\u00e8ncia a antiinfecciosos a la pr\u00e0ctica cl\u00ednica.<\/li>\n<li>L&#8217;eix microbiota-intest\u00ed-cervell i la seva relaci\u00f3 amb la depressi\u00f3.<\/li>\n<\/ul>\n<\/div>\n<div class=\"box info\"><\/div>\n<h2><strong>Vols publicar a la Circular Farmac\u00e8utica?<\/strong><\/h2>\n<p><img decoding=\"async\" class=\"aligncenter size-full wp-image-53991\" src=\"https:\/\/blog.cofb.cat\/wp-content\/uploads\/2021\/01\/circu.jpg\" alt=\"\" width=\"512\" height=\"205\" \/><\/p>\n<p>Anima&#8217;t a reflexionar, pensar, dissenyar i\u00a0emprendre un estudi, una activitat, una revisi\u00f3 d\u2019un nou medicament i valorarem la seva publicaci\u00f3 a la nostra revista.<\/p>\n<p>Si \u00e9s del teu inter\u00e8s,\u00a0<strong>contacta amb formacio@cofb.net<\/strong>\u00a0i estudiarem la teva proposta.<\/p>\n<\/div>\n<p><strong>Altres publicacions d&#8217;inter\u00e8s:\u00a0<\/strong><\/p>\n<ul>\n<li><a href=\"https:\/\/blog.cofb.cat\/circular-farmaceutica-ja-disponible-ledicio-tercer-quadrimestre\/\">Circular Farmac\u00e8utica: Ja disponible l\u2019edici\u00f3 del tercer quadrimestre<\/a><\/li>\n<li><a href=\"https:\/\/blog.cofb.cat\/circular-farmaceutica-ja-disponible-ledicio-especial-de-premis-i-beques\/\">Circular Farmac\u00e8utica: Ja disponible l&#8217;edici\u00f3 especial de premis i beques<\/a><\/li>\n<\/ul>\n<div class=\"box note\"><\/div>\n<p><a href=\"https:\/\/www.cofb.org\/colegi\/publicacions\/circular-farmaceutica\" target=\"_blank\" rel=\"noopener\"><strong>Veure n\u00fameros anteriors de Circular Farmac\u00e8utica<\/strong><\/a>\u00a0(via cofb.org \u2013 en format PDF)\n<\/div>\n","protected":false},"excerpt":{"rendered":"<p>Ja es pot accedir al nou n\u00famero de Circular Farmac\u00e8utica, la publicaci\u00f3 cient\u00edfica que edita el Col\u00b7legi. Aquesta nova edici\u00f3 est\u00e0 dedicada a\u00a0 l&#8217;Especial Beques i Premis\u00a0que atorga el COFB. Aquest \u00e9s el contingut del Vol. 79. N\u00famero especial 2021 de beques i premis: Editorial: M. Rosa Ballester Beques col\u00b7legials: [&hellip;]<\/p>\n","protected":false},"author":1,"featured_media":54200,"comment_status":"open","ping_status":"open","sticky":false,"template":"","format":"standard","meta":{"_uag_custom_page_level_css":"","site-sidebar-layout":"default","site-content-layout":"","ast-site-content-layout":"default","site-content-style":"default","site-sidebar-style":"default","ast-global-header-display":"","ast-banner-title-visibility":"","ast-main-header-display":"","ast-hfb-above-header-display":"","ast-hfb-below-header-display":"","ast-hfb-mobile-header-display":"","site-post-title":"","ast-breadcrumbs-content":"","ast-featured-img":"disabled","footer-sml-layout":"","theme-transparent-header-meta":"","adv-header-id-meta":"","stick-header-meta":"","header-above-stick-meta":"","header-main-stick-meta":"","header-below-stick-meta":"","astra-migrate-meta-layouts":"default","ast-page-background-enabled":"default","ast-page-background-meta":{"desktop":{"background-color":"var(--ast-global-color-4)","background-image":"","background-repeat":"repeat","background-position":"center center","background-size":"auto","background-attachment":"scroll","background-type":"","background-media":"","overlay-type":"","overlay-color":"","overlay-opacity":"","overlay-gradient":""},"tablet":{"background-color":"","background-image":"","background-repeat":"repeat","background-position":"center center","background-size":"auto","background-attachment":"scroll","background-type":"","background-media":"","overlay-type":"","overlay-color":"","overlay-opacity":"","overlay-gradient":""},"mobile":{"background-color":"","background-image":"","background-repeat":"repeat","background-position":"center center","background-size":"auto","background-attachment":"scroll","background-type":"","background-media":"","overlay-type":"","overlay-color":"","overlay-opacity":"","overlay-gradient":""}},"ast-content-background-meta":{"desktop":{"background-color":"var(--ast-global-color-5)","background-image":"","background-repeat":"repeat","background-position":"center center","background-size":"auto","background-attachment":"scroll","background-type":"","background-media":"","overlay-type":"","overlay-color":"","overlay-opacity":"","overlay-gradient":""},"tablet":{"background-color":"var(--ast-global-color-5)","background-image":"","background-repeat":"repeat","background-position":"center center","background-size":"auto","background-attachment":"scroll","background-type":"","background-media":"","overlay-type":"","overlay-color":"","overlay-opacity":"","overlay-gradient":""},"mobile":{"background-color":"var(--ast-global-color-5)","background-image":"","background-repeat":"repeat","background-position":"center center","background-size":"auto","background-attachment":"scroll","background-type":"","background-media":"","overlay-type":"","overlay-color":"","overlay-opacity":"","overlay-gradient":""}},"footnotes":""},"categories":[23,57],"tags":[355,3712,89,470,563,745,4334,360,844,845,3054],"class_list":["post-54197","post","type-post","status-publish","format-standard","has-post-thumbnail","hentry","category-destacats","category-mon-collegial","tag-beques-i-premis","tag-cardiovascular","tag-circular-farmaceutica","tag-depressio","tag-dieta-mediterrania","tag-microbiota-intestinal","tag-mitofagia","tag-publicacio-cientifica","tag-recerca","tag-revista","tag-tractaments-farmacologics"],"yoast_head":"<!-- This site is optimized with the Yoast SEO plugin v22.4 - https:\/\/yoast.com\/wordpress\/plugins\/seo\/ -->\n<title>Circular farmac\u00e8utica: ja disponible l&#039;edici\u00f3 especial de beques i premis 2020 - Col\u00b7legi de Farmac\u00e8utics de Barcelona<\/title>\n<meta name=\"description\" content=\"Ja es pot accedir al nou n\u00famero de Circular Farmac\u00e8utica, la publicaci\u00f3 cient\u00edfica que edita el Col\u00b7legi. Aquesta nova edici\u00f3 est\u00e0 dedicada a\u00a0 l&#039;Especial Beques i Premis\u00a0que atorga el COFB.\" \/>\n<meta name=\"robots\" content=\"index, follow, max-snippet:-1, max-image-preview:large, max-video-preview:-1\" \/>\n<link rel=\"canonical\" href=\"https:\/\/novaorg.cofb.net\/2021\/02\/16\/circular-farmaceutica-ja-disponible-ledicio-especial-de-beques-i-premis-2020\/\" \/>\n<meta property=\"og:locale\" content=\"ca_ES\" \/>\n<meta property=\"og:type\" content=\"article\" \/>\n<meta property=\"og:title\" content=\"Circular farmac\u00e8utica: ja disponible l&#039;edici\u00f3 especial de beques i premis 2020 - Col\u00b7legi de Farmac\u00e8utics de Barcelona\" \/>\n<meta property=\"og:description\" content=\"Ja es pot accedir al nou n\u00famero de Circular Farmac\u00e8utica, la publicaci\u00f3 cient\u00edfica que edita el Col\u00b7legi. Aquesta nova edici\u00f3 est\u00e0 dedicada a\u00a0 l&#039;Especial Beques i Premis\u00a0que atorga el COFB.\" \/>\n<meta property=\"og:url\" content=\"https:\/\/novaorg.cofb.net\/2021\/02\/16\/circular-farmaceutica-ja-disponible-ledicio-especial-de-beques-i-premis-2020\/\" \/>\n<meta property=\"og:site_name\" content=\"Col\u00b7legi de Farmac\u00e8utics de Barcelona\" \/>\n<meta property=\"article:publisher\" content=\"https:\/\/www.facebook.com\/farmaceuticsbcn\/\" \/>\n<meta property=\"article:published_time\" content=\"2021-02-16T10:05:06+00:00\" \/>\n<meta name=\"author\" content=\"wpAdminCofbOrg\" \/>\n<meta name=\"twitter:card\" content=\"summary_large_image\" \/>\n<meta name=\"twitter:creator\" content=\"@farmaceuticsbcn\" \/>\n<meta name=\"twitter:site\" content=\"@farmaceuticsbcn\" \/>\n<meta name=\"twitter:label1\" content=\"Escrit per\" \/>\n\t<meta name=\"twitter:data1\" content=\"wpAdminCofbOrg\" \/>\n\t<meta name=\"twitter:label2\" content=\"Temps estimat de lectura\" \/>\n\t<meta name=\"twitter:data2\" content=\"1 minut\" \/>\n<script type=\"application\/ld+json\" class=\"yoast-schema-graph\">{\"@context\":\"https:\/\/schema.org\",\"@graph\":[{\"@type\":\"Article\",\"@id\":\"https:\/\/novaorg.cofb.net\/2021\/02\/16\/circular-farmaceutica-ja-disponible-ledicio-especial-de-beques-i-premis-2020\/#article\",\"isPartOf\":{\"@id\":\"https:\/\/novaorg.cofb.net\/2021\/02\/16\/circular-farmaceutica-ja-disponible-ledicio-especial-de-beques-i-premis-2020\/\"},\"author\":{\"name\":\"wpAdminCofbOrg\",\"@id\":\"https:\/\/www.cofb.org\/#\/schema\/person\/22ed7eea88da74b0fa4d3154ad87ffcb\"},\"headline\":\"Circular farmac\u00e8utica: ja disponible l&#8217;edici\u00f3 especial de beques i premis 2020\",\"datePublished\":\"2021-02-16T10:05:06+00:00\",\"dateModified\":\"2021-02-16T10:05:06+00:00\",\"mainEntityOfPage\":{\"@id\":\"https:\/\/novaorg.cofb.net\/2021\/02\/16\/circular-farmaceutica-ja-disponible-ledicio-especial-de-beques-i-premis-2020\/\"},\"wordCount\":234,\"commentCount\":0,\"publisher\":{\"@id\":\"https:\/\/www.cofb.org\/#organization\"},\"image\":{\"@id\":\"https:\/\/novaorg.cofb.net\/2021\/02\/16\/circular-farmaceutica-ja-disponible-ledicio-especial-de-beques-i-premis-2020\/#primaryimage\"},\"thumbnailUrl\":\"\",\"keywords\":[\"beques i premis\",\"cardiovascular\",\"Circular Farmac\u00e8utica\",\"depressi\u00f3\",\"dieta mediterr\u00e0nia\",\"microbiota intestinal\",\"mitof\u00e0gia\",\"publicaci\u00f3 cient\u00edfica\",\"Recerca\",\"revista\",\"tractaments farmacol\u00f2gics\"],\"articleSection\":[\"Destacats\",\"M\u00f3n col\u00b7legial\"],\"inLanguage\":\"ca\",\"potentialAction\":[{\"@type\":\"CommentAction\",\"name\":\"Comment\",\"target\":[\"https:\/\/novaorg.cofb.net\/2021\/02\/16\/circular-farmaceutica-ja-disponible-ledicio-especial-de-beques-i-premis-2020\/#respond\"]}]},{\"@type\":\"WebPage\",\"@id\":\"https:\/\/novaorg.cofb.net\/2021\/02\/16\/circular-farmaceutica-ja-disponible-ledicio-especial-de-beques-i-premis-2020\/\",\"url\":\"https:\/\/novaorg.cofb.net\/2021\/02\/16\/circular-farmaceutica-ja-disponible-ledicio-especial-de-beques-i-premis-2020\/\",\"name\":\"Circular farmac\u00e8utica: ja disponible l'edici\u00f3 especial de beques i premis 2020 - Col\u00b7legi de Farmac\u00e8utics de Barcelona\",\"isPartOf\":{\"@id\":\"https:\/\/www.cofb.org\/#website\"},\"primaryImageOfPage\":{\"@id\":\"https:\/\/novaorg.cofb.net\/2021\/02\/16\/circular-farmaceutica-ja-disponible-ledicio-especial-de-beques-i-premis-2020\/#primaryimage\"},\"image\":{\"@id\":\"https:\/\/novaorg.cofb.net\/2021\/02\/16\/circular-farmaceutica-ja-disponible-ledicio-especial-de-beques-i-premis-2020\/#primaryimage\"},\"thumbnailUrl\":\"\",\"datePublished\":\"2021-02-16T10:05:06+00:00\",\"dateModified\":\"2021-02-16T10:05:06+00:00\",\"description\":\"Ja es pot accedir al nou n\u00famero de Circular Farmac\u00e8utica, la publicaci\u00f3 cient\u00edfica que edita el Col\u00b7legi. Aquesta nova edici\u00f3 est\u00e0 dedicada a\u00a0 l'Especial Beques i Premis\u00a0que atorga el COFB.\",\"breadcrumb\":{\"@id\":\"https:\/\/novaorg.cofb.net\/2021\/02\/16\/circular-farmaceutica-ja-disponible-ledicio-especial-de-beques-i-premis-2020\/#breadcrumb\"},\"inLanguage\":\"ca\",\"potentialAction\":[{\"@type\":\"ReadAction\",\"target\":[\"https:\/\/novaorg.cofb.net\/2021\/02\/16\/circular-farmaceutica-ja-disponible-ledicio-especial-de-beques-i-premis-2020\/\"]}]},{\"@type\":\"ImageObject\",\"inLanguage\":\"ca\",\"@id\":\"https:\/\/novaorg.cofb.net\/2021\/02\/16\/circular-farmaceutica-ja-disponible-ledicio-especial-de-beques-i-premis-2020\/#primaryimage\",\"url\":\"\",\"contentUrl\":\"\"},{\"@type\":\"BreadcrumbList\",\"@id\":\"https:\/\/novaorg.cofb.net\/2021\/02\/16\/circular-farmaceutica-ja-disponible-ledicio-especial-de-beques-i-premis-2020\/#breadcrumb\",\"itemListElement\":[{\"@type\":\"ListItem\",\"position\":1,\"name\":\"Inici\",\"item\":\"https:\/\/novaorg.cofb.net\/\"},{\"@type\":\"ListItem\",\"position\":2,\"name\":\"Circular farmac\u00e8utica: ja disponible l&#8217;edici\u00f3 especial de beques i premis 2020\"}]},{\"@type\":\"WebSite\",\"@id\":\"https:\/\/www.cofb.org\/#website\",\"url\":\"https:\/\/www.cofb.org\/\",\"name\":\"Col\u00b7legi de Farmac\u00e8utics de Barcelona\",\"description\":\"\",\"publisher\":{\"@id\":\"https:\/\/www.cofb.org\/#organization\"},\"potentialAction\":[{\"@type\":\"SearchAction\",\"target\":{\"@type\":\"EntryPoint\",\"urlTemplate\":\"https:\/\/www.cofb.org\/?s={search_term_string}\"},\"query-input\":\"required name=search_term_string\"}],\"inLanguage\":\"ca\"},{\"@type\":\"Organization\",\"@id\":\"https:\/\/www.cofb.org\/#organization\",\"name\":\"Col\u00b7legi de Farmac\u00e8utics de Barcelona\",\"url\":\"https:\/\/www.cofb.org\/\",\"logo\":{\"@type\":\"ImageObject\",\"inLanguage\":\"ca\",\"@id\":\"https:\/\/www.cofb.org\/#\/schema\/logo\/image\/\",\"url\":\"https:\/\/www.cofb.org\/wp-content\/uploads\/2023\/11\/cropped-Logotip-COFB.png\",\"contentUrl\":\"https:\/\/www.cofb.org\/wp-content\/uploads\/2023\/11\/cropped-Logotip-COFB.png\",\"width\":500,\"height\":105,\"caption\":\"Col\u00b7legi de Farmac\u00e8utics de Barcelona\"},\"image\":{\"@id\":\"https:\/\/www.cofb.org\/#\/schema\/logo\/image\/\"},\"sameAs\":[\"https:\/\/www.facebook.com\/farmaceuticsbcn\/\",\"https:\/\/twitter.com\/farmaceuticsbcn\",\"https:\/\/www.instagram.com\/farmaceuticsbcn\/\",\"https:\/\/www.linkedin.com\/company\/farmaceuticsbcn\/\"]},{\"@type\":\"Person\",\"@id\":\"https:\/\/www.cofb.org\/#\/schema\/person\/22ed7eea88da74b0fa4d3154ad87ffcb\",\"name\":\"wpAdminCofbOrg\",\"image\":{\"@type\":\"ImageObject\",\"inLanguage\":\"ca\",\"@id\":\"https:\/\/www.cofb.org\/#\/schema\/person\/image\/\",\"url\":\"https:\/\/secure.gravatar.com\/avatar\/1721b20b3b8ca882c3b56ec6c978c594fff670e40c0718e9190eaeeb76aae7d8?s=96&d=mm&r=g\",\"contentUrl\":\"https:\/\/secure.gravatar.com\/avatar\/1721b20b3b8ca882c3b56ec6c978c594fff670e40c0718e9190eaeeb76aae7d8?s=96&d=mm&r=g\",\"caption\":\"wpAdminCofbOrg\"},\"sameAs\":[\"http:\/\/192.168.64.122\/wordpress\"],\"url\":\"https:\/\/www.cofb.org\/ca\/author\/wpadmincofborg\/\"}]}<\/script>\n<!-- \/ Yoast SEO plugin. -->","yoast_head_json":{"title":"Circular farmac\u00e8utica: ja disponible l'edici\u00f3 especial de beques i premis 2020 - Col\u00b7legi de Farmac\u00e8utics de Barcelona","description":"Ja es pot accedir al nou n\u00famero de Circular Farmac\u00e8utica, la publicaci\u00f3 cient\u00edfica que edita el Col\u00b7legi. Aquesta nova edici\u00f3 est\u00e0 dedicada a\u00a0 l'Especial Beques i Premis\u00a0que atorga el COFB.","robots":{"index":"index","follow":"follow","max-snippet":"max-snippet:-1","max-image-preview":"max-image-preview:large","max-video-preview":"max-video-preview:-1"},"canonical":"https:\/\/novaorg.cofb.net\/2021\/02\/16\/circular-farmaceutica-ja-disponible-ledicio-especial-de-beques-i-premis-2020\/","og_locale":"ca_ES","og_type":"article","og_title":"Circular farmac\u00e8utica: ja disponible l'edici\u00f3 especial de beques i premis 2020 - Col\u00b7legi de Farmac\u00e8utics de Barcelona","og_description":"Ja es pot accedir al nou n\u00famero de Circular Farmac\u00e8utica, la publicaci\u00f3 cient\u00edfica que edita el Col\u00b7legi. Aquesta nova edici\u00f3 est\u00e0 dedicada a\u00a0 l'Especial Beques i Premis\u00a0que atorga el COFB.","og_url":"https:\/\/novaorg.cofb.net\/2021\/02\/16\/circular-farmaceutica-ja-disponible-ledicio-especial-de-beques-i-premis-2020\/","og_site_name":"Col\u00b7legi de Farmac\u00e8utics de Barcelona","article_publisher":"https:\/\/www.facebook.com\/farmaceuticsbcn\/","article_published_time":"2021-02-16T10:05:06+00:00","author":"wpAdminCofbOrg","twitter_card":"summary_large_image","twitter_creator":"@farmaceuticsbcn","twitter_site":"@farmaceuticsbcn","twitter_misc":{"Escrit per":"wpAdminCofbOrg","Temps estimat de lectura":"1 minut"},"schema":{"@context":"https:\/\/schema.org","@graph":[{"@type":"Article","@id":"https:\/\/novaorg.cofb.net\/2021\/02\/16\/circular-farmaceutica-ja-disponible-ledicio-especial-de-beques-i-premis-2020\/#article","isPartOf":{"@id":"https:\/\/novaorg.cofb.net\/2021\/02\/16\/circular-farmaceutica-ja-disponible-ledicio-especial-de-beques-i-premis-2020\/"},"author":{"name":"wpAdminCofbOrg","@id":"https:\/\/www.cofb.org\/#\/schema\/person\/22ed7eea88da74b0fa4d3154ad87ffcb"},"headline":"Circular farmac\u00e8utica: ja disponible l&#8217;edici\u00f3 especial de beques i premis 2020","datePublished":"2021-02-16T10:05:06+00:00","dateModified":"2021-02-16T10:05:06+00:00","mainEntityOfPage":{"@id":"https:\/\/novaorg.cofb.net\/2021\/02\/16\/circular-farmaceutica-ja-disponible-ledicio-especial-de-beques-i-premis-2020\/"},"wordCount":234,"commentCount":0,"publisher":{"@id":"https:\/\/www.cofb.org\/#organization"},"image":{"@id":"https:\/\/novaorg.cofb.net\/2021\/02\/16\/circular-farmaceutica-ja-disponible-ledicio-especial-de-beques-i-premis-2020\/#primaryimage"},"thumbnailUrl":"","keywords":["beques i premis","cardiovascular","Circular Farmac\u00e8utica","depressi\u00f3","dieta mediterr\u00e0nia","microbiota intestinal","mitof\u00e0gia","publicaci\u00f3 cient\u00edfica","Recerca","revista","tractaments farmacol\u00f2gics"],"articleSection":["Destacats","M\u00f3n col\u00b7legial"],"inLanguage":"ca","potentialAction":[{"@type":"CommentAction","name":"Comment","target":["https:\/\/novaorg.cofb.net\/2021\/02\/16\/circular-farmaceutica-ja-disponible-ledicio-especial-de-beques-i-premis-2020\/#respond"]}]},{"@type":"WebPage","@id":"https:\/\/novaorg.cofb.net\/2021\/02\/16\/circular-farmaceutica-ja-disponible-ledicio-especial-de-beques-i-premis-2020\/","url":"https:\/\/novaorg.cofb.net\/2021\/02\/16\/circular-farmaceutica-ja-disponible-ledicio-especial-de-beques-i-premis-2020\/","name":"Circular farmac\u00e8utica: ja disponible l'edici\u00f3 especial de beques i premis 2020 - Col\u00b7legi de Farmac\u00e8utics de Barcelona","isPartOf":{"@id":"https:\/\/www.cofb.org\/#website"},"primaryImageOfPage":{"@id":"https:\/\/novaorg.cofb.net\/2021\/02\/16\/circular-farmaceutica-ja-disponible-ledicio-especial-de-beques-i-premis-2020\/#primaryimage"},"image":{"@id":"https:\/\/novaorg.cofb.net\/2021\/02\/16\/circular-farmaceutica-ja-disponible-ledicio-especial-de-beques-i-premis-2020\/#primaryimage"},"thumbnailUrl":"","datePublished":"2021-02-16T10:05:06+00:00","dateModified":"2021-02-16T10:05:06+00:00","description":"Ja es pot accedir al nou n\u00famero de Circular Farmac\u00e8utica, la publicaci\u00f3 cient\u00edfica que edita el Col\u00b7legi. Aquesta nova edici\u00f3 est\u00e0 dedicada a\u00a0 l'Especial Beques i Premis\u00a0que atorga el COFB.","breadcrumb":{"@id":"https:\/\/novaorg.cofb.net\/2021\/02\/16\/circular-farmaceutica-ja-disponible-ledicio-especial-de-beques-i-premis-2020\/#breadcrumb"},"inLanguage":"ca","potentialAction":[{"@type":"ReadAction","target":["https:\/\/novaorg.cofb.net\/2021\/02\/16\/circular-farmaceutica-ja-disponible-ledicio-especial-de-beques-i-premis-2020\/"]}]},{"@type":"ImageObject","inLanguage":"ca","@id":"https:\/\/novaorg.cofb.net\/2021\/02\/16\/circular-farmaceutica-ja-disponible-ledicio-especial-de-beques-i-premis-2020\/#primaryimage","url":"","contentUrl":""},{"@type":"BreadcrumbList","@id":"https:\/\/novaorg.cofb.net\/2021\/02\/16\/circular-farmaceutica-ja-disponible-ledicio-especial-de-beques-i-premis-2020\/#breadcrumb","itemListElement":[{"@type":"ListItem","position":1,"name":"Inici","item":"https:\/\/novaorg.cofb.net\/"},{"@type":"ListItem","position":2,"name":"Circular farmac\u00e8utica: ja disponible l&#8217;edici\u00f3 especial de beques i premis 2020"}]},{"@type":"WebSite","@id":"https:\/\/www.cofb.org\/#website","url":"https:\/\/www.cofb.org\/","name":"Col\u00b7legi de Farmac\u00e8utics de Barcelona","description":"","publisher":{"@id":"https:\/\/www.cofb.org\/#organization"},"potentialAction":[{"@type":"SearchAction","target":{"@type":"EntryPoint","urlTemplate":"https:\/\/www.cofb.org\/?s={search_term_string}"},"query-input":"required name=search_term_string"}],"inLanguage":"ca"},{"@type":"Organization","@id":"https:\/\/www.cofb.org\/#organization","name":"Col\u00b7legi de Farmac\u00e8utics de Barcelona","url":"https:\/\/www.cofb.org\/","logo":{"@type":"ImageObject","inLanguage":"ca","@id":"https:\/\/www.cofb.org\/#\/schema\/logo\/image\/","url":"https:\/\/www.cofb.org\/wp-content\/uploads\/2023\/11\/cropped-Logotip-COFB.png","contentUrl":"https:\/\/www.cofb.org\/wp-content\/uploads\/2023\/11\/cropped-Logotip-COFB.png","width":500,"height":105,"caption":"Col\u00b7legi de Farmac\u00e8utics de Barcelona"},"image":{"@id":"https:\/\/www.cofb.org\/#\/schema\/logo\/image\/"},"sameAs":["https:\/\/www.facebook.com\/farmaceuticsbcn\/","https:\/\/twitter.com\/farmaceuticsbcn","https:\/\/www.instagram.com\/farmaceuticsbcn\/","https:\/\/www.linkedin.com\/company\/farmaceuticsbcn\/"]},{"@type":"Person","@id":"https:\/\/www.cofb.org\/#\/schema\/person\/22ed7eea88da74b0fa4d3154ad87ffcb","name":"wpAdminCofbOrg","image":{"@type":"ImageObject","inLanguage":"ca","@id":"https:\/\/www.cofb.org\/#\/schema\/person\/image\/","url":"https:\/\/secure.gravatar.com\/avatar\/1721b20b3b8ca882c3b56ec6c978c594fff670e40c0718e9190eaeeb76aae7d8?s=96&d=mm&r=g","contentUrl":"https:\/\/secure.gravatar.com\/avatar\/1721b20b3b8ca882c3b56ec6c978c594fff670e40c0718e9190eaeeb76aae7d8?s=96&d=mm&r=g","caption":"wpAdminCofbOrg"},"sameAs":["http:\/\/192.168.64.122\/wordpress"],"url":"https:\/\/www.cofb.org\/ca\/author\/wpadmincofborg\/"}]}},"uagb_featured_image_src":{"full":false,"thumbnail":false,"medium":false,"medium_large":false,"large":false,"1536x1536":false,"2048x2048":false,"trp-custom-language-flag":false},"uagb_author_info":{"display_name":"wpAdminCofbOrg","author_link":"https:\/\/www.cofb.org\/ca\/author\/wpadmincofborg\/"},"uagb_comment_info":0,"uagb_excerpt":"Ja es pot accedir al nou n\u00famero de Circular Farmac\u00e8utica, la publicaci\u00f3 cient\u00edfica que edita el Col\u00b7legi. Aquesta nova edici\u00f3 est\u00e0 dedicada a\u00a0 l&#8217;Especial Beques i Premis\u00a0que atorga el COFB. Aquest \u00e9s el contingut del Vol. 79. N\u00famero especial 2021 de beques i premis: Editorial: M. Rosa Ballester Beques col\u00b7legials: [&hellip;]","_links":{"self":[{"href":"https:\/\/www.cofb.org\/ca\/wp-json\/wp\/v2\/posts\/54197","targetHints":{"allow":["GET"]}}],"collection":[{"href":"https:\/\/www.cofb.org\/ca\/wp-json\/wp\/v2\/posts"}],"about":[{"href":"https:\/\/www.cofb.org\/ca\/wp-json\/wp\/v2\/types\/post"}],"author":[{"embeddable":true,"href":"https:\/\/www.cofb.org\/ca\/wp-json\/wp\/v2\/users\/1"}],"replies":[{"embeddable":true,"href":"https:\/\/www.cofb.org\/ca\/wp-json\/wp\/v2\/comments?post=54197"}],"version-history":[{"count":0,"href":"https:\/\/www.cofb.org\/ca\/wp-json\/wp\/v2\/posts\/54197\/revisions"}],"wp:featuredmedia":[{"embeddable":true,"href":"https:\/\/www.cofb.org\/ca\/wp-json\/"}],"wp:attachment":[{"href":"https:\/\/www.cofb.org\/ca\/wp-json\/wp\/v2\/media?parent=54197"}],"wp:term":[{"taxonomy":"category","embeddable":true,"href":"https:\/\/www.cofb.org\/ca\/wp-json\/wp\/v2\/categories?post=54197"},{"taxonomy":"post_tag","embeddable":true,"href":"https:\/\/www.cofb.org\/ca\/wp-json\/wp\/v2\/tags?post=54197"}],"curies":[{"name":"wp","href":"https:\/\/api.w.org\/{rel}","templated":true}]}}