{"id":54070,"date":"2021-02-03T14:01:47","date_gmt":"2021-02-03T12:01:47","guid":{"rendered":"https:\/\/blog.cofb.cat\/?p=54070"},"modified":"2021-02-03T14:01:47","modified_gmt":"2021-02-03T12:01:47","slug":"el-ccfc-adverteix-del-risc-que-suposa-per-a-la-salut-de-les-persones-la-proliferacio-de-tests-dantigens-sense-garanties-i-demana-a-les-autoritats-sanitaries-que-reguli-el-seu-acces","status":"publish","type":"post","link":"https:\/\/www.cofb.org\/ca\/2021\/02\/03\/el-ccfc-adverteix-del-risc-que-suposa-per-a-la-salut-de-les-persones-la-proliferacio-de-tests-dantigens-sense-garanties-i-demana-a-les-autoritats-sanitaries-que-reguli-el-seu-acces\/","title":{"rendered":"El CCFC adverteix del risc que suposa per a la salut de les persones la proliferaci\u00f3 de tests d\u2019ant\u00edgens sense garanties"},"content":{"rendered":"<p>El <strong>Consell de Col\u00b7legis Farmac\u00e8utics de Catalunya (CCFC)<\/strong> adverteix del <strong>risc que suposa per a la salut de les persones<\/strong> la<strong> proliferaci\u00f3 de tests d\u2019ant\u00edgens a trav\u00e9s d\u2019internet <\/strong>i <strong>espais no autoritzats<\/strong>, <strong>sense cap control, registre<\/strong>, <strong>garantia de seguretat o validaci\u00f3 sanit\u00e0ria<\/strong>. Davant aquesta situaci\u00f3, el<strong> Consell de Col\u00b7legis Farmac\u00e8utics de Catalunya demana a les autoritats sanit\u00e0ries fer m\u00e9s accessibles els tests d&#8217;ant\u00edgens com a eina de control i detecci\u00f3 de la COVID-19 en el marc d&#8217;un circuit regulat i segur.<\/strong><\/p>\n<p>Tenint en compte les xifres actuals d\u2019incid\u00e8ncia de la COVID-19, des de <strong>la corporaci\u00f3 farmac\u00e8utica es creu necessari regular i promoure l\u2019\u00fas dels tests d\u2019ant\u00edgens<\/strong>, tal com fan altres pa\u00efsos. Actualment, la normativa estableix que els tests d\u2019ant\u00edgens <strong>han de realitzar-se per professionals sanitaris en els centres i establiments sanitaris de diagn\u00f2stic, no podent-se adquirir per internet ni ser dispensats al p\u00fablic a les farm\u00e0cies. <\/strong>L\u2019objectiu \u00e9s que tots els agents implicats puguin col\u00b7laborar per realitzar <strong>aquestes proves, sota criteris epidemiol\u00f2gics i de salut p\u00fablica que consideri l\u2019Administraci\u00f3 Sanit\u00e0ria <\/strong>i, d\u2019aquesta manera, detectar possibles casos positius asimptom\u00e0tics i tallar r\u00e0pidament les cadenes de contagi, augmentant la freq\u00fc\u00e8ncia de realitzaci\u00f3 dels mateixos.<\/p>\n<p>Aix\u00ed mateix, el Consell de Col\u00b7legis Farmac\u00e8utics de Catalunya recorda que <strong>els tests d\u2019ant\u00edgens s\u00f3n una prova m\u00e9s r\u00e0pida i econ\u00f2mica que la PCR, per\u00f2 la sensibilitat \u00e9s inferior.<\/strong> Partint d\u2019aquesta premissa, pot ser una <strong>estrat\u00e8gia complement\u00e0ria a altres cribratges<\/strong>, per\u00f2 <strong>en cap cas un resultat negatiu en tests d\u2019ant\u00edgens pot eximir a l\u2019usuari de prendre les mesures de prevenci\u00f3 davant la COVID-19 (dist\u00e0ncia, mans, mascareta)<\/strong>.<\/p>\n<p><img fetchpriority=\"high\" decoding=\"async\" class=\"aligncenter size-large wp-image-54079\" src=\"https:\/\/blog.cofb.cat\/wp-content\/uploads\/2021\/02\/COVID19-1024x526.png\" alt=\"\" width=\"620\" height=\"318\" \/><\/p>\n<h1><span style=\"color: #008080;\"><strong>Oferiment de la xarxa de farm\u00e0cies per desplegar un circuit validat, segur i amb registre de dispensaci\u00f3<\/strong><\/span><\/h1>\n<p><strong>La xarxa de farm\u00e0cies catalana s\u2019ofereix de nou al sistema sanitari per desplegar un circuit de realitzaci\u00f3 i\/o dispensaci\u00f3<\/strong> de test d\u2019ant\u00edgens <strong>validat, segur, amb criteris racionals de necessitat, en un entorn d\u2019assessorament professional i un registre en l\u2019aplicaci\u00f3 desenvolupada per l\u2019Administraci\u00f3. <\/strong>Els farmac\u00e8utics, com a professionals sanitaris, disposen de <strong>formaci\u00f3 i coneixement suficient per contextualitzar el test, informar de les circumst\u00e0ncies sota les quals caldria realitzar-los i\/o dispensar-los i garantir la qualitat i tra\u00e7abilitat dels mateixos<\/strong>.<\/p>\n<div class=\"destacat-blog\">\n<h2><span style=\"color: #008080;\"><strong>Pilot Les Corts<\/strong><\/span><\/h2>\n<p>Un exemple de col\u00b7laboraci\u00f3 dels farmac\u00e8utics amb les autoritats sanit\u00e0ries ha estat el <strong>programa pilot de cribratge de la COVID-19 a les farm\u00e0cies de Les Corts de Barcelona amb proves PCR,<\/strong> impulsat per l\u2019Ag\u00e8ncia de Salut P\u00fablica de Catalunya. Des de mitjans de desembre i fins al 22 de gener, els ciutadans d\u2019entre 30 i 59 anys, pr\u00e8viament convidats a participar-hi a trav\u00e9s d\u2019una carta o SMS, podien anar a la farm\u00e0cia a recollir el kit d\u2019automostra de saliva i, un cop a casa, es prenien la mostra i retornaven el kit a la farm\u00e0cia. Posteriorment s\u2019enviava al laboratori i, a trav\u00e9s de La Meva Salut, la persona que s\u2019havia pres l\u2019automostra rebia el resultat de la PCR, en un termini de 24 hores. <strong>\u00a0<\/strong>En aquests moments, est\u00e0 estudiant-se la possibilitat de desplegar aquest cribratge a la resta del territori.<\/p>\n<\/div>\n<p><strong>Altres publicacions d&#8217;inter\u00e8s:<\/strong><\/p>\n<ul>\n<li><a href=\"https:\/\/blog.cofb.cat\/salut-posa-en-marxa-un-programa-pilot-de-cribratge-de-la-covid-19-a-les-farmacies-de-les-corts-de-barcelona-amb-proves-pcr\/\" target=\"_blank\" rel=\"noopener\">Salut posa en marxa un programa pilot de cribratge de la COVID-19 a les farm\u00e0cies de Les Corts de Barcelona amb proves PCR<\/a><\/li>\n<\/ul>\n","protected":false},"excerpt":{"rendered":"<p>El Consell de Col\u00b7legis Farmac\u00e8utics de Catalunya (CCFC) adverteix del risc que suposa per a la salut de les persones la proliferaci\u00f3 de tests d\u2019ant\u00edgens a trav\u00e9s d\u2019internet i espais no autoritzats, sense cap control, registre, garantia de seguretat o validaci\u00f3 sanit\u00e0ria. Davant aquesta situaci\u00f3, el Consell de Col\u00b7legis Farmac\u00e8utics [&hellip;]<\/p>\n","protected":false},"author":1,"featured_media":54079,"comment_status":"open","ping_status":"open","sticky":false,"template":"","format":"standard","meta":{"_uag_custom_page_level_css":"","site-sidebar-layout":"default","site-content-layout":"","ast-site-content-layout":"default","site-content-style":"default","site-sidebar-style":"default","ast-global-header-display":"","ast-banner-title-visibility":"","ast-main-header-display":"","ast-hfb-above-header-display":"","ast-hfb-below-header-display":"","ast-hfb-mobile-header-display":"","site-post-title":"","ast-breadcrumbs-content":"","ast-featured-img":"disabled","footer-sml-layout":"","theme-transparent-header-meta":"","adv-header-id-meta":"","stick-header-meta":"","header-above-stick-meta":"","header-main-stick-meta":"","header-below-stick-meta":"","astra-migrate-meta-layouts":"default","ast-page-background-enabled":"default","ast-page-background-meta":{"desktop":{"background-color":"var(--ast-global-color-4)","background-image":"","background-repeat":"repeat","background-position":"center center","background-size":"auto","background-attachment":"scroll","background-type":"","background-media":"","overlay-type":"","overlay-color":"","overlay-opacity":"","overlay-gradient":""},"tablet":{"background-color":"","background-image":"","background-repeat":"repeat","background-position":"center center","background-size":"auto","background-attachment":"scroll","background-type":"","background-media":"","overlay-type":"","overlay-color":"","overlay-opacity":"","overlay-gradient":""},"mobile":{"background-color":"","background-image":"","background-repeat":"repeat","background-position":"center center","background-size":"auto","background-attachment":"scroll","background-type":"","background-media":"","overlay-type":"","overlay-color":"","overlay-opacity":"","overlay-gradient":""}},"ast-content-background-meta":{"desktop":{"background-color":"var(--ast-global-color-5)","background-image":"","background-repeat":"repeat","background-position":"center center","background-size":"auto","background-attachment":"scroll","background-type":"","background-media":"","overlay-type":"","overlay-color":"","overlay-opacity":"","overlay-gradient":""},"tablet":{"background-color":"var(--ast-global-color-5)","background-image":"","background-repeat":"repeat","background-position":"center center","background-size":"auto","background-attachment":"scroll","background-type":"","background-media":"","overlay-type":"","overlay-color":"","overlay-opacity":"","overlay-gradient":""},"mobile":{"background-color":"var(--ast-global-color-5)","background-image":"","background-repeat":"repeat","background-position":"center center","background-size":"auto","background-attachment":"scroll","background-type":"","background-media":"","overlay-type":"","overlay-color":"","overlay-opacity":"","overlay-gradient":""}},"footnotes":""},"categories":[23,32],"tags":[308,3316,90,4495,4496,4466,4497,24,69,517,4288,4498,462],"class_list":["post-54070","post","type-post","status-publish","format-standard","has-post-thumbnail","hentry","category-destacats","category-noticies-farmacia","tag-ccfc","tag-consell-de-collegis-de-farmaceutics-de-catalunya","tag-covid-19","tag-cribratge-les-corts","tag-cribratges","tag-cribratges-poblacionals","tag-estrategia-de-cribratge","tag-farmaceutics-comunitaris","tag-farmacia-comunitaria","tag-pcr","tag-programa-pilot","tag-test-antigens","tag-tests"],"yoast_head":"<!-- This site is optimized with the Yoast SEO plugin v22.4 - https:\/\/yoast.com\/wordpress\/plugins\/seo\/ -->\n<title>El CCFC adverteix del risc que suposa per a la salut de les persones la proliferaci\u00f3 de tests d\u2019ant\u00edgens sense garanties - Col\u00b7legi de Farmac\u00e8utics de Barcelona<\/title>\n<meta name=\"description\" content=\"El Consell de Col\u00b7legis Farmac\u00e8utics de Catalunya (CCFC) adverteix del risc que suposa per a la salut de les persones la proliferaci\u00f3 de tests d\u2019ant\u00edgens a trav\u00e9s d\u2019internet i espais no autoritzats.\" \/>\n<meta name=\"robots\" content=\"index, follow, max-snippet:-1, max-image-preview:large, max-video-preview:-1\" \/>\n<link rel=\"canonical\" href=\"https:\/\/novaorg.cofb.net\/2021\/02\/03\/el-ccfc-adverteix-del-risc-que-suposa-per-a-la-salut-de-les-persones-la-proliferacio-de-tests-dantigens-sense-garanties-i-demana-a-les-autoritats-sanitaries-que-reguli-el-seu-acces\/\" \/>\n<meta property=\"og:locale\" content=\"ca_ES\" \/>\n<meta property=\"og:type\" content=\"article\" \/>\n<meta property=\"og:title\" content=\"El CCFC adverteix del risc que suposa per a la salut de les persones la proliferaci\u00f3 de tests d\u2019ant\u00edgens sense garanties - Col\u00b7legi de Farmac\u00e8utics de Barcelona\" \/>\n<meta property=\"og:description\" content=\"El Consell de Col\u00b7legis Farmac\u00e8utics de Catalunya (CCFC) adverteix del risc que suposa per a la salut de les persones la proliferaci\u00f3 de tests d\u2019ant\u00edgens a trav\u00e9s d\u2019internet i espais no autoritzats.\" \/>\n<meta property=\"og:url\" content=\"https:\/\/novaorg.cofb.net\/2021\/02\/03\/el-ccfc-adverteix-del-risc-que-suposa-per-a-la-salut-de-les-persones-la-proliferacio-de-tests-dantigens-sense-garanties-i-demana-a-les-autoritats-sanitaries-que-reguli-el-seu-acces\/\" \/>\n<meta property=\"og:site_name\" content=\"Col\u00b7legi de Farmac\u00e8utics de Barcelona\" \/>\n<meta property=\"article:publisher\" content=\"https:\/\/www.facebook.com\/farmaceuticsbcn\/\" \/>\n<meta property=\"article:published_time\" content=\"2021-02-03T12:01:47+00:00\" \/>\n<meta name=\"author\" content=\"wpAdminCofbOrg\" \/>\n<meta name=\"twitter:card\" content=\"summary_large_image\" \/>\n<meta name=\"twitter:creator\" content=\"@farmaceuticsbcn\" \/>\n<meta name=\"twitter:site\" content=\"@farmaceuticsbcn\" \/>\n<meta name=\"twitter:label1\" content=\"Escrit per\" \/>\n\t<meta name=\"twitter:data1\" content=\"wpAdminCofbOrg\" \/>\n\t<meta name=\"twitter:label2\" content=\"Temps estimat de lectura\" \/>\n\t<meta name=\"twitter:data2\" content=\"3 minuts\" \/>\n<script type=\"application\/ld+json\" class=\"yoast-schema-graph\">{\"@context\":\"https:\/\/schema.org\",\"@graph\":[{\"@type\":\"Article\",\"@id\":\"https:\/\/novaorg.cofb.net\/2021\/02\/03\/el-ccfc-adverteix-del-risc-que-suposa-per-a-la-salut-de-les-persones-la-proliferacio-de-tests-dantigens-sense-garanties-i-demana-a-les-autoritats-sanitaries-que-reguli-el-seu-acces\/#article\",\"isPartOf\":{\"@id\":\"https:\/\/novaorg.cofb.net\/2021\/02\/03\/el-ccfc-adverteix-del-risc-que-suposa-per-a-la-salut-de-les-persones-la-proliferacio-de-tests-dantigens-sense-garanties-i-demana-a-les-autoritats-sanitaries-que-reguli-el-seu-acces\/\"},\"author\":{\"name\":\"wpAdminCofbOrg\",\"@id\":\"https:\/\/www.cofb.org\/#\/schema\/person\/22ed7eea88da74b0fa4d3154ad87ffcb\"},\"headline\":\"El CCFC adverteix del risc que suposa per a la salut de les persones la proliferaci\u00f3 de tests d\u2019ant\u00edgens sense garanties\",\"datePublished\":\"2021-02-03T12:01:47+00:00\",\"dateModified\":\"2021-02-03T12:01:47+00:00\",\"mainEntityOfPage\":{\"@id\":\"https:\/\/novaorg.cofb.net\/2021\/02\/03\/el-ccfc-adverteix-del-risc-que-suposa-per-a-la-salut-de-les-persones-la-proliferacio-de-tests-dantigens-sense-garanties-i-demana-a-les-autoritats-sanitaries-que-reguli-el-seu-acces\/\"},\"wordCount\":625,\"commentCount\":0,\"publisher\":{\"@id\":\"https:\/\/www.cofb.org\/#organization\"},\"image\":{\"@id\":\"https:\/\/novaorg.cofb.net\/2021\/02\/03\/el-ccfc-adverteix-del-risc-que-suposa-per-a-la-salut-de-les-persones-la-proliferacio-de-tests-dantigens-sense-garanties-i-demana-a-les-autoritats-sanitaries-que-reguli-el-seu-acces\/#primaryimage\"},\"thumbnailUrl\":\"\",\"keywords\":[\"CCFC\",\"Consell de Col\u00b7legis de Farmac\u00e8utics de Catalunya\",\"COVID-19\",\"cribratge Les Corts\",\"cribratges\",\"cribratges poblacionals\",\"estrat\u00e8gia de cribratge\",\"farmac\u00e8utics comunitaris\",\"farm\u00e0cia comunit\u00e0ria\",\"PCR\",\"programa pilot\",\"test ant\u00edgens\",\"tests\"],\"articleSection\":[\"Destacats\",\"Not\u00edcies farm\u00e0cia\"],\"inLanguage\":\"ca\",\"potentialAction\":[{\"@type\":\"CommentAction\",\"name\":\"Comment\",\"target\":[\"https:\/\/novaorg.cofb.net\/2021\/02\/03\/el-ccfc-adverteix-del-risc-que-suposa-per-a-la-salut-de-les-persones-la-proliferacio-de-tests-dantigens-sense-garanties-i-demana-a-les-autoritats-sanitaries-que-reguli-el-seu-acces\/#respond\"]}]},{\"@type\":\"WebPage\",\"@id\":\"https:\/\/novaorg.cofb.net\/2021\/02\/03\/el-ccfc-adverteix-del-risc-que-suposa-per-a-la-salut-de-les-persones-la-proliferacio-de-tests-dantigens-sense-garanties-i-demana-a-les-autoritats-sanitaries-que-reguli-el-seu-acces\/\",\"url\":\"https:\/\/novaorg.cofb.net\/2021\/02\/03\/el-ccfc-adverteix-del-risc-que-suposa-per-a-la-salut-de-les-persones-la-proliferacio-de-tests-dantigens-sense-garanties-i-demana-a-les-autoritats-sanitaries-que-reguli-el-seu-acces\/\",\"name\":\"El CCFC adverteix del risc que suposa per a la salut de les persones la proliferaci\u00f3 de tests d\u2019ant\u00edgens sense garanties - Col\u00b7legi de Farmac\u00e8utics de Barcelona\",\"isPartOf\":{\"@id\":\"https:\/\/www.cofb.org\/#website\"},\"primaryImageOfPage\":{\"@id\":\"https:\/\/novaorg.cofb.net\/2021\/02\/03\/el-ccfc-adverteix-del-risc-que-suposa-per-a-la-salut-de-les-persones-la-proliferacio-de-tests-dantigens-sense-garanties-i-demana-a-les-autoritats-sanitaries-que-reguli-el-seu-acces\/#primaryimage\"},\"image\":{\"@id\":\"https:\/\/novaorg.cofb.net\/2021\/02\/03\/el-ccfc-adverteix-del-risc-que-suposa-per-a-la-salut-de-les-persones-la-proliferacio-de-tests-dantigens-sense-garanties-i-demana-a-les-autoritats-sanitaries-que-reguli-el-seu-acces\/#primaryimage\"},\"thumbnailUrl\":\"\",\"datePublished\":\"2021-02-03T12:01:47+00:00\",\"dateModified\":\"2021-02-03T12:01:47+00:00\",\"description\":\"El Consell de Col\u00b7legis Farmac\u00e8utics de Catalunya (CCFC) adverteix del risc que suposa per a la salut de les persones la proliferaci\u00f3 de tests d\u2019ant\u00edgens a trav\u00e9s d\u2019internet i espais no autoritzats.\",\"breadcrumb\":{\"@id\":\"https:\/\/novaorg.cofb.net\/2021\/02\/03\/el-ccfc-adverteix-del-risc-que-suposa-per-a-la-salut-de-les-persones-la-proliferacio-de-tests-dantigens-sense-garanties-i-demana-a-les-autoritats-sanitaries-que-reguli-el-seu-acces\/#breadcrumb\"},\"inLanguage\":\"ca\",\"potentialAction\":[{\"@type\":\"ReadAction\",\"target\":[\"https:\/\/novaorg.cofb.net\/2021\/02\/03\/el-ccfc-adverteix-del-risc-que-suposa-per-a-la-salut-de-les-persones-la-proliferacio-de-tests-dantigens-sense-garanties-i-demana-a-les-autoritats-sanitaries-que-reguli-el-seu-acces\/\"]}]},{\"@type\":\"ImageObject\",\"inLanguage\":\"ca\",\"@id\":\"https:\/\/novaorg.cofb.net\/2021\/02\/03\/el-ccfc-adverteix-del-risc-que-suposa-per-a-la-salut-de-les-persones-la-proliferacio-de-tests-dantigens-sense-garanties-i-demana-a-les-autoritats-sanitaries-que-reguli-el-seu-acces\/#primaryimage\",\"url\":\"\",\"contentUrl\":\"\"},{\"@type\":\"BreadcrumbList\",\"@id\":\"https:\/\/novaorg.cofb.net\/2021\/02\/03\/el-ccfc-adverteix-del-risc-que-suposa-per-a-la-salut-de-les-persones-la-proliferacio-de-tests-dantigens-sense-garanties-i-demana-a-les-autoritats-sanitaries-que-reguli-el-seu-acces\/#breadcrumb\",\"itemListElement\":[{\"@type\":\"ListItem\",\"position\":1,\"name\":\"Inici\",\"item\":\"https:\/\/novaorg.cofb.net\/\"},{\"@type\":\"ListItem\",\"position\":2,\"name\":\"El CCFC adverteix del risc que suposa per a la salut de les persones la proliferaci\u00f3 de tests d\u2019ant\u00edgens sense garanties\"}]},{\"@type\":\"WebSite\",\"@id\":\"https:\/\/www.cofb.org\/#website\",\"url\":\"https:\/\/www.cofb.org\/\",\"name\":\"Col\u00b7legi de Farmac\u00e8utics de Barcelona\",\"description\":\"\",\"publisher\":{\"@id\":\"https:\/\/www.cofb.org\/#organization\"},\"potentialAction\":[{\"@type\":\"SearchAction\",\"target\":{\"@type\":\"EntryPoint\",\"urlTemplate\":\"https:\/\/www.cofb.org\/?s={search_term_string}\"},\"query-input\":\"required name=search_term_string\"}],\"inLanguage\":\"ca\"},{\"@type\":\"Organization\",\"@id\":\"https:\/\/www.cofb.org\/#organization\",\"name\":\"Col\u00b7legi de Farmac\u00e8utics de Barcelona\",\"url\":\"https:\/\/www.cofb.org\/\",\"logo\":{\"@type\":\"ImageObject\",\"inLanguage\":\"ca\",\"@id\":\"https:\/\/www.cofb.org\/#\/schema\/logo\/image\/\",\"url\":\"https:\/\/www.cofb.org\/wp-content\/uploads\/2023\/11\/cropped-Logotip-COFB.png\",\"contentUrl\":\"https:\/\/www.cofb.org\/wp-content\/uploads\/2023\/11\/cropped-Logotip-COFB.png\",\"width\":500,\"height\":105,\"caption\":\"Col\u00b7legi de Farmac\u00e8utics de Barcelona\"},\"image\":{\"@id\":\"https:\/\/www.cofb.org\/#\/schema\/logo\/image\/\"},\"sameAs\":[\"https:\/\/www.facebook.com\/farmaceuticsbcn\/\",\"https:\/\/twitter.com\/farmaceuticsbcn\",\"https:\/\/www.instagram.com\/farmaceuticsbcn\/\",\"https:\/\/www.linkedin.com\/company\/farmaceuticsbcn\/\"]},{\"@type\":\"Person\",\"@id\":\"https:\/\/www.cofb.org\/#\/schema\/person\/22ed7eea88da74b0fa4d3154ad87ffcb\",\"name\":\"wpAdminCofbOrg\",\"image\":{\"@type\":\"ImageObject\",\"inLanguage\":\"ca\",\"@id\":\"https:\/\/www.cofb.org\/#\/schema\/person\/image\/\",\"url\":\"https:\/\/secure.gravatar.com\/avatar\/1721b20b3b8ca882c3b56ec6c978c594fff670e40c0718e9190eaeeb76aae7d8?s=96&d=mm&r=g\",\"contentUrl\":\"https:\/\/secure.gravatar.com\/avatar\/1721b20b3b8ca882c3b56ec6c978c594fff670e40c0718e9190eaeeb76aae7d8?s=96&d=mm&r=g\",\"caption\":\"wpAdminCofbOrg\"},\"sameAs\":[\"http:\/\/192.168.64.122\/wordpress\"],\"url\":\"https:\/\/www.cofb.org\/ca\/author\/wpadmincofborg\/\"}]}<\/script>\n<!-- \/ Yoast SEO plugin. -->","yoast_head_json":{"title":"El CCFC adverteix del risc que suposa per a la salut de les persones la proliferaci\u00f3 de tests d\u2019ant\u00edgens sense garanties - Col\u00b7legi de Farmac\u00e8utics de Barcelona","description":"El Consell de Col\u00b7legis Farmac\u00e8utics de Catalunya (CCFC) adverteix del risc que suposa per a la salut de les persones la proliferaci\u00f3 de tests d\u2019ant\u00edgens a trav\u00e9s d\u2019internet i espais no autoritzats.","robots":{"index":"index","follow":"follow","max-snippet":"max-snippet:-1","max-image-preview":"max-image-preview:large","max-video-preview":"max-video-preview:-1"},"canonical":"https:\/\/novaorg.cofb.net\/2021\/02\/03\/el-ccfc-adverteix-del-risc-que-suposa-per-a-la-salut-de-les-persones-la-proliferacio-de-tests-dantigens-sense-garanties-i-demana-a-les-autoritats-sanitaries-que-reguli-el-seu-acces\/","og_locale":"ca_ES","og_type":"article","og_title":"El CCFC adverteix del risc que suposa per a la salut de les persones la proliferaci\u00f3 de tests d\u2019ant\u00edgens sense garanties - Col\u00b7legi de Farmac\u00e8utics de Barcelona","og_description":"El Consell de Col\u00b7legis Farmac\u00e8utics de Catalunya (CCFC) adverteix del risc que suposa per a la salut de les persones la proliferaci\u00f3 de tests d\u2019ant\u00edgens a trav\u00e9s d\u2019internet i espais no autoritzats.","og_url":"https:\/\/novaorg.cofb.net\/2021\/02\/03\/el-ccfc-adverteix-del-risc-que-suposa-per-a-la-salut-de-les-persones-la-proliferacio-de-tests-dantigens-sense-garanties-i-demana-a-les-autoritats-sanitaries-que-reguli-el-seu-acces\/","og_site_name":"Col\u00b7legi de Farmac\u00e8utics de Barcelona","article_publisher":"https:\/\/www.facebook.com\/farmaceuticsbcn\/","article_published_time":"2021-02-03T12:01:47+00:00","author":"wpAdminCofbOrg","twitter_card":"summary_large_image","twitter_creator":"@farmaceuticsbcn","twitter_site":"@farmaceuticsbcn","twitter_misc":{"Escrit per":"wpAdminCofbOrg","Temps estimat de lectura":"3 minuts"},"schema":{"@context":"https:\/\/schema.org","@graph":[{"@type":"Article","@id":"https:\/\/novaorg.cofb.net\/2021\/02\/03\/el-ccfc-adverteix-del-risc-que-suposa-per-a-la-salut-de-les-persones-la-proliferacio-de-tests-dantigens-sense-garanties-i-demana-a-les-autoritats-sanitaries-que-reguli-el-seu-acces\/#article","isPartOf":{"@id":"https:\/\/novaorg.cofb.net\/2021\/02\/03\/el-ccfc-adverteix-del-risc-que-suposa-per-a-la-salut-de-les-persones-la-proliferacio-de-tests-dantigens-sense-garanties-i-demana-a-les-autoritats-sanitaries-que-reguli-el-seu-acces\/"},"author":{"name":"wpAdminCofbOrg","@id":"https:\/\/www.cofb.org\/#\/schema\/person\/22ed7eea88da74b0fa4d3154ad87ffcb"},"headline":"El CCFC adverteix del risc que suposa per a la salut de les persones la proliferaci\u00f3 de tests d\u2019ant\u00edgens sense garanties","datePublished":"2021-02-03T12:01:47+00:00","dateModified":"2021-02-03T12:01:47+00:00","mainEntityOfPage":{"@id":"https:\/\/novaorg.cofb.net\/2021\/02\/03\/el-ccfc-adverteix-del-risc-que-suposa-per-a-la-salut-de-les-persones-la-proliferacio-de-tests-dantigens-sense-garanties-i-demana-a-les-autoritats-sanitaries-que-reguli-el-seu-acces\/"},"wordCount":625,"commentCount":0,"publisher":{"@id":"https:\/\/www.cofb.org\/#organization"},"image":{"@id":"https:\/\/novaorg.cofb.net\/2021\/02\/03\/el-ccfc-adverteix-del-risc-que-suposa-per-a-la-salut-de-les-persones-la-proliferacio-de-tests-dantigens-sense-garanties-i-demana-a-les-autoritats-sanitaries-que-reguli-el-seu-acces\/#primaryimage"},"thumbnailUrl":"","keywords":["CCFC","Consell de Col\u00b7legis de Farmac\u00e8utics de Catalunya","COVID-19","cribratge Les Corts","cribratges","cribratges poblacionals","estrat\u00e8gia de cribratge","farmac\u00e8utics comunitaris","farm\u00e0cia comunit\u00e0ria","PCR","programa pilot","test ant\u00edgens","tests"],"articleSection":["Destacats","Not\u00edcies farm\u00e0cia"],"inLanguage":"ca","potentialAction":[{"@type":"CommentAction","name":"Comment","target":["https:\/\/novaorg.cofb.net\/2021\/02\/03\/el-ccfc-adverteix-del-risc-que-suposa-per-a-la-salut-de-les-persones-la-proliferacio-de-tests-dantigens-sense-garanties-i-demana-a-les-autoritats-sanitaries-que-reguli-el-seu-acces\/#respond"]}]},{"@type":"WebPage","@id":"https:\/\/novaorg.cofb.net\/2021\/02\/03\/el-ccfc-adverteix-del-risc-que-suposa-per-a-la-salut-de-les-persones-la-proliferacio-de-tests-dantigens-sense-garanties-i-demana-a-les-autoritats-sanitaries-que-reguli-el-seu-acces\/","url":"https:\/\/novaorg.cofb.net\/2021\/02\/03\/el-ccfc-adverteix-del-risc-que-suposa-per-a-la-salut-de-les-persones-la-proliferacio-de-tests-dantigens-sense-garanties-i-demana-a-les-autoritats-sanitaries-que-reguli-el-seu-acces\/","name":"El CCFC adverteix del risc que suposa per a la salut de les persones la proliferaci\u00f3 de tests d\u2019ant\u00edgens sense garanties - Col\u00b7legi de Farmac\u00e8utics de Barcelona","isPartOf":{"@id":"https:\/\/www.cofb.org\/#website"},"primaryImageOfPage":{"@id":"https:\/\/novaorg.cofb.net\/2021\/02\/03\/el-ccfc-adverteix-del-risc-que-suposa-per-a-la-salut-de-les-persones-la-proliferacio-de-tests-dantigens-sense-garanties-i-demana-a-les-autoritats-sanitaries-que-reguli-el-seu-acces\/#primaryimage"},"image":{"@id":"https:\/\/novaorg.cofb.net\/2021\/02\/03\/el-ccfc-adverteix-del-risc-que-suposa-per-a-la-salut-de-les-persones-la-proliferacio-de-tests-dantigens-sense-garanties-i-demana-a-les-autoritats-sanitaries-que-reguli-el-seu-acces\/#primaryimage"},"thumbnailUrl":"","datePublished":"2021-02-03T12:01:47+00:00","dateModified":"2021-02-03T12:01:47+00:00","description":"El Consell de Col\u00b7legis Farmac\u00e8utics de Catalunya (CCFC) adverteix del risc que suposa per a la salut de les persones la proliferaci\u00f3 de tests d\u2019ant\u00edgens a trav\u00e9s d\u2019internet i espais no autoritzats.","breadcrumb":{"@id":"https:\/\/novaorg.cofb.net\/2021\/02\/03\/el-ccfc-adverteix-del-risc-que-suposa-per-a-la-salut-de-les-persones-la-proliferacio-de-tests-dantigens-sense-garanties-i-demana-a-les-autoritats-sanitaries-que-reguli-el-seu-acces\/#breadcrumb"},"inLanguage":"ca","potentialAction":[{"@type":"ReadAction","target":["https:\/\/novaorg.cofb.net\/2021\/02\/03\/el-ccfc-adverteix-del-risc-que-suposa-per-a-la-salut-de-les-persones-la-proliferacio-de-tests-dantigens-sense-garanties-i-demana-a-les-autoritats-sanitaries-que-reguli-el-seu-acces\/"]}]},{"@type":"ImageObject","inLanguage":"ca","@id":"https:\/\/novaorg.cofb.net\/2021\/02\/03\/el-ccfc-adverteix-del-risc-que-suposa-per-a-la-salut-de-les-persones-la-proliferacio-de-tests-dantigens-sense-garanties-i-demana-a-les-autoritats-sanitaries-que-reguli-el-seu-acces\/#primaryimage","url":"","contentUrl":""},{"@type":"BreadcrumbList","@id":"https:\/\/novaorg.cofb.net\/2021\/02\/03\/el-ccfc-adverteix-del-risc-que-suposa-per-a-la-salut-de-les-persones-la-proliferacio-de-tests-dantigens-sense-garanties-i-demana-a-les-autoritats-sanitaries-que-reguli-el-seu-acces\/#breadcrumb","itemListElement":[{"@type":"ListItem","position":1,"name":"Inici","item":"https:\/\/novaorg.cofb.net\/"},{"@type":"ListItem","position":2,"name":"El CCFC adverteix del risc que suposa per a la salut de les persones la proliferaci\u00f3 de tests d\u2019ant\u00edgens sense garanties"}]},{"@type":"WebSite","@id":"https:\/\/www.cofb.org\/#website","url":"https:\/\/www.cofb.org\/","name":"Col\u00b7legi de Farmac\u00e8utics de Barcelona","description":"","publisher":{"@id":"https:\/\/www.cofb.org\/#organization"},"potentialAction":[{"@type":"SearchAction","target":{"@type":"EntryPoint","urlTemplate":"https:\/\/www.cofb.org\/?s={search_term_string}"},"query-input":"required name=search_term_string"}],"inLanguage":"ca"},{"@type":"Organization","@id":"https:\/\/www.cofb.org\/#organization","name":"Col\u00b7legi de Farmac\u00e8utics de Barcelona","url":"https:\/\/www.cofb.org\/","logo":{"@type":"ImageObject","inLanguage":"ca","@id":"https:\/\/www.cofb.org\/#\/schema\/logo\/image\/","url":"https:\/\/www.cofb.org\/wp-content\/uploads\/2023\/11\/cropped-Logotip-COFB.png","contentUrl":"https:\/\/www.cofb.org\/wp-content\/uploads\/2023\/11\/cropped-Logotip-COFB.png","width":500,"height":105,"caption":"Col\u00b7legi de Farmac\u00e8utics de Barcelona"},"image":{"@id":"https:\/\/www.cofb.org\/#\/schema\/logo\/image\/"},"sameAs":["https:\/\/www.facebook.com\/farmaceuticsbcn\/","https:\/\/twitter.com\/farmaceuticsbcn","https:\/\/www.instagram.com\/farmaceuticsbcn\/","https:\/\/www.linkedin.com\/company\/farmaceuticsbcn\/"]},{"@type":"Person","@id":"https:\/\/www.cofb.org\/#\/schema\/person\/22ed7eea88da74b0fa4d3154ad87ffcb","name":"wpAdminCofbOrg","image":{"@type":"ImageObject","inLanguage":"ca","@id":"https:\/\/www.cofb.org\/#\/schema\/person\/image\/","url":"https:\/\/secure.gravatar.com\/avatar\/1721b20b3b8ca882c3b56ec6c978c594fff670e40c0718e9190eaeeb76aae7d8?s=96&d=mm&r=g","contentUrl":"https:\/\/secure.gravatar.com\/avatar\/1721b20b3b8ca882c3b56ec6c978c594fff670e40c0718e9190eaeeb76aae7d8?s=96&d=mm&r=g","caption":"wpAdminCofbOrg"},"sameAs":["http:\/\/192.168.64.122\/wordpress"],"url":"https:\/\/www.cofb.org\/ca\/author\/wpadmincofborg\/"}]}},"uagb_featured_image_src":{"full":false,"thumbnail":false,"medium":false,"medium_large":false,"large":false,"1536x1536":false,"2048x2048":false,"trp-custom-language-flag":false},"uagb_author_info":{"display_name":"wpAdminCofbOrg","author_link":"https:\/\/www.cofb.org\/ca\/author\/wpadmincofborg\/"},"uagb_comment_info":0,"uagb_excerpt":"El Consell de Col\u00b7legis Farmac\u00e8utics de Catalunya (CCFC) adverteix del risc que suposa per a la salut de les persones la proliferaci\u00f3 de tests d\u2019ant\u00edgens a trav\u00e9s d\u2019internet i espais no autoritzats, sense cap control, registre, garantia de seguretat o validaci\u00f3 sanit\u00e0ria. Davant aquesta situaci\u00f3, el Consell de Col\u00b7legis Farmac\u00e8utics [&hellip;]","_links":{"self":[{"href":"https:\/\/www.cofb.org\/ca\/wp-json\/wp\/v2\/posts\/54070","targetHints":{"allow":["GET"]}}],"collection":[{"href":"https:\/\/www.cofb.org\/ca\/wp-json\/wp\/v2\/posts"}],"about":[{"href":"https:\/\/www.cofb.org\/ca\/wp-json\/wp\/v2\/types\/post"}],"author":[{"embeddable":true,"href":"https:\/\/www.cofb.org\/ca\/wp-json\/wp\/v2\/users\/1"}],"replies":[{"embeddable":true,"href":"https:\/\/www.cofb.org\/ca\/wp-json\/wp\/v2\/comments?post=54070"}],"version-history":[{"count":0,"href":"https:\/\/www.cofb.org\/ca\/wp-json\/wp\/v2\/posts\/54070\/revisions"}],"wp:featuredmedia":[{"embeddable":true,"href":"https:\/\/www.cofb.org\/ca\/wp-json\/"}],"wp:attachment":[{"href":"https:\/\/www.cofb.org\/ca\/wp-json\/wp\/v2\/media?parent=54070"}],"wp:term":[{"taxonomy":"category","embeddable":true,"href":"https:\/\/www.cofb.org\/ca\/wp-json\/wp\/v2\/categories?post=54070"},{"taxonomy":"post_tag","embeddable":true,"href":"https:\/\/www.cofb.org\/ca\/wp-json\/wp\/v2\/tags?post=54070"}],"curies":[{"name":"wp","href":"https:\/\/api.w.org\/{rel}","templated":true}]}}