{"id":53989,"date":"2021-01-27T19:21:38","date_gmt":"2021-01-27T17:21:38","guid":{"rendered":"https:\/\/blog.cofb.cat\/?p=53989"},"modified":"2021-01-27T19:21:38","modified_gmt":"2021-01-27T17:21:38","slug":"circular-farmaceutica-ja-disponible-ledicio-tercer-quadrimestre","status":"publish","type":"post","link":"https:\/\/www.cofb.org\/ca\/2021\/01\/27\/circular-farmaceutica-ja-disponible-ledicio-tercer-quadrimestre\/","title":{"rendered":"Circular Farmac\u00e8utica: Ja disponible l\u2019edici\u00f3 del tercer quadrimestre"},"content":{"rendered":"<p>Ja es pot accedir a un\u00a0<strong><a href=\"https:\/\/www.cofb.org\/documents\/10136\/1070698\/Circular78-3.pdf\/30547c2c-1d12-4755-bce1-c2b39ac51dd5\">nou n\u00famero<\/a> de la <a href=\"https:\/\/www.cofb.org\/es\/web\/guest\/colegio\/publicaciones\/circular-farmaceutica\">Circular Farmac\u00e8utica<\/a><\/strong>, la publicaci\u00f3 cient\u00edfica\u00a0que edita el<strong> Col\u00b7legi de Farmac\u00e8utics de Barcelona<\/strong>\u00a0i que recull articles elaborats per professionals sanitaris de reconegut prestigi per a donar a con\u00e8ixer les <strong>novetats terap\u00e8utiques<\/strong>, aix\u00ed com continguts relacionats amb l&#8217;atenci\u00f3 <strong>farmac\u00e8utica i la salut p\u00fablica.\u00a0<\/strong><\/p>\n<p>En aquesta nova edici\u00f3\u00a0<strong>destaquem<\/strong>\u00a0els seg\u00fcents temes:<\/p>\n<ul>\n<li><strong>Actualitat COVID-19<\/strong>: La gesti\u00f3 de la pand\u00e8mia en les resid\u00e8ncies de persones grans a Catalunya entre el mar\u00e7 i l&#8217;agost de 2020.<\/li>\n<li><strong>El CIM informa<\/strong>: L&#8217;ABC de les vacunes.<\/li>\n<li><strong>Alimentaci\u00f3 i nutrici\u00f3<\/strong>: L&#8217;atenci\u00f3 farmac\u00e8utica a les persones grans: el consell alimentari durant i post pand\u00e8mia de COVID-19.<\/li>\n<\/ul>\n<div class=\"destacat-blog\">\n<p>Aquest \u00e9s el contingut del\u00a0<strong><a href=\"https:\/\/www.cofb.org\/documents\/10136\/1070698\/Circular78-3.pdf\/30547c2c-1d12-4755-bce1-c2b39ac51dd5\" target=\"_blank\" rel=\"noopener\">Vol. 78, N\u00famero 3, Tercer quadrimestre 2020:<\/a><\/strong><\/p>\n<p><a href=\"https:\/\/www.cofb.org\/documents\/10136\/1070698\/Circular78-3.pdf\/30547c2c-1d12-4755-bce1-c2b39ac51dd5\"><img fetchpriority=\"high\" decoding=\"async\" class=\"aligncenter size-full wp-image-54010\" src=\"https:\/\/blog.cofb.cat\/wp-content\/uploads\/2021\/01\/Circularpost.png\" alt=\"\" width=\"692\" height=\"905\" \/><\/a><strong><br \/>\n<\/strong><\/p>\n<ul>\n<li><strong>Editorial<\/strong>: M\u00aa Rosa Ballester.<\/li>\n<li><strong>Farmacoterap\u00e8utica<\/strong>: Els 10 \u00edtems claus en la informaci\u00f3 farmacoterap\u00e8utica.<\/li>\n<li><strong>Casos cl\u00ednics<\/strong>: Trasplantament de progenitors hematopoi\u00e8tics per al tractament de l&#8217;artritis reumatoide en una pacient pedi\u00e0trica i revisi\u00f3 de l&#8217;\u00fas de segellat de cat\u00e8ter en\u00a0bacteri\u00e8mia\u00a0relacionada amb el cat\u00e8ter vascular.<\/li>\n<li><strong>Salut p\u00fablica<\/strong>: L&#8217;erradicaci\u00f3 mundial de la poliomelitis i la trag\u00e8dia de la poliomelitis i la s\u00edndrome post-polio a Espanya.<\/li>\n<li><strong>La farm\u00e0cia al dia<\/strong>: Oficina de farm\u00e0cia. Fora dubtes (III).<\/li>\n<li><strong>Plantes medicinals<\/strong>: B<em>acopa monnieri<\/em>, una planta amb acci\u00f3 sobre l&#8217;\u00e0rea cognitiva.<\/li>\n<li><strong>Farmac\u00e8utics innovadors<\/strong><\/li>\n<\/ul>\n<\/div>\n<div class=\"box info\"><\/div>\n<h2><strong>Vols publicar a la Circular Farmac\u00e8utica?<\/strong><\/h2>\n<p><a href=\"https:\/\/blog.cofb.cat\/wp-content\/uploads\/2021\/01\/circu.jpg\"><img decoding=\"async\" class=\"aligncenter size-full wp-image-53991\" src=\"https:\/\/blog.cofb.cat\/wp-content\/uploads\/2021\/01\/circu.jpg\" alt=\"\" width=\"512\" height=\"205\" \/><\/a><\/p>\n<h3>Anima&#8217;t a reflexionar, pensar, dissenyar i\u00a0emprendre un estudi, una activitat, una revisi\u00f3 d\u2019un nou medicament i valorarem la seva publicaci\u00f3 a la nostra revista.<\/h3>\n<h3>Si \u00e9s del teu inter\u00e8s,\u00a0<strong>contacta amb formacio@cofb.net<\/strong>\u00a0i estudiarem la teva proposta.<\/h3>\n<p>&nbsp;<\/p>\n<\/div>\n<p><strong>Altres publicacions d&#8217;inter\u00e8s:\u00a0<\/strong><\/p>\n<ul>\n<li><a href=\"https:\/\/blog.cofb.cat\/circular-farmaceutica-ja-disponible-ledicio-del-segon-quadrimestre\/\">Circular farmac\u00e8utica: ja disponible l&#8217;edici\u00f3 del segon quadrimestre<\/a><\/li>\n<li><a href=\"https:\/\/blog.cofb.cat\/circular-farmaceutica-ja-disponible-ledicio-del-primer-quadrimestre\/\">Cricular farmac\u00e8utica: ja disponible l&#8217;edici\u00f3 del primer quadrimestre<\/a><\/li>\n<li><a href=\"https:\/\/blog.cofb.cat\/circular-farmaceutica-ja-disponible-ledicio-especial-de-premis-i-beques\/\">Circular farmac\u00e8utica: ja disponible l&#8217;edici\u00f3 especial de premis i beques<\/a><\/li>\n<\/ul>\n<div class=\"box note\"><\/div>\n<p><a href=\"https:\/\/www.cofb.org\/colegi\/publicacions\/circular-farmaceutica\" target=\"_blank\" rel=\"noopener\"><strong>Veure n\u00fameros anteriors de Circular Farmac\u00e8utica<\/strong><\/a>\u00a0(via cofb.org \u2013 en format PDF)\n<\/div>\n","protected":false},"excerpt":{"rendered":"<p>Ja es pot accedir a un\u00a0nou n\u00famero de la Circular Farmac\u00e8utica, la publicaci\u00f3 cient\u00edfica\u00a0que edita el Col\u00b7legi de Farmac\u00e8utics de Barcelona\u00a0i que recull articles elaborats per professionals sanitaris de reconegut prestigi per a donar a con\u00e8ixer les novetats terap\u00e8utiques, aix\u00ed com continguts relacionats amb l&#8217;atenci\u00f3 farmac\u00e8utica i la salut p\u00fablica.\u00a0 [&hellip;]<\/p>\n","protected":false},"author":1,"featured_media":54008,"comment_status":"open","ping_status":"open","sticky":false,"template":"","format":"standard","meta":{"_uag_custom_page_level_css":"","site-sidebar-layout":"default","site-content-layout":"","ast-site-content-layout":"default","site-content-style":"default","site-sidebar-style":"default","ast-global-header-display":"","ast-banner-title-visibility":"","ast-main-header-display":"","ast-hfb-above-header-display":"","ast-hfb-below-header-display":"","ast-hfb-mobile-header-display":"","site-post-title":"","ast-breadcrumbs-content":"","ast-featured-img":"disabled","footer-sml-layout":"","theme-transparent-header-meta":"","adv-header-id-meta":"","stick-header-meta":"","header-above-stick-meta":"","header-main-stick-meta":"","header-below-stick-meta":"","astra-migrate-meta-layouts":"default","ast-page-background-enabled":"default","ast-page-background-meta":{"desktop":{"background-color":"var(--ast-global-color-4)","background-image":"","background-repeat":"repeat","background-position":"center center","background-size":"auto","background-attachment":"scroll","background-type":"","background-media":"","overlay-type":"","overlay-color":"","overlay-opacity":"","overlay-gradient":""},"tablet":{"background-color":"","background-image":"","background-repeat":"repeat","background-position":"center center","background-size":"auto","background-attachment":"scroll","background-type":"","background-media":"","overlay-type":"","overlay-color":"","overlay-opacity":"","overlay-gradient":""},"mobile":{"background-color":"","background-image":"","background-repeat":"repeat","background-position":"center center","background-size":"auto","background-attachment":"scroll","background-type":"","background-media":"","overlay-type":"","overlay-color":"","overlay-opacity":"","overlay-gradient":""}},"ast-content-background-meta":{"desktop":{"background-color":"var(--ast-global-color-5)","background-image":"","background-repeat":"repeat","background-position":"center center","background-size":"auto","background-attachment":"scroll","background-type":"","background-media":"","overlay-type":"","overlay-color":"","overlay-opacity":"","overlay-gradient":""},"tablet":{"background-color":"var(--ast-global-color-5)","background-image":"","background-repeat":"repeat","background-position":"center center","background-size":"auto","background-attachment":"scroll","background-type":"","background-media":"","overlay-type":"","overlay-color":"","overlay-opacity":"","overlay-gradient":""},"mobile":{"background-color":"var(--ast-global-color-5)","background-image":"","background-repeat":"repeat","background-position":"center center","background-size":"auto","background-attachment":"scroll","background-type":"","background-media":"","overlay-type":"","overlay-color":"","overlay-opacity":"","overlay-gradient":""}},"footnotes":""},"categories":[23,57],"tags":[4318,16,208,3871,88,90,450,91,471,4321,94,4323,3452,96],"class_list":["post-53989","post","type-post","status-publish","format-standard","has-post-thumbnail","hentry","category-destacats","category-mon-collegial","tag-actualitat-covid","tag-alimentacio-i-nutricio","tag-artritis","tag-atencio-farmaceutica-a-residencies","tag-casos-clinics","tag-covid-19","tag-farmaceutics-innovadors","tag-farmacoterapia","tag-pandemia","tag-pandemia-de-covid","tag-plantes-medicinals","tag-poliomelitis","tag-residencies","tag-salut-publica"],"yoast_head":"<!-- This site is optimized with the Yoast SEO plugin v22.4 - https:\/\/yoast.com\/wordpress\/plugins\/seo\/ -->\n<title>Circular Farmac\u00e8utica: Ja disponible l\u2019edici\u00f3 del tercer quadrimestre - Col\u00b7legi de Farmac\u00e8utics de Barcelona<\/title>\n<meta name=\"robots\" content=\"index, follow, max-snippet:-1, max-image-preview:large, max-video-preview:-1\" \/>\n<link rel=\"canonical\" href=\"https:\/\/novaorg.cofb.net\/2021\/01\/27\/circular-farmaceutica-ja-disponible-ledicio-tercer-quadrimestre\/\" \/>\n<meta property=\"og:locale\" content=\"ca_ES\" \/>\n<meta property=\"og:type\" content=\"article\" \/>\n<meta property=\"og:title\" content=\"Circular Farmac\u00e8utica: Ja disponible l\u2019edici\u00f3 del tercer quadrimestre - Col\u00b7legi de Farmac\u00e8utics de Barcelona\" \/>\n<meta property=\"og:description\" content=\"Ja es pot accedir a un\u00a0nou n\u00famero de la Circular Farmac\u00e8utica, la publicaci\u00f3 cient\u00edfica\u00a0que edita el Col\u00b7legi de Farmac\u00e8utics de Barcelona\u00a0i que recull articles elaborats per professionals sanitaris de reconegut prestigi per a donar a con\u00e8ixer les novetats terap\u00e8utiques, aix\u00ed com continguts relacionats amb l&#8217;atenci\u00f3 farmac\u00e8utica i la salut p\u00fablica.\u00a0 [&hellip;]\" \/>\n<meta property=\"og:url\" content=\"https:\/\/novaorg.cofb.net\/2021\/01\/27\/circular-farmaceutica-ja-disponible-ledicio-tercer-quadrimestre\/\" \/>\n<meta property=\"og:site_name\" content=\"Col\u00b7legi de Farmac\u00e8utics de Barcelona\" \/>\n<meta property=\"article:publisher\" content=\"https:\/\/www.facebook.com\/farmaceuticsbcn\/\" \/>\n<meta property=\"article:published_time\" content=\"2021-01-27T17:21:38+00:00\" \/>\n<meta name=\"author\" content=\"wpAdminCofbOrg\" \/>\n<meta name=\"twitter:card\" content=\"summary_large_image\" \/>\n<meta name=\"twitter:creator\" content=\"@farmaceuticsbcn\" \/>\n<meta name=\"twitter:site\" content=\"@farmaceuticsbcn\" \/>\n<meta name=\"twitter:label1\" content=\"Escrit per\" \/>\n\t<meta name=\"twitter:data1\" content=\"wpAdminCofbOrg\" \/>\n\t<meta name=\"twitter:label2\" content=\"Temps estimat de lectura\" \/>\n\t<meta name=\"twitter:data2\" content=\"2 minuts\" \/>\n<script type=\"application\/ld+json\" class=\"yoast-schema-graph\">{\"@context\":\"https:\/\/schema.org\",\"@graph\":[{\"@type\":\"Article\",\"@id\":\"https:\/\/novaorg.cofb.net\/2021\/01\/27\/circular-farmaceutica-ja-disponible-ledicio-tercer-quadrimestre\/#article\",\"isPartOf\":{\"@id\":\"https:\/\/novaorg.cofb.net\/2021\/01\/27\/circular-farmaceutica-ja-disponible-ledicio-tercer-quadrimestre\/\"},\"author\":{\"name\":\"wpAdminCofbOrg\",\"@id\":\"https:\/\/www.cofb.org\/#\/schema\/person\/22ed7eea88da74b0fa4d3154ad87ffcb\"},\"headline\":\"Circular Farmac\u00e8utica: Ja disponible l\u2019edici\u00f3 del tercer quadrimestre\",\"datePublished\":\"2021-01-27T17:21:38+00:00\",\"dateModified\":\"2021-01-27T17:21:38+00:00\",\"mainEntityOfPage\":{\"@id\":\"https:\/\/novaorg.cofb.net\/2021\/01\/27\/circular-farmaceutica-ja-disponible-ledicio-tercer-quadrimestre\/\"},\"wordCount\":356,\"commentCount\":0,\"publisher\":{\"@id\":\"https:\/\/www.cofb.org\/#organization\"},\"image\":{\"@id\":\"https:\/\/novaorg.cofb.net\/2021\/01\/27\/circular-farmaceutica-ja-disponible-ledicio-tercer-quadrimestre\/#primaryimage\"},\"thumbnailUrl\":\"\",\"keywords\":[\"Actualitat COVID\",\"Alimentaci\u00f3 i nutrici\u00f3\",\"artritis\",\"atenci\u00f3 farmac\u00e8utica a resid\u00e8ncies\",\"casos cl\u00ednics\",\"COVID-19\",\"farmac\u00e8utics innovadors\",\"farmacoter\u00e0pia\",\"pand\u00e8mia\",\"pand\u00e8mia de COVID\",\"Plantes Medicinals\",\"poliomelitis\",\"resid\u00e8ncies\",\"Salut p\u00fablica\"],\"articleSection\":[\"Destacats\",\"M\u00f3n col\u00b7legial\"],\"inLanguage\":\"ca\",\"potentialAction\":[{\"@type\":\"CommentAction\",\"name\":\"Comment\",\"target\":[\"https:\/\/novaorg.cofb.net\/2021\/01\/27\/circular-farmaceutica-ja-disponible-ledicio-tercer-quadrimestre\/#respond\"]}]},{\"@type\":\"WebPage\",\"@id\":\"https:\/\/novaorg.cofb.net\/2021\/01\/27\/circular-farmaceutica-ja-disponible-ledicio-tercer-quadrimestre\/\",\"url\":\"https:\/\/novaorg.cofb.net\/2021\/01\/27\/circular-farmaceutica-ja-disponible-ledicio-tercer-quadrimestre\/\",\"name\":\"Circular Farmac\u00e8utica: Ja disponible l\u2019edici\u00f3 del tercer quadrimestre - Col\u00b7legi de Farmac\u00e8utics de Barcelona\",\"isPartOf\":{\"@id\":\"https:\/\/www.cofb.org\/#website\"},\"primaryImageOfPage\":{\"@id\":\"https:\/\/novaorg.cofb.net\/2021\/01\/27\/circular-farmaceutica-ja-disponible-ledicio-tercer-quadrimestre\/#primaryimage\"},\"image\":{\"@id\":\"https:\/\/novaorg.cofb.net\/2021\/01\/27\/circular-farmaceutica-ja-disponible-ledicio-tercer-quadrimestre\/#primaryimage\"},\"thumbnailUrl\":\"\",\"datePublished\":\"2021-01-27T17:21:38+00:00\",\"dateModified\":\"2021-01-27T17:21:38+00:00\",\"breadcrumb\":{\"@id\":\"https:\/\/novaorg.cofb.net\/2021\/01\/27\/circular-farmaceutica-ja-disponible-ledicio-tercer-quadrimestre\/#breadcrumb\"},\"inLanguage\":\"ca\",\"potentialAction\":[{\"@type\":\"ReadAction\",\"target\":[\"https:\/\/novaorg.cofb.net\/2021\/01\/27\/circular-farmaceutica-ja-disponible-ledicio-tercer-quadrimestre\/\"]}]},{\"@type\":\"ImageObject\",\"inLanguage\":\"ca\",\"@id\":\"https:\/\/novaorg.cofb.net\/2021\/01\/27\/circular-farmaceutica-ja-disponible-ledicio-tercer-quadrimestre\/#primaryimage\",\"url\":\"\",\"contentUrl\":\"\"},{\"@type\":\"BreadcrumbList\",\"@id\":\"https:\/\/novaorg.cofb.net\/2021\/01\/27\/circular-farmaceutica-ja-disponible-ledicio-tercer-quadrimestre\/#breadcrumb\",\"itemListElement\":[{\"@type\":\"ListItem\",\"position\":1,\"name\":\"Inici\",\"item\":\"https:\/\/novaorg.cofb.net\/\"},{\"@type\":\"ListItem\",\"position\":2,\"name\":\"Circular Farmac\u00e8utica: Ja disponible l\u2019edici\u00f3 del tercer quadrimestre\"}]},{\"@type\":\"WebSite\",\"@id\":\"https:\/\/www.cofb.org\/#website\",\"url\":\"https:\/\/www.cofb.org\/\",\"name\":\"Col\u00b7legi de Farmac\u00e8utics de Barcelona\",\"description\":\"\",\"publisher\":{\"@id\":\"https:\/\/www.cofb.org\/#organization\"},\"potentialAction\":[{\"@type\":\"SearchAction\",\"target\":{\"@type\":\"EntryPoint\",\"urlTemplate\":\"https:\/\/www.cofb.org\/?s={search_term_string}\"},\"query-input\":\"required name=search_term_string\"}],\"inLanguage\":\"ca\"},{\"@type\":\"Organization\",\"@id\":\"https:\/\/www.cofb.org\/#organization\",\"name\":\"Col\u00b7legi de Farmac\u00e8utics de Barcelona\",\"url\":\"https:\/\/www.cofb.org\/\",\"logo\":{\"@type\":\"ImageObject\",\"inLanguage\":\"ca\",\"@id\":\"https:\/\/www.cofb.org\/#\/schema\/logo\/image\/\",\"url\":\"https:\/\/www.cofb.org\/wp-content\/uploads\/2023\/11\/cropped-Logotip-COFB.png\",\"contentUrl\":\"https:\/\/www.cofb.org\/wp-content\/uploads\/2023\/11\/cropped-Logotip-COFB.png\",\"width\":500,\"height\":105,\"caption\":\"Col\u00b7legi de Farmac\u00e8utics de Barcelona\"},\"image\":{\"@id\":\"https:\/\/www.cofb.org\/#\/schema\/logo\/image\/\"},\"sameAs\":[\"https:\/\/www.facebook.com\/farmaceuticsbcn\/\",\"https:\/\/twitter.com\/farmaceuticsbcn\",\"https:\/\/www.instagram.com\/farmaceuticsbcn\/\",\"https:\/\/www.linkedin.com\/company\/farmaceuticsbcn\/\"]},{\"@type\":\"Person\",\"@id\":\"https:\/\/www.cofb.org\/#\/schema\/person\/22ed7eea88da74b0fa4d3154ad87ffcb\",\"name\":\"wpAdminCofbOrg\",\"image\":{\"@type\":\"ImageObject\",\"inLanguage\":\"ca\",\"@id\":\"https:\/\/www.cofb.org\/#\/schema\/person\/image\/\",\"url\":\"https:\/\/secure.gravatar.com\/avatar\/1721b20b3b8ca882c3b56ec6c978c594fff670e40c0718e9190eaeeb76aae7d8?s=96&d=mm&r=g\",\"contentUrl\":\"https:\/\/secure.gravatar.com\/avatar\/1721b20b3b8ca882c3b56ec6c978c594fff670e40c0718e9190eaeeb76aae7d8?s=96&d=mm&r=g\",\"caption\":\"wpAdminCofbOrg\"},\"sameAs\":[\"http:\/\/192.168.64.122\/wordpress\"],\"url\":\"https:\/\/www.cofb.org\/ca\/author\/wpadmincofborg\/\"}]}<\/script>\n<!-- \/ Yoast SEO plugin. -->","yoast_head_json":{"title":"Circular Farmac\u00e8utica: Ja disponible l\u2019edici\u00f3 del tercer quadrimestre - Col\u00b7legi de Farmac\u00e8utics de Barcelona","robots":{"index":"index","follow":"follow","max-snippet":"max-snippet:-1","max-image-preview":"max-image-preview:large","max-video-preview":"max-video-preview:-1"},"canonical":"https:\/\/novaorg.cofb.net\/2021\/01\/27\/circular-farmaceutica-ja-disponible-ledicio-tercer-quadrimestre\/","og_locale":"ca_ES","og_type":"article","og_title":"Circular Farmac\u00e8utica: Ja disponible l\u2019edici\u00f3 del tercer quadrimestre - Col\u00b7legi de Farmac\u00e8utics de Barcelona","og_description":"Ja es pot accedir a un\u00a0nou n\u00famero de la Circular Farmac\u00e8utica, la publicaci\u00f3 cient\u00edfica\u00a0que edita el Col\u00b7legi de Farmac\u00e8utics de Barcelona\u00a0i que recull articles elaborats per professionals sanitaris de reconegut prestigi per a donar a con\u00e8ixer les novetats terap\u00e8utiques, aix\u00ed com continguts relacionats amb l&#8217;atenci\u00f3 farmac\u00e8utica i la salut p\u00fablica.\u00a0 [&hellip;]","og_url":"https:\/\/novaorg.cofb.net\/2021\/01\/27\/circular-farmaceutica-ja-disponible-ledicio-tercer-quadrimestre\/","og_site_name":"Col\u00b7legi de Farmac\u00e8utics de Barcelona","article_publisher":"https:\/\/www.facebook.com\/farmaceuticsbcn\/","article_published_time":"2021-01-27T17:21:38+00:00","author":"wpAdminCofbOrg","twitter_card":"summary_large_image","twitter_creator":"@farmaceuticsbcn","twitter_site":"@farmaceuticsbcn","twitter_misc":{"Escrit per":"wpAdminCofbOrg","Temps estimat de lectura":"2 minuts"},"schema":{"@context":"https:\/\/schema.org","@graph":[{"@type":"Article","@id":"https:\/\/novaorg.cofb.net\/2021\/01\/27\/circular-farmaceutica-ja-disponible-ledicio-tercer-quadrimestre\/#article","isPartOf":{"@id":"https:\/\/novaorg.cofb.net\/2021\/01\/27\/circular-farmaceutica-ja-disponible-ledicio-tercer-quadrimestre\/"},"author":{"name":"wpAdminCofbOrg","@id":"https:\/\/www.cofb.org\/#\/schema\/person\/22ed7eea88da74b0fa4d3154ad87ffcb"},"headline":"Circular Farmac\u00e8utica: Ja disponible l\u2019edici\u00f3 del tercer quadrimestre","datePublished":"2021-01-27T17:21:38+00:00","dateModified":"2021-01-27T17:21:38+00:00","mainEntityOfPage":{"@id":"https:\/\/novaorg.cofb.net\/2021\/01\/27\/circular-farmaceutica-ja-disponible-ledicio-tercer-quadrimestre\/"},"wordCount":356,"commentCount":0,"publisher":{"@id":"https:\/\/www.cofb.org\/#organization"},"image":{"@id":"https:\/\/novaorg.cofb.net\/2021\/01\/27\/circular-farmaceutica-ja-disponible-ledicio-tercer-quadrimestre\/#primaryimage"},"thumbnailUrl":"","keywords":["Actualitat COVID","Alimentaci\u00f3 i nutrici\u00f3","artritis","atenci\u00f3 farmac\u00e8utica a resid\u00e8ncies","casos cl\u00ednics","COVID-19","farmac\u00e8utics innovadors","farmacoter\u00e0pia","pand\u00e8mia","pand\u00e8mia de COVID","Plantes Medicinals","poliomelitis","resid\u00e8ncies","Salut p\u00fablica"],"articleSection":["Destacats","M\u00f3n col\u00b7legial"],"inLanguage":"ca","potentialAction":[{"@type":"CommentAction","name":"Comment","target":["https:\/\/novaorg.cofb.net\/2021\/01\/27\/circular-farmaceutica-ja-disponible-ledicio-tercer-quadrimestre\/#respond"]}]},{"@type":"WebPage","@id":"https:\/\/novaorg.cofb.net\/2021\/01\/27\/circular-farmaceutica-ja-disponible-ledicio-tercer-quadrimestre\/","url":"https:\/\/novaorg.cofb.net\/2021\/01\/27\/circular-farmaceutica-ja-disponible-ledicio-tercer-quadrimestre\/","name":"Circular Farmac\u00e8utica: Ja disponible l\u2019edici\u00f3 del tercer quadrimestre - Col\u00b7legi de Farmac\u00e8utics de Barcelona","isPartOf":{"@id":"https:\/\/www.cofb.org\/#website"},"primaryImageOfPage":{"@id":"https:\/\/novaorg.cofb.net\/2021\/01\/27\/circular-farmaceutica-ja-disponible-ledicio-tercer-quadrimestre\/#primaryimage"},"image":{"@id":"https:\/\/novaorg.cofb.net\/2021\/01\/27\/circular-farmaceutica-ja-disponible-ledicio-tercer-quadrimestre\/#primaryimage"},"thumbnailUrl":"","datePublished":"2021-01-27T17:21:38+00:00","dateModified":"2021-01-27T17:21:38+00:00","breadcrumb":{"@id":"https:\/\/novaorg.cofb.net\/2021\/01\/27\/circular-farmaceutica-ja-disponible-ledicio-tercer-quadrimestre\/#breadcrumb"},"inLanguage":"ca","potentialAction":[{"@type":"ReadAction","target":["https:\/\/novaorg.cofb.net\/2021\/01\/27\/circular-farmaceutica-ja-disponible-ledicio-tercer-quadrimestre\/"]}]},{"@type":"ImageObject","inLanguage":"ca","@id":"https:\/\/novaorg.cofb.net\/2021\/01\/27\/circular-farmaceutica-ja-disponible-ledicio-tercer-quadrimestre\/#primaryimage","url":"","contentUrl":""},{"@type":"BreadcrumbList","@id":"https:\/\/novaorg.cofb.net\/2021\/01\/27\/circular-farmaceutica-ja-disponible-ledicio-tercer-quadrimestre\/#breadcrumb","itemListElement":[{"@type":"ListItem","position":1,"name":"Inici","item":"https:\/\/novaorg.cofb.net\/"},{"@type":"ListItem","position":2,"name":"Circular Farmac\u00e8utica: Ja disponible l\u2019edici\u00f3 del tercer quadrimestre"}]},{"@type":"WebSite","@id":"https:\/\/www.cofb.org\/#website","url":"https:\/\/www.cofb.org\/","name":"Col\u00b7legi de Farmac\u00e8utics de Barcelona","description":"","publisher":{"@id":"https:\/\/www.cofb.org\/#organization"},"potentialAction":[{"@type":"SearchAction","target":{"@type":"EntryPoint","urlTemplate":"https:\/\/www.cofb.org\/?s={search_term_string}"},"query-input":"required name=search_term_string"}],"inLanguage":"ca"},{"@type":"Organization","@id":"https:\/\/www.cofb.org\/#organization","name":"Col\u00b7legi de Farmac\u00e8utics de Barcelona","url":"https:\/\/www.cofb.org\/","logo":{"@type":"ImageObject","inLanguage":"ca","@id":"https:\/\/www.cofb.org\/#\/schema\/logo\/image\/","url":"https:\/\/www.cofb.org\/wp-content\/uploads\/2023\/11\/cropped-Logotip-COFB.png","contentUrl":"https:\/\/www.cofb.org\/wp-content\/uploads\/2023\/11\/cropped-Logotip-COFB.png","width":500,"height":105,"caption":"Col\u00b7legi de Farmac\u00e8utics de Barcelona"},"image":{"@id":"https:\/\/www.cofb.org\/#\/schema\/logo\/image\/"},"sameAs":["https:\/\/www.facebook.com\/farmaceuticsbcn\/","https:\/\/twitter.com\/farmaceuticsbcn","https:\/\/www.instagram.com\/farmaceuticsbcn\/","https:\/\/www.linkedin.com\/company\/farmaceuticsbcn\/"]},{"@type":"Person","@id":"https:\/\/www.cofb.org\/#\/schema\/person\/22ed7eea88da74b0fa4d3154ad87ffcb","name":"wpAdminCofbOrg","image":{"@type":"ImageObject","inLanguage":"ca","@id":"https:\/\/www.cofb.org\/#\/schema\/person\/image\/","url":"https:\/\/secure.gravatar.com\/avatar\/1721b20b3b8ca882c3b56ec6c978c594fff670e40c0718e9190eaeeb76aae7d8?s=96&d=mm&r=g","contentUrl":"https:\/\/secure.gravatar.com\/avatar\/1721b20b3b8ca882c3b56ec6c978c594fff670e40c0718e9190eaeeb76aae7d8?s=96&d=mm&r=g","caption":"wpAdminCofbOrg"},"sameAs":["http:\/\/192.168.64.122\/wordpress"],"url":"https:\/\/www.cofb.org\/ca\/author\/wpadmincofborg\/"}]}},"uagb_featured_image_src":{"full":false,"thumbnail":false,"medium":false,"medium_large":false,"large":false,"1536x1536":false,"2048x2048":false,"trp-custom-language-flag":false},"uagb_author_info":{"display_name":"wpAdminCofbOrg","author_link":"https:\/\/www.cofb.org\/ca\/author\/wpadmincofborg\/"},"uagb_comment_info":0,"uagb_excerpt":"Ja es pot accedir a un\u00a0nou n\u00famero de la Circular Farmac\u00e8utica, la publicaci\u00f3 cient\u00edfica\u00a0que edita el Col\u00b7legi de Farmac\u00e8utics de Barcelona\u00a0i que recull articles elaborats per professionals sanitaris de reconegut prestigi per a donar a con\u00e8ixer les novetats terap\u00e8utiques, aix\u00ed com continguts relacionats amb l&#8217;atenci\u00f3 farmac\u00e8utica i la salut p\u00fablica.\u00a0 [&hellip;]","_links":{"self":[{"href":"https:\/\/www.cofb.org\/ca\/wp-json\/wp\/v2\/posts\/53989","targetHints":{"allow":["GET"]}}],"collection":[{"href":"https:\/\/www.cofb.org\/ca\/wp-json\/wp\/v2\/posts"}],"about":[{"href":"https:\/\/www.cofb.org\/ca\/wp-json\/wp\/v2\/types\/post"}],"author":[{"embeddable":true,"href":"https:\/\/www.cofb.org\/ca\/wp-json\/wp\/v2\/users\/1"}],"replies":[{"embeddable":true,"href":"https:\/\/www.cofb.org\/ca\/wp-json\/wp\/v2\/comments?post=53989"}],"version-history":[{"count":0,"href":"https:\/\/www.cofb.org\/ca\/wp-json\/wp\/v2\/posts\/53989\/revisions"}],"wp:featuredmedia":[{"embeddable":true,"href":"https:\/\/www.cofb.org\/ca\/wp-json\/"}],"wp:attachment":[{"href":"https:\/\/www.cofb.org\/ca\/wp-json\/wp\/v2\/media?parent=53989"}],"wp:term":[{"taxonomy":"category","embeddable":true,"href":"https:\/\/www.cofb.org\/ca\/wp-json\/wp\/v2\/categories?post=53989"},{"taxonomy":"post_tag","embeddable":true,"href":"https:\/\/www.cofb.org\/ca\/wp-json\/wp\/v2\/tags?post=53989"}],"curies":[{"name":"wp","href":"https:\/\/api.w.org\/{rel}","templated":true}]}}