{"id":53964,"date":"2021-01-26T12:29:11","date_gmt":"2021-01-26T10:29:11","guid":{"rendered":"https:\/\/blog.cofb.cat\/?p=53964"},"modified":"2021-01-26T12:29:11","modified_gmt":"2021-01-26T10:29:11","slug":"mes-90-dels-usuaris-que-shan-format-agora-nutricio-salut-recomanarien-cursos","status":"publish","type":"post","link":"https:\/\/www.cofb.org\/ca\/2021\/01\/26\/mes-90-dels-usuaris-que-shan-format-agora-nutricio-salut-recomanarien-cursos\/","title":{"rendered":"M\u00e9s del 90% dels usuaris que s\u2019han format amb \u00c0gora de Nutrici\u00f3 i Salut recomanarien els seus cursos"},"content":{"rendered":"<p>L&#8217;\u00e0rea formativa <a href=\"https:\/\/www.agorasanitaria.com\/registronutricionysalud\/\">\u00c0gora de Nutrici\u00f3 i Salut<\/a>, impulsada pels Col\u00b7legis de Farmac\u00e8utics de <a href=\"https:\/\/www.cofb.org\/\">Barcelona<\/a> i <a href=\"https:\/\/www.cofm.es\/\">Madrid<\/a>\u00a0-a trav\u00e9s d&#8217;<a href=\"https:\/\/www.agorasanitaria.com\/\">\u00c0gora Sanit\u00e0ria<\/a>&#8211; i <a href=\"https:\/\/www.nestlehealthscience.es\/\">Nestl\u00e9 Health Science<\/a>, tanca el 2020 amb una valoraci\u00f3 molt positiva per part dels farmac\u00e8utics: puntuen amb una mitjana de <strong>8,7 punts<\/strong> les formacions del portal i<strong> m\u00e9s del 90% recomanaria la realitzaci\u00f3 dels cursos.<\/strong><\/p>\n<p>Es tracta d&#8217;una de les xifres m\u00e9s destacades d&#8217;aquest \u00faltim any, un 2020 en qu\u00e8, malgrat la <strong>crisi sanit\u00e0ria<\/strong> provocada per la COVID-19, les formacions\u00a0<strong>\u201cControl de pes en la farm\u00e0cia comunit\u00e0ria\u201d <\/strong>(novetat del 2020), <strong>\u201cAlimentaci\u00f3 en l&#8217;adult\u201d<\/strong> i \u201c<strong>Disf\u00e0gia, intervenci\u00f3 farmac\u00e8utica i solucions<\/strong>\u201d han comptat amb una\u00a0<strong>mitjana de m\u00e9s de 400 inscrits<\/strong>. En totes elles, s&#8217;ha potenciat el paper de la farm\u00e0cia en el<strong> consell nutricional<\/strong> i en la valoraci\u00f3 de l&#8217;estat nutricional, la recomanaci\u00f3 d&#8217;exercici f\u00edsic i de productes basats en l&#8217;evid\u00e8ncia, aix\u00ed com la import\u00e0ncia del coaching nutricional.<\/p>\n<p><a href=\"https:\/\/blog.cofb.cat\/wp-content\/uploads\/2019\/05\/Agora-de-nutrici\u00f3n-y-salud.jpg\"><img fetchpriority=\"high\" decoding=\"async\" class=\"aligncenter size-large wp-image-45601\" src=\"https:\/\/blog.cofb.cat\/wp-content\/uploads\/2019\/05\/Agora-de-nutrici\u00f3n-y-salud-1024x468.jpg\" alt=\"\" width=\"620\" height=\"283\" \/><\/a><\/p>\n<h1><strong>Recursos per a la farm\u00e0cia sobre requeriments nutricionals durant la pand\u00e8mia<\/strong><\/h1>\n<p>En el marc de la COVID-19, s&#8217;ha proporcionat als m\u00e9s de 2.500 usuaris d&#8217;\u00c0gora de Nutrici\u00f3 i Salut recursos lligats a requeriments nutricionals durant la pand\u00e8mia, enfocats tant a l&#8217;etapa del confinament, com a situacions concretes, com el sobrep\u00e8s o la disf\u00e0gia. Tamb\u00e9 s&#8217;han abordat espec\u00edficament els problemes de degluci\u00f3 derivats de persones que han passat la malaltia, aix\u00ed com la relaci\u00f3 entre alimentaci\u00f3 i salut cerebral.<\/p>\n<div class=\"box info\"><\/p>\n<h1><strong>El webinar i els casos pr\u00e0ctics de consell nutricional, nous formats formatius del 2020<\/strong><\/h1>\n<p>En aquest sentit, <a href=\"https:\/\/www.agorasanitaria.com\/\">\u00c0gora Sanit\u00e0ria<\/a> i <a href=\"https:\/\/www.nestlehealthscience.es\/\">Nestl\u00e9 Health Science<\/a> han impulsat el <strong>webinar<\/strong> com a nou format formatiu, abordant temes com\u00a0<strong>\u201cRequeriments nutricionals del pacient postcovid\u201d<\/strong>, amb m\u00e9s de 400 inscrits. En aquesta formaci\u00f3, es va partir de la premissa que el<strong> suport nutricional<\/strong> \u00e9s essencial durant l&#8217;hospitalitzaci\u00f3, per\u00f2 tamb\u00e9 en el proc\u00e9s de recuperaci\u00f3, clau per prevenir complicacions futures, una convalesc\u00e8ncia prolongada i aconseguir, per tant, la progressiva capacitaci\u00f3 del pacient.<\/p>\n<p>Un altre nou format introdu\u00eft el 2020 han estat els <strong>casos pr\u00e0ctics de consell nutricional<\/strong>, on s&#8217;han tractat temes com la <strong>dieta restrictiva<\/strong> o la <strong>intoler\u00e0ncia a la lactosa<\/strong>. En aquest \u00faltim any, tamb\u00e9 s&#8217;ha col\u00b7laborat amb <strong>experts de l&#8217;entorn farmac\u00e8utic <\/strong>i amb<strong> institucions<\/strong>, com l&#8217;Hospital Cl\u00ednic de Barcelona o Barcelona Brain Health Initiative.<\/p>\n<p><\/div>\n<p><a href=\"https:\/\/blog.cofb.cat\/wp-content\/uploads\/2021\/01\/Dieta-Mediterr\u00e1nea.png\"><img decoding=\"async\" class=\"aligncenter size-full wp-image-53984\" src=\"https:\/\/blog.cofb.cat\/wp-content\/uploads\/2021\/01\/Dieta-Mediterr\u00e1nea.png\" alt=\"\" width=\"944\" height=\"505\" \/><\/a><\/p>\n<h1><strong>Campanya per a la promoci\u00f3 d&#8217;un envelliment saludable a la farm\u00e0cia comunit\u00e0ria, la principal novetat del 2021<\/strong><\/h1>\n<p>\u00c0gora de Nutrici\u00f3 i Salut presentar\u00e0 el\u00a0<strong>2021<\/strong> una <strong>campanya d&#8217;intervenci\u00f3 farmac\u00e8utica per a la promoci\u00f3 d&#8217;un envelliment saludable a partir del consell nutricional i de l&#8217;exercici f\u00edsic<\/strong>, que, tal com es va anunciar en el seu llan\u00e7ament l&#8217;any 2019, ser\u00e0 l&#8217;eix central del tercer any de relaci\u00f3 entre els Col\u00b7legis de Farmac\u00e8utics de Barcelona i Madrid i Nestl\u00e9 Health Science. En el marc d&#8217;aquesta campanya, es persegueixen tres grans objectius:<\/p>\n<ul>\n<li><strong>Ajudar a millorar l&#8217;estat nutricional i de salut dels adults majors de 65 anys, a trav\u00e9s de la intervenci\u00f3 del farmac\u00e8utic.<\/strong><\/li>\n<li>Implementar un <strong>protocol de cribratge per a persones majors de 65 anys<\/strong>, a trav\u00e9s d&#8217;eines de detecci\u00f3 preco\u00e7 de la desnutrici\u00f3 i risc de sarcop\u00e8nia en el context de la farm\u00e0cia comunit\u00e0ria que sigui factible i generalitzat.<\/li>\n<li>\u00a0<strong>Formar el farmac\u00e8utic per a una correcta intervenci\u00f3<\/strong> mitjan\u00e7ant l&#8217;educaci\u00f3 sanit\u00e0ria, el consell alimentari, la recomanaci\u00f3 nutricional si es precisa, aix\u00ed com la realitzaci\u00f3 d&#8217;activitat f\u00edsica de forma personalitzada.<\/li>\n<\/ul>\n<h2><span style=\"color: #008080;\"><strong>Presentaci\u00f3 de la campanya<\/strong><\/span><\/h2>\n<p>La presentaci\u00f3 oficial d&#8217;aquesta campanya est\u00e0 prevista per al <strong>4 de mar\u00e7<\/strong>\u00a0per part de les vocalies d&#8217;Alimentaci\u00f3 i Nutrici\u00f3 dels Col\u00b7legis de Farmac\u00e8utics de <strong>Madrid<\/strong> i <strong>Barcelona<\/strong> i amb la intervenci\u00f3 conjunta del <strong>Dr. Marco Inzitari<\/strong>, metge especialista en geriatria, director d&#8217;Atenci\u00f3 Interm\u00e8dia, Recerca i Doc\u00e8ncia del Parc Sanitari Pere Virgili (Barcelona) i president de la Societat Catalana de Geriatria i Gerontologia, i <strong>Guillermo Bagar\u00eda<\/strong>, vocal d&#8217;Oficina de Farm\u00e0cia del Col\u00b7legi de Farmac\u00e8utics de Barcelona. Tots aquells farmac\u00e8utics interessats a assistir a la confer\u00e8ncia-presentaci\u00f3, que es retransmetr\u00e0 via webinar, poden inscriure&#8217;s des d&#8217;avui a\u00a0<a href=\"http:\/\/www.agorasanitaria.com\">www.agorasanitaria.com<\/a>.<\/p>\n<p>Aix\u00ed mateix, es continuar\u00e0 donant suport a la formaci\u00f3 en alimentaci\u00f3 i nutrici\u00f3 de l&#8217;adult mitjan\u00e7ant noves edicions dels cursos sobre disf\u00e0gia, control de pes i alimentaci\u00f3 saludable. Tal com s&#8217;ha fet durant tot aquest temps, aquests cursos es completaran amb bibliografies digerides, infografies sobre temes concrets, webinars i videoentrevistes amb experts i m\u00e9s casos pr\u00e0ctics de consell nutricional.<\/p>\n<p><strong>Altres publicacions d&#8217;inter\u00e8s:<\/strong><\/p>\n<ul>\n<li><a href=\"https:\/\/blog.cofb.cat\/en-marxa-lagora-de-nutricio-i-salut-per-incidir-en-lalimentacio-saludable-dadults-i-persones-grans\/https:\/\/blog.cofb.cat\/en-marxa-lagora-de-nutricio-i-salut-per-incidir-en-lalimentacio-saludable-dadults-i-persones-grans\/\" target=\"_blank\" rel=\"noopener\">En marxa l\u2019\u00c0gora de Nutrici\u00f3 i Salut per incidir en l\u2019alimentaci\u00f3 saludable d\u2019adults i persones grans (Maig 2019)<\/a><\/li>\n<li><a href=\"https:\/\/blog.cofb.cat\/agora-nutricio-salut-posa-marxa-primera-edicio-curs-sobre-intervencio-farmaceutica-disfagia\/\" target=\"_blank\" rel=\"noopener\">\u00c0gora de Nutrici\u00f3 i Salut posa en marxa la primera edici\u00f3 del curs sobre intervenci\u00f3 farmac\u00e8utica en disf\u00e0gia (Octubre 2019)<\/a><\/li>\n<\/ul>\n","protected":false},"excerpt":{"rendered":"<p>L&#8217;\u00e0rea formativa \u00c0gora de Nutrici\u00f3 i Salut, impulsada pels Col\u00b7legis de Farmac\u00e8utics de Barcelona i Madrid\u00a0-a trav\u00e9s d&#8217;\u00c0gora Sanit\u00e0ria&#8211; i Nestl\u00e9 Health Science, tanca el 2020 amb una valoraci\u00f3 molt positiva per part dels farmac\u00e8utics: puntuen amb una mitjana de 8,7 punts les formacions del portal i m\u00e9s del 90% [&hellip;]<\/p>\n","protected":false},"author":1,"featured_media":54027,"comment_status":"open","ping_status":"open","sticky":false,"template":"","format":"standard","meta":{"_uag_custom_page_level_css":"","site-sidebar-layout":"default","site-content-layout":"","ast-site-content-layout":"default","site-content-style":"default","site-sidebar-style":"default","ast-global-header-display":"","ast-banner-title-visibility":"","ast-main-header-display":"","ast-hfb-above-header-display":"","ast-hfb-below-header-display":"","ast-hfb-mobile-header-display":"","site-post-title":"","ast-breadcrumbs-content":"","ast-featured-img":"disabled","footer-sml-layout":"","theme-transparent-header-meta":"","adv-header-id-meta":"","stick-header-meta":"","header-above-stick-meta":"","header-main-stick-meta":"","header-below-stick-meta":"","astra-migrate-meta-layouts":"default","ast-page-background-enabled":"default","ast-page-background-meta":{"desktop":{"background-color":"var(--ast-global-color-4)","background-image":"","background-repeat":"repeat","background-position":"center center","background-size":"auto","background-attachment":"scroll","background-type":"","background-media":"","overlay-type":"","overlay-color":"","overlay-opacity":"","overlay-gradient":""},"tablet":{"background-color":"","background-image":"","background-repeat":"repeat","background-position":"center center","background-size":"auto","background-attachment":"scroll","background-type":"","background-media":"","overlay-type":"","overlay-color":"","overlay-opacity":"","overlay-gradient":""},"mobile":{"background-color":"","background-image":"","background-repeat":"repeat","background-position":"center center","background-size":"auto","background-attachment":"scroll","background-type":"","background-media":"","overlay-type":"","overlay-color":"","overlay-opacity":"","overlay-gradient":""}},"ast-content-background-meta":{"desktop":{"background-color":"var(--ast-global-color-5)","background-image":"","background-repeat":"repeat","background-position":"center center","background-size":"auto","background-attachment":"scroll","background-type":"","background-media":"","overlay-type":"","overlay-color":"","overlay-opacity":"","overlay-gradient":""},"tablet":{"background-color":"var(--ast-global-color-5)","background-image":"","background-repeat":"repeat","background-position":"center center","background-size":"auto","background-attachment":"scroll","background-type":"","background-media":"","overlay-type":"","overlay-color":"","overlay-opacity":"","overlay-gradient":""},"mobile":{"background-color":"var(--ast-global-color-5)","background-image":"","background-repeat":"repeat","background-position":"center center","background-size":"auto","background-attachment":"scroll","background-type":"","background-media":"","overlay-type":"","overlay-color":"","overlay-opacity":"","overlay-gradient":""}},"footnotes":""},"categories":[23,57],"tags":[331,109,36,3312,18,110,19,381,333,707,2417,594,68,70,336,4485,46,117,4143,3364],"class_list":["post-53964","post","type-post","status-publish","format-standard","has-post-thumbnail","hentry","category-destacats","category-mon-collegial","tag-agora-de-nutricio-i-salut","tag-agora-sanitaria","tag-alimentacio","tag-alimentacio-equilibrada","tag-cofb","tag-cofm","tag-collegi-de-farmaceutics-de-barcelona","tag-consell-nutricional","tag-disfagia","tag-envelliment","tag-envelliment-actiu","tag-envelliment-saludable","tag-farmacia","tag-formacio","tag-nestle-health-science","tag-nhs","tag-nutricio","tag-salut","tag-sanitaris","tag-vocal-dalimentacio-i-nutricio-del-cofb"],"yoast_head":"<!-- This site is optimized with the Yoast SEO plugin v22.4 - https:\/\/yoast.com\/wordpress\/plugins\/seo\/ -->\n<title>M\u00e9s del 90% dels usuaris que s\u2019han format amb \u00c0gora de Nutrici\u00f3 i Salut recomanarien els seus cursos - Col\u00b7legi de Farmac\u00e8utics de Barcelona<\/title>\n<meta name=\"description\" content=\"L&#039;\u00e0rea formativa \u00c0gora de Nutrici\u00f3 i Salut, impulsada pels Col\u00b7legis de Farmac\u00e8utics de Barcelona i Madrid\u00a0-a trav\u00e9s d&#039;\u00c0gora Sanit\u00e0ria- i Nestl\u00e9 Health Science, tanca el 2020 amb una valoraci\u00f3 molt positiva per part dels farmac\u00e8utics.\" \/>\n<meta name=\"robots\" content=\"index, follow, max-snippet:-1, max-image-preview:large, max-video-preview:-1\" \/>\n<link rel=\"canonical\" href=\"https:\/\/novaorg.cofb.net\/2021\/01\/26\/mes-90-dels-usuaris-que-shan-format-agora-nutricio-salut-recomanarien-cursos\/\" \/>\n<meta property=\"og:locale\" content=\"ca_ES\" \/>\n<meta property=\"og:type\" content=\"article\" \/>\n<meta property=\"og:title\" content=\"M\u00e9s del 90% dels usuaris que s\u2019han format amb \u00c0gora de Nutrici\u00f3 i Salut recomanarien els seus cursos - Col\u00b7legi de Farmac\u00e8utics de Barcelona\" \/>\n<meta property=\"og:description\" content=\"L&#039;\u00e0rea formativa \u00c0gora de Nutrici\u00f3 i Salut, impulsada pels Col\u00b7legis de Farmac\u00e8utics de Barcelona i Madrid\u00a0-a trav\u00e9s d&#039;\u00c0gora Sanit\u00e0ria- i Nestl\u00e9 Health Science, tanca el 2020 amb una valoraci\u00f3 molt positiva per part dels farmac\u00e8utics.\" \/>\n<meta property=\"og:url\" content=\"https:\/\/novaorg.cofb.net\/2021\/01\/26\/mes-90-dels-usuaris-que-shan-format-agora-nutricio-salut-recomanarien-cursos\/\" \/>\n<meta property=\"og:site_name\" content=\"Col\u00b7legi de Farmac\u00e8utics de Barcelona\" \/>\n<meta property=\"article:publisher\" content=\"https:\/\/www.facebook.com\/farmaceuticsbcn\/\" \/>\n<meta property=\"article:published_time\" content=\"2021-01-26T10:29:11+00:00\" \/>\n<meta name=\"author\" content=\"wpAdminCofbOrg\" \/>\n<meta name=\"twitter:card\" content=\"summary_large_image\" \/>\n<meta name=\"twitter:creator\" content=\"@farmaceuticsbcn\" \/>\n<meta name=\"twitter:site\" content=\"@farmaceuticsbcn\" \/>\n<meta name=\"twitter:label1\" content=\"Escrit per\" \/>\n\t<meta name=\"twitter:data1\" content=\"wpAdminCofbOrg\" \/>\n\t<meta name=\"twitter:label2\" content=\"Temps estimat de lectura\" \/>\n\t<meta name=\"twitter:data2\" content=\"4 minuts\" \/>\n<script type=\"application\/ld+json\" class=\"yoast-schema-graph\">{\"@context\":\"https:\/\/schema.org\",\"@graph\":[{\"@type\":\"Article\",\"@id\":\"https:\/\/novaorg.cofb.net\/2021\/01\/26\/mes-90-dels-usuaris-que-shan-format-agora-nutricio-salut-recomanarien-cursos\/#article\",\"isPartOf\":{\"@id\":\"https:\/\/novaorg.cofb.net\/2021\/01\/26\/mes-90-dels-usuaris-que-shan-format-agora-nutricio-salut-recomanarien-cursos\/\"},\"author\":{\"name\":\"wpAdminCofbOrg\",\"@id\":\"https:\/\/www.cofb.org\/#\/schema\/person\/22ed7eea88da74b0fa4d3154ad87ffcb\"},\"headline\":\"M\u00e9s del 90% dels usuaris que s\u2019han format amb \u00c0gora de Nutrici\u00f3 i Salut recomanarien els seus cursos\",\"datePublished\":\"2021-01-26T10:29:11+00:00\",\"dateModified\":\"2021-01-26T10:29:11+00:00\",\"mainEntityOfPage\":{\"@id\":\"https:\/\/novaorg.cofb.net\/2021\/01\/26\/mes-90-dels-usuaris-que-shan-format-agora-nutricio-salut-recomanarien-cursos\/\"},\"wordCount\":858,\"commentCount\":0,\"publisher\":{\"@id\":\"https:\/\/www.cofb.org\/#organization\"},\"image\":{\"@id\":\"https:\/\/novaorg.cofb.net\/2021\/01\/26\/mes-90-dels-usuaris-que-shan-format-agora-nutricio-salut-recomanarien-cursos\/#primaryimage\"},\"thumbnailUrl\":\"\",\"keywords\":[\"\u00c0gora de Nutrici\u00f3 i Salut\",\"\u00c1gora Sanitaria\",\"alimentaci\u00f3\",\"alimentaci\u00f3 equilibrada\",\"COFB\",\"COFM\",\"Col\u00b7legi de Farmac\u00e8utics de Barcelona\",\"consell nutricional\",\"disf\u00e0gia\",\"envelliment\",\"envelliment actiu\",\"envelliment saludable\",\"Farm\u00e0cia\",\"Formaci\u00f3\",\"Nestl\u00e9 Health Science\",\"NHS\",\"Nutrici\u00f3\",\"salut\",\"sanitaris\",\"Vocal d'Alimentaci\u00f3 i Nutrici\u00f3 del COFB\"],\"articleSection\":[\"Destacats\",\"M\u00f3n col\u00b7legial\"],\"inLanguage\":\"ca\",\"potentialAction\":[{\"@type\":\"CommentAction\",\"name\":\"Comment\",\"target\":[\"https:\/\/novaorg.cofb.net\/2021\/01\/26\/mes-90-dels-usuaris-que-shan-format-agora-nutricio-salut-recomanarien-cursos\/#respond\"]}]},{\"@type\":\"WebPage\",\"@id\":\"https:\/\/novaorg.cofb.net\/2021\/01\/26\/mes-90-dels-usuaris-que-shan-format-agora-nutricio-salut-recomanarien-cursos\/\",\"url\":\"https:\/\/novaorg.cofb.net\/2021\/01\/26\/mes-90-dels-usuaris-que-shan-format-agora-nutricio-salut-recomanarien-cursos\/\",\"name\":\"M\u00e9s del 90% dels usuaris que s\u2019han format amb \u00c0gora de Nutrici\u00f3 i Salut recomanarien els seus cursos - Col\u00b7legi de Farmac\u00e8utics de Barcelona\",\"isPartOf\":{\"@id\":\"https:\/\/www.cofb.org\/#website\"},\"primaryImageOfPage\":{\"@id\":\"https:\/\/novaorg.cofb.net\/2021\/01\/26\/mes-90-dels-usuaris-que-shan-format-agora-nutricio-salut-recomanarien-cursos\/#primaryimage\"},\"image\":{\"@id\":\"https:\/\/novaorg.cofb.net\/2021\/01\/26\/mes-90-dels-usuaris-que-shan-format-agora-nutricio-salut-recomanarien-cursos\/#primaryimage\"},\"thumbnailUrl\":\"\",\"datePublished\":\"2021-01-26T10:29:11+00:00\",\"dateModified\":\"2021-01-26T10:29:11+00:00\",\"description\":\"L'\u00e0rea formativa \u00c0gora de Nutrici\u00f3 i Salut, impulsada pels Col\u00b7legis de Farmac\u00e8utics de Barcelona i Madrid\u00a0-a trav\u00e9s d'\u00c0gora Sanit\u00e0ria- i Nestl\u00e9 Health Science, tanca el 2020 amb una valoraci\u00f3 molt positiva per part dels farmac\u00e8utics.\",\"breadcrumb\":{\"@id\":\"https:\/\/novaorg.cofb.net\/2021\/01\/26\/mes-90-dels-usuaris-que-shan-format-agora-nutricio-salut-recomanarien-cursos\/#breadcrumb\"},\"inLanguage\":\"ca\",\"potentialAction\":[{\"@type\":\"ReadAction\",\"target\":[\"https:\/\/novaorg.cofb.net\/2021\/01\/26\/mes-90-dels-usuaris-que-shan-format-agora-nutricio-salut-recomanarien-cursos\/\"]}]},{\"@type\":\"ImageObject\",\"inLanguage\":\"ca\",\"@id\":\"https:\/\/novaorg.cofb.net\/2021\/01\/26\/mes-90-dels-usuaris-que-shan-format-agora-nutricio-salut-recomanarien-cursos\/#primaryimage\",\"url\":\"\",\"contentUrl\":\"\"},{\"@type\":\"BreadcrumbList\",\"@id\":\"https:\/\/novaorg.cofb.net\/2021\/01\/26\/mes-90-dels-usuaris-que-shan-format-agora-nutricio-salut-recomanarien-cursos\/#breadcrumb\",\"itemListElement\":[{\"@type\":\"ListItem\",\"position\":1,\"name\":\"Inici\",\"item\":\"https:\/\/novaorg.cofb.net\/\"},{\"@type\":\"ListItem\",\"position\":2,\"name\":\"M\u00e9s del 90% dels usuaris que s\u2019han format amb \u00c0gora de Nutrici\u00f3 i Salut recomanarien els seus cursos\"}]},{\"@type\":\"WebSite\",\"@id\":\"https:\/\/www.cofb.org\/#website\",\"url\":\"https:\/\/www.cofb.org\/\",\"name\":\"Col\u00b7legi de Farmac\u00e8utics de Barcelona\",\"description\":\"\",\"publisher\":{\"@id\":\"https:\/\/www.cofb.org\/#organization\"},\"potentialAction\":[{\"@type\":\"SearchAction\",\"target\":{\"@type\":\"EntryPoint\",\"urlTemplate\":\"https:\/\/www.cofb.org\/?s={search_term_string}\"},\"query-input\":\"required name=search_term_string\"}],\"inLanguage\":\"ca\"},{\"@type\":\"Organization\",\"@id\":\"https:\/\/www.cofb.org\/#organization\",\"name\":\"Col\u00b7legi de Farmac\u00e8utics de Barcelona\",\"url\":\"https:\/\/www.cofb.org\/\",\"logo\":{\"@type\":\"ImageObject\",\"inLanguage\":\"ca\",\"@id\":\"https:\/\/www.cofb.org\/#\/schema\/logo\/image\/\",\"url\":\"https:\/\/www.cofb.org\/wp-content\/uploads\/2023\/11\/cropped-Logotip-COFB.png\",\"contentUrl\":\"https:\/\/www.cofb.org\/wp-content\/uploads\/2023\/11\/cropped-Logotip-COFB.png\",\"width\":500,\"height\":105,\"caption\":\"Col\u00b7legi de Farmac\u00e8utics de Barcelona\"},\"image\":{\"@id\":\"https:\/\/www.cofb.org\/#\/schema\/logo\/image\/\"},\"sameAs\":[\"https:\/\/www.facebook.com\/farmaceuticsbcn\/\",\"https:\/\/twitter.com\/farmaceuticsbcn\",\"https:\/\/www.instagram.com\/farmaceuticsbcn\/\",\"https:\/\/www.linkedin.com\/company\/farmaceuticsbcn\/\"]},{\"@type\":\"Person\",\"@id\":\"https:\/\/www.cofb.org\/#\/schema\/person\/22ed7eea88da74b0fa4d3154ad87ffcb\",\"name\":\"wpAdminCofbOrg\",\"image\":{\"@type\":\"ImageObject\",\"inLanguage\":\"ca\",\"@id\":\"https:\/\/www.cofb.org\/#\/schema\/person\/image\/\",\"url\":\"https:\/\/secure.gravatar.com\/avatar\/1721b20b3b8ca882c3b56ec6c978c594fff670e40c0718e9190eaeeb76aae7d8?s=96&d=mm&r=g\",\"contentUrl\":\"https:\/\/secure.gravatar.com\/avatar\/1721b20b3b8ca882c3b56ec6c978c594fff670e40c0718e9190eaeeb76aae7d8?s=96&d=mm&r=g\",\"caption\":\"wpAdminCofbOrg\"},\"sameAs\":[\"http:\/\/192.168.64.122\/wordpress\"],\"url\":\"https:\/\/www.cofb.org\/ca\/author\/wpadmincofborg\/\"}]}<\/script>\n<!-- \/ Yoast SEO plugin. -->","yoast_head_json":{"title":"M\u00e9s del 90% dels usuaris que s\u2019han format amb \u00c0gora de Nutrici\u00f3 i Salut recomanarien els seus cursos - Col\u00b7legi de Farmac\u00e8utics de Barcelona","description":"L'\u00e0rea formativa \u00c0gora de Nutrici\u00f3 i Salut, impulsada pels Col\u00b7legis de Farmac\u00e8utics de Barcelona i Madrid\u00a0-a trav\u00e9s d'\u00c0gora Sanit\u00e0ria- i Nestl\u00e9 Health Science, tanca el 2020 amb una valoraci\u00f3 molt positiva per part dels farmac\u00e8utics.","robots":{"index":"index","follow":"follow","max-snippet":"max-snippet:-1","max-image-preview":"max-image-preview:large","max-video-preview":"max-video-preview:-1"},"canonical":"https:\/\/novaorg.cofb.net\/2021\/01\/26\/mes-90-dels-usuaris-que-shan-format-agora-nutricio-salut-recomanarien-cursos\/","og_locale":"ca_ES","og_type":"article","og_title":"M\u00e9s del 90% dels usuaris que s\u2019han format amb \u00c0gora de Nutrici\u00f3 i Salut recomanarien els seus cursos - Col\u00b7legi de Farmac\u00e8utics de Barcelona","og_description":"L'\u00e0rea formativa \u00c0gora de Nutrici\u00f3 i Salut, impulsada pels Col\u00b7legis de Farmac\u00e8utics de Barcelona i Madrid\u00a0-a trav\u00e9s d'\u00c0gora Sanit\u00e0ria- i Nestl\u00e9 Health Science, tanca el 2020 amb una valoraci\u00f3 molt positiva per part dels farmac\u00e8utics.","og_url":"https:\/\/novaorg.cofb.net\/2021\/01\/26\/mes-90-dels-usuaris-que-shan-format-agora-nutricio-salut-recomanarien-cursos\/","og_site_name":"Col\u00b7legi de Farmac\u00e8utics de Barcelona","article_publisher":"https:\/\/www.facebook.com\/farmaceuticsbcn\/","article_published_time":"2021-01-26T10:29:11+00:00","author":"wpAdminCofbOrg","twitter_card":"summary_large_image","twitter_creator":"@farmaceuticsbcn","twitter_site":"@farmaceuticsbcn","twitter_misc":{"Escrit per":"wpAdminCofbOrg","Temps estimat de lectura":"4 minuts"},"schema":{"@context":"https:\/\/schema.org","@graph":[{"@type":"Article","@id":"https:\/\/novaorg.cofb.net\/2021\/01\/26\/mes-90-dels-usuaris-que-shan-format-agora-nutricio-salut-recomanarien-cursos\/#article","isPartOf":{"@id":"https:\/\/novaorg.cofb.net\/2021\/01\/26\/mes-90-dels-usuaris-que-shan-format-agora-nutricio-salut-recomanarien-cursos\/"},"author":{"name":"wpAdminCofbOrg","@id":"https:\/\/www.cofb.org\/#\/schema\/person\/22ed7eea88da74b0fa4d3154ad87ffcb"},"headline":"M\u00e9s del 90% dels usuaris que s\u2019han format amb \u00c0gora de Nutrici\u00f3 i Salut recomanarien els seus cursos","datePublished":"2021-01-26T10:29:11+00:00","dateModified":"2021-01-26T10:29:11+00:00","mainEntityOfPage":{"@id":"https:\/\/novaorg.cofb.net\/2021\/01\/26\/mes-90-dels-usuaris-que-shan-format-agora-nutricio-salut-recomanarien-cursos\/"},"wordCount":858,"commentCount":0,"publisher":{"@id":"https:\/\/www.cofb.org\/#organization"},"image":{"@id":"https:\/\/novaorg.cofb.net\/2021\/01\/26\/mes-90-dels-usuaris-que-shan-format-agora-nutricio-salut-recomanarien-cursos\/#primaryimage"},"thumbnailUrl":"","keywords":["\u00c0gora de Nutrici\u00f3 i Salut","\u00c1gora Sanitaria","alimentaci\u00f3","alimentaci\u00f3 equilibrada","COFB","COFM","Col\u00b7legi de Farmac\u00e8utics de Barcelona","consell nutricional","disf\u00e0gia","envelliment","envelliment actiu","envelliment saludable","Farm\u00e0cia","Formaci\u00f3","Nestl\u00e9 Health Science","NHS","Nutrici\u00f3","salut","sanitaris","Vocal d'Alimentaci\u00f3 i Nutrici\u00f3 del COFB"],"articleSection":["Destacats","M\u00f3n col\u00b7legial"],"inLanguage":"ca","potentialAction":[{"@type":"CommentAction","name":"Comment","target":["https:\/\/novaorg.cofb.net\/2021\/01\/26\/mes-90-dels-usuaris-que-shan-format-agora-nutricio-salut-recomanarien-cursos\/#respond"]}]},{"@type":"WebPage","@id":"https:\/\/novaorg.cofb.net\/2021\/01\/26\/mes-90-dels-usuaris-que-shan-format-agora-nutricio-salut-recomanarien-cursos\/","url":"https:\/\/novaorg.cofb.net\/2021\/01\/26\/mes-90-dels-usuaris-que-shan-format-agora-nutricio-salut-recomanarien-cursos\/","name":"M\u00e9s del 90% dels usuaris que s\u2019han format amb \u00c0gora de Nutrici\u00f3 i Salut recomanarien els seus cursos - Col\u00b7legi de Farmac\u00e8utics de Barcelona","isPartOf":{"@id":"https:\/\/www.cofb.org\/#website"},"primaryImageOfPage":{"@id":"https:\/\/novaorg.cofb.net\/2021\/01\/26\/mes-90-dels-usuaris-que-shan-format-agora-nutricio-salut-recomanarien-cursos\/#primaryimage"},"image":{"@id":"https:\/\/novaorg.cofb.net\/2021\/01\/26\/mes-90-dels-usuaris-que-shan-format-agora-nutricio-salut-recomanarien-cursos\/#primaryimage"},"thumbnailUrl":"","datePublished":"2021-01-26T10:29:11+00:00","dateModified":"2021-01-26T10:29:11+00:00","description":"L'\u00e0rea formativa \u00c0gora de Nutrici\u00f3 i Salut, impulsada pels Col\u00b7legis de Farmac\u00e8utics de Barcelona i Madrid\u00a0-a trav\u00e9s d'\u00c0gora Sanit\u00e0ria- i Nestl\u00e9 Health Science, tanca el 2020 amb una valoraci\u00f3 molt positiva per part dels farmac\u00e8utics.","breadcrumb":{"@id":"https:\/\/novaorg.cofb.net\/2021\/01\/26\/mes-90-dels-usuaris-que-shan-format-agora-nutricio-salut-recomanarien-cursos\/#breadcrumb"},"inLanguage":"ca","potentialAction":[{"@type":"ReadAction","target":["https:\/\/novaorg.cofb.net\/2021\/01\/26\/mes-90-dels-usuaris-que-shan-format-agora-nutricio-salut-recomanarien-cursos\/"]}]},{"@type":"ImageObject","inLanguage":"ca","@id":"https:\/\/novaorg.cofb.net\/2021\/01\/26\/mes-90-dels-usuaris-que-shan-format-agora-nutricio-salut-recomanarien-cursos\/#primaryimage","url":"","contentUrl":""},{"@type":"BreadcrumbList","@id":"https:\/\/novaorg.cofb.net\/2021\/01\/26\/mes-90-dels-usuaris-que-shan-format-agora-nutricio-salut-recomanarien-cursos\/#breadcrumb","itemListElement":[{"@type":"ListItem","position":1,"name":"Inici","item":"https:\/\/novaorg.cofb.net\/"},{"@type":"ListItem","position":2,"name":"M\u00e9s del 90% dels usuaris que s\u2019han format amb \u00c0gora de Nutrici\u00f3 i Salut recomanarien els seus cursos"}]},{"@type":"WebSite","@id":"https:\/\/www.cofb.org\/#website","url":"https:\/\/www.cofb.org\/","name":"Col\u00b7legi de Farmac\u00e8utics de Barcelona","description":"","publisher":{"@id":"https:\/\/www.cofb.org\/#organization"},"potentialAction":[{"@type":"SearchAction","target":{"@type":"EntryPoint","urlTemplate":"https:\/\/www.cofb.org\/?s={search_term_string}"},"query-input":"required name=search_term_string"}],"inLanguage":"ca"},{"@type":"Organization","@id":"https:\/\/www.cofb.org\/#organization","name":"Col\u00b7legi de Farmac\u00e8utics de Barcelona","url":"https:\/\/www.cofb.org\/","logo":{"@type":"ImageObject","inLanguage":"ca","@id":"https:\/\/www.cofb.org\/#\/schema\/logo\/image\/","url":"https:\/\/www.cofb.org\/wp-content\/uploads\/2023\/11\/cropped-Logotip-COFB.png","contentUrl":"https:\/\/www.cofb.org\/wp-content\/uploads\/2023\/11\/cropped-Logotip-COFB.png","width":500,"height":105,"caption":"Col\u00b7legi de Farmac\u00e8utics de Barcelona"},"image":{"@id":"https:\/\/www.cofb.org\/#\/schema\/logo\/image\/"},"sameAs":["https:\/\/www.facebook.com\/farmaceuticsbcn\/","https:\/\/twitter.com\/farmaceuticsbcn","https:\/\/www.instagram.com\/farmaceuticsbcn\/","https:\/\/www.linkedin.com\/company\/farmaceuticsbcn\/"]},{"@type":"Person","@id":"https:\/\/www.cofb.org\/#\/schema\/person\/22ed7eea88da74b0fa4d3154ad87ffcb","name":"wpAdminCofbOrg","image":{"@type":"ImageObject","inLanguage":"ca","@id":"https:\/\/www.cofb.org\/#\/schema\/person\/image\/","url":"https:\/\/secure.gravatar.com\/avatar\/1721b20b3b8ca882c3b56ec6c978c594fff670e40c0718e9190eaeeb76aae7d8?s=96&d=mm&r=g","contentUrl":"https:\/\/secure.gravatar.com\/avatar\/1721b20b3b8ca882c3b56ec6c978c594fff670e40c0718e9190eaeeb76aae7d8?s=96&d=mm&r=g","caption":"wpAdminCofbOrg"},"sameAs":["http:\/\/192.168.64.122\/wordpress"],"url":"https:\/\/www.cofb.org\/ca\/author\/wpadmincofborg\/"}]}},"uagb_featured_image_src":{"full":false,"thumbnail":false,"medium":false,"medium_large":false,"large":false,"1536x1536":false,"2048x2048":false,"trp-custom-language-flag":false},"uagb_author_info":{"display_name":"wpAdminCofbOrg","author_link":"https:\/\/www.cofb.org\/ca\/author\/wpadmincofborg\/"},"uagb_comment_info":0,"uagb_excerpt":"L&#8217;\u00e0rea formativa \u00c0gora de Nutrici\u00f3 i Salut, impulsada pels Col\u00b7legis de Farmac\u00e8utics de Barcelona i Madrid\u00a0-a trav\u00e9s d&#8217;\u00c0gora Sanit\u00e0ria&#8211; i Nestl\u00e9 Health Science, tanca el 2020 amb una valoraci\u00f3 molt positiva per part dels farmac\u00e8utics: puntuen amb una mitjana de 8,7 punts les formacions del portal i m\u00e9s del 90% [&hellip;]","_links":{"self":[{"href":"https:\/\/www.cofb.org\/ca\/wp-json\/wp\/v2\/posts\/53964","targetHints":{"allow":["GET"]}}],"collection":[{"href":"https:\/\/www.cofb.org\/ca\/wp-json\/wp\/v2\/posts"}],"about":[{"href":"https:\/\/www.cofb.org\/ca\/wp-json\/wp\/v2\/types\/post"}],"author":[{"embeddable":true,"href":"https:\/\/www.cofb.org\/ca\/wp-json\/wp\/v2\/users\/1"}],"replies":[{"embeddable":true,"href":"https:\/\/www.cofb.org\/ca\/wp-json\/wp\/v2\/comments?post=53964"}],"version-history":[{"count":0,"href":"https:\/\/www.cofb.org\/ca\/wp-json\/wp\/v2\/posts\/53964\/revisions"}],"wp:featuredmedia":[{"embeddable":true,"href":"https:\/\/www.cofb.org\/ca\/wp-json\/"}],"wp:attachment":[{"href":"https:\/\/www.cofb.org\/ca\/wp-json\/wp\/v2\/media?parent=53964"}],"wp:term":[{"taxonomy":"category","embeddable":true,"href":"https:\/\/www.cofb.org\/ca\/wp-json\/wp\/v2\/categories?post=53964"},{"taxonomy":"post_tag","embeddable":true,"href":"https:\/\/www.cofb.org\/ca\/wp-json\/wp\/v2\/tags?post=53964"}],"curies":[{"name":"wp","href":"https:\/\/api.w.org\/{rel}","templated":true}]}}