{"id":53792,"date":"2021-02-10T10:53:13","date_gmt":"2021-02-10T08:53:13","guid":{"rendered":"https:\/\/blog.cofb.cat\/?p=53792"},"modified":"2021-02-10T10:53:13","modified_gmt":"2021-02-10T08:53:13","slug":"nova-formacio-sobre-fitoterapia-cofb","status":"publish","type":"post","link":"https:\/\/www.cofb.org\/ca\/2021\/02\/10\/nova-formacio-sobre-fitoterapia-cofb\/","title":{"rendered":"Nova formaci\u00f3 sobre fitoter\u00e0pia al COFB"},"content":{"rendered":"<p>Durant els mesos de gener i febrer han tingut lloc al COFB les sessions\u00a0 de la formaci\u00f3 <strong>&#8220;Fitoter\u00e0pia: Usos i Aplicacions dels olis essencials&#8221;<\/strong>. Es tracta d&#8217;una formaci\u00f3 que ja s&#8217;ha impartit en altres ocasions al Col\u00b7legi i que resulta molt interessant perqu\u00e8 permet abordar els fonaments d&#8217;\u00fas i d\u2019aplicaci\u00f3 dels olis essencials i aprofundir-hi; con\u00e8ixer com aplicar els olis essencials com a eina fitoterap\u00e8utica; saber utilitzar-los en funci\u00f3 de cada afecci\u00f3 i saber\u00a0quines s\u00f3n les diferents vies d\u2019administraci\u00f3 i les posologies per evitar possibles toxicitats. L&#8217;encarregat de coordinar aquest curs va ser <strong>Josep Allu\u00e9<\/strong>, vocal de Plantes Medicinals i Homeopatia del COFB.<\/p>\n<h2><span style=\"color: #008080;\"><strong>Els olis essencials, eina valuosa en la farm\u00e0cia comunit\u00e0ria<\/strong><\/span><\/h2>\n<p>Els olis essencials s\u00f3n <strong>extractes molt concentrats<\/strong> obtinguts per destil\u00b7laci\u00f3 a partir de plantes arom\u00e0tiques com la lavanda i la farigola. De l\u2019\u00fas i l\u2019aplicaci\u00f3 d\u2019aquests olis se\u2019n deriva una ter\u00e0pia natural basada en l\u2019<strong>activitat fitoterap\u00e8utica de les mol\u00e8cules bioqu\u00edmiques<\/strong> que els componen. Hi ha evid\u00e8ncia cient\u00edfica que els olis essencials s\u00f3n efica\u00e7os en camps d\u2019actuaci\u00f3 nombrosos i variats.<\/p>\n<p id=\"yui_patched_v3_11_0_2_1610614755846_27\">Els olis essencials aporten solucions a casos d\u2019infeccions, trastorns articulars, afeccions dermatol\u00f2giques, trastorns del sistema nervi\u00f3s, etc., per aix\u00f2 s\u00f3n una <strong>eina valuosa en la farm\u00e0cia comunit\u00e0ria<\/strong>.<\/p>\n<div class=\"destacat-blog\">\n<h2><strong>Ponents\u00a0<\/strong><\/h2>\n<p>La formaci\u00f3 va comptar amb les intervencions de:<\/p>\n<ul>\n<li><strong>Alfredo Quevedo<\/strong>, llicenciat en Farm\u00e0cia, graduat en naturopatia, institut Euronature (Fran\u00e7a), especialista en olis essencials terap\u00e8utics, responsable cient\u00edfic de Pranar\u00f4m Espa\u00f1a SLU<\/li>\n<li><strong>Maite Castro Albizua<\/strong>, farmac\u00e8utica, formadora, visitadora m\u00e8dica, responsable t\u00e8cnica de Pranar\u00f4m Espa\u00f1a SLU<\/li>\n<li><strong>Matilde Garc\u00eda Monreal<\/strong>, farmac\u00e8utica titular a Val\u00e8ncia, especialista en fitoter\u00e0pia i olis essencials<\/li>\n<\/ul>\n<\/div>\n<p><a href=\"https:\/\/blog.cofb.cat\/wp-content\/uploads\/2021\/01\/Olis-essencials-ok.jpg\"><img fetchpriority=\"high\" decoding=\"async\" class=\"aligncenter size-full wp-image-53848\" src=\"https:\/\/blog.cofb.cat\/wp-content\/uploads\/2021\/01\/Olis-essencials-ok.jpg\" alt=\"\" width=\"800\" height=\"495\" \/><\/a><\/p>\n<div class=\"box info\"><\/div>\n<h1><span style=\"color: #008080;\"><strong>Programa<\/strong><\/span><\/h1>\n<p>Al llarg de la formaci\u00f3, es van abordar els seg\u00fcents continguts:<\/p>\n<h2><strong>Generalitats<\/strong><\/h2>\n<p>Dins d&#8217;aquest primer punt, els ponents van fer una introducci\u00f3 i van exposar les definicions d&#8217;<strong>oli essencial<\/strong>, <strong>ess\u00e8ncia<\/strong> aix\u00ed com dels <strong>criteris de qualitat<\/strong> d&#8217;un oli essencial. A m\u00e9s, van referir-se als\u00a0<strong>olis essencials quimiotipats<\/strong> (OEQT), els <strong>m\u00e8todes d\u2019an\u00e0lisi<\/strong>, cromatografia de gasos amb espectrometria de masses; les <strong>vies d\u2019administraci\u00f3<\/strong> (t\u00f2pica, oral i inhalada), les <strong>precaucions d\u2019utilitzaci\u00f3<\/strong> i <strong>seguretat<\/strong> dels olis essencials en grups espec\u00edfics de poblaci\u00f3 (embar\u00e0s, pediatria, asm\u00e0tics, etc.) i el quadre d\u2019\u00fas segur dels olis essencials m\u00e9s comuns.<\/p>\n<h2><strong>Infectologia<\/strong><\/h2>\n<p>Dins d&#8217;aquest segon bloc, els continguts exposats es van centrar en els mecanismes d\u2019acci\u00f3 dels olis essencials antiinfecciosos, la investigaci\u00f3 i les publicacions cient\u00edfiques i les principals aplicacions pr\u00e0ctiques.<\/p>\n<h2><strong>Sistema respiratori<\/strong><\/h2>\n<p>Pel que fa a aquest tema, a les sessions es va fer refer\u00e8ncia als olis essencials expectorants mucol\u00edtics, als olis essencials antial\u00b7l\u00e8rgics i a les principals aplicacions pr\u00e0ctiques.<\/p>\n<h2><strong>Inflamaci\u00f3 i gesti\u00f3 del dolor<\/strong><\/h2>\n<p>En aquest bloc, els principals conceptes abordats van ser els olis essencials antiinflamatoris, altres olis essencials d&#8217;utilitat en la gesti\u00f3 del dolor, investigaci\u00f3 i publicacions cient\u00edfiques i principals aplicacions pr\u00e0ctiques.<\/p>\n<h2><strong>Sistema circulatori<\/strong><\/h2>\n<p>En relaci\u00f3 amb el sistema circulatori, al llarg de la formaci\u00f3 es van tractar els olis essencials que actuen sobre la circulaci\u00f3 venosa; la gesti\u00f3 de les alteracions de la tensi\u00f3 arterial i les principals aplicacions pr\u00e0ctiques.<\/p>\n<h2><strong>Sistema digestiu<\/strong><\/h2>\n<p>Pel que fa al sistema digestiu, la formaci\u00f3 va fer refer\u00e8ncia als olis essencials digestius,\u00a0antiespasm\u00f2dics,\u00a0carminatius i als altres olis essencials eup\u00e8ptics. Aix\u00ed mateix, tamb\u00e9 es va tractar la import\u00e0ncia sanit\u00e0ria de les cures depuratives, els olis essencials depuratius i les principals aplicacions pr\u00e0ctiques.<\/p>\n<h2><strong>Dermatologia<\/strong><\/h2>\n<p>Pel que fa a l&#8217;\u00e0mbit de la dermatologia, es va fer refer\u00e8ncia als olis essencials en dermatologia i, concretament, als olis essencials antiinflamatoris\/analg\u00e8sics\/antipruriginosos. Tot plegat, sense deixar de banda els olis essencials antiinfecciosos en dermatologia, els olis essencials cicatritzants, els olis vegetals (el suport ideal dels OEQT) i les principals aplicacions pr\u00e0ctiques.<\/p>\n<h2><strong>Sistema nervi\u00f3s<\/strong><\/h2>\n<p>Finalment, pel que fa al sistema nervi\u00f3s, es va abordar la relaci\u00f3 existent entre la via olfactiva i el sistema nervi\u00f3s; i es va parlar dels olis\u00a0essencials relaxants,\u00a0calmants i relaxants;\u00a0sedants i antidepressius i les seves aplicacions pr\u00e0ctiques.<\/p>\n<\/div>\n<p>Finalment, cal destacar que, tal com s&#8217;ha recollit al programa, en la\u00a0\u00a0primera sessi\u00f3 es van exposar els <strong>conceptes b\u00e0sics de l\u2019acci\u00f3 fitoterap\u00e8utica dels olis essencials<\/strong>, els criteris de qualitat, les vies d\u2019administraci\u00f3 i les precaucions d\u2019\u00fas. Posteriorment, es van estudiar els olis essencials recomanats en casos d\u2019infeccions i els principals sistemes de l\u2019organisme. El curs va proporcionar les <strong>monografies<\/strong> de <strong>60 olis quimiotipats<\/strong> amb propietats principals, indicacions i afeccions. Per facilitar-ne la comprensi\u00f3 es van classificar en diferents fam\u00edlies arom\u00e0tiques d\u2019acord amb la composici\u00f3 bioqu\u00edmica.<\/p>\n<p style=\"text-align: right;\"><strong>Amb el patrocini de<\/strong><\/p>\n<p style=\"text-align: right;\"><a href=\"https:\/\/www.pranarom.es\/\" target=\"_blank\" rel=\"noopener\"><img decoding=\"async\" class=\"wp-image-53804 alignright\" src=\"https:\/\/blog.cofb.cat\/wp-content\/uploads\/2021\/01\/pranarom_logo-1024x172.jpg\" alt=\"\" width=\"166\" height=\"28\" \/><\/a><\/p>\n<p>&nbsp;<\/p>\n<p><strong>Altres publicacions d&#8217;inter\u00e8s:<\/strong><\/p>\n<ul>\n<li><a href=\"https:\/\/blog.cofb.cat\/usos-aplicacions-dels-olis-essencials-fitoterapia\/\" target=\"_blank\" rel=\"noopener\">Usos i aplicacions dels olis essencials en la fitoter\u00e0pia (Mar\u00e7 2020)<\/a><\/li>\n<li><a href=\"https:\/\/blog.cofb.cat\/importancia-duna-indicacio-adequada-dels-olis-essencials-pediatria\/\" target=\"_blank\" rel=\"noopener\">La import\u00e0ncia d\u2019una indicaci\u00f3 adequada dels olis essencials en pediatria (Mar\u00e7 2019)<\/a><\/li>\n<li><a href=\"https:\/\/blog.cofb.cat\/rellevancia-dels-olis-essencials-fitoterapia-actual\/\" target=\"_blank\" rel=\"noopener\">La rellev\u00e0ncia dels olis essencials en la fitoter\u00e0pia actual (Febrer 2019)<\/a><\/li>\n<\/ul>\n","protected":false},"excerpt":{"rendered":"<p>Durant els mesos de gener i febrer han tingut lloc al COFB les sessions\u00a0 de la formaci\u00f3 &#8220;Fitoter\u00e0pia: Usos i Aplicacions dels olis essencials&#8221;. Es tracta d&#8217;una formaci\u00f3 que ja s&#8217;ha impartit en altres ocasions al Col\u00b7legi i que resulta molt interessant perqu\u00e8 permet abordar els fonaments d&#8217;\u00fas i d\u2019aplicaci\u00f3 [&hellip;]<\/p>\n","protected":false},"author":1,"featured_media":53848,"comment_status":"open","ping_status":"open","sticky":false,"template":"","format":"standard","meta":{"_uag_custom_page_level_css":"","site-sidebar-layout":"default","site-content-layout":"","ast-site-content-layout":"default","site-content-style":"default","site-sidebar-style":"default","ast-global-header-display":"","ast-banner-title-visibility":"","ast-main-header-display":"","ast-hfb-above-header-display":"","ast-hfb-below-header-display":"","ast-hfb-mobile-header-display":"","site-post-title":"","ast-breadcrumbs-content":"","ast-featured-img":"disabled","footer-sml-layout":"","theme-transparent-header-meta":"","adv-header-id-meta":"","stick-header-meta":"","header-above-stick-meta":"","header-main-stick-meta":"","header-below-stick-meta":"","astra-migrate-meta-layouts":"default","ast-page-background-enabled":"default","ast-page-background-meta":{"desktop":{"background-color":"var(--ast-global-color-4)","background-image":"","background-repeat":"repeat","background-position":"center center","background-size":"auto","background-attachment":"scroll","background-type":"","background-media":"","overlay-type":"","overlay-color":"","overlay-opacity":"","overlay-gradient":""},"tablet":{"background-color":"","background-image":"","background-repeat":"repeat","background-position":"center center","background-size":"auto","background-attachment":"scroll","background-type":"","background-media":"","overlay-type":"","overlay-color":"","overlay-opacity":"","overlay-gradient":""},"mobile":{"background-color":"","background-image":"","background-repeat":"repeat","background-position":"center center","background-size":"auto","background-attachment":"scroll","background-type":"","background-media":"","overlay-type":"","overlay-color":"","overlay-opacity":"","overlay-gradient":""}},"ast-content-background-meta":{"desktop":{"background-color":"var(--ast-global-color-5)","background-image":"","background-repeat":"repeat","background-position":"center center","background-size":"auto","background-attachment":"scroll","background-type":"","background-media":"","overlay-type":"","overlay-color":"","overlay-opacity":"","overlay-gradient":""},"tablet":{"background-color":"var(--ast-global-color-5)","background-image":"","background-repeat":"repeat","background-position":"center center","background-size":"auto","background-attachment":"scroll","background-type":"","background-media":"","overlay-type":"","overlay-color":"","overlay-opacity":"","overlay-gradient":""},"mobile":{"background-color":"var(--ast-global-color-5)","background-image":"","background-repeat":"repeat","background-position":"center center","background-size":"auto","background-attachment":"scroll","background-type":"","background-media":"","overlay-type":"","overlay-color":"","overlay-opacity":"","overlay-gradient":""}},"footnotes":""},"categories":[23,57],"tags":[168,18,19,37,4483,24,68,69,349,70,3477,177,94,637,117,510,182],"class_list":["post-53792","post","type-post","status-publish","format-standard","has-post-thumbnail","hentry","category-destacats","category-mon-collegial","tag-aplicacions-olis-essencials","tag-cofb","tag-collegi-de-farmaceutics-de-barcelona","tag-consell-farmaceutic","tag-eines-fitoterapeutiques","tag-farmaceutics-comunitaris","tag-farmacia","tag-farmacia-comunitaria","tag-fitoterapia","tag-formacio","tag-indicacio-farmaceutica","tag-olis-essencials","tag-plantes-medicinals","tag-programa-de-formacio-continuada","tag-salut","tag-sanitat","tag-usos-i-aplicacions-dels-olis-essencials"],"yoast_head":"<!-- This site is optimized with the Yoast SEO plugin v22.4 - https:\/\/yoast.com\/wordpress\/plugins\/seo\/ -->\n<title>Nova formaci\u00f3 sobre fitoter\u00e0pia al COFB - Col\u00b7legi de Farmac\u00e8utics de Barcelona<\/title>\n<meta name=\"robots\" content=\"index, follow, max-snippet:-1, max-image-preview:large, max-video-preview:-1\" \/>\n<link rel=\"canonical\" href=\"https:\/\/novaorg.cofb.net\/2021\/02\/10\/nova-formacio-sobre-fitoterapia-cofb\/\" \/>\n<meta property=\"og:locale\" content=\"ca_ES\" \/>\n<meta property=\"og:type\" content=\"article\" \/>\n<meta property=\"og:title\" content=\"Nova formaci\u00f3 sobre fitoter\u00e0pia al COFB - Col\u00b7legi de Farmac\u00e8utics de Barcelona\" \/>\n<meta property=\"og:description\" content=\"Durant els mesos de gener i febrer han tingut lloc al COFB les sessions\u00a0 de la formaci\u00f3 &#8220;Fitoter\u00e0pia: Usos i Aplicacions dels olis essencials&#8221;. Es tracta d&#8217;una formaci\u00f3 que ja s&#8217;ha impartit en altres ocasions al Col\u00b7legi i que resulta molt interessant perqu\u00e8 permet abordar els fonaments d&#8217;\u00fas i d\u2019aplicaci\u00f3 [&hellip;]\" \/>\n<meta property=\"og:url\" content=\"https:\/\/novaorg.cofb.net\/2021\/02\/10\/nova-formacio-sobre-fitoterapia-cofb\/\" \/>\n<meta property=\"og:site_name\" content=\"Col\u00b7legi de Farmac\u00e8utics de Barcelona\" \/>\n<meta property=\"article:publisher\" content=\"https:\/\/www.facebook.com\/farmaceuticsbcn\/\" \/>\n<meta property=\"article:published_time\" content=\"2021-02-10T08:53:13+00:00\" \/>\n<meta name=\"author\" content=\"wpAdminCofbOrg\" \/>\n<meta name=\"twitter:card\" content=\"summary_large_image\" \/>\n<meta name=\"twitter:creator\" content=\"@farmaceuticsbcn\" \/>\n<meta name=\"twitter:site\" content=\"@farmaceuticsbcn\" \/>\n<meta name=\"twitter:label1\" content=\"Escrit per\" \/>\n\t<meta name=\"twitter:data1\" content=\"wpAdminCofbOrg\" \/>\n\t<meta name=\"twitter:label2\" content=\"Temps estimat de lectura\" \/>\n\t<meta name=\"twitter:data2\" content=\"4 minuts\" \/>\n<script type=\"application\/ld+json\" class=\"yoast-schema-graph\">{\"@context\":\"https:\/\/schema.org\",\"@graph\":[{\"@type\":\"Article\",\"@id\":\"https:\/\/novaorg.cofb.net\/2021\/02\/10\/nova-formacio-sobre-fitoterapia-cofb\/#article\",\"isPartOf\":{\"@id\":\"https:\/\/novaorg.cofb.net\/2021\/02\/10\/nova-formacio-sobre-fitoterapia-cofb\/\"},\"author\":{\"name\":\"wpAdminCofbOrg\",\"@id\":\"https:\/\/www.cofb.org\/#\/schema\/person\/22ed7eea88da74b0fa4d3154ad87ffcb\"},\"headline\":\"Nova formaci\u00f3 sobre fitoter\u00e0pia al COFB\",\"datePublished\":\"2021-02-10T08:53:13+00:00\",\"dateModified\":\"2021-02-10T08:53:13+00:00\",\"mainEntityOfPage\":{\"@id\":\"https:\/\/novaorg.cofb.net\/2021\/02\/10\/nova-formacio-sobre-fitoterapia-cofb\/\"},\"wordCount\":875,\"commentCount\":0,\"publisher\":{\"@id\":\"https:\/\/www.cofb.org\/#organization\"},\"image\":{\"@id\":\"https:\/\/novaorg.cofb.net\/2021\/02\/10\/nova-formacio-sobre-fitoterapia-cofb\/#primaryimage\"},\"thumbnailUrl\":\"\",\"keywords\":[\"aplicacions olis essencials\",\"COFB\",\"Col\u00b7legi de Farmac\u00e8utics de Barcelona\",\"consell farmac\u00e8utic\",\"eines fitoterap\u00e8utiques\",\"farmac\u00e8utics comunitaris\",\"Farm\u00e0cia\",\"farm\u00e0cia comunit\u00e0ria\",\"Fitoter\u00e0pia\",\"Formaci\u00f3\",\"indicaci\u00f3 farmac\u00e8utica\",\"olis essencials\",\"Plantes Medicinals\",\"programa de formaci\u00f3 continuada\",\"salut\",\"sanitat\",\"usos i aplicacions dels olis essencials\"],\"articleSection\":[\"Destacats\",\"M\u00f3n col\u00b7legial\"],\"inLanguage\":\"ca\",\"potentialAction\":[{\"@type\":\"CommentAction\",\"name\":\"Comment\",\"target\":[\"https:\/\/novaorg.cofb.net\/2021\/02\/10\/nova-formacio-sobre-fitoterapia-cofb\/#respond\"]}]},{\"@type\":\"WebPage\",\"@id\":\"https:\/\/novaorg.cofb.net\/2021\/02\/10\/nova-formacio-sobre-fitoterapia-cofb\/\",\"url\":\"https:\/\/novaorg.cofb.net\/2021\/02\/10\/nova-formacio-sobre-fitoterapia-cofb\/\",\"name\":\"Nova formaci\u00f3 sobre fitoter\u00e0pia al COFB - Col\u00b7legi de Farmac\u00e8utics de Barcelona\",\"isPartOf\":{\"@id\":\"https:\/\/www.cofb.org\/#website\"},\"primaryImageOfPage\":{\"@id\":\"https:\/\/novaorg.cofb.net\/2021\/02\/10\/nova-formacio-sobre-fitoterapia-cofb\/#primaryimage\"},\"image\":{\"@id\":\"https:\/\/novaorg.cofb.net\/2021\/02\/10\/nova-formacio-sobre-fitoterapia-cofb\/#primaryimage\"},\"thumbnailUrl\":\"\",\"datePublished\":\"2021-02-10T08:53:13+00:00\",\"dateModified\":\"2021-02-10T08:53:13+00:00\",\"breadcrumb\":{\"@id\":\"https:\/\/novaorg.cofb.net\/2021\/02\/10\/nova-formacio-sobre-fitoterapia-cofb\/#breadcrumb\"},\"inLanguage\":\"ca\",\"potentialAction\":[{\"@type\":\"ReadAction\",\"target\":[\"https:\/\/novaorg.cofb.net\/2021\/02\/10\/nova-formacio-sobre-fitoterapia-cofb\/\"]}]},{\"@type\":\"ImageObject\",\"inLanguage\":\"ca\",\"@id\":\"https:\/\/novaorg.cofb.net\/2021\/02\/10\/nova-formacio-sobre-fitoterapia-cofb\/#primaryimage\",\"url\":\"\",\"contentUrl\":\"\"},{\"@type\":\"BreadcrumbList\",\"@id\":\"https:\/\/novaorg.cofb.net\/2021\/02\/10\/nova-formacio-sobre-fitoterapia-cofb\/#breadcrumb\",\"itemListElement\":[{\"@type\":\"ListItem\",\"position\":1,\"name\":\"Inici\",\"item\":\"https:\/\/novaorg.cofb.net\/\"},{\"@type\":\"ListItem\",\"position\":2,\"name\":\"Nova formaci\u00f3 sobre fitoter\u00e0pia al COFB\"}]},{\"@type\":\"WebSite\",\"@id\":\"https:\/\/www.cofb.org\/#website\",\"url\":\"https:\/\/www.cofb.org\/\",\"name\":\"Col\u00b7legi de Farmac\u00e8utics de Barcelona\",\"description\":\"\",\"publisher\":{\"@id\":\"https:\/\/www.cofb.org\/#organization\"},\"potentialAction\":[{\"@type\":\"SearchAction\",\"target\":{\"@type\":\"EntryPoint\",\"urlTemplate\":\"https:\/\/www.cofb.org\/?s={search_term_string}\"},\"query-input\":\"required name=search_term_string\"}],\"inLanguage\":\"ca\"},{\"@type\":\"Organization\",\"@id\":\"https:\/\/www.cofb.org\/#organization\",\"name\":\"Col\u00b7legi de Farmac\u00e8utics de Barcelona\",\"url\":\"https:\/\/www.cofb.org\/\",\"logo\":{\"@type\":\"ImageObject\",\"inLanguage\":\"ca\",\"@id\":\"https:\/\/www.cofb.org\/#\/schema\/logo\/image\/\",\"url\":\"https:\/\/www.cofb.org\/wp-content\/uploads\/2023\/11\/cropped-Logotip-COFB.png\",\"contentUrl\":\"https:\/\/www.cofb.org\/wp-content\/uploads\/2023\/11\/cropped-Logotip-COFB.png\",\"width\":500,\"height\":105,\"caption\":\"Col\u00b7legi de Farmac\u00e8utics de Barcelona\"},\"image\":{\"@id\":\"https:\/\/www.cofb.org\/#\/schema\/logo\/image\/\"},\"sameAs\":[\"https:\/\/www.facebook.com\/farmaceuticsbcn\/\",\"https:\/\/twitter.com\/farmaceuticsbcn\",\"https:\/\/www.instagram.com\/farmaceuticsbcn\/\",\"https:\/\/www.linkedin.com\/company\/farmaceuticsbcn\/\"]},{\"@type\":\"Person\",\"@id\":\"https:\/\/www.cofb.org\/#\/schema\/person\/22ed7eea88da74b0fa4d3154ad87ffcb\",\"name\":\"wpAdminCofbOrg\",\"image\":{\"@type\":\"ImageObject\",\"inLanguage\":\"ca\",\"@id\":\"https:\/\/www.cofb.org\/#\/schema\/person\/image\/\",\"url\":\"https:\/\/secure.gravatar.com\/avatar\/1721b20b3b8ca882c3b56ec6c978c594fff670e40c0718e9190eaeeb76aae7d8?s=96&d=mm&r=g\",\"contentUrl\":\"https:\/\/secure.gravatar.com\/avatar\/1721b20b3b8ca882c3b56ec6c978c594fff670e40c0718e9190eaeeb76aae7d8?s=96&d=mm&r=g\",\"caption\":\"wpAdminCofbOrg\"},\"sameAs\":[\"http:\/\/192.168.64.122\/wordpress\"],\"url\":\"https:\/\/www.cofb.org\/ca\/author\/wpadmincofborg\/\"}]}<\/script>\n<!-- \/ Yoast SEO plugin. -->","yoast_head_json":{"title":"Nova formaci\u00f3 sobre fitoter\u00e0pia al COFB - Col\u00b7legi de Farmac\u00e8utics de Barcelona","robots":{"index":"index","follow":"follow","max-snippet":"max-snippet:-1","max-image-preview":"max-image-preview:large","max-video-preview":"max-video-preview:-1"},"canonical":"https:\/\/novaorg.cofb.net\/2021\/02\/10\/nova-formacio-sobre-fitoterapia-cofb\/","og_locale":"ca_ES","og_type":"article","og_title":"Nova formaci\u00f3 sobre fitoter\u00e0pia al COFB - Col\u00b7legi de Farmac\u00e8utics de Barcelona","og_description":"Durant els mesos de gener i febrer han tingut lloc al COFB les sessions\u00a0 de la formaci\u00f3 &#8220;Fitoter\u00e0pia: Usos i Aplicacions dels olis essencials&#8221;. Es tracta d&#8217;una formaci\u00f3 que ja s&#8217;ha impartit en altres ocasions al Col\u00b7legi i que resulta molt interessant perqu\u00e8 permet abordar els fonaments d&#8217;\u00fas i d\u2019aplicaci\u00f3 [&hellip;]","og_url":"https:\/\/novaorg.cofb.net\/2021\/02\/10\/nova-formacio-sobre-fitoterapia-cofb\/","og_site_name":"Col\u00b7legi de Farmac\u00e8utics de Barcelona","article_publisher":"https:\/\/www.facebook.com\/farmaceuticsbcn\/","article_published_time":"2021-02-10T08:53:13+00:00","author":"wpAdminCofbOrg","twitter_card":"summary_large_image","twitter_creator":"@farmaceuticsbcn","twitter_site":"@farmaceuticsbcn","twitter_misc":{"Escrit per":"wpAdminCofbOrg","Temps estimat de lectura":"4 minuts"},"schema":{"@context":"https:\/\/schema.org","@graph":[{"@type":"Article","@id":"https:\/\/novaorg.cofb.net\/2021\/02\/10\/nova-formacio-sobre-fitoterapia-cofb\/#article","isPartOf":{"@id":"https:\/\/novaorg.cofb.net\/2021\/02\/10\/nova-formacio-sobre-fitoterapia-cofb\/"},"author":{"name":"wpAdminCofbOrg","@id":"https:\/\/www.cofb.org\/#\/schema\/person\/22ed7eea88da74b0fa4d3154ad87ffcb"},"headline":"Nova formaci\u00f3 sobre fitoter\u00e0pia al COFB","datePublished":"2021-02-10T08:53:13+00:00","dateModified":"2021-02-10T08:53:13+00:00","mainEntityOfPage":{"@id":"https:\/\/novaorg.cofb.net\/2021\/02\/10\/nova-formacio-sobre-fitoterapia-cofb\/"},"wordCount":875,"commentCount":0,"publisher":{"@id":"https:\/\/www.cofb.org\/#organization"},"image":{"@id":"https:\/\/novaorg.cofb.net\/2021\/02\/10\/nova-formacio-sobre-fitoterapia-cofb\/#primaryimage"},"thumbnailUrl":"","keywords":["aplicacions olis essencials","COFB","Col\u00b7legi de Farmac\u00e8utics de Barcelona","consell farmac\u00e8utic","eines fitoterap\u00e8utiques","farmac\u00e8utics comunitaris","Farm\u00e0cia","farm\u00e0cia comunit\u00e0ria","Fitoter\u00e0pia","Formaci\u00f3","indicaci\u00f3 farmac\u00e8utica","olis essencials","Plantes Medicinals","programa de formaci\u00f3 continuada","salut","sanitat","usos i aplicacions dels olis essencials"],"articleSection":["Destacats","M\u00f3n col\u00b7legial"],"inLanguage":"ca","potentialAction":[{"@type":"CommentAction","name":"Comment","target":["https:\/\/novaorg.cofb.net\/2021\/02\/10\/nova-formacio-sobre-fitoterapia-cofb\/#respond"]}]},{"@type":"WebPage","@id":"https:\/\/novaorg.cofb.net\/2021\/02\/10\/nova-formacio-sobre-fitoterapia-cofb\/","url":"https:\/\/novaorg.cofb.net\/2021\/02\/10\/nova-formacio-sobre-fitoterapia-cofb\/","name":"Nova formaci\u00f3 sobre fitoter\u00e0pia al COFB - Col\u00b7legi de Farmac\u00e8utics de Barcelona","isPartOf":{"@id":"https:\/\/www.cofb.org\/#website"},"primaryImageOfPage":{"@id":"https:\/\/novaorg.cofb.net\/2021\/02\/10\/nova-formacio-sobre-fitoterapia-cofb\/#primaryimage"},"image":{"@id":"https:\/\/novaorg.cofb.net\/2021\/02\/10\/nova-formacio-sobre-fitoterapia-cofb\/#primaryimage"},"thumbnailUrl":"","datePublished":"2021-02-10T08:53:13+00:00","dateModified":"2021-02-10T08:53:13+00:00","breadcrumb":{"@id":"https:\/\/novaorg.cofb.net\/2021\/02\/10\/nova-formacio-sobre-fitoterapia-cofb\/#breadcrumb"},"inLanguage":"ca","potentialAction":[{"@type":"ReadAction","target":["https:\/\/novaorg.cofb.net\/2021\/02\/10\/nova-formacio-sobre-fitoterapia-cofb\/"]}]},{"@type":"ImageObject","inLanguage":"ca","@id":"https:\/\/novaorg.cofb.net\/2021\/02\/10\/nova-formacio-sobre-fitoterapia-cofb\/#primaryimage","url":"","contentUrl":""},{"@type":"BreadcrumbList","@id":"https:\/\/novaorg.cofb.net\/2021\/02\/10\/nova-formacio-sobre-fitoterapia-cofb\/#breadcrumb","itemListElement":[{"@type":"ListItem","position":1,"name":"Inici","item":"https:\/\/novaorg.cofb.net\/"},{"@type":"ListItem","position":2,"name":"Nova formaci\u00f3 sobre fitoter\u00e0pia al COFB"}]},{"@type":"WebSite","@id":"https:\/\/www.cofb.org\/#website","url":"https:\/\/www.cofb.org\/","name":"Col\u00b7legi de Farmac\u00e8utics de Barcelona","description":"","publisher":{"@id":"https:\/\/www.cofb.org\/#organization"},"potentialAction":[{"@type":"SearchAction","target":{"@type":"EntryPoint","urlTemplate":"https:\/\/www.cofb.org\/?s={search_term_string}"},"query-input":"required name=search_term_string"}],"inLanguage":"ca"},{"@type":"Organization","@id":"https:\/\/www.cofb.org\/#organization","name":"Col\u00b7legi de Farmac\u00e8utics de Barcelona","url":"https:\/\/www.cofb.org\/","logo":{"@type":"ImageObject","inLanguage":"ca","@id":"https:\/\/www.cofb.org\/#\/schema\/logo\/image\/","url":"https:\/\/www.cofb.org\/wp-content\/uploads\/2023\/11\/cropped-Logotip-COFB.png","contentUrl":"https:\/\/www.cofb.org\/wp-content\/uploads\/2023\/11\/cropped-Logotip-COFB.png","width":500,"height":105,"caption":"Col\u00b7legi de Farmac\u00e8utics de Barcelona"},"image":{"@id":"https:\/\/www.cofb.org\/#\/schema\/logo\/image\/"},"sameAs":["https:\/\/www.facebook.com\/farmaceuticsbcn\/","https:\/\/twitter.com\/farmaceuticsbcn","https:\/\/www.instagram.com\/farmaceuticsbcn\/","https:\/\/www.linkedin.com\/company\/farmaceuticsbcn\/"]},{"@type":"Person","@id":"https:\/\/www.cofb.org\/#\/schema\/person\/22ed7eea88da74b0fa4d3154ad87ffcb","name":"wpAdminCofbOrg","image":{"@type":"ImageObject","inLanguage":"ca","@id":"https:\/\/www.cofb.org\/#\/schema\/person\/image\/","url":"https:\/\/secure.gravatar.com\/avatar\/1721b20b3b8ca882c3b56ec6c978c594fff670e40c0718e9190eaeeb76aae7d8?s=96&d=mm&r=g","contentUrl":"https:\/\/secure.gravatar.com\/avatar\/1721b20b3b8ca882c3b56ec6c978c594fff670e40c0718e9190eaeeb76aae7d8?s=96&d=mm&r=g","caption":"wpAdminCofbOrg"},"sameAs":["http:\/\/192.168.64.122\/wordpress"],"url":"https:\/\/www.cofb.org\/ca\/author\/wpadmincofborg\/"}]}},"uagb_featured_image_src":{"full":false,"thumbnail":false,"medium":false,"medium_large":false,"large":false,"1536x1536":false,"2048x2048":false,"trp-custom-language-flag":false},"uagb_author_info":{"display_name":"wpAdminCofbOrg","author_link":"https:\/\/www.cofb.org\/ca\/author\/wpadmincofborg\/"},"uagb_comment_info":0,"uagb_excerpt":"Durant els mesos de gener i febrer han tingut lloc al COFB les sessions\u00a0 de la formaci\u00f3 &#8220;Fitoter\u00e0pia: Usos i Aplicacions dels olis essencials&#8221;. Es tracta d&#8217;una formaci\u00f3 que ja s&#8217;ha impartit en altres ocasions al Col\u00b7legi i que resulta molt interessant perqu\u00e8 permet abordar els fonaments d&#8217;\u00fas i d\u2019aplicaci\u00f3 [&hellip;]","_links":{"self":[{"href":"https:\/\/www.cofb.org\/ca\/wp-json\/wp\/v2\/posts\/53792","targetHints":{"allow":["GET"]}}],"collection":[{"href":"https:\/\/www.cofb.org\/ca\/wp-json\/wp\/v2\/posts"}],"about":[{"href":"https:\/\/www.cofb.org\/ca\/wp-json\/wp\/v2\/types\/post"}],"author":[{"embeddable":true,"href":"https:\/\/www.cofb.org\/ca\/wp-json\/wp\/v2\/users\/1"}],"replies":[{"embeddable":true,"href":"https:\/\/www.cofb.org\/ca\/wp-json\/wp\/v2\/comments?post=53792"}],"version-history":[{"count":0,"href":"https:\/\/www.cofb.org\/ca\/wp-json\/wp\/v2\/posts\/53792\/revisions"}],"wp:featuredmedia":[{"embeddable":true,"href":"https:\/\/www.cofb.org\/ca\/wp-json\/"}],"wp:attachment":[{"href":"https:\/\/www.cofb.org\/ca\/wp-json\/wp\/v2\/media?parent=53792"}],"wp:term":[{"taxonomy":"category","embeddable":true,"href":"https:\/\/www.cofb.org\/ca\/wp-json\/wp\/v2\/categories?post=53792"},{"taxonomy":"post_tag","embeddable":true,"href":"https:\/\/www.cofb.org\/ca\/wp-json\/wp\/v2\/tags?post=53792"}],"curies":[{"name":"wp","href":"https:\/\/api.w.org\/{rel}","templated":true}]}}