{"id":53670,"date":"2021-01-21T14:22:02","date_gmt":"2021-01-21T12:22:02","guid":{"rendered":"https:\/\/blog.cofb.cat\/?p=53670"},"modified":"2021-01-21T14:22:02","modified_gmt":"2021-01-21T12:22:02","slug":"desembre-programa-pilot-cribratge-pcr-dautomostra-tests-covid-19-campanya-sobre-bon-us-mascaretes-temes-mes-destacats-als-mitjans","status":"publish","type":"post","link":"https:\/\/www.cofb.org\/ca\/2021\/01\/21\/desembre-programa-pilot-cribratge-pcr-dautomostra-tests-covid-19-campanya-sobre-bon-us-mascaretes-temes-mes-destacats-als-mitjans\/","title":{"rendered":"Desembre: El programa pilot de cribratge amb PCR d&#8217;automostra, els tests COVID-19 i la campanya sobre bon \u00fas de mascaretes, temes m\u00e9s destacats als mitjans"},"content":{"rendered":"<h1><span style=\"color: #008080;\"><strong>Programa pilot de cribratge amb proves PCR d&#8217;automostra de saliva a Les Corts<\/strong><\/span><\/h1>\n<p>El 17 de desembre es va posar en marxa al districte de Les Corts (Barcelona) un programa <strong>pilot de cribratge<\/strong> de la <strong>COVID-19<\/strong> amb proves\u00a0<strong>PCR d&#8217;automostra de saliva<\/strong> i la <strong>participaci\u00f3 de les oficines de farm\u00e0cies<\/strong>. Des del Departament de Salut i el Col\u00b7legi de Farmac\u00e8utics de Barcelona\u00a0 es va fer una <a href=\"https:\/\/www.cofb.org\/ca\/web\/guest\/sala-de-premsa\/notes-premsa\/-\/asset_publisher\/GVZR6OjauRsN\/content\/salut-posa-en-marxa-un-programa-pilot-de-cribratge-de-la-covid-19-a-les-farmacies-de-les-corts-de-barcelona-amb-proves-pcr\/maximized?inheritRedirect=false&amp;redirect=https%3A%2F%2Fwww.cofb.org%2Fsala-prensa%2Fnotes-prensa%3Fp_p_id%3D101_INSTANCE_GVZR6OjauRsN%26p_p_lifecycle%3D0%26p_p_state%3Dnormal%26p_p_mode%3Dview%26p_p_col_id%3Dcolumn-3%26p_p_col_count%3D1&amp;p_p_state=maximized\" target=\"_blank\" rel=\"noopener\">nota de premsa<\/a> conjunta que van recollir diversos mitjans, tant especialitzats com generalistes. Aquests mitjans van ser: el <a href=\"https:\/\/www.ara.cat\/societat\/coronavirus-covid-19-Salut-farmacies-kits-automostra-PCR-deteccio-prova-pilot-Barcelona_0_2583341775.html\" target=\"_blank\" rel=\"noopener\">diari Ara<\/a>, <a href=\"https:\/\/www.elpuntavui.cat\/societat\/article\/14-salut\/1896254-impulsen-un-programa-pilot-a-farmacies-de-barcelona-per-fer-cribratges-amb-proves-pcr-d-automostra-de-saliva.html\" target=\"_blank\" rel=\"noopener\">El Punt Avui<\/a>, <a href=\"https:\/\/www.ccma.cat\/324\/salut-inicia-un-cribratge-pilot-de-covid-a-farmacies-del-districte-de-les-corts\/noticia\/3066903\/\" target=\"_blank\" rel=\"noopener\">324.cat<\/a>, <a href=\"https:\/\/www.lavanguardia.com\/vida\/20201217\/6129491\/poblacion-les-corts-30-59-anos-primera-llamada-testeo-traves-farmacias.html\" target=\"_blank\" rel=\"noopener\">La Vanguardia<\/a>, <a href=\"https:\/\/www.elperiodico.com\/es\/sociedad\/20201217\/pruebas-covid-farmacias-barcelona-cribado-piloto-11406382\" target=\"_blank\" rel=\"noopener\">El Peri\u00f3dico<\/a>,\u00a0\u00a0<a href=\"https:\/\/www.elnacional.cat\/ca\/salut\/nou-programa-pilot-farmacies-barcelona-cribratges-proves-saliva_566577_102.html\" target=\"_blank\" rel=\"noopener\">El Nacional<\/a>,\u00a0<a href=\"https:\/\/www.lamanyana.cat\/les-farmacies-endeguen-una-campanya-sobre-el-bon-us-de-les-mascaretes\/\" target=\"_blank\" rel=\"noopener\">La Ma\u00f1ana<\/a>, <a href=\"https:\/\/www.metropoliabierta.com\/el-pulso-de-la-ciudad\/sanidad\/cribado-masivo-farmacias-barcelona_34435_102.html\" target=\"_blank\" rel=\"noopener\">Metr\u00f3poli Abierta<\/a>, <a href=\"https:\/\/www.20minutos.es\/noticia\/4515070\/0\/las-farmacias-del-barrio-de-les-corts-de-barcelona-haran-un-cribado-de-covid-con-pruebas-pcr-a-32-600-vecinos\/\" target=\"_blank\" rel=\"noopener\">20 minutos<\/a>, <a href=\"https:\/\/www.social.cat\/noticia\/13454\/campanya-de-les-farmacies-per-promoure-el-bon-us-de-les-mascaretes-entre-la-poblacio\" target=\"_blank\" rel=\"noopener\">Social.cat<\/a>, La Raz\u00f3n (versi\u00f3 paper), diari Segre (versi\u00f3 paper). Pel que fa a la premsa especialitzada, se&#8217;n van fer ress\u00f2 <a href=\"https:\/\/www.diariofarma.com\/2020\/12\/17\/cataluna-inicia-un-programa-piloto-de-cribado-de-covid-19-en-farmacias-de-barcelona-a-traves-de-pcr\" target=\"_blank\" rel=\"noopener\">Diariofarma<\/a>, <a href=\"https:\/\/www.imfarmacias.es\/noticia\/22480\/las-farmacias-de-les-corts-de-barcelona-empiezan-a-repartir-kits-de-te.html\" target=\"_blank\" rel=\"noopener\">imFarmacias<\/a>, <a href=\"https:\/\/revistafarmanatur.com\/gestion-farmaceutica\/salut-pone-marcha-programa-piloto-cribado-la-covid-19-las-farmacias-les-corts-barcelona-pruebas-pcr\/\" target=\"_blank\" rel=\"noopener\">Revista Farmanatur<\/a>, <a href=\"https:\/\/elglobal.es\/farmacia\/cataluna-arranca-el-cribado-de-covid-19-con-autotest-y-entrega-de-muestras-en-farmacias\/\" target=\"_blank\" rel=\"noopener\">El Global<\/a>\u00a0i\u00a0<a href=\"http:\/\/www.pmfarma.es\/noticias\/30057-salut-pone-en-marcha-un-programa-piloto-de-cribado-de-la-covid-19-en-las-farmacias-de-les-corts-de-barcelona-con-pruebas-pcr.html\" target=\"_blank\" rel=\"noopener\">PMFarma<\/a>.\u00a0D&#8217;altra banda, N\u00faria Bosch, va ser entrevistada sobre aquesta q\u00fcesti\u00f3 per <a href=\"https:\/\/www.diariomedico.com\/farmacia\/comunitaria\/profesion\/arranca-el-cribado-de-casos-covid-19-en-farmacias-de-barcelona.htmlhttps:\/\/www.diariomedico.com\/farmacia\/comunitaria\/profesion\/arranca-el-cribado-de-casos-covid-19-en-farmacias-de-barcelona.html\" target=\"_blank\" rel=\"noopener\">Diario M\u00e9dico<\/a>, on va afirmar que aquest cribratge &#8220;\u00e9s totalment segur tant per al farmac\u00e8utic com per la poblaci\u00f3&#8221;.<\/p>\n<p><a href=\"https:\/\/blog.cofb.cat\/wp-content\/uploads\/2021\/01\/Peri\u00f3dico-Punt-avui.png\"><img fetchpriority=\"high\" decoding=\"async\" class=\"aligncenter size-large wp-image-53787\" src=\"https:\/\/blog.cofb.cat\/wp-content\/uploads\/2021\/01\/Peri\u00f3dico-Punt-avui-1024x724.png\" alt=\"\" width=\"620\" height=\"438\" \/><\/a><\/p>\n<p>La not\u00edcia tamb\u00e9 va generar que diverses televisions volguessin fer\u00a0rodatges a farm\u00e0cies de Les Corts per explicar el funcionament d&#8217;aquest programa pilot, enregistrar imatges dels kits i les cartes que reben els usuaris de la zona convidant-los a participar i poder parlar amb farmac\u00e8utics que hi estan involucrats. Aix\u00ed doncs, el farmac\u00e8utic <strong>Salvador Tous<\/strong> va fer declaracions per al <a href=\"https:\/\/www.ccma.cat\/tv3\/alacarta\/telenoticies-comarques\/telenoticies-comarques-18122020\/video\/6075109\/\" target=\"_blank\" rel=\"noopener\">TN Comarques<\/a> de TV3 (a partir del minut 7:12), i el <a href=\"https:\/\/www.ccma.cat\/tv3\/alacarta\/telenoticies\/telenoticies-migdia-18122020\/video\/6075133\/\" target=\"_blank\" rel=\"noopener\">TN Migdia<\/a>\u00a0(a partir de minut 10:56) de la mateixa cadena tamb\u00e9 se&#8217;n va fer ress\u00f2.<\/p>\n<p><a href=\"https:\/\/blog.cofb.cat\/wp-content\/uploads\/2021\/01\/Salvador-Tous.png\"><img decoding=\"async\" class=\"aligncenter size-full wp-image-53762\" src=\"https:\/\/blog.cofb.cat\/wp-content\/uploads\/2021\/01\/Salvador-Tous.png\" alt=\"\" width=\"868\" height=\"486\" \/><\/a><\/p>\n<p>Aix\u00ed mateix, L&#8217;<a href=\"https:\/\/www.rtve.es\/alacarta\/videos\/linformatiu\/linformatiu21122020\/5743529\/?t=07m15s\" target=\"_blank\" rel=\"noopener\">Informatiu de TVE<\/a> va recollir les declaracions de la farmac\u00e8utica <strong>Dori Huertas<\/strong> i el programa <a href=\"https:\/\/www.rtve.es\/alacarta\/videos\/la-hora-de-la-1\/hora-actualidad-21-12-20\/5743416\/?t=25m10s\" target=\"_blank\" rel=\"noopener\">&#8220;La Ma\u00f1ana de la 1&#8221;<\/a> va fer un directe per entrevistar la farmac\u00e8utica <strong>Marta Grau<\/strong>, que tamb\u00e9 va atendre\u00a0<a href=\"https:\/\/beteve.cat\/societat\/cribratge-pilot-farmacies-corts-pcr-saliva\/\" target=\"_blank\" rel=\"noopener\">Betev\u00e9<\/a>. Finalment, la vicepresidenta del COFB va ser entrevistada al programa <a href=\"https:\/\/www.rtve.es\/alacarta\/videos\/cafe-didees\/ignacio-garriga-restriccions-per-nadal-vacances-escolars\/5743259\/?t=04m38s\" target=\"_blank\" rel=\"noopener\">Caf\u00e8 d&#8217;Idees<\/a> (La 2).<\/p>\n<p><a href=\"https:\/\/blog.cofb.cat\/wp-content\/uploads\/2021\/01\/Marta-Grau.png\"><img decoding=\"async\" class=\"aligncenter size-full wp-image-53763\" src=\"https:\/\/blog.cofb.cat\/wp-content\/uploads\/2021\/01\/Marta-Grau.png\" alt=\"\" width=\"977\" height=\"549\" \/><\/a><\/p>\n<div class=\"custom-divider\"><\/div>\n<h1><span style=\"color: #008080;\"><strong>Tests COVID-19<\/strong><\/span><\/h1>\n<p>Els tests per detectar la<strong> COVID-19<\/strong> van centrar bona part de les not\u00edcies relacionades amb el sector farmac\u00e8utic del mes de desembre. Els mitjans es van interessar per l&#8217;arribada a les farm\u00e0cies dels <strong>tests serol\u00f2gics d&#8217;anticossos amb prescripci\u00f3 m\u00e8dica<\/strong> i, sobretot, per la realitzaci\u00f3 de <strong>tests d&#8217;ant\u00edgens<\/strong> en laboratoris abans de les festes de Nadal. Per tal de posar llum a tot plegat, l&#8217;Ag\u00e8ncia Catalana de Not\u00edcies (ACN) va entrevistar Xavier Tejedor, vocal d&#8217;An\u00e0lisis del COFB. En l&#8217;entrevista, Tejedor va recordar que els tests d&#8217;ant\u00edgens no es venen a les farm\u00e0cies i que fer-se&#8217;ls abans d&#8217;una reuni\u00f3 o \u00e0pat familiar no eximeix de continuar prenent mesures de prevenci\u00f3. Les declaracions m\u00e9s destacades de Tejedor es van recollir en un teletip d&#8217;aquesta ag\u00e8ncia, que van publicar els seg\u00fcents mitjans: <a href=\"https:\/\/www.lavanguardia.com\/vida\/20201212\/6115237\/les-farmacies-recorden-els-particulars-poden-comprar-tests-oficials-i-alerten-per-nadal-pot-molt-perillos.html\" target=\"_blank\" rel=\"noopener\">La Vanguardia<\/a>, <a href=\"https:\/\/www.elnacional.cat\/ca\/salut\/farmacies-recorden-particulars-no-comprar-tests-oficials_564933_102.html\" target=\"_blank\" rel=\"noopener\">El Nacional<\/a>, <a href=\"https:\/\/www.diaridetarragona.com\/catalunya\/Los-farmaceuticos-alertan-No-se-pueden-comprar-test-de-Covid-19-con-garantias-de-forma-particular-20201212-0013.html\" target=\"_blank\" rel=\"noopener\">Diari de Tarragona<\/a>, <a href=\"https:\/\/www.diaridegirona.cat\/catalunya\/2020\/12\/12\/les-farmacies-recorden-els-particulars\/1078310.html\" target=\"_blank\" rel=\"noopener\">Diari de Girona<\/a>, <a href=\"https:\/\/laciutat.cat\/laciutatdebarcelona\/barcelona\/les-farmacies-avisen-que-els-particulars-no-poden-comprar-tests-dantigens-o-pcr\" target=\"_blank\" rel=\"noopener\">La Ciutat<\/a>, <a href=\"https:\/\/www.emporda.info\/catalunya\/2020\/12\/13\/les-farmacies-recorden-els-particulars\/482529.html\" target=\"_blank\" rel=\"noopener\">Empord\u00e0.info<\/a>, <a href=\"https:\/\/www.naciodigital.cat\/noticia\/212969\/farmacies-avisen-sobre-us-tests-cara-trobades-nadal-pot-ser-molt-perillos\" target=\"_blank\" rel=\"noopener\">Naci\u00f3 Digital<\/a> i\u00a0<a href=\"https:\/\/www.regio7.cat\/arreu-catalunya-espanya-mon\/2020\/12\/12\/les-farmacies-recorden-els-particulars\/647177.html\" target=\"_blank\" rel=\"noopener\">Regi\u00f3 7<\/a>.<\/p>\n<p><a href=\"https:\/\/blog.cofb.cat\/wp-content\/uploads\/2021\/01\/Dise\u00f1o-sin-t\u00edtulo.jpg\"><img loading=\"lazy\" decoding=\"async\" class=\"aligncenter size-large wp-image-53821\" src=\"https:\/\/blog.cofb.cat\/wp-content\/uploads\/2021\/01\/Dise\u00f1o-sin-t\u00edtulo-1024x724.jpg\" alt=\"\" width=\"620\" height=\"438\" \/><\/a><\/p>\n<p>Aix\u00ed mateix, les declaracions del vocal d&#8217;An\u00e0lisis del COFB tamb\u00e9 es van incloure en un altre <a href=\"https:\/\/www.elnacional.cat\/ca\/politica\/sanitat-desaconsella-metges-prescriure-test-autodiagnostic-covid_566238_102.html\" target=\"_blank\" rel=\"noopener\">article del mitj\u00e0 El Nacional<\/a>, en qu\u00e8 es parlava del fet que Sanitat desaconsellava als metges prescriure els tests d&#8217;autodiagn\u00f2sitic de la COVID-19. Dels <strong>tests d&#8217;autodiagn\u00f2stic<\/strong> tamb\u00e9 en va parlar el mitj\u00e0 <a href=\"https:\/\/www.newtral.es\/test-coronavirus-para-hacer-casa-fiables\/20201205\/\" target=\"_blank\" rel=\"noopener\">Newtral<\/a>, que va comptar amb informaci\u00f3 proporcionada pel COFB a l&#8217;hora d&#8217;informar sobre l&#8217;arribada dels tests d&#8217;autodiagn\u00f2stic a les farm\u00e0cies. Finalment, en relaci\u00f3 amb els tests COVID-19, la farmac\u00e8utica Meritxell Blanchart, coordinadora de les farm\u00e0cies del Vall\u00e8s Occidental Est va ser entrevistada al mitj\u00e0 local <a href=\"https:\/\/www.vallesvisio.cat\/espai-covid-19-02-12-2020\/\" target=\"_blank\" rel=\"noopener\">Vall\u00e8s Visi\u00f3<\/a>.<\/p>\n<p><a href=\"https:\/\/blog.cofb.cat\/wp-content\/uploads\/2021\/01\/Meritxell-Blanchart.png\"><img loading=\"lazy\" decoding=\"async\" class=\"aligncenter size-full wp-image-53766\" src=\"https:\/\/blog.cofb.cat\/wp-content\/uploads\/2021\/01\/Meritxell-Blanchart.png\" alt=\"\" width=\"592\" height=\"331\" \/><\/a><\/p>\n<div class=\"custom-divider\"><\/div>\n<h1><span style=\"color: #008080;\"><strong>Campanya sobre el bon \u00fas mascaretes del CCFC<\/strong><\/span><\/h1>\n<p>Coincidint amb la <strong>proximitat de les festes de Nadal<\/strong>, el Consell de Col\u00b7legis Farmac\u00e8utics de Catalunya (CCFC) va posar en marxa una campanya amb el lema <strong>&#8220;La mascareta al seu lloc&#8221;<\/strong>, que tenia per objectiu promoure l&#8217;\u00fas correcte de les mascaretes sanit\u00e0ries i divulgar q\u00fcestions relacionades amb com posar-la i treure-la correctament, com i on dipositar-les un cop utilitzades, quantes hores es poden portar posades, etc. La <strong>nota de premsa<\/strong> d&#8217;inici de la campanya va tenir un ampli ress\u00f2, ja que van recollir-la els seg\u00fcents mitjans: <a href=\"https:\/\/www.europapress.es\/catalunya\/noticia-farmacias-catalanas-impulsan-campana-promover-buen-uso-mascarilla-20201214184609.html\" target=\"_blank\" rel=\"noopener\">Europa Press<\/a>, <a href=\"https:\/\/www.lavanguardia.com\/vida\/20201214\/6120617\/farmacias-catalanas-impulsan-campana-sobre-buen-mascarilla.html\" target=\"_blank\" rel=\"noopener\">La Vanguardia<\/a>, <a href=\"https:\/\/beteve.cat\/societat\/campanya-farmacies-mascaretes-bon-us\/\" target=\"_blank\" rel=\"noopener\">betev\u00e9<\/a>,\u00a0<a href=\"https:\/\/www.larepublica.cat\/minut-a-minut\/campanya-de-les-farmacies-per-promoure-el-bon-us-de-les-mascaretes-entre-la-poblacio\/\" target=\"_blank\" rel=\"noopener\">La Rep\u00fablica<\/a>, <a href=\"https:\/\/www.diarimes.com\/noticies\/actualitat\/catalunya\/2020\/12\/14\/les_farmacies_catalanes_impulsen_una_campanya_sobre_bon_mascareta_94254_3029.html?\" target=\"_blank\" rel=\"noopener\">Al Dia<\/a>, <a href=\"http:\/\/www.gentedigital.es\/catalunya\/noticia\/3028259\/las-farmacias-catalanas-impulsan-una-campana-para-promover-el-buen-uso-de-la-mascarilla\/\" target=\"_blank\" rel=\"noopener\">Gente Digital<\/a>, <a href=\"https:\/\/www.diarimes.com\/noticies\/actualitat\/catalunya\/2020\/12\/14\/les_farmacies_catalanes_impulsen_una_campanya_sobre_bon_mascareta_94254_3029.html?\" target=\"_blank\" rel=\"noopener\">M\u00e9s Tarragona<\/a>, El Segre (versi\u00f3 paper), <a href=\"http:\/\/www.radiobalaguer.cat\/portal\/131\/?EC=ReadArticle&amp;ArticleID=35373\" target=\"_blank\" rel=\"noopener\">R\u00e0dio Balaguer<\/a>,\u00a0<a href=\"https:\/\/www.diariofarma.com\/2020\/12\/14\/las-farmacias-catalanas-promoveran-el-buen-uso-de-las-mascarillas\" target=\"_blank\" rel=\"noopener\">Diariofarma<\/a>, <a href=\"https:\/\/www.redaccionmedica.com\/ultimas-noticias-sanidad\/las-farmacias-catalanas-impulsan-una-campana-para-promover-el-buen-uso-de-la-mascarilla\" target=\"_blank\" rel=\"noopener\">Redacci\u00f3n M\u00e9dica<\/a>, <a href=\"https:\/\/cronicadecantabria.com\/cr\/las-farmacias-catalanas-impulsan-una-campaa-para-promover-el-buen-uso-de-la-mascarilla\/\" target=\"_blank\" rel=\"noopener\">Cr\u00f3nica de Cantabria<\/a>, <a href=\"http:\/\/www.pmfarma.es\/noticias\/30020-las-farmacias-catalanas-ponen-en-marcha-una-campana-para-promover-el-buen-uso-de-las-mascarillas-entre-la-poblacion.html\" target=\"_blank\" rel=\"noopener\">pmFarma<\/a>, <a href=\"https:\/\/revistaacofar.com\/actualidad\/noticias\/las-farmacias-catalanas-ponen-en-marcha-una-campana-para-promover-el-buen-uso-de-las-mascarillas-entre-la-poblacion\/\" target=\"_blank\" rel=\"noopener\">Revista Acofar<\/a>, <a href=\"https:\/\/www.farmaventas.es\/noticias-del-sector\/11069-las-farmacias-catalanas-ponen-en-marcha-una-campana-para-promover-el-buen-uso-de-las-mascarillas-entre-la-poblacion.html\" target=\"_blank\" rel=\"noopener\">Farmaventas<\/a>\u00a0i <a href=\"http:\/\/www.malgratcomunicacio.cat\/index.php?cont=not&amp;id=7426\" target=\"_blank\" rel=\"noopener\">Ona Malgrat<\/a>.<\/p>\n<p><a href=\"https:\/\/blog.cofb.cat\/wp-content\/uploads\/2021\/01\/Dise\u00f1o-sin-t\u00edtulo-1.jpg\"><img loading=\"lazy\" decoding=\"async\" class=\"aligncenter size-large wp-image-53822\" src=\"https:\/\/blog.cofb.cat\/wp-content\/uploads\/2021\/01\/Dise\u00f1o-sin-t\u00edtulo-1-1024x724.jpg\" alt=\"\" width=\"620\" height=\"438\" \/><\/a><\/p>\n<p>La campanya tamb\u00e9 va generar peticions d&#8217;<strong>entrevistes radiof\u00f2niques<\/strong>, que van atendre <strong>N\u00faria Bosch<\/strong>, vicepresidenta del COFB, a <a href=\"https:\/\/www.estelfitxers.com\/audio\/20201216-08_00APRIMERAHORA.MP3\" target=\"_blank\" rel=\"noopener\">R\u00e0dio Estel<\/a> (a partir del minut 37:35);<strong> Laura Gom\u00e0<\/strong>, vocal del COFB, a <a href=\"https:\/\/mediavod-lvlt.rtve.es\/resources\/TE_SEDMIGD\/mp3\/6\/7\/1608125146276.mp3\" target=\"_blank\" rel=\"noopener\">R\u00e0dio 4<\/a> (a partir del minut 16:34),<strong> Marta Gento<\/strong>, vicetresorera del COFB, a <a href=\"https:\/\/www.cope.es\/emisoras\/cataluna\/barcelona-provincia\/barcelona\/herrera-a-cope-catalunya-i-andorra\/noticias\/portem-mascareta-seu-lloc-20201216_1048885\" target=\"_blank\" rel=\"noopener\">Cadena Cope<\/a>, i <strong>Joan Brugueras<\/strong>, coordinador de les farm\u00e0cies al del Vall\u00e8s Occidental Oest a <a href=\"https:\/\/terrassadigital.cat\/radio\/el-submari\/\" target=\"_blank\" rel=\"noopener\">R\u00e0dio Terrassa<\/a> (a partir del minut 23:50, podcast del dia 16 de desembre).<\/p>\n<div class=\"custom-divider\"><\/div>\n<h1><span style=\"color: #008080;\"><strong>Intervencions del president del COFB, Jordi Casas<\/strong><\/span><\/h1>\n<p>Al mes de desembre, el president de Col\u00b7legi, Jordi Casas, va publicar a El Farmac\u00e9utico un article titulat <a href=\"http:\/\/elfarmaceutico.es\/index.php\/con-firma\/item\/11311-la-integracion-de-la-farmacia-comunitaria#.X_gpRNhKjIU\" target=\"_blank\" rel=\"noopener\">&#8220;La integraci\u00f3n de la farmacia comunitaria&#8221;<\/a> en qu\u00e8 feia un rep\u00e0s dels seus objectius com a president del COFB i apostava per potenciar la <strong>integraci\u00f3 de la farm\u00e0cia i consolidar-la com un punt d&#8217;atenci\u00f3 comunit\u00e0ria del Sistema de Salut<\/strong>. Des del seu punt de vista,\u00a0 &#8220;l&#8217;aposta per la integraci\u00f3 \u00e9s una necessitat que s&#8217;ha evidenciat encara m\u00e9s a conseq\u00fc\u00e8ncia de la COVID-19&#8221;.<\/p>\n<p>D&#8217;altra banda, el president del COFB tamb\u00e9 va participar en una entrevista al programa<a href=\"https:\/\/www.ccma.cat\/catradio\/alacarta\/la-nit-dels-ignorants\/que-esta-suposant-aquesta-crisi-sanitaria-per-als-professionals-de-la-salut\/audio\/1088649\/\" target=\"_blank\" rel=\"noopener\"> &#8220;La nit dels ignorants&#8221; de Catalunya R\u00e0dio<\/a>, en qu\u00e8 va conversar amb\u00a0Antoni Calvo, psic\u00f2leg psicoterapeuta i director de la Fundaci\u00f3 Galatea. L&#8217;entrevista va girar al voltant de q<strong>u\u00e8 suposa per als professionals sanitaris la crisi sanit\u00e0ria provocada per la COVID-19.<\/strong><\/p>\n<p><a href=\"https:\/\/blog.cofb.cat\/wp-content\/uploads\/2021\/01\/El-Farmac\u00e9utico.jpg\"><img loading=\"lazy\" decoding=\"async\" class=\"aligncenter size-large wp-image-53823\" src=\"https:\/\/blog.cofb.cat\/wp-content\/uploads\/2021\/01\/El-Farmac\u00e9utico-1024x724.jpg\" alt=\"\" width=\"620\" height=\"438\" \/><\/a><\/p>\n<div class=\"custom-divider\"><\/div>\n<h1><span style=\"color: #008080;\"><strong>Publicaci\u00f3 de la Guia per a l&#8217;abordatge de la tensi\u00f3 arterial a la farm\u00e0cia comunit\u00e0ria<\/strong><\/span><\/h1>\n<p>El passat 2 de desembre des del CCFC es va enviar una <a href=\"https:\/\/blog.cofb.cat\/consell-collegis-farmaceutics-catalunya-publica-guia-labordatge-hipertensio-arterial-farmacia\/\" target=\"_blank\" rel=\"noopener\">nota de premsa<\/a> per informar de la publicaci\u00f3 de la <strong>Guia per a l&#8217;abordatge de la Hipertensi\u00f3 arterial a la farm\u00e0cia comunit\u00e0ria<\/strong>. Diversos mitjans es van fer ress\u00f2 de la iniciativa, que t\u00e9 per objectius \u00a0<strong>protocol\u00b7litzar l\u2019actuaci\u00f3 farmac\u00e8utica<\/strong>\u00a0per garantir que la presa de pressi\u00f3 i el seguiment de la hipertensi\u00f3 del pacient es fa\u00a0<strong>correctament<\/strong>\u00a0i de\u00a0<strong>manera homog\u00e8nia<\/strong>. Concretament, van referir-s&#8217;hi <a href=\"https:\/\/www.lavanguardia.com\/vida\/20201202\/49850138357\/colegio-de-farmaceuticos-lanza-una-guia-para-abordar-la-hipertension-arterial.html\" target=\"_blank\" rel=\"noopener\">La Vanguardia<\/a>,\u00a0<a href=\"https:\/\/www.diariofarma.com\/2020\/12\/03\/publicada-una-guia-para-el-abordaje-de-la-hipertension-arterial-desde-la-farmacia-comunitaria\" target=\"_blank\" rel=\"noopener\">Diariofarma<\/a>, <a href=\"https:\/\/www.diariomedico.com\/farmacia\/comunitaria\/profesion\/cataluna-publican-una-guia-para-el-abordaje-de-la-hipertension-arterial-desde-la-farmacia-comunitaria.html\" target=\"_blank\" rel=\"noopener\">Diario M\u00e9dico<\/a>, <a href=\"http:\/\/www.pmfarma.es\/noticias\/29920-el-consell-de-collegis-farmaceutics-de-catalunya-publica-una-guia-para-el-abordaje-de-la-hipertension-arterial-desde-la-farmacia-comunitari.html\" target=\"_blank\" rel=\"noopener\">PMFarma<\/a>, i<a href=\"http:\/\/www.elfarmaceutico.es\/index.php\/noticias-actualidad-farmaceutica\/item\/11273-el-consell-de-col-legis-farmaceutics-de-catalunya-publica-una-guia-para-el-abordaje-de-la-hipertension-arterial-desde-la-farmacia-comunitaria#.X_hWLdhKjIU\" target=\"_blank\" rel=\"noopener\"> El Farmac\u00e9utico.<\/a><\/p>\n<p>A finals de mes, Diario M\u00e9dico va ampliar la informaci\u00f3 fent un <a href=\"https:\/\/www.diariomedico.com\/farmacia\/comunitaria\/profesion\/hta-la-farmacia-mide-registra-digitaliza-comparte-y-fija-criterios-consensuados-de-derivacion.html\" target=\"_blank\" rel=\"noopener\">article en profunditat<\/a>, en qu\u00e8 va parlar amb el vocal d&#8217;Oficina de Farm\u00e0cia del COFB, Guillermo Bagar\u00eda, que va destacar que, amb la Guia, s&#8217;havia volgut crear una &#8220;<strong>eina \u00fatil i d&#8217;aplicaci\u00f3 pr\u00e0ctica<\/strong> per al dia a dia de l&#8217;oficina de farm\u00e0cia&#8221; i &#8220;<strong>protocol\u00b7litzar<\/strong> un servei que es presta a la majoria d&#8217;oficines de farm\u00e0cia&#8221;.<\/p>\n<p><a href=\"https:\/\/blog.cofb.cat\/wp-content\/uploads\/2021\/01\/Dise\u00f1o-sin-t\u00edtulo-2.jpg\"><img loading=\"lazy\" decoding=\"async\" class=\"aligncenter size-large wp-image-53824\" src=\"https:\/\/blog.cofb.cat\/wp-content\/uploads\/2021\/01\/Dise\u00f1o-sin-t\u00edtulo-2-1024x724.jpg\" alt=\"\" width=\"620\" height=\"438\" \/><\/a><\/p>\n<div class=\"custom-divider\"><\/div>\n<h1><span style=\"color: #008080;\"><strong>El COFB com a font d&#8217;informaci\u00f3<\/strong><\/span><\/h1>\n<h3><span style=\"color: #000000;\"><strong>Term\u00f2metres\u00a0<\/strong><\/span><\/h3>\n<p>El vocal d&#8217;Oficina de Farm\u00e0cia del COFB, Guillermo Bagar\u00eda, va ser entrevistat a <a href=\"https:\/\/www.cope.es\/emisoras\/cataluna\/barcelona-provincia\/barcelona\/herrera-a-cope-catalunya-i-andorra\/noticias\/partir-que-temperatura-tenemos-fiebre-aprende-leer-correctamente-termometro-20201229_1066030\" target=\"_blank\" rel=\"noopener\">Cope Catalunya<\/a> per parlar del tipus de term\u00f2metres que existeixen, com han anat canviant amb el pas dels anys i com s&#8217;han d&#8217;interpretar. Tenint en compte que amb la COVID-19 els term\u00f2metres d&#8217;infrarojos o term\u00f2metres sense contacte estan a l&#8217;ordre del dia, ens podem preguntar si hi ha un tipus de term\u00f2metre que sigui m\u00e9s eficient que un altre.\u00a0Bagar\u00eda va aclarir que &#8220;tots els term\u00f2metres s\u00f3n fiables si s&#8217;utilitzen correctament&#8221;, tot recalcant que cal utilitzar term\u00f2metres que comptin amb l&#8217;aprovaci\u00f3 de l&#8217;Ag\u00e8ncia Espanyola del Medicament i Productes Sanitaris (AEMPS) i amb el segell CE, que marca la garantia de comercialitzaci\u00f3 d&#8217;acord amb els par\u00e0metres de la normativa europea.<\/p>\n<h3><span style=\"color: #000000;\"><strong>Difer\u00e8ncies entre naprox\u00e8n i ibuprof\u00e8n\u00a0<\/strong><\/span><\/h3>\n<p>Maria Perell\u00f3, responsable del Centre d&#8217;Informaci\u00f3 del Medicament del COFB, va participar en una publicaci\u00f3 de Cu\u00eddate Plus titulada <a href=\"https:\/\/cuidateplus.marca.com\/medicamentos\/2020\/12\/06\/diferencias-naproxeno-e-ibuprofeno-cuando-tomarlos-175894.html\" target=\"_blank\" rel=\"noopener\">&#8220;Diferencias entre naproxeno e ibuprofeno: \u00bfcu\u00e1ndo tomarlos?&#8221;<\/a>, en qu\u00e8 es detallava, entre d&#8217;altres, la indicaci\u00f3, la pauta posol\u00f2gica i com prendre aquests medicaments.<\/p>\n<p><a href=\"https:\/\/blog.cofb.cat\/wp-content\/uploads\/2021\/01\/Dise\u00f1o-sin-t\u00edtulo-4.jpg\"><img loading=\"lazy\" decoding=\"async\" class=\"aligncenter size-large wp-image-53827\" src=\"https:\/\/blog.cofb.cat\/wp-content\/uploads\/2021\/01\/Dise\u00f1o-sin-t\u00edtulo-4-1024x724.jpg\" alt=\"\" width=\"620\" height=\"438\" \/><\/a><\/p>\n<div class=\"custom-divider\"><\/div>\n<h1><span style=\"color: #008080;\"><strong>Mencions al COFB<\/strong><\/span><\/h1>\n<h3><span style=\"color: #000000;\"><strong>Dia Mundial del VIH<\/strong><\/span><\/h3>\n<p>Coincidint amb el Dia Mundial del VIH (1 de desembre), l&#8217;associaci\u00f3 Actuavall\u00e8s va enviar una nota de premsa als mitjans en qu\u00e8 explicava que, juntament amb el Col\u00b7legi de Farmac\u00e8utics de Barcelona,\u00a0 llan\u00e7ava una campanya per promoure la realitzaci\u00f3 de proves de VIH. Van recollir-ho <a href=\"https:\/\/elmon.cat\/monterrassa\/societat\/farmaceutics-actuavalles-collaboren-frenar-lelevat-diagnostic-tarda-del-vih\" target=\"_blank\" rel=\"noopener\">M\u00f3n Terrassa<\/a>,\u00a0\u00a0<a href=\"http:\/\/www.diarideterrassa.es\/terrassa\/2020\/12\/01\/actuavalles-i-collegi-farmaceutics-uneixen\/148527.html\" target=\"_blank\" rel=\"noopener\">Diari de Terrassa<\/a>\u00a0i\u00a0<a href=\"https:\/\/terrassadigital.cat\/una-campanya-promou-la-deteccio-precoc-del-vih\/\" target=\"_blank\" rel=\"noopener\">Terrassa Digital<\/a>.<\/p>\n<p>D&#8217;altra banda, el mitj\u00e0 Correo Farmac\u00e9utico va entrevistar <strong>Guillermo Bagar\u00eda<\/strong>, vocal d&#8217;Oficina de Farm\u00e0cia del COFB, en el marc d&#8217;un <a href=\"https:\/\/www.diariomedico.com\/farmacia\/comunitaria\/profesion\/la-pandemia-merma-el-numero-de-pruebas-rapidas-de-vih-en-farmacias-pero-siguen-en-marcha.html\" target=\"_blank\" rel=\"noopener\">reportatge <\/a>sobre la <strong>realitzaci\u00f3 de les proves r\u00e0pides\u00a0de VIH<\/strong> i l&#8217;afectaci\u00f3 de la pand\u00e8mia en aquest i altres serveis professionals.<\/p>\n<p><a href=\"https:\/\/blog.cofb.cat\/wp-content\/uploads\/2021\/01\/Dise\u00f1o-sin-t\u00edtulo-7.jpg\"><img loading=\"lazy\" decoding=\"async\" class=\"aligncenter size-large wp-image-53899\" src=\"https:\/\/blog.cofb.cat\/wp-content\/uploads\/2021\/01\/Dise\u00f1o-sin-t\u00edtulo-7-1024x724.jpg\" alt=\"\" width=\"620\" height=\"438\" \/><\/a><\/p>\n<p>&nbsp;<\/p>\n<h3><span style=\"color: #000000;\"><strong>Infarma: anunci de les dates de l&#8217;edici\u00f3 2021<\/strong><\/span><\/h3>\n<p>El Congr\u00e9s i Sal\u00f3 farmac\u00e8utic, Infarma, celebrar\u00e0 la seva pr\u00f2xima edici\u00f3 del 15 al 17 de juny a Madrid. Durant el mes de desembre, l&#8217;organitzaci\u00f3 va enviar una nota de premsa informant d&#8217;aquestes noves dates, que va van recollir <a href=\"http:\/\/mynmedia.mynews.es\/intelligence\/C1105004\/document\/13819\/AGT202012152863\/?fromEmail=True&amp;idEnviament=124002\" target=\"_blank\" rel=\"noopener\">Europa Press<\/a>, <a href=\"https:\/\/www.redaccionmedica.com\/secciones\/farmacia\/infarma-2020-2021-celebra-junio-ifema-2150\" target=\"_blank\" rel=\"noopener\">Redacci\u00f3n M\u00e9dica<\/a>, <a href=\"https:\/\/revistaacofar.com\/actualidad\/noticias\/infarma-2020-2021-se-celebrara-del-15-al-17-de-junio-en-ifema\/\" target=\"_blank\" rel=\"noopener\">Revista Acofar<\/a>, <a href=\"https:\/\/www.nutrasalud.es\/noticias\/20201215\/infarma-feria-ifema-junio-2021-salon-farmacia#.X_g1bDSg_IU\" target=\"_blank\" rel=\"noopener\">Nutrasalud<\/a>, <a href=\"https:\/\/vozlibre.com\/inbox\/infarma-2020-2021-se-celebrara-del-15-al-17-de-junio-en-ifema-41067\/\" target=\"_blank\" rel=\"noopener\">La Voz Libre<\/a>, <a href=\"https:\/\/cronicadecantabria.com\/cr\/infarma-2020-2021-se-celebrar-del-15-al-17-de-junio\/\" target=\"_blank\" rel=\"noopener\">Cr\u00f3nica de Cantabria<\/a>\u00a0i\u00a0<a href=\"http:\/\/www.diariosigloxxi.com\/texto-ep\/mostrar\/20201215184028\/infarma-2020-2021-celebrara-15-17-junio\" target=\"_blank\" rel=\"noopener\">Diario Siglo XXI<\/a>.<\/p>\n<h3><span style=\"color: #000000;\"><strong>Balan\u00e7 del 2020 d&#8217;\u00c0gora Sanit\u00e0ria<\/strong><\/span><\/h3>\n<p>Des de la plataforma de formaci\u00f3 online dels Col\u00b7legis de Farmac\u00e8utics de Barcelona i Madrid, \u00c0gora Sanit\u00e0ria, es va enviar als mitjans una nota de premsa per fer balan\u00e7 del 2020. La van recollir diferents mitjans com <a href=\"https:\/\/www.diariofarma.com\/2020\/12\/28\/agora-cierra-2020-con-mas-de-11-000-inscripciones-y-con-el-objetivo-de-incluir-mas-actividades-en-2021#:~:text=La%20aplicaci%C3%B3n%20cierra%202020%20con,h%C3%A1bitos%20derivados%20de%20la%20pandemia\" target=\"_blank\" rel=\"noopener\">Diariofarma<\/a>, <a href=\"https:\/\/www.imfarmacias.es\/noticia\/22546\/agora-sanitaria-prepara-novedades-para-2021-en-las-que-destacan-la-se.html\" target=\"_blank\" rel=\"noopener\">ImFarmacias<\/a> i <a href=\"https:\/\/revistafarmanatur.com\/noticias\/actualizacion-terapeutica-seguridad-del-paciente-prevencion-la-salud-algunas-areas-donde-agora-incluira-novedades\/\" target=\"_blank\" rel=\"noopener\">Farmanatur<\/a>.<\/p>\n<p><a href=\"https:\/\/blog.cofb.cat\/wp-content\/uploads\/2021\/01\/Dise\u00f1o-sin-t\u00edtulo-6.jpg\"><img loading=\"lazy\" decoding=\"async\" class=\"aligncenter size-large wp-image-53831\" src=\"https:\/\/blog.cofb.cat\/wp-content\/uploads\/2021\/01\/Dise\u00f1o-sin-t\u00edtulo-6-1024x724.jpg\" alt=\"\" width=\"620\" height=\"438\" \/><\/a><\/p>\n<div class=\"custom-divider\"><\/div>\n<p><strong>Altres publicacions d&#8217;inter\u00e8s:\u00a0<\/strong><\/p>\n<ul>\n<li><a href=\"https:\/\/blog.cofb.cat\/novembre-els-tests-rapids-a-les-farmacies-i-el-mgof-temes-mes-destacats-als-mitjans\/\" target=\"_blank\" rel=\"noopener\">Novembre: els tests COVID-19 a les farm\u00e0cies, el paper dels farmac\u00e8utics durant la pand\u00e8mia i la inauguraci\u00f3 del MGOF, temes m\u00e9s destacats als mitjans (Desembre 2020)<\/a><\/li>\n<li><a href=\"https:\/\/blog.cofb.cat\/octubre-tests-covid-19-congres-cannabmed-programa-formacio-continuada-2020-21-cofb-temes-mes-destacats-als-mitjans\/\" target=\"_blank\" rel=\"noopener\">Octubre: els tests COVID-19, el congr\u00e9s Cannabmed i el programa de formaci\u00f3 continuada 2020-21 del COFB, temes m\u00e9s destacats als mitjans (Novembre 2020)<\/a><\/li>\n<li><a href=\"https:\/\/blog.cofb.cat\/agost-setembre-dia-mundial-farmaceutic-tests-dantigens-farmacia-projecte-pilot-terrassa-contra-covid-19-temes-mes-destacats-als-mitjans\/\" target=\"_blank\" rel=\"noopener\">Agost i setembre: el Dia Mundial del Farmac\u00e8utic, els tests d\u2019ant\u00edgens a la farm\u00e0cia i el projecte pilot de Terrassa contra la COVID-19, temes m\u00e9s destacats als mitjans<\/a><\/li>\n<\/ul>\n","protected":false},"excerpt":{"rendered":"<p>Programa pilot de cribratge amb proves PCR d&#8217;automostra de saliva a Les Corts El 17 de desembre es va posar en marxa al districte de Les Corts (Barcelona) un programa pilot de cribratge de la COVID-19 amb proves\u00a0PCR d&#8217;automostra de saliva i la participaci\u00f3 de les oficines de farm\u00e0cies. Des [&hellip;]<\/p>\n","protected":false},"author":1,"featured_media":53963,"comment_status":"open","ping_status":"open","sticky":false,"template":"","format":"standard","meta":{"_uag_custom_page_level_css":"","site-sidebar-layout":"default","site-content-layout":"","ast-site-content-layout":"default","site-content-style":"default","site-sidebar-style":"default","ast-global-header-display":"","ast-banner-title-visibility":"","ast-main-header-display":"","ast-hfb-above-header-display":"","ast-hfb-below-header-display":"","ast-hfb-mobile-header-display":"","site-post-title":"","ast-breadcrumbs-content":"","ast-featured-img":"disabled","footer-sml-layout":"","theme-transparent-header-meta":"","adv-header-id-meta":"","stick-header-meta":"","header-above-stick-meta":"","header-main-stick-meta":"","header-below-stick-meta":"","astra-migrate-meta-layouts":"default","ast-page-background-enabled":"default","ast-page-background-meta":{"desktop":{"background-color":"var(--ast-global-color-4)","background-image":"","background-repeat":"repeat","background-position":"center center","background-size":"auto","background-attachment":"scroll","background-type":"","background-media":"","overlay-type":"","overlay-color":"","overlay-opacity":"","overlay-gradient":""},"tablet":{"background-color":"","background-image":"","background-repeat":"repeat","background-position":"center center","background-size":"auto","background-attachment":"scroll","background-type":"","background-media":"","overlay-type":"","overlay-color":"","overlay-opacity":"","overlay-gradient":""},"mobile":{"background-color":"","background-image":"","background-repeat":"repeat","background-position":"center center","background-size":"auto","background-attachment":"scroll","background-type":"","background-media":"","overlay-type":"","overlay-color":"","overlay-opacity":"","overlay-gradient":""}},"ast-content-background-meta":{"desktop":{"background-color":"var(--ast-global-color-5)","background-image":"","background-repeat":"repeat","background-position":"center center","background-size":"auto","background-attachment":"scroll","background-type":"","background-media":"","overlay-type":"","overlay-color":"","overlay-opacity":"","overlay-gradient":""},"tablet":{"background-color":"var(--ast-global-color-5)","background-image":"","background-repeat":"repeat","background-position":"center center","background-size":"auto","background-attachment":"scroll","background-type":"","background-media":"","overlay-type":"","overlay-color":"","overlay-opacity":"","overlay-gradient":""},"mobile":{"background-color":"var(--ast-global-color-5)","background-image":"","background-repeat":"repeat","background-position":"center center","background-size":"auto","background-attachment":"scroll","background-type":"","background-media":"","overlay-type":"","overlay-color":"","overlay-opacity":"","overlay-gradient":""}},"footnotes":""},"categories":[23,32],"tags":[4479,4480,308,18,19,3316,53,69,26,28,4451,584,4303,2143,459,4481,4452,4482,492],"class_list":["post-53670","post","type-post","status-publish","format-standard","has-post-thumbnail","hentry","category-destacats","category-noticies-farmacia","tag-abordatge-tensio-arterial","tag-campanya-bon-us-mascaretes","tag-ccfc","tag-cofb","tag-collegi-de-farmaceutics-de-barcelona","tag-consell-de-collegis-de-farmaceutics-de-catalunya","tag-farmaceutics","tag-farmacia-comunitaria","tag-farmacies-comunitaries","tag-infarma","tag-les-corts","tag-mascaretes","tag-mascaretes-higieniques","tag-mascaretes-sanitaries","tag-mitjans","tag-pcr-automostra","tag-pilot","tag-termometres","tag-tests-antigens"],"yoast_head":"<!-- This site is optimized with the Yoast SEO plugin v22.4 - https:\/\/yoast.com\/wordpress\/plugins\/seo\/ -->\n<title>Desembre: El programa pilot de cribratge amb PCR d&#039;automostra, els tests COVID-19 i la campanya sobre bon \u00fas de mascaretes, temes m\u00e9s destacats als mitjans - Col\u00b7legi de Farmac\u00e8utics de Barcelona<\/title>\n<meta name=\"robots\" content=\"index, follow, max-snippet:-1, max-image-preview:large, max-video-preview:-1\" \/>\n<link rel=\"canonical\" href=\"https:\/\/novaorg.cofb.net\/2021\/01\/21\/desembre-programa-pilot-cribratge-pcr-dautomostra-tests-covid-19-campanya-sobre-bon-us-mascaretes-temes-mes-destacats-als-mitjans\/\" \/>\n<meta property=\"og:locale\" content=\"ca_ES\" \/>\n<meta property=\"og:type\" content=\"article\" \/>\n<meta property=\"og:title\" content=\"Desembre: El programa pilot de cribratge amb PCR d&#039;automostra, els tests COVID-19 i la campanya sobre bon \u00fas de mascaretes, temes m\u00e9s destacats als mitjans - Col\u00b7legi de Farmac\u00e8utics de Barcelona\" \/>\n<meta property=\"og:description\" content=\"Programa pilot de cribratge amb proves PCR d&#8217;automostra de saliva a Les Corts El 17 de desembre es va posar en marxa al districte de Les Corts (Barcelona) un programa pilot de cribratge de la COVID-19 amb proves\u00a0PCR d&#8217;automostra de saliva i la participaci\u00f3 de les oficines de farm\u00e0cies. Des [&hellip;]\" \/>\n<meta property=\"og:url\" content=\"https:\/\/novaorg.cofb.net\/2021\/01\/21\/desembre-programa-pilot-cribratge-pcr-dautomostra-tests-covid-19-campanya-sobre-bon-us-mascaretes-temes-mes-destacats-als-mitjans\/\" \/>\n<meta property=\"og:site_name\" content=\"Col\u00b7legi de Farmac\u00e8utics de Barcelona\" \/>\n<meta property=\"article:publisher\" content=\"https:\/\/www.facebook.com\/farmaceuticsbcn\/\" \/>\n<meta property=\"article:published_time\" content=\"2021-01-21T12:22:02+00:00\" \/>\n<meta name=\"author\" content=\"wpAdminCofbOrg\" \/>\n<meta name=\"twitter:card\" content=\"summary_large_image\" \/>\n<meta name=\"twitter:creator\" content=\"@farmaceuticsbcn\" \/>\n<meta name=\"twitter:site\" content=\"@farmaceuticsbcn\" \/>\n<meta name=\"twitter:label1\" content=\"Escrit per\" \/>\n\t<meta name=\"twitter:data1\" content=\"wpAdminCofbOrg\" \/>\n\t<meta name=\"twitter:label2\" content=\"Temps estimat de lectura\" \/>\n\t<meta name=\"twitter:data2\" content=\"8 minuts\" \/>\n<script type=\"application\/ld+json\" class=\"yoast-schema-graph\">{\"@context\":\"https:\/\/schema.org\",\"@graph\":[{\"@type\":\"Article\",\"@id\":\"https:\/\/novaorg.cofb.net\/2021\/01\/21\/desembre-programa-pilot-cribratge-pcr-dautomostra-tests-covid-19-campanya-sobre-bon-us-mascaretes-temes-mes-destacats-als-mitjans\/#article\",\"isPartOf\":{\"@id\":\"https:\/\/novaorg.cofb.net\/2021\/01\/21\/desembre-programa-pilot-cribratge-pcr-dautomostra-tests-covid-19-campanya-sobre-bon-us-mascaretes-temes-mes-destacats-als-mitjans\/\"},\"author\":{\"name\":\"wpAdminCofbOrg\",\"@id\":\"https:\/\/www.cofb.org\/#\/schema\/person\/22ed7eea88da74b0fa4d3154ad87ffcb\"},\"headline\":\"Desembre: El programa pilot de cribratge amb PCR d&#8217;automostra, els tests COVID-19 i la campanya sobre bon \u00fas de mascaretes, temes m\u00e9s destacats als mitjans\",\"datePublished\":\"2021-01-21T12:22:02+00:00\",\"dateModified\":\"2021-01-21T12:22:02+00:00\",\"mainEntityOfPage\":{\"@id\":\"https:\/\/novaorg.cofb.net\/2021\/01\/21\/desembre-programa-pilot-cribratge-pcr-dautomostra-tests-covid-19-campanya-sobre-bon-us-mascaretes-temes-mes-destacats-als-mitjans\/\"},\"wordCount\":1731,\"commentCount\":0,\"publisher\":{\"@id\":\"https:\/\/www.cofb.org\/#organization\"},\"image\":{\"@id\":\"https:\/\/novaorg.cofb.net\/2021\/01\/21\/desembre-programa-pilot-cribratge-pcr-dautomostra-tests-covid-19-campanya-sobre-bon-us-mascaretes-temes-mes-destacats-als-mitjans\/#primaryimage\"},\"thumbnailUrl\":\"\",\"keywords\":[\"abordatge tensi\u00f3 arterial\",\"campanya bon \u00fas mascaretes\",\"CCFC\",\"COFB\",\"Col\u00b7legi de Farmac\u00e8utics de Barcelona\",\"Consell de Col\u00b7legis de Farmac\u00e8utics de Catalunya\",\"farmac\u00e8utics\",\"farm\u00e0cia comunit\u00e0ria\",\"farm\u00e0cies comunit\u00e0ries\",\"Infarma\",\"Les Corts\",\"mascaretes\",\"mascaretes higi\u00e8niques\",\"mascaretes sanit\u00e0ries\",\"Mitjans\",\"pcr automostra\",\"pilot\",\"term\u00f2metres\",\"tests ant\u00edgens\"],\"articleSection\":[\"Destacats\",\"Not\u00edcies farm\u00e0cia\"],\"inLanguage\":\"ca\",\"potentialAction\":[{\"@type\":\"CommentAction\",\"name\":\"Comment\",\"target\":[\"https:\/\/novaorg.cofb.net\/2021\/01\/21\/desembre-programa-pilot-cribratge-pcr-dautomostra-tests-covid-19-campanya-sobre-bon-us-mascaretes-temes-mes-destacats-als-mitjans\/#respond\"]}]},{\"@type\":\"WebPage\",\"@id\":\"https:\/\/novaorg.cofb.net\/2021\/01\/21\/desembre-programa-pilot-cribratge-pcr-dautomostra-tests-covid-19-campanya-sobre-bon-us-mascaretes-temes-mes-destacats-als-mitjans\/\",\"url\":\"https:\/\/novaorg.cofb.net\/2021\/01\/21\/desembre-programa-pilot-cribratge-pcr-dautomostra-tests-covid-19-campanya-sobre-bon-us-mascaretes-temes-mes-destacats-als-mitjans\/\",\"name\":\"Desembre: El programa pilot de cribratge amb PCR d'automostra, els tests COVID-19 i la campanya sobre bon \u00fas de mascaretes, temes m\u00e9s destacats als mitjans - Col\u00b7legi de Farmac\u00e8utics de Barcelona\",\"isPartOf\":{\"@id\":\"https:\/\/www.cofb.org\/#website\"},\"primaryImageOfPage\":{\"@id\":\"https:\/\/novaorg.cofb.net\/2021\/01\/21\/desembre-programa-pilot-cribratge-pcr-dautomostra-tests-covid-19-campanya-sobre-bon-us-mascaretes-temes-mes-destacats-als-mitjans\/#primaryimage\"},\"image\":{\"@id\":\"https:\/\/novaorg.cofb.net\/2021\/01\/21\/desembre-programa-pilot-cribratge-pcr-dautomostra-tests-covid-19-campanya-sobre-bon-us-mascaretes-temes-mes-destacats-als-mitjans\/#primaryimage\"},\"thumbnailUrl\":\"\",\"datePublished\":\"2021-01-21T12:22:02+00:00\",\"dateModified\":\"2021-01-21T12:22:02+00:00\",\"breadcrumb\":{\"@id\":\"https:\/\/novaorg.cofb.net\/2021\/01\/21\/desembre-programa-pilot-cribratge-pcr-dautomostra-tests-covid-19-campanya-sobre-bon-us-mascaretes-temes-mes-destacats-als-mitjans\/#breadcrumb\"},\"inLanguage\":\"ca\",\"potentialAction\":[{\"@type\":\"ReadAction\",\"target\":[\"https:\/\/novaorg.cofb.net\/2021\/01\/21\/desembre-programa-pilot-cribratge-pcr-dautomostra-tests-covid-19-campanya-sobre-bon-us-mascaretes-temes-mes-destacats-als-mitjans\/\"]}]},{\"@type\":\"ImageObject\",\"inLanguage\":\"ca\",\"@id\":\"https:\/\/novaorg.cofb.net\/2021\/01\/21\/desembre-programa-pilot-cribratge-pcr-dautomostra-tests-covid-19-campanya-sobre-bon-us-mascaretes-temes-mes-destacats-als-mitjans\/#primaryimage\",\"url\":\"\",\"contentUrl\":\"\"},{\"@type\":\"BreadcrumbList\",\"@id\":\"https:\/\/novaorg.cofb.net\/2021\/01\/21\/desembre-programa-pilot-cribratge-pcr-dautomostra-tests-covid-19-campanya-sobre-bon-us-mascaretes-temes-mes-destacats-als-mitjans\/#breadcrumb\",\"itemListElement\":[{\"@type\":\"ListItem\",\"position\":1,\"name\":\"Inici\",\"item\":\"https:\/\/novaorg.cofb.net\/\"},{\"@type\":\"ListItem\",\"position\":2,\"name\":\"Desembre: El programa pilot de cribratge amb PCR d&#8217;automostra, els tests COVID-19 i la campanya sobre bon \u00fas de mascaretes, temes m\u00e9s destacats als mitjans\"}]},{\"@type\":\"WebSite\",\"@id\":\"https:\/\/www.cofb.org\/#website\",\"url\":\"https:\/\/www.cofb.org\/\",\"name\":\"Col\u00b7legi de Farmac\u00e8utics de Barcelona\",\"description\":\"\",\"publisher\":{\"@id\":\"https:\/\/www.cofb.org\/#organization\"},\"potentialAction\":[{\"@type\":\"SearchAction\",\"target\":{\"@type\":\"EntryPoint\",\"urlTemplate\":\"https:\/\/www.cofb.org\/?s={search_term_string}\"},\"query-input\":\"required name=search_term_string\"}],\"inLanguage\":\"ca\"},{\"@type\":\"Organization\",\"@id\":\"https:\/\/www.cofb.org\/#organization\",\"name\":\"Col\u00b7legi de Farmac\u00e8utics de Barcelona\",\"url\":\"https:\/\/www.cofb.org\/\",\"logo\":{\"@type\":\"ImageObject\",\"inLanguage\":\"ca\",\"@id\":\"https:\/\/www.cofb.org\/#\/schema\/logo\/image\/\",\"url\":\"https:\/\/www.cofb.org\/wp-content\/uploads\/2023\/11\/cropped-Logotip-COFB.png\",\"contentUrl\":\"https:\/\/www.cofb.org\/wp-content\/uploads\/2023\/11\/cropped-Logotip-COFB.png\",\"width\":500,\"height\":105,\"caption\":\"Col\u00b7legi de Farmac\u00e8utics de Barcelona\"},\"image\":{\"@id\":\"https:\/\/www.cofb.org\/#\/schema\/logo\/image\/\"},\"sameAs\":[\"https:\/\/www.facebook.com\/farmaceuticsbcn\/\",\"https:\/\/twitter.com\/farmaceuticsbcn\",\"https:\/\/www.instagram.com\/farmaceuticsbcn\/\",\"https:\/\/www.linkedin.com\/company\/farmaceuticsbcn\/\"]},{\"@type\":\"Person\",\"@id\":\"https:\/\/www.cofb.org\/#\/schema\/person\/22ed7eea88da74b0fa4d3154ad87ffcb\",\"name\":\"wpAdminCofbOrg\",\"image\":{\"@type\":\"ImageObject\",\"inLanguage\":\"ca\",\"@id\":\"https:\/\/www.cofb.org\/#\/schema\/person\/image\/\",\"url\":\"https:\/\/secure.gravatar.com\/avatar\/1721b20b3b8ca882c3b56ec6c978c594fff670e40c0718e9190eaeeb76aae7d8?s=96&d=mm&r=g\",\"contentUrl\":\"https:\/\/secure.gravatar.com\/avatar\/1721b20b3b8ca882c3b56ec6c978c594fff670e40c0718e9190eaeeb76aae7d8?s=96&d=mm&r=g\",\"caption\":\"wpAdminCofbOrg\"},\"sameAs\":[\"http:\/\/192.168.64.122\/wordpress\"],\"url\":\"https:\/\/www.cofb.org\/ca\/author\/wpadmincofborg\/\"}]}<\/script>\n<!-- \/ Yoast SEO plugin. -->","yoast_head_json":{"title":"Desembre: El programa pilot de cribratge amb PCR d'automostra, els tests COVID-19 i la campanya sobre bon \u00fas de mascaretes, temes m\u00e9s destacats als mitjans - Col\u00b7legi de Farmac\u00e8utics de Barcelona","robots":{"index":"index","follow":"follow","max-snippet":"max-snippet:-1","max-image-preview":"max-image-preview:large","max-video-preview":"max-video-preview:-1"},"canonical":"https:\/\/novaorg.cofb.net\/2021\/01\/21\/desembre-programa-pilot-cribratge-pcr-dautomostra-tests-covid-19-campanya-sobre-bon-us-mascaretes-temes-mes-destacats-als-mitjans\/","og_locale":"ca_ES","og_type":"article","og_title":"Desembre: El programa pilot de cribratge amb PCR d'automostra, els tests COVID-19 i la campanya sobre bon \u00fas de mascaretes, temes m\u00e9s destacats als mitjans - Col\u00b7legi de Farmac\u00e8utics de Barcelona","og_description":"Programa pilot de cribratge amb proves PCR d&#8217;automostra de saliva a Les Corts El 17 de desembre es va posar en marxa al districte de Les Corts (Barcelona) un programa pilot de cribratge de la COVID-19 amb proves\u00a0PCR d&#8217;automostra de saliva i la participaci\u00f3 de les oficines de farm\u00e0cies. Des [&hellip;]","og_url":"https:\/\/novaorg.cofb.net\/2021\/01\/21\/desembre-programa-pilot-cribratge-pcr-dautomostra-tests-covid-19-campanya-sobre-bon-us-mascaretes-temes-mes-destacats-als-mitjans\/","og_site_name":"Col\u00b7legi de Farmac\u00e8utics de Barcelona","article_publisher":"https:\/\/www.facebook.com\/farmaceuticsbcn\/","article_published_time":"2021-01-21T12:22:02+00:00","author":"wpAdminCofbOrg","twitter_card":"summary_large_image","twitter_creator":"@farmaceuticsbcn","twitter_site":"@farmaceuticsbcn","twitter_misc":{"Escrit per":"wpAdminCofbOrg","Temps estimat de lectura":"8 minuts"},"schema":{"@context":"https:\/\/schema.org","@graph":[{"@type":"Article","@id":"https:\/\/novaorg.cofb.net\/2021\/01\/21\/desembre-programa-pilot-cribratge-pcr-dautomostra-tests-covid-19-campanya-sobre-bon-us-mascaretes-temes-mes-destacats-als-mitjans\/#article","isPartOf":{"@id":"https:\/\/novaorg.cofb.net\/2021\/01\/21\/desembre-programa-pilot-cribratge-pcr-dautomostra-tests-covid-19-campanya-sobre-bon-us-mascaretes-temes-mes-destacats-als-mitjans\/"},"author":{"name":"wpAdminCofbOrg","@id":"https:\/\/www.cofb.org\/#\/schema\/person\/22ed7eea88da74b0fa4d3154ad87ffcb"},"headline":"Desembre: El programa pilot de cribratge amb PCR d&#8217;automostra, els tests COVID-19 i la campanya sobre bon \u00fas de mascaretes, temes m\u00e9s destacats als mitjans","datePublished":"2021-01-21T12:22:02+00:00","dateModified":"2021-01-21T12:22:02+00:00","mainEntityOfPage":{"@id":"https:\/\/novaorg.cofb.net\/2021\/01\/21\/desembre-programa-pilot-cribratge-pcr-dautomostra-tests-covid-19-campanya-sobre-bon-us-mascaretes-temes-mes-destacats-als-mitjans\/"},"wordCount":1731,"commentCount":0,"publisher":{"@id":"https:\/\/www.cofb.org\/#organization"},"image":{"@id":"https:\/\/novaorg.cofb.net\/2021\/01\/21\/desembre-programa-pilot-cribratge-pcr-dautomostra-tests-covid-19-campanya-sobre-bon-us-mascaretes-temes-mes-destacats-als-mitjans\/#primaryimage"},"thumbnailUrl":"","keywords":["abordatge tensi\u00f3 arterial","campanya bon \u00fas mascaretes","CCFC","COFB","Col\u00b7legi de Farmac\u00e8utics de Barcelona","Consell de Col\u00b7legis de Farmac\u00e8utics de Catalunya","farmac\u00e8utics","farm\u00e0cia comunit\u00e0ria","farm\u00e0cies comunit\u00e0ries","Infarma","Les Corts","mascaretes","mascaretes higi\u00e8niques","mascaretes sanit\u00e0ries","Mitjans","pcr automostra","pilot","term\u00f2metres","tests ant\u00edgens"],"articleSection":["Destacats","Not\u00edcies farm\u00e0cia"],"inLanguage":"ca","potentialAction":[{"@type":"CommentAction","name":"Comment","target":["https:\/\/novaorg.cofb.net\/2021\/01\/21\/desembre-programa-pilot-cribratge-pcr-dautomostra-tests-covid-19-campanya-sobre-bon-us-mascaretes-temes-mes-destacats-als-mitjans\/#respond"]}]},{"@type":"WebPage","@id":"https:\/\/novaorg.cofb.net\/2021\/01\/21\/desembre-programa-pilot-cribratge-pcr-dautomostra-tests-covid-19-campanya-sobre-bon-us-mascaretes-temes-mes-destacats-als-mitjans\/","url":"https:\/\/novaorg.cofb.net\/2021\/01\/21\/desembre-programa-pilot-cribratge-pcr-dautomostra-tests-covid-19-campanya-sobre-bon-us-mascaretes-temes-mes-destacats-als-mitjans\/","name":"Desembre: El programa pilot de cribratge amb PCR d'automostra, els tests COVID-19 i la campanya sobre bon \u00fas de mascaretes, temes m\u00e9s destacats als mitjans - Col\u00b7legi de Farmac\u00e8utics de Barcelona","isPartOf":{"@id":"https:\/\/www.cofb.org\/#website"},"primaryImageOfPage":{"@id":"https:\/\/novaorg.cofb.net\/2021\/01\/21\/desembre-programa-pilot-cribratge-pcr-dautomostra-tests-covid-19-campanya-sobre-bon-us-mascaretes-temes-mes-destacats-als-mitjans\/#primaryimage"},"image":{"@id":"https:\/\/novaorg.cofb.net\/2021\/01\/21\/desembre-programa-pilot-cribratge-pcr-dautomostra-tests-covid-19-campanya-sobre-bon-us-mascaretes-temes-mes-destacats-als-mitjans\/#primaryimage"},"thumbnailUrl":"","datePublished":"2021-01-21T12:22:02+00:00","dateModified":"2021-01-21T12:22:02+00:00","breadcrumb":{"@id":"https:\/\/novaorg.cofb.net\/2021\/01\/21\/desembre-programa-pilot-cribratge-pcr-dautomostra-tests-covid-19-campanya-sobre-bon-us-mascaretes-temes-mes-destacats-als-mitjans\/#breadcrumb"},"inLanguage":"ca","potentialAction":[{"@type":"ReadAction","target":["https:\/\/novaorg.cofb.net\/2021\/01\/21\/desembre-programa-pilot-cribratge-pcr-dautomostra-tests-covid-19-campanya-sobre-bon-us-mascaretes-temes-mes-destacats-als-mitjans\/"]}]},{"@type":"ImageObject","inLanguage":"ca","@id":"https:\/\/novaorg.cofb.net\/2021\/01\/21\/desembre-programa-pilot-cribratge-pcr-dautomostra-tests-covid-19-campanya-sobre-bon-us-mascaretes-temes-mes-destacats-als-mitjans\/#primaryimage","url":"","contentUrl":""},{"@type":"BreadcrumbList","@id":"https:\/\/novaorg.cofb.net\/2021\/01\/21\/desembre-programa-pilot-cribratge-pcr-dautomostra-tests-covid-19-campanya-sobre-bon-us-mascaretes-temes-mes-destacats-als-mitjans\/#breadcrumb","itemListElement":[{"@type":"ListItem","position":1,"name":"Inici","item":"https:\/\/novaorg.cofb.net\/"},{"@type":"ListItem","position":2,"name":"Desembre: El programa pilot de cribratge amb PCR d&#8217;automostra, els tests COVID-19 i la campanya sobre bon \u00fas de mascaretes, temes m\u00e9s destacats als mitjans"}]},{"@type":"WebSite","@id":"https:\/\/www.cofb.org\/#website","url":"https:\/\/www.cofb.org\/","name":"Col\u00b7legi de Farmac\u00e8utics de Barcelona","description":"","publisher":{"@id":"https:\/\/www.cofb.org\/#organization"},"potentialAction":[{"@type":"SearchAction","target":{"@type":"EntryPoint","urlTemplate":"https:\/\/www.cofb.org\/?s={search_term_string}"},"query-input":"required name=search_term_string"}],"inLanguage":"ca"},{"@type":"Organization","@id":"https:\/\/www.cofb.org\/#organization","name":"Col\u00b7legi de Farmac\u00e8utics de Barcelona","url":"https:\/\/www.cofb.org\/","logo":{"@type":"ImageObject","inLanguage":"ca","@id":"https:\/\/www.cofb.org\/#\/schema\/logo\/image\/","url":"https:\/\/www.cofb.org\/wp-content\/uploads\/2023\/11\/cropped-Logotip-COFB.png","contentUrl":"https:\/\/www.cofb.org\/wp-content\/uploads\/2023\/11\/cropped-Logotip-COFB.png","width":500,"height":105,"caption":"Col\u00b7legi de Farmac\u00e8utics de Barcelona"},"image":{"@id":"https:\/\/www.cofb.org\/#\/schema\/logo\/image\/"},"sameAs":["https:\/\/www.facebook.com\/farmaceuticsbcn\/","https:\/\/twitter.com\/farmaceuticsbcn","https:\/\/www.instagram.com\/farmaceuticsbcn\/","https:\/\/www.linkedin.com\/company\/farmaceuticsbcn\/"]},{"@type":"Person","@id":"https:\/\/www.cofb.org\/#\/schema\/person\/22ed7eea88da74b0fa4d3154ad87ffcb","name":"wpAdminCofbOrg","image":{"@type":"ImageObject","inLanguage":"ca","@id":"https:\/\/www.cofb.org\/#\/schema\/person\/image\/","url":"https:\/\/secure.gravatar.com\/avatar\/1721b20b3b8ca882c3b56ec6c978c594fff670e40c0718e9190eaeeb76aae7d8?s=96&d=mm&r=g","contentUrl":"https:\/\/secure.gravatar.com\/avatar\/1721b20b3b8ca882c3b56ec6c978c594fff670e40c0718e9190eaeeb76aae7d8?s=96&d=mm&r=g","caption":"wpAdminCofbOrg"},"sameAs":["http:\/\/192.168.64.122\/wordpress"],"url":"https:\/\/www.cofb.org\/ca\/author\/wpadmincofborg\/"}]}},"uagb_featured_image_src":{"full":false,"thumbnail":false,"medium":false,"medium_large":false,"large":false,"1536x1536":false,"2048x2048":false,"trp-custom-language-flag":false},"uagb_author_info":{"display_name":"wpAdminCofbOrg","author_link":"https:\/\/www.cofb.org\/ca\/author\/wpadmincofborg\/"},"uagb_comment_info":0,"uagb_excerpt":"Programa pilot de cribratge amb proves PCR d&#8217;automostra de saliva a Les Corts El 17 de desembre es va posar en marxa al districte de Les Corts (Barcelona) un programa pilot de cribratge de la COVID-19 amb proves\u00a0PCR d&#8217;automostra de saliva i la participaci\u00f3 de les oficines de farm\u00e0cies. Des [&hellip;]","_links":{"self":[{"href":"https:\/\/www.cofb.org\/ca\/wp-json\/wp\/v2\/posts\/53670","targetHints":{"allow":["GET"]}}],"collection":[{"href":"https:\/\/www.cofb.org\/ca\/wp-json\/wp\/v2\/posts"}],"about":[{"href":"https:\/\/www.cofb.org\/ca\/wp-json\/wp\/v2\/types\/post"}],"author":[{"embeddable":true,"href":"https:\/\/www.cofb.org\/ca\/wp-json\/wp\/v2\/users\/1"}],"replies":[{"embeddable":true,"href":"https:\/\/www.cofb.org\/ca\/wp-json\/wp\/v2\/comments?post=53670"}],"version-history":[{"count":0,"href":"https:\/\/www.cofb.org\/ca\/wp-json\/wp\/v2\/posts\/53670\/revisions"}],"wp:featuredmedia":[{"embeddable":true,"href":"https:\/\/www.cofb.org\/ca\/wp-json\/"}],"wp:attachment":[{"href":"https:\/\/www.cofb.org\/ca\/wp-json\/wp\/v2\/media?parent=53670"}],"wp:term":[{"taxonomy":"category","embeddable":true,"href":"https:\/\/www.cofb.org\/ca\/wp-json\/wp\/v2\/categories?post=53670"},{"taxonomy":"post_tag","embeddable":true,"href":"https:\/\/www.cofb.org\/ca\/wp-json\/wp\/v2\/tags?post=53670"}],"curies":[{"name":"wp","href":"https:\/\/api.w.org\/{rel}","templated":true}]}}