{"id":53481,"date":"2020-12-23T13:14:49","date_gmt":"2020-12-23T11:14:49","guid":{"rendered":"https:\/\/blog.cofb.cat\/?p=53481"},"modified":"2020-12-23T13:14:49","modified_gmt":"2020-12-23T11:14:49","slug":"homenatge-excepcional-als-collegiats-que-celebren-50-75-anys-membres-cofb","status":"publish","type":"post","link":"https:\/\/www.cofb.org\/ca\/2020\/12\/23\/homenatge-excepcional-als-collegiats-que-celebren-50-75-anys-membres-cofb\/","title":{"rendered":"Homenatge excepcional als col\u00b7legiats que celebren 50 i 75 anys com a membres del COFB"},"content":{"rendered":"<p>El passat dijous <strong>17 de desembre<\/strong> va tenir lloc l&#8217;<strong>homenatge i lliurament d&#8217;ins\u00edgnies als col\u00b7legiats i col\u00b7legiades que celebren els 50 i 75 anys com a membres del COFB<\/strong>. No havent-se pogut fer el lliurament en el marc habitual de la Diada del Farmac\u00e8utic, a causa de la pand\u00e8mia provocada per la\u00a0<strong>COVID-19, enguany s&#8217;ha hagut de desenvolupar l&#8217;homenatge, de manera excepcional, en format virtual<\/strong>. L&#8217;acte va comptar amb les <strong>intervencions<\/strong> de <strong>Jordi Casas<\/strong>\u00a0i <strong>Aina Surroca<\/strong>, president i secret\u00e0ria del COFB, respectivament.<\/p>\n<h1><span style=\"color: #008080;\"><strong>Agra\u00efment i felicitaci\u00f3 als col\u00b7legiats\u00a0<\/strong><\/span><\/h1>\n<p>Tots dos van coincidir a destacar que, malgrat les restriccions, no es podia deixar de fer l&#8217;acte que acompanya la tradicional entrega de les <strong>ins\u00edgnies de plata<\/strong> als col\u00b7legiats que compleixen <strong>mig segle de col\u00b7legiaci\u00f3 <\/strong>i la<strong>\u00a0d&#8217;or i brillants als col\u00b7legiats que en celebren 75<\/strong>.<a href=\"https:\/\/blog.cofb.cat\/wp-content\/uploads\/2020\/12\/cofb.161017-135-_edited.jpg\"><img fetchpriority=\"high\" decoding=\"async\" class=\"aligncenter size-large wp-image-53539\" src=\"https:\/\/blog.cofb.cat\/wp-content\/uploads\/2020\/12\/cofb.161017-135-_edited-1024x683.jpg\" alt=\"\" width=\"620\" height=\"414\" \/><\/a><\/p>\n<p>Unes fites que\u00a0\u00a0representen una mostra de <strong>comprom\u00eds amb la professi\u00f3 farmac\u00e8utica<\/strong> i de treball diari des dels <strong>diversos \u00e0mbits d&#8217;exercici<\/strong> de la professi\u00f3.\u00a0Enguany les ins\u00edgnies s&#8217;han entregat a trav\u00e9s de correu postal, per\u00f2 tot i aix\u00f2 es va considerar oport\u00fa organitzar una trobada virtual amb els homenatjats per tal de fer-los arribar l&#8217;<strong>agra\u00efment<\/strong> i la <strong>felicitaci\u00f3<\/strong> del Col\u00b7legi.<\/p>\n<h1><span style=\"color: #008080;\"><strong>Intervenci\u00f3 de Jordi Casas, president del Col\u00b7legi<\/strong><\/span><\/h1>\n<p>En el seu discurs, el president del Col\u00b7legi va apuntar que aquest any l&#8217;acte d&#8217;homenatge que suposa la Diada del Farmac\u00e8utic es feia en &#8220;unes <strong>circumst\u00e0ncies diferents<\/strong> i\u00a0<strong>excepcionals<\/strong>.&#8221;Cada any celebrem la Diada al voltant del mes d&#8217;octubre al Palau de la M\u00fasica. Malgrat la <strong>situaci\u00f3 sanit\u00e0ria<\/strong> que tots estem patint en primera persona i que no ens permet celebrar un acte tan emotiu com \u00e9s la Diada del Farmac\u00e8utic, no hem volgut deixar passar l&#8217;ocasi\u00f3 de <strong>compartir una estona amb els homenatjats<\/strong> i dedicar-los unes <strong>paraules de reconeixement a tota una vida dedicada a la farm\u00e0cia<\/strong>&#8220;, va afirmar el president del COFB. I va afegir: &#8220;A m\u00e9s, no passa cada any que comptem amb un farmac\u00e8utic que compleix <strong>75 anys de col\u00b7legiaci\u00f3<\/strong>&#8220;.\u00a0El president del Col\u00b7legi tamb\u00e9 va voler destacar que era conscient que &#8220;les eines digitals no tenen el caliu dels actes presencials que, com la Diada, es fan<strong> envoltats<\/strong>, d&#8217;<strong>amics<\/strong>, <strong>coneguts<\/strong> i<strong> familiars<\/strong>&#8220;.<\/p>\n<figure id=\"attachment_53502\" aria-describedby=\"caption-attachment-53502\" style=\"width: 781px\" class=\"wp-caption aligncenter\"><a href=\"https:\/\/blog.cofb.cat\/wp-content\/uploads\/2020\/12\/Jordi-Casas-i-Aina-Surroca.jpg\"><img decoding=\"async\" class=\"wp-image-53502 size-full\" title=\"Jordi Casas i Aina Surroca, en un moment de l'homenatge als farmac\u00e8utics que complien 50 i 75 anys com a col\u00b7legiats.\" src=\"https:\/\/blog.cofb.cat\/wp-content\/uploads\/2020\/12\/Jordi-Casas-i-Aina-Surroca.jpg\" alt=\"Jordi Casas i Aina Surroca, en un moment de l'homenatge als farmac\u00e8utics que complien 50 i 75 anys com a col\u00b7legiats.\" width=\"781\" height=\"421\" \/><\/a><figcaption id=\"caption-attachment-53502\" class=\"wp-caption-text\">Jordi Casas i Aina Surroca, en un moment de l&#8217;homenatge als farmac\u00e8utics que complien 50 i 75 anys com a col\u00b7legiats.<\/figcaption><\/figure>\n<h1><span style=\"color: #008080;\"><strong>Reconeixement als 50 i 75 anys de col\u00b7legiaci\u00f3<\/strong><\/span><\/h1>\n<p>Despr\u00e9s de la intervenci\u00f3 de Casas, Aina Surroca, secret\u00e0ria del Col\u00b7legi, va fer una lectura dels noms i cognoms dels col\u00b7legiats homenatjats que complien <strong>50 anys de col\u00b7legiaci\u00f3<\/strong> i del col\u00b7legiat que <strong>en complia 75<\/strong> -Francisco Mor\u00e9 Escol\u00e0-, tal com es fa tradicionalment al Palau de la M\u00fasica. &#8220;Ens hauria agradat molt poder-vos entregar les ins\u00edgnies personalment&#8221;, va apuntar la secret\u00e0ria. I va afegir que: &#8220;Esperem poder-nos<strong> retrobar l&#8217;any vinent<\/strong> al Palau de la M\u00fasica si les circumst\u00e0ncies milloren&#8221;.\u00a0Finalment, Surroca va destacar que l&#8217;entrega de les ins\u00edgnies als col\u00b7legiats que enguany celebraven <strong>25 anys de col\u00b7legiaci\u00f3<\/strong> es far\u00e0, si res ho impedeix, a la <strong>Diada del Farmac\u00e8utic 2021<\/strong>.<\/p>\n<p><strong>Altres publicacions d&#8217;inter\u00e8s:<\/strong><\/p>\n<ul>\n<li><a href=\"https:\/\/blog.cofb.cat\/cofb-homenatja-professio-18a-edicio-diada-farmaceutic\/\" target=\"_blank\" rel=\"noopener\">El COFB homenatja la professi\u00f3 en la 18a edici\u00f3 de la Diada del Farmac\u00e8utic (Octubre 2019)<\/a><\/li>\n<li><a href=\"https:\/\/blog.cofb.cat\/temps-han-canviat-pero-lessencia-farmacia-continua-sent-mateixa-ajudar-pacients-reflexions-diada-farmaceutic-2019\/\" target=\"_blank\" rel=\"noopener\">\u201cEls temps han canviat, per\u00f2 l\u2019ess\u00e8ncia de la farm\u00e0cia continua sent la mateixa: ajudar els pacients\u201d. Reflexions a la Diada del Farmac\u00e8utic 2019 (Novembre 2019)<\/a><\/li>\n<li><a href=\"https:\/\/blog.cofb.cat\/farmaceutic-pot-paper-important-no-nomes-lhora-dispensar-sino-dimplicar-se-mes-persona-reflexions-diada-farmaceutic-2018\/\" target=\"_blank\" rel=\"noopener\">\u201cEl farmac\u00e8utic pot fer un paper molt important, no nom\u00e9s a l\u2019hora de dispensar sin\u00f3 d\u2019implicar-se m\u00e9s en la persona\u201d Reflexions a la Diada del Farmac\u00e8utic 2018 (Novembre 2018)<\/a><\/li>\n<li><a href=\"https:\/\/blog.cofb.cat\/diada-farmaceutic-2018-paper-farmaceutic-front-cronicitat\/\" target=\"_blank\" rel=\"noopener\">Diada del Farmac\u00e8utic 2018: el paper del farmac\u00e8utic per fer front a la cronicitat (Octubre 2018)<\/a><\/li>\n<\/ul>\n","protected":false},"excerpt":{"rendered":"<p>El passat dijous 17 de desembre va tenir lloc l&#8217;homenatge i lliurament d&#8217;ins\u00edgnies als col\u00b7legiats i col\u00b7legiades que celebren els 50 i 75 anys com a membres del COFB. No havent-se pogut fer el lliurament en el marc habitual de la Diada del Farmac\u00e8utic, a causa de la pand\u00e8mia provocada [&hellip;]<\/p>\n","protected":false},"author":1,"featured_media":53539,"comment_status":"open","ping_status":"open","sticky":false,"template":"","format":"standard","meta":{"_uag_custom_page_level_css":"","site-sidebar-layout":"default","site-content-layout":"","ast-site-content-layout":"default","site-content-style":"default","site-sidebar-style":"default","ast-global-header-display":"","ast-banner-title-visibility":"","ast-main-header-display":"","ast-hfb-above-header-display":"","ast-hfb-below-header-display":"","ast-hfb-mobile-header-display":"","site-post-title":"","ast-breadcrumbs-content":"","ast-featured-img":"disabled","footer-sml-layout":"","theme-transparent-header-meta":"","adv-header-id-meta":"","stick-header-meta":"","header-above-stick-meta":"","header-main-stick-meta":"","header-below-stick-meta":"","astra-migrate-meta-layouts":"default","ast-page-background-enabled":"default","ast-page-background-meta":{"desktop":{"background-color":"var(--ast-global-color-4)","background-image":"","background-repeat":"repeat","background-position":"center center","background-size":"auto","background-attachment":"scroll","background-type":"","background-media":"","overlay-type":"","overlay-color":"","overlay-opacity":"","overlay-gradient":""},"tablet":{"background-color":"","background-image":"","background-repeat":"repeat","background-position":"center center","background-size":"auto","background-attachment":"scroll","background-type":"","background-media":"","overlay-type":"","overlay-color":"","overlay-opacity":"","overlay-gradient":""},"mobile":{"background-color":"","background-image":"","background-repeat":"repeat","background-position":"center center","background-size":"auto","background-attachment":"scroll","background-type":"","background-media":"","overlay-type":"","overlay-color":"","overlay-opacity":"","overlay-gradient":""}},"ast-content-background-meta":{"desktop":{"background-color":"var(--ast-global-color-5)","background-image":"","background-repeat":"repeat","background-position":"center center","background-size":"auto","background-attachment":"scroll","background-type":"","background-media":"","overlay-type":"","overlay-color":"","overlay-opacity":"","overlay-gradient":""},"tablet":{"background-color":"var(--ast-global-color-5)","background-image":"","background-repeat":"repeat","background-position":"center center","background-size":"auto","background-attachment":"scroll","background-type":"","background-media":"","overlay-type":"","overlay-color":"","overlay-opacity":"","overlay-gradient":""},"mobile":{"background-color":"var(--ast-global-color-5)","background-image":"","background-repeat":"repeat","background-position":"center center","background-size":"auto","background-attachment":"scroll","background-type":"","background-media":"","overlay-type":"","overlay-color":"","overlay-opacity":"","overlay-gradient":""}},"footnotes":""},"categories":[23,57],"tags":[4461,18,19,968,692,969,970,4462,53,69,25,974,4463,4464,76,580,581],"class_list":["post-53481","post","type-post","status-publish","format-standard","has-post-thumbnail","hentry","category-destacats","category-mon-collegial","tag-50-anys","tag-cofb","tag-collegi-de-farmaceutics-de-barcelona","tag-collegiacio","tag-collegiats","tag-diada","tag-diada-del-farmaceutic","tag-diada-virtual","tag-farmaceutics","tag-farmacia-comunitaria","tag-farmacies","tag-insignies","tag-insignies-dor","tag-insignies-de-plata","tag-oficina-de-farmacia","tag-president","tag-secretaria"],"yoast_head":"<!-- This site is optimized with the Yoast SEO plugin v22.4 - https:\/\/yoast.com\/wordpress\/plugins\/seo\/ -->\n<title>Homenatge excepcional als col\u00b7legiats que celebren 50 i 75 anys com a membres del COFB - Col\u00b7legi de Farmac\u00e8utics de Barcelona<\/title>\n<meta name=\"description\" content=\"El passat dijous 17 de desembre va tenir lloc al COFB la Diada del Farmac\u00e8utic 2020, enguany en format virtual a causa la pand\u00e8mia provocada per la COVID-19.\" \/>\n<meta name=\"robots\" content=\"index, follow, max-snippet:-1, max-image-preview:large, max-video-preview:-1\" \/>\n<link rel=\"canonical\" href=\"https:\/\/novaorg.cofb.net\/2020\/12\/23\/homenatge-excepcional-als-collegiats-que-celebren-50-75-anys-membres-cofb\/\" \/>\n<meta property=\"og:locale\" content=\"ca_ES\" \/>\n<meta property=\"og:type\" content=\"article\" \/>\n<meta property=\"og:title\" content=\"Homenatge excepcional als col\u00b7legiats que celebren 50 i 75 anys com a membres del COFB - Col\u00b7legi de Farmac\u00e8utics de Barcelona\" \/>\n<meta property=\"og:description\" content=\"El passat dijous 17 de desembre va tenir lloc al COFB la Diada del Farmac\u00e8utic 2020, enguany en format virtual a causa la pand\u00e8mia provocada per la COVID-19.\" \/>\n<meta property=\"og:url\" content=\"https:\/\/novaorg.cofb.net\/2020\/12\/23\/homenatge-excepcional-als-collegiats-que-celebren-50-75-anys-membres-cofb\/\" \/>\n<meta property=\"og:site_name\" content=\"Col\u00b7legi de Farmac\u00e8utics de Barcelona\" \/>\n<meta property=\"article:publisher\" content=\"https:\/\/www.facebook.com\/farmaceuticsbcn\/\" \/>\n<meta property=\"article:published_time\" content=\"2020-12-23T11:14:49+00:00\" \/>\n<meta name=\"author\" content=\"wpAdminCofbOrg\" \/>\n<meta name=\"twitter:card\" content=\"summary_large_image\" \/>\n<meta name=\"twitter:creator\" content=\"@farmaceuticsbcn\" \/>\n<meta name=\"twitter:site\" content=\"@farmaceuticsbcn\" \/>\n<meta name=\"twitter:label1\" content=\"Escrit per\" \/>\n\t<meta name=\"twitter:data1\" content=\"wpAdminCofbOrg\" \/>\n\t<meta name=\"twitter:label2\" content=\"Temps estimat de lectura\" \/>\n\t<meta name=\"twitter:data2\" content=\"3 minuts\" \/>\n<script type=\"application\/ld+json\" class=\"yoast-schema-graph\">{\"@context\":\"https:\/\/schema.org\",\"@graph\":[{\"@type\":\"Article\",\"@id\":\"https:\/\/novaorg.cofb.net\/2020\/12\/23\/homenatge-excepcional-als-collegiats-que-celebren-50-75-anys-membres-cofb\/#article\",\"isPartOf\":{\"@id\":\"https:\/\/novaorg.cofb.net\/2020\/12\/23\/homenatge-excepcional-als-collegiats-que-celebren-50-75-anys-membres-cofb\/\"},\"author\":{\"name\":\"wpAdminCofbOrg\",\"@id\":\"https:\/\/www.cofb.org\/#\/schema\/person\/22ed7eea88da74b0fa4d3154ad87ffcb\"},\"headline\":\"Homenatge excepcional als col\u00b7legiats que celebren 50 i 75 anys com a membres del COFB\",\"datePublished\":\"2020-12-23T11:14:49+00:00\",\"dateModified\":\"2020-12-23T11:14:49+00:00\",\"mainEntityOfPage\":{\"@id\":\"https:\/\/novaorg.cofb.net\/2020\/12\/23\/homenatge-excepcional-als-collegiats-que-celebren-50-75-anys-membres-cofb\/\"},\"wordCount\":668,\"commentCount\":0,\"publisher\":{\"@id\":\"https:\/\/www.cofb.org\/#organization\"},\"image\":{\"@id\":\"https:\/\/novaorg.cofb.net\/2020\/12\/23\/homenatge-excepcional-als-collegiats-que-celebren-50-75-anys-membres-cofb\/#primaryimage\"},\"thumbnailUrl\":\"\",\"keywords\":[\"50 anys\",\"COFB\",\"Col\u00b7legi de Farmac\u00e8utics de Barcelona\",\"col\u00b7legiaci\u00f3\",\"col\u00b7legiats\",\"Diada\",\"Diada del Farmac\u00e8utic\",\"diada virtual\",\"farmac\u00e8utics\",\"farm\u00e0cia comunit\u00e0ria\",\"farm\u00e0cies\",\"ins\u00edgnies\",\"ins\u00edgnies d'or\",\"ins\u00edgnies de plata\",\"Oficina de farm\u00e0cia\",\"president\",\"secret\u00e0ria\"],\"articleSection\":[\"Destacats\",\"M\u00f3n col\u00b7legial\"],\"inLanguage\":\"ca\",\"potentialAction\":[{\"@type\":\"CommentAction\",\"name\":\"Comment\",\"target\":[\"https:\/\/novaorg.cofb.net\/2020\/12\/23\/homenatge-excepcional-als-collegiats-que-celebren-50-75-anys-membres-cofb\/#respond\"]}]},{\"@type\":\"WebPage\",\"@id\":\"https:\/\/novaorg.cofb.net\/2020\/12\/23\/homenatge-excepcional-als-collegiats-que-celebren-50-75-anys-membres-cofb\/\",\"url\":\"https:\/\/novaorg.cofb.net\/2020\/12\/23\/homenatge-excepcional-als-collegiats-que-celebren-50-75-anys-membres-cofb\/\",\"name\":\"Homenatge excepcional als col\u00b7legiats que celebren 50 i 75 anys com a membres del COFB - Col\u00b7legi de Farmac\u00e8utics de Barcelona\",\"isPartOf\":{\"@id\":\"https:\/\/www.cofb.org\/#website\"},\"primaryImageOfPage\":{\"@id\":\"https:\/\/novaorg.cofb.net\/2020\/12\/23\/homenatge-excepcional-als-collegiats-que-celebren-50-75-anys-membres-cofb\/#primaryimage\"},\"image\":{\"@id\":\"https:\/\/novaorg.cofb.net\/2020\/12\/23\/homenatge-excepcional-als-collegiats-que-celebren-50-75-anys-membres-cofb\/#primaryimage\"},\"thumbnailUrl\":\"\",\"datePublished\":\"2020-12-23T11:14:49+00:00\",\"dateModified\":\"2020-12-23T11:14:49+00:00\",\"description\":\"El passat dijous 17 de desembre va tenir lloc al COFB la Diada del Farmac\u00e8utic 2020, enguany en format virtual a causa la pand\u00e8mia provocada per la COVID-19.\",\"breadcrumb\":{\"@id\":\"https:\/\/novaorg.cofb.net\/2020\/12\/23\/homenatge-excepcional-als-collegiats-que-celebren-50-75-anys-membres-cofb\/#breadcrumb\"},\"inLanguage\":\"ca\",\"potentialAction\":[{\"@type\":\"ReadAction\",\"target\":[\"https:\/\/novaorg.cofb.net\/2020\/12\/23\/homenatge-excepcional-als-collegiats-que-celebren-50-75-anys-membres-cofb\/\"]}]},{\"@type\":\"ImageObject\",\"inLanguage\":\"ca\",\"@id\":\"https:\/\/novaorg.cofb.net\/2020\/12\/23\/homenatge-excepcional-als-collegiats-que-celebren-50-75-anys-membres-cofb\/#primaryimage\",\"url\":\"\",\"contentUrl\":\"\"},{\"@type\":\"BreadcrumbList\",\"@id\":\"https:\/\/novaorg.cofb.net\/2020\/12\/23\/homenatge-excepcional-als-collegiats-que-celebren-50-75-anys-membres-cofb\/#breadcrumb\",\"itemListElement\":[{\"@type\":\"ListItem\",\"position\":1,\"name\":\"Inici\",\"item\":\"https:\/\/novaorg.cofb.net\/\"},{\"@type\":\"ListItem\",\"position\":2,\"name\":\"Homenatge excepcional als col\u00b7legiats que celebren 50 i 75 anys com a membres del COFB\"}]},{\"@type\":\"WebSite\",\"@id\":\"https:\/\/www.cofb.org\/#website\",\"url\":\"https:\/\/www.cofb.org\/\",\"name\":\"Col\u00b7legi de Farmac\u00e8utics de Barcelona\",\"description\":\"\",\"publisher\":{\"@id\":\"https:\/\/www.cofb.org\/#organization\"},\"potentialAction\":[{\"@type\":\"SearchAction\",\"target\":{\"@type\":\"EntryPoint\",\"urlTemplate\":\"https:\/\/www.cofb.org\/?s={search_term_string}\"},\"query-input\":\"required name=search_term_string\"}],\"inLanguage\":\"ca\"},{\"@type\":\"Organization\",\"@id\":\"https:\/\/www.cofb.org\/#organization\",\"name\":\"Col\u00b7legi de Farmac\u00e8utics de Barcelona\",\"url\":\"https:\/\/www.cofb.org\/\",\"logo\":{\"@type\":\"ImageObject\",\"inLanguage\":\"ca\",\"@id\":\"https:\/\/www.cofb.org\/#\/schema\/logo\/image\/\",\"url\":\"https:\/\/www.cofb.org\/wp-content\/uploads\/2023\/11\/cropped-Logotip-COFB.png\",\"contentUrl\":\"https:\/\/www.cofb.org\/wp-content\/uploads\/2023\/11\/cropped-Logotip-COFB.png\",\"width\":500,\"height\":105,\"caption\":\"Col\u00b7legi de Farmac\u00e8utics de Barcelona\"},\"image\":{\"@id\":\"https:\/\/www.cofb.org\/#\/schema\/logo\/image\/\"},\"sameAs\":[\"https:\/\/www.facebook.com\/farmaceuticsbcn\/\",\"https:\/\/twitter.com\/farmaceuticsbcn\",\"https:\/\/www.instagram.com\/farmaceuticsbcn\/\",\"https:\/\/www.linkedin.com\/company\/farmaceuticsbcn\/\"]},{\"@type\":\"Person\",\"@id\":\"https:\/\/www.cofb.org\/#\/schema\/person\/22ed7eea88da74b0fa4d3154ad87ffcb\",\"name\":\"wpAdminCofbOrg\",\"image\":{\"@type\":\"ImageObject\",\"inLanguage\":\"ca\",\"@id\":\"https:\/\/www.cofb.org\/#\/schema\/person\/image\/\",\"url\":\"https:\/\/secure.gravatar.com\/avatar\/1721b20b3b8ca882c3b56ec6c978c594fff670e40c0718e9190eaeeb76aae7d8?s=96&d=mm&r=g\",\"contentUrl\":\"https:\/\/secure.gravatar.com\/avatar\/1721b20b3b8ca882c3b56ec6c978c594fff670e40c0718e9190eaeeb76aae7d8?s=96&d=mm&r=g\",\"caption\":\"wpAdminCofbOrg\"},\"sameAs\":[\"http:\/\/192.168.64.122\/wordpress\"],\"url\":\"https:\/\/www.cofb.org\/ca\/author\/wpadmincofborg\/\"}]}<\/script>\n<!-- \/ Yoast SEO plugin. -->","yoast_head_json":{"title":"Homenatge excepcional als col\u00b7legiats que celebren 50 i 75 anys com a membres del COFB - Col\u00b7legi de Farmac\u00e8utics de Barcelona","description":"El passat dijous 17 de desembre va tenir lloc al COFB la Diada del Farmac\u00e8utic 2020, enguany en format virtual a causa la pand\u00e8mia provocada per la COVID-19.","robots":{"index":"index","follow":"follow","max-snippet":"max-snippet:-1","max-image-preview":"max-image-preview:large","max-video-preview":"max-video-preview:-1"},"canonical":"https:\/\/novaorg.cofb.net\/2020\/12\/23\/homenatge-excepcional-als-collegiats-que-celebren-50-75-anys-membres-cofb\/","og_locale":"ca_ES","og_type":"article","og_title":"Homenatge excepcional als col\u00b7legiats que celebren 50 i 75 anys com a membres del COFB - Col\u00b7legi de Farmac\u00e8utics de Barcelona","og_description":"El passat dijous 17 de desembre va tenir lloc al COFB la Diada del Farmac\u00e8utic 2020, enguany en format virtual a causa la pand\u00e8mia provocada per la COVID-19.","og_url":"https:\/\/novaorg.cofb.net\/2020\/12\/23\/homenatge-excepcional-als-collegiats-que-celebren-50-75-anys-membres-cofb\/","og_site_name":"Col\u00b7legi de Farmac\u00e8utics de Barcelona","article_publisher":"https:\/\/www.facebook.com\/farmaceuticsbcn\/","article_published_time":"2020-12-23T11:14:49+00:00","author":"wpAdminCofbOrg","twitter_card":"summary_large_image","twitter_creator":"@farmaceuticsbcn","twitter_site":"@farmaceuticsbcn","twitter_misc":{"Escrit per":"wpAdminCofbOrg","Temps estimat de lectura":"3 minuts"},"schema":{"@context":"https:\/\/schema.org","@graph":[{"@type":"Article","@id":"https:\/\/novaorg.cofb.net\/2020\/12\/23\/homenatge-excepcional-als-collegiats-que-celebren-50-75-anys-membres-cofb\/#article","isPartOf":{"@id":"https:\/\/novaorg.cofb.net\/2020\/12\/23\/homenatge-excepcional-als-collegiats-que-celebren-50-75-anys-membres-cofb\/"},"author":{"name":"wpAdminCofbOrg","@id":"https:\/\/www.cofb.org\/#\/schema\/person\/22ed7eea88da74b0fa4d3154ad87ffcb"},"headline":"Homenatge excepcional als col\u00b7legiats que celebren 50 i 75 anys com a membres del COFB","datePublished":"2020-12-23T11:14:49+00:00","dateModified":"2020-12-23T11:14:49+00:00","mainEntityOfPage":{"@id":"https:\/\/novaorg.cofb.net\/2020\/12\/23\/homenatge-excepcional-als-collegiats-que-celebren-50-75-anys-membres-cofb\/"},"wordCount":668,"commentCount":0,"publisher":{"@id":"https:\/\/www.cofb.org\/#organization"},"image":{"@id":"https:\/\/novaorg.cofb.net\/2020\/12\/23\/homenatge-excepcional-als-collegiats-que-celebren-50-75-anys-membres-cofb\/#primaryimage"},"thumbnailUrl":"","keywords":["50 anys","COFB","Col\u00b7legi de Farmac\u00e8utics de Barcelona","col\u00b7legiaci\u00f3","col\u00b7legiats","Diada","Diada del Farmac\u00e8utic","diada virtual","farmac\u00e8utics","farm\u00e0cia comunit\u00e0ria","farm\u00e0cies","ins\u00edgnies","ins\u00edgnies d'or","ins\u00edgnies de plata","Oficina de farm\u00e0cia","president","secret\u00e0ria"],"articleSection":["Destacats","M\u00f3n col\u00b7legial"],"inLanguage":"ca","potentialAction":[{"@type":"CommentAction","name":"Comment","target":["https:\/\/novaorg.cofb.net\/2020\/12\/23\/homenatge-excepcional-als-collegiats-que-celebren-50-75-anys-membres-cofb\/#respond"]}]},{"@type":"WebPage","@id":"https:\/\/novaorg.cofb.net\/2020\/12\/23\/homenatge-excepcional-als-collegiats-que-celebren-50-75-anys-membres-cofb\/","url":"https:\/\/novaorg.cofb.net\/2020\/12\/23\/homenatge-excepcional-als-collegiats-que-celebren-50-75-anys-membres-cofb\/","name":"Homenatge excepcional als col\u00b7legiats que celebren 50 i 75 anys com a membres del COFB - Col\u00b7legi de Farmac\u00e8utics de Barcelona","isPartOf":{"@id":"https:\/\/www.cofb.org\/#website"},"primaryImageOfPage":{"@id":"https:\/\/novaorg.cofb.net\/2020\/12\/23\/homenatge-excepcional-als-collegiats-que-celebren-50-75-anys-membres-cofb\/#primaryimage"},"image":{"@id":"https:\/\/novaorg.cofb.net\/2020\/12\/23\/homenatge-excepcional-als-collegiats-que-celebren-50-75-anys-membres-cofb\/#primaryimage"},"thumbnailUrl":"","datePublished":"2020-12-23T11:14:49+00:00","dateModified":"2020-12-23T11:14:49+00:00","description":"El passat dijous 17 de desembre va tenir lloc al COFB la Diada del Farmac\u00e8utic 2020, enguany en format virtual a causa la pand\u00e8mia provocada per la COVID-19.","breadcrumb":{"@id":"https:\/\/novaorg.cofb.net\/2020\/12\/23\/homenatge-excepcional-als-collegiats-que-celebren-50-75-anys-membres-cofb\/#breadcrumb"},"inLanguage":"ca","potentialAction":[{"@type":"ReadAction","target":["https:\/\/novaorg.cofb.net\/2020\/12\/23\/homenatge-excepcional-als-collegiats-que-celebren-50-75-anys-membres-cofb\/"]}]},{"@type":"ImageObject","inLanguage":"ca","@id":"https:\/\/novaorg.cofb.net\/2020\/12\/23\/homenatge-excepcional-als-collegiats-que-celebren-50-75-anys-membres-cofb\/#primaryimage","url":"","contentUrl":""},{"@type":"BreadcrumbList","@id":"https:\/\/novaorg.cofb.net\/2020\/12\/23\/homenatge-excepcional-als-collegiats-que-celebren-50-75-anys-membres-cofb\/#breadcrumb","itemListElement":[{"@type":"ListItem","position":1,"name":"Inici","item":"https:\/\/novaorg.cofb.net\/"},{"@type":"ListItem","position":2,"name":"Homenatge excepcional als col\u00b7legiats que celebren 50 i 75 anys com a membres del COFB"}]},{"@type":"WebSite","@id":"https:\/\/www.cofb.org\/#website","url":"https:\/\/www.cofb.org\/","name":"Col\u00b7legi de Farmac\u00e8utics de Barcelona","description":"","publisher":{"@id":"https:\/\/www.cofb.org\/#organization"},"potentialAction":[{"@type":"SearchAction","target":{"@type":"EntryPoint","urlTemplate":"https:\/\/www.cofb.org\/?s={search_term_string}"},"query-input":"required name=search_term_string"}],"inLanguage":"ca"},{"@type":"Organization","@id":"https:\/\/www.cofb.org\/#organization","name":"Col\u00b7legi de Farmac\u00e8utics de Barcelona","url":"https:\/\/www.cofb.org\/","logo":{"@type":"ImageObject","inLanguage":"ca","@id":"https:\/\/www.cofb.org\/#\/schema\/logo\/image\/","url":"https:\/\/www.cofb.org\/wp-content\/uploads\/2023\/11\/cropped-Logotip-COFB.png","contentUrl":"https:\/\/www.cofb.org\/wp-content\/uploads\/2023\/11\/cropped-Logotip-COFB.png","width":500,"height":105,"caption":"Col\u00b7legi de Farmac\u00e8utics de Barcelona"},"image":{"@id":"https:\/\/www.cofb.org\/#\/schema\/logo\/image\/"},"sameAs":["https:\/\/www.facebook.com\/farmaceuticsbcn\/","https:\/\/twitter.com\/farmaceuticsbcn","https:\/\/www.instagram.com\/farmaceuticsbcn\/","https:\/\/www.linkedin.com\/company\/farmaceuticsbcn\/"]},{"@type":"Person","@id":"https:\/\/www.cofb.org\/#\/schema\/person\/22ed7eea88da74b0fa4d3154ad87ffcb","name":"wpAdminCofbOrg","image":{"@type":"ImageObject","inLanguage":"ca","@id":"https:\/\/www.cofb.org\/#\/schema\/person\/image\/","url":"https:\/\/secure.gravatar.com\/avatar\/1721b20b3b8ca882c3b56ec6c978c594fff670e40c0718e9190eaeeb76aae7d8?s=96&d=mm&r=g","contentUrl":"https:\/\/secure.gravatar.com\/avatar\/1721b20b3b8ca882c3b56ec6c978c594fff670e40c0718e9190eaeeb76aae7d8?s=96&d=mm&r=g","caption":"wpAdminCofbOrg"},"sameAs":["http:\/\/192.168.64.122\/wordpress"],"url":"https:\/\/www.cofb.org\/ca\/author\/wpadmincofborg\/"}]}},"uagb_featured_image_src":{"full":false,"thumbnail":false,"medium":false,"medium_large":false,"large":false,"1536x1536":false,"2048x2048":false,"trp-custom-language-flag":false},"uagb_author_info":{"display_name":"wpAdminCofbOrg","author_link":"https:\/\/www.cofb.org\/ca\/author\/wpadmincofborg\/"},"uagb_comment_info":0,"uagb_excerpt":"El passat dijous 17 de desembre va tenir lloc l&#8217;homenatge i lliurament d&#8217;ins\u00edgnies als col\u00b7legiats i col\u00b7legiades que celebren els 50 i 75 anys com a membres del COFB. No havent-se pogut fer el lliurament en el marc habitual de la Diada del Farmac\u00e8utic, a causa de la pand\u00e8mia provocada [&hellip;]","_links":{"self":[{"href":"https:\/\/www.cofb.org\/ca\/wp-json\/wp\/v2\/posts\/53481","targetHints":{"allow":["GET"]}}],"collection":[{"href":"https:\/\/www.cofb.org\/ca\/wp-json\/wp\/v2\/posts"}],"about":[{"href":"https:\/\/www.cofb.org\/ca\/wp-json\/wp\/v2\/types\/post"}],"author":[{"embeddable":true,"href":"https:\/\/www.cofb.org\/ca\/wp-json\/wp\/v2\/users\/1"}],"replies":[{"embeddable":true,"href":"https:\/\/www.cofb.org\/ca\/wp-json\/wp\/v2\/comments?post=53481"}],"version-history":[{"count":0,"href":"https:\/\/www.cofb.org\/ca\/wp-json\/wp\/v2\/posts\/53481\/revisions"}],"wp:featuredmedia":[{"embeddable":true,"href":"https:\/\/www.cofb.org\/ca\/wp-json\/"}],"wp:attachment":[{"href":"https:\/\/www.cofb.org\/ca\/wp-json\/wp\/v2\/media?parent=53481"}],"wp:term":[{"taxonomy":"category","embeddable":true,"href":"https:\/\/www.cofb.org\/ca\/wp-json\/wp\/v2\/categories?post=53481"},{"taxonomy":"post_tag","embeddable":true,"href":"https:\/\/www.cofb.org\/ca\/wp-json\/wp\/v2\/tags?post=53481"}],"curies":[{"name":"wp","href":"https:\/\/api.w.org\/{rel}","templated":true}]}}