{"id":53260,"date":"2020-12-15T19:26:30","date_gmt":"2020-12-15T17:26:30","guid":{"rendered":"https:\/\/blog.cofb.cat\/?p=53260"},"modified":"2020-12-15T19:26:30","modified_gmt":"2020-12-15T17:26:30","slug":"infarma-2020-2021-se-celebrara-15-17-juny-madrid","status":"publish","type":"post","link":"https:\/\/www.cofb.org\/ca\/2020\/12\/15\/infarma-2020-2021-se-celebrara-15-17-juny-madrid\/","title":{"rendered":"Infarma 2020-2021 se celebrar\u00e0 del 15 al 17 de juny a Madrid"},"content":{"rendered":"<p><strong>Infarma 2020-21<\/strong>, el\u00a0<strong>Congr\u00e9s i Sal\u00f3 farmac\u00e8utic organitzat pels col\u00b7legis oficials de farmac\u00e8utics de Madrid i Barcelona<\/strong>, en col\u00b7laboraci\u00f3 amb Interalia, <strong>obrir\u00e0 les portes el pr\u00f2xim 15 de juny<\/strong> a una nova edici\u00f3, segons l&#8217;acord adoptat pel Comit\u00e8 Organitzador.<\/p>\n<p>Una vegada obtinguda una <strong>resposta positiva a les noves dates programades per part dels laboratoris, expositors i empreses<\/strong> que han fet possible que Infarma s&#8217;hagi convertit en la fira l\u00edder del sector farmac\u00e8utic a Espanya, l&#8217;organitzaci\u00f3 es complau d&#8217;<strong>anunciar, de manera oficial, el nou calendari previst despr\u00e9s de l&#8217;ajornament sofert en 2020<\/strong>\u00a0a conseq\u00fc\u00e8ncia de la pand\u00e8mia.<\/p>\n<p><strong><a href=\"https:\/\/blog.cofb.cat\/wp-content\/uploads\/2020\/12\/Infarma-Madrid-2020-2021.jpg\"><img fetchpriority=\"high\" decoding=\"async\" class=\"aligncenter size-full wp-image-53318\" src=\"https:\/\/blog.cofb.cat\/wp-content\/uploads\/2020\/12\/Infarma-Madrid-2020-2021.jpg\" alt=\"\" width=\"827\" height=\"547\" \/><\/a><\/strong><\/p>\n<h1><strong>Un Infarma presencial, si les autoritats sanit\u00e0ries ho permeten<\/strong><\/h1>\n<p>El Comit\u00e8 Organitzador treballa ja en <strong>dos escenaris diferents per a fer possible una nova edici\u00f3 que respongui a les expectatives professionals de congressistes, visitants i expositors<\/strong>. Respectant sempre les recomanacions de les autoritats sanit\u00e0ries, el recinte firal madrileny d&#8217;<strong>Ifema acollir\u00e0 la nova edici\u00f3 en format presencial si les condicions sanit\u00e0ries ho permeten<\/strong>. Aquesta opci\u00f3 ser\u00e0 preferent per a l&#8217;organitzaci\u00f3.<\/p>\n<p><strong>En cas que aquesta possibilitat no sigui factible<\/strong>, Infarma se celebrar\u00e0 en un <strong>format virtual utilitzant una de les plataformes online<\/strong> m\u00e9s capdavanteres que hi ha en el mercat d&#8217;aquest sector emergent.<\/p>\n<div class=\"box note\"><\/p>\n<h2><strong>El missatge del Comit\u00e8 Organitzador<\/strong><\/h2>\n<p>\u201cInfarma tornar\u00e0 a convertir-se l&#8217;any que ve en el <strong>gran aparador professional i comercial d&#8217;un dels sectors m\u00e9s din\u00e0mics i innovador de l&#8217;economia<\/strong>. \u00c9s el comprom\u00eds que assumim amb els professionals i empresaris que no han parat durant la pand\u00e8mia i que han demostrat la seva <strong>enorme capacitat per a adaptar-se a aquesta crisi sanit\u00e0ria<\/strong> i per a llan\u00e7ar al mercat tota mena de solucions. <strong>Estem treballant per a retrobar-nos al juny en la nostra tradicional cita anual que ser\u00e0 de nou la gran refer\u00e8ncia de la Farm\u00e0cia<\/strong>\u201d, assenyala el Comit\u00e8 Organitzador d&#8217;Infarma Madrid 2020-2021.<\/p>\n<p><\/div>\n<p><strong>Altres publicacions d\u2019inter\u00e8s:<\/strong><\/p>\n<ul>\n<li><a href=\"https:\/\/blog.cofb.cat\/infarma-jornadas-digitales-covid-19-registra-8-000-connexions-professionals-al-cicle-de-sis-conferencies\/\" target=\"_blank\" rel=\"noopener\">\u2018Infarma Jornadas Digitales COVID-19\u2019 registra 8.000 connexions professionals al cicle de sis confer\u00e8ncies (juny 2020)<\/a><\/li>\n<li><a href=\"https:\/\/blog.cofb.cat\/quines-ponencies-trobarem-al-programa-dinfarma-jornades-digitals-covid-19\/\" target=\"_blank\" rel=\"noopener\">Quines pon\u00e8ncies trobarem al programa d\u2019Infarma Jornades Digitals COVID-19? (juny 2020)<\/a><\/li>\n<li><a href=\"https:\/\/blog.cofb.cat\/32a-edicio-dinfarma-sajorna-2021\/\" target=\"_blank\" rel=\"noopener\">La 32a edici\u00f3 d\u2019Infarma s\u2019ajorna fins al 2021 (abril 2021)<\/a><\/li>\n<\/ul>\n","protected":false},"excerpt":{"rendered":"<p>Infarma 2020-21, el\u00a0Congr\u00e9s i Sal\u00f3 farmac\u00e8utic organitzat pels col\u00b7legis oficials de farmac\u00e8utics de Madrid i Barcelona, en col\u00b7laboraci\u00f3 amb Interalia, obrir\u00e0 les portes el pr\u00f2xim 15 de juny a una nova edici\u00f3, segons l&#8217;acord adoptat pel Comit\u00e8 Organitzador. Una vegada obtinguda una resposta positiva a les noves dates programades per [&hellip;]<\/p>\n","protected":false},"author":1,"featured_media":53321,"comment_status":"open","ping_status":"open","sticky":false,"template":"","format":"standard","meta":{"_uag_custom_page_level_css":"","site-sidebar-layout":"default","site-content-layout":"","ast-site-content-layout":"default","site-content-style":"default","site-sidebar-style":"default","ast-global-header-display":"","ast-banner-title-visibility":"","ast-main-header-display":"","ast-hfb-above-header-display":"","ast-hfb-below-header-display":"","ast-hfb-mobile-header-display":"","site-post-title":"","ast-breadcrumbs-content":"","ast-featured-img":"disabled","footer-sml-layout":"","theme-transparent-header-meta":"","adv-header-id-meta":"","stick-header-meta":"","header-above-stick-meta":"","header-main-stick-meta":"","header-below-stick-meta":"","astra-migrate-meta-layouts":"default","ast-page-background-enabled":"default","ast-page-background-meta":{"desktop":{"background-color":"var(--ast-global-color-4)","background-image":"","background-repeat":"repeat","background-position":"center center","background-size":"auto","background-attachment":"scroll","background-type":"","background-media":"","overlay-type":"","overlay-color":"","overlay-opacity":"","overlay-gradient":""},"tablet":{"background-color":"","background-image":"","background-repeat":"repeat","background-position":"center center","background-size":"auto","background-attachment":"scroll","background-type":"","background-media":"","overlay-type":"","overlay-color":"","overlay-opacity":"","overlay-gradient":""},"mobile":{"background-color":"","background-image":"","background-repeat":"repeat","background-position":"center center","background-size":"auto","background-attachment":"scroll","background-type":"","background-media":"","overlay-type":"","overlay-color":"","overlay-opacity":"","overlay-gradient":""}},"ast-content-background-meta":{"desktop":{"background-color":"var(--ast-global-color-5)","background-image":"","background-repeat":"repeat","background-position":"center center","background-size":"auto","background-attachment":"scroll","background-type":"","background-media":"","overlay-type":"","overlay-color":"","overlay-opacity":"","overlay-gradient":""},"tablet":{"background-color":"var(--ast-global-color-5)","background-image":"","background-repeat":"repeat","background-position":"center center","background-size":"auto","background-attachment":"scroll","background-type":"","background-media":"","overlay-type":"","overlay-color":"","overlay-opacity":"","overlay-gradient":""},"mobile":{"background-color":"var(--ast-global-color-5)","background-image":"","background-repeat":"repeat","background-position":"center center","background-size":"auto","background-attachment":"scroll","background-type":"","background-media":"","overlay-type":"","overlay-color":"","overlay-opacity":"","overlay-gradient":""}},"footnotes":""},"categories":[23,2165],"tags":[3965,18,110,90,507,28,4077,4443,4444,4445],"class_list":["post-53260","post","type-post","status-publish","format-standard","has-post-thumbnail","hentry","category-destacats","category-infarma","tag-ajornament","tag-cofb","tag-cofm","tag-covid-19","tag-ifema","tag-infarma","tag-infarma-2020","tag-infarma-2020-21","tag-madrid","tag-pendemia"],"yoast_head":"<!-- This site is optimized with the Yoast SEO plugin v22.4 - https:\/\/yoast.com\/wordpress\/plugins\/seo\/ -->\n<title>Infarma 2020-2021 se celebrar\u00e0 del 15 al 17 de juny a Madrid - Col\u00b7legi de Farmac\u00e8utics de Barcelona<\/title>\n<meta name=\"description\" content=\"Infarma 2020-21, el\u00a0Congr\u00e9s i Sal\u00f3 farmac\u00e8utic organitzat pels col\u00b7legis oficials de farmac\u00e8utics de Madrid i Barcelona, en col\u00b7laboraci\u00f3 amb Interalia, obrir\u00e0 les seves portes el pr\u00f2xim 15 de juny a una nova edici\u00f3, segons l&#039;acord adoptat pel Comit\u00e8 Organitzador.\" \/>\n<meta name=\"robots\" content=\"index, follow, max-snippet:-1, max-image-preview:large, max-video-preview:-1\" \/>\n<link rel=\"canonical\" href=\"https:\/\/www.cofb.org\/ca\/2020\/12\/15\/infarma-2020-2021-se-celebrara-15-17-juny-madrid\/\" \/>\n<meta property=\"og:locale\" content=\"ca_ES\" \/>\n<meta property=\"og:type\" content=\"article\" \/>\n<meta property=\"og:title\" content=\"Infarma 2020-2021 se celebrar\u00e0 del 15 al 17 de juny a Madrid - Col\u00b7legi de Farmac\u00e8utics de Barcelona\" \/>\n<meta property=\"og:description\" content=\"Infarma 2020-21, el\u00a0Congr\u00e9s i Sal\u00f3 farmac\u00e8utic organitzat pels col\u00b7legis oficials de farmac\u00e8utics de Madrid i Barcelona, en col\u00b7laboraci\u00f3 amb Interalia, obrir\u00e0 les seves portes el pr\u00f2xim 15 de juny a una nova edici\u00f3, segons l&#039;acord adoptat pel Comit\u00e8 Organitzador.\" \/>\n<meta property=\"og:url\" content=\"https:\/\/www.cofb.org\/ca\/2020\/12\/15\/infarma-2020-2021-se-celebrara-15-17-juny-madrid\/\" \/>\n<meta property=\"og:site_name\" content=\"Col\u00b7legi de Farmac\u00e8utics de Barcelona\" \/>\n<meta property=\"article:publisher\" content=\"https:\/\/www.facebook.com\/farmaceuticsbcn\/\" \/>\n<meta property=\"article:published_time\" content=\"2020-12-15T17:26:30+00:00\" \/>\n<meta name=\"author\" content=\"wpAdminCofbOrg\" \/>\n<meta name=\"twitter:card\" content=\"summary_large_image\" \/>\n<meta name=\"twitter:creator\" content=\"@farmaceuticsbcn\" \/>\n<meta name=\"twitter:site\" content=\"@farmaceuticsbcn\" \/>\n<meta name=\"twitter:label1\" content=\"Escrit per\" \/>\n\t<meta name=\"twitter:data1\" content=\"wpAdminCofbOrg\" \/>\n\t<meta name=\"twitter:label2\" content=\"Temps estimat de lectura\" \/>\n\t<meta name=\"twitter:data2\" content=\"2 minuts\" \/>\n<script type=\"application\/ld+json\" class=\"yoast-schema-graph\">{\"@context\":\"https:\/\/schema.org\",\"@graph\":[{\"@type\":\"Article\",\"@id\":\"https:\/\/www.cofb.org\/2020\/12\/15\/infarma-2020-2021-se-celebrara-15-17-juny-madrid\/#article\",\"isPartOf\":{\"@id\":\"https:\/\/www.cofb.org\/2020\/12\/15\/infarma-2020-2021-se-celebrara-15-17-juny-madrid\/\"},\"author\":{\"name\":\"wpAdminCofbOrg\",\"@id\":\"https:\/\/www.cofb.org\/#\/schema\/person\/22ed7eea88da74b0fa4d3154ad87ffcb\"},\"headline\":\"Infarma 2020-2021 se celebrar\u00e0 del 15 al 17 de juny a Madrid\",\"datePublished\":\"2020-12-15T17:26:30+00:00\",\"dateModified\":\"2020-12-15T17:26:30+00:00\",\"mainEntityOfPage\":{\"@id\":\"https:\/\/www.cofb.org\/2020\/12\/15\/infarma-2020-2021-se-celebrara-15-17-juny-madrid\/\"},\"wordCount\":385,\"commentCount\":0,\"publisher\":{\"@id\":\"https:\/\/www.cofb.org\/#organization\"},\"image\":{\"@id\":\"https:\/\/www.cofb.org\/2020\/12\/15\/infarma-2020-2021-se-celebrara-15-17-juny-madrid\/#primaryimage\"},\"thumbnailUrl\":\"\",\"keywords\":[\"ajornament\",\"COFB\",\"COFM\",\"COVID-19\",\"Ifema\",\"Infarma\",\"Infarma 2020\",\"Infarma 2020-21\",\"Madrid\",\"pend\u00e8mia\"],\"articleSection\":[\"Destacats\",\"Infarma\"],\"inLanguage\":\"ca\",\"potentialAction\":[{\"@type\":\"CommentAction\",\"name\":\"Comment\",\"target\":[\"https:\/\/www.cofb.org\/2020\/12\/15\/infarma-2020-2021-se-celebrara-15-17-juny-madrid\/#respond\"]}]},{\"@type\":\"WebPage\",\"@id\":\"https:\/\/www.cofb.org\/2020\/12\/15\/infarma-2020-2021-se-celebrara-15-17-juny-madrid\/\",\"url\":\"https:\/\/www.cofb.org\/2020\/12\/15\/infarma-2020-2021-se-celebrara-15-17-juny-madrid\/\",\"name\":\"Infarma 2020-2021 se celebrar\u00e0 del 15 al 17 de juny a Madrid - Col\u00b7legi de Farmac\u00e8utics de Barcelona\",\"isPartOf\":{\"@id\":\"https:\/\/www.cofb.org\/#website\"},\"primaryImageOfPage\":{\"@id\":\"https:\/\/www.cofb.org\/2020\/12\/15\/infarma-2020-2021-se-celebrara-15-17-juny-madrid\/#primaryimage\"},\"image\":{\"@id\":\"https:\/\/www.cofb.org\/2020\/12\/15\/infarma-2020-2021-se-celebrara-15-17-juny-madrid\/#primaryimage\"},\"thumbnailUrl\":\"\",\"datePublished\":\"2020-12-15T17:26:30+00:00\",\"dateModified\":\"2020-12-15T17:26:30+00:00\",\"description\":\"Infarma 2020-21, el\u00a0Congr\u00e9s i Sal\u00f3 farmac\u00e8utic organitzat pels col\u00b7legis oficials de farmac\u00e8utics de Madrid i Barcelona, en col\u00b7laboraci\u00f3 amb Interalia, obrir\u00e0 les seves portes el pr\u00f2xim 15 de juny a una nova edici\u00f3, segons l'acord adoptat pel Comit\u00e8 Organitzador.\",\"breadcrumb\":{\"@id\":\"https:\/\/www.cofb.org\/2020\/12\/15\/infarma-2020-2021-se-celebrara-15-17-juny-madrid\/#breadcrumb\"},\"inLanguage\":\"ca\",\"potentialAction\":[{\"@type\":\"ReadAction\",\"target\":[\"https:\/\/www.cofb.org\/2020\/12\/15\/infarma-2020-2021-se-celebrara-15-17-juny-madrid\/\"]}]},{\"@type\":\"ImageObject\",\"inLanguage\":\"ca\",\"@id\":\"https:\/\/www.cofb.org\/2020\/12\/15\/infarma-2020-2021-se-celebrara-15-17-juny-madrid\/#primaryimage\",\"url\":\"\",\"contentUrl\":\"\"},{\"@type\":\"BreadcrumbList\",\"@id\":\"https:\/\/www.cofb.org\/2020\/12\/15\/infarma-2020-2021-se-celebrara-15-17-juny-madrid\/#breadcrumb\",\"itemListElement\":[{\"@type\":\"ListItem\",\"position\":1,\"name\":\"Inici\",\"item\":\"https:\/\/novaorg.cofb.net\/\"},{\"@type\":\"ListItem\",\"position\":2,\"name\":\"Infarma 2020-2021 se celebrar\u00e0 del 15 al 17 de juny a Madrid\"}]},{\"@type\":\"WebSite\",\"@id\":\"https:\/\/www.cofb.org\/#website\",\"url\":\"https:\/\/www.cofb.org\/\",\"name\":\"Col\u00b7legi de Farmac\u00e8utics de Barcelona\",\"description\":\"\",\"publisher\":{\"@id\":\"https:\/\/www.cofb.org\/#organization\"},\"potentialAction\":[{\"@type\":\"SearchAction\",\"target\":{\"@type\":\"EntryPoint\",\"urlTemplate\":\"https:\/\/www.cofb.org\/?s={search_term_string}\"},\"query-input\":\"required name=search_term_string\"}],\"inLanguage\":\"ca\"},{\"@type\":\"Organization\",\"@id\":\"https:\/\/www.cofb.org\/#organization\",\"name\":\"Col\u00b7legi de Farmac\u00e8utics de Barcelona\",\"url\":\"https:\/\/www.cofb.org\/\",\"logo\":{\"@type\":\"ImageObject\",\"inLanguage\":\"ca\",\"@id\":\"https:\/\/www.cofb.org\/#\/schema\/logo\/image\/\",\"url\":\"https:\/\/www.cofb.org\/wp-content\/uploads\/2023\/11\/cropped-Logotip-COFB.png\",\"contentUrl\":\"https:\/\/www.cofb.org\/wp-content\/uploads\/2023\/11\/cropped-Logotip-COFB.png\",\"width\":500,\"height\":105,\"caption\":\"Col\u00b7legi de Farmac\u00e8utics de Barcelona\"},\"image\":{\"@id\":\"https:\/\/www.cofb.org\/#\/schema\/logo\/image\/\"},\"sameAs\":[\"https:\/\/www.facebook.com\/farmaceuticsbcn\/\",\"https:\/\/twitter.com\/farmaceuticsbcn\",\"https:\/\/www.instagram.com\/farmaceuticsbcn\/\",\"https:\/\/www.linkedin.com\/company\/farmaceuticsbcn\/\"]},{\"@type\":\"Person\",\"@id\":\"https:\/\/www.cofb.org\/#\/schema\/person\/22ed7eea88da74b0fa4d3154ad87ffcb\",\"name\":\"wpAdminCofbOrg\",\"image\":{\"@type\":\"ImageObject\",\"inLanguage\":\"ca\",\"@id\":\"https:\/\/www.cofb.org\/#\/schema\/person\/image\/\",\"url\":\"https:\/\/secure.gravatar.com\/avatar\/1721b20b3b8ca882c3b56ec6c978c594fff670e40c0718e9190eaeeb76aae7d8?s=96&d=mm&r=g\",\"contentUrl\":\"https:\/\/secure.gravatar.com\/avatar\/1721b20b3b8ca882c3b56ec6c978c594fff670e40c0718e9190eaeeb76aae7d8?s=96&d=mm&r=g\",\"caption\":\"wpAdminCofbOrg\"},\"sameAs\":[\"http:\/\/192.168.64.122\/wordpress\"],\"url\":\"https:\/\/www.cofb.org\/ca\/author\/wpadmincofborg\/\"}]}<\/script>\n<!-- \/ Yoast SEO plugin. -->","yoast_head_json":{"title":"Infarma 2020-2021 se celebrar\u00e0 del 15 al 17 de juny a Madrid - Col\u00b7legi de Farmac\u00e8utics de Barcelona","description":"Infarma 2020-21, el\u00a0Congr\u00e9s i Sal\u00f3 farmac\u00e8utic organitzat pels col\u00b7legis oficials de farmac\u00e8utics de Madrid i Barcelona, en col\u00b7laboraci\u00f3 amb Interalia, obrir\u00e0 les seves portes el pr\u00f2xim 15 de juny a una nova edici\u00f3, segons l'acord adoptat pel Comit\u00e8 Organitzador.","robots":{"index":"index","follow":"follow","max-snippet":"max-snippet:-1","max-image-preview":"max-image-preview:large","max-video-preview":"max-video-preview:-1"},"canonical":"https:\/\/www.cofb.org\/ca\/2020\/12\/15\/infarma-2020-2021-se-celebrara-15-17-juny-madrid\/","og_locale":"ca_ES","og_type":"article","og_title":"Infarma 2020-2021 se celebrar\u00e0 del 15 al 17 de juny a Madrid - Col\u00b7legi de Farmac\u00e8utics de Barcelona","og_description":"Infarma 2020-21, el\u00a0Congr\u00e9s i Sal\u00f3 farmac\u00e8utic organitzat pels col\u00b7legis oficials de farmac\u00e8utics de Madrid i Barcelona, en col\u00b7laboraci\u00f3 amb Interalia, obrir\u00e0 les seves portes el pr\u00f2xim 15 de juny a una nova edici\u00f3, segons l'acord adoptat pel Comit\u00e8 Organitzador.","og_url":"https:\/\/www.cofb.org\/ca\/2020\/12\/15\/infarma-2020-2021-se-celebrara-15-17-juny-madrid\/","og_site_name":"Col\u00b7legi de Farmac\u00e8utics de Barcelona","article_publisher":"https:\/\/www.facebook.com\/farmaceuticsbcn\/","article_published_time":"2020-12-15T17:26:30+00:00","author":"wpAdminCofbOrg","twitter_card":"summary_large_image","twitter_creator":"@farmaceuticsbcn","twitter_site":"@farmaceuticsbcn","twitter_misc":{"Escrit per":"wpAdminCofbOrg","Temps estimat de lectura":"2 minuts"},"schema":{"@context":"https:\/\/schema.org","@graph":[{"@type":"Article","@id":"https:\/\/www.cofb.org\/2020\/12\/15\/infarma-2020-2021-se-celebrara-15-17-juny-madrid\/#article","isPartOf":{"@id":"https:\/\/www.cofb.org\/2020\/12\/15\/infarma-2020-2021-se-celebrara-15-17-juny-madrid\/"},"author":{"name":"wpAdminCofbOrg","@id":"https:\/\/www.cofb.org\/#\/schema\/person\/22ed7eea88da74b0fa4d3154ad87ffcb"},"headline":"Infarma 2020-2021 se celebrar\u00e0 del 15 al 17 de juny a Madrid","datePublished":"2020-12-15T17:26:30+00:00","dateModified":"2020-12-15T17:26:30+00:00","mainEntityOfPage":{"@id":"https:\/\/www.cofb.org\/2020\/12\/15\/infarma-2020-2021-se-celebrara-15-17-juny-madrid\/"},"wordCount":385,"commentCount":0,"publisher":{"@id":"https:\/\/www.cofb.org\/#organization"},"image":{"@id":"https:\/\/www.cofb.org\/2020\/12\/15\/infarma-2020-2021-se-celebrara-15-17-juny-madrid\/#primaryimage"},"thumbnailUrl":"","keywords":["ajornament","COFB","COFM","COVID-19","Ifema","Infarma","Infarma 2020","Infarma 2020-21","Madrid","pend\u00e8mia"],"articleSection":["Destacats","Infarma"],"inLanguage":"ca","potentialAction":[{"@type":"CommentAction","name":"Comment","target":["https:\/\/www.cofb.org\/2020\/12\/15\/infarma-2020-2021-se-celebrara-15-17-juny-madrid\/#respond"]}]},{"@type":"WebPage","@id":"https:\/\/www.cofb.org\/2020\/12\/15\/infarma-2020-2021-se-celebrara-15-17-juny-madrid\/","url":"https:\/\/www.cofb.org\/2020\/12\/15\/infarma-2020-2021-se-celebrara-15-17-juny-madrid\/","name":"Infarma 2020-2021 se celebrar\u00e0 del 15 al 17 de juny a Madrid - Col\u00b7legi de Farmac\u00e8utics de Barcelona","isPartOf":{"@id":"https:\/\/www.cofb.org\/#website"},"primaryImageOfPage":{"@id":"https:\/\/www.cofb.org\/2020\/12\/15\/infarma-2020-2021-se-celebrara-15-17-juny-madrid\/#primaryimage"},"image":{"@id":"https:\/\/www.cofb.org\/2020\/12\/15\/infarma-2020-2021-se-celebrara-15-17-juny-madrid\/#primaryimage"},"thumbnailUrl":"","datePublished":"2020-12-15T17:26:30+00:00","dateModified":"2020-12-15T17:26:30+00:00","description":"Infarma 2020-21, el\u00a0Congr\u00e9s i Sal\u00f3 farmac\u00e8utic organitzat pels col\u00b7legis oficials de farmac\u00e8utics de Madrid i Barcelona, en col\u00b7laboraci\u00f3 amb Interalia, obrir\u00e0 les seves portes el pr\u00f2xim 15 de juny a una nova edici\u00f3, segons l'acord adoptat pel Comit\u00e8 Organitzador.","breadcrumb":{"@id":"https:\/\/www.cofb.org\/2020\/12\/15\/infarma-2020-2021-se-celebrara-15-17-juny-madrid\/#breadcrumb"},"inLanguage":"ca","potentialAction":[{"@type":"ReadAction","target":["https:\/\/www.cofb.org\/2020\/12\/15\/infarma-2020-2021-se-celebrara-15-17-juny-madrid\/"]}]},{"@type":"ImageObject","inLanguage":"ca","@id":"https:\/\/www.cofb.org\/2020\/12\/15\/infarma-2020-2021-se-celebrara-15-17-juny-madrid\/#primaryimage","url":"","contentUrl":""},{"@type":"BreadcrumbList","@id":"https:\/\/www.cofb.org\/2020\/12\/15\/infarma-2020-2021-se-celebrara-15-17-juny-madrid\/#breadcrumb","itemListElement":[{"@type":"ListItem","position":1,"name":"Inici","item":"https:\/\/novaorg.cofb.net\/"},{"@type":"ListItem","position":2,"name":"Infarma 2020-2021 se celebrar\u00e0 del 15 al 17 de juny a Madrid"}]},{"@type":"WebSite","@id":"https:\/\/www.cofb.org\/#website","url":"https:\/\/www.cofb.org\/","name":"Col\u00b7legi de Farmac\u00e8utics de Barcelona","description":"","publisher":{"@id":"https:\/\/www.cofb.org\/#organization"},"potentialAction":[{"@type":"SearchAction","target":{"@type":"EntryPoint","urlTemplate":"https:\/\/www.cofb.org\/?s={search_term_string}"},"query-input":"required name=search_term_string"}],"inLanguage":"ca"},{"@type":"Organization","@id":"https:\/\/www.cofb.org\/#organization","name":"Col\u00b7legi de Farmac\u00e8utics de Barcelona","url":"https:\/\/www.cofb.org\/","logo":{"@type":"ImageObject","inLanguage":"ca","@id":"https:\/\/www.cofb.org\/#\/schema\/logo\/image\/","url":"https:\/\/www.cofb.org\/wp-content\/uploads\/2023\/11\/cropped-Logotip-COFB.png","contentUrl":"https:\/\/www.cofb.org\/wp-content\/uploads\/2023\/11\/cropped-Logotip-COFB.png","width":500,"height":105,"caption":"Col\u00b7legi de Farmac\u00e8utics de Barcelona"},"image":{"@id":"https:\/\/www.cofb.org\/#\/schema\/logo\/image\/"},"sameAs":["https:\/\/www.facebook.com\/farmaceuticsbcn\/","https:\/\/twitter.com\/farmaceuticsbcn","https:\/\/www.instagram.com\/farmaceuticsbcn\/","https:\/\/www.linkedin.com\/company\/farmaceuticsbcn\/"]},{"@type":"Person","@id":"https:\/\/www.cofb.org\/#\/schema\/person\/22ed7eea88da74b0fa4d3154ad87ffcb","name":"wpAdminCofbOrg","image":{"@type":"ImageObject","inLanguage":"ca","@id":"https:\/\/www.cofb.org\/#\/schema\/person\/image\/","url":"https:\/\/secure.gravatar.com\/avatar\/1721b20b3b8ca882c3b56ec6c978c594fff670e40c0718e9190eaeeb76aae7d8?s=96&d=mm&r=g","contentUrl":"https:\/\/secure.gravatar.com\/avatar\/1721b20b3b8ca882c3b56ec6c978c594fff670e40c0718e9190eaeeb76aae7d8?s=96&d=mm&r=g","caption":"wpAdminCofbOrg"},"sameAs":["http:\/\/192.168.64.122\/wordpress"],"url":"https:\/\/www.cofb.org\/ca\/author\/wpadmincofborg\/"}]}},"uagb_featured_image_src":{"full":false,"thumbnail":false,"medium":false,"medium_large":false,"large":false,"1536x1536":false,"2048x2048":false,"trp-custom-language-flag":false},"uagb_author_info":{"display_name":"wpAdminCofbOrg","author_link":"https:\/\/www.cofb.org\/ca\/author\/wpadmincofborg\/"},"uagb_comment_info":0,"uagb_excerpt":"Infarma 2020-21, el\u00a0Congr\u00e9s i Sal\u00f3 farmac\u00e8utic organitzat pels col\u00b7legis oficials de farmac\u00e8utics de Madrid i Barcelona, en col\u00b7laboraci\u00f3 amb Interalia, obrir\u00e0 les portes el pr\u00f2xim 15 de juny a una nova edici\u00f3, segons l&#8217;acord adoptat pel Comit\u00e8 Organitzador. Una vegada obtinguda una resposta positiva a les noves dates programades per [&hellip;]","_links":{"self":[{"href":"https:\/\/www.cofb.org\/ca\/wp-json\/wp\/v2\/posts\/53260","targetHints":{"allow":["GET"]}}],"collection":[{"href":"https:\/\/www.cofb.org\/ca\/wp-json\/wp\/v2\/posts"}],"about":[{"href":"https:\/\/www.cofb.org\/ca\/wp-json\/wp\/v2\/types\/post"}],"author":[{"embeddable":true,"href":"https:\/\/www.cofb.org\/ca\/wp-json\/wp\/v2\/users\/1"}],"replies":[{"embeddable":true,"href":"https:\/\/www.cofb.org\/ca\/wp-json\/wp\/v2\/comments?post=53260"}],"version-history":[{"count":0,"href":"https:\/\/www.cofb.org\/ca\/wp-json\/wp\/v2\/posts\/53260\/revisions"}],"wp:featuredmedia":[{"embeddable":true,"href":"https:\/\/www.cofb.org\/ca\/wp-json\/"}],"wp:attachment":[{"href":"https:\/\/www.cofb.org\/ca\/wp-json\/wp\/v2\/media?parent=53260"}],"wp:term":[{"taxonomy":"category","embeddable":true,"href":"https:\/\/www.cofb.org\/ca\/wp-json\/wp\/v2\/categories?post=53260"},{"taxonomy":"post_tag","embeddable":true,"href":"https:\/\/www.cofb.org\/ca\/wp-json\/wp\/v2\/tags?post=53260"}],"curies":[{"name":"wp","href":"https:\/\/api.w.org\/{rel}","templated":true}]}}