{"id":53219,"date":"2020-12-18T13:53:31","date_gmt":"2020-12-18T11:53:31","guid":{"rendered":"https:\/\/blog.cofb.cat\/?p=53219"},"modified":"2020-12-18T13:53:31","modified_gmt":"2020-12-18T11:53:31","slug":"nutricio-infantil-personalitzada-com-a-suport-al-desenvolupament-de-nadons-i-infants","status":"publish","type":"post","link":"https:\/\/www.cofb.org\/ca\/2020\/12\/18\/nutricio-infantil-personalitzada-com-a-suport-al-desenvolupament-de-nadons-i-infants\/","title":{"rendered":"Nutrici\u00f3 infantil personalitzada com a suport  al desenvolupament de nadons i infants"},"content":{"rendered":"<p>El passat 2 de desembre va tenir lloc al Col\u00b7legi de Farmac\u00e8utics de Barcelona (COFB) la confer\u00e8ncia\u00a0<strong>&#8220;Nutrici\u00f3\u00a0infantil personalitzada com a suport al desenvolupament de nadons i infants&#8221;<\/strong>, moderada per la vocal d&#8217;Alimentaci\u00f3 i Nutrici\u00f3 del COFB, Anna Bach-Faig. La sessi\u00f3 va tenir dos blocs. D&#8217;una banda, la pon\u00e8ncia <strong>&#8220;Impacte de la nutrici\u00f3 en la microbiota intestinal&#8221;<\/strong>, a c\u00e0rrec del director del departament de pediatria de la Cl\u00ednica Universitat de Navarra, Dr. Jos\u00e9 Manuel Moreno Villares; i, de l&#8217;altra, la pon\u00e8ncia <strong>&#8220;El rol actiu de la farm\u00e0cia comunit\u00e0ria en la nutrici\u00f3 infantil&#8221;<\/strong>, a c\u00e0rrec de Luis Garc\u00eda Moreno, farmac\u00e8utic comunitari, dietista-nutricionista i membre del grup de\u00a0 nutrici\u00f3 i digestiu de SEFAC.<\/p>\n<figure id=\"attachment_53237\" aria-describedby=\"caption-attachment-53237\" style=\"width: 620px\" class=\"wp-caption aligncenter\"><a href=\"https:\/\/blog.cofb.cat\/wp-content\/uploads\/2020\/12\/Nutrici\u00f3-personalitzada-1.png\" rel=\"El Dr. Jos\u00e9 Manuel Moreno Villares, del Departament de Pediatria de la Cl\u00ednica Universitat de Navarra, en un moment de la seva confer\u00e8ncia. \"><img fetchpriority=\"high\" decoding=\"async\" class=\"wp-image-53237 size-large\" title=\"El Dr. Jos\u00e9 Manuel Moreno Villares, del Departament de Pediatria de la Cl\u00ednica Universitat de Navarra, en un moment de la seva confer\u00e8ncia. \" src=\"https:\/\/blog.cofb.cat\/wp-content\/uploads\/2020\/12\/Nutrici\u00f3-personalitzada-1-1024x591.png\" alt=\"\" width=\"620\" height=\"358\" \/><\/a><figcaption id=\"caption-attachment-53237\" class=\"wp-caption-text\">El Dr. Jos\u00e9 Manuel Moreno Villares, del Departament de Pediatria de la Cl\u00ednica Universitat de Navarra, en un moment de la seva confer\u00e8ncia.<\/figcaption><\/figure>\n<h1><span style=\"color: #008080;\"><strong>Impacte de la nutrici\u00f3 en la microbiota intestinal<\/strong><\/span><\/h1>\n<p>El doctor va comen\u00e7ar la seva intervenci\u00f3 fent refer\u00e8ncia a les definicions de microbiota i microbioma, les funcions de la microbiota intestinal (adquisici\u00f3, evoluci\u00f3, etc.)\u00a0 Va destacar que hi ha ocasions en qu\u00e8 l&#8217;equilibri de la microbiota es modifica (disbiosi intestinal) i que una menor diversitat bacteriana s&#8217;associa a: malaltia inflamat\u00f2ria intestinal, diabetis mellitus, \u00e8czema at\u00f2pic, malaltia cel\u00edaca, artritis psori\u00e0sica&#8230;<\/p>\n<h2><strong>Alteraci\u00f3 de la microbiota i manifestacions al\u00b7l\u00e8rgiques<\/strong><\/h2>\n<p>Dins d&#8217;aquest bloc, el doctor va apuntar que una <strong>diversitat de la microbiota intestinal en etapes primerenques<\/strong> sembla associar-se a una <strong>menor incid\u00e8ncia de manifestacions al\u00b7l\u00e8rgiques <\/strong>i que la disminuci\u00f3 de la diversitat microbiana precedeix a les manifestacions al\u00b7l\u00e8rgiques.<\/p>\n<h2><strong>Modificaci\u00f3 de la microbiota<\/strong><\/h2>\n<p>Segons va apuntar, hi ha dues estrat\u00e8gies que poden modificar la microbiota La primera consistiria a\u00a0<strong>modular la microbiota existent <\/strong>(exemples: a trav\u00e9s d&#8217;una dieta personalitzada;\u00a0prenent prebi\u00f2tics o b\u00e9 passar d&#8217;un \u00fas indiscriminat dels antibi\u00f2tics que altera la microbiota a un \u00fas personalitzat basat en cada microbiota i les seves resist\u00e8ncies). La segona consistiria a\u00a0<strong>afegir nous microorganismes<\/strong> (exemples: ingesti\u00f3 de bacteris vius com probi\u00f2tics, trasplantament de microbiota, o simbi\u00f2tics).<\/p>\n<h2><strong>Conclusions<\/strong><\/h2>\n<p>Com a <strong>conclusions principals<\/strong> de la seva intervenci\u00f3, el Dr. Moreno va destacar que ens trobem en una etapa en la qual, cada vegada m\u00e9s, podem modificar la salut a trav\u00e9s de l&#8217;alimentaci\u00f3 i mesurar-ne els efectes per mitj\u00e0 dels nostres microbis o els seus metab\u00f2lits. Com que l&#8217;establiment de la microbiota succeeix en edats primerenques, el seu coneixement \u00e9s especialment important pel que fa als nens.<\/p>\n<p>&nbsp;<\/p>\n<figure id=\"attachment_53256\" aria-describedby=\"caption-attachment-53256\" style=\"width: 620px\" class=\"wp-caption aligncenter\"><a href=\"https:\/\/blog.cofb.cat\/wp-content\/uploads\/2020\/12\/Nad\u00f3.png\"><img decoding=\"async\" class=\"wp-image-53256 size-large\" title=\"L'establiment de la microbiota es produeix en edats primerenques. \" src=\"https:\/\/blog.cofb.cat\/wp-content\/uploads\/2020\/12\/Nad\u00f3-1024x671.png\" alt=\"L'establiment de la microbiota es produeix en edats primerenques. \" width=\"620\" height=\"406\" \/><\/a><figcaption id=\"caption-attachment-53256\" class=\"wp-caption-text\">L&#8217;establiment de la microbiota es produeix en edats primerenques.<\/figcaption><\/figure>\n<p>Altres conclusions del Dr. Moreno van ser que alguns estudis cl\u00ednics d&#8217;intervenci\u00f3 demostren <strong>l&#8217;efic\u00e0cia de determinades soques de probi\u00f2tics<\/strong> en la prevenci\u00f3 de l&#8217;enterocolitis necrosant i de les manifestacions al\u00b7l\u00e8rgiques, i en el tractament d&#8217;alguns trastorns digestius funcionals del lactant i el nen. Malgrat aix\u00f2, hi ha la necessitat de bons estudis cl\u00ednics per determinar les aplicacions pr\u00e0ctiques de la modificaci\u00f3 de la microbiota.<\/p>\n<div class=\"box success\"><\/p>\n<h1><span style=\"color: #008080;\"><strong>La personalitzaci\u00f3 de la nutrici\u00f3 en les primeres etapes de la vida millora la salut<\/strong><\/span><\/h1>\n<p>Les darreres investigacions i els aven\u00e7os aconseguits confirmen que la <strong>personalitzaci\u00f3 de la nutrici\u00f3 en les primeres etapes de la vida<\/strong> assegura un desenvolupament i un estat de salut millors.<\/p>\n<p>En la confer\u00e8ncia es va fer una revisi\u00f3 de la <strong>influ\u00e8ncia de la microbiota<\/strong> en els problemes de salut de lactants i nounats com c\u00f2lics, al\u00b7l\u00e8rgies aliment\u00e0ries o dermatitis at\u00f2pica i es van analitzar les darreres tend\u00e8ncies i estudis en <strong>l&#8217;\u00fas de probi\u00f2tics en beb\u00e8s<\/strong>.\u00a0Tamb\u00e9 es va exposar i valorar la <strong>necessitat de complementar<\/strong> en diferents situacions vinculades a diferents nutrients en les quals el farmac\u00e8utic pot intervenir.<\/p>\n<p><\/div>\n<h1><span style=\"color: #008080;\"><strong>El rol actiu de la farm\u00e0cia comunit\u00e0ria en la nutrici\u00f3 infantil<\/strong><\/span><\/h1>\n<p>En aquest bloc, el farmac\u00e8utic comunitari Luis Garc\u00eda Moreno va abordar <strong>l&#8217;alimentaci\u00f3 dels infants entre 0 i 3 anys<\/strong>. Tal com va explicar, en<strong> infants entre 0 i 3 anys<\/strong> amb una perfecta <strong>alimentaci\u00f3 equilibrada i saludable<\/strong> no seria necess\u00e0ria la suplementaci\u00f3. Aix\u00ed i tot, es poden donar situacions de suplementaci\u00f3 com l&#8217;estrenyiment. Segons va apuntar, el 16% dels pares consideren que els seus fills en pateixen. Per tal de fer-hi front, el farmac\u00e8utic va recordar que \u00e9s important<strong> modificar la dieta<\/strong>, <strong>equilibrar el contingut de fibra<\/strong>, <strong>incorporar fruites<\/strong>, <strong>verdures<\/strong> i <strong>cereals integrals, <\/strong>a m\u00e9s de\u00a0fer una bona <strong>ingesta de l\u00edquids<\/strong>.<\/p>\n<figure id=\"attachment_53248\" aria-describedby=\"caption-attachment-53248\" style=\"width: 620px\" class=\"wp-caption aligncenter\"><a href=\"https:\/\/blog.cofb.cat\/wp-content\/uploads\/2020\/12\/Farmac\u00e8utic.png\"><img decoding=\"async\" class=\"wp-image-53248 size-large\" title=\"Intervenci\u00f3 del farmac\u00e8utic Luis Garc\u00eda Moreno en el marc de la confer\u00e8ncia &quot;Nutrici\u00f3 infantil personalitzada com a suport al desenvolupament de nadons i infants&quot;\" src=\"https:\/\/blog.cofb.cat\/wp-content\/uploads\/2020\/12\/Farmac\u00e8utic-1024x660.png\" alt=\"Intervenci\u00f3 del farmac\u00e8utic Luis Garc\u00eda Moreno en el marc de la confer\u00e8ncia &quot;Nutrici\u00f3 infantil personalitzada com a suport al desenvolupament de nadons i infants&quot;\" width=\"620\" height=\"400\" \/><\/a><figcaption id=\"caption-attachment-53248\" class=\"wp-caption-text\">Intervenci\u00f3 del farmac\u00e8utic Luis Garc\u00eda Moreno en el marc de la confer\u00e8ncia &#8220;Nutrici\u00f3 infantil personalitzada com a suport al desenvolupament de nadons i infants&#8221;<\/figcaption><\/figure>\n<p>A continuaci\u00f3, Garc\u00eda va abordar la <strong>diarrea associada a antibi\u00f2tics<\/strong>, referint-se al fet que fins a un <strong>62% dels nens tractats amb antibi\u00f2tics<\/strong> experimenten<strong> episodis de diarrea<\/strong> com a resultat d&#8217;aquesta disbiosi. D&#8217;altra banda, tamb\u00e9 va referir-se a les situacions de suplementaci\u00f3 de vitamina D en infants de 0 a 3 anys. Alguns dels <strong>grups de risc<\/strong> que poden necessitar suplementaci\u00f3 s\u00f3n els seg\u00fcents: infants amb asma, patologia infecciosa repetida, malalties autoimmunes, malalties cardiovasculars o b\u00e9 durant l&#8217;estaci\u00f3 de l&#8217;hivern, casos de raquitisme o obesitat.<\/p>\n<h2><strong>L&#8217;adequada ingesta de DHA, essencial en la inf\u00e0ncia<\/strong><\/h2>\n<p>Finalment, pel que fa a la suplementaci\u00f3 amb DHA (\u00e0cid\u00a0docosahexaenoic per les seves sigles en angl\u00e8s), el farmac\u00e8utic va exposar que aquest es troba present en la tonyina, les sardines, el salm\u00f3, les anxoves, els seitons i la cavalla i en microalgues marines. Donat el seu <strong>paper estructural<\/strong>, una <strong>adequada ingesta de DHA<\/strong> \u00e9s<strong> essencial en la inf\u00e0ncia<\/strong>. Tot plegat, perqu\u00e8 el cervell i els ulls pateixen un <strong>desenvolupament r\u00e0pid<\/strong> en l&#8217;edat primerenca.<\/p>\n<p>Tamb\u00e9 cal destacar que els nadons neixen amb <strong>poca visi\u00f3<\/strong> i la seva <strong>agudesa visual<\/strong> es desenvolupa al llarg del temps. La visi\u00f3 millora en gran manera, per\u00f2 no s&#8217;acaba de desenvolupar fins als dos anys.<\/p>\n<p style=\"text-align: right;\"><strong>Amb el patrocini de:<\/strong><\/p>\n<p style=\"text-align: right;\"><a href=\"https:\/\/www.nestlebebe.es\/\" target=\"_blank\" rel=\"noopener\"><img loading=\"lazy\" decoding=\"async\" class=\" wp-image-53222 alignright\" src=\"https:\/\/blog.cofb.cat\/wp-content\/uploads\/2020\/12\/Baby-Me.png\" alt=\"\" width=\"142\" height=\"63\" \/><\/a><\/p>\n<p>&nbsp;<\/p>\n<p>&nbsp;<\/p>\n<p><strong>Altres publicacions d&#8217;inter\u00e8s:<\/strong><\/p>\n<ul>\n<li><a href=\"https:\/\/blog.cofb.cat\/teoria-practica-lactuacio-farmaceutica-nutricio-artificial\/\" target=\"_blank\" rel=\"noopener\">Teoria i pr\u00e0ctica de l\u2019actuaci\u00f3 farmac\u00e8utica en nutrici\u00f3 artificial (Febrer 2020)<\/a><\/li>\n<li><a href=\"https:\/\/blog.cofb.cat\/consell-farmaceutic-darrers-avencos-formules-infantils\/\" target=\"_blank\" rel=\"noopener\">El consell farmac\u00e8utic i els darrers aven\u00e7os en f\u00f3rmules infantils (Desembre 2019)<\/a><\/li>\n<li><a href=\"https:\/\/blog.cofb.cat\/aprenentatges-sobre-lalimentacio-infantil-collegi\/\" target=\"_blank\" rel=\"noopener\">Aprenentatges sobre l\u2019alimentaci\u00f3 infantil al Col\u00b7legi (Febrer 2018)<\/a><\/li>\n<\/ul>\n","protected":false},"excerpt":{"rendered":"<p>El passat 2 de desembre va tenir lloc al Col\u00b7legi de Farmac\u00e8utics de Barcelona (COFB) la confer\u00e8ncia\u00a0&#8220;Nutrici\u00f3\u00a0infantil personalitzada com a suport al desenvolupament de nadons i infants&#8221;, moderada per la vocal d&#8217;Alimentaci\u00f3 i Nutrici\u00f3 del COFB, Anna Bach-Faig. La sessi\u00f3 va tenir dos blocs. D&#8217;una banda, la pon\u00e8ncia &#8220;Impacte de [&hellip;]<\/p>\n","protected":false},"author":1,"featured_media":53256,"comment_status":"open","ping_status":"open","sticky":false,"template":"","format":"standard","meta":{"_uag_custom_page_level_css":"","site-sidebar-layout":"default","site-content-layout":"","ast-site-content-layout":"default","site-content-style":"default","site-sidebar-style":"default","ast-global-header-display":"","ast-banner-title-visibility":"","ast-main-header-display":"","ast-hfb-above-header-display":"","ast-hfb-below-header-display":"","ast-hfb-mobile-header-display":"","site-post-title":"","ast-breadcrumbs-content":"","ast-featured-img":"disabled","footer-sml-layout":"","theme-transparent-header-meta":"","adv-header-id-meta":"","stick-header-meta":"","header-above-stick-meta":"","header-main-stick-meta":"","header-below-stick-meta":"","astra-migrate-meta-layouts":"default","ast-page-background-enabled":"default","ast-page-background-meta":{"desktop":{"background-color":"var(--ast-global-color-4)","background-image":"","background-repeat":"repeat","background-position":"center center","background-size":"auto","background-attachment":"scroll","background-type":"","background-media":"","overlay-type":"","overlay-color":"","overlay-opacity":"","overlay-gradient":""},"tablet":{"background-color":"","background-image":"","background-repeat":"repeat","background-position":"center center","background-size":"auto","background-attachment":"scroll","background-type":"","background-media":"","overlay-type":"","overlay-color":"","overlay-opacity":"","overlay-gradient":""},"mobile":{"background-color":"","background-image":"","background-repeat":"repeat","background-position":"center center","background-size":"auto","background-attachment":"scroll","background-type":"","background-media":"","overlay-type":"","overlay-color":"","overlay-opacity":"","overlay-gradient":""}},"ast-content-background-meta":{"desktop":{"background-color":"var(--ast-global-color-5)","background-image":"","background-repeat":"repeat","background-position":"center center","background-size":"auto","background-attachment":"scroll","background-type":"","background-media":"","overlay-type":"","overlay-color":"","overlay-opacity":"","overlay-gradient":""},"tablet":{"background-color":"var(--ast-global-color-5)","background-image":"","background-repeat":"repeat","background-position":"center center","background-size":"auto","background-attachment":"scroll","background-type":"","background-media":"","overlay-type":"","overlay-color":"","overlay-opacity":"","overlay-gradient":""},"mobile":{"background-color":"var(--ast-global-color-5)","background-image":"","background-repeat":"repeat","background-position":"center center","background-size":"auto","background-attachment":"scroll","background-type":"","background-media":"","overlay-type":"","overlay-color":"","overlay-opacity":"","overlay-gradient":""}},"footnotes":""},"categories":[23,57],"tags":[36,2967,18,19,53,68,69,608,3457,46,4442,76,747,95,3892,117,388],"class_list":["post-53219","post","type-post","status-publish","format-standard","has-post-thumbnail","hentry","category-destacats","category-mon-collegial","tag-alimentacio","tag-alimentacio-infantil","tag-cofb","tag-collegi-de-farmaceutics-de-barcelona","tag-farmaceutics","tag-farmacia","tag-farmacia-comunitaria","tag-infants","tag-lactants","tag-nutricio","tag-nutricio-personalitzada","tag-oficina-de-farmacia","tag-prebiotics","tag-probiotics","tag-probiotics-i-prebiotics","tag-salut","tag-vocalia-alimentacio-i-nutricio"],"yoast_head":"<!-- This site is optimized with the Yoast SEO plugin v22.4 - https:\/\/yoast.com\/wordpress\/plugins\/seo\/ -->\n<title>Nutrici\u00f3 infantil personalitzada com a suport al desenvolupament de nadons i infants - Col\u00b7legi de Farmac\u00e8utics de Barcelona<\/title>\n<meta name=\"description\" content=\"El passat 2 de desembre va tenir lloc al Col\u00b7legi de Farmac\u00e8utics de Barcelona (COFB) la confer\u00e8ncia\u00a0&quot;Nutrici\u00f3\u00a0infantil personalitzada com a suport al desenvolupament de nadons i infants&quot;, moderada per la vocal d&#039;Alimentaci\u00f3 i Nutrici\u00f3 del COFB, Anna Bach-Faig.\" \/>\n<meta name=\"robots\" content=\"index, follow, max-snippet:-1, max-image-preview:large, max-video-preview:-1\" \/>\n<link rel=\"canonical\" href=\"https:\/\/novaorg.cofb.net\/2020\/12\/18\/nutricio-infantil-personalitzada-com-a-suport-al-desenvolupament-de-nadons-i-infants\/\" \/>\n<meta property=\"og:locale\" content=\"ca_ES\" \/>\n<meta property=\"og:type\" content=\"article\" \/>\n<meta property=\"og:title\" content=\"Nutrici\u00f3 infantil personalitzada com a suport al desenvolupament de nadons i infants - Col\u00b7legi de Farmac\u00e8utics de Barcelona\" \/>\n<meta property=\"og:description\" content=\"El passat 2 de desembre va tenir lloc al Col\u00b7legi de Farmac\u00e8utics de Barcelona (COFB) la confer\u00e8ncia\u00a0&quot;Nutrici\u00f3\u00a0infantil personalitzada com a suport al desenvolupament de nadons i infants&quot;, moderada per la vocal d&#039;Alimentaci\u00f3 i Nutrici\u00f3 del COFB, Anna Bach-Faig.\" \/>\n<meta property=\"og:url\" content=\"https:\/\/novaorg.cofb.net\/2020\/12\/18\/nutricio-infantil-personalitzada-com-a-suport-al-desenvolupament-de-nadons-i-infants\/\" \/>\n<meta property=\"og:site_name\" content=\"Col\u00b7legi de Farmac\u00e8utics de Barcelona\" \/>\n<meta property=\"article:publisher\" content=\"https:\/\/www.facebook.com\/farmaceuticsbcn\/\" \/>\n<meta property=\"article:published_time\" content=\"2020-12-18T11:53:31+00:00\" \/>\n<meta name=\"author\" content=\"wpAdminCofbOrg\" \/>\n<meta name=\"twitter:card\" content=\"summary_large_image\" \/>\n<meta name=\"twitter:creator\" content=\"@farmaceuticsbcn\" \/>\n<meta name=\"twitter:site\" content=\"@farmaceuticsbcn\" \/>\n<meta name=\"twitter:label1\" content=\"Escrit per\" \/>\n\t<meta name=\"twitter:data1\" content=\"wpAdminCofbOrg\" \/>\n\t<meta name=\"twitter:label2\" content=\"Temps estimat de lectura\" \/>\n\t<meta name=\"twitter:data2\" content=\"5 minuts\" \/>\n<script type=\"application\/ld+json\" class=\"yoast-schema-graph\">{\"@context\":\"https:\/\/schema.org\",\"@graph\":[{\"@type\":\"Article\",\"@id\":\"https:\/\/novaorg.cofb.net\/2020\/12\/18\/nutricio-infantil-personalitzada-com-a-suport-al-desenvolupament-de-nadons-i-infants\/#article\",\"isPartOf\":{\"@id\":\"https:\/\/novaorg.cofb.net\/2020\/12\/18\/nutricio-infantil-personalitzada-com-a-suport-al-desenvolupament-de-nadons-i-infants\/\"},\"author\":{\"name\":\"wpAdminCofbOrg\",\"@id\":\"https:\/\/www.cofb.org\/#\/schema\/person\/22ed7eea88da74b0fa4d3154ad87ffcb\"},\"headline\":\"Nutrici\u00f3 infantil personalitzada com a suport al desenvolupament de nadons i infants\",\"datePublished\":\"2020-12-18T11:53:31+00:00\",\"dateModified\":\"2020-12-18T11:53:31+00:00\",\"mainEntityOfPage\":{\"@id\":\"https:\/\/novaorg.cofb.net\/2020\/12\/18\/nutricio-infantil-personalitzada-com-a-suport-al-desenvolupament-de-nadons-i-infants\/\"},\"wordCount\":1097,\"commentCount\":0,\"publisher\":{\"@id\":\"https:\/\/www.cofb.org\/#organization\"},\"image\":{\"@id\":\"https:\/\/novaorg.cofb.net\/2020\/12\/18\/nutricio-infantil-personalitzada-com-a-suport-al-desenvolupament-de-nadons-i-infants\/#primaryimage\"},\"thumbnailUrl\":\"\",\"keywords\":[\"alimentaci\u00f3\",\"alimentaci\u00f3 infantil\",\"COFB\",\"Col\u00b7legi de Farmac\u00e8utics de Barcelona\",\"farmac\u00e8utics\",\"Farm\u00e0cia\",\"farm\u00e0cia comunit\u00e0ria\",\"infants\",\"lactants\",\"Nutrici\u00f3\",\"nutrici\u00f3 personalitzada\",\"Oficina de farm\u00e0cia\",\"prebi\u00f2tics\",\"probi\u00f2tics\",\"probi\u00f2tics i prebi\u00f2tics\",\"salut\",\"vocalia alimentaci\u00f3 i nutrici\u00f3\"],\"articleSection\":[\"Destacats\",\"M\u00f3n col\u00b7legial\"],\"inLanguage\":\"ca\",\"potentialAction\":[{\"@type\":\"CommentAction\",\"name\":\"Comment\",\"target\":[\"https:\/\/novaorg.cofb.net\/2020\/12\/18\/nutricio-infantil-personalitzada-com-a-suport-al-desenvolupament-de-nadons-i-infants\/#respond\"]}]},{\"@type\":\"WebPage\",\"@id\":\"https:\/\/novaorg.cofb.net\/2020\/12\/18\/nutricio-infantil-personalitzada-com-a-suport-al-desenvolupament-de-nadons-i-infants\/\",\"url\":\"https:\/\/novaorg.cofb.net\/2020\/12\/18\/nutricio-infantil-personalitzada-com-a-suport-al-desenvolupament-de-nadons-i-infants\/\",\"name\":\"Nutrici\u00f3 infantil personalitzada com a suport al desenvolupament de nadons i infants - Col\u00b7legi de Farmac\u00e8utics de Barcelona\",\"isPartOf\":{\"@id\":\"https:\/\/www.cofb.org\/#website\"},\"primaryImageOfPage\":{\"@id\":\"https:\/\/novaorg.cofb.net\/2020\/12\/18\/nutricio-infantil-personalitzada-com-a-suport-al-desenvolupament-de-nadons-i-infants\/#primaryimage\"},\"image\":{\"@id\":\"https:\/\/novaorg.cofb.net\/2020\/12\/18\/nutricio-infantil-personalitzada-com-a-suport-al-desenvolupament-de-nadons-i-infants\/#primaryimage\"},\"thumbnailUrl\":\"\",\"datePublished\":\"2020-12-18T11:53:31+00:00\",\"dateModified\":\"2020-12-18T11:53:31+00:00\",\"description\":\"El passat 2 de desembre va tenir lloc al Col\u00b7legi de Farmac\u00e8utics de Barcelona (COFB) la confer\u00e8ncia\u00a0\\\"Nutrici\u00f3\u00a0infantil personalitzada com a suport al desenvolupament de nadons i infants\\\", moderada per la vocal d'Alimentaci\u00f3 i Nutrici\u00f3 del COFB, Anna Bach-Faig.\",\"breadcrumb\":{\"@id\":\"https:\/\/novaorg.cofb.net\/2020\/12\/18\/nutricio-infantil-personalitzada-com-a-suport-al-desenvolupament-de-nadons-i-infants\/#breadcrumb\"},\"inLanguage\":\"ca\",\"potentialAction\":[{\"@type\":\"ReadAction\",\"target\":[\"https:\/\/novaorg.cofb.net\/2020\/12\/18\/nutricio-infantil-personalitzada-com-a-suport-al-desenvolupament-de-nadons-i-infants\/\"]}]},{\"@type\":\"ImageObject\",\"inLanguage\":\"ca\",\"@id\":\"https:\/\/novaorg.cofb.net\/2020\/12\/18\/nutricio-infantil-personalitzada-com-a-suport-al-desenvolupament-de-nadons-i-infants\/#primaryimage\",\"url\":\"\",\"contentUrl\":\"\"},{\"@type\":\"BreadcrumbList\",\"@id\":\"https:\/\/novaorg.cofb.net\/2020\/12\/18\/nutricio-infantil-personalitzada-com-a-suport-al-desenvolupament-de-nadons-i-infants\/#breadcrumb\",\"itemListElement\":[{\"@type\":\"ListItem\",\"position\":1,\"name\":\"Inici\",\"item\":\"https:\/\/novaorg.cofb.net\/\"},{\"@type\":\"ListItem\",\"position\":2,\"name\":\"Nutrici\u00f3 infantil personalitzada com a suport al desenvolupament de nadons i infants\"}]},{\"@type\":\"WebSite\",\"@id\":\"https:\/\/www.cofb.org\/#website\",\"url\":\"https:\/\/www.cofb.org\/\",\"name\":\"Col\u00b7legi de Farmac\u00e8utics de Barcelona\",\"description\":\"\",\"publisher\":{\"@id\":\"https:\/\/www.cofb.org\/#organization\"},\"potentialAction\":[{\"@type\":\"SearchAction\",\"target\":{\"@type\":\"EntryPoint\",\"urlTemplate\":\"https:\/\/www.cofb.org\/?s={search_term_string}\"},\"query-input\":\"required name=search_term_string\"}],\"inLanguage\":\"ca\"},{\"@type\":\"Organization\",\"@id\":\"https:\/\/www.cofb.org\/#organization\",\"name\":\"Col\u00b7legi de Farmac\u00e8utics de Barcelona\",\"url\":\"https:\/\/www.cofb.org\/\",\"logo\":{\"@type\":\"ImageObject\",\"inLanguage\":\"ca\",\"@id\":\"https:\/\/www.cofb.org\/#\/schema\/logo\/image\/\",\"url\":\"https:\/\/www.cofb.org\/wp-content\/uploads\/2023\/11\/cropped-Logotip-COFB.png\",\"contentUrl\":\"https:\/\/www.cofb.org\/wp-content\/uploads\/2023\/11\/cropped-Logotip-COFB.png\",\"width\":500,\"height\":105,\"caption\":\"Col\u00b7legi de Farmac\u00e8utics de Barcelona\"},\"image\":{\"@id\":\"https:\/\/www.cofb.org\/#\/schema\/logo\/image\/\"},\"sameAs\":[\"https:\/\/www.facebook.com\/farmaceuticsbcn\/\",\"https:\/\/twitter.com\/farmaceuticsbcn\",\"https:\/\/www.instagram.com\/farmaceuticsbcn\/\",\"https:\/\/www.linkedin.com\/company\/farmaceuticsbcn\/\"]},{\"@type\":\"Person\",\"@id\":\"https:\/\/www.cofb.org\/#\/schema\/person\/22ed7eea88da74b0fa4d3154ad87ffcb\",\"name\":\"wpAdminCofbOrg\",\"image\":{\"@type\":\"ImageObject\",\"inLanguage\":\"ca\",\"@id\":\"https:\/\/www.cofb.org\/#\/schema\/person\/image\/\",\"url\":\"https:\/\/secure.gravatar.com\/avatar\/1721b20b3b8ca882c3b56ec6c978c594fff670e40c0718e9190eaeeb76aae7d8?s=96&d=mm&r=g\",\"contentUrl\":\"https:\/\/secure.gravatar.com\/avatar\/1721b20b3b8ca882c3b56ec6c978c594fff670e40c0718e9190eaeeb76aae7d8?s=96&d=mm&r=g\",\"caption\":\"wpAdminCofbOrg\"},\"sameAs\":[\"http:\/\/192.168.64.122\/wordpress\"],\"url\":\"https:\/\/www.cofb.org\/ca\/author\/wpadmincofborg\/\"}]}<\/script>\n<!-- \/ Yoast SEO plugin. -->","yoast_head_json":{"title":"Nutrici\u00f3 infantil personalitzada com a suport al desenvolupament de nadons i infants - Col\u00b7legi de Farmac\u00e8utics de Barcelona","description":"El passat 2 de desembre va tenir lloc al Col\u00b7legi de Farmac\u00e8utics de Barcelona (COFB) la confer\u00e8ncia\u00a0\"Nutrici\u00f3\u00a0infantil personalitzada com a suport al desenvolupament de nadons i infants\", moderada per la vocal d'Alimentaci\u00f3 i Nutrici\u00f3 del COFB, Anna Bach-Faig.","robots":{"index":"index","follow":"follow","max-snippet":"max-snippet:-1","max-image-preview":"max-image-preview:large","max-video-preview":"max-video-preview:-1"},"canonical":"https:\/\/novaorg.cofb.net\/2020\/12\/18\/nutricio-infantil-personalitzada-com-a-suport-al-desenvolupament-de-nadons-i-infants\/","og_locale":"ca_ES","og_type":"article","og_title":"Nutrici\u00f3 infantil personalitzada com a suport al desenvolupament de nadons i infants - Col\u00b7legi de Farmac\u00e8utics de Barcelona","og_description":"El passat 2 de desembre va tenir lloc al Col\u00b7legi de Farmac\u00e8utics de Barcelona (COFB) la confer\u00e8ncia\u00a0\"Nutrici\u00f3\u00a0infantil personalitzada com a suport al desenvolupament de nadons i infants\", moderada per la vocal d'Alimentaci\u00f3 i Nutrici\u00f3 del COFB, Anna Bach-Faig.","og_url":"https:\/\/novaorg.cofb.net\/2020\/12\/18\/nutricio-infantil-personalitzada-com-a-suport-al-desenvolupament-de-nadons-i-infants\/","og_site_name":"Col\u00b7legi de Farmac\u00e8utics de Barcelona","article_publisher":"https:\/\/www.facebook.com\/farmaceuticsbcn\/","article_published_time":"2020-12-18T11:53:31+00:00","author":"wpAdminCofbOrg","twitter_card":"summary_large_image","twitter_creator":"@farmaceuticsbcn","twitter_site":"@farmaceuticsbcn","twitter_misc":{"Escrit per":"wpAdminCofbOrg","Temps estimat de lectura":"5 minuts"},"schema":{"@context":"https:\/\/schema.org","@graph":[{"@type":"Article","@id":"https:\/\/novaorg.cofb.net\/2020\/12\/18\/nutricio-infantil-personalitzada-com-a-suport-al-desenvolupament-de-nadons-i-infants\/#article","isPartOf":{"@id":"https:\/\/novaorg.cofb.net\/2020\/12\/18\/nutricio-infantil-personalitzada-com-a-suport-al-desenvolupament-de-nadons-i-infants\/"},"author":{"name":"wpAdminCofbOrg","@id":"https:\/\/www.cofb.org\/#\/schema\/person\/22ed7eea88da74b0fa4d3154ad87ffcb"},"headline":"Nutrici\u00f3 infantil personalitzada com a suport al desenvolupament de nadons i infants","datePublished":"2020-12-18T11:53:31+00:00","dateModified":"2020-12-18T11:53:31+00:00","mainEntityOfPage":{"@id":"https:\/\/novaorg.cofb.net\/2020\/12\/18\/nutricio-infantil-personalitzada-com-a-suport-al-desenvolupament-de-nadons-i-infants\/"},"wordCount":1097,"commentCount":0,"publisher":{"@id":"https:\/\/www.cofb.org\/#organization"},"image":{"@id":"https:\/\/novaorg.cofb.net\/2020\/12\/18\/nutricio-infantil-personalitzada-com-a-suport-al-desenvolupament-de-nadons-i-infants\/#primaryimage"},"thumbnailUrl":"","keywords":["alimentaci\u00f3","alimentaci\u00f3 infantil","COFB","Col\u00b7legi de Farmac\u00e8utics de Barcelona","farmac\u00e8utics","Farm\u00e0cia","farm\u00e0cia comunit\u00e0ria","infants","lactants","Nutrici\u00f3","nutrici\u00f3 personalitzada","Oficina de farm\u00e0cia","prebi\u00f2tics","probi\u00f2tics","probi\u00f2tics i prebi\u00f2tics","salut","vocalia alimentaci\u00f3 i nutrici\u00f3"],"articleSection":["Destacats","M\u00f3n col\u00b7legial"],"inLanguage":"ca","potentialAction":[{"@type":"CommentAction","name":"Comment","target":["https:\/\/novaorg.cofb.net\/2020\/12\/18\/nutricio-infantil-personalitzada-com-a-suport-al-desenvolupament-de-nadons-i-infants\/#respond"]}]},{"@type":"WebPage","@id":"https:\/\/novaorg.cofb.net\/2020\/12\/18\/nutricio-infantil-personalitzada-com-a-suport-al-desenvolupament-de-nadons-i-infants\/","url":"https:\/\/novaorg.cofb.net\/2020\/12\/18\/nutricio-infantil-personalitzada-com-a-suport-al-desenvolupament-de-nadons-i-infants\/","name":"Nutrici\u00f3 infantil personalitzada com a suport al desenvolupament de nadons i infants - Col\u00b7legi de Farmac\u00e8utics de Barcelona","isPartOf":{"@id":"https:\/\/www.cofb.org\/#website"},"primaryImageOfPage":{"@id":"https:\/\/novaorg.cofb.net\/2020\/12\/18\/nutricio-infantil-personalitzada-com-a-suport-al-desenvolupament-de-nadons-i-infants\/#primaryimage"},"image":{"@id":"https:\/\/novaorg.cofb.net\/2020\/12\/18\/nutricio-infantil-personalitzada-com-a-suport-al-desenvolupament-de-nadons-i-infants\/#primaryimage"},"thumbnailUrl":"","datePublished":"2020-12-18T11:53:31+00:00","dateModified":"2020-12-18T11:53:31+00:00","description":"El passat 2 de desembre va tenir lloc al Col\u00b7legi de Farmac\u00e8utics de Barcelona (COFB) la confer\u00e8ncia\u00a0\"Nutrici\u00f3\u00a0infantil personalitzada com a suport al desenvolupament de nadons i infants\", moderada per la vocal d'Alimentaci\u00f3 i Nutrici\u00f3 del COFB, Anna Bach-Faig.","breadcrumb":{"@id":"https:\/\/novaorg.cofb.net\/2020\/12\/18\/nutricio-infantil-personalitzada-com-a-suport-al-desenvolupament-de-nadons-i-infants\/#breadcrumb"},"inLanguage":"ca","potentialAction":[{"@type":"ReadAction","target":["https:\/\/novaorg.cofb.net\/2020\/12\/18\/nutricio-infantil-personalitzada-com-a-suport-al-desenvolupament-de-nadons-i-infants\/"]}]},{"@type":"ImageObject","inLanguage":"ca","@id":"https:\/\/novaorg.cofb.net\/2020\/12\/18\/nutricio-infantil-personalitzada-com-a-suport-al-desenvolupament-de-nadons-i-infants\/#primaryimage","url":"","contentUrl":""},{"@type":"BreadcrumbList","@id":"https:\/\/novaorg.cofb.net\/2020\/12\/18\/nutricio-infantil-personalitzada-com-a-suport-al-desenvolupament-de-nadons-i-infants\/#breadcrumb","itemListElement":[{"@type":"ListItem","position":1,"name":"Inici","item":"https:\/\/novaorg.cofb.net\/"},{"@type":"ListItem","position":2,"name":"Nutrici\u00f3 infantil personalitzada com a suport al desenvolupament de nadons i infants"}]},{"@type":"WebSite","@id":"https:\/\/www.cofb.org\/#website","url":"https:\/\/www.cofb.org\/","name":"Col\u00b7legi de Farmac\u00e8utics de Barcelona","description":"","publisher":{"@id":"https:\/\/www.cofb.org\/#organization"},"potentialAction":[{"@type":"SearchAction","target":{"@type":"EntryPoint","urlTemplate":"https:\/\/www.cofb.org\/?s={search_term_string}"},"query-input":"required name=search_term_string"}],"inLanguage":"ca"},{"@type":"Organization","@id":"https:\/\/www.cofb.org\/#organization","name":"Col\u00b7legi de Farmac\u00e8utics de Barcelona","url":"https:\/\/www.cofb.org\/","logo":{"@type":"ImageObject","inLanguage":"ca","@id":"https:\/\/www.cofb.org\/#\/schema\/logo\/image\/","url":"https:\/\/www.cofb.org\/wp-content\/uploads\/2023\/11\/cropped-Logotip-COFB.png","contentUrl":"https:\/\/www.cofb.org\/wp-content\/uploads\/2023\/11\/cropped-Logotip-COFB.png","width":500,"height":105,"caption":"Col\u00b7legi de Farmac\u00e8utics de Barcelona"},"image":{"@id":"https:\/\/www.cofb.org\/#\/schema\/logo\/image\/"},"sameAs":["https:\/\/www.facebook.com\/farmaceuticsbcn\/","https:\/\/twitter.com\/farmaceuticsbcn","https:\/\/www.instagram.com\/farmaceuticsbcn\/","https:\/\/www.linkedin.com\/company\/farmaceuticsbcn\/"]},{"@type":"Person","@id":"https:\/\/www.cofb.org\/#\/schema\/person\/22ed7eea88da74b0fa4d3154ad87ffcb","name":"wpAdminCofbOrg","image":{"@type":"ImageObject","inLanguage":"ca","@id":"https:\/\/www.cofb.org\/#\/schema\/person\/image\/","url":"https:\/\/secure.gravatar.com\/avatar\/1721b20b3b8ca882c3b56ec6c978c594fff670e40c0718e9190eaeeb76aae7d8?s=96&d=mm&r=g","contentUrl":"https:\/\/secure.gravatar.com\/avatar\/1721b20b3b8ca882c3b56ec6c978c594fff670e40c0718e9190eaeeb76aae7d8?s=96&d=mm&r=g","caption":"wpAdminCofbOrg"},"sameAs":["http:\/\/192.168.64.122\/wordpress"],"url":"https:\/\/www.cofb.org\/ca\/author\/wpadmincofborg\/"}]}},"uagb_featured_image_src":{"full":false,"thumbnail":false,"medium":false,"medium_large":false,"large":false,"1536x1536":false,"2048x2048":false,"trp-custom-language-flag":false},"uagb_author_info":{"display_name":"wpAdminCofbOrg","author_link":"https:\/\/www.cofb.org\/ca\/author\/wpadmincofborg\/"},"uagb_comment_info":0,"uagb_excerpt":"El passat 2 de desembre va tenir lloc al Col\u00b7legi de Farmac\u00e8utics de Barcelona (COFB) la confer\u00e8ncia\u00a0&#8220;Nutrici\u00f3\u00a0infantil personalitzada com a suport al desenvolupament de nadons i infants&#8221;, moderada per la vocal d&#8217;Alimentaci\u00f3 i Nutrici\u00f3 del COFB, Anna Bach-Faig. La sessi\u00f3 va tenir dos blocs. D&#8217;una banda, la pon\u00e8ncia &#8220;Impacte de [&hellip;]","_links":{"self":[{"href":"https:\/\/www.cofb.org\/ca\/wp-json\/wp\/v2\/posts\/53219","targetHints":{"allow":["GET"]}}],"collection":[{"href":"https:\/\/www.cofb.org\/ca\/wp-json\/wp\/v2\/posts"}],"about":[{"href":"https:\/\/www.cofb.org\/ca\/wp-json\/wp\/v2\/types\/post"}],"author":[{"embeddable":true,"href":"https:\/\/www.cofb.org\/ca\/wp-json\/wp\/v2\/users\/1"}],"replies":[{"embeddable":true,"href":"https:\/\/www.cofb.org\/ca\/wp-json\/wp\/v2\/comments?post=53219"}],"version-history":[{"count":0,"href":"https:\/\/www.cofb.org\/ca\/wp-json\/wp\/v2\/posts\/53219\/revisions"}],"wp:featuredmedia":[{"embeddable":true,"href":"https:\/\/www.cofb.org\/ca\/wp-json\/"}],"wp:attachment":[{"href":"https:\/\/www.cofb.org\/ca\/wp-json\/wp\/v2\/media?parent=53219"}],"wp:term":[{"taxonomy":"category","embeddable":true,"href":"https:\/\/www.cofb.org\/ca\/wp-json\/wp\/v2\/categories?post=53219"},{"taxonomy":"post_tag","embeddable":true,"href":"https:\/\/www.cofb.org\/ca\/wp-json\/wp\/v2\/tags?post=53219"}],"curies":[{"name":"wp","href":"https:\/\/api.w.org\/{rel}","templated":true}]}}