{"id":53117,"date":"2020-12-10T11:50:42","date_gmt":"2020-12-10T09:50:42","guid":{"rendered":"https:\/\/blog.cofb.cat\/?p=53117"},"modified":"2020-12-10T11:50:42","modified_gmt":"2020-12-10T09:50:42","slug":"farmaceutics-dhospital-datencio-primaria-aprofundeixen-immunoterapia-paper-que-juga-loncologia-personalitzada","status":"publish","type":"post","link":"https:\/\/www.cofb.org\/ca\/2020\/12\/10\/farmaceutics-dhospital-datencio-primaria-aprofundeixen-immunoterapia-paper-que-juga-loncologia-personalitzada\/","title":{"rendered":"Farmac\u00e8utics d&#8217;Hospital i d&#8217;Atenci\u00f3 Prim\u00e0ria aprofundeixen en la immunoter\u00e0pia i el paper que juga en l&#8217;oncologia personalitzada"},"content":{"rendered":"<p>El passat mes de novembre van tenir lloc tres sessions de la<strong> formaci\u00f3 &#8220;Immunoter\u00e0pia i el paper que juga en l&#8217;oncologia personalitzada&#8221;<\/strong>, dirigida a <strong>farmac\u00e8utics d&#8217;hospital<\/strong> i <strong>farmac\u00e8utics d&#8217;Atenci\u00f3 Prim\u00e0ria<\/strong>. L&#8217;objectiu d&#8217;aquestes sessions era que els farmac\u00e8utics coneguessin el m\u00f3n de la<strong> immunoter\u00e0pia<\/strong>, a trav\u00e9s d&#8217;una <strong>visi\u00f3 general i \u00e0mplia<\/strong> dels mecanismes immunol\u00f2gics implicats en el c\u00e0ncer i com aplicar-los per convertir-los en una ter\u00e0pia efica\u00e7 i prometedora. Aix\u00ed mateix, tamb\u00e9 es pretenia donar a con\u00e8ixer quin \u00e9s el <strong>paper de la immunoter\u00e0pia<\/strong> en la <strong>medicina personalitzada<\/strong>.<\/p>\n<p><a href=\"https:\/\/blog.cofb.cat\/wp-content\/uploads\/2020\/12\/Immunoter\u00e0pia.png\"><img fetchpriority=\"high\" decoding=\"async\" class=\"aligncenter size-large wp-image-53211\" src=\"https:\/\/blog.cofb.cat\/wp-content\/uploads\/2020\/12\/Immunoter\u00e0pia-1024x577.png\" alt=\"\" width=\"620\" height=\"349\" \/><\/a><\/p>\n<div class=\"destacat-blog\">\n<h1><span style=\"color: #008080;\"><strong>La immunoter\u00e0pia, una ter\u00e0pia innovadora<\/strong><\/span><\/h1>\n<p>La<strong> immunoter\u00e0pia<\/strong> \u00e9s una t\u00e8cnica basada en la<strong> regulaci\u00f3 del sistema immunitari<\/strong> per lluitar contra les c\u00e8l\u00b7lules tumorals. Es tracta d\u2019una<strong> ter\u00e0pia innovadora<\/strong> introdu\u00efda \u00faltimament en l\u2019\u00e0rea cl\u00ednica que ha fet possible obtenir uns resultats espectaculars en el tractament de determinats tumors.<\/p>\n<p>No obstant aix\u00f2, encara hi ha inc\u00f2gnites i reptes a descobrir, i tamb\u00e9 falta definir el ventall de tipus tumorals en qu\u00e8 pot ser efectiva. Ara, l\u2019objectiu de la<strong> investigaci\u00f3<\/strong> \u00e9s <strong>trobar m\u00e9s estrat\u00e8gies<\/strong> que siguin \u00fatils per al <strong>tractament oncol\u00f2gic<\/strong> des d&#8217;aquesta perspectiva.<\/p>\n<\/div>\n<h1><span style=\"color: #008080;\"><strong>Immunologia i c\u00e0ncer<\/strong><\/span><\/h1>\n<p>En la primera sessi\u00f3 del curs, el Dr. Joan Climent, del Servei d&#8217;Immunologia de l&#8217;Hospital Germans Trias i Pujol de Badalona va explicar que la<strong> immuno-oncologia<\/strong> ha perm\u00e8s el desenvolupament de ter\u00e0pies que utilitzen<strong> diferents branques del sistema immunitari<\/strong> per lluitar contra el c\u00e0ncer, i va diferenciar la immunitat innata de la immunitat adaptativa. Tamb\u00e9 va introduir el concepte d&#8217;immunovigil\u00e0ncia del c\u00e0ncer ressaltant que els limf\u00f2cits s\u00f3n c\u00e8l\u00b7lules sentinelles encarregades de recon\u00e8ixer i eliminar de manera cont\u00ednua les c\u00e8l\u00b7lules transformades en tumorals.<\/p>\n<p>Durant la seva intervenci\u00f3, tamb\u00e9 va referir-se a l&#8217;<strong>evid\u00e8ncia cl\u00ednica<\/strong> de la <strong>capacitat de protecci\u00f3 del sistema immunitari<\/strong> enfront de la carcinog\u00e8nesi i a l&#8217;evid\u00e8ncia cl\u00ednica que, si ajudem al sistema immunitari, podem respondre millor front al c\u00e0ncer. Tamb\u00e9 va parlar de la immuno-edici\u00f3, la lluita en el <strong>microambient tumoral<\/strong>, els <strong>mecanismes d&#8217;evasi\u00f3 tumoral, els mecanismes d&#8217;evasi\u00f3 tumoral\u00a0<\/strong> i els <strong>mecanismes d&#8217;immunosupressi\u00f3<\/strong>.<\/p>\n<p>Aquest primer bloc de la formaci\u00f3 tamb\u00e9 va comptar amb la pon\u00e8ncia de <strong>Jorge Carrillo<\/strong>, de l&#8217;Institut de Recerca de la Sida-IrsiCaixa de l&#8217;Hospital Germans Trias i Pujol de Badalona.<\/p>\n<h1><span style=\"color: #008080;\"><strong>La resist\u00e8ncia terap\u00e8utica a la immunoter\u00e0pia<\/strong><\/span><\/h1>\n<p>La Dra. Anna Mart\u00ednez-Card\u00fas, del Servei d&#8217;Oncologia M\u00e8dica de l&#8217;Institut Catal\u00e0 d&#8217;Oncologia (ICO), va fer un rep\u00e0s de <strong>l&#8217;evoluci\u00f3 de la\u00a0 ter\u00e0pia en oncologia<\/strong> i tamb\u00e9 de\u00a0<strong> l&#8217;evoluci\u00f3 de la immunoncologia<\/strong>. Tamb\u00e9 va abordar les possibilitats de la immunoter\u00e0pia en tumors poc immunog\u00e8nics i de les possibilitats de potenciar l&#8217;efecte de la immunoter\u00e0pia aix\u00ed com de la influ\u00e8ncia de l&#8217;epigen\u00e8tica en la immunoter\u00e0pia. Com a reflexi\u00f3 final de la seva intervenci\u00f3, la doctora va destacar que <strong>&#8220;la immunoter\u00e0pia \u00e9s l&#8217;\u00faltima fita en el tractament m\u00e8dic del c\u00e0ncer&#8221;.<\/strong><\/p>\n<p><a href=\"https:\/\/blog.cofb.cat\/wp-content\/uploads\/2020\/12\/Immunoter\u00e0pia-2.png\"><img decoding=\"async\" class=\"aligncenter size-large wp-image-53213\" src=\"https:\/\/blog.cofb.cat\/wp-content\/uploads\/2020\/12\/Immunoter\u00e0pia-2-1024x614.png\" alt=\"\" width=\"620\" height=\"372\" \/><\/a><\/p>\n<p>En aquesta segona sessi\u00f3, d&#8217;altra banda, la investigadora Eva Mart\u00ednez-Balibrea, del Grup de Resist\u00e8ncia del Programa ProCure de l&#8217;Institut d&#8217;Investigaci\u00f3 Germans Trias i Pujol de Badalona va centrar la seva intervenci\u00f3 en la <strong>resist\u00e8ncia a la immunoter\u00e0pia<\/strong> i a preguntar-se per qu\u00e8 aquesta no funciona en tots els tipus de tumors. En aquest sentit, com a conclusions de la seva intervenci\u00f3, va destacar que els<strong> inhibidors de punts de control immunitaris<\/strong>\u00a0(ICIs, per les seves sigles en angl\u00e8s) han demostrat una elevada efic\u00e0cia en diversos tumors. Malgrat aix\u00f2, encara hi ha un elevat percentatge de pacients que no es beneficien d&#8217;aquestes ter\u00e0pies.\u00a0Els <strong>mecanismes de resist\u00e8ncia<\/strong> inclouen una alteraci\u00f3 de la generaci\u00f3 de c\u00e8l\u00b7lules T-reactives, funci\u00f3 efectora o una<strong> manca de mem\u00f2ria de les c\u00e8l\u00b7lules T<\/strong>.<\/p>\n<p>La investigadora tamb\u00e9 va ressaltar que con\u00e8ixer tots aquests aspectes milloraria les<strong> descobertes de nous biomarcadors<\/strong> i el <strong>desenvolupament de nous agents i combinacions<\/strong>.<\/p>\n<h1><span style=\"color: #008080;\"><strong>Paper de la immunoter\u00e0pia en l&#8217;oncologia actual i noves estrat\u00e8gies terrap\u00e8utiques<\/strong><\/span><\/h1>\n<p>En aquest tercer bloc, el Dr. Jos\u00e9 Luis Manzano, del Badalona Research Group in Oncology de l&#8217;Institut Catal\u00e0 d&#8217;Oncologia va exposar diversos <strong>casos d&#8217;aplicaci\u00f3<\/strong> de la Immunoter\u00e0pia en la cl\u00ednica, concretament, en el paradigma del melanoma.<\/p>\n<p>Per la seva banda, Clara Lezcano, del Servei de Farm\u00e0cia de l&#8217;Institut Catal\u00e0 d&#8217;Oncologia de l&#8217;Hospital Universitari Germans Trias i Pujol de Badalona, va referir-se a l&#8217;efic\u00e0cia cl\u00ednica i a la seguretat de la immunoter\u00e0pia, aix\u00ed com als <strong>aspectes de cost-efectivitat. <\/strong>Tamb\u00e9 va abordar la <strong>seguretat de la immunoter\u00e0pia i les toxicitats. <\/strong>Va destacar que tot i que, en la gran majoria, el perfil de toxicitat \u00e9s lleu, pot arribar a ser greu o, fins i tot, fatal. Es fa necessari un <strong>coneixement de les toxicitats<\/strong>, un <strong>diagn\u00f2stic preco\u00e7 i r\u00e0pid<\/strong> i un <strong>maneig adequat<\/strong> per <strong>evitar possibles complicacions<\/strong>. Tamb\u00e9 va apuntar que la <strong>formaci\u00f3<\/strong> i la <strong>comunicaci\u00f3<\/strong> entre pacients, cuidadors i professionals sanitaris \u00e9s fonamental per a l&#8217;\u00e8xit del maneig dels efectes adversos.<\/p>\n<p style=\"text-align: right;\"><strong>Amb el patrocini de:<\/strong><\/p>\n<p style=\"text-align: right;\"><a href=\"https:\/\/www.janssen.com\/es\" target=\"_blank\" rel=\"noopener\"><img decoding=\"async\" class=\" wp-image-53146 alignright\" src=\"https:\/\/blog.cofb.cat\/wp-content\/uploads\/2020\/12\/Janssen.png\" alt=\"\" width=\"154\" height=\"76\" \/><\/a><\/p>\n<p>&nbsp;<\/p>\n<p>&nbsp;<\/p>\n<p><strong>Altres publicacions d&#8217;inter\u00e8s:<\/strong><\/p>\n<ul>\n<li><a href=\"https:\/\/blog.cofb.cat\/ajudar-pacients-cancer-farmacia-comunitaria\/\" target=\"_blank\" rel=\"noopener\">Ajudar els pacients amb c\u00e0ncer des de la farm\u00e0cia comunit\u00e0ria (Juny 2019)<\/a><\/li>\n<li><a href=\"https:\/\/blog.cofb.cat\/farmaceutics-de-barcelona-es-formen-per-tenir-mes-eines-en-latencio-a-pacients-amb-cancer\/\" target=\"_blank\" rel=\"noopener\">Farmac\u00e8utics de Barcelona es formen per tenir m\u00e9s eines en l\u2019atenci\u00f3 a pacients amb c\u00e0ncer (Juny 2018)<\/a><\/li>\n<li><a href=\"https:\/\/blog.cofb.cat\/un-resum-sobre-la-immunoterapia-en-el-tractament-del-cancer-pel-dr-pere-gascon\/\" target=\"_blank\" rel=\"noopener\">Un resum sobre la Immunoter\u00e0pia en el tractament del c\u00e0ncer pel Dr. Pere Gasc\u00f3n (Maig 2014)<\/a><\/li>\n<\/ul>\n","protected":false},"excerpt":{"rendered":"<p>El passat mes de novembre van tenir lloc tres sessions de la formaci\u00f3 &#8220;Immunoter\u00e0pia i el paper que juga en l&#8217;oncologia personalitzada&#8221;, dirigida a farmac\u00e8utics d&#8217;hospital i farmac\u00e8utics d&#8217;Atenci\u00f3 Prim\u00e0ria. L&#8217;objectiu d&#8217;aquestes sessions era que els farmac\u00e8utics coneguessin el m\u00f3n de la immunoter\u00e0pia, a trav\u00e9s d&#8217;una visi\u00f3 general i \u00e0mplia [&hellip;]<\/p>\n","protected":false},"author":1,"featured_media":53211,"comment_status":"open","ping_status":"open","sticky":false,"template":"","format":"standard","meta":{"_uag_custom_page_level_css":"","site-sidebar-layout":"default","site-content-layout":"","ast-site-content-layout":"default","site-content-style":"default","site-sidebar-style":"default","ast-global-header-display":"","ast-banner-title-visibility":"","ast-main-header-display":"","ast-hfb-above-header-display":"","ast-hfb-below-header-display":"","ast-hfb-mobile-header-display":"","site-post-title":"","ast-breadcrumbs-content":"","ast-featured-img":"disabled","footer-sml-layout":"","theme-transparent-header-meta":"","adv-header-id-meta":"","stick-header-meta":"","header-above-stick-meta":"","header-main-stick-meta":"","header-below-stick-meta":"","astra-migrate-meta-layouts":"default","ast-page-background-enabled":"default","ast-page-background-meta":{"desktop":{"background-color":"var(--ast-global-color-4)","background-image":"","background-repeat":"repeat","background-position":"center center","background-size":"auto","background-attachment":"scroll","background-type":"","background-media":"","overlay-type":"","overlay-color":"","overlay-opacity":"","overlay-gradient":""},"tablet":{"background-color":"","background-image":"","background-repeat":"repeat","background-position":"center center","background-size":"auto","background-attachment":"scroll","background-type":"","background-media":"","overlay-type":"","overlay-color":"","overlay-opacity":"","overlay-gradient":""},"mobile":{"background-color":"","background-image":"","background-repeat":"repeat","background-position":"center center","background-size":"auto","background-attachment":"scroll","background-type":"","background-media":"","overlay-type":"","overlay-color":"","overlay-opacity":"","overlay-gradient":""}},"ast-content-background-meta":{"desktop":{"background-color":"var(--ast-global-color-5)","background-image":"","background-repeat":"repeat","background-position":"center center","background-size":"auto","background-attachment":"scroll","background-type":"","background-media":"","overlay-type":"","overlay-color":"","overlay-opacity":"","overlay-gradient":""},"tablet":{"background-color":"var(--ast-global-color-5)","background-image":"","background-repeat":"repeat","background-position":"center center","background-size":"auto","background-attachment":"scroll","background-type":"","background-media":"","overlay-type":"","overlay-color":"","overlay-opacity":"","overlay-gradient":""},"mobile":{"background-color":"var(--ast-global-color-5)","background-image":"","background-repeat":"repeat","background-position":"center center","background-size":"auto","background-attachment":"scroll","background-type":"","background-media":"","overlay-type":"","overlay-color":"","overlay-opacity":"","overlay-gradient":""}},"footnotes":""},"categories":[23,57],"tags":[723,18,19,53,68,69,70,4434,515,575,4435,76,724,4436,637,3284,4437,752,4438],"class_list":["post-53117","post","type-post","status-publish","format-standard","has-post-thumbnail","hentry","category-destacats","category-mon-collegial","tag-cancer","tag-cofb","tag-collegi-de-farmaceutics-de-barcelona","tag-farmaceutics","tag-farmacia","tag-farmacia-comunitaria","tag-formacio","tag-immunosupressio","tag-immunoterapia","tag-innovacio","tag-institut-catala-doncologia","tag-oficina-de-farmacia","tag-oncologia","tag-pacients-oncologics","tag-programa-de-formacio-continuada","tag-programa-formatiu","tag-resistencia-terpeutica","tag-terapia","tag-terapia-innovadora"],"yoast_head":"<!-- This site is optimized with the Yoast SEO plugin v22.4 - https:\/\/yoast.com\/wordpress\/plugins\/seo\/ -->\n<title>Farmac\u00e8utics d&#039;Hospital i d&#039;Atenci\u00f3 Prim\u00e0ria aprofundeixen en la immunoter\u00e0pia i el paper que juga en l&#039;oncologia personalitzada - Col\u00b7legi de Farmac\u00e8utics de Barcelona<\/title>\n<meta name=\"description\" content=\"El passat mes de novembre van tenir lloc al COFB tres sessions de la formaci\u00f3 &quot;Immunoter\u00e0pia i el paper que juga en l&#039;oncologia personalitzada&quot;, dirigida a farmac\u00e8utics d&#039;hospital i farmac\u00e8utics d&#039;Atenci\u00f3 Prim\u00e0ria.\" \/>\n<meta name=\"robots\" content=\"index, follow, max-snippet:-1, max-image-preview:large, max-video-preview:-1\" \/>\n<link rel=\"canonical\" href=\"https:\/\/novaorg.cofb.net\/2020\/12\/10\/farmaceutics-dhospital-datencio-primaria-aprofundeixen-immunoterapia-paper-que-juga-loncologia-personalitzada\/\" \/>\n<meta property=\"og:locale\" content=\"ca_ES\" \/>\n<meta property=\"og:type\" content=\"article\" \/>\n<meta property=\"og:title\" content=\"Farmac\u00e8utics d&#039;Hospital i d&#039;Atenci\u00f3 Prim\u00e0ria aprofundeixen en la immunoter\u00e0pia i el paper que juga en l&#039;oncologia personalitzada - Col\u00b7legi de Farmac\u00e8utics de Barcelona\" \/>\n<meta property=\"og:description\" content=\"El passat mes de novembre van tenir lloc al COFB tres sessions de la formaci\u00f3 &quot;Immunoter\u00e0pia i el paper que juga en l&#039;oncologia personalitzada&quot;, dirigida a farmac\u00e8utics d&#039;hospital i farmac\u00e8utics d&#039;Atenci\u00f3 Prim\u00e0ria.\" \/>\n<meta property=\"og:url\" content=\"https:\/\/novaorg.cofb.net\/2020\/12\/10\/farmaceutics-dhospital-datencio-primaria-aprofundeixen-immunoterapia-paper-que-juga-loncologia-personalitzada\/\" \/>\n<meta property=\"og:site_name\" content=\"Col\u00b7legi de Farmac\u00e8utics de Barcelona\" \/>\n<meta property=\"article:publisher\" content=\"https:\/\/www.facebook.com\/farmaceuticsbcn\/\" \/>\n<meta property=\"article:published_time\" content=\"2020-12-10T09:50:42+00:00\" \/>\n<meta name=\"author\" content=\"wpAdminCofbOrg\" \/>\n<meta name=\"twitter:card\" content=\"summary_large_image\" \/>\n<meta name=\"twitter:creator\" content=\"@farmaceuticsbcn\" \/>\n<meta name=\"twitter:site\" content=\"@farmaceuticsbcn\" \/>\n<meta name=\"twitter:label1\" content=\"Escrit per\" \/>\n\t<meta name=\"twitter:data1\" content=\"wpAdminCofbOrg\" \/>\n\t<meta name=\"twitter:label2\" content=\"Temps estimat de lectura\" \/>\n\t<meta name=\"twitter:data2\" content=\"5 minuts\" \/>\n<script type=\"application\/ld+json\" class=\"yoast-schema-graph\">{\"@context\":\"https:\/\/schema.org\",\"@graph\":[{\"@type\":\"Article\",\"@id\":\"https:\/\/novaorg.cofb.net\/2020\/12\/10\/farmaceutics-dhospital-datencio-primaria-aprofundeixen-immunoterapia-paper-que-juga-loncologia-personalitzada\/#article\",\"isPartOf\":{\"@id\":\"https:\/\/novaorg.cofb.net\/2020\/12\/10\/farmaceutics-dhospital-datencio-primaria-aprofundeixen-immunoterapia-paper-que-juga-loncologia-personalitzada\/\"},\"author\":{\"name\":\"wpAdminCofbOrg\",\"@id\":\"https:\/\/www.cofb.org\/#\/schema\/person\/22ed7eea88da74b0fa4d3154ad87ffcb\"},\"headline\":\"Farmac\u00e8utics d&#8217;Hospital i d&#8217;Atenci\u00f3 Prim\u00e0ria aprofundeixen en la immunoter\u00e0pia i el paper que juga en l&#8217;oncologia personalitzada\",\"datePublished\":\"2020-12-10T09:50:42+00:00\",\"dateModified\":\"2020-12-10T09:50:42+00:00\",\"mainEntityOfPage\":{\"@id\":\"https:\/\/novaorg.cofb.net\/2020\/12\/10\/farmaceutics-dhospital-datencio-primaria-aprofundeixen-immunoterapia-paper-que-juga-loncologia-personalitzada\/\"},\"wordCount\":986,\"commentCount\":0,\"publisher\":{\"@id\":\"https:\/\/www.cofb.org\/#organization\"},\"image\":{\"@id\":\"https:\/\/novaorg.cofb.net\/2020\/12\/10\/farmaceutics-dhospital-datencio-primaria-aprofundeixen-immunoterapia-paper-que-juga-loncologia-personalitzada\/#primaryimage\"},\"thumbnailUrl\":\"\",\"keywords\":[\"c\u00e0ncer\",\"COFB\",\"Col\u00b7legi de Farmac\u00e8utics de Barcelona\",\"farmac\u00e8utics\",\"Farm\u00e0cia\",\"farm\u00e0cia comunit\u00e0ria\",\"Formaci\u00f3\",\"immunosupressi\u00f3\",\"immunoter\u00e0pia\",\"innovaci\u00f3\",\"Institut Catal\u00e0 d'Oncologia\",\"Oficina de farm\u00e0cia\",\"oncologia\",\"pacients oncol\u00f2gics\",\"programa de formaci\u00f3 continuada\",\"programa formatiu\",\"resist\u00e8ncia terp\u00e8utica\",\"ter\u00e0pia\",\"ter\u00e0pia innovadora\"],\"articleSection\":[\"Destacats\",\"M\u00f3n col\u00b7legial\"],\"inLanguage\":\"ca\",\"potentialAction\":[{\"@type\":\"CommentAction\",\"name\":\"Comment\",\"target\":[\"https:\/\/novaorg.cofb.net\/2020\/12\/10\/farmaceutics-dhospital-datencio-primaria-aprofundeixen-immunoterapia-paper-que-juga-loncologia-personalitzada\/#respond\"]}]},{\"@type\":\"WebPage\",\"@id\":\"https:\/\/novaorg.cofb.net\/2020\/12\/10\/farmaceutics-dhospital-datencio-primaria-aprofundeixen-immunoterapia-paper-que-juga-loncologia-personalitzada\/\",\"url\":\"https:\/\/novaorg.cofb.net\/2020\/12\/10\/farmaceutics-dhospital-datencio-primaria-aprofundeixen-immunoterapia-paper-que-juga-loncologia-personalitzada\/\",\"name\":\"Farmac\u00e8utics d'Hospital i d'Atenci\u00f3 Prim\u00e0ria aprofundeixen en la immunoter\u00e0pia i el paper que juga en l'oncologia personalitzada - Col\u00b7legi de Farmac\u00e8utics de Barcelona\",\"isPartOf\":{\"@id\":\"https:\/\/www.cofb.org\/#website\"},\"primaryImageOfPage\":{\"@id\":\"https:\/\/novaorg.cofb.net\/2020\/12\/10\/farmaceutics-dhospital-datencio-primaria-aprofundeixen-immunoterapia-paper-que-juga-loncologia-personalitzada\/#primaryimage\"},\"image\":{\"@id\":\"https:\/\/novaorg.cofb.net\/2020\/12\/10\/farmaceutics-dhospital-datencio-primaria-aprofundeixen-immunoterapia-paper-que-juga-loncologia-personalitzada\/#primaryimage\"},\"thumbnailUrl\":\"\",\"datePublished\":\"2020-12-10T09:50:42+00:00\",\"dateModified\":\"2020-12-10T09:50:42+00:00\",\"description\":\"El passat mes de novembre van tenir lloc al COFB tres sessions de la formaci\u00f3 \\\"Immunoter\u00e0pia i el paper que juga en l'oncologia personalitzada\\\", dirigida a farmac\u00e8utics d'hospital i farmac\u00e8utics d'Atenci\u00f3 Prim\u00e0ria.\",\"breadcrumb\":{\"@id\":\"https:\/\/novaorg.cofb.net\/2020\/12\/10\/farmaceutics-dhospital-datencio-primaria-aprofundeixen-immunoterapia-paper-que-juga-loncologia-personalitzada\/#breadcrumb\"},\"inLanguage\":\"ca\",\"potentialAction\":[{\"@type\":\"ReadAction\",\"target\":[\"https:\/\/novaorg.cofb.net\/2020\/12\/10\/farmaceutics-dhospital-datencio-primaria-aprofundeixen-immunoterapia-paper-que-juga-loncologia-personalitzada\/\"]}]},{\"@type\":\"ImageObject\",\"inLanguage\":\"ca\",\"@id\":\"https:\/\/novaorg.cofb.net\/2020\/12\/10\/farmaceutics-dhospital-datencio-primaria-aprofundeixen-immunoterapia-paper-que-juga-loncologia-personalitzada\/#primaryimage\",\"url\":\"\",\"contentUrl\":\"\"},{\"@type\":\"BreadcrumbList\",\"@id\":\"https:\/\/novaorg.cofb.net\/2020\/12\/10\/farmaceutics-dhospital-datencio-primaria-aprofundeixen-immunoterapia-paper-que-juga-loncologia-personalitzada\/#breadcrumb\",\"itemListElement\":[{\"@type\":\"ListItem\",\"position\":1,\"name\":\"Inici\",\"item\":\"https:\/\/novaorg.cofb.net\/\"},{\"@type\":\"ListItem\",\"position\":2,\"name\":\"Farmac\u00e8utics d&#8217;Hospital i d&#8217;Atenci\u00f3 Prim\u00e0ria aprofundeixen en la immunoter\u00e0pia i el paper que juga en l&#8217;oncologia personalitzada\"}]},{\"@type\":\"WebSite\",\"@id\":\"https:\/\/www.cofb.org\/#website\",\"url\":\"https:\/\/www.cofb.org\/\",\"name\":\"Col\u00b7legi de Farmac\u00e8utics de Barcelona\",\"description\":\"\",\"publisher\":{\"@id\":\"https:\/\/www.cofb.org\/#organization\"},\"potentialAction\":[{\"@type\":\"SearchAction\",\"target\":{\"@type\":\"EntryPoint\",\"urlTemplate\":\"https:\/\/www.cofb.org\/?s={search_term_string}\"},\"query-input\":\"required name=search_term_string\"}],\"inLanguage\":\"ca\"},{\"@type\":\"Organization\",\"@id\":\"https:\/\/www.cofb.org\/#organization\",\"name\":\"Col\u00b7legi de Farmac\u00e8utics de Barcelona\",\"url\":\"https:\/\/www.cofb.org\/\",\"logo\":{\"@type\":\"ImageObject\",\"inLanguage\":\"ca\",\"@id\":\"https:\/\/www.cofb.org\/#\/schema\/logo\/image\/\",\"url\":\"https:\/\/www.cofb.org\/wp-content\/uploads\/2023\/11\/cropped-Logotip-COFB.png\",\"contentUrl\":\"https:\/\/www.cofb.org\/wp-content\/uploads\/2023\/11\/cropped-Logotip-COFB.png\",\"width\":500,\"height\":105,\"caption\":\"Col\u00b7legi de Farmac\u00e8utics de Barcelona\"},\"image\":{\"@id\":\"https:\/\/www.cofb.org\/#\/schema\/logo\/image\/\"},\"sameAs\":[\"https:\/\/www.facebook.com\/farmaceuticsbcn\/\",\"https:\/\/twitter.com\/farmaceuticsbcn\",\"https:\/\/www.instagram.com\/farmaceuticsbcn\/\",\"https:\/\/www.linkedin.com\/company\/farmaceuticsbcn\/\"]},{\"@type\":\"Person\",\"@id\":\"https:\/\/www.cofb.org\/#\/schema\/person\/22ed7eea88da74b0fa4d3154ad87ffcb\",\"name\":\"wpAdminCofbOrg\",\"image\":{\"@type\":\"ImageObject\",\"inLanguage\":\"ca\",\"@id\":\"https:\/\/www.cofb.org\/#\/schema\/person\/image\/\",\"url\":\"https:\/\/secure.gravatar.com\/avatar\/1721b20b3b8ca882c3b56ec6c978c594fff670e40c0718e9190eaeeb76aae7d8?s=96&d=mm&r=g\",\"contentUrl\":\"https:\/\/secure.gravatar.com\/avatar\/1721b20b3b8ca882c3b56ec6c978c594fff670e40c0718e9190eaeeb76aae7d8?s=96&d=mm&r=g\",\"caption\":\"wpAdminCofbOrg\"},\"sameAs\":[\"http:\/\/192.168.64.122\/wordpress\"],\"url\":\"https:\/\/www.cofb.org\/ca\/author\/wpadmincofborg\/\"}]}<\/script>\n<!-- \/ Yoast SEO plugin. -->","yoast_head_json":{"title":"Farmac\u00e8utics d'Hospital i d'Atenci\u00f3 Prim\u00e0ria aprofundeixen en la immunoter\u00e0pia i el paper que juga en l'oncologia personalitzada - Col\u00b7legi de Farmac\u00e8utics de Barcelona","description":"El passat mes de novembre van tenir lloc al COFB tres sessions de la formaci\u00f3 \"Immunoter\u00e0pia i el paper que juga en l'oncologia personalitzada\", dirigida a farmac\u00e8utics d'hospital i farmac\u00e8utics d'Atenci\u00f3 Prim\u00e0ria.","robots":{"index":"index","follow":"follow","max-snippet":"max-snippet:-1","max-image-preview":"max-image-preview:large","max-video-preview":"max-video-preview:-1"},"canonical":"https:\/\/novaorg.cofb.net\/2020\/12\/10\/farmaceutics-dhospital-datencio-primaria-aprofundeixen-immunoterapia-paper-que-juga-loncologia-personalitzada\/","og_locale":"ca_ES","og_type":"article","og_title":"Farmac\u00e8utics d'Hospital i d'Atenci\u00f3 Prim\u00e0ria aprofundeixen en la immunoter\u00e0pia i el paper que juga en l'oncologia personalitzada - Col\u00b7legi de Farmac\u00e8utics de Barcelona","og_description":"El passat mes de novembre van tenir lloc al COFB tres sessions de la formaci\u00f3 \"Immunoter\u00e0pia i el paper que juga en l'oncologia personalitzada\", dirigida a farmac\u00e8utics d'hospital i farmac\u00e8utics d'Atenci\u00f3 Prim\u00e0ria.","og_url":"https:\/\/novaorg.cofb.net\/2020\/12\/10\/farmaceutics-dhospital-datencio-primaria-aprofundeixen-immunoterapia-paper-que-juga-loncologia-personalitzada\/","og_site_name":"Col\u00b7legi de Farmac\u00e8utics de Barcelona","article_publisher":"https:\/\/www.facebook.com\/farmaceuticsbcn\/","article_published_time":"2020-12-10T09:50:42+00:00","author":"wpAdminCofbOrg","twitter_card":"summary_large_image","twitter_creator":"@farmaceuticsbcn","twitter_site":"@farmaceuticsbcn","twitter_misc":{"Escrit per":"wpAdminCofbOrg","Temps estimat de lectura":"5 minuts"},"schema":{"@context":"https:\/\/schema.org","@graph":[{"@type":"Article","@id":"https:\/\/novaorg.cofb.net\/2020\/12\/10\/farmaceutics-dhospital-datencio-primaria-aprofundeixen-immunoterapia-paper-que-juga-loncologia-personalitzada\/#article","isPartOf":{"@id":"https:\/\/novaorg.cofb.net\/2020\/12\/10\/farmaceutics-dhospital-datencio-primaria-aprofundeixen-immunoterapia-paper-que-juga-loncologia-personalitzada\/"},"author":{"name":"wpAdminCofbOrg","@id":"https:\/\/www.cofb.org\/#\/schema\/person\/22ed7eea88da74b0fa4d3154ad87ffcb"},"headline":"Farmac\u00e8utics d&#8217;Hospital i d&#8217;Atenci\u00f3 Prim\u00e0ria aprofundeixen en la immunoter\u00e0pia i el paper que juga en l&#8217;oncologia personalitzada","datePublished":"2020-12-10T09:50:42+00:00","dateModified":"2020-12-10T09:50:42+00:00","mainEntityOfPage":{"@id":"https:\/\/novaorg.cofb.net\/2020\/12\/10\/farmaceutics-dhospital-datencio-primaria-aprofundeixen-immunoterapia-paper-que-juga-loncologia-personalitzada\/"},"wordCount":986,"commentCount":0,"publisher":{"@id":"https:\/\/www.cofb.org\/#organization"},"image":{"@id":"https:\/\/novaorg.cofb.net\/2020\/12\/10\/farmaceutics-dhospital-datencio-primaria-aprofundeixen-immunoterapia-paper-que-juga-loncologia-personalitzada\/#primaryimage"},"thumbnailUrl":"","keywords":["c\u00e0ncer","COFB","Col\u00b7legi de Farmac\u00e8utics de Barcelona","farmac\u00e8utics","Farm\u00e0cia","farm\u00e0cia comunit\u00e0ria","Formaci\u00f3","immunosupressi\u00f3","immunoter\u00e0pia","innovaci\u00f3","Institut Catal\u00e0 d'Oncologia","Oficina de farm\u00e0cia","oncologia","pacients oncol\u00f2gics","programa de formaci\u00f3 continuada","programa formatiu","resist\u00e8ncia terp\u00e8utica","ter\u00e0pia","ter\u00e0pia innovadora"],"articleSection":["Destacats","M\u00f3n col\u00b7legial"],"inLanguage":"ca","potentialAction":[{"@type":"CommentAction","name":"Comment","target":["https:\/\/novaorg.cofb.net\/2020\/12\/10\/farmaceutics-dhospital-datencio-primaria-aprofundeixen-immunoterapia-paper-que-juga-loncologia-personalitzada\/#respond"]}]},{"@type":"WebPage","@id":"https:\/\/novaorg.cofb.net\/2020\/12\/10\/farmaceutics-dhospital-datencio-primaria-aprofundeixen-immunoterapia-paper-que-juga-loncologia-personalitzada\/","url":"https:\/\/novaorg.cofb.net\/2020\/12\/10\/farmaceutics-dhospital-datencio-primaria-aprofundeixen-immunoterapia-paper-que-juga-loncologia-personalitzada\/","name":"Farmac\u00e8utics d'Hospital i d'Atenci\u00f3 Prim\u00e0ria aprofundeixen en la immunoter\u00e0pia i el paper que juga en l'oncologia personalitzada - Col\u00b7legi de Farmac\u00e8utics de Barcelona","isPartOf":{"@id":"https:\/\/www.cofb.org\/#website"},"primaryImageOfPage":{"@id":"https:\/\/novaorg.cofb.net\/2020\/12\/10\/farmaceutics-dhospital-datencio-primaria-aprofundeixen-immunoterapia-paper-que-juga-loncologia-personalitzada\/#primaryimage"},"image":{"@id":"https:\/\/novaorg.cofb.net\/2020\/12\/10\/farmaceutics-dhospital-datencio-primaria-aprofundeixen-immunoterapia-paper-que-juga-loncologia-personalitzada\/#primaryimage"},"thumbnailUrl":"","datePublished":"2020-12-10T09:50:42+00:00","dateModified":"2020-12-10T09:50:42+00:00","description":"El passat mes de novembre van tenir lloc al COFB tres sessions de la formaci\u00f3 \"Immunoter\u00e0pia i el paper que juga en l'oncologia personalitzada\", dirigida a farmac\u00e8utics d'hospital i farmac\u00e8utics d'Atenci\u00f3 Prim\u00e0ria.","breadcrumb":{"@id":"https:\/\/novaorg.cofb.net\/2020\/12\/10\/farmaceutics-dhospital-datencio-primaria-aprofundeixen-immunoterapia-paper-que-juga-loncologia-personalitzada\/#breadcrumb"},"inLanguage":"ca","potentialAction":[{"@type":"ReadAction","target":["https:\/\/novaorg.cofb.net\/2020\/12\/10\/farmaceutics-dhospital-datencio-primaria-aprofundeixen-immunoterapia-paper-que-juga-loncologia-personalitzada\/"]}]},{"@type":"ImageObject","inLanguage":"ca","@id":"https:\/\/novaorg.cofb.net\/2020\/12\/10\/farmaceutics-dhospital-datencio-primaria-aprofundeixen-immunoterapia-paper-que-juga-loncologia-personalitzada\/#primaryimage","url":"","contentUrl":""},{"@type":"BreadcrumbList","@id":"https:\/\/novaorg.cofb.net\/2020\/12\/10\/farmaceutics-dhospital-datencio-primaria-aprofundeixen-immunoterapia-paper-que-juga-loncologia-personalitzada\/#breadcrumb","itemListElement":[{"@type":"ListItem","position":1,"name":"Inici","item":"https:\/\/novaorg.cofb.net\/"},{"@type":"ListItem","position":2,"name":"Farmac\u00e8utics d&#8217;Hospital i d&#8217;Atenci\u00f3 Prim\u00e0ria aprofundeixen en la immunoter\u00e0pia i el paper que juga en l&#8217;oncologia personalitzada"}]},{"@type":"WebSite","@id":"https:\/\/www.cofb.org\/#website","url":"https:\/\/www.cofb.org\/","name":"Col\u00b7legi de Farmac\u00e8utics de Barcelona","description":"","publisher":{"@id":"https:\/\/www.cofb.org\/#organization"},"potentialAction":[{"@type":"SearchAction","target":{"@type":"EntryPoint","urlTemplate":"https:\/\/www.cofb.org\/?s={search_term_string}"},"query-input":"required name=search_term_string"}],"inLanguage":"ca"},{"@type":"Organization","@id":"https:\/\/www.cofb.org\/#organization","name":"Col\u00b7legi de Farmac\u00e8utics de Barcelona","url":"https:\/\/www.cofb.org\/","logo":{"@type":"ImageObject","inLanguage":"ca","@id":"https:\/\/www.cofb.org\/#\/schema\/logo\/image\/","url":"https:\/\/www.cofb.org\/wp-content\/uploads\/2023\/11\/cropped-Logotip-COFB.png","contentUrl":"https:\/\/www.cofb.org\/wp-content\/uploads\/2023\/11\/cropped-Logotip-COFB.png","width":500,"height":105,"caption":"Col\u00b7legi de Farmac\u00e8utics de Barcelona"},"image":{"@id":"https:\/\/www.cofb.org\/#\/schema\/logo\/image\/"},"sameAs":["https:\/\/www.facebook.com\/farmaceuticsbcn\/","https:\/\/twitter.com\/farmaceuticsbcn","https:\/\/www.instagram.com\/farmaceuticsbcn\/","https:\/\/www.linkedin.com\/company\/farmaceuticsbcn\/"]},{"@type":"Person","@id":"https:\/\/www.cofb.org\/#\/schema\/person\/22ed7eea88da74b0fa4d3154ad87ffcb","name":"wpAdminCofbOrg","image":{"@type":"ImageObject","inLanguage":"ca","@id":"https:\/\/www.cofb.org\/#\/schema\/person\/image\/","url":"https:\/\/secure.gravatar.com\/avatar\/1721b20b3b8ca882c3b56ec6c978c594fff670e40c0718e9190eaeeb76aae7d8?s=96&d=mm&r=g","contentUrl":"https:\/\/secure.gravatar.com\/avatar\/1721b20b3b8ca882c3b56ec6c978c594fff670e40c0718e9190eaeeb76aae7d8?s=96&d=mm&r=g","caption":"wpAdminCofbOrg"},"sameAs":["http:\/\/192.168.64.122\/wordpress"],"url":"https:\/\/www.cofb.org\/ca\/author\/wpadmincofborg\/"}]}},"uagb_featured_image_src":{"full":false,"thumbnail":false,"medium":false,"medium_large":false,"large":false,"1536x1536":false,"2048x2048":false,"trp-custom-language-flag":false},"uagb_author_info":{"display_name":"wpAdminCofbOrg","author_link":"https:\/\/www.cofb.org\/ca\/author\/wpadmincofborg\/"},"uagb_comment_info":0,"uagb_excerpt":"El passat mes de novembre van tenir lloc tres sessions de la formaci\u00f3 &#8220;Immunoter\u00e0pia i el paper que juga en l&#8217;oncologia personalitzada&#8221;, dirigida a farmac\u00e8utics d&#8217;hospital i farmac\u00e8utics d&#8217;Atenci\u00f3 Prim\u00e0ria. L&#8217;objectiu d&#8217;aquestes sessions era que els farmac\u00e8utics coneguessin el m\u00f3n de la immunoter\u00e0pia, a trav\u00e9s d&#8217;una visi\u00f3 general i \u00e0mplia [&hellip;]","_links":{"self":[{"href":"https:\/\/www.cofb.org\/ca\/wp-json\/wp\/v2\/posts\/53117","targetHints":{"allow":["GET"]}}],"collection":[{"href":"https:\/\/www.cofb.org\/ca\/wp-json\/wp\/v2\/posts"}],"about":[{"href":"https:\/\/www.cofb.org\/ca\/wp-json\/wp\/v2\/types\/post"}],"author":[{"embeddable":true,"href":"https:\/\/www.cofb.org\/ca\/wp-json\/wp\/v2\/users\/1"}],"replies":[{"embeddable":true,"href":"https:\/\/www.cofb.org\/ca\/wp-json\/wp\/v2\/comments?post=53117"}],"version-history":[{"count":0,"href":"https:\/\/www.cofb.org\/ca\/wp-json\/wp\/v2\/posts\/53117\/revisions"}],"wp:featuredmedia":[{"embeddable":true,"href":"https:\/\/www.cofb.org\/ca\/wp-json\/"}],"wp:attachment":[{"href":"https:\/\/www.cofb.org\/ca\/wp-json\/wp\/v2\/media?parent=53117"}],"wp:term":[{"taxonomy":"category","embeddable":true,"href":"https:\/\/www.cofb.org\/ca\/wp-json\/wp\/v2\/categories?post=53117"},{"taxonomy":"post_tag","embeddable":true,"href":"https:\/\/www.cofb.org\/ca\/wp-json\/wp\/v2\/tags?post=53117"}],"curies":[{"name":"wp","href":"https:\/\/api.w.org\/{rel}","templated":true}]}}