{"id":52958,"date":"2020-12-04T13:01:53","date_gmt":"2020-12-04T11:01:53","guid":{"rendered":"https:\/\/blog.cofb.cat\/?p=52958"},"modified":"2020-12-04T13:01:53","modified_gmt":"2020-12-04T11:01:53","slug":"programa-cessacio-tabaquica-paper-dels-farmaceutics-centren-nova-tertulia-dactualitat-cofb","status":"publish","type":"post","link":"https:\/\/www.cofb.org\/ca\/2020\/12\/04\/programa-cessacio-tabaquica-paper-dels-farmaceutics-centren-nova-tertulia-dactualitat-cofb\/","title":{"rendered":"El programa de cessaci\u00f3 tab\u00e0quica i el paper dels farmac\u00e8utics centren una nova tert\u00falia d&#8217;actualitat al COFB"},"content":{"rendered":"<p>El passat <strong>19 de novembre<\/strong> va tenir lloc al Col\u00b7legi de Farmac\u00e8utics de Barcelona la <strong>tert\u00falia d&#8217;actualitat<\/strong> <strong>&#8220;Cessaci\u00f3 tab\u00e0quica: eines per millorar el servei professional farmac\u00e8utic&#8221;<\/strong>.<strong>\u00a0<\/strong>Els ponents van ser <strong>Mariam de la Poza<\/strong>, metgessa d&#8217;Atenci\u00f3 Prim\u00e0ria, referent de tabac del CAP Dr. Carles Ribes i <strong>Merc\u00e8 Sell\u00e9s<\/strong>, farmac\u00e8utica adjunta, membre del grup de treball de deshabituaci\u00f3 tab\u00e0quica del COFB i m\u00e0ster en Farm\u00e0cia Assistencial i Atenci\u00f3 Farmac\u00e8utica per la Universitat de Barcelona. El vocal d&#8217;Oficina de Farm\u00e0cia del Col\u00b7legi, <strong>Guillermo Bagar\u00eda<\/strong>, va ser l&#8217;encarregat de moderar la sessi\u00f3.<\/p>\n<figure id=\"attachment_52968\" aria-describedby=\"caption-attachment-52968\" style=\"width: 620px\" class=\"wp-caption aligncenter\"><a href=\"https:\/\/blog.cofb.cat\/wp-content\/uploads\/2020\/11\/Cessaci\u00f3-tab\u00e0quica.jpg\"><img fetchpriority=\"high\" decoding=\"async\" class=\"wp-image-52968 size-large\" title=\"En aquesta tert\u00falia d'actualitat es va aprofundir en el coneixement dels tractaments farmacol\u00f2gics finan\u00e7ats pel SNS per a la deshabituaci\u00f3 del tabac. \" src=\"https:\/\/blog.cofb.cat\/wp-content\/uploads\/2020\/11\/Cessaci\u00f3-tab\u00e0quica-1024x598.jpg\" alt=\"En aquesta tert\u00falia d'actualitat es va aprofundir en el coneixement dels tractaments farmacol\u00f2gics finan\u00e7ats pel SNS per a la deshabituaci\u00f3 del tabac. \" width=\"620\" height=\"362\" \/><\/a><figcaption id=\"caption-attachment-52968\" class=\"wp-caption-text\">En aquesta tert\u00falia d&#8217;actualitat, es va aprofundir en el coneixement dels tractaments farmacol\u00f2gics finan\u00e7ats pel SNS per a la deshabituaci\u00f3 del tabac.<\/figcaption><\/figure>\n<p>La tert\u00falia tenia com a objectius <strong>promoure la deshabituaci\u00f3 del tabac entre la poblaci\u00f3<\/strong>, aprofundir en el coneixement dels <strong>tractaments farmacol\u00f2gics finan\u00e7ats pel SNS<\/strong>, promoure el seguiment farmacoterap\u00e8utic d\u2019aquests f\u00e0rmacs -con\u00e8ixer la pauta, la dosi, les interaccions, les contraindicacions, els efectes adversos, etc.- i <strong>fomentar l\u2019adhesi\u00f3 al programa de cessaci\u00f3 tab\u00e0quica<\/strong> (PCT) per refor\u00e7ar aquest servei. A m\u00e9s, tamb\u00e9 es va aprofitar l&#8217;ocasi\u00f3 per <strong>presentar el nou m\u00f2dul de Farmaserveis de PCT i la digitalitzaci\u00f3 de la guia d\u2019intervenci\u00f3 farmac\u00e8utica<\/strong>: casos pr\u00e0ctics, emissi\u00f3 d\u2019informes, gesti\u00f3 de calendari, gesti\u00f3 empresarial del servei, etc.<\/p>\n<h1><span style=\"color: #008080;\"><strong>El Programa de Cessaci\u00f3 Tab\u00e0quica\u00a0<\/strong><\/span><\/h1>\n<p>La farmac\u00e8utica <strong>Merc\u00e8 Sell\u00e9s<\/strong> va comen\u00e7ar la seva intervenci\u00f3 fent refer\u00e8ncia al <strong>tabaquisme<\/strong>, una <strong>malaltia addictiva<\/strong>, <strong>cr\u00f2nica<\/strong>, d&#8217;<strong>inici preco\u00e7<\/strong>, <strong>alta prevalen\u00e7a<\/strong> i la <strong>primera causa de mort en els pa\u00efsos desenvolupats<\/strong>. Tamb\u00e9 va apuntar que el <strong>Programa de Cessaci\u00f3 Tab\u00e0quica<\/strong> t\u00e9 per objectiu <strong>ajudar i acompanyar en el proc\u00e9s de deixar de fumar<\/strong>, amb assessorament personalitzat i amb una Guia consensuada entre el CCFC, la CAMFIC, SOCAP, EUROPREV i el Departament de Salut de la Generalitat de Catalunya.<\/p>\n<p>Sell\u00e9s tamb\u00e9 va destacar la import\u00e0ncia de <strong>preguntar sobre l&#8217;h\u00e0bit tab\u00e0quic als pacients que demanen <\/strong>consell farmac\u00e8utic per patologia respirat\u00f2ria, pacients de risc cardiovascular, etc. I va fer refer\u00e8ncia a un seguit d&#8217;accions per tal de mantenir l&#8217;adhesi\u00f3 de l&#8217;usuari al Programa de Cessaci\u00f3 Tab\u00e0quica com les visites concertades, el control de la s\u00edndrome d&#8217;abstin\u00e8ncia, l&#8217;entrevista motivacional que contribueixi al refor\u00e7 positiu, cooximetria (mesurar els nivells de CO en aire espirat) i les visites virtuals.<\/p>\n<figure id=\"attachment_52966\" aria-describedby=\"caption-attachment-52966\" style=\"width: 620px\" class=\"wp-caption aligncenter\"><a href=\"https:\/\/blog.cofb.cat\/wp-content\/uploads\/2020\/11\/20201119_153626_edited.jpg\"><img decoding=\"async\" class=\"wp-image-52966 size-large\" title=\"D'esquerra a dreta: la Dra. Mariam de la Poza; el vocal d'Oficina de Farm\u00e0cia del COFB, Guillermo Bagar\u00eda, i la farmac\u00e8utica Merc\u00e8 Sell\u00e9s.\" src=\"https:\/\/blog.cofb.cat\/wp-content\/uploads\/2020\/11\/20201119_153626_edited-1024x575.jpg\" alt=\"D'esquerra a dreta: la Dra. Mariam de la Poza; el vocal d'Oficina de Farm\u00e0cia del COFB, Guillermo Bagar\u00eda, i la farmac\u00e8utica Merc\u00e8 Sell\u00e9s.\" width=\"620\" height=\"348\" \/><\/a><figcaption id=\"caption-attachment-52966\" class=\"wp-caption-text\">D&#8217;esquerra a dreta: la Dra. Mariam de la Poza; el vocal d&#8217;Oficina de Farm\u00e0cia del COFB, Guillermo Bagar\u00eda; i la farmac\u00e8utica Merc\u00e8 Sell\u00e9s.<\/figcaption><\/figure>\n<p>A la part final de la seva exposici\u00f3, la farmac\u00e8utica va referir-se al <strong>nou m\u00f2dul de Farmaserveis<\/strong> sobre el PCT, que proporciona <strong>eines i recursos per desenvolupar f\u00e0cilment el PCT,<\/strong> a m\u00e9s de <strong>facilitar consell antitabac<\/strong>, oferir assessorament individualitzat a fumadors, i registrar la intervenci\u00f3 del farmac\u00e8utic\/a. Pel que fa a la <strong>gesti\u00f3 de les dades<\/strong>, el nou m\u00f2dul de Farmaserveis permet, entre d&#8217;altres,\u00a0 l&#8217;obtenci\u00f3 del consentiment informat, el registre i avaluaci\u00f3 de dades a la fitxa del pacient, la revisi\u00f3 de la medicaci\u00f3 i la instauraci\u00f3 del pla terap\u00e8utic, la generaci\u00f3 de documents interconsulta amb els professionals de l&#8217;EAP\/unitats de tabac, i finalment, l&#8217;elaboraci\u00f3 d&#8217;informes pels pacients en finalitzar les intervencions i <strong>accedir a material d&#8217;educaci\u00f3 sanit\u00e0ria<\/strong> espec\u00edfic.<\/p>\n<h1><span style=\"color: #008080;\"><strong>Tractaments farmacol\u00f2gics deshabituaci\u00f3 tab\u00e0quica<\/strong><\/span><\/h1>\n<p>En relaci\u00f3 amb els <strong>tractaments farmacol\u00f2gics de deshabituaci\u00f3 tab\u00e0quica<\/strong>, la Dra. Mariam de la Poza va explicar quins s\u00f3n els <strong>f\u00e0rmacs antitabac<\/strong> finan\u00e7ats actualment.\u00a0A partir de l\u20191 de gener de 2020, s\u2019inclouen entre els f\u00e0rmacs finan\u00e7ats pel Sistema Nacional de Salut pel <strong>tractament de la deshabituaci\u00f3 tab\u00e0quica<\/strong> els medicaments Champix, amb el principi actiu vareniclina i Zyntabac, amb el principi actiu bupropi\u00f3. La metgessa va exposar que aquest finan\u00e7ament t\u00e9 un <strong>alt valor terap\u00e8utic<\/strong> i social, un <strong>important benefici cl\u00ednic<\/strong> i una <strong>correcta relaci\u00f3 cost-efectivitat<\/strong>.<\/p>\n<div class=\"box info\"><\/p>\n<p>El fet que el SNS hagi decidit <strong>finan\u00e7ar alguns tractaments farmacol\u00f2gics<\/strong> per a la deshabituaci\u00f3 del tabac, far\u00e0 que augmentin els casos d\u2019<strong>atenci\u00f3 farmac\u00e8utica<\/strong> en aquest sentit. El farmac\u00e8utic t\u00e9 la possibilitat d\u2019<strong>incorporar les eines per facilitar la gesti\u00f3 del Programa de cessaci\u00f3 tab\u00e0quica (PCT)<\/strong> a la farm\u00e0cia comunit\u00e0ria.<\/p>\n<p><\/div>\n<p>Aix\u00ed mateix, la doctora va exposar les condicions de finan\u00e7ament del Champix (un tractament per persona i any, que el pacient estigui incl\u00f2s en un programa de suport de deshabituaci\u00f3 tab\u00e0quica implementat en les Comunitats Aut\u00f2nomes i que el pacient tingui motivaci\u00f3 expressa per deixar de fumar). La doctora tamb\u00e9 va recordar que la prescripci\u00f3 de Champix queda restringida als metges professionals d&#8217;un <strong>programa de deshabituaci\u00f3 tab\u00e0quica<\/strong>, el m\u00e0xim del tractament s\u00f3n 12 setmanes i cada prescripci\u00f3 val per un env\u00e0s (un mes de tractament), per avaluar l&#8217;efectivitat del tractament abans de prescriure el seg\u00fcent env\u00e0s.<\/p>\n<h2><span style=\"color: #008080;\"><strong>El paper dels farmac\u00e8utics<\/strong><\/span><\/h2>\n<p>A l&#8217;\u00faltima part de la seva intervenci\u00f3, la doctora va destacar el <strong>paper<\/strong> que els farmac\u00e8utics poden dur a terme a l&#8217;hora d&#8217;<strong>ajudar els pacients a deixar de fumar<\/strong>, en el marc d&#8217;un <strong>abordatge multidisciplinari<\/strong>. Aquests professionals poden realitzar <strong>tasques assistencials<\/strong> en l&#8217;\u00e0mbit informatiu, <strong>educaci\u00f3 sanit\u00e0ria<\/strong> als pacients, identificar les persones susceptibles per entrar en aquest programa i fer un seguiment dels pacients en la deshabituaci\u00f3 tab\u00e0quica. A m\u00e9s, els farmac\u00e8utics tamb\u00e9 poden <strong>reduir les derivacions als metges d&#8217;Atenci\u00f3 Prim\u00e0ria<\/strong> i fer el <strong>seguiment farmacoterap\u00e8utic vigilant<\/strong> (adher\u00e8ncia, seguretat i efectivitat del tractament, seguint a la persona durant el seu proc\u00e9s).<\/p>\n<h1><span style=\"color: #008080;\"><strong>Valoraci\u00f3 de Guillermo Bagar\u00eda, vocal d&#8217;Oficina de Farm\u00e0cia del COFB<\/strong><\/span><\/h1>\n<p><strong>Guillermo Bagar\u00eda<\/strong>, vocal d&#8217;Oficina de Farm\u00e0cia i responsable d&#8217;Atenci\u00f3 Farmac\u00e8utica del COFB, va fer una valoraci\u00f3 molt positiva de la jornada. &#8220;La confer\u00e8ncia va ser molt interessant, ja que dues professionals de l\u2019\u00e0mbit comunitari ens van mostrar <strong>les potencialitats de treballar de forma col\u00b7laborativa<\/strong>&#8220;. Des del seu punt de vista, &#8220;Merc\u00e8 Sell\u00e9s, farmac\u00e8utica comunit\u00e0ria, i la Dra. Mariam de la Poza, van escenificar un clar <strong>exemple de beneficis de la gesti\u00f3 compartida del pacient ambulatori<\/strong> en un moment dif\u00edcil pel sistema sanitari com l\u2019actual&#8221;.<\/p>\n<p>Finalment, segons Bagar\u00eda, &#8220;l\u2019exist\u00e8ncia d\u2019una <strong>guia d\u2019intervenci\u00f3 farmac\u00e8utica<\/strong> consensuada, la <strong>formaci\u00f3 comuna<\/strong> entre farmac\u00e8utics i equips d\u2019atenci\u00f3 prim\u00e0ria i la <strong>digitalitzaci\u00f3 del servei<\/strong> mitjan\u00e7ant la plataforma de registre professional de Catalunya, FarmaServeis, van ser la resta de factors positius per considerar la <strong>instauraci\u00f3 del programa de cessaci\u00f3 tab\u00e0quica<\/strong> a la farm\u00e0cia\u201d.<\/p>\n<p style=\"text-align: right;\"><strong>Amb el patrocini de:<\/strong><\/p>\n<p style=\"text-align: right;\"><a href=\"https:\/\/www.pfizer.es\/\" target=\"_blank\" rel=\"noopener\"><img decoding=\"async\" class=\"wp-image-52962 alignright\" src=\"https:\/\/blog.cofb.cat\/wp-content\/uploads\/2020\/11\/Pfizer.jpeg\" alt=\"\" width=\"120\" height=\"63\" \/><\/a><\/p>\n<p>&nbsp;<\/p>\n<p><strong>Altres publicacions d&#8217;inter\u00e8s:<\/strong><\/p>\n<ul>\n<li><a href=\"https:\/\/blog.cofb.cat\/coneixent-limpacte-addiccions-dels-nous-dispositius-fumar\/\" target=\"_blank\" rel=\"noopener\">Coneixent l\u2019impacte en les addiccions dels nous dispositius per fumar (Juny 2019)<\/a><\/li>\n<li><a href=\"https:\/\/blog.cofb.cat\/nova-formacio-presencial-del-programa-de-cessacio-tabaquica\/\" target=\"_blank\" rel=\"noopener\">Nova formaci\u00f3 presencial del Programa de Cessaci\u00f3 Tab\u00e0quica (Octubre 2017)<\/a><\/li>\n<\/ul>\n","protected":false},"excerpt":{"rendered":"<p>El passat 19 de novembre va tenir lloc al Col\u00b7legi de Farmac\u00e8utics de Barcelona la tert\u00falia d&#8217;actualitat &#8220;Cessaci\u00f3 tab\u00e0quica: eines per millorar el servei professional farmac\u00e8utic&#8221;.\u00a0Els ponents van ser Mariam de la Poza, metgessa d&#8217;Atenci\u00f3 Prim\u00e0ria, referent de tabac del CAP Dr. Carles Ribes i Merc\u00e8 Sell\u00e9s, farmac\u00e8utica adjunta, membre [&hellip;]<\/p>\n","protected":false},"author":1,"featured_media":52965,"comment_status":"open","ping_status":"open","sticky":false,"template":"","format":"standard","meta":{"_uag_custom_page_level_css":"","site-sidebar-layout":"default","site-content-layout":"","ast-site-content-layout":"default","site-content-style":"default","site-sidebar-style":"default","ast-global-header-display":"","ast-banner-title-visibility":"","ast-main-header-display":"","ast-hfb-above-header-display":"","ast-hfb-below-header-display":"","ast-hfb-mobile-header-display":"","site-post-title":"","ast-breadcrumbs-content":"","ast-featured-img":"disabled","footer-sml-layout":"","theme-transparent-header-meta":"","adv-header-id-meta":"","stick-header-meta":"","header-above-stick-meta":"","header-main-stick-meta":"","header-below-stick-meta":"","astra-migrate-meta-layouts":"default","ast-page-background-enabled":"default","ast-page-background-meta":{"desktop":{"background-color":"var(--ast-global-color-4)","background-image":"","background-repeat":"repeat","background-position":"center center","background-size":"auto","background-attachment":"scroll","background-type":"","background-media":"","overlay-type":"","overlay-color":"","overlay-opacity":"","overlay-gradient":""},"tablet":{"background-color":"","background-image":"","background-repeat":"repeat","background-position":"center center","background-size":"auto","background-attachment":"scroll","background-type":"","background-media":"","overlay-type":"","overlay-color":"","overlay-opacity":"","overlay-gradient":""},"mobile":{"background-color":"","background-image":"","background-repeat":"repeat","background-position":"center center","background-size":"auto","background-attachment":"scroll","background-type":"","background-media":"","overlay-type":"","overlay-color":"","overlay-opacity":"","overlay-gradient":""}},"ast-content-background-meta":{"desktop":{"background-color":"var(--ast-global-color-5)","background-image":"","background-repeat":"repeat","background-position":"center center","background-size":"auto","background-attachment":"scroll","background-type":"","background-media":"","overlay-type":"","overlay-color":"","overlay-opacity":"","overlay-gradient":""},"tablet":{"background-color":"var(--ast-global-color-5)","background-image":"","background-repeat":"repeat","background-position":"center center","background-size":"auto","background-attachment":"scroll","background-type":"","background-media":"","overlay-type":"","overlay-color":"","overlay-opacity":"","overlay-gradient":""},"mobile":{"background-color":"var(--ast-global-color-5)","background-image":"","background-repeat":"repeat","background-position":"center center","background-size":"auto","background-attachment":"scroll","background-type":"","background-media":"","overlay-type":"","overlay-color":"","overlay-opacity":"","overlay-gradient":""}},"footnotes":""},"categories":[23,57],"tags":[938,3852,2404,2896,53,68,69,76,2777,136,118,137],"class_list":["post-52958","post","type-post","status-publish","format-standard","has-post-thumbnail","hentry","category-destacats","category-mon-collegial","tag-atencio-primaria","tag-cessacio-tabaquica","tag-deixar-de-fumar","tag-deshabituacio-tabaquica","tag-farmaceutics","tag-farmacia","tag-farmacia-comunitaria","tag-oficina-de-farmacia","tag-pct","tag-programa-de-cessacio-tabaquica","tag-serveis-professionals","tag-tabac"],"yoast_head":"<!-- This site is optimized with the Yoast SEO plugin v22.4 - https:\/\/yoast.com\/wordpress\/plugins\/seo\/ -->\n<title>El programa de cessaci\u00f3 tab\u00e0quica i el paper dels farmac\u00e8utics centren una nova tert\u00falia d&#039;actualitat al COFB - Col\u00b7legi de Farmac\u00e8utics de Barcelona<\/title>\n<meta name=\"description\" content=\"El passat 19 de novembre va tenir lloc al COFB la tert\u00falia d&#039;actualitat &quot;Cessaci\u00f3 tab\u00e0quica: eines per millorar el servei professional farmac\u00e8utic&quot;.\u00a0Els ponents van ser la Dra. Mariam de la Poza i la farmac\u00e8utica Merc\u00e8 Sell\u00e9s.\" \/>\n<meta name=\"robots\" content=\"index, follow, max-snippet:-1, max-image-preview:large, max-video-preview:-1\" \/>\n<link rel=\"canonical\" href=\"https:\/\/novaorg.cofb.net\/2020\/12\/04\/programa-cessacio-tabaquica-paper-dels-farmaceutics-centren-nova-tertulia-dactualitat-cofb\/\" \/>\n<meta property=\"og:locale\" content=\"ca_ES\" \/>\n<meta property=\"og:type\" content=\"article\" \/>\n<meta property=\"og:title\" content=\"El programa de cessaci\u00f3 tab\u00e0quica i el paper dels farmac\u00e8utics centren una nova tert\u00falia d&#039;actualitat al COFB - Col\u00b7legi de Farmac\u00e8utics de Barcelona\" \/>\n<meta property=\"og:description\" content=\"El passat 19 de novembre va tenir lloc al COFB la tert\u00falia d&#039;actualitat &quot;Cessaci\u00f3 tab\u00e0quica: eines per millorar el servei professional farmac\u00e8utic&quot;.\u00a0Els ponents van ser la Dra. Mariam de la Poza i la farmac\u00e8utica Merc\u00e8 Sell\u00e9s.\" \/>\n<meta property=\"og:url\" content=\"https:\/\/novaorg.cofb.net\/2020\/12\/04\/programa-cessacio-tabaquica-paper-dels-farmaceutics-centren-nova-tertulia-dactualitat-cofb\/\" \/>\n<meta property=\"og:site_name\" content=\"Col\u00b7legi de Farmac\u00e8utics de Barcelona\" \/>\n<meta property=\"article:publisher\" content=\"https:\/\/www.facebook.com\/farmaceuticsbcn\/\" \/>\n<meta property=\"article:published_time\" content=\"2020-12-04T11:01:53+00:00\" \/>\n<meta name=\"author\" content=\"wpAdminCofbOrg\" \/>\n<meta name=\"twitter:card\" content=\"summary_large_image\" \/>\n<meta name=\"twitter:creator\" content=\"@farmaceuticsbcn\" \/>\n<meta name=\"twitter:site\" content=\"@farmaceuticsbcn\" \/>\n<meta name=\"twitter:label1\" content=\"Escrit per\" \/>\n\t<meta name=\"twitter:data1\" content=\"wpAdminCofbOrg\" \/>\n\t<meta name=\"twitter:label2\" content=\"Temps estimat de lectura\" \/>\n\t<meta name=\"twitter:data2\" content=\"6 minuts\" \/>\n<script type=\"application\/ld+json\" class=\"yoast-schema-graph\">{\"@context\":\"https:\/\/schema.org\",\"@graph\":[{\"@type\":\"Article\",\"@id\":\"https:\/\/novaorg.cofb.net\/2020\/12\/04\/programa-cessacio-tabaquica-paper-dels-farmaceutics-centren-nova-tertulia-dactualitat-cofb\/#article\",\"isPartOf\":{\"@id\":\"https:\/\/novaorg.cofb.net\/2020\/12\/04\/programa-cessacio-tabaquica-paper-dels-farmaceutics-centren-nova-tertulia-dactualitat-cofb\/\"},\"author\":{\"name\":\"wpAdminCofbOrg\",\"@id\":\"https:\/\/www.cofb.org\/#\/schema\/person\/22ed7eea88da74b0fa4d3154ad87ffcb\"},\"headline\":\"El programa de cessaci\u00f3 tab\u00e0quica i el paper dels farmac\u00e8utics centren una nova tert\u00falia d&#8217;actualitat al COFB\",\"datePublished\":\"2020-12-04T11:01:53+00:00\",\"dateModified\":\"2020-12-04T11:01:53+00:00\",\"mainEntityOfPage\":{\"@id\":\"https:\/\/novaorg.cofb.net\/2020\/12\/04\/programa-cessacio-tabaquica-paper-dels-farmaceutics-centren-nova-tertulia-dactualitat-cofb\/\"},\"wordCount\":1225,\"commentCount\":0,\"publisher\":{\"@id\":\"https:\/\/www.cofb.org\/#organization\"},\"image\":{\"@id\":\"https:\/\/novaorg.cofb.net\/2020\/12\/04\/programa-cessacio-tabaquica-paper-dels-farmaceutics-centren-nova-tertulia-dactualitat-cofb\/#primaryimage\"},\"thumbnailUrl\":\"\",\"keywords\":[\"Atenci\u00f3 prim\u00e0ria\",\"cessaci\u00f3 tab\u00e0quica\",\"deixar de fumar\",\"deshabituaci\u00f3 tab\u00e0quica\",\"farmac\u00e8utics\",\"Farm\u00e0cia\",\"farm\u00e0cia comunit\u00e0ria\",\"Oficina de farm\u00e0cia\",\"PCT\",\"Programa de cessaci\u00f3 tab\u00e0quica\",\"Serveis professionals\",\"tabac\"],\"articleSection\":[\"Destacats\",\"M\u00f3n col\u00b7legial\"],\"inLanguage\":\"ca\",\"potentialAction\":[{\"@type\":\"CommentAction\",\"name\":\"Comment\",\"target\":[\"https:\/\/novaorg.cofb.net\/2020\/12\/04\/programa-cessacio-tabaquica-paper-dels-farmaceutics-centren-nova-tertulia-dactualitat-cofb\/#respond\"]}]},{\"@type\":\"WebPage\",\"@id\":\"https:\/\/novaorg.cofb.net\/2020\/12\/04\/programa-cessacio-tabaquica-paper-dels-farmaceutics-centren-nova-tertulia-dactualitat-cofb\/\",\"url\":\"https:\/\/novaorg.cofb.net\/2020\/12\/04\/programa-cessacio-tabaquica-paper-dels-farmaceutics-centren-nova-tertulia-dactualitat-cofb\/\",\"name\":\"El programa de cessaci\u00f3 tab\u00e0quica i el paper dels farmac\u00e8utics centren una nova tert\u00falia d'actualitat al COFB - Col\u00b7legi de Farmac\u00e8utics de Barcelona\",\"isPartOf\":{\"@id\":\"https:\/\/www.cofb.org\/#website\"},\"primaryImageOfPage\":{\"@id\":\"https:\/\/novaorg.cofb.net\/2020\/12\/04\/programa-cessacio-tabaquica-paper-dels-farmaceutics-centren-nova-tertulia-dactualitat-cofb\/#primaryimage\"},\"image\":{\"@id\":\"https:\/\/novaorg.cofb.net\/2020\/12\/04\/programa-cessacio-tabaquica-paper-dels-farmaceutics-centren-nova-tertulia-dactualitat-cofb\/#primaryimage\"},\"thumbnailUrl\":\"\",\"datePublished\":\"2020-12-04T11:01:53+00:00\",\"dateModified\":\"2020-12-04T11:01:53+00:00\",\"description\":\"El passat 19 de novembre va tenir lloc al COFB la tert\u00falia d'actualitat \\\"Cessaci\u00f3 tab\u00e0quica: eines per millorar el servei professional farmac\u00e8utic\\\".\u00a0Els ponents van ser la Dra. Mariam de la Poza i la farmac\u00e8utica Merc\u00e8 Sell\u00e9s.\",\"breadcrumb\":{\"@id\":\"https:\/\/novaorg.cofb.net\/2020\/12\/04\/programa-cessacio-tabaquica-paper-dels-farmaceutics-centren-nova-tertulia-dactualitat-cofb\/#breadcrumb\"},\"inLanguage\":\"ca\",\"potentialAction\":[{\"@type\":\"ReadAction\",\"target\":[\"https:\/\/novaorg.cofb.net\/2020\/12\/04\/programa-cessacio-tabaquica-paper-dels-farmaceutics-centren-nova-tertulia-dactualitat-cofb\/\"]}]},{\"@type\":\"ImageObject\",\"inLanguage\":\"ca\",\"@id\":\"https:\/\/novaorg.cofb.net\/2020\/12\/04\/programa-cessacio-tabaquica-paper-dels-farmaceutics-centren-nova-tertulia-dactualitat-cofb\/#primaryimage\",\"url\":\"\",\"contentUrl\":\"\"},{\"@type\":\"BreadcrumbList\",\"@id\":\"https:\/\/novaorg.cofb.net\/2020\/12\/04\/programa-cessacio-tabaquica-paper-dels-farmaceutics-centren-nova-tertulia-dactualitat-cofb\/#breadcrumb\",\"itemListElement\":[{\"@type\":\"ListItem\",\"position\":1,\"name\":\"Inici\",\"item\":\"https:\/\/novaorg.cofb.net\/\"},{\"@type\":\"ListItem\",\"position\":2,\"name\":\"El programa de cessaci\u00f3 tab\u00e0quica i el paper dels farmac\u00e8utics centren una nova tert\u00falia d&#8217;actualitat al COFB\"}]},{\"@type\":\"WebSite\",\"@id\":\"https:\/\/www.cofb.org\/#website\",\"url\":\"https:\/\/www.cofb.org\/\",\"name\":\"Col\u00b7legi de Farmac\u00e8utics de Barcelona\",\"description\":\"\",\"publisher\":{\"@id\":\"https:\/\/www.cofb.org\/#organization\"},\"potentialAction\":[{\"@type\":\"SearchAction\",\"target\":{\"@type\":\"EntryPoint\",\"urlTemplate\":\"https:\/\/www.cofb.org\/?s={search_term_string}\"},\"query-input\":\"required name=search_term_string\"}],\"inLanguage\":\"ca\"},{\"@type\":\"Organization\",\"@id\":\"https:\/\/www.cofb.org\/#organization\",\"name\":\"Col\u00b7legi de Farmac\u00e8utics de Barcelona\",\"url\":\"https:\/\/www.cofb.org\/\",\"logo\":{\"@type\":\"ImageObject\",\"inLanguage\":\"ca\",\"@id\":\"https:\/\/www.cofb.org\/#\/schema\/logo\/image\/\",\"url\":\"https:\/\/www.cofb.org\/wp-content\/uploads\/2023\/11\/cropped-Logotip-COFB.png\",\"contentUrl\":\"https:\/\/www.cofb.org\/wp-content\/uploads\/2023\/11\/cropped-Logotip-COFB.png\",\"width\":500,\"height\":105,\"caption\":\"Col\u00b7legi de Farmac\u00e8utics de Barcelona\"},\"image\":{\"@id\":\"https:\/\/www.cofb.org\/#\/schema\/logo\/image\/\"},\"sameAs\":[\"https:\/\/www.facebook.com\/farmaceuticsbcn\/\",\"https:\/\/twitter.com\/farmaceuticsbcn\",\"https:\/\/www.instagram.com\/farmaceuticsbcn\/\",\"https:\/\/www.linkedin.com\/company\/farmaceuticsbcn\/\"]},{\"@type\":\"Person\",\"@id\":\"https:\/\/www.cofb.org\/#\/schema\/person\/22ed7eea88da74b0fa4d3154ad87ffcb\",\"name\":\"wpAdminCofbOrg\",\"image\":{\"@type\":\"ImageObject\",\"inLanguage\":\"ca\",\"@id\":\"https:\/\/www.cofb.org\/#\/schema\/person\/image\/\",\"url\":\"https:\/\/secure.gravatar.com\/avatar\/1721b20b3b8ca882c3b56ec6c978c594fff670e40c0718e9190eaeeb76aae7d8?s=96&d=mm&r=g\",\"contentUrl\":\"https:\/\/secure.gravatar.com\/avatar\/1721b20b3b8ca882c3b56ec6c978c594fff670e40c0718e9190eaeeb76aae7d8?s=96&d=mm&r=g\",\"caption\":\"wpAdminCofbOrg\"},\"sameAs\":[\"http:\/\/192.168.64.122\/wordpress\"],\"url\":\"https:\/\/www.cofb.org\/ca\/author\/wpadmincofborg\/\"}]}<\/script>\n<!-- \/ Yoast SEO plugin. -->","yoast_head_json":{"title":"El programa de cessaci\u00f3 tab\u00e0quica i el paper dels farmac\u00e8utics centren una nova tert\u00falia d'actualitat al COFB - Col\u00b7legi de Farmac\u00e8utics de Barcelona","description":"El passat 19 de novembre va tenir lloc al COFB la tert\u00falia d'actualitat \"Cessaci\u00f3 tab\u00e0quica: eines per millorar el servei professional farmac\u00e8utic\".\u00a0Els ponents van ser la Dra. Mariam de la Poza i la farmac\u00e8utica Merc\u00e8 Sell\u00e9s.","robots":{"index":"index","follow":"follow","max-snippet":"max-snippet:-1","max-image-preview":"max-image-preview:large","max-video-preview":"max-video-preview:-1"},"canonical":"https:\/\/novaorg.cofb.net\/2020\/12\/04\/programa-cessacio-tabaquica-paper-dels-farmaceutics-centren-nova-tertulia-dactualitat-cofb\/","og_locale":"ca_ES","og_type":"article","og_title":"El programa de cessaci\u00f3 tab\u00e0quica i el paper dels farmac\u00e8utics centren una nova tert\u00falia d'actualitat al COFB - Col\u00b7legi de Farmac\u00e8utics de Barcelona","og_description":"El passat 19 de novembre va tenir lloc al COFB la tert\u00falia d'actualitat \"Cessaci\u00f3 tab\u00e0quica: eines per millorar el servei professional farmac\u00e8utic\".\u00a0Els ponents van ser la Dra. Mariam de la Poza i la farmac\u00e8utica Merc\u00e8 Sell\u00e9s.","og_url":"https:\/\/novaorg.cofb.net\/2020\/12\/04\/programa-cessacio-tabaquica-paper-dels-farmaceutics-centren-nova-tertulia-dactualitat-cofb\/","og_site_name":"Col\u00b7legi de Farmac\u00e8utics de Barcelona","article_publisher":"https:\/\/www.facebook.com\/farmaceuticsbcn\/","article_published_time":"2020-12-04T11:01:53+00:00","author":"wpAdminCofbOrg","twitter_card":"summary_large_image","twitter_creator":"@farmaceuticsbcn","twitter_site":"@farmaceuticsbcn","twitter_misc":{"Escrit per":"wpAdminCofbOrg","Temps estimat de lectura":"6 minuts"},"schema":{"@context":"https:\/\/schema.org","@graph":[{"@type":"Article","@id":"https:\/\/novaorg.cofb.net\/2020\/12\/04\/programa-cessacio-tabaquica-paper-dels-farmaceutics-centren-nova-tertulia-dactualitat-cofb\/#article","isPartOf":{"@id":"https:\/\/novaorg.cofb.net\/2020\/12\/04\/programa-cessacio-tabaquica-paper-dels-farmaceutics-centren-nova-tertulia-dactualitat-cofb\/"},"author":{"name":"wpAdminCofbOrg","@id":"https:\/\/www.cofb.org\/#\/schema\/person\/22ed7eea88da74b0fa4d3154ad87ffcb"},"headline":"El programa de cessaci\u00f3 tab\u00e0quica i el paper dels farmac\u00e8utics centren una nova tert\u00falia d&#8217;actualitat al COFB","datePublished":"2020-12-04T11:01:53+00:00","dateModified":"2020-12-04T11:01:53+00:00","mainEntityOfPage":{"@id":"https:\/\/novaorg.cofb.net\/2020\/12\/04\/programa-cessacio-tabaquica-paper-dels-farmaceutics-centren-nova-tertulia-dactualitat-cofb\/"},"wordCount":1225,"commentCount":0,"publisher":{"@id":"https:\/\/www.cofb.org\/#organization"},"image":{"@id":"https:\/\/novaorg.cofb.net\/2020\/12\/04\/programa-cessacio-tabaquica-paper-dels-farmaceutics-centren-nova-tertulia-dactualitat-cofb\/#primaryimage"},"thumbnailUrl":"","keywords":["Atenci\u00f3 prim\u00e0ria","cessaci\u00f3 tab\u00e0quica","deixar de fumar","deshabituaci\u00f3 tab\u00e0quica","farmac\u00e8utics","Farm\u00e0cia","farm\u00e0cia comunit\u00e0ria","Oficina de farm\u00e0cia","PCT","Programa de cessaci\u00f3 tab\u00e0quica","Serveis professionals","tabac"],"articleSection":["Destacats","M\u00f3n col\u00b7legial"],"inLanguage":"ca","potentialAction":[{"@type":"CommentAction","name":"Comment","target":["https:\/\/novaorg.cofb.net\/2020\/12\/04\/programa-cessacio-tabaquica-paper-dels-farmaceutics-centren-nova-tertulia-dactualitat-cofb\/#respond"]}]},{"@type":"WebPage","@id":"https:\/\/novaorg.cofb.net\/2020\/12\/04\/programa-cessacio-tabaquica-paper-dels-farmaceutics-centren-nova-tertulia-dactualitat-cofb\/","url":"https:\/\/novaorg.cofb.net\/2020\/12\/04\/programa-cessacio-tabaquica-paper-dels-farmaceutics-centren-nova-tertulia-dactualitat-cofb\/","name":"El programa de cessaci\u00f3 tab\u00e0quica i el paper dels farmac\u00e8utics centren una nova tert\u00falia d'actualitat al COFB - Col\u00b7legi de Farmac\u00e8utics de Barcelona","isPartOf":{"@id":"https:\/\/www.cofb.org\/#website"},"primaryImageOfPage":{"@id":"https:\/\/novaorg.cofb.net\/2020\/12\/04\/programa-cessacio-tabaquica-paper-dels-farmaceutics-centren-nova-tertulia-dactualitat-cofb\/#primaryimage"},"image":{"@id":"https:\/\/novaorg.cofb.net\/2020\/12\/04\/programa-cessacio-tabaquica-paper-dels-farmaceutics-centren-nova-tertulia-dactualitat-cofb\/#primaryimage"},"thumbnailUrl":"","datePublished":"2020-12-04T11:01:53+00:00","dateModified":"2020-12-04T11:01:53+00:00","description":"El passat 19 de novembre va tenir lloc al COFB la tert\u00falia d'actualitat \"Cessaci\u00f3 tab\u00e0quica: eines per millorar el servei professional farmac\u00e8utic\".\u00a0Els ponents van ser la Dra. Mariam de la Poza i la farmac\u00e8utica Merc\u00e8 Sell\u00e9s.","breadcrumb":{"@id":"https:\/\/novaorg.cofb.net\/2020\/12\/04\/programa-cessacio-tabaquica-paper-dels-farmaceutics-centren-nova-tertulia-dactualitat-cofb\/#breadcrumb"},"inLanguage":"ca","potentialAction":[{"@type":"ReadAction","target":["https:\/\/novaorg.cofb.net\/2020\/12\/04\/programa-cessacio-tabaquica-paper-dels-farmaceutics-centren-nova-tertulia-dactualitat-cofb\/"]}]},{"@type":"ImageObject","inLanguage":"ca","@id":"https:\/\/novaorg.cofb.net\/2020\/12\/04\/programa-cessacio-tabaquica-paper-dels-farmaceutics-centren-nova-tertulia-dactualitat-cofb\/#primaryimage","url":"","contentUrl":""},{"@type":"BreadcrumbList","@id":"https:\/\/novaorg.cofb.net\/2020\/12\/04\/programa-cessacio-tabaquica-paper-dels-farmaceutics-centren-nova-tertulia-dactualitat-cofb\/#breadcrumb","itemListElement":[{"@type":"ListItem","position":1,"name":"Inici","item":"https:\/\/novaorg.cofb.net\/"},{"@type":"ListItem","position":2,"name":"El programa de cessaci\u00f3 tab\u00e0quica i el paper dels farmac\u00e8utics centren una nova tert\u00falia d&#8217;actualitat al COFB"}]},{"@type":"WebSite","@id":"https:\/\/www.cofb.org\/#website","url":"https:\/\/www.cofb.org\/","name":"Col\u00b7legi de Farmac\u00e8utics de Barcelona","description":"","publisher":{"@id":"https:\/\/www.cofb.org\/#organization"},"potentialAction":[{"@type":"SearchAction","target":{"@type":"EntryPoint","urlTemplate":"https:\/\/www.cofb.org\/?s={search_term_string}"},"query-input":"required name=search_term_string"}],"inLanguage":"ca"},{"@type":"Organization","@id":"https:\/\/www.cofb.org\/#organization","name":"Col\u00b7legi de Farmac\u00e8utics de Barcelona","url":"https:\/\/www.cofb.org\/","logo":{"@type":"ImageObject","inLanguage":"ca","@id":"https:\/\/www.cofb.org\/#\/schema\/logo\/image\/","url":"https:\/\/www.cofb.org\/wp-content\/uploads\/2023\/11\/cropped-Logotip-COFB.png","contentUrl":"https:\/\/www.cofb.org\/wp-content\/uploads\/2023\/11\/cropped-Logotip-COFB.png","width":500,"height":105,"caption":"Col\u00b7legi de Farmac\u00e8utics de Barcelona"},"image":{"@id":"https:\/\/www.cofb.org\/#\/schema\/logo\/image\/"},"sameAs":["https:\/\/www.facebook.com\/farmaceuticsbcn\/","https:\/\/twitter.com\/farmaceuticsbcn","https:\/\/www.instagram.com\/farmaceuticsbcn\/","https:\/\/www.linkedin.com\/company\/farmaceuticsbcn\/"]},{"@type":"Person","@id":"https:\/\/www.cofb.org\/#\/schema\/person\/22ed7eea88da74b0fa4d3154ad87ffcb","name":"wpAdminCofbOrg","image":{"@type":"ImageObject","inLanguage":"ca","@id":"https:\/\/www.cofb.org\/#\/schema\/person\/image\/","url":"https:\/\/secure.gravatar.com\/avatar\/1721b20b3b8ca882c3b56ec6c978c594fff670e40c0718e9190eaeeb76aae7d8?s=96&d=mm&r=g","contentUrl":"https:\/\/secure.gravatar.com\/avatar\/1721b20b3b8ca882c3b56ec6c978c594fff670e40c0718e9190eaeeb76aae7d8?s=96&d=mm&r=g","caption":"wpAdminCofbOrg"},"sameAs":["http:\/\/192.168.64.122\/wordpress"],"url":"https:\/\/www.cofb.org\/ca\/author\/wpadmincofborg\/"}]}},"uagb_featured_image_src":{"full":false,"thumbnail":false,"medium":false,"medium_large":false,"large":false,"1536x1536":false,"2048x2048":false,"trp-custom-language-flag":false},"uagb_author_info":{"display_name":"wpAdminCofbOrg","author_link":"https:\/\/www.cofb.org\/ca\/author\/wpadmincofborg\/"},"uagb_comment_info":0,"uagb_excerpt":"El passat 19 de novembre va tenir lloc al Col\u00b7legi de Farmac\u00e8utics de Barcelona la tert\u00falia d&#8217;actualitat &#8220;Cessaci\u00f3 tab\u00e0quica: eines per millorar el servei professional farmac\u00e8utic&#8221;.\u00a0Els ponents van ser Mariam de la Poza, metgessa d&#8217;Atenci\u00f3 Prim\u00e0ria, referent de tabac del CAP Dr. Carles Ribes i Merc\u00e8 Sell\u00e9s, farmac\u00e8utica adjunta, membre [&hellip;]","_links":{"self":[{"href":"https:\/\/www.cofb.org\/ca\/wp-json\/wp\/v2\/posts\/52958","targetHints":{"allow":["GET"]}}],"collection":[{"href":"https:\/\/www.cofb.org\/ca\/wp-json\/wp\/v2\/posts"}],"about":[{"href":"https:\/\/www.cofb.org\/ca\/wp-json\/wp\/v2\/types\/post"}],"author":[{"embeddable":true,"href":"https:\/\/www.cofb.org\/ca\/wp-json\/wp\/v2\/users\/1"}],"replies":[{"embeddable":true,"href":"https:\/\/www.cofb.org\/ca\/wp-json\/wp\/v2\/comments?post=52958"}],"version-history":[{"count":0,"href":"https:\/\/www.cofb.org\/ca\/wp-json\/wp\/v2\/posts\/52958\/revisions"}],"wp:featuredmedia":[{"embeddable":true,"href":"https:\/\/www.cofb.org\/ca\/wp-json\/"}],"wp:attachment":[{"href":"https:\/\/www.cofb.org\/ca\/wp-json\/wp\/v2\/media?parent=52958"}],"wp:term":[{"taxonomy":"category","embeddable":true,"href":"https:\/\/www.cofb.org\/ca\/wp-json\/wp\/v2\/categories?post=52958"},{"taxonomy":"post_tag","embeddable":true,"href":"https:\/\/www.cofb.org\/ca\/wp-json\/wp\/v2\/tags?post=52958"}],"curies":[{"name":"wp","href":"https:\/\/api.w.org\/{rel}","templated":true}]}}