{"id":52921,"date":"2020-11-25T19:28:45","date_gmt":"2020-11-25T17:28:45","guid":{"rendered":"https:\/\/blog.cofb.cat\/?p=52921"},"modified":"2020-11-25T19:28:45","modified_gmt":"2020-11-25T17:28:45","slug":"novetats-terapeutiques-voltant-gestio-lansietat-loficina-farmacia","status":"publish","type":"post","link":"https:\/\/www.cofb.org\/ca\/2020\/11\/25\/novetats-terapeutiques-voltant-gestio-lansietat-loficina-farmacia\/","title":{"rendered":"Novetats terap\u00e8utiques al voltant de la gesti\u00f3 de l&#8217;ansietat a l&#8217;oficina de farm\u00e0cia"},"content":{"rendered":"<p>El passat <strong>17 de novembre<\/strong> va tenir lloc al COFB la formaci\u00f3 <strong>&#8220;Gesti\u00f3 de l&#8217;ansietat a l&#8217;oficina de farm\u00e0cia: novetats terap\u00e8utiques&#8221;<\/strong>, que va comptar amb les intervencions de <strong>Vicente Gasull<\/strong>, metge especialista de medicina familiar i comunit\u00e0ria i coordinador de salut mental de la Societat Espanyola de Metges d&#8217;Atenci\u00f3 Prim\u00e0ria (SEMERGEN) i <strong>Fernando Hidalgo<\/strong>, doctor en farm\u00e0cia i vocal de Plantes Medicinals del COF de Granada. La <strong>moderaci\u00f3 de la sessi\u00f3<\/strong> va anar a c\u00e0rrec de <strong>Josep Allu\u00e9<\/strong>, vocal de Plantes Medicinals i Homeopatia del COFB.<\/p>\n<p><a href=\"https:\/\/blog.cofb.cat\/wp-content\/uploads\/2020\/11\/Ansietat.jpg\"><img fetchpriority=\"high\" decoding=\"async\" class=\"aligncenter size-large wp-image-52930\" src=\"https:\/\/blog.cofb.cat\/wp-content\/uploads\/2020\/11\/Ansietat-1024x682.jpg\" alt=\"\" width=\"620\" height=\"413\" \/><\/a><\/p>\n<p><strong>Allu\u00e9\u00a0<\/strong>va explicar que la confer\u00e8ncia &#8220;va abordar\u00a0un <strong>tema de molta actualitat<\/strong> com \u00e9s l&#8217;<strong>ansietat<\/strong> i va proporcionar <strong>informaci\u00f3 completa i pr\u00e0ctica<\/strong> sobre aquesta <strong>patologia<\/strong> i la seva <strong>gesti\u00f3 amb un nou medicament<\/strong> a base de plantes, en particular de l&#8217;<strong>oli essencial<\/strong> de <em>Lavandula angustifolia<\/em> Mill&#8221;.<\/p>\n<p>Durant el transcurs de la confer\u00e8ncia, Allu\u00e9 va introduir el medicament,\u00a0<strong>presentant la informaci\u00f3 de la monografia EMA<\/strong> i la de la farmacopea Europea de <em>Lavandula angustifolia<\/em> Mill. El vocal de Plantes Medicinals i Homeopatia del COFB\u00a0 va destacar que &#8220;tenir un <strong>medicament de no prescripci\u00f3<\/strong> per tractar l&#8217;ansietat permet una <strong>indicaci\u00f3 farmac\u00e8utica<\/strong> per resoldre els<strong> estats transitoris d\u2019ansietat<\/strong>&#8220;.<\/p>\n<figure id=\"attachment_53056\" aria-describedby=\"caption-attachment-53056\" style=\"width: 620px\" class=\"wp-caption aligncenter\"><a href=\"https:\/\/blog.cofb.cat\/wp-content\/uploads\/2020\/11\/cofb.171115-12_edited.jpg\"><img decoding=\"async\" class=\"wp-image-53056 size-large\" title=\"Josep Allu\u00e9, vocal de Plantes Medicinals i Homeopatia del COFB, va moderar la sess\u00f3.\" src=\"https:\/\/blog.cofb.cat\/wp-content\/uploads\/2020\/11\/cofb.171115-12_edited-1024x695.jpg\" alt=\"Josep Allu\u00e9, vocal de Plantes Medicinals i Homeopatia del COFB, va moderar la sess\u00f3.\" width=\"620\" height=\"421\" \/><\/a><figcaption id=\"caption-attachment-53056\" class=\"wp-caption-text\">Josep Allu\u00e9, vocal de Plantes Medicinals i Homeopatia del COFB, va moderar la sess\u00f3.<\/figcaption><\/figure>\n<p>D&#8217;altra banda,\u00a0 el Dr. Gasull, coordinador del Grup\u00a0de Salut Mental de SEMERGEN, va indicar que l&#8217;ansietat ha de ser tractada des d\u2019un inici <strong>comen\u00e7ant amb psicoter\u00e0pia<\/strong> i va mostrar que hi havia un espai buit en el <strong>tractament farmacol\u00f2gic<\/strong> (ISRS, ISRN, benzodiazepines, buspirona, antihistam\u00ednics) que ha ocupat aquest medicament d\u2019oli essencial de lavanda.<\/p>\n<p>Finalment, Fernando Hidalgo, vocal de Fitoter\u00e0pia del COF de Granada, va referir-se als <strong>diferents perfils de pacients<\/strong> que demanen <strong>consell<\/strong> i als <strong>criteris de derivaci\u00f3 al metge<\/strong>. L&#8217;exposici\u00f3 de <strong>diferents casos reals<\/strong> fruit de la seva experi\u00e8ncia a l&#8217;oficina de farm\u00e0cia va ser, en paraules d&#8217;Allu\u00e9, &#8220;molt interessant i profitosa pels assistents&#8221;.<\/p>\n<div class=\"destacat-blog\">\n<h2><span style=\"color: #008080;\"><strong>Detecci\u00f3 preco\u00e7 dels s\u00edmptomes de l&#8217;ansietat i tractament, claus per la millora de la qualitat de vida dels pacients<\/strong><\/span><\/h2>\n<p>Els <strong>trastorns d&#8217;ansietat<\/strong> s\u00f3n, amb difer\u00e8ncia, els <strong>trastorns psiqui\u00e0trics m\u00e9s freq\u00fcents a la Uni\u00f3 Europea amb una prevalen\u00e7a del 14%<\/strong>. Els trastorns d&#8217;ansietat subcl\u00ednica s\u00f3n estadis de l&#8217;ansietat m\u00e9s lleu que sovint no es reconeixen i pels quals els tractaments existents tenen limitacions d&#8217;efic\u00e0cia i seguretat. La <strong>detecci\u00f3 preco\u00e7<\/strong> dels <strong>s\u00edmptomes transitoris de l&#8217;ansietat<\/strong> i el seu tractament s\u00f3n claus per evitar la seva progressi\u00f3 i recuperar la qualitat de vida.<\/p>\n<p>En aquesta confer\u00e8ncia revisarem la <strong>simptomatologia de l&#8217;ansietat i les opcions de tractament existents<\/strong>, i coneixerem les <strong>novetats terap\u00e8utiques d&#8217;indicaci\u00f3 farmac\u00e8utica a base de plantes medicinals<\/strong>. Tamb\u00e9 s&#8217;aportaran casos pr\u00e0ctics per poder donar resposta a les consultes sobre ansietat a l&#8217;oficina de farm\u00e0cia.<\/p>\n<\/div>\n<p style=\"text-align: right;\"><strong>Amb el patrocini de:<\/strong><\/p>\n<p style=\"text-align: right;\"><a href=\"https:\/\/schwabe.es\/\" target=\"_blank\" rel=\"noopener\"><img decoding=\"async\" class=\" wp-image-52928 alignright\" src=\"https:\/\/blog.cofb.cat\/wp-content\/uploads\/2020\/11\/Schwabe.jpg\" alt=\"\" width=\"116\" height=\"48\" \/><\/a><\/p>\n<p>&nbsp;<\/p>\n<p><strong>Altres publicacions d&#8217;inter\u00e8s:<\/strong><\/p>\n<ul>\n<li><a href=\"https:\/\/blog.cofb.cat\/solucions-naturals-per-lansietat-linsomni-la-memoria\/\" target=\"_blank\" rel=\"noopener\">Solucions naturals per l\u2019ansietat, l\u2019insomni i la mem\u00f2ria (Febrer 2017)<\/a><\/li>\n<li><a href=\"https:\/\/blog.cofb.cat\/farmacies-de-barcelona-formen-en-lus-de-fitoterapia-per-a-lestres-linsomni-i-lansietat\/\" target=\"_blank\" rel=\"noopener\">Farm\u00e0cies de Barcelona formen en l\u2019\u00fas de fitoter\u00e0pia per a l\u2019estr\u00e8s, l\u2019insomni i l\u2019ansietat (Gener 2016)<\/a><\/li>\n<\/ul>\n","protected":false},"excerpt":{"rendered":"<p>El passat 17 de novembre va tenir lloc al COFB la formaci\u00f3 &#8220;Gesti\u00f3 de l&#8217;ansietat a l&#8217;oficina de farm\u00e0cia: novetats terap\u00e8utiques&#8221;, que va comptar amb les intervencions de Vicente Gasull, metge especialista de medicina familiar i comunit\u00e0ria i coordinador de salut mental de la Societat Espanyola de Metges d&#8217;Atenci\u00f3 Prim\u00e0ria [&hellip;]<\/p>\n","protected":false},"author":1,"featured_media":52930,"comment_status":"open","ping_status":"open","sticky":false,"template":"","format":"standard","meta":{"_uag_custom_page_level_css":"","site-sidebar-layout":"default","site-content-layout":"","ast-site-content-layout":"default","site-content-style":"default","site-sidebar-style":"default","ast-global-header-display":"","ast-banner-title-visibility":"","ast-main-header-display":"","ast-hfb-above-header-display":"","ast-hfb-below-header-display":"","ast-hfb-mobile-header-display":"","site-post-title":"","ast-breadcrumbs-content":"","ast-featured-img":"disabled","footer-sml-layout":"","theme-transparent-header-meta":"","adv-header-id-meta":"","stick-header-meta":"","header-above-stick-meta":"","header-main-stick-meta":"","header-below-stick-meta":"","astra-migrate-meta-layouts":"default","ast-page-background-enabled":"default","ast-page-background-meta":{"desktop":{"background-color":"var(--ast-global-color-4)","background-image":"","background-repeat":"repeat","background-position":"center center","background-size":"auto","background-attachment":"scroll","background-type":"","background-media":"","overlay-type":"","overlay-color":"","overlay-opacity":"","overlay-gradient":""},"tablet":{"background-color":"","background-image":"","background-repeat":"repeat","background-position":"center center","background-size":"auto","background-attachment":"scroll","background-type":"","background-media":"","overlay-type":"","overlay-color":"","overlay-opacity":"","overlay-gradient":""},"mobile":{"background-color":"","background-image":"","background-repeat":"repeat","background-position":"center center","background-size":"auto","background-attachment":"scroll","background-type":"","background-media":"","overlay-type":"","overlay-color":"","overlay-opacity":"","overlay-gradient":""}},"ast-content-background-meta":{"desktop":{"background-color":"var(--ast-global-color-5)","background-image":"","background-repeat":"repeat","background-position":"center center","background-size":"auto","background-attachment":"scroll","background-type":"","background-media":"","overlay-type":"","overlay-color":"","overlay-opacity":"","overlay-gradient":""},"tablet":{"background-color":"var(--ast-global-color-5)","background-image":"","background-repeat":"repeat","background-position":"center center","background-size":"auto","background-attachment":"scroll","background-type":"","background-media":"","overlay-type":"","overlay-color":"","overlay-opacity":"","overlay-gradient":""},"mobile":{"background-color":"var(--ast-global-color-5)","background-image":"","background-repeat":"repeat","background-position":"center center","background-size":"auto","background-attachment":"scroll","background-type":"","background-media":"","overlay-type":"","overlay-color":"","overlay-opacity":"","overlay-gradient":""}},"footnotes":""},"categories":[23,57],"tags":[468,18,3015,19,53,25,70,4417,56,93,76,94,4418],"class_list":["post-52921","post","type-post","status-publish","format-standard","has-post-thumbnail","hentry","category-destacats","category-mon-collegial","tag-ansietat","tag-cofb","tag-collegi-de-farmaceutics","tag-collegi-de-farmaceutics-de-barcelona","tag-farmaceutics","tag-farmacies","tag-formacio","tag-gestio-de-lanisetat","tag-investigacio","tag-novetats-terapeutiques","tag-oficina-de-farmacia","tag-plantes-medicinals","tag-simptomes-de-lansietat"],"yoast_head":"<!-- This site is optimized with the Yoast SEO plugin v22.4 - https:\/\/yoast.com\/wordpress\/plugins\/seo\/ -->\n<title>Novetats terap\u00e8utiques al voltant de la gesti\u00f3 de l&#039;ansietat a l&#039;oficina de farm\u00e0cia - Col\u00b7legi de Farmac\u00e8utics de Barcelona<\/title>\n<meta name=\"robots\" content=\"index, follow, max-snippet:-1, max-image-preview:large, max-video-preview:-1\" \/>\n<link rel=\"canonical\" href=\"https:\/\/novaorg.cofb.net\/2020\/11\/25\/novetats-terapeutiques-voltant-gestio-lansietat-loficina-farmacia\/\" \/>\n<meta property=\"og:locale\" content=\"ca_ES\" \/>\n<meta property=\"og:type\" content=\"article\" \/>\n<meta property=\"og:title\" content=\"Novetats terap\u00e8utiques al voltant de la gesti\u00f3 de l&#039;ansietat a l&#039;oficina de farm\u00e0cia - Col\u00b7legi de Farmac\u00e8utics de Barcelona\" \/>\n<meta property=\"og:description\" content=\"El passat 17 de novembre va tenir lloc al COFB la formaci\u00f3 &#8220;Gesti\u00f3 de l&#8217;ansietat a l&#8217;oficina de farm\u00e0cia: novetats terap\u00e8utiques&#8221;, que va comptar amb les intervencions de Vicente Gasull, metge especialista de medicina familiar i comunit\u00e0ria i coordinador de salut mental de la Societat Espanyola de Metges d&#8217;Atenci\u00f3 Prim\u00e0ria [&hellip;]\" \/>\n<meta property=\"og:url\" content=\"https:\/\/novaorg.cofb.net\/2020\/11\/25\/novetats-terapeutiques-voltant-gestio-lansietat-loficina-farmacia\/\" \/>\n<meta property=\"og:site_name\" content=\"Col\u00b7legi de Farmac\u00e8utics de Barcelona\" \/>\n<meta property=\"article:publisher\" content=\"https:\/\/www.facebook.com\/farmaceuticsbcn\/\" \/>\n<meta property=\"article:published_time\" content=\"2020-11-25T17:28:45+00:00\" \/>\n<meta name=\"author\" content=\"wpAdminCofbOrg\" \/>\n<meta name=\"twitter:card\" content=\"summary_large_image\" \/>\n<meta name=\"twitter:creator\" content=\"@farmaceuticsbcn\" \/>\n<meta name=\"twitter:site\" content=\"@farmaceuticsbcn\" \/>\n<meta name=\"twitter:label1\" content=\"Escrit per\" \/>\n\t<meta name=\"twitter:data1\" content=\"wpAdminCofbOrg\" \/>\n\t<meta name=\"twitter:label2\" content=\"Temps estimat de lectura\" \/>\n\t<meta name=\"twitter:data2\" content=\"3 minuts\" \/>\n<script type=\"application\/ld+json\" class=\"yoast-schema-graph\">{\"@context\":\"https:\/\/schema.org\",\"@graph\":[{\"@type\":\"Article\",\"@id\":\"https:\/\/novaorg.cofb.net\/2020\/11\/25\/novetats-terapeutiques-voltant-gestio-lansietat-loficina-farmacia\/#article\",\"isPartOf\":{\"@id\":\"https:\/\/novaorg.cofb.net\/2020\/11\/25\/novetats-terapeutiques-voltant-gestio-lansietat-loficina-farmacia\/\"},\"author\":{\"name\":\"wpAdminCofbOrg\",\"@id\":\"https:\/\/www.cofb.org\/#\/schema\/person\/22ed7eea88da74b0fa4d3154ad87ffcb\"},\"headline\":\"Novetats terap\u00e8utiques al voltant de la gesti\u00f3 de l&#8217;ansietat a l&#8217;oficina de farm\u00e0cia\",\"datePublished\":\"2020-11-25T17:28:45+00:00\",\"dateModified\":\"2020-11-25T17:28:45+00:00\",\"mainEntityOfPage\":{\"@id\":\"https:\/\/novaorg.cofb.net\/2020\/11\/25\/novetats-terapeutiques-voltant-gestio-lansietat-loficina-farmacia\/\"},\"wordCount\":570,\"commentCount\":0,\"publisher\":{\"@id\":\"https:\/\/www.cofb.org\/#organization\"},\"image\":{\"@id\":\"https:\/\/novaorg.cofb.net\/2020\/11\/25\/novetats-terapeutiques-voltant-gestio-lansietat-loficina-farmacia\/#primaryimage\"},\"thumbnailUrl\":\"\",\"keywords\":[\"ansietat\",\"COFB\",\"Col\u00b7legi de Farmac\u00e8utics\",\"Col\u00b7legi de Farmac\u00e8utics de Barcelona\",\"farmac\u00e8utics\",\"farm\u00e0cies\",\"Formaci\u00f3\",\"gesti\u00f3 de l'anisetat\",\"Investigaci\u00f3\",\"novetats terap\u00e8utiques\",\"Oficina de farm\u00e0cia\",\"Plantes Medicinals\",\"s\u00edmptomes de l'ansietat\"],\"articleSection\":[\"Destacats\",\"M\u00f3n col\u00b7legial\"],\"inLanguage\":\"ca\",\"potentialAction\":[{\"@type\":\"CommentAction\",\"name\":\"Comment\",\"target\":[\"https:\/\/novaorg.cofb.net\/2020\/11\/25\/novetats-terapeutiques-voltant-gestio-lansietat-loficina-farmacia\/#respond\"]}]},{\"@type\":\"WebPage\",\"@id\":\"https:\/\/novaorg.cofb.net\/2020\/11\/25\/novetats-terapeutiques-voltant-gestio-lansietat-loficina-farmacia\/\",\"url\":\"https:\/\/novaorg.cofb.net\/2020\/11\/25\/novetats-terapeutiques-voltant-gestio-lansietat-loficina-farmacia\/\",\"name\":\"Novetats terap\u00e8utiques al voltant de la gesti\u00f3 de l'ansietat a l'oficina de farm\u00e0cia - Col\u00b7legi de Farmac\u00e8utics de Barcelona\",\"isPartOf\":{\"@id\":\"https:\/\/www.cofb.org\/#website\"},\"primaryImageOfPage\":{\"@id\":\"https:\/\/novaorg.cofb.net\/2020\/11\/25\/novetats-terapeutiques-voltant-gestio-lansietat-loficina-farmacia\/#primaryimage\"},\"image\":{\"@id\":\"https:\/\/novaorg.cofb.net\/2020\/11\/25\/novetats-terapeutiques-voltant-gestio-lansietat-loficina-farmacia\/#primaryimage\"},\"thumbnailUrl\":\"\",\"datePublished\":\"2020-11-25T17:28:45+00:00\",\"dateModified\":\"2020-11-25T17:28:45+00:00\",\"breadcrumb\":{\"@id\":\"https:\/\/novaorg.cofb.net\/2020\/11\/25\/novetats-terapeutiques-voltant-gestio-lansietat-loficina-farmacia\/#breadcrumb\"},\"inLanguage\":\"ca\",\"potentialAction\":[{\"@type\":\"ReadAction\",\"target\":[\"https:\/\/novaorg.cofb.net\/2020\/11\/25\/novetats-terapeutiques-voltant-gestio-lansietat-loficina-farmacia\/\"]}]},{\"@type\":\"ImageObject\",\"inLanguage\":\"ca\",\"@id\":\"https:\/\/novaorg.cofb.net\/2020\/11\/25\/novetats-terapeutiques-voltant-gestio-lansietat-loficina-farmacia\/#primaryimage\",\"url\":\"\",\"contentUrl\":\"\"},{\"@type\":\"BreadcrumbList\",\"@id\":\"https:\/\/novaorg.cofb.net\/2020\/11\/25\/novetats-terapeutiques-voltant-gestio-lansietat-loficina-farmacia\/#breadcrumb\",\"itemListElement\":[{\"@type\":\"ListItem\",\"position\":1,\"name\":\"Inici\",\"item\":\"https:\/\/novaorg.cofb.net\/\"},{\"@type\":\"ListItem\",\"position\":2,\"name\":\"Novetats terap\u00e8utiques al voltant de la gesti\u00f3 de l&#8217;ansietat a l&#8217;oficina de farm\u00e0cia\"}]},{\"@type\":\"WebSite\",\"@id\":\"https:\/\/www.cofb.org\/#website\",\"url\":\"https:\/\/www.cofb.org\/\",\"name\":\"Col\u00b7legi de Farmac\u00e8utics de Barcelona\",\"description\":\"\",\"publisher\":{\"@id\":\"https:\/\/www.cofb.org\/#organization\"},\"potentialAction\":[{\"@type\":\"SearchAction\",\"target\":{\"@type\":\"EntryPoint\",\"urlTemplate\":\"https:\/\/www.cofb.org\/?s={search_term_string}\"},\"query-input\":\"required name=search_term_string\"}],\"inLanguage\":\"ca\"},{\"@type\":\"Organization\",\"@id\":\"https:\/\/www.cofb.org\/#organization\",\"name\":\"Col\u00b7legi de Farmac\u00e8utics de Barcelona\",\"url\":\"https:\/\/www.cofb.org\/\",\"logo\":{\"@type\":\"ImageObject\",\"inLanguage\":\"ca\",\"@id\":\"https:\/\/www.cofb.org\/#\/schema\/logo\/image\/\",\"url\":\"https:\/\/www.cofb.org\/wp-content\/uploads\/2023\/11\/cropped-Logotip-COFB.png\",\"contentUrl\":\"https:\/\/www.cofb.org\/wp-content\/uploads\/2023\/11\/cropped-Logotip-COFB.png\",\"width\":500,\"height\":105,\"caption\":\"Col\u00b7legi de Farmac\u00e8utics de Barcelona\"},\"image\":{\"@id\":\"https:\/\/www.cofb.org\/#\/schema\/logo\/image\/\"},\"sameAs\":[\"https:\/\/www.facebook.com\/farmaceuticsbcn\/\",\"https:\/\/twitter.com\/farmaceuticsbcn\",\"https:\/\/www.instagram.com\/farmaceuticsbcn\/\",\"https:\/\/www.linkedin.com\/company\/farmaceuticsbcn\/\"]},{\"@type\":\"Person\",\"@id\":\"https:\/\/www.cofb.org\/#\/schema\/person\/22ed7eea88da74b0fa4d3154ad87ffcb\",\"name\":\"wpAdminCofbOrg\",\"image\":{\"@type\":\"ImageObject\",\"inLanguage\":\"ca\",\"@id\":\"https:\/\/www.cofb.org\/#\/schema\/person\/image\/\",\"url\":\"https:\/\/secure.gravatar.com\/avatar\/1721b20b3b8ca882c3b56ec6c978c594fff670e40c0718e9190eaeeb76aae7d8?s=96&d=mm&r=g\",\"contentUrl\":\"https:\/\/secure.gravatar.com\/avatar\/1721b20b3b8ca882c3b56ec6c978c594fff670e40c0718e9190eaeeb76aae7d8?s=96&d=mm&r=g\",\"caption\":\"wpAdminCofbOrg\"},\"sameAs\":[\"http:\/\/192.168.64.122\/wordpress\"],\"url\":\"https:\/\/www.cofb.org\/ca\/author\/wpadmincofborg\/\"}]}<\/script>\n<!-- \/ Yoast SEO plugin. -->","yoast_head_json":{"title":"Novetats terap\u00e8utiques al voltant de la gesti\u00f3 de l'ansietat a l'oficina de farm\u00e0cia - Col\u00b7legi de Farmac\u00e8utics de Barcelona","robots":{"index":"index","follow":"follow","max-snippet":"max-snippet:-1","max-image-preview":"max-image-preview:large","max-video-preview":"max-video-preview:-1"},"canonical":"https:\/\/novaorg.cofb.net\/2020\/11\/25\/novetats-terapeutiques-voltant-gestio-lansietat-loficina-farmacia\/","og_locale":"ca_ES","og_type":"article","og_title":"Novetats terap\u00e8utiques al voltant de la gesti\u00f3 de l'ansietat a l'oficina de farm\u00e0cia - Col\u00b7legi de Farmac\u00e8utics de Barcelona","og_description":"El passat 17 de novembre va tenir lloc al COFB la formaci\u00f3 &#8220;Gesti\u00f3 de l&#8217;ansietat a l&#8217;oficina de farm\u00e0cia: novetats terap\u00e8utiques&#8221;, que va comptar amb les intervencions de Vicente Gasull, metge especialista de medicina familiar i comunit\u00e0ria i coordinador de salut mental de la Societat Espanyola de Metges d&#8217;Atenci\u00f3 Prim\u00e0ria [&hellip;]","og_url":"https:\/\/novaorg.cofb.net\/2020\/11\/25\/novetats-terapeutiques-voltant-gestio-lansietat-loficina-farmacia\/","og_site_name":"Col\u00b7legi de Farmac\u00e8utics de Barcelona","article_publisher":"https:\/\/www.facebook.com\/farmaceuticsbcn\/","article_published_time":"2020-11-25T17:28:45+00:00","author":"wpAdminCofbOrg","twitter_card":"summary_large_image","twitter_creator":"@farmaceuticsbcn","twitter_site":"@farmaceuticsbcn","twitter_misc":{"Escrit per":"wpAdminCofbOrg","Temps estimat de lectura":"3 minuts"},"schema":{"@context":"https:\/\/schema.org","@graph":[{"@type":"Article","@id":"https:\/\/novaorg.cofb.net\/2020\/11\/25\/novetats-terapeutiques-voltant-gestio-lansietat-loficina-farmacia\/#article","isPartOf":{"@id":"https:\/\/novaorg.cofb.net\/2020\/11\/25\/novetats-terapeutiques-voltant-gestio-lansietat-loficina-farmacia\/"},"author":{"name":"wpAdminCofbOrg","@id":"https:\/\/www.cofb.org\/#\/schema\/person\/22ed7eea88da74b0fa4d3154ad87ffcb"},"headline":"Novetats terap\u00e8utiques al voltant de la gesti\u00f3 de l&#8217;ansietat a l&#8217;oficina de farm\u00e0cia","datePublished":"2020-11-25T17:28:45+00:00","dateModified":"2020-11-25T17:28:45+00:00","mainEntityOfPage":{"@id":"https:\/\/novaorg.cofb.net\/2020\/11\/25\/novetats-terapeutiques-voltant-gestio-lansietat-loficina-farmacia\/"},"wordCount":570,"commentCount":0,"publisher":{"@id":"https:\/\/www.cofb.org\/#organization"},"image":{"@id":"https:\/\/novaorg.cofb.net\/2020\/11\/25\/novetats-terapeutiques-voltant-gestio-lansietat-loficina-farmacia\/#primaryimage"},"thumbnailUrl":"","keywords":["ansietat","COFB","Col\u00b7legi de Farmac\u00e8utics","Col\u00b7legi de Farmac\u00e8utics de Barcelona","farmac\u00e8utics","farm\u00e0cies","Formaci\u00f3","gesti\u00f3 de l'anisetat","Investigaci\u00f3","novetats terap\u00e8utiques","Oficina de farm\u00e0cia","Plantes Medicinals","s\u00edmptomes de l'ansietat"],"articleSection":["Destacats","M\u00f3n col\u00b7legial"],"inLanguage":"ca","potentialAction":[{"@type":"CommentAction","name":"Comment","target":["https:\/\/novaorg.cofb.net\/2020\/11\/25\/novetats-terapeutiques-voltant-gestio-lansietat-loficina-farmacia\/#respond"]}]},{"@type":"WebPage","@id":"https:\/\/novaorg.cofb.net\/2020\/11\/25\/novetats-terapeutiques-voltant-gestio-lansietat-loficina-farmacia\/","url":"https:\/\/novaorg.cofb.net\/2020\/11\/25\/novetats-terapeutiques-voltant-gestio-lansietat-loficina-farmacia\/","name":"Novetats terap\u00e8utiques al voltant de la gesti\u00f3 de l'ansietat a l'oficina de farm\u00e0cia - Col\u00b7legi de Farmac\u00e8utics de Barcelona","isPartOf":{"@id":"https:\/\/www.cofb.org\/#website"},"primaryImageOfPage":{"@id":"https:\/\/novaorg.cofb.net\/2020\/11\/25\/novetats-terapeutiques-voltant-gestio-lansietat-loficina-farmacia\/#primaryimage"},"image":{"@id":"https:\/\/novaorg.cofb.net\/2020\/11\/25\/novetats-terapeutiques-voltant-gestio-lansietat-loficina-farmacia\/#primaryimage"},"thumbnailUrl":"","datePublished":"2020-11-25T17:28:45+00:00","dateModified":"2020-11-25T17:28:45+00:00","breadcrumb":{"@id":"https:\/\/novaorg.cofb.net\/2020\/11\/25\/novetats-terapeutiques-voltant-gestio-lansietat-loficina-farmacia\/#breadcrumb"},"inLanguage":"ca","potentialAction":[{"@type":"ReadAction","target":["https:\/\/novaorg.cofb.net\/2020\/11\/25\/novetats-terapeutiques-voltant-gestio-lansietat-loficina-farmacia\/"]}]},{"@type":"ImageObject","inLanguage":"ca","@id":"https:\/\/novaorg.cofb.net\/2020\/11\/25\/novetats-terapeutiques-voltant-gestio-lansietat-loficina-farmacia\/#primaryimage","url":"","contentUrl":""},{"@type":"BreadcrumbList","@id":"https:\/\/novaorg.cofb.net\/2020\/11\/25\/novetats-terapeutiques-voltant-gestio-lansietat-loficina-farmacia\/#breadcrumb","itemListElement":[{"@type":"ListItem","position":1,"name":"Inici","item":"https:\/\/novaorg.cofb.net\/"},{"@type":"ListItem","position":2,"name":"Novetats terap\u00e8utiques al voltant de la gesti\u00f3 de l&#8217;ansietat a l&#8217;oficina de farm\u00e0cia"}]},{"@type":"WebSite","@id":"https:\/\/www.cofb.org\/#website","url":"https:\/\/www.cofb.org\/","name":"Col\u00b7legi de Farmac\u00e8utics de Barcelona","description":"","publisher":{"@id":"https:\/\/www.cofb.org\/#organization"},"potentialAction":[{"@type":"SearchAction","target":{"@type":"EntryPoint","urlTemplate":"https:\/\/www.cofb.org\/?s={search_term_string}"},"query-input":"required name=search_term_string"}],"inLanguage":"ca"},{"@type":"Organization","@id":"https:\/\/www.cofb.org\/#organization","name":"Col\u00b7legi de Farmac\u00e8utics de Barcelona","url":"https:\/\/www.cofb.org\/","logo":{"@type":"ImageObject","inLanguage":"ca","@id":"https:\/\/www.cofb.org\/#\/schema\/logo\/image\/","url":"https:\/\/www.cofb.org\/wp-content\/uploads\/2023\/11\/cropped-Logotip-COFB.png","contentUrl":"https:\/\/www.cofb.org\/wp-content\/uploads\/2023\/11\/cropped-Logotip-COFB.png","width":500,"height":105,"caption":"Col\u00b7legi de Farmac\u00e8utics de Barcelona"},"image":{"@id":"https:\/\/www.cofb.org\/#\/schema\/logo\/image\/"},"sameAs":["https:\/\/www.facebook.com\/farmaceuticsbcn\/","https:\/\/twitter.com\/farmaceuticsbcn","https:\/\/www.instagram.com\/farmaceuticsbcn\/","https:\/\/www.linkedin.com\/company\/farmaceuticsbcn\/"]},{"@type":"Person","@id":"https:\/\/www.cofb.org\/#\/schema\/person\/22ed7eea88da74b0fa4d3154ad87ffcb","name":"wpAdminCofbOrg","image":{"@type":"ImageObject","inLanguage":"ca","@id":"https:\/\/www.cofb.org\/#\/schema\/person\/image\/","url":"https:\/\/secure.gravatar.com\/avatar\/1721b20b3b8ca882c3b56ec6c978c594fff670e40c0718e9190eaeeb76aae7d8?s=96&d=mm&r=g","contentUrl":"https:\/\/secure.gravatar.com\/avatar\/1721b20b3b8ca882c3b56ec6c978c594fff670e40c0718e9190eaeeb76aae7d8?s=96&d=mm&r=g","caption":"wpAdminCofbOrg"},"sameAs":["http:\/\/192.168.64.122\/wordpress"],"url":"https:\/\/www.cofb.org\/ca\/author\/wpadmincofborg\/"}]}},"uagb_featured_image_src":{"full":false,"thumbnail":false,"medium":false,"medium_large":false,"large":false,"1536x1536":false,"2048x2048":false,"trp-custom-language-flag":false},"uagb_author_info":{"display_name":"wpAdminCofbOrg","author_link":"https:\/\/www.cofb.org\/ca\/author\/wpadmincofborg\/"},"uagb_comment_info":0,"uagb_excerpt":"El passat 17 de novembre va tenir lloc al COFB la formaci\u00f3 &#8220;Gesti\u00f3 de l&#8217;ansietat a l&#8217;oficina de farm\u00e0cia: novetats terap\u00e8utiques&#8221;, que va comptar amb les intervencions de Vicente Gasull, metge especialista de medicina familiar i comunit\u00e0ria i coordinador de salut mental de la Societat Espanyola de Metges d&#8217;Atenci\u00f3 Prim\u00e0ria [&hellip;]","_links":{"self":[{"href":"https:\/\/www.cofb.org\/ca\/wp-json\/wp\/v2\/posts\/52921","targetHints":{"allow":["GET"]}}],"collection":[{"href":"https:\/\/www.cofb.org\/ca\/wp-json\/wp\/v2\/posts"}],"about":[{"href":"https:\/\/www.cofb.org\/ca\/wp-json\/wp\/v2\/types\/post"}],"author":[{"embeddable":true,"href":"https:\/\/www.cofb.org\/ca\/wp-json\/wp\/v2\/users\/1"}],"replies":[{"embeddable":true,"href":"https:\/\/www.cofb.org\/ca\/wp-json\/wp\/v2\/comments?post=52921"}],"version-history":[{"count":0,"href":"https:\/\/www.cofb.org\/ca\/wp-json\/wp\/v2\/posts\/52921\/revisions"}],"wp:featuredmedia":[{"embeddable":true,"href":"https:\/\/www.cofb.org\/ca\/wp-json\/"}],"wp:attachment":[{"href":"https:\/\/www.cofb.org\/ca\/wp-json\/wp\/v2\/media?parent=52921"}],"wp:term":[{"taxonomy":"category","embeddable":true,"href":"https:\/\/www.cofb.org\/ca\/wp-json\/wp\/v2\/categories?post=52921"},{"taxonomy":"post_tag","embeddable":true,"href":"https:\/\/www.cofb.org\/ca\/wp-json\/wp\/v2\/tags?post=52921"}],"curies":[{"name":"wp","href":"https:\/\/api.w.org\/{rel}","templated":true}]}}