{"id":52739,"date":"2020-11-12T14:19:48","date_gmt":"2020-11-12T12:19:48","guid":{"rendered":"https:\/\/blog.cofb.cat\/?p=52739"},"modified":"2020-11-12T14:19:48","modified_gmt":"2020-11-12T12:19:48","slug":"la-v-edicio-del-concurs-de-fotografia-ja-te-guanyadors","status":"publish","type":"post","link":"https:\/\/www.cofb.org\/ca\/2020\/11\/12\/la-v-edicio-del-concurs-de-fotografia-ja-te-guanyadors\/","title":{"rendered":"La V Edici\u00f3 del Concurs de Fotografia ja t\u00e9 guanyadors"},"content":{"rendered":"<p>Ja tenim els guanyadors de la V edici\u00f3 del Concurs de Fotografia del COFB. La <strong>tem\u00e0tica proposada<\/strong> de l&#8217;edici\u00f3 de 2020 ha estat la <strong>COVID-19, el confinament i el desconfinament<\/strong>. Els <strong>guanyadors<\/strong>\u00a0<strong>dels primers premis<\/strong> han estat <strong>J\u00falia Dalmau<\/strong> i <strong>Manuel Francisco Mazario<\/strong>, en les categories a color i blanc i negre, respectivament. Els premiats han estat <strong>obsequiats amb llibres de tem\u00e0tica fotogr\u00e0fica<\/strong>.<\/p>\n<h1><strong>Categoria de fotografia en color<\/strong><\/h1>\n<p><strong>J\u00falia Dalmau<\/strong> va ser la <strong>guanyadora de la categoria de fotografia en color<\/strong>. Va fer-ho amb &#8220;<strong>Oce\u00e0 confinat<\/strong>&#8220;, feta amb c\u00e0mera. El <strong>segon premi<\/strong> va endur-se&#8217;l <strong>Juan Carlos Vivas<\/strong> amb la fotografia anomenada &#8220;<strong>Abstret<\/strong>&#8220;, feta tamb\u00e9 amb c\u00e0mera.<\/p>\n<h2><strong>Primer premi<\/strong><\/h2>\n<figure id=\"attachment_52744\" aria-describedby=\"caption-attachment-52744\" style=\"width: 620px\" class=\"wp-caption aligncenter\"><a href=\"https:\/\/blog.cofb.cat\/wp-content\/uploads\/2020\/11\/blog-Oce\u00e0-confinat_C\u00e0mera_aReMeX1-1-Premi-C.jpg\" target=\"_blank\" rel=\"noopener\"><img fetchpriority=\"high\" decoding=\"async\" class=\"wp-image-52744 size-large\" title=\"&quot;Oce\u00e0 confinat&quot; - J\u00falia Dalmau. Fotografia guanyadora en la categoria de color [c\u00e0mera]\" src=\"https:\/\/blog.cofb.cat\/wp-content\/uploads\/2020\/11\/blog-Oce\u00e0-confinat_C\u00e0mera_aReMeX1-1-Premi-C-1024x683.jpg\" alt=\"&quot;Oce\u00e0 confinat&quot; - J\u00falia Dalmau. Fotografia guanyadora en la categoria de color [c\u00e0mera]\" width=\"620\" height=\"414\" \/><\/a><figcaption id=\"caption-attachment-52744\" class=\"wp-caption-text\">&#8220;Oce\u00e0 confinat&#8221; &#8211; J\u00falia Dalmau. Fotografia guanyadora en la categoria de color [c\u00e0mera]<\/figcaption><\/figure>\n<h2><strong>Segon premi<\/strong><\/h2>\n<figure id=\"attachment_52747\" aria-describedby=\"caption-attachment-52747\" style=\"width: 620px\" class=\"wp-caption aligncenter\"><a href=\"https:\/\/blog.cofb.cat\/wp-content\/uploads\/2020\/11\/blog-ENSIMISMAT-CAMERA-KARLOSS-2-Premi_C.jpg\" target=\"_blank\" rel=\"noopener\"><img decoding=\"async\" class=\"wp-image-52747 size-large\" title=\"&quot;Ensimismat&quot; (&quot;Abstret&quot;) - Juan Carlos Vivas. Segon premi en la categoria a color [c\u00e0mera]\" src=\"https:\/\/blog.cofb.cat\/wp-content\/uploads\/2020\/11\/blog-ENSIMISMAT-CAMERA-KARLOSS-2-Premi_C-768x1024.jpg\" alt=\"&quot;Ensimismat&quot; (&quot;Abstret&quot;) - Juan Carlos Vivas. Segon premi en la categoria a color [c\u00e0mera]\" width=\"620\" height=\"827\" \/><\/a><figcaption id=\"caption-attachment-52747\" class=\"wp-caption-text\">&#8220;Ensimismat&#8221; (&#8220;Abstret&#8221;) &#8211; Juan Carlos Vivas. Segon premi en la categoria a color [c\u00e0mera]<\/figcaption><\/figure>\n<h2><strong>Acc\u00e8ssits<\/strong><\/h2>\n<p>Els acc\u00e8ssits a color s\u00f3n per a <strong>Helena Burguet<\/strong> i la seva fotografia &#8220;<strong>Llarg cam\u00ed a la incertesa<\/strong>&#8221; i per a <strong>M\u00aa Teresa Cucarull<\/strong>, per &#8220;<strong>Llums i ombres<\/strong>&#8220;. Totes dues fotografies van ser <strong>fetes amb el m\u00f2bil<\/strong>.<\/p>\n\n<h1><strong>Categoria de fotografia en blanc i negre<\/strong><\/h1>\n<p>El <strong>primer premi en la categoria en blanc i negre<\/strong> se&#8217;l va emportar <strong>Manuel Francisco Mazario<\/strong>, amb una fotografia feta amb c\u00e0mera titulada &#8220;<strong>Aves de paso<\/strong>&#8220;. El <strong>segon premi<\/strong> en aquesta categoria va emportar-se&#8217;l <strong>Marta Pons<\/strong>, amb una fotografia feta amb el m\u00f2bil, titulada &#8220;<strong>Monoton\u00eda aburrida<\/strong>&#8220;.<\/p>\n<h2><strong>Primer premi<\/strong><\/h2>\n<figure id=\"attachment_52743\" aria-describedby=\"caption-attachment-52743\" style=\"width: 620px\" class=\"wp-caption aligncenter\"><a href=\"https:\/\/blog.cofb.cat\/wp-content\/uploads\/2020\/11\/Aves-de-paso-C\u00c0MERA-Frank-Rivermace-_-11-Premi_B_N.jpg\" target=\"_blank\" rel=\"noopener\"><img decoding=\"async\" class=\"wp-image-52743 size-large\" title=\"&quot;Aves de paso&quot; - Manuel Francisco Mazario. Fotografia guanyadora en la categoria en blanc i negre [c\u00e0mera]\" src=\"https:\/\/blog.cofb.cat\/wp-content\/uploads\/2020\/11\/Aves-de-paso-C\u00c0MERA-Frank-Rivermace-_-11-Premi_B_N-1024x768.jpg\" alt=\"&quot;Aves de paso&quot; - Manuel Francisco Mazario. Fotografia guanyadora en la categoria en blanc i negre [c\u00e0mera]\" width=\"620\" height=\"465\" \/><\/a><figcaption id=\"caption-attachment-52743\" class=\"wp-caption-text\">&#8220;Aves de paso&#8221; &#8211; Manuel Francisco Mazario. Fotografia guanyadora en la categoria en blanc i negre [c\u00e0mera]<\/figcaption><\/figure>\n<h2><strong>Segon premi<\/strong><\/h2>\n<figure id=\"attachment_52745\" aria-describedby=\"caption-attachment-52745\" style=\"width: 620px\" class=\"wp-caption aligncenter\"><a href=\"https:\/\/blog.cofb.cat\/wp-content\/uploads\/2020\/11\/blog-Monotonia-aburrida-mobil-Paciencia-JPG_-2-Premi_B_N.jpg\" target=\"_blank\" rel=\"noopener\"><img loading=\"lazy\" decoding=\"async\" class=\"wp-image-52745 size-large\" title=\"&quot;Monoton\u00eda aburrida&quot; - Marta Pons. Segon premi en la categoria en blanc i negre [m\u00f2bil]\" src=\"https:\/\/blog.cofb.cat\/wp-content\/uploads\/2020\/11\/blog-Monotonia-aburrida-mobil-Paciencia-JPG_-2-Premi_B_N-1024x484.jpg\" alt=\"&quot;Monoton\u00eda aburrida&quot; - Marta Pons. Segon premi en la categoria en blanc i negre [m\u00f2bil]\" width=\"620\" height=\"293\" \/><\/a><figcaption id=\"caption-attachment-52745\" class=\"wp-caption-text\">&#8220;Monoton\u00eda aburrida&#8221; &#8211; Marta Pons. Segon premi en la categoria en blanc i negre [m\u00f2bil]<\/figcaption><\/figure>\n<h2><strong>Acc\u00e8ssits<\/strong><\/h2>\n<p>Els acc\u00e8ssits en blanc i negre s\u00f3n per a <strong>Juan Carlos Vivas<\/strong> i la seva fotografia &#8220;<strong>El temps \u00e9s la clau<\/strong>&#8221; i per a <strong>Isidre Alastrue<\/strong>, per &#8220;<strong>Sense feina<\/strong>&#8220;. Totes dues fotografies van ser <strong>fetes amb c\u00e0mera<\/strong>.<\/p>\n<h2><\/h2>\n\n<h1><strong>Participants<\/strong><\/h1>\n<h2><strong>Participants de fotografia amb c\u00e0mera<\/strong><\/h2>\n\n<h2><\/h2>\n<h2><strong>Participants de fotografia amb m\u00f2bil<\/strong><\/h2>\n\n<p><strong>Altres publicacions relacionades:<\/strong><\/p>\n<ul>\n<li><a href=\"https:\/\/blog.cofb.cat\/ja-esta-en-marxa-el-v-concurs-de-fotografia-del-cofb\/\" target=\"_blank\" rel=\"noopener\">Ja est\u00e0 en marxa el V concurs de fotografia del COFB (juny 2020)<\/a><\/li>\n<li><a href=\"https:\/\/blog.cofb.cat\/iv-edicio-concurs-fotografia-ja-guanyadors\/\" target=\"_blank\" rel=\"noopener\">La IV Edici\u00f3 del Concurs de Fotografia ja t\u00e9 guanyadors (novembre 2019)<\/a><\/li>\n<li><a href=\"https:\/\/blog.cofb.cat\/en-marxa-el-iv-concurs-de-fotografia-del-cofb\/\" target=\"_blank\" rel=\"noopener\">En marxa el IV Concurs de Fotografia del COFB (juliol 2019)<\/a><\/li>\n<\/ul>\n","protected":false},"excerpt":{"rendered":"<p>Ja tenim els guanyadors de la V edici\u00f3 del Concurs de Fotografia del COFB. La tem\u00e0tica proposada de l&#8217;edici\u00f3 de 2020 ha estat la COVID-19, el confinament i el desconfinament. Els guanyadors\u00a0dels primers premis han estat J\u00falia Dalmau i Manuel Francisco Mazario, en les categories a color i blanc i [&hellip;]<\/p>\n","protected":false},"author":1,"featured_media":52856,"comment_status":"open","ping_status":"open","sticky":false,"template":"","format":"standard","meta":{"_uag_custom_page_level_css":"","site-sidebar-layout":"default","site-content-layout":"","ast-site-content-layout":"default","site-content-style":"default","site-sidebar-style":"default","ast-global-header-display":"","ast-banner-title-visibility":"","ast-main-header-display":"","ast-hfb-above-header-display":"","ast-hfb-below-header-display":"","ast-hfb-mobile-header-display":"","site-post-title":"","ast-breadcrumbs-content":"","ast-featured-img":"disabled","footer-sml-layout":"","theme-transparent-header-meta":"","adv-header-id-meta":"","stick-header-meta":"","header-above-stick-meta":"","header-main-stick-meta":"","header-below-stick-meta":"","astra-migrate-meta-layouts":"default","ast-page-background-enabled":"default","ast-page-background-meta":{"desktop":{"background-color":"var(--ast-global-color-4)","background-image":"","background-repeat":"repeat","background-position":"center center","background-size":"auto","background-attachment":"scroll","background-type":"","background-media":"","overlay-type":"","overlay-color":"","overlay-opacity":"","overlay-gradient":""},"tablet":{"background-color":"","background-image":"","background-repeat":"repeat","background-position":"center center","background-size":"auto","background-attachment":"scroll","background-type":"","background-media":"","overlay-type":"","overlay-color":"","overlay-opacity":"","overlay-gradient":""},"mobile":{"background-color":"","background-image":"","background-repeat":"repeat","background-position":"center center","background-size":"auto","background-attachment":"scroll","background-type":"","background-media":"","overlay-type":"","overlay-color":"","overlay-opacity":"","overlay-gradient":""}},"ast-content-background-meta":{"desktop":{"background-color":"var(--ast-global-color-5)","background-image":"","background-repeat":"repeat","background-position":"center center","background-size":"auto","background-attachment":"scroll","background-type":"","background-media":"","overlay-type":"","overlay-color":"","overlay-opacity":"","overlay-gradient":""},"tablet":{"background-color":"var(--ast-global-color-5)","background-image":"","background-repeat":"repeat","background-position":"center center","background-size":"auto","background-attachment":"scroll","background-type":"","background-media":"","overlay-type":"","overlay-color":"","overlay-opacity":"","overlay-gradient":""},"mobile":{"background-color":"var(--ast-global-color-5)","background-image":"","background-repeat":"repeat","background-position":"center center","background-size":"auto","background-attachment":"scroll","background-type":"","background-media":"","overlay-type":"","overlay-color":"","overlay-opacity":"","overlay-gradient":""}},"footnotes":""},"categories":[23,535],"tags":[953,888,4102,90,4189,530,4416],"class_list":["post-52739","post","type-post","status-publish","format-standard","has-post-thumbnail","hentry","category-destacats","category-seccio-de-fotografia-del-cofb","tag-concurs-de-fotografia","tag-concurs-fotografic","tag-confinament","tag-covid-19","tag-desconfinament","tag-fotografia","tag-v-concurs-de-fotografia"],"yoast_head":"<!-- This site is optimized with the Yoast SEO plugin v22.4 - https:\/\/yoast.com\/wordpress\/plugins\/seo\/ -->\n<title>La V Edici\u00f3 del Concurs de Fotografia ja t\u00e9 guanyadors - Col\u00b7legi de Farmac\u00e8utics de Barcelona<\/title>\n<meta name=\"description\" content=\"Ja tenim els guanyadors de la V edici\u00f3 del Concurs de Fotografia del COFB. La tem\u00e0tica proposada de l&#039;edici\u00f3 de 2020 ha estat la COVID-19, el confinament i el desconfinament. Els guanyadors han estat J\u00falia Dalmau i Manuel Francisco Mazario, en les categories a color i blanc i negre, respectivament.\" \/>\n<meta name=\"robots\" content=\"index, follow, max-snippet:-1, max-image-preview:large, max-video-preview:-1\" \/>\n<link rel=\"canonical\" href=\"https:\/\/novaorg.cofb.net\/2020\/11\/12\/la-v-edicio-del-concurs-de-fotografia-ja-te-guanyadors\/\" \/>\n<meta property=\"og:locale\" content=\"ca_ES\" \/>\n<meta property=\"og:type\" content=\"article\" \/>\n<meta property=\"og:title\" content=\"La V Edici\u00f3 del Concurs de Fotografia ja t\u00e9 guanyadors - Col\u00b7legi de Farmac\u00e8utics de Barcelona\" \/>\n<meta property=\"og:description\" content=\"Ja tenim els guanyadors de la V edici\u00f3 del Concurs de Fotografia del COFB. La tem\u00e0tica proposada de l&#039;edici\u00f3 de 2020 ha estat la COVID-19, el confinament i el desconfinament. Els guanyadors han estat J\u00falia Dalmau i Manuel Francisco Mazario, en les categories a color i blanc i negre, respectivament.\" \/>\n<meta property=\"og:url\" content=\"https:\/\/novaorg.cofb.net\/2020\/11\/12\/la-v-edicio-del-concurs-de-fotografia-ja-te-guanyadors\/\" \/>\n<meta property=\"og:site_name\" content=\"Col\u00b7legi de Farmac\u00e8utics de Barcelona\" \/>\n<meta property=\"article:publisher\" content=\"https:\/\/www.facebook.com\/farmaceuticsbcn\/\" \/>\n<meta property=\"article:published_time\" content=\"2020-11-12T12:19:48+00:00\" \/>\n<meta name=\"author\" content=\"wpAdminCofbOrg\" \/>\n<meta name=\"twitter:card\" content=\"summary_large_image\" \/>\n<meta name=\"twitter:creator\" content=\"@farmaceuticsbcn\" \/>\n<meta name=\"twitter:site\" content=\"@farmaceuticsbcn\" \/>\n<meta name=\"twitter:label1\" content=\"Escrit per\" \/>\n\t<meta name=\"twitter:data1\" content=\"wpAdminCofbOrg\" \/>\n\t<meta name=\"twitter:label2\" content=\"Temps estimat de lectura\" \/>\n\t<meta name=\"twitter:data2\" content=\"2 minuts\" \/>\n<script type=\"application\/ld+json\" class=\"yoast-schema-graph\">{\"@context\":\"https:\/\/schema.org\",\"@graph\":[{\"@type\":\"Article\",\"@id\":\"https:\/\/novaorg.cofb.net\/2020\/11\/12\/la-v-edicio-del-concurs-de-fotografia-ja-te-guanyadors\/#article\",\"isPartOf\":{\"@id\":\"https:\/\/novaorg.cofb.net\/2020\/11\/12\/la-v-edicio-del-concurs-de-fotografia-ja-te-guanyadors\/\"},\"author\":{\"name\":\"wpAdminCofbOrg\",\"@id\":\"https:\/\/www.cofb.org\/#\/schema\/person\/22ed7eea88da74b0fa4d3154ad87ffcb\"},\"headline\":\"La V Edici\u00f3 del Concurs de Fotografia ja t\u00e9 guanyadors\",\"datePublished\":\"2020-11-12T12:19:48+00:00\",\"dateModified\":\"2020-11-12T12:19:48+00:00\",\"mainEntityOfPage\":{\"@id\":\"https:\/\/novaorg.cofb.net\/2020\/11\/12\/la-v-edicio-del-concurs-de-fotografia-ja-te-guanyadors\/\"},\"wordCount\":440,\"commentCount\":0,\"publisher\":{\"@id\":\"https:\/\/www.cofb.org\/#organization\"},\"image\":{\"@id\":\"https:\/\/novaorg.cofb.net\/2020\/11\/12\/la-v-edicio-del-concurs-de-fotografia-ja-te-guanyadors\/#primaryimage\"},\"thumbnailUrl\":\"\",\"keywords\":[\"concurs de fotografia\",\"concurs fotogr\u00e0fic\",\"confinament\",\"COVID-19\",\"desconfinament\",\"fotografia\",\"V concurs de fotografia\"],\"articleSection\":[\"Destacats\",\"Secci\u00f3 de fotografia del COFB\"],\"inLanguage\":\"ca\",\"potentialAction\":[{\"@type\":\"CommentAction\",\"name\":\"Comment\",\"target\":[\"https:\/\/novaorg.cofb.net\/2020\/11\/12\/la-v-edicio-del-concurs-de-fotografia-ja-te-guanyadors\/#respond\"]}]},{\"@type\":\"WebPage\",\"@id\":\"https:\/\/novaorg.cofb.net\/2020\/11\/12\/la-v-edicio-del-concurs-de-fotografia-ja-te-guanyadors\/\",\"url\":\"https:\/\/novaorg.cofb.net\/2020\/11\/12\/la-v-edicio-del-concurs-de-fotografia-ja-te-guanyadors\/\",\"name\":\"La V Edici\u00f3 del Concurs de Fotografia ja t\u00e9 guanyadors - Col\u00b7legi de Farmac\u00e8utics de Barcelona\",\"isPartOf\":{\"@id\":\"https:\/\/www.cofb.org\/#website\"},\"primaryImageOfPage\":{\"@id\":\"https:\/\/novaorg.cofb.net\/2020\/11\/12\/la-v-edicio-del-concurs-de-fotografia-ja-te-guanyadors\/#primaryimage\"},\"image\":{\"@id\":\"https:\/\/novaorg.cofb.net\/2020\/11\/12\/la-v-edicio-del-concurs-de-fotografia-ja-te-guanyadors\/#primaryimage\"},\"thumbnailUrl\":\"\",\"datePublished\":\"2020-11-12T12:19:48+00:00\",\"dateModified\":\"2020-11-12T12:19:48+00:00\",\"description\":\"Ja tenim els guanyadors de la V edici\u00f3 del Concurs de Fotografia del COFB. La tem\u00e0tica proposada de l'edici\u00f3 de 2020 ha estat la COVID-19, el confinament i el desconfinament. Els guanyadors han estat J\u00falia Dalmau i Manuel Francisco Mazario, en les categories a color i blanc i negre, respectivament.\",\"breadcrumb\":{\"@id\":\"https:\/\/novaorg.cofb.net\/2020\/11\/12\/la-v-edicio-del-concurs-de-fotografia-ja-te-guanyadors\/#breadcrumb\"},\"inLanguage\":\"ca\",\"potentialAction\":[{\"@type\":\"ReadAction\",\"target\":[\"https:\/\/novaorg.cofb.net\/2020\/11\/12\/la-v-edicio-del-concurs-de-fotografia-ja-te-guanyadors\/\"]}]},{\"@type\":\"ImageObject\",\"inLanguage\":\"ca\",\"@id\":\"https:\/\/novaorg.cofb.net\/2020\/11\/12\/la-v-edicio-del-concurs-de-fotografia-ja-te-guanyadors\/#primaryimage\",\"url\":\"\",\"contentUrl\":\"\"},{\"@type\":\"BreadcrumbList\",\"@id\":\"https:\/\/novaorg.cofb.net\/2020\/11\/12\/la-v-edicio-del-concurs-de-fotografia-ja-te-guanyadors\/#breadcrumb\",\"itemListElement\":[{\"@type\":\"ListItem\",\"position\":1,\"name\":\"Inici\",\"item\":\"https:\/\/novaorg.cofb.net\/\"},{\"@type\":\"ListItem\",\"position\":2,\"name\":\"La V Edici\u00f3 del Concurs de Fotografia ja t\u00e9 guanyadors\"}]},{\"@type\":\"WebSite\",\"@id\":\"https:\/\/www.cofb.org\/#website\",\"url\":\"https:\/\/www.cofb.org\/\",\"name\":\"Col\u00b7legi de Farmac\u00e8utics de Barcelona\",\"description\":\"\",\"publisher\":{\"@id\":\"https:\/\/www.cofb.org\/#organization\"},\"potentialAction\":[{\"@type\":\"SearchAction\",\"target\":{\"@type\":\"EntryPoint\",\"urlTemplate\":\"https:\/\/www.cofb.org\/?s={search_term_string}\"},\"query-input\":\"required name=search_term_string\"}],\"inLanguage\":\"ca\"},{\"@type\":\"Organization\",\"@id\":\"https:\/\/www.cofb.org\/#organization\",\"name\":\"Col\u00b7legi de Farmac\u00e8utics de Barcelona\",\"url\":\"https:\/\/www.cofb.org\/\",\"logo\":{\"@type\":\"ImageObject\",\"inLanguage\":\"ca\",\"@id\":\"https:\/\/www.cofb.org\/#\/schema\/logo\/image\/\",\"url\":\"https:\/\/www.cofb.org\/wp-content\/uploads\/2023\/11\/cropped-Logotip-COFB.png\",\"contentUrl\":\"https:\/\/www.cofb.org\/wp-content\/uploads\/2023\/11\/cropped-Logotip-COFB.png\",\"width\":500,\"height\":105,\"caption\":\"Col\u00b7legi de Farmac\u00e8utics de Barcelona\"},\"image\":{\"@id\":\"https:\/\/www.cofb.org\/#\/schema\/logo\/image\/\"},\"sameAs\":[\"https:\/\/www.facebook.com\/farmaceuticsbcn\/\",\"https:\/\/twitter.com\/farmaceuticsbcn\",\"https:\/\/www.instagram.com\/farmaceuticsbcn\/\",\"https:\/\/www.linkedin.com\/company\/farmaceuticsbcn\/\"]},{\"@type\":\"Person\",\"@id\":\"https:\/\/www.cofb.org\/#\/schema\/person\/22ed7eea88da74b0fa4d3154ad87ffcb\",\"name\":\"wpAdminCofbOrg\",\"image\":{\"@type\":\"ImageObject\",\"inLanguage\":\"ca\",\"@id\":\"https:\/\/www.cofb.org\/#\/schema\/person\/image\/\",\"url\":\"https:\/\/secure.gravatar.com\/avatar\/1721b20b3b8ca882c3b56ec6c978c594fff670e40c0718e9190eaeeb76aae7d8?s=96&d=mm&r=g\",\"contentUrl\":\"https:\/\/secure.gravatar.com\/avatar\/1721b20b3b8ca882c3b56ec6c978c594fff670e40c0718e9190eaeeb76aae7d8?s=96&d=mm&r=g\",\"caption\":\"wpAdminCofbOrg\"},\"sameAs\":[\"http:\/\/192.168.64.122\/wordpress\"],\"url\":\"https:\/\/www.cofb.org\/ca\/author\/wpadmincofborg\/\"}]}<\/script>\n<!-- \/ Yoast SEO plugin. -->","yoast_head_json":{"title":"La V Edici\u00f3 del Concurs de Fotografia ja t\u00e9 guanyadors - Col\u00b7legi de Farmac\u00e8utics de Barcelona","description":"Ja tenim els guanyadors de la V edici\u00f3 del Concurs de Fotografia del COFB. La tem\u00e0tica proposada de l'edici\u00f3 de 2020 ha estat la COVID-19, el confinament i el desconfinament. Els guanyadors han estat J\u00falia Dalmau i Manuel Francisco Mazario, en les categories a color i blanc i negre, respectivament.","robots":{"index":"index","follow":"follow","max-snippet":"max-snippet:-1","max-image-preview":"max-image-preview:large","max-video-preview":"max-video-preview:-1"},"canonical":"https:\/\/novaorg.cofb.net\/2020\/11\/12\/la-v-edicio-del-concurs-de-fotografia-ja-te-guanyadors\/","og_locale":"ca_ES","og_type":"article","og_title":"La V Edici\u00f3 del Concurs de Fotografia ja t\u00e9 guanyadors - Col\u00b7legi de Farmac\u00e8utics de Barcelona","og_description":"Ja tenim els guanyadors de la V edici\u00f3 del Concurs de Fotografia del COFB. La tem\u00e0tica proposada de l'edici\u00f3 de 2020 ha estat la COVID-19, el confinament i el desconfinament. Els guanyadors han estat J\u00falia Dalmau i Manuel Francisco Mazario, en les categories a color i blanc i negre, respectivament.","og_url":"https:\/\/novaorg.cofb.net\/2020\/11\/12\/la-v-edicio-del-concurs-de-fotografia-ja-te-guanyadors\/","og_site_name":"Col\u00b7legi de Farmac\u00e8utics de Barcelona","article_publisher":"https:\/\/www.facebook.com\/farmaceuticsbcn\/","article_published_time":"2020-11-12T12:19:48+00:00","author":"wpAdminCofbOrg","twitter_card":"summary_large_image","twitter_creator":"@farmaceuticsbcn","twitter_site":"@farmaceuticsbcn","twitter_misc":{"Escrit per":"wpAdminCofbOrg","Temps estimat de lectura":"2 minuts"},"schema":{"@context":"https:\/\/schema.org","@graph":[{"@type":"Article","@id":"https:\/\/novaorg.cofb.net\/2020\/11\/12\/la-v-edicio-del-concurs-de-fotografia-ja-te-guanyadors\/#article","isPartOf":{"@id":"https:\/\/novaorg.cofb.net\/2020\/11\/12\/la-v-edicio-del-concurs-de-fotografia-ja-te-guanyadors\/"},"author":{"name":"wpAdminCofbOrg","@id":"https:\/\/www.cofb.org\/#\/schema\/person\/22ed7eea88da74b0fa4d3154ad87ffcb"},"headline":"La V Edici\u00f3 del Concurs de Fotografia ja t\u00e9 guanyadors","datePublished":"2020-11-12T12:19:48+00:00","dateModified":"2020-11-12T12:19:48+00:00","mainEntityOfPage":{"@id":"https:\/\/novaorg.cofb.net\/2020\/11\/12\/la-v-edicio-del-concurs-de-fotografia-ja-te-guanyadors\/"},"wordCount":440,"commentCount":0,"publisher":{"@id":"https:\/\/www.cofb.org\/#organization"},"image":{"@id":"https:\/\/novaorg.cofb.net\/2020\/11\/12\/la-v-edicio-del-concurs-de-fotografia-ja-te-guanyadors\/#primaryimage"},"thumbnailUrl":"","keywords":["concurs de fotografia","concurs fotogr\u00e0fic","confinament","COVID-19","desconfinament","fotografia","V concurs de fotografia"],"articleSection":["Destacats","Secci\u00f3 de fotografia del COFB"],"inLanguage":"ca","potentialAction":[{"@type":"CommentAction","name":"Comment","target":["https:\/\/novaorg.cofb.net\/2020\/11\/12\/la-v-edicio-del-concurs-de-fotografia-ja-te-guanyadors\/#respond"]}]},{"@type":"WebPage","@id":"https:\/\/novaorg.cofb.net\/2020\/11\/12\/la-v-edicio-del-concurs-de-fotografia-ja-te-guanyadors\/","url":"https:\/\/novaorg.cofb.net\/2020\/11\/12\/la-v-edicio-del-concurs-de-fotografia-ja-te-guanyadors\/","name":"La V Edici\u00f3 del Concurs de Fotografia ja t\u00e9 guanyadors - Col\u00b7legi de Farmac\u00e8utics de Barcelona","isPartOf":{"@id":"https:\/\/www.cofb.org\/#website"},"primaryImageOfPage":{"@id":"https:\/\/novaorg.cofb.net\/2020\/11\/12\/la-v-edicio-del-concurs-de-fotografia-ja-te-guanyadors\/#primaryimage"},"image":{"@id":"https:\/\/novaorg.cofb.net\/2020\/11\/12\/la-v-edicio-del-concurs-de-fotografia-ja-te-guanyadors\/#primaryimage"},"thumbnailUrl":"","datePublished":"2020-11-12T12:19:48+00:00","dateModified":"2020-11-12T12:19:48+00:00","description":"Ja tenim els guanyadors de la V edici\u00f3 del Concurs de Fotografia del COFB. La tem\u00e0tica proposada de l'edici\u00f3 de 2020 ha estat la COVID-19, el confinament i el desconfinament. Els guanyadors han estat J\u00falia Dalmau i Manuel Francisco Mazario, en les categories a color i blanc i negre, respectivament.","breadcrumb":{"@id":"https:\/\/novaorg.cofb.net\/2020\/11\/12\/la-v-edicio-del-concurs-de-fotografia-ja-te-guanyadors\/#breadcrumb"},"inLanguage":"ca","potentialAction":[{"@type":"ReadAction","target":["https:\/\/novaorg.cofb.net\/2020\/11\/12\/la-v-edicio-del-concurs-de-fotografia-ja-te-guanyadors\/"]}]},{"@type":"ImageObject","inLanguage":"ca","@id":"https:\/\/novaorg.cofb.net\/2020\/11\/12\/la-v-edicio-del-concurs-de-fotografia-ja-te-guanyadors\/#primaryimage","url":"","contentUrl":""},{"@type":"BreadcrumbList","@id":"https:\/\/novaorg.cofb.net\/2020\/11\/12\/la-v-edicio-del-concurs-de-fotografia-ja-te-guanyadors\/#breadcrumb","itemListElement":[{"@type":"ListItem","position":1,"name":"Inici","item":"https:\/\/novaorg.cofb.net\/"},{"@type":"ListItem","position":2,"name":"La V Edici\u00f3 del Concurs de Fotografia ja t\u00e9 guanyadors"}]},{"@type":"WebSite","@id":"https:\/\/www.cofb.org\/#website","url":"https:\/\/www.cofb.org\/","name":"Col\u00b7legi de Farmac\u00e8utics de Barcelona","description":"","publisher":{"@id":"https:\/\/www.cofb.org\/#organization"},"potentialAction":[{"@type":"SearchAction","target":{"@type":"EntryPoint","urlTemplate":"https:\/\/www.cofb.org\/?s={search_term_string}"},"query-input":"required name=search_term_string"}],"inLanguage":"ca"},{"@type":"Organization","@id":"https:\/\/www.cofb.org\/#organization","name":"Col\u00b7legi de Farmac\u00e8utics de Barcelona","url":"https:\/\/www.cofb.org\/","logo":{"@type":"ImageObject","inLanguage":"ca","@id":"https:\/\/www.cofb.org\/#\/schema\/logo\/image\/","url":"https:\/\/www.cofb.org\/wp-content\/uploads\/2023\/11\/cropped-Logotip-COFB.png","contentUrl":"https:\/\/www.cofb.org\/wp-content\/uploads\/2023\/11\/cropped-Logotip-COFB.png","width":500,"height":105,"caption":"Col\u00b7legi de Farmac\u00e8utics de Barcelona"},"image":{"@id":"https:\/\/www.cofb.org\/#\/schema\/logo\/image\/"},"sameAs":["https:\/\/www.facebook.com\/farmaceuticsbcn\/","https:\/\/twitter.com\/farmaceuticsbcn","https:\/\/www.instagram.com\/farmaceuticsbcn\/","https:\/\/www.linkedin.com\/company\/farmaceuticsbcn\/"]},{"@type":"Person","@id":"https:\/\/www.cofb.org\/#\/schema\/person\/22ed7eea88da74b0fa4d3154ad87ffcb","name":"wpAdminCofbOrg","image":{"@type":"ImageObject","inLanguage":"ca","@id":"https:\/\/www.cofb.org\/#\/schema\/person\/image\/","url":"https:\/\/secure.gravatar.com\/avatar\/1721b20b3b8ca882c3b56ec6c978c594fff670e40c0718e9190eaeeb76aae7d8?s=96&d=mm&r=g","contentUrl":"https:\/\/secure.gravatar.com\/avatar\/1721b20b3b8ca882c3b56ec6c978c594fff670e40c0718e9190eaeeb76aae7d8?s=96&d=mm&r=g","caption":"wpAdminCofbOrg"},"sameAs":["http:\/\/192.168.64.122\/wordpress"],"url":"https:\/\/www.cofb.org\/ca\/author\/wpadmincofborg\/"}]}},"uagb_featured_image_src":{"full":false,"thumbnail":false,"medium":false,"medium_large":false,"large":false,"1536x1536":false,"2048x2048":false,"trp-custom-language-flag":false},"uagb_author_info":{"display_name":"wpAdminCofbOrg","author_link":"https:\/\/www.cofb.org\/ca\/author\/wpadmincofborg\/"},"uagb_comment_info":0,"uagb_excerpt":"Ja tenim els guanyadors de la V edici\u00f3 del Concurs de Fotografia del COFB. La tem\u00e0tica proposada de l&#8217;edici\u00f3 de 2020 ha estat la COVID-19, el confinament i el desconfinament. Els guanyadors\u00a0dels primers premis han estat J\u00falia Dalmau i Manuel Francisco Mazario, en les categories a color i blanc i [&hellip;]","_links":{"self":[{"href":"https:\/\/www.cofb.org\/ca\/wp-json\/wp\/v2\/posts\/52739","targetHints":{"allow":["GET"]}}],"collection":[{"href":"https:\/\/www.cofb.org\/ca\/wp-json\/wp\/v2\/posts"}],"about":[{"href":"https:\/\/www.cofb.org\/ca\/wp-json\/wp\/v2\/types\/post"}],"author":[{"embeddable":true,"href":"https:\/\/www.cofb.org\/ca\/wp-json\/wp\/v2\/users\/1"}],"replies":[{"embeddable":true,"href":"https:\/\/www.cofb.org\/ca\/wp-json\/wp\/v2\/comments?post=52739"}],"version-history":[{"count":0,"href":"https:\/\/www.cofb.org\/ca\/wp-json\/wp\/v2\/posts\/52739\/revisions"}],"wp:featuredmedia":[{"embeddable":true,"href":"https:\/\/www.cofb.org\/ca\/wp-json\/"}],"wp:attachment":[{"href":"https:\/\/www.cofb.org\/ca\/wp-json\/wp\/v2\/media?parent=52739"}],"wp:term":[{"taxonomy":"category","embeddable":true,"href":"https:\/\/www.cofb.org\/ca\/wp-json\/wp\/v2\/categories?post=52739"},{"taxonomy":"post_tag","embeddable":true,"href":"https:\/\/www.cofb.org\/ca\/wp-json\/wp\/v2\/tags?post=52739"}],"curies":[{"name":"wp","href":"https:\/\/api.w.org\/{rel}","templated":true}]}}