{"id":52417,"date":"2020-11-04T12:40:25","date_gmt":"2020-11-04T10:40:25","guid":{"rendered":"https:\/\/blog.cofb.cat\/?p=52417"},"modified":"2020-11-04T12:40:25","modified_gmt":"2020-11-04T10:40:25","slug":"ostomies-nova-edicio-taller-adrecat-farmaceutics","status":"publish","type":"post","link":"https:\/\/www.cofb.org\/ca\/2020\/11\/04\/ostomies-nova-edicio-taller-adrecat-farmaceutics\/","title":{"rendered":"Ostomies: nova edici\u00f3 del taller adre\u00e7at a farmac\u00e8utics"},"content":{"rendered":"<p>El passat 21 d&#8217;octubre va tenir lloc al <strong>Col\u00b7legi de Farmac\u00e8utics de Barcelona<\/strong> una nova edici\u00f3 del taller d&#8217;ostomies, que enguany es va plantejar en dues modalitats: <strong>presencial<\/strong> i <strong>virtual<\/strong> a trav\u00e9s de la plataforma Zoom. La formaci\u00f3, coordinada per <strong>Elena Palau<\/strong>, vocal d&#8217;Ortop\u00e8dia del Col\u00b7legi, va impartir-la <strong>Teresa Poca<\/strong>, infermera estomaterapeuta i supervisora de Servei de Cirurgia de l&#8217;Hospital de Barcelona.<\/p>\n<figure id=\"attachment_52437\" aria-describedby=\"caption-attachment-52437\" style=\"width: 620px\" class=\"wp-caption aligncenter\"><a href=\"https:\/\/blog.cofb.cat\/wp-content\/uploads\/2020\/10\/Ostomia-1-red..jpg\"><img fetchpriority=\"high\" decoding=\"async\" class=\"wp-image-52437 size-large\" title=\"La formaci\u00f3 va constar d'una part te\u00f2rica i d'una part pr\u00e0ctica.\" src=\"https:\/\/blog.cofb.cat\/wp-content\/uploads\/2020\/10\/Ostomia-1-red.-1024x546.jpg\" alt=\"La formaci\u00f3 va constar d'una part te\u00f2rica i d'una part pr\u00e0ctica.\" width=\"620\" height=\"331\" \/><\/a><figcaption id=\"caption-attachment-52437\" class=\"wp-caption-text\">La formaci\u00f3 va constar d&#8217;una part te\u00f2rica i d&#8217;una part pr\u00e0ctica.<\/figcaption><\/figure>\n<p>A trav\u00e9s de <strong>sessions te\u00f2riques<\/strong> i una <strong>demostraci\u00f3 pr\u00e0ctica<\/strong>, la formaci\u00f3 tenia per objectius donar a con\u00e8ixer <strong>qu\u00e8 \u00e9s<\/strong> i <strong>com funciona<\/strong> una ostomia, con\u00e8ixer el <strong>material espec\u00edfic per tenir cura de l&#8217;estoma<\/strong> i els <strong>beneficis de la irrigaci\u00f3 per colostomia<\/strong>.<\/p>\n<p>Concretament, el programa va incloure els temes seg\u00fcents: <strong>classificaci\u00f3 de les ostomies<\/strong>, <strong>causes<\/strong> m\u00e9s freq\u00fcents, <strong>material necessari per tenir-ne cura<\/strong>, <strong>complicacions<\/strong> principals, <strong>preparaci\u00f3<\/strong> mec\u00e0nica del c\u00f2lon, <strong>sistemes continents<\/strong>,<strong> taller te\u00f2ric i pr\u00e0ctic d\u2019irrigaci\u00f3<\/strong> per colostomia i <strong>resoluci\u00f3<\/strong> de casos pr\u00e0ctics\u00a0relacionats amb les tem\u00e0tiques impartides.<\/p>\n<div class=\"destacat-blog\">\n<h2><span style=\"color: #008080;\"><strong>Qu\u00e8 \u00e9s una ostomia?<\/strong><\/span><\/h2>\n<p>Una ostomia \u00e9s una <strong>derivaci\u00f3 quir\u00fargica de l\u2019aparell digestiu<\/strong> o <strong>de l\u2019aparell urinari<\/strong> perqu\u00e8 el pacient pugui eliminar els residus que l\u2019organisme genera per una via diferent de la natural quan no \u00e9s possible fer-ho pel conducte normal. La persona que en porta una incorporada necessita un material espec\u00edfic per fer el manteniment diari de l\u2019estoma.<\/p>\n<\/div>\n<figure id=\"attachment_52438\" aria-describedby=\"caption-attachment-52438\" style=\"width: 620px\" class=\"wp-caption aligncenter\"><a href=\"https:\/\/blog.cofb.cat\/wp-content\/uploads\/2020\/10\/Ostomia-2-red..jpg\"><img decoding=\"async\" class=\"wp-image-52438 size-large\" title=\"Teresa Poca, infermera estomaterapeuta i supervisora de Servei de Cirurgia de l'Hospital de Barcelona, en un moment de la formaci\u00f3.\" src=\"https:\/\/blog.cofb.cat\/wp-content\/uploads\/2020\/10\/Ostomia-2-red.-1024x596.jpg\" alt=\"Teresa Poca, infermera estomaterapeuta i supervisora de Servei de Cirurgia de l'Hospital de Barcelona, en un moment de la formaci\u00f3.\" width=\"620\" height=\"361\" \/><\/a><figcaption id=\"caption-attachment-52438\" class=\"wp-caption-text\">Teresa Poca, infermera estomaterapeuta i supervisora de Servei de Cirurgia de l&#8217;Hospital de Barcelona, en un moment de la formaci\u00f3.<\/figcaption><\/figure>\n<p>La <strong>formaci\u00f3<\/strong> estava especialment indicada per<strong> proporcionar als farmac\u00e8utics<\/strong> assistents <strong>eines per oferir ajuda als pacients<\/strong> per tal que entenguin que <strong>ajustar correctament la bossa \u00e9s prioritari per mantenir una pell sana<\/strong> al voltant de l&#8217;estoma i que, a vegades, els accessoris poden ser el millor recurs per tal de prolongar el temps d&#8217;\u00fas de la l\u00e0mina o a impedir que es produeixin fugues.<\/p>\n<p style=\"text-align: right;\"><strong>Amb el patrocini de:<\/strong><\/p>\n<p style=\"text-align: right;\"><a href=\"https:\/\/www.hollister.es\/es-es\/\" target=\"_blank\" rel=\"noopener\"><img decoding=\"async\" class=\" wp-image-38142 alignright\" src=\"https:\/\/blog.cofb.cat\/wp-content\/uploads\/2018\/03\/hollister.jpg\" alt=\"\" width=\"187\" height=\"49\" \/><\/a><\/p>\n<p>&nbsp;<\/p>\n<p>&nbsp;<\/p>\n<p>&nbsp;<\/p>\n<p><strong>Altres publicacions d&#8217;inter\u00e8s:<\/strong><\/p>\n<ul>\n<li><a href=\"https:\/\/blog.cofb.cat\/nova-edicio-taller-dostomies\/\" target=\"_blank\" rel=\"noopener\">Nova edici\u00f3 del taller d\u2019ostomies (Abril 2019)<\/a><\/li>\n<li><a href=\"https:\/\/blog.cofb.cat\/ostomies-actualitzacio-teorica-practica\/\" target=\"_blank\" rel=\"noopener\">Ostomies: actualitzaci\u00f3 te\u00f2rica i pr\u00e0ctica (Mar\u00e7 2018)<\/a><\/li>\n<li><a href=\"https:\/\/blog.cofb.cat\/ortopedia-tallers-de-terapia-compressiva-ostomies-fabricacio-de-plantilles\/\" target=\"_blank\" rel=\"noopener\">Ortop\u00e8dia: tallers de ter\u00e0pia compressiva, ostomies i fabricaci\u00f3 de plantilles (Maig 2017)<\/a><\/li>\n<\/ul>\n<p>&nbsp;<\/p>\n","protected":false},"excerpt":{"rendered":"<p>El passat 21 d&#8217;octubre va tenir lloc al Col\u00b7legi de Farmac\u00e8utics de Barcelona una nova edici\u00f3 del taller d&#8217;ostomies, que enguany es va plantejar en dues modalitats: presencial i virtual a trav\u00e9s de la plataforma Zoom. La formaci\u00f3, coordinada per Elena Palau, vocal d&#8217;Ortop\u00e8dia del Col\u00b7legi, va impartir-la Teresa Poca, [&hellip;]<\/p>\n","protected":false},"author":1,"featured_media":52438,"comment_status":"open","ping_status":"open","sticky":false,"template":"","format":"standard","meta":{"_uag_custom_page_level_css":"","site-sidebar-layout":"default","site-content-layout":"","ast-site-content-layout":"default","site-content-style":"default","site-sidebar-style":"default","ast-global-header-display":"","ast-banner-title-visibility":"","ast-main-header-display":"","ast-hfb-above-header-display":"","ast-hfb-below-header-display":"","ast-hfb-mobile-header-display":"","site-post-title":"","ast-breadcrumbs-content":"","ast-featured-img":"disabled","footer-sml-layout":"","theme-transparent-header-meta":"","adv-header-id-meta":"","stick-header-meta":"","header-above-stick-meta":"","header-main-stick-meta":"","header-below-stick-meta":"","astra-migrate-meta-layouts":"default","ast-page-background-enabled":"default","ast-page-background-meta":{"desktop":{"background-color":"var(--ast-global-color-4)","background-image":"","background-repeat":"repeat","background-position":"center center","background-size":"auto","background-attachment":"scroll","background-type":"","background-media":"","overlay-type":"","overlay-color":"","overlay-opacity":"","overlay-gradient":""},"tablet":{"background-color":"","background-image":"","background-repeat":"repeat","background-position":"center center","background-size":"auto","background-attachment":"scroll","background-type":"","background-media":"","overlay-type":"","overlay-color":"","overlay-opacity":"","overlay-gradient":""},"mobile":{"background-color":"","background-image":"","background-repeat":"repeat","background-position":"center center","background-size":"auto","background-attachment":"scroll","background-type":"","background-media":"","overlay-type":"","overlay-color":"","overlay-opacity":"","overlay-gradient":""}},"ast-content-background-meta":{"desktop":{"background-color":"var(--ast-global-color-5)","background-image":"","background-repeat":"repeat","background-position":"center center","background-size":"auto","background-attachment":"scroll","background-type":"","background-media":"","overlay-type":"","overlay-color":"","overlay-opacity":"","overlay-gradient":""},"tablet":{"background-color":"var(--ast-global-color-5)","background-image":"","background-repeat":"repeat","background-position":"center center","background-size":"auto","background-attachment":"scroll","background-type":"","background-media":"","overlay-type":"","overlay-color":"","overlay-opacity":"","overlay-gradient":""},"mobile":{"background-color":"var(--ast-global-color-5)","background-image":"","background-repeat":"repeat","background-position":"center center","background-size":"auto","background-attachment":"scroll","background-type":"","background-media":"","overlay-type":"","overlay-color":"","overlay-opacity":"","overlay-gradient":""}},"footnotes":""},"categories":[23,57],"tags":[18,19,958,4383,53,68,70,3230,962,4384,4385],"class_list":["post-52417","post","type-post","status-publish","format-standard","has-post-thumbnail","hentry","category-destacats","category-mon-collegial","tag-cofb","tag-collegi-de-farmaceutics-de-barcelona","tag-colostomia","tag-estomes","tag-farmaceutics","tag-farmacia","tag-formacio","tag-formacions-cofb","tag-ostomies","tag-practica","tag-sistemes-continents"],"yoast_head":"<!-- This site is optimized with the Yoast SEO plugin v22.4 - https:\/\/yoast.com\/wordpress\/plugins\/seo\/ -->\n<title>Ostomies: nova edici\u00f3 del taller adre\u00e7at a farmac\u00e8utics - Col\u00b7legi de Farmac\u00e8utics de Barcelona<\/title>\n<meta name=\"description\" content=\"El passat 21 d&#039;octubre va tenir lloc al Col\u00b7legi de Farmac\u00e8utics de Barcelona una nova edici\u00f3 del taller d&#039;ostomies, que enguany es va plantejar en dues modalitats: presencial i virtual a trav\u00e9s de la plataforma Zoom.\" \/>\n<meta name=\"robots\" content=\"index, follow, max-snippet:-1, max-image-preview:large, max-video-preview:-1\" \/>\n<link rel=\"canonical\" href=\"https:\/\/novaorg.cofb.net\/2020\/11\/04\/ostomies-nova-edicio-taller-adrecat-farmaceutics\/\" \/>\n<meta property=\"og:locale\" content=\"ca_ES\" \/>\n<meta property=\"og:type\" content=\"article\" \/>\n<meta property=\"og:title\" content=\"Ostomies: nova edici\u00f3 del taller adre\u00e7at a farmac\u00e8utics - Col\u00b7legi de Farmac\u00e8utics de Barcelona\" \/>\n<meta property=\"og:description\" content=\"El passat 21 d&#039;octubre va tenir lloc al Col\u00b7legi de Farmac\u00e8utics de Barcelona una nova edici\u00f3 del taller d&#039;ostomies, que enguany es va plantejar en dues modalitats: presencial i virtual a trav\u00e9s de la plataforma Zoom.\" \/>\n<meta property=\"og:url\" content=\"https:\/\/novaorg.cofb.net\/2020\/11\/04\/ostomies-nova-edicio-taller-adrecat-farmaceutics\/\" \/>\n<meta property=\"og:site_name\" content=\"Col\u00b7legi de Farmac\u00e8utics de Barcelona\" \/>\n<meta property=\"article:publisher\" content=\"https:\/\/www.facebook.com\/farmaceuticsbcn\/\" \/>\n<meta property=\"article:published_time\" content=\"2020-11-04T10:40:25+00:00\" \/>\n<meta name=\"author\" content=\"wpAdminCofbOrg\" \/>\n<meta name=\"twitter:card\" content=\"summary_large_image\" \/>\n<meta name=\"twitter:creator\" content=\"@farmaceuticsbcn\" \/>\n<meta name=\"twitter:site\" content=\"@farmaceuticsbcn\" \/>\n<meta name=\"twitter:label1\" content=\"Escrit per\" \/>\n\t<meta name=\"twitter:data1\" content=\"wpAdminCofbOrg\" \/>\n\t<meta name=\"twitter:label2\" content=\"Temps estimat de lectura\" \/>\n\t<meta name=\"twitter:data2\" content=\"2 minuts\" \/>\n<script type=\"application\/ld+json\" class=\"yoast-schema-graph\">{\"@context\":\"https:\/\/schema.org\",\"@graph\":[{\"@type\":\"Article\",\"@id\":\"https:\/\/novaorg.cofb.net\/2020\/11\/04\/ostomies-nova-edicio-taller-adrecat-farmaceutics\/#article\",\"isPartOf\":{\"@id\":\"https:\/\/novaorg.cofb.net\/2020\/11\/04\/ostomies-nova-edicio-taller-adrecat-farmaceutics\/\"},\"author\":{\"name\":\"wpAdminCofbOrg\",\"@id\":\"https:\/\/www.cofb.org\/#\/schema\/person\/22ed7eea88da74b0fa4d3154ad87ffcb\"},\"headline\":\"Ostomies: nova edici\u00f3 del taller adre\u00e7at a farmac\u00e8utics\",\"datePublished\":\"2020-11-04T10:40:25+00:00\",\"dateModified\":\"2020-11-04T10:40:25+00:00\",\"mainEntityOfPage\":{\"@id\":\"https:\/\/novaorg.cofb.net\/2020\/11\/04\/ostomies-nova-edicio-taller-adrecat-farmaceutics\/\"},\"wordCount\":408,\"commentCount\":0,\"publisher\":{\"@id\":\"https:\/\/www.cofb.org\/#organization\"},\"image\":{\"@id\":\"https:\/\/novaorg.cofb.net\/2020\/11\/04\/ostomies-nova-edicio-taller-adrecat-farmaceutics\/#primaryimage\"},\"thumbnailUrl\":\"\",\"keywords\":[\"COFB\",\"Col\u00b7legi de Farmac\u00e8utics de Barcelona\",\"colostomia\",\"estomes\",\"farmac\u00e8utics\",\"Farm\u00e0cia\",\"Formaci\u00f3\",\"formacions cofb\",\"ostomies\",\"pr\u00e0ctica\",\"sistemes continents\"],\"articleSection\":[\"Destacats\",\"M\u00f3n col\u00b7legial\"],\"inLanguage\":\"ca\",\"potentialAction\":[{\"@type\":\"CommentAction\",\"name\":\"Comment\",\"target\":[\"https:\/\/novaorg.cofb.net\/2020\/11\/04\/ostomies-nova-edicio-taller-adrecat-farmaceutics\/#respond\"]}]},{\"@type\":\"WebPage\",\"@id\":\"https:\/\/novaorg.cofb.net\/2020\/11\/04\/ostomies-nova-edicio-taller-adrecat-farmaceutics\/\",\"url\":\"https:\/\/novaorg.cofb.net\/2020\/11\/04\/ostomies-nova-edicio-taller-adrecat-farmaceutics\/\",\"name\":\"Ostomies: nova edici\u00f3 del taller adre\u00e7at a farmac\u00e8utics - Col\u00b7legi de Farmac\u00e8utics de Barcelona\",\"isPartOf\":{\"@id\":\"https:\/\/www.cofb.org\/#website\"},\"primaryImageOfPage\":{\"@id\":\"https:\/\/novaorg.cofb.net\/2020\/11\/04\/ostomies-nova-edicio-taller-adrecat-farmaceutics\/#primaryimage\"},\"image\":{\"@id\":\"https:\/\/novaorg.cofb.net\/2020\/11\/04\/ostomies-nova-edicio-taller-adrecat-farmaceutics\/#primaryimage\"},\"thumbnailUrl\":\"\",\"datePublished\":\"2020-11-04T10:40:25+00:00\",\"dateModified\":\"2020-11-04T10:40:25+00:00\",\"description\":\"El passat 21 d'octubre va tenir lloc al Col\u00b7legi de Farmac\u00e8utics de Barcelona una nova edici\u00f3 del taller d'ostomies, que enguany es va plantejar en dues modalitats: presencial i virtual a trav\u00e9s de la plataforma Zoom.\",\"breadcrumb\":{\"@id\":\"https:\/\/novaorg.cofb.net\/2020\/11\/04\/ostomies-nova-edicio-taller-adrecat-farmaceutics\/#breadcrumb\"},\"inLanguage\":\"ca\",\"potentialAction\":[{\"@type\":\"ReadAction\",\"target\":[\"https:\/\/novaorg.cofb.net\/2020\/11\/04\/ostomies-nova-edicio-taller-adrecat-farmaceutics\/\"]}]},{\"@type\":\"ImageObject\",\"inLanguage\":\"ca\",\"@id\":\"https:\/\/novaorg.cofb.net\/2020\/11\/04\/ostomies-nova-edicio-taller-adrecat-farmaceutics\/#primaryimage\",\"url\":\"\",\"contentUrl\":\"\"},{\"@type\":\"BreadcrumbList\",\"@id\":\"https:\/\/novaorg.cofb.net\/2020\/11\/04\/ostomies-nova-edicio-taller-adrecat-farmaceutics\/#breadcrumb\",\"itemListElement\":[{\"@type\":\"ListItem\",\"position\":1,\"name\":\"Inici\",\"item\":\"https:\/\/novaorg.cofb.net\/\"},{\"@type\":\"ListItem\",\"position\":2,\"name\":\"Ostomies: nova edici\u00f3 del taller adre\u00e7at a farmac\u00e8utics\"}]},{\"@type\":\"WebSite\",\"@id\":\"https:\/\/www.cofb.org\/#website\",\"url\":\"https:\/\/www.cofb.org\/\",\"name\":\"Col\u00b7legi de Farmac\u00e8utics de Barcelona\",\"description\":\"\",\"publisher\":{\"@id\":\"https:\/\/www.cofb.org\/#organization\"},\"potentialAction\":[{\"@type\":\"SearchAction\",\"target\":{\"@type\":\"EntryPoint\",\"urlTemplate\":\"https:\/\/www.cofb.org\/?s={search_term_string}\"},\"query-input\":\"required name=search_term_string\"}],\"inLanguage\":\"ca\"},{\"@type\":\"Organization\",\"@id\":\"https:\/\/www.cofb.org\/#organization\",\"name\":\"Col\u00b7legi de Farmac\u00e8utics de Barcelona\",\"url\":\"https:\/\/www.cofb.org\/\",\"logo\":{\"@type\":\"ImageObject\",\"inLanguage\":\"ca\",\"@id\":\"https:\/\/www.cofb.org\/#\/schema\/logo\/image\/\",\"url\":\"https:\/\/www.cofb.org\/wp-content\/uploads\/2023\/11\/cropped-Logotip-COFB.png\",\"contentUrl\":\"https:\/\/www.cofb.org\/wp-content\/uploads\/2023\/11\/cropped-Logotip-COFB.png\",\"width\":500,\"height\":105,\"caption\":\"Col\u00b7legi de Farmac\u00e8utics de Barcelona\"},\"image\":{\"@id\":\"https:\/\/www.cofb.org\/#\/schema\/logo\/image\/\"},\"sameAs\":[\"https:\/\/www.facebook.com\/farmaceuticsbcn\/\",\"https:\/\/twitter.com\/farmaceuticsbcn\",\"https:\/\/www.instagram.com\/farmaceuticsbcn\/\",\"https:\/\/www.linkedin.com\/company\/farmaceuticsbcn\/\"]},{\"@type\":\"Person\",\"@id\":\"https:\/\/www.cofb.org\/#\/schema\/person\/22ed7eea88da74b0fa4d3154ad87ffcb\",\"name\":\"wpAdminCofbOrg\",\"image\":{\"@type\":\"ImageObject\",\"inLanguage\":\"ca\",\"@id\":\"https:\/\/www.cofb.org\/#\/schema\/person\/image\/\",\"url\":\"https:\/\/secure.gravatar.com\/avatar\/1721b20b3b8ca882c3b56ec6c978c594fff670e40c0718e9190eaeeb76aae7d8?s=96&d=mm&r=g\",\"contentUrl\":\"https:\/\/secure.gravatar.com\/avatar\/1721b20b3b8ca882c3b56ec6c978c594fff670e40c0718e9190eaeeb76aae7d8?s=96&d=mm&r=g\",\"caption\":\"wpAdminCofbOrg\"},\"sameAs\":[\"http:\/\/192.168.64.122\/wordpress\"],\"url\":\"https:\/\/www.cofb.org\/ca\/author\/wpadmincofborg\/\"}]}<\/script>\n<!-- \/ Yoast SEO plugin. -->","yoast_head_json":{"title":"Ostomies: nova edici\u00f3 del taller adre\u00e7at a farmac\u00e8utics - Col\u00b7legi de Farmac\u00e8utics de Barcelona","description":"El passat 21 d'octubre va tenir lloc al Col\u00b7legi de Farmac\u00e8utics de Barcelona una nova edici\u00f3 del taller d'ostomies, que enguany es va plantejar en dues modalitats: presencial i virtual a trav\u00e9s de la plataforma Zoom.","robots":{"index":"index","follow":"follow","max-snippet":"max-snippet:-1","max-image-preview":"max-image-preview:large","max-video-preview":"max-video-preview:-1"},"canonical":"https:\/\/novaorg.cofb.net\/2020\/11\/04\/ostomies-nova-edicio-taller-adrecat-farmaceutics\/","og_locale":"ca_ES","og_type":"article","og_title":"Ostomies: nova edici\u00f3 del taller adre\u00e7at a farmac\u00e8utics - Col\u00b7legi de Farmac\u00e8utics de Barcelona","og_description":"El passat 21 d'octubre va tenir lloc al Col\u00b7legi de Farmac\u00e8utics de Barcelona una nova edici\u00f3 del taller d'ostomies, que enguany es va plantejar en dues modalitats: presencial i virtual a trav\u00e9s de la plataforma Zoom.","og_url":"https:\/\/novaorg.cofb.net\/2020\/11\/04\/ostomies-nova-edicio-taller-adrecat-farmaceutics\/","og_site_name":"Col\u00b7legi de Farmac\u00e8utics de Barcelona","article_publisher":"https:\/\/www.facebook.com\/farmaceuticsbcn\/","article_published_time":"2020-11-04T10:40:25+00:00","author":"wpAdminCofbOrg","twitter_card":"summary_large_image","twitter_creator":"@farmaceuticsbcn","twitter_site":"@farmaceuticsbcn","twitter_misc":{"Escrit per":"wpAdminCofbOrg","Temps estimat de lectura":"2 minuts"},"schema":{"@context":"https:\/\/schema.org","@graph":[{"@type":"Article","@id":"https:\/\/novaorg.cofb.net\/2020\/11\/04\/ostomies-nova-edicio-taller-adrecat-farmaceutics\/#article","isPartOf":{"@id":"https:\/\/novaorg.cofb.net\/2020\/11\/04\/ostomies-nova-edicio-taller-adrecat-farmaceutics\/"},"author":{"name":"wpAdminCofbOrg","@id":"https:\/\/www.cofb.org\/#\/schema\/person\/22ed7eea88da74b0fa4d3154ad87ffcb"},"headline":"Ostomies: nova edici\u00f3 del taller adre\u00e7at a farmac\u00e8utics","datePublished":"2020-11-04T10:40:25+00:00","dateModified":"2020-11-04T10:40:25+00:00","mainEntityOfPage":{"@id":"https:\/\/novaorg.cofb.net\/2020\/11\/04\/ostomies-nova-edicio-taller-adrecat-farmaceutics\/"},"wordCount":408,"commentCount":0,"publisher":{"@id":"https:\/\/www.cofb.org\/#organization"},"image":{"@id":"https:\/\/novaorg.cofb.net\/2020\/11\/04\/ostomies-nova-edicio-taller-adrecat-farmaceutics\/#primaryimage"},"thumbnailUrl":"","keywords":["COFB","Col\u00b7legi de Farmac\u00e8utics de Barcelona","colostomia","estomes","farmac\u00e8utics","Farm\u00e0cia","Formaci\u00f3","formacions cofb","ostomies","pr\u00e0ctica","sistemes continents"],"articleSection":["Destacats","M\u00f3n col\u00b7legial"],"inLanguage":"ca","potentialAction":[{"@type":"CommentAction","name":"Comment","target":["https:\/\/novaorg.cofb.net\/2020\/11\/04\/ostomies-nova-edicio-taller-adrecat-farmaceutics\/#respond"]}]},{"@type":"WebPage","@id":"https:\/\/novaorg.cofb.net\/2020\/11\/04\/ostomies-nova-edicio-taller-adrecat-farmaceutics\/","url":"https:\/\/novaorg.cofb.net\/2020\/11\/04\/ostomies-nova-edicio-taller-adrecat-farmaceutics\/","name":"Ostomies: nova edici\u00f3 del taller adre\u00e7at a farmac\u00e8utics - Col\u00b7legi de Farmac\u00e8utics de Barcelona","isPartOf":{"@id":"https:\/\/www.cofb.org\/#website"},"primaryImageOfPage":{"@id":"https:\/\/novaorg.cofb.net\/2020\/11\/04\/ostomies-nova-edicio-taller-adrecat-farmaceutics\/#primaryimage"},"image":{"@id":"https:\/\/novaorg.cofb.net\/2020\/11\/04\/ostomies-nova-edicio-taller-adrecat-farmaceutics\/#primaryimage"},"thumbnailUrl":"","datePublished":"2020-11-04T10:40:25+00:00","dateModified":"2020-11-04T10:40:25+00:00","description":"El passat 21 d'octubre va tenir lloc al Col\u00b7legi de Farmac\u00e8utics de Barcelona una nova edici\u00f3 del taller d'ostomies, que enguany es va plantejar en dues modalitats: presencial i virtual a trav\u00e9s de la plataforma Zoom.","breadcrumb":{"@id":"https:\/\/novaorg.cofb.net\/2020\/11\/04\/ostomies-nova-edicio-taller-adrecat-farmaceutics\/#breadcrumb"},"inLanguage":"ca","potentialAction":[{"@type":"ReadAction","target":["https:\/\/novaorg.cofb.net\/2020\/11\/04\/ostomies-nova-edicio-taller-adrecat-farmaceutics\/"]}]},{"@type":"ImageObject","inLanguage":"ca","@id":"https:\/\/novaorg.cofb.net\/2020\/11\/04\/ostomies-nova-edicio-taller-adrecat-farmaceutics\/#primaryimage","url":"","contentUrl":""},{"@type":"BreadcrumbList","@id":"https:\/\/novaorg.cofb.net\/2020\/11\/04\/ostomies-nova-edicio-taller-adrecat-farmaceutics\/#breadcrumb","itemListElement":[{"@type":"ListItem","position":1,"name":"Inici","item":"https:\/\/novaorg.cofb.net\/"},{"@type":"ListItem","position":2,"name":"Ostomies: nova edici\u00f3 del taller adre\u00e7at a farmac\u00e8utics"}]},{"@type":"WebSite","@id":"https:\/\/www.cofb.org\/#website","url":"https:\/\/www.cofb.org\/","name":"Col\u00b7legi de Farmac\u00e8utics de Barcelona","description":"","publisher":{"@id":"https:\/\/www.cofb.org\/#organization"},"potentialAction":[{"@type":"SearchAction","target":{"@type":"EntryPoint","urlTemplate":"https:\/\/www.cofb.org\/?s={search_term_string}"},"query-input":"required name=search_term_string"}],"inLanguage":"ca"},{"@type":"Organization","@id":"https:\/\/www.cofb.org\/#organization","name":"Col\u00b7legi de Farmac\u00e8utics de Barcelona","url":"https:\/\/www.cofb.org\/","logo":{"@type":"ImageObject","inLanguage":"ca","@id":"https:\/\/www.cofb.org\/#\/schema\/logo\/image\/","url":"https:\/\/www.cofb.org\/wp-content\/uploads\/2023\/11\/cropped-Logotip-COFB.png","contentUrl":"https:\/\/www.cofb.org\/wp-content\/uploads\/2023\/11\/cropped-Logotip-COFB.png","width":500,"height":105,"caption":"Col\u00b7legi de Farmac\u00e8utics de Barcelona"},"image":{"@id":"https:\/\/www.cofb.org\/#\/schema\/logo\/image\/"},"sameAs":["https:\/\/www.facebook.com\/farmaceuticsbcn\/","https:\/\/twitter.com\/farmaceuticsbcn","https:\/\/www.instagram.com\/farmaceuticsbcn\/","https:\/\/www.linkedin.com\/company\/farmaceuticsbcn\/"]},{"@type":"Person","@id":"https:\/\/www.cofb.org\/#\/schema\/person\/22ed7eea88da74b0fa4d3154ad87ffcb","name":"wpAdminCofbOrg","image":{"@type":"ImageObject","inLanguage":"ca","@id":"https:\/\/www.cofb.org\/#\/schema\/person\/image\/","url":"https:\/\/secure.gravatar.com\/avatar\/1721b20b3b8ca882c3b56ec6c978c594fff670e40c0718e9190eaeeb76aae7d8?s=96&d=mm&r=g","contentUrl":"https:\/\/secure.gravatar.com\/avatar\/1721b20b3b8ca882c3b56ec6c978c594fff670e40c0718e9190eaeeb76aae7d8?s=96&d=mm&r=g","caption":"wpAdminCofbOrg"},"sameAs":["http:\/\/192.168.64.122\/wordpress"],"url":"https:\/\/www.cofb.org\/ca\/author\/wpadmincofborg\/"}]}},"uagb_featured_image_src":{"full":false,"thumbnail":false,"medium":false,"medium_large":false,"large":false,"1536x1536":false,"2048x2048":false,"trp-custom-language-flag":false},"uagb_author_info":{"display_name":"wpAdminCofbOrg","author_link":"https:\/\/www.cofb.org\/ca\/author\/wpadmincofborg\/"},"uagb_comment_info":0,"uagb_excerpt":"El passat 21 d&#8217;octubre va tenir lloc al Col\u00b7legi de Farmac\u00e8utics de Barcelona una nova edici\u00f3 del taller d&#8217;ostomies, que enguany es va plantejar en dues modalitats: presencial i virtual a trav\u00e9s de la plataforma Zoom. La formaci\u00f3, coordinada per Elena Palau, vocal d&#8217;Ortop\u00e8dia del Col\u00b7legi, va impartir-la Teresa Poca, [&hellip;]","_links":{"self":[{"href":"https:\/\/www.cofb.org\/ca\/wp-json\/wp\/v2\/posts\/52417","targetHints":{"allow":["GET"]}}],"collection":[{"href":"https:\/\/www.cofb.org\/ca\/wp-json\/wp\/v2\/posts"}],"about":[{"href":"https:\/\/www.cofb.org\/ca\/wp-json\/wp\/v2\/types\/post"}],"author":[{"embeddable":true,"href":"https:\/\/www.cofb.org\/ca\/wp-json\/wp\/v2\/users\/1"}],"replies":[{"embeddable":true,"href":"https:\/\/www.cofb.org\/ca\/wp-json\/wp\/v2\/comments?post=52417"}],"version-history":[{"count":0,"href":"https:\/\/www.cofb.org\/ca\/wp-json\/wp\/v2\/posts\/52417\/revisions"}],"wp:featuredmedia":[{"embeddable":true,"href":"https:\/\/www.cofb.org\/ca\/wp-json\/"}],"wp:attachment":[{"href":"https:\/\/www.cofb.org\/ca\/wp-json\/wp\/v2\/media?parent=52417"}],"wp:term":[{"taxonomy":"category","embeddable":true,"href":"https:\/\/www.cofb.org\/ca\/wp-json\/wp\/v2\/categories?post=52417"},{"taxonomy":"post_tag","embeddable":true,"href":"https:\/\/www.cofb.org\/ca\/wp-json\/wp\/v2\/tags?post=52417"}],"curies":[{"name":"wp","href":"https:\/\/api.w.org\/{rel}","templated":true}]}}