{"id":5186,"date":"2014-02-03T19:03:53","date_gmt":"2014-02-03T18:03:53","guid":{"rendered":"http:\/\/blog.cofb.cat\/?p=5186"},"modified":"2014-02-03T19:03:53","modified_gmt":"2014-02-03T18:03:53","slug":"programa-pioner-de-deteccio-de-risc-cardiovascular-a-algunes-farmacies-de-barcelona","status":"publish","type":"post","link":"https:\/\/www.cofb.org\/ca\/2014\/02\/03\/programa-pioner-de-deteccio-de-risc-cardiovascular-a-algunes-farmacies-de-barcelona\/","title":{"rendered":"Programa pioner de detecci\u00f3 de risc cardiovascular a algunes farm\u00e0cies de Barcelona"},"content":{"rendered":"\n<p>Es posa en marxa un <b>projecte pioner<\/b> a Espanya que t\u00e9 per objectiu <b>identificar a les oficines de farm\u00e0cia la pres\u00e8ncia de factors de risc cardiovascular<\/b> i estratificar el risc a deu anys de patir una malaltia coron\u00e0ria en un grup poblacional d\u2019assegurats de la M\u00fatua General de Catalunya. Aquest projecte, presentat el 3 de febrer a una roda de premsa celebrada al Col\u00b7legi de Farmac\u00e8utics de Barcelona (COFB), es realitzar\u00e0 en l&#8217;\u00e0mbit geogr\u00e0fic del districte de Sarri\u00e0-Sant Gervasi (Barcelona) i \u00e9s possible gr\u00e0cies a un conveni de col\u00b7laboraci\u00f3 entre el COFB i l&#8217;entitat asseguradora.<\/p>\n<p><strong><span style=\"color: #888888;\">Els factors de risc cardiovascular que s\u2019analitzen s\u00f3n l\u2019h\u00e0bit tab\u00e0quic, l\u2019edat, el sexe, la tensi\u00f3 arterial, la xifra de colesterol\u00e8mia, l\u2019IMC (\u00edndex de massa corporal) i els possibles antecedents personals de diabetis mellitus diagnosticada, aix\u00ed com la xifra de gluc\u00e8mia.\u00a0<\/span><\/strong><\/p>\n<p>El programa compta amb la col\u00b7laboraci\u00f3 de m\u00e9s de la meitat d\u2019oficines de farm\u00e0cia d\u2019aquest barri i hi\u00a0poden participar persones que estiguin assegurades a la M\u00fatua General de Catalunya amb edats compreses entre els 35 i 74 anys, sense cap antecedent personal de malaltia d\u2019origen cardiovascular diagnosticada per un metge (malaltia coron\u00e0ria, vascular cerebral o arterial perif\u00e8rica), i que acudeixin a les farm\u00e0cies comunit\u00e0ries participants del districte barcelon\u00ed durant tot el per\u00edode de vig\u00e8ncia de la <strong>prova pilot que comen\u00e7ar\u00e0 el mar\u00e7 de 2014<\/strong>. \u00a0Els resultats obtinguts es lliuraran als serveis m\u00e8dics (Unitat de Medicina Preventiva) de la Fundaci\u00f3 M\u00fatua General de Catalunya, qui s\u2019encarregar\u00e0 d\u2019elaborar un <b>pla de salut preventiu individualitzat per a cada ciutad\u00e0<\/b>.<\/p>\n<p>Amb aquest nou programa\u00a0<b>s\u2019externalitza per primera vegada un programa de la cartera de serveis a un sistema d\u2019asseguran\u00e7a lliure de salut<\/b> i\u00a0s\u2019emmarca en l\u2019estrat\u00e8gia engegada pel col\u00b7lectiu farmac\u00e8utic per a la construcci\u00f3 d\u2019un<b> <b>nou model de farm\u00e0cia comunit\u00e0ria a Catalunya. <span style=\"color: #888888;\">M\u00e9s informaci\u00f3 a <span style=\"text-decoration: underline;\"><a href=\"http:\/\/www.cofb.org\/web\/guest\/notes-de-premsa\" target=\"_blank\" rel=\"noopener\"><span style=\"color: #888888; text-decoration: underline;\">Notes de Premsa<\/span><\/a><\/span><\/span><\/b><\/b><\/p>\n<figure style=\"width: 353px\" class=\"wp-caption alignnone\"><a href=\"http:\/\/blog.cofb.cat\/wp-content\/uploads\/2014\/02\/RP-Servei-cardiovascular.jpg\"><img fetchpriority=\"high\" decoding=\"async\" alt=\"RP Servei cardiovascular\" src=\"http:\/\/blog.cofb.cat\/wp-content\/uploads\/2014\/02\/RP-Servei-cardiovascular.jpg\" width=\"353\" height=\"185\" \/><\/a><figcaption class=\"wp-caption-text\">D&#8217;esquerra a dreta: Pilar Gasc\u00f3n, vocal d\u2019investigaci\u00f3 i doc\u00e8ncia del COFB; Jordi de Dalmases, president del COFB; Daniel Redondo, director general de M\u00fatua General de Catalunya; D. S\u00e1nchez, MGC.<\/figcaption><\/figure>\n","protected":false},"excerpt":{"rendered":"<p>Es posa en marxa un projecte pioner a Espanya que t\u00e9 per objectiu identificar a les oficines de farm\u00e0cia la pres\u00e8ncia de factors de risc cardiovascular i estratificar el risc a deu anys de patir una malaltia coron\u00e0ria en un grup poblacional d\u2019assegurats de la M\u00fatua General de Catalunya. Aquest [&hellip;]<\/p>\n","protected":false},"author":1,"featured_media":5189,"comment_status":"open","ping_status":"open","sticky":false,"template":"","format":"standard","meta":{"_uag_custom_page_level_css":"","site-sidebar-layout":"default","site-content-layout":"","ast-site-content-layout":"default","site-content-style":"default","site-sidebar-style":"default","ast-global-header-display":"","ast-banner-title-visibility":"","ast-main-header-display":"","ast-hfb-above-header-display":"","ast-hfb-below-header-display":"","ast-hfb-mobile-header-display":"","site-post-title":"","ast-breadcrumbs-content":"","ast-featured-img":"disabled","footer-sml-layout":"","theme-transparent-header-meta":"","adv-header-id-meta":"","stick-header-meta":"","header-above-stick-meta":"","header-main-stick-meta":"","header-below-stick-meta":"","astra-migrate-meta-layouts":"default","ast-page-background-enabled":"default","ast-page-background-meta":{"desktop":{"background-color":"var(--ast-global-color-4)","background-image":"","background-repeat":"repeat","background-position":"center center","background-size":"auto","background-attachment":"scroll","background-type":"","background-media":"","overlay-type":"","overlay-color":"","overlay-opacity":"","overlay-gradient":""},"tablet":{"background-color":"","background-image":"","background-repeat":"repeat","background-position":"center center","background-size":"auto","background-attachment":"scroll","background-type":"","background-media":"","overlay-type":"","overlay-color":"","overlay-opacity":"","overlay-gradient":""},"mobile":{"background-color":"","background-image":"","background-repeat":"repeat","background-position":"center center","background-size":"auto","background-attachment":"scroll","background-type":"","background-media":"","overlay-type":"","overlay-color":"","overlay-opacity":"","overlay-gradient":""}},"ast-content-background-meta":{"desktop":{"background-color":"var(--ast-global-color-5)","background-image":"","background-repeat":"repeat","background-position":"center center","background-size":"auto","background-attachment":"scroll","background-type":"","background-media":"","overlay-type":"","overlay-color":"","overlay-opacity":"","overlay-gradient":""},"tablet":{"background-color":"var(--ast-global-color-5)","background-image":"","background-repeat":"repeat","background-position":"center center","background-size":"auto","background-attachment":"scroll","background-type":"","background-media":"","overlay-type":"","overlay-color":"","overlay-opacity":"","overlay-gradient":""},"mobile":{"background-color":"var(--ast-global-color-5)","background-image":"","background-repeat":"repeat","background-position":"center center","background-size":"auto","background-attachment":"scroll","background-type":"","background-media":"","overlay-type":"","overlay-color":"","overlay-opacity":"","overlay-gradient":""}},"footnotes":""},"categories":[23,32],"tags":[76],"class_list":["post-5186","post","type-post","status-publish","format-standard","has-post-thumbnail","hentry","category-destacats","category-noticies-farmacia","tag-oficina-de-farmacia"],"yoast_head":"<!-- This site is optimized with the Yoast SEO plugin v22.4 - https:\/\/yoast.com\/wordpress\/plugins\/seo\/ -->\n<title>Programa pioner de detecci\u00f3 de risc cardiovascular a algunes farm\u00e0cies de Barcelona - Col\u00b7legi de Farmac\u00e8utics de Barcelona<\/title>\n<meta name=\"robots\" content=\"index, follow, max-snippet:-1, max-image-preview:large, max-video-preview:-1\" \/>\n<link rel=\"canonical\" href=\"https:\/\/novaorg.cofb.net\/2014\/02\/03\/programa-pioner-de-deteccio-de-risc-cardiovascular-a-algunes-farmacies-de-barcelona\/\" \/>\n<meta property=\"og:locale\" content=\"ca_ES\" \/>\n<meta property=\"og:type\" content=\"article\" \/>\n<meta property=\"og:title\" content=\"Programa pioner de detecci\u00f3 de risc cardiovascular a algunes farm\u00e0cies de Barcelona - Col\u00b7legi de Farmac\u00e8utics de Barcelona\" \/>\n<meta property=\"og:description\" content=\"Es posa en marxa un projecte pioner a Espanya que t\u00e9 per objectiu identificar a les oficines de farm\u00e0cia la pres\u00e8ncia de factors de risc cardiovascular i estratificar el risc a deu anys de patir una malaltia coron\u00e0ria en un grup poblacional d\u2019assegurats de la M\u00fatua General de Catalunya. Aquest [&hellip;]\" \/>\n<meta property=\"og:url\" content=\"https:\/\/novaorg.cofb.net\/2014\/02\/03\/programa-pioner-de-deteccio-de-risc-cardiovascular-a-algunes-farmacies-de-barcelona\/\" \/>\n<meta property=\"og:site_name\" content=\"Col\u00b7legi de Farmac\u00e8utics de Barcelona\" \/>\n<meta property=\"article:publisher\" content=\"https:\/\/www.facebook.com\/farmaceuticsbcn\/\" \/>\n<meta property=\"article:published_time\" content=\"2014-02-03T18:03:53+00:00\" \/>\n<meta name=\"author\" content=\"wpAdminCofbOrg\" \/>\n<meta name=\"twitter:card\" content=\"summary_large_image\" \/>\n<meta name=\"twitter:creator\" content=\"@farmaceuticsbcn\" \/>\n<meta name=\"twitter:site\" content=\"@farmaceuticsbcn\" \/>\n<meta name=\"twitter:label1\" content=\"Escrit per\" \/>\n\t<meta name=\"twitter:data1\" content=\"wpAdminCofbOrg\" \/>\n\t<meta name=\"twitter:label2\" content=\"Temps estimat de lectura\" \/>\n\t<meta name=\"twitter:data2\" content=\"2 minuts\" \/>\n<script type=\"application\/ld+json\" class=\"yoast-schema-graph\">{\"@context\":\"https:\/\/schema.org\",\"@graph\":[{\"@type\":\"Article\",\"@id\":\"https:\/\/novaorg.cofb.net\/2014\/02\/03\/programa-pioner-de-deteccio-de-risc-cardiovascular-a-algunes-farmacies-de-barcelona\/#article\",\"isPartOf\":{\"@id\":\"https:\/\/novaorg.cofb.net\/2014\/02\/03\/programa-pioner-de-deteccio-de-risc-cardiovascular-a-algunes-farmacies-de-barcelona\/\"},\"author\":{\"name\":\"wpAdminCofbOrg\",\"@id\":\"https:\/\/www.cofb.org\/#\/schema\/person\/22ed7eea88da74b0fa4d3154ad87ffcb\"},\"headline\":\"Programa pioner de detecci\u00f3 de risc cardiovascular a algunes farm\u00e0cies de Barcelona\",\"datePublished\":\"2014-02-03T18:03:53+00:00\",\"dateModified\":\"2014-02-03T18:03:53+00:00\",\"mainEntityOfPage\":{\"@id\":\"https:\/\/novaorg.cofb.net\/2014\/02\/03\/programa-pioner-de-deteccio-de-risc-cardiovascular-a-algunes-farmacies-de-barcelona\/\"},\"wordCount\":407,\"commentCount\":0,\"publisher\":{\"@id\":\"https:\/\/www.cofb.org\/#organization\"},\"image\":{\"@id\":\"https:\/\/novaorg.cofb.net\/2014\/02\/03\/programa-pioner-de-deteccio-de-risc-cardiovascular-a-algunes-farmacies-de-barcelona\/#primaryimage\"},\"thumbnailUrl\":\"\",\"keywords\":[\"Oficina de farm\u00e0cia\"],\"articleSection\":[\"Destacats\",\"Not\u00edcies farm\u00e0cia\"],\"inLanguage\":\"ca\",\"potentialAction\":[{\"@type\":\"CommentAction\",\"name\":\"Comment\",\"target\":[\"https:\/\/novaorg.cofb.net\/2014\/02\/03\/programa-pioner-de-deteccio-de-risc-cardiovascular-a-algunes-farmacies-de-barcelona\/#respond\"]}]},{\"@type\":\"WebPage\",\"@id\":\"https:\/\/novaorg.cofb.net\/2014\/02\/03\/programa-pioner-de-deteccio-de-risc-cardiovascular-a-algunes-farmacies-de-barcelona\/\",\"url\":\"https:\/\/novaorg.cofb.net\/2014\/02\/03\/programa-pioner-de-deteccio-de-risc-cardiovascular-a-algunes-farmacies-de-barcelona\/\",\"name\":\"Programa pioner de detecci\u00f3 de risc cardiovascular a algunes farm\u00e0cies de Barcelona - Col\u00b7legi de Farmac\u00e8utics de Barcelona\",\"isPartOf\":{\"@id\":\"https:\/\/www.cofb.org\/#website\"},\"primaryImageOfPage\":{\"@id\":\"https:\/\/novaorg.cofb.net\/2014\/02\/03\/programa-pioner-de-deteccio-de-risc-cardiovascular-a-algunes-farmacies-de-barcelona\/#primaryimage\"},\"image\":{\"@id\":\"https:\/\/novaorg.cofb.net\/2014\/02\/03\/programa-pioner-de-deteccio-de-risc-cardiovascular-a-algunes-farmacies-de-barcelona\/#primaryimage\"},\"thumbnailUrl\":\"\",\"datePublished\":\"2014-02-03T18:03:53+00:00\",\"dateModified\":\"2014-02-03T18:03:53+00:00\",\"breadcrumb\":{\"@id\":\"https:\/\/novaorg.cofb.net\/2014\/02\/03\/programa-pioner-de-deteccio-de-risc-cardiovascular-a-algunes-farmacies-de-barcelona\/#breadcrumb\"},\"inLanguage\":\"ca\",\"potentialAction\":[{\"@type\":\"ReadAction\",\"target\":[\"https:\/\/novaorg.cofb.net\/2014\/02\/03\/programa-pioner-de-deteccio-de-risc-cardiovascular-a-algunes-farmacies-de-barcelona\/\"]}]},{\"@type\":\"ImageObject\",\"inLanguage\":\"ca\",\"@id\":\"https:\/\/novaorg.cofb.net\/2014\/02\/03\/programa-pioner-de-deteccio-de-risc-cardiovascular-a-algunes-farmacies-de-barcelona\/#primaryimage\",\"url\":\"\",\"contentUrl\":\"\"},{\"@type\":\"BreadcrumbList\",\"@id\":\"https:\/\/novaorg.cofb.net\/2014\/02\/03\/programa-pioner-de-deteccio-de-risc-cardiovascular-a-algunes-farmacies-de-barcelona\/#breadcrumb\",\"itemListElement\":[{\"@type\":\"ListItem\",\"position\":1,\"name\":\"Inici\",\"item\":\"https:\/\/novaorg.cofb.net\/\"},{\"@type\":\"ListItem\",\"position\":2,\"name\":\"Programa pioner de detecci\u00f3 de risc cardiovascular a algunes farm\u00e0cies de Barcelona\"}]},{\"@type\":\"WebSite\",\"@id\":\"https:\/\/www.cofb.org\/#website\",\"url\":\"https:\/\/www.cofb.org\/\",\"name\":\"Col\u00b7legi de Farmac\u00e8utics de Barcelona\",\"description\":\"\",\"publisher\":{\"@id\":\"https:\/\/www.cofb.org\/#organization\"},\"potentialAction\":[{\"@type\":\"SearchAction\",\"target\":{\"@type\":\"EntryPoint\",\"urlTemplate\":\"https:\/\/www.cofb.org\/?s={search_term_string}\"},\"query-input\":\"required name=search_term_string\"}],\"inLanguage\":\"ca\"},{\"@type\":\"Organization\",\"@id\":\"https:\/\/www.cofb.org\/#organization\",\"name\":\"Col\u00b7legi de Farmac\u00e8utics de Barcelona\",\"url\":\"https:\/\/www.cofb.org\/\",\"logo\":{\"@type\":\"ImageObject\",\"inLanguage\":\"ca\",\"@id\":\"https:\/\/www.cofb.org\/#\/schema\/logo\/image\/\",\"url\":\"https:\/\/www.cofb.org\/wp-content\/uploads\/2023\/11\/cropped-Logotip-COFB.png\",\"contentUrl\":\"https:\/\/www.cofb.org\/wp-content\/uploads\/2023\/11\/cropped-Logotip-COFB.png\",\"width\":500,\"height\":105,\"caption\":\"Col\u00b7legi de Farmac\u00e8utics de Barcelona\"},\"image\":{\"@id\":\"https:\/\/www.cofb.org\/#\/schema\/logo\/image\/\"},\"sameAs\":[\"https:\/\/www.facebook.com\/farmaceuticsbcn\/\",\"https:\/\/twitter.com\/farmaceuticsbcn\",\"https:\/\/www.instagram.com\/farmaceuticsbcn\/\",\"https:\/\/www.linkedin.com\/company\/farmaceuticsbcn\/\"]},{\"@type\":\"Person\",\"@id\":\"https:\/\/www.cofb.org\/#\/schema\/person\/22ed7eea88da74b0fa4d3154ad87ffcb\",\"name\":\"wpAdminCofbOrg\",\"image\":{\"@type\":\"ImageObject\",\"inLanguage\":\"ca\",\"@id\":\"https:\/\/www.cofb.org\/#\/schema\/person\/image\/\",\"url\":\"https:\/\/secure.gravatar.com\/avatar\/1721b20b3b8ca882c3b56ec6c978c594fff670e40c0718e9190eaeeb76aae7d8?s=96&d=mm&r=g\",\"contentUrl\":\"https:\/\/secure.gravatar.com\/avatar\/1721b20b3b8ca882c3b56ec6c978c594fff670e40c0718e9190eaeeb76aae7d8?s=96&d=mm&r=g\",\"caption\":\"wpAdminCofbOrg\"},\"sameAs\":[\"http:\/\/192.168.64.122\/wordpress\"],\"url\":\"https:\/\/www.cofb.org\/ca\/author\/wpadmincofborg\/\"}]}<\/script>\n<!-- \/ Yoast SEO plugin. -->","yoast_head_json":{"title":"Programa pioner de detecci\u00f3 de risc cardiovascular a algunes farm\u00e0cies de Barcelona - Col\u00b7legi de Farmac\u00e8utics de Barcelona","robots":{"index":"index","follow":"follow","max-snippet":"max-snippet:-1","max-image-preview":"max-image-preview:large","max-video-preview":"max-video-preview:-1"},"canonical":"https:\/\/novaorg.cofb.net\/2014\/02\/03\/programa-pioner-de-deteccio-de-risc-cardiovascular-a-algunes-farmacies-de-barcelona\/","og_locale":"ca_ES","og_type":"article","og_title":"Programa pioner de detecci\u00f3 de risc cardiovascular a algunes farm\u00e0cies de Barcelona - Col\u00b7legi de Farmac\u00e8utics de Barcelona","og_description":"Es posa en marxa un projecte pioner a Espanya que t\u00e9 per objectiu identificar a les oficines de farm\u00e0cia la pres\u00e8ncia de factors de risc cardiovascular i estratificar el risc a deu anys de patir una malaltia coron\u00e0ria en un grup poblacional d\u2019assegurats de la M\u00fatua General de Catalunya. Aquest [&hellip;]","og_url":"https:\/\/novaorg.cofb.net\/2014\/02\/03\/programa-pioner-de-deteccio-de-risc-cardiovascular-a-algunes-farmacies-de-barcelona\/","og_site_name":"Col\u00b7legi de Farmac\u00e8utics de Barcelona","article_publisher":"https:\/\/www.facebook.com\/farmaceuticsbcn\/","article_published_time":"2014-02-03T18:03:53+00:00","author":"wpAdminCofbOrg","twitter_card":"summary_large_image","twitter_creator":"@farmaceuticsbcn","twitter_site":"@farmaceuticsbcn","twitter_misc":{"Escrit per":"wpAdminCofbOrg","Temps estimat de lectura":"2 minuts"},"schema":{"@context":"https:\/\/schema.org","@graph":[{"@type":"Article","@id":"https:\/\/novaorg.cofb.net\/2014\/02\/03\/programa-pioner-de-deteccio-de-risc-cardiovascular-a-algunes-farmacies-de-barcelona\/#article","isPartOf":{"@id":"https:\/\/novaorg.cofb.net\/2014\/02\/03\/programa-pioner-de-deteccio-de-risc-cardiovascular-a-algunes-farmacies-de-barcelona\/"},"author":{"name":"wpAdminCofbOrg","@id":"https:\/\/www.cofb.org\/#\/schema\/person\/22ed7eea88da74b0fa4d3154ad87ffcb"},"headline":"Programa pioner de detecci\u00f3 de risc cardiovascular a algunes farm\u00e0cies de Barcelona","datePublished":"2014-02-03T18:03:53+00:00","dateModified":"2014-02-03T18:03:53+00:00","mainEntityOfPage":{"@id":"https:\/\/novaorg.cofb.net\/2014\/02\/03\/programa-pioner-de-deteccio-de-risc-cardiovascular-a-algunes-farmacies-de-barcelona\/"},"wordCount":407,"commentCount":0,"publisher":{"@id":"https:\/\/www.cofb.org\/#organization"},"image":{"@id":"https:\/\/novaorg.cofb.net\/2014\/02\/03\/programa-pioner-de-deteccio-de-risc-cardiovascular-a-algunes-farmacies-de-barcelona\/#primaryimage"},"thumbnailUrl":"","keywords":["Oficina de farm\u00e0cia"],"articleSection":["Destacats","Not\u00edcies farm\u00e0cia"],"inLanguage":"ca","potentialAction":[{"@type":"CommentAction","name":"Comment","target":["https:\/\/novaorg.cofb.net\/2014\/02\/03\/programa-pioner-de-deteccio-de-risc-cardiovascular-a-algunes-farmacies-de-barcelona\/#respond"]}]},{"@type":"WebPage","@id":"https:\/\/novaorg.cofb.net\/2014\/02\/03\/programa-pioner-de-deteccio-de-risc-cardiovascular-a-algunes-farmacies-de-barcelona\/","url":"https:\/\/novaorg.cofb.net\/2014\/02\/03\/programa-pioner-de-deteccio-de-risc-cardiovascular-a-algunes-farmacies-de-barcelona\/","name":"Programa pioner de detecci\u00f3 de risc cardiovascular a algunes farm\u00e0cies de Barcelona - Col\u00b7legi de Farmac\u00e8utics de Barcelona","isPartOf":{"@id":"https:\/\/www.cofb.org\/#website"},"primaryImageOfPage":{"@id":"https:\/\/novaorg.cofb.net\/2014\/02\/03\/programa-pioner-de-deteccio-de-risc-cardiovascular-a-algunes-farmacies-de-barcelona\/#primaryimage"},"image":{"@id":"https:\/\/novaorg.cofb.net\/2014\/02\/03\/programa-pioner-de-deteccio-de-risc-cardiovascular-a-algunes-farmacies-de-barcelona\/#primaryimage"},"thumbnailUrl":"","datePublished":"2014-02-03T18:03:53+00:00","dateModified":"2014-02-03T18:03:53+00:00","breadcrumb":{"@id":"https:\/\/novaorg.cofb.net\/2014\/02\/03\/programa-pioner-de-deteccio-de-risc-cardiovascular-a-algunes-farmacies-de-barcelona\/#breadcrumb"},"inLanguage":"ca","potentialAction":[{"@type":"ReadAction","target":["https:\/\/novaorg.cofb.net\/2014\/02\/03\/programa-pioner-de-deteccio-de-risc-cardiovascular-a-algunes-farmacies-de-barcelona\/"]}]},{"@type":"ImageObject","inLanguage":"ca","@id":"https:\/\/novaorg.cofb.net\/2014\/02\/03\/programa-pioner-de-deteccio-de-risc-cardiovascular-a-algunes-farmacies-de-barcelona\/#primaryimage","url":"","contentUrl":""},{"@type":"BreadcrumbList","@id":"https:\/\/novaorg.cofb.net\/2014\/02\/03\/programa-pioner-de-deteccio-de-risc-cardiovascular-a-algunes-farmacies-de-barcelona\/#breadcrumb","itemListElement":[{"@type":"ListItem","position":1,"name":"Inici","item":"https:\/\/novaorg.cofb.net\/"},{"@type":"ListItem","position":2,"name":"Programa pioner de detecci\u00f3 de risc cardiovascular a algunes farm\u00e0cies de Barcelona"}]},{"@type":"WebSite","@id":"https:\/\/www.cofb.org\/#website","url":"https:\/\/www.cofb.org\/","name":"Col\u00b7legi de Farmac\u00e8utics de Barcelona","description":"","publisher":{"@id":"https:\/\/www.cofb.org\/#organization"},"potentialAction":[{"@type":"SearchAction","target":{"@type":"EntryPoint","urlTemplate":"https:\/\/www.cofb.org\/?s={search_term_string}"},"query-input":"required name=search_term_string"}],"inLanguage":"ca"},{"@type":"Organization","@id":"https:\/\/www.cofb.org\/#organization","name":"Col\u00b7legi de Farmac\u00e8utics de Barcelona","url":"https:\/\/www.cofb.org\/","logo":{"@type":"ImageObject","inLanguage":"ca","@id":"https:\/\/www.cofb.org\/#\/schema\/logo\/image\/","url":"https:\/\/www.cofb.org\/wp-content\/uploads\/2023\/11\/cropped-Logotip-COFB.png","contentUrl":"https:\/\/www.cofb.org\/wp-content\/uploads\/2023\/11\/cropped-Logotip-COFB.png","width":500,"height":105,"caption":"Col\u00b7legi de Farmac\u00e8utics de Barcelona"},"image":{"@id":"https:\/\/www.cofb.org\/#\/schema\/logo\/image\/"},"sameAs":["https:\/\/www.facebook.com\/farmaceuticsbcn\/","https:\/\/twitter.com\/farmaceuticsbcn","https:\/\/www.instagram.com\/farmaceuticsbcn\/","https:\/\/www.linkedin.com\/company\/farmaceuticsbcn\/"]},{"@type":"Person","@id":"https:\/\/www.cofb.org\/#\/schema\/person\/22ed7eea88da74b0fa4d3154ad87ffcb","name":"wpAdminCofbOrg","image":{"@type":"ImageObject","inLanguage":"ca","@id":"https:\/\/www.cofb.org\/#\/schema\/person\/image\/","url":"https:\/\/secure.gravatar.com\/avatar\/1721b20b3b8ca882c3b56ec6c978c594fff670e40c0718e9190eaeeb76aae7d8?s=96&d=mm&r=g","contentUrl":"https:\/\/secure.gravatar.com\/avatar\/1721b20b3b8ca882c3b56ec6c978c594fff670e40c0718e9190eaeeb76aae7d8?s=96&d=mm&r=g","caption":"wpAdminCofbOrg"},"sameAs":["http:\/\/192.168.64.122\/wordpress"],"url":"https:\/\/www.cofb.org\/ca\/author\/wpadmincofborg\/"}]}},"uagb_featured_image_src":{"full":false,"thumbnail":false,"medium":false,"medium_large":false,"large":false,"1536x1536":false,"2048x2048":false,"trp-custom-language-flag":false},"uagb_author_info":{"display_name":"wpAdminCofbOrg","author_link":"https:\/\/www.cofb.org\/ca\/author\/wpadmincofborg\/"},"uagb_comment_info":0,"uagb_excerpt":"Es posa en marxa un projecte pioner a Espanya que t\u00e9 per objectiu identificar a les oficines de farm\u00e0cia la pres\u00e8ncia de factors de risc cardiovascular i estratificar el risc a deu anys de patir una malaltia coron\u00e0ria en un grup poblacional d\u2019assegurats de la M\u00fatua General de Catalunya. Aquest [&hellip;]","_links":{"self":[{"href":"https:\/\/www.cofb.org\/ca\/wp-json\/wp\/v2\/posts\/5186","targetHints":{"allow":["GET"]}}],"collection":[{"href":"https:\/\/www.cofb.org\/ca\/wp-json\/wp\/v2\/posts"}],"about":[{"href":"https:\/\/www.cofb.org\/ca\/wp-json\/wp\/v2\/types\/post"}],"author":[{"embeddable":true,"href":"https:\/\/www.cofb.org\/ca\/wp-json\/wp\/v2\/users\/1"}],"replies":[{"embeddable":true,"href":"https:\/\/www.cofb.org\/ca\/wp-json\/wp\/v2\/comments?post=5186"}],"version-history":[{"count":0,"href":"https:\/\/www.cofb.org\/ca\/wp-json\/wp\/v2\/posts\/5186\/revisions"}],"wp:featuredmedia":[{"embeddable":true,"href":"https:\/\/www.cofb.org\/ca\/wp-json\/"}],"wp:attachment":[{"href":"https:\/\/www.cofb.org\/ca\/wp-json\/wp\/v2\/media?parent=5186"}],"wp:term":[{"taxonomy":"category","embeddable":true,"href":"https:\/\/www.cofb.org\/ca\/wp-json\/wp\/v2\/categories?post=5186"},{"taxonomy":"post_tag","embeddable":true,"href":"https:\/\/www.cofb.org\/ca\/wp-json\/wp\/v2\/tags?post=5186"}],"curies":[{"name":"wp","href":"https:\/\/api.w.org\/{rel}","templated":true}]}}