{"id":51845,"date":"2020-08-28T13:36:56","date_gmt":"2020-08-28T11:36:56","guid":{"rendered":"https:\/\/blog.cofb.cat\/?p=51845"},"modified":"2020-08-28T13:36:56","modified_gmt":"2020-08-28T11:36:56","slug":"professio-farmaceutica-provincia-barcelona-xifres","status":"publish","type":"post","link":"https:\/\/www.cofb.org\/ca\/2020\/08\/28\/professio-farmaceutica-provincia-barcelona-xifres\/","title":{"rendered":"La professi\u00f3 farmac\u00e8utica a la prov\u00edncia de Barcelona, en xifres"},"content":{"rendered":"<p>El <strong>Consejo General de Colegios Oficiales de Farmac\u00e9uticos<\/strong> (<strong>CGCOF<\/strong>) ha publicat, un any m\u00e9s, l&#8217;informe <strong>&#8220;Estad\u00edsticas de Colegiados Farmac\u00e9uticos y Farmacias Comunitarias&#8221;<\/strong>, corresponent al <strong>2019<\/strong>. El document \u00e9s una <strong>radiografia de la professi\u00f3 farmac\u00e8utica<\/strong>, que analitza l&#8217;evoluci\u00f3 anual de les xifres m\u00e9s rellevants de la professi\u00f3.<\/p>\n<p><a href=\"https:\/\/blog.cofb.cat\/wp-content\/uploads\/2020\/08\/La-professi\u00f3-farmac\u00e8utica-a-la-prov\u00edncia-de-barcelona-en-xifres-2.png\"><img fetchpriority=\"high\" decoding=\"async\" class=\"aligncenter size-large wp-image-51968\" src=\"https:\/\/blog.cofb.cat\/wp-content\/uploads\/2020\/08\/La-professi\u00f3-farmac\u00e8utica-a-la-prov\u00edncia-de-barcelona-en-xifres-2-1024x1024.png\" alt=\"\" width=\"620\" height=\"620\" \/><\/a><\/p>\n<p>A continuaci\u00f3, recollim\u00a0<strong>algunes de les dades m\u00e9s destacades<\/strong>\u00a0d&#8217;aquest \u00faltim informe, en relaci\u00f3 amb la prov\u00edncia de Barcelona:<\/p>\n<h1><strong>Fregant els 9.000 col\u00b7legiats a l<\/strong><strong>a prov\u00edncia de Barcelona<\/strong><\/h1>\n<p>Dels 75.260 farmac\u00e8utics col\u00b7legiats a Espanya, <strong>Barcelona n&#8217;aporta, <\/strong>com a <strong>segona demarcaci\u00f3 <\/strong>m\u00e9s nombrosa<strong>, 8.972<\/strong><strong>. <\/strong>Aix\u00f2 suposa prop del 80% dels <strong>11.303 farmac\u00e8utics col\u00b7legiats a Catalunya<\/strong>.<\/p>\n<div class=\"box note\"><\/p>\n<h3><strong>Lleuger increment de col\u00b7legiacions el 2019<\/strong><\/h3>\n<p><strong>A la prov\u00edncia es van col\u00b7legiar 31 nous farmac\u00e8utics<\/strong> (0,3%) i a\u00a0<strong>Catalunya<\/strong> tamb\u00e9 va tancar 2019 amb\u00a0<strong>55 col\u00b7legiats m\u00e9s respecte al 2018<\/strong>, un creixement del 0,5%.\u00a0El ritme de creixement, per\u00f2, va veure&#8217;s redu\u00eft respecte a l&#8217;exercici anterior, de l&#8217;1,6% i l&#8217;1,7%, respectivament.<\/p>\n<p><\/div>\n<h1><strong>Tercera professi\u00f3 sanit\u00e0ria amb m\u00e9s col\u00b7legiats<\/strong><\/h1>\n<p>La farmac\u00e8utica, \u00e9s la <strong>tercera professi\u00f3 sanit\u00e0ria en nombre de col\u00b7legiats <\/strong>(75.260)<strong>,<\/strong>\u00a0per darrere de la <strong>medicina<\/strong>\u00a0(267.995) i la <strong>infermeria<\/strong>\u00a0(316.094). Aix\u00f2 implica que la ciutadania disposa de\u00a0<strong>160 farmac\u00e8utics\/es, 570 metges\/ses i 672 infermers\/es per cada 100.000 habitants<\/strong>.<\/p>\n<div class=\"box note\"><\/p>\n<h3><strong>Les farmac\u00e8utiques, majoria a la professi\u00f3<\/strong><\/h3>\n<p><strong>Les dones suposen el 73,9% de les professionals\u00a0col\u00b7legiades<\/strong> en farm\u00e0cia tant a <strong>Barcelona (6.633)<\/strong> com a <strong>Catalunya (8.357)<\/strong>. Aquest percentatge est\u00e0 <strong>per sobre de la mitjana espanyola<\/strong> de farmac\u00e8utiques, que \u00e9s del\u00a0<strong>71,6%<\/strong>.<\/p>\n<p><\/div>\n<h1><strong>La farm\u00e0cia comunit\u00e0ria, \u00e0mbit majoritari de la professi\u00f3<\/strong><\/h1>\n<p>La <strong>farm\u00e0cia comunit\u00e0ria segueix sent la modalitat de l&#8217;exercici majorit\u00e0ria entre els col\u00b7legiats<\/strong> a Barcelona, Catalunya i Espanya. A <strong>Barcelona<\/strong>, els col\u00b7legiats dedicats a la farm\u00e0cia comunit\u00e0ria <strong>s\u00f3n 6.458<\/strong>, seguits pels<strong>\u00a0d&#8217;alimentaci\u00f3<\/strong> (460) i <b>ortop\u00e8dia\u00a0<\/b>(599). En <strong>clau catalana<\/strong>, trobem\u00a0<strong>8.174 col\u00b7legiats en farm\u00e0cia comunit\u00e0ria<\/strong>, modalitat <strong>seguida<\/strong> <strong>per<\/strong> <strong>la d&#8217;alimentaci\u00f3<\/strong> (1.254) <strong>i dermofarm\u00e0cia<\/strong> (1.239).<\/p>\n<div class=\"box note\"><\/p>\n<h3><strong>Professionals nascuts a l&#8217;estranger<\/strong><\/h3>\n<p>A Espanya hi ha un total de<strong> 1.085 col\u00b7legiats provinents de l&#8217;estranger.\u00a0 Barcelona i prov\u00edncia encap\u00e7alen la llista amb\u00a0<\/strong><strong>208<\/strong>.<\/p>\n<p><\/div>\n<h1><strong>La distribuci\u00f3 capital-prov\u00edncia<\/strong><\/h1>\n<p>A la <strong>prov\u00edncia de Barcelona<\/strong>, el <strong>44,1% de les farm\u00e0cies estan a la capital<\/strong>; hi ha un total de <strong>1.026 farm\u00e0cies a Barcelona<\/strong> ciutat i <strong>1.303 a la resta<\/strong> de la prov\u00edncia. A\u00a0<strong>\u00a0Catalunya<\/strong>, trobem\u00a0<strong>1.167 farm\u00e0cies a les capitals de prov\u00edncia (36,1%)<\/strong> i <strong>2.060<\/strong> <strong>a la resta<\/strong> del territori.<\/p>\n<div class=\"box note\"><\/p>\n<h3><strong>Apertures de farm\u00e0cies a la prov\u00edncia de Barcelona<\/strong><\/h3>\n<p><strong>A Barcelona<\/strong>\u00a0s&#8217;han obert\u00a0<strong>8 de les 15 farm\u00e0cies<\/strong>\u00a0<strong>que s&#8217;han establert a tota Catalunya<\/strong> durant 2019, d&#8217;un total de 70 a tot Espanya. Aquestes oficines s&#8217;han implantat totes fora de la capital barcelonina.<\/p>\n<p><\/div>\n<p><strong>Font i m\u00e9s informaci\u00f3<\/strong>:<a href=\"http:\/\/www.portalfarma.com\/Profesionales\/consejoinforma\/Paginas\/2018-Estadisticas-Colegiados-Farmaceuticos-Farmacias-Comunitarias-2017.aspx\">\u00a0<\/a><a href=\"https:\/\/www.portalfarma.com\/Profesionales\/consejoinforma\/Paginas\/2020-Espa%c3%b1a-red-farmacias-m%c3%a1s-grande-cercana-y-accesible.aspx\" target=\"_blank\" rel=\"noopener\">Estad\u00edsticas de Colegiados Farmac\u00e9uticos y Farmacias Comunitarias 2019 (via Portalfarma)<\/a><\/p>\n","protected":false},"excerpt":{"rendered":"<p>El Consejo General de Colegios Oficiales de Farmac\u00e9uticos (CGCOF) ha publicat, un any m\u00e9s, l&#8217;informe &#8220;Estad\u00edsticas de Colegiados Farmac\u00e9uticos y Farmacias Comunitarias&#8221;, corresponent al 2019. El document \u00e9s una radiografia de la professi\u00f3 farmac\u00e8utica, que analitza l&#8217;evoluci\u00f3 anual de les xifres m\u00e9s rellevants de la professi\u00f3. A continuaci\u00f3, recollim\u00a0algunes de [&hellip;]<\/p>\n","protected":false},"author":1,"featured_media":51964,"comment_status":"open","ping_status":"open","sticky":false,"template":"","format":"standard","meta":{"_uag_custom_page_level_css":"","site-sidebar-layout":"default","site-content-layout":"","ast-site-content-layout":"default","site-content-style":"default","site-sidebar-style":"default","ast-global-header-display":"","ast-banner-title-visibility":"","ast-main-header-display":"","ast-hfb-above-header-display":"","ast-hfb-below-header-display":"","ast-hfb-mobile-header-display":"","site-post-title":"","ast-breadcrumbs-content":"","ast-featured-img":"disabled","footer-sml-layout":"","theme-transparent-header-meta":"","adv-header-id-meta":"","stick-header-meta":"","header-above-stick-meta":"","header-main-stick-meta":"","header-below-stick-meta":"","astra-migrate-meta-layouts":"default","ast-page-background-enabled":"default","ast-page-background-meta":{"desktop":{"background-color":"var(--ast-global-color-4)","background-image":"","background-repeat":"repeat","background-position":"center center","background-size":"auto","background-attachment":"scroll","background-type":"","background-media":"","overlay-type":"","overlay-color":"","overlay-opacity":"","overlay-gradient":""},"tablet":{"background-color":"","background-image":"","background-repeat":"repeat","background-position":"center center","background-size":"auto","background-attachment":"scroll","background-type":"","background-media":"","overlay-type":"","overlay-color":"","overlay-opacity":"","overlay-gradient":""},"mobile":{"background-color":"","background-image":"","background-repeat":"repeat","background-position":"center center","background-size":"auto","background-attachment":"scroll","background-type":"","background-media":"","overlay-type":"","overlay-color":"","overlay-opacity":"","overlay-gradient":""}},"ast-content-background-meta":{"desktop":{"background-color":"var(--ast-global-color-5)","background-image":"","background-repeat":"repeat","background-position":"center center","background-size":"auto","background-attachment":"scroll","background-type":"","background-media":"","overlay-type":"","overlay-color":"","overlay-opacity":"","overlay-gradient":""},"tablet":{"background-color":"var(--ast-global-color-5)","background-image":"","background-repeat":"repeat","background-position":"center center","background-size":"auto","background-attachment":"scroll","background-type":"","background-media":"","overlay-type":"","overlay-color":"","overlay-opacity":"","overlay-gradient":""},"mobile":{"background-color":"var(--ast-global-color-5)","background-image":"","background-repeat":"repeat","background-position":"center center","background-size":"auto","background-attachment":"scroll","background-type":"","background-media":"","overlay-type":"","overlay-color":"","overlay-opacity":"","overlay-gradient":""}},"footnotes":""},"categories":[23,32],"tags":[308,240,4239,4274,4275,18,692,2735,162,81,4276,902,69,4277,4278,4279,4280,905,76,906,389,590],"class_list":["post-51845","post","type-post","status-publish","format-standard","has-post-thumbnail","hentry","category-destacats","category-noticies-farmacia","tag-ccfc","tag-cgcof","tag-cof-de-madrid","tag-cof-de-pontevedra","tag-cof-de-valencia","tag-cofb","tag-collegiats","tag-collegis-professinals","tag-consejo-general-de-colegios-farmaceuticos","tag-dermofarmacia","tag-dones-farmaceutiques","tag-estadistiques-de-collegiats-i-farmacies-comunitaries","tag-farmacia-comunitaria","tag-farmacies-noves","tag-galicia","tag-habitants-per-farmacia","tag-nombre-de-collegiats","tag-nombre-de-farmacies","tag-oficina-de-farmacia","tag-professio-farmaceutica","tag-vocalia-dalimentacio-i-nutricio","tag-vocalia-dortopedia"],"yoast_head":"<!-- This site is optimized with the Yoast SEO plugin v22.4 - https:\/\/yoast.com\/wordpress\/plugins\/seo\/ -->\n<title>La professi\u00f3 farmac\u00e8utica a la prov\u00edncia de Barcelona, en xifres - Col\u00b7legi de Farmac\u00e8utics de Barcelona<\/title>\n<meta name=\"description\" content=\"El Consejo General de Colegios Farmac\u00e9uticos ha publicat l&#039;informe &quot;Estad\u00edstiques de Col\u00b7legiats i Farm\u00e0cies Comunit\u00e0ries&quot; de 2019. El document analitza l&#039;evoluci\u00f3 anual de la professi\u00f3: nombre de col\u00b7legiats, nombre de farm\u00e0cies, percentatges de dones o la dispersi\u00f3 de les farm\u00e0cies a cada prov\u00edncia.\" \/>\n<meta name=\"robots\" content=\"index, follow, max-snippet:-1, max-image-preview:large, max-video-preview:-1\" \/>\n<link rel=\"canonical\" href=\"https:\/\/novaorg.cofb.net\/2020\/08\/28\/professio-farmaceutica-provincia-barcelona-xifres\/\" \/>\n<meta property=\"og:locale\" content=\"ca_ES\" \/>\n<meta property=\"og:type\" content=\"article\" \/>\n<meta property=\"og:title\" content=\"La professi\u00f3 farmac\u00e8utica a la prov\u00edncia de Barcelona, en xifres - Col\u00b7legi de Farmac\u00e8utics de Barcelona\" \/>\n<meta property=\"og:description\" content=\"El Consejo General de Colegios Farmac\u00e9uticos ha publicat l&#039;informe &quot;Estad\u00edstiques de Col\u00b7legiats i Farm\u00e0cies Comunit\u00e0ries&quot; de 2019. El document analitza l&#039;evoluci\u00f3 anual de la professi\u00f3: nombre de col\u00b7legiats, nombre de farm\u00e0cies, percentatges de dones o la dispersi\u00f3 de les farm\u00e0cies a cada prov\u00edncia.\" \/>\n<meta property=\"og:url\" content=\"https:\/\/novaorg.cofb.net\/2020\/08\/28\/professio-farmaceutica-provincia-barcelona-xifres\/\" \/>\n<meta property=\"og:site_name\" content=\"Col\u00b7legi de Farmac\u00e8utics de Barcelona\" \/>\n<meta property=\"article:publisher\" content=\"https:\/\/www.facebook.com\/farmaceuticsbcn\/\" \/>\n<meta property=\"article:published_time\" content=\"2020-08-28T11:36:56+00:00\" \/>\n<meta name=\"author\" content=\"wpAdminCofbOrg\" \/>\n<meta name=\"twitter:card\" content=\"summary_large_image\" \/>\n<meta name=\"twitter:creator\" content=\"@farmaceuticsbcn\" \/>\n<meta name=\"twitter:site\" content=\"@farmaceuticsbcn\" \/>\n<meta name=\"twitter:label1\" content=\"Escrit per\" \/>\n\t<meta name=\"twitter:data1\" content=\"wpAdminCofbOrg\" \/>\n\t<meta name=\"twitter:label2\" content=\"Temps estimat de lectura\" \/>\n\t<meta name=\"twitter:data2\" content=\"2 minuts\" \/>\n<script type=\"application\/ld+json\" class=\"yoast-schema-graph\">{\"@context\":\"https:\/\/schema.org\",\"@graph\":[{\"@type\":\"Article\",\"@id\":\"https:\/\/novaorg.cofb.net\/2020\/08\/28\/professio-farmaceutica-provincia-barcelona-xifres\/#article\",\"isPartOf\":{\"@id\":\"https:\/\/novaorg.cofb.net\/2020\/08\/28\/professio-farmaceutica-provincia-barcelona-xifres\/\"},\"author\":{\"name\":\"wpAdminCofbOrg\",\"@id\":\"https:\/\/www.cofb.org\/#\/schema\/person\/22ed7eea88da74b0fa4d3154ad87ffcb\"},\"headline\":\"La professi\u00f3 farmac\u00e8utica a la prov\u00edncia de Barcelona, en xifres\",\"datePublished\":\"2020-08-28T11:36:56+00:00\",\"dateModified\":\"2020-08-28T11:36:56+00:00\",\"mainEntityOfPage\":{\"@id\":\"https:\/\/novaorg.cofb.net\/2020\/08\/28\/professio-farmaceutica-provincia-barcelona-xifres\/\"},\"wordCount\":500,\"commentCount\":0,\"publisher\":{\"@id\":\"https:\/\/www.cofb.org\/#organization\"},\"image\":{\"@id\":\"https:\/\/novaorg.cofb.net\/2020\/08\/28\/professio-farmaceutica-provincia-barcelona-xifres\/#primaryimage\"},\"thumbnailUrl\":\"\",\"keywords\":[\"CCFC\",\"CGCOF\",\"COF de Madrid\",\"COF de Pontevedra\",\"COF de Val\u00e8ncia\",\"COFB\",\"col\u00b7legiats\",\"Col\u00b7legis professinals\",\"Consejo General de Colegios Farmac\u00e9uticos\",\"Dermofarm\u00e0cia\",\"dones farmac\u00e8utiques\",\"Estad\u00edstiques de Col\u00b7legiats i Farm\u00e0cies Comunit\u00e0ries\",\"farm\u00e0cia comunit\u00e0ria\",\"farm\u00e0cies noves\",\"Gal\u00edcia\",\"habitants per farm\u00e0cia\",\"nombre de col\u00b7legiats\",\"nombre de farm\u00e0cies\",\"Oficina de farm\u00e0cia\",\"professi\u00f3 farmac\u00e8utica\",\"vocalia d'alimentaci\u00f3 i nutrici\u00f3\",\"vocalia d'Ortop\u00e8dia\"],\"articleSection\":[\"Destacats\",\"Not\u00edcies farm\u00e0cia\"],\"inLanguage\":\"ca\",\"potentialAction\":[{\"@type\":\"CommentAction\",\"name\":\"Comment\",\"target\":[\"https:\/\/novaorg.cofb.net\/2020\/08\/28\/professio-farmaceutica-provincia-barcelona-xifres\/#respond\"]}]},{\"@type\":\"WebPage\",\"@id\":\"https:\/\/novaorg.cofb.net\/2020\/08\/28\/professio-farmaceutica-provincia-barcelona-xifres\/\",\"url\":\"https:\/\/novaorg.cofb.net\/2020\/08\/28\/professio-farmaceutica-provincia-barcelona-xifres\/\",\"name\":\"La professi\u00f3 farmac\u00e8utica a la prov\u00edncia de Barcelona, en xifres - Col\u00b7legi de Farmac\u00e8utics de Barcelona\",\"isPartOf\":{\"@id\":\"https:\/\/www.cofb.org\/#website\"},\"primaryImageOfPage\":{\"@id\":\"https:\/\/novaorg.cofb.net\/2020\/08\/28\/professio-farmaceutica-provincia-barcelona-xifres\/#primaryimage\"},\"image\":{\"@id\":\"https:\/\/novaorg.cofb.net\/2020\/08\/28\/professio-farmaceutica-provincia-barcelona-xifres\/#primaryimage\"},\"thumbnailUrl\":\"\",\"datePublished\":\"2020-08-28T11:36:56+00:00\",\"dateModified\":\"2020-08-28T11:36:56+00:00\",\"description\":\"El Consejo General de Colegios Farmac\u00e9uticos ha publicat l'informe \\\"Estad\u00edstiques de Col\u00b7legiats i Farm\u00e0cies Comunit\u00e0ries\\\" de 2019. El document analitza l'evoluci\u00f3 anual de la professi\u00f3: nombre de col\u00b7legiats, nombre de farm\u00e0cies, percentatges de dones o la dispersi\u00f3 de les farm\u00e0cies a cada prov\u00edncia.\",\"breadcrumb\":{\"@id\":\"https:\/\/novaorg.cofb.net\/2020\/08\/28\/professio-farmaceutica-provincia-barcelona-xifres\/#breadcrumb\"},\"inLanguage\":\"ca\",\"potentialAction\":[{\"@type\":\"ReadAction\",\"target\":[\"https:\/\/novaorg.cofb.net\/2020\/08\/28\/professio-farmaceutica-provincia-barcelona-xifres\/\"]}]},{\"@type\":\"ImageObject\",\"inLanguage\":\"ca\",\"@id\":\"https:\/\/novaorg.cofb.net\/2020\/08\/28\/professio-farmaceutica-provincia-barcelona-xifres\/#primaryimage\",\"url\":\"\",\"contentUrl\":\"\"},{\"@type\":\"BreadcrumbList\",\"@id\":\"https:\/\/novaorg.cofb.net\/2020\/08\/28\/professio-farmaceutica-provincia-barcelona-xifres\/#breadcrumb\",\"itemListElement\":[{\"@type\":\"ListItem\",\"position\":1,\"name\":\"Inici\",\"item\":\"https:\/\/novaorg.cofb.net\/\"},{\"@type\":\"ListItem\",\"position\":2,\"name\":\"La professi\u00f3 farmac\u00e8utica a la prov\u00edncia de Barcelona, en xifres\"}]},{\"@type\":\"WebSite\",\"@id\":\"https:\/\/www.cofb.org\/#website\",\"url\":\"https:\/\/www.cofb.org\/\",\"name\":\"Col\u00b7legi de Farmac\u00e8utics de Barcelona\",\"description\":\"\",\"publisher\":{\"@id\":\"https:\/\/www.cofb.org\/#organization\"},\"potentialAction\":[{\"@type\":\"SearchAction\",\"target\":{\"@type\":\"EntryPoint\",\"urlTemplate\":\"https:\/\/www.cofb.org\/?s={search_term_string}\"},\"query-input\":\"required name=search_term_string\"}],\"inLanguage\":\"ca\"},{\"@type\":\"Organization\",\"@id\":\"https:\/\/www.cofb.org\/#organization\",\"name\":\"Col\u00b7legi de Farmac\u00e8utics de Barcelona\",\"url\":\"https:\/\/www.cofb.org\/\",\"logo\":{\"@type\":\"ImageObject\",\"inLanguage\":\"ca\",\"@id\":\"https:\/\/www.cofb.org\/#\/schema\/logo\/image\/\",\"url\":\"https:\/\/www.cofb.org\/wp-content\/uploads\/2023\/11\/cropped-Logotip-COFB.png\",\"contentUrl\":\"https:\/\/www.cofb.org\/wp-content\/uploads\/2023\/11\/cropped-Logotip-COFB.png\",\"width\":500,\"height\":105,\"caption\":\"Col\u00b7legi de Farmac\u00e8utics de Barcelona\"},\"image\":{\"@id\":\"https:\/\/www.cofb.org\/#\/schema\/logo\/image\/\"},\"sameAs\":[\"https:\/\/www.facebook.com\/farmaceuticsbcn\/\",\"https:\/\/twitter.com\/farmaceuticsbcn\",\"https:\/\/www.instagram.com\/farmaceuticsbcn\/\",\"https:\/\/www.linkedin.com\/company\/farmaceuticsbcn\/\"]},{\"@type\":\"Person\",\"@id\":\"https:\/\/www.cofb.org\/#\/schema\/person\/22ed7eea88da74b0fa4d3154ad87ffcb\",\"name\":\"wpAdminCofbOrg\",\"image\":{\"@type\":\"ImageObject\",\"inLanguage\":\"ca\",\"@id\":\"https:\/\/www.cofb.org\/#\/schema\/person\/image\/\",\"url\":\"https:\/\/secure.gravatar.com\/avatar\/1721b20b3b8ca882c3b56ec6c978c594fff670e40c0718e9190eaeeb76aae7d8?s=96&d=mm&r=g\",\"contentUrl\":\"https:\/\/secure.gravatar.com\/avatar\/1721b20b3b8ca882c3b56ec6c978c594fff670e40c0718e9190eaeeb76aae7d8?s=96&d=mm&r=g\",\"caption\":\"wpAdminCofbOrg\"},\"sameAs\":[\"http:\/\/192.168.64.122\/wordpress\"],\"url\":\"https:\/\/www.cofb.org\/ca\/author\/wpadmincofborg\/\"}]}<\/script>\n<!-- \/ Yoast SEO plugin. -->","yoast_head_json":{"title":"La professi\u00f3 farmac\u00e8utica a la prov\u00edncia de Barcelona, en xifres - Col\u00b7legi de Farmac\u00e8utics de Barcelona","description":"El Consejo General de Colegios Farmac\u00e9uticos ha publicat l'informe \"Estad\u00edstiques de Col\u00b7legiats i Farm\u00e0cies Comunit\u00e0ries\" de 2019. El document analitza l'evoluci\u00f3 anual de la professi\u00f3: nombre de col\u00b7legiats, nombre de farm\u00e0cies, percentatges de dones o la dispersi\u00f3 de les farm\u00e0cies a cada prov\u00edncia.","robots":{"index":"index","follow":"follow","max-snippet":"max-snippet:-1","max-image-preview":"max-image-preview:large","max-video-preview":"max-video-preview:-1"},"canonical":"https:\/\/novaorg.cofb.net\/2020\/08\/28\/professio-farmaceutica-provincia-barcelona-xifres\/","og_locale":"ca_ES","og_type":"article","og_title":"La professi\u00f3 farmac\u00e8utica a la prov\u00edncia de Barcelona, en xifres - Col\u00b7legi de Farmac\u00e8utics de Barcelona","og_description":"El Consejo General de Colegios Farmac\u00e9uticos ha publicat l'informe \"Estad\u00edstiques de Col\u00b7legiats i Farm\u00e0cies Comunit\u00e0ries\" de 2019. El document analitza l'evoluci\u00f3 anual de la professi\u00f3: nombre de col\u00b7legiats, nombre de farm\u00e0cies, percentatges de dones o la dispersi\u00f3 de les farm\u00e0cies a cada prov\u00edncia.","og_url":"https:\/\/novaorg.cofb.net\/2020\/08\/28\/professio-farmaceutica-provincia-barcelona-xifres\/","og_site_name":"Col\u00b7legi de Farmac\u00e8utics de Barcelona","article_publisher":"https:\/\/www.facebook.com\/farmaceuticsbcn\/","article_published_time":"2020-08-28T11:36:56+00:00","author":"wpAdminCofbOrg","twitter_card":"summary_large_image","twitter_creator":"@farmaceuticsbcn","twitter_site":"@farmaceuticsbcn","twitter_misc":{"Escrit per":"wpAdminCofbOrg","Temps estimat de lectura":"2 minuts"},"schema":{"@context":"https:\/\/schema.org","@graph":[{"@type":"Article","@id":"https:\/\/novaorg.cofb.net\/2020\/08\/28\/professio-farmaceutica-provincia-barcelona-xifres\/#article","isPartOf":{"@id":"https:\/\/novaorg.cofb.net\/2020\/08\/28\/professio-farmaceutica-provincia-barcelona-xifres\/"},"author":{"name":"wpAdminCofbOrg","@id":"https:\/\/www.cofb.org\/#\/schema\/person\/22ed7eea88da74b0fa4d3154ad87ffcb"},"headline":"La professi\u00f3 farmac\u00e8utica a la prov\u00edncia de Barcelona, en xifres","datePublished":"2020-08-28T11:36:56+00:00","dateModified":"2020-08-28T11:36:56+00:00","mainEntityOfPage":{"@id":"https:\/\/novaorg.cofb.net\/2020\/08\/28\/professio-farmaceutica-provincia-barcelona-xifres\/"},"wordCount":500,"commentCount":0,"publisher":{"@id":"https:\/\/www.cofb.org\/#organization"},"image":{"@id":"https:\/\/novaorg.cofb.net\/2020\/08\/28\/professio-farmaceutica-provincia-barcelona-xifres\/#primaryimage"},"thumbnailUrl":"","keywords":["CCFC","CGCOF","COF de Madrid","COF de Pontevedra","COF de Val\u00e8ncia","COFB","col\u00b7legiats","Col\u00b7legis professinals","Consejo General de Colegios Farmac\u00e9uticos","Dermofarm\u00e0cia","dones farmac\u00e8utiques","Estad\u00edstiques de Col\u00b7legiats i Farm\u00e0cies Comunit\u00e0ries","farm\u00e0cia comunit\u00e0ria","farm\u00e0cies noves","Gal\u00edcia","habitants per farm\u00e0cia","nombre de col\u00b7legiats","nombre de farm\u00e0cies","Oficina de farm\u00e0cia","professi\u00f3 farmac\u00e8utica","vocalia d'alimentaci\u00f3 i nutrici\u00f3","vocalia d'Ortop\u00e8dia"],"articleSection":["Destacats","Not\u00edcies farm\u00e0cia"],"inLanguage":"ca","potentialAction":[{"@type":"CommentAction","name":"Comment","target":["https:\/\/novaorg.cofb.net\/2020\/08\/28\/professio-farmaceutica-provincia-barcelona-xifres\/#respond"]}]},{"@type":"WebPage","@id":"https:\/\/novaorg.cofb.net\/2020\/08\/28\/professio-farmaceutica-provincia-barcelona-xifres\/","url":"https:\/\/novaorg.cofb.net\/2020\/08\/28\/professio-farmaceutica-provincia-barcelona-xifres\/","name":"La professi\u00f3 farmac\u00e8utica a la prov\u00edncia de Barcelona, en xifres - Col\u00b7legi de Farmac\u00e8utics de Barcelona","isPartOf":{"@id":"https:\/\/www.cofb.org\/#website"},"primaryImageOfPage":{"@id":"https:\/\/novaorg.cofb.net\/2020\/08\/28\/professio-farmaceutica-provincia-barcelona-xifres\/#primaryimage"},"image":{"@id":"https:\/\/novaorg.cofb.net\/2020\/08\/28\/professio-farmaceutica-provincia-barcelona-xifres\/#primaryimage"},"thumbnailUrl":"","datePublished":"2020-08-28T11:36:56+00:00","dateModified":"2020-08-28T11:36:56+00:00","description":"El Consejo General de Colegios Farmac\u00e9uticos ha publicat l'informe \"Estad\u00edstiques de Col\u00b7legiats i Farm\u00e0cies Comunit\u00e0ries\" de 2019. El document analitza l'evoluci\u00f3 anual de la professi\u00f3: nombre de col\u00b7legiats, nombre de farm\u00e0cies, percentatges de dones o la dispersi\u00f3 de les farm\u00e0cies a cada prov\u00edncia.","breadcrumb":{"@id":"https:\/\/novaorg.cofb.net\/2020\/08\/28\/professio-farmaceutica-provincia-barcelona-xifres\/#breadcrumb"},"inLanguage":"ca","potentialAction":[{"@type":"ReadAction","target":["https:\/\/novaorg.cofb.net\/2020\/08\/28\/professio-farmaceutica-provincia-barcelona-xifres\/"]}]},{"@type":"ImageObject","inLanguage":"ca","@id":"https:\/\/novaorg.cofb.net\/2020\/08\/28\/professio-farmaceutica-provincia-barcelona-xifres\/#primaryimage","url":"","contentUrl":""},{"@type":"BreadcrumbList","@id":"https:\/\/novaorg.cofb.net\/2020\/08\/28\/professio-farmaceutica-provincia-barcelona-xifres\/#breadcrumb","itemListElement":[{"@type":"ListItem","position":1,"name":"Inici","item":"https:\/\/novaorg.cofb.net\/"},{"@type":"ListItem","position":2,"name":"La professi\u00f3 farmac\u00e8utica a la prov\u00edncia de Barcelona, en xifres"}]},{"@type":"WebSite","@id":"https:\/\/www.cofb.org\/#website","url":"https:\/\/www.cofb.org\/","name":"Col\u00b7legi de Farmac\u00e8utics de Barcelona","description":"","publisher":{"@id":"https:\/\/www.cofb.org\/#organization"},"potentialAction":[{"@type":"SearchAction","target":{"@type":"EntryPoint","urlTemplate":"https:\/\/www.cofb.org\/?s={search_term_string}"},"query-input":"required name=search_term_string"}],"inLanguage":"ca"},{"@type":"Organization","@id":"https:\/\/www.cofb.org\/#organization","name":"Col\u00b7legi de Farmac\u00e8utics de Barcelona","url":"https:\/\/www.cofb.org\/","logo":{"@type":"ImageObject","inLanguage":"ca","@id":"https:\/\/www.cofb.org\/#\/schema\/logo\/image\/","url":"https:\/\/www.cofb.org\/wp-content\/uploads\/2023\/11\/cropped-Logotip-COFB.png","contentUrl":"https:\/\/www.cofb.org\/wp-content\/uploads\/2023\/11\/cropped-Logotip-COFB.png","width":500,"height":105,"caption":"Col\u00b7legi de Farmac\u00e8utics de Barcelona"},"image":{"@id":"https:\/\/www.cofb.org\/#\/schema\/logo\/image\/"},"sameAs":["https:\/\/www.facebook.com\/farmaceuticsbcn\/","https:\/\/twitter.com\/farmaceuticsbcn","https:\/\/www.instagram.com\/farmaceuticsbcn\/","https:\/\/www.linkedin.com\/company\/farmaceuticsbcn\/"]},{"@type":"Person","@id":"https:\/\/www.cofb.org\/#\/schema\/person\/22ed7eea88da74b0fa4d3154ad87ffcb","name":"wpAdminCofbOrg","image":{"@type":"ImageObject","inLanguage":"ca","@id":"https:\/\/www.cofb.org\/#\/schema\/person\/image\/","url":"https:\/\/secure.gravatar.com\/avatar\/1721b20b3b8ca882c3b56ec6c978c594fff670e40c0718e9190eaeeb76aae7d8?s=96&d=mm&r=g","contentUrl":"https:\/\/secure.gravatar.com\/avatar\/1721b20b3b8ca882c3b56ec6c978c594fff670e40c0718e9190eaeeb76aae7d8?s=96&d=mm&r=g","caption":"wpAdminCofbOrg"},"sameAs":["http:\/\/192.168.64.122\/wordpress"],"url":"https:\/\/www.cofb.org\/ca\/author\/wpadmincofborg\/"}]}},"uagb_featured_image_src":{"full":false,"thumbnail":false,"medium":false,"medium_large":false,"large":false,"1536x1536":false,"2048x2048":false,"trp-custom-language-flag":false},"uagb_author_info":{"display_name":"wpAdminCofbOrg","author_link":"https:\/\/www.cofb.org\/ca\/author\/wpadmincofborg\/"},"uagb_comment_info":0,"uagb_excerpt":"El Consejo General de Colegios Oficiales de Farmac\u00e9uticos (CGCOF) ha publicat, un any m\u00e9s, l&#8217;informe &#8220;Estad\u00edsticas de Colegiados Farmac\u00e9uticos y Farmacias Comunitarias&#8221;, corresponent al 2019. El document \u00e9s una radiografia de la professi\u00f3 farmac\u00e8utica, que analitza l&#8217;evoluci\u00f3 anual de les xifres m\u00e9s rellevants de la professi\u00f3. A continuaci\u00f3, recollim\u00a0algunes de [&hellip;]","_links":{"self":[{"href":"https:\/\/www.cofb.org\/ca\/wp-json\/wp\/v2\/posts\/51845","targetHints":{"allow":["GET"]}}],"collection":[{"href":"https:\/\/www.cofb.org\/ca\/wp-json\/wp\/v2\/posts"}],"about":[{"href":"https:\/\/www.cofb.org\/ca\/wp-json\/wp\/v2\/types\/post"}],"author":[{"embeddable":true,"href":"https:\/\/www.cofb.org\/ca\/wp-json\/wp\/v2\/users\/1"}],"replies":[{"embeddable":true,"href":"https:\/\/www.cofb.org\/ca\/wp-json\/wp\/v2\/comments?post=51845"}],"version-history":[{"count":0,"href":"https:\/\/www.cofb.org\/ca\/wp-json\/wp\/v2\/posts\/51845\/revisions"}],"wp:featuredmedia":[{"embeddable":true,"href":"https:\/\/www.cofb.org\/ca\/wp-json\/"}],"wp:attachment":[{"href":"https:\/\/www.cofb.org\/ca\/wp-json\/wp\/v2\/media?parent=51845"}],"wp:term":[{"taxonomy":"category","embeddable":true,"href":"https:\/\/www.cofb.org\/ca\/wp-json\/wp\/v2\/categories?post=51845"},{"taxonomy":"post_tag","embeddable":true,"href":"https:\/\/www.cofb.org\/ca\/wp-json\/wp\/v2\/tags?post=51845"}],"curies":[{"name":"wp","href":"https:\/\/api.w.org\/{rel}","templated":true}]}}