{"id":51544,"date":"2020-07-23T14:58:40","date_gmt":"2020-07-23T12:58:40","guid":{"rendered":"https:\/\/blog.cofb.cat\/?p=51544"},"modified":"2020-07-23T14:58:40","modified_gmt":"2020-07-23T12:58:40","slug":"jordi-dalmases-balanc-dotze-anys-capdavant-cofb-video-entrevista","status":"publish","type":"post","link":"https:\/\/www.cofb.org\/ca\/2020\/07\/23\/jordi-dalmases-balanc-dotze-anys-capdavant-cofb-video-entrevista\/","title":{"rendered":"Jordi de Dalmases: Balan\u00e7 de dotze anys al capdavant del COFB [V\u00eddeo Entrevista]"},"content":{"rendered":"<p><strong>Jordi de Dalmases, deixa la presid\u00e8ncia del Col\u00b7legi de Farmac\u00e8utics de Barcelona,<\/strong> en arribar al <strong>final del seu tercer mandat<\/strong>. Abans de<strong> cedir el testimoni a la <a href=\"https:\/\/blog.cofb.cat\/jordi-casas-sanchez-nou-president-collegi-farmaceutics-barcelona-mandat-2020-2024\/\" target=\"_blank\" rel=\"noopener\">nova junta encap\u00e7alada pel\u00a0\u00a0nou president Jordi Casas<\/a>,<\/strong> proclamada electa el passat 2 de juliol. Dalmases ha volgut fer un <strong>rep\u00e0s de la seva experi\u00e8ncia al capdavant del Col\u00b7legi<\/strong>, durant els <strong>darrers 12 anys,<\/strong> en aquesta v\u00eddeo entrevista.<br \/>\n<iframe src=\"https:\/\/player.vimeo.com\/video\/440968311\" width=\"640\" height=\"360\" frameborder=\"0\" allowfullscreen=\"allowfullscreen\"><\/iframe><\/p>\n<h1><strong>Qu\u00e8 se sent despr\u00e9s de 12 anys al capdavant del COFB?<\/strong><\/h1>\n<p>&#8220;En aquest moment \u00e9s una mescla de sentiments. El m\u00e9s important \u00e9s la <strong>satisfacci\u00f3 per la feina feta, per haver treballat intensament, per haver mantingut la coher\u00e8ncia i per saber que ho hem donat tot<\/strong>. A m\u00e9s tamb\u00e9 hi ha un cert sentiment d\u2019alleugeriment, perqu\u00e8 la responsabilitat en aquests c\u00e0rrecs pesa. Perqu\u00e8 s\u00f3n moltes persones al voltant d\u2019una professi\u00f3, que en depenen d\u2019ella i estar al capdavant del Col\u00b7legi comporta aquesta responsabilitat. I a m\u00e9s tinc un <strong>sentiment molt maco d\u2019agra\u00efment.<\/strong> Agra\u00efment <strong>a tots els farmac\u00e8utics<\/strong> que m\u2019han perm\u00e8s representar-los durant tots aquests anys, agra\u00efment tamb\u00e9<strong> a l\u2019enorme capital hum\u00e0 de persones que estan treballant al Col\u00b7legi<\/strong> sense les que no podrirem fer front a tots els reptes impressionats als quals hem fet front durant tots aquests anys. I agra\u00efment tamb\u00e9 <strong>a les tres juntes de govern,\u00a0<\/strong> que han sabut mantenir l\u2019equip i prendre les determinacions que ha fet falta en cada moment&#8221;.<\/p>\n<h1><strong>Els reptes\u00a0<\/strong><\/h1>\n<p>&#8220;Jo diria que el c\u00e0rrec \u00e9s un repte per s\u00ed, ja. Per\u00f2 jo diria que hi ha<strong> tres moments fonamentals<\/strong> que no oblidarem mai, els que hem compartit. El primer, i no gaire lluny d\u2019aterrar al Col\u00b7legi, va ser la <strong>crisi dels impagaments.\u00a0<\/strong>Aquest va ser un moment molt dur i crec que, sincerament, la vam encertar en una cosa, nom\u00e9s en una essencial, important\u00edssima i que la vam fer tots: no vam deixar a cap ciutad\u00e0 sense el f\u00e0rmac que necessitava, a pesar que no els cobr\u00e9ssim.<\/p>\n<p><a href=\"https:\/\/blog.cofb.cat\/wp-content\/uploads\/2020\/07\/Entrevista-Jordi-de-Dalmases-230720_4.jpg\"><img fetchpriority=\"high\" decoding=\"async\" class=\"aligncenter size-large wp-image-51606\" src=\"https:\/\/blog.cofb.cat\/wp-content\/uploads\/2020\/07\/Entrevista-Jordi-de-Dalmases-230720_4-1024x576.jpg\" alt=\"\" width=\"620\" height=\"349\" \/><\/a><\/p>\n<p>El segon punt, tamb\u00e9 molt important, que hem viscut en aquests dotze anys, ha sigut tot El Proc\u00e9s. El <strong>proc\u00e9s que hem viscut a Catalunya<\/strong> independentista que va posar en el Col\u00b7legi en la vicissitud d\u2019emetre opini\u00f3 o no. Va ser un moment especialment dur a on vam mantenir el Col\u00b7legi en la neutralitat.\u00a0Per \u00faltim, en el darrer gaireb\u00e9 \u00faltim trimestre de mandat, la COVID-19. <strong>L\u2019impacte de la COVID-19.<\/strong> Jo definiria: senzillament all\u00f2 que trig\u00e0vem mesos a fer, ho vam haver de fer en dies. I crec que, a la farm\u00e0cia, ha estat una pe\u00e7a important en cooperar en les solucions que es van implementar per atendre a la poblaci\u00f3 amb m\u00e9s seguretat. I hem estat al peu del can\u00f3 i ho hem donat tot una altra vegada i aix\u00ed se\u2019ns est\u00e0 reconeixent en aquests moments&#8221;.<\/p>\n<h1><strong>Les fites assolides<\/strong><\/h1>\n<p>&#8220;Jo crec que durant aquests anys hem iniciat i que ens marcaran el cam\u00ed del futur. Quan vam arribar aqu\u00ed amb la primera junta de govern, no hi havia una sola farm\u00e0cia a la prov\u00edncia de Barcelona que tingu\u00e9s o estigu\u00e9s treballant amb<strong> recepta electr\u00f2nica.<\/strong> I aquesta \u00e9s una fita important\u00edssima. L\u2019hem implementat.\u00a0Un altre aspecte del qual estem molt satisfets \u00e9s la <strong>creaci\u00f3 d\u2019una cartera de serveis professionals<\/strong> on el farmac\u00e8utic, a m\u00e9s de garantir amb la seva dispensaci\u00f3 la qualitat t\u00e8cnica dels medicaments i l&#8217;accessibilitat dels f\u00e0rmacs a la poblaci\u00f3, posar la gesti\u00f3 del seu coneixement\u00a0 per tal de millorar l\u2019efecte d\u2019aquests f\u00e0rmacs o per donar un servei afegit. O tamb\u00e9 per utilitzar la xarxa de farm\u00e0cies amb b\u00e9 d\u2019objectius de salut del pa\u00eds. Com a exemple tenim el cribratge de c\u00e0ncer de c\u00f2lon o rectal, que vam estar durant dos anys fent-ho de manera volunt\u00e0ria i que finalment va ser concertat. Posa en valor aquesta xarxa nostra d\u2019oficines de farm\u00e0cia.<\/p>\n<p><a href=\"https:\/\/blog.cofb.cat\/wp-content\/uploads\/2020\/07\/Entrevista-Jordi-de-Dalmases-230720_5.jpg\"><img decoding=\"async\" class=\"aligncenter size-large wp-image-51607\" src=\"https:\/\/blog.cofb.cat\/wp-content\/uploads\/2020\/07\/Entrevista-Jordi-de-Dalmases-230720_5-1024x576.jpg\" alt=\"\" width=\"620\" height=\"349\" \/><\/a><\/p>\n<p>Tamb\u00e9, un aspecte fonamental ha estat la nostra<strong> reestructuraci\u00f3 en el territori.<\/strong> 2.200 oficines de farm\u00e0cia, i m\u2019estic referint concretament al m\u00f3n de la farm\u00e0cia, s\u00f3n moltes oficines en un territori gran i la seva coordinaci\u00f3 \u00e9s dif\u00edcil. I a m\u00e9s interaccionen amb molts agents de salut, en aquest territori. La <strong>capacitat de crear la xarxa de coordinadors<\/strong> a trav\u00e9s de la Francisca Aranzana, la vocal d\u2019Oficina de Farm\u00e0cia, ens ha donat una estructura i una pres\u00e8ncia en el territori i una capacitat de relacionar-nos amb la resta de professionals de la salut que ha estat tamb\u00e9 important\u00edssima.\u00a0I per \u00faltim un tema de sumar. La nostra<strong> col\u00b7laboraci\u00f3 amb el Col\u00b7legi de Madrid.<\/strong> Hem estat capa\u00e7os de generar un <strong>Infarma<\/strong> magn\u00edfic, punt de trobada de tota la professi\u00f3 i que actualment s\u2019organitza un any a Madrid i un any a Barcelona. I tamb\u00e9 la sinergia que hem creat amb la creaci\u00f3 d\u2019<strong>\u00c0gora Sanit\u00e0ria<\/strong>, la nostra plataforma de formaci\u00f3 en l\u00ednia juntament amb Madrid&#8221;.<\/p>\n<h1><strong>Qu\u00e8 li ha quedat per fer?<\/strong><\/h1>\n<p>&#8220;Molt\u00edssimes coses. Per\u00f2 a mi m\u2019agradaria pensar en dos concretament. Una: de <strong>farm\u00e0cia assistencial,<\/strong> de representaci\u00f3 de tot el col\u00b7lectiu dels \u00e0mbits on treballa el farmac\u00e8utic i la seva col\u00b7laboraci\u00f3. En la farm\u00e0cia assistencial<strong> tenim farmac\u00e8utics de prim\u00e0ria, farmac\u00e8utics hospitalaris i farmac\u00e8utics de comunit\u00e0ria, i hem d\u2019aprendre a coordinar-nos i a treballar plegats.<\/strong> I aix\u00f2 ho hem iniciat i els coordinadors tamb\u00e9 ens han ajudat molt als farmac\u00e8utics de prim\u00e0ria en el territori i darrerament amb la COVID-19 hem estat col\u00b7laborant de manera intensa en la dispensaci\u00f3 de f\u00e0rmacs per part de l\u2019hospital i que es lliuraven a trav\u00e9s de l&#8217;oficina de farm\u00e0cia. Amb una clara col\u00b7laboraci\u00f3 i amb un concepte de cont\u00ednuum assistencial molt important. Aix\u00f2 s\u2019ha de refor\u00e7ar. Ens ha quedat els deures fets a mitges.<a href=\"https:\/\/blog.cofb.cat\/wp-content\/uploads\/2020\/07\/Entrevista-Jordi-de-Dalmases-230720_3.jpg\"><img decoding=\"async\" class=\"aligncenter size-large wp-image-51605\" src=\"https:\/\/blog.cofb.cat\/wp-content\/uploads\/2020\/07\/Entrevista-Jordi-de-Dalmases-230720_3-1024x576.jpg\" alt=\"\" width=\"620\" height=\"349\" \/><\/a><\/p>\n<p>I en segon lloc, un tema de buscar el <strong>paper de la farm\u00e0cia del futur.<\/strong> El nostre m\u00f3n sanitari se\u2019n va cap a una <strong>cronificaci\u00f3<\/strong> i una intensitat en la pres\u00e8ncia i exist\u00e8ncia de pacients cr\u00f2nics complexos i hem de definir quin ser\u00e0 el paper del farmac\u00e8utic de farm\u00e0cia comunitari, que \u00e9s el que est\u00e0 m\u00e9s a prop d\u2019aquesta atenci\u00f3 prim\u00e0ria i d\u2019aquesta poblaci\u00f3. <strong>Qu\u00e8 passar\u00e0 amb l\u2019atenci\u00f3 farmac\u00e8utica domicili\u00e0ria, com s\u2019organitzar\u00e0 l\u2019atenci\u00f3 de la prestaci\u00f3 farmac\u00e8utica amb tots els pacients que tenim a les resid\u00e8ncies.<\/strong> Aquesta \u00e9s una clau de futur molt important tamb\u00e9 que ens ha quedat per definir&#8221;.<\/p>\n<h1><strong>Qu\u00e8 li ha aportat la instituci\u00f3? Qu\u00e8 considera que li ha aportat vost\u00e8?<\/strong><\/h1>\n<p><strong>&#8220;La instituci\u00f3 m\u2019ha aportat sentit a la meva vida professional durant molts anys.<\/strong> <strong>Objectius<\/strong>.\u00a0<strong>Comprom\u00eds<\/strong> amb les persones. <strong>Coneixen\u00e7a<\/strong> d&#8217;infinitat de persones, cadascuna amb coses molt importants a con\u00e8ixer, a escoltar, i que les he interioritzat com si fos una esponja durant aquest temps.\u00a0 Qu\u00e8 hi he aportat jo? No s\u00e9. El temps ho dir\u00e0. En tot cas <strong>espero haver aportat coher\u00e8ncia amb la direcci\u00f3 d\u2019aquests tres equips de junta de govern.<\/strong> Vam comen\u00e7ar, me\u2019n recordo que l\u2019esl\u00f2gan era: \u201cPel creixement professional del farmac\u00e8utic\u201d; i acabo dient que la professi\u00f3 farmac\u00e8utica ha de seguir creixent. Per tant,<strong> s\u00f3n dotze anys amb la br\u00faixola apuntada amb els mateixos graus i que hem intentat mantenir sempre els mateixos objectius&#8221;.<\/strong><\/p>\n<h1><strong>El futur de la professi\u00f3<\/strong><\/h1>\n<p>&#8220;Jo crec que el <strong>farmac\u00e8utic<\/strong>, tal com est\u00e0 anant el futur del medicament,<strong> t\u00e9 un futur assegurat.<\/strong> Espl\u00e8ndid, amb feina i amb nous reptes. I haur\u00e0 de <strong>formar-se i preparar-se cont\u00ednuament.<\/strong> Perqu\u00e8 el m\u00f3n al qua\u00f1 estem dedicats, el m\u00f3n del medicament, ha agafat una <strong>velocitat d\u2019innovaci\u00f3 impressionant.<\/strong><\/p>\n<p>Si parlem del<strong> futur de la farm\u00e0cia,<\/strong> que no del farmac\u00e8utic, de la farm\u00e0cia tal com la coneixem en l\u2019actualitat ordenada tant amb criteris assistencials com d\u2019accessibilitat com d\u2019\u00fas de poblaci\u00f3 i de dist\u00e0ncia, per assegurar aquesta accessibilitat, aqu\u00ed tindrem feina tots plegats. Perqu\u00e8 aquest model de farm\u00e0cia s\u2019ha de fer bo cada dia. I com a col\u00b7lectiu de professionals que treballen en diferents \u00e0mbits, haurem de col\u00b7laborar. <strong>El cont\u00ednuum assistencial, la capacitat que tinguem nosaltres de, realment, en la prestaci\u00f3 farmac\u00e8utica, posar al pacient al mig i col\u00b7laborar entre nosaltres per fer-li les coses m\u00e9s f\u00e0cils a aquest pacient, tamb\u00e9 ser\u00e0 essencial.<\/strong><\/p>\n<p><a href=\"https:\/\/blog.cofb.cat\/wp-content\/uploads\/2020\/07\/Entrevista-Jordi-de-Dalmases-230720_6.jpg\"><img loading=\"lazy\" decoding=\"async\" class=\"aligncenter size-large wp-image-51610\" src=\"https:\/\/blog.cofb.cat\/wp-content\/uploads\/2020\/07\/Entrevista-Jordi-de-Dalmases-230720_6-1024x576.jpg\" alt=\"\" width=\"620\" height=\"349\" \/><\/a><\/p>\n<p>De totes maneres, aquest futur segur que estar\u00e0 <strong>ben guiat perqu\u00e8 hi ha una nova junta de govern amb noves il\u00b7lusions, amb nova empenta, amb una disminuci\u00f3, com no pot ser d\u2019una altra manera, amb les renovacions de la seva mitjana d\u2019edat<\/strong> que t\u00e9 totes les il\u00b7lusions posades en la professi\u00f3 i lluitar\u00e0 i treballar\u00e0 per ella exactament igual a com ho han fet les passades juntes de govern. I un <strong>president a qui desitjo tota la sort i tota la tempran\u00e7a del m\u00f3n.<\/strong> Perqu\u00e8 la necessitar\u00e0. Perqu\u00e8 quan estigui al front se sentir\u00e0 sol en moltes ocasions, per\u00f2 que segur que posar\u00e0 tota la seva capacitat de treball a favor d\u2019aquesta nostra estimada professi\u00f3 farmac\u00e8utica i de la farm\u00e0cia&#8221;.<\/p>\n<p><strong>Altres publicacions d\u2019inter\u00e8s:<\/strong><\/p>\n<ul>\n<li><a href=\"https:\/\/blog.cofb.cat\/jordi-casas-sanchez-nou-president-collegi-farmaceutics-barcelona-mandat-2020-2024\/\" target=\"_blank\" rel=\"noopener\">Jordi Casas S\u00e1nchez, nou president del Col\u00b7legi de Farmac\u00e8utics de Barcelona per al mandat 2020-2024 (Juliol 2020)<\/a><\/li>\n<li><a href=\"https:\/\/blog.cofb.cat\/quins-son-els-objectius-de-la-nova-junta-de-govern-del-cof-de-barcelona\/\" target=\"_blank\" rel=\"noopener\">Quins s\u00f3n els objectius de la nova Junta de Govern del COF de Barcelona? (Juny 2016)<\/a><\/li>\n<\/ul>\n","protected":false},"excerpt":{"rendered":"<p>Jordi de Dalmases, deixa la presid\u00e8ncia del Col\u00b7legi de Farmac\u00e8utics de Barcelona, en arribar al final del seu tercer mandat. Abans de cedir el testimoni a la nova junta encap\u00e7alada pel\u00a0\u00a0nou president Jordi Casas, proclamada electa el passat 2 de juliol. Dalmases ha volgut fer un rep\u00e0s de la seva [&hellip;]<\/p>\n","protected":false},"author":1,"featured_media":51602,"comment_status":"open","ping_status":"open","sticky":false,"template":"","format":"standard","meta":{"_uag_custom_page_level_css":"","site-sidebar-layout":"default","site-content-layout":"","ast-site-content-layout":"default","site-content-style":"default","site-sidebar-style":"default","ast-global-header-display":"","ast-banner-title-visibility":"","ast-main-header-display":"","ast-hfb-above-header-display":"","ast-hfb-below-header-display":"","ast-hfb-mobile-header-display":"","site-post-title":"","ast-breadcrumbs-content":"","ast-featured-img":"disabled","footer-sml-layout":"","theme-transparent-header-meta":"","adv-header-id-meta":"","stick-header-meta":"","header-above-stick-meta":"","header-main-stick-meta":"","header-below-stick-meta":"","astra-migrate-meta-layouts":"default","ast-page-background-enabled":"default","ast-page-background-meta":{"desktop":{"background-color":"var(--ast-global-color-4)","background-image":"","background-repeat":"repeat","background-position":"center center","background-size":"auto","background-attachment":"scroll","background-type":"","background-media":"","overlay-type":"","overlay-color":"","overlay-opacity":"","overlay-gradient":""},"tablet":{"background-color":"","background-image":"","background-repeat":"repeat","background-position":"center center","background-size":"auto","background-attachment":"scroll","background-type":"","background-media":"","overlay-type":"","overlay-color":"","overlay-opacity":"","overlay-gradient":""},"mobile":{"background-color":"","background-image":"","background-repeat":"repeat","background-position":"center center","background-size":"auto","background-attachment":"scroll","background-type":"","background-media":"","overlay-type":"","overlay-color":"","overlay-opacity":"","overlay-gradient":""}},"ast-content-background-meta":{"desktop":{"background-color":"var(--ast-global-color-5)","background-image":"","background-repeat":"repeat","background-position":"center center","background-size":"auto","background-attachment":"scroll","background-type":"","background-media":"","overlay-type":"","overlay-color":"","overlay-opacity":"","overlay-gradient":""},"tablet":{"background-color":"var(--ast-global-color-5)","background-image":"","background-repeat":"repeat","background-position":"center center","background-size":"auto","background-attachment":"scroll","background-type":"","background-media":"","overlay-type":"","overlay-color":"","overlay-opacity":"","overlay-gradient":""},"mobile":{"background-color":"var(--ast-global-color-5)","background-image":"","background-repeat":"repeat","background-position":"center center","background-size":"auto","background-attachment":"scroll","background-type":"","background-media":"","overlay-type":"","overlay-color":"","overlay-opacity":"","overlay-gradient":""}},"footnotes":""},"categories":[23,57],"tags":[109,110,469,90,918,69,480,2133,28,2123,4234,418,76,4203,1025],"class_list":["post-51544","post","type-post","status-publish","format-standard","has-post-thumbnail","hentry","category-destacats","category-mon-collegial","tag-agora-sanitaria","tag-cofm","tag-coronavirus","tag-covid-19","tag-farmaceutics-danalisis-cliniques","tag-farmacia-comunitaria","tag-farmacia-hospitalaria","tag-impagaments","tag-infarma","tag-jordi-de-dalmases","tag-junta-de-covern","tag-junta-de-govern-del-cofb","tag-oficina-de-farmacia","tag-president-cofb","tag-president-del-collegi-de-farmaceutics-de-barcelona"],"yoast_head":"<!-- This site is optimized with the Yoast SEO plugin v22.4 - https:\/\/yoast.com\/wordpress\/plugins\/seo\/ -->\n<title>Jordi de Dalmases: Balan\u00e7 de dotze anys al capdavant del COFB [V\u00eddeo Entrevista] - Col\u00b7legi de Farmac\u00e8utics de Barcelona<\/title>\n<meta name=\"description\" content=\"Jordi de Dalmases, deixa la presid\u00e8ncia del Col\u00b7legi de Farmac\u00e8utics de Barcelona, en arribar al final del seu tercer mandat. Abans de cedir el testimoni a la nova junta encap\u00e7alada pel\u00a0\u00a0nou president Jordi Casas, proclamada electa el passat 2 de juliol.\" \/>\n<meta name=\"robots\" content=\"index, follow, max-snippet:-1, max-image-preview:large, max-video-preview:-1\" \/>\n<link rel=\"canonical\" href=\"https:\/\/novaorg.cofb.net\/2020\/07\/23\/jordi-dalmases-balanc-dotze-anys-capdavant-cofb-video-entrevista\/\" \/>\n<meta property=\"og:locale\" content=\"ca_ES\" \/>\n<meta property=\"og:type\" content=\"article\" \/>\n<meta property=\"og:title\" content=\"Jordi de Dalmases: Balan\u00e7 de dotze anys al capdavant del COFB [V\u00eddeo Entrevista] - Col\u00b7legi de Farmac\u00e8utics de Barcelona\" \/>\n<meta property=\"og:description\" content=\"Jordi de Dalmases, deixa la presid\u00e8ncia del Col\u00b7legi de Farmac\u00e8utics de Barcelona, en arribar al final del seu tercer mandat. Abans de cedir el testimoni a la nova junta encap\u00e7alada pel\u00a0\u00a0nou president Jordi Casas, proclamada electa el passat 2 de juliol.\" \/>\n<meta property=\"og:url\" content=\"https:\/\/novaorg.cofb.net\/2020\/07\/23\/jordi-dalmases-balanc-dotze-anys-capdavant-cofb-video-entrevista\/\" \/>\n<meta property=\"og:site_name\" content=\"Col\u00b7legi de Farmac\u00e8utics de Barcelona\" \/>\n<meta property=\"article:publisher\" content=\"https:\/\/www.facebook.com\/farmaceuticsbcn\/\" \/>\n<meta property=\"article:published_time\" content=\"2020-07-23T12:58:40+00:00\" \/>\n<meta name=\"author\" content=\"wpAdminCofbOrg\" \/>\n<meta name=\"twitter:card\" content=\"summary_large_image\" \/>\n<meta name=\"twitter:creator\" content=\"@farmaceuticsbcn\" \/>\n<meta name=\"twitter:site\" content=\"@farmaceuticsbcn\" \/>\n<meta name=\"twitter:label1\" content=\"Escrit per\" \/>\n\t<meta name=\"twitter:data1\" content=\"wpAdminCofbOrg\" \/>\n\t<meta name=\"twitter:label2\" content=\"Temps estimat de lectura\" \/>\n\t<meta name=\"twitter:data2\" content=\"8 minuts\" \/>\n<script type=\"application\/ld+json\" class=\"yoast-schema-graph\">{\"@context\":\"https:\/\/schema.org\",\"@graph\":[{\"@type\":\"Article\",\"@id\":\"https:\/\/novaorg.cofb.net\/2020\/07\/23\/jordi-dalmases-balanc-dotze-anys-capdavant-cofb-video-entrevista\/#article\",\"isPartOf\":{\"@id\":\"https:\/\/novaorg.cofb.net\/2020\/07\/23\/jordi-dalmases-balanc-dotze-anys-capdavant-cofb-video-entrevista\/\"},\"author\":{\"name\":\"wpAdminCofbOrg\",\"@id\":\"https:\/\/www.cofb.org\/#\/schema\/person\/22ed7eea88da74b0fa4d3154ad87ffcb\"},\"headline\":\"Jordi de Dalmases: Balan\u00e7 de dotze anys al capdavant del COFB [V\u00eddeo Entrevista]\",\"datePublished\":\"2020-07-23T12:58:40+00:00\",\"dateModified\":\"2020-07-23T12:58:40+00:00\",\"mainEntityOfPage\":{\"@id\":\"https:\/\/novaorg.cofb.net\/2020\/07\/23\/jordi-dalmases-balanc-dotze-anys-capdavant-cofb-video-entrevista\/\"},\"wordCount\":1658,\"commentCount\":0,\"publisher\":{\"@id\":\"https:\/\/www.cofb.org\/#organization\"},\"image\":{\"@id\":\"https:\/\/novaorg.cofb.net\/2020\/07\/23\/jordi-dalmases-balanc-dotze-anys-capdavant-cofb-video-entrevista\/#primaryimage\"},\"thumbnailUrl\":\"\",\"keywords\":[\"\u00c1gora Sanitaria\",\"COFM\",\"coronavirus\",\"COVID-19\",\"farmac\u00e8utics d'an\u00e0lisis cl\u00edniques\",\"farm\u00e0cia comunit\u00e0ria\",\"farm\u00e0cia hospital\u00e0ria\",\"Impagaments\",\"Infarma\",\"Jordi de Dalmases\",\"junta de covern\",\"Junta de Govern del COFB\",\"Oficina de farm\u00e0cia\",\"president COFB\",\"president del Col\u00b7legi de Farmac\u00e8utics de Barcelona\"],\"articleSection\":[\"Destacats\",\"M\u00f3n col\u00b7legial\"],\"inLanguage\":\"ca\",\"potentialAction\":[{\"@type\":\"CommentAction\",\"name\":\"Comment\",\"target\":[\"https:\/\/novaorg.cofb.net\/2020\/07\/23\/jordi-dalmases-balanc-dotze-anys-capdavant-cofb-video-entrevista\/#respond\"]}]},{\"@type\":\"WebPage\",\"@id\":\"https:\/\/novaorg.cofb.net\/2020\/07\/23\/jordi-dalmases-balanc-dotze-anys-capdavant-cofb-video-entrevista\/\",\"url\":\"https:\/\/novaorg.cofb.net\/2020\/07\/23\/jordi-dalmases-balanc-dotze-anys-capdavant-cofb-video-entrevista\/\",\"name\":\"Jordi de Dalmases: Balan\u00e7 de dotze anys al capdavant del COFB [V\u00eddeo Entrevista] - Col\u00b7legi de Farmac\u00e8utics de Barcelona\",\"isPartOf\":{\"@id\":\"https:\/\/www.cofb.org\/#website\"},\"primaryImageOfPage\":{\"@id\":\"https:\/\/novaorg.cofb.net\/2020\/07\/23\/jordi-dalmases-balanc-dotze-anys-capdavant-cofb-video-entrevista\/#primaryimage\"},\"image\":{\"@id\":\"https:\/\/novaorg.cofb.net\/2020\/07\/23\/jordi-dalmases-balanc-dotze-anys-capdavant-cofb-video-entrevista\/#primaryimage\"},\"thumbnailUrl\":\"\",\"datePublished\":\"2020-07-23T12:58:40+00:00\",\"dateModified\":\"2020-07-23T12:58:40+00:00\",\"description\":\"Jordi de Dalmases, deixa la presid\u00e8ncia del Col\u00b7legi de Farmac\u00e8utics de Barcelona, en arribar al final del seu tercer mandat. Abans de cedir el testimoni a la nova junta encap\u00e7alada pel\u00a0\u00a0nou president Jordi Casas, proclamada electa el passat 2 de juliol.\",\"breadcrumb\":{\"@id\":\"https:\/\/novaorg.cofb.net\/2020\/07\/23\/jordi-dalmases-balanc-dotze-anys-capdavant-cofb-video-entrevista\/#breadcrumb\"},\"inLanguage\":\"ca\",\"potentialAction\":[{\"@type\":\"ReadAction\",\"target\":[\"https:\/\/novaorg.cofb.net\/2020\/07\/23\/jordi-dalmases-balanc-dotze-anys-capdavant-cofb-video-entrevista\/\"]}]},{\"@type\":\"ImageObject\",\"inLanguage\":\"ca\",\"@id\":\"https:\/\/novaorg.cofb.net\/2020\/07\/23\/jordi-dalmases-balanc-dotze-anys-capdavant-cofb-video-entrevista\/#primaryimage\",\"url\":\"\",\"contentUrl\":\"\"},{\"@type\":\"BreadcrumbList\",\"@id\":\"https:\/\/novaorg.cofb.net\/2020\/07\/23\/jordi-dalmases-balanc-dotze-anys-capdavant-cofb-video-entrevista\/#breadcrumb\",\"itemListElement\":[{\"@type\":\"ListItem\",\"position\":1,\"name\":\"Inici\",\"item\":\"https:\/\/novaorg.cofb.net\/\"},{\"@type\":\"ListItem\",\"position\":2,\"name\":\"Jordi de Dalmases: Balan\u00e7 de dotze anys al capdavant del COFB [V\u00eddeo Entrevista]\"}]},{\"@type\":\"WebSite\",\"@id\":\"https:\/\/www.cofb.org\/#website\",\"url\":\"https:\/\/www.cofb.org\/\",\"name\":\"Col\u00b7legi de Farmac\u00e8utics de Barcelona\",\"description\":\"\",\"publisher\":{\"@id\":\"https:\/\/www.cofb.org\/#organization\"},\"potentialAction\":[{\"@type\":\"SearchAction\",\"target\":{\"@type\":\"EntryPoint\",\"urlTemplate\":\"https:\/\/www.cofb.org\/?s={search_term_string}\"},\"query-input\":\"required name=search_term_string\"}],\"inLanguage\":\"ca\"},{\"@type\":\"Organization\",\"@id\":\"https:\/\/www.cofb.org\/#organization\",\"name\":\"Col\u00b7legi de Farmac\u00e8utics de Barcelona\",\"url\":\"https:\/\/www.cofb.org\/\",\"logo\":{\"@type\":\"ImageObject\",\"inLanguage\":\"ca\",\"@id\":\"https:\/\/www.cofb.org\/#\/schema\/logo\/image\/\",\"url\":\"https:\/\/www.cofb.org\/wp-content\/uploads\/2023\/11\/cropped-Logotip-COFB.png\",\"contentUrl\":\"https:\/\/www.cofb.org\/wp-content\/uploads\/2023\/11\/cropped-Logotip-COFB.png\",\"width\":500,\"height\":105,\"caption\":\"Col\u00b7legi de Farmac\u00e8utics de Barcelona\"},\"image\":{\"@id\":\"https:\/\/www.cofb.org\/#\/schema\/logo\/image\/\"},\"sameAs\":[\"https:\/\/www.facebook.com\/farmaceuticsbcn\/\",\"https:\/\/twitter.com\/farmaceuticsbcn\",\"https:\/\/www.instagram.com\/farmaceuticsbcn\/\",\"https:\/\/www.linkedin.com\/company\/farmaceuticsbcn\/\"]},{\"@type\":\"Person\",\"@id\":\"https:\/\/www.cofb.org\/#\/schema\/person\/22ed7eea88da74b0fa4d3154ad87ffcb\",\"name\":\"wpAdminCofbOrg\",\"image\":{\"@type\":\"ImageObject\",\"inLanguage\":\"ca\",\"@id\":\"https:\/\/www.cofb.org\/#\/schema\/person\/image\/\",\"url\":\"https:\/\/secure.gravatar.com\/avatar\/1721b20b3b8ca882c3b56ec6c978c594fff670e40c0718e9190eaeeb76aae7d8?s=96&d=mm&r=g\",\"contentUrl\":\"https:\/\/secure.gravatar.com\/avatar\/1721b20b3b8ca882c3b56ec6c978c594fff670e40c0718e9190eaeeb76aae7d8?s=96&d=mm&r=g\",\"caption\":\"wpAdminCofbOrg\"},\"sameAs\":[\"http:\/\/192.168.64.122\/wordpress\"],\"url\":\"https:\/\/www.cofb.org\/ca\/author\/wpadmincofborg\/\"}]}<\/script>\n<!-- \/ Yoast SEO plugin. -->","yoast_head_json":{"title":"Jordi de Dalmases: Balan\u00e7 de dotze anys al capdavant del COFB [V\u00eddeo Entrevista] - Col\u00b7legi de Farmac\u00e8utics de Barcelona","description":"Jordi de Dalmases, deixa la presid\u00e8ncia del Col\u00b7legi de Farmac\u00e8utics de Barcelona, en arribar al final del seu tercer mandat. Abans de cedir el testimoni a la nova junta encap\u00e7alada pel\u00a0\u00a0nou president Jordi Casas, proclamada electa el passat 2 de juliol.","robots":{"index":"index","follow":"follow","max-snippet":"max-snippet:-1","max-image-preview":"max-image-preview:large","max-video-preview":"max-video-preview:-1"},"canonical":"https:\/\/novaorg.cofb.net\/2020\/07\/23\/jordi-dalmases-balanc-dotze-anys-capdavant-cofb-video-entrevista\/","og_locale":"ca_ES","og_type":"article","og_title":"Jordi de Dalmases: Balan\u00e7 de dotze anys al capdavant del COFB [V\u00eddeo Entrevista] - Col\u00b7legi de Farmac\u00e8utics de Barcelona","og_description":"Jordi de Dalmases, deixa la presid\u00e8ncia del Col\u00b7legi de Farmac\u00e8utics de Barcelona, en arribar al final del seu tercer mandat. Abans de cedir el testimoni a la nova junta encap\u00e7alada pel\u00a0\u00a0nou president Jordi Casas, proclamada electa el passat 2 de juliol.","og_url":"https:\/\/novaorg.cofb.net\/2020\/07\/23\/jordi-dalmases-balanc-dotze-anys-capdavant-cofb-video-entrevista\/","og_site_name":"Col\u00b7legi de Farmac\u00e8utics de Barcelona","article_publisher":"https:\/\/www.facebook.com\/farmaceuticsbcn\/","article_published_time":"2020-07-23T12:58:40+00:00","author":"wpAdminCofbOrg","twitter_card":"summary_large_image","twitter_creator":"@farmaceuticsbcn","twitter_site":"@farmaceuticsbcn","twitter_misc":{"Escrit per":"wpAdminCofbOrg","Temps estimat de lectura":"8 minuts"},"schema":{"@context":"https:\/\/schema.org","@graph":[{"@type":"Article","@id":"https:\/\/novaorg.cofb.net\/2020\/07\/23\/jordi-dalmases-balanc-dotze-anys-capdavant-cofb-video-entrevista\/#article","isPartOf":{"@id":"https:\/\/novaorg.cofb.net\/2020\/07\/23\/jordi-dalmases-balanc-dotze-anys-capdavant-cofb-video-entrevista\/"},"author":{"name":"wpAdminCofbOrg","@id":"https:\/\/www.cofb.org\/#\/schema\/person\/22ed7eea88da74b0fa4d3154ad87ffcb"},"headline":"Jordi de Dalmases: Balan\u00e7 de dotze anys al capdavant del COFB [V\u00eddeo Entrevista]","datePublished":"2020-07-23T12:58:40+00:00","dateModified":"2020-07-23T12:58:40+00:00","mainEntityOfPage":{"@id":"https:\/\/novaorg.cofb.net\/2020\/07\/23\/jordi-dalmases-balanc-dotze-anys-capdavant-cofb-video-entrevista\/"},"wordCount":1658,"commentCount":0,"publisher":{"@id":"https:\/\/www.cofb.org\/#organization"},"image":{"@id":"https:\/\/novaorg.cofb.net\/2020\/07\/23\/jordi-dalmases-balanc-dotze-anys-capdavant-cofb-video-entrevista\/#primaryimage"},"thumbnailUrl":"","keywords":["\u00c1gora Sanitaria","COFM","coronavirus","COVID-19","farmac\u00e8utics d'an\u00e0lisis cl\u00edniques","farm\u00e0cia comunit\u00e0ria","farm\u00e0cia hospital\u00e0ria","Impagaments","Infarma","Jordi de Dalmases","junta de covern","Junta de Govern del COFB","Oficina de farm\u00e0cia","president COFB","president del Col\u00b7legi de Farmac\u00e8utics de Barcelona"],"articleSection":["Destacats","M\u00f3n col\u00b7legial"],"inLanguage":"ca","potentialAction":[{"@type":"CommentAction","name":"Comment","target":["https:\/\/novaorg.cofb.net\/2020\/07\/23\/jordi-dalmases-balanc-dotze-anys-capdavant-cofb-video-entrevista\/#respond"]}]},{"@type":"WebPage","@id":"https:\/\/novaorg.cofb.net\/2020\/07\/23\/jordi-dalmases-balanc-dotze-anys-capdavant-cofb-video-entrevista\/","url":"https:\/\/novaorg.cofb.net\/2020\/07\/23\/jordi-dalmases-balanc-dotze-anys-capdavant-cofb-video-entrevista\/","name":"Jordi de Dalmases: Balan\u00e7 de dotze anys al capdavant del COFB [V\u00eddeo Entrevista] - Col\u00b7legi de Farmac\u00e8utics de Barcelona","isPartOf":{"@id":"https:\/\/www.cofb.org\/#website"},"primaryImageOfPage":{"@id":"https:\/\/novaorg.cofb.net\/2020\/07\/23\/jordi-dalmases-balanc-dotze-anys-capdavant-cofb-video-entrevista\/#primaryimage"},"image":{"@id":"https:\/\/novaorg.cofb.net\/2020\/07\/23\/jordi-dalmases-balanc-dotze-anys-capdavant-cofb-video-entrevista\/#primaryimage"},"thumbnailUrl":"","datePublished":"2020-07-23T12:58:40+00:00","dateModified":"2020-07-23T12:58:40+00:00","description":"Jordi de Dalmases, deixa la presid\u00e8ncia del Col\u00b7legi de Farmac\u00e8utics de Barcelona, en arribar al final del seu tercer mandat. Abans de cedir el testimoni a la nova junta encap\u00e7alada pel\u00a0\u00a0nou president Jordi Casas, proclamada electa el passat 2 de juliol.","breadcrumb":{"@id":"https:\/\/novaorg.cofb.net\/2020\/07\/23\/jordi-dalmases-balanc-dotze-anys-capdavant-cofb-video-entrevista\/#breadcrumb"},"inLanguage":"ca","potentialAction":[{"@type":"ReadAction","target":["https:\/\/novaorg.cofb.net\/2020\/07\/23\/jordi-dalmases-balanc-dotze-anys-capdavant-cofb-video-entrevista\/"]}]},{"@type":"ImageObject","inLanguage":"ca","@id":"https:\/\/novaorg.cofb.net\/2020\/07\/23\/jordi-dalmases-balanc-dotze-anys-capdavant-cofb-video-entrevista\/#primaryimage","url":"","contentUrl":""},{"@type":"BreadcrumbList","@id":"https:\/\/novaorg.cofb.net\/2020\/07\/23\/jordi-dalmases-balanc-dotze-anys-capdavant-cofb-video-entrevista\/#breadcrumb","itemListElement":[{"@type":"ListItem","position":1,"name":"Inici","item":"https:\/\/novaorg.cofb.net\/"},{"@type":"ListItem","position":2,"name":"Jordi de Dalmases: Balan\u00e7 de dotze anys al capdavant del COFB [V\u00eddeo Entrevista]"}]},{"@type":"WebSite","@id":"https:\/\/www.cofb.org\/#website","url":"https:\/\/www.cofb.org\/","name":"Col\u00b7legi de Farmac\u00e8utics de Barcelona","description":"","publisher":{"@id":"https:\/\/www.cofb.org\/#organization"},"potentialAction":[{"@type":"SearchAction","target":{"@type":"EntryPoint","urlTemplate":"https:\/\/www.cofb.org\/?s={search_term_string}"},"query-input":"required name=search_term_string"}],"inLanguage":"ca"},{"@type":"Organization","@id":"https:\/\/www.cofb.org\/#organization","name":"Col\u00b7legi de Farmac\u00e8utics de Barcelona","url":"https:\/\/www.cofb.org\/","logo":{"@type":"ImageObject","inLanguage":"ca","@id":"https:\/\/www.cofb.org\/#\/schema\/logo\/image\/","url":"https:\/\/www.cofb.org\/wp-content\/uploads\/2023\/11\/cropped-Logotip-COFB.png","contentUrl":"https:\/\/www.cofb.org\/wp-content\/uploads\/2023\/11\/cropped-Logotip-COFB.png","width":500,"height":105,"caption":"Col\u00b7legi de Farmac\u00e8utics de Barcelona"},"image":{"@id":"https:\/\/www.cofb.org\/#\/schema\/logo\/image\/"},"sameAs":["https:\/\/www.facebook.com\/farmaceuticsbcn\/","https:\/\/twitter.com\/farmaceuticsbcn","https:\/\/www.instagram.com\/farmaceuticsbcn\/","https:\/\/www.linkedin.com\/company\/farmaceuticsbcn\/"]},{"@type":"Person","@id":"https:\/\/www.cofb.org\/#\/schema\/person\/22ed7eea88da74b0fa4d3154ad87ffcb","name":"wpAdminCofbOrg","image":{"@type":"ImageObject","inLanguage":"ca","@id":"https:\/\/www.cofb.org\/#\/schema\/person\/image\/","url":"https:\/\/secure.gravatar.com\/avatar\/1721b20b3b8ca882c3b56ec6c978c594fff670e40c0718e9190eaeeb76aae7d8?s=96&d=mm&r=g","contentUrl":"https:\/\/secure.gravatar.com\/avatar\/1721b20b3b8ca882c3b56ec6c978c594fff670e40c0718e9190eaeeb76aae7d8?s=96&d=mm&r=g","caption":"wpAdminCofbOrg"},"sameAs":["http:\/\/192.168.64.122\/wordpress"],"url":"https:\/\/www.cofb.org\/ca\/author\/wpadmincofborg\/"}]}},"uagb_featured_image_src":{"full":false,"thumbnail":false,"medium":false,"medium_large":false,"large":false,"1536x1536":false,"2048x2048":false,"trp-custom-language-flag":false},"uagb_author_info":{"display_name":"wpAdminCofbOrg","author_link":"https:\/\/www.cofb.org\/ca\/author\/wpadmincofborg\/"},"uagb_comment_info":0,"uagb_excerpt":"Jordi de Dalmases, deixa la presid\u00e8ncia del Col\u00b7legi de Farmac\u00e8utics de Barcelona, en arribar al final del seu tercer mandat. Abans de cedir el testimoni a la nova junta encap\u00e7alada pel\u00a0\u00a0nou president Jordi Casas, proclamada electa el passat 2 de juliol. Dalmases ha volgut fer un rep\u00e0s de la seva [&hellip;]","_links":{"self":[{"href":"https:\/\/www.cofb.org\/ca\/wp-json\/wp\/v2\/posts\/51544","targetHints":{"allow":["GET"]}}],"collection":[{"href":"https:\/\/www.cofb.org\/ca\/wp-json\/wp\/v2\/posts"}],"about":[{"href":"https:\/\/www.cofb.org\/ca\/wp-json\/wp\/v2\/types\/post"}],"author":[{"embeddable":true,"href":"https:\/\/www.cofb.org\/ca\/wp-json\/wp\/v2\/users\/1"}],"replies":[{"embeddable":true,"href":"https:\/\/www.cofb.org\/ca\/wp-json\/wp\/v2\/comments?post=51544"}],"version-history":[{"count":0,"href":"https:\/\/www.cofb.org\/ca\/wp-json\/wp\/v2\/posts\/51544\/revisions"}],"wp:featuredmedia":[{"embeddable":true,"href":"https:\/\/www.cofb.org\/ca\/wp-json\/"}],"wp:attachment":[{"href":"https:\/\/www.cofb.org\/ca\/wp-json\/wp\/v2\/media?parent=51544"}],"wp:term":[{"taxonomy":"category","embeddable":true,"href":"https:\/\/www.cofb.org\/ca\/wp-json\/wp\/v2\/categories?post=51544"},{"taxonomy":"post_tag","embeddable":true,"href":"https:\/\/www.cofb.org\/ca\/wp-json\/wp\/v2\/tags?post=51544"}],"curies":[{"name":"wp","href":"https:\/\/api.w.org\/{rel}","templated":true}]}}