{"id":51403,"date":"2020-07-01T14:13:28","date_gmt":"2020-07-01T12:13:28","guid":{"rendered":"https:\/\/blog.cofb.cat\/?p=51403"},"modified":"2020-07-01T14:13:28","modified_gmt":"2020-07-01T12:13:28","slug":"agora-sanitaria-i-anefp-posen-en-marxa-un-cataleg-de-videos-formatius-sobre-autocura-en-temps-de-covid-19","status":"publish","type":"post","link":"https:\/\/www.cofb.org\/ca\/2020\/07\/01\/agora-sanitaria-i-anefp-posen-en-marxa-un-cataleg-de-videos-formatius-sobre-autocura-en-temps-de-covid-19\/","title":{"rendered":"\u00c0gora Sanit\u00e0ria i Anefp posen en marxa un cat\u00e0leg de v\u00eddeos formatius sobre autocura en temps de COVID-19"},"content":{"rendered":"<p>L&#8217;<strong>Associaci\u00f3 per a l&#8217;Autocura de la Salut (anefp) i \u00c0gora Sanit\u00e0ria<\/strong>, el portal de formaci\u00f3 online dels Col\u00b7legis de Farmac\u00e8utics de Madrid i Barcelona, han posat en <strong>marxa un cat\u00e0leg de clips formatius anomenat \u201cAutocura en temps de COVID-19\u201d<\/strong>. Aquest espai t\u00e9 com a objectiu <strong>contribuir a la formaci\u00f3 de m\u00e9s de 25.000 farmac\u00e8utics en les categories de medicaments i productes d&#8217;autocura<\/strong>, que adquireixen una gran import\u00e0ncia per a <strong>donar resposta<\/strong>, <strong>des de l&#8217;oficina de farm\u00e0cia<\/strong>, <strong>a les necessitats actuals que tenen els ciutadans derivades d&#8217;aquesta crisi sanit\u00e0ria<\/strong>.<\/p>\n<p><a href=\"https:\/\/blog.cofb.cat\/wp-content\/uploads\/2020\/07\/Agora_Anefp.jpg\"><img fetchpriority=\"high\" decoding=\"async\" class=\"aligncenter size-large wp-image-51407\" src=\"https:\/\/blog.cofb.cat\/wp-content\/uploads\/2020\/07\/Agora_Anefp-1024x713.jpg\" alt=\"\" width=\"620\" height=\"432\" \/><\/a><\/p>\n<h1><span style=\"color: #008080;\"><strong>Quins continguts ofereix l&#8217;espai formatiu?<\/strong><\/span><\/h1>\n<p>Els <strong>continguts d&#8217;aquests clips formatius<\/strong>, presentats <strong>en format v\u00eddeo amb una durada aproximada de deu minuts<\/strong>, han estat elaborats per <strong>experts de m\u00e9s de vint companyies associades a anefp<\/strong>. Podran accedir-hi, de <strong>manera gratu\u00efta<\/strong>, tots els <strong>usuaris registrats a \u00c0gora Sanit\u00e0ria<\/strong>, a trav\u00e9s d web <a href=\"https:\/\/www.agorasanitaria.com\/\" target=\"_blank\" rel=\"noopener\">www.agorasanitaria.com<\/a>. En cadascuna de les <strong>50 p\u00edndoles<\/strong>, que <strong>es publicaran setmanalment<\/strong>, es recullen, entre altres aspectes, la <strong>incid\u00e8ncia de la COVID-19<\/strong> <strong>i recomanacions respecte a les consultes, valor afegit, indicaci\u00f3 farmac\u00e8utica i posicionament, formes de presentaci\u00f3 i exposici\u00f3 a la farm\u00e0cia.<\/strong><\/p>\n<p>El director general de anefp,<strong> Jaume Pey, valora molt positivament la posada en marxa d&#8217;aquesta formaci\u00f3<\/strong>, que <strong>ajudar\u00e0 els professionals farmac\u00e8utics<\/strong>, tant en la seva formaci\u00f3 en relaci\u00f3 amb els medicaments i productes d&#8217;autocura, com en el seu rol d\u2019aconsellar sobre la salut dels ciutadans, i encara m\u00e9s en aquesta <strong>situaci\u00f3 provocada per COVID-19, en la qual la prevenci\u00f3 i l&#8217;autocura s\u00f3n essencials per a la societat.<\/strong><\/p>\n<p><strong>Pilar Varela<\/strong>, vocal de Doc\u00e8ncia del COF de Madrid, assenyala que <strong>la formaci\u00f3 \u00e9s un pilar b\u00e0sic per al farmac\u00e8utic<\/strong>, i que en aquests moments que vivim, <strong>\u00c0gora Sanit\u00e0ria s&#8217;ha erigit com una plataforma clau per a assegurar l&#8217;actualitzaci\u00f3 dels farmac\u00e8utics i la seva capacitaci\u00f3<\/strong> especialment per a afrontar la nova realitat que societat i farm\u00e0cies hem d&#8217;afrontar.<\/p>\n<p>D\u2019altra banda, <strong>Pilar Gasc\u00f3n<\/strong>, vocal de Doc\u00e8ncia del COF de Barcelona, recalca que <strong>la coordinaci\u00f3 i col\u00b7laboraci\u00f3 amb anefp i la ind\u00fastria farmac\u00e8utica \u00e9s avui dia m\u00e9s important que mai<\/strong>. La farm\u00e0cia viu una <strong>situaci\u00f3 excepcional on el consell \u00e9s encara m\u00e9s important<\/strong>, ja que <strong>la societat est\u00e0 m\u00e9s preocupada per la seva salut i l&#8217;autocura s&#8217;ha convertit en una prioritat<\/strong>. <strong>Fer arribar propostes formatives pr\u00e0ctiques i rigoroses es fa indispensable per a mantenir el valor assistencial que la societat espera de nosaltres.<\/strong><\/p>\n<div class=\"box info\"><\/p>\n<h1><span style=\"color: #008080;\"><strong>El paper de la farm\u00e0cia i l&#8217;autocura davant la nova realitat generada per la COVID-19<\/strong><\/span><\/h1>\n<p><strong>El confinament, l&#8217;a\u00efllament i distanciament social, la cura de la pell, el teletreball, la represa de la pr\u00e0ctica esportiva i dels despla\u00e7aments<\/strong> s\u00f3n algunes de les <strong>noves situacions en les quals la farm\u00e0cia i l&#8217;autocura poden tenir un paper rellevant<\/strong>. Concretament, el farmac\u00e8utic pot <strong>oferir consell professional sobre h\u00e0bits, medicaments o productes que poden ajudar en aquesta nova realitat <\/strong>i que poden estar relacionats amb <strong>trastorns del son, falta de vitamines, afeccions dermatol\u00f2giques, la prevenci\u00f3 cardiovascular o la nutrici\u00f3, entre altres.<\/strong><\/p>\n<p><\/div>\n<p><strong>Altres publicacions d&#8217;inter\u00e8s:<\/strong><\/p>\n<ul>\n<li><a href=\"https:\/\/blog.cofb.cat\/processos-venda-consell-actiu-farmacia-satisfer-necessitats-client-pacient\/\" target=\"_blank\" rel=\"noopener\">Processos de venda: Consell actiu des de la farm\u00e0cia per satisfer les necessitats del client\/pacient (Novembre 2019)<\/a><\/li>\n<li><a href=\"https:\/\/blog.cofb.cat\/presentacio-nova-formacio-cofb-anefp-sobre-processos-venda-consell-actiu-conferencia-nou-consumidor-lera-digital\/\" target=\"_blank\" rel=\"noopener\">Presentaci\u00f3 de la nova formaci\u00f3 del COFB i anefp sobre processos de venda i consell actiu, amb la confer\u00e8ncia \u201cEl nou consumidor en l\u2019era digital\u201d (Juliol 2019)<\/a><\/li>\n<\/ul>\n","protected":false},"excerpt":{"rendered":"<p>L&#8217;Associaci\u00f3 per a l&#8217;Autocura de la Salut (anefp) i \u00c0gora Sanit\u00e0ria, el portal de formaci\u00f3 online dels Col\u00b7legis de Farmac\u00e8utics de Madrid i Barcelona, han posat en marxa un cat\u00e0leg de clips formatius anomenat \u201cAutocura en temps de COVID-19\u201d. Aquest espai t\u00e9 com a objectiu contribuir a la formaci\u00f3 de [&hellip;]<\/p>\n","protected":false},"author":1,"featured_media":51407,"comment_status":"open","ping_status":"open","sticky":false,"template":"","format":"standard","meta":{"_uag_custom_page_level_css":"","site-sidebar-layout":"default","site-content-layout":"","ast-site-content-layout":"default","site-content-style":"default","site-sidebar-style":"default","ast-global-header-display":"","ast-banner-title-visibility":"","ast-main-header-display":"","ast-hfb-above-header-display":"","ast-hfb-below-header-display":"","ast-hfb-mobile-header-display":"","site-post-title":"","ast-breadcrumbs-content":"","ast-featured-img":"disabled","footer-sml-layout":"","theme-transparent-header-meta":"","adv-header-id-meta":"","stick-header-meta":"","header-above-stick-meta":"","header-main-stick-meta":"","header-below-stick-meta":"","astra-migrate-meta-layouts":"default","ast-page-background-enabled":"default","ast-page-background-meta":{"desktop":{"background-color":"var(--ast-global-color-4)","background-image":"","background-repeat":"repeat","background-position":"center center","background-size":"auto","background-attachment":"scroll","background-type":"","background-media":"","overlay-type":"","overlay-color":"","overlay-opacity":"","overlay-gradient":""},"tablet":{"background-color":"","background-image":"","background-repeat":"repeat","background-position":"center center","background-size":"auto","background-attachment":"scroll","background-type":"","background-media":"","overlay-type":"","overlay-color":"","overlay-opacity":"","overlay-gradient":""},"mobile":{"background-color":"","background-image":"","background-repeat":"repeat","background-position":"center center","background-size":"auto","background-attachment":"scroll","background-type":"","background-media":"","overlay-type":"","overlay-color":"","overlay-opacity":"","overlay-gradient":""}},"ast-content-background-meta":{"desktop":{"background-color":"var(--ast-global-color-5)","background-image":"","background-repeat":"repeat","background-position":"center center","background-size":"auto","background-attachment":"scroll","background-type":"","background-media":"","overlay-type":"","overlay-color":"","overlay-opacity":"","overlay-gradient":""},"tablet":{"background-color":"var(--ast-global-color-5)","background-image":"","background-repeat":"repeat","background-position":"center center","background-size":"auto","background-attachment":"scroll","background-type":"","background-media":"","overlay-type":"","overlay-color":"","overlay-opacity":"","overlay-gradient":""},"mobile":{"background-color":"var(--ast-global-color-5)","background-image":"","background-repeat":"repeat","background-position":"center center","background-size":"auto","background-attachment":"scroll","background-type":"","background-media":"","overlay-type":"","overlay-color":"","overlay-opacity":"","overlay-gradient":""}},"footnotes":""},"categories":[23,57],"tags":[109,985,908,4197,18,110,19,591,3629,4198,469,90,4199,53,70,4200,2263,262,263,4201,523,117],"class_list":["post-51403","post","type-post","status-publish","format-standard","has-post-thumbnail","hentry","category-destacats","category-mon-collegial","tag-agora-sanitaria","tag-anefp","tag-autocura","tag-autocura-de-la-salut","tag-cofb","tag-cofm","tag-collegi-de-farmaceutics-de-barcelona","tag-collegi-de-farmaceutics-de-madrid","tag-consell-actiu","tag-consells-sobre-salut","tag-coronavirus","tag-covid-19","tag-espai-formatiu","tag-farmaceutics","tag-formacio","tag-formacio-sanitaria","tag-formacio-sanitaria-virtual","tag-oficines-de-farmacia","tag-paper-dels-farmaceutics","tag-portal-de-formacio-online","tag-professionals-sanitaris","tag-salut"],"yoast_head":"<!-- This site is optimized with the Yoast SEO plugin v22.4 - https:\/\/yoast.com\/wordpress\/plugins\/seo\/ -->\n<title>\u00c0gora Sanit\u00e0ria i Anefp posen en marxa un cat\u00e0leg de v\u00eddeos formatius sobre autocura en temps de COVID-19 - Col\u00b7legi de Farmac\u00e8utics de Barcelona<\/title>\n<meta name=\"description\" content=\"L&#039;Associaci\u00f3 per a l&#039;Autocura de la Salut (anefp) i \u00c0gora Sanit\u00e0ria, el portal de formaci\u00f3 online dels Col\u00b7legis de Farmac\u00e8utics de Madrid i Barcelona, han posat en marxa un cat\u00e0leg de clips formatius anomenat \u201cAutocura en temps de COVID-19\u201d.\" \/>\n<meta name=\"robots\" content=\"index, follow, max-snippet:-1, max-image-preview:large, max-video-preview:-1\" \/>\n<link rel=\"canonical\" href=\"https:\/\/novaorg.cofb.net\/2020\/07\/01\/agora-sanitaria-i-anefp-posen-en-marxa-un-cataleg-de-videos-formatius-sobre-autocura-en-temps-de-covid-19\/\" \/>\n<meta property=\"og:locale\" content=\"ca_ES\" \/>\n<meta property=\"og:type\" content=\"article\" \/>\n<meta property=\"og:title\" content=\"\u00c0gora Sanit\u00e0ria i Anefp posen en marxa un cat\u00e0leg de v\u00eddeos formatius sobre autocura en temps de COVID-19 - Col\u00b7legi de Farmac\u00e8utics de Barcelona\" \/>\n<meta property=\"og:description\" content=\"L&#039;Associaci\u00f3 per a l&#039;Autocura de la Salut (anefp) i \u00c0gora Sanit\u00e0ria, el portal de formaci\u00f3 online dels Col\u00b7legis de Farmac\u00e8utics de Madrid i Barcelona, han posat en marxa un cat\u00e0leg de clips formatius anomenat \u201cAutocura en temps de COVID-19\u201d.\" \/>\n<meta property=\"og:url\" content=\"https:\/\/novaorg.cofb.net\/2020\/07\/01\/agora-sanitaria-i-anefp-posen-en-marxa-un-cataleg-de-videos-formatius-sobre-autocura-en-temps-de-covid-19\/\" \/>\n<meta property=\"og:site_name\" content=\"Col\u00b7legi de Farmac\u00e8utics de Barcelona\" \/>\n<meta property=\"article:publisher\" content=\"https:\/\/www.facebook.com\/farmaceuticsbcn\/\" \/>\n<meta property=\"article:published_time\" content=\"2020-07-01T12:13:28+00:00\" \/>\n<meta name=\"author\" content=\"wpAdminCofbOrg\" \/>\n<meta name=\"twitter:card\" content=\"summary_large_image\" \/>\n<meta name=\"twitter:creator\" content=\"@farmaceuticsbcn\" \/>\n<meta name=\"twitter:site\" content=\"@farmaceuticsbcn\" \/>\n<meta name=\"twitter:label1\" content=\"Escrit per\" \/>\n\t<meta name=\"twitter:data1\" content=\"wpAdminCofbOrg\" \/>\n\t<meta name=\"twitter:label2\" content=\"Temps estimat de lectura\" \/>\n\t<meta name=\"twitter:data2\" content=\"3 minuts\" \/>\n<script type=\"application\/ld+json\" class=\"yoast-schema-graph\">{\"@context\":\"https:\/\/schema.org\",\"@graph\":[{\"@type\":\"Article\",\"@id\":\"https:\/\/novaorg.cofb.net\/2020\/07\/01\/agora-sanitaria-i-anefp-posen-en-marxa-un-cataleg-de-videos-formatius-sobre-autocura-en-temps-de-covid-19\/#article\",\"isPartOf\":{\"@id\":\"https:\/\/novaorg.cofb.net\/2020\/07\/01\/agora-sanitaria-i-anefp-posen-en-marxa-un-cataleg-de-videos-formatius-sobre-autocura-en-temps-de-covid-19\/\"},\"author\":{\"name\":\"wpAdminCofbOrg\",\"@id\":\"https:\/\/www.cofb.org\/#\/schema\/person\/22ed7eea88da74b0fa4d3154ad87ffcb\"},\"headline\":\"\u00c0gora Sanit\u00e0ria i Anefp posen en marxa un cat\u00e0leg de v\u00eddeos formatius sobre autocura en temps de COVID-19\",\"datePublished\":\"2020-07-01T12:13:28+00:00\",\"dateModified\":\"2020-07-01T12:13:28+00:00\",\"mainEntityOfPage\":{\"@id\":\"https:\/\/novaorg.cofb.net\/2020\/07\/01\/agora-sanitaria-i-anefp-posen-en-marxa-un-cataleg-de-videos-formatius-sobre-autocura-en-temps-de-covid-19\/\"},\"wordCount\":625,\"commentCount\":0,\"publisher\":{\"@id\":\"https:\/\/www.cofb.org\/#organization\"},\"image\":{\"@id\":\"https:\/\/novaorg.cofb.net\/2020\/07\/01\/agora-sanitaria-i-anefp-posen-en-marxa-un-cataleg-de-videos-formatius-sobre-autocura-en-temps-de-covid-19\/#primaryimage\"},\"thumbnailUrl\":\"\",\"keywords\":[\"\u00c1gora Sanitaria\",\"anefp\",\"autocura\",\"autocura de la salut\",\"COFB\",\"COFM\",\"Col\u00b7legi de Farmac\u00e8utics de Barcelona\",\"Col\u00b7legi de Farmac\u00e8utics de Madrid\",\"consell actiu\",\"consells sobre salut\",\"coronavirus\",\"COVID-19\",\"espai formatiu\",\"farmac\u00e8utics\",\"Formaci\u00f3\",\"formaci\u00f3 sanit\u00e0ria\",\"formaci\u00f3 sanit\u00e0ria virtual\",\"oficines de farm\u00e0cia\",\"paper dels farmac\u00e8utics\",\"portal de formaci\u00f3 online\",\"professionals sanitaris\",\"salut\"],\"articleSection\":[\"Destacats\",\"M\u00f3n col\u00b7legial\"],\"inLanguage\":\"ca\",\"potentialAction\":[{\"@type\":\"CommentAction\",\"name\":\"Comment\",\"target\":[\"https:\/\/novaorg.cofb.net\/2020\/07\/01\/agora-sanitaria-i-anefp-posen-en-marxa-un-cataleg-de-videos-formatius-sobre-autocura-en-temps-de-covid-19\/#respond\"]}]},{\"@type\":\"WebPage\",\"@id\":\"https:\/\/novaorg.cofb.net\/2020\/07\/01\/agora-sanitaria-i-anefp-posen-en-marxa-un-cataleg-de-videos-formatius-sobre-autocura-en-temps-de-covid-19\/\",\"url\":\"https:\/\/novaorg.cofb.net\/2020\/07\/01\/agora-sanitaria-i-anefp-posen-en-marxa-un-cataleg-de-videos-formatius-sobre-autocura-en-temps-de-covid-19\/\",\"name\":\"\u00c0gora Sanit\u00e0ria i Anefp posen en marxa un cat\u00e0leg de v\u00eddeos formatius sobre autocura en temps de COVID-19 - Col\u00b7legi de Farmac\u00e8utics de Barcelona\",\"isPartOf\":{\"@id\":\"https:\/\/www.cofb.org\/#website\"},\"primaryImageOfPage\":{\"@id\":\"https:\/\/novaorg.cofb.net\/2020\/07\/01\/agora-sanitaria-i-anefp-posen-en-marxa-un-cataleg-de-videos-formatius-sobre-autocura-en-temps-de-covid-19\/#primaryimage\"},\"image\":{\"@id\":\"https:\/\/novaorg.cofb.net\/2020\/07\/01\/agora-sanitaria-i-anefp-posen-en-marxa-un-cataleg-de-videos-formatius-sobre-autocura-en-temps-de-covid-19\/#primaryimage\"},\"thumbnailUrl\":\"\",\"datePublished\":\"2020-07-01T12:13:28+00:00\",\"dateModified\":\"2020-07-01T12:13:28+00:00\",\"description\":\"L'Associaci\u00f3 per a l'Autocura de la Salut (anefp) i \u00c0gora Sanit\u00e0ria, el portal de formaci\u00f3 online dels Col\u00b7legis de Farmac\u00e8utics de Madrid i Barcelona, han posat en marxa un cat\u00e0leg de clips formatius anomenat \u201cAutocura en temps de COVID-19\u201d.\",\"breadcrumb\":{\"@id\":\"https:\/\/novaorg.cofb.net\/2020\/07\/01\/agora-sanitaria-i-anefp-posen-en-marxa-un-cataleg-de-videos-formatius-sobre-autocura-en-temps-de-covid-19\/#breadcrumb\"},\"inLanguage\":\"ca\",\"potentialAction\":[{\"@type\":\"ReadAction\",\"target\":[\"https:\/\/novaorg.cofb.net\/2020\/07\/01\/agora-sanitaria-i-anefp-posen-en-marxa-un-cataleg-de-videos-formatius-sobre-autocura-en-temps-de-covid-19\/\"]}]},{\"@type\":\"ImageObject\",\"inLanguage\":\"ca\",\"@id\":\"https:\/\/novaorg.cofb.net\/2020\/07\/01\/agora-sanitaria-i-anefp-posen-en-marxa-un-cataleg-de-videos-formatius-sobre-autocura-en-temps-de-covid-19\/#primaryimage\",\"url\":\"\",\"contentUrl\":\"\"},{\"@type\":\"BreadcrumbList\",\"@id\":\"https:\/\/novaorg.cofb.net\/2020\/07\/01\/agora-sanitaria-i-anefp-posen-en-marxa-un-cataleg-de-videos-formatius-sobre-autocura-en-temps-de-covid-19\/#breadcrumb\",\"itemListElement\":[{\"@type\":\"ListItem\",\"position\":1,\"name\":\"Inici\",\"item\":\"https:\/\/novaorg.cofb.net\/\"},{\"@type\":\"ListItem\",\"position\":2,\"name\":\"\u00c0gora Sanit\u00e0ria i Anefp posen en marxa un cat\u00e0leg de v\u00eddeos formatius sobre autocura en temps de COVID-19\"}]},{\"@type\":\"WebSite\",\"@id\":\"https:\/\/www.cofb.org\/#website\",\"url\":\"https:\/\/www.cofb.org\/\",\"name\":\"Col\u00b7legi de Farmac\u00e8utics de Barcelona\",\"description\":\"\",\"publisher\":{\"@id\":\"https:\/\/www.cofb.org\/#organization\"},\"potentialAction\":[{\"@type\":\"SearchAction\",\"target\":{\"@type\":\"EntryPoint\",\"urlTemplate\":\"https:\/\/www.cofb.org\/?s={search_term_string}\"},\"query-input\":\"required name=search_term_string\"}],\"inLanguage\":\"ca\"},{\"@type\":\"Organization\",\"@id\":\"https:\/\/www.cofb.org\/#organization\",\"name\":\"Col\u00b7legi de Farmac\u00e8utics de Barcelona\",\"url\":\"https:\/\/www.cofb.org\/\",\"logo\":{\"@type\":\"ImageObject\",\"inLanguage\":\"ca\",\"@id\":\"https:\/\/www.cofb.org\/#\/schema\/logo\/image\/\",\"url\":\"https:\/\/www.cofb.org\/wp-content\/uploads\/2023\/11\/cropped-Logotip-COFB.png\",\"contentUrl\":\"https:\/\/www.cofb.org\/wp-content\/uploads\/2023\/11\/cropped-Logotip-COFB.png\",\"width\":500,\"height\":105,\"caption\":\"Col\u00b7legi de Farmac\u00e8utics de Barcelona\"},\"image\":{\"@id\":\"https:\/\/www.cofb.org\/#\/schema\/logo\/image\/\"},\"sameAs\":[\"https:\/\/www.facebook.com\/farmaceuticsbcn\/\",\"https:\/\/twitter.com\/farmaceuticsbcn\",\"https:\/\/www.instagram.com\/farmaceuticsbcn\/\",\"https:\/\/www.linkedin.com\/company\/farmaceuticsbcn\/\"]},{\"@type\":\"Person\",\"@id\":\"https:\/\/www.cofb.org\/#\/schema\/person\/22ed7eea88da74b0fa4d3154ad87ffcb\",\"name\":\"wpAdminCofbOrg\",\"image\":{\"@type\":\"ImageObject\",\"inLanguage\":\"ca\",\"@id\":\"https:\/\/www.cofb.org\/#\/schema\/person\/image\/\",\"url\":\"https:\/\/secure.gravatar.com\/avatar\/1721b20b3b8ca882c3b56ec6c978c594fff670e40c0718e9190eaeeb76aae7d8?s=96&d=mm&r=g\",\"contentUrl\":\"https:\/\/secure.gravatar.com\/avatar\/1721b20b3b8ca882c3b56ec6c978c594fff670e40c0718e9190eaeeb76aae7d8?s=96&d=mm&r=g\",\"caption\":\"wpAdminCofbOrg\"},\"sameAs\":[\"http:\/\/192.168.64.122\/wordpress\"],\"url\":\"https:\/\/www.cofb.org\/ca\/author\/wpadmincofborg\/\"}]}<\/script>\n<!-- \/ Yoast SEO plugin. -->","yoast_head_json":{"title":"\u00c0gora Sanit\u00e0ria i Anefp posen en marxa un cat\u00e0leg de v\u00eddeos formatius sobre autocura en temps de COVID-19 - Col\u00b7legi de Farmac\u00e8utics de Barcelona","description":"L'Associaci\u00f3 per a l'Autocura de la Salut (anefp) i \u00c0gora Sanit\u00e0ria, el portal de formaci\u00f3 online dels Col\u00b7legis de Farmac\u00e8utics de Madrid i Barcelona, han posat en marxa un cat\u00e0leg de clips formatius anomenat \u201cAutocura en temps de COVID-19\u201d.","robots":{"index":"index","follow":"follow","max-snippet":"max-snippet:-1","max-image-preview":"max-image-preview:large","max-video-preview":"max-video-preview:-1"},"canonical":"https:\/\/novaorg.cofb.net\/2020\/07\/01\/agora-sanitaria-i-anefp-posen-en-marxa-un-cataleg-de-videos-formatius-sobre-autocura-en-temps-de-covid-19\/","og_locale":"ca_ES","og_type":"article","og_title":"\u00c0gora Sanit\u00e0ria i Anefp posen en marxa un cat\u00e0leg de v\u00eddeos formatius sobre autocura en temps de COVID-19 - Col\u00b7legi de Farmac\u00e8utics de Barcelona","og_description":"L'Associaci\u00f3 per a l'Autocura de la Salut (anefp) i \u00c0gora Sanit\u00e0ria, el portal de formaci\u00f3 online dels Col\u00b7legis de Farmac\u00e8utics de Madrid i Barcelona, han posat en marxa un cat\u00e0leg de clips formatius anomenat \u201cAutocura en temps de COVID-19\u201d.","og_url":"https:\/\/novaorg.cofb.net\/2020\/07\/01\/agora-sanitaria-i-anefp-posen-en-marxa-un-cataleg-de-videos-formatius-sobre-autocura-en-temps-de-covid-19\/","og_site_name":"Col\u00b7legi de Farmac\u00e8utics de Barcelona","article_publisher":"https:\/\/www.facebook.com\/farmaceuticsbcn\/","article_published_time":"2020-07-01T12:13:28+00:00","author":"wpAdminCofbOrg","twitter_card":"summary_large_image","twitter_creator":"@farmaceuticsbcn","twitter_site":"@farmaceuticsbcn","twitter_misc":{"Escrit per":"wpAdminCofbOrg","Temps estimat de lectura":"3 minuts"},"schema":{"@context":"https:\/\/schema.org","@graph":[{"@type":"Article","@id":"https:\/\/novaorg.cofb.net\/2020\/07\/01\/agora-sanitaria-i-anefp-posen-en-marxa-un-cataleg-de-videos-formatius-sobre-autocura-en-temps-de-covid-19\/#article","isPartOf":{"@id":"https:\/\/novaorg.cofb.net\/2020\/07\/01\/agora-sanitaria-i-anefp-posen-en-marxa-un-cataleg-de-videos-formatius-sobre-autocura-en-temps-de-covid-19\/"},"author":{"name":"wpAdminCofbOrg","@id":"https:\/\/www.cofb.org\/#\/schema\/person\/22ed7eea88da74b0fa4d3154ad87ffcb"},"headline":"\u00c0gora Sanit\u00e0ria i Anefp posen en marxa un cat\u00e0leg de v\u00eddeos formatius sobre autocura en temps de COVID-19","datePublished":"2020-07-01T12:13:28+00:00","dateModified":"2020-07-01T12:13:28+00:00","mainEntityOfPage":{"@id":"https:\/\/novaorg.cofb.net\/2020\/07\/01\/agora-sanitaria-i-anefp-posen-en-marxa-un-cataleg-de-videos-formatius-sobre-autocura-en-temps-de-covid-19\/"},"wordCount":625,"commentCount":0,"publisher":{"@id":"https:\/\/www.cofb.org\/#organization"},"image":{"@id":"https:\/\/novaorg.cofb.net\/2020\/07\/01\/agora-sanitaria-i-anefp-posen-en-marxa-un-cataleg-de-videos-formatius-sobre-autocura-en-temps-de-covid-19\/#primaryimage"},"thumbnailUrl":"","keywords":["\u00c1gora Sanitaria","anefp","autocura","autocura de la salut","COFB","COFM","Col\u00b7legi de Farmac\u00e8utics de Barcelona","Col\u00b7legi de Farmac\u00e8utics de Madrid","consell actiu","consells sobre salut","coronavirus","COVID-19","espai formatiu","farmac\u00e8utics","Formaci\u00f3","formaci\u00f3 sanit\u00e0ria","formaci\u00f3 sanit\u00e0ria virtual","oficines de farm\u00e0cia","paper dels farmac\u00e8utics","portal de formaci\u00f3 online","professionals sanitaris","salut"],"articleSection":["Destacats","M\u00f3n col\u00b7legial"],"inLanguage":"ca","potentialAction":[{"@type":"CommentAction","name":"Comment","target":["https:\/\/novaorg.cofb.net\/2020\/07\/01\/agora-sanitaria-i-anefp-posen-en-marxa-un-cataleg-de-videos-formatius-sobre-autocura-en-temps-de-covid-19\/#respond"]}]},{"@type":"WebPage","@id":"https:\/\/novaorg.cofb.net\/2020\/07\/01\/agora-sanitaria-i-anefp-posen-en-marxa-un-cataleg-de-videos-formatius-sobre-autocura-en-temps-de-covid-19\/","url":"https:\/\/novaorg.cofb.net\/2020\/07\/01\/agora-sanitaria-i-anefp-posen-en-marxa-un-cataleg-de-videos-formatius-sobre-autocura-en-temps-de-covid-19\/","name":"\u00c0gora Sanit\u00e0ria i Anefp posen en marxa un cat\u00e0leg de v\u00eddeos formatius sobre autocura en temps de COVID-19 - Col\u00b7legi de Farmac\u00e8utics de Barcelona","isPartOf":{"@id":"https:\/\/www.cofb.org\/#website"},"primaryImageOfPage":{"@id":"https:\/\/novaorg.cofb.net\/2020\/07\/01\/agora-sanitaria-i-anefp-posen-en-marxa-un-cataleg-de-videos-formatius-sobre-autocura-en-temps-de-covid-19\/#primaryimage"},"image":{"@id":"https:\/\/novaorg.cofb.net\/2020\/07\/01\/agora-sanitaria-i-anefp-posen-en-marxa-un-cataleg-de-videos-formatius-sobre-autocura-en-temps-de-covid-19\/#primaryimage"},"thumbnailUrl":"","datePublished":"2020-07-01T12:13:28+00:00","dateModified":"2020-07-01T12:13:28+00:00","description":"L'Associaci\u00f3 per a l'Autocura de la Salut (anefp) i \u00c0gora Sanit\u00e0ria, el portal de formaci\u00f3 online dels Col\u00b7legis de Farmac\u00e8utics de Madrid i Barcelona, han posat en marxa un cat\u00e0leg de clips formatius anomenat \u201cAutocura en temps de COVID-19\u201d.","breadcrumb":{"@id":"https:\/\/novaorg.cofb.net\/2020\/07\/01\/agora-sanitaria-i-anefp-posen-en-marxa-un-cataleg-de-videos-formatius-sobre-autocura-en-temps-de-covid-19\/#breadcrumb"},"inLanguage":"ca","potentialAction":[{"@type":"ReadAction","target":["https:\/\/novaorg.cofb.net\/2020\/07\/01\/agora-sanitaria-i-anefp-posen-en-marxa-un-cataleg-de-videos-formatius-sobre-autocura-en-temps-de-covid-19\/"]}]},{"@type":"ImageObject","inLanguage":"ca","@id":"https:\/\/novaorg.cofb.net\/2020\/07\/01\/agora-sanitaria-i-anefp-posen-en-marxa-un-cataleg-de-videos-formatius-sobre-autocura-en-temps-de-covid-19\/#primaryimage","url":"","contentUrl":""},{"@type":"BreadcrumbList","@id":"https:\/\/novaorg.cofb.net\/2020\/07\/01\/agora-sanitaria-i-anefp-posen-en-marxa-un-cataleg-de-videos-formatius-sobre-autocura-en-temps-de-covid-19\/#breadcrumb","itemListElement":[{"@type":"ListItem","position":1,"name":"Inici","item":"https:\/\/novaorg.cofb.net\/"},{"@type":"ListItem","position":2,"name":"\u00c0gora Sanit\u00e0ria i Anefp posen en marxa un cat\u00e0leg de v\u00eddeos formatius sobre autocura en temps de COVID-19"}]},{"@type":"WebSite","@id":"https:\/\/www.cofb.org\/#website","url":"https:\/\/www.cofb.org\/","name":"Col\u00b7legi de Farmac\u00e8utics de Barcelona","description":"","publisher":{"@id":"https:\/\/www.cofb.org\/#organization"},"potentialAction":[{"@type":"SearchAction","target":{"@type":"EntryPoint","urlTemplate":"https:\/\/www.cofb.org\/?s={search_term_string}"},"query-input":"required name=search_term_string"}],"inLanguage":"ca"},{"@type":"Organization","@id":"https:\/\/www.cofb.org\/#organization","name":"Col\u00b7legi de Farmac\u00e8utics de Barcelona","url":"https:\/\/www.cofb.org\/","logo":{"@type":"ImageObject","inLanguage":"ca","@id":"https:\/\/www.cofb.org\/#\/schema\/logo\/image\/","url":"https:\/\/www.cofb.org\/wp-content\/uploads\/2023\/11\/cropped-Logotip-COFB.png","contentUrl":"https:\/\/www.cofb.org\/wp-content\/uploads\/2023\/11\/cropped-Logotip-COFB.png","width":500,"height":105,"caption":"Col\u00b7legi de Farmac\u00e8utics de Barcelona"},"image":{"@id":"https:\/\/www.cofb.org\/#\/schema\/logo\/image\/"},"sameAs":["https:\/\/www.facebook.com\/farmaceuticsbcn\/","https:\/\/twitter.com\/farmaceuticsbcn","https:\/\/www.instagram.com\/farmaceuticsbcn\/","https:\/\/www.linkedin.com\/company\/farmaceuticsbcn\/"]},{"@type":"Person","@id":"https:\/\/www.cofb.org\/#\/schema\/person\/22ed7eea88da74b0fa4d3154ad87ffcb","name":"wpAdminCofbOrg","image":{"@type":"ImageObject","inLanguage":"ca","@id":"https:\/\/www.cofb.org\/#\/schema\/person\/image\/","url":"https:\/\/secure.gravatar.com\/avatar\/1721b20b3b8ca882c3b56ec6c978c594fff670e40c0718e9190eaeeb76aae7d8?s=96&d=mm&r=g","contentUrl":"https:\/\/secure.gravatar.com\/avatar\/1721b20b3b8ca882c3b56ec6c978c594fff670e40c0718e9190eaeeb76aae7d8?s=96&d=mm&r=g","caption":"wpAdminCofbOrg"},"sameAs":["http:\/\/192.168.64.122\/wordpress"],"url":"https:\/\/www.cofb.org\/ca\/author\/wpadmincofborg\/"}]}},"uagb_featured_image_src":{"full":false,"thumbnail":false,"medium":false,"medium_large":false,"large":false,"1536x1536":false,"2048x2048":false,"trp-custom-language-flag":false},"uagb_author_info":{"display_name":"wpAdminCofbOrg","author_link":"https:\/\/www.cofb.org\/ca\/author\/wpadmincofborg\/"},"uagb_comment_info":0,"uagb_excerpt":"L&#8217;Associaci\u00f3 per a l&#8217;Autocura de la Salut (anefp) i \u00c0gora Sanit\u00e0ria, el portal de formaci\u00f3 online dels Col\u00b7legis de Farmac\u00e8utics de Madrid i Barcelona, han posat en marxa un cat\u00e0leg de clips formatius anomenat \u201cAutocura en temps de COVID-19\u201d. Aquest espai t\u00e9 com a objectiu contribuir a la formaci\u00f3 de [&hellip;]","_links":{"self":[{"href":"https:\/\/www.cofb.org\/ca\/wp-json\/wp\/v2\/posts\/51403","targetHints":{"allow":["GET"]}}],"collection":[{"href":"https:\/\/www.cofb.org\/ca\/wp-json\/wp\/v2\/posts"}],"about":[{"href":"https:\/\/www.cofb.org\/ca\/wp-json\/wp\/v2\/types\/post"}],"author":[{"embeddable":true,"href":"https:\/\/www.cofb.org\/ca\/wp-json\/wp\/v2\/users\/1"}],"replies":[{"embeddable":true,"href":"https:\/\/www.cofb.org\/ca\/wp-json\/wp\/v2\/comments?post=51403"}],"version-history":[{"count":0,"href":"https:\/\/www.cofb.org\/ca\/wp-json\/wp\/v2\/posts\/51403\/revisions"}],"wp:featuredmedia":[{"embeddable":true,"href":"https:\/\/www.cofb.org\/ca\/wp-json\/"}],"wp:attachment":[{"href":"https:\/\/www.cofb.org\/ca\/wp-json\/wp\/v2\/media?parent=51403"}],"wp:term":[{"taxonomy":"category","embeddable":true,"href":"https:\/\/www.cofb.org\/ca\/wp-json\/wp\/v2\/categories?post=51403"},{"taxonomy":"post_tag","embeddable":true,"href":"https:\/\/www.cofb.org\/ca\/wp-json\/wp\/v2\/tags?post=51403"}],"curies":[{"name":"wp","href":"https:\/\/api.w.org\/{rel}","templated":true}]}}